{"id":1649,"date":"2024-08-14T15:00:00","date_gmt":"2024-08-14T13:00:00","guid":{"rendered":"https:\/\/costablanca-magazin.com\/?p=1649"},"modified":"2026-07-08T07:21:33","modified_gmt":"2026-07-08T05:21:33","slug":"les-comarques-de-la-costa-blanca","status":"publish","type":"post","link":"https:\/\/costablanca-magazin.com\/fr\/lokales\/infos\/die-comarcas-der-costa-blanca\/","title":{"rendered":"Les comarques de la Costa Blanca"},"content":{"rendered":"<div data-elementor-type=\"wp-post\" data-elementor-id=\"1649\" class=\"elementor elementor-1649\" data-elementor-post-type=\"post\">\n\t\t\t\t<div class=\"elementor-element elementor-element-9482f05 e-flex e-con-boxed e-con e-parent\" data-id=\"9482f05\" data-element_type=\"container\" data-e-type=\"container\">\n\t\t\t\t\t<div class=\"e-con-inner\">\n\t\t\t\t<div class=\"elementor-element elementor-element-b7a1369 elementor-widget elementor-widget-heading\" data-id=\"b7a1369\" data-element_type=\"widget\" data-e-type=\"widget\" data-widget_type=\"heading.default\">\n\t\t\t\t<div class=\"elementor-widget-container\">\n\t\t\t\t\t<h1 class=\"elementor-heading-title elementor-size-default\">Die Comarcas \nder Costa Blanca - Ein \u00dcberblick \u00fcber die Region<\/h1>\t\t\t\t<\/div>\n\t\t\t\t<\/div>\n\t\t\t\t\t<\/div>\n\t\t\t\t<\/div>\n\t\t<div class=\"elementor-element elementor-element-b2302b3 e-flex e-con-boxed e-con e-parent\" data-id=\"b2302b3\" data-element_type=\"container\" data-e-type=\"container\">\n\t\t\t\t\t<div class=\"e-con-inner\">\n\t\t<div class=\"elementor-element elementor-element-dbdbe91 e-con-full e-flex e-con e-child\" data-id=\"dbdbe91\" data-element_type=\"container\" data-e-type=\"container\">\n\t\t\t\t<div class=\"elementor-element elementor-element-f3da0d6 elementor-widget elementor-widget-image\" data-id=\"f3da0d6\" data-element_type=\"widget\" data-e-type=\"widget\" data-widget_type=\"image.default\">\n\t\t\t\t<div class=\"elementor-widget-container\">\n\t\t\t\t\t\t\t\t\t\t\t\t\t\t\t<img fetchpriority=\"high\" decoding=\"async\" width=\"800\" height=\"291\" src=\"https:\/\/costablanca-magazin.com\/wp-content\/uploads\/2024\/08\/aerial-drone-view-of-la-vila-joiosa-villajoyosa-2023-11-27-05-06-26-utc-1024x373.jpg\" class=\"attachment-large size-large wp-image-1650\" alt=\"Les comarques de la Costa Blanca\" srcset=\"https:\/\/costablanca-magazin.com\/wp-content\/uploads\/2024\/08\/aerial-drone-view-of-la-vila-joiosa-villajoyosa-2023-11-27-05-06-26-utc-1024x373.jpg 1024w, https:\/\/costablanca-magazin.com\/wp-content\/uploads\/2024\/08\/aerial-drone-view-of-la-vila-joiosa-villajoyosa-2023-11-27-05-06-26-utc-300x109.jpg 300w, https:\/\/costablanca-magazin.com\/wp-content\/uploads\/2024\/08\/aerial-drone-view-of-la-vila-joiosa-villajoyosa-2023-11-27-05-06-26-utc-768x280.jpg 768w, https:\/\/costablanca-magazin.com\/wp-content\/uploads\/2024\/08\/aerial-drone-view-of-la-vila-joiosa-villajoyosa-2023-11-27-05-06-26-utc.jpg 1200w\" sizes=\"(max-width: 800px) 100vw, 800px\" \/>\t\t\t\t\t\t\t\t\t\t\t\t\t\t\t<\/div>\n\t\t\t\t<\/div>\n\t\t\t\t<div class=\"elementor-element elementor-element-6c75935 elementor-widget elementor-widget-text-editor\" data-id=\"6c75935\" data-element_type=\"widget\" data-e-type=\"widget\" data-widget_type=\"text-editor.default\">\n\t\t\t\t<div class=\"elementor-widget-container\">\n\t\t\t\t\t\t\t\t\t<p>La Costa Blanca, qui s'\u00e9tend le long de la c\u00f4te m\u00e9diterran\u00e9enne orientale de l'Espagne, est divis\u00e9e en diff\u00e9rentes comarcas, chacune pr\u00e9sentant ses propres particularit\u00e9s et caract\u00e9ristiques. Deux des comarques les plus connues de cette r\u00e9gion sont la Marina Baja et la Marina Alta. Cet article pr\u00e9sente les principales comarques de la Costa Blanca et met l'accent sur les diff\u00e9rences et les particularit\u00e9s de la Marina Baja et de la Marina Alta, ainsi que sur les traditions et les f\u00eates typiques de la r\u00e9gion.<\/p><p style=\"text-align: left;\">La Costa Blanca est divis\u00e9e en plusieurs comarques, parmi lesquelles :<\/p><p>\u25b6 <strong>Marina Baja<\/strong><br \/><strong>\u25b6 Marina Alta<\/strong><br \/><strong>\u25b6 L\u2019Alacant\u00ed<\/strong><br \/><strong>\u25b6 Le Baix Vinalop\u00f3<\/strong><br \/><strong>\u25b6 El Baix Segura (Vega Baja)<\/strong><br \/><strong>\u25b6 El Comtat<\/strong><br \/><strong>\u25b6 L\u2019Alcoi\u00e0<\/strong><br \/><strong>\u25b6 La Marina<\/strong><\/p>\t\t\t\t\t\t\t\t<\/div>\n\t\t\t\t<\/div>\n\t\t\t\t<div class=\"elementor-element elementor-element-6b32ede elementor-widget elementor-widget-image\" data-id=\"6b32ede\" data-element_type=\"widget\" data-e-type=\"widget\" data-widget_type=\"image.default\">\n\t\t\t\t<div class=\"elementor-widget-container\">\n\t\t\t\t\t\t\t\t\t\t\t\t\t\t\t<img decoding=\"async\" width=\"300\" height=\"200\" src=\"https:\/\/costablanca-magazin.com\/wp-content\/uploads\/2024\/08\/costablanca-lifestyle-sonnenaufgang-albir-calpe-29-300x200.jpg\" class=\"attachment-medium size-medium wp-image-1653\" alt=\"Plage de la Marina Baixa\" srcset=\"https:\/\/costablanca-magazin.com\/wp-content\/uploads\/2024\/08\/costablanca-lifestyle-sonnenaufgang-albir-calpe-29-300x200.jpg 300w, https:\/\/costablanca-magazin.com\/wp-content\/uploads\/2024\/08\/costablanca-lifestyle-sonnenaufgang-albir-calpe-29-1024x683.jpg 1024w, https:\/\/costablanca-magazin.com\/wp-content\/uploads\/2024\/08\/costablanca-lifestyle-sonnenaufgang-albir-calpe-29-768x512.jpg 768w, https:\/\/costablanca-magazin.com\/wp-content\/uploads\/2024\/08\/costablanca-lifestyle-sonnenaufgang-albir-calpe-29.jpg 1200w\" sizes=\"(max-width: 300px) 100vw, 300px\" \/>\t\t\t\t\t\t\t\t\t\t\t\t\t\t\t<\/div>\n\t\t\t\t<\/div>\n\t\t\t\t<div class=\"elementor-element elementor-element-4813e7d elementor-widget elementor-widget-spacer\" data-id=\"4813e7d\" data-element_type=\"widget\" data-e-type=\"widget\" data-widget_type=\"spacer.default\">\n\t\t\t\t<div class=\"elementor-widget-container\">\n\t\t\t\t\t\t\t<div class=\"elementor-spacer\">\n\t\t\t<div class=\"elementor-spacer-inner\"><\/div>\n\t\t<\/div>\n\t\t\t\t\t\t<\/div>\n\t\t\t\t<\/div>\n\t\t\t\t<div class=\"elementor-element elementor-element-de3e432 elementor-widget elementor-widget-heading\" data-id=\"de3e432\" data-element_type=\"widget\" data-e-type=\"widget\" data-widget_type=\"heading.default\">\n\t\t\t\t<div class=\"elementor-widget-container\">\n\t\t\t\t\t<h5 class=\"elementor-heading-title elementor-size-default\">Marina Baja : \nQuand la tradition rencontre la modernit\u00e9<\/h5>\t\t\t\t<\/div>\n\t\t\t\t<\/div>\n\t\t\t\t<div class=\"elementor-element elementor-element-99199d4 elementor-widget elementor-widget-text-editor\" data-id=\"99199d4\" data-element_type=\"widget\" data-e-type=\"widget\" data-widget_type=\"text-editor.default\">\n\t\t\t\t<div class=\"elementor-widget-container\">\n\t\t\t\t\t\t\t\t\t<p>La Marina Baja (\u00e9galement appel\u00e9e Marina Baixa) est une r\u00e9gion dynamique qui compte environ 195 000 habitants.<\/p><p>La ville chef-lieu est Benidorm, connue pour ses gratte-ciel caract\u00e9ristiques et sa vie urbaine anim\u00e9e. Outre Benidorm, la comarca compte d'autres localit\u00e9s importantes, telles qu'Altea, Finestrat et La Nucia.<\/p><p>Altea, une ville pittoresque d'environ 22 000 habitants, est r\u00e9put\u00e9e pour sa charmante vieille ville aux ruelles \u00e9troites et pour l'\u00e9glise embl\u00e9matique \u00e0 la coupole bleue, Nuestra Se\u00f1ora del Consuelo. Finestrat, qui regroupe \u00e0 la fois des villages c\u00f4tiers et de montagne, offre un cadre de vie plus tranquille et est r\u00e9put\u00e9e pour son architecture traditionnelle. La Nucia, qui compte environ 20 000 habitants, est une localit\u00e9 en plein essor dot\u00e9e d'infrastructures modernes et proposant de nombreuses activit\u00e9s de loisirs.<\/p><p>La r\u00e9gion de Marina Baja est particuli\u00e8rement pris\u00e9e des r\u00e9sidents \u00e9trangers. \u00c0 Benidorm, les \u00e9trangers repr\u00e9sentent environ 28% de la population, parmi lesquels on compte de nombreux ressortissants britanniques, n\u00e9erlandais et allemands. Altea et La Nucia comptent \u00e9galement de nombreux r\u00e9sidents \u00e9trangers, ce qui fait de ces localit\u00e9s des communaut\u00e9s internationales.<\/p>\t\t\t\t\t\t\t\t<\/div>\n\t\t\t\t<\/div>\n\t\t\t\t<div class=\"elementor-element elementor-element-d892ee4 elementor-widget elementor-widget-image\" data-id=\"d892ee4\" data-element_type=\"widget\" data-e-type=\"widget\" data-widget_type=\"image.default\">\n\t\t\t\t<div class=\"elementor-widget-container\">\n\t\t\t\t\t\t\t\t\t\t\t\t\t\t\t<img decoding=\"async\" width=\"300\" height=\"201\" src=\"https:\/\/costablanca-magazin.com\/wp-content\/uploads\/2023\/01\/IMG_2124-300x201.jpg\" class=\"attachment-medium size-medium wp-image-992\" alt=\"costablanca majorque 109\" srcset=\"https:\/\/costablanca-magazin.com\/wp-content\/uploads\/2023\/01\/IMG_2124-300x201.jpg 300w, https:\/\/costablanca-magazin.com\/wp-content\/uploads\/2023\/01\/IMG_2124.jpg 749w\" sizes=\"(max-width: 300px) 100vw, 300px\" \/>\t\t\t\t\t\t\t\t\t\t\t\t\t\t\t<\/div>\n\t\t\t\t<\/div>\n\t\t\t\t<div class=\"elementor-element elementor-element-160db35 elementor-widget elementor-widget-text-editor\" data-id=\"160db35\" data-element_type=\"widget\" data-e-type=\"widget\" data-widget_type=\"text-editor.default\">\n\t\t\t\t<div class=\"elementor-widget-container\">\n\t\t\t\t\t\t\t\t\t<ul><li><strong>Benidorm<\/strong>: La f\u00eate la plus connue est celle des \u201e Fiestas Patronales \u201c, qui se d\u00e9roule en novembre en l'honneur des saints patrons de la ville, la Vierge del Sufragio et saint Jacques. Le \u201e Festival international de la chanson de Benidorm \u201c constitue un autre \u00e9v\u00e9nement majeur.<\/li><li><strong>Altea<\/strong>: Les \u201e Fiestas de San Lorenzo \u201c en ao\u00fbt, r\u00e9put\u00e9es pour leur impressionnant feu d'artifice au-dessus de la mer. Les festivit\u00e9s des \u201e Moros y Cristianos \u201c en septembre sont \u00e9galement importantes.<\/li><li><strong>La Nucia<\/strong>: La f\u00eate patronale en l'honneur de l'archange Michel, qui a lieu en septembre, est l'un des \u00e9v\u00e9nements les plus importants de l'ann\u00e9e ; elle est c\u00e9l\u00e9br\u00e9e par des d\u00e9fil\u00e9s, de la musique et des c\u00e9r\u00e9monies religieuses.<br \/>Finestrat : les \u201e Fiestas de Sant Bertomeu \u201c en ao\u00fbt, c\u00e9l\u00e9br\u00e9es avec des danses traditionnelles, de la musique et des processions religieuses.<\/li><\/ul>\t\t\t\t\t\t\t\t<\/div>\n\t\t\t\t<\/div>\n\t\t\t\t<div class=\"elementor-element elementor-element-d2f7a06 elementor-widget elementor-widget-spacer\" data-id=\"d2f7a06\" data-element_type=\"widget\" data-e-type=\"widget\" data-widget_type=\"spacer.default\">\n\t\t\t\t<div class=\"elementor-widget-container\">\n\t\t\t\t\t\t\t<div class=\"elementor-spacer\">\n\t\t\t<div class=\"elementor-spacer-inner\"><\/div>\n\t\t<\/div>\n\t\t\t\t\t\t<\/div>\n\t\t\t\t<\/div>\n\t\t\t\t<div class=\"elementor-element elementor-element-33c3ca3 elementor-widget elementor-widget-gallery\" data-id=\"33c3ca3\" data-element_type=\"widget\" data-e-type=\"widget\" data-settings=\"{&quot;columns&quot;:2,&quot;gap&quot;:{&quot;unit&quot;:&quot;px&quot;,&quot;size&quot;:5,&quot;sizes&quot;:[]},&quot;lazyload&quot;:&quot;yes&quot;,&quot;gallery_layout&quot;:&quot;grid&quot;,&quot;columns_tablet&quot;:2,&quot;columns_mobile&quot;:1,&quot;gap_tablet&quot;:{&quot;unit&quot;:&quot;px&quot;,&quot;size&quot;:10,&quot;sizes&quot;:[]},&quot;gap_mobile&quot;:{&quot;unit&quot;:&quot;px&quot;,&quot;size&quot;:10,&quot;sizes&quot;:[]},&quot;link_to&quot;:&quot;file&quot;,&quot;aspect_ratio&quot;:&quot;3:2&quot;,&quot;overlay_background&quot;:&quot;yes&quot;,&quot;content_hover_animation&quot;:&quot;fade-in&quot;}\" data-widget_type=\"gallery.default\">\n\t\t\t\t<div class=\"elementor-widget-container\">\n\t\t\t\t\t\t\t<div class=\"elementor-gallery__container\">\n\t\t\t\t\t\t\t<a class=\"e-gallery-item elementor-gallery-item elementor-animated-content\" href=\"https:\/\/costablanca-magazin.com\/wp-content\/uploads\/2024\/08\/20230824_171520.jpg\" data-elementor-open-lightbox=\"yes\" data-elementor-lightbox-slideshow=\"33c3ca3\" data-elementor-lightbox-title=\"Altea Marina Baixa\" data-e-action-hash=\"#elementor-action%3Aaction%3Dlightbox%26settings%3DeyJpZCI6MTY1NSwidXJsIjoiaHR0cHM6XC9cL2Nvc3RhYmxhbmNhLW1hZ2F6aW4uY29tXC93cC1jb250ZW50XC91cGxvYWRzXC8yMDI0XC8wOFwvMjAyMzA4MjRfMTcxNTIwLmpwZyIsInNsaWRlc2hvdyI6IjMzYzNjYTMifQ%3D%3D\">\n\t\t\t\t\t<div class=\"e-gallery-image elementor-gallery-item__image\" data-thumbnail=\"https:\/\/costablanca-magazin.com\/wp-content\/uploads\/2024\/08\/20230824_171520-300x225.jpg\" data-width=\"300\" data-height=\"225\" aria-label=\"Altea Marina Baixa\" role=\"img\" ><\/div>\n\t\t\t\t\t\t\t\t\t\t\t<div class=\"elementor-gallery-item__overlay\"><\/div>\n\t\t\t\t\t\t\t\t\t\t\t\t\t\t<\/a>\n\t\t\t\t\t\t\t<a class=\"e-gallery-item elementor-gallery-item elementor-animated-content\" href=\"https:\/\/costablanca-magazin.com\/wp-content\/uploads\/2024\/08\/costablanca-lifestyle-benidorm-18.jpg\" data-elementor-open-lightbox=\"yes\" data-elementor-lightbox-slideshow=\"33c3ca3\" data-elementor-lightbox-title=\"Benidorm Marina Baixa\" data-elementor-lightbox-description=\"Benidorm Marina Baixa\" data-e-action-hash=\"#elementor-action%3Aaction%3Dlightbox%26settings%3DeyJpZCI6MTY1NiwidXJsIjoiaHR0cHM6XC9cL2Nvc3RhYmxhbmNhLW1hZ2F6aW4uY29tXC93cC1jb250ZW50XC91cGxvYWRzXC8yMDI0XC8wOFwvY29zdGFibGFuY2EtbGlmZXN0eWxlLWJlbmlkb3JtLTE4LmpwZyIsInNsaWRlc2hvdyI6IjMzYzNjYTMifQ%3D%3D\">\n\t\t\t\t\t<div class=\"e-gallery-image elementor-gallery-item__image\" data-thumbnail=\"https:\/\/costablanca-magazin.com\/wp-content\/uploads\/2024\/08\/costablanca-lifestyle-benidorm-18-300x300.jpg\" data-width=\"300\" data-height=\"300\" aria-label=\"Benidorm Marina Baixa\" role=\"img\" ><\/div>\n\t\t\t\t\t\t\t\t\t\t\t<div class=\"elementor-gallery-item__overlay\"><\/div>\n\t\t\t\t\t\t\t\t\t\t\t\t\t\t<\/a>\n\t\t\t\t\t\t\t<a class=\"e-gallery-item elementor-gallery-item elementor-animated-content\" href=\"https:\/\/costablanca-magazin.com\/wp-content\/uploads\/2024\/08\/evening-skyline-of-benidorm-city-with-high-rise-re-2023-11-27-05-21-17-utc.jpg\" data-elementor-open-lightbox=\"yes\" data-elementor-lightbox-slideshow=\"33c3ca3\" data-elementor-lightbox-title=\"Benidrom Marina Baixa\" data-elementor-lightbox-description=\"Benidrom Marina Baixa\" data-e-action-hash=\"#elementor-action%3Aaction%3Dlightbox%26settings%3DeyJpZCI6MTY1OCwidXJsIjoiaHR0cHM6XC9cL2Nvc3RhYmxhbmNhLW1hZ2F6aW4uY29tXC93cC1jb250ZW50XC91cGxvYWRzXC8yMDI0XC8wOFwvZXZlbmluZy1za3lsaW5lLW9mLWJlbmlkb3JtLWNpdHktd2l0aC1oaWdoLXJpc2UtcmUtMjAyMy0xMS0yNy0wNS0yMS0xNy11dGMuanBnIiwic2xpZGVzaG93IjoiMzNjM2NhMyJ9\">\n\t\t\t\t\t<div class=\"e-gallery-image elementor-gallery-item__image\" data-thumbnail=\"https:\/\/costablanca-magazin.com\/wp-content\/uploads\/2024\/08\/evening-skyline-of-benidorm-city-with-high-rise-re-2023-11-27-05-21-17-utc-300x169.jpg\" data-width=\"300\" data-height=\"169\" aria-label=\"Benidrom, Marina Baixa\" role=\"img\" ><\/div>\n\t\t\t\t\t\t\t\t\t\t\t<div class=\"elementor-gallery-item__overlay\"><\/div>\n\t\t\t\t\t\t\t\t\t\t\t\t\t\t<\/a>\n\t\t\t\t\t\t\t<a class=\"e-gallery-item elementor-gallery-item elementor-animated-content\" href=\"https:\/\/costablanca-magazin.com\/wp-content\/uploads\/2024\/08\/aerial-drone-view-of-la-vila-joiosa-villajoyosa-2023-11-27-04-58-46-utc.jpg\" data-elementor-open-lightbox=\"yes\" data-elementor-lightbox-slideshow=\"33c3ca3\" data-elementor-lightbox-title=\"Vilajoyosa Marina Baixa\" data-e-action-hash=\"#elementor-action%3Aaction%3Dlightbox%26settings%3DeyJpZCI6MTY1OSwidXJsIjoiaHR0cHM6XC9cL2Nvc3RhYmxhbmNhLW1hZ2F6aW4uY29tXC93cC1jb250ZW50XC91cGxvYWRzXC8yMDI0XC8wOFwvYWVyaWFsLWRyb25lLXZpZXctb2YtbGEtdmlsYS1qb2lvc2EtdmlsbGFqb3lvc2EtMjAyMy0xMS0yNy0wNC01OC00Ni11dGMuanBnIiwic2xpZGVzaG93IjoiMzNjM2NhMyJ9\">\n\t\t\t\t\t<div class=\"e-gallery-image elementor-gallery-item__image\" data-thumbnail=\"https:\/\/costablanca-magazin.com\/wp-content\/uploads\/2024\/08\/aerial-drone-view-of-la-vila-joiosa-villajoyosa-2023-11-27-04-58-46-utc-300x171.jpg\" data-width=\"300\" data-height=\"171\" aria-label=\"Vilajoyosa, Marina Baixa\" role=\"img\" ><\/div>\n\t\t\t\t\t\t\t\t\t\t\t<div class=\"elementor-gallery-item__overlay\"><\/div>\n\t\t\t\t\t\t\t\t\t\t\t\t\t\t<\/a>\n\t\t\t\t\t\t\t<a class=\"e-gallery-item elementor-gallery-item elementor-animated-content\" href=\"https:\/\/costablanca-magazin.com\/wp-content\/uploads\/2024\/05\/Albir-scaled-1.jpg\" data-elementor-open-lightbox=\"yes\" data-elementor-lightbox-slideshow=\"33c3ca3\" data-elementor-lightbox-title=\"costa-blanca-online-albir\" data-elementor-lightbox-description=\"costa-blanca-online-albir\" data-e-action-hash=\"#elementor-action%3Aaction%3Dlightbox%26settings%3DeyJpZCI6NzIsInVybCI6Imh0dHBzOlwvXC9jb3N0YWJsYW5jYS1tYWdhemluLmNvbVwvd3AtY29udGVudFwvdXBsb2Fkc1wvMjAyNFwvMDVcL0FsYmlyLXNjYWxlZC0xLmpwZyIsInNsaWRlc2hvdyI6IjMzYzNjYTMifQ%3D%3D\">\n\t\t\t\t\t<div class=\"e-gallery-image elementor-gallery-item__image\" data-thumbnail=\"https:\/\/costablanca-magazin.com\/wp-content\/uploads\/2024\/05\/Albir-scaled-1-300x300.jpg\" data-width=\"300\" data-height=\"300\" aria-label=\"costa-blanca-online-albir\" role=\"img\" ><\/div>\n\t\t\t\t\t\t\t\t\t\t\t<div class=\"elementor-gallery-item__overlay\"><\/div>\n\t\t\t\t\t\t\t\t\t\t\t\t\t\t<\/a>\n\t\t\t\t\t\t\t<a class=\"e-gallery-item elementor-gallery-item elementor-animated-content\" href=\"https:\/\/costablanca-magazin.com\/wp-content\/uploads\/2022\/09\/costablanca-lifestyle-altea-16.jpg\" data-elementor-open-lightbox=\"yes\" data-elementor-lightbox-slideshow=\"33c3ca3\" data-elementor-lightbox-title=\"costablanca-lifestyle-altea (16)\" data-elementor-lightbox-description=\"Costa Blanca  Altea Kirchplatz \" data-e-action-hash=\"#elementor-action%3Aaction%3Dlightbox%26settings%3DeyJpZCI6NjI3LCJ1cmwiOiJodHRwczpcL1wvY29zdGFibGFuY2EtbWFnYXppbi5jb21cL3dwLWNvbnRlbnRcL3VwbG9hZHNcLzIwMjJcLzA5XC9jb3N0YWJsYW5jYS1saWZlc3R5bGUtYWx0ZWEtMTYuanBnIiwic2xpZGVzaG93IjoiMzNjM2NhMyJ9\">\n\t\t\t\t\t<div class=\"e-gallery-image elementor-gallery-item__image\" data-thumbnail=\"https:\/\/costablanca-magazin.com\/wp-content\/uploads\/2022\/09\/costablanca-lifestyle-altea-16-300x300.jpg\" data-width=\"300\" data-height=\"300\" aria-label=\"Costa Blanca, Altea, Place de l&#039;\u00c9glise 4\" role=\"img\" ><\/div>\n\t\t\t\t\t\t\t\t\t\t\t<div class=\"elementor-gallery-item__overlay\"><\/div>\n\t\t\t\t\t\t\t\t\t\t\t\t\t\t<\/a>\n\t\t\t\t\t<\/div>\n\t\t\t\t\t<\/div>\n\t\t\t\t<\/div>\n\t\t\t\t<\/div>\n\t\t<div class=\"elementor-element elementor-element-c4d1a7a e-con-full e-flex e-con e-child\" data-id=\"c4d1a7a\" data-element_type=\"container\" data-e-type=\"container\">\n\t\t\t\t<div class=\"elementor-element elementor-element-5da8d7a elementor-widget elementor-widget-spacer\" data-id=\"5da8d7a\" data-element_type=\"widget\" data-e-type=\"widget\" data-widget_type=\"spacer.default\">\n\t\t\t\t<div class=\"elementor-widget-container\">\n\t\t\t\t\t\t\t<div class=\"elementor-spacer\">\n\t\t\t<div class=\"elementor-spacer-inner\"><\/div>\n\t\t<\/div>\n\t\t\t\t\t\t<\/div>\n\t\t\t\t<\/div>\n\t\t\t\t<div class=\"elementor-element elementor-element-1a9deb4 elementor-widget elementor-widget-heading\" data-id=\"1a9deb4\" data-element_type=\"widget\" data-e-type=\"widget\" data-widget_type=\"heading.default\">\n\t\t\t\t<div class=\"elementor-widget-container\">\n\t\t\t\t\t<h4 class=\"elementor-heading-title elementor-size-default\">Marina Alta : nature et patrimoine culturel\n<\/h4>\t\t\t\t<\/div>\n\t\t\t\t<\/div>\n\t\t\t\t<div class=\"elementor-element elementor-element-b060a1e elementor-widget elementor-widget-text-editor\" data-id=\"b060a1e\" data-element_type=\"widget\" data-e-type=\"widget\" data-widget_type=\"text-editor.default\">\n\t\t\t\t<div class=\"elementor-widget-container\">\n\t\t\t\t\t\t\t\t\t<p>La Marina Alta (\u00e9galement appel\u00e9e Marina Alta) est situ\u00e9e dans la partie nord de la Costa Blanca et compte environ 180 000 habitants. Son chef-lieu est D\u00e9nia, une ville portuaire historique dot\u00e9e d'un riche patrimoine culturel et d'une importante industrie de la p\u00eache. Parmi les autres villes importantes de la r\u00e9gion, on peut citer J\u00e1vea, Calpe et Pego.<\/p><p>D\u00e9nia est connue pour son ch\u00e2teau et son port, qui sert de porte d'entr\u00e9e vers les \u00eeles Bal\u00e9ares. J\u00e1vea (X\u00e0bia en valencien), qui compte environ 27 000 habitants, offre des criques pittoresques et l'impressionnant parc naturel du Montg\u00f3. Calpe, c\u00e9l\u00e8bre pour son rocher embl\u00e9matique, le Pe\u00f1\u00f3n de Ifach, attire les visiteurs avec ses plages et ses r\u00e9serves naturelles. Pego, une localit\u00e9 plus rurale comptant environ 10 000 habitants, est entour\u00e9e d'orangeraies et d'amandiers et est r\u00e9put\u00e9e pour ses f\u00eates traditionnelles.<\/p><p>La Marina Alta compte \u00e9galement de nombreux r\u00e9sidents \u00e9trangers. \u00c0 J\u00e1vea, la proportion de r\u00e9sidents \u00e9trangers s'\u00e9l\u00e8ve \u00e0 environ 53%, ce qui fait de cette ville l'une des plus internationales de la Costa Blanca. Calpe suit avec une proportion d'environ 47% de r\u00e9sidents \u00e9trangers, originaires principalement du Royaume-Uni, d'Allemagne et de France.<\/p>\t\t\t\t\t\t\t\t<\/div>\n\t\t\t\t<\/div>\n\t\t\t\t<div class=\"elementor-element elementor-element-82fb2bb elementor-widget elementor-widget-text-editor\" data-id=\"82fb2bb\" data-element_type=\"widget\" data-e-type=\"widget\" data-widget_type=\"text-editor.default\">\n\t\t\t\t<div class=\"elementor-widget-container\">\n\t\t\t\t\t\t\t\t\t<ul><li><strong>D\u00e9nia<\/strong>: Les \u201e Fiestas de la Sant\u00edsima Sangre \u201c, en juillet, qui durent une semaine et sont ponctu\u00e9es de courses de taureaux, de d\u00e9fil\u00e9s et de c\u00e9r\u00e9monies religieuses. Les \u201e Fallas \u201c, en mars, constituent un autre temps fort<strong>.<\/strong><\/li><li><strong>J\u00e1vea<\/strong>: La f\u00eate des \u201e Fogueres de Sant Joan \u201c, en juin, c\u00e9l\u00e9br\u00e9e par de grands feux, des d\u00e9fil\u00e9s et des feux d'artifice. Une autre f\u00eate importante est celle des \u201e Moros y Cristianos \u201c, en juillet.<br \/>Calpe : Les \u201e Fiestas de Moros y Cristianos \u201c, qui ont lieu en octobre, comptent parmi les f\u00eates les plus importantes de la ville. Les \u201e Fiestas Patronales \u201c, organis\u00e9es en ao\u00fbt en l'honneur de la Vierge des Neiges, rev\u00eatent \u00e9galement une grande importance.<\/li><li><strong>Pego<\/strong>: Les \u201e Porrat de Sant Antoni \u201c en janvier, une f\u00eate traditionnelle avec un march\u00e9, des animaux et des produits typiques de la r\u00e9gion.<\/li><\/ul>\t\t\t\t\t\t\t\t<\/div>\n\t\t\t\t<\/div>\n\t\t\t\t<div class=\"elementor-element elementor-element-ad5d0d6 elementor-widget elementor-widget-image\" data-id=\"ad5d0d6\" data-element_type=\"widget\" data-e-type=\"widget\" data-widget_type=\"image.default\">\n\t\t\t\t<div class=\"elementor-widget-container\">\n\t\t\t\t\t\t\t\t\t\t\t\t\t\t\t<img loading=\"lazy\" decoding=\"async\" width=\"300\" height=\"200\" src=\"https:\/\/costablanca-magazin.com\/wp-content\/uploads\/2024\/08\/calpe-costa-blanca-viewpoint-2024-04-15-18-49-46-utc-300x200.jpg\" class=\"attachment-medium size-medium wp-image-1652\" alt=\"Calpe, Costa Blanca - Marina Alta\" srcset=\"https:\/\/costablanca-magazin.com\/wp-content\/uploads\/2024\/08\/calpe-costa-blanca-viewpoint-2024-04-15-18-49-46-utc-300x200.jpg 300w, https:\/\/costablanca-magazin.com\/wp-content\/uploads\/2024\/08\/calpe-costa-blanca-viewpoint-2024-04-15-18-49-46-utc-1024x683.jpg 1024w, https:\/\/costablanca-magazin.com\/wp-content\/uploads\/2024\/08\/calpe-costa-blanca-viewpoint-2024-04-15-18-49-46-utc-768x512.jpg 768w, https:\/\/costablanca-magazin.com\/wp-content\/uploads\/2024\/08\/calpe-costa-blanca-viewpoint-2024-04-15-18-49-46-utc.jpg 1200w\" sizes=\"(max-width: 300px) 100vw, 300px\" \/>\t\t\t\t\t\t\t\t\t\t\t\t\t\t\t<\/div>\n\t\t\t\t<\/div>\n\t\t\t\t<div class=\"elementor-element elementor-element-81412c7 elementor-widget elementor-widget-text-editor\" data-id=\"81412c7\" data-element_type=\"widget\" data-e-type=\"widget\" data-widget_type=\"text-editor.default\">\n\t\t\t\t<div class=\"elementor-widget-container\">\n\t\t\t\t\t\t\t\t\t<p><strong>L\u2019Alacant\u00ed et El Baix Vinalop\u00f3<\/strong><br \/>L\u2019Alacant\u00ed est la comarca qui englobe la ville d\u2019Alicante, chef-lieu de la Costa Blanca, qui compte environ 330 000 habitants. La r\u00e9gion est un p\u00f4le \u00e9conomique et culturel majeur qui abrite de nombreux sites touristiques, notamment le ch\u00e2teau de Santa B\u00e1rbara et la promenade anim\u00e9e du front de mer.<br \/>Le Baix Vinalop\u00f3 comprend des villes telles qu'Elche, c\u00e9l\u00e8bre pour sa palmeraie class\u00e9e au patrimoine mondial de l'UNESCO. Elche compte environ 230 000 habitants et est r\u00e9put\u00e9e pour son industrie de la chaussure et sa vieille ville historique.<\/p><p><strong>Traditions et f\u00eates\u00a0 <\/strong><strong>\u00e0 L\u2019Alacant\u00ed et \u00e0 El Baix Vinalop\u00f3<\/strong><br \/>Alicante : les \u201e Hogueras de San Juan \u201c en juin, la plus grande f\u00eate de la ville, au cours de laquelle d'\u00e9normes figurines en papier m\u00e2ch\u00e9 sont br\u00fbl\u00e9es. La \u201e Semana Santa \u201c (Semaine Sainte), avec ses processions impressionnantes, constitue un autre \u00e9v\u00e9nement majeur.<br \/>Elche : le \u201e Misteri d\u2019Elx \u201c, un drame m\u00e9di\u00e9val repr\u00e9sent\u00e9 chaque ann\u00e9e au mois d\u2019ao\u00fbt dans la basilique Santa Maria et inscrit au patrimoine mondial de l\u2019UNESCO. La \u201e procession du dimanche des Rameaux \u201c est \u00e9galement une f\u00eate importante.<\/p>\t\t\t\t\t\t\t\t<\/div>\n\t\t\t\t<\/div>\n\t\t\t\t<div class=\"elementor-element elementor-element-f4825ad elementor-widget elementor-widget-text-editor\" data-id=\"f4825ad\" data-element_type=\"widget\" data-e-type=\"widget\" data-widget_type=\"text-editor.default\">\n\t\t\t\t<div class=\"elementor-widget-container\">\n\t\t\t\t\t\t\t\t\t<p><strong>El Baix Segura (Vega Baja) <\/strong><strong>et El Comtat<\/strong><br \/>Le Baix Segura, \u00e9galement connu sous le nom de Vega Baja, compte des villes telles qu'Orihuela, qui compte environ 77 000 habitants et est r\u00e9put\u00e9e pour sa cath\u00e9drale et ses b\u00e2timents historiques. La r\u00e9gion se caract\u00e9rise par des terres fertiles et une forte tradition agricole.<br \/>El Comtat est une comarca plut\u00f4t rurale, r\u00e9put\u00e9e pour ses villages pittoresques et ses espaces naturels. Cocentaina, le chef-lieu, compte environ 11 000 habitants et est connue pour son ch\u00e2teau historique et sa f\u00eate m\u00e9di\u00e9vale annuelle.<\/p><p><strong>Traditions et f\u00eates <\/strong><strong>dans le Baix Segura et le Comtat<\/strong><br \/>Orihuela : Les \u201e Fiestas de la Reconquista y de Moros y Cristianos \u201c, qui ont lieu en juillet, comptent parmi les plus grandes f\u00eates de la ville. La \u201e Semana Santa \u201c, avec ses processions impressionnantes, rev\u00eat \u00e9galement une grande importance.<br \/>Cocentaina : la \u201e Fira de Tots Sants \u201c en novembre, l'une des plus anciennes et des plus grandes foires d'Espagne, c\u00e9l\u00e9br\u00e9e depuis le XIVe si\u00e8cle. La f\u00eate des \u201e Moros y Cristianos \u201c en ao\u00fbt est \u00e9galement importante.<\/p>\t\t\t\t\t\t\t\t<\/div>\n\t\t\t\t<\/div>\n\t\t\t\t<div class=\"elementor-element elementor-element-dadbd9d elementor-widget elementor-widget-gallery\" data-id=\"dadbd9d\" data-element_type=\"widget\" data-e-type=\"widget\" data-settings=\"{&quot;columns&quot;:2,&quot;gap&quot;:{&quot;unit&quot;:&quot;px&quot;,&quot;size&quot;:5,&quot;sizes&quot;:[]},&quot;lazyload&quot;:&quot;yes&quot;,&quot;gallery_layout&quot;:&quot;grid&quot;,&quot;columns_tablet&quot;:2,&quot;columns_mobile&quot;:1,&quot;gap_tablet&quot;:{&quot;unit&quot;:&quot;px&quot;,&quot;size&quot;:10,&quot;sizes&quot;:[]},&quot;gap_mobile&quot;:{&quot;unit&quot;:&quot;px&quot;,&quot;size&quot;:10,&quot;sizes&quot;:[]},&quot;link_to&quot;:&quot;file&quot;,&quot;aspect_ratio&quot;:&quot;3:2&quot;,&quot;overlay_background&quot;:&quot;yes&quot;,&quot;content_hover_animation&quot;:&quot;fade-in&quot;}\" data-widget_type=\"gallery.default\">\n\t\t\t\t<div class=\"elementor-widget-container\">\n\t\t\t\t\t\t\t<div class=\"elementor-gallery__container\">\n\t\t\t\t\t\t\t<a class=\"e-gallery-item elementor-gallery-item elementor-animated-content\" href=\"https:\/\/costablanca-magazin.com\/wp-content\/uploads\/2022\/09\/costablanca-lifestyle-denia-3.jpg\" data-elementor-open-lightbox=\"yes\" data-elementor-lightbox-slideshow=\"dadbd9d\" data-elementor-lightbox-title=\"costablanca-lifestyle-denia (3)\" data-elementor-lightbox-description=\"costablanca-lifestyle-denia\" data-e-action-hash=\"#elementor-action%3Aaction%3Dlightbox%26settings%3DeyJpZCI6NDM1LCJ1cmwiOiJodHRwczpcL1wvY29zdGFibGFuY2EtbWFnYXppbi5jb21cL3dwLWNvbnRlbnRcL3VwbG9hZHNcLzIwMjJcLzA5XC9jb3N0YWJsYW5jYS1saWZlc3R5bGUtZGVuaWEtMy5qcGciLCJzbGlkZXNob3ciOiJkYWRiZDlkIn0%3D\">\n\t\t\t\t\t<div class=\"e-gallery-image elementor-gallery-item__image\" data-thumbnail=\"https:\/\/costablanca-magazin.com\/wp-content\/uploads\/2022\/09\/costablanca-lifestyle-denia-3-300x300.jpg\" data-width=\"300\" data-height=\"300\" aria-label=\"costablanca-lifestyle-denia 2\" role=\"img\" ><\/div>\n\t\t\t\t\t\t\t\t\t\t\t<div class=\"elementor-gallery-item__overlay\"><\/div>\n\t\t\t\t\t\t\t\t\t\t\t\t\t\t<\/a>\n\t\t\t\t\t\t\t<a class=\"e-gallery-item elementor-gallery-item elementor-animated-content\" href=\"https:\/\/costablanca-magazin.com\/wp-content\/uploads\/2022\/09\/costablanca-lifestyle-calpe-8.jpg\" data-elementor-open-lightbox=\"yes\" data-elementor-lightbox-slideshow=\"dadbd9d\" data-elementor-lightbox-title=\"costa blanca Calpe marina Alta\" data-elementor-lightbox-description=\"costa blanca Calpe marina Alta \" data-e-action-hash=\"#elementor-action%3Aaction%3Dlightbox%26settings%3DeyJpZCI6NjcxLCJ1cmwiOiJodHRwczpcL1wvY29zdGFibGFuY2EtbWFnYXppbi5jb21cL3dwLWNvbnRlbnRcL3VwbG9hZHNcLzIwMjJcLzA5XC9jb3N0YWJsYW5jYS1saWZlc3R5bGUtY2FscGUtOC5qcGciLCJzbGlkZXNob3ciOiJkYWRiZDlkIn0%3D\">\n\t\t\t\t\t<div class=\"e-gallery-image elementor-gallery-item__image\" data-thumbnail=\"https:\/\/costablanca-magazin.com\/wp-content\/uploads\/2022\/09\/costablanca-lifestyle-calpe-8-200x300.jpg\" data-width=\"200\" data-height=\"300\" aria-label=\"Costa Blanca, Calpe, Marina Alta\" role=\"img\" ><\/div>\n\t\t\t\t\t\t\t\t\t\t\t<div class=\"elementor-gallery-item__overlay\"><\/div>\n\t\t\t\t\t\t\t\t\t\t\t\t\t\t<\/a>\n\t\t\t\t\t<\/div>\n\t\t\t\t\t<\/div>\n\t\t\t\t<\/div>\n\t\t\t\t<div class=\"elementor-element elementor-element-48711aa elementor-widget elementor-widget-text-editor\" data-id=\"48711aa\" data-element_type=\"widget\" data-e-type=\"widget\" data-widget_type=\"text-editor.default\">\n\t\t\t\t<div class=\"elementor-widget-container\">\n\t\t\t\t\t\t\t\t\t<p><strong>Particularit\u00e9s locales\u00a0 <\/strong><strong>et les diff\u00e9rences<\/strong><br \/>Alors que la Marina Baja est davantage urbaine et touristique, la Marina Alta s\u00e9duit par sa beaut\u00e9 naturelle et son charme rural. La Marina Baja abrite une communaut\u00e9 internationale plus importante, notamment \u00e0 Benidorm, tandis que la Marina Alta est davantage impr\u00e9gn\u00e9e du mode de vie traditionnel espagnol.<\/p>\t\t\t\t\t\t\t\t<\/div>\n\t\t\t\t<\/div>\n\t\t\t\t<\/div>\n\t\t\t\t\t<\/div>\n\t\t\t\t<\/div>\n\t\t<div class=\"elementor-element elementor-element-03099d9 e-flex e-con-boxed e-con e-parent\" data-id=\"03099d9\" data-element_type=\"container\" data-e-type=\"container\">\n\t\t\t\t\t<div class=\"e-con-inner\">\n\t\t\t\t<div class=\"elementor-element elementor-element-9d92c64 elementor-widget elementor-widget-heading\" data-id=\"9d92c64\" data-element_type=\"widget\" data-e-type=\"widget\" data-widget_type=\"heading.default\">\n\t\t\t\t<div class=\"elementor-widget-container\">\n\t\t\t\t\t<h2 class=\"elementor-heading-title elementor-size-default\">Cela pourrait \u00e9galement vous int\u00e9resser<\/h2>\t\t\t\t<\/div>\n\t\t\t\t<\/div>\n\t\t\t\t\t<\/div>\n\t\t\t\t<\/div>\n\t\t\t\t<\/div>","protected":false},"excerpt":{"rendered":"<p>Die Comarcas der Costa Blanca &#8211; Ein \u00dcberblick \u00fcber die Region Die Costa Blanca, die sich entlang der \u00f6stlichen Mittelmeerk\u00fcste Spaniens erstreckt, ist in verschiedene Comarcas unterteilt, die jeweils ihre eigenen einzigartigen Merkmale und Charakteristika aufweisen. Zwei der bekanntesten Comarcas in dieser Region sind Marina Baja und Marina Alta. Dieser Artikel beleuchtet die wichtigsten Comarcas [&hellip;]<\/p>\n","protected":false},"author":4,"featured_media":1650,"comment_status":"closed","ping_status":"closed","sticky":false,"template":"elementor_header_footer","format":"standard","meta":{"footnotes":""},"categories":[13],"tags":[1787],"class_list":["post-1649","post","type-post","status-publish","format-standard","has-post-thumbnail","hentry","category-infos","tag-geschichte-geschichten-costa-blanca"],"aioseo_notices":[],"aioseo_head":"\n\t\t<!-- All in One SEO Pro 5.0.1.1 - aioseo.com -->\n\t<meta name=\"description\" content=\"Ein \u00dcberblick \u00fcber die Region und die Unterschiede zwischen Marina Baja und Marina Alta.\" \/>\n\t<meta name=\"robots\" content=\"max-snippet:-1, max-image-preview:large, max-video-preview:-1\" \/>\n\t<meta name=\"author\" content=\"Costablanca Magazin Redaktion\"\/>\n\t<link rel=\"canonical\" href=\"https:\/\/costablanca-magazin.com\/fr\/lokales\/infos\/die-comarcas-der-costa-blanca\/\" \/>\n\t<meta name=\"generator\" content=\"All in One SEO Pro (AIOSEO) 5.0.1.1\" \/>\n\t\t<meta property=\"og:locale\" content=\"fr_FR\" \/>\n\t\t<meta property=\"og:site_name\" content=\"Costa Blanca Magazin\" \/>\n\t\t<meta property=\"og:type\" content=\"article\" \/>\n\t\t<meta property=\"og:title\" content=\"Die Comarcas der Costa Blanca\" \/>\n\t\t<meta property=\"og:description\" content=\"Ein \u00dcberblick \u00fcber die Region und die Unterschiede zwischen Marina Baja und Marina Alta.\" \/>\n\t\t<meta property=\"og:url\" content=\"https:\/\/costablanca-magazin.com\/fr\/lokales\/infos\/die-comarcas-der-costa-blanca\/\" \/>\n\t\t<meta property=\"og:image\" content=\"https:\/\/costablanca-magazin.com\/wp-content\/uploads\/2024\/08\/aerial-drone-view-of-la-vila-joiosa-villajoyosa-2023-11-27-05-06-26-utc.jpg\" \/>\n\t\t<meta property=\"og:image:secure_url\" content=\"https:\/\/costablanca-magazin.com\/wp-content\/uploads\/2024\/08\/aerial-drone-view-of-la-vila-joiosa-villajoyosa-2023-11-27-05-06-26-utc.jpg\" \/>\n\t\t<meta property=\"og:image:width\" content=\"1200\" \/>\n\t\t<meta property=\"og:image:height\" content=\"437\" \/>\n\t\t<meta property=\"article:published_time\" content=\"2024-08-14T13:00:00+00:00\" \/>\n\t\t<meta property=\"article:modified_time\" content=\"2026-07-08T05:21:33+00:00\" \/>\n\t\t<meta property=\"article:publisher\" content=\"https:\/\/www.facebook.com\/costablancalifestyle\/\" \/>\n\t\t<meta name=\"twitter:card\" content=\"summary_large_image\" \/>\n\t\t<meta name=\"twitter:title\" content=\"Die Comarcas der Costa Blanca\" \/>\n\t\t<meta name=\"twitter:description\" content=\"Ein \u00dcberblick \u00fcber die Region und die Unterschiede zwischen Marina Baja und Marina Alta.\" \/>\n\t\t<meta name=\"twitter:image\" content=\"https:\/\/costablanca-magazin.com\/wp-content\/uploads\/2024\/08\/aerial-drone-view-of-la-vila-joiosa-villajoyosa-2023-11-27-05-06-26-utc.jpg\" \/>\n\t\t<script type=\"application\/ld+json\" class=\"aioseo-schema\">\n\t\t\t{\"@context\":\"https:\\\/\\\/schema.org\",\"@graph\":[{\"@type\":\"BreadcrumbList\",\"@id\":\"https:\\\/\\\/costablanca-magazin.com\\\/fr\\\/lokales\\\/infos\\\/die-comarcas-der-costa-blanca\\\/#breadcrumblist\",\"itemListElement\":[{\"@type\":\"ListItem\",\"@id\":\"https:\\\/\\\/costablanca-magazin.com\\\/fr#listItem\",\"position\":1,\"name\":\"Home\",\"item\":\"https:\\\/\\\/costablanca-magazin.com\\\/fr\",\"nextItem\":{\"@type\":\"ListItem\",\"@id\":\"https:\\\/\\\/costablanca-magazin.com\\\/fr\\\/local\\\/#listItem\",\"name\":\"Lokales\"}},{\"@type\":\"ListItem\",\"@id\":\"https:\\\/\\\/costablanca-magazin.com\\\/fr\\\/local\\\/#listItem\",\"position\":2,\"name\":\"Lokales\",\"item\":\"https:\\\/\\\/costablanca-magazin.com\\\/fr\\\/local\\\/\",\"nextItem\":{\"@type\":\"ListItem\",\"@id\":\"https:\\\/\\\/costablanca-magazin.com\\\/fr\\\/infos\\\/#listItem\",\"name\":\"Infos\"},\"previousItem\":{\"@type\":\"ListItem\",\"@id\":\"https:\\\/\\\/costablanca-magazin.com\\\/fr#listItem\",\"name\":\"Home\"}},{\"@type\":\"ListItem\",\"@id\":\"https:\\\/\\\/costablanca-magazin.com\\\/fr\\\/infos\\\/#listItem\",\"position\":3,\"name\":\"Infos\",\"item\":\"https:\\\/\\\/costablanca-magazin.com\\\/fr\\\/infos\\\/\",\"nextItem\":{\"@type\":\"ListItem\",\"@id\":\"https:\\\/\\\/costablanca-magazin.com\\\/fr\\\/lokales\\\/infos\\\/die-comarcas-der-costa-blanca\\\/#listItem\",\"name\":\"Die Comarcas der Costa Blanca\"},\"previousItem\":{\"@type\":\"ListItem\",\"@id\":\"https:\\\/\\\/costablanca-magazin.com\\\/fr\\\/local\\\/#listItem\",\"name\":\"Lokales\"}},{\"@type\":\"ListItem\",\"@id\":\"https:\\\/\\\/costablanca-magazin.com\\\/fr\\\/lokales\\\/infos\\\/die-comarcas-der-costa-blanca\\\/#listItem\",\"position\":4,\"name\":\"Die Comarcas der Costa Blanca\",\"previousItem\":{\"@type\":\"ListItem\",\"@id\":\"https:\\\/\\\/costablanca-magazin.com\\\/fr\\\/infos\\\/#listItem\",\"name\":\"Infos\"}}]},{\"@type\":\"NewsArticle\",\"@id\":\"https:\\\/\\\/costablanca-magazin.com\\\/fr\\\/lokales\\\/infos\\\/die-comarcas-der-costa-blanca\\\/#article\",\"name\":\"Die Comarcas der Costa Blanca\",\"headline\":\"Die Comarcas der Costa Blanca\",\"author\":{\"@id\":\"https:\\\/\\\/costablanca-magazin.com\\\/fr\\\/author\\\/costablanca-magazin-redaktion\\\/#author\"},\"publisher\":{\"@id\":\"https:\\\/\\\/costablanca-magazin.com\\\/fr\\\/#organization\"},\"image\":{\"@type\":\"ImageObject\",\"url\":\"https:\\\/\\\/costablanca-magazin.com\\\/wp-content\\\/uploads\\\/2024\\\/08\\\/aerial-drone-view-of-la-vila-joiosa-villajoyosa-2023-11-27-05-06-26-utc.jpg\",\"width\":1200,\"height\":437,\"caption\":\"Die Comarcas der Costa Blanca\"},\"datePublished\":\"2024-08-14T15:00:00+02:00\",\"dateModified\":\"2026-07-08T07:21:33+02:00\",\"inLanguage\":\"fr-FR\",\"mainEntityOfPage\":{\"@id\":\"https:\\\/\\\/costablanca-magazin.com\\\/fr\\\/lokales\\\/infos\\\/die-comarcas-der-costa-blanca\\\/#webpage\"},\"isPartOf\":{\"@id\":\"https:\\\/\\\/costablanca-magazin.com\\\/fr\\\/lokales\\\/infos\\\/die-comarcas-der-costa-blanca\\\/#webpage\"},\"articleSection\":\"Infos, Geschichte &amp; Geschichten Costa Blanca\"},{\"@type\":\"Person\",\"@id\":\"https:\\\/\\\/costablanca-magazin.com\\\/fr\\\/author\\\/costablanca-magazin-redaktion\\\/#author\",\"url\":\"https:\\\/\\\/costablanca-magazin.com\\\/fr\\\/author\\\/costablanca-magazin-redaktion\\\/\",\"name\":\"Costablanca Magazin Redaktion\"},{\"@type\":\"WebPage\",\"@id\":\"https:\\\/\\\/costablanca-magazin.com\\\/fr\\\/lokales\\\/infos\\\/die-comarcas-der-costa-blanca\\\/#webpage\",\"url\":\"https:\\\/\\\/costablanca-magazin.com\\\/fr\\\/lokales\\\/infos\\\/die-comarcas-der-costa-blanca\\\/\",\"name\":\"Die Comarcas der Costa Blanca\",\"description\":\"Ein \\u00dcberblick \\u00fcber die Region und die Unterschiede zwischen Marina Baja und Marina Alta.\",\"inLanguage\":\"fr-FR\",\"isPartOf\":{\"@id\":\"https:\\\/\\\/costablanca-magazin.com\\\/fr\\\/#website\"},\"breadcrumb\":{\"@id\":\"https:\\\/\\\/costablanca-magazin.com\\\/fr\\\/lokales\\\/infos\\\/die-comarcas-der-costa-blanca\\\/#breadcrumblist\"},\"author\":{\"@id\":\"https:\\\/\\\/costablanca-magazin.com\\\/fr\\\/author\\\/costablanca-magazin-redaktion\\\/#author\"},\"creator\":{\"@id\":\"https:\\\/\\\/costablanca-magazin.com\\\/fr\\\/author\\\/costablanca-magazin-redaktion\\\/#author\"},\"image\":{\"@type\":\"ImageObject\",\"url\":\"https:\\\/\\\/costablanca-magazin.com\\\/wp-content\\\/uploads\\\/2024\\\/08\\\/aerial-drone-view-of-la-vila-joiosa-villajoyosa-2023-11-27-05-06-26-utc.jpg\",\"@id\":\"https:\\\/\\\/costablanca-magazin.com\\\/fr\\\/lokales\\\/infos\\\/die-comarcas-der-costa-blanca\\\/#mainImage\",\"width\":1200,\"height\":437,\"caption\":\"Die Comarcas der Costa Blanca\"},\"primaryImageOfPage\":{\"@id\":\"https:\\\/\\\/costablanca-magazin.com\\\/fr\\\/lokales\\\/infos\\\/die-comarcas-der-costa-blanca\\\/#mainImage\"},\"datePublished\":\"2024-08-14T15:00:00+02:00\",\"dateModified\":\"2026-07-08T07:21:33+02:00\",\"mainEntity\":{\"@id\":\"https:\\\/\\\/costablanca-magazin.com\\\/fr\\\/lokales\\\/infos\\\/die-comarcas-der-costa-blanca\\\/#article\"}},{\"@type\":\"WebSite\",\"@id\":\"https:\\\/\\\/costablanca-magazin.com\\\/fr\\\/#website\",\"url\":\"https:\\\/\\\/costablanca-magazin.com\\\/fr\\\/\",\"name\":\"Costa Blanca Magazin\",\"description\":\"Costa Blanca - alles um das Leben und die Freizeit an der K\\u00fcste\",\"inLanguage\":\"fr-FR\",\"publisher\":{\"@id\":\"https:\\\/\\\/costablanca-magazin.com\\\/fr\\\/#organization\"},\"potentialAction\":{\"@type\":\"SearchAction\",\"target\":\"https:\\\/\\\/costablanca-magazin.com\\\/fr\\\/?s={search_term_string}\",\"query-input\":\"required name=search_term_string\"}},{\"@type\":[\"Organization\",\"NewsMediaOrganization\"],\"@id\":\"https:\\\/\\\/costablanca-magazin.com\\\/fr\\\/#organization\",\"name\":\"Costa Blanca Magazin\",\"description\":\"Costa Blanca Magazin\",\"url\":\"https:\\\/\\\/costablanca-magazin.com\\\/fr\\\/\",\"email\":\"info@costablanca-magazin.com\",\"telephone\":\"+34 663 946 871\",\"logo\":{\"@type\":\"ImageObject\",\"url\":\"https:\\\/\\\/costablanca-magazin.com\\\/wp-content\\\/uploads\\\/2024\\\/05\\\/logo.jpg\",\"@id\":\"https:\\\/\\\/costablanca-magazin.com\\\/fr\\\/lokales\\\/infos\\\/die-comarcas-der-costa-blanca\\\/#organizationLogo\",\"width\":1605,\"height\":236,\"caption\":\"Costa Blanca Magazin\"},\"image\":{\"@id\":\"https:\\\/\\\/costablanca-magazin.com\\\/fr\\\/lokales\\\/infos\\\/die-comarcas-der-costa-blanca\\\/#organizationLogo\"},\"sameAs\":[\"https:\\\/\\\/www.facebook.com\\\/costablancalifestyle\\\/\",\"https:\\\/\\\/www.instagram.com\\\/costablancamagazin\\\/\"]}]}\n\t\t<\/script>\n\t\t<!-- All in One SEO Pro -->\r\n\t\t<title>Die Comarcas der Costa Blanca<\/title>\n\n","aioseo_head_json":{"title":"Les comarques de la Costa Blanca","description":"Un aper\u00e7u de la r\u00e9gion et des diff\u00e9rences entre la Marina Baja et la Marina Alta.","canonical_url":"https:\/\/costablanca-magazin.com\/fr\/lokales\/infos\/die-comarcas-der-costa-blanca\/","robots":"max-snippet:-1, max-image-preview:large, max-video-preview:-1","keywords":"","webmasterTools":{"miscellaneous":""},"schema":{"@context":"https:\/\/schema.org","@graph":[{"@type":"BreadcrumbList","@id":"https:\/\/costablanca-magazin.com\/fr\/lokales\/infos\/die-comarcas-der-costa-blanca\/#breadcrumblist","itemListElement":[{"@type":"ListItem","@id":"https:\/\/costablanca-magazin.com\/fr#listItem","position":1,"name":"Home","item":"https:\/\/costablanca-magazin.com\/fr","nextItem":{"@type":"ListItem","@id":"https:\/\/costablanca-magazin.com\/fr\/local\/#listItem","name":"Lokales"}},{"@type":"ListItem","@id":"https:\/\/costablanca-magazin.com\/fr\/local\/#listItem","position":2,"name":"Lokales","item":"https:\/\/costablanca-magazin.com\/fr\/local\/","nextItem":{"@type":"ListItem","@id":"https:\/\/costablanca-magazin.com\/fr\/infos\/#listItem","name":"Infos"},"previousItem":{"@type":"ListItem","@id":"https:\/\/costablanca-magazin.com\/fr#listItem","name":"Home"}},{"@type":"ListItem","@id":"https:\/\/costablanca-magazin.com\/fr\/infos\/#listItem","position":3,"name":"Infos","item":"https:\/\/costablanca-magazin.com\/fr\/infos\/","nextItem":{"@type":"ListItem","@id":"https:\/\/costablanca-magazin.com\/fr\/lokales\/infos\/die-comarcas-der-costa-blanca\/#listItem","name":"Die Comarcas der Costa Blanca"},"previousItem":{"@type":"ListItem","@id":"https:\/\/costablanca-magazin.com\/fr\/local\/#listItem","name":"Lokales"}},{"@type":"ListItem","@id":"https:\/\/costablanca-magazin.com\/fr\/lokales\/infos\/die-comarcas-der-costa-blanca\/#listItem","position":4,"name":"Die Comarcas der Costa Blanca","previousItem":{"@type":"ListItem","@id":"https:\/\/costablanca-magazin.com\/fr\/infos\/#listItem","name":"Infos"}}]},{"@type":"NewsArticle","@id":"https:\/\/costablanca-magazin.com\/fr\/lokales\/infos\/die-comarcas-der-costa-blanca\/#article","name":"Die Comarcas der Costa Blanca","headline":"Die Comarcas der Costa Blanca","author":{"@id":"https:\/\/costablanca-magazin.com\/fr\/author\/costablanca-magazin-redaktion\/#author"},"publisher":{"@id":"https:\/\/costablanca-magazin.com\/fr\/#organization"},"image":{"@type":"ImageObject","url":"https:\/\/costablanca-magazin.com\/wp-content\/uploads\/2024\/08\/aerial-drone-view-of-la-vila-joiosa-villajoyosa-2023-11-27-05-06-26-utc.jpg","width":1200,"height":437,"caption":"Die Comarcas der Costa Blanca"},"datePublished":"2024-08-14T15:00:00+02:00","dateModified":"2026-07-08T07:21:33+02:00","inLanguage":"fr-FR","mainEntityOfPage":{"@id":"https:\/\/costablanca-magazin.com\/fr\/lokales\/infos\/die-comarcas-der-costa-blanca\/#webpage"},"isPartOf":{"@id":"https:\/\/costablanca-magazin.com\/fr\/lokales\/infos\/die-comarcas-der-costa-blanca\/#webpage"},"articleSection":"Infos, Geschichte &amp; Geschichten Costa Blanca"},{"@type":"Person","@id":"https:\/\/costablanca-magazin.com\/fr\/author\/costablanca-magazin-redaktion\/#author","url":"https:\/\/costablanca-magazin.com\/fr\/author\/costablanca-magazin-redaktion\/","name":"Costablanca Magazin Redaktion"},{"@type":"WebPage","@id":"https:\/\/costablanca-magazin.com\/fr\/lokales\/infos\/die-comarcas-der-costa-blanca\/#webpage","url":"https:\/\/costablanca-magazin.com\/fr\/lokales\/infos\/die-comarcas-der-costa-blanca\/","name":"Die Comarcas der Costa Blanca","description":"Ein \u00dcberblick \u00fcber die Region und die Unterschiede zwischen Marina Baja und Marina Alta.","inLanguage":"fr-FR","isPartOf":{"@id":"https:\/\/costablanca-magazin.com\/fr\/#website"},"breadcrumb":{"@id":"https:\/\/costablanca-magazin.com\/fr\/lokales\/infos\/die-comarcas-der-costa-blanca\/#breadcrumblist"},"author":{"@id":"https:\/\/costablanca-magazin.com\/fr\/author\/costablanca-magazin-redaktion\/#author"},"creator":{"@id":"https:\/\/costablanca-magazin.com\/fr\/author\/costablanca-magazin-redaktion\/#author"},"image":{"@type":"ImageObject","url":"https:\/\/costablanca-magazin.com\/wp-content\/uploads\/2024\/08\/aerial-drone-view-of-la-vila-joiosa-villajoyosa-2023-11-27-05-06-26-utc.jpg","@id":"https:\/\/costablanca-magazin.com\/fr\/lokales\/infos\/die-comarcas-der-costa-blanca\/#mainImage","width":1200,"height":437,"caption":"Die Comarcas der Costa Blanca"},"primaryImageOfPage":{"@id":"https:\/\/costablanca-magazin.com\/fr\/lokales\/infos\/die-comarcas-der-costa-blanca\/#mainImage"},"datePublished":"2024-08-14T15:00:00+02:00","dateModified":"2026-07-08T07:21:33+02:00","mainEntity":{"@id":"https:\/\/costablanca-magazin.com\/fr\/lokales\/infos\/die-comarcas-der-costa-blanca\/#article"}},{"@type":"WebSite","@id":"https:\/\/costablanca-magazin.com\/fr\/#website","url":"https:\/\/costablanca-magazin.com\/fr\/","name":"Costa Blanca Magazin","description":"Costa Blanca - alles um das Leben und die Freizeit an der K\u00fcste","inLanguage":"fr-FR","publisher":{"@id":"https:\/\/costablanca-magazin.com\/fr\/#organization"},"potentialAction":{"@type":"SearchAction","target":"https:\/\/costablanca-magazin.com\/fr\/?s={search_term_string}","query-input":"required name=search_term_string"}},{"@type":["Organization","NewsMediaOrganization"],"@id":"https:\/\/costablanca-magazin.com\/fr\/#organization","name":"Costa Blanca Magazin","description":"Costa Blanca Magazin","url":"https:\/\/costablanca-magazin.com\/fr\/","email":"info@costablanca-magazin.com","telephone":"+34 663 946 871","logo":{"@type":"ImageObject","url":"https:\/\/costablanca-magazin.com\/wp-content\/uploads\/2024\/05\/logo.jpg","@id":"https:\/\/costablanca-magazin.com\/fr\/lokales\/infos\/die-comarcas-der-costa-blanca\/#organizationLogo","width":1605,"height":236,"caption":"Costa Blanca Magazin"},"image":{"@id":"https:\/\/costablanca-magazin.com\/fr\/lokales\/infos\/die-comarcas-der-costa-blanca\/#organizationLogo"},"sameAs":["https:\/\/www.facebook.com\/costablancalifestyle\/","https:\/\/www.instagram.com\/costablancamagazin\/"]}]},"og:locale":"fr_FR","og:site_name":"Costa Blanca Magazin","og:type":"article","og:title":"Die Comarcas der Costa Blanca","og:description":"Ein \u00dcberblick \u00fcber die Region und die Unterschiede zwischen Marina Baja und Marina Alta.","og:url":"https:\/\/costablanca-magazin.com\/fr\/lokales\/infos\/die-comarcas-der-costa-blanca\/","og:image":"https:\/\/costablanca-magazin.com\/wp-content\/uploads\/2024\/08\/aerial-drone-view-of-la-vila-joiosa-villajoyosa-2023-11-27-05-06-26-utc.jpg","og:image:secure_url":"https:\/\/costablanca-magazin.com\/wp-content\/uploads\/2024\/08\/aerial-drone-view-of-la-vila-joiosa-villajoyosa-2023-11-27-05-06-26-utc.jpg","og:image:width":1200,"og:image:height":437,"article:published_time":"2024-08-14T13:00:00+00:00","article:modified_time":"2026-07-08T05:21:33+00:00","article:publisher":"https:\/\/www.facebook.com\/costablancalifestyle\/","twitter:card":"summary_large_image","twitter:title":"Die Comarcas der Costa Blanca","twitter:description":"Ein \u00dcberblick \u00fcber die Region und die Unterschiede zwischen Marina Baja und Marina Alta.","twitter:image":"https:\/\/costablanca-magazin.com\/wp-content\/uploads\/2024\/08\/aerial-drone-view-of-la-vila-joiosa-villajoyosa-2023-11-27-05-06-26-utc.jpg"},"aioseo_meta_data":{"post_id":"1649","title":"Les comarques de la Costa Blanca","description":"Un aper\u00e7u de la r\u00e9gion et des diff\u00e9rences entre la Marina Baja et la Marina Alta.","keywords":null,"keyphrases":{"focus":[],"additional":[]},"primary_term":null,"canonical_url":null,"og_title":null,"og_description":null,"og_object_type":"default","og_image_type":"default","og_image_url":null,"og_image_width":null,"og_image_height":null,"og_image_custom_url":null,"og_image_custom_fields":null,"og_video":"","og_custom_url":null,"og_article_section":null,"og_article_tags":null,"twitter_use_og":false,"twitter_card":"default","twitter_image_type":"default","twitter_image_url":null,"twitter_image_custom_url":null,"twitter_image_custom_fields":null,"twitter_title":null,"twitter_description":null,"schema":{"blockGraphs":[],"customGraphs":[],"default":{"data":{"Article":[],"Course":[],"Dataset":[],"FAQPage":[],"Movie":[],"Person":[],"Product":[],"ProductReview":[],"Car":[],"Recipe":[],"Service":[],"SoftwareApplication":[],"WebPage":[]},"graphName":"BlogPosting","isEnabled":true},"graphs":[]},"schema_type":"default","schema_type_options":null,"pillar_content":false,"robots_default":true,"robots_noindex":false,"robots_noarchive":false,"robots_nosnippet":false,"robots_nofollow":false,"robots_noimageindex":false,"robots_noodp":false,"robots_notranslate":false,"robots_max_snippet":"-1","robots_max_videopreview":"-1","robots_max_imagepreview":"large","priority":null,"frequency":"default","local_seo":null,"seo_analyzer_scan_date":"2026-07-08 05:50:34","breadcrumb_settings":null,"limit_modified_date":false,"reviewed_by":null,"open_ai":null,"ai":null,"created":"2024-08-14 11:13:24","updated":"2026-08-10 07:30:36","focus_keyword":null,"additional_keywords":null,"truseo_locale":null},"aioseo_breadcrumb":"<div class=\"aioseo-breadcrumbs\"><span class=\"aioseo-breadcrumb\">\n\t<a href=\"https:\/\/costablanca-magazin.com\/fr\" title=\"Home\">Home<\/a>\n<\/span><span class=\"aioseo-breadcrumb-separator\">&raquo;<\/span><span class=\"aioseo-breadcrumb\">\n\t<a href=\"https:\/\/costablanca-magazin.com\/fr\/local\/\" title=\"Lokales\">Lokales<\/a>\n<\/span><span class=\"aioseo-breadcrumb-separator\">&raquo;<\/span><span class=\"aioseo-breadcrumb\">\n\t<a href=\"https:\/\/costablanca-magazin.com\/fr\/infos\/\" title=\"Infos\">Infos<\/a>\n<\/span><span class=\"aioseo-breadcrumb-separator\">&raquo;<\/span><span class=\"aioseo-breadcrumb\">\n\tDie Comarcas der Costa Blanca\n<\/span><\/div>","aioseo_breadcrumb_json":[{"label":"Home","link":"https:\/\/costablanca-magazin.com\/fr"},{"label":"Lokales","link":"https:\/\/costablanca-magazin.com\/fr\/local\/"},{"label":"Infos","link":"https:\/\/costablanca-magazin.com\/fr\/infos\/"},{"label":"Die Comarcas der Costa Blanca","link":"https:\/\/costablanca-magazin.com\/fr\/lokales\/infos\/die-comarcas-der-costa-blanca\/"}],"_links":{"self":[{"href":"https:\/\/costablanca-magazin.com\/fr\/wp-json\/wp\/v2\/posts\/1649","targetHints":{"allow":["GET"]}}],"collection":[{"href":"https:\/\/costablanca-magazin.com\/fr\/wp-json\/wp\/v2\/posts"}],"about":[{"href":"https:\/\/costablanca-magazin.com\/fr\/wp-json\/wp\/v2\/types\/post"}],"author":[{"embeddable":true,"href":"https:\/\/costablanca-magazin.com\/fr\/wp-json\/wp\/v2\/users\/4"}],"replies":[{"embeddable":true,"href":"https:\/\/costablanca-magazin.com\/fr\/wp-json\/wp\/v2\/comments?post=1649"}],"version-history":[{"count":6,"href":"https:\/\/costablanca-magazin.com\/fr\/wp-json\/wp\/v2\/posts\/1649\/revisions"}],"predecessor-version":[{"id":4372,"href":"https:\/\/costablanca-magazin.com\/fr\/wp-json\/wp\/v2\/posts\/1649\/revisions\/4372"}],"wp:featuredmedia":[{"embeddable":true,"href":"https:\/\/costablanca-magazin.com\/fr\/wp-json\/wp\/v2\/media\/1650"}],"wp:attachment":[{"href":"https:\/\/costablanca-magazin.com\/fr\/wp-json\/wp\/v2\/media?parent=1649"}],"wp:term":[{"taxonomy":"category","embeddable":true,"href":"https:\/\/costablanca-magazin.com\/fr\/wp-json\/wp\/v2\/categories?post=1649"},{"taxonomy":"post_tag","embeddable":true,"href":"https:\/\/costablanca-magazin.com\/fr\/wp-json\/wp\/v2\/tags?post=1649"}],"curies":[{"name":"wp","href":"https:\/\/api.w.org\/{rel}","templated":true}]}}