{"id":12104,"date":"2026-08-31T14:00:00","date_gmt":"2026-08-31T12:00:00","guid":{"rendered":"https:\/\/costablanca-magazin.com\/?p=12104"},"modified":"2026-08-31T13:34:21","modified_gmt":"2026-08-31T11:34:21","slug":"excursions-dune-journee-au-depart-de-denia-en-route-avec-sonnenzeit","status":"publish","type":"post","link":"https:\/\/costablanca-magazin.com\/fr\/lokales\/business-service\/tagesausfluege-ab-denia-von-xativa-bis-formentera\/","title":{"rendered":"Excursions d'une journ\u00e9e au d\u00e9part de D\u00e9nia : de X\u00e0tiva \u00e0 Formentera"},"content":{"rendered":"<div data-elementor-type=\"wp-post\" data-elementor-id=\"12104\" class=\"elementor elementor-12104\" data-elementor-post-type=\"post\">\n\t\t\t\t<div class=\"elementor-element elementor-element-6b1b416 e-flex e-con-boxed e-con e-parent\" data-id=\"6b1b416\" data-element_type=\"container\" data-e-type=\"container\">\n\t\t\t\t\t<div class=\"e-con-inner\">\n\t\t\t\t<div class=\"elementor-element elementor-element-e77f618 elementor-widget elementor-widget-heading\" data-id=\"e77f618\" data-element_type=\"widget\" data-e-type=\"widget\" data-widget_type=\"heading.default\">\n\t\t\t\t<div class=\"elementor-widget-container\">\n\t\t\t\t\t<h1 class=\"elementor-heading-title elementor-size-default\">Excursions d'une journ\u00e9e au d\u00e9part de D\u00e9nia : de X\u00e0tiva \u00e0 Formentera<\/h1>\t\t\t\t<\/div>\n\t\t\t\t<\/div>\n\t\t\t\t<div class=\"elementor-element elementor-element-39ca6d9 elementor-widget elementor-widget-image\" data-id=\"39ca6d9\" data-element_type=\"widget\" data-e-type=\"widget\" data-widget_type=\"image.default\">\n\t\t\t\t<div class=\"elementor-widget-container\">\n\t\t\t\t\t\t\t\t\t\t\t\t\t\t\t<img fetchpriority=\"high\" decoding=\"async\" width=\"800\" height=\"500\" src=\"https:\/\/costablanca-magazin.com\/wp-content\/uploads\/2026\/08\/sonnenzeit-logo.png\" class=\"attachment-large size-large wp-image-12105\" alt=\"Excursions d&#039;une journ\u00e9e au d\u00e9part de D\u00e9nia : en route avec SonnenZeit\" srcset=\"https:\/\/costablanca-magazin.com\/wp-content\/uploads\/2026\/08\/sonnenzeit-logo.png 800w, https:\/\/costablanca-magazin.com\/wp-content\/uploads\/2026\/08\/sonnenzeit-logo-300x188.png 300w, https:\/\/costablanca-magazin.com\/wp-content\/uploads\/2026\/08\/sonnenzeit-logo-768x480.png 768w, https:\/\/costablanca-magazin.com\/wp-content\/uploads\/2026\/08\/sonnenzeit-logo-18x12.png 18w\" sizes=\"(max-width: 800px) 100vw, 800px\" \/>\t\t\t\t\t\t\t\t\t\t\t\t\t\t\t<\/div>\n\t\t\t\t<\/div>\n\t\t\t\t<div class=\"elementor-element elementor-element-a946161 elementor-widget elementor-widget-text-editor\" data-id=\"a946161\" data-element_type=\"widget\" data-e-type=\"widget\" data-widget_type=\"text-editor.default\">\n\t\t\t\t<div class=\"elementor-widget-container\">\n\t\t\t\t\t\t\t\t\t<p>X\u00e0tiva, les grottes de Canelobre, Villajoyosa ou Formentera : SonnenZeit organise des excursions d'une journ\u00e9e au d\u00e9part de D\u00e9nia, en bus, avec un programme fixe et un guide parlant allemand \u2013 pour tous ceux qui souhaitent d\u00e9couvrir en toute simplicit\u00e9 des destinations exceptionnelles dans la r\u00e9gion et au-del\u00e0.<\/p><p>Certaines destinations se trouvent pratiquement \u00e0 deux pas depuis des ann\u00e9es, et pourtant, on n\u2019y est encore jamais all\u00e9. X\u00e0tiva fait partie de ces endroits pour beaucoup. Il en va de m\u00eame pour les grottes de Canelobre, pr\u00e8s de Busot, ou pour des lieux que l\u2019on a plut\u00f4t tendance \u00e0 contourner qu\u2019\u00e0 visiter.<\/p><p>Ce sont justement ceux qui vivent \u00e0 la Costa Blanca de fa\u00e7on permanente ou depuis longtemps qui connaissent bien ce ph\u00e9nom\u00e8ne. Pour une simple excursion d'une journ\u00e9e, il faut soudainement \u00e0 nouveau planifier un itin\u00e9raire, chercher une place de parking, r\u00e9server une visite guid\u00e9e et organiser le retour.<\/p><p>C'est pr\u00e9cis\u00e9ment cette organisation que prend en charge SonnenZeit Ausfl\u00fcge. Les circuits partent de D\u00e9nia, m\u00e8nent \u00e0 diff\u00e9rentes destinations dans la r\u00e9gion et au-del\u00e0, et se terminent le jour m\u00eame au point de d\u00e9part. Les participants voyagent en autocar, le programme est fix\u00e9 \u00e0 l'avance et les visites sont guid\u00e9es en allemand.<\/p><h2>Se lancer plut\u00f4t que de tout organiser soi-m\u00eame<\/h2><p>L'int\u00e9r\u00eat de ce concept ne r\u00e9side pas tant dans le fait de se rendre \u00e0 des destinations que l'on ne pourrait pas atteindre seul. Il s'agit plut\u00f4t de ne pas avoir \u00e0 organiser soi-m\u00eame cette excursion, pour une fois.<\/p><p>Selon l'excursion choisie, les visites guid\u00e9es, les droits d'entr\u00e9e ou les repas sont d\u00e9j\u00e0 inclus dans le programme. Parall\u00e8lement, certaines excursions laissent le temps de d\u00e9couvrir par soi-m\u00eame le lieu concern\u00e9.<\/p><p>Prenons par exemple l'excursion pr\u00e9vue le 23 septembre 2026 \u00e0 Busot et Villajoyosa. Au programme : tout d'abord, la visite des grottes de Canelobre avec un guide parlant allemand. Apr\u00e8s le d\u00e9jeuner en groupe, le voyage se poursuivra vers Villajoyosa, o\u00f9 vous aurez du temps libre pour d\u00e9couvrir la ville \u00e0 votre guise.<\/p><p>Le prix actuellement indiqu\u00e9 est de 95 euros par personne, TVA comprise. Selon l'organisateur, ce prix comprend le transfert en bus, un menu \u00e0 trois plats avec une boisson, les droits d'entr\u00e9e, les services d'un guide et les pourboires.<\/p><h2>X\u00e0tiva, Formentera et d'autres destinations<\/h2><p>Le reste du programme d'automne montre \u00e9galement que SonnenZeit ne limite pas ses excursions d'une journ\u00e9e aux destinations c\u00f4ti\u00e8res classiques.<\/p><p>Le 9 septembre 2026, nous nous rendrons \u00e0 X\u00e0tiva. Au programme : la visite du ch\u00e2teau et une visite guid\u00e9e de la ville.<\/p><p>Le 7 octobre 2026, Formentera est au programme.<\/p><p>Les participants prennent le ferry depuis D\u00e9nia pour se rendre sur l'\u00eele, o\u00f9 ils participent \u00e0 un circuit en bus. Pour cette excursion d'une journ\u00e9e, SonnenZeit propose actuellement un tarif de 130 euros par personne.<\/p><p>D'autres sorties ont d\u00e9j\u00e0 \u00e9t\u00e9 annonc\u00e9es, mais certaines sont encore en cours de pr\u00e9paration. Parmi celles-ci figurent le monast\u00e8re de Santa Maria de la Valldigna \u00e0 Simat le 21 octobre, une visite guid\u00e9e suivie d'une d\u00e9gustation de vins au Celler del Roure \u00e0 Moixent le 11 novembre, le Bioparc Valencia le 25 novembre ainsi qu'une excursion \u00e0 Alicante le 9 d\u00e9cembre.<\/p><p>Le programme couvre ainsi aussi bien l'histoire et la culture que la nature, le vin et les excursions en dehors de la Costa Blanca proprement dite.<\/p><h2>Tout aussi int\u00e9ressant pour les habitants que pour les visiteurs<\/h2><p>Pour ceux qui vivent sur la Costa Blanca, il n'est g\u00e9n\u00e9ralement pas n\u00e9cessaire de passer par un voyagiste pour se rendre \u00e0 Villajoyosa ou \u00e0 X\u00e0tiva. N\u00e9anmoins, une excursion organis\u00e9e d'une journ\u00e9e peut s'av\u00e9rer pratique, notamment pour les r\u00e9sidents.<\/p><p>Personne n'a \u00e0 conduire, \u00e0 chercher des places de parking ni \u00e0 g\u00e9rer les horaires d'ouverture et les billets d'entr\u00e9e. \u00c0 cela s'ajoute la possibilit\u00e9 d'obtenir des informations compl\u00e9mentaires en allemand et de passer la journ\u00e9e en compagnie des autres participants.<\/p><p>Auch wer allein lebt oder unterwegs ist, kann sich einer Fahrt anschlie\u00dfen, ohne zun\u00e4chst eine eigene Gruppe organisieren zu m\u00fcssen.<\/p><p>Der feste Start- und R\u00fcckkehrpunkt in D\u00e9nia macht das Angebot insbesondere f\u00fcr Menschen interessant, die im Norden der Costa Blanca wohnen oder sich dort l\u00e4nger aufhalten.<\/p><h2>Termine, Preise und Buchung<\/h2><p>Die jeweils aktuellen Tagesausfl\u00fcge ver\u00f6ffentlicht SonnenZeit auf der eigenen Website. Dort sind auch der genaue Ablauf, die enthaltenen Leistungen und der Preis der jeweiligen Fahrt aufgef\u00fchrt.<\/p><p>F\u00fcr die Durchf\u00fchrung gilt nach den ver\u00f6ffentlichten Gesch\u00e4ftsbedingungen eine Mindestteilnehmerzahl von 20 Personen. Wird diese bis sp\u00e4testens eine Woche vor Reisebeginn nicht erreicht, kann eine Fahrt abgesagt werden. Bereits gezahlte Reisepreise werden in diesem Fall zur\u00fcckerstattet.<\/p><p>Da sich einzelne Termine und Programme noch \u00e4ndern k\u00f6nnen, empfiehlt sich vor der Buchung ein Blick auf die jeweils aktuelle Ausschreibung.<\/p><p><em>Weitere Informationen, aktuelle Termine und Buchung<\/em><em>:<\/em> <a href=\"https:\/\/sonnenzeit-ausfluege.com\/\" target=\"_blank\" rel=\"noopener\"><strong>sonnenzeit-ausfluege.com<\/strong><\/a><\/p>\t\t\t\t\t\t\t\t<\/div>\n\t\t\t\t<\/div>\n\t\t\t\t<div class=\"elementor-element elementor-element-6373084 elementor-widget elementor-widget-image\" data-id=\"6373084\" data-element_type=\"widget\" data-e-type=\"widget\" data-widget_type=\"image.default\">\n\t\t\t\t<div class=\"elementor-widget-container\">\n\t\t\t\t\t\t\t\t\t\t\t\t\t\t\t<img decoding=\"async\" width=\"800\" height=\"160\" src=\"https:\/\/costablanca-magazin.com\/wp-content\/uploads\/2026\/08\/sonnenzeit-banner-1024x205.png\" class=\"attachment-large size-large wp-image-12110\" alt=\"sonnenzeit banner\" srcset=\"https:\/\/costablanca-magazin.com\/wp-content\/uploads\/2026\/08\/sonnenzeit-banner-1024x205.png 1024w, https:\/\/costablanca-magazin.com\/wp-content\/uploads\/2026\/08\/sonnenzeit-banner-300x60.png 300w, https:\/\/costablanca-magazin.com\/wp-content\/uploads\/2026\/08\/sonnenzeit-banner-768x154.png 768w, https:\/\/costablanca-magazin.com\/wp-content\/uploads\/2026\/08\/sonnenzeit-banner-1536x307.png 1536w, https:\/\/costablanca-magazin.com\/wp-content\/uploads\/2026\/08\/sonnenzeit-banner-2048x410.png 2048w, https:\/\/costablanca-magazin.com\/wp-content\/uploads\/2026\/08\/sonnenzeit-banner-18x4.png 18w\" sizes=\"(max-width: 800px) 100vw, 800px\" \/>\t\t\t\t\t\t\t\t\t\t\t\t\t\t\t<\/div>\n\t\t\t\t<\/div>\n\t\t\t\t\t<\/div>\n\t\t\t\t<\/div>\n\t\t\t\t<\/div>","protected":false},"excerpt":{"rendered":"<p>Tagesausfl\u00fcge ab D\u00e9nia: Von X\u00e0tiva bis Formentera X\u00e0tiva, die Canelobre-H\u00f6hlen, Villajoyosa oder Formentera: SonnenZeit organisiert Tagesausfl\u00fcge ab D\u00e9nia mit Bus, festem Programm und deutschsprachiger Reiseleitung \u2013 f\u00fcr alle, die besondere Ziele in der Region und dar\u00fcber hinaus bequem entdecken m\u00f6chten. Manche Ziele liegen seit Jahren praktisch vor der Haust\u00fcr \u2013 und trotzdem war man noch [&hellip;]<\/p>\n","protected":false},"author":5,"featured_media":12105,"comment_status":"closed","ping_status":"closed","sticky":false,"template":"elementor_header_footer","format":"standard","meta":{"footnotes":""},"categories":[982],"tags":[1762],"class_list":["post-12104","post","type-post","status-publish","format-standard","has-post-thumbnail","hentry","category-business-service","tag-ausfluege-costa-blanca"],"aioseo_notices":[],"aioseo_head":"\n\t\t<!-- All in One SEO Pro 5.0.1.1 - aioseo.com -->\n\t<meta name=\"description\" content=\"Tagesausfl\u00fcge ab D\u00e9nia zu Zielen an der Costa Blanca und dar\u00fcber hinaus: SonnenZeit organisiert Busfahrten mit Programm und deutschsprachiger Reiseleitung.\" \/>\n\t<meta name=\"robots\" content=\"max-snippet:-1, max-image-preview:large, max-video-preview:-1\" \/>\n\t<meta name=\"author\" content=\"Brandet Content\"\/>\n\t<link rel=\"canonical\" href=\"https:\/\/costablanca-magazin.com\/fr\/lokales\/business-service\/tagesausfluege-ab-denia-von-xativa-bis-formentera\/\" \/>\n\t<meta name=\"generator\" content=\"All in One SEO Pro (AIOSEO) 5.0.1.1\" \/>\n\t\t<meta property=\"og:locale\" content=\"fr_FR\" \/>\n\t\t<meta property=\"og:site_name\" content=\"Costa Blanca Magazin\" \/>\n\t\t<meta property=\"og:type\" content=\"article\" \/>\n\t\t<meta property=\"og:title\" content=\"Tagesausfl\u00fcge ab D\u00e9nia: Mit SonnenZeit unterwegs\" \/>\n\t\t<meta property=\"og:description\" content=\"Tagesausfl\u00fcge ab D\u00e9nia zu Zielen an der Costa Blanca und dar\u00fcber hinaus: SonnenZeit organisiert Busfahrten mit Programm und deutschsprachiger Reiseleitung.\" \/>\n\t\t<meta property=\"og:url\" content=\"https:\/\/costablanca-magazin.com\/fr\/lokales\/business-service\/tagesausfluege-ab-denia-von-xativa-bis-formentera\/\" \/>\n\t\t<meta property=\"og:image\" content=\"https:\/\/costablanca-magazin.com\/wp-content\/uploads\/2026\/08\/sonnenzeit-logo.png\" \/>\n\t\t<meta property=\"og:image:secure_url\" content=\"https:\/\/costablanca-magazin.com\/wp-content\/uploads\/2026\/08\/sonnenzeit-logo.png\" \/>\n\t\t<meta property=\"og:image:width\" content=\"800\" \/>\n\t\t<meta property=\"og:image:height\" content=\"500\" \/>\n\t\t<meta property=\"article:published_time\" content=\"2026-08-31T12:00:00+00:00\" \/>\n\t\t<meta property=\"article:modified_time\" content=\"2026-08-31T11:34:21+00:00\" \/>\n\t\t<meta property=\"article:publisher\" content=\"https:\/\/www.facebook.com\/costablancalifestyle\/\" \/>\n\t\t<meta name=\"twitter:card\" content=\"summary_large_image\" \/>\n\t\t<meta name=\"twitter:title\" content=\"Tagesausfl\u00fcge ab D\u00e9nia: Mit SonnenZeit unterwegs\" \/>\n\t\t<meta name=\"twitter:description\" content=\"Tagesausfl\u00fcge ab D\u00e9nia zu Zielen an der Costa Blanca und dar\u00fcber hinaus: SonnenZeit organisiert Busfahrten mit Programm und deutschsprachiger Reiseleitung.\" \/>\n\t\t<meta name=\"twitter:image\" content=\"https:\/\/costablanca-magazin.com\/wp-content\/uploads\/2026\/08\/sonnenzeit-logo.png\" \/>\n\t\t<script type=\"application\/ld+json\" class=\"aioseo-schema\">\n\t\t\t{\"@context\":\"https:\\\/\\\/schema.org\",\"@graph\":[{\"@type\":\"BreadcrumbList\",\"@id\":\"https:\\\/\\\/costablanca-magazin.com\\\/fr\\\/lokales\\\/business-service\\\/tagesausfluege-ab-denia-von-xativa-bis-formentera\\\/#breadcrumblist\",\"itemListElement\":[{\"@type\":\"ListItem\",\"@id\":\"https:\\\/\\\/costablanca-magazin.com\\\/fr#listItem\",\"position\":1,\"name\":\"Home\",\"item\":\"https:\\\/\\\/costablanca-magazin.com\\\/fr\",\"nextItem\":{\"@type\":\"ListItem\",\"@id\":\"https:\\\/\\\/costablanca-magazin.com\\\/fr\\\/local\\\/#listItem\",\"name\":\"Lokales\"}},{\"@type\":\"ListItem\",\"@id\":\"https:\\\/\\\/costablanca-magazin.com\\\/fr\\\/local\\\/#listItem\",\"position\":2,\"name\":\"Lokales\",\"item\":\"https:\\\/\\\/costablanca-magazin.com\\\/fr\\\/local\\\/\",\"nextItem\":{\"@type\":\"ListItem\",\"@id\":\"https:\\\/\\\/costablanca-magazin.com\\\/fr\\\/services-aux-entreprises\\\/#listItem\",\"name\":\"Business &amp; Service\"},\"previousItem\":{\"@type\":\"ListItem\",\"@id\":\"https:\\\/\\\/costablanca-magazin.com\\\/fr#listItem\",\"name\":\"Home\"}},{\"@type\":\"ListItem\",\"@id\":\"https:\\\/\\\/costablanca-magazin.com\\\/fr\\\/services-aux-entreprises\\\/#listItem\",\"position\":3,\"name\":\"Business &amp; Service\",\"item\":\"https:\\\/\\\/costablanca-magazin.com\\\/fr\\\/services-aux-entreprises\\\/\",\"nextItem\":{\"@type\":\"ListItem\",\"@id\":\"https:\\\/\\\/costablanca-magazin.com\\\/fr\\\/lokales\\\/business-service\\\/tagesausfluege-ab-denia-von-xativa-bis-formentera\\\/#listItem\",\"name\":\"Tagesausfl\\u00fcge ab D\\u00e9nia: Von X\\u00e0tiva bis Formentera\"},\"previousItem\":{\"@type\":\"ListItem\",\"@id\":\"https:\\\/\\\/costablanca-magazin.com\\\/fr\\\/local\\\/#listItem\",\"name\":\"Lokales\"}},{\"@type\":\"ListItem\",\"@id\":\"https:\\\/\\\/costablanca-magazin.com\\\/fr\\\/lokales\\\/business-service\\\/tagesausfluege-ab-denia-von-xativa-bis-formentera\\\/#listItem\",\"position\":4,\"name\":\"Tagesausfl\\u00fcge ab D\\u00e9nia: Von X\\u00e0tiva bis Formentera\",\"previousItem\":{\"@type\":\"ListItem\",\"@id\":\"https:\\\/\\\/costablanca-magazin.com\\\/fr\\\/services-aux-entreprises\\\/#listItem\",\"name\":\"Business &amp; Service\"}}]},{\"@type\":\"NewsArticle\",\"@id\":\"https:\\\/\\\/costablanca-magazin.com\\\/fr\\\/lokales\\\/business-service\\\/tagesausfluege-ab-denia-von-xativa-bis-formentera\\\/#article\",\"name\":\"Tagesausfl\\u00fcge ab D\\u00e9nia: Von X\\u00e0tiva bis Formentera\",\"headline\":\"Tagesausfl\\u00fcge ab D\\u00e9nia: Von X\\u00e0tiva bis Formentera\",\"author\":{\"@id\":\"https:\\\/\\\/costablanca-magazin.com\\\/fr\\\/author\\\/brandet\\\/#author\"},\"publisher\":{\"@id\":\"https:\\\/\\\/costablanca-magazin.com\\\/fr\\\/#organization\"},\"image\":{\"@type\":\"ImageObject\",\"url\":\"https:\\\/\\\/costablanca-magazin.com\\\/wp-content\\\/uploads\\\/2026\\\/08\\\/sonnenzeit-logo.png\",\"width\":800,\"height\":500,\"caption\":\"Tagesausfl\\u00fcge ab D\\u00e9nia: Von X\\u00e0tiva bis Formentera\"},\"datePublished\":\"2026-08-31T14:00:00+02:00\",\"dateModified\":\"2026-08-31T13:34:21+02:00\",\"inLanguage\":\"fr-FR\",\"mainEntityOfPage\":{\"@id\":\"https:\\\/\\\/costablanca-magazin.com\\\/fr\\\/lokales\\\/business-service\\\/tagesausfluege-ab-denia-von-xativa-bis-formentera\\\/#webpage\"},\"isPartOf\":{\"@id\":\"https:\\\/\\\/costablanca-magazin.com\\\/fr\\\/lokales\\\/business-service\\\/tagesausfluege-ab-denia-von-xativa-bis-formentera\\\/#webpage\"},\"articleSection\":\"Business &amp; Service, Ausfl\\u00fcge Costa Blanca\"},{\"@type\":\"Person\",\"@id\":\"https:\\\/\\\/costablanca-magazin.com\\\/fr\\\/author\\\/brandet\\\/#author\",\"url\":\"https:\\\/\\\/costablanca-magazin.com\\\/fr\\\/author\\\/brandet\\\/\",\"name\":\"Brandet Content\",\"description\":\"Dieser Beitrag wurde im Auftrag eines Kunden ver\\u00f6ffentlicht und ist als Kunden-PR \\\/ Branded Content gekennzeichnet.\",\"jobTitle\":\"Dieser Beitrag wurde im Auftrag eines Kunden ver\\u00f6ffentlicht und ist als Kunden-PR \\\/ Branded Content gekennzeichnet.\"},{\"@type\":\"WebPage\",\"@id\":\"https:\\\/\\\/costablanca-magazin.com\\\/fr\\\/lokales\\\/business-service\\\/tagesausfluege-ab-denia-von-xativa-bis-formentera\\\/#webpage\",\"url\":\"https:\\\/\\\/costablanca-magazin.com\\\/fr\\\/lokales\\\/business-service\\\/tagesausfluege-ab-denia-von-xativa-bis-formentera\\\/\",\"name\":\"Tagesausfl\\u00fcge ab D\\u00e9nia: Mit SonnenZeit unterwegs\",\"description\":\"Tagesausfl\\u00fcge ab D\\u00e9nia zu Zielen an der Costa Blanca und dar\\u00fcber hinaus: SonnenZeit organisiert Busfahrten mit Programm und deutschsprachiger Reiseleitung.\",\"inLanguage\":\"fr-FR\",\"isPartOf\":{\"@id\":\"https:\\\/\\\/costablanca-magazin.com\\\/fr\\\/#website\"},\"breadcrumb\":{\"@id\":\"https:\\\/\\\/costablanca-magazin.com\\\/fr\\\/lokales\\\/business-service\\\/tagesausfluege-ab-denia-von-xativa-bis-formentera\\\/#breadcrumblist\"},\"author\":{\"@id\":\"https:\\\/\\\/costablanca-magazin.com\\\/fr\\\/author\\\/brandet\\\/#author\"},\"creator\":{\"@id\":\"https:\\\/\\\/costablanca-magazin.com\\\/fr\\\/author\\\/brandet\\\/#author\"},\"image\":{\"@type\":\"ImageObject\",\"url\":\"https:\\\/\\\/costablanca-magazin.com\\\/wp-content\\\/uploads\\\/2026\\\/08\\\/sonnenzeit-logo.png\",\"@id\":\"https:\\\/\\\/costablanca-magazin.com\\\/fr\\\/lokales\\\/business-service\\\/tagesausfluege-ab-denia-von-xativa-bis-formentera\\\/#mainImage\",\"width\":800,\"height\":500,\"caption\":\"Tagesausfl\\u00fcge ab D\\u00e9nia: Von X\\u00e0tiva bis Formentera\"},\"primaryImageOfPage\":{\"@id\":\"https:\\\/\\\/costablanca-magazin.com\\\/fr\\\/lokales\\\/business-service\\\/tagesausfluege-ab-denia-von-xativa-bis-formentera\\\/#mainImage\"},\"datePublished\":\"2026-08-31T14:00:00+02:00\",\"dateModified\":\"2026-08-31T13:34:21+02:00\",\"mainEntity\":{\"@id\":\"https:\\\/\\\/costablanca-magazin.com\\\/fr\\\/lokales\\\/business-service\\\/tagesausfluege-ab-denia-von-xativa-bis-formentera\\\/#article\"}},{\"@type\":\"WebSite\",\"@id\":\"https:\\\/\\\/costablanca-magazin.com\\\/fr\\\/#website\",\"url\":\"https:\\\/\\\/costablanca-magazin.com\\\/fr\\\/\",\"name\":\"Costa Blanca Magazin\",\"description\":\"Costa Blanca - alles um das Leben und die Freizeit an der K\\u00fcste\",\"inLanguage\":\"fr-FR\",\"publisher\":{\"@id\":\"https:\\\/\\\/costablanca-magazin.com\\\/fr\\\/#organization\"},\"potentialAction\":{\"@type\":\"SearchAction\",\"target\":\"https:\\\/\\\/costablanca-magazin.com\\\/fr\\\/?s={search_term_string}\",\"query-input\":\"required name=search_term_string\"}},{\"@type\":[\"Organization\",\"NewsMediaOrganization\"],\"@id\":\"https:\\\/\\\/costablanca-magazin.com\\\/fr\\\/#organization\",\"name\":\"Costa Blanca Magazin\",\"description\":\"Costa Blanca Magazin\",\"url\":\"https:\\\/\\\/costablanca-magazin.com\\\/fr\\\/\",\"email\":\"info@costablanca-magazin.com\",\"telephone\":\"+34 663 946 871\",\"logo\":{\"@type\":\"ImageObject\",\"url\":\"https:\\\/\\\/costablanca-magazin.com\\\/wp-content\\\/uploads\\\/2024\\\/05\\\/logo.jpg\",\"@id\":\"https:\\\/\\\/costablanca-magazin.com\\\/fr\\\/lokales\\\/business-service\\\/tagesausfluege-ab-denia-von-xativa-bis-formentera\\\/#organizationLogo\",\"width\":1605,\"height\":236,\"caption\":\"Costa Blanca Magazin\"},\"image\":{\"@id\":\"https:\\\/\\\/costablanca-magazin.com\\\/fr\\\/lokales\\\/business-service\\\/tagesausfluege-ab-denia-von-xativa-bis-formentera\\\/#organizationLogo\"},\"sameAs\":[\"https:\\\/\\\/www.facebook.com\\\/costablancalifestyle\\\/\",\"https:\\\/\\\/www.instagram.com\\\/costablancamagazin\\\/\"]}]}\n\t\t<\/script>\n\t\t<!-- All in One SEO Pro -->\r\n\t\t<title>Tagesausfl\u00fcge ab D\u00e9nia: Mit SonnenZeit unterwegs<\/title>\n\n","aioseo_head_json":{"title":"Excursions d'une journ\u00e9e au d\u00e9part de D\u00e9nia : en route avec SonnenZeit","description":"Tagesausfl\u00fcge ab D\u00e9nia zu Zielen an der Costa Blanca und dar\u00fcber hinaus: SonnenZeit organisiert Busfahrten mit Programm und deutschsprachiger Reiseleitung.","canonical_url":"https:\/\/costablanca-magazin.com\/fr\/lokales\/business-service\/tagesausfluege-ab-denia-von-xativa-bis-formentera\/","robots":"max-snippet:-1, max-image-preview:large, max-video-preview:-1","keywords":"","webmasterTools":{"miscellaneous":""},"schema":{"@context":"https:\/\/schema.org","@graph":[{"@type":"BreadcrumbList","@id":"https:\/\/costablanca-magazin.com\/fr\/lokales\/business-service\/tagesausfluege-ab-denia-von-xativa-bis-formentera\/#breadcrumblist","itemListElement":[{"@type":"ListItem","@id":"https:\/\/costablanca-magazin.com\/fr#listItem","position":1,"name":"Home","item":"https:\/\/costablanca-magazin.com\/fr","nextItem":{"@type":"ListItem","@id":"https:\/\/costablanca-magazin.com\/fr\/local\/#listItem","name":"Lokales"}},{"@type":"ListItem","@id":"https:\/\/costablanca-magazin.com\/fr\/local\/#listItem","position":2,"name":"Lokales","item":"https:\/\/costablanca-magazin.com\/fr\/local\/","nextItem":{"@type":"ListItem","@id":"https:\/\/costablanca-magazin.com\/fr\/services-aux-entreprises\/#listItem","name":"Business &amp; Service"},"previousItem":{"@type":"ListItem","@id":"https:\/\/costablanca-magazin.com\/fr#listItem","name":"Home"}},{"@type":"ListItem","@id":"https:\/\/costablanca-magazin.com\/fr\/services-aux-entreprises\/#listItem","position":3,"name":"Business &amp; Service","item":"https:\/\/costablanca-magazin.com\/fr\/services-aux-entreprises\/","nextItem":{"@type":"ListItem","@id":"https:\/\/costablanca-magazin.com\/fr\/lokales\/business-service\/tagesausfluege-ab-denia-von-xativa-bis-formentera\/#listItem","name":"Tagesausfl\u00fcge ab D\u00e9nia: Von X\u00e0tiva bis Formentera"},"previousItem":{"@type":"ListItem","@id":"https:\/\/costablanca-magazin.com\/fr\/local\/#listItem","name":"Lokales"}},{"@type":"ListItem","@id":"https:\/\/costablanca-magazin.com\/fr\/lokales\/business-service\/tagesausfluege-ab-denia-von-xativa-bis-formentera\/#listItem","position":4,"name":"Tagesausfl\u00fcge ab D\u00e9nia: Von X\u00e0tiva bis Formentera","previousItem":{"@type":"ListItem","@id":"https:\/\/costablanca-magazin.com\/fr\/services-aux-entreprises\/#listItem","name":"Business &amp; Service"}}]},{"@type":"NewsArticle","@id":"https:\/\/costablanca-magazin.com\/fr\/lokales\/business-service\/tagesausfluege-ab-denia-von-xativa-bis-formentera\/#article","name":"Tagesausfl\u00fcge ab D\u00e9nia: Von X\u00e0tiva bis Formentera","headline":"Tagesausfl\u00fcge ab D\u00e9nia: Von X\u00e0tiva bis Formentera","author":{"@id":"https:\/\/costablanca-magazin.com\/fr\/author\/brandet\/#author"},"publisher":{"@id":"https:\/\/costablanca-magazin.com\/fr\/#organization"},"image":{"@type":"ImageObject","url":"https:\/\/costablanca-magazin.com\/wp-content\/uploads\/2026\/08\/sonnenzeit-logo.png","width":800,"height":500,"caption":"Tagesausfl\u00fcge ab D\u00e9nia: Von X\u00e0tiva bis Formentera"},"datePublished":"2026-08-31T14:00:00+02:00","dateModified":"2026-08-31T13:34:21+02:00","inLanguage":"fr-FR","mainEntityOfPage":{"@id":"https:\/\/costablanca-magazin.com\/fr\/lokales\/business-service\/tagesausfluege-ab-denia-von-xativa-bis-formentera\/#webpage"},"isPartOf":{"@id":"https:\/\/costablanca-magazin.com\/fr\/lokales\/business-service\/tagesausfluege-ab-denia-von-xativa-bis-formentera\/#webpage"},"articleSection":"Business &amp; Service, Ausfl\u00fcge Costa Blanca"},{"@type":"Person","@id":"https:\/\/costablanca-magazin.com\/fr\/author\/brandet\/#author","url":"https:\/\/costablanca-magazin.com\/fr\/author\/brandet\/","name":"Brandet Content","description":"Dieser Beitrag wurde im Auftrag eines Kunden ver\u00f6ffentlicht und ist als Kunden-PR \/ Branded Content gekennzeichnet.","jobTitle":"Dieser Beitrag wurde im Auftrag eines Kunden ver\u00f6ffentlicht und ist als Kunden-PR \/ Branded Content gekennzeichnet."},{"@type":"WebPage","@id":"https:\/\/costablanca-magazin.com\/fr\/lokales\/business-service\/tagesausfluege-ab-denia-von-xativa-bis-formentera\/#webpage","url":"https:\/\/costablanca-magazin.com\/fr\/lokales\/business-service\/tagesausfluege-ab-denia-von-xativa-bis-formentera\/","name":"Tagesausfl\u00fcge ab D\u00e9nia: Mit SonnenZeit unterwegs","description":"Tagesausfl\u00fcge ab D\u00e9nia zu Zielen an der Costa Blanca und dar\u00fcber hinaus: SonnenZeit organisiert Busfahrten mit Programm und deutschsprachiger Reiseleitung.","inLanguage":"fr-FR","isPartOf":{"@id":"https:\/\/costablanca-magazin.com\/fr\/#website"},"breadcrumb":{"@id":"https:\/\/costablanca-magazin.com\/fr\/lokales\/business-service\/tagesausfluege-ab-denia-von-xativa-bis-formentera\/#breadcrumblist"},"author":{"@id":"https:\/\/costablanca-magazin.com\/fr\/author\/brandet\/#author"},"creator":{"@id":"https:\/\/costablanca-magazin.com\/fr\/author\/brandet\/#author"},"image":{"@type":"ImageObject","url":"https:\/\/costablanca-magazin.com\/wp-content\/uploads\/2026\/08\/sonnenzeit-logo.png","@id":"https:\/\/costablanca-magazin.com\/fr\/lokales\/business-service\/tagesausfluege-ab-denia-von-xativa-bis-formentera\/#mainImage","width":800,"height":500,"caption":"Tagesausfl\u00fcge ab D\u00e9nia: Von X\u00e0tiva bis Formentera"},"primaryImageOfPage":{"@id":"https:\/\/costablanca-magazin.com\/fr\/lokales\/business-service\/tagesausfluege-ab-denia-von-xativa-bis-formentera\/#mainImage"},"datePublished":"2026-08-31T14:00:00+02:00","dateModified":"2026-08-31T13:34:21+02:00","mainEntity":{"@id":"https:\/\/costablanca-magazin.com\/fr\/lokales\/business-service\/tagesausfluege-ab-denia-von-xativa-bis-formentera\/#article"}},{"@type":"WebSite","@id":"https:\/\/costablanca-magazin.com\/fr\/#website","url":"https:\/\/costablanca-magazin.com\/fr\/","name":"Costa Blanca Magazin","description":"Costa Blanca - alles um das Leben und die Freizeit an der K\u00fcste","inLanguage":"fr-FR","publisher":{"@id":"https:\/\/costablanca-magazin.com\/fr\/#organization"},"potentialAction":{"@type":"SearchAction","target":"https:\/\/costablanca-magazin.com\/fr\/?s={search_term_string}","query-input":"required name=search_term_string"}},{"@type":["Organization","NewsMediaOrganization"],"@id":"https:\/\/costablanca-magazin.com\/fr\/#organization","name":"Costa Blanca Magazin","description":"Costa Blanca Magazin","url":"https:\/\/costablanca-magazin.com\/fr\/","email":"info@costablanca-magazin.com","telephone":"+34 663 946 871","logo":{"@type":"ImageObject","url":"https:\/\/costablanca-magazin.com\/wp-content\/uploads\/2024\/05\/logo.jpg","@id":"https:\/\/costablanca-magazin.com\/fr\/lokales\/business-service\/tagesausfluege-ab-denia-von-xativa-bis-formentera\/#organizationLogo","width":1605,"height":236,"caption":"Costa Blanca Magazin"},"image":{"@id":"https:\/\/costablanca-magazin.com\/fr\/lokales\/business-service\/tagesausfluege-ab-denia-von-xativa-bis-formentera\/#organizationLogo"},"sameAs":["https:\/\/www.facebook.com\/costablancalifestyle\/","https:\/\/www.instagram.com\/costablancamagazin\/"]}]},"og:locale":"fr_FR","og:site_name":"Costa Blanca Magazin","og:type":"article","og:title":"Tagesausfl\u00fcge ab D\u00e9nia: Mit SonnenZeit unterwegs","og:description":"Tagesausfl\u00fcge ab D\u00e9nia zu Zielen an der Costa Blanca und dar\u00fcber hinaus: SonnenZeit organisiert Busfahrten mit Programm und deutschsprachiger Reiseleitung.","og:url":"https:\/\/costablanca-magazin.com\/fr\/lokales\/business-service\/tagesausfluege-ab-denia-von-xativa-bis-formentera\/","og:image":"https:\/\/costablanca-magazin.com\/wp-content\/uploads\/2026\/08\/sonnenzeit-logo.png","og:image:secure_url":"https:\/\/costablanca-magazin.com\/wp-content\/uploads\/2026\/08\/sonnenzeit-logo.png","og:image:width":800,"og:image:height":500,"article:published_time":"2026-08-31T12:00:00+00:00","article:modified_time":"2026-08-31T11:34:21+00:00","article:publisher":"https:\/\/www.facebook.com\/costablancalifestyle\/","twitter:card":"summary_large_image","twitter:title":"Tagesausfl\u00fcge ab D\u00e9nia: Mit SonnenZeit unterwegs","twitter:description":"Tagesausfl\u00fcge ab D\u00e9nia zu Zielen an der Costa Blanca und dar\u00fcber hinaus: SonnenZeit organisiert Busfahrten mit Programm und deutschsprachiger Reiseleitung.","twitter:image":"https:\/\/costablanca-magazin.com\/wp-content\/uploads\/2026\/08\/sonnenzeit-logo.png"},"aioseo_meta_data":{"post_id":"12104","title":"Excursions d'une journ\u00e9e au d\u00e9part de D\u00e9nia : en route avec SonnenZeit","description":"Tagesausfl\u00fcge ab D\u00e9nia zu Zielen an der Costa Blanca und dar\u00fcber hinaus: SonnenZeit organisiert Busfahrten mit Programm und deutschsprachiger Reiseleitung.","keywords":null,"keyphrases":{"focus":{"keyphrase":"","score":0,"analysis":{"keyphraseInTitle":{"score":0,"maxScore":9,"error":1}}},"additional":[]},"primary_term":null,"canonical_url":null,"og_title":null,"og_description":null,"og_object_type":"default","og_image_type":"default","og_image_url":null,"og_image_width":null,"og_image_height":null,"og_image_custom_url":null,"og_image_custom_fields":null,"og_video":"","og_custom_url":null,"og_article_section":null,"og_article_tags":null,"twitter_use_og":false,"twitter_card":"default","twitter_image_type":"default","twitter_image_url":null,"twitter_image_custom_url":null,"twitter_image_custom_fields":null,"twitter_title":null,"twitter_description":null,"schema":{"blockGraphs":[],"customGraphs":[],"default":{"data":{"Article":[],"Course":[],"Dataset":[],"FAQPage":[],"Movie":[],"Person":[],"Product":[],"ProductReview":[],"Car":[],"Recipe":[],"Service":[],"SoftwareApplication":[],"WebPage":[]},"graphName":"Article","isEnabled":true},"graphs":[]},"schema_type":"default","schema_type_options":null,"pillar_content":false,"robots_default":true,"robots_noindex":false,"robots_noarchive":false,"robots_nosnippet":false,"robots_nofollow":false,"robots_noimageindex":false,"robots_noodp":false,"robots_notranslate":false,"robots_max_snippet":"-1","robots_max_videopreview":"-1","robots_max_imagepreview":"large","priority":null,"frequency":"default","local_seo":null,"seo_analyzer_scan_date":"2026-08-31 12:01:13","breadcrumb_settings":null,"limit_modified_date":false,"reviewed_by":"0","open_ai":null,"ai":{"faqs":[],"keyPoints":[],"schemas":[],"titles":[],"descriptions":[],"socialPosts":{"email":{"subject":"","preview":"","content":""},"linkedin":[],"twitter":[],"facebook":[],"instagram":[]}},"created":"2026-08-31 11:29:03","updated":"2026-08-31 12:10:02","focus_keyword":null,"additional_keywords":null,"truseo_locale":null},"aioseo_breadcrumb":"<div class=\"aioseo-breadcrumbs\"><span class=\"aioseo-breadcrumb\">\n\t<a href=\"https:\/\/costablanca-magazin.com\/fr\" title=\"Home\">Home<\/a>\n<\/span><span class=\"aioseo-breadcrumb-separator\">&raquo;<\/span><span class=\"aioseo-breadcrumb\">\n\t<a href=\"https:\/\/costablanca-magazin.com\/fr\/local\/\" title=\"Lokales\">Lokales<\/a>\n<\/span><span class=\"aioseo-breadcrumb-separator\">&raquo;<\/span><span class=\"aioseo-breadcrumb\">\n\t<a href=\"https:\/\/costablanca-magazin.com\/fr\/services-aux-entreprises\/\" title=\"Business &amp; Service\">Business &amp; Service<\/a>\n<\/span><span class=\"aioseo-breadcrumb-separator\">&raquo;<\/span><span class=\"aioseo-breadcrumb\">\n\tTagesausfl\u00fcge ab D\u00e9nia: Von X\u00e0tiva bis Formentera\n<\/span><\/div>","aioseo_breadcrumb_json":[{"label":"Home","link":"https:\/\/costablanca-magazin.com\/fr"},{"label":"Lokales","link":"https:\/\/costablanca-magazin.com\/fr\/local\/"},{"label":"Business &amp; Service","link":"https:\/\/costablanca-magazin.com\/fr\/services-aux-entreprises\/"},{"label":"Tagesausfl\u00fcge ab D\u00e9nia: Von X\u00e0tiva bis Formentera","link":"https:\/\/costablanca-magazin.com\/fr\/lokales\/business-service\/tagesausfluege-ab-denia-von-xativa-bis-formentera\/"}],"_links":{"self":[{"href":"https:\/\/costablanca-magazin.com\/fr\/wp-json\/wp\/v2\/posts\/12104","targetHints":{"allow":["GET"]}}],"collection":[{"href":"https:\/\/costablanca-magazin.com\/fr\/wp-json\/wp\/v2\/posts"}],"about":[{"href":"https:\/\/costablanca-magazin.com\/fr\/wp-json\/wp\/v2\/types\/post"}],"author":[{"embeddable":true,"href":"https:\/\/costablanca-magazin.com\/fr\/wp-json\/wp\/v2\/users\/5"}],"replies":[{"embeddable":true,"href":"https:\/\/costablanca-magazin.com\/fr\/wp-json\/wp\/v2\/comments?post=12104"}],"version-history":[{"count":7,"href":"https:\/\/costablanca-magazin.com\/fr\/wp-json\/wp\/v2\/posts\/12104\/revisions"}],"predecessor-version":[{"id":12113,"href":"https:\/\/costablanca-magazin.com\/fr\/wp-json\/wp\/v2\/posts\/12104\/revisions\/12113"}],"wp:featuredmedia":[{"embeddable":true,"href":"https:\/\/costablanca-magazin.com\/fr\/wp-json\/wp\/v2\/media\/12105"}],"wp:attachment":[{"href":"https:\/\/costablanca-magazin.com\/fr\/wp-json\/wp\/v2\/media?parent=12104"}],"wp:term":[{"taxonomy":"category","embeddable":true,"href":"https:\/\/costablanca-magazin.com\/fr\/wp-json\/wp\/v2\/categories?post=12104"},{"taxonomy":"post_tag","embeddable":true,"href":"https:\/\/costablanca-magazin.com\/fr\/wp-json\/wp\/v2\/tags?post=12104"}],"curies":[{"name":"wp","href":"https:\/\/api.w.org\/{rel}","templated":true}]}}