{"id":11801,"date":"2026-07-01T16:30:00","date_gmt":"2026-07-01T14:30:00","guid":{"rendered":"https:\/\/costablanca-magazin.com\/?p=11801"},"modified":"2026-07-08T11:03:18","modified_gmt":"2026-07-08T09:03:18","slug":"mueller-ouvre-une-nouvelle-succursale-a-calpe-sur-la-costa-blanca","status":"publish","type":"post","link":"https:\/\/costablanca-magazin.com\/fr\/lokales\/business-service\/mueller-eroeffnet-neue-filiale-in-calpe-an-der-costa-blanca\/","title":{"rendered":"M\u00fcller ouvre une nouvelle succursale \u00e0 Calpe, sur la Costa Blanca"},"content":{"rendered":"<div data-elementor-type=\"wp-post\" data-elementor-id=\"11801\" class=\"elementor elementor-11801\" data-elementor-post-type=\"post\">\n\t\t\t\t<div class=\"elementor-element elementor-element-dd54390 e-flex e-con-boxed e-con e-parent\" data-id=\"dd54390\" data-element_type=\"container\" data-e-type=\"container\">\n\t\t\t\t\t<div class=\"e-con-inner\">\n\t\t\t\t<div class=\"elementor-element elementor-element-d816cb3 elementor-widget elementor-widget-heading\" data-id=\"d816cb3\" data-element_type=\"widget\" data-e-type=\"widget\" data-widget_type=\"heading.default\">\n\t\t\t\t<div class=\"elementor-widget-container\">\n\t\t\t\t\t<h1 class=\"elementor-heading-title elementor-size-default\">M\u00fcller ouvre ses portes \u00e0 Calpe : 1 500 m\u00e8tres carr\u00e9s d\u00e9di\u00e9s au quotidien, \u00e0 la famille et \u00e0 la maison\n\n<\/h1>\t\t\t\t<\/div>\n\t\t\t\t<\/div>\n\t\t\t\t<div class=\"elementor-element elementor-element-640796e elementor-widget elementor-widget-heading\" data-id=\"640796e\" data-element_type=\"widget\" data-e-type=\"widget\" data-widget_type=\"heading.default\">\n\t\t\t\t<div class=\"elementor-widget-container\">\n\t\t\t\t\t<p class=\"elementor-heading-title elementor-size-default\">M\u00fcller ouvre \u00e0 Calpe sa troisi\u00e8me succursale sur le continent espagnol. 1 500 m\u00e8tres carr\u00e9s, des places de parking, des promotions d'ouverture et un assortiment de produits pour le quotidien.\n\n<\/p>\t\t\t\t<\/div>\n\t\t\t\t<\/div>\n\t\t\t\t<div class=\"elementor-element elementor-element-7c26e41 elementor-widget elementor-widget-image\" data-id=\"7c26e41\" data-element_type=\"widget\" data-e-type=\"widget\" data-widget_type=\"image.default\">\n\t\t\t\t<div class=\"elementor-widget-container\">\n\t\t\t\t\t\t\t\t\t\t\t\t\t\t\t<img fetchpriority=\"high\" decoding=\"async\" width=\"1000\" height=\"327\" src=\"https:\/\/costablanca-magazin.com\/wp-content\/uploads\/2026\/07\/Mueller-logo-e1782915546440.jpeg\" class=\"attachment-full size-full wp-image-11810\" alt=\"Logo M\u00fcller\" srcset=\"https:\/\/costablanca-magazin.com\/wp-content\/uploads\/2026\/07\/Mueller-logo-e1782915546440.jpeg 1000w, https:\/\/costablanca-magazin.com\/wp-content\/uploads\/2026\/07\/Mueller-logo-e1782915546440-300x98.jpeg 300w, https:\/\/costablanca-magazin.com\/wp-content\/uploads\/2026\/07\/Mueller-logo-e1782915546440-768x251.jpeg 768w, https:\/\/costablanca-magazin.com\/wp-content\/uploads\/2026\/07\/Mueller-logo-e1782915546440-18x6.jpeg 18w\" sizes=\"(max-width: 1000px) 100vw, 1000px\" \/>\t\t\t\t\t\t\t\t\t\t\t\t\t\t\t<\/div>\n\t\t\t\t<\/div>\n\t\t\t\t\t<\/div>\n\t\t\t\t<\/div>\n\t\t<div class=\"elementor-element elementor-element-3899993 e-flex e-con-boxed e-con e-parent\" data-id=\"3899993\" data-element_type=\"container\" data-e-type=\"container\">\n\t\t\t\t\t<div class=\"e-con-inner\">\n\t\t<div class=\"elementor-element elementor-element-b5ab1b5 e-con-full e-flex e-con e-child\" data-id=\"b5ab1b5\" data-element_type=\"container\" data-e-type=\"container\">\n\t\t\t\t<div class=\"elementor-element elementor-element-1aac642 elementor-widget elementor-widget-text-editor\" data-id=\"1aac642\" data-element_type=\"widget\" data-e-type=\"widget\" data-widget_type=\"text-editor.default\">\n\t\t\t\t<div class=\"elementor-widget-container\">\n\t\t\t\t\t\t\t\t\t<p><span data-olk-copy-source=\"MessageBody\">La cha\u00eene de magasins allemande M\u00fcller continue de renforcer sa pr\u00e9sence en Espagne. \u00c0 Calpe, l'entreprise ouvre une nouvelle succursale sur l'Avenida Ruman\u00eda, proposant un large assortiment, des places de parking gratuites pour les clients et des promotions sp\u00e9ciales pour marquer son ouverture.<\/span><\/p><h2><b>Ouverture d'une nouvelle succursale M\u00fcller \u00e0 Calpe<\/b><\/h2><p>Avec cette nouvelle ouverture \u00e0 Calpe, la Marina Alta s'enrichit d'un nouveau grand magasin d\u00e9di\u00e9 aux produits de consommation courante. La cha\u00eene de distribution allemande M\u00fcller a inaugur\u00e9 sa nouvelle succursale sur l'Avenida Ruman\u00eda, poursuivant ainsi sa strat\u00e9gie d'expansion sur le continent espagnol.<\/p><p>Selon les informations fournies par l'entreprise, il s'agit de la troisi\u00e8me succursale M\u00fcller sur le continent espagnol. La cha\u00eene est pr\u00e9sente en Espagne depuis plus de 30 ans ; M\u00fcller avait alors fait ses d\u00e9buts \u00e0 Majorque. Aujourd'hui, l'entreprise exploite 18 points de vente \u00e0 travers tout le pays.<\/p><p>La nouvelle succursale de Calpe s'\u00e9tend sur environ 1 500 m\u00e8tres carr\u00e9s de surface de vente. Le magasin est moderne, lumineux et con\u00e7u pour faciliter la circulation. Les clients y trouveront sous un m\u00eame toit des articles de droguerie, de parfumerie, des cosm\u00e9tiques, de la papeterie, des jouets, des produits alimentaires bio, des compl\u00e9ments alimentaires pour sportifs, des articles m\u00e9nagers, du multim\u00e9dia, des livres et des produits pour animaux.<\/p><h2><b>Plus de 190 000 articles r\u00e9unis sous un m\u00eame toit<\/b><\/h2><p>L'un des points forts de ce nouveau magasin r\u00e9side dans la grande diversit\u00e9 de son assortiment. M\u00fcller regroupe diff\u00e9rents rayons qui, habituellement, sont souvent r\u00e9partis entre plusieurs magasins. Pour de nombreux clients de Calpe, de la Marina Alta et de la Costa Blanca, c'est surtout cette diversit\u00e9 qui devrait susciter l'int\u00e9r\u00eat : les achats quotidiens, les produits de soin, les articles m\u00e9nagers, les produits pour animaux et les id\u00e9es cadeaux peuvent \u00eatre trouv\u00e9s en un seul et m\u00eame endroit.<\/p><p>La nouvelle succursale propose notamment les services suivants :<\/p><ul type=\"disc\"><li>une boutique bio proposant des cosm\u00e9tiques naturels, des produits bio et des compl\u00e9ments alimentaires<\/li><li>une animalerie proposant de la nourriture, des accessoires et des produits pour animaux de compagnie<\/li><li>un rayon parfumerie et cosm\u00e9tiques proposant des marques internationales et exclusives<\/li><li>Rayons papeterie, jouets, articles m\u00e9nagers, alimentation, livres et multim\u00e9dia<\/li><\/ul><p>La nouvelle succursale s'adresse ainsi non seulement aux familles, mais aussi aux r\u00e9sidents, aux propri\u00e9taires d'animaux et aux clients \u00e0 la recherche d'un large choix de produits pour le quotidien.<\/p><h2><b>Offres de lancement \u00e0 Calpe<\/b><\/h2><p>Pour marquer le coup, M\u00fcller organise plusieurs promotions \u00e0 l'occasion de cette r\u00e9ouverture. Selon les informations fournies par l'entreprise, les clients b\u00e9n\u00e9ficieront d'une remise de 20 % sur l'ensemble de la gamme pendant les trois premiers jours suivant l'ouverture.<\/p><p>De plus, la boutique propose une roue de la fortune avec des gains garantis ainsi que d'autres surprises pour les visiteurs. Ces promotions sont organis\u00e9es \u00e0 l'occasion de l'ouverture de la nouvelle boutique M\u00fcller \u00e0 Calpe.<\/p><h2><b>Accessible \u00e0 tous, bien agenc\u00e9 et ouvert tous les jours<\/b><\/h2><p>Selon M. M\u00fcller, l'am\u00e9nagement de la nouvelle succursale a \u00e9t\u00e9 pens\u00e9 pour offrir une exp\u00e9rience d'achat agr\u00e9able. De larges all\u00e9es, une signal\u00e9tique claire et des acc\u00e8s sans obstacle sont destin\u00e9s \u00e0 faciliter la visite. Des places de parking gratuites sont \u00e9galement mises \u00e0 la disposition des clients.<\/p><p>La nouvelle succursale M\u00fcller de Calpe est ouverte sept jours sur sept. Elle est ouverte sans interruption du lundi au dimanche, de 9 h \u00e0 22 h.<\/p>\t\t\t\t\t\t\t\t<\/div>\n\t\t\t\t<\/div>\n\t\t\t\t<\/div>\n\t\t<div class=\"elementor-element elementor-element-660efea e-con-full e-flex e-con e-child\" data-id=\"660efea\" data-element_type=\"container\" data-e-type=\"container\">\n\t\t\t\t<div class=\"elementor-element elementor-element-82ea6c0 elementor-widget elementor-widget-text-editor\" data-id=\"82ea6c0\" data-element_type=\"widget\" data-e-type=\"widget\" data-widget_type=\"text-editor.default\">\n\t\t\t\t<div class=\"elementor-widget-container\">\n\t\t\t\t\t\t\t\t\t<h2><b>\u00a0<\/b><b>\u201e Nous sommes ravis de faire d\u00e9sormais partie de Calpe \u201c<\/b><\/h2><p>La responsable du magasin, Mme S\u00e1ez, souligne l'engagement de l'\u00e9quipe au cours des derniers mois : \u201e Notre objectif \u00e9tait de cr\u00e9er un magasin accueillant et confortable, proposant une grande vari\u00e9t\u00e9 de produits. Toute l'\u00e9quipe a travaill\u00e9 avec beaucoup de d\u00e9vouement pour offrir \u00e0 nos clients une excellente exp\u00e9rience d'achat d\u00e8s le premier jour. Nous sommes tr\u00e8s heureux de faire d\u00e9sormais partie de Calpe. \u201c<\/p><h2><b>M\u00fcller poursuit sa croissance en Espagne<\/b><\/h2><p>Fond\u00e9e en Allemagne en 1953, M\u00fcller est pass\u00e9e du statut de droguerie familiale \u00e0 celui de l'une des plus grandes cha\u00eenes de distribution d'Europe. Aujourd'hui, selon ses propres informations, l'entreprise exploite plus de 950 magasins dans neuf pays et emploie plus de 35 000 personnes.<\/p><p>M\u00fcller est pr\u00e9sent en Espagne depuis plus de trois d\u00e9cennies. La cha\u00eene est particuli\u00e8rement bien implant\u00e9e \u00e0 Majorque, o\u00f9 l'entreprise a fait ses d\u00e9buts en Espagne. Avec cette nouvelle succursale \u00e0 Calpe, M\u00fcller renforce d\u00e9sormais sa pr\u00e9sence dans la Communaut\u00e9 autonome de Valence.<\/p><h2><b>D'autres succursales sont pr\u00e9vues pour 2026<\/b><\/h2><p>L'ouverture \u00e0 Calpe s'inscrit dans le cadre d'un vaste plan d'expansion en Espagne. Selon les informations fournies par l'entreprise, M\u00fcller pr\u00e9voit l'ouverture de trois autres magasins en 2026. Cela inclut \u00e9galement son entr\u00e9e sur le march\u00e9 de la Communaut\u00e9 autonome de Madrid.<\/p><p>\u201e L'Espagne est un march\u00e9 \u00e0 fort potentiel pour M\u00fcller. Notre objectif est de poursuivre notre croissance durable dans les ann\u00e9es \u00e0 venir et d\u2019ouvrir de nouvelles succursales dans diff\u00e9rentes r\u00e9gions du pays. Ce faisant, nous restons fid\u00e8les \u00e0 nos valeurs fondamentales : une qualit\u00e9 de service \u00e9lev\u00e9e, une grande diversit\u00e9 de produits et la proximit\u00e9 avec les clients, qui caract\u00e9risent M\u00fcller \u201c, explique la direction de M\u00fcller Espagne.<\/p><p>Avec cette nouvelle succursale \u00e0 Calpe, l'entreprise poursuit son d\u00e9veloppement sur la Costa Blanca et propose d\u00e9sormais son concept commercial aux clients de la Marina Alta.<\/p>\t\t\t\t\t\t\t\t<\/div>\n\t\t\t\t<\/div>\n\t\t\t\t<div class=\"elementor-element elementor-element-eef0ea3 elementor-widget elementor-widget-heading\" data-id=\"eef0ea3\" data-element_type=\"widget\" data-e-type=\"widget\" data-widget_type=\"heading.default\">\n\t\t\t\t<div class=\"elementor-widget-container\">\n\t\t\t\t\t<h2 class=\"elementor-heading-title elementor-size-default\">Encadr\u00e9 : M\u00fcller Calpe<\/h2>\t\t\t\t<\/div>\n\t\t\t\t<\/div>\n\t\t\t\t<div class=\"elementor-element elementor-element-7abd7aa elementor-widget elementor-widget-text-editor\" data-id=\"7abd7aa\" data-element_type=\"widget\" data-e-type=\"widget\" data-widget_type=\"text-editor.default\">\n\t\t\t\t<div class=\"elementor-widget-container\">\n\t\t\t\t\t\t\t\t\t<p><b><span lang=\"es\">Adresse :<\/span><\/b><span lang=\"es\"><br \/>Avenida Ruman\u00eda, Calpe<\/span><\/p><p><b>Surface de vente :<\/b><br \/>environ 1 500 m\u00e8tres carr\u00e9s<\/p><p><b>Gamme :<\/b><br \/>Produits de droguerie, parfumerie, cosm\u00e9tiques, papeterie, jouets, produits bio, nutrition sportive, articles m\u00e9nagers, multim\u00e9dia, livres et articles pour animaux<\/p><p><b>Horaires d'ouverture :<\/b><br \/>Du lundi au dimanche, de 9 h \u00e0 22 h<\/p><p><b>Service :<\/b><br \/>parkings gratuits pour les clients, acc\u00e8s sans obstacle, larges all\u00e9es<\/p><p><b>Offre de lancement :<\/b><br \/>20 % de r\u00e9duction sur l'ensemble de la gamme pendant les trois premiers jours d'ouverture<\/p>\t\t\t\t\t\t\t\t<\/div>\n\t\t\t\t<\/div>\n\t\t\t\t<\/div>\n\t\t\t\t\t<\/div>\n\t\t\t\t<\/div>\n\t\t<div class=\"elementor-element elementor-element-03630a4 e-flex e-con-boxed e-con e-parent\" data-id=\"03630a4\" data-element_type=\"container\" data-e-type=\"container\">\n\t\t\t\t\t<div class=\"e-con-inner\">\n\t\t\t\t<div class=\"elementor-element elementor-element-8afe2fb elementor-widget elementor-widget-gallery\" data-id=\"8afe2fb\" data-element_type=\"widget\" data-e-type=\"widget\" data-settings=\"{&quot;gallery_layout&quot;:&quot;justified&quot;,&quot;gap&quot;:{&quot;unit&quot;:&quot;px&quot;,&quot;size&quot;:4,&quot;sizes&quot;:[]},&quot;lazyload&quot;:&quot;yes&quot;,&quot;ideal_row_height&quot;:{&quot;unit&quot;:&quot;px&quot;,&quot;size&quot;:200,&quot;sizes&quot;:[]},&quot;ideal_row_height_tablet&quot;:{&quot;unit&quot;:&quot;px&quot;,&quot;size&quot;:150,&quot;sizes&quot;:[]},&quot;ideal_row_height_mobile&quot;:{&quot;unit&quot;:&quot;px&quot;,&quot;size&quot;:150,&quot;sizes&quot;:[]},&quot;gap_tablet&quot;:{&quot;unit&quot;:&quot;px&quot;,&quot;size&quot;:10,&quot;sizes&quot;:[]},&quot;gap_mobile&quot;:{&quot;unit&quot;:&quot;px&quot;,&quot;size&quot;:10,&quot;sizes&quot;:[]},&quot;link_to&quot;:&quot;file&quot;,&quot;overlay_background&quot;:&quot;yes&quot;,&quot;content_hover_animation&quot;:&quot;fade-in&quot;}\" data-widget_type=\"gallery.default\">\n\t\t\t\t<div class=\"elementor-widget-container\">\n\t\t\t\t\t\t\t<div class=\"elementor-gallery__container\">\n\t\t\t\t\t\t\t<a class=\"e-gallery-item elementor-gallery-item elementor-animated-content\" href=\"https:\/\/costablanca-magazin.com\/wp-content\/uploads\/2026\/07\/Die-neue-Filiale-ist-auf-den-Einkauf-fuer-Familien-Residenten-und-Kunden-aus-der-Region-ausgerichtet-mueller.jpg\" data-elementor-open-lightbox=\"yes\" data-elementor-lightbox-slideshow=\"8afe2fb\" data-elementor-lightbox-title=\"Die neue Filiale ist auf den Einkauf f\u00fcr Familien Residenten und Kunden aus der Region ausgerichtet m\u00fcller\" data-elementor-lightbox-description=\"Die neue Filiale ist auf den Einkauf f\u00fcr Familien Residenten und Kunden aus der Region ausgerichtet m\u00fcller\" data-e-action-hash=\"#elementor-action%3Aaction%3Dlightbox%26settings%3DeyJpZCI6MTE4MDYsInVybCI6Imh0dHBzOlwvXC9jb3N0YWJsYW5jYS1tYWdhemluLmNvbVwvd3AtY29udGVudFwvdXBsb2Fkc1wvMjAyNlwvMDdcL0RpZS1uZXVlLUZpbGlhbGUtaXN0LWF1Zi1kZW4tRWlua2F1Zi1mdWVyLUZhbWlsaWVuLVJlc2lkZW50ZW4tdW5kLUt1bmRlbi1hdXMtZGVyLVJlZ2lvbi1hdXNnZXJpY2h0ZXQtbXVlbGxlci5qcGciLCJzbGlkZXNob3ciOiI4YWZlMmZiIn0%3D\">\n\t\t\t\t\t<div class=\"e-gallery-image elementor-gallery-item__image\" data-thumbnail=\"https:\/\/costablanca-magazin.com\/wp-content\/uploads\/2026\/07\/Die-neue-Filiale-ist-auf-den-Einkauf-fuer-Familien-Residenten-und-Kunden-aus-der-Region-ausgerichtet-mueller.jpg\" data-width=\"754\" data-height=\"503\" aria-label=\"La nouvelle succursale est destin\u00e9e aux familles r\u00e9sidant dans la r\u00e9gion et aux clients de celle-ci m\u00fcller\" role=\"img\" ><\/div>\n\t\t\t\t\t\t\t\t\t\t\t<div class=\"elementor-gallery-item__overlay\"><\/div>\n\t\t\t\t\t\t\t\t\t\t\t\t\t\t<\/a>\n\t\t\t\t\t\t\t<a class=\"e-gallery-item elementor-gallery-item elementor-animated-content\" href=\"https:\/\/costablanca-magazin.com\/wp-content\/uploads\/2026\/07\/Die-neue-Mueller-Filiale-in-Calpe-bietet-rund-1500-Quadratmeter-Verkaufsflaeche-mueller.jpg\" data-elementor-open-lightbox=\"yes\" data-elementor-lightbox-slideshow=\"8afe2fb\" data-elementor-lightbox-title=\"Die neue M\u00fcller-Filiale in Calpe bietet rund 1500 Quadratmeter Verkaufsfl\u00e4che m\u00fcller\" data-elementor-lightbox-description=\"Die neue M\u00fcller-Filiale in Calpe bietet rund 1500 Quadratmeter Verkaufsfl\u00e4che m\u00fcller\" data-e-action-hash=\"#elementor-action%3Aaction%3Dlightbox%26settings%3DeyJpZCI6MTE4MDcsInVybCI6Imh0dHBzOlwvXC9jb3N0YWJsYW5jYS1tYWdhemluLmNvbVwvd3AtY29udGVudFwvdXBsb2Fkc1wvMjAyNlwvMDdcL0RpZS1uZXVlLU11ZWxsZXItRmlsaWFsZS1pbi1DYWxwZS1iaWV0ZXQtcnVuZC0xNTAwLVF1YWRyYXRtZXRlci1WZXJrYXVmc2ZsYWVjaGUtbXVlbGxlci5qcGciLCJzbGlkZXNob3ciOiI4YWZlMmZiIn0%3D\">\n\t\t\t\t\t<div class=\"e-gallery-image elementor-gallery-item__image\" data-thumbnail=\"https:\/\/costablanca-magazin.com\/wp-content\/uploads\/2026\/07\/Die-neue-Mueller-Filiale-in-Calpe-bietet-rund-1500-Quadratmeter-Verkaufsflaeche-mueller.jpg\" data-width=\"753\" data-height=\"502\" aria-label=\"La nouvelle succursale M\u00fcller de Calpe offre environ 1 500 m\u00e8tres carr\u00e9s de surface de vente m\u00fcller\" role=\"img\" ><\/div>\n\t\t\t\t\t\t\t\t\t\t\t<div class=\"elementor-gallery-item__overlay\"><\/div>\n\t\t\t\t\t\t\t\t\t\t\t\t\t\t<\/a>\n\t\t\t\t\t\t\t<a class=\"e-gallery-item elementor-gallery-item elementor-animated-content\" href=\"https:\/\/costablanca-magazin.com\/wp-content\/uploads\/2026\/07\/Die-neue-Mueller-Filiale-in-Calpe-verfuegt-ueber-kostenfreie-Parkplaetze-fuer-Kunden-Foto-Mueller.jpg\" data-elementor-open-lightbox=\"yes\" data-elementor-lightbox-slideshow=\"8afe2fb\" data-elementor-lightbox-title=\"Die neue M\u00fcller-Filiale in Calpe verf\u00fcgt \u00fcber kostenfreie Parkpl\u00e4tze f\u00fcr Kunden Foto - M\u00fcller\" data-elementor-lightbox-description=\"Die neue M\u00fcller-Filiale in Calpe verf\u00fcgt \u00fcber kostenfreie Parkpl\u00e4tze f\u00fcr Kunden Foto - M\u00fcller\" data-e-action-hash=\"#elementor-action%3Aaction%3Dlightbox%26settings%3DeyJpZCI6MTE4MDgsInVybCI6Imh0dHBzOlwvXC9jb3N0YWJsYW5jYS1tYWdhemluLmNvbVwvd3AtY29udGVudFwvdXBsb2Fkc1wvMjAyNlwvMDdcL0RpZS1uZXVlLU11ZWxsZXItRmlsaWFsZS1pbi1DYWxwZS12ZXJmdWVndC11ZWJlci1rb3N0ZW5mcmVpZS1QYXJrcGxhZXR6ZS1mdWVyLUt1bmRlbi1Gb3RvLU11ZWxsZXIuanBnIiwic2xpZGVzaG93IjoiOGFmZTJmYiJ9\">\n\t\t\t\t\t<div class=\"e-gallery-image elementor-gallery-item__image\" data-thumbnail=\"https:\/\/costablanca-magazin.com\/wp-content\/uploads\/2026\/07\/Die-neue-Mueller-Filiale-in-Calpe-verfuegt-ueber-kostenfreie-Parkplaetze-fuer-Kunden-Foto-Mueller.jpg\" data-width=\"755\" data-height=\"566\" aria-label=\"La nouvelle succursale M\u00fcller de Calpe dispose de places de parking gratuites pour ses clients. Photo : M\u00fcller\" role=\"img\" ><\/div>\n\t\t\t\t\t\t\t\t\t\t\t<div class=\"elementor-gallery-item__overlay\"><\/div>\n\t\t\t\t\t\t\t\t\t\t\t\t\t\t<\/a>\n\t\t\t\t\t\t\t<a class=\"e-gallery-item elementor-gallery-item elementor-animated-content\" href=\"https:\/\/costablanca-magazin.com\/wp-content\/uploads\/2026\/07\/Zum-Sortiment-gehoeren-unter-anderem-Drogerie-Kosmetik-Make-up-Schreibwaren-Spielwaren-Haushaltswaren-und-Tierbedarf-mueller.jpg\" data-elementor-open-lightbox=\"yes\" data-elementor-lightbox-slideshow=\"8afe2fb\" data-elementor-lightbox-title=\"Zum Sortiment geh\u00f6ren unter anderem Drogerie Kosmetik Make-up Schreibwaren Spielwaren Haushaltswaren und Tierbedarf m\u00fcller\" data-elementor-lightbox-description=\"Zum Sortiment geh\u00f6ren unter anderem Drogerie Kosmetik Make-up Schreibwaren Spielwaren Haushaltswaren und Tierbedarf m\u00fcller\" data-e-action-hash=\"#elementor-action%3Aaction%3Dlightbox%26settings%3DeyJpZCI6MTE4MDksInVybCI6Imh0dHBzOlwvXC9jb3N0YWJsYW5jYS1tYWdhemluLmNvbVwvd3AtY29udGVudFwvdXBsb2Fkc1wvMjAyNlwvMDdcL1p1bS1Tb3J0aW1lbnQtZ2Vob2VyZW4tdW50ZXItYW5kZXJlbS1Ecm9nZXJpZS1Lb3NtZXRpay1NYWtlLXVwLVNjaHJlaWJ3YXJlbi1TcGllbHdhcmVuLUhhdXNoYWx0c3dhcmVuLXVuZC1UaWVyYmVkYXJmLW11ZWxsZXIuanBnIiwic2xpZGVzaG93IjoiOGFmZTJmYiJ9\">\n\t\t\t\t\t<div class=\"e-gallery-image elementor-gallery-item__image\" data-thumbnail=\"https:\/\/costablanca-magazin.com\/wp-content\/uploads\/2026\/07\/Zum-Sortiment-gehoeren-unter-anderem-Drogerie-Kosmetik-Make-up-Schreibwaren-Spielwaren-Haushaltswaren-und-Tierbedarf-mueller.jpg\" data-width=\"671\" data-height=\"447\" aria-label=\"La gamme comprend notamment des produits de droguerie, des cosm\u00e9tiques, du maquillage, des articles de papeterie, des jouets, des articles m\u00e9nagers et des produits pour animaux de compagnie \u2013 m\u00fcller\" role=\"img\" ><\/div>\n\t\t\t\t\t\t\t\t\t\t\t<div class=\"elementor-gallery-item__overlay\"><\/div>\n\t\t\t\t\t\t\t\t\t\t\t\t\t\t<\/a>\n\t\t\t\t\t<\/div>\n\t\t\t\t\t<\/div>\n\t\t\t\t<\/div>\n\t\t\t\t\t<\/div>\n\t\t\t\t<\/div>\n\t\t\t\t<\/div>","protected":false},"excerpt":{"rendered":"<p>M\u00fcller er\u00f6ffnet in Calpe: 1.500 Quadratmeter f\u00fcr Alltag, Familie und Haushalt M\u00fcller er\u00f6ffnet in Calpe seine dritte Filiale auf dem spanischen Festland. 1.500 Quadratmeter, Parkpl\u00e4tze, Er\u00f6ffnungsrabatt und Sortiment f\u00fcr den Alltag. Die deutsche Handelskette M\u00fcller baut ihre Pr\u00e4senz in Spanien weiter aus. In Calpe er\u00f6ffnet das Unternehmen eine neue Filiale in der Avenida Ruman\u00eda \u2013 [&hellip;]<\/p>\n","protected":false},"author":5,"featured_media":11810,"comment_status":"closed","ping_status":"closed","sticky":false,"template":"elementor_header_footer","format":"standard","meta":{"footnotes":""},"categories":[982],"tags":[1780],"class_list":["post-11801","post","type-post","status-publish","format-standard","has-post-thumbnail","hentry","category-business-service","tag-unternehmen-costa-blanca"],"aioseo_notices":[],"aioseo_head":"\n\t\t<!-- All in One SEO Pro 5.0.1.1 - aioseo.com -->\n\t<meta name=\"description\" content=\"M\u00fcller er\u00f6ffnet in Calpe seine dritte Filiale auf dem spanischen Festland. 1.500 Quadratmeter, Parkpl\u00e4tze, Er\u00f6ffnungsrabatt und Sortiment f\u00fcr den Alltag.\" \/>\n\t<meta name=\"robots\" content=\"max-snippet:-1, max-image-preview:large, max-video-preview:-1\" \/>\n\t<meta name=\"author\" content=\"Brandet Content\"\/>\n\t<link rel=\"canonical\" href=\"https:\/\/costablanca-magazin.com\/fr\/lokales\/business-service\/mueller-eroeffnet-neue-filiale-in-calpe-an-der-costa-blanca\/\" \/>\n\t<meta name=\"generator\" content=\"All in One SEO Pro (AIOSEO) 5.0.1.1\" \/>\n\t\t<meta property=\"og:locale\" content=\"fr_FR\" \/>\n\t\t<meta property=\"og:site_name\" content=\"Costa Blanca Magazin\" \/>\n\t\t<meta property=\"og:type\" content=\"article\" \/>\n\t\t<meta property=\"og:title\" content=\"M\u00fcller er\u00f6ffnet neue Filiale in Calpe an der Costa Blanca\" \/>\n\t\t<meta property=\"og:description\" content=\"M\u00fcller er\u00f6ffnet in Calpe seine dritte Filiale auf dem spanischen Festland. 1.500 Quadratmeter, Parkpl\u00e4tze, Er\u00f6ffnungsrabatt und Sortiment f\u00fcr den Alltag.\" \/>\n\t\t<meta property=\"og:url\" content=\"https:\/\/costablanca-magazin.com\/fr\/lokales\/business-service\/mueller-eroeffnet-neue-filiale-in-calpe-an-der-costa-blanca\/\" \/>\n\t\t<meta property=\"og:image\" content=\"https:\/\/costablanca-magazin.com\/wp-content\/uploads\/2026\/07\/Mueller-logo-e1782915546440.jpeg\" \/>\n\t\t<meta property=\"og:image:secure_url\" content=\"https:\/\/costablanca-magazin.com\/wp-content\/uploads\/2026\/07\/Mueller-logo-e1782915546440.jpeg\" \/>\n\t\t<meta property=\"og:image:width\" content=\"1000\" \/>\n\t\t<meta property=\"og:image:height\" content=\"327\" \/>\n\t\t<meta property=\"article:published_time\" content=\"2026-07-01T14:30:00+00:00\" \/>\n\t\t<meta property=\"article:modified_time\" content=\"2026-07-08T09:03:18+00:00\" \/>\n\t\t<meta property=\"article:publisher\" content=\"https:\/\/www.facebook.com\/costablancalifestyle\/\" \/>\n\t\t<meta name=\"twitter:card\" content=\"summary_large_image\" \/>\n\t\t<meta name=\"twitter:title\" content=\"M\u00fcller er\u00f6ffnet neue Filiale in Calpe an der Costa Blanca\" \/>\n\t\t<meta name=\"twitter:description\" content=\"M\u00fcller er\u00f6ffnet in Calpe seine dritte Filiale auf dem spanischen Festland. 1.500 Quadratmeter, Parkpl\u00e4tze, Er\u00f6ffnungsrabatt und Sortiment f\u00fcr den Alltag.\" \/>\n\t\t<meta name=\"twitter:image\" content=\"https:\/\/costablanca-magazin.com\/wp-content\/uploads\/2026\/07\/Mueller-logo-e1782915546440.jpeg\" \/>\n\t\t<script type=\"application\/ld+json\" class=\"aioseo-schema\">\n\t\t\t{\"@context\":\"https:\\\/\\\/schema.org\",\"@graph\":[{\"@type\":\"BreadcrumbList\",\"@id\":\"https:\\\/\\\/costablanca-magazin.com\\\/fr\\\/lokales\\\/business-service\\\/mueller-eroeffnet-neue-filiale-in-calpe-an-der-costa-blanca\\\/#breadcrumblist\",\"itemListElement\":[{\"@type\":\"ListItem\",\"@id\":\"https:\\\/\\\/costablanca-magazin.com\\\/fr#listItem\",\"position\":1,\"name\":\"Home\",\"item\":\"https:\\\/\\\/costablanca-magazin.com\\\/fr\",\"nextItem\":{\"@type\":\"ListItem\",\"@id\":\"https:\\\/\\\/costablanca-magazin.com\\\/fr\\\/local\\\/#listItem\",\"name\":\"Lokales\"}},{\"@type\":\"ListItem\",\"@id\":\"https:\\\/\\\/costablanca-magazin.com\\\/fr\\\/local\\\/#listItem\",\"position\":2,\"name\":\"Lokales\",\"item\":\"https:\\\/\\\/costablanca-magazin.com\\\/fr\\\/local\\\/\",\"nextItem\":{\"@type\":\"ListItem\",\"@id\":\"https:\\\/\\\/costablanca-magazin.com\\\/fr\\\/services-aux-entreprises\\\/#listItem\",\"name\":\"Business &amp; Service\"},\"previousItem\":{\"@type\":\"ListItem\",\"@id\":\"https:\\\/\\\/costablanca-magazin.com\\\/fr#listItem\",\"name\":\"Home\"}},{\"@type\":\"ListItem\",\"@id\":\"https:\\\/\\\/costablanca-magazin.com\\\/fr\\\/services-aux-entreprises\\\/#listItem\",\"position\":3,\"name\":\"Business &amp; Service\",\"item\":\"https:\\\/\\\/costablanca-magazin.com\\\/fr\\\/services-aux-entreprises\\\/\",\"nextItem\":{\"@type\":\"ListItem\",\"@id\":\"https:\\\/\\\/costablanca-magazin.com\\\/fr\\\/lokales\\\/business-service\\\/mueller-eroeffnet-neue-filiale-in-calpe-an-der-costa-blanca\\\/#listItem\",\"name\":\"M\\u00fcller er\\u00f6ffnet neue Filiale in Calpe an der Costa Blanca\"},\"previousItem\":{\"@type\":\"ListItem\",\"@id\":\"https:\\\/\\\/costablanca-magazin.com\\\/fr\\\/local\\\/#listItem\",\"name\":\"Lokales\"}},{\"@type\":\"ListItem\",\"@id\":\"https:\\\/\\\/costablanca-magazin.com\\\/fr\\\/lokales\\\/business-service\\\/mueller-eroeffnet-neue-filiale-in-calpe-an-der-costa-blanca\\\/#listItem\",\"position\":4,\"name\":\"M\\u00fcller er\\u00f6ffnet neue Filiale in Calpe an der Costa Blanca\",\"previousItem\":{\"@type\":\"ListItem\",\"@id\":\"https:\\\/\\\/costablanca-magazin.com\\\/fr\\\/services-aux-entreprises\\\/#listItem\",\"name\":\"Business &amp; Service\"}}]},{\"@type\":\"NewsArticle\",\"@id\":\"https:\\\/\\\/costablanca-magazin.com\\\/fr\\\/lokales\\\/business-service\\\/mueller-eroeffnet-neue-filiale-in-calpe-an-der-costa-blanca\\\/#article\",\"name\":\"M\\u00fcller er\\u00f6ffnet neue Filiale in Calpe an der Costa Blanca\",\"headline\":\"M\\u00fcller er\\u00f6ffnet neue Filiale in Calpe an der Costa Blanca\",\"author\":{\"@id\":\"https:\\\/\\\/costablanca-magazin.com\\\/fr\\\/author\\\/brandet\\\/#author\"},\"publisher\":{\"@id\":\"https:\\\/\\\/costablanca-magazin.com\\\/fr\\\/#organization\"},\"image\":{\"@type\":\"ImageObject\",\"url\":\"https:\\\/\\\/costablanca-magazin.com\\\/wp-content\\\/uploads\\\/2026\\\/07\\\/Mueller-logo-e1782915546440.jpeg\",\"width\":1000,\"height\":327,\"caption\":\"M\\u00fcller er\\u00f6ffnet neue Filiale in Calpe an der Costa Blanca\"},\"datePublished\":\"2026-07-01T16:30:00+02:00\",\"dateModified\":\"2026-07-08T11:03:18+02:00\",\"inLanguage\":\"fr-FR\",\"mainEntityOfPage\":{\"@id\":\"https:\\\/\\\/costablanca-magazin.com\\\/fr\\\/lokales\\\/business-service\\\/mueller-eroeffnet-neue-filiale-in-calpe-an-der-costa-blanca\\\/#webpage\"},\"isPartOf\":{\"@id\":\"https:\\\/\\\/costablanca-magazin.com\\\/fr\\\/lokales\\\/business-service\\\/mueller-eroeffnet-neue-filiale-in-calpe-an-der-costa-blanca\\\/#webpage\"},\"articleSection\":\"Business &amp; Service, Unternehmen Costa Blanca\"},{\"@type\":\"Person\",\"@id\":\"https:\\\/\\\/costablanca-magazin.com\\\/fr\\\/author\\\/brandet\\\/#author\",\"url\":\"https:\\\/\\\/costablanca-magazin.com\\\/fr\\\/author\\\/brandet\\\/\",\"name\":\"Brandet Content\",\"description\":\"Dieser Beitrag wurde im Auftrag eines Kunden ver\\u00f6ffentlicht und ist als Kunden-PR \\\/ Branded Content gekennzeichnet.\",\"jobTitle\":\"Dieser Beitrag wurde im Auftrag eines Kunden ver\\u00f6ffentlicht und ist als Kunden-PR \\\/ Branded Content gekennzeichnet.\"},{\"@type\":\"WebPage\",\"@id\":\"https:\\\/\\\/costablanca-magazin.com\\\/fr\\\/lokales\\\/business-service\\\/mueller-eroeffnet-neue-filiale-in-calpe-an-der-costa-blanca\\\/#webpage\",\"url\":\"https:\\\/\\\/costablanca-magazin.com\\\/fr\\\/lokales\\\/business-service\\\/mueller-eroeffnet-neue-filiale-in-calpe-an-der-costa-blanca\\\/\",\"name\":\"M\\u00fcller er\\u00f6ffnet neue Filiale in Calpe an der Costa Blanca\",\"description\":\"M\\u00fcller er\\u00f6ffnet in Calpe seine dritte Filiale auf dem spanischen Festland. 1.500 Quadratmeter, Parkpl\\u00e4tze, Er\\u00f6ffnungsrabatt und Sortiment f\\u00fcr den Alltag.\",\"inLanguage\":\"fr-FR\",\"isPartOf\":{\"@id\":\"https:\\\/\\\/costablanca-magazin.com\\\/fr\\\/#website\"},\"breadcrumb\":{\"@id\":\"https:\\\/\\\/costablanca-magazin.com\\\/fr\\\/lokales\\\/business-service\\\/mueller-eroeffnet-neue-filiale-in-calpe-an-der-costa-blanca\\\/#breadcrumblist\"},\"author\":{\"@id\":\"https:\\\/\\\/costablanca-magazin.com\\\/fr\\\/author\\\/brandet\\\/#author\"},\"creator\":{\"@id\":\"https:\\\/\\\/costablanca-magazin.com\\\/fr\\\/author\\\/brandet\\\/#author\"},\"image\":{\"@type\":\"ImageObject\",\"url\":\"https:\\\/\\\/costablanca-magazin.com\\\/wp-content\\\/uploads\\\/2026\\\/07\\\/Mueller-logo-e1782915546440.jpeg\",\"@id\":\"https:\\\/\\\/costablanca-magazin.com\\\/fr\\\/lokales\\\/business-service\\\/mueller-eroeffnet-neue-filiale-in-calpe-an-der-costa-blanca\\\/#mainImage\",\"width\":1000,\"height\":327,\"caption\":\"M\\u00fcller er\\u00f6ffnet neue Filiale in Calpe an der Costa Blanca\"},\"primaryImageOfPage\":{\"@id\":\"https:\\\/\\\/costablanca-magazin.com\\\/fr\\\/lokales\\\/business-service\\\/mueller-eroeffnet-neue-filiale-in-calpe-an-der-costa-blanca\\\/#mainImage\"},\"datePublished\":\"2026-07-01T16:30:00+02:00\",\"dateModified\":\"2026-07-08T11:03:18+02:00\",\"mainEntity\":{\"@id\":\"https:\\\/\\\/costablanca-magazin.com\\\/fr\\\/lokales\\\/business-service\\\/mueller-eroeffnet-neue-filiale-in-calpe-an-der-costa-blanca\\\/#article\"}},{\"@type\":\"WebSite\",\"@id\":\"https:\\\/\\\/costablanca-magazin.com\\\/fr\\\/#website\",\"url\":\"https:\\\/\\\/costablanca-magazin.com\\\/fr\\\/\",\"name\":\"Costa Blanca Magazin\",\"description\":\"Costa Blanca - alles um das Leben und die Freizeit an der K\\u00fcste\",\"inLanguage\":\"fr-FR\",\"publisher\":{\"@id\":\"https:\\\/\\\/costablanca-magazin.com\\\/fr\\\/#organization\"},\"potentialAction\":{\"@type\":\"SearchAction\",\"target\":\"https:\\\/\\\/costablanca-magazin.com\\\/fr\\\/?s={search_term_string}\",\"query-input\":\"required name=search_term_string\"}},{\"@type\":[\"Organization\",\"NewsMediaOrganization\"],\"@id\":\"https:\\\/\\\/costablanca-magazin.com\\\/fr\\\/#organization\",\"name\":\"Costa Blanca Magazin\",\"description\":\"Costa Blanca Magazin\",\"url\":\"https:\\\/\\\/costablanca-magazin.com\\\/fr\\\/\",\"email\":\"info@costablanca-magazin.com\",\"telephone\":\"+34 663 946 871\",\"logo\":{\"@type\":\"ImageObject\",\"url\":\"https:\\\/\\\/costablanca-magazin.com\\\/wp-content\\\/uploads\\\/2024\\\/05\\\/logo.jpg\",\"@id\":\"https:\\\/\\\/costablanca-magazin.com\\\/fr\\\/lokales\\\/business-service\\\/mueller-eroeffnet-neue-filiale-in-calpe-an-der-costa-blanca\\\/#organizationLogo\",\"width\":1605,\"height\":236,\"caption\":\"Costa Blanca Magazin\"},\"image\":{\"@id\":\"https:\\\/\\\/costablanca-magazin.com\\\/fr\\\/lokales\\\/business-service\\\/mueller-eroeffnet-neue-filiale-in-calpe-an-der-costa-blanca\\\/#organizationLogo\"},\"sameAs\":[\"https:\\\/\\\/www.facebook.com\\\/costablancalifestyle\\\/\",\"https:\\\/\\\/www.instagram.com\\\/costablancamagazin\\\/\"]}]}\n\t\t<\/script>\n\t\t<!-- All in One SEO Pro -->\r\n\t\t<title>M\u00fcller er\u00f6ffnet neue Filiale in Calpe an der Costa Blanca<\/title>\n\n","aioseo_head_json":{"title":"M\u00fcller ouvre une nouvelle succursale \u00e0 Calpe, sur la Costa Blanca","description":"M\u00fcller ouvre \u00e0 Calpe sa troisi\u00e8me succursale sur le continent espagnol. 1 500 m\u00e8tres carr\u00e9s, des places de parking, des promotions d'ouverture et un assortiment de produits pour le quotidien.","canonical_url":"https:\/\/costablanca-magazin.com\/fr\/lokales\/business-service\/mueller-eroeffnet-neue-filiale-in-calpe-an-der-costa-blanca\/","robots":"max-snippet:-1, max-image-preview:large, max-video-preview:-1","keywords":"","webmasterTools":{"miscellaneous":""},"schema":{"@context":"https:\/\/schema.org","@graph":[{"@type":"BreadcrumbList","@id":"https:\/\/costablanca-magazin.com\/fr\/lokales\/business-service\/mueller-eroeffnet-neue-filiale-in-calpe-an-der-costa-blanca\/#breadcrumblist","itemListElement":[{"@type":"ListItem","@id":"https:\/\/costablanca-magazin.com\/fr#listItem","position":1,"name":"Home","item":"https:\/\/costablanca-magazin.com\/fr","nextItem":{"@type":"ListItem","@id":"https:\/\/costablanca-magazin.com\/fr\/local\/#listItem","name":"Lokales"}},{"@type":"ListItem","@id":"https:\/\/costablanca-magazin.com\/fr\/local\/#listItem","position":2,"name":"Lokales","item":"https:\/\/costablanca-magazin.com\/fr\/local\/","nextItem":{"@type":"ListItem","@id":"https:\/\/costablanca-magazin.com\/fr\/services-aux-entreprises\/#listItem","name":"Business &amp; Service"},"previousItem":{"@type":"ListItem","@id":"https:\/\/costablanca-magazin.com\/fr#listItem","name":"Home"}},{"@type":"ListItem","@id":"https:\/\/costablanca-magazin.com\/fr\/services-aux-entreprises\/#listItem","position":3,"name":"Business &amp; Service","item":"https:\/\/costablanca-magazin.com\/fr\/services-aux-entreprises\/","nextItem":{"@type":"ListItem","@id":"https:\/\/costablanca-magazin.com\/fr\/lokales\/business-service\/mueller-eroeffnet-neue-filiale-in-calpe-an-der-costa-blanca\/#listItem","name":"M\u00fcller er\u00f6ffnet neue Filiale in Calpe an der Costa Blanca"},"previousItem":{"@type":"ListItem","@id":"https:\/\/costablanca-magazin.com\/fr\/local\/#listItem","name":"Lokales"}},{"@type":"ListItem","@id":"https:\/\/costablanca-magazin.com\/fr\/lokales\/business-service\/mueller-eroeffnet-neue-filiale-in-calpe-an-der-costa-blanca\/#listItem","position":4,"name":"M\u00fcller er\u00f6ffnet neue Filiale in Calpe an der Costa Blanca","previousItem":{"@type":"ListItem","@id":"https:\/\/costablanca-magazin.com\/fr\/services-aux-entreprises\/#listItem","name":"Business &amp; Service"}}]},{"@type":"NewsArticle","@id":"https:\/\/costablanca-magazin.com\/fr\/lokales\/business-service\/mueller-eroeffnet-neue-filiale-in-calpe-an-der-costa-blanca\/#article","name":"M\u00fcller er\u00f6ffnet neue Filiale in Calpe an der Costa Blanca","headline":"M\u00fcller er\u00f6ffnet neue Filiale in Calpe an der Costa Blanca","author":{"@id":"https:\/\/costablanca-magazin.com\/fr\/author\/brandet\/#author"},"publisher":{"@id":"https:\/\/costablanca-magazin.com\/fr\/#organization"},"image":{"@type":"ImageObject","url":"https:\/\/costablanca-magazin.com\/wp-content\/uploads\/2026\/07\/Mueller-logo-e1782915546440.jpeg","width":1000,"height":327,"caption":"M\u00fcller er\u00f6ffnet neue Filiale in Calpe an der Costa Blanca"},"datePublished":"2026-07-01T16:30:00+02:00","dateModified":"2026-07-08T11:03:18+02:00","inLanguage":"fr-FR","mainEntityOfPage":{"@id":"https:\/\/costablanca-magazin.com\/fr\/lokales\/business-service\/mueller-eroeffnet-neue-filiale-in-calpe-an-der-costa-blanca\/#webpage"},"isPartOf":{"@id":"https:\/\/costablanca-magazin.com\/fr\/lokales\/business-service\/mueller-eroeffnet-neue-filiale-in-calpe-an-der-costa-blanca\/#webpage"},"articleSection":"Business &amp; Service, Unternehmen Costa Blanca"},{"@type":"Person","@id":"https:\/\/costablanca-magazin.com\/fr\/author\/brandet\/#author","url":"https:\/\/costablanca-magazin.com\/fr\/author\/brandet\/","name":"Brandet Content","description":"Dieser Beitrag wurde im Auftrag eines Kunden ver\u00f6ffentlicht und ist als Kunden-PR \/ Branded Content gekennzeichnet.","jobTitle":"Dieser Beitrag wurde im Auftrag eines Kunden ver\u00f6ffentlicht und ist als Kunden-PR \/ Branded Content gekennzeichnet."},{"@type":"WebPage","@id":"https:\/\/costablanca-magazin.com\/fr\/lokales\/business-service\/mueller-eroeffnet-neue-filiale-in-calpe-an-der-costa-blanca\/#webpage","url":"https:\/\/costablanca-magazin.com\/fr\/lokales\/business-service\/mueller-eroeffnet-neue-filiale-in-calpe-an-der-costa-blanca\/","name":"M\u00fcller er\u00f6ffnet neue Filiale in Calpe an der Costa Blanca","description":"M\u00fcller er\u00f6ffnet in Calpe seine dritte Filiale auf dem spanischen Festland. 1.500 Quadratmeter, Parkpl\u00e4tze, Er\u00f6ffnungsrabatt und Sortiment f\u00fcr den Alltag.","inLanguage":"fr-FR","isPartOf":{"@id":"https:\/\/costablanca-magazin.com\/fr\/#website"},"breadcrumb":{"@id":"https:\/\/costablanca-magazin.com\/fr\/lokales\/business-service\/mueller-eroeffnet-neue-filiale-in-calpe-an-der-costa-blanca\/#breadcrumblist"},"author":{"@id":"https:\/\/costablanca-magazin.com\/fr\/author\/brandet\/#author"},"creator":{"@id":"https:\/\/costablanca-magazin.com\/fr\/author\/brandet\/#author"},"image":{"@type":"ImageObject","url":"https:\/\/costablanca-magazin.com\/wp-content\/uploads\/2026\/07\/Mueller-logo-e1782915546440.jpeg","@id":"https:\/\/costablanca-magazin.com\/fr\/lokales\/business-service\/mueller-eroeffnet-neue-filiale-in-calpe-an-der-costa-blanca\/#mainImage","width":1000,"height":327,"caption":"M\u00fcller er\u00f6ffnet neue Filiale in Calpe an der Costa Blanca"},"primaryImageOfPage":{"@id":"https:\/\/costablanca-magazin.com\/fr\/lokales\/business-service\/mueller-eroeffnet-neue-filiale-in-calpe-an-der-costa-blanca\/#mainImage"},"datePublished":"2026-07-01T16:30:00+02:00","dateModified":"2026-07-08T11:03:18+02:00","mainEntity":{"@id":"https:\/\/costablanca-magazin.com\/fr\/lokales\/business-service\/mueller-eroeffnet-neue-filiale-in-calpe-an-der-costa-blanca\/#article"}},{"@type":"WebSite","@id":"https:\/\/costablanca-magazin.com\/fr\/#website","url":"https:\/\/costablanca-magazin.com\/fr\/","name":"Costa Blanca Magazin","description":"Costa Blanca - alles um das Leben und die Freizeit an der K\u00fcste","inLanguage":"fr-FR","publisher":{"@id":"https:\/\/costablanca-magazin.com\/fr\/#organization"},"potentialAction":{"@type":"SearchAction","target":"https:\/\/costablanca-magazin.com\/fr\/?s={search_term_string}","query-input":"required name=search_term_string"}},{"@type":["Organization","NewsMediaOrganization"],"@id":"https:\/\/costablanca-magazin.com\/fr\/#organization","name":"Costa Blanca Magazin","description":"Costa Blanca Magazin","url":"https:\/\/costablanca-magazin.com\/fr\/","email":"info@costablanca-magazin.com","telephone":"+34 663 946 871","logo":{"@type":"ImageObject","url":"https:\/\/costablanca-magazin.com\/wp-content\/uploads\/2024\/05\/logo.jpg","@id":"https:\/\/costablanca-magazin.com\/fr\/lokales\/business-service\/mueller-eroeffnet-neue-filiale-in-calpe-an-der-costa-blanca\/#organizationLogo","width":1605,"height":236,"caption":"Costa Blanca Magazin"},"image":{"@id":"https:\/\/costablanca-magazin.com\/fr\/lokales\/business-service\/mueller-eroeffnet-neue-filiale-in-calpe-an-der-costa-blanca\/#organizationLogo"},"sameAs":["https:\/\/www.facebook.com\/costablancalifestyle\/","https:\/\/www.instagram.com\/costablancamagazin\/"]}]},"og:locale":"fr_FR","og:site_name":"Costa Blanca Magazin","og:type":"article","og:title":"M\u00fcller er\u00f6ffnet neue Filiale in Calpe an der Costa Blanca","og:description":"M\u00fcller er\u00f6ffnet in Calpe seine dritte Filiale auf dem spanischen Festland. 1.500 Quadratmeter, Parkpl\u00e4tze, Er\u00f6ffnungsrabatt und Sortiment f\u00fcr den Alltag.","og:url":"https:\/\/costablanca-magazin.com\/fr\/lokales\/business-service\/mueller-eroeffnet-neue-filiale-in-calpe-an-der-costa-blanca\/","og:image":"https:\/\/costablanca-magazin.com\/wp-content\/uploads\/2026\/07\/Mueller-logo-e1782915546440.jpeg","og:image:secure_url":"https:\/\/costablanca-magazin.com\/wp-content\/uploads\/2026\/07\/Mueller-logo-e1782915546440.jpeg","og:image:width":1000,"og:image:height":327,"article:published_time":"2026-07-01T14:30:00+00:00","article:modified_time":"2026-07-08T09:03:18+00:00","article:publisher":"https:\/\/www.facebook.com\/costablancalifestyle\/","twitter:card":"summary_large_image","twitter:title":"M\u00fcller er\u00f6ffnet neue Filiale in Calpe an der Costa Blanca","twitter:description":"M\u00fcller er\u00f6ffnet in Calpe seine dritte Filiale auf dem spanischen Festland. 1.500 Quadratmeter, Parkpl\u00e4tze, Er\u00f6ffnungsrabatt und Sortiment f\u00fcr den Alltag.","twitter:image":"https:\/\/costablanca-magazin.com\/wp-content\/uploads\/2026\/07\/Mueller-logo-e1782915546440.jpeg"},"aioseo_meta_data":{"post_id":"11801","title":"M\u00fcller ouvre une nouvelle succursale \u00e0 Calpe, sur la Costa Blanca","description":"M\u00fcller ouvre \u00e0 Calpe sa troisi\u00e8me succursale sur le continent espagnol. 1 500 m\u00e8tres carr\u00e9s, des places de parking, des promotions d'ouverture et un assortiment de produits pour le quotidien.","keywords":null,"keyphrases":{"focus":[],"additional":[]},"primary_term":null,"canonical_url":null,"og_title":null,"og_description":null,"og_object_type":"default","og_image_type":"default","og_image_url":null,"og_image_width":null,"og_image_height":null,"og_image_custom_url":null,"og_image_custom_fields":null,"og_video":"","og_custom_url":null,"og_article_section":null,"og_article_tags":null,"twitter_use_og":false,"twitter_card":"default","twitter_image_type":"default","twitter_image_url":null,"twitter_image_custom_url":null,"twitter_image_custom_fields":null,"twitter_title":null,"twitter_description":null,"schema":{"blockGraphs":[],"customGraphs":[],"default":{"data":{"Article":[],"Course":[],"Dataset":[],"FAQPage":[],"Movie":[],"Person":[],"Product":[],"ProductReview":[],"Car":[],"Recipe":[],"Service":[],"SoftwareApplication":[],"WebPage":[]},"graphName":"BlogPosting","isEnabled":true},"graphs":[]},"schema_type":"default","schema_type_options":null,"pillar_content":false,"robots_default":true,"robots_noindex":false,"robots_noarchive":false,"robots_nosnippet":false,"robots_nofollow":false,"robots_noimageindex":false,"robots_noodp":false,"robots_notranslate":false,"robots_max_snippet":"-1","robots_max_videopreview":"-1","robots_max_imagepreview":"large","priority":null,"frequency":"default","local_seo":null,"seo_analyzer_scan_date":"2026-07-08 09:05:04","breadcrumb_settings":null,"limit_modified_date":false,"reviewed_by":"0","open_ai":null,"ai":{"faqs":[],"keyPoints":[],"schemas":[],"titles":[],"descriptions":[],"socialPosts":{"email":{"subject":"","preview":"","content":""},"linkedin":[],"twitter":[],"facebook":[],"instagram":[]}},"created":"2026-07-01 14:07:49","updated":"2026-08-10 07:29:22","focus_keyword":null,"additional_keywords":null,"truseo_locale":null},"aioseo_breadcrumb":"<div class=\"aioseo-breadcrumbs\"><span class=\"aioseo-breadcrumb\">\n\t<a href=\"https:\/\/costablanca-magazin.com\/fr\" title=\"Home\">Home<\/a>\n<\/span><span class=\"aioseo-breadcrumb-separator\">&raquo;<\/span><span class=\"aioseo-breadcrumb\">\n\t<a href=\"https:\/\/costablanca-magazin.com\/fr\/local\/\" title=\"Lokales\">Lokales<\/a>\n<\/span><span class=\"aioseo-breadcrumb-separator\">&raquo;<\/span><span class=\"aioseo-breadcrumb\">\n\t<a href=\"https:\/\/costablanca-magazin.com\/fr\/services-aux-entreprises\/\" title=\"Business &amp; Service\">Business &amp; Service<\/a>\n<\/span><span class=\"aioseo-breadcrumb-separator\">&raquo;<\/span><span class=\"aioseo-breadcrumb\">\n\tM\u00fcller er\u00f6ffnet neue Filiale in Calpe an der Costa Blanca\n<\/span><\/div>","aioseo_breadcrumb_json":[{"label":"Home","link":"https:\/\/costablanca-magazin.com\/fr"},{"label":"Lokales","link":"https:\/\/costablanca-magazin.com\/fr\/local\/"},{"label":"Business &amp; Service","link":"https:\/\/costablanca-magazin.com\/fr\/services-aux-entreprises\/"},{"label":"M\u00fcller er\u00f6ffnet neue Filiale in Calpe an der Costa Blanca","link":"https:\/\/costablanca-magazin.com\/fr\/lokales\/business-service\/mueller-eroeffnet-neue-filiale-in-calpe-an-der-costa-blanca\/"}],"_links":{"self":[{"href":"https:\/\/costablanca-magazin.com\/fr\/wp-json\/wp\/v2\/posts\/11801","targetHints":{"allow":["GET"]}}],"collection":[{"href":"https:\/\/costablanca-magazin.com\/fr\/wp-json\/wp\/v2\/posts"}],"about":[{"href":"https:\/\/costablanca-magazin.com\/fr\/wp-json\/wp\/v2\/types\/post"}],"author":[{"embeddable":true,"href":"https:\/\/costablanca-magazin.com\/fr\/wp-json\/wp\/v2\/users\/5"}],"replies":[{"embeddable":true,"href":"https:\/\/costablanca-magazin.com\/fr\/wp-json\/wp\/v2\/comments?post=11801"}],"version-history":[{"count":16,"href":"https:\/\/costablanca-magazin.com\/fr\/wp-json\/wp\/v2\/posts\/11801\/revisions"}],"predecessor-version":[{"id":11839,"href":"https:\/\/costablanca-magazin.com\/fr\/wp-json\/wp\/v2\/posts\/11801\/revisions\/11839"}],"wp:featuredmedia":[{"embeddable":true,"href":"https:\/\/costablanca-magazin.com\/fr\/wp-json\/wp\/v2\/media\/11810"}],"wp:attachment":[{"href":"https:\/\/costablanca-magazin.com\/fr\/wp-json\/wp\/v2\/media?parent=11801"}],"wp:term":[{"taxonomy":"category","embeddable":true,"href":"https:\/\/costablanca-magazin.com\/fr\/wp-json\/wp\/v2\/categories?post=11801"},{"taxonomy":"post_tag","embeddable":true,"href":"https:\/\/costablanca-magazin.com\/fr\/wp-json\/wp\/v2\/tags?post=11801"}],"curies":[{"name":"wp","href":"https:\/\/api.w.org\/{rel}","templated":true}]}}