{"id":11794,"date":"2026-06-29T08:59:04","date_gmt":"2026-06-29T06:59:04","guid":{"rendered":"https:\/\/costablanca-magazin.com\/?p=11794"},"modified":"2026-07-07T09:26:47","modified_gmt":"2026-07-07T07:26:47","slug":"verano-joven-2026-costa-blanca-reduction-train-bus-espagne","status":"publish","type":"post","link":"https:\/\/costablanca-magazin.com\/fr\/residenten\/mobilitaet-verkehr\/verano-joven-2026-costa-blanca-rabatt-zug-bus-spanien\/","title":{"rendered":"Verano Joven 2026 : voyager \u00e0 moindre co\u00fbt en train et en bus \u00e0 travers l'Espagne"},"content":{"rendered":"<div data-elementor-type=\"wp-post\" data-elementor-id=\"11794\" class=\"elementor elementor-11794\" data-elementor-post-type=\"post\">\n\t\t\t\t<div class=\"elementor-element elementor-element-c3be9eb e-flex e-con-boxed e-con e-parent\" data-id=\"c3be9eb\" data-element_type=\"container\" data-e-type=\"container\">\n\t\t\t\t\t<div class=\"e-con-inner\">\n\t\t\t\t<div class=\"elementor-element elementor-element-07513a3 elementor-widget elementor-widget-heading\" data-id=\"07513a3\" data-element_type=\"widget\" data-e-type=\"widget\" data-widget_type=\"heading.default\">\n\t\t\t\t<div class=\"elementor-widget-container\">\n\t\t\t\t\t<h1 class=\"elementor-heading-title elementor-size-default\">Verano Joven 2026 : voyager \u00e0 moindre co\u00fbt en train et en bus \u00e0 travers l'Espagne \u2013 ce que les jeunes r\u00e9sidents doivent savoir<\/h1>\t\t\t\t<\/div>\n\t\t\t\t<\/div>\n\t\t\t\t<div class=\"elementor-element elementor-element-d0927b4 elementor-widget elementor-widget-heading\" data-id=\"d0927b4\" data-element_type=\"widget\" data-e-type=\"widget\" data-widget_type=\"heading.default\">\n\t\t\t\t<div class=\"elementor-widget-container\">\n\t\t\t\t\t<p class=\"elementor-heading-title elementor-size-default\">Jusqu'\u00e0 90 % de r\u00e9duction sur le train et le bus : qui peut b\u00e9n\u00e9ficier du programme Verano Joven 2026, comment s'inscrire et quelles sont les conditions applicables aux r\u00e9sidents de la Costa Blanca.<\/p>\t\t\t\t<\/div>\n\t\t\t\t<\/div>\n\t\t\t\t<div class=\"elementor-element elementor-element-e667561 elementor-widget elementor-widget-image\" data-id=\"e667561\" data-element_type=\"widget\" data-e-type=\"widget\" data-widget_type=\"image.default\">\n\t\t\t\t<div class=\"elementor-widget-container\">\n\t\t\t\t\t\t\t\t\t\t\t\t\t\t\t<img fetchpriority=\"high\" decoding=\"async\" width=\"1200\" height=\"801\" src=\"https:\/\/costablanca-magazin.com\/wp-content\/uploads\/2026\/06\/bahnhof-valencia-ausgangspunkt-Joven-verano-2026.jpg\" class=\"attachment-full size-full wp-image-11795\" alt=\"Verano Joven 2026 : voyager \u00e0 moindre co\u00fbt en train et en bus \u00e0 travers l&#039;Espagne \u2013 ce que les jeunes r\u00e9sidents doivent savoir\" srcset=\"https:\/\/costablanca-magazin.com\/wp-content\/uploads\/2026\/06\/bahnhof-valencia-ausgangspunkt-Joven-verano-2026.jpg 1200w, https:\/\/costablanca-magazin.com\/wp-content\/uploads\/2026\/06\/bahnhof-valencia-ausgangspunkt-Joven-verano-2026-300x200.jpg 300w, https:\/\/costablanca-magazin.com\/wp-content\/uploads\/2026\/06\/bahnhof-valencia-ausgangspunkt-Joven-verano-2026-1024x684.jpg 1024w, https:\/\/costablanca-magazin.com\/wp-content\/uploads\/2026\/06\/bahnhof-valencia-ausgangspunkt-Joven-verano-2026-768x513.jpg 768w, https:\/\/costablanca-magazin.com\/wp-content\/uploads\/2026\/06\/bahnhof-valencia-ausgangspunkt-Joven-verano-2026-18x12.jpg 18w\" sizes=\"(max-width: 1200px) 100vw, 1200px\" \/>\t\t\t\t\t\t\t\t\t\t\t\t\t\t\t<\/div>\n\t\t\t\t<\/div>\n\t\t\t\t\t<\/div>\n\t\t\t\t<\/div>\n\t\t<div class=\"elementor-element elementor-element-7349e50 e-flex e-con-boxed e-con e-parent\" data-id=\"7349e50\" data-element_type=\"container\" data-e-type=\"container\">\n\t\t\t\t\t<div class=\"e-con-inner\">\n\t\t<div class=\"elementor-element elementor-element-c0093f5 e-con-full e-flex e-con e-child\" data-id=\"c0093f5\" data-element_type=\"container\" data-e-type=\"container\">\n\t\t\t\t<div class=\"elementor-element elementor-element-80d0fb3 elementor-widget elementor-widget-text-editor\" data-id=\"80d0fb3\" data-element_type=\"widget\" data-e-type=\"widget\" data-widget_type=\"text-editor.default\">\n\t\t\t\t<div class=\"elementor-widget-container\">\n\t\t\t\t\t\t\t\t\t<p>Alicante, Valence, Madrid, Barcelone ou l'Andalousie : les jeunes r\u00e9sidant l\u00e9galement en Espagne pourront voyager en train et en autocar longue distance \u00e0 des tarifs nettement plus avantageux durant l'\u00e9t\u00e9 2026. Le programme <strong>Verano Joven<\/strong> Cela int\u00e9resse \u00e9galement de nombreux jeunes r\u00e9sidents \u00e9trangers de la Costa Blanca, mais pas les vacanciers lambda.<\/p><h2><strong>Costa Blanca : une destination id\u00e9ale pour des voyages \u00e0 petit prix<\/strong><\/h2><p>La Costa Blanca pr\u00e9sente un avantage que l'on a tendance \u00e0 n\u00e9gliger au quotidien : de nombreuses localit\u00e9s sont situ\u00e9es relativement pr\u00e8s de gares importantes et d'axes de transport longue distance. Les habitants d'Alicante, d'Elche, de Benidorm, d'Altea, de Calp, de D\u00e9nia ou d'Orihuela Costa peuvent facilement acc\u00e9der au r\u00e9seau ferroviaire et au r\u00e9seau d'autocars interurbains espagnols via Alicante ou Valence.<\/p><p>C'est pr\u00e9cis\u00e9ment l\u00e0 qu'intervient <strong>Verano Joven 2026<\/strong> . Ce programme permet de b\u00e9n\u00e9ficier en \u00e9t\u00e9 de tarifs nettement r\u00e9duits sur les billets pour les jeunes \u00e2g\u00e9s de 18 \u00e0 30 ans. Pour les r\u00e9sidents de la Costa Blanca, cela peut se traduire par bien plus qu\u2019une simple escapade en ville : Madrid le week-end, Barcelone pour un concert, S\u00e9ville \u00e0 la fin de l\u2019\u00e9t\u00e9 ou encore un circuit plus long vers le nord.<\/p><h2><strong>Qui peut b\u00e9n\u00e9ficier de ce programme ?<\/strong><\/h2><p>Peuvent participer les jeunes \u00e2g\u00e9s de <strong>du 1er janvier 1996 au 31 d\u00e9cembre 2008<\/strong> sont n\u00e9s.<\/p><p>De plus, ils doivent soit :<\/p><ul><li>\u00eatre de nationalit\u00e9 espagnole ou<\/li><li>avoir leur r\u00e9sidence l\u00e9gale en Espagne.<\/li><\/ul><p>Ce programme s'adresse donc \u00e9galement aux jeunes r\u00e9sidents \u00e9trangers de la Costa Blanca, qu'ils soient originaires d'Allemagne, des Pays-Bas, de Belgique, de Norv\u00e8ge ou d'autres pays europ\u00e9ens. Ce n'est pas l'origine qui est d\u00e9terminante, mais le fait d'avoir sa r\u00e9sidence l\u00e9gale en Espagne.<\/p><p>Cette offre ne s'applique pas aux vacanciers qui ne r\u00e9sident pas en Espagne.<\/p><h2><strong>Quelles sont les r\u00e9ductions applicables ?<\/strong><\/h2><p>Les r\u00e9ductions s'appliquent aux voyages effectu\u00e9s \u00e0 partir du <strong>Du 1er juillet au 30 septembre 2026<\/strong>.<\/p><h3><strong>90 % de r\u00e9duction<\/strong> est disponible sur :<\/h3><ul><li>lignes d'autocars interurbaines publiques<\/li><li>Cercan\u00edas<\/li><li>Media Distancia<\/li><\/ul><h3><strong>50 % de r\u00e9duction<\/strong> est disponible sur :<\/h3><ul><li>Avant<\/li><li>AVE<\/li><li>Avlo<\/li><li>Ouigo<\/li><li>Iryo<\/li><li>Alvia<\/li><\/ul><p>Pour les trains \u00e0 grande vitesse, la r\u00e9duction est plafonn\u00e9e \u00e0 <strong>30 euros par billet<\/strong> limit\u00e9. Le <strong>Interrail Global Pass<\/strong> est subventionn\u00e9 \u00e0 hauteur de 50 % s'il est achet\u00e9 aupr\u00e8s de Renfe.<\/p>\t\t\t\t\t\t\t\t<\/div>\n\t\t\t\t<\/div>\n\t\t\t\t<\/div>\n\t\t<div class=\"elementor-element elementor-element-c740946 e-con-full e-flex e-con e-child\" data-id=\"c740946\" data-element_type=\"container\" data-e-type=\"container\">\n\t\t\t\t<div class=\"elementor-element elementor-element-331d86f elementor-widget elementor-widget-text-editor\" data-id=\"331d86f\" data-element_type=\"widget\" data-e-type=\"widget\" data-widget_type=\"text-editor.default\">\n\t\t\t\t<div class=\"elementor-widget-container\">\n\t\t\t\t\t\t\t\t\t<h2><strong>Alicante et Valence comme points de d\u00e9part<\/strong><\/h2><p>Pour la Costa Blanca, deux n\u0153uds sont particuli\u00e8rement importants : <strong>Alicante<\/strong> et <strong>Valence<\/strong>. Depuis Alicante, il existe des liaisons rapides vers Madrid. Valence est un point de d\u00e9part important vers Barcelone, Saragosse, S\u00e9ville, Cordoue ou M\u00e1laga.<\/p><p>Si vous habitez au nord de la Costa Blanca, par exemple \u00e0 D\u00e9nia, Calp, Altea ou Benidorm, vous pouvez emprunter la <strong>TRAM d'Alicante<\/strong> Prendre la direction d'Alicante et y prendre une correspondance vers les lignes longue distance. D\u00e9nia ne dispose pas de gare AVE ; il est donc important d'assurer la liaison vers le p\u00f4le ferroviaire le plus proche.<\/p><p>Au sud de la Costa Blanca, Alicante et Elche constituent pour de nombreux jeunes des points d'entr\u00e9e tout indiqu\u00e9s. De l\u00e0, il est \u00e9galement possible d'organiser des trajets plus longs sans voiture personnelle.<\/p><h2><strong>Pour les \u00e9tudiants, les apprentis et les jeunes actifs<\/strong><\/h2><p>\u00ab Verano Joven \u00bb n'est pas une offre touristique classique. Elle s'adresse aux jeunes qui vivent en Espagne. Cela rev\u00eat une importance particuli\u00e8re pour la Costa Blanca, car cette r\u00e9gion accueille de nombreuses familles internationales, des \u00e9tudiants, des apprentis et de jeunes professionnels en d\u00e9but de carri\u00e8re.<\/p><p>Que ce soit pour rendre visite \u00e0 sa famille dans une autre r\u00e9gion, retrouver des amis \u00e0 Madrid ou passer quelques jours en Andalousie, ces r\u00e9ductions permettent de r\u00e9aliser des \u00e9conomies substantielles. Elles sont particuli\u00e8rement int\u00e9ressantes en cas de trajets multiples ou de longs trajets.<\/p><p>Ce programme constitue \u00e9galement une opportunit\u00e9 pour les jeunes qui souhaitent d\u00e9couvrir l'Espagne au-del\u00e0 de leur propre c\u00f4te : le nord de l'Espagne, la Galice, le Pays basque ou la Castille deviennent ainsi plus abordables.<\/p><h2><strong>Voici comment s'inscrire<\/strong><\/h2><p>Avant d'acheter votre premier billet, vous devez vous inscrire gratuitement. Les participants recevront ensuite un code de r\u00e9duction personnel \u00e0 saisir lors de la r\u00e9servation.<\/p><p>L'inscription doit comporter au moins <strong>24 heures avant le premier achat de billet<\/strong> doivent \u00eatre effectu\u00e9es. Le code n'est pas transf\u00e9rable.<\/p><h3><strong>Service<\/strong><\/h3><p><strong>Programme :<\/strong> Verano Joven 2026<br \/><strong>P\u00e9riode du voyage :<\/strong> Du 1er juillet au 30 septembre 2026<br \/><strong>\u00c2ge :<\/strong> De 18 \u00e0 30 ans<br \/><strong>Ann\u00e9es de naissance :<\/strong> De 1996 \u00e0 2008<br \/><strong>Condition pr\u00e9alable :<\/strong> nationalit\u00e9 espagnole ou r\u00e9sidence l\u00e9gale en Espagne<br \/><strong>Inscription :<\/strong> <a href=\"https:\/\/veranojoven.transportes.gob.es\" target=\"_blank\" rel=\"noopener\">https:\/\/veranojoven.transportes.gob.es<\/a><br \/><strong>Pour plus d'informations :<\/strong> <a href=\"https:\/\/www.transportes.gob.es\" target=\"_blank\" rel=\"noopener\">https:\/\/www.transportes.gob.es<\/a><\/p><h3><strong>Bon \u00e0 savoir<\/strong><\/h3><p>Alicante et Valence sont les principaux n\u0153uds de transport longue distance de la Costa Blanca. Des localit\u00e9s telles que D\u00e9nia, Calp, Altea ou Benidorm sont reli\u00e9es \u00e0 Alicante par le TRAM d\u2019Alacant. Cela permet de profiter pleinement du programme m\u00eame sans voiture.<\/p>\t\t\t\t\t\t\t\t<\/div>\n\t\t\t\t<\/div>\n\t\t\t\t<\/div>\n\t\t\t\t\t<\/div>\n\t\t\t\t<\/div>\n\t\t\t\t<\/div>","protected":false},"excerpt":{"rendered":"<p>Verano Joven 2026: G\u00fcnstiger mit Bahn und Bus durch Spanien \u2013 das sollten junge Residenten wissen Bis zu 90 % Rabatt auf Zug und Bus: Wer Verano Joven 2026 nutzen kann, wie die Anmeldung l\u00e4uft und was f\u00fcr Residenten an der Costa Blanca gilt. Alicante, Valencia, Madrid, Barcelona oder Andalusien: Wer jung ist und legal [&hellip;]<\/p>\n","protected":false},"author":4,"featured_media":11795,"comment_status":"closed","ping_status":"closed","sticky":false,"template":"elementor_header_footer","format":"standard","meta":{"footnotes":""},"categories":[19],"tags":[1757],"class_list":["post-11794","post","type-post","status-publish","format-standard","has-post-thumbnail","hentry","category-mobilitaet-verkehr","tag-mobilitaet-costa-blanca"],"aioseo_notices":[],"aioseo_head":"\n\t\t<!-- All in One SEO Pro 5.0.1.1 - aioseo.com -->\n\t<meta name=\"description\" content=\"Bis zu 90 % Rabatt auf Zug und Bus: Wer Verano Joven 2026 nutzen kann, wie die Anmeldung l\u00e4uft und was f\u00fcr Residenten an der Costa Blanca gilt.\" \/>\n\t<meta name=\"robots\" content=\"max-snippet:-1, max-image-preview:large, max-video-preview:-1\" \/>\n\t<meta name=\"author\" content=\"Costablanca Magazin Redaktion\"\/>\n\t<link rel=\"canonical\" href=\"https:\/\/costablanca-magazin.com\/fr\/residenten\/mobilitaet-verkehr\/verano-joven-2026-costa-blanca-rabatt-zug-bus-spanien\/\" \/>\n\t<meta name=\"generator\" content=\"All in One SEO Pro (AIOSEO) 5.0.1.1\" \/>\n\t\t<meta property=\"og:locale\" content=\"fr_FR\" \/>\n\t\t<meta property=\"og:site_name\" content=\"Costa Blanca Magazin\" \/>\n\t\t<meta property=\"og:type\" content=\"article\" \/>\n\t\t<meta property=\"og:title\" content=\"Bis zu 90 % Rabatt auf Bahn und Bus: So funktioniert Verano Joven 2026 in Spanien\" \/>\n\t\t<meta property=\"og:description\" content=\"Bis zu 90 % Rabatt auf Zug und Bus: Wer Verano Joven 2026 nutzen kann, wie die Anmeldung l\u00e4uft und was f\u00fcr Residenten an der Costa Blanca gilt.\" \/>\n\t\t<meta property=\"og:url\" content=\"https:\/\/costablanca-magazin.com\/fr\/residenten\/mobilitaet-verkehr\/verano-joven-2026-costa-blanca-rabatt-zug-bus-spanien\/\" \/>\n\t\t<meta property=\"og:image\" content=\"https:\/\/costablanca-magazin.com\/wp-content\/uploads\/2026\/06\/bahnhof-valencia-ausgangspunkt-Joven-verano-2026.jpg\" \/>\n\t\t<meta property=\"og:image:secure_url\" content=\"https:\/\/costablanca-magazin.com\/wp-content\/uploads\/2026\/06\/bahnhof-valencia-ausgangspunkt-Joven-verano-2026.jpg\" \/>\n\t\t<meta property=\"og:image:width\" content=\"1200\" \/>\n\t\t<meta property=\"og:image:height\" content=\"801\" \/>\n\t\t<meta property=\"article:published_time\" content=\"2026-06-29T06:59:04+00:00\" \/>\n\t\t<meta property=\"article:modified_time\" content=\"2026-07-07T07:26:47+00:00\" \/>\n\t\t<meta property=\"article:publisher\" content=\"https:\/\/www.facebook.com\/costablancalifestyle\/\" \/>\n\t\t<meta name=\"twitter:card\" content=\"summary_large_image\" \/>\n\t\t<meta name=\"twitter:title\" content=\"Bis zu 90 % Rabatt auf Bahn und Bus: So funktioniert Verano Joven 2026 in Spanien\" \/>\n\t\t<meta name=\"twitter:description\" content=\"Bis zu 90 % Rabatt auf Zug und Bus: Wer Verano Joven 2026 nutzen kann, wie die Anmeldung l\u00e4uft und was f\u00fcr Residenten an der Costa Blanca gilt.\" \/>\n\t\t<meta name=\"twitter:image\" content=\"https:\/\/costablanca-magazin.com\/wp-content\/uploads\/2026\/06\/bahnhof-valencia-ausgangspunkt-Joven-verano-2026.jpg\" \/>\n\t\t<script type=\"application\/ld+json\" class=\"aioseo-schema\">\n\t\t\t{\"@context\":\"https:\\\/\\\/schema.org\",\"@graph\":[{\"@type\":\"BreadcrumbList\",\"@id\":\"https:\\\/\\\/costablanca-magazin.com\\\/fr\\\/residenten\\\/mobilitaet-verkehr\\\/verano-joven-2026-costa-blanca-rabatt-zug-bus-spanien\\\/#breadcrumblist\",\"itemListElement\":[{\"@type\":\"ListItem\",\"@id\":\"https:\\\/\\\/costablanca-magazin.com\\\/fr#listItem\",\"position\":1,\"name\":\"Home\",\"item\":\"https:\\\/\\\/costablanca-magazin.com\\\/fr\",\"nextItem\":{\"@type\":\"ListItem\",\"@id\":\"https:\\\/\\\/costablanca-magazin.com\\\/fr\\\/residents\\\/#listItem\",\"name\":\"Residenten\"}},{\"@type\":\"ListItem\",\"@id\":\"https:\\\/\\\/costablanca-magazin.com\\\/fr\\\/residents\\\/#listItem\",\"position\":2,\"name\":\"Residenten\",\"item\":\"https:\\\/\\\/costablanca-magazin.com\\\/fr\\\/residents\\\/\",\"nextItem\":{\"@type\":\"ListItem\",\"@id\":\"https:\\\/\\\/costablanca-magazin.com\\\/fr\\\/mobilite-transports\\\/#listItem\",\"name\":\"Mobilit\\u00e4t &amp; Verkehr\"},\"previousItem\":{\"@type\":\"ListItem\",\"@id\":\"https:\\\/\\\/costablanca-magazin.com\\\/fr#listItem\",\"name\":\"Home\"}},{\"@type\":\"ListItem\",\"@id\":\"https:\\\/\\\/costablanca-magazin.com\\\/fr\\\/mobilite-transports\\\/#listItem\",\"position\":3,\"name\":\"Mobilit\\u00e4t &amp; Verkehr\",\"item\":\"https:\\\/\\\/costablanca-magazin.com\\\/fr\\\/mobilite-transports\\\/\",\"nextItem\":{\"@type\":\"ListItem\",\"@id\":\"https:\\\/\\\/costablanca-magazin.com\\\/fr\\\/residenten\\\/mobilitaet-verkehr\\\/verano-joven-2026-costa-blanca-rabatt-zug-bus-spanien\\\/#listItem\",\"name\":\"Verano Joven 2026: G\\u00fcnstiger mit Bahn und Bus durch Spanien\"},\"previousItem\":{\"@type\":\"ListItem\",\"@id\":\"https:\\\/\\\/costablanca-magazin.com\\\/fr\\\/residents\\\/#listItem\",\"name\":\"Residenten\"}},{\"@type\":\"ListItem\",\"@id\":\"https:\\\/\\\/costablanca-magazin.com\\\/fr\\\/residenten\\\/mobilitaet-verkehr\\\/verano-joven-2026-costa-blanca-rabatt-zug-bus-spanien\\\/#listItem\",\"position\":4,\"name\":\"Verano Joven 2026: G\\u00fcnstiger mit Bahn und Bus durch Spanien\",\"previousItem\":{\"@type\":\"ListItem\",\"@id\":\"https:\\\/\\\/costablanca-magazin.com\\\/fr\\\/mobilite-transports\\\/#listItem\",\"name\":\"Mobilit\\u00e4t &amp; Verkehr\"}}]},{\"@type\":\"NewsArticle\",\"@id\":\"https:\\\/\\\/costablanca-magazin.com\\\/fr\\\/residenten\\\/mobilitaet-verkehr\\\/verano-joven-2026-costa-blanca-rabatt-zug-bus-spanien\\\/#article\",\"name\":\"Verano Joven 2026: G\\u00fcnstiger mit Bahn und Bus durch Spanien\",\"headline\":\"Verano Joven 2026: G\\u00fcnstiger mit Bahn und Bus durch Spanien\",\"author\":{\"@id\":\"https:\\\/\\\/costablanca-magazin.com\\\/fr\\\/author\\\/costablanca-magazin-redaktion\\\/#author\"},\"publisher\":{\"@id\":\"https:\\\/\\\/costablanca-magazin.com\\\/fr\\\/#organization\"},\"image\":{\"@type\":\"ImageObject\",\"url\":\"https:\\\/\\\/costablanca-magazin.com\\\/wp-content\\\/uploads\\\/2026\\\/06\\\/bahnhof-valencia-ausgangspunkt-Joven-verano-2026.jpg\",\"width\":1200,\"height\":801,\"caption\":\"Verano Joven 2026: G\\u00fcnstiger mit Bahn und Bus durch Spanien\"},\"datePublished\":\"2026-06-29T08:59:04+02:00\",\"dateModified\":\"2026-07-07T09:26:47+02:00\",\"inLanguage\":\"fr-FR\",\"mainEntityOfPage\":{\"@id\":\"https:\\\/\\\/costablanca-magazin.com\\\/fr\\\/residenten\\\/mobilitaet-verkehr\\\/verano-joven-2026-costa-blanca-rabatt-zug-bus-spanien\\\/#webpage\"},\"isPartOf\":{\"@id\":\"https:\\\/\\\/costablanca-magazin.com\\\/fr\\\/residenten\\\/mobilitaet-verkehr\\\/verano-joven-2026-costa-blanca-rabatt-zug-bus-spanien\\\/#webpage\"},\"articleSection\":\"Mobilit\\u00e4t &amp; Verkehr, Mobilit\\u00e4t Costa Blanca\"},{\"@type\":\"Person\",\"@id\":\"https:\\\/\\\/costablanca-magazin.com\\\/fr\\\/author\\\/costablanca-magazin-redaktion\\\/#author\",\"url\":\"https:\\\/\\\/costablanca-magazin.com\\\/fr\\\/author\\\/costablanca-magazin-redaktion\\\/\",\"name\":\"Costablanca Magazin Redaktion\"},{\"@type\":\"WebPage\",\"@id\":\"https:\\\/\\\/costablanca-magazin.com\\\/fr\\\/residenten\\\/mobilitaet-verkehr\\\/verano-joven-2026-costa-blanca-rabatt-zug-bus-spanien\\\/#webpage\",\"url\":\"https:\\\/\\\/costablanca-magazin.com\\\/fr\\\/residenten\\\/mobilitaet-verkehr\\\/verano-joven-2026-costa-blanca-rabatt-zug-bus-spanien\\\/\",\"name\":\"Bis zu 90 % Rabatt auf Bahn und Bus: So funktioniert Verano Joven 2026 in Spanien\",\"description\":\"Bis zu 90 % Rabatt auf Zug und Bus: Wer Verano Joven 2026 nutzen kann, wie die Anmeldung l\\u00e4uft und was f\\u00fcr Residenten an der Costa Blanca gilt.\",\"inLanguage\":\"fr-FR\",\"isPartOf\":{\"@id\":\"https:\\\/\\\/costablanca-magazin.com\\\/fr\\\/#website\"},\"breadcrumb\":{\"@id\":\"https:\\\/\\\/costablanca-magazin.com\\\/fr\\\/residenten\\\/mobilitaet-verkehr\\\/verano-joven-2026-costa-blanca-rabatt-zug-bus-spanien\\\/#breadcrumblist\"},\"author\":{\"@id\":\"https:\\\/\\\/costablanca-magazin.com\\\/fr\\\/author\\\/costablanca-magazin-redaktion\\\/#author\"},\"creator\":{\"@id\":\"https:\\\/\\\/costablanca-magazin.com\\\/fr\\\/author\\\/costablanca-magazin-redaktion\\\/#author\"},\"image\":{\"@type\":\"ImageObject\",\"url\":\"https:\\\/\\\/costablanca-magazin.com\\\/wp-content\\\/uploads\\\/2026\\\/06\\\/bahnhof-valencia-ausgangspunkt-Joven-verano-2026.jpg\",\"@id\":\"https:\\\/\\\/costablanca-magazin.com\\\/fr\\\/residenten\\\/mobilitaet-verkehr\\\/verano-joven-2026-costa-blanca-rabatt-zug-bus-spanien\\\/#mainImage\",\"width\":1200,\"height\":801,\"caption\":\"Verano Joven 2026: G\\u00fcnstiger mit Bahn und Bus durch Spanien\"},\"primaryImageOfPage\":{\"@id\":\"https:\\\/\\\/costablanca-magazin.com\\\/fr\\\/residenten\\\/mobilitaet-verkehr\\\/verano-joven-2026-costa-blanca-rabatt-zug-bus-spanien\\\/#mainImage\"},\"datePublished\":\"2026-06-29T08:59:04+02:00\",\"dateModified\":\"2026-07-07T09:26:47+02:00\",\"mainEntity\":{\"@id\":\"https:\\\/\\\/costablanca-magazin.com\\\/fr\\\/residenten\\\/mobilitaet-verkehr\\\/verano-joven-2026-costa-blanca-rabatt-zug-bus-spanien\\\/#article\"}},{\"@type\":\"WebSite\",\"@id\":\"https:\\\/\\\/costablanca-magazin.com\\\/fr\\\/#website\",\"url\":\"https:\\\/\\\/costablanca-magazin.com\\\/fr\\\/\",\"name\":\"Costa Blanca Magazin\",\"description\":\"Costa Blanca - alles um das Leben und die Freizeit an der K\\u00fcste\",\"inLanguage\":\"fr-FR\",\"publisher\":{\"@id\":\"https:\\\/\\\/costablanca-magazin.com\\\/fr\\\/#organization\"},\"potentialAction\":{\"@type\":\"SearchAction\",\"target\":\"https:\\\/\\\/costablanca-magazin.com\\\/fr\\\/?s={search_term_string}\",\"query-input\":\"required name=search_term_string\"}},{\"@type\":[\"Organization\",\"NewsMediaOrganization\"],\"@id\":\"https:\\\/\\\/costablanca-magazin.com\\\/fr\\\/#organization\",\"name\":\"Costa Blanca Magazin\",\"description\":\"Costa Blanca Magazin\",\"url\":\"https:\\\/\\\/costablanca-magazin.com\\\/fr\\\/\",\"email\":\"info@costablanca-magazin.com\",\"telephone\":\"+34 663 946 871\",\"logo\":{\"@type\":\"ImageObject\",\"url\":\"https:\\\/\\\/costablanca-magazin.com\\\/wp-content\\\/uploads\\\/2024\\\/05\\\/logo.jpg\",\"@id\":\"https:\\\/\\\/costablanca-magazin.com\\\/fr\\\/residenten\\\/mobilitaet-verkehr\\\/verano-joven-2026-costa-blanca-rabatt-zug-bus-spanien\\\/#organizationLogo\",\"width\":1605,\"height\":236,\"caption\":\"Costa Blanca Magazin\"},\"image\":{\"@id\":\"https:\\\/\\\/costablanca-magazin.com\\\/fr\\\/residenten\\\/mobilitaet-verkehr\\\/verano-joven-2026-costa-blanca-rabatt-zug-bus-spanien\\\/#organizationLogo\"},\"sameAs\":[\"https:\\\/\\\/www.facebook.com\\\/costablancalifestyle\\\/\",\"https:\\\/\\\/www.instagram.com\\\/costablancamagazin\\\/\"]}]}\n\t\t<\/script>\n\t\t<!-- All in One SEO Pro -->\r\n\t\t<title>Bis zu 90 % Rabatt auf Bahn und Bus: So funktioniert Verano Joven 2026 in Spanien<\/title>\n\n","aioseo_head_json":{"title":"Jusqu'\u00e0 90 % de r\u00e9duction sur le train et le bus : voici comment fonctionne le programme \u00ab Verano Joven 2026 \u00bb en Espagne","description":"Jusqu'\u00e0 90 % de r\u00e9duction sur le train et le bus : qui peut b\u00e9n\u00e9ficier du programme Verano Joven 2026, comment s'inscrire et quelles sont les conditions applicables aux r\u00e9sidents de la Costa Blanca.","canonical_url":"https:\/\/costablanca-magazin.com\/fr\/residenten\/mobilitaet-verkehr\/verano-joven-2026-costa-blanca-rabatt-zug-bus-spanien\/","robots":"max-snippet:-1, max-image-preview:large, max-video-preview:-1","keywords":"","webmasterTools":{"miscellaneous":""},"schema":{"@context":"https:\/\/schema.org","@graph":[{"@type":"BreadcrumbList","@id":"https:\/\/costablanca-magazin.com\/fr\/residenten\/mobilitaet-verkehr\/verano-joven-2026-costa-blanca-rabatt-zug-bus-spanien\/#breadcrumblist","itemListElement":[{"@type":"ListItem","@id":"https:\/\/costablanca-magazin.com\/fr#listItem","position":1,"name":"Home","item":"https:\/\/costablanca-magazin.com\/fr","nextItem":{"@type":"ListItem","@id":"https:\/\/costablanca-magazin.com\/fr\/residents\/#listItem","name":"Residenten"}},{"@type":"ListItem","@id":"https:\/\/costablanca-magazin.com\/fr\/residents\/#listItem","position":2,"name":"Residenten","item":"https:\/\/costablanca-magazin.com\/fr\/residents\/","nextItem":{"@type":"ListItem","@id":"https:\/\/costablanca-magazin.com\/fr\/mobilite-transports\/#listItem","name":"Mobilit\u00e4t &amp; Verkehr"},"previousItem":{"@type":"ListItem","@id":"https:\/\/costablanca-magazin.com\/fr#listItem","name":"Home"}},{"@type":"ListItem","@id":"https:\/\/costablanca-magazin.com\/fr\/mobilite-transports\/#listItem","position":3,"name":"Mobilit\u00e4t &amp; Verkehr","item":"https:\/\/costablanca-magazin.com\/fr\/mobilite-transports\/","nextItem":{"@type":"ListItem","@id":"https:\/\/costablanca-magazin.com\/fr\/residenten\/mobilitaet-verkehr\/verano-joven-2026-costa-blanca-rabatt-zug-bus-spanien\/#listItem","name":"Verano Joven 2026: G\u00fcnstiger mit Bahn und Bus durch Spanien"},"previousItem":{"@type":"ListItem","@id":"https:\/\/costablanca-magazin.com\/fr\/residents\/#listItem","name":"Residenten"}},{"@type":"ListItem","@id":"https:\/\/costablanca-magazin.com\/fr\/residenten\/mobilitaet-verkehr\/verano-joven-2026-costa-blanca-rabatt-zug-bus-spanien\/#listItem","position":4,"name":"Verano Joven 2026: G\u00fcnstiger mit Bahn und Bus durch Spanien","previousItem":{"@type":"ListItem","@id":"https:\/\/costablanca-magazin.com\/fr\/mobilite-transports\/#listItem","name":"Mobilit\u00e4t &amp; Verkehr"}}]},{"@type":"NewsArticle","@id":"https:\/\/costablanca-magazin.com\/fr\/residenten\/mobilitaet-verkehr\/verano-joven-2026-costa-blanca-rabatt-zug-bus-spanien\/#article","name":"Verano Joven 2026: G\u00fcnstiger mit Bahn und Bus durch Spanien","headline":"Verano Joven 2026: G\u00fcnstiger mit Bahn und Bus durch Spanien","author":{"@id":"https:\/\/costablanca-magazin.com\/fr\/author\/costablanca-magazin-redaktion\/#author"},"publisher":{"@id":"https:\/\/costablanca-magazin.com\/fr\/#organization"},"image":{"@type":"ImageObject","url":"https:\/\/costablanca-magazin.com\/wp-content\/uploads\/2026\/06\/bahnhof-valencia-ausgangspunkt-Joven-verano-2026.jpg","width":1200,"height":801,"caption":"Verano Joven 2026: G\u00fcnstiger mit Bahn und Bus durch Spanien"},"datePublished":"2026-06-29T08:59:04+02:00","dateModified":"2026-07-07T09:26:47+02:00","inLanguage":"fr-FR","mainEntityOfPage":{"@id":"https:\/\/costablanca-magazin.com\/fr\/residenten\/mobilitaet-verkehr\/verano-joven-2026-costa-blanca-rabatt-zug-bus-spanien\/#webpage"},"isPartOf":{"@id":"https:\/\/costablanca-magazin.com\/fr\/residenten\/mobilitaet-verkehr\/verano-joven-2026-costa-blanca-rabatt-zug-bus-spanien\/#webpage"},"articleSection":"Mobilit\u00e4t &amp; Verkehr, Mobilit\u00e4t Costa Blanca"},{"@type":"Person","@id":"https:\/\/costablanca-magazin.com\/fr\/author\/costablanca-magazin-redaktion\/#author","url":"https:\/\/costablanca-magazin.com\/fr\/author\/costablanca-magazin-redaktion\/","name":"Costablanca Magazin Redaktion"},{"@type":"WebPage","@id":"https:\/\/costablanca-magazin.com\/fr\/residenten\/mobilitaet-verkehr\/verano-joven-2026-costa-blanca-rabatt-zug-bus-spanien\/#webpage","url":"https:\/\/costablanca-magazin.com\/fr\/residenten\/mobilitaet-verkehr\/verano-joven-2026-costa-blanca-rabatt-zug-bus-spanien\/","name":"Bis zu 90 % Rabatt auf Bahn und Bus: So funktioniert Verano Joven 2026 in Spanien","description":"Bis zu 90 % Rabatt auf Zug und Bus: Wer Verano Joven 2026 nutzen kann, wie die Anmeldung l\u00e4uft und was f\u00fcr Residenten an der Costa Blanca gilt.","inLanguage":"fr-FR","isPartOf":{"@id":"https:\/\/costablanca-magazin.com\/fr\/#website"},"breadcrumb":{"@id":"https:\/\/costablanca-magazin.com\/fr\/residenten\/mobilitaet-verkehr\/verano-joven-2026-costa-blanca-rabatt-zug-bus-spanien\/#breadcrumblist"},"author":{"@id":"https:\/\/costablanca-magazin.com\/fr\/author\/costablanca-magazin-redaktion\/#author"},"creator":{"@id":"https:\/\/costablanca-magazin.com\/fr\/author\/costablanca-magazin-redaktion\/#author"},"image":{"@type":"ImageObject","url":"https:\/\/costablanca-magazin.com\/wp-content\/uploads\/2026\/06\/bahnhof-valencia-ausgangspunkt-Joven-verano-2026.jpg","@id":"https:\/\/costablanca-magazin.com\/fr\/residenten\/mobilitaet-verkehr\/verano-joven-2026-costa-blanca-rabatt-zug-bus-spanien\/#mainImage","width":1200,"height":801,"caption":"Verano Joven 2026: G\u00fcnstiger mit Bahn und Bus durch Spanien"},"primaryImageOfPage":{"@id":"https:\/\/costablanca-magazin.com\/fr\/residenten\/mobilitaet-verkehr\/verano-joven-2026-costa-blanca-rabatt-zug-bus-spanien\/#mainImage"},"datePublished":"2026-06-29T08:59:04+02:00","dateModified":"2026-07-07T09:26:47+02:00","mainEntity":{"@id":"https:\/\/costablanca-magazin.com\/fr\/residenten\/mobilitaet-verkehr\/verano-joven-2026-costa-blanca-rabatt-zug-bus-spanien\/#article"}},{"@type":"WebSite","@id":"https:\/\/costablanca-magazin.com\/fr\/#website","url":"https:\/\/costablanca-magazin.com\/fr\/","name":"Costa Blanca Magazin","description":"Costa Blanca - alles um das Leben und die Freizeit an der K\u00fcste","inLanguage":"fr-FR","publisher":{"@id":"https:\/\/costablanca-magazin.com\/fr\/#organization"},"potentialAction":{"@type":"SearchAction","target":"https:\/\/costablanca-magazin.com\/fr\/?s={search_term_string}","query-input":"required name=search_term_string"}},{"@type":["Organization","NewsMediaOrganization"],"@id":"https:\/\/costablanca-magazin.com\/fr\/#organization","name":"Costa Blanca Magazin","description":"Costa Blanca Magazin","url":"https:\/\/costablanca-magazin.com\/fr\/","email":"info@costablanca-magazin.com","telephone":"+34 663 946 871","logo":{"@type":"ImageObject","url":"https:\/\/costablanca-magazin.com\/wp-content\/uploads\/2024\/05\/logo.jpg","@id":"https:\/\/costablanca-magazin.com\/fr\/residenten\/mobilitaet-verkehr\/verano-joven-2026-costa-blanca-rabatt-zug-bus-spanien\/#organizationLogo","width":1605,"height":236,"caption":"Costa Blanca Magazin"},"image":{"@id":"https:\/\/costablanca-magazin.com\/fr\/residenten\/mobilitaet-verkehr\/verano-joven-2026-costa-blanca-rabatt-zug-bus-spanien\/#organizationLogo"},"sameAs":["https:\/\/www.facebook.com\/costablancalifestyle\/","https:\/\/www.instagram.com\/costablancamagazin\/"]}]},"og:locale":"fr_FR","og:site_name":"Costa Blanca Magazin","og:type":"article","og:title":"Bis zu 90 % Rabatt auf Bahn und Bus: So funktioniert Verano Joven 2026 in Spanien","og:description":"Bis zu 90 % Rabatt auf Zug und Bus: Wer Verano Joven 2026 nutzen kann, wie die Anmeldung l\u00e4uft und was f\u00fcr Residenten an der Costa Blanca gilt.","og:url":"https:\/\/costablanca-magazin.com\/fr\/residenten\/mobilitaet-verkehr\/verano-joven-2026-costa-blanca-rabatt-zug-bus-spanien\/","og:image":"https:\/\/costablanca-magazin.com\/wp-content\/uploads\/2026\/06\/bahnhof-valencia-ausgangspunkt-Joven-verano-2026.jpg","og:image:secure_url":"https:\/\/costablanca-magazin.com\/wp-content\/uploads\/2026\/06\/bahnhof-valencia-ausgangspunkt-Joven-verano-2026.jpg","og:image:width":1200,"og:image:height":801,"article:published_time":"2026-06-29T06:59:04+00:00","article:modified_time":"2026-07-07T07:26:47+00:00","article:publisher":"https:\/\/www.facebook.com\/costablancalifestyle\/","twitter:card":"summary_large_image","twitter:title":"Bis zu 90 % Rabatt auf Bahn und Bus: So funktioniert Verano Joven 2026 in Spanien","twitter:description":"Bis zu 90 % Rabatt auf Zug und Bus: Wer Verano Joven 2026 nutzen kann, wie die Anmeldung l\u00e4uft und was f\u00fcr Residenten an der Costa Blanca gilt.","twitter:image":"https:\/\/costablanca-magazin.com\/wp-content\/uploads\/2026\/06\/bahnhof-valencia-ausgangspunkt-Joven-verano-2026.jpg"},"aioseo_meta_data":{"post_id":"11794","title":"Jusqu'\u00e0 90 % de r\u00e9duction sur le train et le bus : voici comment fonctionne le programme \u00ab Verano Joven 2026 \u00bb en Espagne","description":"Jusqu'\u00e0 90 % de r\u00e9duction sur le train et le bus : qui peut b\u00e9n\u00e9ficier du programme Verano Joven 2026, comment s'inscrire et quelles sont les conditions applicables aux r\u00e9sidents de la Costa Blanca.","keywords":null,"keyphrases":{"focus":[],"additional":[]},"primary_term":null,"canonical_url":null,"og_title":null,"og_description":null,"og_object_type":"default","og_image_type":"default","og_image_url":null,"og_image_width":null,"og_image_height":null,"og_image_custom_url":null,"og_image_custom_fields":null,"og_video":"","og_custom_url":null,"og_article_section":null,"og_article_tags":null,"twitter_use_og":false,"twitter_card":"default","twitter_image_type":"default","twitter_image_url":null,"twitter_image_custom_url":null,"twitter_image_custom_fields":null,"twitter_title":null,"twitter_description":null,"schema":{"blockGraphs":[],"customGraphs":[],"default":{"data":{"Article":[],"Course":[],"Dataset":[],"FAQPage":[],"Movie":[],"Person":[],"Product":[],"ProductReview":[],"Car":[],"Recipe":[],"Service":[],"SoftwareApplication":[],"WebPage":[]},"graphName":"BlogPosting","isEnabled":true},"graphs":[]},"schema_type":"default","schema_type_options":null,"pillar_content":false,"robots_default":true,"robots_noindex":false,"robots_noarchive":false,"robots_nosnippet":false,"robots_nofollow":false,"robots_noimageindex":false,"robots_noodp":false,"robots_notranslate":false,"robots_max_snippet":"-1","robots_max_videopreview":"-1","robots_max_imagepreview":"large","priority":null,"frequency":"default","local_seo":null,"seo_analyzer_scan_date":"2026-07-07 07:27:02","breadcrumb_settings":null,"limit_modified_date":false,"reviewed_by":"0","open_ai":null,"ai":{"faqs":[],"keyPoints":[],"schemas":[],"titles":[],"descriptions":[],"socialPosts":{"email":{"subject":"","preview":"","content":""},"linkedin":[],"twitter":[],"facebook":[],"instagram":[]}},"created":"2026-06-29 06:49:41","updated":"2026-08-10 07:29:22","focus_keyword":null,"additional_keywords":null,"truseo_locale":null},"aioseo_breadcrumb":"<div class=\"aioseo-breadcrumbs\"><span class=\"aioseo-breadcrumb\">\n\t<a href=\"https:\/\/costablanca-magazin.com\/fr\" title=\"Home\">Home<\/a>\n<\/span><span class=\"aioseo-breadcrumb-separator\">&raquo;<\/span><span class=\"aioseo-breadcrumb\">\n\t<a href=\"https:\/\/costablanca-magazin.com\/fr\/residents\/\" title=\"Residenten\">Residenten<\/a>\n<\/span><span class=\"aioseo-breadcrumb-separator\">&raquo;<\/span><span class=\"aioseo-breadcrumb\">\n\t<a href=\"https:\/\/costablanca-magazin.com\/fr\/mobilite-transports\/\" title=\"Mobilit\u00e4t &amp; Verkehr\">Mobilit\u00e4t &amp; Verkehr<\/a>\n<\/span><span class=\"aioseo-breadcrumb-separator\">&raquo;<\/span><span class=\"aioseo-breadcrumb\">\n\tVerano Joven 2026: G\u00fcnstiger mit Bahn und Bus durch Spanien\n<\/span><\/div>","aioseo_breadcrumb_json":[{"label":"Home","link":"https:\/\/costablanca-magazin.com\/fr"},{"label":"Residenten","link":"https:\/\/costablanca-magazin.com\/fr\/residents\/"},{"label":"Mobilit\u00e4t &amp; Verkehr","link":"https:\/\/costablanca-magazin.com\/fr\/mobilite-transports\/"},{"label":"Verano Joven 2026: G\u00fcnstiger mit Bahn und Bus durch Spanien","link":"https:\/\/costablanca-magazin.com\/fr\/residenten\/mobilitaet-verkehr\/verano-joven-2026-costa-blanca-rabatt-zug-bus-spanien\/"}],"_links":{"self":[{"href":"https:\/\/costablanca-magazin.com\/fr\/wp-json\/wp\/v2\/posts\/11794","targetHints":{"allow":["GET"]}}],"collection":[{"href":"https:\/\/costablanca-magazin.com\/fr\/wp-json\/wp\/v2\/posts"}],"about":[{"href":"https:\/\/costablanca-magazin.com\/fr\/wp-json\/wp\/v2\/types\/post"}],"author":[{"embeddable":true,"href":"https:\/\/costablanca-magazin.com\/fr\/wp-json\/wp\/v2\/users\/4"}],"replies":[{"embeddable":true,"href":"https:\/\/costablanca-magazin.com\/fr\/wp-json\/wp\/v2\/comments?post=11794"}],"version-history":[{"count":4,"href":"https:\/\/costablanca-magazin.com\/fr\/wp-json\/wp\/v2\/posts\/11794\/revisions"}],"predecessor-version":[{"id":11799,"href":"https:\/\/costablanca-magazin.com\/fr\/wp-json\/wp\/v2\/posts\/11794\/revisions\/11799"}],"wp:featuredmedia":[{"embeddable":true,"href":"https:\/\/costablanca-magazin.com\/fr\/wp-json\/wp\/v2\/media\/11795"}],"wp:attachment":[{"href":"https:\/\/costablanca-magazin.com\/fr\/wp-json\/wp\/v2\/media?parent=11794"}],"wp:term":[{"taxonomy":"category","embeddable":true,"href":"https:\/\/costablanca-magazin.com\/fr\/wp-json\/wp\/v2\/categories?post=11794"},{"taxonomy":"post_tag","embeddable":true,"href":"https:\/\/costablanca-magazin.com\/fr\/wp-json\/wp\/v2\/tags?post=11794"}],"curies":[{"name":"wp","href":"https:\/\/api.w.org\/{rel}","templated":true}]}}