{"id":9924,"date":"2025-11-28T09:00:00","date_gmt":"2025-11-28T08:00:00","guid":{"rendered":"https:\/\/costablanca-magazin.com\/?p=9924"},"modified":"2025-12-04T12:12:46","modified_gmt":"2025-12-04T11:12:46","slug":"movilidad-sostenible-en-la-costa-blanca","status":"publish","type":"post","link":"https:\/\/costablanca-magazin.com\/es\/residenten\/gesundheit-lifestyle\/nachhaltige-mobilitaet-an-der-costa-blanca\/","title":{"rendered":"Movilidad sostenible en la Costa Blanca"},"content":{"rendered":"<div data-elementor-type=\"wp-post\" data-elementor-id=\"9924\" class=\"elementor elementor-9924\" data-elementor-post-type=\"post\">\n\t\t\t\t<div class=\"elementor-element elementor-element-2ce8eeb e-flex e-con-boxed e-con e-parent\" data-id=\"2ce8eeb\" data-element_type=\"container\" data-e-type=\"container\">\n\t\t\t\t\t<div class=\"e-con-inner\">\n\t\t\t\t<div class=\"elementor-element elementor-element-bc72149 elementor-widget elementor-widget-heading\" data-id=\"bc72149\" data-element_type=\"widget\" data-e-type=\"widget\" data-widget_type=\"heading.default\">\n\t\t\t\t<div class=\"elementor-widget-container\">\n\t\t\t\t\t<h1 class=\"elementor-heading-title elementor-size-default\">Movilidad sostenible en la Costa Blanca<\/h1>\t\t\t\t<\/div>\n\t\t\t\t<\/div>\n\t\t\t\t<div class=\"elementor-element elementor-element-b5a128e elementor-widget elementor-widget-image\" data-id=\"b5a128e\" data-element_type=\"widget\" data-e-type=\"widget\" data-widget_type=\"image.default\">\n\t\t\t\t<div class=\"elementor-widget-container\">\n\t\t\t\t\t\t\t\t\t\t\t\t\t\t\t<img decoding=\"async\" src=\"https:\/\/costablanca-magazin.com\/wp-content\/uploads\/elementor\/thumbs\/mature-businesswoman-sitting-on-a-bicycle-represe-2025-10-18-22-32-00-utc-scaled-rjc4eu78oorjl6kgkswsi582po3bi25qy9xpdehpkc.jpg\" title=\"Movilidad sostenible en la Costa Blanca\" alt=\"Movilidad sostenible en la Costa Blanca\" loading=\"lazy\" \/>\t\t\t\t\t\t\t\t\t\t\t\t\t\t\t<\/div>\n\t\t\t\t<\/div>\n\t\t\t\t<div class=\"elementor-element elementor-element-3e50caa elementor-widget elementor-widget-heading\" data-id=\"3e50caa\" data-element_type=\"widget\" data-e-type=\"widget\" data-widget_type=\"heading.default\">\n\t\t\t\t<div class=\"elementor-widget-container\">\n\t\t\t\t\t<h2 class=\"elementor-heading-title elementor-size-default\">Entre D\u00e9nia y Villajoyosa, el tr\u00e1fico ser\u00e1 m\u00e1s silencioso, limpio y comunitario, con un enfoque en la movilidad el\u00e9ctrica, los carriles bici y los sistemas compartidos.<\/h2>\t\t\t\t<\/div>\n\t\t\t\t<\/div>\n\t\t\t\t\t<\/div>\n\t\t\t\t<\/div>\n\t\t<div class=\"elementor-element elementor-element-fa045c6 e-flex e-con-boxed e-con e-parent\" data-id=\"fa045c6\" data-element_type=\"container\" data-e-type=\"container\">\n\t\t\t\t\t<div class=\"e-con-inner\">\n\t\t<div class=\"elementor-element elementor-element-fc4d4bb e-con-full e-flex e-con e-child\" data-id=\"fc4d4bb\" data-element_type=\"container\" data-e-type=\"container\">\n\t\t\t\t<div class=\"elementor-element elementor-element-6450472 elementor-widget elementor-widget-text-editor\" data-id=\"6450472\" data-element_type=\"widget\" data-e-type=\"widget\" data-widget_type=\"text-editor.default\">\n\t\t\t\t<div class=\"elementor-widget-container\">\n\t\t\t\t\t\t\t\t\t<p>Quienes hoy se desplazan entre D\u00e9nia y Villajoyosa perciben el cambio no solo en los tejados, sino tambi\u00e9n en las calles. La regi\u00f3n est\u00e1 trabajando para replantearse el tr\u00e1fico: m\u00e1s silencioso, m\u00e1s limpio y m\u00e1s comunitario.<br \/>En Benidorm, Altea y La Vila Joiosa se est\u00e1n desarrollando conceptos de movilidad que integran en mayor medida la movilidad el\u00e9ctrica y el transporte p\u00fablico en 10<br \/>Participa regularmente como municipio modelo en la Semana Europea de la Movilidad y, en los \u00faltimos a\u00f1os, ha puesto en marcha varios proyectos para el transporte con bajas emisiones, desde nuevos autobuses el\u00e9ctricos hasta carriles bici ampliados. Para los pasajeros menores de 30 a\u00f1os, el transporte p\u00fablico sigue siendo gratuito, lo que supone un incentivo para dejar el coche en casa.<\/p><p>La infraestructura tambi\u00e9n est\u00e1 creciendo: en los \u00faltimos a\u00f1os se han instalado numerosas estaciones de recarga para veh\u00edculos el\u00e9ctricos a lo largo de las localidades costeras, muchas de ellas en aparcamientos o edificios p\u00fablicos. Municipios como Calpe, Benissa o D\u00e9nia est\u00e1n conectando cada vez m\u00e1s sus zonas de recarga a instalaciones de energ\u00eda solar, de modo que la energ\u00eda se genera y se utiliza a nivel local. Paralelamente, la red de carriles bici se ampl\u00eda continuamente: entre Altea y L'Alf\u00e0s del Pi se est\u00e1 construyendo actualmente un nuevo carril bici costero, que se completar\u00e1 en los pr\u00f3ximos a\u00f1os.<\/p><p>La movilidad forma parte desde hace tiempo de la pol\u00edtica energ\u00e9tica y clim\u00e1tica. Varios municipios integran sistemas de uso compartido de veh\u00edculos el\u00e9ctricos en sus planes de sostenibilidad.<\/p>\t\t\t\t\t\t\t\t<\/div>\n\t\t\t\t<\/div>\n\t\t\t\t<\/div>\n\t\t<div class=\"elementor-element elementor-element-b706b8e e-con-full e-flex e-con e-child\" data-id=\"b706b8e\" data-element_type=\"container\" data-e-type=\"container\">\n\t\t\t\t<div class=\"elementor-element elementor-element-1b586e3 elementor-widget elementor-widget-text-editor\" data-id=\"1b586e3\" data-element_type=\"widget\" data-e-type=\"widget\" data-widget_type=\"text-editor.default\">\n\t\t\t\t<div class=\"elementor-widget-container\">\n\t\t\t\t\t\t\t\t\t<p>Desde patinetes el\u00e9ctricos hasta servicios de reparto el\u00e9ctrico, pasando por el uso compartido de veh\u00edculos. En Villajoyosa se inaugur\u00f3 en primavera un nuevo aparcamiento disuasorio para mantener el tr\u00e1fico de cercan\u00edas fuera del casco antiguo y crear zonas libres de emisiones.<br \/>La poblaci\u00f3n tambi\u00e9n se suma a esta tendencia: seg\u00fan las \u00faltimas encuestas de la Generalitat Valenciana, el inter\u00e9s por los veh\u00edculos el\u00e9ctricos e h\u00edbridos crece constantemente. Cada vez m\u00e1s hogares de la regi\u00f3n se plantean dar el salto, no por obligaci\u00f3n, sino por convicci\u00f3n. Al mismo tiempo, surgen peque\u00f1as iniciativas vecinales para compartir desplazamientos y reducir costes: la movilidad como proyecto comunitario.<\/p><p>A\u00fan hay muchas ideas en desarrollo, pero la interacci\u00f3n entre la energ\u00eda, la planificaci\u00f3n urbana y el comportamiento est\u00e1 surtiendo efecto: menos tr\u00e1fico en los centros, aire m\u00e1s limpio, mayor calidad de vida. La movilidad vuelve a formar parte de un entorno habitable, y no es solo un medio para alcanzar un fin.<br \/>Desde la agricultura hasta el agua y la energ\u00eda, pasando por el transporte, la sostenibilidad hace tiempo que dej\u00f3 de ser una mera declaraci\u00f3n de intenciones en la Costa Blanca. Entre D\u00e9nia y Villajoyosa est\u00e1 surgiendo una nueva forma de pensar: regional, pr\u00e1ctica y con visi\u00f3n de futuro. Aqu\u00ed no son las grandes palabras o las campa\u00f1as las que marcan la diferencia, sino muchas peque\u00f1as decisiones en la vida cotidiana, en el campo, en el ayuntamiento, en el hogar. Paso a paso, se est\u00e1 creando un estilo de vida que demuestra que la responsabilidad no tiene por qu\u00e9 ser dolorosa, sino que puede ser muy gratificante.<\/p>\t\t\t\t\t\t\t\t<\/div>\n\t\t\t\t<\/div>\n\t\t\t\t<\/div>\n\t\t\t\t\t<\/div>\n\t\t\t\t<\/div>\n\t\t<div class=\"elementor-element elementor-element-c8971c6 e-flex e-con-boxed e-con e-parent\" data-id=\"c8971c6\" data-element_type=\"container\" data-e-type=\"container\">\n\t\t\t\t\t<div class=\"e-con-inner\">\n\t\t\t\t<div class=\"elementor-element elementor-element-c180b48 elementor-widget-divider--separator-type-pattern elementor-widget-divider--no-spacing elementor-widget-divider--view-line elementor-widget elementor-widget-divider\" data-id=\"c180b48\" data-element_type=\"widget\" data-e-type=\"widget\" data-widget_type=\"divider.default\">\n\t\t\t\t<div class=\"elementor-widget-container\">\n\t\t\t\t\t\t\t<div class=\"elementor-divider\" style=\"--divider-pattern-url: url(&quot;data:image\/svg+xml,%3Csvg xmlns=&#039;http:\/\/www.w3.org\/2000\/svg&#039; preserveAspectRatio=&#039;xMidYMid meet&#039; overflow=&#039;visible&#039; height=&#039;100%&#039; viewBox=&#039;0 0 117 26&#039; fill=&#039;black&#039; stroke=&#039;none&#039;%3E%3Cpath d=&#039;M3,1.5C5,4.9,6,8.8,6,13s-1.7,8.1-5,11.5C0.3,21.1,0,17.2,0,13S1,4.9,3,1.5z M16,1.5c2,3.4,3,7.3,3,11.5s-1,8.1-3,11.5c-2-4.1-3-8.3-3-12.5S14,4.3,16,1.5z M29,1.5c2,4.8,3,9.3,3,13.5s-1,7.4-3,9.5c-2-3.4-3-7.3-3-11.5S27,4.9,29,1.5z M41.1,1.5C43.7,4.9,45,8.8,45,13s-1,8.1-3,11.5c-2-3.4-3-7.3-3-11.5S39.7,4.9,41.1,1.5zM55,1.5c2,2.8,3,6.3,3,10.5s-1.3,8.4-4,12.5c-1.3-3.4-2-7.3-2-11.5S53,4.9,55,1.5z M68,1.5c2,3.4,3,7.3,3,11.5s-0.7,8.1-2,11.5c-2.7-4.8-4-9.3-4-13.5S66,3.6,68,1.5z M82,1.5c1.3,4.8,2,9.3,2,13.5s-1,7.4-3,9.5c-2-3.4-3-7.3-3-11.5S79.3,4.9,82,1.5z M94,1.5c2,3.4,3,7.3,3,11.5s-1.3,8.1-4,11.5c-1.3-1.4-2-4.3-2-8.5S92,6.9,94,1.5z M107,1.5c2,2.1,3,5.3,3,9.5s-0.7,8.7-2,13.5c-2.7-3.4-4-7.3-4-11.5S105,4.9,107,1.5z&#039;\/%3E%3C\/svg%3E&quot;);\">\n\t\t\t<span class=\"elementor-divider-separator\">\n\t\t\t\t\t\t<\/span>\n\t\t<\/div>\n\t\t\t\t\t\t<\/div>\n\t\t\t\t<\/div>\n\t\t\t\t\t<\/div>\n\t\t\t\t<\/div>\n\t\t<div class=\"elementor-element elementor-element-b09fcf6 e-flex e-con-boxed e-con e-parent\" data-id=\"b09fcf6\" data-element_type=\"container\" data-e-type=\"container\">\n\t\t\t\t\t<div class=\"e-con-inner\">\n\t\t\t\t<div class=\"elementor-element elementor-element-289d53c elementor-grid-3 elementor-grid-tablet-2 elementor-grid-mobile-1 elementor-posts--thumbnail-top elementor-posts--show-avatar elementor-card-shadow-yes elementor-posts__hover-gradient elementor-widget elementor-widget-posts\" data-id=\"289d53c\" data-element_type=\"widget\" data-e-type=\"widget\" data-settings=\"{&quot;cards_columns&quot;:&quot;3&quot;,&quot;cards_columns_tablet&quot;:&quot;2&quot;,&quot;cards_columns_mobile&quot;:&quot;1&quot;,&quot;cards_row_gap&quot;:{&quot;unit&quot;:&quot;px&quot;,&quot;size&quot;:35,&quot;sizes&quot;:[]},&quot;cards_row_gap_tablet&quot;:{&quot;unit&quot;:&quot;px&quot;,&quot;size&quot;:&quot;&quot;,&quot;sizes&quot;:[]},&quot;cards_row_gap_mobile&quot;:{&quot;unit&quot;:&quot;px&quot;,&quot;size&quot;:&quot;&quot;,&quot;sizes&quot;:[]}}\" data-widget_type=\"posts.cards\">\n\t\t\t\t<div class=\"elementor-widget-container\">\n\t\t\t\t\t\t\t<div class=\"elementor-posts-container elementor-posts elementor-posts--skin-cards elementor-grid\" role=\"list\">\n\t\t\t\t<article class=\"elementor-post elementor-grid-item post-9462 post type-post status-publish format-standard has-post-thumbnail hentry category-leben-in-spanien tag-bio-landwirtschaft-costa-blanca tag-costa-blanca-nachhaltigkeit tag-denia-villajoyosa tag-erneuerbare-energie-spanien tag-marina-alta-marina-baixa tag-nachhaltige-region-spanien tag-nachhaltiger-tourismus-costa-blanca\" role=\"listitem\">\n\t\t\t<div class=\"elementor-post__card\">\n\t\t\t\t<a class=\"elementor-post__thumbnail__link\" href=\"https:\/\/costablanca-magazin.com\/es\/residenten\/leben-in-spanien\/nachhaltigkeit-an-der-costa-blanca-wandel-fuer-die-zukunft\/\" tabindex=\"-1\" ><div class=\"elementor-post__thumbnail\"><img fetchpriority=\"high\" decoding=\"async\" width=\"1200\" height=\"685\" src=\"https:\/\/costablanca-magazin.com\/wp-content\/uploads\/2025\/11\/shutterstock_2620666373.jpg\" class=\"attachment-2048x2048 size-2048x2048 wp-image-9489\" alt=\"Vivir de forma sostenible en la Costa Blanca\" srcset=\"https:\/\/costablanca-magazin.com\/wp-content\/uploads\/2025\/11\/shutterstock_2620666373.jpg 1200w, https:\/\/costablanca-magazin.com\/wp-content\/uploads\/2025\/11\/shutterstock_2620666373-300x171.jpg 300w, https:\/\/costablanca-magazin.com\/wp-content\/uploads\/2025\/11\/shutterstock_2620666373-1024x585.jpg 1024w, https:\/\/costablanca-magazin.com\/wp-content\/uploads\/2025\/11\/shutterstock_2620666373-768x438.jpg 768w, https:\/\/costablanca-magazin.com\/wp-content\/uploads\/2025\/11\/shutterstock_2620666373-18x10.jpg 18w\" sizes=\"(max-width: 1200px) 100vw, 1200px\" \/><\/div><\/a>\n\t\t\t\t<div class=\"elementor-post__badge\">Vivir en Espa\u00f1a<\/div>\n\t\t\t\t<div class=\"elementor-post__avatar\">\n\t\t\t\t\t<\/div>\n\t\t\t\t<div class=\"elementor-post__text\">\n\t\t\t\t<h3 class=\"elementor-post__title\">\n\t\t\t<a href=\"https:\/\/costablanca-magazin.com\/es\/residenten\/leben-in-spanien\/nachhaltigkeit-an-der-costa-blanca-wandel-fuer-die-zukunft\/\" >\n\t\t\t\tSostenibilidad en la Costa Blanca: cambio para el futuro\t\t\t<\/a>\n\t\t<\/h3>\n\t\t\n\t\t<a class=\"elementor-post__read-more\" href=\"https:\/\/costablanca-magazin.com\/es\/residenten\/leben-in-spanien\/nachhaltigkeit-an-der-costa-blanca-wandel-fuer-die-zukunft\/\" aria-label=\"M\u00e1s informaci\u00f3n sobre Nachhaltigkeit an der Costa Blanca \u2013 Wandel f\u00fcr die Zukunft\" tabindex=\"-1\" >\n\t\t\tLeer m\u00e1s \u00bb\t\t<\/a>\n\n\t\t\t\t<\/div>\n\t\t\t\t\t<\/div>\n\t\t<\/article>\n\t\t\t\t<article class=\"elementor-post elementor-grid-item post-9513 post type-post status-publish format-standard has-post-thumbnail hentry category-leben-in-spanien tag-digitale-rechnungen-spanien tag-etias-2026 tag-immobilien-comunitat-valenciana tag-residenten-spanien-2026 tag-spanien-regeln-2026 tag-steuern-spanien-2026 tag-v16-warnleuchte-spanien\" role=\"listitem\">\n\t\t\t<div class=\"elementor-post__card\">\n\t\t\t\t<a class=\"elementor-post__thumbnail__link\" href=\"https:\/\/costablanca-magazin.com\/es\/residenten\/leben-in-spanien\/spanien-2026-wichtige-gesetzesaenderungen-fuer-residenten\/\" tabindex=\"-1\" ><div class=\"elementor-post__thumbnail\"><img decoding=\"async\" width=\"1200\" height=\"800\" src=\"https:\/\/costablanca-magazin.com\/wp-content\/uploads\/2025\/11\/young-and-senior-woman-holding-each-other-hands-an-2025-01-09-01-55-16-utc.jpg\" class=\"attachment-2048x2048 size-2048x2048 wp-image-9514\" alt=\"2026: nuevas normas, nuevas obligaciones: qu\u00e9 cambia para los residentes en Espa\u00f1a\" srcset=\"https:\/\/costablanca-magazin.com\/wp-content\/uploads\/2025\/11\/young-and-senior-woman-holding-each-other-hands-an-2025-01-09-01-55-16-utc.jpg 1200w, https:\/\/costablanca-magazin.com\/wp-content\/uploads\/2025\/11\/young-and-senior-woman-holding-each-other-hands-an-2025-01-09-01-55-16-utc-300x200.jpg 300w, https:\/\/costablanca-magazin.com\/wp-content\/uploads\/2025\/11\/young-and-senior-woman-holding-each-other-hands-an-2025-01-09-01-55-16-utc-1024x683.jpg 1024w, https:\/\/costablanca-magazin.com\/wp-content\/uploads\/2025\/11\/young-and-senior-woman-holding-each-other-hands-an-2025-01-09-01-55-16-utc-768x512.jpg 768w, https:\/\/costablanca-magazin.com\/wp-content\/uploads\/2025\/11\/young-and-senior-woman-holding-each-other-hands-an-2025-01-09-01-55-16-utc-18x12.jpg 18w\" sizes=\"(max-width: 1200px) 100vw, 1200px\" \/><\/div><\/a>\n\t\t\t\t<div class=\"elementor-post__badge\">Vivir en Espa\u00f1a<\/div>\n\t\t\t\t<div class=\"elementor-post__avatar\">\n\t\t\t\t\t<\/div>\n\t\t\t\t<div class=\"elementor-post__text\">\n\t\t\t\t<h3 class=\"elementor-post__title\">\n\t\t\t<a href=\"https:\/\/costablanca-magazin.com\/es\/residenten\/leben-in-spanien\/spanien-2026-wichtige-gesetzesaenderungen-fuer-residenten\/\" >\n\t\t\t\tEspa\u00f1a 2026 - Cambios jur\u00eddicos importantes para los residentes\t\t\t<\/a>\n\t\t<\/h3>\n\t\t\n\t\t<a class=\"elementor-post__read-more\" href=\"https:\/\/costablanca-magazin.com\/es\/residenten\/leben-in-spanien\/spanien-2026-wichtige-gesetzesaenderungen-fuer-residenten\/\" aria-label=\"M\u00e1s informaci\u00f3n sobre Spanien 2026 &#8211; Wichtige Gesetzes\u00e4nderungen f\u00fcr Residenten\" tabindex=\"-1\" >\n\t\t\tLeer m\u00e1s \u00bb\t\t<\/a>\n\n\t\t\t\t<\/div>\n\t\t\t\t\t<\/div>\n\t\t<\/article>\n\t\t\t\t<article class=\"elementor-post elementor-grid-item post-9490 post type-post status-publish format-standard has-post-thumbnail hentry category-leben-in-spanien tag-agroboca tag-lokale-produzenten-marina-alta tag-mercat-del-riurau tag-nachhaltige-maerkte-spanien tag-nachhaltiger-konsum-denia tag-regional-einkaufen-costa-blanca tag-zero-waste-altea\" role=\"listitem\">\n\t\t\t<div class=\"elementor-post__card\">\n\t\t\t\t<a class=\"elementor-post__thumbnail__link\" href=\"https:\/\/costablanca-magazin.com\/es\/residenten\/leben-in-spanien\/nachhaltige-maerkte-manufakturen-an-der-costa-blanca\/\" tabindex=\"-1\" ><div class=\"elementor-post__thumbnail\"><img decoding=\"async\" width=\"1200\" height=\"800\" src=\"https:\/\/costablanca-magazin.com\/wp-content\/uploads\/2025\/11\/baskets-full-of-freshly-plucked-various-vegetables-2025-03-15-00-28-25-utc.jpg\" class=\"attachment-2048x2048 size-2048x2048 wp-image-9491\" alt=\"De Jes\u00fas Pobre a Altea: mercados regionales, tiendas sin envasar y cooperativas online cambian el comportamiento de compra entre la Marina Alta y la Baixa.\" srcset=\"https:\/\/costablanca-magazin.com\/wp-content\/uploads\/2025\/11\/baskets-full-of-freshly-plucked-various-vegetables-2025-03-15-00-28-25-utc.jpg 1200w, https:\/\/costablanca-magazin.com\/wp-content\/uploads\/2025\/11\/baskets-full-of-freshly-plucked-various-vegetables-2025-03-15-00-28-25-utc-300x200.jpg 300w, https:\/\/costablanca-magazin.com\/wp-content\/uploads\/2025\/11\/baskets-full-of-freshly-plucked-various-vegetables-2025-03-15-00-28-25-utc-1024x683.jpg 1024w, https:\/\/costablanca-magazin.com\/wp-content\/uploads\/2025\/11\/baskets-full-of-freshly-plucked-various-vegetables-2025-03-15-00-28-25-utc-768x512.jpg 768w, https:\/\/costablanca-magazin.com\/wp-content\/uploads\/2025\/11\/baskets-full-of-freshly-plucked-various-vegetables-2025-03-15-00-28-25-utc-18x12.jpg 18w\" sizes=\"(max-width: 1200px) 100vw, 1200px\" \/><\/div><\/a>\n\t\t\t\t<div class=\"elementor-post__badge\">Vivir en Espa\u00f1a<\/div>\n\t\t\t\t<div class=\"elementor-post__avatar\">\n\t\t\t\t\t<\/div>\n\t\t\t\t<div class=\"elementor-post__text\">\n\t\t\t\t<h3 class=\"elementor-post__title\">\n\t\t\t<a href=\"https:\/\/costablanca-magazin.com\/es\/residenten\/leben-in-spanien\/nachhaltige-maerkte-manufakturen-an-der-costa-blanca\/\" >\n\t\t\t\tMercados y f\u00e1bricas sostenibles en la Costa Blanca\t\t\t<\/a>\n\t\t<\/h3>\n\t\t\n\t\t<a class=\"elementor-post__read-more\" href=\"https:\/\/costablanca-magazin.com\/es\/residenten\/leben-in-spanien\/nachhaltige-maerkte-manufakturen-an-der-costa-blanca\/\" aria-label=\"M\u00e1s informaci\u00f3n sobre Nachhaltige M\u00e4rkte &#038; Manufakturen an der Costa Blanca\" tabindex=\"-1\" >\n\t\t\tLeer m\u00e1s \u00bb\t\t<\/a>\n\n\t\t\t\t<\/div>\n\t\t\t\t\t<\/div>\n\t\t<\/article>\n\t\t\t\t<\/div>\n\t\t\n\t\t\t\t\t\t<\/div>\n\t\t\t\t<\/div>\n\t\t\t\t\t<\/div>\n\t\t\t\t<\/div>\n\t\t\t\t<\/div>","protected":false},"excerpt":{"rendered":"<p>Movilidad sostenible en la Costa Blanca Entre D\u00e9nia y Villajoyosa, el tr\u00e1fico ser\u00e1 m\u00e1s silencioso, m\u00e1s limpio y m\u00e1s comunitario: movilidad el\u00e9ctrica, carriles bici y<\/p>","protected":false},"author":1,"featured_media":9977,"comment_status":"closed","ping_status":"closed","sticky":false,"template":"elementor_header_footer","format":"standard","meta":{"om_disable_all_campaigns":false,"_monsterinsights_skip_tracking":false,"_monsterinsights_sitenote_active":false,"_monsterinsights_sitenote_note":"","_monsterinsights_sitenote_category":0,"footnotes":""},"categories":[16],"tags":[1523,1525,1524,1522,1527,1526],"class_list":["post-9924","post","type-post","status-publish","format-standard","has-post-thumbnail","hentry","category-gesundheit-lifestyle","tag-carsharing-costa-blanca","tag-e-bus-altea","tag-elektromobilitaet-denia","tag-nachhaltige-mobilitaet-costa-blanca","tag-park-ride-villajoyosa","tag-radwege-villajoyosa"],"aioseo_notices":[],"_links":{"self":[{"href":"https:\/\/costablanca-magazin.com\/es\/wp-json\/wp\/v2\/posts\/9924","targetHints":{"allow":["GET"]}}],"collection":[{"href":"https:\/\/costablanca-magazin.com\/es\/wp-json\/wp\/v2\/posts"}],"about":[{"href":"https:\/\/costablanca-magazin.com\/es\/wp-json\/wp\/v2\/types\/post"}],"author":[{"embeddable":true,"href":"https:\/\/costablanca-magazin.com\/es\/wp-json\/wp\/v2\/users\/1"}],"replies":[{"embeddable":true,"href":"https:\/\/costablanca-magazin.com\/es\/wp-json\/wp\/v2\/comments?post=9924"}],"version-history":[{"count":13,"href":"https:\/\/costablanca-magazin.com\/es\/wp-json\/wp\/v2\/posts\/9924\/revisions"}],"predecessor-version":[{"id":10008,"href":"https:\/\/costablanca-magazin.com\/es\/wp-json\/wp\/v2\/posts\/9924\/revisions\/10008"}],"wp:featuredmedia":[{"embeddable":true,"href":"https:\/\/costablanca-magazin.com\/es\/wp-json\/wp\/v2\/media\/9977"}],"wp:attachment":[{"href":"https:\/\/costablanca-magazin.com\/es\/wp-json\/wp\/v2\/media?parent=9924"}],"wp:term":[{"taxonomy":"category","embeddable":true,"href":"https:\/\/costablanca-magazin.com\/es\/wp-json\/wp\/v2\/categories?post=9924"},{"taxonomy":"post_tag","embeddable":true,"href":"https:\/\/costablanca-magazin.com\/es\/wp-json\/wp\/v2\/tags?post=9924"}],"curies":[{"name":"wp","href":"https:\/\/api.w.org\/{rel}","templated":true}]}}