{"id":9684,"date":"2025-11-23T12:19:42","date_gmt":"2025-11-23T11:19:42","guid":{"rendered":"https:\/\/costablanca-magazin.com\/?p=9684"},"modified":"2025-12-04T12:14:32","modified_gmt":"2025-12-04T11:14:32","slug":"platos-navidenos-de-la-costa-blanca-tradicion-turron","status":"publish","type":"post","link":"https:\/\/costablanca-magazin.com\/es\/kulinarisches\/spezialitaeten-rezepte\/weihnachtsgerichte-der-costa-blanca-tradition-turron\/","title":{"rendered":"Platos navide\u00f1os de la Costa Blanca - Tradici\u00f3n y Turr\u00f3n"},"content":{"rendered":"<div data-elementor-type=\"wp-post\" data-elementor-id=\"9684\" class=\"elementor elementor-9684\" data-elementor-post-type=\"post\">\n\t\t\t\t<div class=\"elementor-element elementor-element-69271be e-flex e-con-boxed e-con e-parent\" data-id=\"69271be\" data-element_type=\"container\" data-e-type=\"container\">\n\t\t\t\t\t<div class=\"e-con-inner\">\n\t\t\t\t<div class=\"elementor-element elementor-element-8307f7d elementor-widget-divider--view-line_icon elementor-widget-divider--separator-type-pattern elementor-widget-divider--no-spacing elementor-view-default elementor-widget-divider--element-align-center elementor-widget elementor-widget-divider\" data-id=\"8307f7d\" data-element_type=\"widget\" data-e-type=\"widget\" data-widget_type=\"divider.default\">\n\t\t\t\t<div class=\"elementor-widget-container\">\n\t\t\t\t\t\t\t<div class=\"elementor-divider\" style=\"--divider-pattern-url: url(&quot;data:image\/svg+xml,%3Csvg xmlns=&#039;http:\/\/www.w3.org\/2000\/svg&#039; preserveAspectRatio=&#039;xMidYMid meet&#039; overflow=&#039;visible&#039; height=&#039;100%&#039; viewBox=&#039;0 0 126 26&#039; fill=&#039;black&#039; stroke=&#039;none&#039;%3E%3Cpath d=&#039;M111.9,18.3v3.4H109v-3.4H111.9z M90.8,18.3v3.4H88v-3.4H90.8z M69.8,18.3v3.4h-2.9v-3.4H69.8z M48.8,18.3v3.4h-2.9v-3.4H48.8z M27.7,18.3v3.4h-2.9v-3.4H27.7z M6.7,18.3v3.4H3.8v-3.4H6.7z M46.4,4l4.3,4.8l-1.8,0l3.5,4.4l-2.2-0.1l3,3.3l-11,0.4l3.6-3.8l-2.9-0.1l3.1-4.2l-1.9,0L46.4,4z M111.4,4l2.4,4.8l-1.8,0l3.5,4.4l-2.5-0.1l3.3,3.3h-11l3.1-3.4l-2.5-0.1l3.1-4.2l-1.9,0L111.4,4z M89.9,4l2.9,4.8l-1.9,0l3.2,4.2l-2.5,0l3.5,3.5l-11-0.4l3-3.1l-2.4,0L88,8.8l-1.9,0L89.9,4z M68.6,4l3,4.4l-1.9,0.1l3.4,4.1l-2.7,0.1l3.8,3.7H63.8l2.9-3.6l-2.9,0.1L67,8.7l-2,0.1L68.6,4z M26.5,4l3,4.4l-1.9,0.1l3.7,4.7l-2.5-0.1l3.3,3.3H21l3.1-3.4l-2.5-0.1l3.2-4.3l-2,0.1L26.5,4z M4.9,4l3.7,4.8l-1.5,0l3.1,4.2L7.6,13l3.4,3.4H0l3-3.3l-2.3,0.1l3.5-4.4l-2.3,0L4.9,4z&#039;\/%3E%3C\/svg%3E&quot;);\">\n\t\t\t<span class=\"elementor-divider-separator\">\n\t\t\t\t\t\t\t<div class=\"elementor-icon elementor-divider__element\">\n\t\t\t\t\t<svg aria-hidden=\"true\" class=\"e-font-icon-svg e-fas-star\" viewbox=\"0 0 576 512\" xmlns=\"http:\/\/www.w3.org\/2000\/svg\"><path d=\"M259.3 17.8L194 150.2 47.9 171.5c-26.2 3.8-36.7 36.1-17.7 54.6l105.7 103-25 145.5c-4.5 26.3 23.2 46 46.4 33.7L288 439.6l130.7 68.7c23.2 12.2 50.9-7.4 46.4-33.7l-25-145.5 105.7-103c19-18.5 8.5-50.8-17.7-54.6L382 150.2 316.7 17.8c-11.7-23.6-45.6-23.9-57.4 0z\"><\/path><\/svg><\/div>\n\t\t\t\t\t\t<\/span>\n\t\t<\/div>\n\t\t\t\t\t\t<\/div>\n\t\t\t\t<\/div>\n\t\t\t\t<div class=\"elementor-element elementor-element-28db734 elementor-widget elementor-widget-heading\" data-id=\"28db734\" data-element_type=\"widget\" data-e-type=\"widget\" data-widget_type=\"heading.default\">\n\t\t\t\t<div class=\"elementor-widget-container\">\n\t\t\t\t\t<h1 class=\"elementor-heading-title elementor-size-default\">Platos navide\u00f1os de la Costa Blanca - Tradici\u00f3n y Turr\u00f3n<\/h1>\t\t\t\t<\/div>\n\t\t\t\t<\/div>\n\t\t\t\t<div class=\"elementor-element elementor-element-d524f8c elementor-widget elementor-widget-image\" data-id=\"d524f8c\" data-element_type=\"widget\" data-e-type=\"widget\" data-widget_type=\"image.default\">\n\t\t\t\t<div class=\"elementor-widget-container\">\n\t\t\t\t\t\t\t\t\t\t\t\t\t\t\t<img decoding=\"async\" src=\"https:\/\/costablanca-magazin.com\/wp-content\/uploads\/elementor\/thumbs\/3-rjcd1jqnt649tgl4l6ln8ufc4r3f63mqxmpmb4brtg.png\" title=\"Platos t\u00edpicos navide\u00f1os de la Costa Blanca: cocina regional y dulces cl\u00e1sicos\" alt=\"Platos t\u00edpicos navide\u00f1os de la Costa Blanca: cocina regional y dulces cl\u00e1sicos\" loading=\"lazy\" \/>\t\t\t\t\t\t\t\t\t\t\t\t\t\t\t<\/div>\n\t\t\t\t<\/div>\n\t\t\t\t<div class=\"elementor-element elementor-element-45f7e64 elementor-widget elementor-widget-heading\" data-id=\"45f7e64\" data-element_type=\"widget\" data-e-type=\"widget\" data-widget_type=\"heading.default\">\n\t\t\t\t<div class=\"elementor-widget-container\">\n\t\t\t\t\t<h2 class=\"elementor-heading-title elementor-size-default\">Platos t\u00edpicos navide\u00f1os de la Costa Blanca: caldo con pelotas, puchero, platos de pescado, turr\u00f3n de Xixona. Consejos y recetas regionales.<\/h2>\t\t\t\t<\/div>\n\t\t\t\t<\/div>\n\t\t\t\t\t<\/div>\n\t\t\t\t<\/div>\n\t\t<div class=\"elementor-element elementor-element-c7a4a39 e-flex e-con-boxed e-con e-parent\" data-id=\"c7a4a39\" data-element_type=\"container\" data-e-type=\"container\">\n\t\t\t\t\t<div class=\"e-con-inner\">\n\t\t<div class=\"elementor-element elementor-element-3a0c211 e-con-full e-flex e-con e-child\" data-id=\"3a0c211\" data-element_type=\"container\" data-e-type=\"container\">\n\t\t\t\t<div class=\"elementor-element elementor-element-f421dba elementor-widget elementor-widget-text-editor\" data-id=\"f421dba\" data-element_type=\"widget\" data-e-type=\"widget\" data-widget_type=\"text-editor.default\">\n\t\t\t\t<div class=\"elementor-widget-container\">\n\t\t\t\t\t\t\t\t\t<p>Desde el caldo con pelotas hasta el puchero, pasando por el turr\u00f3n de Xixona: as\u00ed sabe la Navidad en Alicante y en toda la costa.<br \/>La cocina navide\u00f1a de la Costa Blanca se nutre de recetas que se han transmitido de generaci\u00f3n en generaci\u00f3n durante d\u00e9cadas. Muchos hogares comienzan el mes de diciembre con sopas claras y guisos, que a menudo se cocinan durante varias horas y que forman parte de un ritual muy arraigado.<\/p><p>El caldo con pelotas es uno de los platos m\u00e1s conocidos de la regi\u00f3n: un caldo sustancioso con alb\u00f3ndigas especiadas, muy popular sobre todo en el interior, entre Benissa, Xal\u00f3 y T\u00e0rbena. El 25 de diciembre se sirve en muchos lugares el puchero, un guiso abundante a base de carne, garbanzos y verduras, que suele dar para varios d\u00edas.<\/p><p>En la costa, el pescado sigue siendo importante: la dorada, la lubina o los platos de calamar caracterizan muchas Nochebuenas.<\/p>\t\t\t\t\t\t\t\t<\/div>\n\t\t\t\t<\/div>\n\t\t\t\t<\/div>\n\t\t<div class=\"elementor-element elementor-element-16f8467 e-con-full e-flex e-con e-child\" data-id=\"16f8467\" data-element_type=\"container\" data-e-type=\"container\">\n\t\t\t\t<div class=\"elementor-element elementor-element-67889f6 elementor-widget elementor-widget-gallery\" data-id=\"67889f6\" data-element_type=\"widget\" data-e-type=\"widget\" data-settings=\"{&quot;columns&quot;:2,&quot;gap&quot;:{&quot;unit&quot;:&quot;px&quot;,&quot;size&quot;:2,&quot;sizes&quot;:[]},&quot;aspect_ratio&quot;:&quot;4:3&quot;,&quot;lazyload&quot;:&quot;yes&quot;,&quot;gallery_layout&quot;:&quot;grid&quot;,&quot;columns_tablet&quot;:2,&quot;columns_mobile&quot;:1,&quot;gap_tablet&quot;:{&quot;unit&quot;:&quot;px&quot;,&quot;size&quot;:10,&quot;sizes&quot;:[]},&quot;gap_mobile&quot;:{&quot;unit&quot;:&quot;px&quot;,&quot;size&quot;:10,&quot;sizes&quot;:[]},&quot;link_to&quot;:&quot;file&quot;,&quot;overlay_background&quot;:&quot;yes&quot;,&quot;content_hover_animation&quot;:&quot;fade-in&quot;}\" data-widget_type=\"gallery.default\">\n\t\t\t\t<div class=\"elementor-widget-container\">\n\t\t\t\t\t\t\t<div class=\"elementor-gallery__container\">\n\t\t\t\t\t\t\t<a class=\"e-gallery-item elementor-gallery-item elementor-animated-content\" href=\"https:\/\/costablanca-magazin.com\/wp-content\/uploads\/2025\/11\/typical-spanish-christmas-sweets-nougat-or-turron-2024-10-18-06-22-10-utc-scaled.jpg\" data-elementor-open-lightbox=\"yes\" data-elementor-lightbox-slideshow=\"67889f6\" data-elementor-lightbox-title=\"Typische Weihnachtsgerichte der Costa Blanca: Regionale K\u00fcche &amp; s\u00fc\u00dfe Klassiker\" data-elementor-lightbox-description=\"Typische Weihnachtsgerichte der Costa Blanca: Regionale K\u00fcche &amp; s\u00fc\u00dfe Klassiker\" data-e-action-hash=\"#elementor-action%3Aaction%3Dlightbox%26settings%3DeyJpZCI6OTY1MiwidXJsIjoiaHR0cHM6XC9cL2Nvc3RhYmxhbmNhLW1hZ2F6aW4uY29tXC93cC1jb250ZW50XC91cGxvYWRzXC8yMDI1XC8xMVwvdHlwaWNhbC1zcGFuaXNoLWNocmlzdG1hcy1zd2VldHMtbm91Z2F0LW9yLXR1cnJvbi0yMDI0LTEwLTE4LTA2LTIyLTEwLXV0Yy1zY2FsZWQuanBnIiwic2xpZGVzaG93IjoiNjc4ODlmNiJ9\">\n\t\t\t\t\t<div class=\"e-gallery-image elementor-gallery-item__image\" data-thumbnail=\"https:\/\/costablanca-magazin.com\/wp-content\/uploads\/2025\/11\/typical-spanish-christmas-sweets-nougat-or-turron-2024-10-18-06-22-10-utc-300x200.jpg\" data-width=\"300\" data-height=\"200\" aria-label=\"Platos t\u00edpicos navide\u00f1os de la Costa Blanca: cocina regional y dulces cl\u00e1sicos 8\" role=\"img\" ><\/div>\n\t\t\t\t\t\t\t\t\t\t\t<div class=\"elementor-gallery-item__overlay\"><\/div>\n\t\t\t\t\t\t\t\t\t\t\t\t\t\t<\/a>\n\t\t\t\t\t\t\t<a class=\"e-gallery-item elementor-gallery-item elementor-animated-content\" href=\"https:\/\/costablanca-magazin.com\/wp-content\/uploads\/2025\/11\/turron-polvorones-mantecados-on-grey-table-top-2023-11-27-05-17-58-utc-scaled.jpg\" data-elementor-open-lightbox=\"yes\" data-elementor-lightbox-slideshow=\"67889f6\" data-elementor-lightbox-title=\"Typische Weihnachtsgerichte der Costa Blanca: Regionale K\u00fcche &amp; s\u00fc\u00dfe Klassiker\" data-elementor-lightbox-description=\"Typische Weihnachtsgerichte der Costa Blanca: Regionale K\u00fcche &amp; s\u00fc\u00dfe Klassiker\" data-e-action-hash=\"#elementor-action%3Aaction%3Dlightbox%26settings%3DeyJpZCI6OTY1MCwidXJsIjoiaHR0cHM6XC9cL2Nvc3RhYmxhbmNhLW1hZ2F6aW4uY29tXC93cC1jb250ZW50XC91cGxvYWRzXC8yMDI1XC8xMVwvdHVycm9uLXBvbHZvcm9uZXMtbWFudGVjYWRvcy1vbi1ncmV5LXRhYmxlLXRvcC0yMDIzLTExLTI3LTA1LTE3LTU4LXV0Yy1zY2FsZWQuanBnIiwic2xpZGVzaG93IjoiNjc4ODlmNiJ9\">\n\t\t\t\t\t<div class=\"e-gallery-image elementor-gallery-item__image\" data-thumbnail=\"https:\/\/costablanca-magazin.com\/wp-content\/uploads\/2025\/11\/turron-polvorones-mantecados-on-grey-table-top-2023-11-27-05-17-58-utc-200x300.jpg\" data-width=\"200\" data-height=\"300\" aria-label=\"Platos t\u00edpicos navide\u00f1os de la Costa Blanca: cocina regional y dulces cl\u00e1sicos 7\" role=\"img\" ><\/div>\n\t\t\t\t\t\t\t\t\t\t\t<div class=\"elementor-gallery-item__overlay\"><\/div>\n\t\t\t\t\t\t\t\t\t\t\t\t\t\t<\/a>\n\t\t\t\t\t\t\t<a class=\"e-gallery-item elementor-gallery-item elementor-animated-content\" href=\"https:\/\/costablanca-magazin.com\/wp-content\/uploads\/2025\/11\/traditional-spanish-epiphany-cake-roscon-de-reyes-2024-10-17-04-47-06-utc-scaled.jpg\" data-elementor-open-lightbox=\"yes\" data-elementor-lightbox-slideshow=\"67889f6\" data-elementor-lightbox-title=\"Typische Weihnachtsgerichte der Costa Blanca: Regionale K\u00fcche &amp; s\u00fc\u00dfe Klassiker\" data-elementor-lightbox-description=\"Typische Weihnachtsgerichte der Costa Blanca: Regionale K\u00fcche &amp; s\u00fc\u00dfe Klassiker\" data-e-action-hash=\"#elementor-action%3Aaction%3Dlightbox%26settings%3DeyJpZCI6OTY0NywidXJsIjoiaHR0cHM6XC9cL2Nvc3RhYmxhbmNhLW1hZ2F6aW4uY29tXC93cC1jb250ZW50XC91cGxvYWRzXC8yMDI1XC8xMVwvdHJhZGl0aW9uYWwtc3BhbmlzaC1lcGlwaGFueS1jYWtlLXJvc2Nvbi1kZS1yZXllcy0yMDI0LTEwLTE3LTA0LTQ3LTA2LXV0Yy1zY2FsZWQuanBnIiwic2xpZGVzaG93IjoiNjc4ODlmNiJ9\">\n\t\t\t\t\t<div class=\"e-gallery-image elementor-gallery-item__image\" data-thumbnail=\"https:\/\/costablanca-magazin.com\/wp-content\/uploads\/2025\/11\/traditional-spanish-epiphany-cake-roscon-de-reyes-2024-10-17-04-47-06-utc-300x200.jpg\" data-width=\"300\" data-height=\"200\" aria-label=\"Platos t\u00edpicos navide\u00f1os de la Costa Blanca: cocina regional y dulces cl\u00e1sicos 6\" role=\"img\" ><\/div>\n\t\t\t\t\t\t\t\t\t\t\t<div class=\"elementor-gallery-item__overlay\"><\/div>\n\t\t\t\t\t\t\t\t\t\t\t\t\t\t<\/a>\n\t\t\t\t\t\t\t<a class=\"e-gallery-item elementor-gallery-item elementor-animated-content\" href=\"https:\/\/costablanca-magazin.com\/wp-content\/uploads\/2025\/11\/christmas-sweets-turron-polvorones-mantecados-on-2023-11-27-05-02-53-utc-scaled.jpg\" data-elementor-open-lightbox=\"yes\" data-elementor-lightbox-slideshow=\"67889f6\" data-elementor-lightbox-title=\"Typische Weihnachtsgerichte der Costa Blanca: Regionale K\u00fcche &amp; s\u00fc\u00dfe Klassiker\" data-elementor-lightbox-description=\"Typische Weihnachtsgerichte der Costa Blanca: Regionale K\u00fcche &amp; s\u00fc\u00dfe Klassiker\" data-e-action-hash=\"#elementor-action%3Aaction%3Dlightbox%26settings%3DeyJpZCI6OTYzMCwidXJsIjoiaHR0cHM6XC9cL2Nvc3RhYmxhbmNhLW1hZ2F6aW4uY29tXC93cC1jb250ZW50XC91cGxvYWRzXC8yMDI1XC8xMVwvY2hyaXN0bWFzLXN3ZWV0cy10dXJyb24tcG9sdm9yb25lcy1tYW50ZWNhZG9zLW9uLTIwMjMtMTEtMjctMDUtMDItNTMtdXRjLXNjYWxlZC5qcGciLCJzbGlkZXNob3ciOiI2Nzg4OWY2In0%3D\">\n\t\t\t\t\t<div class=\"e-gallery-image elementor-gallery-item__image\" data-thumbnail=\"https:\/\/costablanca-magazin.com\/wp-content\/uploads\/2025\/11\/christmas-sweets-turron-polvorones-mantecados-on-2023-11-27-05-02-53-utc-300x200.jpg\" data-width=\"300\" data-height=\"200\" aria-label=\"Platos t\u00edpicos navide\u00f1os de la Costa Blanca: cocina regional y dulces cl\u00e1sicos 1\" role=\"img\" ><\/div>\n\t\t\t\t\t\t\t\t\t\t\t<div class=\"elementor-gallery-item__overlay\"><\/div>\n\t\t\t\t\t\t\t\t\t\t\t\t\t\t<\/a>\n\t\t\t\t\t<\/div>\n\t\t\t\t\t<\/div>\n\t\t\t\t<\/div>\n\t\t\t\t<\/div>\n\t\t<div class=\"elementor-element elementor-element-44af621 e-con-full e-flex e-con e-child\" data-id=\"44af621\" data-element_type=\"container\" data-e-type=\"container\">\n\t\t\t\t<div class=\"elementor-element elementor-element-765508e elementor-widget elementor-widget-gallery\" data-id=\"765508e\" data-element_type=\"widget\" data-e-type=\"widget\" data-settings=\"{&quot;columns&quot;:2,&quot;gap&quot;:{&quot;unit&quot;:&quot;px&quot;,&quot;size&quot;:2,&quot;sizes&quot;:[]},&quot;aspect_ratio&quot;:&quot;4:3&quot;,&quot;lazyload&quot;:&quot;yes&quot;,&quot;gallery_layout&quot;:&quot;grid&quot;,&quot;columns_tablet&quot;:2,&quot;columns_mobile&quot;:1,&quot;gap_tablet&quot;:{&quot;unit&quot;:&quot;px&quot;,&quot;size&quot;:10,&quot;sizes&quot;:[]},&quot;gap_mobile&quot;:{&quot;unit&quot;:&quot;px&quot;,&quot;size&quot;:10,&quot;sizes&quot;:[]},&quot;link_to&quot;:&quot;file&quot;,&quot;overlay_background&quot;:&quot;yes&quot;,&quot;content_hover_animation&quot;:&quot;fade-in&quot;}\" data-widget_type=\"gallery.default\">\n\t\t\t\t<div class=\"elementor-widget-container\">\n\t\t\t\t\t\t\t<div class=\"elementor-gallery__container\">\n\t\t\t\t\t\t\t<a class=\"e-gallery-item elementor-gallery-item elementor-animated-content\" href=\"https:\/\/costablanca-magazin.com\/wp-content\/uploads\/2025\/11\/spicy-seafood-soup-with-mix-of-shellfish-2023-11-27-05-36-44-utc-scaled.jpg\" data-elementor-open-lightbox=\"yes\" data-elementor-lightbox-slideshow=\"765508e\" data-elementor-lightbox-title=\"Typische Weihnachtsgerichte der Costa Blanca: Regionale K\u00fcche &amp; s\u00fc\u00dfe Klassiker\" data-elementor-lightbox-description=\"Typische Weihnachtsgerichte der Costa Blanca: Regionale K\u00fcche &amp; s\u00fc\u00dfe Klassiker\" data-e-action-hash=\"#elementor-action%3Aaction%3Dlightbox%26settings%3DeyJpZCI6OTY0NCwidXJsIjoiaHR0cHM6XC9cL2Nvc3RhYmxhbmNhLW1hZ2F6aW4uY29tXC93cC1jb250ZW50XC91cGxvYWRzXC8yMDI1XC8xMVwvc3BpY3ktc2VhZm9vZC1zb3VwLXdpdGgtbWl4LW9mLXNoZWxsZmlzaC0yMDIzLTExLTI3LTA1LTM2LTQ0LXV0Yy1zY2FsZWQuanBnIiwic2xpZGVzaG93IjoiNzY1NTA4ZSJ9\">\n\t\t\t\t\t<div class=\"e-gallery-image elementor-gallery-item__image\" data-thumbnail=\"https:\/\/costablanca-magazin.com\/wp-content\/uploads\/2025\/11\/spicy-seafood-soup-with-mix-of-shellfish-2023-11-27-05-36-44-utc-300x200.jpg\" data-width=\"300\" data-height=\"200\" aria-label=\"Platos t\u00edpicos navide\u00f1os de la Costa Blanca: cocina regional y dulces cl\u00e1sicos 4\" role=\"img\" ><\/div>\n\t\t\t\t\t\t\t\t\t\t\t<div class=\"elementor-gallery-item__overlay\"><\/div>\n\t\t\t\t\t\t\t\t\t\t\t\t\t\t<\/a>\n\t\t\t\t\t\t\t<a class=\"e-gallery-item elementor-gallery-item elementor-animated-content\" href=\"https:\/\/costablanca-magazin.com\/wp-content\/uploads\/2025\/11\/large-bowl-of-delicious-fresh-caught-local-seafood-2023-11-27-04-50-16-utc-scaled.jpeg\" data-elementor-open-lightbox=\"yes\" data-elementor-lightbox-slideshow=\"765508e\" data-elementor-lightbox-title=\"Typische Weihnachtsgerichte der Costa Blanca: Regionale K\u00fcche &amp; s\u00fc\u00dfe Klassiker\" data-elementor-lightbox-description=\"Typische Weihnachtsgerichte der Costa Blanca: Regionale K\u00fcche &amp; s\u00fc\u00dfe Klassiker\" data-e-action-hash=\"#elementor-action%3Aaction%3Dlightbox%26settings%3DeyJpZCI6OTYzNiwidXJsIjoiaHR0cHM6XC9cL2Nvc3RhYmxhbmNhLW1hZ2F6aW4uY29tXC93cC1jb250ZW50XC91cGxvYWRzXC8yMDI1XC8xMVwvbGFyZ2UtYm93bC1vZi1kZWxpY2lvdXMtZnJlc2gtY2F1Z2h0LWxvY2FsLXNlYWZvb2QtMjAyMy0xMS0yNy0wNC01MC0xNi11dGMtc2NhbGVkLmpwZWciLCJzbGlkZXNob3ciOiI3NjU1MDhlIn0%3D\">\n\t\t\t\t\t<div class=\"e-gallery-image elementor-gallery-item__image\" data-thumbnail=\"https:\/\/costablanca-magazin.com\/wp-content\/uploads\/2025\/11\/large-bowl-of-delicious-fresh-caught-local-seafood-2023-11-27-04-50-16-utc-300x192.jpeg\" data-width=\"300\" data-height=\"192\" aria-label=\"Platos t\u00edpicos navide\u00f1os de la Costa Blanca: cocina regional y dulces cl\u00e1sicos 3\" role=\"img\" ><\/div>\n\t\t\t\t\t\t\t\t\t\t\t<div class=\"elementor-gallery-item__overlay\"><\/div>\n\t\t\t\t\t\t\t\t\t\t\t\t\t\t<\/a>\n\t\t\t\t\t\t\t<a class=\"e-gallery-item elementor-gallery-item elementor-animated-content\" href=\"https:\/\/costablanca-magazin.com\/wp-content\/uploads\/2025\/11\/traditional-spanish-epiphany-cake-roscon-de-reyes-2024-10-14-19-15-00-utc-scaled.jpg\" data-elementor-open-lightbox=\"yes\" data-elementor-lightbox-slideshow=\"765508e\" data-elementor-lightbox-title=\"Typische Weihnachtsgerichte der Costa Blanca: Regionale K\u00fcche &amp; s\u00fc\u00dfe Klassiker\" data-elementor-lightbox-description=\"Typische Weihnachtsgerichte der Costa Blanca: Regionale K\u00fcche &amp; s\u00fc\u00dfe Klassiker\" data-e-action-hash=\"#elementor-action%3Aaction%3Dlightbox%26settings%3DeyJpZCI6OTY0NiwidXJsIjoiaHR0cHM6XC9cL2Nvc3RhYmxhbmNhLW1hZ2F6aW4uY29tXC93cC1jb250ZW50XC91cGxvYWRzXC8yMDI1XC8xMVwvdHJhZGl0aW9uYWwtc3BhbmlzaC1lcGlwaGFueS1jYWtlLXJvc2Nvbi1kZS1yZXllcy0yMDI0LTEwLTE0LTE5LTE1LTAwLXV0Yy1zY2FsZWQuanBnIiwic2xpZGVzaG93IjoiNzY1NTA4ZSJ9\">\n\t\t\t\t\t<div class=\"e-gallery-image elementor-gallery-item__image\" data-thumbnail=\"https:\/\/costablanca-magazin.com\/wp-content\/uploads\/2025\/11\/traditional-spanish-epiphany-cake-roscon-de-reyes-2024-10-14-19-15-00-utc-300x200.jpg\" data-width=\"300\" data-height=\"200\" aria-label=\"Platos t\u00edpicos navide\u00f1os de la Costa Blanca: cocina regional y dulces cl\u00e1sicos 5\" role=\"img\" ><\/div>\n\t\t\t\t\t\t\t\t\t\t\t<div class=\"elementor-gallery-item__overlay\"><\/div>\n\t\t\t\t\t\t\t\t\t\t\t\t\t\t<\/a>\n\t\t\t\t\t\t\t<a class=\"e-gallery-item elementor-gallery-item elementor-animated-content\" href=\"https:\/\/costablanca-magazin.com\/wp-content\/uploads\/2025\/11\/hand-painting-the-surface-of-a-raw-roscon-de-reyes-2023-11-27-05-02-15-utc-scaled.jpg\" data-elementor-open-lightbox=\"yes\" data-elementor-lightbox-slideshow=\"765508e\" data-elementor-lightbox-title=\"Typische Weihnachtsgerichte der Costa Blanca: Regionale K\u00fcche &amp; s\u00fc\u00dfe Klassiker\" data-elementor-lightbox-description=\"Typische Weihnachtsgerichte der Costa Blanca: Regionale K\u00fcche &amp; s\u00fc\u00dfe Klassiker\" data-e-action-hash=\"#elementor-action%3Aaction%3Dlightbox%26settings%3DeyJpZCI6OTYzNSwidXJsIjoiaHR0cHM6XC9cL2Nvc3RhYmxhbmNhLW1hZ2F6aW4uY29tXC93cC1jb250ZW50XC91cGxvYWRzXC8yMDI1XC8xMVwvaGFuZC1wYWludGluZy10aGUtc3VyZmFjZS1vZi1hLXJhdy1yb3Njb24tZGUtcmV5ZXMtMjAyMy0xMS0yNy0wNS0wMi0xNS11dGMtc2NhbGVkLmpwZyIsInNsaWRlc2hvdyI6Ijc2NTUwOGUifQ%3D%3D\">\n\t\t\t\t\t<div class=\"e-gallery-image elementor-gallery-item__image\" data-thumbnail=\"https:\/\/costablanca-magazin.com\/wp-content\/uploads\/2025\/11\/hand-painting-the-surface-of-a-raw-roscon-de-reyes-2023-11-27-05-02-15-utc-300x200.jpg\" data-width=\"300\" data-height=\"200\" aria-label=\"Platos t\u00edpicos navide\u00f1os de la Costa Blanca: cocina regional y dulces cl\u00e1sicos 2\" role=\"img\" ><\/div>\n\t\t\t\t\t\t\t\t\t\t\t<div class=\"elementor-gallery-item__overlay\"><\/div>\n\t\t\t\t\t\t\t\t\t\t\t\t\t\t<\/a>\n\t\t\t\t\t<\/div>\n\t\t\t\t\t<\/div>\n\t\t\t\t<\/div>\n\t\t\t\t<\/div>\n\t\t<div class=\"elementor-element elementor-element-6c90dbf e-con-full e-flex e-con e-child\" data-id=\"6c90dbf\" data-element_type=\"container\" data-e-type=\"container\">\n\t\t\t\t<div class=\"elementor-element elementor-element-c91e502 elementor-widget elementor-widget-text-editor\" data-id=\"c91e502\" data-element_type=\"widget\" data-e-type=\"widget\" data-widget_type=\"text-editor.default\">\n\t\t\t\t<div class=\"elementor-widget-container\">\n\t\t\t\t\t\t\t\t\t<p>El d\u00eda de Navidad se suele servir cordero, cochinillo o cabrito, tradicionalmente asados en horno de le\u00f1a.<\/p><p>El turr\u00f3n de Xixona y Alicante, que se produce aqu\u00ed y se exporta a todo el mundo, aporta el toque dulce. Se complementa con polvorones, mantecados y la coca de Nadal regional, muy popular sobre todo en la provincia meridional.<\/p><p><strong>Consejos de compra para las fiestas navide\u00f1as<\/strong><br \/>Turr\u00f3n: ventas directas en f\u00e1brica en Xixona y puestos en mercados<br \/>Pescado y marisco: Mercat Central Alicante, mercados en D\u00e9nia, Calpe y Torrevieja<br \/>Vinos y licores: bodegas en Teulada-Moraira, Vall de Pop y la regi\u00f3n de Alicante<\/p>\t\t\t\t\t\t\t\t<\/div>\n\t\t\t\t<\/div>\n\t\t\t\t<\/div>\n\t\t\t\t\t<\/div>\n\t\t\t\t<\/div>\n\t\t<div class=\"elementor-element elementor-element-b412d0d e-flex e-con-boxed e-con e-parent\" data-id=\"b412d0d\" data-element_type=\"container\" data-e-type=\"container\">\n\t\t\t\t\t<div class=\"e-con-inner\">\n\t\t\t\t<div class=\"elementor-element elementor-element-f123688 elementor-widget-divider--view-line_icon elementor-widget-divider--separator-type-pattern elementor-widget-divider--no-spacing elementor-view-default elementor-widget-divider--element-align-center elementor-widget elementor-widget-divider\" data-id=\"f123688\" data-element_type=\"widget\" data-e-type=\"widget\" data-widget_type=\"divider.default\">\n\t\t\t\t<div class=\"elementor-widget-container\">\n\t\t\t\t\t\t\t<div class=\"elementor-divider\" style=\"--divider-pattern-url: url(&quot;data:image\/svg+xml,%3Csvg xmlns=&#039;http:\/\/www.w3.org\/2000\/svg&#039; preserveAspectRatio=&#039;xMidYMid meet&#039; overflow=&#039;visible&#039; height=&#039;100%&#039; viewBox=&#039;0 0 126 26&#039; fill=&#039;black&#039; stroke=&#039;none&#039;%3E%3Cpath d=&#039;M111.9,18.3v3.4H109v-3.4H111.9z M90.8,18.3v3.4H88v-3.4H90.8z M69.8,18.3v3.4h-2.9v-3.4H69.8z M48.8,18.3v3.4h-2.9v-3.4H48.8z M27.7,18.3v3.4h-2.9v-3.4H27.7z M6.7,18.3v3.4H3.8v-3.4H6.7z M46.4,4l4.3,4.8l-1.8,0l3.5,4.4l-2.2-0.1l3,3.3l-11,0.4l3.6-3.8l-2.9-0.1l3.1-4.2l-1.9,0L46.4,4z M111.4,4l2.4,4.8l-1.8,0l3.5,4.4l-2.5-0.1l3.3,3.3h-11l3.1-3.4l-2.5-0.1l3.1-4.2l-1.9,0L111.4,4z M89.9,4l2.9,4.8l-1.9,0l3.2,4.2l-2.5,0l3.5,3.5l-11-0.4l3-3.1l-2.4,0L88,8.8l-1.9,0L89.9,4z M68.6,4l3,4.4l-1.9,0.1l3.4,4.1l-2.7,0.1l3.8,3.7H63.8l2.9-3.6l-2.9,0.1L67,8.7l-2,0.1L68.6,4z M26.5,4l3,4.4l-1.9,0.1l3.7,4.7l-2.5-0.1l3.3,3.3H21l3.1-3.4l-2.5-0.1l3.2-4.3l-2,0.1L26.5,4z M4.9,4l3.7,4.8l-1.5,0l3.1,4.2L7.6,13l3.4,3.4H0l3-3.3l-2.3,0.1l3.5-4.4l-2.3,0L4.9,4z&#039;\/%3E%3C\/svg%3E&quot;);\">\n\t\t\t<span class=\"elementor-divider-separator\">\n\t\t\t\t\t\t\t<div class=\"elementor-icon elementor-divider__element\">\n\t\t\t\t\t<svg aria-hidden=\"true\" class=\"e-font-icon-svg e-fas-star\" viewbox=\"0 0 576 512\" xmlns=\"http:\/\/www.w3.org\/2000\/svg\"><path d=\"M259.3 17.8L194 150.2 47.9 171.5c-26.2 3.8-36.7 36.1-17.7 54.6l105.7 103-25 145.5c-4.5 26.3 23.2 46 46.4 33.7L288 439.6l130.7 68.7c23.2 12.2 50.9-7.4 46.4-33.7l-25-145.5 105.7-103c19-18.5 8.5-50.8-17.7-54.6L382 150.2 316.7 17.8c-11.7-23.6-45.6-23.9-57.4 0z\"><\/path><\/svg><\/div>\n\t\t\t\t\t\t<\/span>\n\t\t<\/div>\n\t\t\t\t\t\t<\/div>\n\t\t\t\t<\/div>\n\t\t\t\t<div class=\"elementor-element elementor-element-d0cdefa elementor-grid-3 elementor-grid-tablet-2 elementor-grid-mobile-1 elementor-posts--thumbnail-top elementor-posts--show-avatar elementor-card-shadow-yes elementor-posts__hover-gradient elementor-widget elementor-widget-posts\" data-id=\"d0cdefa\" data-element_type=\"widget\" data-e-type=\"widget\" data-settings=\"{&quot;cards_columns&quot;:&quot;3&quot;,&quot;cards_columns_tablet&quot;:&quot;2&quot;,&quot;cards_columns_mobile&quot;:&quot;1&quot;,&quot;cards_row_gap&quot;:{&quot;unit&quot;:&quot;px&quot;,&quot;size&quot;:35,&quot;sizes&quot;:[]},&quot;cards_row_gap_tablet&quot;:{&quot;unit&quot;:&quot;px&quot;,&quot;size&quot;:&quot;&quot;,&quot;sizes&quot;:[]},&quot;cards_row_gap_mobile&quot;:{&quot;unit&quot;:&quot;px&quot;,&quot;size&quot;:&quot;&quot;,&quot;sizes&quot;:[]}}\" data-widget_type=\"posts.cards\">\n\t\t\t\t<div class=\"elementor-widget-container\">\n\t\t\t\t\t\t\t<div class=\"elementor-posts-container elementor-posts elementor-posts--skin-cards elementor-grid\" role=\"list\">\n\t\t\t\t<article class=\"elementor-post elementor-grid-item post-9685 post type-post status-publish format-standard has-post-thumbnail hentry category-veranstaltungen-events tag-cabalgata-reyes-costa-blanca tag-gottesdienste-costa-blanca tag-misa-del-gallo-alicante tag-reyes-magos tag-weihnachten-an-der-costa-blanca tag-weihnachten-spanien-braeuche\" role=\"listitem\">\n\t\t\t<div class=\"elementor-post__card\">\n\t\t\t\t<a class=\"elementor-post__thumbnail__link\" href=\"https:\/\/costablanca-magazin.com\/es\/freizeit\/veranstaltungen-events\/weihnachten-costa-blanca-2025-messen-umzuege-reyes\/\" tabindex=\"-1\" ><div class=\"elementor-post__thumbnail\"><img fetchpriority=\"high\" decoding=\"async\" width=\"300\" height=\"169\" src=\"https:\/\/costablanca-magazin.com\/wp-content\/uploads\/2025\/11\/4.png\" class=\"attachment-medium size-medium wp-image-9590\" alt=\"Celebrar la Navidad en la Costa Blanca: ferias, desfiles - Cabalgata de Reyes y rituales locales\" \/><\/div><\/a>\n\t\t\t\t<div class=\"elementor-post__badge\">Eventos<\/div>\n\t\t\t\t<div class=\"elementor-post__avatar\">\n\t\t\t\t\t<\/div>\n\t\t\t\t<div class=\"elementor-post__text\">\n\t\t\t\t<h3 class=\"elementor-post__title\">\n\t\t\t<a href=\"https:\/\/costablanca-magazin.com\/es\/freizeit\/veranstaltungen-events\/weihnachten-costa-blanca-2025-messen-umzuege-reyes\/\" >\n\t\t\t\tNavidad Costa Blanca 2025 - Ferias, cabalgatas y Reyes\t\t\t<\/a>\n\t\t<\/h3>\n\t\t\t\t<\/div>\n\t\t\t\t\t<\/div>\n\t\t<\/article>\n\t\t\t\t<article class=\"elementor-post elementor-grid-item post-9657 post type-post status-publish format-standard has-post-thumbnail hentry category-veranstaltungen-events tag-alicante-weihnachten tag-altea-mercado-navideno tag-denia-mercat-nadal tag-events-costa-blanca-dezember tag-torrevieja-weihnachten tag-weihnachten-an-der-costa-blanca tag-weihnachtsmarkt-costa-blanca\" role=\"listitem\">\n\t\t\t<div class=\"elementor-post__card\">\n\t\t\t\t<a class=\"elementor-post__thumbnail__link\" href=\"https:\/\/costablanca-magazin.com\/es\/freizeit\/veranstaltungen-events\/weihnachtsmaerkte-costa-blanca-2025-termine-highlights\/\" tabindex=\"-1\" ><div class=\"elementor-post__thumbnail\"><img decoding=\"async\" width=\"300\" height=\"169\" src=\"https:\/\/costablanca-magazin.com\/wp-content\/uploads\/2025\/11\/2.png\" class=\"attachment-medium size-medium wp-image-9588\" alt=\"Mercados navide\u00f1os en la Costa Blanca 2025: fechas, lugares y lo m\u00e1s destacado\" \/><\/div><\/a>\n\t\t\t\t<div class=\"elementor-post__badge\">Eventos<\/div>\n\t\t\t\t<div class=\"elementor-post__avatar\">\n\t\t\t\t\t<\/div>\n\t\t\t\t<div class=\"elementor-post__text\">\n\t\t\t\t<h3 class=\"elementor-post__title\">\n\t\t\t<a href=\"https:\/\/costablanca-magazin.com\/es\/freizeit\/veranstaltungen-events\/weihnachtsmaerkte-costa-blanca-2025-termine-highlights\/\" >\n\t\t\t\tMercados Navide\u00f1os Costa Blanca 2025 - Fechas y Puntos Destacados\t\t\t<\/a>\n\t\t<\/h3>\n\t\t\t\t<\/div>\n\t\t\t\t\t<\/div>\n\t\t<\/article>\n\t\t\t\t<article class=\"elementor-post elementor-grid-item post-9587 post type-post status-publish format-standard has-post-thumbnail hentry category-veranstaltungen-events tag-braeuche-spanien-weihnachten tag-costa-blanca-weihnachten tag-krippen-costa-blanca tag-misa-del-gallo-costa-blanca tag-weihnachten-alicante tag-weihnachten-an-der-costa-blanca\" role=\"listitem\">\n\t\t\t<div class=\"elementor-post__card\">\n\t\t\t\t<a class=\"elementor-post__thumbnail__link\" href=\"https:\/\/costablanca-magazin.com\/es\/freizeit\/veranstaltungen-events\/weihnachten-2025-an-der-costa-blanca-krippen-rituale\/\" tabindex=\"-1\" ><div class=\"elementor-post__thumbnail\"><img decoding=\"async\" width=\"300\" height=\"169\" src=\"https:\/\/costablanca-magazin.com\/wp-content\/uploads\/2025\/11\/1.png\" class=\"attachment-medium size-medium wp-image-9586\" alt=\"Navidad en la Costa Blanca 2025: tradiciones, belenes y costumbres regionales\" \/><\/div><\/a>\n\t\t\t\t<div class=\"elementor-post__badge\">Eventos<\/div>\n\t\t\t\t<div class=\"elementor-post__avatar\">\n\t\t\t\t\t<\/div>\n\t\t\t\t<div class=\"elementor-post__text\">\n\t\t\t\t<h3 class=\"elementor-post__title\">\n\t\t\t<a href=\"https:\/\/costablanca-magazin.com\/es\/freizeit\/veranstaltungen-events\/weihnachten-2025-an-der-costa-blanca-krippen-rituale\/\" >\n\t\t\t\tNavidad 2025 en la Costa Blanca - Belenes y rituales\t\t\t<\/a>\n\t\t<\/h3>\n\t\t\t\t<\/div>\n\t\t\t\t\t<\/div>\n\t\t<\/article>\n\t\t\t\t<\/div>\n\t\t\n\t\t\t\t\t\t<\/div>\n\t\t\t\t<\/div>\n\t\t\t\t\t<\/div>\n\t\t\t\t<\/div>\n\t\t\t\t<\/div>","protected":false},"excerpt":{"rendered":"<p>Platos navide\u00f1os en la Costa Blanca - tradici\u00f3n y turr\u00f3n Platos t\u00edpicos navide\u00f1os en la Costa Blanca: caldo con pelotas, puchero, platos de pescado, turr\u00f3n<\/p>","protected":false},"author":1,"featured_media":9589,"comment_status":"closed","ping_status":"closed","sticky":false,"template":"elementor_header_footer","format":"standard","meta":{"footnotes":""},"categories":[20],"tags":[1476,1478,1480,1477,385,1479],"class_list":["post-9684","post","type-post","status-publish","format-standard","has-post-thumbnail","hentry","category-spezialitaeten-rezepte","tag-caldo-con-pelotas","tag-puchero-alicante","tag-regionale-kueche-weihnachten-spanien","tag-turron-xixona","tag-weihnachten-an-der-costa-blanca","tag-weihnachtsessen-costa-blanca"],"aioseo_notices":[],"_links":{"self":[{"href":"https:\/\/costablanca-magazin.com\/es\/wp-json\/wp\/v2\/posts\/9684","targetHints":{"allow":["GET"]}}],"collection":[{"href":"https:\/\/costablanca-magazin.com\/es\/wp-json\/wp\/v2\/posts"}],"about":[{"href":"https:\/\/costablanca-magazin.com\/es\/wp-json\/wp\/v2\/types\/post"}],"author":[{"embeddable":true,"href":"https:\/\/costablanca-magazin.com\/es\/wp-json\/wp\/v2\/users\/1"}],"replies":[{"embeddable":true,"href":"https:\/\/costablanca-magazin.com\/es\/wp-json\/wp\/v2\/comments?post=9684"}],"version-history":[{"count":19,"href":"https:\/\/costablanca-magazin.com\/es\/wp-json\/wp\/v2\/posts\/9684\/revisions"}],"predecessor-version":[{"id":10029,"href":"https:\/\/costablanca-magazin.com\/es\/wp-json\/wp\/v2\/posts\/9684\/revisions\/10029"}],"wp:featuredmedia":[{"embeddable":true,"href":"https:\/\/costablanca-magazin.com\/es\/wp-json\/wp\/v2\/media\/9589"}],"wp:attachment":[{"href":"https:\/\/costablanca-magazin.com\/es\/wp-json\/wp\/v2\/media?parent=9684"}],"wp:term":[{"taxonomy":"category","embeddable":true,"href":"https:\/\/costablanca-magazin.com\/es\/wp-json\/wp\/v2\/categories?post=9684"},{"taxonomy":"post_tag","embeddable":true,"href":"https:\/\/costablanca-magazin.com\/es\/wp-json\/wp\/v2\/tags?post=9684"}],"curies":[{"name":"wp","href":"https:\/\/api.w.org\/{rel}","templated":true}]}}