{"id":9657,"date":"2025-11-23T11:51:31","date_gmt":"2025-11-23T10:51:31","guid":{"rendered":"https:\/\/costablanca-magazin.com\/?p=9657"},"modified":"2026-03-18T08:12:59","modified_gmt":"2026-03-18T07:12:59","slug":"mercados-navidenos-costa-blanca-2025-fechas-destacadas","status":"publish","type":"post","link":"https:\/\/costablanca-magazin.com\/es\/freizeit\/veranstaltungen-events\/weihnachtsmaerkte-costa-blanca-2025-termine-highlights\/","title":{"rendered":"Mercados Navide\u00f1os Costa Blanca 2025 - Fechas y Puntos Destacados"},"content":{"rendered":"<div data-elementor-type=\"wp-post\" data-elementor-id=\"9657\" class=\"elementor elementor-9657\" data-elementor-post-type=\"post\">\n\t\t\t\t<div class=\"elementor-element elementor-element-5978eb3 e-flex e-con-boxed e-con e-parent\" data-id=\"5978eb3\" data-element_type=\"container\" data-e-type=\"container\">\n\t\t\t\t\t<div class=\"e-con-inner\">\n\t\t\t\t<div class=\"elementor-element elementor-element-3b55d98 elementor-widget-divider--view-line_icon elementor-widget-divider--separator-type-pattern elementor-widget-divider--no-spacing elementor-view-default elementor-widget-divider--element-align-center elementor-widget elementor-widget-divider\" data-id=\"3b55d98\" data-element_type=\"widget\" data-e-type=\"widget\" data-widget_type=\"divider.default\">\n\t\t\t\t<div class=\"elementor-widget-container\">\n\t\t\t\t\t\t\t<div class=\"elementor-divider\" style=\"--divider-pattern-url: url(&quot;data:image\/svg+xml,%3Csvg xmlns=&#039;http:\/\/www.w3.org\/2000\/svg&#039; preserveAspectRatio=&#039;xMidYMid meet&#039; overflow=&#039;visible&#039; height=&#039;100%&#039; viewBox=&#039;0 0 126 26&#039; fill=&#039;black&#039; stroke=&#039;none&#039;%3E%3Cpath d=&#039;M111.9,18.3v3.4H109v-3.4H111.9z M90.8,18.3v3.4H88v-3.4H90.8z M69.8,18.3v3.4h-2.9v-3.4H69.8z M48.8,18.3v3.4h-2.9v-3.4H48.8z M27.7,18.3v3.4h-2.9v-3.4H27.7z M6.7,18.3v3.4H3.8v-3.4H6.7z M46.4,4l4.3,4.8l-1.8,0l3.5,4.4l-2.2-0.1l3,3.3l-11,0.4l3.6-3.8l-2.9-0.1l3.1-4.2l-1.9,0L46.4,4z M111.4,4l2.4,4.8l-1.8,0l3.5,4.4l-2.5-0.1l3.3,3.3h-11l3.1-3.4l-2.5-0.1l3.1-4.2l-1.9,0L111.4,4z M89.9,4l2.9,4.8l-1.9,0l3.2,4.2l-2.5,0l3.5,3.5l-11-0.4l3-3.1l-2.4,0L88,8.8l-1.9,0L89.9,4z M68.6,4l3,4.4l-1.9,0.1l3.4,4.1l-2.7,0.1l3.8,3.7H63.8l2.9-3.6l-2.9,0.1L67,8.7l-2,0.1L68.6,4z M26.5,4l3,4.4l-1.9,0.1l3.7,4.7l-2.5-0.1l3.3,3.3H21l3.1-3.4l-2.5-0.1l3.2-4.3l-2,0.1L26.5,4z M4.9,4l3.7,4.8l-1.5,0l3.1,4.2L7.6,13l3.4,3.4H0l3-3.3l-2.3,0.1l3.5-4.4l-2.3,0L4.9,4z&#039;\/%3E%3C\/svg%3E&quot;);\">\n\t\t\t<span class=\"elementor-divider-separator\">\n\t\t\t\t\t\t\t<div class=\"elementor-icon elementor-divider__element\">\n\t\t\t\t\t<svg aria-hidden=\"true\" class=\"e-font-icon-svg e-fas-star\" viewbox=\"0 0 576 512\" xmlns=\"http:\/\/www.w3.org\/2000\/svg\"><path d=\"M259.3 17.8L194 150.2 47.9 171.5c-26.2 3.8-36.7 36.1-17.7 54.6l105.7 103-25 145.5c-4.5 26.3 23.2 46 46.4 33.7L288 439.6l130.7 68.7c23.2 12.2 50.9-7.4 46.4-33.7l-25-145.5 105.7-103c19-18.5 8.5-50.8-17.7-54.6L382 150.2 316.7 17.8c-11.7-23.6-45.6-23.9-57.4 0z\"><\/path><\/svg><\/div>\n\t\t\t\t\t\t<\/span>\n\t\t<\/div>\n\t\t\t\t\t\t<\/div>\n\t\t\t\t<\/div>\n\t\t\t\t<div class=\"elementor-element elementor-element-491b79e elementor-widget elementor-widget-heading\" data-id=\"491b79e\" data-element_type=\"widget\" data-e-type=\"widget\" data-widget_type=\"heading.default\">\n\t\t\t\t<div class=\"elementor-widget-container\">\n\t\t\t\t\t<h1 class=\"elementor-heading-title elementor-size-default\">Mercados Navide\u00f1os Costa Blanca 2025 - Fechas y Puntos Destacados<\/h1>\t\t\t\t<\/div>\n\t\t\t\t<\/div>\n\t\t\t\t<div class=\"elementor-element elementor-element-45d2d9f elementor-widget elementor-widget-image\" data-id=\"45d2d9f\" data-element_type=\"widget\" data-e-type=\"widget\" data-widget_type=\"image.default\">\n\t\t\t\t<div class=\"elementor-widget-container\">\n\t\t\t\t\t\t\t\t\t\t\t\t\t\t\t<img decoding=\"async\" src=\"https:\/\/costablanca-magazin.com\/wp-content\/uploads\/elementor\/thumbs\/2-rjcd20nr86rfmfwjudwxhq5mtos10nhwzygcy3mopg.png\" title=\"Mercados navide\u00f1os en la Costa Blanca 2025: fechas, lugares y lo m\u00e1s destacado\" alt=\"Mercados navide\u00f1os en la Costa Blanca 2025: fechas, lugares y lo m\u00e1s destacado\" loading=\"lazy\" \/>\t\t\t\t\t\t\t\t\t\t\t\t\t\t\t<\/div>\n\t\t\t\t<\/div>\n\t\t\t\t<div class=\"elementor-element elementor-element-e7236e1 elementor-widget elementor-widget-heading\" data-id=\"e7236e1\" data-element_type=\"widget\" data-e-type=\"widget\" data-widget_type=\"heading.default\">\n\t\t\t\t<div class=\"elementor-widget-container\">\n\t\t\t\t\t<h2 class=\"elementor-heading-title elementor-size-default\">Todos los mercadillos navide\u00f1os de 2025 en la Costa Blanca: Altea, D\u00e9nia, Alicante, Torrevieja, J\u00e1vea y m\u00e1s. Fechas, consejos y programas.<\/h2>\t\t\t\t<\/div>\n\t\t\t\t<\/div>\n\t\t\t\t\t<\/div>\n\t\t\t\t<\/div>\n\t\t<div class=\"elementor-element elementor-element-d6614cb e-flex e-con-boxed e-con e-parent\" data-id=\"d6614cb\" data-element_type=\"container\" data-e-type=\"container\">\n\t\t\t\t\t<div class=\"e-con-inner\">\n\t\t<div class=\"elementor-element elementor-element-492e70b e-con-full e-flex e-con e-child\" data-id=\"492e70b\" data-element_type=\"container\" data-e-type=\"container\">\n\t\t\t\t<div class=\"elementor-element elementor-element-e549f9f elementor-widget elementor-widget-text-editor\" data-id=\"e549f9f\" data-element_type=\"widget\" data-e-type=\"widget\" data-widget_type=\"text-editor.default\">\n\t\t\t\t<div class=\"elementor-widget-container\">\n\t\t\t\t\t\t\t\t\t<p>Los mercados m\u00e1s importantes desde Denia hasta Torrevieja, incluyendo iluminaci\u00f3n, programas y fechas confirmadas para diciembre de 2025. Desde la artesan\u00eda en Altea hasta los grandes festivales de luces en Alicante: as\u00ed de diferentes son las formas en que los municipios celebran el Adviento.<\/p><p>Los mercados navide\u00f1os de la Costa Blanca no son copias de los modelos del norte de Europa, sino eventos locales que se centran en la artesan\u00eda, las asociaciones y la gastronom\u00eda. Muchos lugares no publican sus programas hasta noviembre, pero el car\u00e1cter sigue siendo similar cada a\u00f1o.<\/p><p><strong>D\u00e9nia<\/strong> inaugura tradicionalmente la temporada a finales de noviembre con el Mercat de Nadal a lo largo de la calle La V\u00eda. Los productores locales, las escuelas y las asociaciones organizan el programa.<\/p><p><strong>J\u00e1vea<\/strong> A principios de diciembre, el paseo mar\u00edtimo se transforma en una variada zona de mercado, con artesan\u00eda, talleres y \u00e1reas para ni\u00f1os.<\/p><p><strong>Altea<\/strong> dirigido por <strong>Del 5 al 8 de diciembre<\/strong> su Mercado Navide\u00f1o, un formato comisariado con puestos seleccionados y acompa\u00f1amiento musical.<\/p><p><strong>Finestrat<\/strong> A mediados de diciembre, su casco antiguo se transforma en un peque\u00f1o pueblo navide\u00f1o. Aunque las fechas exactas var\u00edan cada a\u00f1o, el mercado sigue siendo un punto de referencia regional.<\/p>\t\t\t\t\t\t\t\t<\/div>\n\t\t\t\t<\/div>\n\t\t\t\t<div class=\"elementor-element elementor-element-37a7cd7 elementor-widget elementor-widget-image\" data-id=\"37a7cd7\" data-element_type=\"widget\" data-e-type=\"widget\" data-widget_type=\"image.default\">\n\t\t\t\t<div class=\"elementor-widget-container\">\n\t\t\t\t\t\t\t\t\t\t\t\t\t\t\t<img decoding=\"async\" src=\"https:\/\/costablanca-magazin.com\/wp-content\/uploads\/elementor\/thumbs\/christmas-tree-deocration-baubles-on-market-in-wr-2024-09-25-12-33-08-utc-scaled-rjc4lnj48g3nzpc8yaanch8dy5q7y07a6qycn3nfz4.jpg\" title=\"Mercados navide\u00f1os en la Costa Blanca 2025: fechas, lugares y lo m\u00e1s destacado\" alt=\"Mercados navide\u00f1os en la Costa Blanca 2025: fechas, lugares y aspectos destacados 1\" loading=\"lazy\" \/>\t\t\t\t\t\t\t\t\t\t\t\t\t\t\t<\/div>\n\t\t\t\t<\/div>\n\t\t\t\t<\/div>\n\t\t<div class=\"elementor-element elementor-element-a422fc4 e-con-full e-flex e-con e-child\" data-id=\"a422fc4\" data-element_type=\"container\" data-e-type=\"container\">\n\t\t\t\t<div class=\"elementor-element elementor-element-00eb1de elementor-widget elementor-widget-spacer\" data-id=\"00eb1de\" data-element_type=\"widget\" data-e-type=\"widget\" data-widget_type=\"spacer.default\">\n\t\t\t\t<div class=\"elementor-widget-container\">\n\t\t\t\t\t\t\t<div class=\"elementor-spacer\">\n\t\t\t<div class=\"elementor-spacer-inner\"><\/div>\n\t\t<\/div>\n\t\t\t\t\t\t<\/div>\n\t\t\t\t<\/div>\n\t\t\t\t<div class=\"elementor-element elementor-element-e0cddf3 elementor-widget elementor-widget-image\" data-id=\"e0cddf3\" data-element_type=\"widget\" data-e-type=\"widget\" data-widget_type=\"image.default\">\n\t\t\t\t<div class=\"elementor-widget-container\">\n\t\t\t\t\t\t\t\t\t\t\t\t\t\t\t<img decoding=\"async\" src=\"https:\/\/costablanca-magazin.com\/wp-content\/uploads\/elementor\/thumbs\/christmas-market-lyon-france-place-carnot-2025-01-09-02-58-10-utc-scaled-rjc4ljrrh3ysxk5uqa0dc23jrjguq5ry4z3bqh2i6s.jpg\" title=\"Mercados navide\u00f1os en la Costa Blanca 2025: fechas, lugares y lo m\u00e1s destacado\" alt=\"Mercados navide\u00f1os en la Costa Blanca 2025: fechas, lugares y aspectos destacados 2\" loading=\"lazy\" \/>\t\t\t\t\t\t\t\t\t\t\t\t\t\t\t<\/div>\n\t\t\t\t<\/div>\n\t\t\t\t<div class=\"elementor-element elementor-element-bf09649 elementor-widget elementor-widget-spacer\" data-id=\"bf09649\" data-element_type=\"widget\" data-e-type=\"widget\" data-widget_type=\"spacer.default\">\n\t\t\t\t<div class=\"elementor-widget-container\">\n\t\t\t\t\t\t\t<div class=\"elementor-spacer\">\n\t\t\t<div class=\"elementor-spacer-inner\"><\/div>\n\t\t<\/div>\n\t\t\t\t\t\t<\/div>\n\t\t\t\t<\/div>\n\t\t\t\t<div class=\"elementor-element elementor-element-129842e elementor-widget elementor-widget-text-editor\" data-id=\"129842e\" data-element_type=\"widget\" data-e-type=\"widget\" data-widget_type=\"text-editor.default\">\n\t\t\t\t<div class=\"elementor-widget-container\">\n\t\t\t\t\t\t\t\t\t<p>El Adviento tambi\u00e9n est\u00e1 presente al sur de Alicante: <strong>El Campello<\/strong>, <strong>Santa Pola<\/strong> y <strong>Villajoyosa<\/strong> organizan sus propios formatos de mercado y programas de iluminaci\u00f3n. En <strong>Torrevieja<\/strong> En el Paseo Vista Alegre se crea una zona navide\u00f1a con artesan\u00eda, gastronom\u00eda y un programa de actuaciones. La ciudad ya enciende sus luces. <strong>el 22 de noviembre<\/strong> uno.<\/p><p>El mayor marco lo ofrece <strong>Alicante<\/strong>: Al encender la iluminaci\u00f3n en el <strong>21 de noviembre<\/strong> Comienza un programa que se prolongar\u00e1 hasta enero con el monumental Bel\u00e9n Gigante, la Feria de Navidad en el recinto de Rabasa y numerosos actos en el centro de la ciudad.<\/p><p><strong>Fechas de los mercados navide\u00f1os 2025 <\/strong><\/p><ol start=\"21\"><li><strong> Noviembre \u2013 Alicante:<\/strong> Iluminaci\u00f3n + Montaje Bel\u00e9n Gigante<br \/><strong>22 de noviembre \u2013 Torrevieja:<\/strong> Encendido de las luces navide\u00f1as<br \/><strong>Finales de noviembre \u2013 D\u00e9nia:<\/strong> Mercado de Navidad (centro)<br \/><strong>5-8 de diciembre \u2013 Altea:<\/strong> Mercado navide\u00f1o<br \/><strong>6-8 de diciembre \u2013 J\u00e1vea:<\/strong> Mercado navide\u00f1o del puerto<br \/><strong>5-8 de diciembre \u2013 Calpe:<\/strong> Mercado en el Casco Antiguo<br \/><strong>Dez \u2013 Torrevieja:<\/strong> Zona navide\u00f1a Paseo Vista Alegre<br \/><strong>Diciembre \u2013 El Campello \/ Santa Pola \/ Villajoyosa:<\/strong> Programas de Adviento (las fechas var\u00edan)<\/li><\/ol>\t\t\t\t\t\t\t\t<\/div>\n\t\t\t\t<\/div>\n\t\t\t\t<\/div>\n\t\t\t\t\t<\/div>\n\t\t\t\t<\/div>\n\t\t<div class=\"elementor-element elementor-element-d34f220 e-flex e-con-boxed e-con e-parent\" data-id=\"d34f220\" data-element_type=\"container\" data-e-type=\"container\">\n\t\t\t\t\t<div class=\"e-con-inner\">\n\t\t\t\t<div class=\"elementor-element elementor-element-5b78247 elementor-widget-divider--view-line_icon elementor-widget-divider--separator-type-pattern elementor-widget-divider--no-spacing elementor-view-default elementor-widget-divider--element-align-center elementor-widget elementor-widget-divider\" data-id=\"5b78247\" data-element_type=\"widget\" data-e-type=\"widget\" data-widget_type=\"divider.default\">\n\t\t\t\t<div class=\"elementor-widget-container\">\n\t\t\t\t\t\t\t<div class=\"elementor-divider\" style=\"--divider-pattern-url: url(&quot;data:image\/svg+xml,%3Csvg xmlns=&#039;http:\/\/www.w3.org\/2000\/svg&#039; preserveAspectRatio=&#039;xMidYMid meet&#039; overflow=&#039;visible&#039; height=&#039;100%&#039; viewBox=&#039;0 0 126 26&#039; fill=&#039;black&#039; stroke=&#039;none&#039;%3E%3Cpath d=&#039;M111.9,18.3v3.4H109v-3.4H111.9z M90.8,18.3v3.4H88v-3.4H90.8z M69.8,18.3v3.4h-2.9v-3.4H69.8z M48.8,18.3v3.4h-2.9v-3.4H48.8z M27.7,18.3v3.4h-2.9v-3.4H27.7z M6.7,18.3v3.4H3.8v-3.4H6.7z M46.4,4l4.3,4.8l-1.8,0l3.5,4.4l-2.2-0.1l3,3.3l-11,0.4l3.6-3.8l-2.9-0.1l3.1-4.2l-1.9,0L46.4,4z M111.4,4l2.4,4.8l-1.8,0l3.5,4.4l-2.5-0.1l3.3,3.3h-11l3.1-3.4l-2.5-0.1l3.1-4.2l-1.9,0L111.4,4z M89.9,4l2.9,4.8l-1.9,0l3.2,4.2l-2.5,0l3.5,3.5l-11-0.4l3-3.1l-2.4,0L88,8.8l-1.9,0L89.9,4z M68.6,4l3,4.4l-1.9,0.1l3.4,4.1l-2.7,0.1l3.8,3.7H63.8l2.9-3.6l-2.9,0.1L67,8.7l-2,0.1L68.6,4z M26.5,4l3,4.4l-1.9,0.1l3.7,4.7l-2.5-0.1l3.3,3.3H21l3.1-3.4l-2.5-0.1l3.2-4.3l-2,0.1L26.5,4z M4.9,4l3.7,4.8l-1.5,0l3.1,4.2L7.6,13l3.4,3.4H0l3-3.3l-2.3,0.1l3.5-4.4l-2.3,0L4.9,4z&#039;\/%3E%3C\/svg%3E&quot;);\">\n\t\t\t<span class=\"elementor-divider-separator\">\n\t\t\t\t\t\t\t<div class=\"elementor-icon elementor-divider__element\">\n\t\t\t\t\t<svg aria-hidden=\"true\" class=\"e-font-icon-svg e-fas-star\" viewbox=\"0 0 576 512\" xmlns=\"http:\/\/www.w3.org\/2000\/svg\"><path d=\"M259.3 17.8L194 150.2 47.9 171.5c-26.2 3.8-36.7 36.1-17.7 54.6l105.7 103-25 145.5c-4.5 26.3 23.2 46 46.4 33.7L288 439.6l130.7 68.7c23.2 12.2 50.9-7.4 46.4-33.7l-25-145.5 105.7-103c19-18.5 8.5-50.8-17.7-54.6L382 150.2 316.7 17.8c-11.7-23.6-45.6-23.9-57.4 0z\"><\/path><\/svg><\/div>\n\t\t\t\t\t\t<\/span>\n\t\t<\/div>\n\t\t\t\t\t\t<\/div>\n\t\t\t\t<\/div>\n\t\t\t\t\t<\/div>\n\t\t\t\t<\/div>\n\t\t<div class=\"elementor-element elementor-element-2ac6f82 e-flex e-con-boxed e-con e-parent\" data-id=\"2ac6f82\" data-element_type=\"container\" data-e-type=\"container\">\n\t\t\t\t\t<div class=\"e-con-inner\">\n\t\t\t\t<div class=\"elementor-element elementor-element-0992bec elementor-grid-3 elementor-grid-tablet-2 elementor-grid-mobile-1 elementor-posts--thumbnail-top elementor-posts--show-avatar elementor-card-shadow-yes elementor-posts__hover-gradient elementor-widget elementor-widget-posts\" data-id=\"0992bec\" data-element_type=\"widget\" data-e-type=\"widget\" data-settings=\"{&quot;cards_columns&quot;:&quot;3&quot;,&quot;cards_columns_tablet&quot;:&quot;2&quot;,&quot;cards_columns_mobile&quot;:&quot;1&quot;,&quot;cards_row_gap&quot;:{&quot;unit&quot;:&quot;px&quot;,&quot;size&quot;:35,&quot;sizes&quot;:[]},&quot;cards_row_gap_tablet&quot;:{&quot;unit&quot;:&quot;px&quot;,&quot;size&quot;:&quot;&quot;,&quot;sizes&quot;:[]},&quot;cards_row_gap_mobile&quot;:{&quot;unit&quot;:&quot;px&quot;,&quot;size&quot;:&quot;&quot;,&quot;sizes&quot;:[]}}\" data-widget_type=\"posts.cards\">\n\t\t\t\t<div class=\"elementor-widget-container\">\n\t\t\t\t\t\t\t<div class=\"elementor-posts-container elementor-posts elementor-posts--skin-cards elementor-grid\" role=\"list\">\n\t\t\t\t<article class=\"elementor-post elementor-grid-item post-9685 post type-post status-publish format-standard has-post-thumbnail hentry category-veranstaltungen-events tag-cabalgata-reyes-costa-blanca tag-gottesdienste-costa-blanca tag-misa-del-gallo-alicante tag-reyes-magos tag-weihnachten-an-der-costa-blanca tag-weihnachten-spanien-braeuche\" role=\"listitem\">\n\t\t\t<div class=\"elementor-post__card\">\n\t\t\t\t<a class=\"elementor-post__thumbnail__link\" href=\"https:\/\/costablanca-magazin.com\/es\/freizeit\/veranstaltungen-events\/weihnachten-costa-blanca-2025-messen-umzuege-reyes\/\" tabindex=\"-1\" ><div class=\"elementor-post__thumbnail\"><img fetchpriority=\"high\" decoding=\"async\" width=\"300\" height=\"169\" src=\"https:\/\/costablanca-magazin.com\/wp-content\/uploads\/2025\/11\/4.png\" class=\"attachment-medium size-medium wp-image-9590\" alt=\"Celebrar la Navidad en la Costa Blanca: ferias, desfiles - Cabalgata de Reyes y rituales locales\" \/><\/div><\/a>\n\t\t\t\t<div class=\"elementor-post__badge\">Eventos<\/div>\n\t\t\t\t<div class=\"elementor-post__avatar\">\n\t\t\t\t\t<\/div>\n\t\t\t\t<div class=\"elementor-post__text\">\n\t\t\t\t<h3 class=\"elementor-post__title\">\n\t\t\t<a href=\"https:\/\/costablanca-magazin.com\/es\/freizeit\/veranstaltungen-events\/weihnachten-costa-blanca-2025-messen-umzuege-reyes\/\" >\n\t\t\t\tNavidad Costa Blanca 2025 - Ferias, cabalgatas y Reyes\t\t\t<\/a>\n\t\t<\/h3>\n\t\t\t\t<\/div>\n\t\t\t\t\t<\/div>\n\t\t<\/article>\n\t\t\t\t<article class=\"elementor-post elementor-grid-item post-9684 post type-post status-publish format-standard has-post-thumbnail hentry category-spezialitaeten-rezepte tag-caldo-con-pelotas tag-puchero-alicante tag-regionale-kueche-weihnachten-spanien tag-turron-xixona tag-weihnachten-an-der-costa-blanca tag-weihnachtsessen-costa-blanca\" role=\"listitem\">\n\t\t\t<div class=\"elementor-post__card\">\n\t\t\t\t<a class=\"elementor-post__thumbnail__link\" href=\"https:\/\/costablanca-magazin.com\/es\/kulinarisches\/spezialitaeten-rezepte\/weihnachtsgerichte-der-costa-blanca-tradition-turron\/\" tabindex=\"-1\" ><div class=\"elementor-post__thumbnail\"><img decoding=\"async\" width=\"300\" height=\"169\" src=\"https:\/\/costablanca-magazin.com\/wp-content\/uploads\/2025\/11\/3.png\" class=\"attachment-medium size-medium wp-image-9589\" alt=\"Platos t\u00edpicos navide\u00f1os de la Costa Blanca: cocina regional y dulces cl\u00e1sicos\" \/><\/div><\/a>\n\t\t\t\t<div class=\"elementor-post__badge\">Especialidades y recetas<\/div>\n\t\t\t\t<div class=\"elementor-post__avatar\">\n\t\t\t\t\t<\/div>\n\t\t\t\t<div class=\"elementor-post__text\">\n\t\t\t\t<h3 class=\"elementor-post__title\">\n\t\t\t<a href=\"https:\/\/costablanca-magazin.com\/es\/kulinarisches\/spezialitaeten-rezepte\/weihnachtsgerichte-der-costa-blanca-tradition-turron\/\" >\n\t\t\t\tPlatos navide\u00f1os de la Costa Blanca - Tradici\u00f3n y Turr\u00f3n\t\t\t<\/a>\n\t\t<\/h3>\n\t\t\t\t<\/div>\n\t\t\t\t\t<\/div>\n\t\t<\/article>\n\t\t\t\t<article class=\"elementor-post elementor-grid-item post-9657 post type-post status-publish format-standard has-post-thumbnail hentry category-veranstaltungen-events tag-alicante-weihnachten tag-altea-mercado-navideno tag-denia-mercat-nadal tag-events-costa-blanca-dezember tag-torrevieja-weihnachten tag-weihnachten-an-der-costa-blanca tag-weihnachtsmarkt-costa-blanca\" role=\"listitem\">\n\t\t\t<div class=\"elementor-post__card\">\n\t\t\t\t<a class=\"elementor-post__thumbnail__link\" href=\"https:\/\/costablanca-magazin.com\/es\/freizeit\/veranstaltungen-events\/weihnachtsmaerkte-costa-blanca-2025-termine-highlights\/\" tabindex=\"-1\" ><div class=\"elementor-post__thumbnail\"><img decoding=\"async\" width=\"300\" height=\"169\" src=\"https:\/\/costablanca-magazin.com\/wp-content\/uploads\/2025\/11\/2.png\" class=\"attachment-medium size-medium wp-image-9588\" alt=\"Mercados navide\u00f1os en la Costa Blanca 2025: fechas, lugares y lo m\u00e1s destacado\" \/><\/div><\/a>\n\t\t\t\t<div class=\"elementor-post__badge\">Eventos<\/div>\n\t\t\t\t<div class=\"elementor-post__avatar\">\n\t\t\t\t\t<\/div>\n\t\t\t\t<div class=\"elementor-post__text\">\n\t\t\t\t<h3 class=\"elementor-post__title\">\n\t\t\t<a href=\"https:\/\/costablanca-magazin.com\/es\/freizeit\/veranstaltungen-events\/weihnachtsmaerkte-costa-blanca-2025-termine-highlights\/\" >\n\t\t\t\tMercados Navide\u00f1os Costa Blanca 2025 - Fechas y Puntos Destacados\t\t\t<\/a>\n\t\t<\/h3>\n\t\t\t\t<\/div>\n\t\t\t\t\t<\/div>\n\t\t<\/article>\n\t\t\t\t<\/div>\n\t\t\n\t\t\t\t\t\t<\/div>\n\t\t\t\t<\/div>\n\t\t\t\t\t<\/div>\n\t\t\t\t<\/div>\n\t\t\t\t<\/div>","protected":false},"excerpt":{"rendered":"<p>Mercados Navide\u00f1os Costa Blanca 2025 - Fechas &amp; Destacados Todos los Mercados Navide\u00f1os 2025 en la Costa Blanca: Altea, D\u00e9nia, Alicante, Torrevieja, J\u00e1vea<\/p>","protected":false},"author":1,"featured_media":9588,"comment_status":"closed","ping_status":"closed","sticky":false,"template":"elementor_header_footer","format":"standard","meta":{"om_disable_all_campaigns":false,"_monsterinsights_skip_tracking":false,"_monsterinsights_sitenote_active":false,"_monsterinsights_sitenote_note":"","_monsterinsights_sitenote_category":0,"footnotes":""},"categories":[23],"tags":[1473,1470,1472,1475,1474,385,1471],"class_list":["post-9657","post","type-post","status-publish","format-standard","has-post-thumbnail","hentry","category-veranstaltungen-events","tag-alicante-weihnachten","tag-altea-mercado-navideno","tag-denia-mercat-nadal","tag-events-costa-blanca-dezember","tag-torrevieja-weihnachten","tag-weihnachten-an-der-costa-blanca","tag-weihnachtsmarkt-costa-blanca"],"aioseo_notices":[],"_links":{"self":[{"href":"https:\/\/costablanca-magazin.com\/es\/wp-json\/wp\/v2\/posts\/9657","targetHints":{"allow":["GET"]}}],"collection":[{"href":"https:\/\/costablanca-magazin.com\/es\/wp-json\/wp\/v2\/posts"}],"about":[{"href":"https:\/\/costablanca-magazin.com\/es\/wp-json\/wp\/v2\/types\/post"}],"author":[{"embeddable":true,"href":"https:\/\/costablanca-magazin.com\/es\/wp-json\/wp\/v2\/users\/1"}],"replies":[{"embeddable":true,"href":"https:\/\/costablanca-magazin.com\/es\/wp-json\/wp\/v2\/comments?post=9657"}],"version-history":[{"count":19,"href":"https:\/\/costablanca-magazin.com\/es\/wp-json\/wp\/v2\/posts\/9657\/revisions"}],"predecessor-version":[{"id":11231,"href":"https:\/\/costablanca-magazin.com\/es\/wp-json\/wp\/v2\/posts\/9657\/revisions\/11231"}],"wp:featuredmedia":[{"embeddable":true,"href":"https:\/\/costablanca-magazin.com\/es\/wp-json\/wp\/v2\/media\/9588"}],"wp:attachment":[{"href":"https:\/\/costablanca-magazin.com\/es\/wp-json\/wp\/v2\/media?parent=9657"}],"wp:term":[{"taxonomy":"category","embeddable":true,"href":"https:\/\/costablanca-magazin.com\/es\/wp-json\/wp\/v2\/categories?post=9657"},{"taxonomy":"post_tag","embeddable":true,"href":"https:\/\/costablanca-magazin.com\/es\/wp-json\/wp\/v2\/tags?post=9657"}],"curies":[{"name":"wp","href":"https:\/\/api.w.org\/{rel}","templated":true}]}}