{"id":9657,"date":"2025-11-23T11:51:31","date_gmt":"2025-11-23T10:51:31","guid":{"rendered":"https:\/\/costablanca-magazin.com\/?p=9657"},"modified":"2026-07-07T09:42:16","modified_gmt":"2026-07-07T07:42:16","slug":"mercados-navidenos-costa-blanca-2025-fechas-destacadas","status":"publish","type":"post","link":"https:\/\/costablanca-magazin.com\/es\/freizeit\/veranstaltungen-events\/weihnachtsmaerkte-costa-blanca-2025-termine-highlights\/","title":{"rendered":"Mercados Navide\u00f1os Costa Blanca 2025 - Fechas y Puntos Destacados"},"content":{"rendered":"<div data-elementor-type=\"wp-post\" data-elementor-id=\"9657\" class=\"elementor elementor-9657\" data-elementor-post-type=\"post\">\n\t\t\t\t<div class=\"elementor-element elementor-element-5978eb3 e-flex e-con-boxed e-con e-parent\" data-id=\"5978eb3\" data-element_type=\"container\" data-e-type=\"container\">\n\t\t\t\t\t<div class=\"e-con-inner\">\n\t\t\t\t<div class=\"elementor-element elementor-element-491b79e elementor-widget elementor-widget-heading\" data-id=\"491b79e\" data-element_type=\"widget\" data-e-type=\"widget\" data-widget_type=\"heading.default\">\n\t\t\t\t<div class=\"elementor-widget-container\">\n\t\t\t\t\t<h1 class=\"elementor-heading-title elementor-size-default\">Mercados Navide\u00f1os Costa Blanca 2025 - Fechas y Puntos Destacados<\/h1>\t\t\t\t<\/div>\n\t\t\t\t<\/div>\n\t\t\t\t<div class=\"elementor-element elementor-element-e7236e1 elementor-widget elementor-widget-heading\" data-id=\"e7236e1\" data-element_type=\"widget\" data-e-type=\"widget\" data-widget_type=\"heading.default\">\n\t\t\t\t<div class=\"elementor-widget-container\">\n\t\t\t\t\t<p class=\"elementor-heading-title elementor-size-default\">Todos los mercadillos navide\u00f1os de 2025 en la Costa Blanca: Altea, D\u00e9nia, Alicante, Torrevieja, J\u00e1vea y m\u00e1s. Fechas, consejos y programas.<\/p>\t\t\t\t<\/div>\n\t\t\t\t<\/div>\n\t\t\t\t<div class=\"elementor-element elementor-element-45d2d9f elementor-widget elementor-widget-image\" data-id=\"45d2d9f\" data-element_type=\"widget\" data-e-type=\"widget\" data-widget_type=\"image.default\">\n\t\t\t\t<div class=\"elementor-widget-container\">\n\t\t\t\t\t\t\t\t\t\t\t\t\t\t\t<img fetchpriority=\"high\" decoding=\"async\" width=\"2560\" height=\"1440\" src=\"https:\/\/costablanca-magazin.com\/wp-content\/uploads\/2025\/11\/2.png\" class=\"attachment-full size-full wp-image-9588\" alt=\"Mercados navide\u00f1os en la Costa Blanca 2025: fechas, lugares y lo m\u00e1s destacado\" \/>\t\t\t\t\t\t\t\t\t\t\t\t\t\t\t<\/div>\n\t\t\t\t<\/div>\n\t\t\t\t\t<\/div>\n\t\t\t\t<\/div>\n\t\t<div class=\"elementor-element elementor-element-d6614cb e-flex e-con-boxed e-con e-parent\" data-id=\"d6614cb\" data-element_type=\"container\" data-e-type=\"container\">\n\t\t\t\t\t<div class=\"e-con-inner\">\n\t\t<div class=\"elementor-element elementor-element-492e70b e-con-full e-flex e-con e-child\" data-id=\"492e70b\" data-element_type=\"container\" data-e-type=\"container\">\n\t\t\t\t<div class=\"elementor-element elementor-element-e549f9f elementor-widget elementor-widget-text-editor\" data-id=\"e549f9f\" data-element_type=\"widget\" data-e-type=\"widget\" data-widget_type=\"text-editor.default\">\n\t\t\t\t<div class=\"elementor-widget-container\">\n\t\t\t\t\t\t\t\t\t<p>Los mercados m\u00e1s importantes desde Denia hasta Torrevieja, incluyendo iluminaci\u00f3n, programas y fechas confirmadas para diciembre de 2025. Desde la artesan\u00eda en Altea hasta los grandes festivales de luces en Alicante: as\u00ed de diferentes son las formas en que los municipios celebran el Adviento.<\/p><p>Los mercados navide\u00f1os de la Costa Blanca no son copias de los modelos del norte de Europa, sino eventos locales que se centran en la artesan\u00eda, las asociaciones y la gastronom\u00eda. Muchos lugares no publican sus programas hasta noviembre, pero el car\u00e1cter sigue siendo similar cada a\u00f1o.<\/p><p><strong>D\u00e9nia<\/strong> inaugura tradicionalmente la temporada a finales de noviembre con el Mercat de Nadal a lo largo de la calle La V\u00eda. Los productores locales, las escuelas y las asociaciones organizan el programa.<\/p><p><strong>J\u00e1vea<\/strong> A principios de diciembre, el paseo mar\u00edtimo se transforma en una variada zona de mercado, con artesan\u00eda, talleres y \u00e1reas para ni\u00f1os.<\/p><p><strong>Altea<\/strong> dirigido por <strong>Del 5 al 8 de diciembre<\/strong> su Mercado Navide\u00f1o, un formato comisariado con puestos seleccionados y acompa\u00f1amiento musical.<\/p><p><strong>Finestrat<\/strong> A mediados de diciembre, su casco antiguo se transforma en un peque\u00f1o pueblo navide\u00f1o. Aunque las fechas exactas var\u00edan cada a\u00f1o, el mercado sigue siendo un punto de referencia regional.<\/p>\t\t\t\t\t\t\t\t<\/div>\n\t\t\t\t<\/div>\n\t\t\t\t<div class=\"elementor-element elementor-element-37a7cd7 elementor-widget elementor-widget-image\" data-id=\"37a7cd7\" data-element_type=\"widget\" data-e-type=\"widget\" data-widget_type=\"image.default\">\n\t\t\t\t<div class=\"elementor-widget-container\">\n\t\t\t\t\t\t\t\t\t\t\t\t\t\t\t<img decoding=\"async\" src=\"https:\/\/costablanca-magazin.com\/wp-content\/uploads\/elementor\/thumbs\/christmas-tree-deocration-baubles-on-market-in-wr-2024-09-25-12-33-08-utc-scaled-rjc4lnj48g3nzpc8yaanch8dy5q7y07a6qycn3nfz4.jpg\" title=\"Mercados navide\u00f1os en la Costa Blanca 2025: fechas, lugares y lo m\u00e1s destacado\" alt=\"Mercados navide\u00f1os en la Costa Blanca 2025: fechas, lugares y aspectos destacados 1\" loading=\"lazy\" \/>\t\t\t\t\t\t\t\t\t\t\t\t\t\t\t<\/div>\n\t\t\t\t<\/div>\n\t\t\t\t<\/div>\n\t\t<div class=\"elementor-element elementor-element-a422fc4 e-con-full e-flex e-con e-child\" data-id=\"a422fc4\" data-element_type=\"container\" data-e-type=\"container\">\n\t\t\t\t<div class=\"elementor-element elementor-element-00eb1de elementor-widget elementor-widget-spacer\" data-id=\"00eb1de\" data-element_type=\"widget\" data-e-type=\"widget\" data-widget_type=\"spacer.default\">\n\t\t\t\t<div class=\"elementor-widget-container\">\n\t\t\t\t\t\t\t<div class=\"elementor-spacer\">\n\t\t\t<div class=\"elementor-spacer-inner\"><\/div>\n\t\t<\/div>\n\t\t\t\t\t\t<\/div>\n\t\t\t\t<\/div>\n\t\t\t\t<div class=\"elementor-element elementor-element-e0cddf3 elementor-widget elementor-widget-image\" data-id=\"e0cddf3\" data-element_type=\"widget\" data-e-type=\"widget\" data-widget_type=\"image.default\">\n\t\t\t\t<div class=\"elementor-widget-container\">\n\t\t\t\t\t\t\t\t\t\t\t\t\t\t\t<img decoding=\"async\" src=\"https:\/\/costablanca-magazin.com\/wp-content\/uploads\/elementor\/thumbs\/christmas-market-lyon-france-place-carnot-2025-01-09-02-58-10-utc-scaled-rjc4ljrrh3ysxk5uqa0dc23jrjguq5ry4z3bqh2i6s.jpg\" title=\"Mercados navide\u00f1os en la Costa Blanca 2025: fechas, lugares y lo m\u00e1s destacado\" alt=\"Mercados navide\u00f1os en la Costa Blanca 2025: fechas, lugares y aspectos destacados 2\" loading=\"lazy\" \/>\t\t\t\t\t\t\t\t\t\t\t\t\t\t\t<\/div>\n\t\t\t\t<\/div>\n\t\t\t\t<div class=\"elementor-element elementor-element-bf09649 elementor-widget elementor-widget-spacer\" data-id=\"bf09649\" data-element_type=\"widget\" data-e-type=\"widget\" data-widget_type=\"spacer.default\">\n\t\t\t\t<div class=\"elementor-widget-container\">\n\t\t\t\t\t\t\t<div class=\"elementor-spacer\">\n\t\t\t<div class=\"elementor-spacer-inner\"><\/div>\n\t\t<\/div>\n\t\t\t\t\t\t<\/div>\n\t\t\t\t<\/div>\n\t\t\t\t<div class=\"elementor-element elementor-element-129842e elementor-widget elementor-widget-text-editor\" data-id=\"129842e\" data-element_type=\"widget\" data-e-type=\"widget\" data-widget_type=\"text-editor.default\">\n\t\t\t\t<div class=\"elementor-widget-container\">\n\t\t\t\t\t\t\t\t\t<p>El Adviento tambi\u00e9n est\u00e1 presente al sur de Alicante: <strong>El Campello<\/strong>, <strong>Santa Pola<\/strong> y <strong>Villajoyosa<\/strong> organizan sus propios formatos de mercado y programas de iluminaci\u00f3n. En <strong>Torrevieja<\/strong> En el Paseo Vista Alegre se crea una zona navide\u00f1a con artesan\u00eda, gastronom\u00eda y un programa de actuaciones. La ciudad ya enciende sus luces. <strong>el 22 de noviembre<\/strong> uno.<\/p><p>El mayor marco lo ofrece <strong>Alicante<\/strong>: Al encender la iluminaci\u00f3n en el <strong>21 de noviembre<\/strong> Comienza un programa que se prolongar\u00e1 hasta enero con el monumental Bel\u00e9n Gigante, la Feria de Navidad en el recinto de Rabasa y numerosos actos en el centro de la ciudad.<\/p><p><strong>Fechas de los mercados navide\u00f1os 2025 <\/strong><\/p><ol start=\"21\"><li><strong> Noviembre \u2013 Alicante:<\/strong> Iluminaci\u00f3n + Montaje Bel\u00e9n Gigante<br \/><strong>22 de noviembre \u2013 Torrevieja:<\/strong> Encendido de las luces navide\u00f1as<br \/><strong>Finales de noviembre \u2013 D\u00e9nia:<\/strong> Mercado de Navidad (centro)<br \/><strong>5-8 de diciembre \u2013 Altea:<\/strong> Mercado navide\u00f1o<br \/><strong>6-8 de diciembre \u2013 J\u00e1vea:<\/strong> Mercado navide\u00f1o del puerto<br \/><strong>5-8 de diciembre \u2013 Calpe:<\/strong> Mercado en el Casco Antiguo<br \/><strong>Dez \u2013 Torrevieja:<\/strong> Zona navide\u00f1a Paseo Vista Alegre<br \/><strong>Diciembre \u2013 El Campello \/ Santa Pola \/ Villajoyosa:<\/strong> Programas de Adviento (las fechas var\u00edan)<\/li><\/ol>\t\t\t\t\t\t\t\t<\/div>\n\t\t\t\t<\/div>\n\t\t\t\t<\/div>\n\t\t\t\t\t<\/div>\n\t\t\t\t<\/div>\n\t\t\t\t<\/div>","protected":false},"excerpt":{"rendered":"<p>Weihnachtsm\u00e4rkte Costa Blanca 2025 \u2013 Termine &amp; Highlights Alle Weihnachtsm\u00e4rkte 2025 an der Costa Blanca: Altea, D\u00e9nia, Alicante, Torrevieja, J\u00e1vea und mehr. Termine, Tipps und Programme. Die wichtigsten M\u00e4rkte von Denia bis Torrevieja \u2013 inklusive Beleuchtungen, Programme und best\u00e4tigter Daten f\u00fcr Dezember 2025. Von Kunsthandwerk in Altea bis zu den gro\u00dfen Lichtfesten in Alicante \u2013 [&hellip;]<\/p>\n","protected":false},"author":4,"featured_media":9588,"comment_status":"closed","ping_status":"closed","sticky":false,"template":"elementor_header_footer","format":"standard","meta":{"footnotes":""},"categories":[23],"tags":[1766,1767],"class_list":["post-9657","post","type-post","status-publish","format-standard","has-post-thumbnail","hentry","category-veranstaltungen-events","tag-feiertage-costa-blanca","tag-maerkte-costa-blanca"],"aioseo_notices":[],"aioseo_head":"\n\t\t<!-- All in One SEO Pro 5.0.1.1 - aioseo.com -->\n\t<meta name=\"description\" content=\"Alle Weihnachtsm\u00e4rkte 2025 an der Costa Blanca: Altea, D\u00e9nia, Alicante, Torrevieja, J\u00e1vea und mehr. Termine, Tipps und Programme.\" \/>\n\t<meta name=\"robots\" content=\"max-snippet:-1, max-image-preview:large, max-video-preview:-1\" \/>\n\t<meta name=\"author\" content=\"Costablanca Magazin Redaktion\"\/>\n\t<link rel=\"canonical\" href=\"https:\/\/costablanca-magazin.com\/es\/freizeit\/veranstaltungen-events\/weihnachtsmaerkte-costa-blanca-2025-termine-highlights\/\" \/>\n\t<meta name=\"generator\" content=\"All in One SEO Pro (AIOSEO) 5.0.1.1\" \/>\n\t\t<meta property=\"og:locale\" content=\"es_ES\" \/>\n\t\t<meta property=\"og:site_name\" content=\"Costa Blanca Magazin\" \/>\n\t\t<meta property=\"og:type\" content=\"article\" \/>\n\t\t<meta property=\"og:title\" content=\"Weihnachtsm\u00e4rkte Costa Blanca 2025 \u2013 Termine &amp;\u2026\" \/>\n\t\t<meta property=\"og:description\" content=\"Alle Weihnachtsm\u00e4rkte 2025 an der Costa Blanca: Altea, D\u00e9nia, Alicante, Torrevieja, J\u00e1vea und mehr. Termine, Tipps und Programme.\" \/>\n\t\t<meta property=\"og:url\" content=\"https:\/\/costablanca-magazin.com\/es\/freizeit\/veranstaltungen-events\/weihnachtsmaerkte-costa-blanca-2025-termine-highlights\/\" \/>\n\t\t<meta property=\"og:image\" content=\"https:\/\/costablanca-magazin.com\/wp-content\/uploads\/2025\/11\/2.png\" \/>\n\t\t<meta property=\"og:image:secure_url\" content=\"https:\/\/costablanca-magazin.com\/wp-content\/uploads\/2025\/11\/2.png\" \/>\n\t\t<meta property=\"og:image:width\" content=\"2560\" \/>\n\t\t<meta property=\"og:image:height\" content=\"1440\" \/>\n\t\t<meta property=\"article:published_time\" content=\"2025-11-23T10:51:31+00:00\" \/>\n\t\t<meta property=\"article:modified_time\" content=\"2026-07-07T07:42:16+00:00\" \/>\n\t\t<meta property=\"article:publisher\" content=\"https:\/\/www.facebook.com\/costablancalifestyle\/\" \/>\n\t\t<meta name=\"twitter:card\" content=\"summary_large_image\" \/>\n\t\t<meta name=\"twitter:title\" content=\"Weihnachtsm\u00e4rkte Costa Blanca 2025 \u2013 Termine &amp;\u2026\" \/>\n\t\t<meta name=\"twitter:description\" content=\"Alle Weihnachtsm\u00e4rkte 2025 an der Costa Blanca: Altea, D\u00e9nia, Alicante, Torrevieja, J\u00e1vea und mehr. Termine, Tipps und Programme.\" \/>\n\t\t<meta name=\"twitter:image\" content=\"https:\/\/costablanca-magazin.com\/wp-content\/uploads\/2025\/11\/2.png\" \/>\n\t\t<script type=\"application\/ld+json\" class=\"aioseo-schema\">\n\t\t\t{\"@context\":\"https:\\\/\\\/schema.org\",\"@graph\":[{\"@type\":\"BreadcrumbList\",\"@id\":\"https:\\\/\\\/costablanca-magazin.com\\\/es\\\/freizeit\\\/veranstaltungen-events\\\/weihnachtsmaerkte-costa-blanca-2025-termine-highlights\\\/#breadcrumblist\",\"itemListElement\":[{\"@type\":\"ListItem\",\"@id\":\"https:\\\/\\\/costablanca-magazin.com\\\/es#listItem\",\"position\":1,\"name\":\"Home\",\"item\":\"https:\\\/\\\/costablanca-magazin.com\\\/es\",\"nextItem\":{\"@type\":\"ListItem\",\"@id\":\"https:\\\/\\\/costablanca-magazin.com\\\/es\\\/tiempo-libre\\\/#listItem\",\"name\":\"Freizeit\"}},{\"@type\":\"ListItem\",\"@id\":\"https:\\\/\\\/costablanca-magazin.com\\\/es\\\/tiempo-libre\\\/#listItem\",\"position\":2,\"name\":\"Freizeit\",\"item\":\"https:\\\/\\\/costablanca-magazin.com\\\/es\\\/tiempo-libre\\\/\",\"nextItem\":{\"@type\":\"ListItem\",\"@id\":\"https:\\\/\\\/costablanca-magazin.com\\\/es\\\/eventos-eventos\\\/#listItem\",\"name\":\"Veranstaltungen &amp; Events\"},\"previousItem\":{\"@type\":\"ListItem\",\"@id\":\"https:\\\/\\\/costablanca-magazin.com\\\/es#listItem\",\"name\":\"Home\"}},{\"@type\":\"ListItem\",\"@id\":\"https:\\\/\\\/costablanca-magazin.com\\\/es\\\/eventos-eventos\\\/#listItem\",\"position\":3,\"name\":\"Veranstaltungen &amp; Events\",\"item\":\"https:\\\/\\\/costablanca-magazin.com\\\/es\\\/eventos-eventos\\\/\",\"nextItem\":{\"@type\":\"ListItem\",\"@id\":\"https:\\\/\\\/costablanca-magazin.com\\\/es\\\/freizeit\\\/veranstaltungen-events\\\/weihnachtsmaerkte-costa-blanca-2025-termine-highlights\\\/#listItem\",\"name\":\"Weihnachtsm\\u00e4rkte Costa Blanca 2025 \\u2013 Termine &amp; Highlights\"},\"previousItem\":{\"@type\":\"ListItem\",\"@id\":\"https:\\\/\\\/costablanca-magazin.com\\\/es\\\/tiempo-libre\\\/#listItem\",\"name\":\"Freizeit\"}},{\"@type\":\"ListItem\",\"@id\":\"https:\\\/\\\/costablanca-magazin.com\\\/es\\\/freizeit\\\/veranstaltungen-events\\\/weihnachtsmaerkte-costa-blanca-2025-termine-highlights\\\/#listItem\",\"position\":4,\"name\":\"Weihnachtsm\\u00e4rkte Costa Blanca 2025 \\u2013 Termine &amp; Highlights\",\"previousItem\":{\"@type\":\"ListItem\",\"@id\":\"https:\\\/\\\/costablanca-magazin.com\\\/es\\\/eventos-eventos\\\/#listItem\",\"name\":\"Veranstaltungen &amp; Events\"}}]},{\"@type\":\"NewsArticle\",\"@id\":\"https:\\\/\\\/costablanca-magazin.com\\\/es\\\/freizeit\\\/veranstaltungen-events\\\/weihnachtsmaerkte-costa-blanca-2025-termine-highlights\\\/#article\",\"name\":\"Weihnachtsm\\u00e4rkte Costa Blanca 2025 \\u2013 Termine & Highlights\",\"headline\":\"Weihnachtsm\\u00e4rkte Costa Blanca 2025 \\u2013 Termine & Highlights\",\"author\":{\"@id\":\"https:\\\/\\\/costablanca-magazin.com\\\/es\\\/author\\\/costablanca-magazin-redaktion\\\/#author\"},\"publisher\":{\"@id\":\"https:\\\/\\\/costablanca-magazin.com\\\/es\\\/#organization\"},\"image\":{\"@type\":\"ImageObject\",\"url\":\"https:\\\/\\\/costablanca-magazin.com\\\/wp-content\\\/uploads\\\/2025\\\/11\\\/2.png\",\"width\":2560,\"height\":1440,\"caption\":\"Weihnachtsm\\u00e4rkte Costa Blanca 2025 \\u2013 Termine & Highlights\"},\"datePublished\":\"2025-11-23T11:51:31+01:00\",\"dateModified\":\"2026-07-07T09:42:16+02:00\",\"inLanguage\":\"es-ES\",\"mainEntityOfPage\":{\"@id\":\"https:\\\/\\\/costablanca-magazin.com\\\/es\\\/freizeit\\\/veranstaltungen-events\\\/weihnachtsmaerkte-costa-blanca-2025-termine-highlights\\\/#webpage\"},\"isPartOf\":{\"@id\":\"https:\\\/\\\/costablanca-magazin.com\\\/es\\\/freizeit\\\/veranstaltungen-events\\\/weihnachtsmaerkte-costa-blanca-2025-termine-highlights\\\/#webpage\"},\"articleSection\":\"Veranstaltungen &amp; Events, Feiertage Costa Blanca, M\\u00e4rkte Costa Blanca\"},{\"@type\":\"Person\",\"@id\":\"https:\\\/\\\/costablanca-magazin.com\\\/es\\\/author\\\/costablanca-magazin-redaktion\\\/#author\",\"url\":\"https:\\\/\\\/costablanca-magazin.com\\\/es\\\/author\\\/costablanca-magazin-redaktion\\\/\",\"name\":\"Costablanca Magazin Redaktion\"},{\"@type\":\"WebPage\",\"@id\":\"https:\\\/\\\/costablanca-magazin.com\\\/es\\\/freizeit\\\/veranstaltungen-events\\\/weihnachtsmaerkte-costa-blanca-2025-termine-highlights\\\/#webpage\",\"url\":\"https:\\\/\\\/costablanca-magazin.com\\\/es\\\/freizeit\\\/veranstaltungen-events\\\/weihnachtsmaerkte-costa-blanca-2025-termine-highlights\\\/\",\"name\":\"Weihnachtsm\\u00e4rkte Costa Blanca 2025 \\u2013 Termine &\\u2026\",\"description\":\"Alle Weihnachtsm\\u00e4rkte 2025 an der Costa Blanca: Altea, D\\u00e9nia, Alicante, Torrevieja, J\\u00e1vea und mehr. Termine, Tipps und Programme.\",\"inLanguage\":\"es-ES\",\"isPartOf\":{\"@id\":\"https:\\\/\\\/costablanca-magazin.com\\\/es\\\/#website\"},\"breadcrumb\":{\"@id\":\"https:\\\/\\\/costablanca-magazin.com\\\/es\\\/freizeit\\\/veranstaltungen-events\\\/weihnachtsmaerkte-costa-blanca-2025-termine-highlights\\\/#breadcrumblist\"},\"author\":{\"@id\":\"https:\\\/\\\/costablanca-magazin.com\\\/es\\\/author\\\/costablanca-magazin-redaktion\\\/#author\"},\"creator\":{\"@id\":\"https:\\\/\\\/costablanca-magazin.com\\\/es\\\/author\\\/costablanca-magazin-redaktion\\\/#author\"},\"image\":{\"@type\":\"ImageObject\",\"url\":\"https:\\\/\\\/costablanca-magazin.com\\\/wp-content\\\/uploads\\\/2025\\\/11\\\/2.png\",\"@id\":\"https:\\\/\\\/costablanca-magazin.com\\\/es\\\/freizeit\\\/veranstaltungen-events\\\/weihnachtsmaerkte-costa-blanca-2025-termine-highlights\\\/#mainImage\",\"width\":2560,\"height\":1440,\"caption\":\"Weihnachtsm\\u00e4rkte Costa Blanca 2025 \\u2013 Termine & Highlights\"},\"primaryImageOfPage\":{\"@id\":\"https:\\\/\\\/costablanca-magazin.com\\\/es\\\/freizeit\\\/veranstaltungen-events\\\/weihnachtsmaerkte-costa-blanca-2025-termine-highlights\\\/#mainImage\"},\"datePublished\":\"2025-11-23T11:51:31+01:00\",\"dateModified\":\"2026-07-07T09:42:16+02:00\",\"mainEntity\":{\"@id\":\"https:\\\/\\\/costablanca-magazin.com\\\/es\\\/freizeit\\\/veranstaltungen-events\\\/weihnachtsmaerkte-costa-blanca-2025-termine-highlights\\\/#article\"}},{\"@type\":\"WebSite\",\"@id\":\"https:\\\/\\\/costablanca-magazin.com\\\/es\\\/#website\",\"url\":\"https:\\\/\\\/costablanca-magazin.com\\\/es\\\/\",\"name\":\"Costa Blanca Magazin\",\"description\":\"Costa Blanca - alles um das Leben und die Freizeit an der K\\u00fcste\",\"inLanguage\":\"es-ES\",\"publisher\":{\"@id\":\"https:\\\/\\\/costablanca-magazin.com\\\/es\\\/#organization\"},\"potentialAction\":{\"@type\":\"SearchAction\",\"target\":\"https:\\\/\\\/costablanca-magazin.com\\\/es\\\/?s={search_term_string}\",\"query-input\":\"required name=search_term_string\"}},{\"@type\":[\"Organization\",\"NewsMediaOrganization\"],\"@id\":\"https:\\\/\\\/costablanca-magazin.com\\\/es\\\/#organization\",\"name\":\"Costa Blanca Magazin\",\"description\":\"Costa Blanca Magazin\",\"url\":\"https:\\\/\\\/costablanca-magazin.com\\\/es\\\/\",\"email\":\"info@costablanca-magazin.com\",\"telephone\":\"+34 663 946 871\",\"logo\":{\"@type\":\"ImageObject\",\"url\":\"https:\\\/\\\/costablanca-magazin.com\\\/wp-content\\\/uploads\\\/2024\\\/05\\\/logo.jpg\",\"@id\":\"https:\\\/\\\/costablanca-magazin.com\\\/es\\\/freizeit\\\/veranstaltungen-events\\\/weihnachtsmaerkte-costa-blanca-2025-termine-highlights\\\/#organizationLogo\",\"width\":1605,\"height\":236,\"caption\":\"Costa Blanca Magazin\"},\"image\":{\"@id\":\"https:\\\/\\\/costablanca-magazin.com\\\/es\\\/freizeit\\\/veranstaltungen-events\\\/weihnachtsmaerkte-costa-blanca-2025-termine-highlights\\\/#organizationLogo\"},\"sameAs\":[\"https:\\\/\\\/www.facebook.com\\\/costablancalifestyle\\\/\",\"https:\\\/\\\/www.instagram.com\\\/costablancamagazin\\\/\"]}]}\n\t\t<\/script>\n\t\t<!-- All in One SEO Pro -->\r\n\t\t<title>Weihnachtsm\u00e4rkte Costa Blanca 2025 \u2013 Termine &amp;\u2026<\/title>\n\n","aioseo_head_json":{"title":"Mercados Navide\u00f1os Costa Blanca 2025 - Fechas y...","description":"Todos los mercadillos navide\u00f1os de 2025 en la Costa Blanca: Altea, D\u00e9nia, Alicante, Torrevieja, J\u00e1vea y m\u00e1s. Fechas, consejos y programas.","canonical_url":"https:\/\/costablanca-magazin.com\/es\/freizeit\/veranstaltungen-events\/weihnachtsmaerkte-costa-blanca-2025-termine-highlights\/","robots":"max-snippet:-1, max-image-preview:large, max-video-preview:-1","keywords":"","webmasterTools":{"miscellaneous":""},"schema":{"@context":"https:\/\/schema.org","@graph":[{"@type":"BreadcrumbList","@id":"https:\/\/costablanca-magazin.com\/es\/freizeit\/veranstaltungen-events\/weihnachtsmaerkte-costa-blanca-2025-termine-highlights\/#breadcrumblist","itemListElement":[{"@type":"ListItem","@id":"https:\/\/costablanca-magazin.com\/es#listItem","position":1,"name":"Home","item":"https:\/\/costablanca-magazin.com\/es","nextItem":{"@type":"ListItem","@id":"https:\/\/costablanca-magazin.com\/es\/tiempo-libre\/#listItem","name":"Freizeit"}},{"@type":"ListItem","@id":"https:\/\/costablanca-magazin.com\/es\/tiempo-libre\/#listItem","position":2,"name":"Freizeit","item":"https:\/\/costablanca-magazin.com\/es\/tiempo-libre\/","nextItem":{"@type":"ListItem","@id":"https:\/\/costablanca-magazin.com\/es\/eventos-eventos\/#listItem","name":"Veranstaltungen &amp; Events"},"previousItem":{"@type":"ListItem","@id":"https:\/\/costablanca-magazin.com\/es#listItem","name":"Home"}},{"@type":"ListItem","@id":"https:\/\/costablanca-magazin.com\/es\/eventos-eventos\/#listItem","position":3,"name":"Veranstaltungen &amp; Events","item":"https:\/\/costablanca-magazin.com\/es\/eventos-eventos\/","nextItem":{"@type":"ListItem","@id":"https:\/\/costablanca-magazin.com\/es\/freizeit\/veranstaltungen-events\/weihnachtsmaerkte-costa-blanca-2025-termine-highlights\/#listItem","name":"Weihnachtsm\u00e4rkte Costa Blanca 2025 \u2013 Termine &amp; Highlights"},"previousItem":{"@type":"ListItem","@id":"https:\/\/costablanca-magazin.com\/es\/tiempo-libre\/#listItem","name":"Freizeit"}},{"@type":"ListItem","@id":"https:\/\/costablanca-magazin.com\/es\/freizeit\/veranstaltungen-events\/weihnachtsmaerkte-costa-blanca-2025-termine-highlights\/#listItem","position":4,"name":"Weihnachtsm\u00e4rkte Costa Blanca 2025 \u2013 Termine &amp; Highlights","previousItem":{"@type":"ListItem","@id":"https:\/\/costablanca-magazin.com\/es\/eventos-eventos\/#listItem","name":"Veranstaltungen &amp; Events"}}]},{"@type":"NewsArticle","@id":"https:\/\/costablanca-magazin.com\/es\/freizeit\/veranstaltungen-events\/weihnachtsmaerkte-costa-blanca-2025-termine-highlights\/#article","name":"Weihnachtsm\u00e4rkte Costa Blanca 2025 \u2013 Termine & Highlights","headline":"Weihnachtsm\u00e4rkte Costa Blanca 2025 \u2013 Termine & Highlights","author":{"@id":"https:\/\/costablanca-magazin.com\/es\/author\/costablanca-magazin-redaktion\/#author"},"publisher":{"@id":"https:\/\/costablanca-magazin.com\/es\/#organization"},"image":{"@type":"ImageObject","url":"https:\/\/costablanca-magazin.com\/wp-content\/uploads\/2025\/11\/2.png","width":2560,"height":1440,"caption":"Weihnachtsm\u00e4rkte Costa Blanca 2025 \u2013 Termine & Highlights"},"datePublished":"2025-11-23T11:51:31+01:00","dateModified":"2026-07-07T09:42:16+02:00","inLanguage":"es-ES","mainEntityOfPage":{"@id":"https:\/\/costablanca-magazin.com\/es\/freizeit\/veranstaltungen-events\/weihnachtsmaerkte-costa-blanca-2025-termine-highlights\/#webpage"},"isPartOf":{"@id":"https:\/\/costablanca-magazin.com\/es\/freizeit\/veranstaltungen-events\/weihnachtsmaerkte-costa-blanca-2025-termine-highlights\/#webpage"},"articleSection":"Veranstaltungen &amp; Events, Feiertage Costa Blanca, M\u00e4rkte Costa Blanca"},{"@type":"Person","@id":"https:\/\/costablanca-magazin.com\/es\/author\/costablanca-magazin-redaktion\/#author","url":"https:\/\/costablanca-magazin.com\/es\/author\/costablanca-magazin-redaktion\/","name":"Costablanca Magazin Redaktion"},{"@type":"WebPage","@id":"https:\/\/costablanca-magazin.com\/es\/freizeit\/veranstaltungen-events\/weihnachtsmaerkte-costa-blanca-2025-termine-highlights\/#webpage","url":"https:\/\/costablanca-magazin.com\/es\/freizeit\/veranstaltungen-events\/weihnachtsmaerkte-costa-blanca-2025-termine-highlights\/","name":"Weihnachtsm\u00e4rkte Costa Blanca 2025 \u2013 Termine &\u2026","description":"Alle Weihnachtsm\u00e4rkte 2025 an der Costa Blanca: Altea, D\u00e9nia, Alicante, Torrevieja, J\u00e1vea und mehr. Termine, Tipps und Programme.","inLanguage":"es-ES","isPartOf":{"@id":"https:\/\/costablanca-magazin.com\/es\/#website"},"breadcrumb":{"@id":"https:\/\/costablanca-magazin.com\/es\/freizeit\/veranstaltungen-events\/weihnachtsmaerkte-costa-blanca-2025-termine-highlights\/#breadcrumblist"},"author":{"@id":"https:\/\/costablanca-magazin.com\/es\/author\/costablanca-magazin-redaktion\/#author"},"creator":{"@id":"https:\/\/costablanca-magazin.com\/es\/author\/costablanca-magazin-redaktion\/#author"},"image":{"@type":"ImageObject","url":"https:\/\/costablanca-magazin.com\/wp-content\/uploads\/2025\/11\/2.png","@id":"https:\/\/costablanca-magazin.com\/es\/freizeit\/veranstaltungen-events\/weihnachtsmaerkte-costa-blanca-2025-termine-highlights\/#mainImage","width":2560,"height":1440,"caption":"Weihnachtsm\u00e4rkte Costa Blanca 2025 \u2013 Termine & Highlights"},"primaryImageOfPage":{"@id":"https:\/\/costablanca-magazin.com\/es\/freizeit\/veranstaltungen-events\/weihnachtsmaerkte-costa-blanca-2025-termine-highlights\/#mainImage"},"datePublished":"2025-11-23T11:51:31+01:00","dateModified":"2026-07-07T09:42:16+02:00","mainEntity":{"@id":"https:\/\/costablanca-magazin.com\/es\/freizeit\/veranstaltungen-events\/weihnachtsmaerkte-costa-blanca-2025-termine-highlights\/#article"}},{"@type":"WebSite","@id":"https:\/\/costablanca-magazin.com\/es\/#website","url":"https:\/\/costablanca-magazin.com\/es\/","name":"Costa Blanca Magazin","description":"Costa Blanca - alles um das Leben und die Freizeit an der K\u00fcste","inLanguage":"es-ES","publisher":{"@id":"https:\/\/costablanca-magazin.com\/es\/#organization"},"potentialAction":{"@type":"SearchAction","target":"https:\/\/costablanca-magazin.com\/es\/?s={search_term_string}","query-input":"required name=search_term_string"}},{"@type":["Organization","NewsMediaOrganization"],"@id":"https:\/\/costablanca-magazin.com\/es\/#organization","name":"Costa Blanca Magazin","description":"Costa Blanca Magazin","url":"https:\/\/costablanca-magazin.com\/es\/","email":"info@costablanca-magazin.com","telephone":"+34 663 946 871","logo":{"@type":"ImageObject","url":"https:\/\/costablanca-magazin.com\/wp-content\/uploads\/2024\/05\/logo.jpg","@id":"https:\/\/costablanca-magazin.com\/es\/freizeit\/veranstaltungen-events\/weihnachtsmaerkte-costa-blanca-2025-termine-highlights\/#organizationLogo","width":1605,"height":236,"caption":"Costa Blanca Magazin"},"image":{"@id":"https:\/\/costablanca-magazin.com\/es\/freizeit\/veranstaltungen-events\/weihnachtsmaerkte-costa-blanca-2025-termine-highlights\/#organizationLogo"},"sameAs":["https:\/\/www.facebook.com\/costablancalifestyle\/","https:\/\/www.instagram.com\/costablancamagazin\/"]}]},"og:locale":"es_ES","og:site_name":"Costa Blanca Magazin","og:type":"article","og:title":"Weihnachtsm\u00e4rkte Costa Blanca 2025 \u2013 Termine &amp;\u2026","og:description":"Alle Weihnachtsm\u00e4rkte 2025 an der Costa Blanca: Altea, D\u00e9nia, Alicante, Torrevieja, J\u00e1vea und mehr. Termine, Tipps und Programme.","og:url":"https:\/\/costablanca-magazin.com\/es\/freizeit\/veranstaltungen-events\/weihnachtsmaerkte-costa-blanca-2025-termine-highlights\/","og:image":"https:\/\/costablanca-magazin.com\/wp-content\/uploads\/2025\/11\/2.png","og:image:secure_url":"https:\/\/costablanca-magazin.com\/wp-content\/uploads\/2025\/11\/2.png","og:image:width":2560,"og:image:height":1440,"article:published_time":"2025-11-23T10:51:31+00:00","article:modified_time":"2026-07-07T07:42:16+00:00","article:publisher":"https:\/\/www.facebook.com\/costablancalifestyle\/","twitter:card":"summary_large_image","twitter:title":"Weihnachtsm\u00e4rkte Costa Blanca 2025 \u2013 Termine &amp;\u2026","twitter:description":"Alle Weihnachtsm\u00e4rkte 2025 an der Costa Blanca: Altea, D\u00e9nia, Alicante, Torrevieja, J\u00e1vea und mehr. Termine, Tipps und Programme.","twitter:image":"https:\/\/costablanca-magazin.com\/wp-content\/uploads\/2025\/11\/2.png"},"aioseo_meta_data":{"post_id":"9657","title":"Mercados Navide\u00f1os Costa Blanca 2025 - Fechas y...","description":"Todos los mercadillos navide\u00f1os de 2025 en la Costa Blanca: Altea, D\u00e9nia, Alicante, Torrevieja, J\u00e1vea y m\u00e1s. Fechas, consejos y programas.","keywords":null,"keyphrases":{"focus":[],"additional":[]},"primary_term":null,"canonical_url":null,"og_title":null,"og_description":null,"og_object_type":"default","og_image_type":"default","og_image_url":null,"og_image_width":null,"og_image_height":null,"og_image_custom_url":null,"og_image_custom_fields":null,"og_video":"","og_custom_url":null,"og_article_section":null,"og_article_tags":null,"twitter_use_og":false,"twitter_card":"default","twitter_image_type":"default","twitter_image_url":null,"twitter_image_custom_url":null,"twitter_image_custom_fields":null,"twitter_title":null,"twitter_description":null,"schema":{"blockGraphs":[],"customGraphs":[],"default":{"data":{"Article":[],"Course":[],"Dataset":[],"FAQPage":[],"Movie":[],"Person":[],"Product":[],"ProductReview":[],"Car":[],"Recipe":[],"Service":[],"SoftwareApplication":[],"WebPage":[]},"graphName":"BlogPosting","isEnabled":true},"graphs":[]},"schema_type":"default","schema_type_options":null,"pillar_content":false,"robots_default":true,"robots_noindex":false,"robots_noarchive":false,"robots_nosnippet":false,"robots_nofollow":false,"robots_noimageindex":false,"robots_noodp":false,"robots_notranslate":false,"robots_max_snippet":"-1","robots_max_videopreview":"-1","robots_max_imagepreview":"large","priority":null,"frequency":"default","local_seo":null,"seo_analyzer_scan_date":"2026-07-07 09:42:44","breadcrumb_settings":null,"limit_modified_date":false,"reviewed_by":null,"open_ai":null,"ai":{"faqs":[],"keyPoints":[],"titles":[],"descriptions":[],"socialPosts":{"email":[],"linkedin":[],"twitter":[],"facebook":[],"instagram":[]}},"created":"2025-11-23 10:47:40","updated":"2026-08-10 07:29:33","focus_keyword":null,"additional_keywords":null,"truseo_locale":null},"aioseo_breadcrumb":"<div class=\"aioseo-breadcrumbs\"><span class=\"aioseo-breadcrumb\">\n\t<a href=\"https:\/\/costablanca-magazin.com\/es\" title=\"Home\">Home<\/a>\n<\/span><span class=\"aioseo-breadcrumb-separator\">&raquo;<\/span><span class=\"aioseo-breadcrumb\">\n\t<a href=\"https:\/\/costablanca-magazin.com\/es\/tiempo-libre\/\" title=\"Freizeit\">Freizeit<\/a>\n<\/span><span class=\"aioseo-breadcrumb-separator\">&raquo;<\/span><span class=\"aioseo-breadcrumb\">\n\t<a href=\"https:\/\/costablanca-magazin.com\/es\/eventos-eventos\/\" title=\"Veranstaltungen &amp; Events\">Veranstaltungen &amp; Events<\/a>\n<\/span><span class=\"aioseo-breadcrumb-separator\">&raquo;<\/span><span class=\"aioseo-breadcrumb\">\n\tWeihnachtsm\u00e4rkte Costa Blanca 2025 \u2013 Termine &amp; Highlights\n<\/span><\/div>","aioseo_breadcrumb_json":[{"label":"Home","link":"https:\/\/costablanca-magazin.com\/es"},{"label":"Freizeit","link":"https:\/\/costablanca-magazin.com\/es\/tiempo-libre\/"},{"label":"Veranstaltungen &amp; Events","link":"https:\/\/costablanca-magazin.com\/es\/eventos-eventos\/"},{"label":"Weihnachtsm\u00e4rkte Costa Blanca 2025 \u2013 Termine &amp; Highlights","link":"https:\/\/costablanca-magazin.com\/es\/freizeit\/veranstaltungen-events\/weihnachtsmaerkte-costa-blanca-2025-termine-highlights\/"}],"_links":{"self":[{"href":"https:\/\/costablanca-magazin.com\/es\/wp-json\/wp\/v2\/posts\/9657","targetHints":{"allow":["GET"]}}],"collection":[{"href":"https:\/\/costablanca-magazin.com\/es\/wp-json\/wp\/v2\/posts"}],"about":[{"href":"https:\/\/costablanca-magazin.com\/es\/wp-json\/wp\/v2\/types\/post"}],"author":[{"embeddable":true,"href":"https:\/\/costablanca-magazin.com\/es\/wp-json\/wp\/v2\/users\/4"}],"replies":[{"embeddable":true,"href":"https:\/\/costablanca-magazin.com\/es\/wp-json\/wp\/v2\/comments?post=9657"}],"version-history":[{"count":19,"href":"https:\/\/costablanca-magazin.com\/es\/wp-json\/wp\/v2\/posts\/9657\/revisions"}],"predecessor-version":[{"id":11231,"href":"https:\/\/costablanca-magazin.com\/es\/wp-json\/wp\/v2\/posts\/9657\/revisions\/11231"}],"wp:featuredmedia":[{"embeddable":true,"href":"https:\/\/costablanca-magazin.com\/es\/wp-json\/wp\/v2\/media\/9588"}],"wp:attachment":[{"href":"https:\/\/costablanca-magazin.com\/es\/wp-json\/wp\/v2\/media?parent=9657"}],"wp:term":[{"taxonomy":"category","embeddable":true,"href":"https:\/\/costablanca-magazin.com\/es\/wp-json\/wp\/v2\/categories?post=9657"},{"taxonomy":"post_tag","embeddable":true,"href":"https:\/\/costablanca-magazin.com\/es\/wp-json\/wp\/v2\/tags?post=9657"}],"curies":[{"name":"wp","href":"https:\/\/api.w.org\/{rel}","templated":true}]}}