{"id":9587,"date":"2025-11-23T11:39:59","date_gmt":"2025-11-23T10:39:59","guid":{"rendered":"https:\/\/costablanca-magazin.com\/?p=9587"},"modified":"2026-07-07T09:42:34","modified_gmt":"2026-07-07T07:42:34","slug":"navidad-2025-en-la-costa-blanca-rituales-de-belenes","status":"publish","type":"post","link":"https:\/\/costablanca-magazin.com\/es\/freizeit\/veranstaltungen-events\/weihnachten-2025-an-der-costa-blanca-krippen-rituale\/","title":{"rendered":"Navidad 2025 en la Costa Blanca - Belenes y rituales"},"content":{"rendered":"<div data-elementor-type=\"wp-post\" data-elementor-id=\"9587\" class=\"elementor elementor-9587\" data-elementor-post-type=\"post\">\n\t\t\t\t<div class=\"elementor-element elementor-element-64f2dfb e-flex e-con-boxed e-con e-parent\" data-id=\"64f2dfb\" data-element_type=\"container\" data-e-type=\"container\">\n\t\t\t\t\t<div class=\"e-con-inner\">\n\t\t\t\t<div class=\"elementor-element elementor-element-ab892f8 elementor-widget elementor-widget-heading\" data-id=\"ab892f8\" data-element_type=\"widget\" data-e-type=\"widget\" data-widget_type=\"heading.default\">\n\t\t\t\t<div class=\"elementor-widget-container\">\n\t\t\t\t\t<h1 class=\"elementor-heading-title elementor-size-default\">Mercados Navide\u00f1os Costa Blanca 2025 - Fechas y Puntos Destacados<\/h1>\t\t\t\t<\/div>\n\t\t\t\t<\/div>\n\t\t\t\t<div class=\"elementor-element elementor-element-baa4808 elementor-widget elementor-widget-heading\" data-id=\"baa4808\" data-element_type=\"widget\" data-e-type=\"widget\" data-widget_type=\"heading.default\">\n\t\t\t\t<div class=\"elementor-widget-container\">\n\t\t\t\t\t<p class=\"elementor-heading-title elementor-size-default\">Todos los mercadillos navide\u00f1os de 2025 en la Costa Blanca: Altea, D\u00e9nia, Alicante, Torrevieja, J\u00e1vea y m\u00e1s. Fechas, consejos y programas.<\/p>\t\t\t\t<\/div>\n\t\t\t\t<\/div>\n\t\t\t\t<div class=\"elementor-element elementor-element-7cf7e11 elementor-widget elementor-widget-image\" data-id=\"7cf7e11\" data-element_type=\"widget\" data-e-type=\"widget\" data-widget_type=\"image.default\">\n\t\t\t\t<div class=\"elementor-widget-container\">\n\t\t\t\t\t\t\t\t\t\t\t\t\t\t\t<img fetchpriority=\"high\" decoding=\"async\" width=\"2560\" height=\"1440\" src=\"https:\/\/costablanca-magazin.com\/wp-content\/uploads\/2025\/11\/2.png\" class=\"attachment-full size-full wp-image-9588\" alt=\"Mercados navide\u00f1os en la Costa Blanca 2025: fechas, lugares y lo m\u00e1s destacado\" \/>\t\t\t\t\t\t\t\t\t\t\t\t\t\t\t<\/div>\n\t\t\t\t<\/div>\n\t\t\t\t\t<\/div>\n\t\t\t\t<\/div>\n\t\t<div class=\"elementor-element elementor-element-4e0b7f2 e-flex e-con-boxed e-con e-parent\" data-id=\"4e0b7f2\" data-element_type=\"container\" data-e-type=\"container\">\n\t\t\t\t\t<div class=\"e-con-inner\">\n\t\t<div class=\"elementor-element elementor-element-b5331f4 e-con-full e-flex e-con e-child\" data-id=\"b5331f4\" data-element_type=\"container\" data-e-type=\"container\">\n\t\t\t\t<div class=\"elementor-element elementor-element-5fea295 elementor-widget elementor-widget-text-editor\" data-id=\"5fea295\" data-element_type=\"widget\" data-e-type=\"widget\" data-widget_type=\"text-editor.default\">\n\t\t\t\t<div class=\"elementor-widget-container\">\n\t\t\t\t\t\t\t\t\t<p>C\u00f3mo organizan las fiestas desde la Marina Alta hasta la Vega Baja, con costumbres regionales, rutinas familiares y un ambiente que ralentiza audiblemente el mes de diciembre.<\/p><p>La temporada de Adviento en la Costa Blanca suele comenzar a finales de noviembre, cuando las primeras comunidades encienden sus luces. El calendario festivo sigue las mismas coordenadas desde hace d\u00e9cadas: En <strong>8 de diciembre<\/strong>, la Inmaculada Concepci\u00f3n, comienza la fase navide\u00f1a. En <strong>6 de enero<\/strong>, El D\u00eda de Reyes, que marca el final de la temporada, es tambi\u00e9n la fiesta familiar m\u00e1s importante del a\u00f1o.<\/p><p>Entre estas fechas se desarrolla un programa que var\u00eda de un lugar a otro, pero que est\u00e1 profundamente arraigado en todas partes. Especialmente visible es el <strong>Cultura de cuna<\/strong>D\u00e9nia, Altea, Benissa, Calpe, Elche, Alicante y Torrevieja montan Belenes cada a\u00f1o, que van desde sencillos establos hasta detallados paisajes en miniatura. Muchos belenes retoman elementos t\u00edpicos de la costa: motivos portuarios, barcos de pesca, campos de naranjos o caba\u00f1as de monta\u00f1a del interior.<\/p>\t\t\t\t\t\t\t\t<\/div>\n\t\t\t\t<\/div>\n\t\t\t\t<div class=\"elementor-element elementor-element-e476caa elementor-widget elementor-widget-gallery\" data-id=\"e476caa\" data-element_type=\"widget\" data-e-type=\"widget\" data-settings=\"{&quot;columns&quot;:3,&quot;gap&quot;:{&quot;unit&quot;:&quot;px&quot;,&quot;size&quot;:2,&quot;sizes&quot;:[]},&quot;aspect_ratio&quot;:&quot;1:1&quot;,&quot;lazyload&quot;:&quot;yes&quot;,&quot;gallery_layout&quot;:&quot;grid&quot;,&quot;columns_tablet&quot;:2,&quot;columns_mobile&quot;:1,&quot;gap_tablet&quot;:{&quot;unit&quot;:&quot;px&quot;,&quot;size&quot;:10,&quot;sizes&quot;:[]},&quot;gap_mobile&quot;:{&quot;unit&quot;:&quot;px&quot;,&quot;size&quot;:10,&quot;sizes&quot;:[]},&quot;link_to&quot;:&quot;file&quot;,&quot;overlay_background&quot;:&quot;yes&quot;,&quot;content_hover_animation&quot;:&quot;fade-in&quot;}\" data-widget_type=\"gallery.default\">\n\t\t\t\t<div class=\"elementor-widget-container\">\n\t\t\t\t\t\t\t<div class=\"elementor-gallery__container\">\n\t\t\t\t\t\t\t<a class=\"e-gallery-item elementor-gallery-item elementor-animated-content\" href=\"https:\/\/costablanca-magazin.com\/wp-content\/uploads\/2025\/11\/religious-figures-of-nativity-scene-at-christmas-2024-10-18-09-43-07-utc-scaled.jpg\" data-elementor-open-lightbox=\"yes\" data-elementor-lightbox-slideshow=\"e476caa\" data-elementor-lightbox-title=\"Weihnachten an der Costa Blanca 2025: Traditionen, Krippen und regionale Br\u00e4uche\" data-elementor-lightbox-description=\"Weihnachten an der Costa Blanca 2025: Traditionen, Krippen und regionale Br\u00e4uche\" data-e-action-hash=\"#elementor-action%3Aaction%3Dlightbox%26settings%3DeyJpZCI6OTY0MSwidXJsIjoiaHR0cHM6XC9cL2Nvc3RhYmxhbmNhLW1hZ2F6aW4uY29tXC93cC1jb250ZW50XC91cGxvYWRzXC8yMDI1XC8xMVwvcmVsaWdpb3VzLWZpZ3VyZXMtb2YtbmF0aXZpdHktc2NlbmUtYXQtY2hyaXN0bWFzLTIwMjQtMTAtMTgtMDktNDMtMDctdXRjLXNjYWxlZC5qcGciLCJzbGlkZXNob3ciOiJlNDc2Y2FhIn0%3D\">\n\t\t\t\t\t<div class=\"e-gallery-image elementor-gallery-item__image\" data-thumbnail=\"https:\/\/costablanca-magazin.com\/wp-content\/uploads\/2025\/11\/religious-figures-of-nativity-scene-at-christmas-2024-10-18-09-43-07-utc-2048x1367.jpg\" data-width=\"2048\" data-height=\"1367\" aria-label=\"W Navidad en la Costa Blanca 2025: tradiciones, belenes y costumbres regionales\" role=\"img\" ><\/div>\n\t\t\t\t\t\t\t\t\t\t\t<div class=\"elementor-gallery-item__overlay\"><\/div>\n\t\t\t\t\t\t\t\t\t\t\t\t\t\t<\/a>\n\t\t\t\t\t\t\t<a class=\"e-gallery-item elementor-gallery-item elementor-animated-content\" href=\"https:\/\/costablanca-magazin.com\/wp-content\/uploads\/2025\/11\/Alicante-Krippe-Belem-18-scaled.jpg\" data-elementor-open-lightbox=\"yes\" data-elementor-lightbox-slideshow=\"e476caa\" data-elementor-lightbox-title=\"Alicante Krippe Belem\" data-elementor-lightbox-description=\"Alicante Krippe Belem\" data-e-action-hash=\"#elementor-action%3Aaction%3Dlightbox%26settings%3DeyJpZCI6OTYwMSwidXJsIjoiaHR0cHM6XC9cL2Nvc3RhYmxhbmNhLW1hZ2F6aW4uY29tXC93cC1jb250ZW50XC91cGxvYWRzXC8yMDI1XC8xMVwvQWxpY2FudGUtS3JpcHBlLUJlbGVtLTE4LXNjYWxlZC5qcGciLCJzbGlkZXNob3ciOiJlNDc2Y2FhIn0%3D\">\n\t\t\t\t\t<div class=\"e-gallery-image elementor-gallery-item__image\" data-thumbnail=\"https:\/\/costablanca-magazin.com\/wp-content\/uploads\/2025\/11\/Alicante-Krippe-Belem-18-1793x2048.jpg\" data-width=\"1793\" data-height=\"2048\" aria-label=\"Alicante Bel\u00e9n Belem 1\" role=\"img\" ><\/div>\n\t\t\t\t\t\t\t\t\t\t\t<div class=\"elementor-gallery-item__overlay\"><\/div>\n\t\t\t\t\t\t\t\t\t\t\t\t\t\t<\/a>\n\t\t\t\t\t\t\t<a class=\"e-gallery-item elementor-gallery-item elementor-animated-content\" href=\"https:\/\/costablanca-magazin.com\/wp-content\/uploads\/2025\/11\/Weihnachtsbeleuchtung-Benidorm-2-scaled.jpg\" data-elementor-open-lightbox=\"yes\" data-elementor-lightbox-slideshow=\"e476caa\" data-elementor-lightbox-title=\"Weihnachtsbeleuchtung Benidorm (2)\" data-elementor-lightbox-description=\"Weihnachtsbeleuchtung Benidorm (2)\" data-e-action-hash=\"#elementor-action%3Aaction%3Dlightbox%26settings%3DeyJpZCI6OTYxNiwidXJsIjoiaHR0cHM6XC9cL2Nvc3RhYmxhbmNhLW1hZ2F6aW4uY29tXC93cC1jb250ZW50XC91cGxvYWRzXC8yMDI1XC8xMVwvV2VpaG5hY2h0c2JlbGV1Y2h0dW5nLUJlbmlkb3JtLTItc2NhbGVkLmpwZyIsInNsaWRlc2hvdyI6ImU0NzZjYWEifQ%3D%3D\">\n\t\t\t\t\t<div class=\"e-gallery-image elementor-gallery-item__image\" data-thumbnail=\"https:\/\/costablanca-magazin.com\/wp-content\/uploads\/2025\/11\/Weihnachtsbeleuchtung-Benidorm-2-2048x1536.jpg\" data-width=\"2048\" data-height=\"1536\" aria-label=\"Luces de Navidad Benidorm (2)\" role=\"img\" ><\/div>\n\t\t\t\t\t\t\t\t\t\t\t<div class=\"elementor-gallery-item__overlay\"><\/div>\n\t\t\t\t\t\t\t\t\t\t\t\t\t\t<\/a>\n\t\t\t\t\t<\/div>\n\t\t\t\t\t<\/div>\n\t\t\t\t<\/div>\n\t\t\t\t<\/div>\n\t\t<div class=\"elementor-element elementor-element-8ea3a46 e-con-full e-flex e-con e-child\" data-id=\"8ea3a46\" data-element_type=\"container\" data-e-type=\"container\">\n\t\t\t\t<div class=\"elementor-element elementor-element-68390cd elementor-widget elementor-widget-gallery\" data-id=\"68390cd\" data-element_type=\"widget\" data-e-type=\"widget\" data-settings=\"{&quot;columns&quot;:3,&quot;gap&quot;:{&quot;unit&quot;:&quot;px&quot;,&quot;size&quot;:2,&quot;sizes&quot;:[]},&quot;aspect_ratio&quot;:&quot;1:1&quot;,&quot;lazyload&quot;:&quot;yes&quot;,&quot;gallery_layout&quot;:&quot;grid&quot;,&quot;columns_tablet&quot;:2,&quot;columns_mobile&quot;:1,&quot;gap_tablet&quot;:{&quot;unit&quot;:&quot;px&quot;,&quot;size&quot;:10,&quot;sizes&quot;:[]},&quot;gap_mobile&quot;:{&quot;unit&quot;:&quot;px&quot;,&quot;size&quot;:10,&quot;sizes&quot;:[]},&quot;link_to&quot;:&quot;file&quot;,&quot;overlay_background&quot;:&quot;yes&quot;,&quot;content_hover_animation&quot;:&quot;fade-in&quot;}\" data-widget_type=\"gallery.default\">\n\t\t\t\t<div class=\"elementor-widget-container\">\n\t\t\t\t\t\t\t<div class=\"elementor-gallery__container\">\n\t\t\t\t\t\t\t<a class=\"e-gallery-item elementor-gallery-item elementor-animated-content\" href=\"https:\/\/costablanca-magazin.com\/wp-content\/uploads\/2025\/11\/Weihnachtsbeleuchtung-Benidorm-19-scaled.jpg\" data-elementor-open-lightbox=\"yes\" data-elementor-lightbox-slideshow=\"68390cd\" data-elementor-lightbox-title=\"Weihnachtsbeleuchtung Benidorm (2)\" data-elementor-lightbox-description=\"Weihnachtsbeleuchtung Benidorm (2)\" data-e-action-hash=\"#elementor-action%3Aaction%3Dlightbox%26settings%3DeyJpZCI6OTYyNiwidXJsIjoiaHR0cHM6XC9cL2Nvc3RhYmxhbmNhLW1hZ2F6aW4uY29tXC93cC1jb250ZW50XC91cGxvYWRzXC8yMDI1XC8xMVwvV2VpaG5hY2h0c2JlbGV1Y2h0dW5nLUJlbmlkb3JtLTE5LXNjYWxlZC5qcGciLCJzbGlkZXNob3ciOiI2ODM5MGNkIn0%3D\">\n\t\t\t\t\t<div class=\"e-gallery-image elementor-gallery-item__image\" data-thumbnail=\"https:\/\/costablanca-magazin.com\/wp-content\/uploads\/2025\/11\/Weihnachtsbeleuchtung-Benidorm-19-scaled.jpg\" data-width=\"2560\" data-height=\"1920\" aria-label=\"Iluminaci\u00f3n navide\u00f1a Benidorm (2) 2\" role=\"img\" ><\/div>\n\t\t\t\t\t\t\t\t\t\t\t<div class=\"elementor-gallery-item__overlay\"><\/div>\n\t\t\t\t\t\t\t\t\t\t\t\t\t\t<\/a>\n\t\t\t\t\t\t\t<a class=\"e-gallery-item elementor-gallery-item elementor-animated-content\" href=\"https:\/\/costablanca-magazin.com\/wp-content\/uploads\/2025\/11\/Alicante-Krippe-Belem-1-scaled.jpg\" data-elementor-open-lightbox=\"yes\" data-elementor-lightbox-slideshow=\"68390cd\" data-elementor-lightbox-title=\"Alicante Krippe Belem (1)\" data-elementor-lightbox-description=\"Alicante Krippe Belem\" data-e-action-hash=\"#elementor-action%3Aaction%3Dlightbox%26settings%3DeyJpZCI6OTU5MiwidXJsIjoiaHR0cHM6XC9cL2Nvc3RhYmxhbmNhLW1hZ2F6aW4uY29tXC93cC1jb250ZW50XC91cGxvYWRzXC8yMDI1XC8xMVwvQWxpY2FudGUtS3JpcHBlLUJlbGVtLTEtc2NhbGVkLmpwZyIsInNsaWRlc2hvdyI6IjY4MzkwY2QifQ%3D%3D\">\n\t\t\t\t\t<div class=\"e-gallery-image elementor-gallery-item__image\" data-thumbnail=\"https:\/\/costablanca-magazin.com\/wp-content\/uploads\/2025\/11\/Alicante-Krippe-Belem-1-scaled.jpg\" data-width=\"2560\" data-height=\"1920\" aria-label=\"Alicante cot Belem\" role=\"img\" ><\/div>\n\t\t\t\t\t\t\t\t\t\t\t<div class=\"elementor-gallery-item__overlay\"><\/div>\n\t\t\t\t\t\t\t\t\t\t\t\t\t\t<\/a>\n\t\t\t\t\t\t\t<a class=\"e-gallery-item elementor-gallery-item elementor-animated-content\" href=\"https:\/\/costablanca-magazin.com\/wp-content\/uploads\/2025\/11\/Weihnachtsbeleuchtung-Benidorm-4-rotated.jpg\" data-elementor-open-lightbox=\"yes\" data-elementor-lightbox-slideshow=\"68390cd\" data-elementor-lightbox-title=\"Weihnachtsbeleuchtung Benidorm (2)\" data-elementor-lightbox-description=\"Weihnachtsbeleuchtung Benidorm (2)\" data-e-action-hash=\"#elementor-action%3Aaction%3Dlightbox%26settings%3DeyJpZCI6OTYxOCwidXJsIjoiaHR0cHM6XC9cL2Nvc3RhYmxhbmNhLW1hZ2F6aW4uY29tXC93cC1jb250ZW50XC91cGxvYWRzXC8yMDI1XC8xMVwvV2VpaG5hY2h0c2JlbGV1Y2h0dW5nLUJlbmlkb3JtLTQtcm90YXRlZC5qcGciLCJzbGlkZXNob3ciOiI2ODM5MGNkIn0%3D\">\n\t\t\t\t\t<div class=\"e-gallery-image elementor-gallery-item__image\" data-thumbnail=\"https:\/\/costablanca-magazin.com\/wp-content\/uploads\/2025\/11\/Weihnachtsbeleuchtung-Benidorm-4-rotated.jpg\" data-width=\"1920\" data-height=\"2560\" aria-label=\"Iluminaci\u00f3n navide\u00f1a Benidorm (2) 1\" role=\"img\" ><\/div>\n\t\t\t\t\t\t\t\t\t\t\t<div class=\"elementor-gallery-item__overlay\"><\/div>\n\t\t\t\t\t\t\t\t\t\t\t\t\t\t<\/a>\n\t\t\t\t\t<\/div>\n\t\t\t\t\t<\/div>\n\t\t\t\t<\/div>\n\t\t\t\t<div class=\"elementor-element elementor-element-2d0a285 elementor-widget elementor-widget-text-editor\" data-id=\"2d0a285\" data-element_type=\"widget\" data-e-type=\"widget\" data-widget_type=\"text-editor.default\">\n\t\t\t\t<div class=\"elementor-widget-container\">\n\t\t\t\t\t\t\t\t\t<p>Tradicionalmente, la Nochebuena se celebra en silencio. La mayor\u00eda de las familias lo celebran en un peque\u00f1o c\u00edrculo y m\u00e1s tarde visitan el <strong>Misa del Gallo<\/strong>, la misa del gallo, acompa\u00f1ada de coros y bandas de m\u00fasica en Altea, Alicante, D\u00e9nia, Villajoyosa y Torrevieja.<\/p><p>En las semanas anteriores y posteriores, las instalaciones luminosas caracterizan el paisaje urbano: el Marqu\u00e9s de Campo de D\u00e9nia, el casco antiguo de Altea, las proyecciones a gran escala de Alicante o los arcos de colores del paseo mar\u00edtimo de Torrevieja. Crean esa mezcla de serenidad mediterr\u00e1nea y ambiente festivo que hace reconocible a la regi\u00f3n cada a\u00f1o en diciembre.<\/p><p><strong>Cunas importantes (Belenes) 2025\/26<br \/><\/strong><\/p><ul><li>Alicante: Bel\u00e9n Gigante - Plaza del Ayuntamiento - 21 Nov - 6 Ene<\/li><li>Elche: Bel\u00e9n Municipal - Casco Antiguo - Finales Nov - 6 Ene<\/li><li>D\u00e9nia: Ayuntamiento-Bel\u00e9n y Centro Social - diciembre - 6 ene<\/li><li>Altea: Bel\u00e9n Art\u00edstico en la Plaza de la Iglesia - Diciembre - 6 Ene<\/li><li>Torrevieja: Bel\u00e9n en el Paseo Vista Alegre - Diciembre - 6 Ene<\/li><\/ul>\t\t\t\t\t\t\t\t<\/div>\n\t\t\t\t<\/div>\n\t\t\t\t<\/div>\n\t\t\t\t\t<\/div>\n\t\t\t\t<\/div>\n\t\t\t\t<\/div>","protected":false},"excerpt":{"rendered":"<p>Weihnachtsm\u00e4rkte Costa Blanca 2025 \u2013 Termine &amp; Highlights Alle Weihnachtsm\u00e4rkte 2025 an der Costa Blanca: Altea, D\u00e9nia, Alicante, Torrevieja, J\u00e1vea und mehr. Termine, Tipps und Programme. Wie Gemeinden von der Marina Alta bis zur Vega Baja die Festtage gestalten \u2013 mit regionalen Br\u00e4uchen, famili\u00e4ren Abl\u00e4ufen und einer Atmosph\u00e4re, die den Dezember h\u00f6rbar entschleunigt. Die Adventszeit [&hellip;]<\/p>\n","protected":false},"author":4,"featured_media":9586,"comment_status":"closed","ping_status":"closed","sticky":false,"template":"elementor_header_footer","format":"standard","meta":{"footnotes":""},"categories":[23],"tags":[1766,1786,1767],"class_list":["post-9587","post","type-post","status-publish","format-standard","has-post-thumbnail","hentry","category-veranstaltungen-events","tag-feiertage-costa-blanca","tag-handwerkskunst-traditionen-costa-blanca","tag-maerkte-costa-blanca"],"aioseo_notices":[],"aioseo_head":"\n\t\t<!-- All in One SEO Pro 5.0.1.1 - aioseo.com -->\n\t<meta name=\"description\" content=\"Weihnachten an der Costa Blanca: Traditionen, Krippen, Beleuchtung und regionale Br\u00e4uche von D\u00e9nia bis Torrevieja.\" \/>\n\t<meta name=\"robots\" content=\"max-snippet:-1, max-image-preview:large, max-video-preview:-1\" \/>\n\t<meta name=\"author\" content=\"Costablanca Magazin Redaktion\"\/>\n\t<link rel=\"canonical\" href=\"https:\/\/costablanca-magazin.com\/es\/freizeit\/veranstaltungen-events\/weihnachten-2025-an-der-costa-blanca-krippen-rituale\/\" \/>\n\t<meta name=\"generator\" content=\"All in One SEO Pro (AIOSEO) 5.0.1.1\" \/>\n\t\t<meta property=\"og:locale\" content=\"es_ES\" \/>\n\t\t<meta property=\"og:site_name\" content=\"Costa Blanca Magazin\" \/>\n\t\t<meta property=\"og:type\" content=\"article\" \/>\n\t\t<meta property=\"og:title\" content=\"Weihnachten 2025 an der Costa Blanca \u2013 Krippen &amp;\u2026\" \/>\n\t\t<meta property=\"og:description\" content=\"Weihnachten an der Costa Blanca: Traditionen, Krippen, Beleuchtung und regionale Br\u00e4uche von D\u00e9nia bis Torrevieja.\" \/>\n\t\t<meta property=\"og:url\" content=\"https:\/\/costablanca-magazin.com\/es\/freizeit\/veranstaltungen-events\/weihnachten-2025-an-der-costa-blanca-krippen-rituale\/\" \/>\n\t\t<meta property=\"og:image\" content=\"https:\/\/costablanca-magazin.com\/wp-content\/uploads\/2025\/11\/1.png\" \/>\n\t\t<meta property=\"og:image:secure_url\" content=\"https:\/\/costablanca-magazin.com\/wp-content\/uploads\/2025\/11\/1.png\" \/>\n\t\t<meta property=\"og:image:width\" content=\"2560\" \/>\n\t\t<meta property=\"og:image:height\" content=\"1440\" \/>\n\t\t<meta property=\"article:published_time\" content=\"2025-11-23T10:39:59+00:00\" \/>\n\t\t<meta property=\"article:modified_time\" content=\"2026-07-07T07:42:34+00:00\" \/>\n\t\t<meta property=\"article:publisher\" content=\"https:\/\/www.facebook.com\/costablancalifestyle\/\" \/>\n\t\t<meta name=\"twitter:card\" content=\"summary_large_image\" \/>\n\t\t<meta name=\"twitter:title\" content=\"Weihnachten 2025 an der Costa Blanca \u2013 Krippen &amp;\u2026\" \/>\n\t\t<meta name=\"twitter:description\" content=\"Weihnachten an der Costa Blanca: Traditionen, Krippen, Beleuchtung und regionale Br\u00e4uche von D\u00e9nia bis Torrevieja.\" \/>\n\t\t<meta name=\"twitter:image\" content=\"https:\/\/costablanca-magazin.com\/wp-content\/uploads\/2025\/11\/1.png\" \/>\n\t\t<script type=\"application\/ld+json\" class=\"aioseo-schema\">\n\t\t\t{\"@context\":\"https:\\\/\\\/schema.org\",\"@graph\":[{\"@type\":\"BreadcrumbList\",\"@id\":\"https:\\\/\\\/costablanca-magazin.com\\\/es\\\/freizeit\\\/veranstaltungen-events\\\/weihnachten-2025-an-der-costa-blanca-krippen-rituale\\\/#breadcrumblist\",\"itemListElement\":[{\"@type\":\"ListItem\",\"@id\":\"https:\\\/\\\/costablanca-magazin.com\\\/es#listItem\",\"position\":1,\"name\":\"Home\",\"item\":\"https:\\\/\\\/costablanca-magazin.com\\\/es\",\"nextItem\":{\"@type\":\"ListItem\",\"@id\":\"https:\\\/\\\/costablanca-magazin.com\\\/es\\\/tiempo-libre\\\/#listItem\",\"name\":\"Freizeit\"}},{\"@type\":\"ListItem\",\"@id\":\"https:\\\/\\\/costablanca-magazin.com\\\/es\\\/tiempo-libre\\\/#listItem\",\"position\":2,\"name\":\"Freizeit\",\"item\":\"https:\\\/\\\/costablanca-magazin.com\\\/es\\\/tiempo-libre\\\/\",\"nextItem\":{\"@type\":\"ListItem\",\"@id\":\"https:\\\/\\\/costablanca-magazin.com\\\/es\\\/eventos-eventos\\\/#listItem\",\"name\":\"Veranstaltungen &amp; Events\"},\"previousItem\":{\"@type\":\"ListItem\",\"@id\":\"https:\\\/\\\/costablanca-magazin.com\\\/es#listItem\",\"name\":\"Home\"}},{\"@type\":\"ListItem\",\"@id\":\"https:\\\/\\\/costablanca-magazin.com\\\/es\\\/eventos-eventos\\\/#listItem\",\"position\":3,\"name\":\"Veranstaltungen &amp; Events\",\"item\":\"https:\\\/\\\/costablanca-magazin.com\\\/es\\\/eventos-eventos\\\/\",\"nextItem\":{\"@type\":\"ListItem\",\"@id\":\"https:\\\/\\\/costablanca-magazin.com\\\/es\\\/freizeit\\\/veranstaltungen-events\\\/weihnachten-2025-an-der-costa-blanca-krippen-rituale\\\/#listItem\",\"name\":\"Weihnachten 2025 an der Costa Blanca \\u2013 Krippen &amp; Rituale\"},\"previousItem\":{\"@type\":\"ListItem\",\"@id\":\"https:\\\/\\\/costablanca-magazin.com\\\/es\\\/tiempo-libre\\\/#listItem\",\"name\":\"Freizeit\"}},{\"@type\":\"ListItem\",\"@id\":\"https:\\\/\\\/costablanca-magazin.com\\\/es\\\/freizeit\\\/veranstaltungen-events\\\/weihnachten-2025-an-der-costa-blanca-krippen-rituale\\\/#listItem\",\"position\":4,\"name\":\"Weihnachten 2025 an der Costa Blanca \\u2013 Krippen &amp; Rituale\",\"previousItem\":{\"@type\":\"ListItem\",\"@id\":\"https:\\\/\\\/costablanca-magazin.com\\\/es\\\/eventos-eventos\\\/#listItem\",\"name\":\"Veranstaltungen &amp; Events\"}}]},{\"@type\":\"NewsArticle\",\"@id\":\"https:\\\/\\\/costablanca-magazin.com\\\/es\\\/freizeit\\\/veranstaltungen-events\\\/weihnachten-2025-an-der-costa-blanca-krippen-rituale\\\/#article\",\"name\":\"Weihnachten 2025 an der Costa Blanca \\u2013 Krippen & Rituale\",\"headline\":\"Weihnachten 2025 an der Costa Blanca \\u2013 Krippen & Rituale\",\"author\":{\"@id\":\"https:\\\/\\\/costablanca-magazin.com\\\/es\\\/author\\\/costablanca-magazin-redaktion\\\/#author\"},\"publisher\":{\"@id\":\"https:\\\/\\\/costablanca-magazin.com\\\/es\\\/#organization\"},\"image\":{\"@type\":\"ImageObject\",\"url\":\"https:\\\/\\\/costablanca-magazin.com\\\/wp-content\\\/uploads\\\/2025\\\/11\\\/1.png\",\"width\":2560,\"height\":1440,\"caption\":\"Weihnachten 2025 an der Costa Blanca \\u2013 Krippen & Rituale\"},\"datePublished\":\"2025-11-23T11:39:59+01:00\",\"dateModified\":\"2026-07-07T09:42:34+02:00\",\"inLanguage\":\"es-ES\",\"mainEntityOfPage\":{\"@id\":\"https:\\\/\\\/costablanca-magazin.com\\\/es\\\/freizeit\\\/veranstaltungen-events\\\/weihnachten-2025-an-der-costa-blanca-krippen-rituale\\\/#webpage\"},\"isPartOf\":{\"@id\":\"https:\\\/\\\/costablanca-magazin.com\\\/es\\\/freizeit\\\/veranstaltungen-events\\\/weihnachten-2025-an-der-costa-blanca-krippen-rituale\\\/#webpage\"},\"articleSection\":\"Veranstaltungen &amp; Events, Feiertage Costa Blanca, Handwerkskunst &amp; Traditionen, M\\u00e4rkte Costa Blanca\"},{\"@type\":\"Person\",\"@id\":\"https:\\\/\\\/costablanca-magazin.com\\\/es\\\/author\\\/costablanca-magazin-redaktion\\\/#author\",\"url\":\"https:\\\/\\\/costablanca-magazin.com\\\/es\\\/author\\\/costablanca-magazin-redaktion\\\/\",\"name\":\"Costablanca Magazin Redaktion\"},{\"@type\":\"WebPage\",\"@id\":\"https:\\\/\\\/costablanca-magazin.com\\\/es\\\/freizeit\\\/veranstaltungen-events\\\/weihnachten-2025-an-der-costa-blanca-krippen-rituale\\\/#webpage\",\"url\":\"https:\\\/\\\/costablanca-magazin.com\\\/es\\\/freizeit\\\/veranstaltungen-events\\\/weihnachten-2025-an-der-costa-blanca-krippen-rituale\\\/\",\"name\":\"Weihnachten 2025 an der Costa Blanca \\u2013 Krippen &\\u2026\",\"description\":\"Weihnachten an der Costa Blanca: Traditionen, Krippen, Beleuchtung und regionale Br\\u00e4uche von D\\u00e9nia bis Torrevieja.\",\"inLanguage\":\"es-ES\",\"isPartOf\":{\"@id\":\"https:\\\/\\\/costablanca-magazin.com\\\/es\\\/#website\"},\"breadcrumb\":{\"@id\":\"https:\\\/\\\/costablanca-magazin.com\\\/es\\\/freizeit\\\/veranstaltungen-events\\\/weihnachten-2025-an-der-costa-blanca-krippen-rituale\\\/#breadcrumblist\"},\"author\":{\"@id\":\"https:\\\/\\\/costablanca-magazin.com\\\/es\\\/author\\\/costablanca-magazin-redaktion\\\/#author\"},\"creator\":{\"@id\":\"https:\\\/\\\/costablanca-magazin.com\\\/es\\\/author\\\/costablanca-magazin-redaktion\\\/#author\"},\"image\":{\"@type\":\"ImageObject\",\"url\":\"https:\\\/\\\/costablanca-magazin.com\\\/wp-content\\\/uploads\\\/2025\\\/11\\\/1.png\",\"@id\":\"https:\\\/\\\/costablanca-magazin.com\\\/es\\\/freizeit\\\/veranstaltungen-events\\\/weihnachten-2025-an-der-costa-blanca-krippen-rituale\\\/#mainImage\",\"width\":2560,\"height\":1440,\"caption\":\"Weihnachten 2025 an der Costa Blanca \\u2013 Krippen & Rituale\"},\"primaryImageOfPage\":{\"@id\":\"https:\\\/\\\/costablanca-magazin.com\\\/es\\\/freizeit\\\/veranstaltungen-events\\\/weihnachten-2025-an-der-costa-blanca-krippen-rituale\\\/#mainImage\"},\"datePublished\":\"2025-11-23T11:39:59+01:00\",\"dateModified\":\"2026-07-07T09:42:34+02:00\",\"mainEntity\":{\"@id\":\"https:\\\/\\\/costablanca-magazin.com\\\/es\\\/freizeit\\\/veranstaltungen-events\\\/weihnachten-2025-an-der-costa-blanca-krippen-rituale\\\/#article\"}},{\"@type\":\"WebSite\",\"@id\":\"https:\\\/\\\/costablanca-magazin.com\\\/es\\\/#website\",\"url\":\"https:\\\/\\\/costablanca-magazin.com\\\/es\\\/\",\"name\":\"Costa Blanca Magazin\",\"description\":\"Costa Blanca - alles um das Leben und die Freizeit an der K\\u00fcste\",\"inLanguage\":\"es-ES\",\"publisher\":{\"@id\":\"https:\\\/\\\/costablanca-magazin.com\\\/es\\\/#organization\"},\"potentialAction\":{\"@type\":\"SearchAction\",\"target\":\"https:\\\/\\\/costablanca-magazin.com\\\/es\\\/?s={search_term_string}\",\"query-input\":\"required name=search_term_string\"}},{\"@type\":[\"Organization\",\"NewsMediaOrganization\"],\"@id\":\"https:\\\/\\\/costablanca-magazin.com\\\/es\\\/#organization\",\"name\":\"Costa Blanca Magazin\",\"description\":\"Costa Blanca Magazin\",\"url\":\"https:\\\/\\\/costablanca-magazin.com\\\/es\\\/\",\"email\":\"info@costablanca-magazin.com\",\"telephone\":\"+34 663 946 871\",\"logo\":{\"@type\":\"ImageObject\",\"url\":\"https:\\\/\\\/costablanca-magazin.com\\\/wp-content\\\/uploads\\\/2024\\\/05\\\/logo.jpg\",\"@id\":\"https:\\\/\\\/costablanca-magazin.com\\\/es\\\/freizeit\\\/veranstaltungen-events\\\/weihnachten-2025-an-der-costa-blanca-krippen-rituale\\\/#organizationLogo\",\"width\":1605,\"height\":236,\"caption\":\"Costa Blanca Magazin\"},\"image\":{\"@id\":\"https:\\\/\\\/costablanca-magazin.com\\\/es\\\/freizeit\\\/veranstaltungen-events\\\/weihnachten-2025-an-der-costa-blanca-krippen-rituale\\\/#organizationLogo\"},\"sameAs\":[\"https:\\\/\\\/www.facebook.com\\\/costablancalifestyle\\\/\",\"https:\\\/\\\/www.instagram.com\\\/costablancamagazin\\\/\"]}]}\n\t\t<\/script>\n\t\t<!-- All in One SEO Pro -->\r\n\t\t<title>Weihnachten 2025 an der Costa Blanca \u2013 Krippen &amp;\u2026<\/title>\n\n","aioseo_head_json":{"title":"Navidad 2025 en la Costa Blanca - Belenes y...","description":"Navidad en la Costa Blanca: tradiciones, belenes, iluminaci\u00f3n y costumbres regionales desde D\u00e9nia hasta Torrevieja.","canonical_url":"https:\/\/costablanca-magazin.com\/es\/freizeit\/veranstaltungen-events\/weihnachten-2025-an-der-costa-blanca-krippen-rituale\/","robots":"max-snippet:-1, max-image-preview:large, max-video-preview:-1","keywords":"","webmasterTools":{"miscellaneous":""},"schema":{"@context":"https:\/\/schema.org","@graph":[{"@type":"BreadcrumbList","@id":"https:\/\/costablanca-magazin.com\/es\/freizeit\/veranstaltungen-events\/weihnachten-2025-an-der-costa-blanca-krippen-rituale\/#breadcrumblist","itemListElement":[{"@type":"ListItem","@id":"https:\/\/costablanca-magazin.com\/es#listItem","position":1,"name":"Home","item":"https:\/\/costablanca-magazin.com\/es","nextItem":{"@type":"ListItem","@id":"https:\/\/costablanca-magazin.com\/es\/tiempo-libre\/#listItem","name":"Freizeit"}},{"@type":"ListItem","@id":"https:\/\/costablanca-magazin.com\/es\/tiempo-libre\/#listItem","position":2,"name":"Freizeit","item":"https:\/\/costablanca-magazin.com\/es\/tiempo-libre\/","nextItem":{"@type":"ListItem","@id":"https:\/\/costablanca-magazin.com\/es\/eventos-eventos\/#listItem","name":"Veranstaltungen &amp; Events"},"previousItem":{"@type":"ListItem","@id":"https:\/\/costablanca-magazin.com\/es#listItem","name":"Home"}},{"@type":"ListItem","@id":"https:\/\/costablanca-magazin.com\/es\/eventos-eventos\/#listItem","position":3,"name":"Veranstaltungen &amp; Events","item":"https:\/\/costablanca-magazin.com\/es\/eventos-eventos\/","nextItem":{"@type":"ListItem","@id":"https:\/\/costablanca-magazin.com\/es\/freizeit\/veranstaltungen-events\/weihnachten-2025-an-der-costa-blanca-krippen-rituale\/#listItem","name":"Weihnachten 2025 an der Costa Blanca \u2013 Krippen &amp; Rituale"},"previousItem":{"@type":"ListItem","@id":"https:\/\/costablanca-magazin.com\/es\/tiempo-libre\/#listItem","name":"Freizeit"}},{"@type":"ListItem","@id":"https:\/\/costablanca-magazin.com\/es\/freizeit\/veranstaltungen-events\/weihnachten-2025-an-der-costa-blanca-krippen-rituale\/#listItem","position":4,"name":"Weihnachten 2025 an der Costa Blanca \u2013 Krippen &amp; Rituale","previousItem":{"@type":"ListItem","@id":"https:\/\/costablanca-magazin.com\/es\/eventos-eventos\/#listItem","name":"Veranstaltungen &amp; Events"}}]},{"@type":"NewsArticle","@id":"https:\/\/costablanca-magazin.com\/es\/freizeit\/veranstaltungen-events\/weihnachten-2025-an-der-costa-blanca-krippen-rituale\/#article","name":"Weihnachten 2025 an der Costa Blanca \u2013 Krippen & Rituale","headline":"Weihnachten 2025 an der Costa Blanca \u2013 Krippen & Rituale","author":{"@id":"https:\/\/costablanca-magazin.com\/es\/author\/costablanca-magazin-redaktion\/#author"},"publisher":{"@id":"https:\/\/costablanca-magazin.com\/es\/#organization"},"image":{"@type":"ImageObject","url":"https:\/\/costablanca-magazin.com\/wp-content\/uploads\/2025\/11\/1.png","width":2560,"height":1440,"caption":"Weihnachten 2025 an der Costa Blanca \u2013 Krippen & Rituale"},"datePublished":"2025-11-23T11:39:59+01:00","dateModified":"2026-07-07T09:42:34+02:00","inLanguage":"es-ES","mainEntityOfPage":{"@id":"https:\/\/costablanca-magazin.com\/es\/freizeit\/veranstaltungen-events\/weihnachten-2025-an-der-costa-blanca-krippen-rituale\/#webpage"},"isPartOf":{"@id":"https:\/\/costablanca-magazin.com\/es\/freizeit\/veranstaltungen-events\/weihnachten-2025-an-der-costa-blanca-krippen-rituale\/#webpage"},"articleSection":"Veranstaltungen &amp; Events, Feiertage Costa Blanca, Handwerkskunst &amp; Traditionen, M\u00e4rkte Costa Blanca"},{"@type":"Person","@id":"https:\/\/costablanca-magazin.com\/es\/author\/costablanca-magazin-redaktion\/#author","url":"https:\/\/costablanca-magazin.com\/es\/author\/costablanca-magazin-redaktion\/","name":"Costablanca Magazin Redaktion"},{"@type":"WebPage","@id":"https:\/\/costablanca-magazin.com\/es\/freizeit\/veranstaltungen-events\/weihnachten-2025-an-der-costa-blanca-krippen-rituale\/#webpage","url":"https:\/\/costablanca-magazin.com\/es\/freizeit\/veranstaltungen-events\/weihnachten-2025-an-der-costa-blanca-krippen-rituale\/","name":"Weihnachten 2025 an der Costa Blanca \u2013 Krippen &\u2026","description":"Weihnachten an der Costa Blanca: Traditionen, Krippen, Beleuchtung und regionale Br\u00e4uche von D\u00e9nia bis Torrevieja.","inLanguage":"es-ES","isPartOf":{"@id":"https:\/\/costablanca-magazin.com\/es\/#website"},"breadcrumb":{"@id":"https:\/\/costablanca-magazin.com\/es\/freizeit\/veranstaltungen-events\/weihnachten-2025-an-der-costa-blanca-krippen-rituale\/#breadcrumblist"},"author":{"@id":"https:\/\/costablanca-magazin.com\/es\/author\/costablanca-magazin-redaktion\/#author"},"creator":{"@id":"https:\/\/costablanca-magazin.com\/es\/author\/costablanca-magazin-redaktion\/#author"},"image":{"@type":"ImageObject","url":"https:\/\/costablanca-magazin.com\/wp-content\/uploads\/2025\/11\/1.png","@id":"https:\/\/costablanca-magazin.com\/es\/freizeit\/veranstaltungen-events\/weihnachten-2025-an-der-costa-blanca-krippen-rituale\/#mainImage","width":2560,"height":1440,"caption":"Weihnachten 2025 an der Costa Blanca \u2013 Krippen & Rituale"},"primaryImageOfPage":{"@id":"https:\/\/costablanca-magazin.com\/es\/freizeit\/veranstaltungen-events\/weihnachten-2025-an-der-costa-blanca-krippen-rituale\/#mainImage"},"datePublished":"2025-11-23T11:39:59+01:00","dateModified":"2026-07-07T09:42:34+02:00","mainEntity":{"@id":"https:\/\/costablanca-magazin.com\/es\/freizeit\/veranstaltungen-events\/weihnachten-2025-an-der-costa-blanca-krippen-rituale\/#article"}},{"@type":"WebSite","@id":"https:\/\/costablanca-magazin.com\/es\/#website","url":"https:\/\/costablanca-magazin.com\/es\/","name":"Costa Blanca Magazin","description":"Costa Blanca - alles um das Leben und die Freizeit an der K\u00fcste","inLanguage":"es-ES","publisher":{"@id":"https:\/\/costablanca-magazin.com\/es\/#organization"},"potentialAction":{"@type":"SearchAction","target":"https:\/\/costablanca-magazin.com\/es\/?s={search_term_string}","query-input":"required name=search_term_string"}},{"@type":["Organization","NewsMediaOrganization"],"@id":"https:\/\/costablanca-magazin.com\/es\/#organization","name":"Costa Blanca Magazin","description":"Costa Blanca Magazin","url":"https:\/\/costablanca-magazin.com\/es\/","email":"info@costablanca-magazin.com","telephone":"+34 663 946 871","logo":{"@type":"ImageObject","url":"https:\/\/costablanca-magazin.com\/wp-content\/uploads\/2024\/05\/logo.jpg","@id":"https:\/\/costablanca-magazin.com\/es\/freizeit\/veranstaltungen-events\/weihnachten-2025-an-der-costa-blanca-krippen-rituale\/#organizationLogo","width":1605,"height":236,"caption":"Costa Blanca Magazin"},"image":{"@id":"https:\/\/costablanca-magazin.com\/es\/freizeit\/veranstaltungen-events\/weihnachten-2025-an-der-costa-blanca-krippen-rituale\/#organizationLogo"},"sameAs":["https:\/\/www.facebook.com\/costablancalifestyle\/","https:\/\/www.instagram.com\/costablancamagazin\/"]}]},"og:locale":"es_ES","og:site_name":"Costa Blanca Magazin","og:type":"article","og:title":"Weihnachten 2025 an der Costa Blanca \u2013 Krippen &amp;\u2026","og:description":"Weihnachten an der Costa Blanca: Traditionen, Krippen, Beleuchtung und regionale Br\u00e4uche von D\u00e9nia bis Torrevieja.","og:url":"https:\/\/costablanca-magazin.com\/es\/freizeit\/veranstaltungen-events\/weihnachten-2025-an-der-costa-blanca-krippen-rituale\/","og:image":"https:\/\/costablanca-magazin.com\/wp-content\/uploads\/2025\/11\/1.png","og:image:secure_url":"https:\/\/costablanca-magazin.com\/wp-content\/uploads\/2025\/11\/1.png","og:image:width":2560,"og:image:height":1440,"article:published_time":"2025-11-23T10:39:59+00:00","article:modified_time":"2026-07-07T07:42:34+00:00","article:publisher":"https:\/\/www.facebook.com\/costablancalifestyle\/","twitter:card":"summary_large_image","twitter:title":"Weihnachten 2025 an der Costa Blanca \u2013 Krippen &amp;\u2026","twitter:description":"Weihnachten an der Costa Blanca: Traditionen, Krippen, Beleuchtung und regionale Br\u00e4uche von D\u00e9nia bis Torrevieja.","twitter:image":"https:\/\/costablanca-magazin.com\/wp-content\/uploads\/2025\/11\/1.png"},"aioseo_meta_data":{"post_id":"9587","title":"Navidad 2025 en la Costa Blanca - Belenes y...","description":"Navidad en la Costa Blanca: tradiciones, belenes, iluminaci\u00f3n y costumbres regionales desde D\u00e9nia hasta Torrevieja.","keywords":null,"keyphrases":{"focus":[],"additional":[]},"primary_term":null,"canonical_url":null,"og_title":null,"og_description":null,"og_object_type":"default","og_image_type":"default","og_image_url":null,"og_image_width":null,"og_image_height":null,"og_image_custom_url":null,"og_image_custom_fields":null,"og_video":"","og_custom_url":null,"og_article_section":null,"og_article_tags":null,"twitter_use_og":false,"twitter_card":"default","twitter_image_type":"default","twitter_image_url":null,"twitter_image_custom_url":null,"twitter_image_custom_fields":null,"twitter_title":null,"twitter_description":null,"schema":{"blockGraphs":[],"customGraphs":[],"default":{"data":{"Article":[],"Course":[],"Dataset":[],"FAQPage":[],"Movie":[],"Person":[],"Product":[],"ProductReview":[],"Car":[],"Recipe":[],"Service":[],"SoftwareApplication":[],"WebPage":[]},"graphName":"BlogPosting","isEnabled":true},"graphs":[]},"schema_type":"default","schema_type_options":null,"pillar_content":false,"robots_default":true,"robots_noindex":false,"robots_noarchive":false,"robots_nosnippet":false,"robots_nofollow":false,"robots_noimageindex":false,"robots_noodp":false,"robots_notranslate":false,"robots_max_snippet":"-1","robots_max_videopreview":"-1","robots_max_imagepreview":"large","priority":null,"frequency":"default","local_seo":null,"seo_analyzer_scan_date":"2026-07-07 10:00:07","breadcrumb_settings":null,"limit_modified_date":false,"reviewed_by":null,"open_ai":null,"ai":{"faqs":[],"keyPoints":[],"titles":[],"descriptions":[],"socialPosts":{"email":[],"linkedin":[],"twitter":[],"facebook":[],"instagram":[]}},"created":"2025-11-23 10:29:55","updated":"2026-08-10 07:29:34","focus_keyword":null,"additional_keywords":null,"truseo_locale":null},"aioseo_breadcrumb":"<div class=\"aioseo-breadcrumbs\"><span class=\"aioseo-breadcrumb\">\n\t<a href=\"https:\/\/costablanca-magazin.com\/es\" title=\"Home\">Home<\/a>\n<\/span><span class=\"aioseo-breadcrumb-separator\">&raquo;<\/span><span class=\"aioseo-breadcrumb\">\n\t<a href=\"https:\/\/costablanca-magazin.com\/es\/tiempo-libre\/\" title=\"Freizeit\">Freizeit<\/a>\n<\/span><span class=\"aioseo-breadcrumb-separator\">&raquo;<\/span><span class=\"aioseo-breadcrumb\">\n\t<a href=\"https:\/\/costablanca-magazin.com\/es\/eventos-eventos\/\" title=\"Veranstaltungen &amp; Events\">Veranstaltungen &amp; Events<\/a>\n<\/span><span class=\"aioseo-breadcrumb-separator\">&raquo;<\/span><span class=\"aioseo-breadcrumb\">\n\tWeihnachten 2025 an der Costa Blanca \u2013 Krippen &amp; Rituale\n<\/span><\/div>","aioseo_breadcrumb_json":[{"label":"Home","link":"https:\/\/costablanca-magazin.com\/es"},{"label":"Freizeit","link":"https:\/\/costablanca-magazin.com\/es\/tiempo-libre\/"},{"label":"Veranstaltungen &amp; Events","link":"https:\/\/costablanca-magazin.com\/es\/eventos-eventos\/"},{"label":"Weihnachten 2025 an der Costa Blanca \u2013 Krippen &amp; Rituale","link":"https:\/\/costablanca-magazin.com\/es\/freizeit\/veranstaltungen-events\/weihnachten-2025-an-der-costa-blanca-krippen-rituale\/"}],"_links":{"self":[{"href":"https:\/\/costablanca-magazin.com\/es\/wp-json\/wp\/v2\/posts\/9587","targetHints":{"allow":["GET"]}}],"collection":[{"href":"https:\/\/costablanca-magazin.com\/es\/wp-json\/wp\/v2\/posts"}],"about":[{"href":"https:\/\/costablanca-magazin.com\/es\/wp-json\/wp\/v2\/types\/post"}],"author":[{"embeddable":true,"href":"https:\/\/costablanca-magazin.com\/es\/wp-json\/wp\/v2\/users\/4"}],"replies":[{"embeddable":true,"href":"https:\/\/costablanca-magazin.com\/es\/wp-json\/wp\/v2\/comments?post=9587"}],"version-history":[{"count":34,"href":"https:\/\/costablanca-magazin.com\/es\/wp-json\/wp\/v2\/posts\/9587\/revisions"}],"predecessor-version":[{"id":11234,"href":"https:\/\/costablanca-magazin.com\/es\/wp-json\/wp\/v2\/posts\/9587\/revisions\/11234"}],"wp:featuredmedia":[{"embeddable":true,"href":"https:\/\/costablanca-magazin.com\/es\/wp-json\/wp\/v2\/media\/9586"}],"wp:attachment":[{"href":"https:\/\/costablanca-magazin.com\/es\/wp-json\/wp\/v2\/media?parent=9587"}],"wp:term":[{"taxonomy":"category","embeddable":true,"href":"https:\/\/costablanca-magazin.com\/es\/wp-json\/wp\/v2\/categories?post=9587"},{"taxonomy":"post_tag","embeddable":true,"href":"https:\/\/costablanca-magazin.com\/es\/wp-json\/wp\/v2\/tags?post=9587"}],"curies":[{"name":"wp","href":"https:\/\/api.w.org\/{rel}","templated":true}]}}