{"id":9496,"date":"2025-11-24T09:00:00","date_gmt":"2025-11-24T08:00:00","guid":{"rendered":"https:\/\/costablanca-magazin.com\/?p=9496"},"modified":"2026-03-09T08:32:39","modified_gmt":"2026-03-09T07:32:39","slug":"gestion-inteligente-del-agua-en-la-costa-blanca","status":"publish","type":"post","link":"https:\/\/costablanca-magazin.com\/es\/lokales\/infos\/intelligentes-wassermanagement-an-der-costa-blanca\/","title":{"rendered":"Gesti\u00f3n inteligente del agua en la Costa Blanca"},"content":{"rendered":"<div data-elementor-type=\"wp-post\" data-elementor-id=\"9496\" class=\"elementor elementor-9496\" data-elementor-post-type=\"post\">\n\t\t\t\t<div class=\"elementor-element elementor-element-57e0db1 e-flex e-con-boxed e-con e-parent\" data-id=\"57e0db1\" data-element_type=\"container\" data-e-type=\"container\">\n\t\t\t\t\t<div class=\"e-con-inner\">\n\t\t\t\t<div class=\"elementor-element elementor-element-56828e3 elementor-widget elementor-widget-heading\" data-id=\"56828e3\" data-element_type=\"widget\" data-e-type=\"widget\" data-widget_type=\"heading.default\">\n\t\t\t\t<div class=\"elementor-widget-container\">\n\t\t\t\t\t<h1 class=\"elementor-heading-title elementor-size-default\">Gesti\u00f3n inteligente del agua en la Costa Blanca<\/h1>\t\t\t\t<\/div>\n\t\t\t\t<\/div>\n\t\t\t\t<div class=\"elementor-element elementor-element-8f85659 elementor-widget elementor-widget-image\" data-id=\"8f85659\" data-element_type=\"widget\" data-e-type=\"widget\" data-widget_type=\"image.default\">\n\t\t\t\t<div class=\"elementor-widget-container\">\n\t\t\t\t\t\t\t\t\t\t\t\t\t\t\t<img decoding=\"async\" src=\"https:\/\/costablanca-magazin.com\/wp-content\/uploads\/elementor\/thumbs\/be-water-wise-2025-04-05-16-36-59-utc-rjc4vf2r8hgmdkhgrgwvzglrxcde9uzawc7143wpt8.jpg\" title=\"De D\u00e9nia a Benidorm: as\u00ed organiza la Costa Blanca los ciclos del agua, la desalinizaci\u00f3n y la reutilizaci\u00f3n para un futuro sostenible.\" alt=\"De D\u00e9nia a Benidorm: as\u00ed organiza la Costa Blanca los ciclos del agua, la desalinizaci\u00f3n y la reutilizaci\u00f3n para un futuro sostenible.\" loading=\"lazy\" \/>\t\t\t\t\t\t\t\t\t\t\t\t\t\t\t<\/div>\n\t\t\t\t<\/div>\n\t\t\t\t\t<\/div>\n\t\t\t\t<\/div>\n\t\t<div class=\"elementor-element elementor-element-0337694 e-flex e-con-boxed e-con e-parent\" data-id=\"0337694\" data-element_type=\"container\" data-e-type=\"container\">\n\t\t\t\t\t<div class=\"e-con-inner\">\n\t\t\t\t<div class=\"elementor-element elementor-element-fd77567 elementor-widget elementor-widget-heading\" data-id=\"fd77567\" data-element_type=\"widget\" data-e-type=\"widget\" data-widget_type=\"heading.default\">\n\t\t\t\t<div class=\"elementor-widget-container\">\n\t\t\t\t\t<h2 class=\"elementor-heading-title elementor-size-default\">De D\u00e9nia a Benidorm: as\u00ed organiza la Costa Blanca los ciclos del agua, la desalinizaci\u00f3n y la reutilizaci\u00f3n para un futuro sostenible.<\/h2>\t\t\t\t<\/div>\n\t\t\t\t<\/div>\n\t\t\t\t\t<\/div>\n\t\t\t\t<\/div>\n\t\t<div class=\"elementor-element elementor-element-84f5b59 e-flex e-con-boxed e-con e-parent\" data-id=\"84f5b59\" data-element_type=\"container\" data-e-type=\"container\">\n\t\t\t\t\t<div class=\"e-con-inner\">\n\t\t<div class=\"elementor-element elementor-element-118f478 e-con-full e-flex e-con e-child\" data-id=\"118f478\" data-element_type=\"container\" data-e-type=\"container\">\n\t\t\t\t<div class=\"elementor-element elementor-element-f68f316 elementor-widget elementor-widget-text-editor\" data-id=\"f68f316\" data-element_type=\"widget\" data-e-type=\"widget\" data-widget_type=\"text-editor.default\">\n\t\t\t\t<div class=\"elementor-widget-container\">\n\t\t\t\t\t\t\t\t\t<p>El agua ya no es algo que se pueda dar por sentado en la Costa Blanca. Entre D\u00e9nia y Villajoyosa se ha producido en los \u00faltimos a\u00f1os un cambio silencioso pero fundamental: se ha pasado del uso tradicional a la gesti\u00f3n sistem\u00e1tica del agua. Los municipios, los agricultores y los ingenieros trabajan juntos para utilizar cada gota de forma m\u00e1s eficiente.<\/p><p>La Marina Baixa es reconocida en toda Europa como un ejemplo de gesti\u00f3n inteligente del agua y de funcionamiento de los sistemas de recirculaci\u00f3n. El Consorcio de Aguas de la Marina Baixa lleva d\u00e9cadas combinando el turismo, la agricultura y el abastecimiento municipal. Las aguas residuales depuradas de Benidorm se entregan a los agricultores, que las utilizan para regar plantaciones de c\u00edtricos y almendros tras someterlas a una depuraci\u00f3n de \u00faltima generaci\u00f3n. <br \/>Seg\u00fan datos de las autoridades regionales responsables del agua, hoy en d\u00eda una parte considerable del agua vuelve al ciclo; algunos estudios hablan de alrededor de un tercio. Las p\u00e9rdidas registradas en la red son de alrededor del cinco por ciento o menos, lo que las sit\u00faa entre las m\u00e1s bajas de Europa.<\/p><p>En la Marina Alta se avecina una nueva ola de modernizaci\u00f3n. D\u00e9nia y X\u00e0bia, junto con la empresa estatal de infraestructuras ACUAMED, est\u00e1n impulsando nuevos proyectos de desalinizaci\u00f3n que se llevar\u00e1n a cabo en los pr\u00f3ximos a\u00f1os. En X\u00e0bia, la planta existente pasar\u00e1 a manos municipales, lo que supondr\u00e1 un paso adelante en materia de control y seguridad del suministro. Paralelamente, se renovar\u00e1n las redes de tuber\u00edas y se ampliar\u00e1n los dep\u00f3sitos de almacenamiento para poder superar mejor los periodos de sequ\u00eda.<br \/>El agua tambi\u00e9n desempe\u00f1a un papel fundamental en la sostenibilidad de la agricultura. Cada vez m\u00e1s explotaciones apuestan por el riego por goteo y por sensores.,<\/p>\t\t\t\t\t\t\t\t<\/div>\n\t\t\t\t<\/div>\n\t\t\t\t<\/div>\n\t\t<div class=\"elementor-element elementor-element-c41f794 e-con-full e-flex e-con e-child\" data-id=\"c41f794\" data-element_type=\"container\" data-e-type=\"container\">\n\t\t\t\t<div class=\"elementor-element elementor-element-7a4e1e1 elementor-widget elementor-widget-text-editor\" data-id=\"7a4e1e1\" data-element_type=\"widget\" data-e-type=\"widget\" data-widget_type=\"text-editor.default\">\n\t\t\t\t<div class=\"elementor-widget-container\">\n\t\t\t\t\t\t\t\t\t<p>que controla la humedad y los nutrientes con precisi\u00f3n milim\u00e9trica. Esto se ve respaldado por programas de fomento de la PAC e iniciativas regionales que promueven el uso de tecnolog\u00edas de ahorro de agua. Las instalaciones privadas de retenci\u00f3n de agua de lluvia tambi\u00e9n son cada vez m\u00e1s populares, no por obligaci\u00f3n, sino por convicci\u00f3n.<\/p><p>Las ciudades y los municipios tambi\u00e9n siguen invirtiendo. Benidorm est\u00e1 trabajando en un plan maestro para el uso de agua tratada para la limpieza y el riego, y est\u00e1 probando soluciones de almacenamiento subterr\u00e1neo. Altea y Calpe invierten en la reutilizaci\u00f3n de las llamadas \u201eaguas verdes\u201c, agua depurada que se utiliza para el cuidado de las zonas verdes p\u00fablicas. La Generalitat Valenciana persigue un objetivo ambicioso: aumentar la proporci\u00f3n de agua reutilizada hasta casi el 45 % en 2030.<\/p><p>Los \u00faltimos a\u00f1os han demostrado que la sequ\u00eda ya no es una situaci\u00f3n excepcional, sino parte de la realidad. En consecuencia, la actitud ha cambiado: el agua no es solo un recurso, sino una t\u00e9cnica cultural. Entre Marina Alta y Marina Baixa est\u00e1 surgiendo una conciencia que combina el equilibrio ecol\u00f3gico y la innovaci\u00f3n tecnol\u00f3gica, y muestra c\u00f3mo puede ser el futuro en el sur de Europa.<\/p><p><strong>\u25b6 En el pr\u00f3ximo art\u00edculo de esta serie<\/strong><br \/>C\u00f3mo el sol y la comunidad generan nueva energ\u00eda, y por qu\u00e9 la Costa Blanca lleva tiempo abasteci\u00e9ndose por s\u00ed misma.<\/p>\t\t\t\t\t\t\t\t<\/div>\n\t\t\t\t<\/div>\n\t\t\t\t<\/div>\n\t\t\t\t\t<\/div>\n\t\t\t\t<\/div>\n\t\t<div class=\"elementor-element elementor-element-352b2df e-flex e-con-boxed e-con e-parent\" data-id=\"352b2df\" data-element_type=\"container\" data-e-type=\"container\">\n\t\t\t\t\t<div class=\"e-con-inner\">\n\t\t\t\t<div class=\"elementor-element elementor-element-5687ea9 elementor-widget-divider--view-line elementor-widget elementor-widget-divider\" data-id=\"5687ea9\" data-element_type=\"widget\" data-e-type=\"widget\" data-widget_type=\"divider.default\">\n\t\t\t\t<div class=\"elementor-widget-container\">\n\t\t\t\t\t\t\t<div class=\"elementor-divider\">\n\t\t\t<span class=\"elementor-divider-separator\">\n\t\t\t\t\t\t<\/span>\n\t\t<\/div>\n\t\t\t\t\t\t<\/div>\n\t\t\t\t<\/div>\n\t\t\t\t<div class=\"elementor-element elementor-element-1f3b6fd elementor-grid-3 elementor-grid-tablet-2 elementor-grid-mobile-1 elementor-posts--thumbnail-top elementor-posts--show-avatar elementor-card-shadow-yes elementor-posts__hover-gradient elementor-widget elementor-widget-posts\" data-id=\"1f3b6fd\" data-element_type=\"widget\" data-e-type=\"widget\" data-settings=\"{&quot;cards_columns&quot;:&quot;3&quot;,&quot;cards_columns_tablet&quot;:&quot;2&quot;,&quot;cards_columns_mobile&quot;:&quot;1&quot;,&quot;cards_row_gap&quot;:{&quot;unit&quot;:&quot;px&quot;,&quot;size&quot;:35,&quot;sizes&quot;:[]},&quot;cards_row_gap_tablet&quot;:{&quot;unit&quot;:&quot;px&quot;,&quot;size&quot;:&quot;&quot;,&quot;sizes&quot;:[]},&quot;cards_row_gap_mobile&quot;:{&quot;unit&quot;:&quot;px&quot;,&quot;size&quot;:&quot;&quot;,&quot;sizes&quot;:[]}}\" data-widget_type=\"posts.cards\">\n\t\t\t\t<div class=\"elementor-widget-container\">\n\t\t\t\t\t\t\t<div class=\"elementor-posts-container elementor-posts elementor-posts--skin-cards elementor-grid\" role=\"list\">\n\t\t\t\t<article class=\"elementor-post elementor-grid-item post-8730 post type-post status-publish format-standard has-post-thumbnail hentry category-tiere-natur tag-eu-heimtierausweis tag-faehre-mit-katze tag-flug-mit-hund tag-haustier-tipps tag-haustier-transportieren tag-reisen-mit-hund tag-reisen-mit-katze tag-tier-im-auto\" role=\"listitem\">\n\t\t\t<div class=\"elementor-post__card\">\n\t\t\t\t<a class=\"elementor-post__thumbnail__link\" href=\"https:\/\/costablanca-magazin.com\/es\/residenten\/tiere-natur\/reisen-mit-hund-und-katze-tipps-fuer-stressfreie-trips\/\" tabindex=\"-1\" ><div class=\"elementor-post__thumbnail\"><img fetchpriority=\"high\" decoding=\"async\" width=\"726\" height=\"1068\" src=\"https:\/\/costablanca-magazin.com\/wp-content\/uploads\/2025\/09\/a-joyful-dog-and-a-curious-cat-relaxing-together-i-2025-01-10-03-20-59-utc-e1757881911304.jpg\" class=\"attachment-1536x1536 size-1536x1536 wp-image-8767\" alt=\"Viajar con perros y gatos\" srcset=\"https:\/\/costablanca-magazin.com\/wp-content\/uploads\/2025\/09\/a-joyful-dog-and-a-curious-cat-relaxing-together-i-2025-01-10-03-20-59-utc-e1757881911304.jpg 726w, https:\/\/costablanca-magazin.com\/wp-content\/uploads\/2025\/09\/a-joyful-dog-and-a-curious-cat-relaxing-together-i-2025-01-10-03-20-59-utc-e1757881911304-204x300.jpg 204w, https:\/\/costablanca-magazin.com\/wp-content\/uploads\/2025\/09\/a-joyful-dog-and-a-curious-cat-relaxing-together-i-2025-01-10-03-20-59-utc-e1757881911304-696x1024.jpg 696w\" sizes=\"(max-width: 726px) 100vw, 726px\" \/><\/div><\/a>\n\t\t\t\t<div class=\"elementor-post__badge\">Animales y naturaleza<\/div>\n\t\t\t\t<div class=\"elementor-post__avatar\">\n\t\t\t\t\t<\/div>\n\t\t\t\t<div class=\"elementor-post__text\">\n\t\t\t\t<h3 class=\"elementor-post__title\">\n\t\t\t<a href=\"https:\/\/costablanca-magazin.com\/es\/residenten\/tiere-natur\/reisen-mit-hund-und-katze-tipps-fuer-stressfreie-trips\/\" >\n\t\t\t\tViajar con perros y gatos: consejos para viajar sin estr\u00e9s\t\t\t<\/a>\n\t\t<\/h3>\n\t\t\t\t<\/div>\n\t\t\t\t\t<\/div>\n\t\t<\/article>\n\t\t\t\t<article class=\"elementor-post elementor-grid-item post-7691 post type-post status-publish format-standard has-post-thumbnail hentry category-tiere-natur tag-costa-blanca-2 tag-katzenhilfe-costa-blanca tag-tierschutz tag-tierschutz-costa-blanca\" role=\"listitem\">\n\t\t\t<div class=\"elementor-post__card\">\n\t\t\t\t<a class=\"elementor-post__thumbnail__link\" href=\"https:\/\/costablanca-magazin.com\/es\/residenten\/tiere-natur\/onkas-zweite-chance-tierschutz-costa-blanca\/\" tabindex=\"-1\" ><div class=\"elementor-post__thumbnail\"><img decoding=\"async\" width=\"1200\" height=\"677\" src=\"https:\/\/costablanca-magazin.com\/wp-content\/uploads\/2025\/06\/Tierheim-Tierschutz.jpg\" class=\"attachment-1536x1536 size-1536x1536 wp-image-7709\" alt=\"La segunda oportunidad de Onka\" srcset=\"https:\/\/costablanca-magazin.com\/wp-content\/uploads\/2025\/06\/Tierheim-Tierschutz.jpg 1200w, https:\/\/costablanca-magazin.com\/wp-content\/uploads\/2025\/06\/Tierheim-Tierschutz-300x169.jpg 300w, https:\/\/costablanca-magazin.com\/wp-content\/uploads\/2025\/06\/Tierheim-Tierschutz-1024x578.jpg 1024w, https:\/\/costablanca-magazin.com\/wp-content\/uploads\/2025\/06\/Tierheim-Tierschutz-768x433.jpg 768w\" sizes=\"(max-width: 1200px) 100vw, 1200px\" \/><\/div><\/a>\n\t\t\t\t<div class=\"elementor-post__badge\">Animales y naturaleza<\/div>\n\t\t\t\t<div class=\"elementor-post__avatar\">\n\t\t\t\t\t<\/div>\n\t\t\t\t<div class=\"elementor-post__text\">\n\t\t\t\t<h3 class=\"elementor-post__title\">\n\t\t\t<a href=\"https:\/\/costablanca-magazin.com\/es\/residenten\/tiere-natur\/onkas-zweite-chance-tierschutz-costa-blanca\/\" >\n\t\t\t\tLa segunda oportunidad de Onka - Bienestar animal Costa Blanca\t\t\t<\/a>\n\t\t<\/h3>\n\t\t\t\t<\/div>\n\t\t\t\t\t<\/div>\n\t\t<\/article>\n\t\t\t\t<article class=\"elementor-post elementor-grid-item post-6785 post type-post status-publish format-standard has-post-thumbnail hentry category-tiere-natur tag-hunde-im-urlaub tag-hunde-strand-costa-blanca tag-regeln-hunde-costablanca tag-straende-an-der-costablanca\" role=\"listitem\">\n\t\t\t<div class=\"elementor-post__card\">\n\t\t\t\t<a class=\"elementor-post__thumbnail__link\" href=\"https:\/\/costablanca-magazin.com\/es\/residenten\/tiere-natur\/pfoten-an-den-strand-mit-hund-an-der-costa-blanca\/\" tabindex=\"-1\" ><div class=\"elementor-post__thumbnail\"><img decoding=\"async\" width=\"1200\" height=\"799\" src=\"https:\/\/costablanca-magazin.com\/wp-content\/uploads\/2025\/05\/fit-and-active-labrador-retriever-dog-running-out-2025-01-08-20-43-58-utc.jpg\" class=\"attachment-1536x1536 size-1536x1536 wp-image-6790\" alt=\"Patas en la playa: con perro en la Costa Blanca 1\" srcset=\"https:\/\/costablanca-magazin.com\/wp-content\/uploads\/2025\/05\/fit-and-active-labrador-retriever-dog-running-out-2025-01-08-20-43-58-utc.jpg 1200w, https:\/\/costablanca-magazin.com\/wp-content\/uploads\/2025\/05\/fit-and-active-labrador-retriever-dog-running-out-2025-01-08-20-43-58-utc-300x200.jpg 300w, https:\/\/costablanca-magazin.com\/wp-content\/uploads\/2025\/05\/fit-and-active-labrador-retriever-dog-running-out-2025-01-08-20-43-58-utc-1024x682.jpg 1024w, https:\/\/costablanca-magazin.com\/wp-content\/uploads\/2025\/05\/fit-and-active-labrador-retriever-dog-running-out-2025-01-08-20-43-58-utc-768x511.jpg 768w\" sizes=\"(max-width: 1200px) 100vw, 1200px\" \/><\/div><\/a>\n\t\t\t\t<div class=\"elementor-post__badge\">Animales y naturaleza<\/div>\n\t\t\t\t<div class=\"elementor-post__avatar\">\n\t\t\t\t\t<\/div>\n\t\t\t\t<div class=\"elementor-post__text\">\n\t\t\t\t<h3 class=\"elementor-post__title\">\n\t\t\t<a href=\"https:\/\/costablanca-magazin.com\/es\/residenten\/tiere-natur\/pfoten-an-den-strand-mit-hund-an-der-costa-blanca\/\" >\n\t\t\t\tPatas en la playa - con su perro en la Costa Blanca\t\t\t<\/a>\n\t\t<\/h3>\n\t\t\t\t<\/div>\n\t\t\t\t\t<\/div>\n\t\t<\/article>\n\t\t\t\t<\/div>\n\t\t\n\t\t\t\t\t\t<\/div>\n\t\t\t\t<\/div>\n\t\t\t\t\t<\/div>\n\t\t\t\t<\/div>\n\t\t\t\t<\/div>","protected":false},"excerpt":{"rendered":"<p>Gesti\u00f3n inteligente del agua en la Costa Blanca De D\u00e9nia a Benidorm: as\u00ed organiza la Costa Blanca los ciclos del agua, la desalinizaci\u00f3n y la reutilizaci\u00f3n para<\/p>","protected":false},"author":1,"featured_media":9498,"comment_status":"closed","ping_status":"closed","sticky":false,"template":"elementor_header_footer","format":"standard","meta":{"om_disable_all_campaigns":false,"_monsterinsights_skip_tracking":false,"_monsterinsights_sitenote_active":false,"_monsterinsights_sitenote_note":"","_monsterinsights_sitenote_category":0,"footnotes":""},"categories":[13],"tags":[1435,1438,1433,1439,1436,1437,1434],"class_list":["post-9496","post","type-post","status-publish","format-standard","has-post-thumbnail","hentry","category-infos","tag-consorcio-de-aguas-marina-baixa","tag-entsalzungsanlage-denia","tag-nachhaltige-bewaesserung","tag-troepfchenbewaesserung","tag-wasserknappheit","tag-wassermanagement-costa-blanca","tag-wiederverwendung-wasser-spanien"],"aioseo_notices":[],"_links":{"self":[{"href":"https:\/\/costablanca-magazin.com\/es\/wp-json\/wp\/v2\/posts\/9496","targetHints":{"allow":["GET"]}}],"collection":[{"href":"https:\/\/costablanca-magazin.com\/es\/wp-json\/wp\/v2\/posts"}],"about":[{"href":"https:\/\/costablanca-magazin.com\/es\/wp-json\/wp\/v2\/types\/post"}],"author":[{"embeddable":true,"href":"https:\/\/costablanca-magazin.com\/es\/wp-json\/wp\/v2\/users\/1"}],"replies":[{"embeddable":true,"href":"https:\/\/costablanca-magazin.com\/es\/wp-json\/wp\/v2\/comments?post=9496"}],"version-history":[{"count":13,"href":"https:\/\/costablanca-magazin.com\/es\/wp-json\/wp\/v2\/posts\/9496\/revisions"}],"predecessor-version":[{"id":11033,"href":"https:\/\/costablanca-magazin.com\/es\/wp-json\/wp\/v2\/posts\/9496\/revisions\/11033"}],"wp:featuredmedia":[{"embeddable":true,"href":"https:\/\/costablanca-magazin.com\/es\/wp-json\/wp\/v2\/media\/9498"}],"wp:attachment":[{"href":"https:\/\/costablanca-magazin.com\/es\/wp-json\/wp\/v2\/media?parent=9496"}],"wp:term":[{"taxonomy":"category","embeddable":true,"href":"https:\/\/costablanca-magazin.com\/es\/wp-json\/wp\/v2\/categories?post=9496"},{"taxonomy":"post_tag","embeddable":true,"href":"https:\/\/costablanca-magazin.com\/es\/wp-json\/wp\/v2\/tags?post=9496"}],"curies":[{"name":"wp","href":"https:\/\/api.w.org\/{rel}","templated":true}]}}