{"id":9459,"date":"2025-11-17T09:00:00","date_gmt":"2025-11-17T08:00:00","guid":{"rendered":"https:\/\/costablanca-magazin.com\/?p=9459"},"modified":"2025-12-04T12:16:44","modified_gmt":"2025-12-04T11:16:44","slug":"salud-costa-blanca-por-que-la-humedad-enferma","status":"publish","type":"post","link":"https:\/\/costablanca-magazin.com\/es\/residenten\/gesundheit-lifestyle\/gesundheit-costa-blanca-warum-feuchtigkeit-krank-macht\/","title":{"rendered":"Salud Costa Blanca - por qu\u00e9 la humedad enferma"},"content":{"rendered":"<div data-elementor-type=\"wp-post\" data-elementor-id=\"9459\" class=\"elementor elementor-9459\" data-elementor-post-type=\"post\">\n\t\t\t\t<div class=\"elementor-element elementor-element-9f565ad e-flex e-con-boxed e-con e-parent\" data-id=\"9f565ad\" data-element_type=\"container\" data-e-type=\"container\">\n\t\t\t\t\t<div class=\"e-con-inner\">\n\t\t\t\t<div class=\"elementor-element elementor-element-e7c57ca elementor-widget elementor-widget-heading\" data-id=\"e7c57ca\" data-element_type=\"widget\" data-e-type=\"widget\" data-widget_type=\"heading.default\">\n\t\t\t\t<div class=\"elementor-widget-container\">\n\t\t\t\t\t<h1 class=\"elementor-heading-title elementor-size-default\">Salud en la Costa Blanca: por qu\u00e9 la humedad enferma<\/h1>\t\t\t\t<\/div>\n\t\t\t\t<\/div>\n\t\t\t\t<div class=\"elementor-element elementor-element-ed79a72 elementor-widget elementor-widget-image\" data-id=\"ed79a72\" data-element_type=\"widget\" data-e-type=\"widget\" data-widget_type=\"image.default\">\n\t\t\t\t<div class=\"elementor-widget-container\">\n\t\t\t\t\t\t\t\t\t\t\t\t\t\t\t<img decoding=\"async\" src=\"https:\/\/costablanca-magazin.com\/wp-content\/uploads\/elementor\/thumbs\/a-woman-s-hand-opens-a-window-with-a-view-of-the-c-2025-03-25-03-20-58-utc-rjc4vpezbnurxa2g33ds8vzugkyfmj4clrdde5hdws.jpg\" title=\"Moho y salud en la Costa Blanca: por qu\u00e9 la humedad enferma\" alt=\"Moho y salud en la Costa Blanca: por qu\u00e9 la humedad enferma\" loading=\"lazy\" \/>\t\t\t\t\t\t\t\t\t\t\t\t\t\t\t<\/div>\n\t\t\t\t<\/div>\n\t\t\t\t<div class=\"elementor-element elementor-element-dd9db54 elementor-widget elementor-widget-heading\" data-id=\"dd9db54\" data-element_type=\"widget\" data-e-type=\"widget\" data-widget_type=\"heading.default\">\n\t\t\t\t<div class=\"elementor-widget-container\">\n\t\t\t\t\t<h2 class=\"elementor-heading-title elementor-size-default\">El moho en el hogar es algo m\u00e1s que un problema visual: puede irritar las v\u00edas respiratorias, aumentar las alergias y provocar cansancio. C\u00f3mo prevenir eficazmente la humedad y el moho en la Costa Blanca.<\/h2>\t\t\t\t<\/div>\n\t\t\t\t<\/div>\n\t\t\t\t\t<\/div>\n\t\t\t\t<\/div>\n\t\t<div class=\"elementor-element elementor-element-894f0ae e-flex e-con-boxed e-con e-parent\" data-id=\"894f0ae\" data-element_type=\"container\" data-e-type=\"container\">\n\t\t\t\t\t<div class=\"e-con-inner\">\n\t\t<div class=\"elementor-element elementor-element-dab52af e-con-full e-flex e-con e-child\" data-id=\"dab52af\" data-element_type=\"container\" data-e-type=\"container\">\n\t\t\t\t<div class=\"elementor-element elementor-element-d3b1d7c elementor-widget elementor-widget-text-editor\" data-id=\"d3b1d7c\" data-element_type=\"widget\" data-e-type=\"widget\" data-widget_type=\"text-editor.default\">\n\t\t\t\t<div class=\"elementor-widget-container\">\n\t\t\t\t\t\t\t\t\t<p>El moho no es una mancha. Es un compa\u00f1ero de piso invisible que enferma silenciosa e insidiosamente, y en la Costa Blanca lo tiene f\u00e1cil. El clima mediterr\u00e1neo con alta humedad, poca calefacci\u00f3n en invierno y paredes sin aislar crea las condiciones perfectas para que el moho se propague. Lo que mucha gente subestima: Incluso peque\u00f1as cantidades de esporas de moho en el aire interior pueden tener un efecto duradero sobre la salud.<\/p><p><strong>El cuerpo reacciona - a menudo antes de que veas el moho<\/strong><br \/>La humedad y el moho sobrecargan el sistema inmunitario. Sus esporas y productos metab\u00f3licos penetran en los bronquios a trav\u00e9s del aire que respiramos y pueden desencadenar una inflamaci\u00f3n. Los s\u00edntomas t\u00edpicos son<br \/>- Tos cr\u00f3nica, v\u00edas respiratorias irritadas o respiraci\u00f3n sibilante<br \/>- Dolores de cabeza, problemas de concentraci\u00f3n y fatiga permanente<br \/>- Ardor en los ojos, irritaci\u00f3n de la piel <br \/>o erupciones inexplicables<br \/>- Aumento de alergias y ataques de asma<\/p><p>Los ni\u00f1os, los ancianos y las personas con sistemas inmunitarios debilitados son especialmente sensibles. Los estudios demuestran que el riesgo de enfermedades respiratorias y reacciones al\u00e9rgicas es hasta 40% mayor en los hogares h\u00famedos.<\/p><p>Por qu\u00e9 el clima de la Costa Blanca agrava el problema<br \/>A diferencia de lo que ocurre en el norte de Europa, aqu\u00ed muchas casas apenas est\u00e1n aisladas. En los meses m\u00e1s fr\u00edos del a\u00f1o, los interiores suelen permanecer h\u00famedos y frescos, condiciones ideales para la condensaci\u00f3n y la aparici\u00f3n de moho. A esto se a\u00f1ade la humedad ascendente del suelo, que se da tanto en edificios antiguos como nuevos. El resultado de esta combinaci\u00f3n es un nivel de humedad permanentemente alto y, por tanto, una carga constante para el aire que respiramos.<\/p><p><strong>Un aire interior sano protege a largo plazo<\/strong><br \/>El moho prospera donde hay aire y permanece la humedad. Quienes deshumidifican sistem\u00e1ticamente sus espacios vitales y los ventilan adecuadamente hacen m\u00e1s por su salud que muchos remedios caseros.<br \/>Especialmente importante:<\/p>\t\t\t\t\t\t\t\t<\/div>\n\t\t\t\t<\/div>\n\t\t\t\t<\/div>\n\t\t<div class=\"elementor-element elementor-element-e4e33c5 e-con-full e-flex e-con e-child\" data-id=\"e4e33c5\" data-element_type=\"container\" data-e-type=\"container\">\n\t\t\t\t<div class=\"elementor-element elementor-element-3364324 elementor-widget elementor-widget-text-editor\" data-id=\"3364324\" data-element_type=\"widget\" data-e-type=\"widget\" data-widget_type=\"text-editor.default\">\n\t\t\t\t<div class=\"elementor-widget-container\">\n\t\t\t\t\t\t\t\t\t<p>- Ventile a r\u00e1fagas en lugar de continuamente: abra todas las ventanas de par en par varias veces al d\u00eda, sobre todo despu\u00e9s de dormir, cocinar o ducharse.<br \/>- Utiliza deshumidificadores con regularidad: En dormitorios, cuartos de ba\u00f1o y s\u00f3tanos: reducen la humedad de forma apreciable.<br \/>- Temperaturas uniformes: Mantenga la temperatura ambiente lo m\u00e1s constante posible, sin fluctuaciones extremas.<br \/><br \/>- Mant\u00e9n las distancias: No coloque muebles ni textiles directamente contra las paredes exteriores o el suelo, de lo contrario se acumular\u00e1 la humedad.<\/p><p><strong>Si el moho se hace visible, act\u00faa, no lo tapes<\/strong><br \/>El olor a humedad, las manchas oscuras en las paredes o la condensaci\u00f3n en las ventanas son se\u00f1ales de alarma. Las zonas peque\u00f1as pueden limpiarse superficialmente, pero es crucial eliminar la causa.<br \/>El moho en las paredes o detr\u00e1s de los armarios ya puede tener un gran impacto en el aire interior. Los productos de limpieza que s\u00f3lo cubren la pel\u00edcula no resuelven el problema. En el caso de la humedad por capilaridad, solo la reparaci\u00f3n estructural por parte de empresas especializadas puede ayudar.<\/p><p><strong>El hogar como factor de salud<\/strong><br \/>Nuestros espacios vitales influyen en nuestro bienestar m\u00e1s de lo que muchos creen. Un clima permanentemente h\u00famedo no s\u00f3lo favorece la aparici\u00f3n de enfermedades, sino que tambi\u00e9n pone a prueba el sistema cardiovascular, reduce la calidad del sue\u00f1o y disminuye los niveles generales de energ\u00eda.<br \/>Por lo tanto, una vida sana tambi\u00e9n implica controlar conscientemente el clima interior, mediante una ventilaci\u00f3n y deshumidificaci\u00f3n regulares y prestando atenci\u00f3n a las se\u00f1ales de advertencia estructurales.<br \/><br \/>El moho no es un asunto trivial, sino un riesgo para la salud. Si act\u00faa a tiempo, no solo proteger\u00e1 sus paredes, sino sobre todo sus pulmones.<\/p>\t\t\t\t\t\t\t\t<\/div>\n\t\t\t\t<\/div>\n\t\t\t\t<\/div>\n\t\t\t\t\t<\/div>\n\t\t\t\t<\/div>\n\t\t<div class=\"elementor-element elementor-element-40ce01f e-flex e-con-boxed e-con e-parent\" data-id=\"40ce01f\" data-element_type=\"container\" data-e-type=\"container\">\n\t\t\t\t\t<div class=\"e-con-inner\">\n\t\t\t\t<div class=\"elementor-element elementor-element-8691875 elementor-widget-divider--separator-type-pattern elementor-widget-divider--no-spacing elementor-widget-divider--view-line elementor-widget elementor-widget-divider\" data-id=\"8691875\" data-element_type=\"widget\" data-e-type=\"widget\" data-widget_type=\"divider.default\">\n\t\t\t\t<div class=\"elementor-widget-container\">\n\t\t\t\t\t\t\t<div class=\"elementor-divider\" style=\"--divider-pattern-url: url(&quot;data:image\/svg+xml,%3Csvg xmlns=&#039;http:\/\/www.w3.org\/2000\/svg&#039; preserveAspectRatio=&#039;xMidYMid meet&#039; overflow=&#039;visible&#039; height=&#039;100%&#039; viewBox=&#039;0 0 126 26&#039; fill=&#039;black&#039; stroke=&#039;none&#039;%3E%3Cpath d=&#039;M3,10.2c2.6,0,2.6,2,2.6,3.2S4.4,16.5,3,16.5s-3-1.4-3-3.2S0.4,10.2,3,10.2z M18.8,10.2c1.7,0,3.2,1.4,3.2,3.2s-1.4,3.2-3.2,3.2c-1.7,0-3.2-1.4-3.2-3.2S17,10.2,18.8,10.2z M34.6,10.2c1.5,0,2.6,1.4,2.6,3.2s-0.5,3.2-1.9,3.2c-1.5,0-3.4-1.4-3.4-3.2S33.1,10.2,34.6,10.2z M50.5,10.2c1.7,0,3.2,1.4,3.2,3.2s-1.4,3.2-3.2,3.2c-1.7,0-3.3-0.9-3.3-2.6S48.7,10.2,50.5,10.2z M66.2,10.2c1.5,0,3.4,1.4,3.4,3.2s-1.9,3.2-3.4,3.2c-1.5,0-2.6-0.4-2.6-2.1S64.8,10.2,66.2,10.2z M82.2,10.2c1.7,0.8,2.6,1.4,2.6,3.2s-0.1,3.2-1.6,3.2c-1.5,0-3.7-1.4-3.7-3.2S80.5,9.4,82.2,10.2zM98.6,10.2c1.5,0,2.6,0.4,2.6,2.1s-1.2,4.2-2.6,4.2c-1.5,0-3.7-0.4-3.7-2.1S97.1,10.2,98.6,10.2z M113.4,10.2c1.2,0,2.2,0.9,2.2,3.2s-0.1,3.2-1.3,3.2s-3.1-1.4-3.1-3.2S112.2,10.2,113.4,10.2z&#039;\/%3E%3C\/svg%3E&quot;);\">\n\t\t\t<span class=\"elementor-divider-separator\">\n\t\t\t\t\t\t<\/span>\n\t\t<\/div>\n\t\t\t\t\t\t<\/div>\n\t\t\t\t<\/div>\n\t\t\t\t<div class=\"elementor-element elementor-element-36ea145 elementor-grid-3 elementor-grid-tablet-2 elementor-grid-mobile-1 elementor-posts--thumbnail-top elementor-posts--show-avatar elementor-card-shadow-yes elementor-posts__hover-gradient elementor-widget elementor-widget-posts\" data-id=\"36ea145\" data-element_type=\"widget\" data-e-type=\"widget\" data-settings=\"{&quot;cards_columns&quot;:&quot;3&quot;,&quot;cards_columns_tablet&quot;:&quot;2&quot;,&quot;cards_columns_mobile&quot;:&quot;1&quot;,&quot;cards_row_gap&quot;:{&quot;unit&quot;:&quot;px&quot;,&quot;size&quot;:35,&quot;sizes&quot;:[]},&quot;cards_row_gap_tablet&quot;:{&quot;unit&quot;:&quot;px&quot;,&quot;size&quot;:&quot;&quot;,&quot;sizes&quot;:[]},&quot;cards_row_gap_mobile&quot;:{&quot;unit&quot;:&quot;px&quot;,&quot;size&quot;:&quot;&quot;,&quot;sizes&quot;:[]}}\" data-widget_type=\"posts.cards\">\n\t\t\t\t<div class=\"elementor-widget-container\">\n\t\t\t\t\t\t\t<div class=\"elementor-posts-container elementor-posts elementor-posts--skin-cards elementor-grid\" role=\"list\">\n\t\t\t\t<article class=\"elementor-post elementor-grid-item post-9131 post type-post status-publish format-standard has-post-thumbnail hentry category-gesundheit-lifestyle tag-bewegung-und-immunsystem tag-costa-blanca-gesundheit tag-immunsystem-staerken-herbst tag-mediterrane-ernaehrung-herbst tag-regionale-herbstfruechte tag-schlaf-und-abwehrkraefte tag-vitamin-c-aus-der-region\" role=\"listitem\">\n\t\t\t<div class=\"elementor-post__card\">\n\t\t\t\t<a class=\"elementor-post__thumbnail__link\" href=\"https:\/\/costablanca-magazin.com\/es\/residenten\/gesundheit-lifestyle\/immunsystem-staerken-im-herbst-an-der-costa-blanca\/\" tabindex=\"-1\" ><div class=\"elementor-post__thumbnail\"><img fetchpriority=\"high\" decoding=\"async\" width=\"800\" height=\"1200\" src=\"https:\/\/costablanca-magazin.com\/wp-content\/uploads\/2025\/10\/sliced-and-whole-limes-oranges-and-lemons-on-wood-2024-09-14-10-53-43-utc.jpg\" class=\"attachment-2048x2048 size-2048x2048 wp-image-9139\" alt=\"El oto\u00f1o es la estaci\u00f3n de las inmunidades\" srcset=\"https:\/\/costablanca-magazin.com\/wp-content\/uploads\/2025\/10\/sliced-and-whole-limes-oranges-and-lemons-on-wood-2024-09-14-10-53-43-utc.jpg 800w, https:\/\/costablanca-magazin.com\/wp-content\/uploads\/2025\/10\/sliced-and-whole-limes-oranges-and-lemons-on-wood-2024-09-14-10-53-43-utc-200x300.jpg 200w, https:\/\/costablanca-magazin.com\/wp-content\/uploads\/2025\/10\/sliced-and-whole-limes-oranges-and-lemons-on-wood-2024-09-14-10-53-43-utc-683x1024.jpg 683w, https:\/\/costablanca-magazin.com\/wp-content\/uploads\/2025\/10\/sliced-and-whole-limes-oranges-and-lemons-on-wood-2024-09-14-10-53-43-utc-768x1152.jpg 768w\" sizes=\"(max-width: 800px) 100vw, 800px\" \/><\/div><\/a>\n\t\t\t\t<div class=\"elementor-post__badge\">Salud y estilo de vida<\/div>\n\t\t\t\t<div class=\"elementor-post__avatar\">\n\t\t\t\t\t<\/div>\n\t\t\t\t<div class=\"elementor-post__text\">\n\t\t\t\t<h3 class=\"elementor-post__title\">\n\t\t\t<a href=\"https:\/\/costablanca-magazin.com\/es\/residenten\/gesundheit-lifestyle\/immunsystem-staerken-im-herbst-an-der-costa-blanca\/\" >\n\t\t\t\tRefuerce su sistema inmunol\u00f3gico en oto\u00f1o en la Costa Blanca\t\t\t<\/a>\n\t\t<\/h3>\n\t\t\t\t<\/div>\n\t\t\t\t\t<\/div>\n\t\t<\/article>\n\t\t\t\t<article class=\"elementor-post elementor-grid-item post-9130 post type-post status-publish format-standard has-post-thumbnail hentry category-gesundheit-lifestyle tag-aktivurlaub-costa-blanca tag-costa-blanca-sport tag-golf-costa-blanca tag-pelota-valenciana tag-radfahren-costa-blanca tag-sport-valencia tag-tennis-padel-costa-blanca tag-wandern-costa-blanca\" role=\"listitem\">\n\t\t\t<div class=\"elementor-post__card\">\n\t\t\t\t<a class=\"elementor-post__thumbnail__link\" href=\"https:\/\/costablanca-magazin.com\/es\/residenten\/gesundheit-lifestyle\/costa-blanca-aktiv-erleben-sport-natur-im-herbst\/\" tabindex=\"-1\" ><div class=\"elementor-post__thumbnail\"><img decoding=\"async\" width=\"1200\" height=\"631\" src=\"https:\/\/costablanca-magazin.com\/wp-content\/uploads\/2025\/10\/sporty-woman-running-at-the-beach-2025-02-10-08-12-56-utc.jpg\" class=\"attachment-2048x2048 size-2048x2048 wp-image-9138\" alt=\"La Costa Blanca deportiva: activa entre monta\u00f1as y mar\" srcset=\"https:\/\/costablanca-magazin.com\/wp-content\/uploads\/2025\/10\/sporty-woman-running-at-the-beach-2025-02-10-08-12-56-utc.jpg 1200w, https:\/\/costablanca-magazin.com\/wp-content\/uploads\/2025\/10\/sporty-woman-running-at-the-beach-2025-02-10-08-12-56-utc-300x158.jpg 300w, https:\/\/costablanca-magazin.com\/wp-content\/uploads\/2025\/10\/sporty-woman-running-at-the-beach-2025-02-10-08-12-56-utc-1024x538.jpg 1024w, https:\/\/costablanca-magazin.com\/wp-content\/uploads\/2025\/10\/sporty-woman-running-at-the-beach-2025-02-10-08-12-56-utc-768x404.jpg 768w\" sizes=\"(max-width: 1200px) 100vw, 1200px\" \/><\/div><\/a>\n\t\t\t\t<div class=\"elementor-post__badge\">Salud y estilo de vida<\/div>\n\t\t\t\t<div class=\"elementor-post__avatar\">\n\t\t\t\t\t<\/div>\n\t\t\t\t<div class=\"elementor-post__text\">\n\t\t\t\t<h3 class=\"elementor-post__title\">\n\t\t\t<a href=\"https:\/\/costablanca-magazin.com\/es\/residenten\/gesundheit-lifestyle\/costa-blanca-aktiv-erleben-sport-natur-im-herbst\/\" >\n\t\t\t\tVive la Costa Blanca de forma activa - deporte y naturaleza en oto\u00f1o\t\t\t<\/a>\n\t\t<\/h3>\n\t\t\t\t<\/div>\n\t\t\t\t\t<\/div>\n\t\t<\/article>\n\t\t\t\t<article class=\"elementor-post elementor-grid-item post-8866 post type-post status-publish format-standard has-post-thumbnail hentry category-gesundheit-lifestyle tag-achtsamkeit tag-costa-blanca tag-digital-detox tag-digitaler-stress tag-handyfreie-pausen tag-offline-zeit tag-schlaf-verbessern tag-weniger-bildschirm\" role=\"listitem\">\n\t\t\t<div class=\"elementor-post__card\">\n\t\t\t\t<a class=\"elementor-post__thumbnail__link\" href=\"https:\/\/costablanca-magazin.com\/es\/residenten\/gesundheit-lifestyle\/digital-detox-weniger-bildschirm-mehr-ruhe-im-alltag\/\" tabindex=\"-1\" ><div class=\"elementor-post__thumbnail\"><img decoding=\"async\" width=\"1200\" height=\"800\" src=\"https:\/\/costablanca-magazin.com\/wp-content\/uploads\/2025\/09\/woman-using-cell-phone-at-dining-table-2024-09-22-15-37-52-utc.jpg\" class=\"attachment-2048x2048 size-2048x2048 wp-image-8867\" alt=\"Desintoxicaci\u00f3n digital: por qu\u00e9 reducir el tiempo frente a la pantalla nos hace realmente bien\" srcset=\"https:\/\/costablanca-magazin.com\/wp-content\/uploads\/2025\/09\/woman-using-cell-phone-at-dining-table-2024-09-22-15-37-52-utc.jpg 1200w, https:\/\/costablanca-magazin.com\/wp-content\/uploads\/2025\/09\/woman-using-cell-phone-at-dining-table-2024-09-22-15-37-52-utc-300x200.jpg 300w, https:\/\/costablanca-magazin.com\/wp-content\/uploads\/2025\/09\/woman-using-cell-phone-at-dining-table-2024-09-22-15-37-52-utc-1024x683.jpg 1024w, https:\/\/costablanca-magazin.com\/wp-content\/uploads\/2025\/09\/woman-using-cell-phone-at-dining-table-2024-09-22-15-37-52-utc-768x512.jpg 768w\" sizes=\"(max-width: 1200px) 100vw, 1200px\" \/><\/div><\/a>\n\t\t\t\t<div class=\"elementor-post__badge\">Salud y estilo de vida<\/div>\n\t\t\t\t<div class=\"elementor-post__avatar\">\n\t\t\t\t\t<\/div>\n\t\t\t\t<div class=\"elementor-post__text\">\n\t\t\t\t<h3 class=\"elementor-post__title\">\n\t\t\t<a href=\"https:\/\/costablanca-magazin.com\/es\/residenten\/gesundheit-lifestyle\/digital-detox-weniger-bildschirm-mehr-ruhe-im-alltag\/\" >\n\t\t\t\tDesintoxicaci\u00f3n digital: menos pantallas y m\u00e1s tranquilidad en la vida cotidiana\t\t\t<\/a>\n\t\t<\/h3>\n\t\t\t\t<\/div>\n\t\t\t\t\t<\/div>\n\t\t<\/article>\n\t\t\t\t<\/div>\n\t\t\n\t\t\t\t\t\t<\/div>\n\t\t\t\t<\/div>\n\t\t\t\t\t<\/div>\n\t\t\t\t<\/div>\n\t\t\t\t<\/div>","protected":false},"excerpt":{"rendered":"<p>Salud en la Costa Blanca - por qu\u00e9 la humedad enferma El moho en el hogar es algo m\u00e1s que un problema visual:<\/p>","protected":false},"author":1,"featured_media":9463,"comment_status":"closed","ping_status":"closed","sticky":false,"template":"elementor_header_footer","format":"standard","meta":{"footnotes":""},"categories":[16],"tags":[1408,1411,1405,1404,1410,1181,1185,1407,1406,1409],"class_list":["post-9459","post","type-post","status-publish","format-standard","has-post-thumbnail","hentry","category-gesundheit-lifestyle","tag-feuchtigkeit-wohnung-spanien","tag-gesund-wohnen-costa-blanca","tag-luftfeuchtigkeit-spanien","tag-raumklima-spanien","tag-schimmel-atemwege","tag-schimmel-costa-blanca","tag-schimmel-entfernen","tag-schimmel-gesundheit","tag-schimmel-symptome","tag-schimmel-vorbeugen"],"aioseo_notices":[],"_links":{"self":[{"href":"https:\/\/costablanca-magazin.com\/es\/wp-json\/wp\/v2\/posts\/9459","targetHints":{"allow":["GET"]}}],"collection":[{"href":"https:\/\/costablanca-magazin.com\/es\/wp-json\/wp\/v2\/posts"}],"about":[{"href":"https:\/\/costablanca-magazin.com\/es\/wp-json\/wp\/v2\/types\/post"}],"author":[{"embeddable":true,"href":"https:\/\/costablanca-magazin.com\/es\/wp-json\/wp\/v2\/users\/1"}],"replies":[{"embeddable":true,"href":"https:\/\/costablanca-magazin.com\/es\/wp-json\/wp\/v2\/comments?post=9459"}],"version-history":[{"count":10,"href":"https:\/\/costablanca-magazin.com\/es\/wp-json\/wp\/v2\/posts\/9459\/revisions"}],"predecessor-version":[{"id":10059,"href":"https:\/\/costablanca-magazin.com\/es\/wp-json\/wp\/v2\/posts\/9459\/revisions\/10059"}],"wp:featuredmedia":[{"embeddable":true,"href":"https:\/\/costablanca-magazin.com\/es\/wp-json\/wp\/v2\/media\/9463"}],"wp:attachment":[{"href":"https:\/\/costablanca-magazin.com\/es\/wp-json\/wp\/v2\/media?parent=9459"}],"wp:term":[{"taxonomy":"category","embeddable":true,"href":"https:\/\/costablanca-magazin.com\/es\/wp-json\/wp\/v2\/categories?post=9459"},{"taxonomy":"post_tag","embeddable":true,"href":"https:\/\/costablanca-magazin.com\/es\/wp-json\/wp\/v2\/tags?post=9459"}],"curies":[{"name":"wp","href":"https:\/\/api.w.org\/{rel}","templated":true}]}}