{"id":9321,"date":"2025-10-29T09:00:00","date_gmt":"2025-10-29T08:00:00","guid":{"rendered":"https:\/\/costablanca-magazin.com\/?p=9321"},"modified":"2025-12-04T12:18:10","modified_gmt":"2025-12-04T11:18:10","slug":"ciclismo-costa-blanca-paraiso-para-entrenar-costa-y-montanas","status":"publish","type":"post","link":"https:\/\/costablanca-magazin.com\/es\/freizeit\/radfahren-wandern\/radfahren-costa-blanca-trainingsparadies-kueste-und-berge\/","title":{"rendered":"Ciclismo Costa Blanca - entrenamiento para\u00edso costa y monta\u00f1a"},"content":{"rendered":"<div data-elementor-type=\"wp-post\" data-elementor-id=\"9321\" class=\"elementor elementor-9321\" data-elementor-post-type=\"post\">\n\t\t\t\t<div class=\"elementor-element elementor-element-8eb5081 e-flex e-con-boxed e-con e-parent\" data-id=\"8eb5081\" data-element_type=\"container\" data-e-type=\"container\">\n\t\t\t\t\t<div class=\"e-con-inner\">\n\t\t\t\t<div class=\"elementor-element elementor-element-caafab0 elementor-widget elementor-widget-heading\" data-id=\"caafab0\" data-element_type=\"widget\" data-e-type=\"widget\" data-widget_type=\"heading.default\">\n\t\t\t\t<div class=\"elementor-widget-container\">\n\t\t\t\t\t<h1 class=\"elementor-heading-title elementor-size-default\">Ciclismo Costa Blanca - entrenamiento para\u00edso costa y monta\u00f1a<\/h1>\t\t\t\t<\/div>\n\t\t\t\t<\/div>\n\t\t\t\t<div class=\"elementor-element elementor-element-4cb2ce6 elementor-widget elementor-widget-image\" data-id=\"4cb2ce6\" data-element_type=\"widget\" data-e-type=\"widget\" data-widget_type=\"image.default\">\n\t\t\t\t<div class=\"elementor-widget-container\">\n\t\t\t\t\t\t\t\t\t\t\t\t\t\t\t<img decoding=\"async\" src=\"https:\/\/costablanca-magazin.com\/wp-content\/uploads\/elementor\/thumbs\/shutterstock_2428470931-rjc4wo70cj6duunxg0ezb57wfu70jbyf2jic5e1tik.jpg\" title=\"Ciclismo: un para\u00edso de entrenamiento entre costa y monta\u00f1a\" alt=\"Ciclismo: un para\u00edso para entrenar entre la costa y las monta\u00f1as\" loading=\"lazy\" \/>\t\t\t\t\t\t\t\t\t\t\t\t\t\t\t<\/div>\n\t\t\t\t<\/div>\n\t\t\t\t<div class=\"elementor-element elementor-element-50b70ad elementor-widget elementor-widget-heading\" data-id=\"50b70ad\" data-element_type=\"widget\" data-e-type=\"widget\" data-widget_type=\"heading.default\">\n\t\t\t\t<div class=\"elementor-widget-container\">\n\t\t\t\t\t<h2 class=\"elementor-heading-title elementor-size-default\">Desde equipos profesionales hasta ciclistas de ocio: la Costa Blanca ofrece rutas variadas, vistas al mar y senderos de monta\u00f1a para entrenamientos ciclistas y paseos de placer.<\/h2>\t\t\t\t<\/div>\n\t\t\t\t<\/div>\n\t\t\t\t\t<\/div>\n\t\t\t\t<\/div>\n\t\t<div class=\"elementor-element elementor-element-bffc881 e-flex e-con-boxed e-con e-parent\" data-id=\"bffc881\" data-element_type=\"container\" data-e-type=\"container\">\n\t\t\t\t\t<div class=\"e-con-inner\">\n\t\t<div class=\"elementor-element elementor-element-e877a40 e-con-full e-flex e-con e-child\" data-id=\"e877a40\" data-element_type=\"container\" data-e-type=\"container\">\n\t\t\t\t<div class=\"elementor-element elementor-element-59e7acb elementor-widget elementor-widget-text-editor\" data-id=\"59e7acb\" data-element_type=\"widget\" data-e-type=\"widget\" data-widget_type=\"text-editor.default\">\n\t\t\t\t<div class=\"elementor-widget-container\">\n\t\t\t\t\t\t\t\t\t<p>En los \u00faltimos a\u00f1os, la Costa Blanca se ha convertido en uno de los centros de entrenamiento m\u00e1s importantes para el ciclismo internacional. En invierno, no es raro ver a equipos profesionales enteros en la carretera en Calpe, D\u00e9nia o Benidorm, incluidos grandes nombres como el Jumbo-Visma o el UAE Team Emirates. Utilizan la regi\u00f3n porque pueden pasar del nivel del mar a 1.000 metros en pocos kil\u00f3metros. Para los ciclistas, esto significa entrenamientos variados sin largos traslados.<\/p><p><strong>Rutas con car\u00e1cter<\/strong><br \/>La subida m\u00e1s famosa es el Coll de Rates, cerca de Parcent. Apenas pasa una semana de entrenamiento sin que profesionales y aficionados se torturen subiendo las curvas cerradas, a menudo acompa\u00f1ados por veh\u00edculos de apoyo con bicicletas de repuesto.<\/p><p>Los bucles por la Vall de Gallinera o la vuelta por Guadalest tambi\u00e9n figuran entre los cl\u00e1sicos. Si buscas rutas menos empinadas, qu\u00e9date en la carretera costera entre D\u00e9nia y Altea: all\u00ed podr\u00e1s coleccionar kil\u00f3metros relajados, a menudo con vistas al mar.<\/p><p><strong>Infraestructuras para ciclistas<\/strong><br \/>La regi\u00f3n ha respondido al auge. Los hoteles de Altea y Calpe ofrecen ahora sus propias estaciones de bicicletas con trasteros seguros, talleres y zonas de lavado. Proveedores locales como \u201eCosta Blanca Cycling\u201c o \u201eSiesta Advisor\u201c organizan visitas guiadas y ofrecen bicicletas de alquiler, desde bicicletas de carreras hasta e-bikes.\u00a0<\/p>\t\t\t\t\t\t\t\t<\/div>\n\t\t\t\t<\/div>\n\t\t\t\t<\/div>\n\t\t<div class=\"elementor-element elementor-element-771074b e-con-full e-flex e-con e-child\" data-id=\"771074b\" data-element_type=\"container\" data-e-type=\"container\">\n\t\t\t\t<div class=\"elementor-element elementor-element-fe5b31e elementor-widget elementor-widget-text-editor\" data-id=\"fe5b31e\" data-element_type=\"widget\" data-e-type=\"widget\" data-widget_type=\"text-editor.default\">\n\t\t\t\t<div class=\"elementor-widget-container\">\n\t\t\t\t\t\t\t\t\t<p>Incluso los peque\u00f1os pueblos de las rutas est\u00e1n preparados para los ciclistas: desde cafeter\u00edas con carteles de \u201eCiclista bienvenido\u201c hasta gasolineras con surtidores de aire.<\/p><p><strong>Los aficionados tambi\u00e9n se benefician de los profesionales<\/strong><br \/>Los amplios paseos mar\u00edtimos y los suaves tramos costeros son ideales para los principiantes. Muchas empresas de alquiler de bicicletas ofrecen recorridos especiales para principiantes, en los que se puede adaptar la velocidad y la longitud de la ruta.<\/p><p>Los aficionados m\u00e1s ambiciosos, por su parte, pueden probar suerte en las mismas subidas que se disputan en la Vuelta a Espa\u00f1a. Como resultado, ciclistas dominicales y profesionales del WorldTour pedalean a veces codo con codo en el Coll de Rates.<\/p><p><strong>Un factor econ\u00f3mico en invierno<\/strong><br \/>El ciclismo tambi\u00e9n interesa desde hace tiempo a la industria tur\u00edstica. Seg\u00fan la autoridad tur\u00edstica regional, miles de ciclistas viajan cada a\u00f1o a la Costa Blanca. Los hoteles se benefician en temporada baja, y los restaurantes y cafeter\u00edas de las rutas se llenan cuando los grupos hacen su pausa para comer. Para muchos municipios, el entrenamiento invernal de los profesionales se ha convertido en un pilar de la econom\u00eda.<\/p><p>El ciclismo en la Costa Blanca es, por tanto, mucho m\u00e1s que un deporte para especialistas. Desde una relajada excursi\u00f3n costera hasta la \u00faltima etapa de monta\u00f1a, hay algo para todo el mundo sobre dos ruedas, y eso es precisamente lo que hace tan atractiva a esta regi\u00f3n.<\/p>\t\t\t\t\t\t\t\t<\/div>\n\t\t\t\t<\/div>\n\t\t\t\t<\/div>\n\t\t\t\t\t<\/div>\n\t\t\t\t<\/div>\n\t\t<div class=\"elementor-element elementor-element-e77b398 e-flex e-con-boxed e-con e-parent\" data-id=\"e77b398\" data-element_type=\"container\" data-e-type=\"container\">\n\t\t\t\t\t<div class=\"e-con-inner\">\n\t\t\t\t<div class=\"elementor-element elementor-element-707f3f8 elementor-widget-divider--separator-type-pattern elementor-widget-divider--no-spacing elementor-widget-divider--view-line elementor-widget elementor-widget-divider\" data-id=\"707f3f8\" data-element_type=\"widget\" data-e-type=\"widget\" data-widget_type=\"divider.default\">\n\t\t\t\t<div class=\"elementor-widget-container\">\n\t\t\t\t\t\t\t<div class=\"elementor-divider\" style=\"--divider-pattern-url: url(&quot;data:image\/svg+xml,%3Csvg xmlns=&#039;http:\/\/www.w3.org\/2000\/svg&#039; preserveAspectRatio=&#039;xMidYMid meet&#039; overflow=&#039;visible&#039; height=&#039;100%&#039; viewBox=&#039;0 0 126 26&#039; fill=&#039;black&#039; stroke=&#039;none&#039;%3E%3Cpath d=&#039;M3,10.2c2.6,0,2.6,2,2.6,3.2S4.4,16.5,3,16.5s-3-1.4-3-3.2S0.4,10.2,3,10.2z M18.8,10.2c1.7,0,3.2,1.4,3.2,3.2s-1.4,3.2-3.2,3.2c-1.7,0-3.2-1.4-3.2-3.2S17,10.2,18.8,10.2z M34.6,10.2c1.5,0,2.6,1.4,2.6,3.2s-0.5,3.2-1.9,3.2c-1.5,0-3.4-1.4-3.4-3.2S33.1,10.2,34.6,10.2z M50.5,10.2c1.7,0,3.2,1.4,3.2,3.2s-1.4,3.2-3.2,3.2c-1.7,0-3.3-0.9-3.3-2.6S48.7,10.2,50.5,10.2z M66.2,10.2c1.5,0,3.4,1.4,3.4,3.2s-1.9,3.2-3.4,3.2c-1.5,0-2.6-0.4-2.6-2.1S64.8,10.2,66.2,10.2z M82.2,10.2c1.7,0.8,2.6,1.4,2.6,3.2s-0.1,3.2-1.6,3.2c-1.5,0-3.7-1.4-3.7-3.2S80.5,9.4,82.2,10.2zM98.6,10.2c1.5,0,2.6,0.4,2.6,2.1s-1.2,4.2-2.6,4.2c-1.5,0-3.7-0.4-3.7-2.1S97.1,10.2,98.6,10.2z M113.4,10.2c1.2,0,2.2,0.9,2.2,3.2s-0.1,3.2-1.3,3.2s-3.1-1.4-3.1-3.2S112.2,10.2,113.4,10.2z&#039;\/%3E%3C\/svg%3E&quot;);\">\n\t\t\t<span class=\"elementor-divider-separator\">\n\t\t\t\t\t\t<\/span>\n\t\t<\/div>\n\t\t\t\t\t\t<\/div>\n\t\t\t\t<\/div>\n\t\t\t\t<div class=\"elementor-element elementor-element-cf73b12 elementor-grid-3 elementor-grid-tablet-2 elementor-grid-mobile-1 elementor-posts--thumbnail-top elementor-posts--show-avatar elementor-card-shadow-yes elementor-posts__hover-gradient elementor-widget elementor-widget-posts\" data-id=\"cf73b12\" data-element_type=\"widget\" data-e-type=\"widget\" data-settings=\"{&quot;cards_columns&quot;:&quot;3&quot;,&quot;cards_columns_tablet&quot;:&quot;2&quot;,&quot;cards_columns_mobile&quot;:&quot;1&quot;,&quot;cards_row_gap&quot;:{&quot;unit&quot;:&quot;px&quot;,&quot;size&quot;:35,&quot;sizes&quot;:[]},&quot;cards_row_gap_tablet&quot;:{&quot;unit&quot;:&quot;px&quot;,&quot;size&quot;:&quot;&quot;,&quot;sizes&quot;:[]},&quot;cards_row_gap_mobile&quot;:{&quot;unit&quot;:&quot;px&quot;,&quot;size&quot;:&quot;&quot;,&quot;sizes&quot;:[]}}\" data-widget_type=\"posts.cards\">\n\t\t\t\t<div class=\"elementor-widget-container\">\n\t\t\t\t\t\t\t<div class=\"elementor-posts-container elementor-posts elementor-posts--skin-cards elementor-grid\" role=\"list\">\n\t\t\t\t<article class=\"elementor-post elementor-grid-item post-9320 post type-post status-publish format-standard has-post-thumbnail hentry category-aktivitaeten-und-ausfluege tag-equelite-academy-villena tag-padel-benidorm tag-padel-costa-blanca tag-padel-turniere-alicante tag-schlaegersport-costa-blanca tag-sport-valencia tag-tennis-costa-blanca tag-tennis-la-nucia\" role=\"listitem\">\n\t\t\t<div class=\"elementor-post__card\">\n\t\t\t\t<a class=\"elementor-post__thumbnail__link\" href=\"https:\/\/costablanca-magazin.com\/es\/freizeit\/aktivitaeten-und-ausfluege\/tennis-padel-schlaegersport-an-der-costa-blanca\/\" tabindex=\"-1\" ><div class=\"elementor-post__thumbnail\"><img fetchpriority=\"high\" decoding=\"async\" width=\"1200\" height=\"800\" src=\"https:\/\/costablanca-magazin.com\/wp-content\/uploads\/2025\/10\/group-of-healthy-happy-friends-at-the-club-playing-2025-04-02-04-54-38-utc.jpg\" class=\"attachment-2048x2048 size-2048x2048 wp-image-9323\" alt=\"Tenis y p\u00e1del: auge en la costa blanca\" srcset=\"https:\/\/costablanca-magazin.com\/wp-content\/uploads\/2025\/10\/group-of-healthy-happy-friends-at-the-club-playing-2025-04-02-04-54-38-utc.jpg 1200w, https:\/\/costablanca-magazin.com\/wp-content\/uploads\/2025\/10\/group-of-healthy-happy-friends-at-the-club-playing-2025-04-02-04-54-38-utc-300x200.jpg 300w, https:\/\/costablanca-magazin.com\/wp-content\/uploads\/2025\/10\/group-of-healthy-happy-friends-at-the-club-playing-2025-04-02-04-54-38-utc-1024x683.jpg 1024w, https:\/\/costablanca-magazin.com\/wp-content\/uploads\/2025\/10\/group-of-healthy-happy-friends-at-the-club-playing-2025-04-02-04-54-38-utc-768x512.jpg 768w\" sizes=\"(max-width: 1200px) 100vw, 1200px\" \/><\/div><\/a>\n\t\t\t\t<div class=\"elementor-post__badge\">Actividades y excursiones<\/div>\n\t\t\t\t<div class=\"elementor-post__avatar\">\n\t\t\t\t\t<\/div>\n\t\t\t\t<div class=\"elementor-post__text\">\n\t\t\t\t<h3 class=\"elementor-post__title\">\n\t\t\t<a href=\"https:\/\/costablanca-magazin.com\/es\/freizeit\/aktivitaeten-und-ausfluege\/tennis-padel-schlaegersport-an-der-costa-blanca\/\" >\n\t\t\t\tTenis y P\u00e1del - deportes de raqueta en la Costa Blanca\t\t\t<\/a>\n\t\t<\/h3>\n\t\t\t\t<\/div>\n\t\t\t\t\t<\/div>\n\t\t<\/article>\n\t\t\t\t<article class=\"elementor-post elementor-grid-item post-9267 post type-post status-publish format-standard has-post-thumbnail hentry category-golf tag-golf-costa-blanca tag-golf-nebensaison-spanien tag-golf-spanien-winter tag-golfclub-ifach-moraira tag-golfplaetze-benidorm tag-golfurlaub-costa-blanca tag-la-sella-golf-denia tag-sport-valencia tag-villaitana-golf-benidorm\" role=\"listitem\">\n\t\t\t<div class=\"elementor-post__card\">\n\t\t\t\t<a class=\"elementor-post__thumbnail__link\" href=\"https:\/\/costablanca-magazin.com\/es\/freizeit\/golf\/golf-an-der-costa-blanca-spielen-durch-die-nebensaison\/\" tabindex=\"-1\" ><div class=\"elementor-post__thumbnail\"><img decoding=\"async\" width=\"1200\" height=\"800\" src=\"https:\/\/costablanca-magazin.com\/wp-content\/uploads\/2025\/10\/two-caucasian-people-sitting-in-a-vehicle-2025-03-09-14-39-00-utc.jpg\" class=\"attachment-2048x2048 size-2048x2048 wp-image-9288\" alt=\"En el green durante la temporada baja\" srcset=\"https:\/\/costablanca-magazin.com\/wp-content\/uploads\/2025\/10\/two-caucasian-people-sitting-in-a-vehicle-2025-03-09-14-39-00-utc.jpg 1200w, https:\/\/costablanca-magazin.com\/wp-content\/uploads\/2025\/10\/two-caucasian-people-sitting-in-a-vehicle-2025-03-09-14-39-00-utc-300x200.jpg 300w, https:\/\/costablanca-magazin.com\/wp-content\/uploads\/2025\/10\/two-caucasian-people-sitting-in-a-vehicle-2025-03-09-14-39-00-utc-1024x683.jpg 1024w, https:\/\/costablanca-magazin.com\/wp-content\/uploads\/2025\/10\/two-caucasian-people-sitting-in-a-vehicle-2025-03-09-14-39-00-utc-768x512.jpg 768w\" sizes=\"(max-width: 1200px) 100vw, 1200px\" \/><\/div><\/a>\n\t\t\t\t<div class=\"elementor-post__badge\">Golf<\/div>\n\t\t\t\t<div class=\"elementor-post__avatar\">\n\t\t\t\t\t<\/div>\n\t\t\t\t<div class=\"elementor-post__text\">\n\t\t\t\t<h3 class=\"elementor-post__title\">\n\t\t\t<a href=\"https:\/\/costablanca-magazin.com\/es\/freizeit\/golf\/golf-an-der-costa-blanca-spielen-durch-die-nebensaison\/\" >\n\t\t\t\tGolf en la Costa Blanca - jugar en temporada baja\t\t\t<\/a>\n\t\t<\/h3>\n\t\t\t\t<\/div>\n\t\t\t\t\t<\/div>\n\t\t<\/article>\n\t\t\t\t<article class=\"elementor-post elementor-grid-item post-9266 post type-post status-publish format-standard has-post-thumbnail hentry category-familie-kinder tag-costa-blanca-sport tag-escala-i-corda tag-historischer-sport-spanien tag-kultur-valencia tag-pilota-valenciana tag-raspall tag-sport-valencia tag-tradition-valencia tag-trinquet-benidorm\" role=\"listitem\">\n\t\t\t<div class=\"elementor-post__card\">\n\t\t\t\t<a class=\"elementor-post__thumbnail__link\" href=\"https:\/\/costablanca-magazin.com\/es\/freizeit\/familie-kinder\/pilota-valenciana-traditioneller-sport-an-der-costa-blanca\/\" tabindex=\"-1\" ><div class=\"elementor-post__thumbnail\"><img decoding=\"async\" width=\"1200\" height=\"799\" src=\"https:\/\/costablanca-magazin.com\/wp-content\/uploads\/2025\/10\/Pilota-@fedpival.es-2.jpg\" class=\"attachment-2048x2048 size-2048x2048 wp-image-9277\" alt=\"Un juego con historia\" srcset=\"https:\/\/costablanca-magazin.com\/wp-content\/uploads\/2025\/10\/Pilota-@fedpival.es-2.jpg 1200w, https:\/\/costablanca-magazin.com\/wp-content\/uploads\/2025\/10\/Pilota-@fedpival.es-2-300x200.jpg 300w, https:\/\/costablanca-magazin.com\/wp-content\/uploads\/2025\/10\/Pilota-@fedpival.es-2-1024x682.jpg 1024w, https:\/\/costablanca-magazin.com\/wp-content\/uploads\/2025\/10\/Pilota-@fedpival.es-2-768x511.jpg 768w\" sizes=\"(max-width: 1200px) 100vw, 1200px\" \/><\/div><\/a>\n\t\t\t\t<div class=\"elementor-post__badge\">Familia e infancia<\/div>\n\t\t\t\t<div class=\"elementor-post__avatar\">\n\t\t\t\t\t<\/div>\n\t\t\t\t<div class=\"elementor-post__text\">\n\t\t\t\t<h3 class=\"elementor-post__title\">\n\t\t\t<a href=\"https:\/\/costablanca-magazin.com\/es\/freizeit\/familie-kinder\/pilota-valenciana-traditioneller-sport-an-der-costa-blanca\/\" >\n\t\t\t\tPilota Valenciana - Deporte tradicional en la Costa Blanca\t\t\t<\/a>\n\t\t<\/h3>\n\t\t\t\t<\/div>\n\t\t\t\t\t<\/div>\n\t\t<\/article>\n\t\t\t\t<\/div>\n\t\t\n\t\t\t\t\t\t<\/div>\n\t\t\t\t<\/div>\n\t\t\t\t\t<\/div>\n\t\t\t\t<\/div>\n\t\t\t\t<\/div>","protected":false},"excerpt":{"rendered":"<p>Ciclismo Costa Blanca - para\u00edso de entrenamiento costa y monta\u00f1a Desde equipos profesionales hasta ciclistas de ocio: la Costa Blanca ofrece una gran variedad de rutas, vistas al mar y<\/p>","protected":false},"author":1,"featured_media":9328,"comment_status":"closed","ping_status":"closed","sticky":false,"template":"elementor_header_footer","format":"standard","meta":{"om_disable_all_campaigns":false,"_monsterinsights_skip_tracking":false,"_monsterinsights_sitenote_active":false,"_monsterinsights_sitenote_note":"","_monsterinsights_sitenote_category":0,"footnotes":""},"categories":[27],"tags":[1377,1378,1381,1382,1380,1283,1379,1348],"class_list":["post-9321","post","type-post","status-publish","format-standard","has-post-thumbnail","hentry","category-radfahren-wandern","tag-coll-de-rates","tag-fahrradtouren-costa-blanca","tag-kuestenrouten-costa-blanca","tag-mountainbike-costa-blanca","tag-profi-radsport-costa-blanca","tag-radfahren-costa-blanca","tag-radtraining-costa-blanca","tag-sport-valencia"],"aioseo_notices":[],"_links":{"self":[{"href":"https:\/\/costablanca-magazin.com\/es\/wp-json\/wp\/v2\/posts\/9321","targetHints":{"allow":["GET"]}}],"collection":[{"href":"https:\/\/costablanca-magazin.com\/es\/wp-json\/wp\/v2\/posts"}],"about":[{"href":"https:\/\/costablanca-magazin.com\/es\/wp-json\/wp\/v2\/types\/post"}],"author":[{"embeddable":true,"href":"https:\/\/costablanca-magazin.com\/es\/wp-json\/wp\/v2\/users\/1"}],"replies":[{"embeddable":true,"href":"https:\/\/costablanca-magazin.com\/es\/wp-json\/wp\/v2\/comments?post=9321"}],"version-history":[{"count":13,"href":"https:\/\/costablanca-magazin.com\/es\/wp-json\/wp\/v2\/posts\/9321\/revisions"}],"predecessor-version":[{"id":10071,"href":"https:\/\/costablanca-magazin.com\/es\/wp-json\/wp\/v2\/posts\/9321\/revisions\/10071"}],"wp:featuredmedia":[{"embeddable":true,"href":"https:\/\/costablanca-magazin.com\/es\/wp-json\/wp\/v2\/media\/9328"}],"wp:attachment":[{"href":"https:\/\/costablanca-magazin.com\/es\/wp-json\/wp\/v2\/media?parent=9321"}],"wp:term":[{"taxonomy":"category","embeddable":true,"href":"https:\/\/costablanca-magazin.com\/es\/wp-json\/wp\/v2\/categories?post=9321"},{"taxonomy":"post_tag","embeddable":true,"href":"https:\/\/costablanca-magazin.com\/es\/wp-json\/wp\/v2\/tags?post=9321"}],"curies":[{"name":"wp","href":"https:\/\/api.w.org\/{rel}","templated":true}]}}