{"id":9057,"date":"2025-09-30T19:54:38","date_gmt":"2025-09-30T17:54:38","guid":{"rendered":"https:\/\/costablanca-magazin.com\/?p=9057"},"modified":"2025-12-04T12:20:30","modified_gmt":"2025-12-04T11:20:30","slug":"la-nucia-ciudad-deportiva-de-espana-con-historia-y-cultura","status":"publish","type":"post","link":"https:\/\/costablanca-magazin.com\/es\/freizeit\/aktivitaeten-und-ausfluege\/la-nucia-sportstadt-spaniens-mit-geschichte-kultur\/","title":{"rendered":"La Nuc\u00eda - Ciudad deportiva de Espa\u00f1a con historia y cultura"},"content":{"rendered":"<div data-elementor-type=\"wp-post\" data-elementor-id=\"9057\" class=\"elementor elementor-9057\" data-elementor-post-type=\"post\">\n\t\t\t\t<div class=\"elementor-element elementor-element-50504df e-flex e-con-boxed e-con e-parent\" data-id=\"50504df\" data-element_type=\"container\" data-e-type=\"container\">\n\t\t\t\t\t<div class=\"e-con-inner\">\n\t\t\t\t<div class=\"elementor-element elementor-element-aec238b elementor-widget elementor-widget-heading\" data-id=\"aec238b\" data-element_type=\"widget\" data-e-type=\"widget\" data-widget_type=\"heading.default\">\n\t\t\t\t<div class=\"elementor-widget-container\">\n\t\t\t\t\t<h1 class=\"elementor-heading-title elementor-size-default\">La Nuc\u00eda - Ciudad deportiva de Espa\u00f1a con historia y cultura<\/h1>\t\t\t\t<\/div>\n\t\t\t\t<\/div>\n\t\t\t\t<div class=\"elementor-element elementor-element-62b9f0e elementor-widget elementor-widget-image\" data-id=\"62b9f0e\" data-element_type=\"widget\" data-e-type=\"widget\" data-widget_type=\"image.default\">\n\t\t\t\t<div class=\"elementor-widget-container\">\n\t\t\t\t\t\t\t\t\t\t\t\t\t\t\t<img decoding=\"async\" src=\"https:\/\/costablanca-magazin.com\/wp-content\/uploads\/elementor\/thumbs\/ciudaddeportivacamilocano.com_deportes_estadio-olimpico-camilo-cano-rjc4zhpkun1coqkgz8aosflolganmn5fghyrz9vauk.jpg\" title=\"ciudad deportiva La nucia\" alt=\"ciudad deportiva La nucia\" loading=\"lazy\" \/>\t\t\t\t\t\t\t\t\t\t\t\t\t\t\t<\/div>\n\t\t\t\t<\/div>\n\t\t\t\t<div class=\"elementor-element elementor-element-5b87cc1 elementor-widget elementor-widget-heading\" data-id=\"5b87cc1\" data-element_type=\"widget\" data-e-type=\"widget\" data-widget_type=\"heading.default\">\n\t\t\t\t<div class=\"elementor-widget-container\">\n\t\t\t\t\t<h2 class=\"elementor-heading-title elementor-size-default\">La Nuc\u00eda combina patrimonio \u00e1rabe, diversidad internacional y modernas instalaciones deportivas. Descubra la cultura, las leyendas y lo m\u00e1s destacado de la gastronom\u00eda.<\/h2>\t\t\t\t<\/div>\n\t\t\t\t<\/div>\n\t\t\t\t\t<\/div>\n\t\t\t\t<\/div>\n\t\t<div class=\"elementor-element elementor-element-7c6fcdc e-flex e-con-boxed e-con e-parent\" data-id=\"7c6fcdc\" data-element_type=\"container\" data-e-type=\"container\">\n\t\t\t\t\t<div class=\"e-con-inner\">\n\t\t<div class=\"elementor-element elementor-element-a572918 e-con-full e-flex e-con e-child\" data-id=\"a572918\" data-element_type=\"container\" data-e-type=\"container\">\n\t\t\t\t<div class=\"elementor-element elementor-element-4298fa2 elementor-widget elementor-widget-gallery\" data-id=\"4298fa2\" data-element_type=\"widget\" data-e-type=\"widget\" data-settings=\"{&quot;gallery_layout&quot;:&quot;masonry&quot;,&quot;columns&quot;:2,&quot;gap&quot;:{&quot;unit&quot;:&quot;px&quot;,&quot;size&quot;:2,&quot;sizes&quot;:[]},&quot;lazyload&quot;:&quot;yes&quot;,&quot;columns_tablet&quot;:2,&quot;columns_mobile&quot;:1,&quot;gap_tablet&quot;:{&quot;unit&quot;:&quot;px&quot;,&quot;size&quot;:10,&quot;sizes&quot;:[]},&quot;gap_mobile&quot;:{&quot;unit&quot;:&quot;px&quot;,&quot;size&quot;:10,&quot;sizes&quot;:[]},&quot;link_to&quot;:&quot;file&quot;,&quot;overlay_background&quot;:&quot;yes&quot;,&quot;content_hover_animation&quot;:&quot;fade-in&quot;}\" data-widget_type=\"gallery.default\">\n\t\t\t\t<div class=\"elementor-widget-container\">\n\t\t\t\t\t\t\t<div class=\"elementor-gallery__container\">\n\t\t\t\t\t\t\t<a class=\"e-gallery-item elementor-gallery-item elementor-animated-content\" href=\"https:\/\/costablanca-magazin.com\/wp-content\/uploads\/2025\/09\/shutterstock_2411056497-scaled.jpg\" data-elementor-open-lightbox=\"yes\" data-elementor-lightbox-slideshow=\"4298fa2\" data-elementor-lightbox-title=\"La Nuc\u00eda \u2013 wo Legenden  auf Sportarenen treffen\" data-elementor-lightbox-description=\"La Nuc\u00eda \u2013 wo Legenden auf Sportarenen treffen\" data-e-action-hash=\"#elementor-action%3Aaction%3Dlightbox%26settings%3DeyJpZCI6OTA0OCwidXJsIjoiaHR0cHM6XC9cL2Nvc3RhYmxhbmNhLW1hZ2F6aW4uY29tXC93cC1jb250ZW50XC91cGxvYWRzXC8yMDI1XC8wOVwvc2h1dHRlcnN0b2NrXzI0MTEwNTY0OTctc2NhbGVkLmpwZyIsInNsaWRlc2hvdyI6IjQyOThmYTIifQ%3D%3D\">\n\t\t\t\t\t<div class=\"e-gallery-image elementor-gallery-item__image\" data-thumbnail=\"https:\/\/costablanca-magazin.com\/wp-content\/uploads\/2025\/09\/shutterstock_2411056497-scaled.jpg\" data-width=\"2560\" data-height=\"1707\" aria-label=\"La Nuc\u00eda: donde las leyendas se encuentran con los estadios deportivos 17\" role=\"img\" ><\/div>\n\t\t\t\t\t\t\t\t\t\t\t<div class=\"elementor-gallery-item__overlay\"><\/div>\n\t\t\t\t\t\t\t\t\t\t\t\t\t\t<\/a>\n\t\t\t\t\t\t\t<a class=\"e-gallery-item elementor-gallery-item elementor-animated-content\" href=\"https:\/\/costablanca-magazin.com\/wp-content\/uploads\/2025\/09\/La-Nucia-Estadi-Olympic-@la-nucia.jpg\" data-elementor-open-lightbox=\"yes\" data-elementor-lightbox-slideshow=\"4298fa2\" data-elementor-lightbox-title=\"La Nuc\u00eda \u2013 wo Legenden  auf Sportarenen treffen\" data-elementor-lightbox-description=\"La Nuc\u00eda \u2013 wo Legenden auf Sportarenen treffen\" data-e-action-hash=\"#elementor-action%3Aaction%3Dlightbox%26settings%3DeyJpZCI6OTA0NywidXJsIjoiaHR0cHM6XC9cL2Nvc3RhYmxhbmNhLW1hZ2F6aW4uY29tXC93cC1jb250ZW50XC91cGxvYWRzXC8yMDI1XC8wOVwvTGEtTnVjaWEtRXN0YWRpLU9seW1waWMtQGxhLW51Y2lhLmpwZyIsInNsaWRlc2hvdyI6IjQyOThmYTIifQ%3D%3D\">\n\t\t\t\t\t<div class=\"e-gallery-image elementor-gallery-item__image\" data-thumbnail=\"https:\/\/costablanca-magazin.com\/wp-content\/uploads\/2025\/09\/La-Nucia-Estadi-Olympic-@la-nucia.jpg\" data-width=\"833\" data-height=\"1024\" aria-label=\"La Nuc\u00eda: donde las leyendas se encuentran con los estadios deportivos 16\" role=\"img\" ><\/div>\n\t\t\t\t\t\t\t\t\t\t\t<div class=\"elementor-gallery-item__overlay\"><\/div>\n\t\t\t\t\t\t\t\t\t\t\t\t\t\t<\/a>\n\t\t\t\t\t\t\t<a class=\"e-gallery-item elementor-gallery-item elementor-animated-content\" href=\"https:\/\/costablanca-magazin.com\/wp-content\/uploads\/2025\/09\/CBM-La-Nucia-39-scaled.jpg\" data-elementor-open-lightbox=\"yes\" data-elementor-lightbox-slideshow=\"4298fa2\" data-elementor-lightbox-title=\"La Nuc\u00eda \u2013 wo Legenden  auf Sportarenen treffen\" data-elementor-lightbox-description=\"La Nuc\u00eda \u2013 wo Legenden auf Sportarenen treffen\" data-e-action-hash=\"#elementor-action%3Aaction%3Dlightbox%26settings%3DeyJpZCI6OTAzMywidXJsIjoiaHR0cHM6XC9cL2Nvc3RhYmxhbmNhLW1hZ2F6aW4uY29tXC93cC1jb250ZW50XC91cGxvYWRzXC8yMDI1XC8wOVwvQ0JNLUxhLU51Y2lhLTM5LXNjYWxlZC5qcGciLCJzbGlkZXNob3ciOiI0Mjk4ZmEyIn0%3D\">\n\t\t\t\t\t<div class=\"e-gallery-image elementor-gallery-item__image\" data-thumbnail=\"https:\/\/costablanca-magazin.com\/wp-content\/uploads\/2025\/09\/CBM-La-Nucia-39-scaled.jpg\" data-width=\"2560\" data-height=\"1822\" aria-label=\"La Nuc\u00eda: donde las leyendas se encuentran con los estadios deportivos 11\" role=\"img\" ><\/div>\n\t\t\t\t\t\t\t\t\t\t\t<div class=\"elementor-gallery-item__overlay\"><\/div>\n\t\t\t\t\t\t\t\t\t\t\t\t\t\t<\/a>\n\t\t\t\t\t\t\t<a class=\"e-gallery-item elementor-gallery-item elementor-animated-content\" href=\"https:\/\/costablanca-magazin.com\/wp-content\/uploads\/2025\/09\/CBM-La-Nucia-25-scaled.jpg\" data-elementor-open-lightbox=\"yes\" data-elementor-lightbox-slideshow=\"4298fa2\" data-elementor-lightbox-title=\"La Nuc\u00eda \u2013 wo Legenden  auf Sportarenen treffen\" data-elementor-lightbox-description=\"La Nuc\u00eda \u2013 wo Legenden auf Sportarenen treffen\" data-e-action-hash=\"#elementor-action%3Aaction%3Dlightbox%26settings%3DeyJpZCI6OTAxOSwidXJsIjoiaHR0cHM6XC9cL2Nvc3RhYmxhbmNhLW1hZ2F6aW4uY29tXC93cC1jb250ZW50XC91cGxvYWRzXC8yMDI1XC8wOVwvQ0JNLUxhLU51Y2lhLTI1LXNjYWxlZC5qcGciLCJzbGlkZXNob3ciOiI0Mjk4ZmEyIn0%3D\">\n\t\t\t\t\t<div class=\"e-gallery-image elementor-gallery-item__image\" data-thumbnail=\"https:\/\/costablanca-magazin.com\/wp-content\/uploads\/2025\/09\/CBM-La-Nucia-25-scaled.jpg\" data-width=\"2560\" data-height=\"1441\" aria-label=\"La Nuc\u00eda: donde las leyendas se encuentran con los estadios deportivos 9\" role=\"img\" ><\/div>\n\t\t\t\t\t\t\t\t\t\t\t<div class=\"elementor-gallery-item__overlay\"><\/div>\n\t\t\t\t\t\t\t\t\t\t\t\t\t\t<\/a>\n\t\t\t\t\t\t\t<a class=\"e-gallery-item elementor-gallery-item elementor-animated-content\" href=\"https:\/\/costablanca-magazin.com\/wp-content\/uploads\/2025\/09\/CBM-La-Nucia-23-scaled.jpg\" data-elementor-open-lightbox=\"yes\" data-elementor-lightbox-slideshow=\"4298fa2\" data-elementor-lightbox-title=\"La Nuc\u00eda \u2013 wo Legenden  auf Sportarenen treffen\" data-elementor-lightbox-description=\"La Nuc\u00eda \u2013 wo Legenden auf Sportarenen treffen\" data-e-action-hash=\"#elementor-action%3Aaction%3Dlightbox%26settings%3DeyJpZCI6OTAxNywidXJsIjoiaHR0cHM6XC9cL2Nvc3RhYmxhbmNhLW1hZ2F6aW4uY29tXC93cC1jb250ZW50XC91cGxvYWRzXC8yMDI1XC8wOVwvQ0JNLUxhLU51Y2lhLTIzLXNjYWxlZC5qcGciLCJzbGlkZXNob3ciOiI0Mjk4ZmEyIn0%3D\">\n\t\t\t\t\t<div class=\"e-gallery-image elementor-gallery-item__image\" data-thumbnail=\"https:\/\/costablanca-magazin.com\/wp-content\/uploads\/2025\/09\/CBM-La-Nucia-23-scaled.jpg\" data-width=\"2560\" data-height=\"1441\" aria-label=\"La Nuc\u00eda: donde las leyendas se encuentran con los estadios deportivos 8\" role=\"img\" ><\/div>\n\t\t\t\t\t\t\t\t\t\t\t<div class=\"elementor-gallery-item__overlay\"><\/div>\n\t\t\t\t\t\t\t\t\t\t\t\t\t\t<\/a>\n\t\t\t\t\t\t\t<a class=\"e-gallery-item elementor-gallery-item elementor-animated-content\" href=\"https:\/\/costablanca-magazin.com\/wp-content\/uploads\/2025\/09\/CBM-La-Nucia-20-scaled.jpg\" data-elementor-open-lightbox=\"yes\" data-elementor-lightbox-slideshow=\"4298fa2\" data-elementor-lightbox-title=\"CLa Nuc\u00eda \u2013 wo Legenden  auf Sportarenen treffen\" data-elementor-lightbox-description=\"La Nuc\u00eda \u2013 wo Legenden auf Sportarenen treffen\" data-e-action-hash=\"#elementor-action%3Aaction%3Dlightbox%26settings%3DeyJpZCI6OTAxNCwidXJsIjoiaHR0cHM6XC9cL2Nvc3RhYmxhbmNhLW1hZ2F6aW4uY29tXC93cC1jb250ZW50XC91cGxvYWRzXC8yMDI1XC8wOVwvQ0JNLUxhLU51Y2lhLTIwLXNjYWxlZC5qcGciLCJzbGlkZXNob3ciOiI0Mjk4ZmEyIn0%3D\">\n\t\t\t\t\t<div class=\"e-gallery-image elementor-gallery-item__image\" data-thumbnail=\"https:\/\/costablanca-magazin.com\/wp-content\/uploads\/2025\/09\/CBM-La-Nucia-20-scaled.jpg\" data-width=\"1441\" data-height=\"2560\" aria-label=\"La Nuc\u00eda: donde las leyendas se encuentran con los estadios deportivos 7\" role=\"img\" ><\/div>\n\t\t\t\t\t\t\t\t\t\t\t<div class=\"elementor-gallery-item__overlay\"><\/div>\n\t\t\t\t\t\t\t\t\t\t\t\t\t\t<\/a>\n\t\t\t\t\t\t\t<a class=\"e-gallery-item elementor-gallery-item elementor-animated-content\" href=\"https:\/\/costablanca-magazin.com\/wp-content\/uploads\/2025\/09\/CBM-La-Nucia-1-scaled.jpg\" data-elementor-open-lightbox=\"yes\" data-elementor-lightbox-slideshow=\"4298fa2\" data-elementor-lightbox-title=\"La Nuc\u00eda \u2013 wo Legenden  auf Sportarenen treffen\" data-elementor-lightbox-description=\"La Nuc\u00eda \u2013 wo Legenden auf Sportarenen treffen\" data-e-action-hash=\"#elementor-action%3Aaction%3Dlightbox%26settings%3DeyJpZCI6ODk5OCwidXJsIjoiaHR0cHM6XC9cL2Nvc3RhYmxhbmNhLW1hZ2F6aW4uY29tXC93cC1jb250ZW50XC91cGxvYWRzXC8yMDI1XC8wOVwvQ0JNLUxhLU51Y2lhLTEtc2NhbGVkLmpwZyIsInNsaWRlc2hvdyI6IjQyOThmYTIifQ%3D%3D\">\n\t\t\t\t\t<div class=\"e-gallery-image elementor-gallery-item__image\" data-thumbnail=\"https:\/\/costablanca-magazin.com\/wp-content\/uploads\/2025\/09\/CBM-La-Nucia-1-scaled.jpg\" data-width=\"1920\" data-height=\"2560\" aria-label=\"La Nuc\u00eda: donde las leyendas se encuentran con los estadios deportivos 2\" role=\"img\" ><\/div>\n\t\t\t\t\t\t\t\t\t\t\t<div class=\"elementor-gallery-item__overlay\"><\/div>\n\t\t\t\t\t\t\t\t\t\t\t\t\t\t<\/a>\n\t\t\t\t\t<\/div>\n\t\t\t\t\t<\/div>\n\t\t\t\t<\/div>\n\t\t\t\t<\/div>\n\t\t<div class=\"elementor-element elementor-element-4551074 e-con-full e-flex e-con e-child\" data-id=\"4551074\" data-element_type=\"container\" data-e-type=\"container\">\n\t\t\t\t<div class=\"elementor-element elementor-element-4c5d2f4 elementor-widget elementor-widget-text-editor\" data-id=\"4c5d2f4\" data-element_type=\"widget\" data-e-type=\"widget\" data-widget_type=\"text-editor.default\">\n\t\t\t\t<div class=\"elementor-widget-container\">\n\t\t\t\t\t\t\t\t\t<p>Cualquiera que visite La Nuc\u00eda se da cuenta r\u00e1pidamente de que este lugar es algo m\u00e1s que una mancha blanca entre Benidorm y Altea. Historias de siglos, una poblaci\u00f3n en r\u00e1pido crecimiento, influencias internacionales -y una visi\u00f3n que pretende hacer de La Nuc\u00eda la ciudad deportiva de Espa\u00f1a- se condensan en poco menos de 21 kil\u00f3metros cuadrados.<\/p><p><strong>De la \u201eNaziha\u201c \u00e1rabe a una comunidad segura de s\u00ed misma<\/strong><br \/>El origen del nombre se remonta al \u00e1rabe: \u201eNaziha\u201c significa \u201edeliciosa\u201c. No fue hasta 1705 cuando La Nuc\u00eda se separ\u00f3 de la baron\u00eda de Polop y escribi\u00f3 su propia historia. Durante generaciones, el pueblo vivi\u00f3 de la almendra, el olivo y los c\u00edtricos. Todav\u00eda hoy se pueden encontrar vestigios de esta \u00e9poca en las estrechas callejuelas del casco antiguo o en el lavadero cubierto de los a\u00f1os veinte.<br \/>Crecimiento que sorprende<br \/>A principios de los a\u00f1os 80, La Nuc\u00eda apenas ten\u00eda 3.500 habitantes. Hoy son casi 19.000, un tercio de los cuales proceden del extranjero. Holandeses, belgas, escandinavos: han convertido el municipio en un crisol de culturas donde en el mercado de los domingos por la ma\u00f1ana se hablan casi tantos idiomas como productos se ofrecen.<\/p><p><strong>Roxana y las l\u00e1grimas de Favara<\/strong><br \/>Pero La Nuc\u00eda no es s\u00f3lo estad\u00edstica. Son las historias las que dan vida al lugar. Una de ellas habla de Roxana, la hija de un gobernante, que huy\u00f3 por amor y fue convertida en piedra por una sacerdotisa. Se dice que sus l\u00e1grimas a\u00fan manan, como la fuente de la Favara. Cualquiera que se siente all\u00ed hoy oir\u00e1 el rugido de la cascada y comprender\u00e1 por qu\u00e9 esta leyenda se ha transmitido durante siglos.<\/p><p><strong>La cultura se une a la modernidad<\/strong><br \/>La Nuc\u00eda reconoci\u00f3 muy pronto que la tradici\u00f3n por s\u00ed sola no es suficiente. En 2007 se cre\u00f3 el Auditorio del Mediterr\u00e1neo, un centro cultural que re\u00fane conciertos, danza y exposiciones bajo un mismo techo. En el Captivador, un centro de educaci\u00f3n ambiental rodeado de vegetaci\u00f3n mediterr\u00e1nea, se da prioridad absoluta a la naturaleza y la sostenibilidad.<\/p>\t\t\t\t\t\t\t\t<\/div>\n\t\t\t\t<\/div>\n\t\t\t\t<\/div>\n\t\t\t\t\t<\/div>\n\t\t\t\t<\/div>\n\t\t<div class=\"elementor-element elementor-element-7344c9b e-flex e-con-boxed e-con e-parent\" data-id=\"7344c9b\" data-element_type=\"container\" data-e-type=\"container\">\n\t\t\t\t\t<div class=\"e-con-inner\">\n\t\t<div class=\"elementor-element elementor-element-719e51b e-con-full e-flex e-con e-child\" data-id=\"719e51b\" data-element_type=\"container\" data-e-type=\"container\">\n\t\t\t\t<div class=\"elementor-element elementor-element-0684dd6 elementor-widget elementor-widget-text-editor\" data-id=\"0684dd6\" data-element_type=\"widget\" data-e-type=\"widget\" data-widget_type=\"text-editor.default\">\n\t\t\t\t<div class=\"elementor-widget-container\">\n\t\t\t\t\t\t\t\t\t<p><strong>Comunidad deportiva con estadio ol\u00edmpico<\/strong><br \/>El nuevo comienzo es especialmente visible en el deporte. La Ciudad Deportiva Camilo Cano est\u00e1 considerada una de las instalaciones m\u00e1s modernas de Espa\u00f1a. M\u00e1s de 60 instalaciones deportivas, centros de entrenamiento, incluso un estadio ol\u00edmpico: aqu\u00ed compiten por igual profesionales, j\u00f3venes deportistas y atletas recreativos. Esto es extraordinario para un municipio de este tama\u00f1o y una de las razones por las que La Nuc\u00eda lleva tiempo siendo noticia en toda la regi\u00f3n.<br \/><br \/><strong>Entre la fiesta y la vida cotidiana<\/strong><br \/>Sin embargo, el calendario sigue firmemente anclado en la tradici\u00f3n. A mediados de agosto, los habitantes honran a sus patronos Virgen de la Asunci\u00f3n y San Roque, en primavera San Vicente Ferrer en el Captivador. En julio, la \u201eCarta Puebla\u201c conmemora el hist\u00f3rico desprendimiento de Polop, acompa\u00f1ada de un mercado medieval que llena las callejuelas.<\/p><p><strong>Un sabor a La Nuc\u00eda<\/strong><br \/>En t\u00e9rminos culinarios, la comunidad tiene los pies en la tierra. El arroz cocido, la morcilla con cebolla o las tortas de ma\u00edz forman parte de ella, al igual que los dulces pastissets de almendra o boniato. Y si pasea por las huertas en primavera, no puede perderse los n\u00edsperos de color amarillo dorado, quiz\u00e1 el s\u00edmbolo m\u00e1s dulce de La Nuc\u00eda.<br \/>La Nuc\u00eda es un lugar de contrastes: tradiciones arraigadas junto a moderna arquitectura deportiva, inmigraci\u00f3n internacional junto a viejas leyendas, bullicio mercantil junto a tranquilos espacios naturales. Tal vez sea esta tensi\u00f3n la que lo hace tan atractivo, y explica por qu\u00e9 el municipio del interior de la Marina Baixa lleva a\u00f1os creciendo y reinvent\u00e1ndose constantemente.<\/p>\t\t\t\t\t\t\t\t<\/div>\n\t\t\t\t<\/div>\n\t\t\t\t<div class=\"elementor-element elementor-element-ed0b9c2 elementor-widget elementor-widget-heading\" data-id=\"ed0b9c2\" data-element_type=\"widget\" data-e-type=\"widget\" data-widget_type=\"heading.default\">\n\t\t\t\t<div class=\"elementor-widget-container\">\n\t\t\t\t\t<h4 class=\"elementor-heading-title elementor-size-default\">Corto y dulce<\/h4>\t\t\t\t<\/div>\n\t\t\t\t<\/div>\n\t\t\t\t<div class=\"elementor-element elementor-element-2f68ae6 elementor-widget elementor-widget-text-editor\" data-id=\"2f68ae6\" data-element_type=\"widget\" data-e-type=\"widget\" data-widget_type=\"text-editor.default\">\n\t\t\t\t<div class=\"elementor-widget-container\">\n\t\t\t\t\t\t\t\t\t<p>\u25b6 Poblaci\u00f3n: aprox. 19.000 habitantes<br \/>\u25b6 Proporci\u00f3n de extranjeros: alrededor de 32%<br \/>Superficie: 21,3 km\u00b2.<br \/>Lugares de inter\u00e9s: Fuente de la Favara y Lavadero hist\u00f3rico<br \/>\u25b6 Caracter\u00edsticas especiales: \u201eCiudad Deportiva Camilo Cano\u201c con estadio ol\u00edmpico, centro medioambiental Captivador.<br \/>Fiestas: Virgen de la Asunci\u00f3n y San Roque (agosto), San Vicente Ferrer (primavera), San Rafael (noviembre), Carta Puebla (9 de julio)<br \/>\u25b6 Delicias culinarias: Arroz cocido, morcilla con cebolla, n\u00edsperos, pastissets.<br \/>\u25b6 Mercado semanal: todos los domingos (Plaza de las Nits).<\/p>\t\t\t\t\t\t\t\t<\/div>\n\t\t\t\t<\/div>\n\t\t\t\t<\/div>\n\t\t<div class=\"elementor-element elementor-element-e0cc9af e-con-full e-flex e-con e-child\" data-id=\"e0cc9af\" data-element_type=\"container\" data-e-type=\"container\">\n\t\t\t\t<div class=\"elementor-element elementor-element-902abb1 elementor-widget elementor-widget-gallery\" data-id=\"902abb1\" data-element_type=\"widget\" data-e-type=\"widget\" data-settings=\"{&quot;gallery_layout&quot;:&quot;masonry&quot;,&quot;columns&quot;:2,&quot;gap&quot;:{&quot;unit&quot;:&quot;px&quot;,&quot;size&quot;:2,&quot;sizes&quot;:[]},&quot;lazyload&quot;:&quot;yes&quot;,&quot;columns_tablet&quot;:2,&quot;columns_mobile&quot;:1,&quot;gap_tablet&quot;:{&quot;unit&quot;:&quot;px&quot;,&quot;size&quot;:10,&quot;sizes&quot;:[]},&quot;gap_mobile&quot;:{&quot;unit&quot;:&quot;px&quot;,&quot;size&quot;:10,&quot;sizes&quot;:[]},&quot;link_to&quot;:&quot;file&quot;,&quot;overlay_background&quot;:&quot;yes&quot;,&quot;content_hover_animation&quot;:&quot;fade-in&quot;}\" data-widget_type=\"gallery.default\">\n\t\t\t\t<div class=\"elementor-widget-container\">\n\t\t\t\t\t\t\t<div class=\"elementor-gallery__container\">\n\t\t\t\t\t\t\t<a class=\"e-gallery-item elementor-gallery-item elementor-animated-content\" href=\"https:\/\/costablanca-magazin.com\/wp-content\/uploads\/2025\/09\/CBM-La-Nucia-36-scaled.jpg\" data-elementor-open-lightbox=\"yes\" data-elementor-lightbox-slideshow=\"902abb1\" data-elementor-lightbox-title=\"La Nuc\u00eda \u2013 wo Legenden  auf Sportarenen treffen\" data-elementor-lightbox-description=\"La Nuc\u00eda \u2013 wo Legenden auf Sportarenen treffen\" data-e-action-hash=\"#elementor-action%3Aaction%3Dlightbox%26settings%3DeyJpZCI6OTAzMCwidXJsIjoiaHR0cHM6XC9cL2Nvc3RhYmxhbmNhLW1hZ2F6aW4uY29tXC93cC1jb250ZW50XC91cGxvYWRzXC8yMDI1XC8wOVwvQ0JNLUxhLU51Y2lhLTM2LXNjYWxlZC5qcGciLCJzbGlkZXNob3ciOiI5MDJhYmIxIn0%3D\">\n\t\t\t\t\t<div class=\"e-gallery-image elementor-gallery-item__image\" data-thumbnail=\"https:\/\/costablanca-magazin.com\/wp-content\/uploads\/2025\/09\/CBM-La-Nucia-36-scaled.jpg\" data-width=\"2560\" data-height=\"1441\" aria-label=\"La Nuc\u00eda: donde las leyendas se encuentran con los estadios deportivos 10\" role=\"img\" ><\/div>\n\t\t\t\t\t\t\t\t\t\t\t<div class=\"elementor-gallery-item__overlay\"><\/div>\n\t\t\t\t\t\t\t\t\t\t\t\t\t\t<\/a>\n\t\t\t\t\t\t\t<a class=\"e-gallery-item elementor-gallery-item elementor-animated-content\" href=\"https:\/\/costablanca-magazin.com\/wp-content\/uploads\/2025\/09\/CBM-La-Nucia-51-rotated.jpg\" data-elementor-open-lightbox=\"yes\" data-elementor-lightbox-slideshow=\"902abb1\" data-elementor-lightbox-title=\"La Nuc\u00eda \u2013 wo Legenden  auf Sportarenen treffen\" data-elementor-lightbox-description=\"La Nuc\u00eda \u2013 wo Legenden auf Sportarenen treffen\" data-e-action-hash=\"#elementor-action%3Aaction%3Dlightbox%26settings%3DeyJpZCI6OTA0NSwidXJsIjoiaHR0cHM6XC9cL2Nvc3RhYmxhbmNhLW1hZ2F6aW4uY29tXC93cC1jb250ZW50XC91cGxvYWRzXC8yMDI1XC8wOVwvQ0JNLUxhLU51Y2lhLTUxLXJvdGF0ZWQuanBnIiwic2xpZGVzaG93IjoiOTAyYWJiMSJ9\">\n\t\t\t\t\t<div class=\"e-gallery-image elementor-gallery-item__image\" data-thumbnail=\"https:\/\/costablanca-magazin.com\/wp-content\/uploads\/2025\/09\/CBM-La-Nucia-51-rotated.jpg\" data-width=\"1441\" data-height=\"2560\" aria-label=\"La Nuc\u00eda: donde las leyendas se encuentran con los estadios deportivos 15\" role=\"img\" ><\/div>\n\t\t\t\t\t\t\t\t\t\t\t<div class=\"elementor-gallery-item__overlay\"><\/div>\n\t\t\t\t\t\t\t\t\t\t\t\t\t\t<\/a>\n\t\t\t\t\t\t\t<a class=\"e-gallery-item elementor-gallery-item elementor-animated-content\" href=\"https:\/\/costablanca-magazin.com\/wp-content\/uploads\/2025\/09\/CBM-La-Nucia-49-scaled.jpg\" data-elementor-open-lightbox=\"yes\" data-elementor-lightbox-slideshow=\"902abb1\" data-elementor-lightbox-title=\"La Nuc\u00eda \u2013 wo Legenden  auf Sportarenen treffen\" data-elementor-lightbox-description=\"La Nuc\u00eda \u2013 wo Legenden auf Sportarenen treffen\" data-e-action-hash=\"#elementor-action%3Aaction%3Dlightbox%26settings%3DeyJpZCI6OTA0MywidXJsIjoiaHR0cHM6XC9cL2Nvc3RhYmxhbmNhLW1hZ2F6aW4uY29tXC93cC1jb250ZW50XC91cGxvYWRzXC8yMDI1XC8wOVwvQ0JNLUxhLU51Y2lhLTQ5LXNjYWxlZC5qcGciLCJzbGlkZXNob3ciOiI5MDJhYmIxIn0%3D\">\n\t\t\t\t\t<div class=\"e-gallery-image elementor-gallery-item__image\" data-thumbnail=\"https:\/\/costablanca-magazin.com\/wp-content\/uploads\/2025\/09\/CBM-La-Nucia-49-scaled.jpg\" data-width=\"1441\" data-height=\"2560\" aria-label=\"La Nuc\u00eda: donde las leyendas se encuentran con los estadios deportivos 14\" role=\"img\" ><\/div>\n\t\t\t\t\t\t\t\t\t\t\t<div class=\"elementor-gallery-item__overlay\"><\/div>\n\t\t\t\t\t\t\t\t\t\t\t\t\t\t<\/a>\n\t\t\t\t\t\t\t<a class=\"e-gallery-item elementor-gallery-item elementor-animated-content\" href=\"https:\/\/costablanca-magazin.com\/wp-content\/uploads\/2025\/09\/CBM-La-Nucia-48-scaled.jpg\" data-elementor-open-lightbox=\"yes\" data-elementor-lightbox-slideshow=\"902abb1\" data-elementor-lightbox-title=\"La Nuc\u00eda \u2013 wo Legenden  auf Sportarenen treffen\" data-elementor-lightbox-description=\"La Nuc\u00eda \u2013 wo Legenden auf Sportarenen treffen\" data-e-action-hash=\"#elementor-action%3Aaction%3Dlightbox%26settings%3DeyJpZCI6OTA0MiwidXJsIjoiaHR0cHM6XC9cL2Nvc3RhYmxhbmNhLW1hZ2F6aW4uY29tXC93cC1jb250ZW50XC91cGxvYWRzXC8yMDI1XC8wOVwvQ0JNLUxhLU51Y2lhLTQ4LXNjYWxlZC5qcGciLCJzbGlkZXNob3ciOiI5MDJhYmIxIn0%3D\">\n\t\t\t\t\t<div class=\"e-gallery-image elementor-gallery-item__image\" data-thumbnail=\"https:\/\/costablanca-magazin.com\/wp-content\/uploads\/2025\/09\/CBM-La-Nucia-48-scaled.jpg\" data-width=\"2560\" data-height=\"1760\" aria-label=\"La Nuc\u00eda: donde las leyendas se encuentran con los estadios deportivos 13\" role=\"img\" ><\/div>\n\t\t\t\t\t\t\t\t\t\t\t<div class=\"elementor-gallery-item__overlay\"><\/div>\n\t\t\t\t\t\t\t\t\t\t\t\t\t\t<\/a>\n\t\t\t\t\t\t\t<a class=\"e-gallery-item elementor-gallery-item elementor-animated-content\" href=\"https:\/\/costablanca-magazin.com\/wp-content\/uploads\/2025\/09\/CBM-La-Nucia-8-scaled.jpg\" data-elementor-open-lightbox=\"yes\" data-elementor-lightbox-slideshow=\"902abb1\" data-elementor-lightbox-title=\"La Nuc\u00eda \u2013 wo Legenden  auf Sportarenen treffen\" data-elementor-lightbox-description=\"La Nuc\u00eda \u2013 wo Legenden auf Sportarenen treffen\" data-e-action-hash=\"#elementor-action%3Aaction%3Dlightbox%26settings%3DeyJpZCI6OTAwMiwidXJsIjoiaHR0cHM6XC9cL2Nvc3RhYmxhbmNhLW1hZ2F6aW4uY29tXC93cC1jb250ZW50XC91cGxvYWRzXC8yMDI1XC8wOVwvQ0JNLUxhLU51Y2lhLTgtc2NhbGVkLmpwZyIsInNsaWRlc2hvdyI6IjkwMmFiYjEifQ%3D%3D\">\n\t\t\t\t\t<div class=\"e-gallery-image elementor-gallery-item__image\" data-thumbnail=\"https:\/\/costablanca-magazin.com\/wp-content\/uploads\/2025\/09\/CBM-La-Nucia-8-scaled.jpg\" data-width=\"2560\" data-height=\"1441\" aria-label=\"La Nuc\u00eda: donde las leyendas se encuentran con los estadios deportivos 5\" role=\"img\" ><\/div>\n\t\t\t\t\t\t\t\t\t\t\t<div class=\"elementor-gallery-item__overlay\"><\/div>\n\t\t\t\t\t\t\t\t\t\t\t\t\t\t<\/a>\n\t\t\t\t\t\t\t<a class=\"e-gallery-item elementor-gallery-item elementor-animated-content\" href=\"https:\/\/costablanca-magazin.com\/wp-content\/uploads\/2025\/09\/CBM-La-Nucia-9-scaled.jpg\" data-elementor-open-lightbox=\"yes\" data-elementor-lightbox-slideshow=\"902abb1\" data-elementor-lightbox-title=\"La Nuc\u00eda \u2013 wo Legenden  auf Sportarenen treffen\" data-elementor-lightbox-description=\"La Nuc\u00eda \u2013 wo Legenden auf Sportarenen treffen\" data-e-action-hash=\"#elementor-action%3Aaction%3Dlightbox%26settings%3DeyJpZCI6OTAwMywidXJsIjoiaHR0cHM6XC9cL2Nvc3RhYmxhbmNhLW1hZ2F6aW4uY29tXC93cC1jb250ZW50XC91cGxvYWRzXC8yMDI1XC8wOVwvQ0JNLUxhLU51Y2lhLTktc2NhbGVkLmpwZyIsInNsaWRlc2hvdyI6IjkwMmFiYjEifQ%3D%3D\">\n\t\t\t\t\t<div class=\"e-gallery-image elementor-gallery-item__image\" data-thumbnail=\"https:\/\/costablanca-magazin.com\/wp-content\/uploads\/2025\/09\/CBM-La-Nucia-9-scaled.jpg\" data-width=\"1441\" data-height=\"2560\" aria-label=\"La Nuc\u00eda: donde las leyendas se encuentran con los estadios deportivos 6\" role=\"img\" ><\/div>\n\t\t\t\t\t\t\t\t\t\t\t<div class=\"elementor-gallery-item__overlay\"><\/div>\n\t\t\t\t\t\t\t\t\t\t\t\t\t\t<\/a>\n\t\t\t\t\t\t\t<a class=\"e-gallery-item elementor-gallery-item elementor-animated-content\" href=\"https:\/\/costablanca-magazin.com\/wp-content\/uploads\/2025\/09\/CBM-La-Nucia-2-scaled.jpg\" data-elementor-open-lightbox=\"yes\" data-elementor-lightbox-slideshow=\"902abb1\" data-elementor-lightbox-title=\"La Nuc\u00eda \u2013 wo Legenden  auf Sportarenen treffen\" data-elementor-lightbox-description=\"La Nuc\u00eda \u2013 wo Legenden auf Sportarenen treffen\" data-e-action-hash=\"#elementor-action%3Aaction%3Dlightbox%26settings%3DeyJpZCI6ODk5OSwidXJsIjoiaHR0cHM6XC9cL2Nvc3RhYmxhbmNhLW1hZ2F6aW4uY29tXC93cC1jb250ZW50XC91cGxvYWRzXC8yMDI1XC8wOVwvQ0JNLUxhLU51Y2lhLTItc2NhbGVkLmpwZyIsInNsaWRlc2hvdyI6IjkwMmFiYjEifQ%3D%3D\">\n\t\t\t\t\t<div class=\"e-gallery-image elementor-gallery-item__image\" data-thumbnail=\"https:\/\/costablanca-magazin.com\/wp-content\/uploads\/2025\/09\/CBM-La-Nucia-2-scaled.jpg\" data-width=\"2560\" data-height=\"1920\" aria-label=\"La Nuc\u00eda: donde las leyendas se encuentran con los estadios deportivos 3\" role=\"img\" ><\/div>\n\t\t\t\t\t\t\t\t\t\t\t<div class=\"elementor-gallery-item__overlay\"><\/div>\n\t\t\t\t\t\t\t\t\t\t\t\t\t\t<\/a>\n\t\t\t\t\t\t\t<a class=\"e-gallery-item elementor-gallery-item elementor-animated-content\" href=\"https:\/\/costablanca-magazin.com\/wp-content\/uploads\/2025\/09\/CBM-La-Nucia-3-scaled.jpg\" data-elementor-open-lightbox=\"yes\" data-elementor-lightbox-slideshow=\"902abb1\" data-elementor-lightbox-title=\"La Nuc\u00eda \u2013 wo Legenden  auf Sportarenen treffen\" data-elementor-lightbox-description=\"La Nuc\u00eda \u2013 wo Legenden auf Sportarenen treffen\" data-e-action-hash=\"#elementor-action%3Aaction%3Dlightbox%26settings%3DeyJpZCI6OTAwMCwidXJsIjoiaHR0cHM6XC9cL2Nvc3RhYmxhbmNhLW1hZ2F6aW4uY29tXC93cC1jb250ZW50XC91cGxvYWRzXC8yMDI1XC8wOVwvQ0JNLUxhLU51Y2lhLTMtc2NhbGVkLmpwZyIsInNsaWRlc2hvdyI6IjkwMmFiYjEifQ%3D%3D\">\n\t\t\t\t\t<div class=\"e-gallery-image elementor-gallery-item__image\" data-thumbnail=\"https:\/\/costablanca-magazin.com\/wp-content\/uploads\/2025\/09\/CBM-La-Nucia-3-scaled.jpg\" data-width=\"2560\" data-height=\"1920\" aria-label=\"La Nuc\u00eda: donde las leyendas se encuentran con los estadios deportivos 4\" role=\"img\" ><\/div>\n\t\t\t\t\t\t\t\t\t\t\t<div class=\"elementor-gallery-item__overlay\"><\/div>\n\t\t\t\t\t\t\t\t\t\t\t\t\t\t<\/a>\n\t\t\t\t\t\t\t<a class=\"e-gallery-item elementor-gallery-item elementor-animated-content\" href=\"https:\/\/costablanca-magazin.com\/wp-content\/uploads\/2025\/09\/CBM-La-Nucia-42-scaled.jpg\" data-elementor-open-lightbox=\"yes\" data-elementor-lightbox-slideshow=\"902abb1\" data-elementor-lightbox-title=\"La Nuc\u00eda \u2013 wo Legenden  auf Sportarenen treffen\" data-elementor-lightbox-description=\"La Nuc\u00eda \u2013 wo Legenden auf Sportarenen treffen\" data-e-action-hash=\"#elementor-action%3Aaction%3Dlightbox%26settings%3DeyJpZCI6OTAzNiwidXJsIjoiaHR0cHM6XC9cL2Nvc3RhYmxhbmNhLW1hZ2F6aW4uY29tXC93cC1jb250ZW50XC91cGxvYWRzXC8yMDI1XC8wOVwvQ0JNLUxhLU51Y2lhLTQyLXNjYWxlZC5qcGciLCJzbGlkZXNob3ciOiI5MDJhYmIxIn0%3D\">\n\t\t\t\t\t<div class=\"e-gallery-image elementor-gallery-item__image\" data-thumbnail=\"https:\/\/costablanca-magazin.com\/wp-content\/uploads\/2025\/09\/CBM-La-Nucia-42-scaled.jpg\" data-width=\"2560\" data-height=\"1441\" aria-label=\"La Nuc\u00eda: donde las leyendas se encuentran con los estadios deportivos 12\" role=\"img\" ><\/div>\n\t\t\t\t\t\t\t\t\t\t\t<div class=\"elementor-gallery-item__overlay\"><\/div>\n\t\t\t\t\t\t\t\t\t\t\t\t\t\t<\/a>\n\t\t\t\t\t\t\t<a class=\"e-gallery-item elementor-gallery-item elementor-animated-content\" href=\"https:\/\/costablanca-magazin.com\/wp-content\/uploads\/2025\/09\/CBM-Auditorien-La-Nucia-3-scaled.jpg\" data-elementor-open-lightbox=\"yes\" data-elementor-lightbox-slideshow=\"902abb1\" data-elementor-lightbox-title=\"La Nuc\u00eda \u2013 wo Legenden  auf Sportarenen treffen\" data-elementor-lightbox-description=\"La Nuc\u00eda \u2013 wo Legenden auf Sportarenen treffen\" data-e-action-hash=\"#elementor-action%3Aaction%3Dlightbox%26settings%3DeyJpZCI6ODk5NiwidXJsIjoiaHR0cHM6XC9cL2Nvc3RhYmxhbmNhLW1hZ2F6aW4uY29tXC93cC1jb250ZW50XC91cGxvYWRzXC8yMDI1XC8wOVwvQ0JNLUF1ZGl0b3JpZW4tTGEtTnVjaWEtMy1zY2FsZWQuanBnIiwic2xpZGVzaG93IjoiOTAyYWJiMSJ9\">\n\t\t\t\t\t<div class=\"e-gallery-image elementor-gallery-item__image\" data-thumbnail=\"https:\/\/costablanca-magazin.com\/wp-content\/uploads\/2025\/09\/CBM-Auditorien-La-Nucia-3-scaled.jpg\" data-width=\"2560\" data-height=\"1441\" aria-label=\"La Nuc\u00eda: donde las leyendas se encuentran con los estadios deportivos 1\" role=\"img\" ><\/div>\n\t\t\t\t\t\t\t\t\t\t\t<div class=\"elementor-gallery-item__overlay\"><\/div>\n\t\t\t\t\t\t\t\t\t\t\t\t\t\t<\/a>\n\t\t\t\t\t<\/div>\n\t\t\t\t\t<\/div>\n\t\t\t\t<\/div>\n\t\t\t\t<\/div>\n\t\t\t\t\t<\/div>\n\t\t\t\t<\/div>\n\t\t<div class=\"elementor-element elementor-element-7a12fbd e-flex e-con-boxed e-con e-parent\" data-id=\"7a12fbd\" data-element_type=\"container\" data-e-type=\"container\">\n\t\t\t\t\t<div class=\"e-con-inner\">\n\t\t\t\t<div class=\"elementor-element elementor-element-cb5f838 elementor-widget-divider--separator-type-pattern elementor-widget-divider--no-spacing elementor-widget-divider--view-line elementor-widget elementor-widget-divider\" data-id=\"cb5f838\" data-element_type=\"widget\" data-e-type=\"widget\" data-widget_type=\"divider.default\">\n\t\t\t\t<div class=\"elementor-widget-container\">\n\t\t\t\t\t\t\t<div class=\"elementor-divider\" style=\"--divider-pattern-url: url(&quot;data:image\/svg+xml,%3Csvg xmlns=&#039;http:\/\/www.w3.org\/2000\/svg&#039; preserveAspectRatio=&#039;xMidYMid meet&#039; overflow=&#039;visible&#039; height=&#039;100%&#039; viewBox=&#039;0 0 126 26&#039; fill=&#039;black&#039; stroke=&#039;none&#039;%3E%3Cpath d=&#039;M3,10.2c2.6,0,2.6,2,2.6,3.2S4.4,16.5,3,16.5s-3-1.4-3-3.2S0.4,10.2,3,10.2z M18.8,10.2c1.7,0,3.2,1.4,3.2,3.2s-1.4,3.2-3.2,3.2c-1.7,0-3.2-1.4-3.2-3.2S17,10.2,18.8,10.2z M34.6,10.2c1.5,0,2.6,1.4,2.6,3.2s-0.5,3.2-1.9,3.2c-1.5,0-3.4-1.4-3.4-3.2S33.1,10.2,34.6,10.2z M50.5,10.2c1.7,0,3.2,1.4,3.2,3.2s-1.4,3.2-3.2,3.2c-1.7,0-3.3-0.9-3.3-2.6S48.7,10.2,50.5,10.2z M66.2,10.2c1.5,0,3.4,1.4,3.4,3.2s-1.9,3.2-3.4,3.2c-1.5,0-2.6-0.4-2.6-2.1S64.8,10.2,66.2,10.2z M82.2,10.2c1.7,0.8,2.6,1.4,2.6,3.2s-0.1,3.2-1.6,3.2c-1.5,0-3.7-1.4-3.7-3.2S80.5,9.4,82.2,10.2zM98.6,10.2c1.5,0,2.6,0.4,2.6,2.1s-1.2,4.2-2.6,4.2c-1.5,0-3.7-0.4-3.7-2.1S97.1,10.2,98.6,10.2z M113.4,10.2c1.2,0,2.2,0.9,2.2,3.2s-0.1,3.2-1.3,3.2s-3.1-1.4-3.1-3.2S112.2,10.2,113.4,10.2z&#039;\/%3E%3C\/svg%3E&quot;);\">\n\t\t\t<span class=\"elementor-divider-separator\">\n\t\t\t\t\t\t<\/span>\n\t\t<\/div>\n\t\t\t\t\t\t<\/div>\n\t\t\t\t<\/div>\n\t\t\t\t\t<\/div>\n\t\t\t\t<\/div>\n\t\t<div class=\"elementor-element elementor-element-36e6c28 e-flex e-con-boxed e-con e-parent\" data-id=\"36e6c28\" data-element_type=\"container\" data-e-type=\"container\">\n\t\t\t\t\t<div class=\"e-con-inner\">\n\t\t\t\t<div class=\"elementor-element elementor-element-f182095 elementor-grid-3 elementor-grid-tablet-2 elementor-grid-mobile-1 elementor-posts--thumbnail-top elementor-posts--show-avatar elementor-card-shadow-yes elementor-posts__hover-gradient elementor-widget elementor-widget-posts\" data-id=\"f182095\" data-element_type=\"widget\" data-e-type=\"widget\" data-settings=\"{&quot;cards_columns&quot;:&quot;3&quot;,&quot;cards_columns_tablet&quot;:&quot;2&quot;,&quot;cards_columns_mobile&quot;:&quot;1&quot;,&quot;cards_row_gap&quot;:{&quot;unit&quot;:&quot;px&quot;,&quot;size&quot;:35,&quot;sizes&quot;:[]},&quot;cards_row_gap_tablet&quot;:{&quot;unit&quot;:&quot;px&quot;,&quot;size&quot;:&quot;&quot;,&quot;sizes&quot;:[]},&quot;cards_row_gap_mobile&quot;:{&quot;unit&quot;:&quot;px&quot;,&quot;size&quot;:&quot;&quot;,&quot;sizes&quot;:[]}}\" data-widget_type=\"posts.cards\">\n\t\t\t\t<div class=\"elementor-widget-container\">\n\t\t\t\t\t\t\t<div class=\"elementor-posts-container elementor-posts elementor-posts--skin-cards elementor-grid\" role=\"list\">\n\t\t\t\t<article class=\"elementor-post elementor-grid-item post-8593 post type-post status-publish format-standard has-post-thumbnail hentry category-aktivitaeten-und-ausfluege tag-castillo-de-denia tag-denia tag-hafenstadt tag-marina-alta tag-mi-pueblo tag-montgo tag-straende-denia\" role=\"listitem\">\n\t\t\t<div class=\"elementor-post__card\">\n\t\t\t\t<a class=\"elementor-post__thumbnail__link\" href=\"https:\/\/costablanca-magazin.com\/es\/freizeit\/aktivitaeten-und-ausfluege\/denia-die-stadt-zwischen-meer-montgo-und-geschichte\/\" tabindex=\"-1\" ><div class=\"elementor-post__thumbnail\"><img fetchpriority=\"high\" decoding=\"async\" width=\"864\" height=\"648\" src=\"https:\/\/costablanca-magazin.com\/wp-content\/uploads\/2025\/08\/Markus-Galiano-2.jpg\" class=\"attachment-1536x1536 size-1536x1536 wp-image-8629\" alt=\"D\u00e9nia, ciudad entre el mar y el Montg\u00f3 14\" srcset=\"https:\/\/costablanca-magazin.com\/wp-content\/uploads\/2025\/08\/Markus-Galiano-2.jpg 864w, https:\/\/costablanca-magazin.com\/wp-content\/uploads\/2025\/08\/Markus-Galiano-2-300x225.jpg 300w, https:\/\/costablanca-magazin.com\/wp-content\/uploads\/2025\/08\/Markus-Galiano-2-768x576.jpg 768w\" sizes=\"(max-width: 864px) 100vw, 864px\" \/><\/div><\/a>\n\t\t\t\t<div class=\"elementor-post__badge\">Actividades y excursiones<\/div>\n\t\t\t\t<div class=\"elementor-post__avatar\">\n\t\t\t\t\t<\/div>\n\t\t\t\t<div class=\"elementor-post__text\">\n\t\t\t\t<h3 class=\"elementor-post__title\">\n\t\t\t<a href=\"https:\/\/costablanca-magazin.com\/es\/freizeit\/aktivitaeten-und-ausfluege\/denia-die-stadt-zwischen-meer-montgo-und-geschichte\/\" >\n\t\t\t\tD\u00e9nia, entre mar, Montg\u00f3 e historia\t\t\t<\/a>\n\t\t<\/h3>\n\t\t\t\t<\/div>\n\t\t\t\t\t<\/div>\n\t\t<\/article>\n\t\t\t\t<article class=\"elementor-post elementor-grid-item post-8177 post type-post status-publish format-standard has-post-thumbnail hentry category-aktivitaeten-und-ausfluege tag-costa-blanca-2 tag-fischerdorf-spanien tag-geheimtipp-mittelmeer tag-kunstszene-spanien tag-mi-pueblo tag-moraira tag-muscatel-wein\" role=\"listitem\">\n\t\t\t<div class=\"elementor-post__card\">\n\t\t\t\t<a class=\"elementor-post__thumbnail__link\" href=\"https:\/\/costablanca-magazin.com\/es\/freizeit\/aktivitaeten-und-ausfluege\/moraira-wo-der-fischergeist-leise-weiterlebt\/\" tabindex=\"-1\" ><div class=\"elementor-post__thumbnail\"><img decoding=\"async\" width=\"768\" height=\"576\" src=\"https:\/\/costablanca-magazin.com\/wp-content\/uploads\/2024\/05\/moraira1.jpg\" class=\"attachment-1536x1536 size-1536x1536 wp-image-149\" alt=\"Moraira costa-blanca\" srcset=\"https:\/\/costablanca-magazin.com\/wp-content\/uploads\/2024\/05\/moraira1.jpg 768w, https:\/\/costablanca-magazin.com\/wp-content\/uploads\/2024\/05\/moraira1-300x225.jpg 300w\" sizes=\"(max-width: 768px) 100vw, 768px\" \/><\/div><\/a>\n\t\t\t\t<div class=\"elementor-post__badge\">Actividades y excursiones<\/div>\n\t\t\t\t<div class=\"elementor-post__avatar\">\n\t\t\t\t\t<\/div>\n\t\t\t\t<div class=\"elementor-post__text\">\n\t\t\t\t<h3 class=\"elementor-post__title\">\n\t\t\t<a href=\"https:\/\/costablanca-magazin.com\/es\/freizeit\/aktivitaeten-und-ausfluege\/moraira-wo-der-fischergeist-leise-weiterlebt\/\" >\n\t\t\t\tMoraira - Donde perdura el esp\u00edritu pesquero\t\t\t<\/a>\n\t\t<\/h3>\n\t\t\t\t<\/div>\n\t\t\t\t\t<\/div>\n\t\t<\/article>\n\t\t\t\t<article class=\"elementor-post elementor-grid-item post-7624 post type-post status-publish format-standard has-post-thumbnail hentry category-aktivitaeten-und-ausfluege tag-benidorm tag-benidorm-geschichte-und-kultur tag-costa-blanca-2 tag-mi-pueblo tag-stadtentwicklung-benidorm\" role=\"listitem\">\n\t\t\t<div class=\"elementor-post__card\">\n\t\t\t\t<a class=\"elementor-post__thumbnail__link\" href=\"https:\/\/costablanca-magazin.com\/es\/freizeit\/aktivitaeten-und-ausfluege\/benidorm-wo-geschichte-auf-hochhaeuser-trifft\/\" tabindex=\"-1\" ><div class=\"elementor-post__thumbnail\"><img decoding=\"async\" width=\"1000\" height=\"1000\" src=\"https:\/\/costablanca-magazin.com\/wp-content\/uploads\/2025\/05\/costablanca-lifestyle-benidorm-18.jpg\" class=\"attachment-1536x1536 size-1536x1536 wp-image-7117\" alt=\"Benidorm: historia y rascacielos\" srcset=\"https:\/\/costablanca-magazin.com\/wp-content\/uploads\/2025\/05\/costablanca-lifestyle-benidorm-18.jpg 1000w, https:\/\/costablanca-magazin.com\/wp-content\/uploads\/2025\/05\/costablanca-lifestyle-benidorm-18-300x300.jpg 300w, https:\/\/costablanca-magazin.com\/wp-content\/uploads\/2025\/05\/costablanca-lifestyle-benidorm-18-150x150.jpg 150w, https:\/\/costablanca-magazin.com\/wp-content\/uploads\/2025\/05\/costablanca-lifestyle-benidorm-18-768x768.jpg 768w\" sizes=\"(max-width: 1000px) 100vw, 1000px\" \/><\/div><\/a>\n\t\t\t\t<div class=\"elementor-post__badge\">Actividades y excursiones<\/div>\n\t\t\t\t<div class=\"elementor-post__avatar\">\n\t\t\t\t\t<\/div>\n\t\t\t\t<div class=\"elementor-post__text\">\n\t\t\t\t<h3 class=\"elementor-post__title\">\n\t\t\t<a href=\"https:\/\/costablanca-magazin.com\/es\/freizeit\/aktivitaeten-und-ausfluege\/benidorm-wo-geschichte-auf-hochhaeuser-trifft\/\" >\n\t\t\t\tBenidorm: historia y rascacielos\t\t\t<\/a>\n\t\t<\/h3>\n\t\t\t\t<\/div>\n\t\t\t\t\t<\/div>\n\t\t<\/article>\n\t\t\t\t<\/div>\n\t\t\n\t\t\t\t\t\t<\/div>\n\t\t\t\t<\/div>\n\t\t\t\t\t<\/div>\n\t\t\t\t<\/div>\n\t\t\t\t<\/div>","protected":false},"excerpt":{"rendered":"<p>La Nuc\u00eda - Ciudad deportiva con historia y cultura La Nuc\u00eda combina patrimonio \u00e1rabe, diversidad internacional y modernas instalaciones deportivas. Descubra<\/p>","protected":false},"author":1,"featured_media":9046,"comment_status":"closed","ping_status":"closed","sticky":false,"template":"elementor_header_footer","format":"standard","meta":{"om_disable_all_campaigns":false,"_monsterinsights_skip_tracking":false,"_monsterinsights_sitenote_active":false,"_monsterinsights_sitenote_note":"","_monsterinsights_sitenote_category":0,"footnotes":""},"categories":[22],"tags":[1264,1267,592,1263,1268,1269,1270,915,1265],"class_list":["post-9057","post","type-post","status-publish","format-standard","has-post-thumbnail","hentry","category-aktivitaeten-und-ausfluege","tag-ciudad-deportiva-camilo-cano","tag-costa-blanca-kultur","tag-la-nucia","tag-la-nucia-geschichte","tag-la-nucia-legenden","tag-la-nucia-sehenswuerdigkeiten","tag-la-nucia-traditionen","tag-mi-pueblo","tag-sportstadt-spanien"],"aioseo_notices":[],"_links":{"self":[{"href":"https:\/\/costablanca-magazin.com\/es\/wp-json\/wp\/v2\/posts\/9057","targetHints":{"allow":["GET"]}}],"collection":[{"href":"https:\/\/costablanca-magazin.com\/es\/wp-json\/wp\/v2\/posts"}],"about":[{"href":"https:\/\/costablanca-magazin.com\/es\/wp-json\/wp\/v2\/types\/post"}],"author":[{"embeddable":true,"href":"https:\/\/costablanca-magazin.com\/es\/wp-json\/wp\/v2\/users\/1"}],"replies":[{"embeddable":true,"href":"https:\/\/costablanca-magazin.com\/es\/wp-json\/wp\/v2\/comments?post=9057"}],"version-history":[{"count":8,"href":"https:\/\/costablanca-magazin.com\/es\/wp-json\/wp\/v2\/posts\/9057\/revisions"}],"predecessor-version":[{"id":10110,"href":"https:\/\/costablanca-magazin.com\/es\/wp-json\/wp\/v2\/posts\/9057\/revisions\/10110"}],"wp:featuredmedia":[{"embeddable":true,"href":"https:\/\/costablanca-magazin.com\/es\/wp-json\/wp\/v2\/media\/9046"}],"wp:attachment":[{"href":"https:\/\/costablanca-magazin.com\/es\/wp-json\/wp\/v2\/media?parent=9057"}],"wp:term":[{"taxonomy":"category","embeddable":true,"href":"https:\/\/costablanca-magazin.com\/es\/wp-json\/wp\/v2\/categories?post=9057"},{"taxonomy":"post_tag","embeddable":true,"href":"https:\/\/costablanca-magazin.com\/es\/wp-json\/wp\/v2\/tags?post=9057"}],"curies":[{"name":"wp","href":"https:\/\/api.w.org\/{rel}","templated":true}]}}