{"id":8560,"date":"2025-08-25T09:00:00","date_gmt":"2025-08-25T07:00:00","guid":{"rendered":"https:\/\/costablanca-magazin.com\/?p=8560"},"modified":"2025-12-04T12:23:11","modified_gmt":"2025-12-04T11:23:11","slug":"cafe-con-leche-con-kerstin-kleine-rahn-en-la-costa-blanca","status":"publish","type":"post","link":"https:\/\/costablanca-magazin.com\/es\/residenten\/stories-und-stimmen\/cafe-con-leche-mit-kerstin-kleine-rahn-an-der-costa-blanca\/","title":{"rendered":"Caf\u00e9 con leche con Kerstin Kleine-Rahn en la Costa Blanca"},"content":{"rendered":"<div data-elementor-type=\"wp-post\" data-elementor-id=\"8560\" class=\"elementor elementor-8560\" data-elementor-post-type=\"post\">\n\t\t\t\t<div class=\"elementor-element elementor-element-683c31d e-flex e-con-boxed e-con e-parent\" data-id=\"683c31d\" data-element_type=\"container\" data-e-type=\"container\">\n\t\t\t\t\t<div class=\"e-con-inner\">\n\t\t\t\t<div class=\"elementor-element elementor-element-537629b elementor-widget elementor-widget-heading\" data-id=\"537629b\" data-element_type=\"widget\" data-e-type=\"widget\" data-widget_type=\"heading.default\">\n\t\t\t\t<div class=\"elementor-widget-container\">\n\t\t\t\t\t<h1 class=\"elementor-heading-title elementor-size-default\">Caf\u00e9 con leche con Kerstin Kleine-Rahn en la Costa Blanca<\/h1>\t\t\t\t<\/div>\n\t\t\t\t<\/div>\n\t\t\t\t<div class=\"elementor-element elementor-element-db7b4b1 elementor-widget elementor-widget-image\" data-id=\"db7b4b1\" data-element_type=\"widget\" data-e-type=\"widget\" data-widget_type=\"image.default\">\n\t\t\t\t<div class=\"elementor-widget-container\">\n\t\t\t\t\t\t\t\t\t\t\t\t\t\t\t<img decoding=\"async\" src=\"https:\/\/costablanca-magazin.com\/wp-content\/uploads\/elementor\/thumbs\/Kerstin-Fenster-scaled-rjc5bjz6smwlalimexd1lcamcn8nz0xeqiic299ojg.jpg\" title=\"Caf\u00e9 con leche con Kerstin Kleine-Rahn\" alt=\"Caf\u00e9 con leche con Kerstin Kleine-Rahn 1\" loading=\"lazy\" \/>\t\t\t\t\t\t\t\t\t\t\t\t\t\t\t<\/div>\n\t\t\t\t<\/div>\n\t\t\t\t<div class=\"elementor-element elementor-element-51c74d9 elementor-widget elementor-widget-heading\" data-id=\"51c74d9\" data-element_type=\"widget\" data-e-type=\"widget\" data-widget_type=\"heading.default\">\n\t\t\t\t<div class=\"elementor-widget-container\">\n\t\t\t\t\t<h2 class=\"elementor-heading-title elementor-size-default\">De Leipzig a Espa\u00f1a: La empresaria Kerstin Kleine-Rahn explica c\u00f3mo est\u00e1 emprendiendo en la Costa Blanca y por qu\u00e9 el networking es su clave.<\/h2>\t\t\t\t<\/div>\n\t\t\t\t<\/div>\n\t\t\t\t\t<\/div>\n\t\t\t\t<\/div>\n\t\t<div class=\"elementor-element elementor-element-4efc104 e-flex e-con-boxed e-con e-parent\" data-id=\"4efc104\" data-element_type=\"container\" data-e-type=\"container\">\n\t\t\t\t\t<div class=\"e-con-inner\">\n\t\t<div class=\"elementor-element elementor-element-7459f72 e-con-full e-flex e-con e-child\" data-id=\"7459f72\" data-element_type=\"container\" data-e-type=\"container\">\n\t\t\t\t<div class=\"elementor-element elementor-element-0a88ef0 elementor-widget elementor-widget-text-editor\" data-id=\"0a88ef0\" data-element_type=\"widget\" data-e-type=\"widget\" data-widget_type=\"text-editor.default\">\n\t\t\t\t<div class=\"elementor-widget-container\">\n\t\t\t\t\t\t\t\t\t<p>Es dise\u00f1adora web, creadora de redes, desarrolladora de aplicaciones... y siempre est\u00e1 abierta al siguiente paso. En una entrevista con CBM, Kerstin Kleine Rahn explica por qu\u00e9 nunca est\u00e1 quieta mucho tiempo, c\u00f3mo emprender como aut\u00f3noma en Espa\u00f1a y por qu\u00e9 una taza de caf\u00e9 junto al mar a veces aporta las mejores ideas.<\/p><p><strong>Kerstin, tienes Leipzig vs. <\/strong><strong>la Costa Blanca. <\/strong><br \/><strong>\u00bfCu\u00e1l fue su desencadenante personal?<\/strong><br \/>Siempre necesito nuevos retos, cuanto m\u00e1s grandes mejor. Soy una persona muy curiosa. Tras formarme como especialista en restauraci\u00f3n, me traslad\u00e9 con mi familia de Leipzig a Baden-Wurtemberg, donde regent\u00e9 un bistr\u00f3 musical y m\u00e1s tarde un peque\u00f1o bar nocturno. Fui una \u201eReingeschmeckte\u201c entre suabos: no siempre fue f\u00e1cil, pero s\u00ed emocionante. Tras cinco a\u00f1os de trabajo aut\u00f3nomo en el sector de la hosteler\u00eda, busqu\u00e9 un nuevo empleo... y acab\u00e9 en el asiento del conductor de un cami\u00f3n de 40 toneladas. Pas\u00e9 cuatro a\u00f1os en la carretera con el cami\u00f3n, atravesando el Alb suabo y la Selva Negra. Tambi\u00e9n lo hice con entusiasmo, pero el trabajo era solitario. Y soy una persona de contactos hasta la m\u00e9dula.<\/p><p>As\u00ed que volv\u00ed a Leipzig, hice un curso a distancia de dise\u00f1o web y mont\u00e9 mi propia agencia de publicidad. Funcion\u00f3 con mucho \u00e9xito durante doce a\u00f1os: m\u00e1s de 100 clientes, muchos proyectos interesantes. Pero a\u00fan as\u00ed, me faltaba algo. El deseo de una vida m\u00e1s libre, quiz\u00e1 tambi\u00e9n de sol, mar y un ritmo diferente. As\u00ed que mi socio Micha y yo hicimos las maletas y nos fuimos a Espa\u00f1a. Fue una decisi\u00f3n valiente, pero no me he arrepentido. Y el hecho de que mis clientes sigan acompa\u00f1\u00e1ndome, incluso desde lejos, me hace estar realmente agradecido.<br \/><br \/><strong>\u00bfCu\u00e1l fue su primera impresi\u00f3n <\/strong><strong>de la Costa Blanca?<\/strong><br \/>S\u00f3lo hab\u00edamos visto fotos de Espa\u00f1a. Luego llegamos aqu\u00ed y enseguida nos metimos de lleno en la vida. Me sorprendi\u00f3 el ambiente positivo. Muchas cosas son m\u00e1s relajadas aqu\u00ed. Recuerdo una escena en el supermercado: la cajera charlando con varios clientes al mismo tiempo, ayud\u00e1ndoles a hacer la maleta, ri\u00e9ndose... Eso era nuevo para m\u00ed, pero en cierto modo tambi\u00e9n muy humano. Esta calma es contagiosa.<\/p>\t\t\t\t\t\t\t\t<\/div>\n\t\t\t\t<\/div>\n\t\t\t\t<\/div>\n\t\t<div class=\"elementor-element elementor-element-ec2da9f e-con-full e-flex e-con e-child\" data-id=\"ec2da9f\" data-element_type=\"container\" data-e-type=\"container\">\n\t\t\t\t<div class=\"elementor-element elementor-element-631fef8 elementor-widget__width-initial elementor-widget elementor-widget-gallery\" data-id=\"631fef8\" data-element_type=\"widget\" data-e-type=\"widget\" data-settings=\"{&quot;columns&quot;:1,&quot;gap&quot;:{&quot;unit&quot;:&quot;px&quot;,&quot;size&quot;:1,&quot;sizes&quot;:[]},&quot;aspect_ratio&quot;:&quot;1:1&quot;,&quot;lazyload&quot;:&quot;yes&quot;,&quot;gallery_layout&quot;:&quot;grid&quot;,&quot;columns_tablet&quot;:2,&quot;columns_mobile&quot;:1,&quot;gap_tablet&quot;:{&quot;unit&quot;:&quot;px&quot;,&quot;size&quot;:10,&quot;sizes&quot;:[]},&quot;gap_mobile&quot;:{&quot;unit&quot;:&quot;px&quot;,&quot;size&quot;:10,&quot;sizes&quot;:[]},&quot;link_to&quot;:&quot;file&quot;,&quot;overlay_background&quot;:&quot;yes&quot;,&quot;content_hover_animation&quot;:&quot;fade-in&quot;}\" data-widget_type=\"gallery.default\">\n\t\t\t\t<div class=\"elementor-widget-container\">\n\t\t\t\t\t\t\t<div class=\"elementor-gallery__container\">\n\t\t\t\t\t\t\t<a class=\"e-gallery-item elementor-gallery-item elementor-animated-content\" href=\"https:\/\/costablanca-magazin.com\/wp-content\/uploads\/2025\/08\/Kerstin-business-scaled.jpg\" data-elementor-open-lightbox=\"yes\" data-elementor-lightbox-slideshow=\"631fef8\" data-elementor-lightbox-title=\"Caf\u00e9 con leche  mit Kerstin  Kleine-Rahn\" data-elementor-lightbox-description=\"Caf\u00e9 con leche mit Kerstin Kleine-Rahn\" data-e-action-hash=\"#elementor-action%3Aaction%3Dlightbox%26settings%3DeyJpZCI6ODU2MywidXJsIjoiaHR0cHM6XC9cL2Nvc3RhYmxhbmNhLW1hZ2F6aW4uY29tXC93cC1jb250ZW50XC91cGxvYWRzXC8yMDI1XC8wOFwvS2Vyc3Rpbi1idXNpbmVzcy1zY2FsZWQuanBnIiwic2xpZGVzaG93IjoiNjMxZmVmOCJ9\">\n\t\t\t\t\t<div class=\"e-gallery-image elementor-gallery-item__image\" data-thumbnail=\"https:\/\/costablanca-magazin.com\/wp-content\/uploads\/2025\/08\/Kerstin-business-1367x2048.jpg\" data-width=\"1367\" data-height=\"2048\" aria-label=\"Caf\u00e9 con leche con Kerstin Kleine-Rahn\" role=\"img\" ><\/div>\n\t\t\t\t\t\t\t\t\t\t\t<div class=\"elementor-gallery-item__overlay\"><\/div>\n\t\t\t\t\t\t\t\t\t\t\t\t\t\t<\/a>\n\t\t\t\t\t\t\t<a class=\"e-gallery-item elementor-gallery-item elementor-animated-content\" href=\"https:\/\/costablanca-magazin.com\/wp-content\/uploads\/2025\/08\/Kerstin-Micha.jpg\" data-elementor-open-lightbox=\"yes\" data-elementor-lightbox-slideshow=\"631fef8\" data-elementor-lightbox-title=\"Caf\u00e9 con leche  mit Kerstin  Kleine-Rahnha\" data-elementor-lightbox-description=\"Caf\u00e9 con leche mit Kerstin Kleine-Rahn\" data-e-action-hash=\"#elementor-action%3Aaction%3Dlightbox%26settings%3DeyJpZCI6ODU2NSwidXJsIjoiaHR0cHM6XC9cL2Nvc3RhYmxhbmNhLW1hZ2F6aW4uY29tXC93cC1jb250ZW50XC91cGxvYWRzXC8yMDI1XC8wOFwvS2Vyc3Rpbi1NaWNoYS5qcGciLCJzbGlkZXNob3ciOiI2MzFmZWY4In0%3D\">\n\t\t\t\t\t<div class=\"e-gallery-image elementor-gallery-item__image\" data-thumbnail=\"https:\/\/costablanca-magazin.com\/wp-content\/uploads\/2025\/08\/Kerstin-Micha.jpg\" data-width=\"759\" data-height=\"1024\" aria-label=\"Caf\u00e9 con leche con Kerstin Kleine-Rahn 2\" role=\"img\" ><\/div>\n\t\t\t\t\t\t\t\t\t\t\t<div class=\"elementor-gallery-item__overlay\"><\/div>\n\t\t\t\t\t\t\t\t\t\t\t\t\t\t<\/a>\n\t\t\t\t\t<\/div>\n\t\t\t\t\t<\/div>\n\t\t\t\t<\/div>\n\t\t\t\t<\/div>\n\t\t\t\t\t<\/div>\n\t\t\t\t<\/div>\n\t\t<div class=\"elementor-element elementor-element-f1fcf0f e-flex e-con-boxed e-con e-parent\" data-id=\"f1fcf0f\" data-element_type=\"container\" data-e-type=\"container\">\n\t\t\t\t\t<div class=\"e-con-inner\">\n\t\t<div class=\"elementor-element elementor-element-af49736 e-con-full e-flex e-con e-child\" data-id=\"af49736\" data-element_type=\"container\" data-e-type=\"container\">\n\t\t\t\t<div class=\"elementor-element elementor-element-6059008 elementor-widget__width-initial elementor-widget elementor-widget-gallery\" data-id=\"6059008\" data-element_type=\"widget\" data-e-type=\"widget\" data-settings=\"{&quot;columns&quot;:1,&quot;gap&quot;:{&quot;unit&quot;:&quot;px&quot;,&quot;size&quot;:1,&quot;sizes&quot;:[]},&quot;gallery_layout&quot;:&quot;masonry&quot;,&quot;lazyload&quot;:&quot;yes&quot;,&quot;columns_tablet&quot;:2,&quot;columns_mobile&quot;:1,&quot;gap_tablet&quot;:{&quot;unit&quot;:&quot;px&quot;,&quot;size&quot;:10,&quot;sizes&quot;:[]},&quot;gap_mobile&quot;:{&quot;unit&quot;:&quot;px&quot;,&quot;size&quot;:10,&quot;sizes&quot;:[]},&quot;link_to&quot;:&quot;file&quot;,&quot;overlay_background&quot;:&quot;yes&quot;,&quot;content_hover_animation&quot;:&quot;fade-in&quot;}\" data-widget_type=\"gallery.default\">\n\t\t\t\t<div class=\"elementor-widget-container\">\n\t\t\t\t\t\t\t<div class=\"elementor-gallery__container\">\n\t\t\t\t\t\t\t<a class=\"e-gallery-item elementor-gallery-item elementor-animated-content\" href=\"https:\/\/costablanca-magazin.com\/wp-content\/uploads\/2025\/08\/Kerstin-Xabia.jpg\" data-elementor-open-lightbox=\"yes\" data-elementor-lightbox-slideshow=\"6059008\" data-elementor-lightbox-title=\"Caf\u00e9 con leche  mit Kerstin  Kleine-Rahn\" data-elementor-lightbox-description=\"Caf\u00e9 con leche mit Kerstin Kleine-Rahn\" data-e-action-hash=\"#elementor-action%3Aaction%3Dlightbox%26settings%3DeyJpZCI6ODU2NywidXJsIjoiaHR0cHM6XC9cL2Nvc3RhYmxhbmNhLW1hZ2F6aW4uY29tXC93cC1jb250ZW50XC91cGxvYWRzXC8yMDI1XC8wOFwvS2Vyc3Rpbi1YYWJpYS5qcGciLCJzbGlkZXNob3ciOiI2MDU5MDA4In0%3D\">\n\t\t\t\t\t<div class=\"e-gallery-image elementor-gallery-item__image\" data-thumbnail=\"https:\/\/costablanca-magazin.com\/wp-content\/uploads\/2025\/08\/Kerstin-Xabia.jpg\" data-width=\"768\" data-height=\"1024\" aria-label=\"Caf\u00e9 con leche con Kerstin Kleine-Rahn 4\" role=\"img\" ><\/div>\n\t\t\t\t\t\t\t\t\t\t\t<div class=\"elementor-gallery-item__overlay\"><\/div>\n\t\t\t\t\t\t\t\t\t\t\t\t\t\t<\/a>\n\t\t\t\t\t\t\t<a class=\"e-gallery-item elementor-gallery-item elementor-animated-content\" href=\"https:\/\/costablanca-magazin.com\/wp-content\/uploads\/2025\/08\/Kerstin-WhatsApp.jpg\" data-elementor-open-lightbox=\"yes\" data-elementor-lightbox-slideshow=\"6059008\" data-elementor-lightbox-title=\"Caf\u00e9 con leche  mit Kerstin  Kleine-Rahn\" data-elementor-lightbox-description=\"Caf\u00e9 con leche mit Kerstin Kleine-Rahn\" data-e-action-hash=\"#elementor-action%3Aaction%3Dlightbox%26settings%3DeyJpZCI6ODU2NiwidXJsIjoiaHR0cHM6XC9cL2Nvc3RhYmxhbmNhLW1hZ2F6aW4uY29tXC93cC1jb250ZW50XC91cGxvYWRzXC8yMDI1XC8wOFwvS2Vyc3Rpbi1XaGF0c0FwcC5qcGciLCJzbGlkZXNob3ciOiI2MDU5MDA4In0%3D\">\n\t\t\t\t\t<div class=\"e-gallery-image elementor-gallery-item__image\" data-thumbnail=\"https:\/\/costablanca-magazin.com\/wp-content\/uploads\/2025\/08\/Kerstin-WhatsApp.jpg\" data-width=\"800\" data-height=\"600\" aria-label=\"Caf\u00e9 con leche con Kerstin Kleine-Rahn 3\" role=\"img\" ><\/div>\n\t\t\t\t\t\t\t\t\t\t\t<div class=\"elementor-gallery-item__overlay\"><\/div>\n\t\t\t\t\t\t\t\t\t\t\t\t\t\t<\/a>\n\t\t\t\t\t<\/div>\n\t\t\t\t\t<\/div>\n\t\t\t\t<\/div>\n\t\t\t\t<\/div>\n\t\t<div class=\"elementor-element elementor-element-14205c2 e-con-full e-flex e-con e-child\" data-id=\"14205c2\" data-element_type=\"container\" data-e-type=\"container\">\n\t\t\t\t<div class=\"elementor-element elementor-element-cc21afb elementor-widget elementor-widget-text-editor\" data-id=\"cc21afb\" data-element_type=\"widget\" data-e-type=\"widget\" data-widget_type=\"text-editor.default\">\n\t\t\t\t<div class=\"elementor-widget-container\">\n\t\t\t\t\t\t\t\t\t<p><strong>\u00bfHay cosas de la vida cotidiana que le gusten especialmente aqu\u00ed? <\/strong><strong>\u00bfo a veces falta?<\/strong><br \/>Me encanta que podamos ir a la playa en cualquier momento. No hay vacaciones, no hay planes: s\u00f3lo hay que preparar un caf\u00e9 y unas tazas por la tarde, salir en coche y respirar hondo. Eso me da mucho. Lo que realmente echo de menos son mi hija y mis dos nietos peque\u00f1os, gemelos, de cuatro a\u00f1os. Pero mantenemos un estrecho contacto: por videollamadas, con postales mensuales. No es lo mismo, pero funciona.<\/p><p><strong>\u00bfQu\u00e9 es lo que m\u00e1s le gusta de la Costa Blanca y por qu\u00e9 lo har\u00eda? <\/strong><strong>\u00bfrecomendar\u00eda este paso a otras personas?<\/strong><br \/>Para ser sincera, a\u00fan no he visto mucho de Espa\u00f1a; hasta ahora hemos estado a tope con la llegada, la instalaci\u00f3n y la vida cotidiana. Pero lo que realmente aprecio de la Costa Blanca es la fuerte red de germanoparlantes. No te sientes solo. Y enseguida te das cuenta de lo importante que es tener un entorno que funcione. Eso te da seguridad, sobre todo en las fases dif\u00edciles.<br \/>Pero tambi\u00e9n soy consciente de que a veces es dif\u00edcil encontrar a los proveedores de servicios adecuados. Por eso hemos desarrollado la aplicaci\u00f3n \u201eAnudar\u201c, una plataforma en la que las empresas pueden presentarse. Cualquiera que tenga un problema puede encontrar all\u00ed la soluci\u00f3n adecuada. No se trata de publicidad, sino de visibilidad real para las empresas que hacen un buen trabajo. Eso hace la vida m\u00e1s f\u00e1cil, a todos los que viven aqu\u00ed o quieren abrir un nuevo negocio.<\/p><p><strong>Usted es un networker y <\/strong><strong>Empresario: \u00bfc\u00f3mo es hoy su vida cotidiana?<\/strong><br \/>Mi trabajo diario implica mucho tiempo de pantalla. Dise\u00f1o p\u00e1ginas web, asesoro a clientes... pero la diferencia con Leipzig es: Puedo ver el mar mientras trabajo. O los naranjos. Eso cambia mi perspectiva. Tambi\u00e9n paso mucho tiempo viajando, tomando un caf\u00e9 con empresarios y escuchando sus historias. De ah\u00ed surgi\u00f3 la idea de crear una red empresarial.<br \/>En mayo organizamos nuestra primera reuni\u00f3n, que fue todo un \u00e9xito. Continuaremos despu\u00e9s de las vacaciones de verano. Todos los que tienen un negocio en la Costa Blanca son bienvenidos. Se trata de intercambio, recomendaciones mutuas, apoyo concreto - pero tambi\u00e9n de tiempo libre. Al fin y al cabo, una buena red no s\u00f3lo ayuda con los negocios, sino tambi\u00e9n con las personas. Y eso es exactamente lo que queremos reforzar.<\/p>\t\t\t\t\t\t\t\t<\/div>\n\t\t\t\t<\/div>\n\t\t\t\t<\/div>\n\t\t\t\t\t<\/div>\n\t\t\t\t<\/div>\n\t\t<div class=\"elementor-element elementor-element-9969fd4 e-flex e-con-boxed e-con e-parent\" data-id=\"9969fd4\" data-element_type=\"container\" data-e-type=\"container\">\n\t\t\t\t\t<div class=\"e-con-inner\">\n\t\t<div class=\"elementor-element elementor-element-986a3b5 e-con-full e-flex e-con e-child\" data-id=\"986a3b5\" data-element_type=\"container\" data-e-type=\"container\">\n\t\t\t\t<div class=\"elementor-element elementor-element-47b351f elementor-widget elementor-widget-text-editor\" data-id=\"47b351f\" data-element_type=\"widget\" data-e-type=\"widget\" data-widget_type=\"text-editor.default\">\n\t\t\t\t<div class=\"elementor-widget-container\">\n\t\t\t\t\t\t\t\t\t<p><strong>Por \u00faltimo: \u00bfHay un lugar?, <\/strong><strong>d\u00f3nde prefiere estar <\/strong><strong>\u00bfDisfrutando de tu caf\u00e9 con leche?<\/strong><br \/>Mi lugar favorito es sin duda el mar. Cuando tomo mi caf\u00e9 all\u00ed con Micha, me tranquilizo, veo la inmensidad... es cuando suelen surgir nuevas ideas. A veces demasiadas a la vez, si mi pareja se sale con la suya. (Risas) Pero eso es exactamente lo que soy: siempre con la cabeza en la siguiente idea, pero con el coraz\u00f3n exactamente donde estoy en ese momento. Y eso es aqu\u00ed, en la Costa Blanca.<\/p>\t\t\t\t\t\t\t\t<\/div>\n\t\t\t\t<\/div>\n\t\t\t\t<\/div>\n\t\t\t\t\t<\/div>\n\t\t\t\t<\/div>\n\t\t<div class=\"elementor-element elementor-element-ae050f2 e-flex e-con-boxed e-con e-parent\" data-id=\"ae050f2\" data-element_type=\"container\" data-e-type=\"container\">\n\t\t\t\t\t<div class=\"e-con-inner\">\n\t\t\t\t<div class=\"elementor-element elementor-element-ebb53cc elementor-widget-divider--separator-type-pattern elementor-widget-divider--no-spacing elementor-widget-divider--view-line elementor-widget elementor-widget-divider\" data-id=\"ebb53cc\" data-element_type=\"widget\" data-e-type=\"widget\" data-widget_type=\"divider.default\">\n\t\t\t\t<div class=\"elementor-widget-container\">\n\t\t\t\t\t\t\t<div class=\"elementor-divider\" style=\"--divider-pattern-url: url(&quot;data:image\/svg+xml,%3Csvg xmlns=&#039;http:\/\/www.w3.org\/2000\/svg&#039; preserveAspectRatio=&#039;xMidYMid meet&#039; overflow=&#039;visible&#039; height=&#039;100%&#039; viewBox=&#039;0 0 126 26&#039; fill=&#039;black&#039; stroke=&#039;none&#039;%3E%3Cpath d=&#039;M3,10.2c2.6,0,2.6,2,2.6,3.2S4.4,16.5,3,16.5s-3-1.4-3-3.2S0.4,10.2,3,10.2z M18.8,10.2c1.7,0,3.2,1.4,3.2,3.2s-1.4,3.2-3.2,3.2c-1.7,0-3.2-1.4-3.2-3.2S17,10.2,18.8,10.2z M34.6,10.2c1.5,0,2.6,1.4,2.6,3.2s-0.5,3.2-1.9,3.2c-1.5,0-3.4-1.4-3.4-3.2S33.1,10.2,34.6,10.2z M50.5,10.2c1.7,0,3.2,1.4,3.2,3.2s-1.4,3.2-3.2,3.2c-1.7,0-3.3-0.9-3.3-2.6S48.7,10.2,50.5,10.2z M66.2,10.2c1.5,0,3.4,1.4,3.4,3.2s-1.9,3.2-3.4,3.2c-1.5,0-2.6-0.4-2.6-2.1S64.8,10.2,66.2,10.2z M82.2,10.2c1.7,0.8,2.6,1.4,2.6,3.2s-0.1,3.2-1.6,3.2c-1.5,0-3.7-1.4-3.7-3.2S80.5,9.4,82.2,10.2zM98.6,10.2c1.5,0,2.6,0.4,2.6,2.1s-1.2,4.2-2.6,4.2c-1.5,0-3.7-0.4-3.7-2.1S97.1,10.2,98.6,10.2z M113.4,10.2c1.2,0,2.2,0.9,2.2,3.2s-0.1,3.2-1.3,3.2s-3.1-1.4-3.1-3.2S112.2,10.2,113.4,10.2z&#039;\/%3E%3C\/svg%3E&quot;);\">\n\t\t\t<span class=\"elementor-divider-separator\">\n\t\t\t\t\t\t<\/span>\n\t\t<\/div>\n\t\t\t\t\t\t<\/div>\n\t\t\t\t<\/div>\n\t\t\t\t<div class=\"elementor-element elementor-element-cdaed24 elementor-grid-3 elementor-grid-tablet-2 elementor-grid-mobile-1 elementor-posts--thumbnail-top elementor-posts--show-avatar elementor-card-shadow-yes elementor-posts__hover-gradient elementor-widget elementor-widget-posts\" data-id=\"cdaed24\" data-element_type=\"widget\" data-e-type=\"widget\" data-settings=\"{&quot;cards_columns&quot;:&quot;3&quot;,&quot;cards_columns_tablet&quot;:&quot;2&quot;,&quot;cards_columns_mobile&quot;:&quot;1&quot;,&quot;cards_row_gap&quot;:{&quot;unit&quot;:&quot;px&quot;,&quot;size&quot;:35,&quot;sizes&quot;:[]},&quot;cards_row_gap_tablet&quot;:{&quot;unit&quot;:&quot;px&quot;,&quot;size&quot;:&quot;&quot;,&quot;sizes&quot;:[]},&quot;cards_row_gap_mobile&quot;:{&quot;unit&quot;:&quot;px&quot;,&quot;size&quot;:&quot;&quot;,&quot;sizes&quot;:[]}}\" data-widget_type=\"posts.cards\">\n\t\t\t\t<div class=\"elementor-widget-container\">\n\t\t\t\t\t\t\t<div class=\"elementor-posts-container elementor-posts elementor-posts--skin-cards elementor-grid\" role=\"list\">\n\t\t\t\t<article class=\"elementor-post elementor-grid-item post-7690 post type-post status-publish format-standard has-post-thumbnail hentry category-stories-und-stimmen tag-ondara tag-sabine-ninneman tag-stories-an-der-costa-blanca\" role=\"listitem\">\n\t\t\t<div class=\"elementor-post__card\">\n\t\t\t\t<a class=\"elementor-post__thumbnail__link\" href=\"https:\/\/costablanca-magazin.com\/es\/residenten\/stories-und-stimmen\/cafe-con-leche-mit-sabine-ninnemann-aus-ondara\/\" tabindex=\"-1\" ><div class=\"elementor-post__thumbnail\"><img fetchpriority=\"high\" decoding=\"async\" width=\"800\" height=\"413\" src=\"https:\/\/costablanca-magazin.com\/wp-content\/uploads\/2025\/06\/Cafe-con-Leche-Sabine-1-e1750248050486-1024x529.jpg\" class=\"attachment-large size-large wp-image-7697\" alt=\"Caf\u00e9 con Leche con Sabine Ninnemann de Ondara\" srcset=\"https:\/\/costablanca-magazin.com\/wp-content\/uploads\/2025\/06\/Cafe-con-Leche-Sabine-1-e1750248050486-1024x529.jpg 1024w, https:\/\/costablanca-magazin.com\/wp-content\/uploads\/2025\/06\/Cafe-con-Leche-Sabine-1-e1750248050486-300x155.jpg 300w, https:\/\/costablanca-magazin.com\/wp-content\/uploads\/2025\/06\/Cafe-con-Leche-Sabine-1-e1750248050486-768x397.jpg 768w, https:\/\/costablanca-magazin.com\/wp-content\/uploads\/2025\/06\/Cafe-con-Leche-Sabine-1-e1750248050486.jpg 1196w\" sizes=\"(max-width: 800px) 100vw, 800px\" \/><\/div><\/a>\n\t\t\t\t<div class=\"elementor-post__badge\">Historias y voces<\/div>\n\t\t\t\t<div class=\"elementor-post__avatar\">\n\t\t\t\t\t<\/div>\n\t\t\t\t<div class=\"elementor-post__text\">\n\t\t\t\t<h3 class=\"elementor-post__title\">\n\t\t\t<a href=\"https:\/\/costablanca-magazin.com\/es\/residenten\/stories-und-stimmen\/cafe-con-leche-mit-sabine-ninnemann-aus-ondara\/\" >\n\t\t\t\tCaf\u00e9 con Leche con Sabine Ninnemann de Ondara\t\t\t<\/a>\n\t\t<\/h3>\n\t\t\t\t<\/div>\n\t\t\t\t\t<\/div>\n\t\t<\/article>\n\t\t\t\t<article class=\"elementor-post elementor-grid-item post-6983 post type-post status-publish format-standard has-post-thumbnail hentry category-stories-und-stimmen tag-cafe-con-leche tag-cbm tag-costa-blanca-2 tag-die-inselzeitung-mallorca tag-manuela-rehagel tag-mediagroup-balear tag-roman-ebmeier tag-werbung-costablanca tag-werbung-mallorca\" role=\"listitem\">\n\t\t\t<div class=\"elementor-post__card\">\n\t\t\t\t<a class=\"elementor-post__thumbnail__link\" href=\"https:\/\/costablanca-magazin.com\/es\/residenten\/stories-und-stimmen\/cafe-con-leche-mit-einer-familie-zwischen-insel-und-festland\/\" tabindex=\"-1\" ><div class=\"elementor-post__thumbnail\"><img decoding=\"async\" width=\"800\" height=\"664\" src=\"https:\/\/costablanca-magazin.com\/wp-content\/uploads\/2025\/05\/Manu-Roman-ISO-1024x850.jpg\" class=\"attachment-large size-large wp-image-6994\" alt=\"Entre la isla y el continente: una familia, dos lugares en el coraz\u00f3n 10\" srcset=\"https:\/\/costablanca-magazin.com\/wp-content\/uploads\/2025\/05\/Manu-Roman-ISO-1024x850.jpg 1024w, https:\/\/costablanca-magazin.com\/wp-content\/uploads\/2025\/05\/Manu-Roman-ISO-300x249.jpg 300w, https:\/\/costablanca-magazin.com\/wp-content\/uploads\/2025\/05\/Manu-Roman-ISO-768x637.jpg 768w, https:\/\/costablanca-magazin.com\/wp-content\/uploads\/2025\/05\/Manu-Roman-ISO.jpg 1200w\" sizes=\"(max-width: 800px) 100vw, 800px\" \/><\/div><\/a>\n\t\t\t\t<div class=\"elementor-post__badge\">Historias y voces<\/div>\n\t\t\t\t<div class=\"elementor-post__avatar\">\n\t\t\t\t\t<\/div>\n\t\t\t\t<div class=\"elementor-post__text\">\n\t\t\t\t<h3 class=\"elementor-post__title\">\n\t\t\t<a href=\"https:\/\/costablanca-magazin.com\/es\/residenten\/stories-und-stimmen\/cafe-con-leche-mit-einer-familie-zwischen-insel-und-festland\/\" >\n\t\t\t\tCaf\u00e9 con leche con una familia entre la isla y el continente\t\t\t<\/a>\n\t\t<\/h3>\n\t\t\t\t<\/div>\n\t\t\t\t\t<\/div>\n\t\t<\/article>\n\t\t\t\t<article class=\"elementor-post elementor-grid-item post-5709 post type-post status-publish format-standard has-post-thumbnail hentry category-stories-und-stimmen tag-auswandern-costa-blanca tag-cafe-con-leche tag-denia tag-deutscher-friseur-alicante tag-friseur-els-poblets tag-neustart-spanien\" role=\"listitem\">\n\t\t\t<div class=\"elementor-post__card\">\n\t\t\t\t<a class=\"elementor-post__thumbnail__link\" href=\"https:\/\/costablanca-magazin.com\/es\/residenten\/stories-und-stimmen\/cafe-con-leche-volker-dietz-neuanfang-mit-herz-und-schere\/\" tabindex=\"-1\" ><div class=\"elementor-post__thumbnail\"><img decoding=\"async\" width=\"800\" height=\"488\" src=\"https:\/\/costablanca-magazin.com\/wp-content\/uploads\/2025\/04\/volker-gegen-langhaar-2-e1744902603332-1024x624.jpg\" class=\"attachment-large size-large wp-image-5746\" alt=\"Un nuevo comienzo con coraz\u00f3n y tijeras \u2013 Volker Dietz 2\" srcset=\"https:\/\/costablanca-magazin.com\/wp-content\/uploads\/2025\/04\/volker-gegen-langhaar-2-e1744902603332-1024x624.jpg 1024w, https:\/\/costablanca-magazin.com\/wp-content\/uploads\/2025\/04\/volker-gegen-langhaar-2-e1744902603332-300x183.jpg 300w, https:\/\/costablanca-magazin.com\/wp-content\/uploads\/2025\/04\/volker-gegen-langhaar-2-e1744902603332-768x468.jpg 768w, https:\/\/costablanca-magazin.com\/wp-content\/uploads\/2025\/04\/volker-gegen-langhaar-2-e1744902603332.jpg 1428w\" sizes=\"(max-width: 800px) 100vw, 800px\" \/><\/div><\/a>\n\t\t\t\t<div class=\"elementor-post__badge\">Historias y voces<\/div>\n\t\t\t\t<div class=\"elementor-post__avatar\">\n\t\t\t\t\t<\/div>\n\t\t\t\t<div class=\"elementor-post__text\">\n\t\t\t\t<h3 class=\"elementor-post__title\">\n\t\t\t<a href=\"https:\/\/costablanca-magazin.com\/es\/residenten\/stories-und-stimmen\/cafe-con-leche-volker-dietz-neuanfang-mit-herz-und-schere\/\" >\n\t\t\t\tCaf\u00e9 con leche Volker Dietz - Un nuevo comienzo con coraz\u00f3n y tijeras\t\t\t<\/a>\n\t\t<\/h3>\n\t\t\t\t<\/div>\n\t\t\t\t\t<\/div>\n\t\t<\/article>\n\t\t\t\t<\/div>\n\t\t\n\t\t\t\t\t\t<\/div>\n\t\t\t\t<\/div>\n\t\t\t\t\t<\/div>\n\t\t\t\t<\/div>\n\t\t\t\t<\/div>","protected":false},"excerpt":{"rendered":"<p>Caf\u00e9 con leche con Kerstin Kleine-Rahn en la Costa Blanca De Leipzig a Espa\u00f1a: La empresaria Kerstin Kleine-Rahn explica c\u00f3mo<\/p>","protected":false},"author":1,"featured_media":8564,"comment_status":"closed","ping_status":"closed","sticky":false,"template":"elementor_header_footer","format":"standard","meta":{"om_disable_all_campaigns":false,"_monsterinsights_skip_tracking":false,"_monsterinsights_sitenote_active":false,"_monsterinsights_sitenote_note":"","_monsterinsights_sitenote_category":0,"footnotes":""},"categories":[981],"tags":[1131,1129,1130,1128,1132,1133],"class_list":["post-8560","post","type-post","status-publish","format-standard","has-post-thumbnail","hentry","category-stories-und-stimmen","tag-business-netzwerk-costa-blanca","tag-cafe-con-leche-interview","tag-costa-blanca-unternehmerin","tag-kerstin-kleine-rahn","tag-neustart-in-spanien","tag-webdesignerin-spanien"],"aioseo_notices":[],"_links":{"self":[{"href":"https:\/\/costablanca-magazin.com\/es\/wp-json\/wp\/v2\/posts\/8560","targetHints":{"allow":["GET"]}}],"collection":[{"href":"https:\/\/costablanca-magazin.com\/es\/wp-json\/wp\/v2\/posts"}],"about":[{"href":"https:\/\/costablanca-magazin.com\/es\/wp-json\/wp\/v2\/types\/post"}],"author":[{"embeddable":true,"href":"https:\/\/costablanca-magazin.com\/es\/wp-json\/wp\/v2\/users\/1"}],"replies":[{"embeddable":true,"href":"https:\/\/costablanca-magazin.com\/es\/wp-json\/wp\/v2\/comments?post=8560"}],"version-history":[{"count":11,"href":"https:\/\/costablanca-magazin.com\/es\/wp-json\/wp\/v2\/posts\/8560\/revisions"}],"predecessor-version":[{"id":10137,"href":"https:\/\/costablanca-magazin.com\/es\/wp-json\/wp\/v2\/posts\/8560\/revisions\/10137"}],"wp:featuredmedia":[{"embeddable":true,"href":"https:\/\/costablanca-magazin.com\/es\/wp-json\/wp\/v2\/media\/8564"}],"wp:attachment":[{"href":"https:\/\/costablanca-magazin.com\/es\/wp-json\/wp\/v2\/media?parent=8560"}],"wp:term":[{"taxonomy":"category","embeddable":true,"href":"https:\/\/costablanca-magazin.com\/es\/wp-json\/wp\/v2\/categories?post=8560"},{"taxonomy":"post_tag","embeddable":true,"href":"https:\/\/costablanca-magazin.com\/es\/wp-json\/wp\/v2\/tags?post=8560"}],"curies":[{"name":"wp","href":"https:\/\/api.w.org\/{rel}","templated":true}]}}