{"id":8516,"date":"2025-08-24T09:00:00","date_gmt":"2025-08-24T07:00:00","guid":{"rendered":"https:\/\/costablanca-magazin.com\/?p=8516"},"modified":"2026-03-09T09:52:05","modified_gmt":"2026-03-09T08:52:05","slug":"mercado-inmobiliario-costa-blanca-2025-tendencias-datos","status":"publish","type":"post","link":"https:\/\/costablanca-magazin.com\/es\/immobilien\/service-recht\/immobilienmarkt-costa-blanca-2025-trends-fakten\/","title":{"rendered":"Costa Blanca mercado inmobiliario 2025 - tendencias y hechos"},"content":{"rendered":"<div data-elementor-type=\"wp-post\" data-elementor-id=\"8516\" class=\"elementor elementor-8516\" data-elementor-post-type=\"post\">\n\t\t\t\t<div class=\"elementor-element elementor-element-344a3c2 e-flex e-con-boxed e-con e-parent\" data-id=\"344a3c2\" data-element_type=\"container\" data-e-type=\"container\">\n\t\t\t\t\t<div class=\"e-con-inner\">\n\t\t\t\t<div class=\"elementor-element elementor-element-bf10719 elementor-widget elementor-widget-heading\" data-id=\"bf10719\" data-element_type=\"widget\" data-e-type=\"widget\" data-widget_type=\"heading.default\">\n\t\t\t\t<div class=\"elementor-widget-container\">\n\t\t\t\t\t<h1 class=\"elementor-heading-title elementor-size-default\"> Costa Blanca mercado inmobiliario 2025 - tendencias y hechos<\/h1>\t\t\t\t<\/div>\n\t\t\t\t<\/div>\n\t\t\t\t<div class=\"elementor-element elementor-element-708d39d elementor-widget elementor-widget-image\" data-id=\"708d39d\" data-element_type=\"widget\" data-e-type=\"widget\" data-widget_type=\"image.default\">\n\t\t\t\t<div class=\"elementor-widget-container\">\n\t\t\t\t\t\t\t\t\t\t\t\t\t\t\t<img decoding=\"async\" src=\"https:\/\/costablanca-magazin.com\/wp-content\/uploads\/elementor\/thumbs\/Fotolia_222402367_XL-rjc5bnqdbfoyz0w7xhmu2d2hf0bp9lgcgpz1m7tub0.jpg\" title=\"Costa Blanca mercado inmobiliario 2025 - tendencias y hechos\" alt=\"Mercado inmobiliario en la Costa Blanca en 2025: tendencias y datos\" loading=\"lazy\" \/>\t\t\t\t\t\t\t\t\t\t\t\t\t\t\t<\/div>\n\t\t\t\t<\/div>\n\t\t\t\t<div class=\"elementor-element elementor-element-a5dff07 elementor-widget elementor-widget-heading\" data-id=\"a5dff07\" data-element_type=\"widget\" data-e-type=\"widget\" data-widget_type=\"heading.default\">\n\t\t\t\t<div class=\"elementor-widget-container\">\n\t\t\t\t\t<h2 class=\"elementor-heading-title elementor-size-default\">Precios al alza, nuevas leyes, gran demanda: por qu\u00e9 el mercado inmobiliario en 2025\nplantea m\u00e1s preguntas que nunca - y\ny qu\u00e9 respuestas cuentan de verdad.<\/h2>\t\t\t\t<\/div>\n\t\t\t\t<\/div>\n\t\t\t\t\t<\/div>\n\t\t\t\t<\/div>\n\t\t<div class=\"elementor-element elementor-element-a2a0b25 e-flex e-con-boxed e-con e-parent\" data-id=\"a2a0b25\" data-element_type=\"container\" data-e-type=\"container\">\n\t\t\t\t\t<div class=\"e-con-inner\">\n\t\t<div class=\"elementor-element elementor-element-b5b0f3c e-con-full e-flex e-con e-child\" data-id=\"b5b0f3c\" data-element_type=\"container\" data-e-type=\"container\">\n\t\t\t\t<div class=\"elementor-element elementor-element-91126a2 elementor-widget elementor-widget-text-editor\" data-id=\"91126a2\" data-element_type=\"widget\" data-e-type=\"widget\" data-widget_type=\"text-editor.default\">\n\t\t\t\t<div class=\"elementor-widget-container\">\n\t\t\t\t\t\t\t\t\t<p>Durante d\u00e9cadas, la Costa Blanca ha sido un lugar de anhelo para cualquiera que desee combinar un trozo del estilo de vida mediterr\u00e1neo con seguridad, infraestructuras y sol todo el a\u00f1o. Sin embargo, entre anuncios de propiedades, tendencias y citas para verlas, el mercado ha cambiado silenciosa pero significativamente: El boom de la construcci\u00f3n est\u00e1 llegando a su l\u00edmite, los modelos de alquiler se ven frenados por las restricciones legales y algunos sue\u00f1os de emigrar se ven frustrados por los precios reales del metro cuadrado.<\/p><p>Raz\u00f3n suficiente para analizar el tema desde distintos \u00e1ngulos: de forma objetiva, clara y con la vista puesta en lo que quieren los propietarios,\u00a0<\/p>\t\t\t\t\t\t\t\t<\/div>\n\t\t\t\t<\/div>\n\t\t\t\t<\/div>\n\t\t<div class=\"elementor-element elementor-element-61841c7 e-con-full e-flex e-con e-child\" data-id=\"61841c7\" data-element_type=\"container\" data-e-type=\"container\">\n\t\t\t\t<div class=\"elementor-element elementor-element-8ac0608 elementor-widget elementor-widget-text-editor\" data-id=\"8ac0608\" data-element_type=\"widget\" data-e-type=\"widget\" data-widget_type=\"text-editor.default\">\n\t\t\t\t<div class=\"elementor-widget-container\">\n\t\t\t\t\t\t\t\t\t<p>El coste de construir una casa en la Marina Alta y la Marina Baixa preocupa ahora a los futuros compradores y residentes. \u00bfCu\u00e1nto cuesta realmente construir una casa? \u00bfQu\u00e9 hay que tener en cuenta a la hora de alquilar, desde el punto de vista legal, fiscal y organizativo? \u00bfY c\u00f3mo funciona lo de heredar, regalar o vender una casa en Espa\u00f1a?<br \/>El CBM Focus de agosto no ofrece una visi\u00f3n de conjunto, sino hechos investigados, categorizaciones claras y consejos adecuados para el uso diario, preparados para las personas que viven o invierten aqu\u00ed. Porque cualquiera que est\u00e9 pensando en comprar un inmueble hoy en d\u00eda necesita algo m\u00e1s que sol y vistas al mar. Necesita orientaci\u00f3n.<\/p>\t\t\t\t\t\t\t\t<\/div>\n\t\t\t\t<\/div>\n\t\t\t\t<\/div>\n\t\t\t\t\t<\/div>\n\t\t\t\t<\/div>\n\t\t<div class=\"elementor-element elementor-element-cef2f2f e-flex e-con-boxed e-con e-parent\" data-id=\"cef2f2f\" data-element_type=\"container\" data-e-type=\"container\">\n\t\t\t\t\t<div class=\"e-con-inner\">\n\t\t\t\t<div class=\"elementor-element elementor-element-81d1575 elementor-widget-divider--separator-type-pattern elementor-widget-divider--no-spacing elementor-widget-divider--view-line elementor-widget elementor-widget-divider\" data-id=\"81d1575\" data-element_type=\"widget\" data-e-type=\"widget\" data-widget_type=\"divider.default\">\n\t\t\t\t<div class=\"elementor-widget-container\">\n\t\t\t\t\t\t\t<div class=\"elementor-divider\" style=\"--divider-pattern-url: url(&quot;data:image\/svg+xml,%3Csvg xmlns=&#039;http:\/\/www.w3.org\/2000\/svg&#039; preserveAspectRatio=&#039;xMidYMid meet&#039; overflow=&#039;visible&#039; height=&#039;100%&#039; viewBox=&#039;0 0 126 26&#039; fill=&#039;black&#039; stroke=&#039;none&#039;%3E%3Cpath d=&#039;M3,10.2c2.6,0,2.6,2,2.6,3.2S4.4,16.5,3,16.5s-3-1.4-3-3.2S0.4,10.2,3,10.2z M18.8,10.2c1.7,0,3.2,1.4,3.2,3.2s-1.4,3.2-3.2,3.2c-1.7,0-3.2-1.4-3.2-3.2S17,10.2,18.8,10.2z M34.6,10.2c1.5,0,2.6,1.4,2.6,3.2s-0.5,3.2-1.9,3.2c-1.5,0-3.4-1.4-3.4-3.2S33.1,10.2,34.6,10.2z M50.5,10.2c1.7,0,3.2,1.4,3.2,3.2s-1.4,3.2-3.2,3.2c-1.7,0-3.3-0.9-3.3-2.6S48.7,10.2,50.5,10.2z M66.2,10.2c1.5,0,3.4,1.4,3.4,3.2s-1.9,3.2-3.4,3.2c-1.5,0-2.6-0.4-2.6-2.1S64.8,10.2,66.2,10.2z M82.2,10.2c1.7,0.8,2.6,1.4,2.6,3.2s-0.1,3.2-1.6,3.2c-1.5,0-3.7-1.4-3.7-3.2S80.5,9.4,82.2,10.2zM98.6,10.2c1.5,0,2.6,0.4,2.6,2.1s-1.2,4.2-2.6,4.2c-1.5,0-3.7-0.4-3.7-2.1S97.1,10.2,98.6,10.2z M113.4,10.2c1.2,0,2.2,0.9,2.2,3.2s-0.1,3.2-1.3,3.2s-3.1-1.4-3.1-3.2S112.2,10.2,113.4,10.2z&#039;\/%3E%3C\/svg%3E&quot;);\">\n\t\t\t<span class=\"elementor-divider-separator\">\n\t\t\t\t\t\t<\/span>\n\t\t<\/div>\n\t\t\t\t\t\t<\/div>\n\t\t\t\t<\/div>\n\t\t\t\t<div class=\"elementor-element elementor-element-d770433 elementor-grid-3 elementor-grid-tablet-2 elementor-grid-mobile-1 elementor-posts--thumbnail-top elementor-posts--show-avatar elementor-card-shadow-yes elementor-posts__hover-gradient elementor-widget elementor-widget-posts\" data-id=\"d770433\" data-element_type=\"widget\" data-e-type=\"widget\" data-settings=\"{&quot;cards_columns&quot;:&quot;3&quot;,&quot;cards_columns_tablet&quot;:&quot;2&quot;,&quot;cards_columns_mobile&quot;:&quot;1&quot;,&quot;cards_row_gap&quot;:{&quot;unit&quot;:&quot;px&quot;,&quot;size&quot;:35,&quot;sizes&quot;:[]},&quot;cards_row_gap_tablet&quot;:{&quot;unit&quot;:&quot;px&quot;,&quot;size&quot;:&quot;&quot;,&quot;sizes&quot;:[]},&quot;cards_row_gap_mobile&quot;:{&quot;unit&quot;:&quot;px&quot;,&quot;size&quot;:&quot;&quot;,&quot;sizes&quot;:[]}}\" data-widget_type=\"posts.cards\">\n\t\t\t\t<div class=\"elementor-widget-container\">\n\t\t\t\t\t\t\t<div class=\"elementor-posts-container elementor-posts elementor-posts--skin-cards elementor-grid\" role=\"list\">\n\t\t\t\t<article class=\"elementor-post elementor-grid-item post-8144 post type-post status-publish format-standard has-post-thumbnail hentry category-service-recht tag-gebrauchtimmobilien-spanien tag-immobilienmarkt-valencia-2025 tag-immobilienpreise-costa-blanca tag-preisentwicklung-spanien-immobilien tag-quadratmeterpreise-costa-blanca tag-wohnung-kaufen-alicante\" role=\"listitem\">\n\t\t\t<div class=\"elementor-post__card\">\n\t\t\t\t<a class=\"elementor-post__thumbnail__link\" href=\"https:\/\/costablanca-magazin.com\/es\/immobilien\/service-recht\/immobilienpreise-costa-blanca-gebrauchtmarkt-auf-rekordkurs\/\" tabindex=\"-1\" ><div class=\"elementor-post__thumbnail\"><img fetchpriority=\"high\" decoding=\"async\" width=\"2048\" height=\"1365\" src=\"https:\/\/costablanca-magazin.com\/wp-content\/uploads\/2025\/07\/alicante-city-panoramic-aerial-view-2025-01-08-09-07-44-utc-2048x1365.jpg\" class=\"attachment-2048x2048 size-2048x2048 wp-image-8146\" alt=\"Precios inmobiliarios en la Costa Blanca: el mercado de segunda mano bate r\u00e9cords\" srcset=\"https:\/\/costablanca-magazin.com\/wp-content\/uploads\/2025\/07\/alicante-city-panoramic-aerial-view-2025-01-08-09-07-44-utc-2048x1365.jpg 2048w, https:\/\/costablanca-magazin.com\/wp-content\/uploads\/2025\/07\/alicante-city-panoramic-aerial-view-2025-01-08-09-07-44-utc-300x200.jpg 300w, https:\/\/costablanca-magazin.com\/wp-content\/uploads\/2025\/07\/alicante-city-panoramic-aerial-view-2025-01-08-09-07-44-utc-1024x683.jpg 1024w, https:\/\/costablanca-magazin.com\/wp-content\/uploads\/2025\/07\/alicante-city-panoramic-aerial-view-2025-01-08-09-07-44-utc-768x512.jpg 768w, https:\/\/costablanca-magazin.com\/wp-content\/uploads\/2025\/07\/alicante-city-panoramic-aerial-view-2025-01-08-09-07-44-utc-1536x1024.jpg 1536w\" sizes=\"(max-width: 2048px) 100vw, 2048px\" \/><\/div><\/a>\n\t\t\t\t<div class=\"elementor-post__badge\">Servicio y Derecho<\/div>\n\t\t\t\t<div class=\"elementor-post__avatar\">\n\t\t\t\t\t<\/div>\n\t\t\t\t<div class=\"elementor-post__text\">\n\t\t\t\t<h3 class=\"elementor-post__title\">\n\t\t\t<a href=\"https:\/\/costablanca-magazin.com\/es\/immobilien\/service-recht\/immobilienpreise-costa-blanca-gebrauchtmarkt-auf-rekordkurs\/\" >\n\t\t\t\tPrecios inmobiliarios Costa Blanca - mercado de segunda mano en rumbo r\u00e9cord\t\t\t<\/a>\n\t\t<\/h3>\n\t\t\t\t<\/div>\n\t\t\t\t\t<\/div>\n\t\t<\/article>\n\t\t\t\t<article class=\"elementor-post elementor-grid-item post-7995 post type-post status-publish format-standard has-post-thumbnail hentry category-service-recht tag-airbnb-registrierung-spanien tag-ferienvermietung-strafen-spanien tag-ferienwohnung-registrierung-spanien tag-kurzzeitvermietung-gesetz-2025 tag-mietregister-costa-blanca tag-ventanilla-unica-digital\" role=\"listitem\">\n\t\t\t<div class=\"elementor-post__card\">\n\t\t\t\t<a class=\"elementor-post__thumbnail__link\" href=\"https:\/\/costablanca-magazin.com\/es\/immobilien\/service-recht\/neues-mietregister-spanien-registrierungs-pflicht-fuer-ferienvermietung\/\" tabindex=\"-1\" ><div class=\"elementor-post__thumbnail\"><img decoding=\"async\" width=\"2048\" height=\"1365\" src=\"https:\/\/costablanca-magazin.com\/wp-content\/uploads\/2025\/07\/small-toy-houses-over-keyboard-2024-10-16-14-29-09-utc-2048x1365.jpg\" class=\"attachment-2048x2048 size-2048x2048 wp-image-8042\" alt=\"Se ha puesto en marcha un nuevo registro de alquileres: obligaci\u00f3n de registrar los apartamentos vacacionales\" srcset=\"https:\/\/costablanca-magazin.com\/wp-content\/uploads\/2025\/07\/small-toy-houses-over-keyboard-2024-10-16-14-29-09-utc-2048x1365.jpg 2048w, https:\/\/costablanca-magazin.com\/wp-content\/uploads\/2025\/07\/small-toy-houses-over-keyboard-2024-10-16-14-29-09-utc-300x200.jpg 300w, https:\/\/costablanca-magazin.com\/wp-content\/uploads\/2025\/07\/small-toy-houses-over-keyboard-2024-10-16-14-29-09-utc-1024x683.jpg 1024w, https:\/\/costablanca-magazin.com\/wp-content\/uploads\/2025\/07\/small-toy-houses-over-keyboard-2024-10-16-14-29-09-utc-768x512.jpg 768w, https:\/\/costablanca-magazin.com\/wp-content\/uploads\/2025\/07\/small-toy-houses-over-keyboard-2024-10-16-14-29-09-utc-1536x1024.jpg 1536w\" sizes=\"(max-width: 2048px) 100vw, 2048px\" \/><\/div><\/a>\n\t\t\t\t<div class=\"elementor-post__badge\">Servicio y Derecho<\/div>\n\t\t\t\t<div class=\"elementor-post__avatar\">\n\t\t\t\t\t<\/div>\n\t\t\t\t<div class=\"elementor-post__text\">\n\t\t\t\t<h3 class=\"elementor-post__title\">\n\t\t\t<a href=\"https:\/\/costablanca-magazin.com\/es\/immobilien\/service-recht\/neues-mietregister-spanien-registrierungs-pflicht-fuer-ferienvermietung\/\" >\n\t\t\t\tNuevo registro de alquileres Espa\u00f1a - registro obligatorio para alquileres vacacionales\t\t\t<\/a>\n\t\t<\/h3>\n\t\t\t\t<\/div>\n\t\t\t\t\t<\/div>\n\t\t<\/article>\n\t\t\t\t<article class=\"elementor-post elementor-grid-item post-5236 post type-post status-publish format-standard has-post-thumbnail hentry category-service-recht tag-costa-blanca tag-erbschaftssteuer tag-gemeindesteuer tag-grundstueckswert tag-immobilienuebertragung tag-immobilienverkauf tag-plusvalia-municipal tag-schenkung tag-sonderregelungen tag-steuerbefreiung tag-steuerfristen tag-steuern-costa-blanca tag-steuerpflicht tag-verzugszinsen tag-wertsteigerung tag-wertzuwachssteuer\" role=\"listitem\">\n\t\t\t<div class=\"elementor-post__card\">\n\t\t\t\t<a class=\"elementor-post__thumbnail__link\" href=\"https:\/\/costablanca-magazin.com\/es\/immobilien\/service-recht\/kapitalertragssteuer-fuer-immobilienbesitzer-das-wichtigste\/\" tabindex=\"-1\" ><div class=\"elementor-post__thumbnail\"><img decoding=\"async\" width=\"2048\" height=\"856\" src=\"https:\/\/costablanca-magazin.com\/wp-content\/uploads\/2025\/03\/housing-market-price-is-increasing-or-rising-2022-12-16-12-30-06-utc-Kopie-scaled-e1742399878463-2048x856.jpg\" class=\"attachment-2048x2048 size-2048x2048 wp-image-5237\" alt=\"Impuesto municipal sobre las ganancias de capital: lo que deben saber los propietarios inmobiliarios\" srcset=\"https:\/\/costablanca-magazin.com\/wp-content\/uploads\/2025\/03\/housing-market-price-is-increasing-or-rising-2022-12-16-12-30-06-utc-Kopie-scaled-e1742399878463-2048x856.jpg 2048w, https:\/\/costablanca-magazin.com\/wp-content\/uploads\/2025\/03\/housing-market-price-is-increasing-or-rising-2022-12-16-12-30-06-utc-Kopie-scaled-e1742399878463-300x125.jpg 300w, https:\/\/costablanca-magazin.com\/wp-content\/uploads\/2025\/03\/housing-market-price-is-increasing-or-rising-2022-12-16-12-30-06-utc-Kopie-scaled-e1742399878463-768x321.jpg 768w, https:\/\/costablanca-magazin.com\/wp-content\/uploads\/2025\/03\/housing-market-price-is-increasing-or-rising-2022-12-16-12-30-06-utc-Kopie-scaled-e1742399878463-1536x642.jpg 1536w\" sizes=\"(max-width: 2048px) 100vw, 2048px\" \/><\/div><\/a>\n\t\t\t\t<div class=\"elementor-post__badge\">Servicio y Derecho<\/div>\n\t\t\t\t<div class=\"elementor-post__avatar\">\n\t\t\t\t\t<\/div>\n\t\t\t\t<div class=\"elementor-post__text\">\n\t\t\t\t<h3 class=\"elementor-post__title\">\n\t\t\t<a href=\"https:\/\/costablanca-magazin.com\/es\/immobilien\/service-recht\/kapitalertragssteuer-fuer-immobilienbesitzer-das-wichtigste\/\" >\n\t\t\t\tEl impuesto de plusval\u00eda para los propietarios: los datos m\u00e1s importantes\t\t\t<\/a>\n\t\t<\/h3>\n\t\t\t\t<\/div>\n\t\t\t\t\t<\/div>\n\t\t<\/article>\n\t\t\t\t<\/div>\n\t\t\n\t\t\t\t\t\t<\/div>\n\t\t\t\t<\/div>\n\t\t\t\t\t<\/div>\n\t\t\t\t<\/div>\n\t\t\t\t<\/div>","protected":false},"excerpt":{"rendered":"<p>Mercado inmobiliario en la Costa Blanca en 2025: tendencias y datos Aumento de los precios, nuevas leyes, alta demanda: por qu\u00e9 el mercado inmobiliario en 2025 plantea m\u00e1s preguntas<\/p>","protected":false},"author":1,"featured_media":8555,"comment_status":"closed","ping_status":"closed","sticky":false,"template":"elementor_header_footer","format":"standard","meta":{"footnotes":""},"categories":[984],"tags":[1126,1125,1122,1127,1123,1124],"class_list":["post-8516","post","type-post","status-publish","format-standard","has-post-thumbnail","hentry","category-service-recht","tag-hausbau-costa-blanca","tag-immobilien-2025","tag-immobilienmarkt-costa-blanca","tag-kaufen-bauen-wohnen","tag-marina-alta-immobilien","tag-marina-baixa-immobilien"],"aioseo_notices":[],"_links":{"self":[{"href":"https:\/\/costablanca-magazin.com\/es\/wp-json\/wp\/v2\/posts\/8516","targetHints":{"allow":["GET"]}}],"collection":[{"href":"https:\/\/costablanca-magazin.com\/es\/wp-json\/wp\/v2\/posts"}],"about":[{"href":"https:\/\/costablanca-magazin.com\/es\/wp-json\/wp\/v2\/types\/post"}],"author":[{"embeddable":true,"href":"https:\/\/costablanca-magazin.com\/es\/wp-json\/wp\/v2\/users\/1"}],"replies":[{"embeddable":true,"href":"https:\/\/costablanca-magazin.com\/es\/wp-json\/wp\/v2\/comments?post=8516"}],"version-history":[{"count":10,"href":"https:\/\/costablanca-magazin.com\/es\/wp-json\/wp\/v2\/posts\/8516\/revisions"}],"predecessor-version":[{"id":11060,"href":"https:\/\/costablanca-magazin.com\/es\/wp-json\/wp\/v2\/posts\/8516\/revisions\/11060"}],"wp:featuredmedia":[{"embeddable":true,"href":"https:\/\/costablanca-magazin.com\/es\/wp-json\/wp\/v2\/media\/8555"}],"wp:attachment":[{"href":"https:\/\/costablanca-magazin.com\/es\/wp-json\/wp\/v2\/media?parent=8516"}],"wp:term":[{"taxonomy":"category","embeddable":true,"href":"https:\/\/costablanca-magazin.com\/es\/wp-json\/wp\/v2\/categories?post=8516"},{"taxonomy":"post_tag","embeddable":true,"href":"https:\/\/costablanca-magazin.com\/es\/wp-json\/wp\/v2\/tags?post=8516"}],"curies":[{"name":"wp","href":"https:\/\/api.w.org\/{rel}","templated":true}]}}