{"id":8460,"date":"2025-08-20T09:00:00","date_gmt":"2025-08-20T07:00:00","guid":{"rendered":"https:\/\/costablanca-magazin.com\/?p=8460"},"modified":"2026-01-26T13:33:40","modified_gmt":"2026-01-26T12:33:40","slug":"finales-de-verano-en-la-marina-alta-y-la-marina-baixa","status":"publish","type":"post","link":"https:\/\/costablanca-magazin.com\/es\/freizeit\/veranstaltungen-events\/spaetsommer-in-der-marina-alta-und-der-marina-baixa\/","title":{"rendered":"Finales de verano en la Marina Alta y la Marina Baixa"},"content":{"rendered":"<div data-elementor-type=\"wp-post\" data-elementor-id=\"8460\" class=\"elementor elementor-8460\" data-elementor-post-type=\"post\">\n\t\t\t\t<div class=\"elementor-element elementor-element-c1854fa e-flex e-con-boxed e-con e-parent\" data-id=\"c1854fa\" data-element_type=\"container\" data-e-type=\"container\">\n\t\t\t\t\t<div class=\"e-con-inner\">\n\t\t\t\t<div class=\"elementor-element elementor-element-d698200 elementor-widget elementor-widget-heading\" data-id=\"d698200\" data-element_type=\"widget\" data-e-type=\"widget\" data-widget_type=\"heading.default\">\n\t\t\t\t<div class=\"elementor-widget-container\">\n\t\t\t\t\t<h1 class=\"elementor-heading-title elementor-size-default\">Finales de verano\nen la Marina Alta\ny la Marina Baixa<\/h1>\t\t\t\t<\/div>\n\t\t\t\t<\/div>\n\t\t\t\t<div class=\"elementor-element elementor-element-a93f23c elementor-widget elementor-widget-heading\" data-id=\"a93f23c\" data-element_type=\"widget\" data-e-type=\"widget\" data-widget_type=\"heading.default\">\n\t\t\t\t<div class=\"elementor-widget-container\">\n\t\t\t\t\t<p class=\"elementor-heading-title elementor-size-default\">Entre vi\u00f1edo y feria\nAs\u00ed celebra la regi\u00f3n su vendimia<\/p>\t\t\t\t<\/div>\n\t\t\t\t<\/div>\n\t\t\t\t<div class=\"elementor-element elementor-element-f7b549a elementor-widget elementor-widget-image\" data-id=\"f7b549a\" data-element_type=\"widget\" data-e-type=\"widget\" data-widget_type=\"image.default\">\n\t\t\t\t<div class=\"elementor-widget-container\">\n\t\t\t\t\t\t\t\t\t\t\t\t\t\t\t<img fetchpriority=\"high\" decoding=\"async\" width=\"2560\" height=\"1920\" src=\"https:\/\/costablanca-magazin.com\/wp-content\/uploads\/2024\/09\/Weinanbau-12-scaled.jpg\" class=\"attachment-full size-full wp-image-2324\" alt=\"La rica historia de la viticultura\" srcset=\"https:\/\/costablanca-magazin.com\/wp-content\/uploads\/2024\/09\/Weinanbau-12-scaled.jpg 2560w, https:\/\/costablanca-magazin.com\/wp-content\/uploads\/2024\/09\/Weinanbau-12-300x225.jpg 300w, https:\/\/costablanca-magazin.com\/wp-content\/uploads\/2024\/09\/Weinanbau-12-1024x768.jpg 1024w, https:\/\/costablanca-magazin.com\/wp-content\/uploads\/2024\/09\/Weinanbau-12-768x576.jpg 768w, https:\/\/costablanca-magazin.com\/wp-content\/uploads\/2024\/09\/Weinanbau-12-1536x1152.jpg 1536w, https:\/\/costablanca-magazin.com\/wp-content\/uploads\/2024\/09\/Weinanbau-12-2048x1536.jpg 2048w\" sizes=\"(max-width: 2560px) 100vw, 2560px\" \/>\t\t\t\t\t\t\t\t\t\t\t\t\t\t\t<\/div>\n\t\t\t\t<\/div>\n\t\t\t\t\t<\/div>\n\t\t\t\t<\/div>\n\t\t<div class=\"elementor-element elementor-element-7678685 e-flex e-con-boxed e-con e-parent\" data-id=\"7678685\" data-element_type=\"container\" data-e-type=\"container\">\n\t\t\t\t\t<div class=\"e-con-inner\">\n\t\t<div class=\"elementor-element elementor-element-e944519 e-con-full e-flex e-con e-child\" data-id=\"e944519\" data-element_type=\"container\" data-e-type=\"container\">\n\t\t\t\t<div class=\"elementor-element elementor-element-c9b7e85 elementor-widget elementor-widget-text-editor\" data-id=\"c9b7e85\" data-element_type=\"widget\" data-e-type=\"widget\" data-widget_type=\"text-editor.default\">\n\t\t\t\t<div class=\"elementor-widget-container\">\n\t\t\t\t\t\t\t\t\t<p>En Teulada, Benissa, Xal\u00f3 y Parcent, las primeras cajas de vendimia se est\u00e1n llenando. Los tractores avanzan hacia la bodega, los viticultores controlan las uvas con ojo experto: la vendimia ha llegado. A finales de agosto y en septiembre, determina el ritmo de comunidades enteras. Y mientras se concentra el trabajo en los vi\u00f1edos, plazas, calles y bodegas se transforman en lugares de encuentro para entendidos.<\/p><p><strong>Algo m\u00e1s que cosechar<\/strong><br \/>Para los viticultores, esta \u00e9poca es el momento culminante del a\u00f1o, y f\u00edsicamente exigente. La vendimia se realiza a menudo a primera hora de la ma\u00f1ana o incluso por la noche para que las uvas Moscatel lleguen a la prensa a la temperatura \u00f3ptima. Esta variedad caracteriza muchos de los vinos blancos de la regi\u00f3n y es la base del tradicional Mistela, un vino dulce de licor que se elabora en la Marina Alta seg\u00fan recetas familiares desde hace generaciones.<br \/>Para los habitantes de los pueblos, la vendimia es tambi\u00e9n un acontecimiento social. La gente se re\u00fane, prueba la nueva cosecha o intercambia historias, ya sea en un peque\u00f1o c\u00edrculo en la bodega o en una gran fiesta en la plaza del mercado.<\/p><p><strong>Donde se celebra la vendimia<\/strong><br \/><strong>Fiesta del Moscatel - Teulada (principios de septiembre)<\/strong><br \/>Pasacalles, concursos de uvas y bodegas abiertas. Los visitantes pueden catar, hablar con los viticultores y vivir de cerca el trabajo en la bodega.<\/p>\t\t\t\t\t\t\t\t<\/div>\n\t\t\t\t<\/div>\n\t\t\t\t<\/div>\n\t\t<div class=\"elementor-element elementor-element-2ca1d4c e-con-full e-flex e-con e-child\" data-id=\"2ca1d4c\" data-element_type=\"container\" data-e-type=\"container\">\n\t\t\t\t<div class=\"elementor-element elementor-element-7e028be elementor-widget elementor-widget-text-editor\" data-id=\"7e028be\" data-element_type=\"widget\" data-e-type=\"widget\" data-widget_type=\"text-editor.default\">\n\t\t\t\t<div class=\"elementor-widget-container\">\n\t\t\t\t\t\t\t\t\t<p><strong>Fiestas de la Vendimia - Xal\u00f3 (mediados de septiembre)<\/strong><br \/>Puestos de mercado, m\u00fasica en directo y degustaciones en el coraz\u00f3n de la Vall de Pop. El momento culminante es el desfile, durante el cual se presentan las uvas y los vinos de la cosecha actual.<\/p><p><strong>Mostra de Vins - Benissa (septiembre)<\/strong><br \/>Las bodegas regionales presentan sus mejores vinos, acompa\u00f1ados de platos que maridan a la perfecci\u00f3n con el vino.<\/p><p><strong>De la vid a la copa<\/strong><br \/>Algunas bodegas -por ejemplo en Xal\u00f3, Teulada, Alfaz del Pi o Parcent- ofrecen visitas guiadas durante estas fechas. Los visitantes pueden degustar uvas frescas, echar un vistazo a las bodegas y ver c\u00f3mo se crea la nueva a\u00f1ada a partir de la cosecha.<\/p><p>En \u00e9poca de vendimia, merece la pena aprovechar la oportunidad: acercarse a una bodega o a un viticultor, probar una copa, entablar conversaci\u00f3n y echar un vistazo entre bastidores. Ya se trate de vinos base especiales, de a\u00f1adas limitadas o de mosto reci\u00e9n prensado, casi todas las bodegas tienen algo que destacar. Y si cata con la mente abierta, puede que encuentre el vino que no s\u00f3lo le sabr\u00e1 bien este oto\u00f1o, sino que tambi\u00e9n le recordar\u00e1 la \u00e9poca especial de la vendimia m\u00e1s adelante.<\/p>\t\t\t\t\t\t\t\t<\/div>\n\t\t\t\t<\/div>\n\t\t\t\t<\/div>\n\t\t\t\t\t<\/div>\n\t\t\t\t<\/div>\n\t\t\t\t<\/div>","protected":false},"excerpt":{"rendered":"<p>Sp\u00e4tsommer in der Marina Alta und der Marina Baixa Zwischen Weinberg und Festplatz \u2013 so feiert die Region ihre Lesezeit In Teulada, Benissa, Xal\u00f3 und Parcent f\u00fcllen sich die ersten Erntekisten. Traktoren tuckern Richtung Bodega, Winzer pr\u00fcfen mit routiniertem Blick die Trauben \u2013 die Weinlese ist da. Ende August und im September bestimmt sie den [&hellip;]<\/p>\n","protected":false},"author":4,"featured_media":10400,"comment_status":"closed","ping_status":"closed","sticky":false,"template":"elementor_header_footer","format":"standard","meta":{"footnotes":""},"categories":[23],"tags":[],"class_list":["post-8460","post","type-post","status-publish","format-standard","has-post-thumbnail","hentry","category-veranstaltungen-events"],"aioseo_notices":[],"aioseo_head":"\n\t\t<!-- All in One SEO Pro 5.0.1.1 - aioseo.com -->\n\t<meta name=\"description\" content=\"Zwischen Weinberg und Festplatz \u2013 so feiert die Region ihre Lesezeit - In Teulada, Benissa, Xal\u00f3 und Parcent f\u00fcllen sich die ersten Erntekisten.\" \/>\n\t<meta name=\"robots\" content=\"max-snippet:-1, max-image-preview:large, max-video-preview:-1\" \/>\n\t<meta name=\"author\" content=\"Costablanca Magazin Redaktion\"\/>\n\t<link rel=\"canonical\" href=\"https:\/\/costablanca-magazin.com\/es\/freizeit\/veranstaltungen-events\/spaetsommer-in-der-marina-alta-und-der-marina-baixa\/\" \/>\n\t<meta name=\"generator\" content=\"All in One SEO Pro (AIOSEO) 5.0.1.1\" \/>\n\t\t<meta property=\"og:locale\" content=\"es_ES\" \/>\n\t\t<meta property=\"og:site_name\" content=\"Costa Blanca Magazin\" \/>\n\t\t<meta property=\"og:type\" content=\"article\" \/>\n\t\t<meta property=\"og:title\" content=\"Sp\u00e4tsommer in der Marina Alta und der Marina Baixa\" \/>\n\t\t<meta property=\"og:description\" content=\"Zwischen Weinberg und Festplatz \u2013 so feiert die Region ihre Lesezeit - In Teulada, Benissa, Xal\u00f3 und Parcent f\u00fcllen sich die ersten Erntekisten.\" \/>\n\t\t<meta property=\"og:url\" content=\"https:\/\/costablanca-magazin.com\/es\/freizeit\/veranstaltungen-events\/spaetsommer-in-der-marina-alta-und-der-marina-baixa\/\" \/>\n\t\t<meta property=\"og:image\" content=\"https:\/\/costablanca-magazin.com\/wp-content\/uploads\/2025\/08\/weinabau01.jpg\" \/>\n\t\t<meta property=\"og:image:secure_url\" content=\"https:\/\/costablanca-magazin.com\/wp-content\/uploads\/2025\/08\/weinabau01.jpg\" \/>\n\t\t<meta property=\"og:image:width\" content=\"1536\" \/>\n\t\t<meta property=\"og:image:height\" content=\"350\" \/>\n\t\t<meta property=\"article:published_time\" content=\"2025-08-20T07:00:00+00:00\" \/>\n\t\t<meta property=\"article:modified_time\" content=\"2026-01-26T12:33:40+00:00\" \/>\n\t\t<meta property=\"article:publisher\" content=\"https:\/\/www.facebook.com\/costablancalifestyle\/\" \/>\n\t\t<meta name=\"twitter:card\" content=\"summary_large_image\" \/>\n\t\t<meta name=\"twitter:title\" content=\"Sp\u00e4tsommer in der Marina Alta und der Marina Baixa\" \/>\n\t\t<meta name=\"twitter:description\" content=\"Zwischen Weinberg und Festplatz \u2013 so feiert die Region ihre Lesezeit - In Teulada, Benissa, Xal\u00f3 und Parcent f\u00fcllen sich die ersten Erntekisten.\" \/>\n\t\t<meta name=\"twitter:image\" content=\"https:\/\/costablanca-magazin.com\/wp-content\/uploads\/2025\/08\/weinabau01.jpg\" \/>\n\t\t<script type=\"application\/ld+json\" class=\"aioseo-schema\">\n\t\t\t{\"@context\":\"https:\\\/\\\/schema.org\",\"@graph\":[{\"@type\":\"BreadcrumbList\",\"@id\":\"https:\\\/\\\/costablanca-magazin.com\\\/es\\\/freizeit\\\/veranstaltungen-events\\\/spaetsommer-in-der-marina-alta-und-der-marina-baixa\\\/#breadcrumblist\",\"itemListElement\":[{\"@type\":\"ListItem\",\"@id\":\"https:\\\/\\\/costablanca-magazin.com\\\/es#listItem\",\"position\":1,\"name\":\"Home\",\"item\":\"https:\\\/\\\/costablanca-magazin.com\\\/es\",\"nextItem\":{\"@type\":\"ListItem\",\"@id\":\"https:\\\/\\\/costablanca-magazin.com\\\/es\\\/tiempo-libre\\\/#listItem\",\"name\":\"Freizeit\"}},{\"@type\":\"ListItem\",\"@id\":\"https:\\\/\\\/costablanca-magazin.com\\\/es\\\/tiempo-libre\\\/#listItem\",\"position\":2,\"name\":\"Freizeit\",\"item\":\"https:\\\/\\\/costablanca-magazin.com\\\/es\\\/tiempo-libre\\\/\",\"nextItem\":{\"@type\":\"ListItem\",\"@id\":\"https:\\\/\\\/costablanca-magazin.com\\\/es\\\/eventos-eventos\\\/#listItem\",\"name\":\"Veranstaltungen &amp; Events\"},\"previousItem\":{\"@type\":\"ListItem\",\"@id\":\"https:\\\/\\\/costablanca-magazin.com\\\/es#listItem\",\"name\":\"Home\"}},{\"@type\":\"ListItem\",\"@id\":\"https:\\\/\\\/costablanca-magazin.com\\\/es\\\/eventos-eventos\\\/#listItem\",\"position\":3,\"name\":\"Veranstaltungen &amp; Events\",\"item\":\"https:\\\/\\\/costablanca-magazin.com\\\/es\\\/eventos-eventos\\\/\",\"nextItem\":{\"@type\":\"ListItem\",\"@id\":\"https:\\\/\\\/costablanca-magazin.com\\\/es\\\/freizeit\\\/veranstaltungen-events\\\/spaetsommer-in-der-marina-alta-und-der-marina-baixa\\\/#listItem\",\"name\":\"Sp\\u00e4tsommer in der Marina Alta und der Marina Baixa\"},\"previousItem\":{\"@type\":\"ListItem\",\"@id\":\"https:\\\/\\\/costablanca-magazin.com\\\/es\\\/tiempo-libre\\\/#listItem\",\"name\":\"Freizeit\"}},{\"@type\":\"ListItem\",\"@id\":\"https:\\\/\\\/costablanca-magazin.com\\\/es\\\/freizeit\\\/veranstaltungen-events\\\/spaetsommer-in-der-marina-alta-und-der-marina-baixa\\\/#listItem\",\"position\":4,\"name\":\"Sp\\u00e4tsommer in der Marina Alta und der Marina Baixa\",\"previousItem\":{\"@type\":\"ListItem\",\"@id\":\"https:\\\/\\\/costablanca-magazin.com\\\/es\\\/eventos-eventos\\\/#listItem\",\"name\":\"Veranstaltungen &amp; Events\"}}]},{\"@type\":\"NewsArticle\",\"@id\":\"https:\\\/\\\/costablanca-magazin.com\\\/es\\\/freizeit\\\/veranstaltungen-events\\\/spaetsommer-in-der-marina-alta-und-der-marina-baixa\\\/#article\",\"name\":\"Sp\\u00e4tsommer in der Marina Alta und der Marina Baixa\",\"headline\":\"Sp\\u00e4tsommer in der Marina Alta und der Marina Baixa\",\"author\":{\"@id\":\"https:\\\/\\\/costablanca-magazin.com\\\/es\\\/author\\\/costablanca-magazin-redaktion\\\/#author\"},\"publisher\":{\"@id\":\"https:\\\/\\\/costablanca-magazin.com\\\/es\\\/#organization\"},\"image\":{\"@type\":\"ImageObject\",\"url\":\"https:\\\/\\\/costablanca-magazin.com\\\/wp-content\\\/uploads\\\/2025\\\/08\\\/weinabau01.jpg\",\"width\":1536,\"height\":350,\"caption\":\"Sp\\u00e4tsommer in der Marina Alta und der Marina Baixa\"},\"datePublished\":\"2025-08-20T09:00:00+02:00\",\"dateModified\":\"2026-01-26T13:33:40+01:00\",\"inLanguage\":\"es-ES\",\"mainEntityOfPage\":{\"@id\":\"https:\\\/\\\/costablanca-magazin.com\\\/es\\\/freizeit\\\/veranstaltungen-events\\\/spaetsommer-in-der-marina-alta-und-der-marina-baixa\\\/#webpage\"},\"isPartOf\":{\"@id\":\"https:\\\/\\\/costablanca-magazin.com\\\/es\\\/freizeit\\\/veranstaltungen-events\\\/spaetsommer-in-der-marina-alta-und-der-marina-baixa\\\/#webpage\"},\"articleSection\":\"Veranstaltungen &amp; Events\"},{\"@type\":\"Person\",\"@id\":\"https:\\\/\\\/costablanca-magazin.com\\\/es\\\/author\\\/costablanca-magazin-redaktion\\\/#author\",\"url\":\"https:\\\/\\\/costablanca-magazin.com\\\/es\\\/author\\\/costablanca-magazin-redaktion\\\/\",\"name\":\"Costablanca Magazin Redaktion\"},{\"@type\":\"WebPage\",\"@id\":\"https:\\\/\\\/costablanca-magazin.com\\\/es\\\/freizeit\\\/veranstaltungen-events\\\/spaetsommer-in-der-marina-alta-und-der-marina-baixa\\\/#webpage\",\"url\":\"https:\\\/\\\/costablanca-magazin.com\\\/es\\\/freizeit\\\/veranstaltungen-events\\\/spaetsommer-in-der-marina-alta-und-der-marina-baixa\\\/\",\"name\":\"Sp\\u00e4tsommer in der Marina Alta und der Marina Baixa\",\"description\":\"Zwischen Weinberg und Festplatz \\u2013 so feiert die Region ihre Lesezeit - In Teulada, Benissa, Xal\\u00f3 und Parcent f\\u00fcllen sich die ersten Erntekisten.\",\"inLanguage\":\"es-ES\",\"isPartOf\":{\"@id\":\"https:\\\/\\\/costablanca-magazin.com\\\/es\\\/#website\"},\"breadcrumb\":{\"@id\":\"https:\\\/\\\/costablanca-magazin.com\\\/es\\\/freizeit\\\/veranstaltungen-events\\\/spaetsommer-in-der-marina-alta-und-der-marina-baixa\\\/#breadcrumblist\"},\"author\":{\"@id\":\"https:\\\/\\\/costablanca-magazin.com\\\/es\\\/author\\\/costablanca-magazin-redaktion\\\/#author\"},\"creator\":{\"@id\":\"https:\\\/\\\/costablanca-magazin.com\\\/es\\\/author\\\/costablanca-magazin-redaktion\\\/#author\"},\"image\":{\"@type\":\"ImageObject\",\"url\":\"https:\\\/\\\/costablanca-magazin.com\\\/wp-content\\\/uploads\\\/2025\\\/08\\\/weinabau01.jpg\",\"@id\":\"https:\\\/\\\/costablanca-magazin.com\\\/es\\\/freizeit\\\/veranstaltungen-events\\\/spaetsommer-in-der-marina-alta-und-der-marina-baixa\\\/#mainImage\",\"width\":1536,\"height\":350,\"caption\":\"Sp\\u00e4tsommer in der Marina Alta und der Marina Baixa\"},\"primaryImageOfPage\":{\"@id\":\"https:\\\/\\\/costablanca-magazin.com\\\/es\\\/freizeit\\\/veranstaltungen-events\\\/spaetsommer-in-der-marina-alta-und-der-marina-baixa\\\/#mainImage\"},\"datePublished\":\"2025-08-20T09:00:00+02:00\",\"dateModified\":\"2026-01-26T13:33:40+01:00\",\"mainEntity\":{\"@id\":\"https:\\\/\\\/costablanca-magazin.com\\\/es\\\/freizeit\\\/veranstaltungen-events\\\/spaetsommer-in-der-marina-alta-und-der-marina-baixa\\\/#article\"}},{\"@type\":\"WebSite\",\"@id\":\"https:\\\/\\\/costablanca-magazin.com\\\/es\\\/#website\",\"url\":\"https:\\\/\\\/costablanca-magazin.com\\\/es\\\/\",\"name\":\"Costa Blanca Magazin\",\"description\":\"Costa Blanca - alles um das Leben und die Freizeit an der K\\u00fcste\",\"inLanguage\":\"es-ES\",\"publisher\":{\"@id\":\"https:\\\/\\\/costablanca-magazin.com\\\/es\\\/#organization\"},\"potentialAction\":{\"@type\":\"SearchAction\",\"target\":\"https:\\\/\\\/costablanca-magazin.com\\\/es\\\/?s={search_term_string}\",\"query-input\":\"required name=search_term_string\"}},{\"@type\":[\"Organization\",\"NewsMediaOrganization\"],\"@id\":\"https:\\\/\\\/costablanca-magazin.com\\\/es\\\/#organization\",\"name\":\"Costa Blanca Magazin\",\"description\":\"Costa Blanca Magazin\",\"url\":\"https:\\\/\\\/costablanca-magazin.com\\\/es\\\/\",\"email\":\"info@costablanca-magazin.com\",\"telephone\":\"+34 663 946 871\",\"logo\":{\"@type\":\"ImageObject\",\"url\":\"https:\\\/\\\/costablanca-magazin.com\\\/wp-content\\\/uploads\\\/2024\\\/05\\\/logo.jpg\",\"@id\":\"https:\\\/\\\/costablanca-magazin.com\\\/es\\\/freizeit\\\/veranstaltungen-events\\\/spaetsommer-in-der-marina-alta-und-der-marina-baixa\\\/#organizationLogo\",\"width\":1605,\"height\":236,\"caption\":\"Costa Blanca Magazin\"},\"image\":{\"@id\":\"https:\\\/\\\/costablanca-magazin.com\\\/es\\\/freizeit\\\/veranstaltungen-events\\\/spaetsommer-in-der-marina-alta-und-der-marina-baixa\\\/#organizationLogo\"},\"sameAs\":[\"https:\\\/\\\/www.facebook.com\\\/costablancalifestyle\\\/\",\"https:\\\/\\\/www.instagram.com\\\/costablancamagazin\\\/\"]}]}\n\t\t<\/script>\n\t\t<!-- All in One SEO Pro -->\r\n\t\t<title>Sp\u00e4tsommer in der Marina Alta und der Marina Baixa<\/title>\n\n","aioseo_head_json":{"title":"Finales de verano en la Marina Alta y la Marina Baixa","description":"Entre vi\u00f1edos y ferias: as\u00ed celebra la regi\u00f3n la \u00e9poca de la vendimia. En Teulada, Benissa, Xal\u00f3 y Parcent se llenan las primeras cajas de la cosecha.","canonical_url":"https:\/\/costablanca-magazin.com\/es\/freizeit\/veranstaltungen-events\/spaetsommer-in-der-marina-alta-und-der-marina-baixa\/","robots":"max-snippet:-1, max-image-preview:large, max-video-preview:-1","keywords":"","webmasterTools":{"miscellaneous":""},"schema":{"@context":"https:\/\/schema.org","@graph":[{"@type":"BreadcrumbList","@id":"https:\/\/costablanca-magazin.com\/es\/freizeit\/veranstaltungen-events\/spaetsommer-in-der-marina-alta-und-der-marina-baixa\/#breadcrumblist","itemListElement":[{"@type":"ListItem","@id":"https:\/\/costablanca-magazin.com\/es#listItem","position":1,"name":"Home","item":"https:\/\/costablanca-magazin.com\/es","nextItem":{"@type":"ListItem","@id":"https:\/\/costablanca-magazin.com\/es\/tiempo-libre\/#listItem","name":"Freizeit"}},{"@type":"ListItem","@id":"https:\/\/costablanca-magazin.com\/es\/tiempo-libre\/#listItem","position":2,"name":"Freizeit","item":"https:\/\/costablanca-magazin.com\/es\/tiempo-libre\/","nextItem":{"@type":"ListItem","@id":"https:\/\/costablanca-magazin.com\/es\/eventos-eventos\/#listItem","name":"Veranstaltungen &amp; Events"},"previousItem":{"@type":"ListItem","@id":"https:\/\/costablanca-magazin.com\/es#listItem","name":"Home"}},{"@type":"ListItem","@id":"https:\/\/costablanca-magazin.com\/es\/eventos-eventos\/#listItem","position":3,"name":"Veranstaltungen &amp; Events","item":"https:\/\/costablanca-magazin.com\/es\/eventos-eventos\/","nextItem":{"@type":"ListItem","@id":"https:\/\/costablanca-magazin.com\/es\/freizeit\/veranstaltungen-events\/spaetsommer-in-der-marina-alta-und-der-marina-baixa\/#listItem","name":"Sp\u00e4tsommer in der Marina Alta und der Marina Baixa"},"previousItem":{"@type":"ListItem","@id":"https:\/\/costablanca-magazin.com\/es\/tiempo-libre\/#listItem","name":"Freizeit"}},{"@type":"ListItem","@id":"https:\/\/costablanca-magazin.com\/es\/freizeit\/veranstaltungen-events\/spaetsommer-in-der-marina-alta-und-der-marina-baixa\/#listItem","position":4,"name":"Sp\u00e4tsommer in der Marina Alta und der Marina Baixa","previousItem":{"@type":"ListItem","@id":"https:\/\/costablanca-magazin.com\/es\/eventos-eventos\/#listItem","name":"Veranstaltungen &amp; Events"}}]},{"@type":"NewsArticle","@id":"https:\/\/costablanca-magazin.com\/es\/freizeit\/veranstaltungen-events\/spaetsommer-in-der-marina-alta-und-der-marina-baixa\/#article","name":"Sp\u00e4tsommer in der Marina Alta und der Marina Baixa","headline":"Sp\u00e4tsommer in der Marina Alta und der Marina Baixa","author":{"@id":"https:\/\/costablanca-magazin.com\/es\/author\/costablanca-magazin-redaktion\/#author"},"publisher":{"@id":"https:\/\/costablanca-magazin.com\/es\/#organization"},"image":{"@type":"ImageObject","url":"https:\/\/costablanca-magazin.com\/wp-content\/uploads\/2025\/08\/weinabau01.jpg","width":1536,"height":350,"caption":"Sp\u00e4tsommer in der Marina Alta und der Marina Baixa"},"datePublished":"2025-08-20T09:00:00+02:00","dateModified":"2026-01-26T13:33:40+01:00","inLanguage":"es-ES","mainEntityOfPage":{"@id":"https:\/\/costablanca-magazin.com\/es\/freizeit\/veranstaltungen-events\/spaetsommer-in-der-marina-alta-und-der-marina-baixa\/#webpage"},"isPartOf":{"@id":"https:\/\/costablanca-magazin.com\/es\/freizeit\/veranstaltungen-events\/spaetsommer-in-der-marina-alta-und-der-marina-baixa\/#webpage"},"articleSection":"Veranstaltungen &amp; Events"},{"@type":"Person","@id":"https:\/\/costablanca-magazin.com\/es\/author\/costablanca-magazin-redaktion\/#author","url":"https:\/\/costablanca-magazin.com\/es\/author\/costablanca-magazin-redaktion\/","name":"Costablanca Magazin Redaktion"},{"@type":"WebPage","@id":"https:\/\/costablanca-magazin.com\/es\/freizeit\/veranstaltungen-events\/spaetsommer-in-der-marina-alta-und-der-marina-baixa\/#webpage","url":"https:\/\/costablanca-magazin.com\/es\/freizeit\/veranstaltungen-events\/spaetsommer-in-der-marina-alta-und-der-marina-baixa\/","name":"Sp\u00e4tsommer in der Marina Alta und der Marina Baixa","description":"Zwischen Weinberg und Festplatz \u2013 so feiert die Region ihre Lesezeit - In Teulada, Benissa, Xal\u00f3 und Parcent f\u00fcllen sich die ersten Erntekisten.","inLanguage":"es-ES","isPartOf":{"@id":"https:\/\/costablanca-magazin.com\/es\/#website"},"breadcrumb":{"@id":"https:\/\/costablanca-magazin.com\/es\/freizeit\/veranstaltungen-events\/spaetsommer-in-der-marina-alta-und-der-marina-baixa\/#breadcrumblist"},"author":{"@id":"https:\/\/costablanca-magazin.com\/es\/author\/costablanca-magazin-redaktion\/#author"},"creator":{"@id":"https:\/\/costablanca-magazin.com\/es\/author\/costablanca-magazin-redaktion\/#author"},"image":{"@type":"ImageObject","url":"https:\/\/costablanca-magazin.com\/wp-content\/uploads\/2025\/08\/weinabau01.jpg","@id":"https:\/\/costablanca-magazin.com\/es\/freizeit\/veranstaltungen-events\/spaetsommer-in-der-marina-alta-und-der-marina-baixa\/#mainImage","width":1536,"height":350,"caption":"Sp\u00e4tsommer in der Marina Alta und der Marina Baixa"},"primaryImageOfPage":{"@id":"https:\/\/costablanca-magazin.com\/es\/freizeit\/veranstaltungen-events\/spaetsommer-in-der-marina-alta-und-der-marina-baixa\/#mainImage"},"datePublished":"2025-08-20T09:00:00+02:00","dateModified":"2026-01-26T13:33:40+01:00","mainEntity":{"@id":"https:\/\/costablanca-magazin.com\/es\/freizeit\/veranstaltungen-events\/spaetsommer-in-der-marina-alta-und-der-marina-baixa\/#article"}},{"@type":"WebSite","@id":"https:\/\/costablanca-magazin.com\/es\/#website","url":"https:\/\/costablanca-magazin.com\/es\/","name":"Costa Blanca Magazin","description":"Costa Blanca - alles um das Leben und die Freizeit an der K\u00fcste","inLanguage":"es-ES","publisher":{"@id":"https:\/\/costablanca-magazin.com\/es\/#organization"},"potentialAction":{"@type":"SearchAction","target":"https:\/\/costablanca-magazin.com\/es\/?s={search_term_string}","query-input":"required name=search_term_string"}},{"@type":["Organization","NewsMediaOrganization"],"@id":"https:\/\/costablanca-magazin.com\/es\/#organization","name":"Costa Blanca Magazin","description":"Costa Blanca Magazin","url":"https:\/\/costablanca-magazin.com\/es\/","email":"info@costablanca-magazin.com","telephone":"+34 663 946 871","logo":{"@type":"ImageObject","url":"https:\/\/costablanca-magazin.com\/wp-content\/uploads\/2024\/05\/logo.jpg","@id":"https:\/\/costablanca-magazin.com\/es\/freizeit\/veranstaltungen-events\/spaetsommer-in-der-marina-alta-und-der-marina-baixa\/#organizationLogo","width":1605,"height":236,"caption":"Costa Blanca Magazin"},"image":{"@id":"https:\/\/costablanca-magazin.com\/es\/freizeit\/veranstaltungen-events\/spaetsommer-in-der-marina-alta-und-der-marina-baixa\/#organizationLogo"},"sameAs":["https:\/\/www.facebook.com\/costablancalifestyle\/","https:\/\/www.instagram.com\/costablancamagazin\/"]}]},"og:locale":"es_ES","og:site_name":"Costa Blanca Magazin","og:type":"article","og:title":"Sp\u00e4tsommer in der Marina Alta und der Marina Baixa","og:description":"Zwischen Weinberg und Festplatz \u2013 so feiert die Region ihre Lesezeit - In Teulada, Benissa, Xal\u00f3 und Parcent f\u00fcllen sich die ersten Erntekisten.","og:url":"https:\/\/costablanca-magazin.com\/es\/freizeit\/veranstaltungen-events\/spaetsommer-in-der-marina-alta-und-der-marina-baixa\/","og:image":"https:\/\/costablanca-magazin.com\/wp-content\/uploads\/2025\/08\/weinabau01.jpg","og:image:secure_url":"https:\/\/costablanca-magazin.com\/wp-content\/uploads\/2025\/08\/weinabau01.jpg","og:image:width":1536,"og:image:height":350,"article:published_time":"2025-08-20T07:00:00+00:00","article:modified_time":"2026-01-26T12:33:40+00:00","article:publisher":"https:\/\/www.facebook.com\/costablancalifestyle\/","twitter:card":"summary_large_image","twitter:title":"Sp\u00e4tsommer in der Marina Alta und der Marina Baixa","twitter:description":"Zwischen Weinberg und Festplatz \u2013 so feiert die Region ihre Lesezeit - In Teulada, Benissa, Xal\u00f3 und Parcent f\u00fcllen sich die ersten Erntekisten.","twitter:image":"https:\/\/costablanca-magazin.com\/wp-content\/uploads\/2025\/08\/weinabau01.jpg"},"aioseo_meta_data":{"post_id":"8460","title":"Finales de verano en la Marina Alta y la Marina Baixa","description":"Entre vi\u00f1edos y ferias: as\u00ed celebra la regi\u00f3n la \u00e9poca de la vendimia. En Teulada, Benissa, Xal\u00f3 y Parcent se llenan las primeras cajas de la cosecha.","keywords":null,"keyphrases":{"focus":[],"additional":[]},"primary_term":null,"canonical_url":null,"og_title":null,"og_description":null,"og_object_type":"default","og_image_type":"default","og_image_url":null,"og_image_width":null,"og_image_height":null,"og_image_custom_url":null,"og_image_custom_fields":null,"og_video":"","og_custom_url":null,"og_article_section":null,"og_article_tags":null,"twitter_use_og":false,"twitter_card":"default","twitter_image_type":"default","twitter_image_url":null,"twitter_image_custom_url":null,"twitter_image_custom_fields":null,"twitter_title":null,"twitter_description":null,"schema":{"blockGraphs":[],"customGraphs":[],"default":{"data":{"Article":[],"Course":[],"Dataset":[],"FAQPage":[],"Movie":[],"Person":[],"Product":[],"ProductReview":[],"Car":[],"Recipe":[],"Service":[],"SoftwareApplication":[],"WebPage":[]},"graphName":"BlogPosting","isEnabled":true},"graphs":[]},"schema_type":"default","schema_type_options":null,"pillar_content":false,"robots_default":true,"robots_noindex":false,"robots_noarchive":false,"robots_nosnippet":false,"robots_nofollow":false,"robots_noimageindex":false,"robots_noodp":false,"robots_notranslate":false,"robots_max_snippet":"-1","robots_max_videopreview":"-1","robots_max_imagepreview":"large","priority":null,"frequency":"default","local_seo":null,"seo_analyzer_scan_date":"2026-07-25 13:55:05","breadcrumb_settings":null,"limit_modified_date":false,"reviewed_by":null,"open_ai":null,"ai":{"faqs":[],"keyPoints":[],"titles":[],"descriptions":[],"socialPosts":{"email":[],"linkedin":[],"twitter":[],"facebook":[],"instagram":[]}},"created":"2025-08-18 11:11:50","updated":"2026-08-10 07:29:47","focus_keyword":null,"additional_keywords":null,"truseo_locale":null},"aioseo_breadcrumb":"<div class=\"aioseo-breadcrumbs\"><span class=\"aioseo-breadcrumb\">\n\t<a href=\"https:\/\/costablanca-magazin.com\/es\" title=\"Home\">Home<\/a>\n<\/span><span class=\"aioseo-breadcrumb-separator\">&raquo;<\/span><span class=\"aioseo-breadcrumb\">\n\t<a href=\"https:\/\/costablanca-magazin.com\/es\/tiempo-libre\/\" title=\"Freizeit\">Freizeit<\/a>\n<\/span><span class=\"aioseo-breadcrumb-separator\">&raquo;<\/span><span class=\"aioseo-breadcrumb\">\n\t<a href=\"https:\/\/costablanca-magazin.com\/es\/eventos-eventos\/\" title=\"Veranstaltungen &amp; Events\">Veranstaltungen &amp; Events<\/a>\n<\/span><span class=\"aioseo-breadcrumb-separator\">&raquo;<\/span><span class=\"aioseo-breadcrumb\">\n\tSp\u00e4tsommer in der Marina Alta und der Marina Baixa\n<\/span><\/div>","aioseo_breadcrumb_json":[{"label":"Home","link":"https:\/\/costablanca-magazin.com\/es"},{"label":"Freizeit","link":"https:\/\/costablanca-magazin.com\/es\/tiempo-libre\/"},{"label":"Veranstaltungen &amp; Events","link":"https:\/\/costablanca-magazin.com\/es\/eventos-eventos\/"},{"label":"Sp\u00e4tsommer in der Marina Alta und der Marina Baixa","link":"https:\/\/costablanca-magazin.com\/es\/freizeit\/veranstaltungen-events\/spaetsommer-in-der-marina-alta-und-der-marina-baixa\/"}],"_links":{"self":[{"href":"https:\/\/costablanca-magazin.com\/es\/wp-json\/wp\/v2\/posts\/8460","targetHints":{"allow":["GET"]}}],"collection":[{"href":"https:\/\/costablanca-magazin.com\/es\/wp-json\/wp\/v2\/posts"}],"about":[{"href":"https:\/\/costablanca-magazin.com\/es\/wp-json\/wp\/v2\/types\/post"}],"author":[{"embeddable":true,"href":"https:\/\/costablanca-magazin.com\/es\/wp-json\/wp\/v2\/users\/4"}],"replies":[{"embeddable":true,"href":"https:\/\/costablanca-magazin.com\/es\/wp-json\/wp\/v2\/comments?post=8460"}],"version-history":[{"count":16,"href":"https:\/\/costablanca-magazin.com\/es\/wp-json\/wp\/v2\/posts\/8460\/revisions"}],"predecessor-version":[{"id":10182,"href":"https:\/\/costablanca-magazin.com\/es\/wp-json\/wp\/v2\/posts\/8460\/revisions\/10182"}],"wp:featuredmedia":[{"embeddable":true,"href":"https:\/\/costablanca-magazin.com\/es\/wp-json\/wp\/v2\/media\/10400"}],"wp:attachment":[{"href":"https:\/\/costablanca-magazin.com\/es\/wp-json\/wp\/v2\/media?parent=8460"}],"wp:term":[{"taxonomy":"category","embeddable":true,"href":"https:\/\/costablanca-magazin.com\/es\/wp-json\/wp\/v2\/categories?post=8460"},{"taxonomy":"post_tag","embeddable":true,"href":"https:\/\/costablanca-magazin.com\/es\/wp-json\/wp\/v2\/tags?post=8460"}],"curies":[{"name":"wp","href":"https:\/\/api.w.org\/{rel}","templated":true}]}}