{"id":8460,"date":"2025-08-20T09:00:00","date_gmt":"2025-08-20T07:00:00","guid":{"rendered":"https:\/\/costablanca-magazin.com\/?p=8460"},"modified":"2026-01-26T13:33:40","modified_gmt":"2026-01-26T12:33:40","slug":"finales-de-verano-en-la-marina-alta-y-la-marina-baixa","status":"publish","type":"post","link":"https:\/\/costablanca-magazin.com\/es\/freizeit\/veranstaltungen-events\/spaetsommer-in-der-marina-alta-und-der-marina-baixa\/","title":{"rendered":"Finales de verano en la Marina Alta y la Marina Baixa"},"content":{"rendered":"<div data-elementor-type=\"wp-post\" data-elementor-id=\"8460\" class=\"elementor elementor-8460\" data-elementor-post-type=\"post\">\n\t\t\t\t<div class=\"elementor-element elementor-element-c1854fa e-flex e-con-boxed e-con e-parent\" data-id=\"c1854fa\" data-element_type=\"container\" data-e-type=\"container\">\n\t\t\t\t\t<div class=\"e-con-inner\">\n\t\t\t\t<div class=\"elementor-element elementor-element-d698200 elementor-widget elementor-widget-heading\" data-id=\"d698200\" data-element_type=\"widget\" data-e-type=\"widget\" data-widget_type=\"heading.default\">\n\t\t\t\t<div class=\"elementor-widget-container\">\n\t\t\t\t\t<h1 class=\"elementor-heading-title elementor-size-default\">Finales de verano\nen la Marina Alta\ny la Marina Baixa<\/h1>\t\t\t\t<\/div>\n\t\t\t\t<\/div>\n\t\t\t\t<div class=\"elementor-element elementor-element-f7b549a elementor-widget elementor-widget-image\" data-id=\"f7b549a\" data-element_type=\"widget\" data-e-type=\"widget\" data-widget_type=\"image.default\">\n\t\t\t\t<div class=\"elementor-widget-container\">\n\t\t\t\t\t\t\t\t\t\t\t\t\t\t\t<img decoding=\"async\" src=\"https:\/\/costablanca-magazin.com\/wp-content\/uploads\/elementor\/thumbs\/Weinanbau-12-scaled-rjc7qv7be32o4m7yp6orecu1hyhnenntscwsieix0s.jpg\" title=\"La rica historia de la viticultura\" alt=\"La rica historia de la viticultura\" loading=\"lazy\" \/>\t\t\t\t\t\t\t\t\t\t\t\t\t\t\t<\/div>\n\t\t\t\t<\/div>\n\t\t\t\t<div class=\"elementor-element elementor-element-a93f23c elementor-widget elementor-widget-heading\" data-id=\"a93f23c\" data-element_type=\"widget\" data-e-type=\"widget\" data-widget_type=\"heading.default\">\n\t\t\t\t<div class=\"elementor-widget-container\">\n\t\t\t\t\t<h2 class=\"elementor-heading-title elementor-size-default\">Entre vi\u00f1edo y feria\nAs\u00ed celebra la regi\u00f3n su vendimia<\/h2>\t\t\t\t<\/div>\n\t\t\t\t<\/div>\n\t\t\t\t\t<\/div>\n\t\t\t\t<\/div>\n\t\t<div class=\"elementor-element elementor-element-7678685 e-flex e-con-boxed e-con e-parent\" data-id=\"7678685\" data-element_type=\"container\" data-e-type=\"container\">\n\t\t\t\t\t<div class=\"e-con-inner\">\n\t\t<div class=\"elementor-element elementor-element-e944519 e-con-full e-flex e-con e-child\" data-id=\"e944519\" data-element_type=\"container\" data-e-type=\"container\">\n\t\t\t\t<div class=\"elementor-element elementor-element-c9b7e85 elementor-widget elementor-widget-text-editor\" data-id=\"c9b7e85\" data-element_type=\"widget\" data-e-type=\"widget\" data-widget_type=\"text-editor.default\">\n\t\t\t\t<div class=\"elementor-widget-container\">\n\t\t\t\t\t\t\t\t\t<p>En Teulada, Benissa, Xal\u00f3 y Parcent, las primeras cajas de vendimia se est\u00e1n llenando. Los tractores avanzan hacia la bodega, los viticultores controlan las uvas con ojo experto: la vendimia ha llegado. A finales de agosto y en septiembre, determina el ritmo de comunidades enteras. Y mientras se concentra el trabajo en los vi\u00f1edos, plazas, calles y bodegas se transforman en lugares de encuentro para entendidos.<\/p><p><strong>Algo m\u00e1s que cosechar<\/strong><br \/>Para los viticultores, esta \u00e9poca es el momento culminante del a\u00f1o, y f\u00edsicamente exigente. La vendimia se realiza a menudo a primera hora de la ma\u00f1ana o incluso por la noche para que las uvas Moscatel lleguen a la prensa a la temperatura \u00f3ptima. Esta variedad caracteriza muchos de los vinos blancos de la regi\u00f3n y es la base del tradicional Mistela, un vino dulce de licor que se elabora en la Marina Alta seg\u00fan recetas familiares desde hace generaciones.<br \/>Para los habitantes de los pueblos, la vendimia es tambi\u00e9n un acontecimiento social. La gente se re\u00fane, prueba la nueva cosecha o intercambia historias, ya sea en un peque\u00f1o c\u00edrculo en la bodega o en una gran fiesta en la plaza del mercado.<\/p><p><strong>Donde se celebra la vendimia<\/strong><br \/><strong>Fiesta del Moscatel - Teulada (principios de septiembre)<\/strong><br \/>Pasacalles, concursos de uvas y bodegas abiertas. Los visitantes pueden catar, hablar con los viticultores y vivir de cerca el trabajo en la bodega.<\/p>\t\t\t\t\t\t\t\t<\/div>\n\t\t\t\t<\/div>\n\t\t\t\t<\/div>\n\t\t<div class=\"elementor-element elementor-element-2ca1d4c e-con-full e-flex e-con e-child\" data-id=\"2ca1d4c\" data-element_type=\"container\" data-e-type=\"container\">\n\t\t\t\t<div class=\"elementor-element elementor-element-7e028be elementor-widget elementor-widget-text-editor\" data-id=\"7e028be\" data-element_type=\"widget\" data-e-type=\"widget\" data-widget_type=\"text-editor.default\">\n\t\t\t\t<div class=\"elementor-widget-container\">\n\t\t\t\t\t\t\t\t\t<p><strong>Fiestas de la Vendimia - Xal\u00f3 (mediados de septiembre)<\/strong><br \/>Puestos de mercado, m\u00fasica en directo y degustaciones en el coraz\u00f3n de la Vall de Pop. El momento culminante es el desfile, durante el cual se presentan las uvas y los vinos de la cosecha actual.<\/p><p><strong>Mostra de Vins - Benissa (septiembre)<\/strong><br \/>Las bodegas regionales presentan sus mejores vinos, acompa\u00f1ados de platos que maridan a la perfecci\u00f3n con el vino.<\/p><p><strong>De la vid a la copa<\/strong><br \/>Algunas bodegas -por ejemplo en Xal\u00f3, Teulada, Alfaz del Pi o Parcent- ofrecen visitas guiadas durante estas fechas. Los visitantes pueden degustar uvas frescas, echar un vistazo a las bodegas y ver c\u00f3mo se crea la nueva a\u00f1ada a partir de la cosecha.<\/p><p>En \u00e9poca de vendimia, merece la pena aprovechar la oportunidad: acercarse a una bodega o a un viticultor, probar una copa, entablar conversaci\u00f3n y echar un vistazo entre bastidores. Ya se trate de vinos base especiales, de a\u00f1adas limitadas o de mosto reci\u00e9n prensado, casi todas las bodegas tienen algo que destacar. Y si cata con la mente abierta, puede que encuentre el vino que no s\u00f3lo le sabr\u00e1 bien este oto\u00f1o, sino que tambi\u00e9n le recordar\u00e1 la \u00e9poca especial de la vendimia m\u00e1s adelante.<\/p>\t\t\t\t\t\t\t\t<\/div>\n\t\t\t\t<\/div>\n\t\t\t\t<\/div>\n\t\t\t\t\t<\/div>\n\t\t\t\t<\/div>\n\t\t<div class=\"elementor-element elementor-element-52ab5b4 e-flex e-con-boxed e-con e-parent\" data-id=\"52ab5b4\" data-element_type=\"container\" data-e-type=\"container\">\n\t\t\t\t\t<div class=\"e-con-inner\">\n\t\t\t\t<div class=\"elementor-element elementor-element-fd44a0a elementor-widget-divider--separator-type-pattern elementor-widget-divider--no-spacing elementor-widget-divider--view-line elementor-widget elementor-widget-divider\" data-id=\"fd44a0a\" data-element_type=\"widget\" data-e-type=\"widget\" data-widget_type=\"divider.default\">\n\t\t\t\t<div class=\"elementor-widget-container\">\n\t\t\t\t\t\t\t<div class=\"elementor-divider\" style=\"--divider-pattern-url: url(&quot;data:image\/svg+xml,%3Csvg xmlns=&#039;http:\/\/www.w3.org\/2000\/svg&#039; preserveAspectRatio=&#039;xMidYMid meet&#039; overflow=&#039;visible&#039; height=&#039;100%&#039; viewBox=&#039;0 0 126 26&#039; fill=&#039;black&#039; stroke=&#039;none&#039;%3E%3Cpath d=&#039;M3,10.2c2.6,0,2.6,2,2.6,3.2S4.4,16.5,3,16.5s-3-1.4-3-3.2S0.4,10.2,3,10.2z M18.8,10.2c1.7,0,3.2,1.4,3.2,3.2s-1.4,3.2-3.2,3.2c-1.7,0-3.2-1.4-3.2-3.2S17,10.2,18.8,10.2z M34.6,10.2c1.5,0,2.6,1.4,2.6,3.2s-0.5,3.2-1.9,3.2c-1.5,0-3.4-1.4-3.4-3.2S33.1,10.2,34.6,10.2z M50.5,10.2c1.7,0,3.2,1.4,3.2,3.2s-1.4,3.2-3.2,3.2c-1.7,0-3.3-0.9-3.3-2.6S48.7,10.2,50.5,10.2z M66.2,10.2c1.5,0,3.4,1.4,3.4,3.2s-1.9,3.2-3.4,3.2c-1.5,0-2.6-0.4-2.6-2.1S64.8,10.2,66.2,10.2z M82.2,10.2c1.7,0.8,2.6,1.4,2.6,3.2s-0.1,3.2-1.6,3.2c-1.5,0-3.7-1.4-3.7-3.2S80.5,9.4,82.2,10.2zM98.6,10.2c1.5,0,2.6,0.4,2.6,2.1s-1.2,4.2-2.6,4.2c-1.5,0-3.7-0.4-3.7-2.1S97.1,10.2,98.6,10.2z M113.4,10.2c1.2,0,2.2,0.9,2.2,3.2s-0.1,3.2-1.3,3.2s-3.1-1.4-3.1-3.2S112.2,10.2,113.4,10.2z&#039;\/%3E%3C\/svg%3E&quot;);\">\n\t\t\t<span class=\"elementor-divider-separator\">\n\t\t\t\t\t\t<\/span>\n\t\t<\/div>\n\t\t\t\t\t\t<\/div>\n\t\t\t\t<\/div>\n\t\t\t\t<div class=\"elementor-element elementor-element-024b341 elementor-grid-3 elementor-grid-tablet-2 elementor-grid-mobile-1 elementor-posts--thumbnail-top elementor-posts--show-avatar elementor-card-shadow-yes elementor-posts__hover-gradient elementor-widget elementor-widget-posts\" data-id=\"024b341\" data-element_type=\"widget\" data-e-type=\"widget\" data-settings=\"{&quot;cards_columns&quot;:&quot;3&quot;,&quot;cards_columns_tablet&quot;:&quot;2&quot;,&quot;cards_columns_mobile&quot;:&quot;1&quot;,&quot;cards_row_gap&quot;:{&quot;unit&quot;:&quot;px&quot;,&quot;size&quot;:35,&quot;sizes&quot;:[]},&quot;cards_row_gap_tablet&quot;:{&quot;unit&quot;:&quot;px&quot;,&quot;size&quot;:&quot;&quot;,&quot;sizes&quot;:[]},&quot;cards_row_gap_mobile&quot;:{&quot;unit&quot;:&quot;px&quot;,&quot;size&quot;:&quot;&quot;,&quot;sizes&quot;:[]}}\" data-widget_type=\"posts.cards\">\n\t\t\t\t<div class=\"elementor-widget-container\">\n\t\t\t\t\t\t\t<div class=\"elementor-posts-container elementor-posts elementor-posts--skin-cards elementor-grid\" role=\"list\">\n\t\t\t\t<article class=\"elementor-post elementor-grid-item post-8396 post type-post status-publish format-standard has-post-thumbnail hentry category-veranstaltungen-events tag-festivals-benidorm tag-konzerte-costa-blanca tag-open-air-kino-costa-blanca tag-patronatsfeste-costa-blanca tag-veranstaltungen-costa-blanca\" role=\"listitem\">\n\t\t\t<div class=\"elementor-post__card\">\n\t\t\t\t<a class=\"elementor-post__thumbnail__link\" href=\"https:\/\/costablanca-magazin.com\/es\/freizeit\/veranstaltungen-events\/august-september-veranstaltungen-an-der-costa-blanca-2025\/\" tabindex=\"-1\" ><div class=\"elementor-post__thumbnail\"><img fetchpriority=\"high\" decoding=\"async\" width=\"1536\" height=\"1024\" src=\"https:\/\/costablanca-magazin.com\/wp-content\/uploads\/2025\/08\/happy-young-african-adult-afro-woman-dancing-with-2025-01-07-06-55-26-utc-1536x1024.jpg\" class=\"attachment-1536x1536 size-1536x1536 wp-image-8397\" alt=\"Verano lleno de festivales, m\u00fasica y cultura en la Costa Blanca\" srcset=\"https:\/\/costablanca-magazin.com\/wp-content\/uploads\/2025\/08\/happy-young-african-adult-afro-woman-dancing-with-2025-01-07-06-55-26-utc-1536x1024.jpg 1536w, https:\/\/costablanca-magazin.com\/wp-content\/uploads\/2025\/08\/happy-young-african-adult-afro-woman-dancing-with-2025-01-07-06-55-26-utc-300x200.jpg 300w, https:\/\/costablanca-magazin.com\/wp-content\/uploads\/2025\/08\/happy-young-african-adult-afro-woman-dancing-with-2025-01-07-06-55-26-utc-1024x683.jpg 1024w, https:\/\/costablanca-magazin.com\/wp-content\/uploads\/2025\/08\/happy-young-african-adult-afro-woman-dancing-with-2025-01-07-06-55-26-utc-768x512.jpg 768w, https:\/\/costablanca-magazin.com\/wp-content\/uploads\/2025\/08\/happy-young-african-adult-afro-woman-dancing-with-2025-01-07-06-55-26-utc-2048x1366.jpg 2048w\" sizes=\"(max-width: 1536px) 100vw, 1536px\" \/><\/div><\/a>\n\t\t\t\t<div class=\"elementor-post__badge\">Eventos<\/div>\n\t\t\t\t<div class=\"elementor-post__avatar\">\n\t\t\t\t\t<\/div>\n\t\t\t\t<div class=\"elementor-post__text\">\n\t\t\t\t<h3 class=\"elementor-post__title\">\n\t\t\t<a href=\"https:\/\/costablanca-magazin.com\/es\/freizeit\/veranstaltungen-events\/august-september-veranstaltungen-an-der-costa-blanca-2025\/\" >\n\t\t\t\tEventos de agosto y septiembre en la Costa Blanca 2025\t\t\t<\/a>\n\t\t<\/h3>\n\t\t\t\t<\/div>\n\t\t\t\t\t<\/div>\n\t\t<\/article>\n\t\t\t\t<article class=\"elementor-post elementor-grid-item post-7991 post type-post status-publish format-standard has-post-thumbnail hentry category-veranstaltungen-events tag-costa-blanca-2 tag-feuerwerk-altea-castell-de-lolla tag-fiesta-costa-blanca tag-moros-y-cristianos tag-veranstaltungen-costablanca\" role=\"listitem\">\n\t\t\t<div class=\"elementor-post__card\">\n\t\t\t\t<a class=\"elementor-post__thumbnail__link\" href=\"https:\/\/costablanca-magazin.com\/es\/freizeit\/veranstaltungen-events\/juli-2025-veranstaltungen-an-der-costa-blanca-fiestas-und-konzerte\/\" tabindex=\"-1\" ><div class=\"elementor-post__thumbnail\"><img decoding=\"async\" width=\"1536\" height=\"1024\" src=\"https:\/\/costablanca-magazin.com\/wp-content\/uploads\/2025\/07\/young-couple-eating-popcorn-while-watching-a-movie-2024-12-13-18-32-33-utc-1536x1024.jpg\" class=\"attachment-1536x1536 size-1536x1536 wp-image-8000\" alt=\"Julio 2025 Eventos en la Costa Blanca - Fiestas y conciertos\" srcset=\"https:\/\/costablanca-magazin.com\/wp-content\/uploads\/2025\/07\/young-couple-eating-popcorn-while-watching-a-movie-2024-12-13-18-32-33-utc-1536x1024.jpg 1536w, https:\/\/costablanca-magazin.com\/wp-content\/uploads\/2025\/07\/young-couple-eating-popcorn-while-watching-a-movie-2024-12-13-18-32-33-utc-300x200.jpg 300w, https:\/\/costablanca-magazin.com\/wp-content\/uploads\/2025\/07\/young-couple-eating-popcorn-while-watching-a-movie-2024-12-13-18-32-33-utc-1024x683.jpg 1024w, https:\/\/costablanca-magazin.com\/wp-content\/uploads\/2025\/07\/young-couple-eating-popcorn-while-watching-a-movie-2024-12-13-18-32-33-utc-768x512.jpg 768w, https:\/\/costablanca-magazin.com\/wp-content\/uploads\/2025\/07\/young-couple-eating-popcorn-while-watching-a-movie-2024-12-13-18-32-33-utc-2048x1365.jpg 2048w\" sizes=\"(max-width: 1536px) 100vw, 1536px\" \/><\/div><\/a>\n\t\t\t\t<div class=\"elementor-post__badge\">Eventos<\/div>\n\t\t\t\t<div class=\"elementor-post__avatar\">\n\t\t\t\t\t<\/div>\n\t\t\t\t<div class=\"elementor-post__text\">\n\t\t\t\t<h3 class=\"elementor-post__title\">\n\t\t\t<a href=\"https:\/\/costablanca-magazin.com\/es\/freizeit\/veranstaltungen-events\/juli-2025-veranstaltungen-an-der-costa-blanca-fiestas-und-konzerte\/\" >\n\t\t\t\tJulio 2025 Eventos en la Costa Blanca - Fiestas y conciertos\t\t\t<\/a>\n\t\t<\/h3>\n\t\t\t\t<\/div>\n\t\t\t\t\t<\/div>\n\t\t<\/article>\n\t\t\t\t<article class=\"elementor-post elementor-grid-item post-7752 post type-post status-publish format-standard has-post-thumbnail hentry category-veranstaltungen-events tag-feste-costa-blanca-juni tag-feuer-am-strand-spanien-regeln tag-hoguera-strand-marina-alta tag-lagerfeuer-denia-verboten tag-nit-de-sant-joan-costa-blanca tag-sant-joan-benidorm tag-strandfeuer-verbot-2025\" role=\"listitem\">\n\t\t\t<div class=\"elementor-post__card\">\n\t\t\t\t<a class=\"elementor-post__thumbnail__link\" href=\"https:\/\/costablanca-magazin.com\/es\/freizeit\/veranstaltungen-events\/nit-de-sant-joan-an-der-costa-blanca\/\" tabindex=\"-1\" ><div class=\"elementor-post__thumbnail\"><img decoding=\"async\" width=\"1200\" height=\"514\" src=\"https:\/\/costablanca-magazin.com\/wp-content\/uploads\/2025\/06\/san-juan-1729492-e1750421073804.jpg\" class=\"attachment-1536x1536 size-1536x1536 wp-image-7681\" alt=\"Sant Joan en la Costa Blanca: cuando la noche arde 1\" srcset=\"https:\/\/costablanca-magazin.com\/wp-content\/uploads\/2025\/06\/san-juan-1729492-e1750421073804.jpg 1200w, https:\/\/costablanca-magazin.com\/wp-content\/uploads\/2025\/06\/san-juan-1729492-e1750421073804-300x129.jpg 300w, https:\/\/costablanca-magazin.com\/wp-content\/uploads\/2025\/06\/san-juan-1729492-e1750421073804-1024x439.jpg 1024w, https:\/\/costablanca-magazin.com\/wp-content\/uploads\/2025\/06\/san-juan-1729492-e1750421073804-768x329.jpg 768w\" sizes=\"(max-width: 1200px) 100vw, 1200px\" \/><\/div><\/a>\n\t\t\t\t<div class=\"elementor-post__badge\">Eventos<\/div>\n\t\t\t\t<div class=\"elementor-post__avatar\">\n\t\t\t\t\t<\/div>\n\t\t\t\t<div class=\"elementor-post__text\">\n\t\t\t\t<h3 class=\"elementor-post__title\">\n\t\t\t<a href=\"https:\/\/costablanca-magazin.com\/es\/freizeit\/veranstaltungen-events\/nit-de-sant-joan-an-der-costa-blanca\/\" >\n\t\t\t\tNit de Sant Joan en la Costa Blanca: D\u00f3nde est\u00e1 permitido hacer fuego en la playa y d\u00f3nde no\t\t\t<\/a>\n\t\t<\/h3>\n\t\t\t\t<\/div>\n\t\t\t\t\t<\/div>\n\t\t<\/article>\n\t\t\t\t<\/div>\n\t\t\n\t\t\t\t\t\t<\/div>\n\t\t\t\t<\/div>\n\t\t\t\t\t<\/div>\n\t\t\t\t<\/div>\n\t\t\t\t<\/div>","protected":false},"excerpt":{"rendered":"<p>Sp\u00e4tsommer in der Marina Alta und der Marina Baixa Zwischen Weinberg und Festplatz \u2013 so feiert die Region ihre Lesezeit<\/p>","protected":false},"author":1,"featured_media":10400,"comment_status":"closed","ping_status":"closed","sticky":false,"template":"elementor_header_footer","format":"standard","meta":{"footnotes":""},"categories":[23],"tags":[1098,1101,1103,1100,1102,1099],"class_list":["post-8460","post","type-post","status-publish","format-standard","has-post-thumbnail","hentry","category-veranstaltungen-events","tag-festa-del-moscatell","tag-fiestas-de-la-vendimia","tag-moscatel-wein","tag-mostra-de-vins-benissa","tag-weinlese-marina-alta","tag-weinlese-marina-baixa"],"aioseo_notices":[],"_links":{"self":[{"href":"https:\/\/costablanca-magazin.com\/es\/wp-json\/wp\/v2\/posts\/8460","targetHints":{"allow":["GET"]}}],"collection":[{"href":"https:\/\/costablanca-magazin.com\/es\/wp-json\/wp\/v2\/posts"}],"about":[{"href":"https:\/\/costablanca-magazin.com\/es\/wp-json\/wp\/v2\/types\/post"}],"author":[{"embeddable":true,"href":"https:\/\/costablanca-magazin.com\/es\/wp-json\/wp\/v2\/users\/1"}],"replies":[{"embeddable":true,"href":"https:\/\/costablanca-magazin.com\/es\/wp-json\/wp\/v2\/comments?post=8460"}],"version-history":[{"count":16,"href":"https:\/\/costablanca-magazin.com\/es\/wp-json\/wp\/v2\/posts\/8460\/revisions"}],"predecessor-version":[{"id":10182,"href":"https:\/\/costablanca-magazin.com\/es\/wp-json\/wp\/v2\/posts\/8460\/revisions\/10182"}],"wp:featuredmedia":[{"embeddable":true,"href":"https:\/\/costablanca-magazin.com\/es\/wp-json\/wp\/v2\/media\/10400"}],"wp:attachment":[{"href":"https:\/\/costablanca-magazin.com\/es\/wp-json\/wp\/v2\/media?parent=8460"}],"wp:term":[{"taxonomy":"category","embeddable":true,"href":"https:\/\/costablanca-magazin.com\/es\/wp-json\/wp\/v2\/categories?post=8460"},{"taxonomy":"post_tag","embeddable":true,"href":"https:\/\/costablanca-magazin.com\/es\/wp-json\/wp\/v2\/tags?post=8460"}],"curies":[{"name":"wp","href":"https:\/\/api.w.org\/{rel}","templated":true}]}}