{"id":8396,"date":"2025-08-15T09:00:00","date_gmt":"2025-08-15T07:00:00","guid":{"rendered":"https:\/\/costablanca-magazin.com\/?p=8396"},"modified":"2025-09-14T22:11:17","modified_gmt":"2025-09-14T20:11:17","slug":"agosto-septiembre-eventos-en-la-costa-blanca-2025","status":"publish","type":"post","link":"https:\/\/costablanca-magazin.com\/es\/freizeit\/veranstaltungen-events\/august-september-veranstaltungen-an-der-costa-blanca-2025\/","title":{"rendered":"Eventos de agosto y septiembre en la Costa Blanca 2025"},"content":{"rendered":"<div data-elementor-type=\"wp-post\" data-elementor-id=\"8396\" class=\"elementor elementor-8396\" data-elementor-post-type=\"post\">\n\t\t\t\t<div class=\"elementor-element elementor-element-d690c5e e-flex e-con-boxed e-con e-parent\" data-id=\"d690c5e\" data-element_type=\"container\" data-e-type=\"container\">\n\t\t\t\t\t<div class=\"e-con-inner\">\n\t\t\t\t<div class=\"elementor-element elementor-element-27083c3 elementor-widget elementor-widget-heading\" data-id=\"27083c3\" data-element_type=\"widget\" data-e-type=\"widget\" data-widget_type=\"heading.default\">\n\t\t\t\t<div class=\"elementor-widget-container\">\n\t\t\t\t\t<h1 class=\"elementor-heading-title elementor-size-default\">Eventos de agosto y septiembre en la Costa Blanca 2025<\/h1>\t\t\t\t<\/div>\n\t\t\t\t<\/div>\n\t\t\t\t<div class=\"elementor-element elementor-element-f7c62a9 elementor-widget elementor-widget-heading\" data-id=\"f7c62a9\" data-element_type=\"widget\" data-e-type=\"widget\" data-widget_type=\"heading.default\">\n\t\t\t\t<div class=\"elementor-widget-container\">\n\t\t\t\t\t<p class=\"elementor-heading-title elementor-size-default\">Verano lleno de festivales, m\u00fasica y cultura en la Costa Blanca<\/p>\t\t\t\t<\/div>\n\t\t\t\t<\/div>\n\t\t\t\t<div class=\"elementor-element elementor-element-65dc242 elementor-widget elementor-widget-image\" data-id=\"65dc242\" data-element_type=\"widget\" data-e-type=\"widget\" data-widget_type=\"image.default\">\n\t\t\t\t<div class=\"elementor-widget-container\">\n\t\t\t\t\t\t\t\t\t\t\t\t\t\t\t<img fetchpriority=\"high\" decoding=\"async\" width=\"2560\" height=\"1707\" src=\"https:\/\/costablanca-magazin.com\/wp-content\/uploads\/2025\/07\/young-couple-eating-popcorn-while-watching-a-movie-2024-12-13-18-32-33-utc-scaled.jpg\" class=\"attachment-full size-full wp-image-8000\" alt=\"Julio 2025 Eventos en la Costa Blanca - Fiestas y conciertos\" srcset=\"https:\/\/costablanca-magazin.com\/wp-content\/uploads\/2025\/07\/young-couple-eating-popcorn-while-watching-a-movie-2024-12-13-18-32-33-utc-scaled.jpg 2560w, https:\/\/costablanca-magazin.com\/wp-content\/uploads\/2025\/07\/young-couple-eating-popcorn-while-watching-a-movie-2024-12-13-18-32-33-utc-300x200.jpg 300w, https:\/\/costablanca-magazin.com\/wp-content\/uploads\/2025\/07\/young-couple-eating-popcorn-while-watching-a-movie-2024-12-13-18-32-33-utc-1024x683.jpg 1024w, https:\/\/costablanca-magazin.com\/wp-content\/uploads\/2025\/07\/young-couple-eating-popcorn-while-watching-a-movie-2024-12-13-18-32-33-utc-768x512.jpg 768w, https:\/\/costablanca-magazin.com\/wp-content\/uploads\/2025\/07\/young-couple-eating-popcorn-while-watching-a-movie-2024-12-13-18-32-33-utc-1536x1024.jpg 1536w, https:\/\/costablanca-magazin.com\/wp-content\/uploads\/2025\/07\/young-couple-eating-popcorn-while-watching-a-movie-2024-12-13-18-32-33-utc-2048x1365.jpg 2048w\" sizes=\"(max-width: 2560px) 100vw, 2560px\" \/>\t\t\t\t\t\t\t\t\t\t\t\t\t\t\t<\/div>\n\t\t\t\t<\/div>\n\t\t\t\t<div class=\"elementor-element elementor-element-222340e elementor-widget elementor-widget-text-editor\" data-id=\"222340e\" data-element_type=\"widget\" data-e-type=\"widget\" data-widget_type=\"text-editor.default\">\n\t\t\t\t<div class=\"elementor-widget-container\">\n\t\t\t\t\t\t\t\t\t<p>Desde veladas de jazz y cine al aire libre hasta las tradicionales fiestas patronales, agosto y septiembre ofrecen un colorido programa en Calpe, Altea, J\u00e1vea, Benidorm &amp; Co.<br \/>Fiestas populares, conciertos de primer nivel, folclore internacional o noches de cine al aire libre: la Costa Blanca es escenario de un acontecimiento tras otro durante los meses de verano. Entre agosto y septiembre, localidades como Calpe, Altea, Villajoyosa, La Nuc\u00eda, D\u00e9nia, Benidorm y muchas m\u00e1s se transforman en animados escenarios de m\u00fasica, cultura, gastronom\u00eda y costumbres. Aqu\u00ed tiene un resumen de las fechas m\u00e1s se\u00f1aladas<\/p>\t\t\t\t\t\t\t\t<\/div>\n\t\t\t\t<\/div>\n\t\t\t\t\t<\/div>\n\t\t\t\t<\/div>\n\t\t<div class=\"elementor-element elementor-element-ba4bb3d e-flex e-con-boxed e-con e-parent\" data-id=\"ba4bb3d\" data-element_type=\"container\" data-e-type=\"container\">\n\t\t\t\t\t<div class=\"e-con-inner\">\n\t\t<div class=\"elementor-element elementor-element-d101c46 e-con-full e-flex e-con e-child\" data-id=\"d101c46\" data-element_type=\"container\" data-e-type=\"container\">\n\t\t\t\t<div class=\"elementor-element elementor-element-5209d0b elementor-widget elementor-widget-heading\" data-id=\"5209d0b\" data-element_type=\"widget\" data-e-type=\"widget\" data-widget_type=\"heading.default\">\n\t\t\t\t<div class=\"elementor-widget-container\">\n\t\t\t\t\t<h3 class=\"elementor-heading-title elementor-size-default\">Calpe\n<\/h3>\t\t\t\t<\/div>\n\t\t\t\t<\/div>\n\t\t\t\t<div class=\"elementor-element elementor-element-cd0cb77 elementor-widget elementor-widget-text-editor\" data-id=\"cd0cb77\" data-element_type=\"widget\" data-e-type=\"widget\" data-widget_type=\"text-editor.default\">\n\t\t\t\t<div class=\"elementor-widget-container\">\n\t\t\t\t\t\t\t\t\t<p>- El Festival Calpe Pop se celebrar\u00e1 en el Parc de la Creativitat los d\u00edas 14 y 15 de agosto.<br \/>- Los d\u00edas 02, 09, 16, 23 y 30 de agosto habr\u00e1 una visita guiada por el casco antiguo de Calpe. <br \/>Inicio 19:00, punto de encuentro Haus der Kultur. Inscripci\u00f3n previa en el <br \/>Oficina de Turismo de Calp (Tel.: 965 83 69 20 \/ 965 83 85 32, e-mail: turismo@ajcalp.es).<br \/>- El concierto \u201eEl Malec\u00f3n\u201c se celebra en Calpe el 11 de agosto. <br \/>Comienzo a las 21:00 en la Plaza de la Villa.<br \/>- Del 19 al 28 de agosto, la Playa de la Fossa de Calpe (los martes) acoger\u00e1 la <br \/>y en Playa Arenal-Bol (jueves) - Cinema a la Mar:<br \/>\u2192 El 19 de agosto a las 22:00, \u201e\u00a1Vaya Vacaciones!\u201c se desarrollar\u00e1 en la Playa de la Fossa.\u201c<br \/>\u2192 El 21 de agosto a las 22:00 horas se proyectar\u00e1 \u201eGRU 4: Mi villano favorito\u201c en Playa Arenal Bol.\u201c<br \/>\u2192 El 26 de agosto a las 22:00 se proyectar\u00e1 \u201eLa Familia Benet\u00f3n\u201c en la Playa de la Fossa\u201c<br \/>\u2192 El 28 de agosto a las 22:00 se proyectar\u00e1 \u201eBuffalo Kids\u201c en Playa Arenal Bol.\u201c<br \/>- El 16 de agosto, Calpe acoger\u00e1 el festival de m\u00fasica de cine Sonafilm VII con la Universal <br \/>Orquesta Sinf\u00f3nica. Comienza a las 20:00 en el auditorio de la Kulturhaus. <br \/>Entrada gratuita hasta completar aforo.<br \/>- El espect\u00e1culo de circo \u201eCanci\u00f3n de cuna\u201c se celebra en Calpe el 20 de agosto. <br \/>Comienzo a las 20:00 en la Plaza Mayor. Entrada gratuita, aforo limitado.<br \/>- El 26 de agosto en Calpe - Concierto \u201eEterno Mecano\u201c de la Banda de M\u00fasica <br \/>de l'Agrupaci\u00f3 Musical ClauDefa. Comienza a las 20:00 en el Auditorio Casa de Cultura. Entrada 12 \u20ac (anticipada) o 15 \u20ac (taquilla).<br \/>- El 30 de agosto se representa en Calpe la obra \u201eCorta el Cable Rojo\u201c. <br \/>Inicio 20:30 en el Auditorio Casa de Cultura. Entrada libre hasta completar aforo.<br \/>- Los d\u00edas 06 y 13 de septiembre habr\u00e1 una visita guiada por el casco antiguo de Calpe. <br \/>A partir de las 18.30 horas, punto de encuentro Casa de Cultura. Inscripci\u00f3n previa en las oficinas de turismo de Calp (Tel.: 965 83 69 20 \/ 965 83 85 32, e-mail: turismo@ajcalp.es).<\/p>\t\t\t\t\t\t\t\t<\/div>\n\t\t\t\t<\/div>\n\t\t\t\t<div class=\"elementor-element elementor-element-9ba2d78 elementor-widget elementor-widget-heading\" data-id=\"9ba2d78\" data-element_type=\"widget\" data-e-type=\"widget\" data-widget_type=\"heading.default\">\n\t\t\t\t<div class=\"elementor-widget-container\">\n\t\t\t\t\t<h3 class=\"elementor-heading-title elementor-size-default\">Altea<\/h3>\t\t\t\t<\/div>\n\t\t\t\t<\/div>\n\t\t\t\t<div class=\"elementor-element elementor-element-8aa0aa3 elementor-widget elementor-widget-text-editor\" data-id=\"8aa0aa3\" data-element_type=\"widget\" data-e-type=\"widget\" data-widget_type=\"text-editor.default\">\n\t\t\t\t<div class=\"elementor-widget-container\">\n\t\t\t\t\t\t\t\t\t<p>- Del 15 al 17 de agosto, la Partida Els Arcs celebra la fiesta en honor a Sant Isidre, un homenaje al patr\u00f3n de los agricultores, con m\u00fasica, actos religiosos y fiestas en un ambiente rural.<br \/>- El 17 de agosto en Altea, Partida Monte Molar a las 20:30 - tiene lugar T\u00fambate Jazz - Noches po\u00e9tico-musicales 2025.<br \/>- Hasta el 17 de agosto en Altea - Concurso de fotograf\u00eda \u2018Castell de <br \/>l'Olla\u2019 en su lugar con m\u00e1s informaci\u00f3n: <a href=\"https:\/\/alteacultural.com\/fotocastell\" target=\"_blank\" rel=\"noopener\">alteacultural.com\/fotocastell.<\/a> <br \/>- El 21 de agosto en el Auditorio Plaza del Agua Altea a las 21:00 - tendr\u00e1 lugar Fun Jazz Project (Steve Wonder Collection) - M\u00fasica a Boqueta Nit 2025.<br \/>- El 28 de agosto en Altea - Felipe Zaragoz\u00ed Jazz Ensemble - M\u00fasica a Boqueta Nit 2025 tiene lugar con m\u00e1s informaci\u00f3n: Auditorio Plaza del Agua, 21:00 horas.<br \/>- Del 29 de agosto al 1 de septiembre, las Fiestas de Sant Llu\u00eds se celebran en La Lloma, Pl\u00e0 de Castell y Barranquet, Altea. <br \/>- Hasta el 21 de septiembre, \u201cEl Museo del Prado en Altea\u201d se celebra en Altea, en el Paseo Mar\u00edtimo Sant Pere, cerca del Auditorio Sant Pere - Exposici\u00f3n.<br \/>- El 14 de septiembre en Altea en el Casco Urbano - Romer\u00eda Cristo, Ofrenda Virgen del Consuelo &amp; Stm. Cristo del Sagrario y San Blas tendr\u00e1 lugar.<br \/>- El 19 de septiembre a las 20:00 en el Palau Altea - Orquestra de la Comunitat Valenciana.<\/p>\t\t\t\t\t\t\t\t<\/div>\n\t\t\t\t<\/div>\n\t\t\t\t<div class=\"elementor-element elementor-element-ff068d8 elementor-widget elementor-widget-heading\" data-id=\"ff068d8\" data-element_type=\"widget\" data-e-type=\"widget\" data-widget_type=\"heading.default\">\n\t\t\t\t<div class=\"elementor-widget-container\">\n\t\t\t\t\t<h3 class=\"elementor-heading-title elementor-size-default\">Teulada-Moraira\n\n<\/h3>\t\t\t\t<\/div>\n\t\t\t\t<\/div>\n\t\t\t\t<div class=\"elementor-element elementor-element-3464c9b elementor-widget elementor-widget-text-editor\" data-id=\"3464c9b\" data-element_type=\"widget\" data-e-type=\"widget\" data-widget_type=\"text-editor.default\">\n\t\t\t\t<div class=\"elementor-widget-container\">\n\t\t\t\t\t\t\t\t\t<p>- El 15 de agosto en Teulada a las 19:30 - Visita Teatralizada \u201eUn Ilustrado en <br \/>la Teulada del S.XIX\u201c con punto de encuentro en la Plaza de la Constituci\u00f3n\/Ayuntamiento. Participaci\u00f3n gratuita, inscripci\u00f3n en <a href=\"https:\/\/www.turismoteuladamoraira.com\" target=\"_blank\" rel=\"noopener\">www.turismoteuladamoraira.com<\/a>.<br \/>- Los d\u00edas 15 y 16 de agosto se celebrar\u00e1 en Teulada el Pabell\u00f3n deportivo Paquita Oller, Calle Calpe - III Torneo 24h F\u00fatbol Sala. <br \/>Inscripciones hasta el 10 de agosto por correo electr\u00f3nico a comissiosvf2026@gmail.com.<br \/>- El 31 de agosto se celebra en Teulada, en la avenida de Las Palmas, la Fiesta del Moscatel, con degustaciones de uva y vino, talleres, m\u00fasica folcl\u00f3rica, bailes, actividades infantiles y cenas tradicionales.<\/p>\t\t\t\t\t\t\t\t<\/div>\n\t\t\t\t<\/div>\n\t\t\t\t<\/div>\n\t\t<div class=\"elementor-element elementor-element-2dac8bc e-con-full e-flex e-con e-child\" data-id=\"2dac8bc\" data-element_type=\"container\" data-e-type=\"container\">\n\t\t\t\t<div class=\"elementor-element elementor-element-487c68c elementor-widget elementor-widget-image\" data-id=\"487c68c\" data-element_type=\"widget\" data-e-type=\"widget\" data-widget_type=\"image.default\">\n\t\t\t\t<div class=\"elementor-widget-container\">\n\t\t\t\t\t\t\t\t\t\t\t\t\t\t\t<img decoding=\"async\" width=\"707\" height=\"1000\" src=\"https:\/\/costablanca-magazin.com\/wp-content\/uploads\/2025\/08\/Corta-el-cable-rojo-Calpe.jpg\" class=\"attachment-large size-large wp-image-8409\" alt=\"Corta el cable rojo Calpe\" srcset=\"https:\/\/costablanca-magazin.com\/wp-content\/uploads\/2025\/08\/Corta-el-cable-rojo-Calpe.jpg 707w, https:\/\/costablanca-magazin.com\/wp-content\/uploads\/2025\/08\/Corta-el-cable-rojo-Calpe-212x300.jpg 212w\" sizes=\"(max-width: 707px) 100vw, 707px\" \/>\t\t\t\t\t\t\t\t\t\t\t\t\t\t\t<\/div>\n\t\t\t\t<\/div>\n\t\t\t\t<div class=\"elementor-element elementor-element-45f2e90 elementor-widget__width-initial elementor-widget elementor-widget-image\" data-id=\"45f2e90\" data-element_type=\"widget\" data-e-type=\"widget\" data-widget_type=\"image.default\">\n\t\t\t\t<div class=\"elementor-widget-container\">\n\t\t\t\t\t\t\t\t\t\t\t\t\t\t\t<img decoding=\"async\" width=\"750\" height=\"350\" src=\"https:\/\/costablanca-magazin.com\/wp-content\/uploads\/2025\/08\/Teulada-festas-moscatell-1.jpg\" class=\"attachment-1536x1536 size-1536x1536 wp-image-8423\" alt=\"Teulada fiestas moscatel 1\" srcset=\"https:\/\/costablanca-magazin.com\/wp-content\/uploads\/2025\/08\/Teulada-festas-moscatell-1.jpg 750w, https:\/\/costablanca-magazin.com\/wp-content\/uploads\/2025\/08\/Teulada-festas-moscatell-1-300x140.jpg 300w\" sizes=\"(max-width: 750px) 100vw, 750px\" \/>\t\t\t\t\t\t\t\t\t\t\t\t\t\t\t<\/div>\n\t\t\t\t<\/div>\n\t\t\t\t<div class=\"elementor-element elementor-element-43eb648 elementor-widget__width-initial elementor-widget elementor-widget-image\" data-id=\"43eb648\" data-element_type=\"widget\" data-e-type=\"widget\" data-widget_type=\"image.default\">\n\t\t\t\t<div class=\"elementor-widget-container\">\n\t\t\t\t\t\t\t\t\t\t\t\t\t\t\t<img loading=\"lazy\" decoding=\"async\" width=\"626\" height=\"417\" src=\"https:\/\/costablanca-magazin.com\/wp-content\/uploads\/2025\/08\/logo-festas-moscatell-teulada-3.jpg\" class=\"attachment-1536x1536 size-1536x1536 wp-image-8416\" alt=\"logotipo fiestas moscatell teulada 3\" srcset=\"https:\/\/costablanca-magazin.com\/wp-content\/uploads\/2025\/08\/logo-festas-moscatell-teulada-3.jpg 626w, https:\/\/costablanca-magazin.com\/wp-content\/uploads\/2025\/08\/logo-festas-moscatell-teulada-3-300x200.jpg 300w\" sizes=\"(max-width: 626px) 100vw, 626px\" \/>\t\t\t\t\t\t\t\t\t\t\t\t\t\t\t<\/div>\n\t\t\t\t<\/div>\n\t\t\t\t<div class=\"elementor-element elementor-element-6c9da66 elementor-widget__width-initial elementor-widget elementor-widget-image\" data-id=\"6c9da66\" data-element_type=\"widget\" data-e-type=\"widget\" data-widget_type=\"image.default\">\n\t\t\t\t<div class=\"elementor-widget-container\">\n\t\t\t\t\t\t\t\t\t\t\t\t\t\t\t<img loading=\"lazy\" decoding=\"async\" width=\"800\" height=\"296\" src=\"https:\/\/costablanca-magazin.com\/wp-content\/uploads\/2025\/08\/Steve-Wonder-Jazz-Altea.jpg\" class=\"attachment-1536x1536 size-1536x1536 wp-image-8422\" alt=\"Steve Wonder Jazz Altea\" srcset=\"https:\/\/costablanca-magazin.com\/wp-content\/uploads\/2025\/08\/Steve-Wonder-Jazz-Altea.jpg 800w, https:\/\/costablanca-magazin.com\/wp-content\/uploads\/2025\/08\/Steve-Wonder-Jazz-Altea-300x111.jpg 300w, https:\/\/costablanca-magazin.com\/wp-content\/uploads\/2025\/08\/Steve-Wonder-Jazz-Altea-768x284.jpg 768w\" sizes=\"(max-width: 800px) 100vw, 800px\" \/>\t\t\t\t\t\t\t\t\t\t\t\t\t\t\t<\/div>\n\t\t\t\t<\/div>\n\t\t\t\t<div class=\"elementor-element elementor-element-004a07f elementor-widget elementor-widget-image\" data-id=\"004a07f\" data-element_type=\"widget\" data-e-type=\"widget\" data-widget_type=\"image.default\">\n\t\t\t\t<div class=\"elementor-widget-container\">\n\t\t\t\t\t\t\t\t\t\t\t\t\t\t\t<img loading=\"lazy\" decoding=\"async\" width=\"724\" height=\"1024\" src=\"https:\/\/costablanca-magazin.com\/wp-content\/uploads\/2025\/08\/sonafilm-Calpe-724x1024.jpg\" class=\"attachment-large size-large wp-image-8420\" alt=\"sonafilm Calpe\" srcset=\"https:\/\/costablanca-magazin.com\/wp-content\/uploads\/2025\/08\/sonafilm-Calpe-724x1024.jpg 724w, https:\/\/costablanca-magazin.com\/wp-content\/uploads\/2025\/08\/sonafilm-Calpe-212x300.jpg 212w, https:\/\/costablanca-magazin.com\/wp-content\/uploads\/2025\/08\/sonafilm-Calpe-768x1086.jpg 768w, https:\/\/costablanca-magazin.com\/wp-content\/uploads\/2025\/08\/sonafilm-Calpe-1086x1536.jpg 1086w, https:\/\/costablanca-magazin.com\/wp-content\/uploads\/2025\/08\/sonafilm-Calpe-1448x2048.jpg 1448w, https:\/\/costablanca-magazin.com\/wp-content\/uploads\/2025\/08\/sonafilm-Calpe.jpg 1754w\" sizes=\"(max-width: 724px) 100vw, 724px\" \/>\t\t\t\t\t\t\t\t\t\t\t\t\t\t\t<\/div>\n\t\t\t\t<\/div>\n\t\t\t\t<\/div>\n\t\t<div class=\"elementor-element elementor-element-61bbb5b e-con-full e-flex e-con e-child\" data-id=\"61bbb5b\" data-element_type=\"container\" data-e-type=\"container\">\n\t\t\t\t<div class=\"elementor-element elementor-element-e3d6d28 elementor-widget__width-initial elementor-widget elementor-widget-image\" data-id=\"e3d6d28\" data-element_type=\"widget\" data-e-type=\"widget\" data-widget_type=\"image.default\">\n\t\t\t\t<div class=\"elementor-widget-container\">\n\t\t\t\t\t\t\t\t\t\t\t\t\t\t\t<img loading=\"lazy\" decoding=\"async\" width=\"1086\" height=\"1536\" src=\"https:\/\/costablanca-magazin.com\/wp-content\/uploads\/2025\/08\/Eterno-Mecano-Calpe-1086x1536.jpg\" class=\"attachment-1536x1536 size-1536x1536 wp-image-8410\" alt=\"Eterno Mecano Calpe\" srcset=\"https:\/\/costablanca-magazin.com\/wp-content\/uploads\/2025\/08\/Eterno-Mecano-Calpe-1086x1536.jpg 1086w, https:\/\/costablanca-magazin.com\/wp-content\/uploads\/2025\/08\/Eterno-Mecano-Calpe-212x300.jpg 212w, https:\/\/costablanca-magazin.com\/wp-content\/uploads\/2025\/08\/Eterno-Mecano-Calpe-724x1024.jpg 724w, https:\/\/costablanca-magazin.com\/wp-content\/uploads\/2025\/08\/Eterno-Mecano-Calpe-768x1086.jpg 768w, https:\/\/costablanca-magazin.com\/wp-content\/uploads\/2025\/08\/Eterno-Mecano-Calpe-1448x2048.jpg 1448w, https:\/\/costablanca-magazin.com\/wp-content\/uploads\/2025\/08\/Eterno-Mecano-Calpe.jpg 1754w\" sizes=\"(max-width: 1086px) 100vw, 1086px\" \/>\t\t\t\t\t\t\t\t\t\t\t\t\t\t\t<\/div>\n\t\t\t\t<\/div>\n\t\t\t\t<div class=\"elementor-element elementor-element-5ed65e4 elementor-widget elementor-widget-gallery\" data-id=\"5ed65e4\" data-element_type=\"widget\" data-e-type=\"widget\" data-settings=\"{&quot;columns&quot;:1,&quot;aspect_ratio&quot;:&quot;9:16&quot;,&quot;lazyload&quot;:&quot;yes&quot;,&quot;gallery_layout&quot;:&quot;grid&quot;,&quot;columns_tablet&quot;:2,&quot;columns_mobile&quot;:1,&quot;gap&quot;:{&quot;unit&quot;:&quot;px&quot;,&quot;size&quot;:10,&quot;sizes&quot;:[]},&quot;gap_tablet&quot;:{&quot;unit&quot;:&quot;px&quot;,&quot;size&quot;:10,&quot;sizes&quot;:[]},&quot;gap_mobile&quot;:{&quot;unit&quot;:&quot;px&quot;,&quot;size&quot;:10,&quot;sizes&quot;:[]},&quot;link_to&quot;:&quot;file&quot;,&quot;overlay_background&quot;:&quot;yes&quot;,&quot;content_hover_animation&quot;:&quot;fade-in&quot;}\" data-widget_type=\"gallery.default\">\n\t\t\t\t<div class=\"elementor-widget-container\">\n\t\t\t\t\t\t\t<div class=\"elementor-gallery__container\">\n\t\t\t\t\t\t\t<a class=\"e-gallery-item elementor-gallery-item elementor-animated-content\" href=\"https:\/\/costablanca-magazin.com\/wp-content\/uploads\/2025\/08\/Agenda-Cultural-Villajoyosa.jpg\" data-elementor-open-lightbox=\"yes\" data-elementor-lightbox-slideshow=\"5ed65e4\" data-elementor-lightbox-title=\"Agenda Cultural Villajoyosa\" data-elementor-lightbox-description=\"Agenda Cultural Villajoyosa\" data-e-action-hash=\"#elementor-action%3Aaction%3Dlightbox%26settings%3DeyJpZCI6ODM5OSwidXJsIjoiaHR0cHM6XC9cL2Nvc3RhYmxhbmNhLW1hZ2F6aW4uY29tXC93cC1jb250ZW50XC91cGxvYWRzXC8yMDI1XC8wOFwvQWdlbmRhLUN1bHR1cmFsLVZpbGxham95b3NhLmpwZyIsInNsaWRlc2hvdyI6IjVlZDY1ZTQifQ%3D%3D\">\n\t\t\t\t\t<div class=\"e-gallery-image elementor-gallery-item__image\" data-thumbnail=\"https:\/\/costablanca-magazin.com\/wp-content\/uploads\/2025\/08\/Agenda-Cultural-Villajoyosa.jpg\" data-width=\"215\" data-height=\"431\" aria-label=\"Agenda Cultural Villajoyosa\" role=\"img\" ><\/div>\n\t\t\t\t\t\t\t\t\t\t\t<div class=\"elementor-gallery-item__overlay\"><\/div>\n\t\t\t\t\t\t\t\t\t\t\t\t\t\t<\/a>\n\t\t\t\t\t<\/div>\n\t\t\t\t\t<\/div>\n\t\t\t\t<\/div>\n\t\t\t\t<div class=\"elementor-element elementor-element-229bcad elementor-widget elementor-widget-image\" data-id=\"229bcad\" data-element_type=\"widget\" data-e-type=\"widget\" data-widget_type=\"image.default\">\n\t\t\t\t<div class=\"elementor-widget-container\">\n\t\t\t\t\t\t\t\t\t\t\t\t\t\t\t<img loading=\"lazy\" decoding=\"async\" width=\"960\" height=\"504\" src=\"https:\/\/costablanca-magazin.com\/wp-content\/uploads\/2025\/08\/javea-society.jpg\" class=\"attachment-full size-full wp-image-8413\" alt=\"sociedad de J\u00e1vea\" srcset=\"https:\/\/costablanca-magazin.com\/wp-content\/uploads\/2025\/08\/javea-society.jpg 960w, https:\/\/costablanca-magazin.com\/wp-content\/uploads\/2025\/08\/javea-society-300x158.jpg 300w, https:\/\/costablanca-magazin.com\/wp-content\/uploads\/2025\/08\/javea-society-768x403.jpg 768w\" sizes=\"(max-width: 960px) 100vw, 960px\" \/>\t\t\t\t\t\t\t\t\t\t\t\t\t\t\t<\/div>\n\t\t\t\t<\/div>\n\t\t\t\t<div class=\"elementor-element elementor-element-8155fcc elementor-widget elementor-widget-image\" data-id=\"8155fcc\" data-element_type=\"widget\" data-e-type=\"widget\" data-widget_type=\"image.default\">\n\t\t\t\t<div class=\"elementor-widget-container\">\n\t\t\t\t\t\t\t\t\t\t\t\t\t\t\t<img loading=\"lazy\" decoding=\"async\" width=\"421\" height=\"596\" src=\"https:\/\/costablanca-magazin.com\/wp-content\/uploads\/2025\/08\/la-nucia.jpg\" class=\"attachment-full size-full wp-image-8414\" alt=\"La Nucia\" srcset=\"https:\/\/costablanca-magazin.com\/wp-content\/uploads\/2025\/08\/la-nucia.jpg 421w, https:\/\/costablanca-magazin.com\/wp-content\/uploads\/2025\/08\/la-nucia-212x300.jpg 212w\" sizes=\"(max-width: 421px) 100vw, 421px\" \/>\t\t\t\t\t\t\t\t\t\t\t\t\t\t\t<\/div>\n\t\t\t\t<\/div>\n\t\t\t\t<\/div>\n\t\t<div class=\"elementor-element elementor-element-5e7a9e8 e-con-full e-flex e-con e-child\" data-id=\"5e7a9e8\" data-element_type=\"container\" data-e-type=\"container\">\n\t\t\t\t<div class=\"elementor-element elementor-element-4052044 elementor-widget elementor-widget-heading\" data-id=\"4052044\" data-element_type=\"widget\" data-e-type=\"widget\" data-widget_type=\"heading.default\">\n\t\t\t\t<div class=\"elementor-widget-container\">\n\t\t\t\t\t<h3 class=\"elementor-heading-title elementor-size-default\">La Vilajoiosa<\/h3>\t\t\t\t<\/div>\n\t\t\t\t<\/div>\n\t\t\t\t<div class=\"elementor-element elementor-element-2322f57 elementor-widget elementor-widget-text-editor\" data-id=\"2322f57\" data-element_type=\"widget\" data-e-type=\"widget\" data-widget_type=\"text-editor.default\">\n\t\t\t\t<div class=\"elementor-widget-container\">\n\t\t\t\t\t\t\t\t\t<p>- Del 15 de junio al 15 de septiembre, el Mercadillo Nocturno de Verano de La Cala de Villajoyosa tiene lugar todos los d\u00edas de 19:00 a 00:00 en Villajoyosa.<br \/>- El 15 de agosto, el Espai d'Art Contemporani la Barbera inaugurar\u00e1 la exposici\u00f3n <br \/>\u201eGEOMETR\u00cdA Y COLOR\u201c de Vicente Rubio Tarifa. <br \/>Abierto de lunes a viernes de 10:00 a 13:00 y de lunes a jueves <br \/>adicionalmente de 17:30 a 20:00.<br \/>- La Fiesta de la Virgen de la Asunci\u00f3n se celebra en el Barrio del Para\u00edso el 15 de agosto <br \/>con una fiesta tradicional en honor de la patrona, m\u00fasica, programa de calle <br \/>y punto de encuentro en la capilla del pueblo.<br \/>- El 15 de agosto a las 22:00 en la Finca Senyoreta L'Horta - Cinema d'Estiu: <br \/>\u201cDel Rev\u00e9s 2\u201d en lugar de la pel\u00edcula de animaci\u00f3n sobre las nuevas emociones de Riley durante la pubertad.<br \/>- El 21 de agosto a las 21:30 en el Auditorio La Barbera dels Aragon\u00e9s - <br \/>Marching Band Almaens Jazz Band en su lugar con jazz Dixieland al estilo de Nueva Orleans.<br \/>- El 24 de agosto se celebran las Fiestas de San Bartolom\u00e9 - Barrio del Pati Fosc, con conciertos, desfiles, concursos y una procesi\u00f3n en honor del patr\u00f3n.<br \/>- El 28 de agosto se celebra el Casco Antiguo - Fiesta San Agust\u00edn con decorados <br \/>Calles, m\u00fasica, juegos populares, verbenas y la tradicional \u201eOlleta de Blat\u201c.<br \/>- El 29 de agosto a las 21:00 en el Auditorio La Barbera dels Aragon\u00e9s - <br \/>La D\u00e9cada Prodigiosa tiene lugar con \u00e9xitos pop, nostalgia y nuevas canciones de la banda de culto.<br \/>- El Barrio Costera Pastor - Fiesta San Ram\u00f3n se celebra el 31 de agosto <br \/>con programas infantiles, m\u00fasica, gastronom\u00eda y la procesi\u00f3n del santo.<br \/>- El 6 de septiembre a las 20:00 en el Auditorio La Barbera dels Aragon\u00e9s - <br \/>Camerata Aitana con un concierto de \u00f3pera y zarzuela de la Orquesta <br \/>de C\u00e1mara bajo la direcci\u00f3n de Jos\u00e9 V. Asensi.<br \/>- El 7 de septiembre a las 19:30 en el Auditorio La Barbera dels Aragon\u00e9s - <br \/>Cataratas de agua con teatro de calle, comedia y elementos circenses en torno al juego <br \/>con agua.<\/p>\t\t\t\t\t\t\t\t<\/div>\n\t\t\t\t<\/div>\n\t\t\t\t<div class=\"elementor-element elementor-element-f65bddd elementor-widget elementor-widget-heading\" data-id=\"f65bddd\" data-element_type=\"widget\" data-e-type=\"widget\" data-widget_type=\"heading.default\">\n\t\t\t\t<div class=\"elementor-widget-container\">\n\t\t\t\t\t<h3 class=\"elementor-heading-title elementor-size-default\">J\u00e1vea (X\u00e0bia)\n<\/h3>\t\t\t\t<\/div>\n\t\t\t\t<\/div>\n\t\t\t\t<div class=\"elementor-element elementor-element-dae908e elementor-widget elementor-widget-text-editor\" data-id=\"dae908e\" data-element_type=\"widget\" data-e-type=\"widget\" data-widget_type=\"text-editor.default\">\n\t\t\t\t<div class=\"elementor-widget-container\">\n\t\t\t\t\t\t\t\t\t<p>- El 17 de agosto a las 23:00 - Noche de Verano de la Sociedad Javea tiene lugar en el Mol\u00ed J\u00e1vea <br \/>con sesiones de DJ, baile y ambiente veraniego.<br \/>- Del 29 de agosto al 8 de septiembre, Fiestas Mare de D\u00e9u de Loreto (Duanes de la Mar, X\u00e0bia):<br \/>\u2192 29 de agosto, 18:00 (Puerto de X\u00e0bia) - Pesca infantil, seguida de la presentaci\u00f3n del festival y m\u00fasica en directo.<br \/>\u2192 30 de agosto, 09:30 (Avenida Jaime I) - D\u00eda del Ni\u00f1o con juegos, desfile y espect\u00e1culo de orquesta por la noche.<br \/>\u2192 31 de agosto, 10:00 h (Calle Severo Ochoa) - carrera popular, torneo de ajedrez y Bous a la Mar.<br \/>\u2192 1 de septiembre, 10:00 horas (Duanes de la Mar) - D\u00eda de las Pe\u00f1as Marineras con Almuerzo, pasacalles y encierros.<br \/>\u2192 2 de septiembre, 12:00 (Duanes de la Mar) - Pasacalle, Bous a la Mar y tarde de Bingo.<br \/>\u2192 3 de septiembre, 10:00 h (Calle Triana) - Desfile infantil, juegos y encierro nocturno.<br \/>\u2192 4 de septiembre, 10:00 horas (Recinto Taurino) - \u201eGran Cagada\u201c, m\u00fasica, Bous a la Mar y Discom\u00f3vil.<br \/>\u2192 5 de septiembre, 10:00 horas (X\u00e0bia Port) - Juegos, m\u00fasica, baile y gran fiesta. <br \/>las Pe\u00f1as<br \/>\u2192 6 de septiembre, 09:30 (Palau Municipal d'Esports) - D\u00eda de los Mayores con torneos, ofrenda floral y concierto nocturno.<br \/>\u2192 7 de septiembre, 09:00 (Avenida Jaime I) - D\u00eda del Sant\u00edsimo Cristo del Mar. <br \/>con procesi\u00f3n, fuegos artificiales y Correfoc<br \/>\u2192 8 de septiembre, 08:00 (Duanes de la Mar) - D\u00eda de la Mare de D\u00e9u de Loreto con misa, procesi\u00f3n, m\u00fasica y fuegos artificiales al final.<\/p>\t\t\t\t\t\t\t\t<\/div>\n\t\t\t\t<\/div>\n\t\t\t\t<div class=\"elementor-element elementor-element-b95e9eb elementor-widget elementor-widget-heading\" data-id=\"b95e9eb\" data-element_type=\"widget\" data-e-type=\"widget\" data-widget_type=\"heading.default\">\n\t\t\t\t<div class=\"elementor-widget-container\">\n\t\t\t\t\t<h3 class=\"elementor-heading-title elementor-size-default\">La Nucia\n\n<\/h3>\t\t\t\t<\/div>\n\t\t\t\t<\/div>\n\t\t\t\t<div class=\"elementor-element elementor-element-67bd921 elementor-widget elementor-widget-text-editor\" data-id=\"67bd921\" data-element_type=\"widget\" data-e-type=\"widget\" data-widget_type=\"text-editor.default\">\n\t\t\t\t<div class=\"elementor-widget-container\">\n\t\t\t\t\t\t\t\t\t<p>- Del 14 al 18 de agosto se celebran en La Nuc\u00eda las Fiestas Mayores en honor a la Virgen de la Asunci\u00f3n y San Roque, con desfiles, ofrendas florales, conciertos, fuegos artificiales y la vistosa participaci\u00f3n de las \u201epenyas\u201c.<br \/>- Del 19 al 28 de agosto, la Plaza del Sol de La Nuc\u00eda acoger\u00e1 la <br \/>y la Pla\u00e7a dels M\u00fasics - Cine Verano 2025: <br \/>\u2192 El 19 de agosto a las 22:00 horas se proyectar\u00e1 \u201eGuardiana de Dragones: Dragonkeeper\u201d en la Plaza del Sol.\u201d<br \/>\u2192 El 21 de agosto a las 22:00 se proyectar\u00e1 \u201eBuffalo Kids\u201c en Playa Arenal Bol.\u201c<br \/>\u2192 El 26 de agosto a las 22:00 se proyectar\u00e1 \u201eRon da error\u201c en la Plaza del Sol\u201c<br \/>\u2192 El 28 de agosto a las 22:00 se proyectar\u00e1 \u201eIX La Noche m\u00e1s corta\u201c en Playa Arenal Bol.\u201c<br \/>- Del 26 de julio al 1 de septiembre finaliza en La Nuc\u00eda - Concurso #LaNuciaEnFestes <br \/>\u00faltima oportunidad de participar en el concurso de fotograf\u00eda y v\u00eddeo <br \/>a Les Festes d'Agost 2025 en Instagram y TikTok.<\/p>\t\t\t\t\t\t\t\t<\/div>\n\t\t\t\t<\/div>\n\t\t\t\t<\/div>\n\t\t\t\t\t<\/div>\n\t\t\t\t<\/div>\n\t\t<div class=\"elementor-element elementor-element-aff18ea e-flex e-con-boxed e-con e-parent\" data-id=\"aff18ea\" data-element_type=\"container\" data-e-type=\"container\">\n\t\t\t\t\t<div class=\"e-con-inner\">\n\t\t<div class=\"elementor-element elementor-element-5518297 e-con-full e-flex e-con e-child\" data-id=\"5518297\" data-element_type=\"container\" data-e-type=\"container\">\n\t\t\t\t<div class=\"elementor-element elementor-element-1d95c91 elementor-widget elementor-widget-heading\" data-id=\"1d95c91\" data-element_type=\"widget\" data-e-type=\"widget\" data-widget_type=\"heading.default\">\n\t\t\t\t<div class=\"elementor-widget-container\">\n\t\t\t\t\t<h3 class=\"elementor-heading-title elementor-size-default\">Alfaz del pi\n<\/h3>\t\t\t\t<\/div>\n\t\t\t\t<\/div>\n\t\t\t\t<div class=\"elementor-element elementor-element-03f1d1a elementor-widget elementor-widget-text-editor\" data-id=\"03f1d1a\" data-element_type=\"widget\" data-e-type=\"widget\" data-widget_type=\"text-editor.default\">\n\t\t\t\t<div class=\"elementor-widget-container\">\n\t\t\t\t\t\t\t\t\t<p>- Las Festes de l'Albir se celebran del 15 al 17 de agosto.<br \/>- El 31 de agosto, el jard\u00edn de esculturas Klein-Schreuder de Alfaz del Pi acoger\u00e1 una exposici\u00f3n de esculturas de Mois\u00e8s Gil, abierta s\u00e1b. y dom. hasta las 14:00, los d\u00edas laborables con cita previa (Tel. 966 860 230).<\/p>\t\t\t\t\t\t\t\t<\/div>\n\t\t\t\t<\/div>\n\t\t\t\t<div class=\"elementor-element elementor-element-5088f09 elementor-widget elementor-widget-heading\" data-id=\"5088f09\" data-element_type=\"widget\" data-e-type=\"widget\" data-widget_type=\"heading.default\">\n\t\t\t\t<div class=\"elementor-widget-container\">\n\t\t\t\t\t<h3 class=\"elementor-heading-title elementor-size-default\">Benidorm<\/h3>\t\t\t\t<\/div>\n\t\t\t\t<\/div>\n\t\t\t\t<div class=\"elementor-element elementor-element-9dff98a elementor-widget__width-initial elementor-widget elementor-widget-text-editor\" data-id=\"9dff98a\" data-element_type=\"widget\" data-e-type=\"widget\" data-widget_type=\"text-editor.default\">\n\t\t\t\t<div class=\"elementor-widget-container\">\n\t\t\t\t\t\t\t\t\t<p>- El 16 de agosto tendr\u00e1n lugar tres actos: la Verbena FMP\u201925, la fiesta en honor a Sant Roc y la Verbena de la Cofrad\u00eda Ntra. Sra. de la Esperanza.<br \/>- El 16 de agosto en la Plaza Castelar, Benidorm a partir de las 19:00 - Verbena de la Comisi\u00f3n tiene lugar con m\u00fasica de DJs y bandas en vivo, aperitivos y bebidas a precios razonables en un ambiente mar\u00edtimo.<br \/>- Hasta el 17 de agosto, C\/ Francisco Llorca Ant\u00f3n, Benidorm - The Champions Burger - Ruta Benidorm 2025, el festival nacional de las mejores hamburguesas. <br \/>Horario de apertura: De lunes a jueves, de 18.00 a 00.00 horas; de viernes a domingo, de 12.00 a 00.00 horas.<br \/>- El 30 de agosto en el Anfiteatro \u00d3scar Espl\u00e1, Benidorm a las 20:00 - tendr\u00e1 lugar el Concierto Locos de Atar con el concierto de despedida de la banda y el calentamiento de Covita Pem\u00e1n.<br \/>- Del 1 al 7 de septiembre tendr\u00e1 lugar Benidorm - Benidorm Pride Festival 2025 con actos en el casco antiguo, fiestas en el Pride Arena (Auditorio Julio Iglesias) y el gran desfile en la Playa de Levante.<br \/>- El 20 de septiembre en el Auditorio Julio Iglesias, Benidorm a partir de las 17:00 - Indiverso DJ Festival tendr\u00e1 lugar con m\u00fasica indie, rock y house, as\u00ed como un programa cultural <br \/>en la noche.<\/p>\t\t\t\t\t\t\t\t<\/div>\n\t\t\t\t<\/div>\n\t\t\t\t<div class=\"elementor-element elementor-element-7a0bdfb elementor-widget elementor-widget-heading\" data-id=\"7a0bdfb\" data-element_type=\"widget\" data-e-type=\"widget\" data-widget_type=\"heading.default\">\n\t\t\t\t<div class=\"elementor-widget-container\">\n\t\t\t\t\t<h3 class=\"elementor-heading-title elementor-size-default\">Denia\n<\/h3>\t\t\t\t<\/div>\n\t\t\t\t<\/div>\n\t\t\t\t<div class=\"elementor-element elementor-element-8dddebb elementor-widget__width-initial elementor-widget elementor-widget-text-editor\" data-id=\"8dddebb\" data-element_type=\"widget\" data-e-type=\"widget\" data-widget_type=\"text-editor.default\">\n\t\t\t\t<div class=\"elementor-widget-container\">\n\t\t\t\t\t\t\t\t\t<p>- Hasta el 31 de agosto en el Centre d'Art l'Estaci\u00f3 - Resiliencia de Mariia Zhurykova con pinturas, abierto de lunes a s\u00e1bado de 10 a 13 h \/ de 17 a 21 h, domingos y festivos de 9 a 15 h.<br \/>- Hasta el 15 de septiembre en Espai Castej\u00f3n, Casa Cultura - Mediterr\u00e1neo. El lenguaje del agua de Humberto Valencia Giraldo, abierto de lunes a viernes de 11 a 14 h.<br \/>- Del 17 al 24 de agosto, Cine Vora Mar se celebra en D\u00e9nia, en la Platja Punta del Raset:<br \/>\u2192 El 17 de agosto a las 22:00 se proyectar\u00e1 \u201eBuffalo Kids\u201c<br \/>\u2192 El 24 de agosto a las 22:00, \u201e\u00a1Shazam! La furia de los dioses\u201c<br \/>- El 20 de agosto, el Parc de les Bassetes acoger\u00e1 Cine a la Fresca: ELVIS a las 22:30 horas.<br \/>- El 22 de agosto a las 20:00 en el Teatre Auditori - Festival Sonafilm: Noches de fuego - Los 80 tiene lugar con Moanin\u2019 Project y el compositor invitado Vincent DiCola.<br \/>- Del 5 al 7 de septiembre tendr\u00e1 lugar la Pla\u00e7a del Consell - XXXII Mostra Internacional de Folklore:<br \/>\u2192 5 de septiembre, 22:00 - Grupo Ritmo Colombiano y <br \/>Grupo Folkl\u00f3rico Los Jateros (Badajoz)<br \/>\u2192 6 de septiembre, 22:00 - Grupo Zabava (Ucrania) y Agrupaci\u00f3 Raxela (Guatemala).<br \/>\u2192 7 de septiembre, 21:00 - Grup Dianium Dansa (D\u00e9nia)<br \/>- El 14 de septiembre a las 22:30 en los Jardines de Torrecremada - Encuentro Internacional de Jazz tendr\u00e1 lugar como parte del XI Festival de Jazz de D\u00e9nia.<\/p>\t\t\t\t\t\t\t\t<\/div>\n\t\t\t\t<\/div>\n\t\t\t\t<\/div>\n\t\t<div class=\"elementor-element elementor-element-5e7f931 e-con-full e-flex e-con e-child\" data-id=\"5e7f931\" data-element_type=\"container\" data-e-type=\"container\">\n\t\t\t\t<div class=\"elementor-element elementor-element-b14dabd elementor-widget elementor-widget-image\" data-id=\"b14dabd\" data-element_type=\"widget\" data-e-type=\"widget\" data-widget_type=\"image.default\">\n\t\t\t\t<div class=\"elementor-widget-container\">\n\t\t\t\t\t\t\t\t\t\t\t\t\t\t\t<img loading=\"lazy\" decoding=\"async\" width=\"384\" height=\"543\" src=\"https:\/\/costablanca-magazin.com\/wp-content\/uploads\/2025\/08\/Expo-Museum-del-Prado-Altea.jpg\" class=\"attachment-large size-large wp-image-8411\" alt=\"Exposici\u00f3n Museo del Prado Altea\" srcset=\"https:\/\/costablanca-magazin.com\/wp-content\/uploads\/2025\/08\/Expo-Museum-del-Prado-Altea.jpg 384w, https:\/\/costablanca-magazin.com\/wp-content\/uploads\/2025\/08\/Expo-Museum-del-Prado-Altea-212x300.jpg 212w\" sizes=\"(max-width: 384px) 100vw, 384px\" \/>\t\t\t\t\t\t\t\t\t\t\t\t\t\t\t<\/div>\n\t\t\t\t<\/div>\n\t\t\t\t<div class=\"elementor-element elementor-element-477812c elementor-widget elementor-widget-image\" data-id=\"477812c\" data-element_type=\"widget\" data-e-type=\"widget\" data-widget_type=\"image.default\">\n\t\t\t\t<div class=\"elementor-widget-container\">\n\t\t\t\t\t\t\t\t\t\t\t\t\t\t\t<img loading=\"lazy\" decoding=\"async\" width=\"596\" height=\"327\" src=\"https:\/\/costablanca-magazin.com\/wp-content\/uploads\/2025\/08\/benidorm-pride-fest2025.jpg\" class=\"attachment-large size-large wp-image-8402\" alt=\"fiesta del orgullo de benidorm 2025\" srcset=\"https:\/\/costablanca-magazin.com\/wp-content\/uploads\/2025\/08\/benidorm-pride-fest2025.jpg 596w, https:\/\/costablanca-magazin.com\/wp-content\/uploads\/2025\/08\/benidorm-pride-fest2025-300x165.jpg 300w\" sizes=\"(max-width: 596px) 100vw, 596px\" \/>\t\t\t\t\t\t\t\t\t\t\t\t\t\t\t<\/div>\n\t\t\t\t<\/div>\n\t\t\t\t<div class=\"elementor-element elementor-element-43010ef elementor-widget elementor-widget-gallery\" data-id=\"43010ef\" data-element_type=\"widget\" data-e-type=\"widget\" data-settings=\"{&quot;columns&quot;:1,&quot;gallery_layout&quot;:&quot;masonry&quot;,&quot;lazyload&quot;:&quot;yes&quot;,&quot;columns_tablet&quot;:2,&quot;columns_mobile&quot;:1,&quot;gap&quot;:{&quot;unit&quot;:&quot;px&quot;,&quot;size&quot;:10,&quot;sizes&quot;:[]},&quot;gap_tablet&quot;:{&quot;unit&quot;:&quot;px&quot;,&quot;size&quot;:10,&quot;sizes&quot;:[]},&quot;gap_mobile&quot;:{&quot;unit&quot;:&quot;px&quot;,&quot;size&quot;:10,&quot;sizes&quot;:[]},&quot;link_to&quot;:&quot;file&quot;,&quot;overlay_background&quot;:&quot;yes&quot;,&quot;content_hover_animation&quot;:&quot;fade-in&quot;}\" data-widget_type=\"gallery.default\">\n\t\t\t\t<div class=\"elementor-widget-container\">\n\t\t\t\t\t\t\t<div class=\"elementor-gallery__container\">\n\t\t\t\t\t\t\t<a class=\"e-gallery-item elementor-gallery-item elementor-animated-content\" href=\"https:\/\/costablanca-magazin.com\/wp-content\/uploads\/2025\/08\/Alfaz-del-Pi.jpg\" data-elementor-open-lightbox=\"yes\" data-elementor-lightbox-slideshow=\"43010ef\" data-elementor-lightbox-title=\"Alfaz del Pi Exposicion\" data-elementor-lightbox-description=\"Alfaz del Pi Exposicion\" data-e-action-hash=\"#elementor-action%3Aaction%3Dlightbox%26settings%3DeyJpZCI6ODQwMSwidXJsIjoiaHR0cHM6XC9cL2Nvc3RhYmxhbmNhLW1hZ2F6aW4uY29tXC93cC1jb250ZW50XC91cGxvYWRzXC8yMDI1XC8wOFwvQWxmYXotZGVsLVBpLmpwZyIsInNsaWRlc2hvdyI6IjQzMDEwZWYifQ%3D%3D\">\n\t\t\t\t\t<div class=\"e-gallery-image elementor-gallery-item__image\" data-thumbnail=\"https:\/\/costablanca-magazin.com\/wp-content\/uploads\/2025\/08\/Alfaz-del-Pi-1536x2048.jpg\" data-width=\"1536\" data-height=\"2048\" aria-label=\"Alfaz del Pi Exposici\u00f3n\" role=\"img\" ><\/div>\n\t\t\t\t\t\t\t\t\t\t\t<div class=\"elementor-gallery-item__overlay\"><\/div>\n\t\t\t\t\t\t\t\t\t\t\t\t\t\t<\/a>\n\t\t\t\t\t<\/div>\n\t\t\t\t\t<\/div>\n\t\t\t\t<\/div>\n\t\t\t\t<\/div>\n\t\t\t\t\t<\/div>\n\t\t\t\t<\/div>\n\t\t<div class=\"elementor-element elementor-element-b3c7af9 e-flex e-con-boxed e-con e-parent\" data-id=\"b3c7af9\" data-element_type=\"container\" data-e-type=\"container\">\n\t\t\t\t\t<div class=\"e-con-inner\">\n\t\t\t\t<div class=\"elementor-element elementor-element-5270f8b elementor-widget elementor-widget-heading\" data-id=\"5270f8b\" data-element_type=\"widget\" data-e-type=\"widget\" data-widget_type=\"heading.default\">\n\t\t\t\t<div class=\"elementor-widget-container\">\n\t\t\t\t\t<h4 class=\"elementor-heading-title elementor-size-default\">H\u00e1blenos de su evento c.rehagel@die-inselzeitung.com -\nCharlotta Rehagel<\/h4>\t\t\t\t<\/div>\n\t\t\t\t<\/div>\n\t\t\t\t\t<\/div>\n\t\t\t\t<\/div>\n\t\t\t\t<\/div>","protected":false},"excerpt":{"rendered":"<p>August &amp; September Veranstaltungen an der Costa Blanca 2025 Sommer voller Feste, Musik und Kultur an der Costa Blanca Von Jazzabenden und Open-Air-Kino bis zu traditionellen Patronatsfesten \u2013 der August und September bieten ein buntes Programm in Calpe, Altea, J\u00e1vea, Benidorm &amp; Co.Ob stimmungsvolle Dorffeste, hochkar\u00e4tige Konzerte, internationale Folklore oder Filmn\u00e4chte unter freiem Himmel \u2013 [&hellip;]<\/p>\n","protected":false},"author":3,"featured_media":8397,"comment_status":"closed","ping_status":"closed","sticky":false,"template":"elementor_header_footer","format":"standard","meta":{"footnotes":""},"categories":[23],"tags":[],"class_list":["post-8396","post","type-post","status-publish","format-standard","has-post-thumbnail","hentry","category-veranstaltungen-events"],"aioseo_notices":[],"aioseo_head":"\n\t\t<!-- All in One SEO Pro 5.0.1.1 - aioseo.com -->\n\t<meta name=\"description\" content=\"Sommer voller Feste, Musik und Kultur an der Costa Blanca - Von Jazzabenden und Open-Air-Kino bis zu traditionellen Patronatsfesten\" \/>\n\t<meta name=\"robots\" content=\"max-snippet:-1, max-image-preview:large, max-video-preview:-1\" \/>\n\t<meta name=\"author\" content=\"Charlotta Rehagel\"\/>\n\t<link rel=\"canonical\" href=\"https:\/\/costablanca-magazin.com\/es\/freizeit\/veranstaltungen-events\/august-september-veranstaltungen-an-der-costa-blanca-2025\/\" \/>\n\t<meta name=\"generator\" content=\"All in One SEO Pro (AIOSEO) 5.0.1.1\" \/>\n\t\t<meta property=\"og:locale\" content=\"es_ES\" \/>\n\t\t<meta property=\"og:site_name\" content=\"Costa Blanca Magazin\" \/>\n\t\t<meta property=\"og:type\" content=\"article\" \/>\n\t\t<meta property=\"og:title\" content=\"August &amp; September Veranstaltungen an der Costa Blanca\u2026\" \/>\n\t\t<meta property=\"og:description\" content=\"Sommer voller Feste, Musik und Kultur an der Costa Blanca - Von Jazzabenden und Open-Air-Kino bis zu traditionellen Patronatsfesten\" \/>\n\t\t<meta property=\"og:url\" content=\"https:\/\/costablanca-magazin.com\/es\/freizeit\/veranstaltungen-events\/august-september-veranstaltungen-an-der-costa-blanca-2025\/\" \/>\n\t\t<meta property=\"og:image\" content=\"https:\/\/costablanca-magazin.com\/wp-content\/uploads\/2025\/08\/happy-young-african-adult-afro-woman-dancing-with-2025-01-07-06-55-26-utc-scaled.jpg\" \/>\n\t\t<meta property=\"og:image:secure_url\" content=\"https:\/\/costablanca-magazin.com\/wp-content\/uploads\/2025\/08\/happy-young-african-adult-afro-woman-dancing-with-2025-01-07-06-55-26-utc-scaled.jpg\" \/>\n\t\t<meta property=\"og:image:width\" content=\"2560\" \/>\n\t\t<meta property=\"og:image:height\" content=\"1707\" \/>\n\t\t<meta property=\"article:published_time\" content=\"2025-08-15T07:00:00+00:00\" \/>\n\t\t<meta property=\"article:modified_time\" content=\"2025-09-14T20:11:17+00:00\" \/>\n\t\t<meta property=\"article:publisher\" content=\"https:\/\/www.facebook.com\/costablancalifestyle\/\" \/>\n\t\t<meta name=\"twitter:card\" content=\"summary_large_image\" \/>\n\t\t<meta name=\"twitter:title\" content=\"August &amp; September Veranstaltungen an der Costa Blanca\u2026\" \/>\n\t\t<meta name=\"twitter:description\" content=\"Sommer voller Feste, Musik und Kultur an der Costa Blanca - Von Jazzabenden und Open-Air-Kino bis zu traditionellen Patronatsfesten\" \/>\n\t\t<meta name=\"twitter:image\" content=\"https:\/\/costablanca-magazin.com\/wp-content\/uploads\/2025\/08\/happy-young-african-adult-afro-woman-dancing-with-2025-01-07-06-55-26-utc-scaled.jpg\" \/>\n\t\t<script type=\"application\/ld+json\" class=\"aioseo-schema\">\n\t\t\t{\"@context\":\"https:\\\/\\\/schema.org\",\"@graph\":[{\"@type\":\"BreadcrumbList\",\"@id\":\"https:\\\/\\\/costablanca-magazin.com\\\/es\\\/freizeit\\\/veranstaltungen-events\\\/august-september-veranstaltungen-an-der-costa-blanca-2025\\\/#breadcrumblist\",\"itemListElement\":[{\"@type\":\"ListItem\",\"@id\":\"https:\\\/\\\/costablanca-magazin.com\\\/es#listItem\",\"position\":1,\"name\":\"Home\",\"item\":\"https:\\\/\\\/costablanca-magazin.com\\\/es\",\"nextItem\":{\"@type\":\"ListItem\",\"@id\":\"https:\\\/\\\/costablanca-magazin.com\\\/es\\\/tiempo-libre\\\/#listItem\",\"name\":\"Freizeit\"}},{\"@type\":\"ListItem\",\"@id\":\"https:\\\/\\\/costablanca-magazin.com\\\/es\\\/tiempo-libre\\\/#listItem\",\"position\":2,\"name\":\"Freizeit\",\"item\":\"https:\\\/\\\/costablanca-magazin.com\\\/es\\\/tiempo-libre\\\/\",\"nextItem\":{\"@type\":\"ListItem\",\"@id\":\"https:\\\/\\\/costablanca-magazin.com\\\/es\\\/eventos-eventos\\\/#listItem\",\"name\":\"Veranstaltungen &amp; Events\"},\"previousItem\":{\"@type\":\"ListItem\",\"@id\":\"https:\\\/\\\/costablanca-magazin.com\\\/es#listItem\",\"name\":\"Home\"}},{\"@type\":\"ListItem\",\"@id\":\"https:\\\/\\\/costablanca-magazin.com\\\/es\\\/eventos-eventos\\\/#listItem\",\"position\":3,\"name\":\"Veranstaltungen &amp; Events\",\"item\":\"https:\\\/\\\/costablanca-magazin.com\\\/es\\\/eventos-eventos\\\/\",\"nextItem\":{\"@type\":\"ListItem\",\"@id\":\"https:\\\/\\\/costablanca-magazin.com\\\/es\\\/freizeit\\\/veranstaltungen-events\\\/august-september-veranstaltungen-an-der-costa-blanca-2025\\\/#listItem\",\"name\":\"August &amp; September Veranstaltungen an der Costa Blanca 2025\"},\"previousItem\":{\"@type\":\"ListItem\",\"@id\":\"https:\\\/\\\/costablanca-magazin.com\\\/es\\\/tiempo-libre\\\/#listItem\",\"name\":\"Freizeit\"}},{\"@type\":\"ListItem\",\"@id\":\"https:\\\/\\\/costablanca-magazin.com\\\/es\\\/freizeit\\\/veranstaltungen-events\\\/august-september-veranstaltungen-an-der-costa-blanca-2025\\\/#listItem\",\"position\":4,\"name\":\"August &amp; September Veranstaltungen an der Costa Blanca 2025\",\"previousItem\":{\"@type\":\"ListItem\",\"@id\":\"https:\\\/\\\/costablanca-magazin.com\\\/es\\\/eventos-eventos\\\/#listItem\",\"name\":\"Veranstaltungen &amp; Events\"}}]},{\"@type\":\"NewsArticle\",\"@id\":\"https:\\\/\\\/costablanca-magazin.com\\\/es\\\/freizeit\\\/veranstaltungen-events\\\/august-september-veranstaltungen-an-der-costa-blanca-2025\\\/#article\",\"name\":\"August & September Veranstaltungen an der Costa Blanca 2025\",\"headline\":\"August & September Veranstaltungen an der Costa Blanca 2025\",\"author\":{\"@id\":\"https:\\\/\\\/costablanca-magazin.com\\\/es\\\/author\\\/charlotta\\\/#author\"},\"publisher\":{\"@id\":\"https:\\\/\\\/costablanca-magazin.com\\\/es\\\/#organization\"},\"image\":{\"@type\":\"ImageObject\",\"url\":\"https:\\\/\\\/costablanca-magazin.com\\\/wp-content\\\/uploads\\\/2025\\\/08\\\/happy-young-african-adult-afro-woman-dancing-with-2025-01-07-06-55-26-utc-scaled.jpg\",\"width\":2560,\"height\":1707,\"caption\":\"August & September Veranstaltungen an der Costa Blanca 2025\"},\"datePublished\":\"2025-08-15T09:00:00+02:00\",\"dateModified\":\"2025-09-14T22:11:17+02:00\",\"inLanguage\":\"es-ES\",\"mainEntityOfPage\":{\"@id\":\"https:\\\/\\\/costablanca-magazin.com\\\/es\\\/freizeit\\\/veranstaltungen-events\\\/august-september-veranstaltungen-an-der-costa-blanca-2025\\\/#webpage\"},\"isPartOf\":{\"@id\":\"https:\\\/\\\/costablanca-magazin.com\\\/es\\\/freizeit\\\/veranstaltungen-events\\\/august-september-veranstaltungen-an-der-costa-blanca-2025\\\/#webpage\"},\"articleSection\":\"Veranstaltungen &amp; Events\"},{\"@type\":\"Person\",\"@id\":\"https:\\\/\\\/costablanca-magazin.com\\\/es\\\/author\\\/charlotta\\\/#author\",\"url\":\"https:\\\/\\\/costablanca-magazin.com\\\/es\\\/author\\\/charlotta\\\/\",\"name\":\"Charlotta Rehagel\",\"description\":\"Marketing Assistenz und Content Managerin Charlotta Rehagel unterst\\u00fctzt das Costablanca Magazin im Bereich Content Management, Redaktion und Marketing. Neben ihrem Studium betreut sie regelm\\u00e4\\u00dfig Veranstaltungsthemen und arbeitet an der digitalen Aufbereitung von Inhalten f\\u00fcr die Online-Portale der Mediagroup Balear. Seit 19 Jahren lebt sie in Spanien und bringt mehrsprachige Erfahrung in Deutsch, Englisch, Spanisch und Mallorquin mit. F\\u00fcr das Costablanca Magazin arbeitet sie an Themen, die besonders f\\u00fcr internationale Residenten, Langzeiturlauber und Leser mit engem Bezug zur Costa Blanca interessant sind. Ihr Schwerpunkt liegt an der Schnittstelle zwischen Recherche, Online-Content, Veranstaltungs\\u00fcbersicht und redaktioneller Struktur. Dabei verbindet sie praktische Ortskenntnis mit digitalem Content Management und einem Blick f\\u00fcr Themen, die im Alltag an der Costa Blanca eine Rolle spielen.\",\"jobTitle\":\"Marketing Assistenz\",\"knowsLanguage\":[\"englisch\",\"deutsch\",\"spanisch\",\"catalan\"],\"image\":{\"@type\":\"ImageObject\",\"@id\":\"https:\\\/\\\/costablanca-magazin.com\\\/es\\\/freizeit\\\/veranstaltungen-events\\\/august-september-veranstaltungen-an-der-costa-blanca-2025\\\/#authorImage\",\"url\":\"https:\\\/\\\/costablanca-magazin.com\\\/wp-content\\\/uploads\\\/2026\\\/05\\\/Charlotta-Rehagel-Die-Inselzeitung.jpg\",\"width\":800,\"height\":1420,\"caption\":\"Charlotta Rehagel Costablanca Magazin\"}},{\"@type\":\"WebPage\",\"@id\":\"https:\\\/\\\/costablanca-magazin.com\\\/es\\\/freizeit\\\/veranstaltungen-events\\\/august-september-veranstaltungen-an-der-costa-blanca-2025\\\/#webpage\",\"url\":\"https:\\\/\\\/costablanca-magazin.com\\\/es\\\/freizeit\\\/veranstaltungen-events\\\/august-september-veranstaltungen-an-der-costa-blanca-2025\\\/\",\"name\":\"August & September Veranstaltungen an der Costa Blanca\\u2026\",\"description\":\"Sommer voller Feste, Musik und Kultur an der Costa Blanca - Von Jazzabenden und Open-Air-Kino bis zu traditionellen Patronatsfesten\",\"inLanguage\":\"es-ES\",\"isPartOf\":{\"@id\":\"https:\\\/\\\/costablanca-magazin.com\\\/es\\\/#website\"},\"breadcrumb\":{\"@id\":\"https:\\\/\\\/costablanca-magazin.com\\\/es\\\/freizeit\\\/veranstaltungen-events\\\/august-september-veranstaltungen-an-der-costa-blanca-2025\\\/#breadcrumblist\"},\"author\":{\"@id\":\"https:\\\/\\\/costablanca-magazin.com\\\/es\\\/author\\\/charlotta\\\/#author\"},\"creator\":{\"@id\":\"https:\\\/\\\/costablanca-magazin.com\\\/es\\\/author\\\/charlotta\\\/#author\"},\"image\":{\"@type\":\"ImageObject\",\"url\":\"https:\\\/\\\/costablanca-magazin.com\\\/wp-content\\\/uploads\\\/2025\\\/08\\\/happy-young-african-adult-afro-woman-dancing-with-2025-01-07-06-55-26-utc-scaled.jpg\",\"@id\":\"https:\\\/\\\/costablanca-magazin.com\\\/es\\\/freizeit\\\/veranstaltungen-events\\\/august-september-veranstaltungen-an-der-costa-blanca-2025\\\/#mainImage\",\"width\":2560,\"height\":1707,\"caption\":\"August & September Veranstaltungen an der Costa Blanca 2025\"},\"primaryImageOfPage\":{\"@id\":\"https:\\\/\\\/costablanca-magazin.com\\\/es\\\/freizeit\\\/veranstaltungen-events\\\/august-september-veranstaltungen-an-der-costa-blanca-2025\\\/#mainImage\"},\"datePublished\":\"2025-08-15T09:00:00+02:00\",\"dateModified\":\"2025-09-14T22:11:17+02:00\",\"mainEntity\":{\"@id\":\"https:\\\/\\\/costablanca-magazin.com\\\/es\\\/freizeit\\\/veranstaltungen-events\\\/august-september-veranstaltungen-an-der-costa-blanca-2025\\\/#article\"}},{\"@type\":\"WebSite\",\"@id\":\"https:\\\/\\\/costablanca-magazin.com\\\/es\\\/#website\",\"url\":\"https:\\\/\\\/costablanca-magazin.com\\\/es\\\/\",\"name\":\"Costa Blanca Magazin\",\"description\":\"Costa Blanca - alles um das Leben und die Freizeit an der K\\u00fcste\",\"inLanguage\":\"es-ES\",\"publisher\":{\"@id\":\"https:\\\/\\\/costablanca-magazin.com\\\/es\\\/#organization\"},\"potentialAction\":{\"@type\":\"SearchAction\",\"target\":\"https:\\\/\\\/costablanca-magazin.com\\\/es\\\/?s={search_term_string}\",\"query-input\":\"required name=search_term_string\"}},{\"@type\":[\"Organization\",\"NewsMediaOrganization\"],\"@id\":\"https:\\\/\\\/costablanca-magazin.com\\\/es\\\/#organization\",\"name\":\"Costa Blanca Magazin\",\"description\":\"Costa Blanca Magazin\",\"url\":\"https:\\\/\\\/costablanca-magazin.com\\\/es\\\/\",\"email\":\"info@costablanca-magazin.com\",\"telephone\":\"+34 663 946 871\",\"logo\":{\"@type\":\"ImageObject\",\"url\":\"https:\\\/\\\/costablanca-magazin.com\\\/wp-content\\\/uploads\\\/2024\\\/05\\\/logo.jpg\",\"@id\":\"https:\\\/\\\/costablanca-magazin.com\\\/es\\\/freizeit\\\/veranstaltungen-events\\\/august-september-veranstaltungen-an-der-costa-blanca-2025\\\/#organizationLogo\",\"width\":1605,\"height\":236,\"caption\":\"Costa Blanca Magazin\"},\"image\":{\"@id\":\"https:\\\/\\\/costablanca-magazin.com\\\/es\\\/freizeit\\\/veranstaltungen-events\\\/august-september-veranstaltungen-an-der-costa-blanca-2025\\\/#organizationLogo\"},\"sameAs\":[\"https:\\\/\\\/www.facebook.com\\\/costablancalifestyle\\\/\",\"https:\\\/\\\/www.instagram.com\\\/costablancamagazin\\\/\"]}]}\n\t\t<\/script>\n\t\t<!-- All in One SEO Pro -->\r\n\t\t<title>August &amp; September Veranstaltungen an der Costa Blanca\u2026<\/title>\n\n","aioseo_head_json":{"title":"Eventos de agosto y septiembre en la Costa Blanca...","description":"Verano lleno de fiestas, m\u00fasica y cultura en la Costa Blanca: desde veladas de jazz y cine al aire libre hasta fiestas patronales tradicionales.","canonical_url":"https:\/\/costablanca-magazin.com\/es\/freizeit\/veranstaltungen-events\/august-september-veranstaltungen-an-der-costa-blanca-2025\/","robots":"max-snippet:-1, max-image-preview:large, max-video-preview:-1","keywords":"","webmasterTools":{"miscellaneous":""},"schema":{"@context":"https:\/\/schema.org","@graph":[{"@type":"BreadcrumbList","@id":"https:\/\/costablanca-magazin.com\/es\/freizeit\/veranstaltungen-events\/august-september-veranstaltungen-an-der-costa-blanca-2025\/#breadcrumblist","itemListElement":[{"@type":"ListItem","@id":"https:\/\/costablanca-magazin.com\/es#listItem","position":1,"name":"Home","item":"https:\/\/costablanca-magazin.com\/es","nextItem":{"@type":"ListItem","@id":"https:\/\/costablanca-magazin.com\/es\/tiempo-libre\/#listItem","name":"Freizeit"}},{"@type":"ListItem","@id":"https:\/\/costablanca-magazin.com\/es\/tiempo-libre\/#listItem","position":2,"name":"Freizeit","item":"https:\/\/costablanca-magazin.com\/es\/tiempo-libre\/","nextItem":{"@type":"ListItem","@id":"https:\/\/costablanca-magazin.com\/es\/eventos-eventos\/#listItem","name":"Veranstaltungen &amp; Events"},"previousItem":{"@type":"ListItem","@id":"https:\/\/costablanca-magazin.com\/es#listItem","name":"Home"}},{"@type":"ListItem","@id":"https:\/\/costablanca-magazin.com\/es\/eventos-eventos\/#listItem","position":3,"name":"Veranstaltungen &amp; Events","item":"https:\/\/costablanca-magazin.com\/es\/eventos-eventos\/","nextItem":{"@type":"ListItem","@id":"https:\/\/costablanca-magazin.com\/es\/freizeit\/veranstaltungen-events\/august-september-veranstaltungen-an-der-costa-blanca-2025\/#listItem","name":"August &amp; September Veranstaltungen an der Costa Blanca 2025"},"previousItem":{"@type":"ListItem","@id":"https:\/\/costablanca-magazin.com\/es\/tiempo-libre\/#listItem","name":"Freizeit"}},{"@type":"ListItem","@id":"https:\/\/costablanca-magazin.com\/es\/freizeit\/veranstaltungen-events\/august-september-veranstaltungen-an-der-costa-blanca-2025\/#listItem","position":4,"name":"August &amp; September Veranstaltungen an der Costa Blanca 2025","previousItem":{"@type":"ListItem","@id":"https:\/\/costablanca-magazin.com\/es\/eventos-eventos\/#listItem","name":"Veranstaltungen &amp; Events"}}]},{"@type":"NewsArticle","@id":"https:\/\/costablanca-magazin.com\/es\/freizeit\/veranstaltungen-events\/august-september-veranstaltungen-an-der-costa-blanca-2025\/#article","name":"August & September Veranstaltungen an der Costa Blanca 2025","headline":"August & September Veranstaltungen an der Costa Blanca 2025","author":{"@id":"https:\/\/costablanca-magazin.com\/es\/author\/charlotta\/#author"},"publisher":{"@id":"https:\/\/costablanca-magazin.com\/es\/#organization"},"image":{"@type":"ImageObject","url":"https:\/\/costablanca-magazin.com\/wp-content\/uploads\/2025\/08\/happy-young-african-adult-afro-woman-dancing-with-2025-01-07-06-55-26-utc-scaled.jpg","width":2560,"height":1707,"caption":"August & September Veranstaltungen an der Costa Blanca 2025"},"datePublished":"2025-08-15T09:00:00+02:00","dateModified":"2025-09-14T22:11:17+02:00","inLanguage":"es-ES","mainEntityOfPage":{"@id":"https:\/\/costablanca-magazin.com\/es\/freizeit\/veranstaltungen-events\/august-september-veranstaltungen-an-der-costa-blanca-2025\/#webpage"},"isPartOf":{"@id":"https:\/\/costablanca-magazin.com\/es\/freizeit\/veranstaltungen-events\/august-september-veranstaltungen-an-der-costa-blanca-2025\/#webpage"},"articleSection":"Veranstaltungen &amp; Events"},{"@type":"Person","@id":"https:\/\/costablanca-magazin.com\/es\/author\/charlotta\/#author","url":"https:\/\/costablanca-magazin.com\/es\/author\/charlotta\/","name":"Charlotta Rehagel","description":"Marketing Assistenz und Content Managerin Charlotta Rehagel unterst\u00fctzt das Costablanca Magazin im Bereich Content Management, Redaktion und Marketing. Neben ihrem Studium betreut sie regelm\u00e4\u00dfig Veranstaltungsthemen und arbeitet an der digitalen Aufbereitung von Inhalten f\u00fcr die Online-Portale der Mediagroup Balear. Seit 19 Jahren lebt sie in Spanien und bringt mehrsprachige Erfahrung in Deutsch, Englisch, Spanisch und Mallorquin mit. F\u00fcr das Costablanca Magazin arbeitet sie an Themen, die besonders f\u00fcr internationale Residenten, Langzeiturlauber und Leser mit engem Bezug zur Costa Blanca interessant sind. Ihr Schwerpunkt liegt an der Schnittstelle zwischen Recherche, Online-Content, Veranstaltungs\u00fcbersicht und redaktioneller Struktur. Dabei verbindet sie praktische Ortskenntnis mit digitalem Content Management und einem Blick f\u00fcr Themen, die im Alltag an der Costa Blanca eine Rolle spielen.","jobTitle":"Marketing Assistenz","knowsLanguage":["englisch","deutsch","spanisch","catalan"],"image":{"@type":"ImageObject","@id":"https:\/\/costablanca-magazin.com\/es\/freizeit\/veranstaltungen-events\/august-september-veranstaltungen-an-der-costa-blanca-2025\/#authorImage","url":"https:\/\/costablanca-magazin.com\/wp-content\/uploads\/2026\/05\/Charlotta-Rehagel-Die-Inselzeitung.jpg","width":800,"height":1420,"caption":"Charlotta Rehagel Costablanca Magazin"}},{"@type":"WebPage","@id":"https:\/\/costablanca-magazin.com\/es\/freizeit\/veranstaltungen-events\/august-september-veranstaltungen-an-der-costa-blanca-2025\/#webpage","url":"https:\/\/costablanca-magazin.com\/es\/freizeit\/veranstaltungen-events\/august-september-veranstaltungen-an-der-costa-blanca-2025\/","name":"August & September Veranstaltungen an der Costa Blanca\u2026","description":"Sommer voller Feste, Musik und Kultur an der Costa Blanca - Von Jazzabenden und Open-Air-Kino bis zu traditionellen Patronatsfesten","inLanguage":"es-ES","isPartOf":{"@id":"https:\/\/costablanca-magazin.com\/es\/#website"},"breadcrumb":{"@id":"https:\/\/costablanca-magazin.com\/es\/freizeit\/veranstaltungen-events\/august-september-veranstaltungen-an-der-costa-blanca-2025\/#breadcrumblist"},"author":{"@id":"https:\/\/costablanca-magazin.com\/es\/author\/charlotta\/#author"},"creator":{"@id":"https:\/\/costablanca-magazin.com\/es\/author\/charlotta\/#author"},"image":{"@type":"ImageObject","url":"https:\/\/costablanca-magazin.com\/wp-content\/uploads\/2025\/08\/happy-young-african-adult-afro-woman-dancing-with-2025-01-07-06-55-26-utc-scaled.jpg","@id":"https:\/\/costablanca-magazin.com\/es\/freizeit\/veranstaltungen-events\/august-september-veranstaltungen-an-der-costa-blanca-2025\/#mainImage","width":2560,"height":1707,"caption":"August & September Veranstaltungen an der Costa Blanca 2025"},"primaryImageOfPage":{"@id":"https:\/\/costablanca-magazin.com\/es\/freizeit\/veranstaltungen-events\/august-september-veranstaltungen-an-der-costa-blanca-2025\/#mainImage"},"datePublished":"2025-08-15T09:00:00+02:00","dateModified":"2025-09-14T22:11:17+02:00","mainEntity":{"@id":"https:\/\/costablanca-magazin.com\/es\/freizeit\/veranstaltungen-events\/august-september-veranstaltungen-an-der-costa-blanca-2025\/#article"}},{"@type":"WebSite","@id":"https:\/\/costablanca-magazin.com\/es\/#website","url":"https:\/\/costablanca-magazin.com\/es\/","name":"Costa Blanca Magazin","description":"Costa Blanca - alles um das Leben und die Freizeit an der K\u00fcste","inLanguage":"es-ES","publisher":{"@id":"https:\/\/costablanca-magazin.com\/es\/#organization"},"potentialAction":{"@type":"SearchAction","target":"https:\/\/costablanca-magazin.com\/es\/?s={search_term_string}","query-input":"required name=search_term_string"}},{"@type":["Organization","NewsMediaOrganization"],"@id":"https:\/\/costablanca-magazin.com\/es\/#organization","name":"Costa Blanca Magazin","description":"Costa Blanca Magazin","url":"https:\/\/costablanca-magazin.com\/es\/","email":"info@costablanca-magazin.com","telephone":"+34 663 946 871","logo":{"@type":"ImageObject","url":"https:\/\/costablanca-magazin.com\/wp-content\/uploads\/2024\/05\/logo.jpg","@id":"https:\/\/costablanca-magazin.com\/es\/freizeit\/veranstaltungen-events\/august-september-veranstaltungen-an-der-costa-blanca-2025\/#organizationLogo","width":1605,"height":236,"caption":"Costa Blanca Magazin"},"image":{"@id":"https:\/\/costablanca-magazin.com\/es\/freizeit\/veranstaltungen-events\/august-september-veranstaltungen-an-der-costa-blanca-2025\/#organizationLogo"},"sameAs":["https:\/\/www.facebook.com\/costablancalifestyle\/","https:\/\/www.instagram.com\/costablancamagazin\/"]}]},"og:locale":"es_ES","og:site_name":"Costa Blanca Magazin","og:type":"article","og:title":"August &amp; September Veranstaltungen an der Costa Blanca\u2026","og:description":"Sommer voller Feste, Musik und Kultur an der Costa Blanca - Von Jazzabenden und Open-Air-Kino bis zu traditionellen Patronatsfesten","og:url":"https:\/\/costablanca-magazin.com\/es\/freizeit\/veranstaltungen-events\/august-september-veranstaltungen-an-der-costa-blanca-2025\/","og:image":"https:\/\/costablanca-magazin.com\/wp-content\/uploads\/2025\/08\/happy-young-african-adult-afro-woman-dancing-with-2025-01-07-06-55-26-utc-scaled.jpg","og:image:secure_url":"https:\/\/costablanca-magazin.com\/wp-content\/uploads\/2025\/08\/happy-young-african-adult-afro-woman-dancing-with-2025-01-07-06-55-26-utc-scaled.jpg","og:image:width":2560,"og:image:height":1707,"article:published_time":"2025-08-15T07:00:00+00:00","article:modified_time":"2025-09-14T20:11:17+00:00","article:publisher":"https:\/\/www.facebook.com\/costablancalifestyle\/","twitter:card":"summary_large_image","twitter:title":"August &amp; September Veranstaltungen an der Costa Blanca\u2026","twitter:description":"Sommer voller Feste, Musik und Kultur an der Costa Blanca - Von Jazzabenden und Open-Air-Kino bis zu traditionellen Patronatsfesten","twitter:image":"https:\/\/costablanca-magazin.com\/wp-content\/uploads\/2025\/08\/happy-young-african-adult-afro-woman-dancing-with-2025-01-07-06-55-26-utc-scaled.jpg"},"aioseo_meta_data":{"post_id":"8396","title":"Eventos de agosto y septiembre en la Costa Blanca...","description":"Verano lleno de fiestas, m\u00fasica y cultura en la Costa Blanca: desde veladas de jazz y cine al aire libre hasta fiestas patronales tradicionales.","keywords":null,"keyphrases":{"focus":[],"additional":[]},"primary_term":null,"canonical_url":null,"og_title":null,"og_description":null,"og_object_type":"default","og_image_type":"default","og_image_url":null,"og_image_width":null,"og_image_height":null,"og_image_custom_url":null,"og_image_custom_fields":null,"og_video":"","og_custom_url":null,"og_article_section":null,"og_article_tags":null,"twitter_use_og":false,"twitter_card":"default","twitter_image_type":"default","twitter_image_url":null,"twitter_image_custom_url":null,"twitter_image_custom_fields":null,"twitter_title":null,"twitter_description":null,"schema":{"blockGraphs":[],"customGraphs":[],"default":{"data":{"Article":[],"Course":[],"Dataset":[],"FAQPage":[],"Movie":[],"Person":[],"Product":[],"ProductReview":[],"Car":[],"Recipe":[],"Service":[],"SoftwareApplication":[],"WebPage":[]},"graphName":"BlogPosting","isEnabled":true},"graphs":[]},"schema_type":"default","schema_type_options":null,"pillar_content":false,"robots_default":true,"robots_noindex":false,"robots_noarchive":false,"robots_nosnippet":false,"robots_nofollow":false,"robots_noimageindex":false,"robots_noodp":false,"robots_notranslate":false,"robots_max_snippet":"-1","robots_max_videopreview":"-1","robots_max_imagepreview":"large","priority":null,"frequency":"default","local_seo":null,"seo_analyzer_scan_date":"2026-07-18 14:30:04","breadcrumb_settings":null,"limit_modified_date":false,"reviewed_by":null,"open_ai":null,"ai":{"faqs":[],"keyPoints":[],"titles":[],"descriptions":[],"socialPosts":{"email":[],"linkedin":[],"twitter":[],"facebook":[],"instagram":[]}},"created":"2025-08-14 13:46:17","updated":"2026-08-10 07:29:49","focus_keyword":null,"additional_keywords":null,"truseo_locale":null},"aioseo_breadcrumb":"<div class=\"aioseo-breadcrumbs\"><span class=\"aioseo-breadcrumb\">\n\t<a href=\"https:\/\/costablanca-magazin.com\/es\" title=\"Home\">Home<\/a>\n<\/span><span class=\"aioseo-breadcrumb-separator\">&raquo;<\/span><span class=\"aioseo-breadcrumb\">\n\t<a href=\"https:\/\/costablanca-magazin.com\/es\/tiempo-libre\/\" title=\"Freizeit\">Freizeit<\/a>\n<\/span><span class=\"aioseo-breadcrumb-separator\">&raquo;<\/span><span class=\"aioseo-breadcrumb\">\n\t<a href=\"https:\/\/costablanca-magazin.com\/es\/eventos-eventos\/\" title=\"Veranstaltungen &amp; Events\">Veranstaltungen &amp; Events<\/a>\n<\/span><span class=\"aioseo-breadcrumb-separator\">&raquo;<\/span><span class=\"aioseo-breadcrumb\">\n\tAugust &amp; September Veranstaltungen an der Costa Blanca 2025\n<\/span><\/div>","aioseo_breadcrumb_json":[{"label":"Home","link":"https:\/\/costablanca-magazin.com\/es"},{"label":"Freizeit","link":"https:\/\/costablanca-magazin.com\/es\/tiempo-libre\/"},{"label":"Veranstaltungen &amp; Events","link":"https:\/\/costablanca-magazin.com\/es\/eventos-eventos\/"},{"label":"August &amp; September Veranstaltungen an der Costa Blanca 2025","link":"https:\/\/costablanca-magazin.com\/es\/freizeit\/veranstaltungen-events\/august-september-veranstaltungen-an-der-costa-blanca-2025\/"}],"_links":{"self":[{"href":"https:\/\/costablanca-magazin.com\/es\/wp-json\/wp\/v2\/posts\/8396","targetHints":{"allow":["GET"]}}],"collection":[{"href":"https:\/\/costablanca-magazin.com\/es\/wp-json\/wp\/v2\/posts"}],"about":[{"href":"https:\/\/costablanca-magazin.com\/es\/wp-json\/wp\/v2\/types\/post"}],"author":[{"embeddable":true,"href":"https:\/\/costablanca-magazin.com\/es\/wp-json\/wp\/v2\/users\/3"}],"replies":[{"embeddable":true,"href":"https:\/\/costablanca-magazin.com\/es\/wp-json\/wp\/v2\/comments?post=8396"}],"version-history":[{"count":11,"href":"https:\/\/costablanca-magazin.com\/es\/wp-json\/wp\/v2\/posts\/8396\/revisions"}],"predecessor-version":[{"id":8763,"href":"https:\/\/costablanca-magazin.com\/es\/wp-json\/wp\/v2\/posts\/8396\/revisions\/8763"}],"wp:featuredmedia":[{"embeddable":true,"href":"https:\/\/costablanca-magazin.com\/es\/wp-json\/wp\/v2\/media\/8397"}],"wp:attachment":[{"href":"https:\/\/costablanca-magazin.com\/es\/wp-json\/wp\/v2\/media?parent=8396"}],"wp:term":[{"taxonomy":"category","embeddable":true,"href":"https:\/\/costablanca-magazin.com\/es\/wp-json\/wp\/v2\/categories?post=8396"},{"taxonomy":"post_tag","embeddable":true,"href":"https:\/\/costablanca-magazin.com\/es\/wp-json\/wp\/v2\/tags?post=8396"}],"curies":[{"name":"wp","href":"https:\/\/api.w.org\/{rel}","templated":true}]}}