{"id":8358,"date":"2025-08-09T09:45:22","date_gmt":"2025-08-09T07:45:22","guid":{"rendered":"https:\/\/costablanca-magazin.com\/?p=8358"},"modified":"2025-12-04T12:26:34","modified_gmt":"2025-12-04T11:26:34","slug":"esta-noche-castell-de-lolla-altea-ilumina-el-cielo","status":"publish","type":"post","link":"https:\/\/costablanca-magazin.com\/es\/freizeit\/aktivitaeten-und-ausfluege\/heute-abend-castell-de-lolla-altea-laesst-den-himmel-erstrahlen\/","title":{"rendered":"Castell de l'Olla 2025 en Altea - Espectaculares fuegos artificiales Costa Blanca"},"content":{"rendered":"<div data-elementor-type=\"wp-post\" data-elementor-id=\"8358\" class=\"elementor elementor-8358\" data-elementor-post-type=\"post\">\n\t\t\t\t<div class=\"elementor-element elementor-element-ce59772 e-flex e-con-boxed e-con e-parent\" data-id=\"ce59772\" data-element_type=\"container\" data-e-type=\"container\">\n\t\t\t\t\t<div class=\"e-con-inner\">\n\t\t\t\t<div class=\"elementor-element elementor-element-92d9ab1 elementor-widget elementor-widget-heading\" data-id=\"92d9ab1\" data-element_type=\"widget\" data-e-type=\"widget\" data-widget_type=\"heading.default\">\n\t\t\t\t<div class=\"elementor-widget-container\">\n\t\t\t\t\t<h1 class=\"elementor-heading-title elementor-size-default\">Esta noche - Castell de l'Olla - Altea ilumina el cielo<\/h1>\t\t\t\t<\/div>\n\t\t\t\t<\/div>\n\t\t\t\t<div class=\"elementor-element elementor-element-4857350 elementor-widget elementor-widget-image\" data-id=\"4857350\" data-element_type=\"widget\" data-e-type=\"widget\" data-widget_type=\"image.default\">\n\t\t\t\t<div class=\"elementor-widget-container\">\n\t\t\t\t\t\t\t\t\t\t\t\t\t\t\t<img decoding=\"async\" src=\"https:\/\/costablanca-magazin.com\/wp-content\/uploads\/elementor\/thumbs\/Feuerwerk-2-scaled-e1754725498296-rjc2qv3ym8o716csyeyz6bzaeixb091wc66b1aoi3k.jpg\" title=\"Esta noche: Castell de l&#039;Olla - Altea ilumina el cielo\" alt=\"Esta noche: Castell de l&#039;Olla - Altea ilumina el cielo\" loading=\"lazy\" \/>\t\t\t\t\t\t\t\t\t\t\t\t\t\t\t<\/div>\n\t\t\t\t<\/div>\n\t\t\t\t<div class=\"elementor-element elementor-element-02f3721 elementor-widget elementor-widget-heading\" data-id=\"02f3721\" data-element_type=\"widget\" data-e-type=\"widget\" data-widget_type=\"heading.default\">\n\t\t\t\t<div class=\"elementor-widget-container\">\n\t\t\t\t\t<h2 class=\"elementor-heading-title elementor-size-default\">Lo m\u00e1s destacado del verano en la Costa Blanca - las mejores vistas tambi\u00e9n desde Altea y Albir - TRAM opera servicios especiales nocturnos<\/h2>\t\t\t\t<\/div>\n\t\t\t\t<\/div>\n\t\t\t\t<div class=\"elementor-element elementor-element-89f46fc elementor-widget elementor-widget-text-editor\" data-id=\"89f46fc\" data-element_type=\"widget\" data-e-type=\"widget\" data-widget_type=\"text-editor.default\">\n\t\t\t\t<div class=\"elementor-widget-container\">\n\t\t\t\t\t\t\t\t\t<p>Esta noche, s\u00e1bado 9 de agosto, Altea ser\u00e1 escenario de uno de los espect\u00e1culos pirot\u00e9cnicos m\u00e1s espectaculares del Mediterr\u00e1neo: el Castell de l'Olla. Al anochecer, la playa de l'Olla se transforma en un escenario de luz, color y sonido, con un espect\u00e1culo pirot\u00e9cnico de 25 minutos de duraci\u00f3n que se dispara \u00edntegramente desde el mar. Las explosiones se reflejan en el agua, creando un doble efecto visual que deleita a decenas de miles de personas a\u00f1o tras a\u00f1o.<\/p><p>Este a\u00f1o, la renombrada empresa pirot\u00e9cnica Vulcano se encarga de la puesta en escena, con m\u00e1s de 1.500 kilos de fuegos artificiales, coreografiados al ritmo de la m\u00fasica.<\/p><p><strong>Los mejores lugares para ver<br \/><\/strong>Adem\u00e1s de la propia playa de L'Olla, la Playa de la Roda en Altea y la Playa del Albir tambi\u00e9n ofrecen excelentes vistas, a menudo con algo m\u00e1s de espacio y menos aglomeraciones. Si quieres vivir el evento en exclusiva, puedes reservar una excursi\u00f3n en barco por la bah\u00eda y disfrutar de los fuegos artificiales directamente desde el agua.<\/p><p><strong>TRAM ofrece un servicio especial nocturno al Castell<br \/><\/strong>Para que los visitantes puedan viajar de forma c\u00f3moda y segura, Ferrocarrils de la Generalitat Valenciana (FGV) organiza esta noche un servicio especial nocturno en la l\u00ednea 9 (Benidorm-D\u00e9nia) del TRAM d'Alacant.<\/p><p>Esta medida forma parte del programa de verano \u201eTramnochador\u201c, que ampl\u00eda los servicios nocturnos de las l\u00edneas 1, 2, 3, 4 y 9 durante los fines de semana y antes de los d\u00edas festivos.<\/p><p><strong>Est\u00e1n previstos:<\/strong><\/p><ul><li>\u00a0\u00a0\u00a0 12 trenes adicionales antes del inicio de los fuegos artificiales<\/li><li>\u00a0\u00a0\u00a0 30 trenes adicionales tras el final del evento (l\u00edneas 9 y 1)<\/li><\/ul><p>Por primera vez se utilizar\u00e1n los modernos trenes di\u00e9sel el\u00e9ctricos de la l\u00ednea 9, con m\u00e1s capacidad, mayor comodidad y mejor impacto ambiental que en a\u00f1os anteriores. Adem\u00e1s, se aumentar\u00e1 el personal de servicio y seguridad para que todo funcione a la perfecci\u00f3n.<\/p><p>Los pasajeros pueden encontrar todos los horarios y detalles en la p\u00e1gina web de TRAM, llamando al tel\u00e9fono gratuito 900 72 04 72, en la app oficial de TRAM y a trav\u00e9s de las redes sociales y avisos en las estaciones. <a href=\"https:\/\/www.tramalacant.es\/\" target=\"_blank\" rel=\"noopener\">www.tramalacant.es\/<\/a><\/p><p><strong>Consejo<\/strong><br \/>Ya sea en la playa, en el Albir o en un barco, prevea tiempo suficiente, ll\u00e9vese una c\u00e1mara y quiz\u00e1s una chaqueta ligera para m\u00e1s tarde. El Castell de l'Olla no es s\u00f3lo un espect\u00e1culo de fuegos artificiales, sino un momento veraniego que debe vivirse en directo.<\/p>\t\t\t\t\t\t\t\t<\/div>\n\t\t\t\t<\/div>\n\t\t\t\t<div class=\"elementor-element elementor-element-92098b1 elementor-widget-divider--separator-type-pattern elementor-widget-divider--view-line elementor-widget elementor-widget-divider\" data-id=\"92098b1\" data-element_type=\"widget\" data-e-type=\"widget\" data-widget_type=\"divider.default\">\n\t\t\t\t<div class=\"elementor-widget-container\">\n\t\t\t\t\t\t\t<div class=\"elementor-divider\" style=\"--divider-pattern-url: url(&quot;data:image\/svg+xml,%3Csvg xmlns=&#039;http:\/\/www.w3.org\/2000\/svg&#039; preserveAspectRatio=&#039;none&#039; overflow=&#039;visible&#039; height=&#039;100%&#039; viewBox=&#039;0 0 24 24&#039; fill=&#039;none&#039; stroke=&#039;black&#039; stroke-width=&#039;1&#039; stroke-linecap=&#039;square&#039; stroke-miterlimit=&#039;10&#039;%3E%3Cpath d=&#039;M0,6c6,0,0.9,11.1,6.9,11.1S18,6,24,6&#039;\/%3E%3C\/svg%3E&quot;);\">\n\t\t\t<span class=\"elementor-divider-separator\">\n\t\t\t\t\t\t<\/span>\n\t\t<\/div>\n\t\t\t\t\t\t<\/div>\n\t\t\t\t<\/div>\n\t\t\t\t<div class=\"elementor-element elementor-element-ea261c0 elementor-grid-3 elementor-grid-tablet-2 elementor-grid-mobile-1 elementor-posts--thumbnail-top elementor-posts--show-avatar elementor-card-shadow-yes elementor-posts__hover-gradient elementor-widget elementor-widget-posts\" data-id=\"ea261c0\" data-element_type=\"widget\" data-e-type=\"widget\" data-settings=\"{&quot;cards_columns&quot;:&quot;3&quot;,&quot;cards_columns_tablet&quot;:&quot;2&quot;,&quot;cards_columns_mobile&quot;:&quot;1&quot;,&quot;cards_row_gap&quot;:{&quot;unit&quot;:&quot;px&quot;,&quot;size&quot;:35,&quot;sizes&quot;:[]},&quot;cards_row_gap_tablet&quot;:{&quot;unit&quot;:&quot;px&quot;,&quot;size&quot;:&quot;&quot;,&quot;sizes&quot;:[]},&quot;cards_row_gap_mobile&quot;:{&quot;unit&quot;:&quot;px&quot;,&quot;size&quot;:&quot;&quot;,&quot;sizes&quot;:[]}}\" data-widget_type=\"posts.cards\">\n\t\t\t\t<div class=\"elementor-widget-container\">\n\t\t\t\t\t\t\t<div class=\"elementor-posts-container elementor-posts elementor-posts--skin-cards elementor-grid\" role=\"list\">\n\t\t\t\t<article class=\"elementor-post elementor-grid-item post-11128 post type-post status-publish format-standard has-post-thumbnail hentry category-aktivitaeten-und-ausfluege tag-domingo-de-ramos-elche tag-easter-costa-blanca-events tag-ostern-costa-blanca tag-osterprozession-alicante tag-procesiones-semana-santa-alicante tag-semana-santa-alicante tag-semana-santa-costa-blanca tag-semana-santa-denia tag-semana-santa-elche-2 tag-semana-santa-orihuela\" role=\"listitem\">\n\t\t\t<div class=\"elementor-post__card\">\n\t\t\t\t<a class=\"elementor-post__thumbnail__link\" href=\"https:\/\/costablanca-magazin.com\/es\/freizeit\/aktivitaeten-und-ausfluege\/ostern-an-der-costa-blanca-semana-santa-und-prozessionen\/\" tabindex=\"-1\" ><div class=\"elementor-post__thumbnail\"><img fetchpriority=\"high\" decoding=\"async\" width=\"1365\" height=\"2048\" src=\"https:\/\/costablanca-magazin.com\/wp-content\/uploads\/2025\/03\/people-wearing-uniforms-and-bearing-the-statue-of-2025-02-09-13-18-51-utc-1365x2048.jpg\" class=\"attachment-2048x2048 size-2048x2048 wp-image-5306\" alt=\"Semana Santa e historia: las iglesias y lugares religiosos m\u00e1s importantes de la Costa Blanca 2\" srcset=\"https:\/\/costablanca-magazin.com\/wp-content\/uploads\/2025\/03\/people-wearing-uniforms-and-bearing-the-statue-of-2025-02-09-13-18-51-utc-1365x2048.jpg 1365w, https:\/\/costablanca-magazin.com\/wp-content\/uploads\/2025\/03\/people-wearing-uniforms-and-bearing-the-statue-of-2025-02-09-13-18-51-utc-200x300.jpg 200w, https:\/\/costablanca-magazin.com\/wp-content\/uploads\/2025\/03\/people-wearing-uniforms-and-bearing-the-statue-of-2025-02-09-13-18-51-utc-683x1024.jpg 683w, https:\/\/costablanca-magazin.com\/wp-content\/uploads\/2025\/03\/people-wearing-uniforms-and-bearing-the-statue-of-2025-02-09-13-18-51-utc-768x1152.jpg 768w, https:\/\/costablanca-magazin.com\/wp-content\/uploads\/2025\/03\/people-wearing-uniforms-and-bearing-the-statue-of-2025-02-09-13-18-51-utc-1024x1536.jpg 1024w, https:\/\/costablanca-magazin.com\/wp-content\/uploads\/2025\/03\/people-wearing-uniforms-and-bearing-the-statue-of-2025-02-09-13-18-51-utc-scaled.jpg 1707w\" sizes=\"(max-width: 1365px) 100vw, 1365px\" \/><\/div><\/a>\n\t\t\t\t<div class=\"elementor-post__badge\">Actividades y excursiones<\/div>\n\t\t\t\t<div class=\"elementor-post__avatar\">\n\t\t\t\t\t<\/div>\n\t\t\t\t<div class=\"elementor-post__text\">\n\t\t\t\t<h3 class=\"elementor-post__title\">\n\t\t\t<a href=\"https:\/\/costablanca-magazin.com\/es\/freizeit\/aktivitaeten-und-ausfluege\/ostern-an-der-costa-blanca-semana-santa-und-prozessionen\/\" >\n\t\t\t\tSemana Santa en la Costa Blanca - Semana Santa y procesiones\t\t\t<\/a>\n\t\t<\/h3>\n\t\t\t\t<\/div>\n\t\t\t\t\t<\/div>\n\t\t<\/article>\n\t\t\t\t<article class=\"elementor-post elementor-grid-item post-11085 post type-post status-publish format-standard has-post-thumbnail hentry category-aktivitaeten-und-ausfluege tag-chocolates-valor-museum tag-schokolade-villajoyosa tag-schokoladenfabriken-costa-blanca tag-schokoladenroute-villajoyosa tag-traditionelle-suesswaren-villajoyosa tag-turron-villajoyosa\" role=\"listitem\">\n\t\t\t<div class=\"elementor-post__card\">\n\t\t\t\t<a class=\"elementor-post__thumbnail__link\" href=\"https:\/\/costablanca-magazin.com\/es\/freizeit\/aktivitaeten-und-ausfluege\/schokoladen-route-villajoyosa-suesse-tradition-entdecken\/\" tabindex=\"-1\" ><div class=\"elementor-post__thumbnail\"><img decoding=\"async\" width=\"801\" height=\"287\" src=\"https:\/\/costablanca-magazin.com\/wp-content\/uploads\/2025\/09\/cocoa-drink-2025-01-10-22-33-37-utc-e1773068289392.jpg\" class=\"attachment-2048x2048 size-2048x2048 wp-image-8964\" alt=\"Villajoyosa - La capital secreta del dulce\" srcset=\"https:\/\/costablanca-magazin.com\/wp-content\/uploads\/2025\/09\/cocoa-drink-2025-01-10-22-33-37-utc-e1773068289392.jpg 801w, https:\/\/costablanca-magazin.com\/wp-content\/uploads\/2025\/09\/cocoa-drink-2025-01-10-22-33-37-utc-e1773068289392-300x107.jpg 300w, https:\/\/costablanca-magazin.com\/wp-content\/uploads\/2025\/09\/cocoa-drink-2025-01-10-22-33-37-utc-e1773068289392-768x275.jpg 768w, https:\/\/costablanca-magazin.com\/wp-content\/uploads\/2025\/09\/cocoa-drink-2025-01-10-22-33-37-utc-e1773068289392-18x6.jpg 18w\" sizes=\"(max-width: 801px) 100vw, 801px\" \/><\/div><\/a>\n\t\t\t\t<div class=\"elementor-post__badge\">Actividades y excursiones<\/div>\n\t\t\t\t<div class=\"elementor-post__avatar\">\n\t\t\t\t\t<\/div>\n\t\t\t\t<div class=\"elementor-post__text\">\n\t\t\t\t<h3 class=\"elementor-post__title\">\n\t\t\t<a href=\"https:\/\/costablanca-magazin.com\/es\/freizeit\/aktivitaeten-und-ausfluege\/schokoladen-route-villajoyosa-suesse-tradition-entdecken\/\" >\n\t\t\t\tRuta del chocolate de Villajoyosa - descubre la dulce tradici\u00f3n\t\t\t<\/a>\n\t\t<\/h3>\n\t\t\t\t<\/div>\n\t\t\t\t\t<\/div>\n\t\t<\/article>\n\t\t\t\t<article class=\"elementor-post elementor-grid-item post-11086 post type-post status-publish format-standard has-post-thumbnail hentry category-aktivitaeten-und-ausfluege tag-ausflug-burg-xativa tag-borgia-familie-xativa tag-burg-xativa tag-burg-xativa-geschichte tag-castell-de-xativa tag-sehenswuerdigkeit-xativa-valencia\" role=\"listitem\">\n\t\t\t<div class=\"elementor-post__card\">\n\t\t\t\t<a class=\"elementor-post__thumbnail__link\" href=\"https:\/\/costablanca-magazin.com\/es\/freizeit\/aktivitaeten-und-ausfluege\/burg-von-xativa-geschichte-der-borgia-festung-entdecken\/\" tabindex=\"-1\" ><div class=\"elementor-post__thumbnail\"><img decoding=\"async\" width=\"512\" height=\"180\" src=\"https:\/\/costablanca-magazin.com\/wp-content\/uploads\/2025\/08\/castell-1-1024x580-2-e1755517144513.jpg\" class=\"attachment-2048x2048 size-2048x2048 wp-image-8493\" alt=\"El castillo de X\u00e0tiva: historia, poder y la larga sombra de los Borgia 6\" srcset=\"https:\/\/costablanca-magazin.com\/wp-content\/uploads\/2025\/08\/castell-1-1024x580-2-e1755517144513.jpg 512w, https:\/\/costablanca-magazin.com\/wp-content\/uploads\/2025\/08\/castell-1-1024x580-2-e1755517144513-300x105.jpg 300w\" sizes=\"(max-width: 512px) 100vw, 512px\" \/><\/div><\/a>\n\t\t\t\t<div class=\"elementor-post__badge\">Actividades y excursiones<\/div>\n\t\t\t\t<div class=\"elementor-post__avatar\">\n\t\t\t\t\t<\/div>\n\t\t\t\t<div class=\"elementor-post__text\">\n\t\t\t\t<h3 class=\"elementor-post__title\">\n\t\t\t<a href=\"https:\/\/costablanca-magazin.com\/es\/freizeit\/aktivitaeten-und-ausfluege\/burg-von-xativa-geschichte-der-borgia-festung-entdecken\/\" >\n\t\t\t\tCastillo de X\u00e0tiva: descubre la historia de la fortaleza de los Borja\t\t\t<\/a>\n\t\t<\/h3>\n\t\t\t\t<\/div>\n\t\t\t\t\t<\/div>\n\t\t<\/article>\n\t\t\t\t<\/div>\n\t\t\n\t\t\t\t\t\t<\/div>\n\t\t\t\t<\/div>\n\t\t\t\t\t<\/div>\n\t\t\t\t<\/div>\n\t\t\t\t<\/div>","protected":false},"excerpt":{"rendered":"<p>Heute Abend &#8211; Castell de l\u2019Olla \u2013 Altea l\u00e4sst den Himmel erstrahlen Sommer-Highlight an der Costa Blanca \u2013 beste Sicht auch von Altea und Albir<\/p>","protected":false},"author":1,"featured_media":8360,"comment_status":"closed","ping_status":"closed","sticky":false,"template":"elementor_header_footer","format":"standard","meta":{"om_disable_all_campaigns":false,"_monsterinsights_skip_tracking":false,"_monsterinsights_sitenote_active":false,"_monsterinsights_sitenote_note":"","_monsterinsights_sitenote_category":0,"footnotes":""},"categories":[22],"tags":[1068,1069,1071,1070],"class_list":["post-8358","post","type-post","status-publish","format-standard","has-post-thumbnail","hentry","category-aktivitaeten-und-ausfluege","tag-castell-de-lolla-altea-2025","tag-feuerwerk-costa-blanca","tag-pyrotechnik-vulcano","tag-sommer-event-altea"],"aioseo_notices":[],"_links":{"self":[{"href":"https:\/\/costablanca-magazin.com\/es\/wp-json\/wp\/v2\/posts\/8358","targetHints":{"allow":["GET"]}}],"collection":[{"href":"https:\/\/costablanca-magazin.com\/es\/wp-json\/wp\/v2\/posts"}],"about":[{"href":"https:\/\/costablanca-magazin.com\/es\/wp-json\/wp\/v2\/types\/post"}],"author":[{"embeddable":true,"href":"https:\/\/costablanca-magazin.com\/es\/wp-json\/wp\/v2\/users\/1"}],"replies":[{"embeddable":true,"href":"https:\/\/costablanca-magazin.com\/es\/wp-json\/wp\/v2\/comments?post=8358"}],"version-history":[{"count":14,"href":"https:\/\/costablanca-magazin.com\/es\/wp-json\/wp\/v2\/posts\/8358\/revisions"}],"predecessor-version":[{"id":10197,"href":"https:\/\/costablanca-magazin.com\/es\/wp-json\/wp\/v2\/posts\/8358\/revisions\/10197"}],"wp:featuredmedia":[{"embeddable":true,"href":"https:\/\/costablanca-magazin.com\/es\/wp-json\/wp\/v2\/media\/8360"}],"wp:attachment":[{"href":"https:\/\/costablanca-magazin.com\/es\/wp-json\/wp\/v2\/media?parent=8358"}],"wp:term":[{"taxonomy":"category","embeddable":true,"href":"https:\/\/costablanca-magazin.com\/es\/wp-json\/wp\/v2\/categories?post=8358"},{"taxonomy":"post_tag","embeddable":true,"href":"https:\/\/costablanca-magazin.com\/es\/wp-json\/wp\/v2\/tags?post=8358"}],"curies":[{"name":"wp","href":"https:\/\/api.w.org\/{rel}","templated":true}]}}