{"id":8276,"date":"2025-07-27T09:00:00","date_gmt":"2025-07-27T07:00:00","guid":{"rendered":"https:\/\/costablanca-magazin.com\/?p=8276"},"modified":"2026-07-07T09:57:55","modified_gmt":"2026-07-07T07:57:55","slug":"olivers-optica-el-placer-de-ver-se-une-a-la-competencia-en-estilo","status":"publish","type":"post","link":"https:\/\/costablanca-magazin.com\/es\/lokales\/business-service\/olivers-optica-sehgenuss-trifft-stilkompetenz\/","title":{"rendered":"Oliver's Optica: el placer visual se une a la experiencia en estilo"},"content":{"rendered":"<div data-elementor-type=\"wp-post\" data-elementor-id=\"8276\" class=\"elementor elementor-8276\" data-elementor-post-type=\"post\">\n\t\t\t\t<div class=\"elementor-element elementor-element-3528949 e-flex e-con-boxed e-con e-parent\" data-id=\"3528949\" data-element_type=\"container\" data-e-type=\"container\">\n\t\t\t\t\t<div class=\"e-con-inner\">\n\t\t\t\t<div class=\"elementor-element elementor-element-34536bd elementor-widget elementor-widget-heading\" data-id=\"34536bd\" data-element_type=\"widget\" data-e-type=\"widget\" data-widget_type=\"heading.default\">\n\t\t\t\t<div class=\"elementor-widget-container\">\n\t\t\t\t\t<h1 class=\"elementor-heading-title elementor-size-default\">Oliver's Optica: el placer visual se une a la experiencia en estilo<\/h1>\t\t\t\t<\/div>\n\t\t\t\t<\/div>\n\t\t\t\t<div class=\"elementor-element elementor-element-89761b5 elementor-widget elementor-widget-heading\" data-id=\"89761b5\" data-element_type=\"widget\" data-e-type=\"widget\" data-widget_type=\"heading.default\">\n\t\t\t\t<div class=\"elementor-widget-container\">\n\t\t\t\t\t<p class=\"elementor-heading-title elementor-size-default\">50% ahora en una selecci\u00f3n de\ngafas de sol de lujo<\/p>\t\t\t\t<\/div>\n\t\t\t\t<\/div>\n\t\t\t\t<div class=\"elementor-element elementor-element-b00253d elementor-widget elementor-widget-image\" data-id=\"b00253d\" data-element_type=\"widget\" data-e-type=\"widget\" data-widget_type=\"image.default\">\n\t\t\t\t<div class=\"elementor-widget-container\">\n\t\t\t\t\t\t\t\t\t\t\t\t\t\t\t<img fetchpriority=\"high\" decoding=\"async\" width=\"1200\" height=\"1200\" src=\"https:\/\/costablanca-magazin.com\/wp-content\/uploads\/2025\/07\/Olivers-Optiker-Albir-5.jpg\" class=\"attachment-full size-full wp-image-8287\" alt=\"\u00d3ptica Oliver Albir 8\" srcset=\"https:\/\/costablanca-magazin.com\/wp-content\/uploads\/2025\/07\/Olivers-Optiker-Albir-5.jpg 1200w, https:\/\/costablanca-magazin.com\/wp-content\/uploads\/2025\/07\/Olivers-Optiker-Albir-5-300x300.jpg 300w, https:\/\/costablanca-magazin.com\/wp-content\/uploads\/2025\/07\/Olivers-Optiker-Albir-5-1024x1024.jpg 1024w, https:\/\/costablanca-magazin.com\/wp-content\/uploads\/2025\/07\/Olivers-Optiker-Albir-5-150x150.jpg 150w, https:\/\/costablanca-magazin.com\/wp-content\/uploads\/2025\/07\/Olivers-Optiker-Albir-5-768x768.jpg 768w\" sizes=\"(max-width: 1200px) 100vw, 1200px\" \/>\t\t\t\t\t\t\t\t\t\t\t\t\t\t\t<\/div>\n\t\t\t\t<\/div>\n\t\t\t\t\t<\/div>\n\t\t\t\t<\/div>\n\t\t<div class=\"elementor-element elementor-element-1e61b55 e-flex e-con-boxed e-con e-parent\" data-id=\"1e61b55\" data-element_type=\"container\" data-e-type=\"container\">\n\t\t\t\t\t<div class=\"e-con-inner\">\n\t\t<div class=\"elementor-element elementor-element-48e69dc e-con-full e-flex e-con e-child\" data-id=\"48e69dc\" data-element_type=\"container\" data-e-type=\"container\">\n\t\t\t\t<div class=\"elementor-element elementor-element-c1b13f1 elementor-widget elementor-widget-text-editor\" data-id=\"c1b13f1\" data-element_type=\"widget\" data-e-type=\"widget\" data-widget_type=\"text-editor.default\">\n\t\t\t\t<div class=\"elementor-widget-container\">\n\t\t\t\t\t\t\t\t\t<p>\u00bfQui\u00e9n dice que una buena visi\u00f3n y un gran estilo no van de la mano? <br \/>En Oliver's Optica, en El Albir, cada d\u00eda ocurre lo contrario. En la elegante boutique de la Avda. \u00d3scar Espl\u00e1 7, todo gira en torno a la calidad, la precisi\u00f3n y las gafas que a la gente le gusta llevar.<\/p><p>El propietario y maestro \u00f3ptico Oliver combina d\u00e9cadas de experiencia con la tecnolog\u00eda m\u00e1s avanzada. Es especialmente popular el test visual por ordenador, con el que se puede analizar con precisi\u00f3n no s\u00f3lo la agudeza visual, sino tambi\u00e9n el confort visual. \u00bfEl asesoramiento? Personalizado, competente y sin presiones de venta.<\/p><p><strong>El placer visual se une a la experiencia en estilo<\/strong>\u00a0<\/p><p>La gama habla por s\u00ed sola: marcas de lujo seleccionadas a mano, casas de dise\u00f1o internacionales, cl\u00e1sicos atemporales y atrevidas declaraciones, perfectas para cualquiera que vea las gafas no s\u00f3lo como una ayuda visual, sino como parte de su imagen.<\/p><p>Una visita merece especialmente la pena en estos momentos:<br \/>Hay un descuento 50% en gafas de sol seleccionadas de marcas conocidas, hasta agotar existencias.<\/p>\t\t\t\t\t\t\t\t<\/div>\n\t\t\t\t<\/div>\n\t\t\t\t<\/div>\n\t\t<div class=\"elementor-element elementor-element-8c0c4bc e-con-full e-flex e-con e-child\" data-id=\"8c0c4bc\" data-element_type=\"container\" data-e-type=\"container\">\n\t\t\t\t<div class=\"elementor-element elementor-element-8f4dced elementor-widget elementor-widget-gallery\" data-id=\"8f4dced\" data-element_type=\"widget\" data-e-type=\"widget\" data-settings=\"{&quot;columns&quot;:1,&quot;aspect_ratio&quot;:&quot;1:1&quot;,&quot;lazyload&quot;:&quot;yes&quot;,&quot;gallery_layout&quot;:&quot;grid&quot;,&quot;columns_tablet&quot;:2,&quot;columns_mobile&quot;:1,&quot;gap&quot;:{&quot;unit&quot;:&quot;px&quot;,&quot;size&quot;:10,&quot;sizes&quot;:[]},&quot;gap_tablet&quot;:{&quot;unit&quot;:&quot;px&quot;,&quot;size&quot;:10,&quot;sizes&quot;:[]},&quot;gap_mobile&quot;:{&quot;unit&quot;:&quot;px&quot;,&quot;size&quot;:10,&quot;sizes&quot;:[]},&quot;link_to&quot;:&quot;file&quot;,&quot;overlay_background&quot;:&quot;yes&quot;,&quot;content_hover_animation&quot;:&quot;fade-in&quot;}\" data-widget_type=\"gallery.default\">\n\t\t\t\t<div class=\"elementor-widget-container\">\n\t\t\t\t\t\t\t<div class=\"elementor-gallery__container\">\n\t\t\t\t\t\t\t<a class=\"e-gallery-item elementor-gallery-item elementor-animated-content\" href=\"https:\/\/costablanca-magazin.com\/wp-content\/uploads\/2025\/07\/OpticaOliver1.jpg\" data-elementor-open-lightbox=\"yes\" data-elementor-lightbox-slideshow=\"8f4dced\" data-elementor-lightbox-title=\"Olivers Optiker Albir\" data-elementor-lightbox-description=\"Olivers Optiker Albir \" data-e-action-hash=\"#elementor-action%3Aaction%3Dlightbox%26settings%3DeyJpZCI6ODI4OSwidXJsIjoiaHR0cHM6XC9cL2Nvc3RhYmxhbmNhLW1hZ2F6aW4uY29tXC93cC1jb250ZW50XC91cGxvYWRzXC8yMDI1XC8wN1wvT3B0aWNhT2xpdmVyMS5qcGciLCJzbGlkZXNob3ciOiI4ZjRkY2VkIn0%3D\">\n\t\t\t\t\t<div class=\"e-gallery-image elementor-gallery-item__image\" data-thumbnail=\"https:\/\/costablanca-magazin.com\/wp-content\/uploads\/2025\/07\/OpticaOliver1.jpg\" data-width=\"\" data-height=\"\" aria-label=\"\u00d3ptica Oliver Albir 10\" role=\"img\" ><\/div>\n\t\t\t\t\t\t\t\t\t\t\t<div class=\"elementor-gallery-item__overlay\"><\/div>\n\t\t\t\t\t\t\t\t\t\t\t\t\t\t<\/a>\n\t\t\t\t\t<\/div>\n\t\t\t\t\t<\/div>\n\t\t\t\t<\/div>\n\t\t\t\t<\/div>\n\t\t\t\t\t<\/div>\n\t\t\t\t<\/div>\n\t\t<div class=\"elementor-element elementor-element-27bd7fa e-flex e-con-boxed e-con e-parent\" data-id=\"27bd7fa\" data-element_type=\"container\" data-e-type=\"container\">\n\t\t\t\t\t<div class=\"e-con-inner\">\n\t\t<div class=\"elementor-element elementor-element-bb4b6bc e-con-full e-flex e-con e-child\" data-id=\"bb4b6bc\" data-element_type=\"container\" data-e-type=\"container\">\n\t\t\t\t<div class=\"elementor-element elementor-element-f79cf20 elementor-widget elementor-widget-gallery\" data-id=\"f79cf20\" data-element_type=\"widget\" data-e-type=\"widget\" data-settings=\"{&quot;columns&quot;:2,&quot;gap&quot;:{&quot;unit&quot;:&quot;px&quot;,&quot;size&quot;:2,&quot;sizes&quot;:[]},&quot;aspect_ratio&quot;:&quot;16:9&quot;,&quot;lazyload&quot;:&quot;yes&quot;,&quot;gallery_layout&quot;:&quot;grid&quot;,&quot;columns_tablet&quot;:2,&quot;columns_mobile&quot;:1,&quot;gap_tablet&quot;:{&quot;unit&quot;:&quot;px&quot;,&quot;size&quot;:10,&quot;sizes&quot;:[]},&quot;gap_mobile&quot;:{&quot;unit&quot;:&quot;px&quot;,&quot;size&quot;:10,&quot;sizes&quot;:[]},&quot;link_to&quot;:&quot;file&quot;,&quot;overlay_background&quot;:&quot;yes&quot;,&quot;content_hover_animation&quot;:&quot;fade-in&quot;}\" data-widget_type=\"gallery.default\">\n\t\t\t\t<div class=\"elementor-widget-container\">\n\t\t\t\t\t\t\t<div class=\"elementor-gallery__container\">\n\t\t\t\t\t\t\t<a class=\"e-gallery-item elementor-gallery-item elementor-animated-content\" href=\"https:\/\/costablanca-magazin.com\/wp-content\/uploads\/2025\/07\/Olivers-Optiker-Albir-4-1.jpg\" data-elementor-open-lightbox=\"yes\" data-elementor-lightbox-slideshow=\"f79cf20\" data-elementor-lightbox-title=\"Olivers Optiker Albir\" data-elementor-lightbox-description=\"Olivers Optiker Albir \" data-e-action-hash=\"#elementor-action%3Aaction%3Dlightbox%26settings%3DeyJpZCI6ODI4NiwidXJsIjoiaHR0cHM6XC9cL2Nvc3RhYmxhbmNhLW1hZ2F6aW4uY29tXC93cC1jb250ZW50XC91cGxvYWRzXC8yMDI1XC8wN1wvT2xpdmVycy1PcHRpa2VyLUFsYmlyLTQtMS5qcGciLCJzbGlkZXNob3ciOiJmNzljZjIwIn0%3D\">\n\t\t\t\t\t<div class=\"e-gallery-image elementor-gallery-item__image\" data-thumbnail=\"https:\/\/costablanca-magazin.com\/wp-content\/uploads\/2025\/07\/Olivers-Optiker-Albir-4-1.jpg\" data-width=\"1200\" data-height=\"1200\" aria-label=\"\u00d3ptica Oliver Albir 7\" role=\"img\" ><\/div>\n\t\t\t\t\t\t\t\t\t\t\t<div class=\"elementor-gallery-item__overlay\"><\/div>\n\t\t\t\t\t\t\t\t\t\t\t\t\t\t<\/a>\n\t\t\t\t\t\t\t<a class=\"e-gallery-item elementor-gallery-item elementor-animated-content\" href=\"https:\/\/costablanca-magazin.com\/wp-content\/uploads\/2025\/07\/Olivers-Optiker-Albir-1-1.jpg\" data-elementor-open-lightbox=\"yes\" data-elementor-lightbox-slideshow=\"f79cf20\" data-elementor-lightbox-title=\"Olivers Optiker Albir\" data-elementor-lightbox-description=\"Olivers Optiker Albir \" data-e-action-hash=\"#elementor-action%3Aaction%3Dlightbox%26settings%3DeyJpZCI6ODI4MywidXJsIjoiaHR0cHM6XC9cL2Nvc3RhYmxhbmNhLW1hZ2F6aW4uY29tXC93cC1jb250ZW50XC91cGxvYWRzXC8yMDI1XC8wN1wvT2xpdmVycy1PcHRpa2VyLUFsYmlyLTEtMS5qcGciLCJzbGlkZXNob3ciOiJmNzljZjIwIn0%3D\">\n\t\t\t\t\t<div class=\"e-gallery-image elementor-gallery-item__image\" data-thumbnail=\"https:\/\/costablanca-magazin.com\/wp-content\/uploads\/2025\/07\/Olivers-Optiker-Albir-1-1.jpg\" data-width=\"1198\" data-height=\"1200\" aria-label=\"\u00d3ptica Oliver Albir 4\" role=\"img\" ><\/div>\n\t\t\t\t\t\t\t\t\t\t\t<div class=\"elementor-gallery-item__overlay\"><\/div>\n\t\t\t\t\t\t\t\t\t\t\t\t\t\t<\/a>\n\t\t\t\t\t\t\t<a class=\"e-gallery-item elementor-gallery-item elementor-animated-content\" href=\"https:\/\/costablanca-magazin.com\/wp-content\/uploads\/2025\/07\/Olivers-Optiker-Albir-4.jpg\" data-elementor-open-lightbox=\"yes\" data-elementor-lightbox-slideshow=\"f79cf20\" data-elementor-lightbox-title=\"Olivers Optiker Albir\" data-elementor-lightbox-description=\"Olivers Optiker Albir \" data-e-action-hash=\"#elementor-action%3Aaction%3Dlightbox%26settings%3DeyJpZCI6ODI4MiwidXJsIjoiaHR0cHM6XC9cL2Nvc3RhYmxhbmNhLW1hZ2F6aW4uY29tXC93cC1jb250ZW50XC91cGxvYWRzXC8yMDI1XC8wN1wvT2xpdmVycy1PcHRpa2VyLUFsYmlyLTQuanBnIiwic2xpZGVzaG93IjoiZjc5Y2YyMCJ9\">\n\t\t\t\t\t<div class=\"e-gallery-image elementor-gallery-item__image\" data-thumbnail=\"https:\/\/costablanca-magazin.com\/wp-content\/uploads\/2025\/07\/Olivers-Optiker-Albir-4.jpg\" data-width=\"1200\" data-height=\"792\" aria-label=\"\u00d3ptica Oliver Albir 3\" role=\"img\" ><\/div>\n\t\t\t\t\t\t\t\t\t\t\t<div class=\"elementor-gallery-item__overlay\"><\/div>\n\t\t\t\t\t\t\t\t\t\t\t\t\t\t<\/a>\n\t\t\t\t\t\t\t<a class=\"e-gallery-item elementor-gallery-item elementor-animated-content\" href=\"https:\/\/costablanca-magazin.com\/wp-content\/uploads\/2025\/07\/Olivers-Optiker-Albir-1.jpg\" data-elementor-open-lightbox=\"yes\" data-elementor-lightbox-slideshow=\"f79cf20\" data-elementor-lightbox-title=\"Olivers Optiker Albir\" data-elementor-lightbox-description=\"Olivers Optiker Albir \" data-e-action-hash=\"#elementor-action%3Aaction%3Dlightbox%26settings%3DeyJpZCI6ODI3OSwidXJsIjoiaHR0cHM6XC9cL2Nvc3RhYmxhbmNhLW1hZ2F6aW4uY29tXC93cC1jb250ZW50XC91cGxvYWRzXC8yMDI1XC8wN1wvT2xpdmVycy1PcHRpa2VyLUFsYmlyLTEuanBnIiwic2xpZGVzaG93IjoiZjc5Y2YyMCJ9\">\n\t\t\t\t\t<div class=\"e-gallery-image elementor-gallery-item__image\" data-thumbnail=\"https:\/\/costablanca-magazin.com\/wp-content\/uploads\/2025\/07\/Olivers-Optiker-Albir-1.jpg\" data-width=\"1200\" data-height=\"500\" aria-label=\"\u00d3ptica Oliver Albir\" role=\"img\" ><\/div>\n\t\t\t\t\t\t\t\t\t\t\t<div class=\"elementor-gallery-item__overlay\"><\/div>\n\t\t\t\t\t\t\t\t\t\t\t\t\t\t<\/a>\n\t\t\t\t\t\t\t<a class=\"e-gallery-item elementor-gallery-item elementor-animated-content\" href=\"https:\/\/costablanca-magazin.com\/wp-content\/uploads\/2025\/07\/Olivers-Optiker-Albir-2.jpg\" data-elementor-open-lightbox=\"yes\" data-elementor-lightbox-slideshow=\"f79cf20\" data-elementor-lightbox-title=\"Olivers Optiker Albir\" data-elementor-lightbox-description=\"Olivers Optiker Albir \" data-e-action-hash=\"#elementor-action%3Aaction%3Dlightbox%26settings%3DeyJpZCI6ODI4MCwidXJsIjoiaHR0cHM6XC9cL2Nvc3RhYmxhbmNhLW1hZ2F6aW4uY29tXC93cC1jb250ZW50XC91cGxvYWRzXC8yMDI1XC8wN1wvT2xpdmVycy1PcHRpa2VyLUFsYmlyLTIuanBnIiwic2xpZGVzaG93IjoiZjc5Y2YyMCJ9\">\n\t\t\t\t\t<div class=\"e-gallery-image elementor-gallery-item__image\" data-thumbnail=\"https:\/\/costablanca-magazin.com\/wp-content\/uploads\/2025\/07\/Olivers-Optiker-Albir-2.jpg\" data-width=\"1200\" data-height=\"621\" aria-label=\"\u00d3ptica Oliver Albir 1\" role=\"img\" ><\/div>\n\t\t\t\t\t\t\t\t\t\t\t<div class=\"elementor-gallery-item__overlay\"><\/div>\n\t\t\t\t\t\t\t\t\t\t\t\t\t\t<\/a>\n\t\t\t\t\t\t\t<a class=\"e-gallery-item elementor-gallery-item elementor-animated-content\" href=\"https:\/\/costablanca-magazin.com\/wp-content\/uploads\/2025\/07\/OpticaOliver.jpg\" data-elementor-open-lightbox=\"yes\" data-elementor-lightbox-slideshow=\"f79cf20\" data-elementor-lightbox-title=\"Olivers Optiker Albir\" data-elementor-lightbox-description=\"Olivers Optiker Albir \" data-e-action-hash=\"#elementor-action%3Aaction%3Dlightbox%26settings%3DeyJpZCI6ODI4OCwidXJsIjoiaHR0cHM6XC9cL2Nvc3RhYmxhbmNhLW1hZ2F6aW4uY29tXC93cC1jb250ZW50XC91cGxvYWRzXC8yMDI1XC8wN1wvT3B0aWNhT2xpdmVyLmpwZyIsInNsaWRlc2hvdyI6ImY3OWNmMjAifQ%3D%3D\">\n\t\t\t\t\t<div class=\"e-gallery-image elementor-gallery-item__image\" data-thumbnail=\"https:\/\/costablanca-magazin.com\/wp-content\/uploads\/2025\/07\/OpticaOliver.jpg\" data-width=\"1200\" data-height=\"793\" aria-label=\"\u00d3ptica Oliver Albir 9\" role=\"img\" ><\/div>\n\t\t\t\t\t\t\t\t\t\t\t<div class=\"elementor-gallery-item__overlay\"><\/div>\n\t\t\t\t\t\t\t\t\t\t\t\t\t\t<\/a>\n\t\t\t\t\t<\/div>\n\t\t\t\t\t<\/div>\n\t\t\t\t<\/div>\n\t\t\t\t<\/div>\n\t\t<div class=\"elementor-element elementor-element-4786054 e-con-full e-flex e-con e-child\" data-id=\"4786054\" data-element_type=\"container\" data-e-type=\"container\">\n\t\t<div class=\"elementor-element elementor-element-679f37e e-con-full e-flex e-con e-child\" data-id=\"679f37e\" data-element_type=\"container\" data-e-type=\"container\">\n\t\t\t\t<div class=\"elementor-element elementor-element-1c2afd5 elementor-widget elementor-widget-heading\" data-id=\"1c2afd5\" data-element_type=\"widget\" data-e-type=\"widget\" data-widget_type=\"heading.default\">\n\t\t\t\t<div class=\"elementor-widget-container\">\n\t\t\t\t\t<h3 class=\"elementor-heading-title elementor-size-default\">\u00d3ptica Oliver <\/h3>\t\t\t\t<\/div>\n\t\t\t\t<\/div>\n\t\t\t\t<div class=\"elementor-element elementor-element-1b4bd51 elementor-widget elementor-widget-text-editor\" data-id=\"1b4bd51\" data-element_type=\"widget\" data-e-type=\"widget\" data-widget_type=\"text-editor.default\">\n\t\t\t\t<div class=\"elementor-widget-container\">\n\t\t\t\t\t\t\t\t\t<p><strong>Avda. \u00d3scar Espl\u00e1, 7 - 03581 El Albir <\/strong><br \/><strong>(Alfaz del Pi, Alicante)<\/strong><br \/><strong>Tel. +34 966 864 563\u00a0<\/strong><\/p>\t\t\t\t\t\t\t\t<\/div>\n\t\t\t\t<\/div>\n\t\t\t\t<div class=\"elementor-element elementor-element-0646478 elementor-widget elementor-widget-text-editor\" data-id=\"0646478\" data-element_type=\"widget\" data-e-type=\"widget\" data-widget_type=\"text-editor.default\">\n\t\t\t\t<div class=\"elementor-widget-container\">\n\t\t\t\t\t\t\t\t\t<p><strong><a href=\"https:\/\/www.oliversoptica.es\" target=\"_blank\" rel=\"noopener\">www.oliversoptica.es<\/a><\/strong><\/p>\t\t\t\t\t\t\t\t<\/div>\n\t\t\t\t<\/div>\n\t\t\t\t<\/div>\n\t\t<div class=\"elementor-element elementor-element-7c329ae e-con-full e-flex e-con e-child\" data-id=\"7c329ae\" data-element_type=\"container\" data-e-type=\"container\">\n\t\t\t\t<div class=\"elementor-element elementor-element-2441c3f elementor-widget elementor-widget-google_maps\" data-id=\"2441c3f\" data-element_type=\"widget\" data-e-type=\"widget\" data-widget_type=\"google_maps.default\">\n\t\t\t\t<div class=\"elementor-widget-container\">\n\t\t\t\t\t\t\t<div class=\"elementor-custom-embed\">\n\t\t\t<iframe loading=\"lazy\"\n\t\t\t\t\tsrc=\"https:\/\/maps.google.com\/maps?q=oLIVER%20oPTICA%2C%20Avda.%20%C3%93scar%20Espl%C3%A1%2C%207%20-%2003581%20El%20Albir%20%20%28Alfaz%20del%20Pi%2C%20Alicante%29&#038;t=m&#038;z=10&#038;output=embed&#038;iwloc=near\"\n\t\t\t\t\ttitle=\"oLIVER oPTICA, Avda. \u00d3scar Espl\u00e1, 7 - 03581 El Albir (Alfaz del Pi, Alicante)\"\n\t\t\t\t\taria-label=\"oLIVER oPTICA, Avda. \u00d3scar Espl\u00e1, 7 - 03581 El Albir (Alfaz del Pi, Alicante)\"\n\t\t\t><\/iframe>\n\t\t<\/div>\n\t\t\t\t\t\t<\/div>\n\t\t\t\t<\/div>\n\t\t\t\t<\/div>\n\t\t\t\t<\/div>\n\t\t\t\t\t<\/div>\n\t\t\t\t<\/div>\n\t\t\t\t<\/div>","protected":false},"excerpt":{"rendered":"<p>Oliver\u2019s Optica \u2013 Sehgenuss trifft Stilkompetenz Jetzt 50% auf ausgew\u00e4hlte Luxus-Sonnenbrillen sichern Wer sagt, dass gutes Sehen und gro\u00dfartiger Stil nicht zusammenpassen? Bei Oliver\u2019s Optica in El Albir zeigt sich t\u00e4glich das Gegenteil. In der eleganten Boutique an der Avda. \u00d3scar Espl\u00e1 7 dreht sich alles um Qualit\u00e4t, Pr\u00e4zision \u2013 und um Brillen, die man [&hellip;]<\/p>\n","protected":false},"author":5,"featured_media":8289,"comment_status":"closed","ping_status":"closed","sticky":false,"template":"elementor_header_footer","format":"standard","meta":{"footnotes":""},"categories":[982],"tags":[1780],"class_list":["post-8276","post","type-post","status-publish","format-standard","has-post-thumbnail","hentry","category-business-service","tag-unternehmen-costa-blanca"],"aioseo_notices":[],"aioseo_head":"\n\t\t<!-- All in One SEO Pro 5.0.1.1 - aioseo.com -->\n\t<meta name=\"description\" content=\"Jetzt 50% auf ausgew\u00e4hlte Luxus-Sonnenbrillen sichern - Oliver\u2019s Optica - Avda. \u00d3scar Espl\u00e1, 7, 03581 El Albir (Alfaz del Pi, Alicante)\u2026\" \/>\n\t<meta name=\"robots\" content=\"max-snippet:-1, max-image-preview:large, max-video-preview:-1\" \/>\n\t<meta name=\"author\" content=\"Brandet Content\"\/>\n\t<link rel=\"canonical\" href=\"https:\/\/costablanca-magazin.com\/es\/lokales\/business-service\/olivers-optica-sehgenuss-trifft-stilkompetenz\/\" \/>\n\t<meta name=\"generator\" content=\"All in One SEO Pro (AIOSEO) 5.0.1.1\" \/>\n\t\t<meta property=\"og:locale\" content=\"es_ES\" \/>\n\t\t<meta property=\"og:site_name\" content=\"Costa Blanca Magazin\" \/>\n\t\t<meta property=\"og:type\" content=\"article\" \/>\n\t\t<meta property=\"og:title\" content=\"Oliver\u2019s Optica \u2013 Sehgenuss trifft Stilkompetenz\" \/>\n\t\t<meta property=\"og:description\" content=\"Jetzt 50% auf ausgew\u00e4hlte Luxus-Sonnenbrillen sichern - Oliver\u2019s Optica - Avda. \u00d3scar Espl\u00e1, 7, 03581 El Albir (Alfaz del Pi, Alicante)\u2026\" \/>\n\t\t<meta property=\"og:url\" content=\"https:\/\/costablanca-magazin.com\/es\/lokales\/business-service\/olivers-optica-sehgenuss-trifft-stilkompetenz\/\" \/>\n\t\t<meta property=\"og:image\" content=\"https:\/\/costablanca-magazin.com\/wp-content\/uploads\/2025\/07\/OpticaOliver1.jpg\" \/>\n\t\t<meta property=\"og:image:secure_url\" content=\"https:\/\/costablanca-magazin.com\/wp-content\/uploads\/2025\/07\/OpticaOliver1.jpg\" \/>\n\t\t<meta property=\"og:image:width\" content=\"801\" \/>\n\t\t<meta property=\"og:image:height\" content=\"1200\" \/>\n\t\t<meta property=\"article:published_time\" content=\"2025-07-27T07:00:00+00:00\" \/>\n\t\t<meta property=\"article:modified_time\" content=\"2026-07-07T07:57:55+00:00\" \/>\n\t\t<meta property=\"article:publisher\" content=\"https:\/\/www.facebook.com\/costablancalifestyle\/\" \/>\n\t\t<meta name=\"twitter:card\" content=\"summary_large_image\" \/>\n\t\t<meta name=\"twitter:title\" content=\"Oliver\u2019s Optica \u2013 Sehgenuss trifft Stilkompetenz\" \/>\n\t\t<meta name=\"twitter:description\" content=\"Jetzt 50% auf ausgew\u00e4hlte Luxus-Sonnenbrillen sichern - Oliver\u2019s Optica - Avda. \u00d3scar Espl\u00e1, 7, 03581 El Albir (Alfaz del Pi, Alicante)\u2026\" \/>\n\t\t<meta name=\"twitter:image\" content=\"https:\/\/costablanca-magazin.com\/wp-content\/uploads\/2025\/07\/OpticaOliver1.jpg\" \/>\n\t\t<script type=\"application\/ld+json\" class=\"aioseo-schema\">\n\t\t\t{\"@context\":\"https:\\\/\\\/schema.org\",\"@graph\":[{\"@type\":\"BreadcrumbList\",\"@id\":\"https:\\\/\\\/costablanca-magazin.com\\\/es\\\/lokales\\\/business-service\\\/olivers-optica-sehgenuss-trifft-stilkompetenz\\\/#breadcrumblist\",\"itemListElement\":[{\"@type\":\"ListItem\",\"@id\":\"https:\\\/\\\/costablanca-magazin.com\\\/es#listItem\",\"position\":1,\"name\":\"Home\",\"item\":\"https:\\\/\\\/costablanca-magazin.com\\\/es\",\"nextItem\":{\"@type\":\"ListItem\",\"@id\":\"https:\\\/\\\/costablanca-magazin.com\\\/es\\\/local\\\/#listItem\",\"name\":\"Lokales\"}},{\"@type\":\"ListItem\",\"@id\":\"https:\\\/\\\/costablanca-magazin.com\\\/es\\\/local\\\/#listItem\",\"position\":2,\"name\":\"Lokales\",\"item\":\"https:\\\/\\\/costablanca-magazin.com\\\/es\\\/local\\\/\",\"nextItem\":{\"@type\":\"ListItem\",\"@id\":\"https:\\\/\\\/costablanca-magazin.com\\\/es\\\/servicio-empresarial\\\/#listItem\",\"name\":\"Business &amp; Service\"},\"previousItem\":{\"@type\":\"ListItem\",\"@id\":\"https:\\\/\\\/costablanca-magazin.com\\\/es#listItem\",\"name\":\"Home\"}},{\"@type\":\"ListItem\",\"@id\":\"https:\\\/\\\/costablanca-magazin.com\\\/es\\\/servicio-empresarial\\\/#listItem\",\"position\":3,\"name\":\"Business &amp; Service\",\"item\":\"https:\\\/\\\/costablanca-magazin.com\\\/es\\\/servicio-empresarial\\\/\",\"nextItem\":{\"@type\":\"ListItem\",\"@id\":\"https:\\\/\\\/costablanca-magazin.com\\\/es\\\/lokales\\\/business-service\\\/olivers-optica-sehgenuss-trifft-stilkompetenz\\\/#listItem\",\"name\":\"Oliver\\u2019s Optica \\u2013 Sehgenuss trifft Stilkompetenz\"},\"previousItem\":{\"@type\":\"ListItem\",\"@id\":\"https:\\\/\\\/costablanca-magazin.com\\\/es\\\/local\\\/#listItem\",\"name\":\"Lokales\"}},{\"@type\":\"ListItem\",\"@id\":\"https:\\\/\\\/costablanca-magazin.com\\\/es\\\/lokales\\\/business-service\\\/olivers-optica-sehgenuss-trifft-stilkompetenz\\\/#listItem\",\"position\":4,\"name\":\"Oliver\\u2019s Optica \\u2013 Sehgenuss trifft Stilkompetenz\",\"previousItem\":{\"@type\":\"ListItem\",\"@id\":\"https:\\\/\\\/costablanca-magazin.com\\\/es\\\/servicio-empresarial\\\/#listItem\",\"name\":\"Business &amp; Service\"}}]},{\"@type\":\"NewsArticle\",\"@id\":\"https:\\\/\\\/costablanca-magazin.com\\\/es\\\/lokales\\\/business-service\\\/olivers-optica-sehgenuss-trifft-stilkompetenz\\\/#article\",\"name\":\"Oliver\\u2019s Optica \\u2013 Sehgenuss trifft Stilkompetenz\",\"headline\":\"Oliver\\u2019s Optica \\u2013 Sehgenuss trifft Stilkompetenz\",\"author\":{\"@id\":\"https:\\\/\\\/costablanca-magazin.com\\\/es\\\/author\\\/brandet\\\/#author\"},\"publisher\":{\"@id\":\"https:\\\/\\\/costablanca-magazin.com\\\/es\\\/#organization\"},\"image\":{\"@type\":\"ImageObject\",\"url\":\"https:\\\/\\\/costablanca-magazin.com\\\/wp-content\\\/uploads\\\/2025\\\/07\\\/OpticaOliver1.jpg\",\"width\":801,\"height\":1200,\"caption\":\"Oliver\\u2019s Optica \\u2013 Sehgenuss trifft Stilkompetenz\"},\"datePublished\":\"2025-07-27T09:00:00+02:00\",\"dateModified\":\"2026-07-07T09:57:55+02:00\",\"inLanguage\":\"es-ES\",\"mainEntityOfPage\":{\"@id\":\"https:\\\/\\\/costablanca-magazin.com\\\/es\\\/lokales\\\/business-service\\\/olivers-optica-sehgenuss-trifft-stilkompetenz\\\/#webpage\"},\"isPartOf\":{\"@id\":\"https:\\\/\\\/costablanca-magazin.com\\\/es\\\/lokales\\\/business-service\\\/olivers-optica-sehgenuss-trifft-stilkompetenz\\\/#webpage\"},\"articleSection\":\"Business &amp; Service, Unternehmen Costa Blanca\"},{\"@type\":\"Person\",\"@id\":\"https:\\\/\\\/costablanca-magazin.com\\\/es\\\/author\\\/brandet\\\/#author\",\"url\":\"https:\\\/\\\/costablanca-magazin.com\\\/es\\\/author\\\/brandet\\\/\",\"name\":\"Brandet Content\",\"description\":\"Dieser Beitrag wurde im Auftrag eines Kunden ver\\u00f6ffentlicht und ist als Kunden-PR \\\/ Branded Content gekennzeichnet.\",\"jobTitle\":\"Dieser Beitrag wurde im Auftrag eines Kunden ver\\u00f6ffentlicht und ist als Kunden-PR \\\/ Branded Content gekennzeichnet.\"},{\"@type\":\"WebPage\",\"@id\":\"https:\\\/\\\/costablanca-magazin.com\\\/es\\\/lokales\\\/business-service\\\/olivers-optica-sehgenuss-trifft-stilkompetenz\\\/#webpage\",\"url\":\"https:\\\/\\\/costablanca-magazin.com\\\/es\\\/lokales\\\/business-service\\\/olivers-optica-sehgenuss-trifft-stilkompetenz\\\/\",\"name\":\"Oliver\\u2019s Optica \\u2013 Sehgenuss trifft Stilkompetenz\",\"description\":\"Jetzt 50% auf ausgew\\u00e4hlte Luxus-Sonnenbrillen sichern - Oliver\\u2019s Optica - Avda. \\u00d3scar Espl\\u00e1, 7, 03581 El Albir (Alfaz del Pi, Alicante)\\u2026\",\"inLanguage\":\"es-ES\",\"isPartOf\":{\"@id\":\"https:\\\/\\\/costablanca-magazin.com\\\/es\\\/#website\"},\"breadcrumb\":{\"@id\":\"https:\\\/\\\/costablanca-magazin.com\\\/es\\\/lokales\\\/business-service\\\/olivers-optica-sehgenuss-trifft-stilkompetenz\\\/#breadcrumblist\"},\"author\":{\"@id\":\"https:\\\/\\\/costablanca-magazin.com\\\/es\\\/author\\\/brandet\\\/#author\"},\"creator\":{\"@id\":\"https:\\\/\\\/costablanca-magazin.com\\\/es\\\/author\\\/brandet\\\/#author\"},\"image\":{\"@type\":\"ImageObject\",\"url\":\"https:\\\/\\\/costablanca-magazin.com\\\/wp-content\\\/uploads\\\/2025\\\/07\\\/OpticaOliver1.jpg\",\"@id\":\"https:\\\/\\\/costablanca-magazin.com\\\/es\\\/lokales\\\/business-service\\\/olivers-optica-sehgenuss-trifft-stilkompetenz\\\/#mainImage\",\"width\":801,\"height\":1200,\"caption\":\"Oliver\\u2019s Optica \\u2013 Sehgenuss trifft Stilkompetenz\"},\"primaryImageOfPage\":{\"@id\":\"https:\\\/\\\/costablanca-magazin.com\\\/es\\\/lokales\\\/business-service\\\/olivers-optica-sehgenuss-trifft-stilkompetenz\\\/#mainImage\"},\"datePublished\":\"2025-07-27T09:00:00+02:00\",\"dateModified\":\"2026-07-07T09:57:55+02:00\",\"mainEntity\":{\"@id\":\"https:\\\/\\\/costablanca-magazin.com\\\/es\\\/lokales\\\/business-service\\\/olivers-optica-sehgenuss-trifft-stilkompetenz\\\/#article\"}},{\"@type\":\"WebSite\",\"@id\":\"https:\\\/\\\/costablanca-magazin.com\\\/es\\\/#website\",\"url\":\"https:\\\/\\\/costablanca-magazin.com\\\/es\\\/\",\"name\":\"Costa Blanca Magazin\",\"description\":\"Costa Blanca - alles um das Leben und die Freizeit an der K\\u00fcste\",\"inLanguage\":\"es-ES\",\"publisher\":{\"@id\":\"https:\\\/\\\/costablanca-magazin.com\\\/es\\\/#organization\"},\"potentialAction\":{\"@type\":\"SearchAction\",\"target\":\"https:\\\/\\\/costablanca-magazin.com\\\/es\\\/?s={search_term_string}\",\"query-input\":\"required name=search_term_string\"}},{\"@type\":[\"Organization\",\"NewsMediaOrganization\"],\"@id\":\"https:\\\/\\\/costablanca-magazin.com\\\/es\\\/#organization\",\"name\":\"Costa Blanca Magazin\",\"description\":\"Costa Blanca Magazin\",\"url\":\"https:\\\/\\\/costablanca-magazin.com\\\/es\\\/\",\"email\":\"info@costablanca-magazin.com\",\"telephone\":\"+34 663 946 871\",\"logo\":{\"@type\":\"ImageObject\",\"url\":\"https:\\\/\\\/costablanca-magazin.com\\\/wp-content\\\/uploads\\\/2024\\\/05\\\/logo.jpg\",\"@id\":\"https:\\\/\\\/costablanca-magazin.com\\\/es\\\/lokales\\\/business-service\\\/olivers-optica-sehgenuss-trifft-stilkompetenz\\\/#organizationLogo\",\"width\":1605,\"height\":236,\"caption\":\"Costa Blanca Magazin\"},\"image\":{\"@id\":\"https:\\\/\\\/costablanca-magazin.com\\\/es\\\/lokales\\\/business-service\\\/olivers-optica-sehgenuss-trifft-stilkompetenz\\\/#organizationLogo\"},\"sameAs\":[\"https:\\\/\\\/www.facebook.com\\\/costablancalifestyle\\\/\",\"https:\\\/\\\/www.instagram.com\\\/costablancamagazin\\\/\"]}]}\n\t\t<\/script>\n\t\t<!-- All in One SEO Pro -->\r\n\t\t<title>Oliver\u2019s Optica \u2013 Sehgenuss trifft Stilkompetenz<\/title>\n\n","aioseo_head_json":{"title":"Oliver's Optica: el placer visual se une a la experiencia en estilo","description":"Consigue ahora 50% en gafas de sol de lujo seleccionadas - Oliver's Optica - Avda. \u00d3scar Espl\u00e1, 7, 03581 El Albir (Alfaz del Pi, Alicante)...","canonical_url":"https:\/\/costablanca-magazin.com\/es\/lokales\/business-service\/olivers-optica-sehgenuss-trifft-stilkompetenz\/","robots":"max-snippet:-1, max-image-preview:large, max-video-preview:-1","keywords":"","webmasterTools":{"miscellaneous":""},"schema":{"@context":"https:\/\/schema.org","@graph":[{"@type":"BreadcrumbList","@id":"https:\/\/costablanca-magazin.com\/es\/lokales\/business-service\/olivers-optica-sehgenuss-trifft-stilkompetenz\/#breadcrumblist","itemListElement":[{"@type":"ListItem","@id":"https:\/\/costablanca-magazin.com\/es#listItem","position":1,"name":"Home","item":"https:\/\/costablanca-magazin.com\/es","nextItem":{"@type":"ListItem","@id":"https:\/\/costablanca-magazin.com\/es\/local\/#listItem","name":"Lokales"}},{"@type":"ListItem","@id":"https:\/\/costablanca-magazin.com\/es\/local\/#listItem","position":2,"name":"Lokales","item":"https:\/\/costablanca-magazin.com\/es\/local\/","nextItem":{"@type":"ListItem","@id":"https:\/\/costablanca-magazin.com\/es\/servicio-empresarial\/#listItem","name":"Business &amp; Service"},"previousItem":{"@type":"ListItem","@id":"https:\/\/costablanca-magazin.com\/es#listItem","name":"Home"}},{"@type":"ListItem","@id":"https:\/\/costablanca-magazin.com\/es\/servicio-empresarial\/#listItem","position":3,"name":"Business &amp; Service","item":"https:\/\/costablanca-magazin.com\/es\/servicio-empresarial\/","nextItem":{"@type":"ListItem","@id":"https:\/\/costablanca-magazin.com\/es\/lokales\/business-service\/olivers-optica-sehgenuss-trifft-stilkompetenz\/#listItem","name":"Oliver\u2019s Optica \u2013 Sehgenuss trifft Stilkompetenz"},"previousItem":{"@type":"ListItem","@id":"https:\/\/costablanca-magazin.com\/es\/local\/#listItem","name":"Lokales"}},{"@type":"ListItem","@id":"https:\/\/costablanca-magazin.com\/es\/lokales\/business-service\/olivers-optica-sehgenuss-trifft-stilkompetenz\/#listItem","position":4,"name":"Oliver\u2019s Optica \u2013 Sehgenuss trifft Stilkompetenz","previousItem":{"@type":"ListItem","@id":"https:\/\/costablanca-magazin.com\/es\/servicio-empresarial\/#listItem","name":"Business &amp; Service"}}]},{"@type":"NewsArticle","@id":"https:\/\/costablanca-magazin.com\/es\/lokales\/business-service\/olivers-optica-sehgenuss-trifft-stilkompetenz\/#article","name":"Oliver\u2019s Optica \u2013 Sehgenuss trifft Stilkompetenz","headline":"Oliver\u2019s Optica \u2013 Sehgenuss trifft Stilkompetenz","author":{"@id":"https:\/\/costablanca-magazin.com\/es\/author\/brandet\/#author"},"publisher":{"@id":"https:\/\/costablanca-magazin.com\/es\/#organization"},"image":{"@type":"ImageObject","url":"https:\/\/costablanca-magazin.com\/wp-content\/uploads\/2025\/07\/OpticaOliver1.jpg","width":801,"height":1200,"caption":"Oliver\u2019s Optica \u2013 Sehgenuss trifft Stilkompetenz"},"datePublished":"2025-07-27T09:00:00+02:00","dateModified":"2026-07-07T09:57:55+02:00","inLanguage":"es-ES","mainEntityOfPage":{"@id":"https:\/\/costablanca-magazin.com\/es\/lokales\/business-service\/olivers-optica-sehgenuss-trifft-stilkompetenz\/#webpage"},"isPartOf":{"@id":"https:\/\/costablanca-magazin.com\/es\/lokales\/business-service\/olivers-optica-sehgenuss-trifft-stilkompetenz\/#webpage"},"articleSection":"Business &amp; Service, Unternehmen Costa Blanca"},{"@type":"Person","@id":"https:\/\/costablanca-magazin.com\/es\/author\/brandet\/#author","url":"https:\/\/costablanca-magazin.com\/es\/author\/brandet\/","name":"Brandet Content","description":"Dieser Beitrag wurde im Auftrag eines Kunden ver\u00f6ffentlicht und ist als Kunden-PR \/ Branded Content gekennzeichnet.","jobTitle":"Dieser Beitrag wurde im Auftrag eines Kunden ver\u00f6ffentlicht und ist als Kunden-PR \/ Branded Content gekennzeichnet."},{"@type":"WebPage","@id":"https:\/\/costablanca-magazin.com\/es\/lokales\/business-service\/olivers-optica-sehgenuss-trifft-stilkompetenz\/#webpage","url":"https:\/\/costablanca-magazin.com\/es\/lokales\/business-service\/olivers-optica-sehgenuss-trifft-stilkompetenz\/","name":"Oliver\u2019s Optica \u2013 Sehgenuss trifft Stilkompetenz","description":"Jetzt 50% auf ausgew\u00e4hlte Luxus-Sonnenbrillen sichern - Oliver\u2019s Optica - Avda. \u00d3scar Espl\u00e1, 7, 03581 El Albir (Alfaz del Pi, Alicante)\u2026","inLanguage":"es-ES","isPartOf":{"@id":"https:\/\/costablanca-magazin.com\/es\/#website"},"breadcrumb":{"@id":"https:\/\/costablanca-magazin.com\/es\/lokales\/business-service\/olivers-optica-sehgenuss-trifft-stilkompetenz\/#breadcrumblist"},"author":{"@id":"https:\/\/costablanca-magazin.com\/es\/author\/brandet\/#author"},"creator":{"@id":"https:\/\/costablanca-magazin.com\/es\/author\/brandet\/#author"},"image":{"@type":"ImageObject","url":"https:\/\/costablanca-magazin.com\/wp-content\/uploads\/2025\/07\/OpticaOliver1.jpg","@id":"https:\/\/costablanca-magazin.com\/es\/lokales\/business-service\/olivers-optica-sehgenuss-trifft-stilkompetenz\/#mainImage","width":801,"height":1200,"caption":"Oliver\u2019s Optica \u2013 Sehgenuss trifft Stilkompetenz"},"primaryImageOfPage":{"@id":"https:\/\/costablanca-magazin.com\/es\/lokales\/business-service\/olivers-optica-sehgenuss-trifft-stilkompetenz\/#mainImage"},"datePublished":"2025-07-27T09:00:00+02:00","dateModified":"2026-07-07T09:57:55+02:00","mainEntity":{"@id":"https:\/\/costablanca-magazin.com\/es\/lokales\/business-service\/olivers-optica-sehgenuss-trifft-stilkompetenz\/#article"}},{"@type":"WebSite","@id":"https:\/\/costablanca-magazin.com\/es\/#website","url":"https:\/\/costablanca-magazin.com\/es\/","name":"Costa Blanca Magazin","description":"Costa Blanca - alles um das Leben und die Freizeit an der K\u00fcste","inLanguage":"es-ES","publisher":{"@id":"https:\/\/costablanca-magazin.com\/es\/#organization"},"potentialAction":{"@type":"SearchAction","target":"https:\/\/costablanca-magazin.com\/es\/?s={search_term_string}","query-input":"required name=search_term_string"}},{"@type":["Organization","NewsMediaOrganization"],"@id":"https:\/\/costablanca-magazin.com\/es\/#organization","name":"Costa Blanca Magazin","description":"Costa Blanca Magazin","url":"https:\/\/costablanca-magazin.com\/es\/","email":"info@costablanca-magazin.com","telephone":"+34 663 946 871","logo":{"@type":"ImageObject","url":"https:\/\/costablanca-magazin.com\/wp-content\/uploads\/2024\/05\/logo.jpg","@id":"https:\/\/costablanca-magazin.com\/es\/lokales\/business-service\/olivers-optica-sehgenuss-trifft-stilkompetenz\/#organizationLogo","width":1605,"height":236,"caption":"Costa Blanca Magazin"},"image":{"@id":"https:\/\/costablanca-magazin.com\/es\/lokales\/business-service\/olivers-optica-sehgenuss-trifft-stilkompetenz\/#organizationLogo"},"sameAs":["https:\/\/www.facebook.com\/costablancalifestyle\/","https:\/\/www.instagram.com\/costablancamagazin\/"]}]},"og:locale":"es_ES","og:site_name":"Costa Blanca Magazin","og:type":"article","og:title":"Oliver\u2019s Optica \u2013 Sehgenuss trifft Stilkompetenz","og:description":"Jetzt 50% auf ausgew\u00e4hlte Luxus-Sonnenbrillen sichern - Oliver\u2019s Optica - Avda. \u00d3scar Espl\u00e1, 7, 03581 El Albir (Alfaz del Pi, Alicante)\u2026","og:url":"https:\/\/costablanca-magazin.com\/es\/lokales\/business-service\/olivers-optica-sehgenuss-trifft-stilkompetenz\/","og:image":"https:\/\/costablanca-magazin.com\/wp-content\/uploads\/2025\/07\/OpticaOliver1.jpg","og:image:secure_url":"https:\/\/costablanca-magazin.com\/wp-content\/uploads\/2025\/07\/OpticaOliver1.jpg","og:image:width":801,"og:image:height":1200,"article:published_time":"2025-07-27T07:00:00+00:00","article:modified_time":"2026-07-07T07:57:55+00:00","article:publisher":"https:\/\/www.facebook.com\/costablancalifestyle\/","twitter:card":"summary_large_image","twitter:title":"Oliver\u2019s Optica \u2013 Sehgenuss trifft Stilkompetenz","twitter:description":"Jetzt 50% auf ausgew\u00e4hlte Luxus-Sonnenbrillen sichern - Oliver\u2019s Optica - Avda. \u00d3scar Espl\u00e1, 7, 03581 El Albir (Alfaz del Pi, Alicante)\u2026","twitter:image":"https:\/\/costablanca-magazin.com\/wp-content\/uploads\/2025\/07\/OpticaOliver1.jpg"},"aioseo_meta_data":{"post_id":"8276","title":"Oliver's Optica: el placer visual se une a la experiencia en estilo","description":"Consigue ahora 50% en gafas de sol de lujo seleccionadas - Oliver's Optica - Avda. \u00d3scar Espl\u00e1, 7, 03581 El Albir (Alfaz del Pi, Alicante)...","keywords":null,"keyphrases":{"focus":[],"additional":[]},"primary_term":null,"canonical_url":null,"og_title":null,"og_description":null,"og_object_type":"default","og_image_type":"default","og_image_url":null,"og_image_width":null,"og_image_height":null,"og_image_custom_url":null,"og_image_custom_fields":null,"og_video":"","og_custom_url":null,"og_article_section":null,"og_article_tags":null,"twitter_use_og":false,"twitter_card":"default","twitter_image_type":"default","twitter_image_url":null,"twitter_image_custom_url":null,"twitter_image_custom_fields":null,"twitter_title":null,"twitter_description":null,"schema":{"blockGraphs":[],"customGraphs":[],"default":{"data":{"Article":[],"Course":[],"Dataset":[],"FAQPage":[],"Movie":[],"Person":[],"Product":[],"ProductReview":[],"Car":[],"Recipe":[],"Service":[],"SoftwareApplication":[],"WebPage":[]},"graphName":"BlogPosting","isEnabled":true},"graphs":[]},"schema_type":"default","schema_type_options":null,"pillar_content":false,"robots_default":true,"robots_noindex":false,"robots_noarchive":false,"robots_nosnippet":false,"robots_nofollow":false,"robots_noimageindex":false,"robots_noodp":false,"robots_notranslate":false,"robots_max_snippet":"-1","robots_max_videopreview":"-1","robots_max_imagepreview":"large","priority":null,"frequency":"default","local_seo":null,"seo_analyzer_scan_date":"2026-07-07 08:20:07","breadcrumb_settings":null,"limit_modified_date":false,"reviewed_by":null,"open_ai":null,"ai":{"faqs":[],"keyPoints":[],"titles":[],"descriptions":[],"socialPosts":{"email":[],"linkedin":[],"twitter":[],"facebook":[],"instagram":[]}},"created":"2025-07-26 11:57:42","updated":"2026-08-10 07:29:49","focus_keyword":null,"additional_keywords":null,"truseo_locale":null},"aioseo_breadcrumb":"<div class=\"aioseo-breadcrumbs\"><span class=\"aioseo-breadcrumb\">\n\t<a href=\"https:\/\/costablanca-magazin.com\/es\" title=\"Home\">Home<\/a>\n<\/span><span class=\"aioseo-breadcrumb-separator\">&raquo;<\/span><span class=\"aioseo-breadcrumb\">\n\t<a href=\"https:\/\/costablanca-magazin.com\/es\/local\/\" title=\"Lokales\">Lokales<\/a>\n<\/span><span class=\"aioseo-breadcrumb-separator\">&raquo;<\/span><span class=\"aioseo-breadcrumb\">\n\t<a href=\"https:\/\/costablanca-magazin.com\/es\/servicio-empresarial\/\" title=\"Business &amp; Service\">Business &amp; Service<\/a>\n<\/span><span class=\"aioseo-breadcrumb-separator\">&raquo;<\/span><span class=\"aioseo-breadcrumb\">\n\tOliver\u2019s Optica \u2013 Sehgenuss trifft Stilkompetenz\n<\/span><\/div>","aioseo_breadcrumb_json":[{"label":"Home","link":"https:\/\/costablanca-magazin.com\/es"},{"label":"Lokales","link":"https:\/\/costablanca-magazin.com\/es\/local\/"},{"label":"Business &amp; Service","link":"https:\/\/costablanca-magazin.com\/es\/servicio-empresarial\/"},{"label":"Oliver\u2019s Optica \u2013 Sehgenuss trifft Stilkompetenz","link":"https:\/\/costablanca-magazin.com\/es\/lokales\/business-service\/olivers-optica-sehgenuss-trifft-stilkompetenz\/"}],"_links":{"self":[{"href":"https:\/\/costablanca-magazin.com\/es\/wp-json\/wp\/v2\/posts\/8276","targetHints":{"allow":["GET"]}}],"collection":[{"href":"https:\/\/costablanca-magazin.com\/es\/wp-json\/wp\/v2\/posts"}],"about":[{"href":"https:\/\/costablanca-magazin.com\/es\/wp-json\/wp\/v2\/types\/post"}],"author":[{"embeddable":true,"href":"https:\/\/costablanca-magazin.com\/es\/wp-json\/wp\/v2\/users\/5"}],"replies":[{"embeddable":true,"href":"https:\/\/costablanca-magazin.com\/es\/wp-json\/wp\/v2\/comments?post=8276"}],"version-history":[{"count":16,"href":"https:\/\/costablanca-magazin.com\/es\/wp-json\/wp\/v2\/posts\/8276\/revisions"}],"predecessor-version":[{"id":11117,"href":"https:\/\/costablanca-magazin.com\/es\/wp-json\/wp\/v2\/posts\/8276\/revisions\/11117"}],"wp:featuredmedia":[{"embeddable":true,"href":"https:\/\/costablanca-magazin.com\/es\/wp-json\/wp\/v2\/media\/8289"}],"wp:attachment":[{"href":"https:\/\/costablanca-magazin.com\/es\/wp-json\/wp\/v2\/media?parent=8276"}],"wp:term":[{"taxonomy":"category","embeddable":true,"href":"https:\/\/costablanca-magazin.com\/es\/wp-json\/wp\/v2\/categories?post=8276"},{"taxonomy":"post_tag","embeddable":true,"href":"https:\/\/costablanca-magazin.com\/es\/wp-json\/wp\/v2\/tags?post=8276"}],"curies":[{"name":"wp","href":"https:\/\/api.w.org\/{rel}","templated":true}]}}