{"id":8144,"date":"2025-07-22T09:31:00","date_gmt":"2025-07-22T07:31:00","guid":{"rendered":"https:\/\/costablanca-magazin.com\/?p=8144"},"modified":"2025-12-04T12:28:01","modified_gmt":"2025-12-04T11:28:01","slug":"precios-inmobiliarios-en-la-costa-blanca-el-mercado-de-segunda-mano-bate-records","status":"publish","type":"post","link":"https:\/\/costablanca-magazin.com\/es\/immobilien\/service-recht\/immobilienpreise-costa-blanca-gebrauchtmarkt-auf-rekordkurs\/","title":{"rendered":"Precios inmobiliarios Costa Blanca - mercado de segunda mano en rumbo r\u00e9cord"},"content":{"rendered":"<div data-elementor-type=\"wp-post\" data-elementor-id=\"8144\" class=\"elementor elementor-8144\" data-elementor-post-type=\"post\">\n\t\t\t\t<div class=\"elementor-element elementor-element-5a5c9fc e-flex e-con-boxed e-con e-parent\" data-id=\"5a5c9fc\" data-element_type=\"container\" data-e-type=\"container\">\n\t\t\t\t\t<div class=\"e-con-inner\">\n\t\t\t\t<div class=\"elementor-element elementor-element-14e43a3 elementor-widget elementor-widget-heading\" data-id=\"14e43a3\" data-element_type=\"widget\" data-e-type=\"widget\" data-widget_type=\"heading.default\">\n\t\t\t\t<div class=\"elementor-widget-container\">\n\t\t\t\t\t<h1 class=\"elementor-heading-title elementor-size-default\">Precios de la vivienda en la Costa Blanca -\nMercado de segunda mano\nen curso r\u00e9cord<\/h1>\t\t\t\t<\/div>\n\t\t\t\t<\/div>\n\t\t\t\t<div class=\"elementor-element elementor-element-db2b6b1 elementor-widget elementor-widget-image\" data-id=\"db2b6b1\" data-element_type=\"widget\" data-e-type=\"widget\" data-widget_type=\"image.default\">\n\t\t\t\t<div class=\"elementor-widget-container\">\n\t\t\t\t\t\t\t\t\t\t\t\t\t\t\t<img decoding=\"async\" src=\"https:\/\/costablanca-magazin.com\/wp-content\/uploads\/elementor\/thumbs\/alicante-city-panoramic-aerial-view-2025-01-08-09-07-44-utc-scaled-rjc5f1xdzwc8wbyq3ygc2i8en3lf28xg9is606snu4.jpg\" title=\"Precios de la vivienda en la Costa Blanca: el mercado de segunda mano sigue una trayectoria r\u00e9cord\" alt=\"Precios inmobiliarios en la Costa Blanca: el mercado de segunda mano bate r\u00e9cords\" loading=\"lazy\" \/>\t\t\t\t\t\t\t\t\t\t\t\t\t\t\t<\/div>\n\t\t\t\t<\/div>\n\t\t\t\t<div class=\"elementor-element elementor-element-216be8b elementor-widget elementor-widget-heading\" data-id=\"216be8b\" data-element_type=\"widget\" data-e-type=\"widget\" data-widget_type=\"heading.default\">\n\t\t\t\t<div class=\"elementor-widget-container\">\n\t\t\t\t\t<h2 class=\"elementor-heading-title elementor-size-default\">La vivienda empieza a escasear y los precios suben:\nValencia y Alicante en particular\nest\u00e1n experimentando un boom en el mercado de segunda mano - con\ncon valores r\u00e9cord, claros ganadores\ny valores at\u00edpicos regionales.<\/h2>\t\t\t\t<\/div>\n\t\t\t\t<\/div>\n\t\t\t\t\t<\/div>\n\t\t\t\t<\/div>\n\t\t<div class=\"elementor-element elementor-element-dde4b6c e-flex e-con-boxed e-con e-parent\" data-id=\"dde4b6c\" data-element_type=\"container\" data-e-type=\"container\">\n\t\t\t\t\t<div class=\"e-con-inner\">\n\t\t<div class=\"elementor-element elementor-element-4a20d34 e-con-full e-flex e-con e-child\" data-id=\"4a20d34\" data-element_type=\"container\" data-e-type=\"container\">\n\t\t\t\t<div class=\"elementor-element elementor-element-9de799e elementor-widget elementor-widget-text-editor\" data-id=\"9de799e\" data-element_type=\"widget\" data-e-type=\"widget\" data-widget_type=\"text-editor.default\">\n\t\t\t\t<div class=\"elementor-widget-container\">\n\t\t\t\t\t\t\t\t\t<p>Los precios de las viviendas de segunda mano en Espa\u00f1a siguen subiendo, alcanzando un nuevo m\u00e1ximo hist\u00f3rico en el segundo trimestre de 2025. Seg\u00fan el \u00faltimo \u00edndice de precios del portal inmobiliario idealista, el precio medio por metro cuadrado es de 2.438 euros, lo que supone un aumento de 14% en comparaci\u00f3n con el a\u00f1o anterior. El aumento es especialmente fuerte en las provincias de Valencia y Alicante.<\/p>\n<p><strong>Valencia y Alicante, entre las regiones de mayor crecimiento<\/strong><br \/>Con un incremento anual de 18,2% en Valencia y 16,7% en Alicante, ambas provincias se encuentran entre los mercados m\u00e1s din\u00e1micos de Espa\u00f1a. <br \/>La tendencia apunta claramente al alza: Ambas regiones no s\u00f3lo registran un crecimiento de dos d\u00edgitos, sino que adem\u00e1s se sit\u00faan muy por encima de la media nacional. Solo en el \u00faltimo trimestre, los precios subieron un 5,5% en todo el pa\u00eds, lo que significa que el mercado seguir\u00e1 tenso a corto plazo.<\/p>\n<p>En Valencia, la capital del mismo nombre, los precios subieron incluso un impresionante 20,1%, lo que la convierte en la segunda capital m\u00e1s cara despu\u00e9s de Madrid. La ciudad de Alicante tambi\u00e9n registr\u00f3 un notable aumento de 16,4%, lo que la sit\u00faa muy por delante de otras grandes ciudades como Barcelona (11,1%) y Bilbao (10,4%).<\/p>\n<p><strong>Causas: Demanda, escasez, financiaci\u00f3n<\/strong><br \/>Seg\u00fan el portavoz de idealista, Francisco I\u00f1areta, una \u201econstelaci\u00f3n de tormenta perfecta\u201c es la responsable de la actual tendencia de precios: una demanda constantemente alta se une a una oferta escasa. A esto se a\u00f1aden unas condiciones de financiaci\u00f3n favorables y un mercado de alquiler ajustado, que tambi\u00e9n est\u00e1 forzando a muchos compradores a entrar en el mercado. En las regiones costeras en particular, compradores y vendedores por igual sienten la presi\u00f3n: los pisos cambian de manos en cuesti\u00f3n de horas, a menudo a precios impensables hace s\u00f3lo unos meses.<\/p>\t\t\t\t\t\t\t\t<\/div>\n\t\t\t\t<\/div>\n\t\t\t\t<\/div>\n\t\t<div class=\"elementor-element elementor-element-d0347da e-con-full e-flex e-con e-child\" data-id=\"d0347da\" data-element_type=\"container\" data-e-type=\"container\">\n\t\t\t\t<div class=\"elementor-element elementor-element-d3fe998 elementor-widget elementor-widget-text-editor\" data-id=\"d3fe998\" data-element_type=\"widget\" data-e-type=\"widget\" data-widget_type=\"text-editor.default\">\n\t\t\t\t<div class=\"elementor-widget-container\">\n\t\t\t\t\t\t\t\t\t<p><strong>Un vistazo al pa\u00eds: d\u00f3nde sigue siendo favorable y d\u00f3nde no<\/strong><br \/>Aunque los precios suben en casi todas las regiones de Espa\u00f1a, tambi\u00e9n hay excepciones: Girona (-5,5%) y Ourense (-0,3%) son las \u00fanicas capitales de provincia que registran descensos. Entre las regiones de crecimiento m\u00e1s d\u00e9bil figuran tambi\u00e9n Tarragona (+3,3%) y Badajoz (+3,9%).<br \/>San Sebasti\u00e1n sigue siendo la ciudad m\u00e1s cara de Espa\u00f1a, con m\u00e1s de 6.000 euros\/m\u00b2, seguida de Madrid (5.642 euros\/m\u00b2) y Barcelona (4.920 euros\/m\u00b2). Aunque el nivel de precios de Alicante est\u00e1 por debajo de estos valores r\u00e9cord, es el m\u00e1s din\u00e1mico de los mercados de gama media, lo que hace que la regi\u00f3n sea especialmente interesante para los inversores.<\/p>\n<p><strong>Las Baleares son las m\u00e1s caras, pero Valencia se est\u00e1 poniendo al d\u00eda<\/strong><br \/>Con 4.996 euros\/m\u00b2, Baleares es actualmente la comunidad aut\u00f3noma m\u00e1s cara, seguida de Madrid (4.289 euros\/m\u00b2) y el Pa\u00eds Vasco (3.227 euros\/m\u00b2). Sin embargo, la Comunidad Valenciana tambi\u00e9n se est\u00e1 poniendo al d\u00eda: no s\u00f3lo la capital, sino tambi\u00e9n las ciudades costeras vecinas y las ciudades del interior est\u00e1n registrando aumentos de precios de dos d\u00edgitos en algunos casos.<\/p>\n<p><strong>Conclusi\u00f3n: buena ubicaci\u00f3n, ritmo r\u00e1pido, pero tambi\u00e9n riesgos<\/strong><br \/>La regi\u00f3n de Valencia y Alicante es actualmente uno de los mercados inmobiliarios m\u00e1s solicitados de Espa\u00f1a. Cualquiera que compre aqu\u00ed est\u00e1 invirtiendo en un mercado muy din\u00e1mico, pero debe estar preparado para una escasez continua de oferta y r\u00e1pidos procesos de toma de decisiones. Mientras tanto, los cr\u00edticos advierten de que la falta de nueva construcci\u00f3n podr\u00eda alimentar a\u00fan m\u00e1s la formaci\u00f3n de burbujas de precios.<\/p>\t\t\t\t\t\t\t\t<\/div>\n\t\t\t\t<\/div>\n\t\t\t\t<\/div>\n\t\t\t\t\t<\/div>\n\t\t\t\t<\/div>\n\t\t<div class=\"elementor-element elementor-element-b8b991e e-flex e-con-boxed e-con e-parent\" data-id=\"b8b991e\" data-element_type=\"container\" data-e-type=\"container\">\n\t\t\t\t\t<div class=\"e-con-inner\">\n\t\t\t\t<div class=\"elementor-element elementor-element-4253b4f elementor-widget-divider--separator-type-pattern elementor-widget-divider--view-line elementor-widget elementor-widget-divider\" data-id=\"4253b4f\" data-element_type=\"widget\" data-e-type=\"widget\" data-widget_type=\"divider.default\">\n\t\t\t\t<div class=\"elementor-widget-container\">\n\t\t\t\t\t\t\t<div class=\"elementor-divider\" style=\"--divider-pattern-url: url(&quot;data:image\/svg+xml,%3Csvg xmlns=&#039;http:\/\/www.w3.org\/2000\/svg&#039; preserveAspectRatio=&#039;none&#039; overflow=&#039;visible&#039; height=&#039;100%&#039; viewBox=&#039;0 0 24 24&#039; fill=&#039;none&#039; stroke=&#039;black&#039; stroke-width=&#039;2&#039; stroke-linecap=&#039;square&#039; stroke-miterlimit=&#039;10&#039;%3E%3Cpath d=&#039;M0,6c6,0,6,13,12,13S18,6,24,6&#039;\/%3E%3C\/svg%3E&quot;);\">\n\t\t\t<span class=\"elementor-divider-separator\">\n\t\t\t\t\t\t<\/span>\n\t\t<\/div>\n\t\t\t\t\t\t<\/div>\n\t\t\t\t<\/div>\n\t\t\t\t<div class=\"elementor-element elementor-element-962c3ff elementor-grid-3 elementor-grid-tablet-2 elementor-grid-mobile-1 elementor-posts--thumbnail-top elementor-posts--show-avatar elementor-card-shadow-yes elementor-posts__hover-gradient elementor-widget elementor-widget-posts\" data-id=\"962c3ff\" data-element_type=\"widget\" data-e-type=\"widget\" data-settings=\"{&quot;cards_columns&quot;:&quot;3&quot;,&quot;cards_columns_tablet&quot;:&quot;2&quot;,&quot;cards_columns_mobile&quot;:&quot;1&quot;,&quot;cards_row_gap&quot;:{&quot;unit&quot;:&quot;px&quot;,&quot;size&quot;:35,&quot;sizes&quot;:[]},&quot;cards_row_gap_tablet&quot;:{&quot;unit&quot;:&quot;px&quot;,&quot;size&quot;:&quot;&quot;,&quot;sizes&quot;:[]},&quot;cards_row_gap_mobile&quot;:{&quot;unit&quot;:&quot;px&quot;,&quot;size&quot;:&quot;&quot;,&quot;sizes&quot;:[]}}\" data-widget_type=\"posts.cards\">\n\t\t\t\t<div class=\"elementor-widget-container\">\n\t\t\t\t\t\t\t<div class=\"elementor-posts-container elementor-posts elementor-posts--skin-cards elementor-grid\" role=\"list\">\n\t\t\t\t<article class=\"elementor-post elementor-grid-item post-7995 post type-post status-publish format-standard has-post-thumbnail hentry category-service-recht tag-airbnb-registrierung-spanien tag-ferienvermietung-strafen-spanien tag-ferienwohnung-registrierung-spanien tag-kurzzeitvermietung-gesetz-2025 tag-mietregister-costa-blanca tag-ventanilla-unica-digital\" role=\"listitem\">\n\t\t\t<div class=\"elementor-post__card\">\n\t\t\t\t<a class=\"elementor-post__thumbnail__link\" href=\"https:\/\/costablanca-magazin.com\/es\/immobilien\/service-recht\/neues-mietregister-spanien-registrierungs-pflicht-fuer-ferienvermietung\/\" tabindex=\"-1\" ><div class=\"elementor-post__thumbnail\"><img fetchpriority=\"high\" decoding=\"async\" width=\"300\" height=\"200\" src=\"https:\/\/costablanca-magazin.com\/wp-content\/uploads\/2025\/07\/small-toy-houses-over-keyboard-2024-10-16-14-29-09-utc-300x200.jpg\" class=\"attachment-medium size-medium wp-image-8042\" alt=\"Se ha puesto en marcha un nuevo registro de alquileres: obligaci\u00f3n de registrar los apartamentos vacacionales\" srcset=\"https:\/\/costablanca-magazin.com\/wp-content\/uploads\/2025\/07\/small-toy-houses-over-keyboard-2024-10-16-14-29-09-utc-300x200.jpg 300w, https:\/\/costablanca-magazin.com\/wp-content\/uploads\/2025\/07\/small-toy-houses-over-keyboard-2024-10-16-14-29-09-utc-1024x683.jpg 1024w, https:\/\/costablanca-magazin.com\/wp-content\/uploads\/2025\/07\/small-toy-houses-over-keyboard-2024-10-16-14-29-09-utc-768x512.jpg 768w, https:\/\/costablanca-magazin.com\/wp-content\/uploads\/2025\/07\/small-toy-houses-over-keyboard-2024-10-16-14-29-09-utc-1536x1024.jpg 1536w, https:\/\/costablanca-magazin.com\/wp-content\/uploads\/2025\/07\/small-toy-houses-over-keyboard-2024-10-16-14-29-09-utc-2048x1365.jpg 2048w\" sizes=\"(max-width: 300px) 100vw, 300px\" \/><\/div><\/a>\n\t\t\t\t<div class=\"elementor-post__badge\">Servicio y Derecho<\/div>\n\t\t\t\t<div class=\"elementor-post__avatar\">\n\t\t\t\t\t<\/div>\n\t\t\t\t<div class=\"elementor-post__text\">\n\t\t\t\t<h3 class=\"elementor-post__title\">\n\t\t\t<a href=\"https:\/\/costablanca-magazin.com\/es\/immobilien\/service-recht\/neues-mietregister-spanien-registrierungs-pflicht-fuer-ferienvermietung\/\" >\n\t\t\t\tNuevo registro de alquileres Espa\u00f1a - registro obligatorio para alquileres vacacionales\t\t\t<\/a>\n\t\t<\/h3>\n\t\t\t\t<\/div>\n\t\t\t\t\t<\/div>\n\t\t<\/article>\n\t\t\t\t<article class=\"elementor-post elementor-grid-item post-5236 post type-post status-publish format-standard has-post-thumbnail hentry category-service-recht tag-costa-blanca tag-erbschaftssteuer tag-gemeindesteuer tag-grundstueckswert tag-immobilienuebertragung tag-immobilienverkauf tag-plusvalia-municipal tag-schenkung tag-sonderregelungen tag-steuerbefreiung tag-steuerfristen tag-steuern-costa-blanca tag-steuerpflicht tag-verzugszinsen tag-wertsteigerung tag-wertzuwachssteuer\" role=\"listitem\">\n\t\t\t<div class=\"elementor-post__card\">\n\t\t\t\t<a class=\"elementor-post__thumbnail__link\" href=\"https:\/\/costablanca-magazin.com\/es\/immobilien\/service-recht\/kapitalertragssteuer-fuer-immobilienbesitzer-das-wichtigste\/\" tabindex=\"-1\" ><div class=\"elementor-post__thumbnail\"><img decoding=\"async\" width=\"300\" height=\"125\" src=\"https:\/\/costablanca-magazin.com\/wp-content\/uploads\/2025\/03\/housing-market-price-is-increasing-or-rising-2022-12-16-12-30-06-utc-Kopie-scaled-e1742399878463-300x125.jpg\" class=\"attachment-medium size-medium wp-image-5237\" alt=\"Impuesto municipal sobre las ganancias de capital: lo que deben saber los propietarios inmobiliarios\" srcset=\"https:\/\/costablanca-magazin.com\/wp-content\/uploads\/2025\/03\/housing-market-price-is-increasing-or-rising-2022-12-16-12-30-06-utc-Kopie-scaled-e1742399878463-300x125.jpg 300w, https:\/\/costablanca-magazin.com\/wp-content\/uploads\/2025\/03\/housing-market-price-is-increasing-or-rising-2022-12-16-12-30-06-utc-Kopie-scaled-e1742399878463-768x321.jpg 768w, https:\/\/costablanca-magazin.com\/wp-content\/uploads\/2025\/03\/housing-market-price-is-increasing-or-rising-2022-12-16-12-30-06-utc-Kopie-scaled-e1742399878463-1536x642.jpg 1536w, https:\/\/costablanca-magazin.com\/wp-content\/uploads\/2025\/03\/housing-market-price-is-increasing-or-rising-2022-12-16-12-30-06-utc-Kopie-scaled-e1742399878463-2048x856.jpg 2048w\" sizes=\"(max-width: 300px) 100vw, 300px\" \/><\/div><\/a>\n\t\t\t\t<div class=\"elementor-post__badge\">Servicio y Derecho<\/div>\n\t\t\t\t<div class=\"elementor-post__avatar\">\n\t\t\t\t\t<\/div>\n\t\t\t\t<div class=\"elementor-post__text\">\n\t\t\t\t<h3 class=\"elementor-post__title\">\n\t\t\t<a href=\"https:\/\/costablanca-magazin.com\/es\/immobilien\/service-recht\/kapitalertragssteuer-fuer-immobilienbesitzer-das-wichtigste\/\" >\n\t\t\t\tEl impuesto de plusval\u00eda para los propietarios: los datos m\u00e1s importantes\t\t\t<\/a>\n\t\t<\/h3>\n\t\t\t\t<\/div>\n\t\t\t\t\t<\/div>\n\t\t<\/article>\n\t\t\t\t<article class=\"elementor-post elementor-grid-item post-3743 post type-post status-publish format-standard has-post-thumbnail hentry category-service-recht tag-immobilien-kauf-costa-blanca tag-infos-ueber-immobilien-kauf-an-der-costa-blanca tag-kataster-eintrag-immobilien tag-kataster-online-abfragen tag-katasteramt-costablanca\" role=\"listitem\">\n\t\t\t<div class=\"elementor-post__card\">\n\t\t\t\t<a class=\"elementor-post__thumbnail__link\" href=\"https:\/\/costablanca-magazin.com\/es\/immobilien\/service-recht\/referenzwertes-auswirkungen-des-kataster\/\" tabindex=\"-1\" ><div class=\"elementor-post__thumbnail\"><img decoding=\"async\" width=\"300\" height=\"225\" src=\"https:\/\/costablanca-magazin.com\/wp-content\/uploads\/2024\/12\/magnifying-glass-wooden-dolls-and-house-2023-11-27-05-33-38-utc-300x225.jpeg\" class=\"attachment-medium size-medium wp-image-3744\" alt=\"Valor de referencia: repercusiones del catastro\" srcset=\"https:\/\/costablanca-magazin.com\/wp-content\/uploads\/2024\/12\/magnifying-glass-wooden-dolls-and-house-2023-11-27-05-33-38-utc-300x225.jpeg 300w, https:\/\/costablanca-magazin.com\/wp-content\/uploads\/2024\/12\/magnifying-glass-wooden-dolls-and-house-2023-11-27-05-33-38-utc-1024x767.jpeg 1024w, https:\/\/costablanca-magazin.com\/wp-content\/uploads\/2024\/12\/magnifying-glass-wooden-dolls-and-house-2023-11-27-05-33-38-utc-768x575.jpeg 768w, https:\/\/costablanca-magazin.com\/wp-content\/uploads\/2024\/12\/magnifying-glass-wooden-dolls-and-house-2023-11-27-05-33-38-utc-1536x1150.jpeg 1536w, https:\/\/costablanca-magazin.com\/wp-content\/uploads\/2024\/12\/magnifying-glass-wooden-dolls-and-house-2023-11-27-05-33-38-utc-2048x1534.jpeg 2048w\" sizes=\"(max-width: 300px) 100vw, 300px\" \/><\/div><\/a>\n\t\t\t\t<div class=\"elementor-post__badge\">Servicio y Derecho<\/div>\n\t\t\t\t<div class=\"elementor-post__avatar\">\n\t\t\t\t\t<\/div>\n\t\t\t\t<div class=\"elementor-post__text\">\n\t\t\t\t<h3 class=\"elementor-post__title\">\n\t\t\t<a href=\"https:\/\/costablanca-magazin.com\/es\/immobilien\/service-recht\/referenzwertes-auswirkungen-des-kataster\/\" >\n\t\t\t\tValor de referencia - efectos del catastro\t\t\t<\/a>\n\t\t<\/h3>\n\t\t\t\t<\/div>\n\t\t\t\t\t<\/div>\n\t\t<\/article>\n\t\t\t\t<\/div>\n\t\t\n\t\t\t\t\t\t<\/div>\n\t\t\t\t<\/div>\n\t\t\t\t\t<\/div>\n\t\t\t\t<\/div>\n\t\t\t\t<\/div>","protected":false},"excerpt":{"rendered":"<p>Precios de la vivienda en la Costa Blanca: el mercado de segunda mano sigue un curso r\u00e9cord El espacio vital escasea y los precios suben: Valencia y Alicante en particular est\u00e1n experimentando un boom en el mercado inmobiliario.<\/p>","protected":false},"author":1,"featured_media":8146,"comment_status":"closed","ping_status":"closed","sticky":false,"template":"elementor_header_footer","format":"standard","meta":{"om_disable_all_campaigns":false,"_monsterinsights_skip_tracking":false,"_monsterinsights_sitenote_active":false,"_monsterinsights_sitenote_note":"","_monsterinsights_sitenote_category":0,"footnotes":""},"categories":[984],"tags":[1038,1036,1034,1037,1039,1035],"class_list":["post-8144","post","type-post","status-publish","format-standard","has-post-thumbnail","hentry","category-service-recht","tag-gebrauchtimmobilien-spanien","tag-immobilienmarkt-valencia-2025","tag-immobilienpreise-costa-blanca","tag-preisentwicklung-spanien-immobilien","tag-quadratmeterpreise-costa-blanca","tag-wohnung-kaufen-alicante"],"aioseo_notices":[],"_links":{"self":[{"href":"https:\/\/costablanca-magazin.com\/es\/wp-json\/wp\/v2\/posts\/8144","targetHints":{"allow":["GET"]}}],"collection":[{"href":"https:\/\/costablanca-magazin.com\/es\/wp-json\/wp\/v2\/posts"}],"about":[{"href":"https:\/\/costablanca-magazin.com\/es\/wp-json\/wp\/v2\/types\/post"}],"author":[{"embeddable":true,"href":"https:\/\/costablanca-magazin.com\/es\/wp-json\/wp\/v2\/users\/1"}],"replies":[{"embeddable":true,"href":"https:\/\/costablanca-magazin.com\/es\/wp-json\/wp\/v2\/comments?post=8144"}],"version-history":[{"count":7,"href":"https:\/\/costablanca-magazin.com\/es\/wp-json\/wp\/v2\/posts\/8144\/revisions"}],"predecessor-version":[{"id":10218,"href":"https:\/\/costablanca-magazin.com\/es\/wp-json\/wp\/v2\/posts\/8144\/revisions\/10218"}],"wp:featuredmedia":[{"embeddable":true,"href":"https:\/\/costablanca-magazin.com\/es\/wp-json\/wp\/v2\/media\/8146"}],"wp:attachment":[{"href":"https:\/\/costablanca-magazin.com\/es\/wp-json\/wp\/v2\/media?parent=8144"}],"wp:term":[{"taxonomy":"category","embeddable":true,"href":"https:\/\/costablanca-magazin.com\/es\/wp-json\/wp\/v2\/categories?post=8144"},{"taxonomy":"post_tag","embeddable":true,"href":"https:\/\/costablanca-magazin.com\/es\/wp-json\/wp\/v2\/tags?post=8144"}],"curies":[{"name":"wp","href":"https:\/\/api.w.org\/{rel}","templated":true}]}}