{"id":8122,"date":"2025-07-21T09:00:00","date_gmt":"2025-07-21T07:00:00","guid":{"rendered":"https:\/\/costablanca-magazin.com\/?p=8122"},"modified":"2025-12-04T12:28:08","modified_gmt":"2025-12-04T11:28:08","slug":"robado-en-la-costa-blanca-que-hacer-ahora","status":"publish","type":"post","link":"https:\/\/costablanca-magazin.com\/es\/lokales\/infos\/bestohlen-an-der-costa-blanca-was-jetzt-zu-tun-ist\/","title":{"rendered":"Robado en la Costa Blanca- \u00bfQu\u00e9 hacer ahora?"},"content":{"rendered":"<div data-elementor-type=\"wp-post\" data-elementor-id=\"8122\" class=\"elementor elementor-8122\" data-elementor-post-type=\"post\">\n\t\t\t\t<div class=\"elementor-element elementor-element-3e9d34a e-flex e-con-boxed e-con e-parent\" data-id=\"3e9d34a\" data-element_type=\"container\" data-e-type=\"container\">\n\t\t\t\t\t<div class=\"e-con-inner\">\n\t\t\t\t<div class=\"elementor-element elementor-element-b79b75c elementor-widget elementor-widget-heading\" data-id=\"b79b75c\" data-element_type=\"widget\" data-e-type=\"widget\" data-widget_type=\"heading.default\">\n\t\t\t\t<div class=\"elementor-widget-container\">\n\t\t\t\t\t<h1 class=\"elementor-heading-title elementor-size-default\">Robado en la Costa Blanca -\nQu\u00e9 hacer ahora<\/h1>\t\t\t\t<\/div>\n\t\t\t\t<\/div>\n\t\t\t\t<div class=\"elementor-element elementor-element-c6e31a0 elementor-widget elementor-widget-image\" data-id=\"c6e31a0\" data-element_type=\"widget\" data-e-type=\"widget\" data-widget_type=\"image.default\">\n\t\t\t\t<div class=\"elementor-widget-container\">\n\t\t\t\t\t\t\t\t\t\t\t\t\t\t\t<img decoding=\"async\" src=\"https:\/\/costablanca-magazin.com\/wp-content\/uploads\/elementor\/thumbs\/pickpocket-thief-stealing-wallet-from-woman-handba-2025-03-18-18-37-03-utc-scaled-rjc5f4qwkeg3v5umnho7rzisf97ipc8n9wqmg0ohbg.jpg\" title=\"Robado en la Costa Blanca- \u00bfQu\u00e9 hacer ahora?\" alt=\"Robado en la Costa Blanca- \u00bfQu\u00e9 hacer ahora?\" loading=\"lazy\" \/>\t\t\t\t\t\t\t\t\t\t\t\t\t\t\t<\/div>\n\t\t\t\t<\/div>\n\t\t\t\t<div class=\"elementor-element elementor-element-f52bdfa elementor-widget elementor-widget-heading\" data-id=\"f52bdfa\" data-element_type=\"widget\" data-e-type=\"widget\" data-widget_type=\"heading.default\">\n\t\t\t\t<div class=\"elementor-widget-container\">\n\t\t\t\t\t<h2 class=\"elementor-heading-title elementor-size-default\">Pasos importantes tras el robo\ntel\u00e9fono m\u00f3vil, tarjeta de identidad o cartera - y\ny por qu\u00e9 debe ponerse en contacto con la compa\u00f1\u00eda a\u00e9rea\ndebe ponerse en contacto con la compa\u00f1\u00eda a\u00e9rea antes de su vuelo de regreso.<\/h2>\t\t\t\t<\/div>\n\t\t\t\t<\/div>\n\t\t\t\t\t<\/div>\n\t\t\t\t<\/div>\n\t\t<div class=\"elementor-element elementor-element-944d2aa e-flex e-con-boxed e-con e-parent\" data-id=\"944d2aa\" data-element_type=\"container\" data-e-type=\"container\">\n\t\t\t\t\t<div class=\"e-con-inner\">\n\t\t<div class=\"elementor-element elementor-element-e89fde7 e-con-full e-flex e-con e-child\" data-id=\"e89fde7\" data-element_type=\"container\" data-e-type=\"container\">\n\t\t\t\t<div class=\"elementor-element elementor-element-c02990d elementor-widget elementor-widget-text-editor\" data-id=\"c02990d\" data-element_type=\"widget\" data-e-type=\"widget\" data-widget_type=\"text-editor.default\">\n\t\t\t\t<div class=\"elementor-widget-container\">\n\t\t\t\t\t\t\t\t\t<p>A menudo basta un momento de descuido para que una cartera o un tel\u00e9fono m\u00f3vil desaparezcan. Especialmente en los meses de verano, los carteristas est\u00e1n en temporada alta en la costa. Los afectados deben ante todo mantener la calma y tomar r\u00e1pidamente las medidas oportunas.<\/p><p>Lo primero que hay que hacer es denunciar el incidente a la polic\u00eda. Dependiendo de tu localidad, puedes dirigirte a la Polic\u00eda Nacional, a la polic\u00eda local o a la Guardia Civil. El informe -denuncia en Espa\u00f1a- es necesario para reclamar el robo a las compa\u00f1\u00edas de seguros o para solicitar documentos de sustituci\u00f3n.<\/p><p><strong>Puede ponerse en contacto con las autoridades en estos n\u00fameros de emergencia:<\/strong><br \/>- 091 (Polic\u00eda Nacional)<br \/>- 092 (polic\u00eda local)<br \/>- 062 (Guardia Civil)<br \/>- 112 (llamada de urgencia general)<\/p><p>Si lo prefiere, puede preparar la denuncia por adelantado en l\u00ednea, aunque deber\u00e1 firmarla personalmente en la comisar\u00eda en un plazo de 72 horas. Puede presentar la denuncia por adelantado en https:\/\/denuncias.policia.es\/OVD\/ - el portal \u201ePresentaci\u00f3n virtual de denuncias\u201c del Ministerio del Interior est\u00e1 disponible en alem\u00e1n\/ingl\u00e9s y tambi\u00e9n en franc\u00e9s.<\/p>\t\t\t\t\t\t\t\t<\/div>\n\t\t\t\t<\/div>\n\t\t\t\t<\/div>\n\t\t<div class=\"elementor-element elementor-element-a1d8842 e-con-full e-flex e-con e-child\" data-id=\"a1d8842\" data-element_type=\"container\" data-e-type=\"container\">\n\t\t\t\t<div class=\"elementor-element elementor-element-3a4550d elementor-widget elementor-widget-text-editor\" data-id=\"3a4550d\" data-element_type=\"widget\" data-e-type=\"widget\" data-widget_type=\"text-editor.default\">\n\t\t\t\t<div class=\"elementor-widget-container\">\n\t\t\t\t\t\t\t\t\t<p><strong>\u00bfVuelo de vuelta sin identificaci\u00f3n?<\/strong><br \/>A m\u00e1s tardar al hacer la maleta, surge la pregunta: \u00bfPuedo volar a casa sin DNI?<br \/>Seg\u00fan la normativa, las compa\u00f1\u00edas a\u00e9reas s\u00f3lo pueden transportar pasajeros con documentos v\u00e1lidos. Sin embargo, muchas aerol\u00edneas aceptan una copia o escaneado de tu DNI junto con el informe policial.<br \/>Si no tiene una copia, pregunte en su hotel, agencia de viajes o empresa de alquiler de coches.<\/p><p><strong>Importante<\/strong>La compa\u00f1\u00eda a\u00e9rea decide siempre si se le permite viajar sin el documento original. Por lo tanto, es esencial que aclare de antemano con su compa\u00f1\u00eda a\u00e9rea u operador tur\u00edstico si el informe de p\u00e9rdida es suficiente o si se requiere un documento provisional sustitutorio del consulado.<\/p><p>Los robos son molestos, pero no hay por qu\u00e9 alarmarse. Con la preparaci\u00f3n adecuada y un enfoque coordinado con la compa\u00f1\u00eda a\u00e9rea, el vuelo de vuelta suele organizarse sin problemas.<\/p>\t\t\t\t\t\t\t\t<\/div>\n\t\t\t\t<\/div>\n\t\t\t\t<\/div>\n\t\t\t\t\t<\/div>\n\t\t\t\t<\/div>\n\t\t<div class=\"elementor-element elementor-element-daaeb97 e-flex e-con-boxed e-con e-parent\" data-id=\"daaeb97\" data-element_type=\"container\" data-e-type=\"container\">\n\t\t\t\t\t<div class=\"e-con-inner\">\n\t\t\t\t<div class=\"elementor-element elementor-element-f725b9a elementor-widget-divider--separator-type-pattern elementor-widget-divider--no-spacing elementor-widget-divider--view-line elementor-widget elementor-widget-divider\" data-id=\"f725b9a\" data-element_type=\"widget\" data-e-type=\"widget\" data-widget_type=\"divider.default\">\n\t\t\t\t<div class=\"elementor-widget-container\">\n\t\t\t\t\t\t\t<div class=\"elementor-divider\" style=\"--divider-pattern-url: url(&quot;data:image\/svg+xml,%3Csvg xmlns=&#039;http:\/\/www.w3.org\/2000\/svg&#039; preserveAspectRatio=&#039;xMidYMid meet&#039; overflow=&#039;visible&#039; height=&#039;100%&#039; viewBox=&#039;0 0 126 26&#039; fill=&#039;black&#039; stroke=&#039;none&#039;%3E%3Cpath d=&#039;M3,10.2c2.6,0,2.6,2,2.6,3.2S4.4,16.5,3,16.5s-3-1.4-3-3.2S0.4,10.2,3,10.2z M18.8,10.2c1.7,0,3.2,1.4,3.2,3.2s-1.4,3.2-3.2,3.2c-1.7,0-3.2-1.4-3.2-3.2S17,10.2,18.8,10.2z M34.6,10.2c1.5,0,2.6,1.4,2.6,3.2s-0.5,3.2-1.9,3.2c-1.5,0-3.4-1.4-3.4-3.2S33.1,10.2,34.6,10.2z M50.5,10.2c1.7,0,3.2,1.4,3.2,3.2s-1.4,3.2-3.2,3.2c-1.7,0-3.3-0.9-3.3-2.6S48.7,10.2,50.5,10.2z M66.2,10.2c1.5,0,3.4,1.4,3.4,3.2s-1.9,3.2-3.4,3.2c-1.5,0-2.6-0.4-2.6-2.1S64.8,10.2,66.2,10.2z M82.2,10.2c1.7,0.8,2.6,1.4,2.6,3.2s-0.1,3.2-1.6,3.2c-1.5,0-3.7-1.4-3.7-3.2S80.5,9.4,82.2,10.2zM98.6,10.2c1.5,0,2.6,0.4,2.6,2.1s-1.2,4.2-2.6,4.2c-1.5,0-3.7-0.4-3.7-2.1S97.1,10.2,98.6,10.2z M113.4,10.2c1.2,0,2.2,0.9,2.2,3.2s-0.1,3.2-1.3,3.2s-3.1-1.4-3.1-3.2S112.2,10.2,113.4,10.2z&#039;\/%3E%3C\/svg%3E&quot;);\">\n\t\t\t<span class=\"elementor-divider-separator\">\n\t\t\t\t\t\t<\/span>\n\t\t<\/div>\n\t\t\t\t\t\t<\/div>\n\t\t\t\t<\/div>\n\t\t\t\t<div class=\"elementor-element elementor-element-d3a4f5d elementor-grid-3 elementor-grid-tablet-2 elementor-grid-mobile-1 elementor-posts--thumbnail-top elementor-posts--show-avatar elementor-card-shadow-yes elementor-posts__hover-gradient elementor-widget elementor-widget-posts\" data-id=\"d3a4f5d\" data-element_type=\"widget\" data-e-type=\"widget\" data-settings=\"{&quot;cards_columns&quot;:&quot;3&quot;,&quot;cards_columns_tablet&quot;:&quot;2&quot;,&quot;cards_columns_mobile&quot;:&quot;1&quot;,&quot;cards_row_gap&quot;:{&quot;unit&quot;:&quot;px&quot;,&quot;size&quot;:35,&quot;sizes&quot;:[]},&quot;cards_row_gap_tablet&quot;:{&quot;unit&quot;:&quot;px&quot;,&quot;size&quot;:&quot;&quot;,&quot;sizes&quot;:[]},&quot;cards_row_gap_mobile&quot;:{&quot;unit&quot;:&quot;px&quot;,&quot;size&quot;:&quot;&quot;,&quot;sizes&quot;:[]}}\" data-widget_type=\"posts.cards\">\n\t\t\t\t<div class=\"elementor-widget-container\">\n\t\t\t\t\t\t\t<div class=\"elementor-posts-container elementor-posts elementor-posts--skin-cards elementor-grid\" role=\"list\">\n\t\t\t\t<article class=\"elementor-post elementor-grid-item post-8122 post type-post status-publish format-standard has-post-thumbnail hentry category-infos tag-ausweis-verloren-spanien tag-diebstahl-costa-blanca tag-handy-gestohlen-urlaub tag-notrufnummern-spanien-diebstahl tag-polizei-anzeige-online-spanien tag-rueckflug-ohne-ausweis\" role=\"listitem\">\n\t\t\t<div class=\"elementor-post__card\">\n\t\t\t\t<a class=\"elementor-post__thumbnail__link\" href=\"https:\/\/costablanca-magazin.com\/es\/lokales\/infos\/bestohlen-an-der-costa-blanca-was-jetzt-zu-tun-ist\/\" tabindex=\"-1\" ><div class=\"elementor-post__thumbnail\"><img fetchpriority=\"high\" decoding=\"async\" width=\"300\" height=\"179\" src=\"https:\/\/costablanca-magazin.com\/wp-content\/uploads\/2025\/07\/pickpocket-thief-stealing-wallet-from-woman-handba-2025-03-18-18-37-03-utc-300x179.jpg\" class=\"attachment-medium size-medium wp-image-8126\" alt=\"Robado en la Costa Blanca- \u00bfQu\u00e9 hacer ahora?\" srcset=\"https:\/\/costablanca-magazin.com\/wp-content\/uploads\/2025\/07\/pickpocket-thief-stealing-wallet-from-woman-handba-2025-03-18-18-37-03-utc-300x179.jpg 300w, https:\/\/costablanca-magazin.com\/wp-content\/uploads\/2025\/07\/pickpocket-thief-stealing-wallet-from-woman-handba-2025-03-18-18-37-03-utc-1024x610.jpg 1024w, https:\/\/costablanca-magazin.com\/wp-content\/uploads\/2025\/07\/pickpocket-thief-stealing-wallet-from-woman-handba-2025-03-18-18-37-03-utc-768x457.jpg 768w, https:\/\/costablanca-magazin.com\/wp-content\/uploads\/2025\/07\/pickpocket-thief-stealing-wallet-from-woman-handba-2025-03-18-18-37-03-utc-1536x915.jpg 1536w, https:\/\/costablanca-magazin.com\/wp-content\/uploads\/2025\/07\/pickpocket-thief-stealing-wallet-from-woman-handba-2025-03-18-18-37-03-utc-2048x1220.jpg 2048w\" sizes=\"(max-width: 300px) 100vw, 300px\" \/><\/div><\/a>\n\t\t\t\t<div class=\"elementor-post__badge\">Informaci\u00f3n<\/div>\n\t\t\t\t<div class=\"elementor-post__avatar\">\n\t\t\t\t\t<\/div>\n\t\t\t\t<div class=\"elementor-post__text\">\n\t\t\t\t<h3 class=\"elementor-post__title\">\n\t\t\t<a href=\"https:\/\/costablanca-magazin.com\/es\/lokales\/infos\/bestohlen-an-der-costa-blanca-was-jetzt-zu-tun-ist\/\" >\n\t\t\t\tRobado en la Costa Blanca- \u00bfQu\u00e9 hacer ahora?\t\t\t<\/a>\n\t\t<\/h3>\n\t\t\t\t<\/div>\n\t\t\t\t\t<\/div>\n\t\t<\/article>\n\t\t\t\t<article class=\"elementor-post elementor-grid-item post-7623 post type-post status-publish format-standard has-post-thumbnail hentry category-infos tag-calpe tag-costa-blanca-2 tag-deutsche-drogerie-in-spanien tag-drogerie-markt-costa-blanca tag-rossmann-angebote-spanien tag-rossmann-calpe-eroeffnung\" role=\"listitem\">\n\t\t\t<div class=\"elementor-post__card\">\n\t\t\t\t<a class=\"elementor-post__thumbnail__link\" href=\"https:\/\/costablanca-magazin.com\/es\/lokales\/infos\/drogerie-rossmann-mit-neuer-filiale-in-calpe\/\" tabindex=\"-1\" ><div class=\"elementor-post__thumbnail\"><img decoding=\"async\" width=\"300\" height=\"225\" src=\"https:\/\/costablanca-magazin.com\/wp-content\/uploads\/2025\/06\/Fachada-interior-galeria-6044-Calpe-3-300x225.jpg\" class=\"attachment-medium size-medium wp-image-7688\" alt=\"Droguer\u00eda Rossmann Calpe Costa Blanca\" srcset=\"https:\/\/costablanca-magazin.com\/wp-content\/uploads\/2025\/06\/Fachada-interior-galeria-6044-Calpe-3-300x225.jpg 300w, https:\/\/costablanca-magazin.com\/wp-content\/uploads\/2025\/06\/Fachada-interior-galeria-6044-Calpe-3-1024x768.jpg 1024w, https:\/\/costablanca-magazin.com\/wp-content\/uploads\/2025\/06\/Fachada-interior-galeria-6044-Calpe-3-768x576.jpg 768w, https:\/\/costablanca-magazin.com\/wp-content\/uploads\/2025\/06\/Fachada-interior-galeria-6044-Calpe-3-1536x1152.jpg 1536w, https:\/\/costablanca-magazin.com\/wp-content\/uploads\/2025\/06\/Fachada-interior-galeria-6044-Calpe-3-2048x1536.jpg 2048w\" sizes=\"(max-width: 300px) 100vw, 300px\" \/><\/div><\/a>\n\t\t\t\t<div class=\"elementor-post__badge\">Informaci\u00f3n<\/div>\n\t\t\t\t<div class=\"elementor-post__avatar\">\n\t\t\t\t\t<\/div>\n\t\t\t\t<div class=\"elementor-post__text\">\n\t\t\t\t<h3 class=\"elementor-post__title\">\n\t\t\t<a href=\"https:\/\/costablanca-magazin.com\/es\/lokales\/infos\/drogerie-rossmann-mit-neuer-filiale-in-calpe\/\" >\n\t\t\t\tRossmann refuerza su presencia con una nueva tienda en Calpe\t\t\t<\/a>\n\t\t<\/h3>\n\t\t\t\t<\/div>\n\t\t\t\t\t<\/div>\n\t\t<\/article>\n\t\t\t\t<article class=\"elementor-post elementor-grid-item post-7494 post type-post status-publish format-standard has-post-thumbnail hentry category-infos tag-altea tag-javea tag-kunst-an-der-costa-blanca tag-kuenstler-costablanca tag-moraira\" role=\"listitem\">\n\t\t\t<div class=\"elementor-post__card\">\n\t\t\t\t<a class=\"elementor-post__thumbnail__link\" href=\"https:\/\/costablanca-magazin.com\/es\/lokales\/infos\/costa-blanca-kuenstler-zwischen-kueste-und-weltbuehne\/\" tabindex=\"-1\" ><div class=\"elementor-post__thumbnail\"><img decoding=\"async\" width=\"300\" height=\"225\" src=\"https:\/\/costablanca-magazin.com\/wp-content\/uploads\/2025\/05\/Tardor-La-Xara-1-300x225.jpg\" class=\"attachment-medium size-medium wp-image-7515\" alt=\"Cerca y lejos: artistas entre la costa y el escenario mundial 19\" srcset=\"https:\/\/costablanca-magazin.com\/wp-content\/uploads\/2025\/05\/Tardor-La-Xara-1-300x225.jpg 300w, https:\/\/costablanca-magazin.com\/wp-content\/uploads\/2025\/05\/Tardor-La-Xara-1-1024x768.jpg 1024w, https:\/\/costablanca-magazin.com\/wp-content\/uploads\/2025\/05\/Tardor-La-Xara-1-768x576.jpg 768w, https:\/\/costablanca-magazin.com\/wp-content\/uploads\/2025\/05\/Tardor-La-Xara-1.jpg 1200w\" sizes=\"(max-width: 300px) 100vw, 300px\" \/><\/div><\/a>\n\t\t\t\t<div class=\"elementor-post__badge\">Informaci\u00f3n<\/div>\n\t\t\t\t<div class=\"elementor-post__avatar\">\n\t\t\t\t\t<\/div>\n\t\t\t\t<div class=\"elementor-post__text\">\n\t\t\t\t<h3 class=\"elementor-post__title\">\n\t\t\t<a href=\"https:\/\/costablanca-magazin.com\/es\/lokales\/infos\/costa-blanca-kuenstler-zwischen-kueste-und-weltbuehne\/\" >\n\t\t\t\tArtistas de la Costa Blanca entre la costa y el escenario mundial\t\t\t<\/a>\n\t\t<\/h3>\n\t\t\t\t<\/div>\n\t\t\t\t\t<\/div>\n\t\t<\/article>\n\t\t\t\t<\/div>\n\t\t\n\t\t\t\t\t\t<\/div>\n\t\t\t\t<\/div>\n\t\t\t\t\t<\/div>\n\t\t\t\t<\/div>\n\t\t\t\t<\/div>","protected":false},"excerpt":{"rendered":"<p>Robo en la Costa Blanca - Qu\u00e9 hacer ahora Pasos importantes a seguir tras el robo de un tel\u00e9fono m\u00f3vil, DNI o<\/p>","protected":false},"author":1,"featured_media":8126,"comment_status":"closed","ping_status":"closed","sticky":false,"template":"elementor_header_footer","format":"standard","meta":{"om_disable_all_campaigns":false,"_monsterinsights_skip_tracking":false,"_monsterinsights_sitenote_active":false,"_monsterinsights_sitenote_note":"","_monsterinsights_sitenote_category":0,"footnotes":""},"categories":[13],"tags":[1029,1028,1033,1032,1030,1031],"class_list":["post-8122","post","type-post","status-publish","format-standard","has-post-thumbnail","hentry","category-infos","tag-ausweis-verloren-spanien","tag-diebstahl-costa-blanca","tag-handy-gestohlen-urlaub","tag-notrufnummern-spanien-diebstahl","tag-polizei-anzeige-online-spanien","tag-rueckflug-ohne-ausweis"],"aioseo_notices":[],"_links":{"self":[{"href":"https:\/\/costablanca-magazin.com\/es\/wp-json\/wp\/v2\/posts\/8122","targetHints":{"allow":["GET"]}}],"collection":[{"href":"https:\/\/costablanca-magazin.com\/es\/wp-json\/wp\/v2\/posts"}],"about":[{"href":"https:\/\/costablanca-magazin.com\/es\/wp-json\/wp\/v2\/types\/post"}],"author":[{"embeddable":true,"href":"https:\/\/costablanca-magazin.com\/es\/wp-json\/wp\/v2\/users\/1"}],"replies":[{"embeddable":true,"href":"https:\/\/costablanca-magazin.com\/es\/wp-json\/wp\/v2\/comments?post=8122"}],"version-history":[{"count":7,"href":"https:\/\/costablanca-magazin.com\/es\/wp-json\/wp\/v2\/posts\/8122\/revisions"}],"predecessor-version":[{"id":10221,"href":"https:\/\/costablanca-magazin.com\/es\/wp-json\/wp\/v2\/posts\/8122\/revisions\/10221"}],"wp:featuredmedia":[{"embeddable":true,"href":"https:\/\/costablanca-magazin.com\/es\/wp-json\/wp\/v2\/media\/8126"}],"wp:attachment":[{"href":"https:\/\/costablanca-magazin.com\/es\/wp-json\/wp\/v2\/media?parent=8122"}],"wp:term":[{"taxonomy":"category","embeddable":true,"href":"https:\/\/costablanca-magazin.com\/es\/wp-json\/wp\/v2\/categories?post=8122"},{"taxonomy":"post_tag","embeddable":true,"href":"https:\/\/costablanca-magazin.com\/es\/wp-json\/wp\/v2\/tags?post=8122"}],"curies":[{"name":"wp","href":"https:\/\/api.w.org\/{rel}","templated":true}]}}