{"id":7995,"date":"2025-07-16T09:00:00","date_gmt":"2025-07-16T07:00:00","guid":{"rendered":"https:\/\/costablanca-magazin.com\/?p=7995"},"modified":"2026-08-20T08:19:17","modified_gmt":"2026-08-20T06:19:17","slug":"nuevo-registro-de-alquileres-en-espana-obligacion-de-registrar-los-alquileres-vacacionales","status":"publish","type":"post","link":"https:\/\/costablanca-magazin.com\/es\/immobilien\/service-recht\/neues-mietregister-spanien-registrierungs-pflicht-fuer-ferienvermietung\/","title":{"rendered":"Nuevo registro de alquileres Espa\u00f1a - registro obligatorio para alquileres vacacionales"},"content":{"rendered":"<div data-elementor-type=\"wp-post\" data-elementor-id=\"7995\" class=\"elementor elementor-7995\" data-elementor-post-type=\"post\">\n\t\t\t\t<div class=\"elementor-element elementor-element-ea2a2d5 e-flex e-con-boxed e-con e-parent\" data-id=\"ea2a2d5\" data-element_type=\"container\" data-e-type=\"container\">\n\t\t\t\t\t<div class=\"e-con-inner\">\n\t\t\t\t<div class=\"elementor-element elementor-element-9336df4 elementor-widget elementor-widget-heading\" data-id=\"9336df4\" data-element_type=\"widget\" data-e-type=\"widget\" data-widget_type=\"heading.default\">\n\t\t\t\t<div class=\"elementor-widget-container\">\n\t\t\t\t\t<h1 class=\"elementor-heading-title elementor-size-default\">Se pone en marcha un nuevo registro de alquileres:\nRegistro\nobligaci\u00f3n de\npisos de vacaciones<\/h1>\t\t\t\t<\/div>\n\t\t\t\t<\/div>\n\t\t\t\t<div class=\"elementor-element elementor-element-556f333 elementor-widget elementor-widget-image\" data-id=\"556f333\" data-element_type=\"widget\" data-e-type=\"widget\" data-widget_type=\"image.default\">\n\t\t\t\t<div class=\"elementor-widget-container\">\n\t\t\t\t\t\t\t\t\t\t\t\t\t\t\t<img decoding=\"async\" src=\"https:\/\/costablanca-magazin.com\/wp-content\/uploads\/elementor\/thumbs\/small-toy-houses-over-keyboard-2024-10-16-14-29-09-utc-rjc5gdv5og5vcg13c16b3o4wxr14yt7rg41xhatl0s.jpg\" title=\"Nuevo registro de alquileres: inscripci\u00f3n obligatoria para los pisos tur\u00edsticos\" alt=\"Se ha puesto en marcha un nuevo registro de alquileres: obligaci\u00f3n de registrar los apartamentos vacacionales\" loading=\"lazy\" \/>\t\t\t\t\t\t\t\t\t\t\t\t\t\t\t<\/div>\n\t\t\t\t<\/div>\n\t\t\t\t\t<\/div>\n\t\t\t\t<\/div>\n\t\t<div class=\"elementor-element elementor-element-74cf0c8 e-flex e-con-boxed e-con e-parent\" data-id=\"74cf0c8\" data-element_type=\"container\" data-e-type=\"container\">\n\t\t\t\t\t<div class=\"e-con-inner\">\n\t\t\t\t<div class=\"elementor-element elementor-element-7aefd07 elementor-widget elementor-widget-heading\" data-id=\"7aefd07\" data-element_type=\"widget\" data-e-type=\"widget\" data-widget_type=\"heading.default\">\n\t\t\t\t<div class=\"elementor-widget-container\">\n\t\t\t\t\t<h2 class=\"elementor-heading-title elementor-size-default\">Los propietarios deben informar de sus propiedades\nen l\u00ednea - sanciones elevadas\npor infracciones<\/h2>\t\t\t\t<\/div>\n\t\t\t\t<\/div>\n\t\t\t\t\t<\/div>\n\t\t\t\t<\/div>\n\t\t<div class=\"elementor-element elementor-element-e3b50e5 e-flex e-con-boxed e-con e-parent\" data-id=\"e3b50e5\" data-element_type=\"container\" data-e-type=\"container\">\n\t\t\t\t\t<div class=\"e-con-inner\">\n\t\t<div class=\"elementor-element elementor-element-f5a05ec e-con-full e-flex e-con e-child\" data-id=\"f5a05ec\" data-element_type=\"container\" data-e-type=\"container\">\n\t\t\t\t<div class=\"elementor-element elementor-element-ab6cf20 elementor-widget elementor-widget-text-editor\" data-id=\"ab6cf20\" data-element_type=\"widget\" data-e-type=\"widget\" data-widget_type=\"text-editor.default\">\n\t\t\t\t<div class=\"elementor-widget-container\">\n\t\t\t\t\t\t\t\t\t<p>La nueva normativa europea sobre alquileres de corta duraci\u00f3n est\u00e1 en vigor en Espa\u00f1a desde el 1 de julio. Obliga a los propietarios a inscribir sus alojamientos vacacionales y de temporada en un registro central para crear transparencia y controlar mejor las ofertas ilegales.<br \/>Seg\u00fan el Ministerio de Vivienda, en la actualidad hay varios cientos de miles de viviendas vacacionales que se anuncian regularmente en plataformas como Airbnb, Booking o Vrbo. Un n\u00famero especialmente elevado de estas propiedades se concentra en la provincia de Alicante: seg\u00fan las cifras actuales, m\u00e1s del 40% de todo el mercado espa\u00f1ol de viviendas vacacionales se encuentra solo aqu\u00ed.<\/p><p><strong>Qu\u00e9 alojamiento <\/strong><strong>\u00bfhay que registrarse?<\/strong><br \/>Todas las viviendas que se alquilen regularmente para estancias tur\u00edsticas o de temporada de menos de 31 d\u00edas deben registrarse, independientemente de que se comercialicen de forma privada o a trav\u00e9s de un agente. En el futuro, cada anuncio deber\u00e1 contener un n\u00famero de identificaci\u00f3n \u00fanico. Sin este c\u00f3digo, la publicaci\u00f3n en Internet est\u00e1 prohibida.<\/p><p>Quedan excluidos los arrendamientos de m\u00e1s de un mes con fines residenciales y las habitaciones alquiladas ocasionalmente en la propia residencia principal, salvo que la normativa regional disponga otra cosa.<\/p><p><strong>As\u00ed funciona el registro<\/strong><br \/>La notificaci\u00f3n se realiza a trav\u00e9s de la plataforma central Ventanilla \u00danica Digital de Arrendamientos, que agrupa las solicitudes y las remite a las autoridades responsables.<\/p><p>Paso a paso:<br \/>1. rellene el formulario en l\u00ednea con todos los datos sobre el inmueble, el propietario y el tipo de uso<br \/>2. Guarde el formulario en formato PDF.<br \/>3. presentar en l\u00ednea la solicitud de asignaci\u00f3n del n\u00famero de registro.<br \/>4. cargar todos los documentos requeridos, por ejemplo, autorizaciones o declaraciones de conformidad con la legislaci\u00f3n regional.<\/p>\t\t\t\t\t\t\t\t<\/div>\n\t\t\t\t<\/div>\n\t\t\t\t<\/div>\n\t\t<div class=\"elementor-element elementor-element-c94bec4 e-con-full e-flex e-con e-child\" data-id=\"c94bec4\" data-element_type=\"container\" data-e-type=\"container\">\n\t\t\t\t<div class=\"elementor-element elementor-element-62dfaca elementor-widget elementor-widget-text-editor\" data-id=\"62dfaca\" data-element_type=\"widget\" data-e-type=\"widget\" data-widget_type=\"text-editor.default\">\n\t\t\t\t<div class=\"elementor-widget-container\">\n\t\t\t\t\t\t\t\t\t<p>Tras la comprobaci\u00f3n, se asigna el n\u00famero de registro \u00fanico, que debe ser claramente visible en todos los anuncios.<\/p><p><strong>\u00bfQu\u00e9 informaci\u00f3n necesita?<\/strong><br \/>Entre otras cosas, se requiere lo siguiente:<br \/>- Direcci\u00f3n completa y referencia catastral<br \/>- Ocupaci\u00f3n m\u00e1xima<br \/>- Indicaci\u00f3n de si el inmueble est\u00e1 situado en un edificio de viviendas<br \/>- Pruebas de las autorizaciones municipales (si son necesarias)<br \/>- Datos personales del propietario o representante<\/p><p>El portal est\u00e1 disponible en varios idiomas: ingl\u00e9s, alem\u00e1n y franc\u00e9s.<\/p><p><strong>Sanciones por incumplimiento<\/strong><br \/>Quien a\u00fan no haya registrado su propiedad o facilite informaci\u00f3n incompleta se arriesga a consecuencias considerables: El Ministerio puede bloquear inmediatamente las propiedades no registradas. Plataformas como Airbnb o Booking deben retirar esos anuncios en un plazo de 48 horas desde que se les informa.<\/p><p>Desde mediados del a\u00f1o pasado, decenas de miles de pisos de vacaciones han desaparecido ya del mercado, sobre todo en las regiones costeras m\u00e1s populares.<\/p><p>Para los propietarios de viviendas en la Costa Blanca, si quiere seguir alquilando legalmente, debe cumplir con los requisitos de registro ahora. El esfuerzo que implica es manejable - pero las sanciones por incumplimiento son severas.<\/p><p><strong>Informaci\u00f3n detallada <\/strong><strong>y la posibilidad de <\/strong><br \/><strong>Solicitud en l\u00ednea <\/strong><strong>puede encontrarse en:<\/strong><br \/><strong><a href=\"https:\/\/www.registradores.org\" target=\"_blank\" rel=\"noopener\">https:\/\/www.registradores.org<\/a><\/strong><\/p>\t\t\t\t\t\t\t\t<\/div>\n\t\t\t\t<\/div>\n\t\t\t\t<\/div>\n\t\t\t\t\t<\/div>\n\t\t\t\t<\/div>\n\t\t\t\t<\/div>","protected":false},"excerpt":{"rendered":"<p>Neues Mietregister gestartet: Registrierungs- Pflicht f\u00fcr Ferienwohnungen Eigent\u00fcmer m\u00fcssen ihre Objekte online melden \u2013 hohe Strafen bei Verst\u00f6\u00dfen Seit dem 1. Juli ist in Spanien die neue europ\u00e4ische Verordnung f\u00fcr Kurzzeitvermietungen verbindlich in Kraft. Sie verpflichtet Eigen\u00adt\u00fcmer, ihre Ferien- und Saisonunterk\u00fcnfte in ein zentrales Register einzutragen, um Transparenz zu schaffen und illegale Angebote besser kontrollieren [&hellip;]<\/p>\n","protected":false},"author":2,"featured_media":8042,"comment_status":"closed","ping_status":"closed","sticky":false,"template":"elementor_header_footer","format":"standard","meta":{"footnotes":""},"categories":[984],"tags":[1804,1760,1793],"class_list":["post-7995","post","type-post","status-publish","format-standard","has-post-thumbnail","hentry","category-service-recht","tag-ferienvermietung-costa-blanca","tag-immobilienrecht-spanien","tag-recht-spanien"],"aioseo_notices":[],"aioseo_head":"\n\t\t<!-- All in One SEO Pro 5.0.1.1 - aioseo.com -->\n\t<meta name=\"description\" content=\"Ferienwohnungen - Eigent\u00fcmer m\u00fcssen ihre Objekte online melden \u2013 hohe Strafen bei Verst\u00f6\u00dfen\" \/>\n\t<meta name=\"robots\" content=\"max-snippet:-1, max-image-preview:large, max-video-preview:-1\" \/>\n\t<meta name=\"author\" content=\"Manuela Rehagel\"\/>\n\t<link rel=\"canonical\" href=\"https:\/\/costablanca-magazin.com\/es\/immobilien\/service-recht\/neues-mietregister-spanien-registrierungs-pflicht-fuer-ferienvermietung\/\" \/>\n\t<meta name=\"generator\" content=\"All in One SEO Pro (AIOSEO) 5.0.1.1\" \/>\n\t\t<meta property=\"og:locale\" content=\"es_ES\" \/>\n\t\t<meta property=\"og:site_name\" content=\"Costa Blanca Magazin\" \/>\n\t\t<meta property=\"og:type\" content=\"article\" \/>\n\t\t<meta property=\"og:title\" content=\"Neues Mietregister gestartet - Registrierungs-Pflicht\" \/>\n\t\t<meta property=\"og:description\" content=\"Ferienwohnungen - Eigent\u00fcmer m\u00fcssen ihre Objekte online melden \u2013 hohe Strafen bei Verst\u00f6\u00dfen\" \/>\n\t\t<meta property=\"og:url\" content=\"https:\/\/costablanca-magazin.com\/es\/immobilien\/service-recht\/neues-mietregister-spanien-registrierungs-pflicht-fuer-ferienvermietung\/\" \/>\n\t\t<meta property=\"og:image\" content=\"https:\/\/costablanca-magazin.com\/wp-content\/uploads\/2025\/07\/small-toy-houses-over-keyboard-2024-10-16-14-29-09-utc.jpg\" \/>\n\t\t<meta property=\"og:image:secure_url\" content=\"https:\/\/costablanca-magazin.com\/wp-content\/uploads\/2025\/07\/small-toy-houses-over-keyboard-2024-10-16-14-29-09-utc.jpg\" \/>\n\t\t<meta property=\"og:image:width\" content=\"2100\" \/>\n\t\t<meta property=\"og:image:height\" content=\"1400\" \/>\n\t\t<meta property=\"article:published_time\" content=\"2025-07-16T07:00:00+00:00\" \/>\n\t\t<meta property=\"article:modified_time\" content=\"2026-08-20T06:19:17+00:00\" \/>\n\t\t<meta property=\"article:publisher\" content=\"https:\/\/www.facebook.com\/costablancalifestyle\/\" \/>\n\t\t<meta name=\"twitter:card\" content=\"summary_large_image\" \/>\n\t\t<meta name=\"twitter:title\" content=\"Neues Mietregister gestartet - Registrierungs-Pflicht\" \/>\n\t\t<meta name=\"twitter:description\" content=\"Ferienwohnungen - Eigent\u00fcmer m\u00fcssen ihre Objekte online melden \u2013 hohe Strafen bei Verst\u00f6\u00dfen\" \/>\n\t\t<meta name=\"twitter:image\" content=\"https:\/\/costablanca-magazin.com\/wp-content\/uploads\/2025\/07\/small-toy-houses-over-keyboard-2024-10-16-14-29-09-utc.jpg\" \/>\n\t\t<script type=\"application\/ld+json\" class=\"aioseo-schema\">\n\t\t\t{\"@context\":\"https:\\\/\\\/schema.org\",\"@graph\":[{\"@type\":\"BreadcrumbList\",\"@id\":\"https:\\\/\\\/costablanca-magazin.com\\\/es\\\/immobilien\\\/service-recht\\\/neues-mietregister-spanien-registrierungs-pflicht-fuer-ferienvermietung\\\/#breadcrumblist\",\"itemListElement\":[{\"@type\":\"ListItem\",\"@id\":\"https:\\\/\\\/costablanca-magazin.com\\\/es#listItem\",\"position\":1,\"name\":\"Home\",\"item\":\"https:\\\/\\\/costablanca-magazin.com\\\/es\",\"nextItem\":{\"@type\":\"ListItem\",\"@id\":\"https:\\\/\\\/costablanca-magazin.com\\\/es\\\/inmobiliaria\\\/#listItem\",\"name\":\"Immobilien\"}},{\"@type\":\"ListItem\",\"@id\":\"https:\\\/\\\/costablanca-magazin.com\\\/es\\\/inmobiliaria\\\/#listItem\",\"position\":2,\"name\":\"Immobilien\",\"item\":\"https:\\\/\\\/costablanca-magazin.com\\\/es\\\/inmobiliaria\\\/\",\"nextItem\":{\"@type\":\"ListItem\",\"@id\":\"https:\\\/\\\/costablanca-magazin.com\\\/es\\\/servicio-legal\\\/#listItem\",\"name\":\"Service &amp; Recht\"},\"previousItem\":{\"@type\":\"ListItem\",\"@id\":\"https:\\\/\\\/costablanca-magazin.com\\\/es#listItem\",\"name\":\"Home\"}},{\"@type\":\"ListItem\",\"@id\":\"https:\\\/\\\/costablanca-magazin.com\\\/es\\\/servicio-legal\\\/#listItem\",\"position\":3,\"name\":\"Service &amp; Recht\",\"item\":\"https:\\\/\\\/costablanca-magazin.com\\\/es\\\/servicio-legal\\\/\",\"nextItem\":{\"@type\":\"ListItem\",\"@id\":\"https:\\\/\\\/costablanca-magazin.com\\\/es\\\/immobilien\\\/service-recht\\\/neues-mietregister-spanien-registrierungs-pflicht-fuer-ferienvermietung\\\/#listItem\",\"name\":\"Neues Mietregister Spanien &#8211; Registrierungs Pflicht fuer Ferienvermietung\"},\"previousItem\":{\"@type\":\"ListItem\",\"@id\":\"https:\\\/\\\/costablanca-magazin.com\\\/es\\\/inmobiliaria\\\/#listItem\",\"name\":\"Immobilien\"}},{\"@type\":\"ListItem\",\"@id\":\"https:\\\/\\\/costablanca-magazin.com\\\/es\\\/immobilien\\\/service-recht\\\/neues-mietregister-spanien-registrierungs-pflicht-fuer-ferienvermietung\\\/#listItem\",\"position\":4,\"name\":\"Neues Mietregister Spanien &#8211; Registrierungs Pflicht fuer Ferienvermietung\",\"previousItem\":{\"@type\":\"ListItem\",\"@id\":\"https:\\\/\\\/costablanca-magazin.com\\\/es\\\/servicio-legal\\\/#listItem\",\"name\":\"Service &amp; Recht\"}}]},{\"@type\":\"NewsArticle\",\"@id\":\"https:\\\/\\\/costablanca-magazin.com\\\/es\\\/immobilien\\\/service-recht\\\/neues-mietregister-spanien-registrierungs-pflicht-fuer-ferienvermietung\\\/#article\",\"name\":\"Neues Mietregister Spanien \\u2013 Registrierungs Pflicht fuer Ferienvermietung\",\"headline\":\"Neues Mietregister Spanien \\u2013 Registrierungs Pflicht fuer Ferienvermietung\",\"author\":{\"@id\":\"https:\\\/\\\/costablanca-magazin.com\\\/es\\\/author\\\/manuela\\\/#author\"},\"publisher\":{\"@id\":\"https:\\\/\\\/costablanca-magazin.com\\\/es\\\/#organization\"},\"image\":{\"@type\":\"ImageObject\",\"url\":\"https:\\\/\\\/costablanca-magazin.com\\\/wp-content\\\/uploads\\\/2025\\\/07\\\/small-toy-houses-over-keyboard-2024-10-16-14-29-09-utc.jpg\",\"width\":2100,\"height\":1400,\"caption\":\"Neues Mietregister Spanien \\u2013 Registrierungs Pflicht fuer Ferienvermietung\"},\"datePublished\":\"2025-07-16T09:00:00+02:00\",\"dateModified\":\"2026-08-20T08:19:17+02:00\",\"inLanguage\":\"es-ES\",\"mainEntityOfPage\":{\"@id\":\"https:\\\/\\\/costablanca-magazin.com\\\/es\\\/immobilien\\\/service-recht\\\/neues-mietregister-spanien-registrierungs-pflicht-fuer-ferienvermietung\\\/#webpage\"},\"isPartOf\":{\"@id\":\"https:\\\/\\\/costablanca-magazin.com\\\/es\\\/immobilien\\\/service-recht\\\/neues-mietregister-spanien-registrierungs-pflicht-fuer-ferienvermietung\\\/#webpage\"},\"articleSection\":\"Service &amp; Recht, Ferienvermietung, Immobilienrecht Spanien, Recht\"},{\"@type\":\"Person\",\"@id\":\"https:\\\/\\\/costablanca-magazin.com\\\/es\\\/author\\\/manuela\\\/#author\",\"url\":\"https:\\\/\\\/costablanca-magazin.com\\\/es\\\/author\\\/manuela\\\/\",\"name\":\"Manuela Rehagel\",\"description\":\"Journalistin, Marketingleiterin und Redaktionsleitung Manuela Rehagel ist Journalistin, Marketingleiterin der Mediagroup Balear und redaktionell f\\u00fcr das Costablanca Magazin t\\u00e4tig. Seit 19 Jahren lebt und arbeitet sie in Spanien und verbindet journalistische Themenplanung mit Online-Marketing, Markenentwicklung und crossmedialer Medienarbeit. F\\u00fcr das Costablanca Magazin begleitet sie Inhalte rund um Leben, Immobilien, Wirtschaft, Service, Recht, Veranstaltungen und regionale Entwicklungen an der Costa Blanca. Dabei richtet sich ihr Blick besonders auf Themen, die f\\u00fcr internationale Residenten, Immobilieneigent\\u00fcmer, Unternehmer und Langzeiturlauber relevant sind. Vor ihrer T\\u00e4tigkeit in Spanien war Manuela Rehagel rund 20 Jahre im Vertrieb in Deutschland t\\u00e4tig, unter anderem in der Vertriebsleitung f\\u00fcr Gesch\\u00e4ftskunden. Diese Erfahrung pr\\u00e4gt ihre Arbeit bis heute: Redaktion, Marketing und Vertrieb werden als Zusammenspiel aus relevanten Inhalten, klarer Positionierung und wirtschaftlicher Medienentwicklung verstanden.\",\"jobTitle\":\"Marketing Leitung , Redaktion\"},{\"@type\":\"WebPage\",\"@id\":\"https:\\\/\\\/costablanca-magazin.com\\\/es\\\/immobilien\\\/service-recht\\\/neues-mietregister-spanien-registrierungs-pflicht-fuer-ferienvermietung\\\/#webpage\",\"url\":\"https:\\\/\\\/costablanca-magazin.com\\\/es\\\/immobilien\\\/service-recht\\\/neues-mietregister-spanien-registrierungs-pflicht-fuer-ferienvermietung\\\/\",\"name\":\"Neues Mietregister gestartet - Registrierungs-Pflicht\",\"description\":\"Ferienwohnungen - Eigent\\u00fcmer m\\u00fcssen ihre Objekte online melden \\u2013 hohe Strafen bei Verst\\u00f6\\u00dfen\",\"inLanguage\":\"es-ES\",\"isPartOf\":{\"@id\":\"https:\\\/\\\/costablanca-magazin.com\\\/es\\\/#website\"},\"breadcrumb\":{\"@id\":\"https:\\\/\\\/costablanca-magazin.com\\\/es\\\/immobilien\\\/service-recht\\\/neues-mietregister-spanien-registrierungs-pflicht-fuer-ferienvermietung\\\/#breadcrumblist\"},\"author\":{\"@id\":\"https:\\\/\\\/costablanca-magazin.com\\\/es\\\/author\\\/manuela\\\/#author\"},\"creator\":{\"@id\":\"https:\\\/\\\/costablanca-magazin.com\\\/es\\\/author\\\/manuela\\\/#author\"},\"image\":{\"@type\":\"ImageObject\",\"url\":\"https:\\\/\\\/costablanca-magazin.com\\\/wp-content\\\/uploads\\\/2025\\\/07\\\/small-toy-houses-over-keyboard-2024-10-16-14-29-09-utc.jpg\",\"@id\":\"https:\\\/\\\/costablanca-magazin.com\\\/es\\\/immobilien\\\/service-recht\\\/neues-mietregister-spanien-registrierungs-pflicht-fuer-ferienvermietung\\\/#mainImage\",\"width\":2100,\"height\":1400,\"caption\":\"Neues Mietregister Spanien \\u2013 Registrierungs Pflicht fuer Ferienvermietung\"},\"primaryImageOfPage\":{\"@id\":\"https:\\\/\\\/costablanca-magazin.com\\\/es\\\/immobilien\\\/service-recht\\\/neues-mietregister-spanien-registrierungs-pflicht-fuer-ferienvermietung\\\/#mainImage\"},\"datePublished\":\"2025-07-16T09:00:00+02:00\",\"dateModified\":\"2026-08-20T08:19:17+02:00\",\"mainEntity\":{\"@id\":\"https:\\\/\\\/costablanca-magazin.com\\\/es\\\/immobilien\\\/service-recht\\\/neues-mietregister-spanien-registrierungs-pflicht-fuer-ferienvermietung\\\/#article\"}},{\"@type\":\"WebSite\",\"@id\":\"https:\\\/\\\/costablanca-magazin.com\\\/es\\\/#website\",\"url\":\"https:\\\/\\\/costablanca-magazin.com\\\/es\\\/\",\"name\":\"Costa Blanca Magazin\",\"description\":\"Costa Blanca - alles um das Leben und die Freizeit an der K\\u00fcste\",\"inLanguage\":\"es-ES\",\"publisher\":{\"@id\":\"https:\\\/\\\/costablanca-magazin.com\\\/es\\\/#organization\"},\"potentialAction\":{\"@type\":\"SearchAction\",\"target\":\"https:\\\/\\\/costablanca-magazin.com\\\/es\\\/?s={search_term_string}\",\"query-input\":\"required name=search_term_string\"}},{\"@type\":[\"Organization\",\"NewsMediaOrganization\"],\"@id\":\"https:\\\/\\\/costablanca-magazin.com\\\/es\\\/#organization\",\"name\":\"Costa Blanca Magazin\",\"description\":\"Costa Blanca Magazin\",\"url\":\"https:\\\/\\\/costablanca-magazin.com\\\/es\\\/\",\"email\":\"info@costablanca-magazin.com\",\"telephone\":\"+34 663 946 871\",\"logo\":{\"@type\":\"ImageObject\",\"url\":\"https:\\\/\\\/costablanca-magazin.com\\\/wp-content\\\/uploads\\\/2024\\\/05\\\/logo.jpg\",\"@id\":\"https:\\\/\\\/costablanca-magazin.com\\\/es\\\/immobilien\\\/service-recht\\\/neues-mietregister-spanien-registrierungs-pflicht-fuer-ferienvermietung\\\/#organizationLogo\",\"width\":1605,\"height\":236,\"caption\":\"Costa Blanca Magazin\"},\"image\":{\"@id\":\"https:\\\/\\\/costablanca-magazin.com\\\/es\\\/immobilien\\\/service-recht\\\/neues-mietregister-spanien-registrierungs-pflicht-fuer-ferienvermietung\\\/#organizationLogo\"},\"sameAs\":[\"https:\\\/\\\/www.facebook.com\\\/costablancalifestyle\\\/\",\"https:\\\/\\\/www.instagram.com\\\/costablancamagazin\\\/\"]}]}\n\t\t<\/script>\n\t\t<!-- All in One SEO Pro -->\r\n\t\t<title>Neues Mietregister gestartet - Registrierungs-Pflicht<\/title>\n\n","aioseo_head_json":{"title":"Se ha puesto en marcha un nuevo registro de alquileres: obligaci\u00f3n de registrarse","description":"Apartamentos vacacionales: los propietarios deben registrar sus inmuebles en l\u00ednea; se aplicar\u00e1n sanciones elevadas en caso de incumplimiento.","canonical_url":"https:\/\/costablanca-magazin.com\/es\/immobilien\/service-recht\/neues-mietregister-spanien-registrierungs-pflicht-fuer-ferienvermietung\/","robots":"max-snippet:-1, max-image-preview:large, max-video-preview:-1","keywords":"","webmasterTools":{"miscellaneous":""},"schema":{"@context":"https:\/\/schema.org","@graph":[{"@type":"BreadcrumbList","@id":"https:\/\/costablanca-magazin.com\/es\/immobilien\/service-recht\/neues-mietregister-spanien-registrierungs-pflicht-fuer-ferienvermietung\/#breadcrumblist","itemListElement":[{"@type":"ListItem","@id":"https:\/\/costablanca-magazin.com\/es#listItem","position":1,"name":"Home","item":"https:\/\/costablanca-magazin.com\/es","nextItem":{"@type":"ListItem","@id":"https:\/\/costablanca-magazin.com\/es\/inmobiliaria\/#listItem","name":"Immobilien"}},{"@type":"ListItem","@id":"https:\/\/costablanca-magazin.com\/es\/inmobiliaria\/#listItem","position":2,"name":"Immobilien","item":"https:\/\/costablanca-magazin.com\/es\/inmobiliaria\/","nextItem":{"@type":"ListItem","@id":"https:\/\/costablanca-magazin.com\/es\/servicio-legal\/#listItem","name":"Service &amp; Recht"},"previousItem":{"@type":"ListItem","@id":"https:\/\/costablanca-magazin.com\/es#listItem","name":"Home"}},{"@type":"ListItem","@id":"https:\/\/costablanca-magazin.com\/es\/servicio-legal\/#listItem","position":3,"name":"Service &amp; Recht","item":"https:\/\/costablanca-magazin.com\/es\/servicio-legal\/","nextItem":{"@type":"ListItem","@id":"https:\/\/costablanca-magazin.com\/es\/immobilien\/service-recht\/neues-mietregister-spanien-registrierungs-pflicht-fuer-ferienvermietung\/#listItem","name":"Neues Mietregister Spanien &#8211; Registrierungs Pflicht fuer Ferienvermietung"},"previousItem":{"@type":"ListItem","@id":"https:\/\/costablanca-magazin.com\/es\/inmobiliaria\/#listItem","name":"Immobilien"}},{"@type":"ListItem","@id":"https:\/\/costablanca-magazin.com\/es\/immobilien\/service-recht\/neues-mietregister-spanien-registrierungs-pflicht-fuer-ferienvermietung\/#listItem","position":4,"name":"Neues Mietregister Spanien &#8211; Registrierungs Pflicht fuer Ferienvermietung","previousItem":{"@type":"ListItem","@id":"https:\/\/costablanca-magazin.com\/es\/servicio-legal\/#listItem","name":"Service &amp; Recht"}}]},{"@type":"NewsArticle","@id":"https:\/\/costablanca-magazin.com\/es\/immobilien\/service-recht\/neues-mietregister-spanien-registrierungs-pflicht-fuer-ferienvermietung\/#article","name":"Neues Mietregister Spanien \u2013 Registrierungs Pflicht fuer Ferienvermietung","headline":"Neues Mietregister Spanien \u2013 Registrierungs Pflicht fuer Ferienvermietung","author":{"@id":"https:\/\/costablanca-magazin.com\/es\/author\/manuela\/#author"},"publisher":{"@id":"https:\/\/costablanca-magazin.com\/es\/#organization"},"image":{"@type":"ImageObject","url":"https:\/\/costablanca-magazin.com\/wp-content\/uploads\/2025\/07\/small-toy-houses-over-keyboard-2024-10-16-14-29-09-utc.jpg","width":2100,"height":1400,"caption":"Neues Mietregister Spanien \u2013 Registrierungs Pflicht fuer Ferienvermietung"},"datePublished":"2025-07-16T09:00:00+02:00","dateModified":"2026-08-20T08:19:17+02:00","inLanguage":"es-ES","mainEntityOfPage":{"@id":"https:\/\/costablanca-magazin.com\/es\/immobilien\/service-recht\/neues-mietregister-spanien-registrierungs-pflicht-fuer-ferienvermietung\/#webpage"},"isPartOf":{"@id":"https:\/\/costablanca-magazin.com\/es\/immobilien\/service-recht\/neues-mietregister-spanien-registrierungs-pflicht-fuer-ferienvermietung\/#webpage"},"articleSection":"Service &amp; Recht, Ferienvermietung, Immobilienrecht Spanien, Recht"},{"@type":"Person","@id":"https:\/\/costablanca-magazin.com\/es\/author\/manuela\/#author","url":"https:\/\/costablanca-magazin.com\/es\/author\/manuela\/","name":"Manuela Rehagel","description":"Journalistin, Marketingleiterin und Redaktionsleitung Manuela Rehagel ist Journalistin, Marketingleiterin der Mediagroup Balear und redaktionell f\u00fcr das Costablanca Magazin t\u00e4tig. Seit 19 Jahren lebt und arbeitet sie in Spanien und verbindet journalistische Themenplanung mit Online-Marketing, Markenentwicklung und crossmedialer Medienarbeit. F\u00fcr das Costablanca Magazin begleitet sie Inhalte rund um Leben, Immobilien, Wirtschaft, Service, Recht, Veranstaltungen und regionale Entwicklungen an der Costa Blanca. Dabei richtet sich ihr Blick besonders auf Themen, die f\u00fcr internationale Residenten, Immobilieneigent\u00fcmer, Unternehmer und Langzeiturlauber relevant sind. Vor ihrer T\u00e4tigkeit in Spanien war Manuela Rehagel rund 20 Jahre im Vertrieb in Deutschland t\u00e4tig, unter anderem in der Vertriebsleitung f\u00fcr Gesch\u00e4ftskunden. Diese Erfahrung pr\u00e4gt ihre Arbeit bis heute: Redaktion, Marketing und Vertrieb werden als Zusammenspiel aus relevanten Inhalten, klarer Positionierung und wirtschaftlicher Medienentwicklung verstanden.","jobTitle":"Marketing Leitung , Redaktion"},{"@type":"WebPage","@id":"https:\/\/costablanca-magazin.com\/es\/immobilien\/service-recht\/neues-mietregister-spanien-registrierungs-pflicht-fuer-ferienvermietung\/#webpage","url":"https:\/\/costablanca-magazin.com\/es\/immobilien\/service-recht\/neues-mietregister-spanien-registrierungs-pflicht-fuer-ferienvermietung\/","name":"Neues Mietregister gestartet - Registrierungs-Pflicht","description":"Ferienwohnungen - Eigent\u00fcmer m\u00fcssen ihre Objekte online melden \u2013 hohe Strafen bei Verst\u00f6\u00dfen","inLanguage":"es-ES","isPartOf":{"@id":"https:\/\/costablanca-magazin.com\/es\/#website"},"breadcrumb":{"@id":"https:\/\/costablanca-magazin.com\/es\/immobilien\/service-recht\/neues-mietregister-spanien-registrierungs-pflicht-fuer-ferienvermietung\/#breadcrumblist"},"author":{"@id":"https:\/\/costablanca-magazin.com\/es\/author\/manuela\/#author"},"creator":{"@id":"https:\/\/costablanca-magazin.com\/es\/author\/manuela\/#author"},"image":{"@type":"ImageObject","url":"https:\/\/costablanca-magazin.com\/wp-content\/uploads\/2025\/07\/small-toy-houses-over-keyboard-2024-10-16-14-29-09-utc.jpg","@id":"https:\/\/costablanca-magazin.com\/es\/immobilien\/service-recht\/neues-mietregister-spanien-registrierungs-pflicht-fuer-ferienvermietung\/#mainImage","width":2100,"height":1400,"caption":"Neues Mietregister Spanien \u2013 Registrierungs Pflicht fuer Ferienvermietung"},"primaryImageOfPage":{"@id":"https:\/\/costablanca-magazin.com\/es\/immobilien\/service-recht\/neues-mietregister-spanien-registrierungs-pflicht-fuer-ferienvermietung\/#mainImage"},"datePublished":"2025-07-16T09:00:00+02:00","dateModified":"2026-08-20T08:19:17+02:00","mainEntity":{"@id":"https:\/\/costablanca-magazin.com\/es\/immobilien\/service-recht\/neues-mietregister-spanien-registrierungs-pflicht-fuer-ferienvermietung\/#article"}},{"@type":"WebSite","@id":"https:\/\/costablanca-magazin.com\/es\/#website","url":"https:\/\/costablanca-magazin.com\/es\/","name":"Costa Blanca Magazin","description":"Costa Blanca - alles um das Leben und die Freizeit an der K\u00fcste","inLanguage":"es-ES","publisher":{"@id":"https:\/\/costablanca-magazin.com\/es\/#organization"},"potentialAction":{"@type":"SearchAction","target":"https:\/\/costablanca-magazin.com\/es\/?s={search_term_string}","query-input":"required name=search_term_string"}},{"@type":["Organization","NewsMediaOrganization"],"@id":"https:\/\/costablanca-magazin.com\/es\/#organization","name":"Costa Blanca Magazin","description":"Costa Blanca Magazin","url":"https:\/\/costablanca-magazin.com\/es\/","email":"info@costablanca-magazin.com","telephone":"+34 663 946 871","logo":{"@type":"ImageObject","url":"https:\/\/costablanca-magazin.com\/wp-content\/uploads\/2024\/05\/logo.jpg","@id":"https:\/\/costablanca-magazin.com\/es\/immobilien\/service-recht\/neues-mietregister-spanien-registrierungs-pflicht-fuer-ferienvermietung\/#organizationLogo","width":1605,"height":236,"caption":"Costa Blanca Magazin"},"image":{"@id":"https:\/\/costablanca-magazin.com\/es\/immobilien\/service-recht\/neues-mietregister-spanien-registrierungs-pflicht-fuer-ferienvermietung\/#organizationLogo"},"sameAs":["https:\/\/www.facebook.com\/costablancalifestyle\/","https:\/\/www.instagram.com\/costablancamagazin\/"]}]},"og:locale":"es_ES","og:site_name":"Costa Blanca Magazin","og:type":"article","og:title":"Neues Mietregister gestartet - Registrierungs-Pflicht","og:description":"Ferienwohnungen - Eigent\u00fcmer m\u00fcssen ihre Objekte online melden \u2013 hohe Strafen bei Verst\u00f6\u00dfen","og:url":"https:\/\/costablanca-magazin.com\/es\/immobilien\/service-recht\/neues-mietregister-spanien-registrierungs-pflicht-fuer-ferienvermietung\/","og:image":"https:\/\/costablanca-magazin.com\/wp-content\/uploads\/2025\/07\/small-toy-houses-over-keyboard-2024-10-16-14-29-09-utc.jpg","og:image:secure_url":"https:\/\/costablanca-magazin.com\/wp-content\/uploads\/2025\/07\/small-toy-houses-over-keyboard-2024-10-16-14-29-09-utc.jpg","og:image:width":2100,"og:image:height":1400,"article:published_time":"2025-07-16T07:00:00+00:00","article:modified_time":"2026-08-20T06:19:17+00:00","article:publisher":"https:\/\/www.facebook.com\/costablancalifestyle\/","twitter:card":"summary_large_image","twitter:title":"Neues Mietregister gestartet - Registrierungs-Pflicht","twitter:description":"Ferienwohnungen - Eigent\u00fcmer m\u00fcssen ihre Objekte online melden \u2013 hohe Strafen bei Verst\u00f6\u00dfen","twitter:image":"https:\/\/costablanca-magazin.com\/wp-content\/uploads\/2025\/07\/small-toy-houses-over-keyboard-2024-10-16-14-29-09-utc.jpg"},"aioseo_meta_data":{"post_id":"7995","title":"Se ha puesto en marcha un nuevo registro de alquileres: obligaci\u00f3n de registrarse","description":"Apartamentos vacacionales: los propietarios deben registrar sus inmuebles en l\u00ednea; se aplicar\u00e1n sanciones elevadas en caso de incumplimiento.","keywords":null,"keyphrases":{"focus":[],"additional":[]},"primary_term":null,"canonical_url":null,"og_title":null,"og_description":null,"og_object_type":"default","og_image_type":"default","og_image_url":null,"og_image_width":null,"og_image_height":null,"og_image_custom_url":null,"og_image_custom_fields":null,"og_video":"","og_custom_url":null,"og_article_section":null,"og_article_tags":null,"twitter_use_og":false,"twitter_card":"default","twitter_image_type":"default","twitter_image_url":null,"twitter_image_custom_url":null,"twitter_image_custom_fields":null,"twitter_title":null,"twitter_description":null,"schema":{"blockGraphs":[],"customGraphs":[],"default":{"data":{"Article":[],"Course":[],"Dataset":[],"FAQPage":[],"Movie":[],"Person":[],"Product":[],"ProductReview":[],"Car":[],"Recipe":[],"Service":[],"SoftwareApplication":[],"WebPage":[]},"graphName":"BlogPosting","isEnabled":true},"graphs":[]},"schema_type":"default","schema_type_options":null,"pillar_content":false,"robots_default":true,"robots_noindex":false,"robots_noarchive":false,"robots_nosnippet":false,"robots_nofollow":false,"robots_noimageindex":false,"robots_noodp":false,"robots_notranslate":false,"robots_max_snippet":"-1","robots_max_videopreview":"-1","robots_max_imagepreview":"large","priority":null,"frequency":"default","local_seo":null,"seo_analyzer_scan_date":"2026-08-20 06:19:27","breadcrumb_settings":null,"limit_modified_date":false,"reviewed_by":null,"open_ai":null,"ai":null,"created":"2025-07-14 09:15:19","updated":"2026-08-20 09:55:02","focus_keyword":null,"additional_keywords":null,"truseo_locale":null},"aioseo_breadcrumb":"<div class=\"aioseo-breadcrumbs\"><span class=\"aioseo-breadcrumb\">\n\t<a href=\"https:\/\/costablanca-magazin.com\/es\" title=\"Home\">Home<\/a>\n<\/span><span class=\"aioseo-breadcrumb-separator\">&raquo;<\/span><span class=\"aioseo-breadcrumb\">\n\t<a href=\"https:\/\/costablanca-magazin.com\/es\/inmobiliaria\/\" title=\"Immobilien\">Immobilien<\/a>\n<\/span><span class=\"aioseo-breadcrumb-separator\">&raquo;<\/span><span class=\"aioseo-breadcrumb\">\n\t<a href=\"https:\/\/costablanca-magazin.com\/es\/servicio-legal\/\" title=\"Service &amp; Recht\">Service &amp; Recht<\/a>\n<\/span><span class=\"aioseo-breadcrumb-separator\">&raquo;<\/span><span class=\"aioseo-breadcrumb\">\n\tNeues Mietregister Spanien \u2013 Registrierungs Pflicht fuer Ferienvermietung\n<\/span><\/div>","aioseo_breadcrumb_json":[{"label":"Home","link":"https:\/\/costablanca-magazin.com\/es"},{"label":"Immobilien","link":"https:\/\/costablanca-magazin.com\/es\/inmobiliaria\/"},{"label":"Service &amp; Recht","link":"https:\/\/costablanca-magazin.com\/es\/servicio-legal\/"},{"label":"Neues Mietregister Spanien &#8211; Registrierungs Pflicht fuer Ferienvermietung","link":"https:\/\/costablanca-magazin.com\/es\/immobilien\/service-recht\/neues-mietregister-spanien-registrierungs-pflicht-fuer-ferienvermietung\/"}],"_links":{"self":[{"href":"https:\/\/costablanca-magazin.com\/es\/wp-json\/wp\/v2\/posts\/7995","targetHints":{"allow":["GET"]}}],"collection":[{"href":"https:\/\/costablanca-magazin.com\/es\/wp-json\/wp\/v2\/posts"}],"about":[{"href":"https:\/\/costablanca-magazin.com\/es\/wp-json\/wp\/v2\/types\/post"}],"author":[{"embeddable":true,"href":"https:\/\/costablanca-magazin.com\/es\/wp-json\/wp\/v2\/users\/2"}],"replies":[{"embeddable":true,"href":"https:\/\/costablanca-magazin.com\/es\/wp-json\/wp\/v2\/comments?post=7995"}],"version-history":[{"count":9,"href":"https:\/\/costablanca-magazin.com\/es\/wp-json\/wp\/v2\/posts\/7995\/revisions"}],"predecessor-version":[{"id":10236,"href":"https:\/\/costablanca-magazin.com\/es\/wp-json\/wp\/v2\/posts\/7995\/revisions\/10236"}],"wp:featuredmedia":[{"embeddable":true,"href":"https:\/\/costablanca-magazin.com\/es\/wp-json\/wp\/v2\/media\/8042"}],"wp:attachment":[{"href":"https:\/\/costablanca-magazin.com\/es\/wp-json\/wp\/v2\/media?parent=7995"}],"wp:term":[{"taxonomy":"category","embeddable":true,"href":"https:\/\/costablanca-magazin.com\/es\/wp-json\/wp\/v2\/categories?post=7995"},{"taxonomy":"post_tag","embeddable":true,"href":"https:\/\/costablanca-magazin.com\/es\/wp-json\/wp\/v2\/tags?post=7995"}],"curies":[{"name":"wp","href":"https:\/\/api.w.org\/{rel}","templated":true}]}}