{"id":7817,"date":"2025-06-28T09:00:00","date_gmt":"2025-06-28T07:00:00","guid":{"rendered":"https:\/\/costablanca-magazin.com\/?p=7817"},"modified":"2026-03-10T08:28:29","modified_gmt":"2026-03-10T07:28:29","slug":"playas-adaptadas-para-personas-con-discapacidad-en-la-costa-blanca","status":"publish","type":"post","link":"https:\/\/costablanca-magazin.com\/es\/freizeit\/straende-buchten\/behindertengerechte-straende-an-der-costa-blanca\/","title":{"rendered":"Al mar en la Costa Blanca sin barreras"},"content":{"rendered":"<div data-elementor-type=\"wp-post\" data-elementor-id=\"7817\" class=\"elementor elementor-7817\" data-elementor-post-type=\"post\">\n\t\t\t\t<div class=\"elementor-element elementor-element-9f5b194 e-flex e-con-boxed e-con e-parent\" data-id=\"9f5b194\" data-element_type=\"container\" data-e-type=\"container\">\n\t\t\t\t\t<div class=\"e-con-inner\">\n\t\t\t\t<div class=\"elementor-element elementor-element-93981cc elementor-widget elementor-widget-heading\" data-id=\"93981cc\" data-element_type=\"widget\" data-e-type=\"widget\" data-widget_type=\"heading.default\">\n\t\t\t\t<div class=\"elementor-widget-container\">\n\t\t\t\t\t<h1 class=\"elementor-heading-title elementor-size-default\">Sin obst\u00e1culos\nal mar en la Costa Blanca<\/h1>\t\t\t\t<\/div>\n\t\t\t\t<\/div>\n\t\t\t\t<div class=\"elementor-element elementor-element-2982f74 elementor-widget elementor-widget-image\" data-id=\"2982f74\" data-element_type=\"widget\" data-e-type=\"widget\" data-widget_type=\"image.default\">\n\t\t\t\t<div class=\"elementor-widget-container\">\n\t\t\t\t\t\t\t\t\t\t\t\t\t\t\t<img decoding=\"async\" src=\"https:\/\/costablanca-magazin.com\/wp-content\/uploads\/elementor\/thumbs\/outdoor-activity-travel-by-wheelchair-with-diverse-2025-01-09-08-18-39-utc-e1750595327138-rjc5hbpcihg6yenxufsvlflibmecnwy3krjer9fess.jpg\" title=\"Al mar sin obst\u00e1culos\" alt=\"Sin obst\u00e1culos hacia el mar\" loading=\"lazy\" \/>\t\t\t\t\t\t\t\t\t\t\t\t\t\t\t<\/div>\n\t\t\t\t<\/div>\n\t\t\t\t<div class=\"elementor-element elementor-element-90e5656 elementor-widget elementor-widget-heading\" data-id=\"90e5656\" data-element_type=\"widget\" data-e-type=\"widget\" data-widget_type=\"heading.default\">\n\t\t\t\t<div class=\"elementor-widget-container\">\n\t\t\t\t\t<h2 class=\"elementor-heading-title elementor-size-default\">TOP 6 playas sin barreras<\/h2>\t\t\t\t<\/div>\n\t\t\t\t<\/div>\n\t\t\t\t<div class=\"elementor-element elementor-element-8b0dd42 elementor-widget elementor-widget-text-editor\" data-id=\"8b0dd42\" data-element_type=\"widget\" data-e-type=\"widget\" data-widget_type=\"text-editor.default\">\n\t\t\t\t<div class=\"elementor-widget-container\">\n\t\t\t\t\t\t\t\t\t<p>La Costa Blanca ofrece numerosas playas especialmente adaptadas a las necesidades y sin barreras de las personas con movilidad reducida. <br \/>Las instalaciones sin barreras son accesibles para personas discapacitadas y suelen estar disponibles de julio a septiembre; en algunos casos es necesario reservar. <br \/>Todas las playas disponen de pasarelas de madera, instalaciones sanitarias adaptadas y sillas de ruedas anfibias.\u00a0<\/p>\t\t\t\t\t\t\t\t<\/div>\n\t\t\t\t<\/div>\n\t\t\t\t\t<\/div>\n\t\t\t\t<\/div>\n\t\t<div class=\"elementor-element elementor-element-46650bd e-flex e-con-boxed e-con e-parent\" data-id=\"46650bd\" data-element_type=\"container\" data-e-type=\"container\">\n\t\t\t\t\t<div class=\"e-con-inner\">\n\t\t\t\t<div class=\"elementor-element elementor-element-2382781 elementor-widget-divider--view-line_icon elementor-widget-divider--separator-type-pattern elementor-view-default elementor-widget-divider--element-align-center elementor-widget elementor-widget-divider\" data-id=\"2382781\" data-element_type=\"widget\" data-e-type=\"widget\" data-widget_type=\"divider.default\">\n\t\t\t\t<div class=\"elementor-widget-container\">\n\t\t\t\t\t\t\t<div class=\"elementor-divider\" style=\"--divider-pattern-url: url(&quot;data:image\/svg+xml,%3Csvg xmlns=&#039;http:\/\/www.w3.org\/2000\/svg&#039; preserveAspectRatio=&#039;none&#039; overflow=&#039;visible&#039; height=&#039;100%&#039; viewBox=&#039;0 0 24 24&#039; fill=&#039;none&#039; stroke=&#039;black&#039; stroke-width=&#039;2&#039; stroke-linecap=&#039;square&#039; stroke-miterlimit=&#039;10&#039;%3E%3Cpath d=&#039;M0,6c6,0,0.9,11.1,6.9,11.1S18,6,24,6&#039;\/%3E%3C\/svg%3E&quot;);\">\n\t\t\t<span class=\"elementor-divider-separator\">\n\t\t\t\t\t\t\t<div class=\"elementor-icon elementor-divider__element\">\n\t\t\t\t\t<svg aria-hidden=\"true\" class=\"e-font-icon-svg e-fas-umbrella-beach\" viewbox=\"0 0 640 512\" xmlns=\"http:\/\/www.w3.org\/2000\/svg\"><path d=\"M115.38 136.9l102.11 37.18c35.19-81.54 86.21-144.29 139-173.7-95.88-4.89-188.78 36.96-248.53 111.8-6.69 8.4-2.66 21.05 7.42 24.72zm132.25 48.16l238.48 86.83c35.76-121.38 18.7-231.66-42.63-253.98-7.4-2.7-15.13-4-23.09-4-58.02.01-128.27 69.17-172.76 171.15zM521.48 60.5c6.22 16.3 10.83 34.6 13.2 55.19 5.74 49.89-1.42 108.23-18.95 166.98l102.62 37.36c10.09 3.67 21.31-3.43 21.57-14.17 2.32-95.69-41.91-187.44-118.44-245.36zM560 447.98H321.06L386 269.5l-60.14-21.9-72.9 200.37H16c-8.84 0-16 7.16-16 16.01v32.01C0 504.83 7.16 512 16 512h544c8.84 0 16-7.17 16-16.01v-32.01c0-8.84-7.16-16-16-16z\"><\/path><\/svg><\/div>\n\t\t\t\t\t\t<\/span>\n\t\t<\/div>\n\t\t\t\t\t\t<\/div>\n\t\t\t\t<\/div>\n\t\t\t\t\t<\/div>\n\t\t\t\t<\/div>\n\t\t<div class=\"elementor-element elementor-element-1b5bba8 e-flex e-con-boxed e-con e-parent\" data-id=\"1b5bba8\" data-element_type=\"container\" data-e-type=\"container\">\n\t\t\t\t\t<div class=\"e-con-inner\">\n\t\t<div class=\"elementor-element elementor-element-31b8c23 e-con-full e-flex e-con e-child\" data-id=\"31b8c23\" data-element_type=\"container\" data-e-type=\"container\">\n\t\t\t\t<div class=\"elementor-element elementor-element-d6ca489 elementor-widget elementor-widget-heading\" data-id=\"d6ca489\" data-element_type=\"widget\" data-e-type=\"widget\" data-widget_type=\"heading.default\">\n\t\t\t\t<div class=\"elementor-widget-container\">\n\t\t\t\t\t<h4 class=\"elementor-heading-title elementor-size-default\">Playa del Arenal - J\u00e1vea<\/h4>\t\t\t\t<\/div>\n\t\t\t\t<\/div>\n\t\t\t\t<div class=\"elementor-element elementor-element-9c59bc9 elementor-widget elementor-widget-text-editor\" data-id=\"9c59bc9\" data-element_type=\"widget\" data-e-type=\"widget\" data-widget_type=\"text-editor.default\">\n\t\t\t\t<div class=\"elementor-widget-container\">\n\t\t\t\t\t\t\t\t\t<p>La Playa del Arenal es la \u00fanica playa de arena de J\u00e1vea que ofrece completas instalaciones sin barreras. Un \u00e1rea especialmente equipada en la parte sur de la playa es atendida por la estaci\u00f3n local de la Cruz Roja y proporciona sillas de ruedas anfibias y ayudas para caminar. Tambi\u00e9n hay aseos adaptados con duchas y vestuarios. El servicio gratuito est\u00e1 disponible todos los d\u00edas de 11:00 a 19:00 entre el 1 de julio y el 15 de septiembre, pero requiere reserva previa.<\/p>\t\t\t\t\t\t\t\t<\/div>\n\t\t\t\t<\/div>\n\t\t\t\t<\/div>\n\t\t<div class=\"elementor-element elementor-element-5b814b6 e-con-full e-flex e-con e-child\" data-id=\"5b814b6\" data-element_type=\"container\" data-e-type=\"container\">\n\t\t\t\t<div class=\"elementor-element elementor-element-5524038 elementor-widget elementor-widget-heading\" data-id=\"5524038\" data-element_type=\"widget\" data-e-type=\"widget\" data-widget_type=\"heading.default\">\n\t\t\t\t<div class=\"elementor-widget-container\">\n\t\t\t\t\t<h4 class=\"elementor-heading-title elementor-size-default\">Playa de Les Marines - D\u00e9nia<\/h4>\t\t\t\t<\/div>\n\t\t\t\t<\/div>\n\t\t\t\t<div class=\"elementor-element elementor-element-d036a3c elementor-widget elementor-widget-text-editor\" data-id=\"d036a3c\" data-element_type=\"widget\" data-e-type=\"widget\" data-widget_type=\"text-editor.default\">\n\t\t\t\t<div class=\"elementor-widget-container\">\n\t\t\t\t\t\t\t\t\t<p>Esta extensa playa de arena del norte de D\u00e9nia se caracteriza por su ambiente tranquilo y su acceso al mar en suave pendiente. Las pasarelas de madera llegan hasta la orilla, mientras que las instalaciones sanitarias adaptadas y las plazas de aparcamiento designadas para minusv\u00e1lidos aumentan la comodidad.<\/p>\t\t\t\t\t\t\t\t<\/div>\n\t\t\t\t<\/div>\n\t\t\t\t<\/div>\n\t\t\t\t\t<\/div>\n\t\t\t\t<\/div>\n\t\t<div class=\"elementor-element elementor-element-f1969f3 e-flex e-con-boxed e-con e-parent\" data-id=\"f1969f3\" data-element_type=\"container\" data-e-type=\"container\">\n\t\t\t\t\t<div class=\"e-con-inner\">\n\t\t\t\t<div class=\"elementor-element elementor-element-be93eb4 elementor-widget-divider--view-line_icon elementor-widget-divider--separator-type-pattern elementor-view-default elementor-widget-divider--element-align-center elementor-widget elementor-widget-divider\" data-id=\"be93eb4\" data-element_type=\"widget\" data-e-type=\"widget\" data-widget_type=\"divider.default\">\n\t\t\t\t<div class=\"elementor-widget-container\">\n\t\t\t\t\t\t\t<div class=\"elementor-divider\" style=\"--divider-pattern-url: url(&quot;data:image\/svg+xml,%3Csvg xmlns=&#039;http:\/\/www.w3.org\/2000\/svg&#039; preserveAspectRatio=&#039;none&#039; overflow=&#039;visible&#039; height=&#039;100%&#039; viewBox=&#039;0 0 24 24&#039; fill=&#039;none&#039; stroke=&#039;black&#039; stroke-width=&#039;2&#039; stroke-linecap=&#039;square&#039; stroke-miterlimit=&#039;10&#039;%3E%3Cpath d=&#039;M0,6c6,0,0.9,11.1,6.9,11.1S18,6,24,6&#039;\/%3E%3C\/svg%3E&quot;);\">\n\t\t\t<span class=\"elementor-divider-separator\">\n\t\t\t\t\t\t\t<div class=\"elementor-icon elementor-divider__element\">\n\t\t\t\t\t<svg aria-hidden=\"true\" class=\"e-font-icon-svg e-fas-umbrella-beach\" viewbox=\"0 0 640 512\" xmlns=\"http:\/\/www.w3.org\/2000\/svg\"><path d=\"M115.38 136.9l102.11 37.18c35.19-81.54 86.21-144.29 139-173.7-95.88-4.89-188.78 36.96-248.53 111.8-6.69 8.4-2.66 21.05 7.42 24.72zm132.25 48.16l238.48 86.83c35.76-121.38 18.7-231.66-42.63-253.98-7.4-2.7-15.13-4-23.09-4-58.02.01-128.27 69.17-172.76 171.15zM521.48 60.5c6.22 16.3 10.83 34.6 13.2 55.19 5.74 49.89-1.42 108.23-18.95 166.98l102.62 37.36c10.09 3.67 21.31-3.43 21.57-14.17 2.32-95.69-41.91-187.44-118.44-245.36zM560 447.98H321.06L386 269.5l-60.14-21.9-72.9 200.37H16c-8.84 0-16 7.16-16 16.01v32.01C0 504.83 7.16 512 16 512h544c8.84 0 16-7.17 16-16.01v-32.01c0-8.84-7.16-16-16-16z\"><\/path><\/svg><\/div>\n\t\t\t\t\t\t<\/span>\n\t\t<\/div>\n\t\t\t\t\t\t<\/div>\n\t\t\t\t<\/div>\n\t\t\t\t\t<\/div>\n\t\t\t\t<\/div>\n\t\t<div class=\"elementor-element elementor-element-f7c712f e-flex e-con-boxed e-con e-parent\" data-id=\"f7c712f\" data-element_type=\"container\" data-e-type=\"container\">\n\t\t\t\t\t<div class=\"e-con-inner\">\n\t\t<div class=\"elementor-element elementor-element-13d336c e-con-full e-flex e-con e-child\" data-id=\"13d336c\" data-element_type=\"container\" data-e-type=\"container\">\n\t\t\t\t<div class=\"elementor-element elementor-element-97f89fd elementor-widget elementor-widget-heading\" data-id=\"97f89fd\" data-element_type=\"widget\" data-e-type=\"widget\" data-widget_type=\"heading.default\">\n\t\t\t\t<div class=\"elementor-widget-container\">\n\t\t\t\t\t<h4 class=\"elementor-heading-title elementor-size-default\">Playa Rac\u00f3 del Albir<\/h4>\t\t\t\t<\/div>\n\t\t\t\t<\/div>\n\t\t\t\t<div class=\"elementor-element elementor-element-2e48815 elementor-widget elementor-widget-text-editor\" data-id=\"2e48815\" data-element_type=\"widget\" data-e-type=\"widget\" data-widget_type=\"text-editor.default\">\n\t\t\t\t<div class=\"elementor-widget-container\">\n\t\t\t\t\t\t\t\t\t<p>Aqu\u00ed, la autonom\u00eda en el ba\u00f1o ocupa un lugar central. Una amplia rampa de madera conduce directamente al agua y unas muletas anfibias especiales permiten el vadeo independiente. Una caracter\u00edstica especial: una silla anfibia infantil para los ba\u00f1istas m\u00e1s j\u00f3venes. Los aseos sin barreras y los aparcamientos completan la oferta.<\/p>\t\t\t\t\t\t\t\t<\/div>\n\t\t\t\t<\/div>\n\t\t\t\t<\/div>\n\t\t<div class=\"elementor-element elementor-element-8c2ac24 e-con-full e-flex e-con e-child\" data-id=\"8c2ac24\" data-element_type=\"container\" data-e-type=\"container\">\n\t\t\t\t<div class=\"elementor-element elementor-element-cc351da elementor-widget elementor-widget-heading\" data-id=\"cc351da\" data-element_type=\"widget\" data-e-type=\"widget\" data-widget_type=\"heading.default\">\n\t\t\t\t<div class=\"elementor-widget-container\">\n\t\t\t\t\t<h4 class=\"elementor-heading-title elementor-size-default\">Playa Fossa - Calp<\/h4>\t\t\t\t<\/div>\n\t\t\t\t<\/div>\n\t\t\t\t<div class=\"elementor-element elementor-element-26ab727 elementor-widget elementor-widget-text-editor\" data-id=\"26ab727\" data-element_type=\"widget\" data-e-type=\"widget\" data-widget_type=\"text-editor.default\">\n\t\t\t\t<div class=\"elementor-widget-container\">\n\t\t\t\t\t\t\t\t\t<p>Cerca de la calle Llevant le espera una zona sin barreras totalmente equipada con sillas anfibias y andadores acu\u00e1ticos. Los socorristas le acompa\u00f1ar\u00e1n al mar si lo solicita. Duchas sin barreras y aparcamientos cercanos para discapacitados garantizan su comodidad.<\/p>\t\t\t\t\t\t\t\t<\/div>\n\t\t\t\t<\/div>\n\t\t\t\t<\/div>\n\t\t\t\t\t<\/div>\n\t\t\t\t<\/div>\n\t\t<div class=\"elementor-element elementor-element-34fac48 e-flex e-con-boxed e-con e-parent\" data-id=\"34fac48\" data-element_type=\"container\" data-e-type=\"container\">\n\t\t\t\t\t<div class=\"e-con-inner\">\n\t\t\t\t<div class=\"elementor-element elementor-element-4b0673a elementor-widget-divider--view-line_icon elementor-widget-divider--separator-type-pattern elementor-view-default elementor-widget-divider--element-align-center elementor-widget elementor-widget-divider\" data-id=\"4b0673a\" data-element_type=\"widget\" data-e-type=\"widget\" data-widget_type=\"divider.default\">\n\t\t\t\t<div class=\"elementor-widget-container\">\n\t\t\t\t\t\t\t<div class=\"elementor-divider\" style=\"--divider-pattern-url: url(&quot;data:image\/svg+xml,%3Csvg xmlns=&#039;http:\/\/www.w3.org\/2000\/svg&#039; preserveAspectRatio=&#039;none&#039; overflow=&#039;visible&#039; height=&#039;100%&#039; viewBox=&#039;0 0 24 24&#039; fill=&#039;none&#039; stroke=&#039;black&#039; stroke-width=&#039;2&#039; stroke-linecap=&#039;square&#039; stroke-miterlimit=&#039;10&#039;%3E%3Cpath d=&#039;M0,6c6,0,0.9,11.1,6.9,11.1S18,6,24,6&#039;\/%3E%3C\/svg%3E&quot;);\">\n\t\t\t<span class=\"elementor-divider-separator\">\n\t\t\t\t\t\t\t<div class=\"elementor-icon elementor-divider__element\">\n\t\t\t\t\t<svg aria-hidden=\"true\" class=\"e-font-icon-svg e-fas-umbrella-beach\" viewbox=\"0 0 640 512\" xmlns=\"http:\/\/www.w3.org\/2000\/svg\"><path d=\"M115.38 136.9l102.11 37.18c35.19-81.54 86.21-144.29 139-173.7-95.88-4.89-188.78 36.96-248.53 111.8-6.69 8.4-2.66 21.05 7.42 24.72zm132.25 48.16l238.48 86.83c35.76-121.38 18.7-231.66-42.63-253.98-7.4-2.7-15.13-4-23.09-4-58.02.01-128.27 69.17-172.76 171.15zM521.48 60.5c6.22 16.3 10.83 34.6 13.2 55.19 5.74 49.89-1.42 108.23-18.95 166.98l102.62 37.36c10.09 3.67 21.31-3.43 21.57-14.17 2.32-95.69-41.91-187.44-118.44-245.36zM560 447.98H321.06L386 269.5l-60.14-21.9-72.9 200.37H16c-8.84 0-16 7.16-16 16.01v32.01C0 504.83 7.16 512 16 512h544c8.84 0 16-7.17 16-16.01v-32.01c0-8.84-7.16-16-16-16z\"><\/path><\/svg><\/div>\n\t\t\t\t\t\t<\/span>\n\t\t<\/div>\n\t\t\t\t\t\t<\/div>\n\t\t\t\t<\/div>\n\t\t\t\t\t<\/div>\n\t\t\t\t<\/div>\n\t\t<div class=\"elementor-element elementor-element-bfe0e66 e-flex e-con-boxed e-con e-parent\" data-id=\"bfe0e66\" data-element_type=\"container\" data-e-type=\"container\">\n\t\t\t\t\t<div class=\"e-con-inner\">\n\t\t<div class=\"elementor-element elementor-element-513cad9 e-con-full e-flex e-con e-child\" data-id=\"513cad9\" data-element_type=\"container\" data-e-type=\"container\">\n\t\t\t\t<div class=\"elementor-element elementor-element-c26d6dc elementor-widget elementor-widget-heading\" data-id=\"c26d6dc\" data-element_type=\"widget\" data-e-type=\"widget\" data-widget_type=\"heading.default\">\n\t\t\t\t<div class=\"elementor-widget-container\">\n\t\t\t\t\t<h4 class=\"elementor-heading-title elementor-size-default\">Playa de Poniente - Benidorm<\/h4>\t\t\t\t<\/div>\n\t\t\t\t<\/div>\n\t\t\t\t<div class=\"elementor-element elementor-element-2c54a7c elementor-widget elementor-widget-text-editor\" data-id=\"2c54a7c\" data-element_type=\"widget\" data-e-type=\"widget\" data-widget_type=\"text-editor.default\">\n\t\t\t\t<div class=\"elementor-widget-container\">\n\t\t\t\t\t\t\t\t\t<p>Esta playa ofrece dos zonas de ba\u00f1o completamente libres de barreras, con pasarelas de madera extra anchas y acceso sin escalones. Durante la temporada de verano, personal especialmente formado proporciona asistencia para el uso de sillas de ruedas anfibias, que se pueden tomar prestadas gratuitamente.<\/p>\t\t\t\t\t\t\t\t<\/div>\n\t\t\t\t<\/div>\n\t\t\t\t<\/div>\n\t\t<div class=\"elementor-element elementor-element-4b459c1 e-con-full e-flex e-con e-child\" data-id=\"4b459c1\" data-element_type=\"container\" data-e-type=\"container\">\n\t\t\t\t<div class=\"elementor-element elementor-element-3dd7007 elementor-widget elementor-widget-heading\" data-id=\"3dd7007\" data-element_type=\"widget\" data-e-type=\"widget\" data-widget_type=\"heading.default\">\n\t\t\t\t<div class=\"elementor-widget-container\">\n\t\t\t\t\t<h4 class=\"elementor-heading-title elementor-size-default\">Cala de Finestrat - Finestrat<\/h4>\t\t\t\t<\/div>\n\t\t\t\t<\/div>\n\t\t\t\t<div class=\"elementor-element elementor-element-e4ff6a3 elementor-widget elementor-widget-text-editor\" data-id=\"e4ff6a3\" data-element_type=\"widget\" data-e-type=\"widget\" data-widget_type=\"text-editor.default\">\n\t\t\t\t<div class=\"elementor-widget-container\">\n\t\t\t\t\t\t\t\t\t<p>La secci\u00f3n de playa sin barreras m\u00e1s reciente cuenta con una rampa de madera hasta la orilla del agua y toldos para dar sombra. Hay dos sillas de ruedas anfibias para adultos y una silla anfibia para ni\u00f1os.<\/p>\t\t\t\t\t\t\t\t<\/div>\n\t\t\t\t<\/div>\n\t\t\t\t<\/div>\n\t\t\t\t\t<\/div>\n\t\t\t\t<\/div>\n\t\t<div class=\"elementor-element elementor-element-6b5d01b e-flex e-con-boxed e-con e-parent\" data-id=\"6b5d01b\" data-element_type=\"container\" data-e-type=\"container\">\n\t\t\t\t\t<div class=\"e-con-inner\">\n\t\t\t\t<div class=\"elementor-element elementor-element-cbd7106 elementor-widget-divider--separator-type-pattern elementor-widget-divider--view-line elementor-widget elementor-widget-divider\" data-id=\"cbd7106\" data-element_type=\"widget\" data-e-type=\"widget\" data-widget_type=\"divider.default\">\n\t\t\t\t<div class=\"elementor-widget-container\">\n\t\t\t\t\t\t\t<div class=\"elementor-divider\" style=\"--divider-pattern-url: url(&quot;data:image\/svg+xml,%3Csvg xmlns=&#039;http:\/\/www.w3.org\/2000\/svg&#039; preserveAspectRatio=&#039;none&#039; overflow=&#039;visible&#039; height=&#039;100%&#039; viewBox=&#039;0 0 24 24&#039; fill=&#039;none&#039; stroke=&#039;black&#039; stroke-width=&#039;2&#039; stroke-linecap=&#039;square&#039; stroke-miterlimit=&#039;10&#039;%3E%3Cpath d=&#039;M0,6c6,0,0.9,11.1,6.9,11.1S18,6,24,6&#039;\/%3E%3C\/svg%3E&quot;);\">\n\t\t\t<span class=\"elementor-divider-separator\">\n\t\t\t\t\t\t<\/span>\n\t\t<\/div>\n\t\t\t\t\t\t<\/div>\n\t\t\t\t<\/div>\n\t\t\t\t<div class=\"elementor-element elementor-element-e1f6d38 elementor-grid-3 elementor-grid-tablet-2 elementor-grid-mobile-1 elementor-posts--thumbnail-top elementor-posts--show-avatar elementor-card-shadow-yes elementor-posts__hover-gradient elementor-widget elementor-widget-posts\" data-id=\"e1f6d38\" data-element_type=\"widget\" data-e-type=\"widget\" data-settings=\"{&quot;cards_columns&quot;:&quot;3&quot;,&quot;cards_columns_tablet&quot;:&quot;2&quot;,&quot;cards_columns_mobile&quot;:&quot;1&quot;,&quot;cards_row_gap&quot;:{&quot;unit&quot;:&quot;px&quot;,&quot;size&quot;:35,&quot;sizes&quot;:[]},&quot;cards_row_gap_tablet&quot;:{&quot;unit&quot;:&quot;px&quot;,&quot;size&quot;:&quot;&quot;,&quot;sizes&quot;:[]},&quot;cards_row_gap_mobile&quot;:{&quot;unit&quot;:&quot;px&quot;,&quot;size&quot;:&quot;&quot;,&quot;sizes&quot;:[]}}\" data-widget_type=\"posts.cards\">\n\t\t\t\t<div class=\"elementor-widget-container\">\n\t\t\t\t\t\t\t<div class=\"elementor-posts-container elementor-posts elementor-posts--skin-cards elementor-grid\" role=\"list\">\n\t\t\t\t<article class=\"elementor-post elementor-grid-item post-7804 post type-post status-publish format-standard has-post-thumbnail hentry category-straende-buchten tag-benidorm tag-calpe tag-costa-blanca-2 tag-denia tag-javea tag-playa-centro tag-playa-de-la-fossa tag-playa-de-poniente tag-playa-del-arenal tag-playa-las-marinas\" role=\"listitem\">\n\t\t\t<div class=\"elementor-post__card\">\n\t\t\t\t<a class=\"elementor-post__thumbnail__link\" href=\"https:\/\/costablanca-magazin.com\/es\/freizeit\/straende-buchten\/fuenf-kinderfreundliche-straende-an-der-costa-blanca\/\" tabindex=\"-1\" ><div class=\"elementor-post__thumbnail\"><img fetchpriority=\"high\" decoding=\"async\" width=\"1200\" height=\"638\" src=\"https:\/\/costablanca-magazin.com\/wp-content\/uploads\/2025\/06\/amazing-day-at-the-beach-with-the-family-2025-04-06-11-15-36-utc-e1750593539788.jpg\" class=\"attachment-2048x2048 size-2048x2048 wp-image-7806\" alt=\"Las cinco playas m\u00e1s adecuadas para los ni\u00f1os de la Costa Blanca\" srcset=\"https:\/\/costablanca-magazin.com\/wp-content\/uploads\/2025\/06\/amazing-day-at-the-beach-with-the-family-2025-04-06-11-15-36-utc-e1750593539788.jpg 1200w, https:\/\/costablanca-magazin.com\/wp-content\/uploads\/2025\/06\/amazing-day-at-the-beach-with-the-family-2025-04-06-11-15-36-utc-e1750593539788-300x160.jpg 300w, https:\/\/costablanca-magazin.com\/wp-content\/uploads\/2025\/06\/amazing-day-at-the-beach-with-the-family-2025-04-06-11-15-36-utc-e1750593539788-1024x544.jpg 1024w, https:\/\/costablanca-magazin.com\/wp-content\/uploads\/2025\/06\/amazing-day-at-the-beach-with-the-family-2025-04-06-11-15-36-utc-e1750593539788-768x408.jpg 768w\" sizes=\"(max-width: 1200px) 100vw, 1200px\" \/><\/div><\/a>\n\t\t\t\t<div class=\"elementor-post__badge\">Playas y bah\u00edas<\/div>\n\t\t\t\t<div class=\"elementor-post__avatar\">\n\t\t\t\t\t<\/div>\n\t\t\t\t<div class=\"elementor-post__text\">\n\t\t\t\t<h3 class=\"elementor-post__title\">\n\t\t\t<a href=\"https:\/\/costablanca-magazin.com\/es\/freizeit\/straende-buchten\/fuenf-kinderfreundliche-straende-an-der-costa-blanca\/\" >\n\t\t\t\tCinco de las playas m\u00e1s infantiles de la Costa Blanca\t\t\t<\/a>\n\t\t<\/h3>\n\t\t\t\t<\/div>\n\t\t\t\t\t<\/div>\n\t\t<\/article>\n\t\t\t\t<article class=\"elementor-post elementor-grid-item post-7788 post type-post status-publish format-standard has-post-thumbnail hentry category-straende-buchten tag-altea tag-benidorm tag-calpe tag-costa-blanca-2 tag-denia tag-villajoyosa\" role=\"listitem\">\n\t\t\t<div class=\"elementor-post__card\">\n\t\t\t\t<a class=\"elementor-post__thumbnail__link\" href=\"https:\/\/costablanca-magazin.com\/es\/freizeit\/straende-buchten\/straende-costa-blanca\/\" tabindex=\"-1\" ><div class=\"elementor-post__thumbnail\"><img decoding=\"async\" width=\"1200\" height=\"900\" src=\"https:\/\/costablanca-magazin.com\/wp-content\/uploads\/2025\/06\/Calpe-Strand-2.jpg\" class=\"attachment-2048x2048 size-2048x2048 wp-image-7789\" alt=\"Playas entre la rutina diaria y el descanso: Calp 1\" srcset=\"https:\/\/costablanca-magazin.com\/wp-content\/uploads\/2025\/06\/Calpe-Strand-2.jpg 1200w, https:\/\/costablanca-magazin.com\/wp-content\/uploads\/2025\/06\/Calpe-Strand-2-300x225.jpg 300w, https:\/\/costablanca-magazin.com\/wp-content\/uploads\/2025\/06\/Calpe-Strand-2-1024x768.jpg 1024w, https:\/\/costablanca-magazin.com\/wp-content\/uploads\/2025\/06\/Calpe-Strand-2-768x576.jpg 768w\" sizes=\"(max-width: 1200px) 100vw, 1200px\" \/><\/div><\/a>\n\t\t\t\t<div class=\"elementor-post__badge\">Playas y bah\u00edas<\/div>\n\t\t\t\t<div class=\"elementor-post__avatar\">\n\t\t\t\t\t<\/div>\n\t\t\t\t<div class=\"elementor-post__text\">\n\t\t\t\t<h3 class=\"elementor-post__title\">\n\t\t\t<a href=\"https:\/\/costablanca-magazin.com\/es\/freizeit\/straende-buchten\/straende-costa-blanca\/\" >\n\t\t\t\tPlayas entre la vida cotidiana y el tiempo libre\t\t\t<\/a>\n\t\t<\/h3>\n\t\t\t\t<\/div>\n\t\t\t\t\t<\/div>\n\t\t<\/article>\n\t\t\t\t<article class=\"elementor-post elementor-grid-item post-7782 post type-post status-publish format-standard has-post-thumbnail hentry category-straende-buchten tag-barrierefreiheit tag-blaue-flagge tag-buchten tag-costa-blanca-2 tag-familienstraende tag-geheimtipps\" role=\"listitem\">\n\t\t\t<div class=\"elementor-post__card\">\n\t\t\t\t<a class=\"elementor-post__thumbnail__link\" href=\"https:\/\/costablanca-magazin.com\/es\/freizeit\/straende-buchten\/straende-und-buchten-costa-blanca\/\" tabindex=\"-1\" ><div class=\"elementor-post__thumbnail\"><img decoding=\"async\" width=\"1200\" height=\"568\" src=\"https:\/\/costablanca-magazin.com\/wp-content\/uploads\/2025\/06\/Costablana-magazin-Villajoyossa-16.jpg\" class=\"attachment-2048x2048 size-2048x2048 wp-image-7784\" alt=\"Costa con car\u00e1cter: playas y calas desde D\u00e9nia hasta Villajoyosa\" srcset=\"https:\/\/costablanca-magazin.com\/wp-content\/uploads\/2025\/06\/Costablana-magazin-Villajoyossa-16.jpg 1200w, https:\/\/costablanca-magazin.com\/wp-content\/uploads\/2025\/06\/Costablana-magazin-Villajoyossa-16-300x142.jpg 300w, https:\/\/costablanca-magazin.com\/wp-content\/uploads\/2025\/06\/Costablana-magazin-Villajoyossa-16-1024x485.jpg 1024w, https:\/\/costablanca-magazin.com\/wp-content\/uploads\/2025\/06\/Costablana-magazin-Villajoyossa-16-768x364.jpg 768w\" sizes=\"(max-width: 1200px) 100vw, 1200px\" \/><\/div><\/a>\n\t\t\t\t<div class=\"elementor-post__badge\">Playas y bah\u00edas<\/div>\n\t\t\t\t<div class=\"elementor-post__avatar\">\n\t\t\t\t\t<\/div>\n\t\t\t\t<div class=\"elementor-post__text\">\n\t\t\t\t<h3 class=\"elementor-post__title\">\n\t\t\t<a href=\"https:\/\/costablanca-magazin.com\/es\/freizeit\/straende-buchten\/straende-und-buchten-costa-blanca\/\" >\n\t\t\t\tPlayas y calas con car\u00e1cter en la Costa Blanca\t\t\t<\/a>\n\t\t<\/h3>\n\t\t\t\t<\/div>\n\t\t\t\t\t<\/div>\n\t\t<\/article>\n\t\t\t\t<\/div>\n\t\t\n\t\t\t\t\t\t<\/div>\n\t\t\t\t<\/div>\n\t\t\t\t\t<\/div>\n\t\t\t\t<\/div>\n\t\t\t\t<\/div>","protected":false},"excerpt":{"rendered":"<p>Acceso sin barreras al mar en la Costa Blanca TOP 6 playas sin barreras La Costa Blanca ofrece numerosas playas accesibles para todos.<\/p>","protected":false},"author":1,"featured_media":7818,"comment_status":"closed","ping_status":"closed","sticky":false,"template":"elementor_header_footer","format":"standard","meta":{"footnotes":""},"categories":[24],"tags":[977,974,975,976,64,967,66,613,67,115,962,960,961,964,966,968],"class_list":["post-7817","post","type-post","status-publish","format-standard","has-post-thumbnail","hentry","category-straende-buchten","tag-barrierefreie-straende","tag-barrierefreier-zugang","tag-behindertenfreundlicher-badeurlaub","tag-behindertengerechte-einrichtungen","tag-benidorm","tag-cala-de-finestrat","tag-calpe","tag-costa-blanca-2","tag-denia","tag-javea","tag-playa-de-la-fossa","tag-playa-de-poniente","tag-playa-del-arenal","tag-playa-las-marinas","tag-playa-les-marines","tag-playa-raco-del-albir"],"aioseo_notices":[],"_links":{"self":[{"href":"https:\/\/costablanca-magazin.com\/es\/wp-json\/wp\/v2\/posts\/7817","targetHints":{"allow":["GET"]}}],"collection":[{"href":"https:\/\/costablanca-magazin.com\/es\/wp-json\/wp\/v2\/posts"}],"about":[{"href":"https:\/\/costablanca-magazin.com\/es\/wp-json\/wp\/v2\/types\/post"}],"author":[{"embeddable":true,"href":"https:\/\/costablanca-magazin.com\/es\/wp-json\/wp\/v2\/users\/1"}],"replies":[{"embeddable":true,"href":"https:\/\/costablanca-magazin.com\/es\/wp-json\/wp\/v2\/comments?post=7817"}],"version-history":[{"count":16,"href":"https:\/\/costablanca-magazin.com\/es\/wp-json\/wp\/v2\/posts\/7817\/revisions"}],"predecessor-version":[{"id":11108,"href":"https:\/\/costablanca-magazin.com\/es\/wp-json\/wp\/v2\/posts\/7817\/revisions\/11108"}],"wp:featuredmedia":[{"embeddable":true,"href":"https:\/\/costablanca-magazin.com\/es\/wp-json\/wp\/v2\/media\/7818"}],"wp:attachment":[{"href":"https:\/\/costablanca-magazin.com\/es\/wp-json\/wp\/v2\/media?parent=7817"}],"wp:term":[{"taxonomy":"category","embeddable":true,"href":"https:\/\/costablanca-magazin.com\/es\/wp-json\/wp\/v2\/categories?post=7817"},{"taxonomy":"post_tag","embeddable":true,"href":"https:\/\/costablanca-magazin.com\/es\/wp-json\/wp\/v2\/tags?post=7817"}],"curies":[{"name":"wp","href":"https:\/\/api.w.org\/{rel}","templated":true}]}}