{"id":7624,"date":"2025-06-15T09:00:00","date_gmt":"2025-06-15T07:00:00","guid":{"rendered":"https:\/\/costablanca-magazin.com\/?p=7624"},"modified":"2026-03-18T09:36:07","modified_gmt":"2026-03-18T08:36:07","slug":"benidorm-donde-la-historia-se-encuentra-con-los-rascacielos","status":"publish","type":"post","link":"https:\/\/costablanca-magazin.com\/es\/freizeit\/aktivitaeten-und-ausfluege\/benidorm-wo-geschichte-auf-hochhaeuser-trifft\/","title":{"rendered":"Benidorm: historia y rascacielos"},"content":{"rendered":"<div data-elementor-type=\"wp-post\" data-elementor-id=\"7624\" class=\"elementor elementor-7624\" data-elementor-post-type=\"post\">\n\t\t\t\t<div class=\"elementor-element elementor-element-257c7772 e-flex e-con-boxed e-con e-parent\" data-id=\"257c7772\" data-element_type=\"container\" data-e-type=\"container\">\n\t\t\t\t\t<div class=\"e-con-inner\">\n\t\t\t\t<div class=\"elementor-element elementor-element-26fcd9b6 elementor-widget elementor-widget-text-editor\" data-id=\"26fcd9b6\" data-element_type=\"widget\" data-e-type=\"widget\" data-widget_type=\"text-editor.default\">\n\t\t\t\t<div class=\"elementor-widget-container\">\n\t\t\t\t\t\t\t\t\t\n<p><br><\/p>\n\n\n\n<p><\/p>\n\t\t\t\t\t\t\t\t<\/div>\n\t\t\t\t<\/div>\n\t\t\t\t\t<\/div>\n\t\t\t\t<\/div>\n\t\t<div class=\"elementor-element elementor-element-482f015 e-flex e-con-boxed e-con e-parent\" data-id=\"482f015\" data-element_type=\"container\" data-e-type=\"container\">\n\t\t\t\t\t<div class=\"e-con-inner\">\n\t\t\t\t<div class=\"elementor-element elementor-element-5f7f87f elementor-widget elementor-widget-heading\" data-id=\"5f7f87f\" data-element_type=\"widget\" data-e-type=\"widget\" data-widget_type=\"heading.default\">\n\t\t\t\t<div class=\"elementor-widget-container\">\n\t\t\t\t\t<h1 class=\"elementor-heading-title elementor-size-default\">Benidorm - Donde la historia se une\ncon los rascacielos<\/h1>\t\t\t\t<\/div>\n\t\t\t\t<\/div>\n\t\t\t\t<div class=\"elementor-element elementor-element-6ea13a8 elementor-widget elementor-widget-image\" data-id=\"6ea13a8\" data-element_type=\"widget\" data-e-type=\"widget\" data-widget_type=\"image.default\">\n\t\t\t\t<div class=\"elementor-widget-container\">\n\t\t\t\t\t\t\t\t\t\t\t\t\t\t\t<img decoding=\"async\" src=\"https:\/\/costablanca-magazin.com\/wp-content\/uploads\/elementor\/thumbs\/costablanca-lifestyle-benidorm-18-rjc5ndrq0zirfvcotha9iyr38evspzjwmk3neoj3q8.jpg\" title=\"Benidorm: historia y rascacielos\" alt=\"Benidorm: historia y rascacielos\" loading=\"lazy\" \/>\t\t\t\t\t\t\t\t\t\t\t\t\t\t\t<\/div>\n\t\t\t\t<\/div>\n\t\t\t\t<div class=\"elementor-element elementor-element-8dc4d45 elementor-widget elementor-widget-heading\" data-id=\"8dc4d45\" data-element_type=\"widget\" data-e-type=\"widget\" data-widget_type=\"heading.default\">\n\t\t\t\t<div class=\"elementor-widget-container\">\n\t\t\t\t\t<h2 class=\"elementor-heading-title elementor-size-default\">700 a\u00f1os, dos playas, millones de visitantes:\nC\u00f3mo el antiguo pueblo pesquero\nse convirti\u00f3 en una metr\u00f3polis vertical - sin\nsin perder su alma.<\/h2>\t\t\t\t<\/div>\n\t\t\t\t<\/div>\n\t\t\t\t\t<\/div>\n\t\t\t\t<\/div>\n\t\t<div class=\"elementor-element elementor-element-82263f4 e-flex e-con-boxed e-con e-parent\" data-id=\"82263f4\" data-element_type=\"container\" data-e-type=\"container\">\n\t\t\t\t\t<div class=\"e-con-inner\">\n\t\t<div class=\"elementor-element elementor-element-dac23f8 e-con-full e-flex e-con e-child\" data-id=\"dac23f8\" data-element_type=\"container\" data-e-type=\"container\">\n\t\t\t\t<div class=\"elementor-element elementor-element-06a63fb elementor-widget elementor-widget-text-editor\" data-id=\"06a63fb\" data-element_type=\"widget\" data-e-type=\"widget\" data-widget_type=\"text-editor.default\">\n\t\t\t\t<div class=\"elementor-widget-container\">\n\t\t\t\t\t\t\t\t\t<p>Cuando se mira por la ma\u00f1ana a trav\u00e9s de la Pla\u00e7a del Castell, donde el azul del Mediterr\u00e1neo coquetea con la l\u00ednea del horizonte, queda claro que Benidorm no es como cualquier otro lugar. Esta ciudad -o mejor dicho, este pueblo con aires metropolitanos- representa el cambio, la contradicci\u00f3n y la fuerza de voluntad como casi ning\u00fan otro lugar de la Marina Baixa.<\/p>\n<p><strong>Un comienzo medieval <\/strong><strong>con ra\u00edces mar\u00edtimas<\/strong><br \/>La historia de Benidorm comenz\u00f3 oficialmente el 8 de mayo de 1325, cuando un tal almirante Bernat de Sarri\u00e0 firm\u00f3 la Carta Pobla, un documento que otorgaba derechos de ciudad al asentamiento situado a los pies de Punta Canfali. Hoy, un art\u00edstico banco de libros en el Paseo de Col\u00f3n conmemora este momento hist\u00f3rico. Un monumento, s\u00ed, pero tambi\u00e9n un s\u00edmbolo de que aqu\u00ed la historia no es una pieza de museo, sino parte de la vida cotidiana.<\/p>\n<p><strong>Entre redes y niebla: <\/strong><strong>El legado de los pescadores<\/strong><br \/>Lo que hoy brilla en hormig\u00f3n y cristal sol\u00eda tener la piel salada y las manos \u00e1speras. Generaciones de pescadores definieron la vida en Benidorm, sobre todo en los siglos XVIII y XIX. La llamada almadraba, un elaborado m\u00e9todo de pesca del at\u00fan, era el medio de vida de muchas familias. Se sigui\u00f3 pescando a gran escala en la costa hasta 1952. Algunos benidormenses zarparon como capitanes, otros se hicieron un nombre como corsarios, con licencia real y el valor de enfrentarse a otros. <br \/>Si se pasea hoy por las callejuelas del casco antiguo, a\u00fan se puede sentir el aliento de los antiguos marinos, y o\u00edr hablar de aventuras mar\u00edtimas en algunos bares que son mejores que cualquier serie de Netflix.<\/p>\n<p><strong>Dos playas, una idea: <\/strong><strong>Todo por unas vistas al mar<\/strong><br \/>Benidorm no ser\u00eda Benidorm sin su costa. M\u00e1s de cinco kil\u00f3metros de la mejor playa de arena dividen la ciudad: al este est\u00e1 la Playa de Levante, vibrante, animada y urbana. Al oeste est\u00e1 la Playa de Poniente, m\u00e1s tranquila e informal, con m\u00e1s de tres kil\u00f3metros de arena dorada. En medio se encuentra la peque\u00f1a Cala del Mal Pas, una recomendaci\u00f3n para los que prefieren un ambiente m\u00e1s \u00edntimo. M\u00e1s mar, imposible.<\/p>\n<p><strong>Residentes, invitados, edificios - <\/strong><strong>todo crece verticalmente<\/strong><br \/>Alrededor de 75.000 personas viven actualmente en Benidorm durante todo el a\u00f1o. Pero eso es s\u00f3lo la mitad de la verdad. En 2024, la ciudad cont\u00f3 con m\u00e1s de 2,8 millones de turistas, con m\u00e1s de 15 millones de pernoctaciones. La mayor\u00eda de ellos proceden del Reino Unido, seguidos del turismo nacional de Madrid, Pa\u00eds Vasco y Arag\u00f3n.<br \/>\u00bfC\u00f3mo cabe tanta gente en un espacio limitado? Con el valor de ser alto. M\u00e1s de 300 rascacielos, algunos de m\u00e1s de 150 metros, caracterizan el perfil de la ciudad. No por casualidad, sino por dise\u00f1o: el legendario plan general de desarrollo de 1956 sent\u00f3 las bases de una ciudad vertical con espacios abiertos, luz, aire y, sobre todo: espacio para todos.<\/p>\n<p><strong>Ciudad con declaraci\u00f3n: entre la digitalizaci\u00f3n y la conservaci\u00f3n de monumentos<\/strong><br \/>Si cree que todo son tumbonas y happy hour, se equivoca.\u00a0<\/p>\t\t\t\t\t\t\t\t<\/div>\n\t\t\t\t<\/div>\n\t\t\t\t<\/div>\n\t\t<div class=\"elementor-element elementor-element-ffc13f8 e-con-full e-flex e-con e-child\" data-id=\"ffc13f8\" data-element_type=\"container\" data-e-type=\"container\">\n\t\t\t\t<div class=\"elementor-element elementor-element-34ccec8 elementor-widget elementor-widget-gallery\" data-id=\"34ccec8\" data-element_type=\"widget\" data-e-type=\"widget\" data-settings=\"{&quot;gallery_layout&quot;:&quot;masonry&quot;,&quot;columns&quot;:2,&quot;gap&quot;:{&quot;unit&quot;:&quot;px&quot;,&quot;size&quot;:2,&quot;sizes&quot;:[]},&quot;lazyload&quot;:&quot;yes&quot;,&quot;columns_tablet&quot;:2,&quot;columns_mobile&quot;:1,&quot;gap_tablet&quot;:{&quot;unit&quot;:&quot;px&quot;,&quot;size&quot;:10,&quot;sizes&quot;:[]},&quot;gap_mobile&quot;:{&quot;unit&quot;:&quot;px&quot;,&quot;size&quot;:10,&quot;sizes&quot;:[]},&quot;link_to&quot;:&quot;file&quot;,&quot;overlay_background&quot;:&quot;yes&quot;,&quot;content_hover_animation&quot;:&quot;fade-in&quot;}\" data-widget_type=\"gallery.default\">\n\t\t\t\t<div class=\"elementor-widget-container\">\n\t\t\t\t\t\t\t<div class=\"elementor-gallery__container\">\n\t\t\t\t\t\t\t<a class=\"e-gallery-item elementor-gallery-item elementor-animated-content\" href=\"https:\/\/costablanca-magazin.com\/wp-content\/uploads\/2025\/05\/costa-blanca-benidorm-scaled-1.jpg\" data-elementor-open-lightbox=\"yes\" data-elementor-lightbox-slideshow=\"34ccec8\" data-elementor-lightbox-title=\"costa-blanca-benidorm-scaled-1\" data-e-action-hash=\"#elementor-action%3Aaction%3Dlightbox%26settings%3DeyJpZCI6NzQwMywidXJsIjoiaHR0cHM6XC9cL2Nvc3RhYmxhbmNhLW1hZ2F6aW4uY29tXC93cC1jb250ZW50XC91cGxvYWRzXC8yMDI1XC8wNVwvY29zdGEtYmxhbmNhLWJlbmlkb3JtLXNjYWxlZC0xLmpwZyIsInNsaWRlc2hvdyI6IjM0Y2NlYzgifQ%3D%3D\">\n\t\t\t\t\t<div class=\"e-gallery-image elementor-gallery-item__image\" data-thumbnail=\"https:\/\/costablanca-magazin.com\/wp-content\/uploads\/2025\/05\/costa-blanca-benidorm-scaled-1.jpg\" data-width=\"2560\" data-height=\"1920\" aria-label=\"Costa Blanca Mallorca 355\" role=\"img\" ><\/div>\n\t\t\t\t\t\t\t\t\t\t\t<div class=\"elementor-gallery-item__overlay\"><\/div>\n\t\t\t\t\t\t\t\t\t\t\t\t\t\t<\/a>\n\t\t\t\t\t\t\t<a class=\"e-gallery-item elementor-gallery-item elementor-animated-content\" href=\"https:\/\/costablanca-magazin.com\/wp-content\/uploads\/2025\/05\/strand-benidorm-costablanca-magazin-1.jpg\" data-elementor-open-lightbox=\"yes\" data-elementor-lightbox-slideshow=\"34ccec8\" data-elementor-lightbox-title=\"strand-benidorm-costablanca-magazin (1)\" data-e-action-hash=\"#elementor-action%3Aaction%3Dlightbox%26settings%3DeyJpZCI6NzEyMSwidXJsIjoiaHR0cHM6XC9cL2Nvc3RhYmxhbmNhLW1hZ2F6aW4uY29tXC93cC1jb250ZW50XC91cGxvYWRzXC8yMDI1XC8wNVwvc3RyYW5kLWJlbmlkb3JtLWNvc3RhYmxhbmNhLW1hZ2F6aW4tMS5qcGciLCJzbGlkZXNob3ciOiIzNGNjZWM4In0%3D\">\n\t\t\t\t\t<div class=\"e-gallery-image elementor-gallery-item__image\" data-thumbnail=\"https:\/\/costablanca-magazin.com\/wp-content\/uploads\/2025\/05\/strand-benidorm-costablanca-magazin-1.jpg\" data-width=\"1000\" data-height=\"750\" aria-label=\"Costa Blanca Mallorca 274\" role=\"img\" ><\/div>\n\t\t\t\t\t\t\t\t\t\t\t<div class=\"elementor-gallery-item__overlay\"><\/div>\n\t\t\t\t\t\t\t\t\t\t\t\t\t\t<\/a>\n\t\t\t\t\t\t\t<a class=\"e-gallery-item elementor-gallery-item elementor-animated-content\" href=\"https:\/\/costablanca-magazin.com\/wp-content\/uploads\/2025\/05\/strand-benidorm-costablanca-magazin-5.jpg\" data-elementor-open-lightbox=\"yes\" data-elementor-lightbox-slideshow=\"34ccec8\" data-elementor-lightbox-title=\"strand-benidorm-costablanca-magazin (5)\" data-e-action-hash=\"#elementor-action%3Aaction%3Dlightbox%26settings%3DeyJpZCI6NzEyMCwidXJsIjoiaHR0cHM6XC9cL2Nvc3RhYmxhbmNhLW1hZ2F6aW4uY29tXC93cC1jb250ZW50XC91cGxvYWRzXC8yMDI1XC8wNVwvc3RyYW5kLWJlbmlkb3JtLWNvc3RhYmxhbmNhLW1hZ2F6aW4tNS5qcGciLCJzbGlkZXNob3ciOiIzNGNjZWM4In0%3D\">\n\t\t\t\t\t<div class=\"e-gallery-image elementor-gallery-item__image\" data-thumbnail=\"https:\/\/costablanca-magazin.com\/wp-content\/uploads\/2025\/05\/strand-benidorm-costablanca-magazin-5.jpg\" data-width=\"1000\" data-height=\"750\" aria-label=\"Costa Blanca Mallorca 273\" role=\"img\" ><\/div>\n\t\t\t\t\t\t\t\t\t\t\t<div class=\"elementor-gallery-item__overlay\"><\/div>\n\t\t\t\t\t\t\t\t\t\t\t\t\t\t<\/a>\n\t\t\t\t\t\t\t<a class=\"e-gallery-item elementor-gallery-item elementor-animated-content\" href=\"https:\/\/costablanca-magazin.com\/wp-content\/uploads\/2024\/08\/view-of-benidorm-city-and-mediterranean-coast-of-s-2023-11-27-04-49-05-utc.jpg\" data-elementor-open-lightbox=\"yes\" data-elementor-lightbox-slideshow=\"34ccec8\" data-elementor-lightbox-title=\"view-of-benidorm-city-and-mediterranean-coast-of-s-2023-11-27-04-49-05-utc\" data-e-action-hash=\"#elementor-action%3Aaction%3Dlightbox%26settings%3DeyJpZCI6MTgyOCwidXJsIjoiaHR0cHM6XC9cL2Nvc3RhYmxhbmNhLW1hZ2F6aW4uY29tXC93cC1jb250ZW50XC91cGxvYWRzXC8yMDI0XC8wOFwvdmlldy1vZi1iZW5pZG9ybS1jaXR5LWFuZC1tZWRpdGVycmFuZWFuLWNvYXN0LW9mLXMtMjAyMy0xMS0yNy0wNC00OS0wNS11dGMuanBnIiwic2xpZGVzaG93IjoiMzRjY2VjOCJ9\">\n\t\t\t\t\t<div class=\"e-gallery-image elementor-gallery-item__image\" data-thumbnail=\"https:\/\/costablanca-magazin.com\/wp-content\/uploads\/2024\/08\/view-of-benidorm-city-and-mediterranean-coast-of-s-2023-11-27-04-49-05-utc.jpg\" data-width=\"1200\" data-height=\"674\" aria-label=\"Costa Blanca Mallorca 170\" role=\"img\" ><\/div>\n\t\t\t\t\t\t\t\t\t\t\t<div class=\"elementor-gallery-item__overlay\"><\/div>\n\t\t\t\t\t\t\t\t\t\t\t\t\t\t<\/a>\n\t\t\t\t\t\t\t<a class=\"e-gallery-item elementor-gallery-item elementor-animated-content\" href=\"https:\/\/costablanca-magazin.com\/wp-content\/uploads\/2022\/09\/costa-blanca-lifestyle-benidorm-2.jpg\" data-elementor-open-lightbox=\"yes\" data-elementor-lightbox-slideshow=\"34ccec8\" data-elementor-lightbox-title=\"costa-blanca-lifestyle-benidorm (2)\" data-elementor-lightbox-description=\"Costa Blanca  Benidorm kirche \" data-e-action-hash=\"#elementor-action%3Aaction%3Dlightbox%26settings%3DeyJpZCI6NjM3LCJ1cmwiOiJodHRwczpcL1wvY29zdGFibGFuY2EtbWFnYXppbi5jb21cL3dwLWNvbnRlbnRcL3VwbG9hZHNcLzIwMjJcLzA5XC9jb3N0YS1ibGFuY2EtbGlmZXN0eWxlLWJlbmlkb3JtLTIuanBnIiwic2xpZGVzaG93IjoiMzRjY2VjOCJ9\">\n\t\t\t\t\t<div class=\"e-gallery-image elementor-gallery-item__image\" data-thumbnail=\"https:\/\/costablanca-magazin.com\/wp-content\/uploads\/2022\/09\/costa-blanca-lifestyle-benidorm-2.jpg\" data-width=\"450\" data-height=\"600\" aria-label=\"Costa Blanca Benidorm iglesia\" role=\"img\" ><\/div>\n\t\t\t\t\t\t\t\t\t\t\t<div class=\"elementor-gallery-item__overlay\"><\/div>\n\t\t\t\t\t\t\t\t\t\t\t\t\t\t<\/a>\n\t\t\t\t\t\t\t<a class=\"e-gallery-item elementor-gallery-item elementor-animated-content\" href=\"https:\/\/costablanca-magazin.com\/wp-content\/uploads\/2022\/09\/costablanca-lifestyle-benidorm-11.jpg\" data-elementor-open-lightbox=\"yes\" data-elementor-lightbox-slideshow=\"34ccec8\" data-elementor-lightbox-title=\"costablanca-lifestyle-benidorm (11)\" data-elementor-lightbox-description=\"Costa Blanca  Benidorm sonnenuntergang \" data-e-action-hash=\"#elementor-action%3Aaction%3Dlightbox%26settings%3DeyJpZCI6NjQ2LCJ1cmwiOiJodHRwczpcL1wvY29zdGFibGFuY2EtbWFnYXppbi5jb21cL3dwLWNvbnRlbnRcL3VwbG9hZHNcLzIwMjJcLzA5XC9jb3N0YWJsYW5jYS1saWZlc3R5bGUtYmVuaWRvcm0tMTEuanBnIiwic2xpZGVzaG93IjoiMzRjY2VjOCJ9\">\n\t\t\t\t\t<div class=\"e-gallery-image elementor-gallery-item__image\" data-thumbnail=\"https:\/\/costablanca-magazin.com\/wp-content\/uploads\/2022\/09\/costablanca-lifestyle-benidorm-11.jpg\" data-width=\"750\" data-height=\"600\" aria-label=\"Costa Blanca Benidorm puesta de sol\" role=\"img\" ><\/div>\n\t\t\t\t\t\t\t\t\t\t\t<div class=\"elementor-gallery-item__overlay\"><\/div>\n\t\t\t\t\t\t\t\t\t\t\t\t\t\t<\/a>\n\t\t\t\t\t\t\t<a class=\"e-gallery-item elementor-gallery-item elementor-animated-content\" href=\"https:\/\/costablanca-magazin.com\/wp-content\/uploads\/2022\/09\/costablanca-lifestyle-benidorm-aqualandia-1.jpg\" data-elementor-open-lightbox=\"yes\" data-elementor-lightbox-slideshow=\"34ccec8\" data-elementor-lightbox-title=\"costablanca-lifestyle-benidorm-aqualandia (1)\" data-elementor-lightbox-description=\"Costa Blanca  Benidorm Aqualandia\" data-e-action-hash=\"#elementor-action%3Aaction%3Dlightbox%26settings%3DeyJpZCI6NjU0LCJ1cmwiOiJodHRwczpcL1wvY29zdGFibGFuY2EtbWFnYXppbi5jb21cL3dwLWNvbnRlbnRcL3VwbG9hZHNcLzIwMjJcLzA5XC9jb3N0YWJsYW5jYS1saWZlc3R5bGUtYmVuaWRvcm0tYXF1YWxhbmRpYS0xLmpwZyIsInNsaWRlc2hvdyI6IjM0Y2NlYzgifQ%3D%3D\">\n\t\t\t\t\t<div class=\"e-gallery-image elementor-gallery-item__image\" data-thumbnail=\"https:\/\/costablanca-magazin.com\/wp-content\/uploads\/2022\/09\/costablanca-lifestyle-benidorm-aqualandia-1.jpg\" data-width=\"600\" data-height=\"600\" aria-label=\"Costa Blanca Benidorm Aqualandia 1\" role=\"img\" ><\/div>\n\t\t\t\t\t\t\t\t\t\t\t<div class=\"elementor-gallery-item__overlay\"><\/div>\n\t\t\t\t\t\t\t\t\t\t\t\t\t\t<\/a>\n\t\t\t\t\t\t\t<a class=\"e-gallery-item elementor-gallery-item elementor-animated-content\" href=\"https:\/\/costablanca-magazin.com\/wp-content\/uploads\/2023\/04\/Costa-Blanca-Benidorm-straende-altstadt-7.jpg\" data-elementor-open-lightbox=\"yes\" data-elementor-lightbox-slideshow=\"34ccec8\" data-elementor-lightbox-title=\"Costa-Blanca-Benidorm-str\u00e4nde-altstadt (7)\" data-elementor-lightbox-description=\"Benidorm strand \" data-e-action-hash=\"#elementor-action%3Aaction%3Dlightbox%26settings%3DeyJpZCI6MTMyMCwidXJsIjoiaHR0cHM6XC9cL2Nvc3RhYmxhbmNhLW1hZ2F6aW4uY29tXC93cC1jb250ZW50XC91cGxvYWRzXC8yMDIzXC8wNFwvQ29zdGEtQmxhbmNhLUJlbmlkb3JtLXN0cmFlbmRlLWFsdHN0YWR0LTcuanBnIiwic2xpZGVzaG93IjoiMzRjY2VjOCJ9\">\n\t\t\t\t\t<div class=\"e-gallery-image elementor-gallery-item__image\" data-thumbnail=\"https:\/\/costablanca-magazin.com\/wp-content\/uploads\/2023\/04\/Costa-Blanca-Benidorm-straende-altstadt-7.jpg\" data-width=\"450\" data-height=\"600\" aria-label=\"Playa de Benidorm 1\" role=\"img\" ><\/div>\n\t\t\t\t\t\t\t\t\t\t\t<div class=\"elementor-gallery-item__overlay\"><\/div>\n\t\t\t\t\t\t\t\t\t\t\t\t\t\t<\/a>\n\t\t\t\t\t\t\t<a class=\"e-gallery-item elementor-gallery-item elementor-animated-content\" href=\"https:\/\/costablanca-magazin.com\/wp-content\/uploads\/2025\/06\/20241012_165110.jpg\" data-elementor-open-lightbox=\"yes\" data-elementor-lightbox-slideshow=\"34ccec8\" data-elementor-lightbox-title=\"Benidorm \u2013 Wo Geschichte  auf Hochh\u00e4user trifft\" data-e-action-hash=\"#elementor-action%3Aaction%3Dlightbox%26settings%3DeyJpZCI6NzYyOSwidXJsIjoiaHR0cHM6XC9cL2Nvc3RhYmxhbmNhLW1hZ2F6aW4uY29tXC93cC1jb250ZW50XC91cGxvYWRzXC8yMDI1XC8wNlwvMjAyNDEwMTJfMTY1MTEwLmpwZyIsInNsaWRlc2hvdyI6IjM0Y2NlYzgifQ%3D%3D\">\n\t\t\t\t\t<div class=\"e-gallery-image elementor-gallery-item__image\" data-thumbnail=\"https:\/\/costablanca-magazin.com\/wp-content\/uploads\/2025\/06\/20241012_165110.jpg\" data-width=\"567\" data-height=\"1200\" aria-label=\"Benidorm: donde la historia se encuentra con los rascacielos 1\" role=\"img\" ><\/div>\n\t\t\t\t\t\t\t\t\t\t\t<div class=\"elementor-gallery-item__overlay\"><\/div>\n\t\t\t\t\t\t\t\t\t\t\t\t\t\t<\/a>\n\t\t\t\t\t\t\t<a class=\"e-gallery-item elementor-gallery-item elementor-animated-content\" href=\"https:\/\/costablanca-magazin.com\/wp-content\/uploads\/2025\/06\/costablanca-lifestyle-tapas-benidorm-2.jpg\" data-elementor-open-lightbox=\"yes\" data-elementor-lightbox-slideshow=\"34ccec8\" data-elementor-lightbox-title=\"Benidorm \u2013 Wo Geschichte  auf Hochh\u00e4user trifft\" data-elementor-lightbox-description=\"  Benidorm \u2013 Wo Geschichte auf Hochh\u00e4user trifft\" data-e-action-hash=\"#elementor-action%3Aaction%3Dlightbox%26settings%3DeyJpZCI6NzYzMCwidXJsIjoiaHR0cHM6XC9cL2Nvc3RhYmxhbmNhLW1hZ2F6aW4uY29tXC93cC1jb250ZW50XC91cGxvYWRzXC8yMDI1XC8wNlwvY29zdGFibGFuY2EtbGlmZXN0eWxlLXRhcGFzLWJlbmlkb3JtLTIuanBnIiwic2xpZGVzaG93IjoiMzRjY2VjOCJ9\">\n\t\t\t\t\t<div class=\"e-gallery-image elementor-gallery-item__image\" data-thumbnail=\"https:\/\/costablanca-magazin.com\/wp-content\/uploads\/2025\/06\/costablanca-lifestyle-tapas-benidorm-2.jpg\" data-width=\"1200\" data-height=\"1200\" aria-label=\"Benidorm: donde la historia se encuentra con los rascacielos 2\" role=\"img\" ><\/div>\n\t\t\t\t\t\t\t\t\t\t\t<div class=\"elementor-gallery-item__overlay\"><\/div>\n\t\t\t\t\t\t\t\t\t\t\t\t\t\t<\/a>\n\t\t\t\t\t<\/div>\n\t\t\t\t\t<\/div>\n\t\t\t\t<\/div>\n\t\t\t\t<\/div>\n\t\t<div class=\"elementor-element elementor-element-6179141 e-con-full e-flex e-con e-child\" data-id=\"6179141\" data-element_type=\"container\" data-e-type=\"container\">\n\t\t\t\t<div class=\"elementor-element elementor-element-79da8e8 elementor-widget elementor-widget-gallery\" data-id=\"79da8e8\" data-element_type=\"widget\" data-e-type=\"widget\" data-settings=\"{&quot;gallery_layout&quot;:&quot;masonry&quot;,&quot;columns&quot;:2,&quot;gap&quot;:{&quot;unit&quot;:&quot;px&quot;,&quot;size&quot;:2,&quot;sizes&quot;:[]},&quot;lazyload&quot;:&quot;yes&quot;,&quot;columns_tablet&quot;:2,&quot;columns_mobile&quot;:1,&quot;gap_tablet&quot;:{&quot;unit&quot;:&quot;px&quot;,&quot;size&quot;:10,&quot;sizes&quot;:[]},&quot;gap_mobile&quot;:{&quot;unit&quot;:&quot;px&quot;,&quot;size&quot;:10,&quot;sizes&quot;:[]},&quot;link_to&quot;:&quot;file&quot;,&quot;overlay_background&quot;:&quot;yes&quot;,&quot;content_hover_animation&quot;:&quot;fade-in&quot;}\" data-widget_type=\"gallery.default\">\n\t\t\t\t<div class=\"elementor-widget-container\">\n\t\t\t\t\t\t\t<div class=\"elementor-gallery__container\">\n\t\t\t\t\t\t\t<a class=\"e-gallery-item elementor-gallery-item elementor-animated-content\" href=\"https:\/\/costablanca-magazin.com\/wp-content\/uploads\/2024\/08\/Tapas-Benidorm-4.jpg\" data-elementor-open-lightbox=\"yes\" data-elementor-lightbox-slideshow=\"79da8e8\" data-elementor-lightbox-title=\"Tapas Benidorm (4)\" data-elementor-lightbox-description=\"Tapas-Gasse in der Altstadt von Benidorm\" data-e-action-hash=\"#elementor-action%3Aaction%3Dlightbox%26settings%3DeyJpZCI6MTgxNywidXJsIjoiaHR0cHM6XC9cL2Nvc3RhYmxhbmNhLW1hZ2F6aW4uY29tXC93cC1jb250ZW50XC91cGxvYWRzXC8yMDI0XC8wOFwvVGFwYXMtQmVuaWRvcm0tNC5qcGciLCJzbGlkZXNob3ciOiI3OWRhOGU4In0%3D\">\n\t\t\t\t\t<div class=\"e-gallery-image elementor-gallery-item__image\" data-thumbnail=\"https:\/\/costablanca-magazin.com\/wp-content\/uploads\/2024\/08\/Tapas-Benidorm-4.jpg\" data-width=\"1200\" data-height=\"1200\" aria-label=\"Calle de las tapas en el casco antiguo de Benidorm 6\" role=\"img\" ><\/div>\n\t\t\t\t\t\t\t\t\t\t\t<div class=\"elementor-gallery-item__overlay\"><\/div>\n\t\t\t\t\t\t\t\t\t\t\t\t\t\t<\/a>\n\t\t\t\t\t\t\t<a class=\"e-gallery-item elementor-gallery-item elementor-animated-content\" href=\"https:\/\/costablanca-magazin.com\/wp-content\/uploads\/2024\/08\/evening-skyline-of-benidorm-city-with-high-rise-re-2023-11-27-05-21-17-utc-1.jpg\" data-elementor-open-lightbox=\"yes\" data-elementor-lightbox-slideshow=\"79da8e8\" data-elementor-lightbox-title=\"evening-skyline-of-benidorm-city-with-high-rise-re-2023-11-27-05-21-17-utc\" data-e-action-hash=\"#elementor-action%3Aaction%3Dlightbox%26settings%3DeyJpZCI6MTgwNSwidXJsIjoiaHR0cHM6XC9cL2Nvc3RhYmxhbmNhLW1hZ2F6aW4uY29tXC93cC1jb250ZW50XC91cGxvYWRzXC8yMDI0XC8wOFwvZXZlbmluZy1za3lsaW5lLW9mLWJlbmlkb3JtLWNpdHktd2l0aC1oaWdoLXJpc2UtcmUtMjAyMy0xMS0yNy0wNS0yMS0xNy11dGMtMS5qcGciLCJzbGlkZXNob3ciOiI3OWRhOGU4In0%3D\">\n\t\t\t\t\t<div class=\"e-gallery-image elementor-gallery-item__image\" data-thumbnail=\"https:\/\/costablanca-magazin.com\/wp-content\/uploads\/2024\/08\/evening-skyline-of-benidorm-city-with-high-rise-re-2023-11-27-05-21-17-utc-1.jpg\" data-width=\"1200\" data-height=\"675\" aria-label=\"Costa Blanca Mallorca 163\" role=\"img\" ><\/div>\n\t\t\t\t\t\t\t\t\t\t\t<div class=\"elementor-gallery-item__overlay\"><\/div>\n\t\t\t\t\t\t\t\t\t\t\t\t\t\t<\/a>\n\t\t\t\t\t\t\t<a class=\"e-gallery-item elementor-gallery-item elementor-animated-content\" href=\"https:\/\/costablanca-magazin.com\/wp-content\/uploads\/2024\/05\/benidorm2.jpg\" data-elementor-open-lightbox=\"yes\" data-elementor-lightbox-slideshow=\"79da8e8\" data-elementor-lightbox-title=\"Benidorm Aussichtsplattform Altstadt\" data-elementor-lightbox-description=\"Benidorm Aussichtsplattform Altstadt\" data-e-action-hash=\"#elementor-action%3Aaction%3Dlightbox%26settings%3DeyJpZCI6OTMsInVybCI6Imh0dHBzOlwvXC9jb3N0YWJsYW5jYS1tYWdhemluLmNvbVwvd3AtY29udGVudFwvdXBsb2Fkc1wvMjAyNFwvMDVcL2Jlbmlkb3JtMi5qcGciLCJzbGlkZXNob3ciOiI3OWRhOGU4In0%3D\">\n\t\t\t\t\t<div class=\"e-gallery-image elementor-gallery-item__image\" data-thumbnail=\"https:\/\/costablanca-magazin.com\/wp-content\/uploads\/2024\/05\/benidorm2.jpg\" data-width=\"768\" data-height=\"512\" aria-label=\"Mirador del casco antiguo de Benidorm\" role=\"img\" ><\/div>\n\t\t\t\t\t\t\t\t\t\t\t<div class=\"elementor-gallery-item__overlay\"><\/div>\n\t\t\t\t\t\t\t\t\t\t\t\t\t\t<\/a>\n\t\t\t\t\t\t\t<a class=\"e-gallery-item elementor-gallery-item elementor-animated-content\" href=\"https:\/\/costablanca-magazin.com\/wp-content\/uploads\/2023\/04\/Costa-Blanca-Benidorm-straende-altstadt-8.jpg\" data-elementor-open-lightbox=\"yes\" data-elementor-lightbox-slideshow=\"79da8e8\" data-elementor-lightbox-title=\"Costa-Blanca-Benidorm-str\u00e4nde-altstadt (8)\" data-elementor-lightbox-description=\"Benidorm strand \" data-e-action-hash=\"#elementor-action%3Aaction%3Dlightbox%26settings%3DeyJpZCI6MTMyMSwidXJsIjoiaHR0cHM6XC9cL2Nvc3RhYmxhbmNhLW1hZ2F6aW4uY29tXC93cC1jb250ZW50XC91cGxvYWRzXC8yMDIzXC8wNFwvQ29zdGEtQmxhbmNhLUJlbmlkb3JtLXN0cmFlbmRlLWFsdHN0YWR0LTguanBnIiwic2xpZGVzaG93IjoiNzlkYThlOCJ9\">\n\t\t\t\t\t<div class=\"e-gallery-image elementor-gallery-item__image\" data-thumbnail=\"https:\/\/costablanca-magazin.com\/wp-content\/uploads\/2023\/04\/Costa-Blanca-Benidorm-straende-altstadt-8.jpg\" data-width=\"450\" data-height=\"600\" aria-label=\"Playa de Benidorm 2\" role=\"img\" ><\/div>\n\t\t\t\t\t\t\t\t\t\t\t<div class=\"elementor-gallery-item__overlay\"><\/div>\n\t\t\t\t\t\t\t\t\t\t\t\t\t\t<\/a>\n\t\t\t\t\t\t\t<a class=\"e-gallery-item elementor-gallery-item elementor-animated-content\" href=\"https:\/\/costablanca-magazin.com\/wp-content\/uploads\/2023\/04\/Costa-Blanca-Benidorm-straende-altstadt-6.jpg\" data-elementor-open-lightbox=\"yes\" data-elementor-lightbox-slideshow=\"79da8e8\" data-elementor-lightbox-title=\"Costa-Blanca-Benidorm-str\u00e4nde-altstadt (6)\" data-elementor-lightbox-description=\"Benidorm strand \" data-e-action-hash=\"#elementor-action%3Aaction%3Dlightbox%26settings%3DeyJpZCI6MTMxOSwidXJsIjoiaHR0cHM6XC9cL2Nvc3RhYmxhbmNhLW1hZ2F6aW4uY29tXC93cC1jb250ZW50XC91cGxvYWRzXC8yMDIzXC8wNFwvQ29zdGEtQmxhbmNhLUJlbmlkb3JtLXN0cmFlbmRlLWFsdHN0YWR0LTYuanBnIiwic2xpZGVzaG93IjoiNzlkYThlOCJ9\">\n\t\t\t\t\t<div class=\"e-gallery-image elementor-gallery-item__image\" data-thumbnail=\"https:\/\/costablanca-magazin.com\/wp-content\/uploads\/2023\/04\/Costa-Blanca-Benidorm-straende-altstadt-6.jpg\" data-width=\"450\" data-height=\"600\" aria-label=\"Playa de Benidorm\" role=\"img\" ><\/div>\n\t\t\t\t\t\t\t\t\t\t\t<div class=\"elementor-gallery-item__overlay\"><\/div>\n\t\t\t\t\t\t\t\t\t\t\t\t\t\t<\/a>\n\t\t\t\t\t\t\t<a class=\"e-gallery-item elementor-gallery-item elementor-animated-content\" href=\"https:\/\/costablanca-magazin.com\/wp-content\/uploads\/2022\/09\/costablanca-lifestyle-benidorm-13.jpg\" data-elementor-open-lightbox=\"yes\" data-elementor-lightbox-slideshow=\"79da8e8\" data-elementor-lightbox-title=\"costablanca-lifestyle-benidorm (13)\" data-elementor-lightbox-description=\"Costa Blanca  Benidorm Kirchplatz \" data-e-action-hash=\"#elementor-action%3Aaction%3Dlightbox%26settings%3DeyJpZCI6NjQ4LCJ1cmwiOiJodHRwczpcL1wvY29zdGFibGFuY2EtbWFnYXppbi5jb21cL3dwLWNvbnRlbnRcL3VwbG9hZHNcLzIwMjJcLzA5XC9jb3N0YWJsYW5jYS1saWZlc3R5bGUtYmVuaWRvcm0tMTMuanBnIiwic2xpZGVzaG93IjoiNzlkYThlOCJ9\">\n\t\t\t\t\t<div class=\"e-gallery-image elementor-gallery-item__image\" data-thumbnail=\"https:\/\/costablanca-magazin.com\/wp-content\/uploads\/2022\/09\/costablanca-lifestyle-benidorm-13.jpg\" data-width=\"600\" data-height=\"600\" aria-label=\"Costa Blanca Benidorm Plaza de la Iglesia\" role=\"img\" ><\/div>\n\t\t\t\t\t\t\t\t\t\t\t<div class=\"elementor-gallery-item__overlay\"><\/div>\n\t\t\t\t\t\t\t\t\t\t\t\t\t\t<\/a>\n\t\t\t\t\t\t\t<a class=\"e-gallery-item elementor-gallery-item elementor-animated-content\" href=\"https:\/\/costablanca-magazin.com\/wp-content\/uploads\/2022\/09\/costablanca-lifestyle-benidorm-terra-mitica-1.jpg\" data-elementor-open-lightbox=\"yes\" data-elementor-lightbox-slideshow=\"79da8e8\" data-elementor-lightbox-title=\"costablanca-lifestyle-benidorm-terra-mitica (1)\" data-elementor-lightbox-description=\"costablanca-lifestyle-benidorm-terra-mitica\" data-e-action-hash=\"#elementor-action%3Aaction%3Dlightbox%26settings%3DeyJpZCI6NjYwLCJ1cmwiOiJodHRwczpcL1wvY29zdGFibGFuY2EtbWFnYXppbi5jb21cL3dwLWNvbnRlbnRcL3VwbG9hZHNcLzIwMjJcLzA5XC9jb3N0YWJsYW5jYS1saWZlc3R5bGUtYmVuaWRvcm0tdGVycmEtbWl0aWNhLTEuanBnIiwic2xpZGVzaG93IjoiNzlkYThlOCJ9\">\n\t\t\t\t\t<div class=\"e-gallery-image elementor-gallery-item__image\" data-thumbnail=\"https:\/\/costablanca-magazin.com\/wp-content\/uploads\/2022\/09\/costablanca-lifestyle-benidorm-terra-mitica-1.jpg\" data-width=\"600\" data-height=\"600\" aria-label=\"costablanca-lifestyle-benidorm-terra-mitica\" role=\"img\" ><\/div>\n\t\t\t\t\t\t\t\t\t\t\t<div class=\"elementor-gallery-item__overlay\"><\/div>\n\t\t\t\t\t\t\t\t\t\t\t\t\t\t<\/a>\n\t\t\t\t\t\t\t<a class=\"e-gallery-item elementor-gallery-item elementor-animated-content\" href=\"https:\/\/costablanca-magazin.com\/wp-content\/uploads\/2025\/06\/20241012_150601.jpg\" data-elementor-open-lightbox=\"yes\" data-elementor-lightbox-slideshow=\"79da8e8\" data-elementor-lightbox-title=\"Benidorm \u2013 Wo Geschichte  auf Hochh\u00e4user trifft\" data-elementor-lightbox-description=\"  Benidorm \u2013 Wo Geschichte auf Hochh\u00e4user trifft\" data-e-action-hash=\"#elementor-action%3Aaction%3Dlightbox%26settings%3DeyJpZCI6NzYzMSwidXJsIjoiaHR0cHM6XC9cL2Nvc3RhYmxhbmNhLW1hZ2F6aW4uY29tXC93cC1jb250ZW50XC91cGxvYWRzXC8yMDI1XC8wNlwvMjAyNDEwMTJfMTUwNjAxLmpwZyIsInNsaWRlc2hvdyI6Ijc5ZGE4ZTgifQ%3D%3D\">\n\t\t\t\t\t<div class=\"e-gallery-image elementor-gallery-item__image\" data-thumbnail=\"https:\/\/costablanca-magazin.com\/wp-content\/uploads\/2025\/06\/20241012_150601.jpg\" data-width=\"567\" data-height=\"1200\" aria-label=\"Benidorm: donde la historia se encuentra con los rascacielos 3\" role=\"img\" ><\/div>\n\t\t\t\t\t\t\t\t\t\t\t<div class=\"elementor-gallery-item__overlay\"><\/div>\n\t\t\t\t\t\t\t\t\t\t\t\t\t\t<\/a>\n\t\t\t\t\t\t\t<a class=\"e-gallery-item elementor-gallery-item elementor-animated-content\" href=\"https:\/\/costablanca-magazin.com\/wp-content\/uploads\/2025\/06\/Benidorm-alt-Facebook@Teresa-Orozco.jpg\" data-elementor-open-lightbox=\"yes\" data-elementor-lightbox-slideshow=\"79da8e8\" data-elementor-lightbox-title=\"Benidorm \u2013 Wo Geschichte  auf Hochh\u00e4user trifft\" data-elementor-lightbox-description=\"  Benidorm \u2013 Wo Geschichte auf Hochh\u00e4user trifft\" data-e-action-hash=\"#elementor-action%3Aaction%3Dlightbox%26settings%3DeyJpZCI6NzYzMiwidXJsIjoiaHR0cHM6XC9cL2Nvc3RhYmxhbmNhLW1hZ2F6aW4uY29tXC93cC1jb250ZW50XC91cGxvYWRzXC8yMDI1XC8wNlwvQmVuaWRvcm0tYWx0LUZhY2Vib29rQFRlcmVzYS1Pcm96Y28uanBnIiwic2xpZGVzaG93IjoiNzlkYThlOCJ9\">\n\t\t\t\t\t<div class=\"e-gallery-image elementor-gallery-item__image\" data-thumbnail=\"https:\/\/costablanca-magazin.com\/wp-content\/uploads\/2025\/06\/Benidorm-alt-Facebook@Teresa-Orozco.jpg\" data-width=\"960\" data-height=\"1200\" aria-label=\"Benidorm: donde la historia se encuentra con los rascacielos 4\" role=\"img\" ><\/div>\n\t\t\t\t\t\t\t\t\t\t\t<div class=\"elementor-gallery-item__overlay\"><\/div>\n\t\t\t\t\t\t\t\t\t\t\t\t\t\t<\/a>\n\t\t\t\t\t\t\t<a class=\"e-gallery-item elementor-gallery-item elementor-animated-content\" href=\"https:\/\/costablanca-magazin.com\/wp-content\/uploads\/2025\/06\/20250510_144021.jpg\" data-elementor-open-lightbox=\"yes\" data-elementor-lightbox-slideshow=\"79da8e8\" data-elementor-lightbox-title=\"Benidorm \u2013 Wo Geschichte  auf Hochh\u00e4user trifft\" data-elementor-lightbox-description=\"  Benidorm \u2013 Wo Geschichte auf Hochh\u00e4user trifft\" data-e-action-hash=\"#elementor-action%3Aaction%3Dlightbox%26settings%3DeyJpZCI6NzYzMywidXJsIjoiaHR0cHM6XC9cL2Nvc3RhYmxhbmNhLW1hZ2F6aW4uY29tXC93cC1jb250ZW50XC91cGxvYWRzXC8yMDI1XC8wNlwvMjAyNTA1MTBfMTQ0MDIxLmpwZyIsInNsaWRlc2hvdyI6Ijc5ZGE4ZTgifQ%3D%3D\">\n\t\t\t\t\t<div class=\"e-gallery-image elementor-gallery-item__image\" data-thumbnail=\"https:\/\/costablanca-magazin.com\/wp-content\/uploads\/2025\/06\/20250510_144021.jpg\" data-width=\"1200\" data-height=\"675\" aria-label=\"Benidorm: donde la historia se encuentra con los rascacielos 5\" role=\"img\" ><\/div>\n\t\t\t\t\t\t\t\t\t\t\t<div class=\"elementor-gallery-item__overlay\"><\/div>\n\t\t\t\t\t\t\t\t\t\t\t\t\t\t<\/a>\n\t\t\t\t\t<\/div>\n\t\t\t\t\t<\/div>\n\t\t\t\t<\/div>\n\t\t\t\t<\/div>\n\t\t<div class=\"elementor-element elementor-element-9bf06d1 e-con-full e-flex e-con e-child\" data-id=\"9bf06d1\" data-element_type=\"container\" data-e-type=\"container\">\n\t\t\t\t<div class=\"elementor-element elementor-element-9decd27 elementor-widget elementor-widget-text-editor\" data-id=\"9decd27\" data-element_type=\"widget\" data-e-type=\"widget\" data-widget_type=\"text-editor.default\">\n\t\t\t\t<div class=\"elementor-widget-container\">\n\t\t\t\t\t\t\t\t\t<p>Benidorm est\u00e1 invirtiendo mucho en infraestructuras digitales, urbanismo inteligente y gesti\u00f3n sostenible del agua, temas que otros a\u00fan debaten, al tiempo que celebra el 700 aniversario de la ciudad en 2025 con conciertos, obras de teatro, sellos, exposiciones... y el mism\u00edsimo banco que parece un libro.<br \/>El sabor local tambi\u00e9n permanece visible: en la Pla\u00e7a de Sant Jaume, la Carta Pobla medieval es representada por actores aficionados, acompa\u00f1ados de instrumentos tradicionales, y cien por cien con el color local valenciano.<\/p>\n<p><strong>Amado, odiado, incomprendido: <\/strong><strong>La paradoja de Benidorm<\/strong><br \/>Hay pocos lugares en la costa mediterr\u00e1nea espa\u00f1ola que polaricen tanto como Benidorm. Para algunos, es un monstruo de hormig\u00f3n superpoblado, el ep\u00edtome del turismo de masas con demasiados cristales, ruido e ingl\u00e9s en los men\u00fas. Para otros, es todo lo contrario: animada, colorida, integradora, una ciudad donde todo es posible. Entre estos extremos se encuentra la realidad, y quien se adentra en ella pronto se da cuenta: Benidorm tiene encanto. A veces escondido en las callejuelas del casco antiguo, a veces al aire libre en el tranquilo paseo mar\u00edtimo de Poniente o tomando un caf\u00e9 en un chiringuito familiar alejado de las avenidas principales.<br \/>Benidorm no es sutil, pero es honesto. Y eso es un bien escaso.<\/p>\n<p><strong>\u00bfLa lecci\u00f3n de Benidorm? Flexibilidad<\/strong><br \/>Benidorm es muchas cosas: un monumento al turismo moderno, un laboratorio del futuro urbano, un ejemplo de c\u00f3mo reinventarse constantemente. Pero, sobre todo, es un lugar que nunca ha dejado de ser un pueblo, aunque hoy parezca una versi\u00f3n en miniatura de Manhattan con vistas al mar.<br \/>Y precisamente por eso Benidorm no es un lugar cualquiera de la Marina Baixa. Es un cap\u00edtulo en s\u00ed mismo. O mejor dicho: todo un libro.\u00a0<\/p>\t\t\t\t\t\t\t\t<\/div>\n\t\t\t\t<\/div>\n\t\t\t\t<div class=\"elementor-element elementor-element-05af9a1 elementor-widget elementor-widget-heading\" data-id=\"05af9a1\" data-element_type=\"widget\" data-e-type=\"widget\" data-widget_type=\"heading.default\">\n\t\t\t\t<div class=\"elementor-widget-container\">\n\t\t\t\t\t<h4 class=\"elementor-heading-title elementor-size-default\">Corto y dulce<\/h4>\t\t\t\t<\/div>\n\t\t\t\t<\/div>\n\t\t\t\t<div class=\"elementor-element elementor-element-8403c02 elementor-widget elementor-widget-text-editor\" data-id=\"8403c02\" data-element_type=\"widget\" data-e-type=\"widget\" data-widget_type=\"text-editor.default\">\n\t\t\t\t<div class=\"elementor-widget-container\">\n\t\t\t\t\t\t\t\t\t<p>- Poblaci\u00f3n: unos 43.000 habitantes<br data-start=\"28\" data-end=\"31\" \/>- Proporci\u00f3n de residentes internacionales: aproximadamente 30 %<br data-start=\"79\" data-end=\"82\" data-is-only-node=\"\" \/>- Superficie: aprox. 66 km\u00b2.<br data-start=\"102\" data-end=\"105\" \/>- Monumento m\u00e1s famoso: el Castillo de D\u00e9nia<br data-start=\"154\" data-end=\"157\" \/>- Playas favoritas: Les Marines de arena fina, Las Rotas de costa rocosa<br data-start=\"234\" data-end=\"237\" \/>- Premios: varias playas han sido galardonadas con la Bandera Azul por la alta calidad de sus aguas y sus buenas infraestructuras.<br data-start=\"341\" data-end=\"344\" \/>- Tradiciones y fiestas: Bous a la Mar en julio y Moros y Cristianos en agosto<br data-start=\"425\" data-end=\"428\" \/>- Caracter\u00edsticas especiales: D\u00e9nia forma parte de la red de Ciudades Creativas de la Gastronom\u00eda de la UNESCO desde 2015, cuenta con un puerto de ferrys con conexiones a Baleares y est\u00e1 situada justo al lado del Parque Natural del Montg\u00f3<\/p>\n<p>Mercado semanal: todos los lunes (Explanada de Torrecremada) y viernes (Calle Magallanes)<\/p>\t\t\t\t\t\t\t\t<\/div>\n\t\t\t\t<\/div>\n\t\t\t\t<\/div>\n\t\t\t\t\t<\/div>\n\t\t\t\t<\/div>\n\t\t<div class=\"elementor-element elementor-element-2814ca2 e-flex e-con-boxed e-con e-parent\" data-id=\"2814ca2\" data-element_type=\"container\" data-e-type=\"container\">\n\t\t\t\t\t<div class=\"e-con-inner\">\n\t\t\t\t<div class=\"elementor-element elementor-element-e340cfc elementor-widget-divider--separator-type-pattern elementor-widget-divider--no-spacing elementor-widget-divider--view-line elementor-widget elementor-widget-divider\" data-id=\"e340cfc\" data-element_type=\"widget\" data-e-type=\"widget\" data-widget_type=\"divider.default\">\n\t\t\t\t<div class=\"elementor-widget-container\">\n\t\t\t\t\t\t\t<div class=\"elementor-divider\" style=\"--divider-pattern-url: url(&quot;data:image\/svg+xml,%3Csvg xmlns=&#039;http:\/\/www.w3.org\/2000\/svg&#039; preserveAspectRatio=&#039;xMidYMid meet&#039; overflow=&#039;visible&#039; height=&#039;100%&#039; viewBox=&#039;0 0 126 26&#039; fill=&#039;black&#039; stroke=&#039;none&#039;%3E%3Cpath d=&#039;M3,10.2c2.6,0,2.6,2,2.6,3.2S4.4,16.5,3,16.5s-3-1.4-3-3.2S0.4,10.2,3,10.2z M18.8,10.2c1.7,0,3.2,1.4,3.2,3.2s-1.4,3.2-3.2,3.2c-1.7,0-3.2-1.4-3.2-3.2S17,10.2,18.8,10.2z M34.6,10.2c1.5,0,2.6,1.4,2.6,3.2s-0.5,3.2-1.9,3.2c-1.5,0-3.4-1.4-3.4-3.2S33.1,10.2,34.6,10.2z M50.5,10.2c1.7,0,3.2,1.4,3.2,3.2s-1.4,3.2-3.2,3.2c-1.7,0-3.3-0.9-3.3-2.6S48.7,10.2,50.5,10.2z M66.2,10.2c1.5,0,3.4,1.4,3.4,3.2s-1.9,3.2-3.4,3.2c-1.5,0-2.6-0.4-2.6-2.1S64.8,10.2,66.2,10.2z M82.2,10.2c1.7,0.8,2.6,1.4,2.6,3.2s-0.1,3.2-1.6,3.2c-1.5,0-3.7-1.4-3.7-3.2S80.5,9.4,82.2,10.2zM98.6,10.2c1.5,0,2.6,0.4,2.6,2.1s-1.2,4.2-2.6,4.2c-1.5,0-3.7-0.4-3.7-2.1S97.1,10.2,98.6,10.2z M113.4,10.2c1.2,0,2.2,0.9,2.2,3.2s-0.1,3.2-1.3,3.2s-3.1-1.4-3.1-3.2S112.2,10.2,113.4,10.2z&#039;\/%3E%3C\/svg%3E&quot;);\">\n\t\t\t<span class=\"elementor-divider-separator\">\n\t\t\t\t\t\t<\/span>\n\t\t<\/div>\n\t\t\t\t\t\t<\/div>\n\t\t\t\t<\/div>\n\t\t\t\t\t<\/div>\n\t\t\t\t<\/div>\n\t\t<div class=\"elementor-element elementor-element-4a92b84 e-flex e-con-boxed e-con e-parent\" data-id=\"4a92b84\" data-element_type=\"container\" data-e-type=\"container\">\n\t\t\t\t\t<div class=\"e-con-inner\">\n\t\t\t\t<div class=\"elementor-element elementor-element-cdfb9c2 elementor-grid-3 elementor-grid-tablet-2 elementor-grid-mobile-1 elementor-posts--thumbnail-top elementor-posts--show-avatar elementor-card-shadow-yes elementor-posts__hover-gradient elementor-widget elementor-widget-posts\" data-id=\"cdfb9c2\" data-element_type=\"widget\" data-e-type=\"widget\" data-settings=\"{&quot;cards_columns&quot;:&quot;3&quot;,&quot;cards_columns_tablet&quot;:&quot;2&quot;,&quot;cards_columns_mobile&quot;:&quot;1&quot;,&quot;cards_row_gap&quot;:{&quot;unit&quot;:&quot;px&quot;,&quot;size&quot;:35,&quot;sizes&quot;:[]},&quot;cards_row_gap_tablet&quot;:{&quot;unit&quot;:&quot;px&quot;,&quot;size&quot;:&quot;&quot;,&quot;sizes&quot;:[]},&quot;cards_row_gap_mobile&quot;:{&quot;unit&quot;:&quot;px&quot;,&quot;size&quot;:&quot;&quot;,&quot;sizes&quot;:[]}}\" data-widget_type=\"posts.cards\">\n\t\t\t\t<div class=\"elementor-widget-container\">\n\t\t\t\t\t\t\t<div class=\"elementor-posts-container elementor-posts elementor-posts--skin-cards elementor-grid\" role=\"list\">\n\t\t\t\t<article class=\"elementor-post elementor-grid-item post-7491 post type-post status-publish format-standard has-post-thumbnail hentry category-aktivitaeten-und-ausfluege tag-altea tag-ausfluege-costa-blanca tag-costa-blanca-2 tag-costablanca tag-kunst-costablanca tag-mi-pueblo tag-tagesausflug-altea\" role=\"listitem\">\n\t\t\t<div class=\"elementor-post__card\">\n\t\t\t\t<a class=\"elementor-post__thumbnail__link\" href=\"https:\/\/costablanca-magazin.com\/es\/freizeit\/aktivitaeten-und-ausfluege\/altea-zwischen-geschichtekunst-und-mittelmeerlicht\/\" tabindex=\"-1\" ><div class=\"elementor-post__thumbnail\"><img fetchpriority=\"high\" decoding=\"async\" width=\"1000\" height=\"563\" src=\"https:\/\/costablanca-magazin.com\/wp-content\/uploads\/2025\/05\/Costablanca-Magazin-Altea-10.jpg\" class=\"attachment-2048x2048 size-2048x2048 wp-image-7066\" alt=\"Costa Blanca Mallorca 228\" srcset=\"https:\/\/costablanca-magazin.com\/wp-content\/uploads\/2025\/05\/Costablanca-Magazin-Altea-10.jpg 1000w, https:\/\/costablanca-magazin.com\/wp-content\/uploads\/2025\/05\/Costablanca-Magazin-Altea-10-300x169.jpg 300w, https:\/\/costablanca-magazin.com\/wp-content\/uploads\/2025\/05\/Costablanca-Magazin-Altea-10-768x432.jpg 768w\" sizes=\"(max-width: 1000px) 100vw, 1000px\" \/><\/div><\/a>\n\t\t\t\t<div class=\"elementor-post__badge\">Actividades y excursiones<\/div>\n\t\t\t\t<div class=\"elementor-post__avatar\">\n\t\t\t\t\t<\/div>\n\t\t\t\t<div class=\"elementor-post__text\">\n\t\t\t\t<h3 class=\"elementor-post__title\">\n\t\t\t<a href=\"https:\/\/costablanca-magazin.com\/es\/freizeit\/aktivitaeten-und-ausfluege\/altea-zwischen-geschichtekunst-und-mittelmeerlicht\/\" >\n\t\t\t\tAltea - Entre historia, arte y luz mediterr\u00e1nea\t\t\t<\/a>\n\t\t<\/h3>\n\t\t\t\t<\/div>\n\t\t\t\t\t<\/div>\n\t\t<\/article>\n\t\t\t\t<\/div>\n\t\t\n\t\t\t\t\t\t<\/div>\n\t\t\t\t<\/div>\n\t\t\t\t\t<\/div>\n\t\t\t\t<\/div>\n\t\t\t\t<\/div>","protected":false},"excerpt":{"rendered":"<p>Benidorm - donde la historia se une a los rascacielos 700 a\u00f1os, dos playas, millones de visitantes: c\u00f3mo el antiguo pueblo de pescadores se convirti\u00f3 en una metr\u00f3polis vertical - sin su<\/p>","protected":false},"author":1,"featured_media":7117,"comment_status":"closed","ping_status":"closed","sticky":false,"template":"elementor_header_footer","format":"standard","meta":{"footnotes":""},"categories":[22],"tags":[64,920,613,915,921],"class_list":["post-7624","post","type-post","status-publish","format-standard","has-post-thumbnail","hentry","category-aktivitaeten-und-ausfluege","tag-benidorm","tag-benidorm-geschichte-und-kultur","tag-costa-blanca-2","tag-mi-pueblo","tag-stadtentwicklung-benidorm"],"aioseo_notices":[],"_links":{"self":[{"href":"https:\/\/costablanca-magazin.com\/es\/wp-json\/wp\/v2\/posts\/7624","targetHints":{"allow":["GET"]}}],"collection":[{"href":"https:\/\/costablanca-magazin.com\/es\/wp-json\/wp\/v2\/posts"}],"about":[{"href":"https:\/\/costablanca-magazin.com\/es\/wp-json\/wp\/v2\/types\/post"}],"author":[{"embeddable":true,"href":"https:\/\/costablanca-magazin.com\/es\/wp-json\/wp\/v2\/users\/1"}],"replies":[{"embeddable":true,"href":"https:\/\/costablanca-magazin.com\/es\/wp-json\/wp\/v2\/comments?post=7624"}],"version-history":[{"count":20,"href":"https:\/\/costablanca-magazin.com\/es\/wp-json\/wp\/v2\/posts\/7624\/revisions"}],"predecessor-version":[{"id":11310,"href":"https:\/\/costablanca-magazin.com\/es\/wp-json\/wp\/v2\/posts\/7624\/revisions\/11310"}],"wp:featuredmedia":[{"embeddable":true,"href":"https:\/\/costablanca-magazin.com\/es\/wp-json\/wp\/v2\/media\/7117"}],"wp:attachment":[{"href":"https:\/\/costablanca-magazin.com\/es\/wp-json\/wp\/v2\/media?parent=7624"}],"wp:term":[{"taxonomy":"category","embeddable":true,"href":"https:\/\/costablanca-magazin.com\/es\/wp-json\/wp\/v2\/categories?post=7624"},{"taxonomy":"post_tag","embeddable":true,"href":"https:\/\/costablanca-magazin.com\/es\/wp-json\/wp\/v2\/tags?post=7624"}],"curies":[{"name":"wp","href":"https:\/\/api.w.org\/{rel}","templated":true}]}}