{"id":7494,"date":"2025-05-27T09:00:00","date_gmt":"2025-05-27T07:00:00","guid":{"rendered":"https:\/\/costablanca-magazin.com\/?p=7494"},"modified":"2026-07-07T10:20:10","modified_gmt":"2026-07-07T08:20:10","slug":"costa-blanca-artistas-entre-la-costa-y-el-escenario-mundial","status":"publish","type":"post","link":"https:\/\/costablanca-magazin.com\/es\/lokales\/infos\/costa-blanca-kuenstler-zwischen-kueste-und-weltbuehne\/","title":{"rendered":"Artistas de la Costa Blanca entre la costa y el escenario mundial"},"content":{"rendered":"<div data-elementor-type=\"wp-post\" data-elementor-id=\"7494\" class=\"elementor elementor-7494\" data-elementor-post-type=\"post\">\n\t\t\t\t<div class=\"elementor-element elementor-element-ee8f0c8 e-flex e-con-boxed e-con e-parent\" data-id=\"ee8f0c8\" data-element_type=\"container\" data-e-type=\"container\">\n\t\t\t\t\t<div class=\"e-con-inner\">\n\t\t\t\t<div class=\"elementor-element elementor-element-6718bd5 elementor-widget elementor-widget-heading\" data-id=\"6718bd5\" data-element_type=\"widget\" data-e-type=\"widget\" data-widget_type=\"heading.default\">\n\t\t\t\t<div class=\"elementor-widget-container\">\n\t\t\t\t\t<h1 class=\"elementor-heading-title elementor-size-default\">Costa Blanca\nArtistas\nentre la costa\ny el escenario mundial<\/h1>\t\t\t\t<\/div>\n\t\t\t\t<\/div>\n\t\t\t\t<div class=\"elementor-element elementor-element-c060aeb elementor-widget elementor-widget-image\" data-id=\"c060aeb\" data-element_type=\"widget\" data-e-type=\"widget\" data-widget_type=\"image.default\">\n\t\t\t\t<div class=\"elementor-widget-container\">\n\t\t\t\t\t\t\t\t\t\t\t\t\t\t\t<img decoding=\"async\" src=\"https:\/\/costablanca-magazin.com\/wp-content\/uploads\/elementor\/thumbs\/Tardor-La-Xara-1-rjc5kn2umg06dh6ttg2yf7b25ei63d36ynvwqd1dw4.jpg\" title=\"De cerca y de lejos: artistas entre la costa y el escenario mundial\" alt=\"Cerca y lejos: artistas entre la costa y el escenario mundial 19\" loading=\"lazy\" \/>\t\t\t\t\t\t\t\t\t\t\t\t\t\t\t<\/div>\n\t\t\t\t<\/div>\n\t\t\t\t\t<\/div>\n\t\t\t\t<\/div>\n\t\t<div class=\"elementor-element elementor-element-44c27e3 e-flex e-con-boxed e-con e-parent\" data-id=\"44c27e3\" data-element_type=\"container\" data-e-type=\"container\">\n\t\t\t\t\t<div class=\"e-con-inner\">\n\t\t\t\t<div class=\"elementor-element elementor-element-eca0160 elementor-widget elementor-widget-heading\" data-id=\"eca0160\" data-element_type=\"widget\" data-e-type=\"widget\" data-widget_type=\"heading.default\">\n\t\t\t\t<div class=\"elementor-widget-container\">\n\t\t\t\t\t<h2 class=\"elementor-heading-title elementor-size-default\">Del arte callejero al arte sacro\nc\u00f3mo la Costa Blanca ha dejado su creatividad\na trav\u00e9s de los siglos.<\/h2>\t\t\t\t<\/div>\n\t\t\t\t<\/div>\n\t\t\t\t\t<\/div>\n\t\t\t\t<\/div>\n\t\t<div class=\"elementor-element elementor-element-b90e371 e-flex e-con-boxed e-con e-parent\" data-id=\"b90e371\" data-element_type=\"container\" data-e-type=\"container\">\n\t\t\t\t\t<div class=\"e-con-inner\">\n\t\t<div class=\"elementor-element elementor-element-2080a59 e-con-full e-flex e-con e-child\" data-id=\"2080a59\" data-element_type=\"container\" data-e-type=\"container\">\n\t\t\t\t<div class=\"elementor-element elementor-element-0029626 elementor-widget elementor-widget-text-editor\" data-id=\"0029626\" data-element_type=\"widget\" data-e-type=\"widget\" data-widget_type=\"text-editor.default\">\n\t\t\t\t<div class=\"elementor-widget-container\">\n\t\t\t\t\t\t\t\t\t<p>En la Costa Blanca, el arte no se crea en retiros, sino en di\u00e1logo con su entorno. Aqu\u00ed, la vida cotidiana se encuentra con la expresividad, la tradici\u00f3n con el presente... y algunas obras llegan a la escena mundial. <br \/>Entre Alicante y D\u00e9nia, los artistas de la regi\u00f3n muestran la vitalidad de la creaci\u00f3n actual. Al mismo tiempo, grandes nombres de la historia del arte nos recuerdan que esta regi\u00f3n costera ha sido durante mucho tiempo fuente de inspiraci\u00f3n de obras que hoy cuelgan en museos internacionales.<br \/>Cuatro artistas, cuatro perspectivas: un recorrido por el pasado y el presente de una regi\u00f3n donde el arte no s\u00f3lo se ve, sino que se vive.<\/p><p><strong>Toni Mar\u00ed Sart - <\/strong><strong>Cuando el acero toma forma<\/strong><br \/>Nacido en J\u00e1vea en 1963, Toni Mar\u00ed Sart caracteriza como nadie los espacios p\u00fablicos con sus esculturas met\u00e1licas de gran formato. <br \/>Sus obras no est\u00e1n detr\u00e1s de un cristal, sino en medio del tr\u00e1fico: en las entradas de Moraira, Teulada y J\u00e1vea, en la rotonda de Pedreguer, en plazas de D\u00e9nia y en los alrededores del barrio de \u201eBous a la Mar\u201c.<br \/>Una ballena monumental de acero frente a su taller de Gata de Gorgos no s\u00f3lo se\u00f1ala su estilo art\u00edstico, sino tambi\u00e9n sus ra\u00edces en la regi\u00f3n.<\/p><p><strong>Tardor Rosell\u00f3 - La pared como lienzo<\/strong><br \/>Tardor Rosell\u00f3 llena de color las paredes desnudas. El artista callejero de la Marina Alta ha conseguido dejar atr\u00e1s los prejuicios del graffiti. Sus murales, ya legales, dan color a lugares como Jes\u00fas Pobre, Benigembla o La Xara.<\/p>\t\t\t\t\t\t\t\t<\/div>\n\t\t\t\t<\/div>\n\t\t\t\t<div class=\"elementor-element elementor-element-a36097a elementor-widget elementor-widget-gallery\" data-id=\"a36097a\" data-element_type=\"widget\" data-e-type=\"widget\" data-settings=\"{&quot;columns&quot;:3,&quot;gap&quot;:{&quot;unit&quot;:&quot;px&quot;,&quot;size&quot;:5,&quot;sizes&quot;:[]},&quot;lazyload&quot;:&quot;yes&quot;,&quot;gallery_layout&quot;:&quot;grid&quot;,&quot;columns_tablet&quot;:2,&quot;columns_mobile&quot;:1,&quot;gap_tablet&quot;:{&quot;unit&quot;:&quot;px&quot;,&quot;size&quot;:10,&quot;sizes&quot;:[]},&quot;gap_mobile&quot;:{&quot;unit&quot;:&quot;px&quot;,&quot;size&quot;:10,&quot;sizes&quot;:[]},&quot;link_to&quot;:&quot;file&quot;,&quot;aspect_ratio&quot;:&quot;3:2&quot;,&quot;overlay_background&quot;:&quot;yes&quot;,&quot;content_hover_animation&quot;:&quot;fade-in&quot;}\" data-widget_type=\"gallery.default\">\n\t\t\t\t<div class=\"elementor-widget-container\">\n\t\t\t\t\t\t\t<div class=\"elementor-gallery__container\">\n\t\t\t\t\t\t\t<a class=\"e-gallery-item elementor-gallery-item elementor-animated-content\" href=\"https:\/\/costablanca-magazin.com\/wp-content\/uploads\/2025\/05\/Toni-Mari-3.jpg\" data-elementor-open-lightbox=\"yes\" data-elementor-lightbox-slideshow=\"a36097a\" data-elementor-lightbox-title=\"Nah dran  und weit hinaus:  K\u00fcnstler  zwischen K\u00fcste  und Weltb\u00fchne\" data-elementor-lightbox-description=\"Nah dran und weit hinaus: K\u00fcnstler zwischen K\u00fcste und Weltb\u00fchne\" data-e-action-hash=\"#elementor-action%3Aaction%3Dlightbox%26settings%3DeyJpZCI6NzUxMiwidXJsIjoiaHR0cHM6XC9cL2Nvc3RhYmxhbmNhLW1hZ2F6aW4uY29tXC93cC1jb250ZW50XC91cGxvYWRzXC8yMDI1XC8wNVwvVG9uaS1NYXJpLTMuanBnIiwic2xpZGVzaG93IjoiYTM2MDk3YSJ9\">\n\t\t\t\t\t<div class=\"e-gallery-image elementor-gallery-item__image\" data-thumbnail=\"https:\/\/costablanca-magazin.com\/wp-content\/uploads\/2025\/05\/Toni-Mari-3-300x169.jpg\" data-width=\"300\" data-height=\"169\" aria-label=\"Cerca y lejos: artistas entre la costa y el escenario mundial 16\" role=\"img\" ><\/div>\n\t\t\t\t\t\t\t\t\t\t\t<div class=\"elementor-gallery-item__overlay\"><\/div>\n\t\t\t\t\t\t\t\t\t\t\t\t\t\t<\/a>\n\t\t\t\t\t\t\t<a class=\"e-gallery-item elementor-gallery-item elementor-animated-content\" href=\"https:\/\/costablanca-magazin.com\/wp-content\/uploads\/2025\/05\/Toni-Mari-2.jpg\" data-elementor-open-lightbox=\"yes\" data-elementor-lightbox-slideshow=\"a36097a\" data-elementor-lightbox-title=\"Nah dran  und weit hinaus:  K\u00fcnstler  zwischen K\u00fcste  und Weltb\u00fchne\" data-elementor-lightbox-description=\"Nah dran und weit hinaus: K\u00fcnstler zwischen K\u00fcste und Weltb\u00fchne\" data-e-action-hash=\"#elementor-action%3Aaction%3Dlightbox%26settings%3DeyJpZCI6NzUxMSwidXJsIjoiaHR0cHM6XC9cL2Nvc3RhYmxhbmNhLW1hZ2F6aW4uY29tXC93cC1jb250ZW50XC91cGxvYWRzXC8yMDI1XC8wNVwvVG9uaS1NYXJpLTIuanBnIiwic2xpZGVzaG93IjoiYTM2MDk3YSJ9\">\n\t\t\t\t\t<div class=\"e-gallery-image elementor-gallery-item__image\" data-thumbnail=\"https:\/\/costablanca-magazin.com\/wp-content\/uploads\/2025\/05\/Toni-Mari-2-300x169.jpg\" data-width=\"300\" data-height=\"169\" aria-label=\"Cerca y lejos: artistas entre la costa y el escenario mundial 15\" role=\"img\" ><\/div>\n\t\t\t\t\t\t\t\t\t\t\t<div class=\"elementor-gallery-item__overlay\"><\/div>\n\t\t\t\t\t\t\t\t\t\t\t\t\t\t<\/a>\n\t\t\t\t\t\t\t<a class=\"e-gallery-item elementor-gallery-item elementor-animated-content\" href=\"https:\/\/costablanca-magazin.com\/wp-content\/uploads\/2025\/05\/CBM-Kuenstler-Costablanca-Toni-Mari-12.jpg\" data-elementor-open-lightbox=\"yes\" data-elementor-lightbox-slideshow=\"a36097a\" data-elementor-lightbox-title=\"Nah dran  und weit hinaus:  K\u00fcnstler  zwischen K\u00fcste  und Weltb\u00fchne\" data-elementor-lightbox-description=\"Nah dran und weit hinaus: K\u00fcnstler zwischen K\u00fcste und Weltb\u00fchne\" data-e-action-hash=\"#elementor-action%3Aaction%3Dlightbox%26settings%3DeyJpZCI6NzUwNywidXJsIjoiaHR0cHM6XC9cL2Nvc3RhYmxhbmNhLW1hZ2F6aW4uY29tXC93cC1jb250ZW50XC91cGxvYWRzXC8yMDI1XC8wNVwvQ0JNLUt1ZW5zdGxlci1Db3N0YWJsYW5jYS1Ub25pLU1hcmktMTIuanBnIiwic2xpZGVzaG93IjoiYTM2MDk3YSJ9\">\n\t\t\t\t\t<div class=\"e-gallery-image elementor-gallery-item__image\" data-thumbnail=\"https:\/\/costablanca-magazin.com\/wp-content\/uploads\/2025\/05\/CBM-Kuenstler-Costablanca-Toni-Mari-12-300x169.jpg\" data-width=\"300\" data-height=\"169\" aria-label=\"Cerca y lejos: artistas entre la costa y el escenario mundial 11\" role=\"img\" ><\/div>\n\t\t\t\t\t\t\t\t\t\t\t<div class=\"elementor-gallery-item__overlay\"><\/div>\n\t\t\t\t\t\t\t\t\t\t\t\t\t\t<\/a>\n\t\t\t\t\t\t\t<a class=\"e-gallery-item elementor-gallery-item elementor-animated-content\" href=\"https:\/\/costablanca-magazin.com\/wp-content\/uploads\/2025\/05\/CBM-Kuenstler-Costablanca-Toni-Mari-6.jpg\" data-elementor-open-lightbox=\"yes\" data-elementor-lightbox-slideshow=\"a36097a\" data-elementor-lightbox-title=\"Nah dran  und weit hinaus:  K\u00fcnstler  zwischen K\u00fcste  und Weltb\u00fchne\" data-elementor-lightbox-description=\"Nah dran und weit hinaus: K\u00fcnstler zwischen K\u00fcste und Weltb\u00fchne\" data-e-action-hash=\"#elementor-action%3Aaction%3Dlightbox%26settings%3DeyJpZCI6NzUwMSwidXJsIjoiaHR0cHM6XC9cL2Nvc3RhYmxhbmNhLW1hZ2F6aW4uY29tXC93cC1jb250ZW50XC91cGxvYWRzXC8yMDI1XC8wNVwvQ0JNLUt1ZW5zdGxlci1Db3N0YWJsYW5jYS1Ub25pLU1hcmktNi5qcGciLCJzbGlkZXNob3ciOiJhMzYwOTdhIn0%3D\">\n\t\t\t\t\t<div class=\"e-gallery-image elementor-gallery-item__image\" data-thumbnail=\"https:\/\/costablanca-magazin.com\/wp-content\/uploads\/2025\/05\/CBM-Kuenstler-Costablanca-Toni-Mari-6-300x169.jpg\" data-width=\"300\" data-height=\"169\" aria-label=\"Cerca y lejos: artistas entre la costa y el escenario mundial 5\" role=\"img\" ><\/div>\n\t\t\t\t\t\t\t\t\t\t\t<div class=\"elementor-gallery-item__overlay\"><\/div>\n\t\t\t\t\t\t\t\t\t\t\t\t\t\t<\/a>\n\t\t\t\t\t\t\t<a class=\"e-gallery-item elementor-gallery-item elementor-animated-content\" href=\"https:\/\/costablanca-magazin.com\/wp-content\/uploads\/2025\/05\/CBM-Kuenstler-Costablanca-Toni-Mari-7.jpg\" data-elementor-open-lightbox=\"yes\" data-elementor-lightbox-slideshow=\"a36097a\" data-elementor-lightbox-title=\"Nah dran  und weit hinaus:  K\u00fcnstler  zwischen K\u00fcste  und Weltb\u00fchne\" data-elementor-lightbox-description=\"Nah dran und weit hinaus: K\u00fcnstler zwischen K\u00fcste und Weltb\u00fchne\" data-e-action-hash=\"#elementor-action%3Aaction%3Dlightbox%26settings%3DeyJpZCI6NzUwMiwidXJsIjoiaHR0cHM6XC9cL2Nvc3RhYmxhbmNhLW1hZ2F6aW4uY29tXC93cC1jb250ZW50XC91cGxvYWRzXC8yMDI1XC8wNVwvQ0JNLUt1ZW5zdGxlci1Db3N0YWJsYW5jYS1Ub25pLU1hcmktNy5qcGciLCJzbGlkZXNob3ciOiJhMzYwOTdhIn0%3D\">\n\t\t\t\t\t<div class=\"e-gallery-image elementor-gallery-item__image\" data-thumbnail=\"https:\/\/costablanca-magazin.com\/wp-content\/uploads\/2025\/05\/CBM-Kuenstler-Costablanca-Toni-Mari-7-300x225.jpg\" data-width=\"300\" data-height=\"225\" aria-label=\"Cerca y lejos: artistas entre la costa y el escenario mundial 6\" role=\"img\" ><\/div>\n\t\t\t\t\t\t\t\t\t\t\t<div class=\"elementor-gallery-item__overlay\"><\/div>\n\t\t\t\t\t\t\t\t\t\t\t\t\t\t<\/a>\n\t\t\t\t\t\t\t<a class=\"e-gallery-item elementor-gallery-item elementor-animated-content\" href=\"https:\/\/costablanca-magazin.com\/wp-content\/uploads\/2025\/05\/CBM-Kuenstler-Costablanca-Toni-Mari-1.jpg\" data-elementor-open-lightbox=\"yes\" data-elementor-lightbox-slideshow=\"a36097a\" data-elementor-lightbox-title=\"Nah dran  und weit hinaus:  K\u00fcnstler  zwischen K\u00fcste  und Weltb\u00fchne\" data-elementor-lightbox-description=\"Nah dran und weit hinaus: K\u00fcnstler zwischen K\u00fcste und Weltb\u00fchne\" data-e-action-hash=\"#elementor-action%3Aaction%3Dlightbox%26settings%3DeyJpZCI6NzQ5NiwidXJsIjoiaHR0cHM6XC9cL2Nvc3RhYmxhbmNhLW1hZ2F6aW4uY29tXC93cC1jb250ZW50XC91cGxvYWRzXC8yMDI1XC8wNVwvQ0JNLUt1ZW5zdGxlci1Db3N0YWJsYW5jYS1Ub25pLU1hcmktMS5qcGciLCJzbGlkZXNob3ciOiJhMzYwOTdhIn0%3D\">\n\t\t\t\t\t<div class=\"e-gallery-image elementor-gallery-item__image\" data-thumbnail=\"https:\/\/costablanca-magazin.com\/wp-content\/uploads\/2025\/05\/CBM-Kuenstler-Costablanca-Toni-Mari-1-300x169.jpg\" data-width=\"300\" data-height=\"169\" aria-label=\"De cerca y de lejos: artistas entre la costa y el escenario mundial\" role=\"img\" ><\/div>\n\t\t\t\t\t\t\t\t\t\t\t<div class=\"elementor-gallery-item__overlay\"><\/div>\n\t\t\t\t\t\t\t\t\t\t\t\t\t\t<\/a>\n\t\t\t\t\t<\/div>\n\t\t\t\t\t<\/div>\n\t\t\t\t<\/div>\n\t\t\t\t<\/div>\n\t\t<div class=\"elementor-element elementor-element-df1e301 e-con-full e-flex e-con e-child\" data-id=\"df1e301\" data-element_type=\"container\" data-e-type=\"container\">\n\t\t\t\t<div class=\"elementor-element elementor-element-eee7cc3 elementor-widget elementor-widget-gallery\" data-id=\"eee7cc3\" data-element_type=\"widget\" data-e-type=\"widget\" data-settings=\"{&quot;gallery_layout&quot;:&quot;justified&quot;,&quot;ideal_row_height&quot;:{&quot;unit&quot;:&quot;px&quot;,&quot;size&quot;:128,&quot;sizes&quot;:[]},&quot;gap&quot;:{&quot;unit&quot;:&quot;px&quot;,&quot;size&quot;:5,&quot;sizes&quot;:[]},&quot;lazyload&quot;:&quot;yes&quot;,&quot;ideal_row_height_tablet&quot;:{&quot;unit&quot;:&quot;px&quot;,&quot;size&quot;:150,&quot;sizes&quot;:[]},&quot;ideal_row_height_mobile&quot;:{&quot;unit&quot;:&quot;px&quot;,&quot;size&quot;:150,&quot;sizes&quot;:[]},&quot;gap_tablet&quot;:{&quot;unit&quot;:&quot;px&quot;,&quot;size&quot;:10,&quot;sizes&quot;:[]},&quot;gap_mobile&quot;:{&quot;unit&quot;:&quot;px&quot;,&quot;size&quot;:10,&quot;sizes&quot;:[]},&quot;link_to&quot;:&quot;file&quot;,&quot;overlay_background&quot;:&quot;yes&quot;,&quot;content_hover_animation&quot;:&quot;fade-in&quot;}\" data-widget_type=\"gallery.default\">\n\t\t\t\t<div class=\"elementor-widget-container\">\n\t\t\t\t\t\t\t<div class=\"elementor-gallery__container\">\n\t\t\t\t\t\t\t<a class=\"e-gallery-item elementor-gallery-item elementor-animated-content\" href=\"https:\/\/costablanca-magazin.com\/wp-content\/uploads\/2025\/05\/Tardor-La-Xara-1.jpg\" data-elementor-open-lightbox=\"yes\" data-elementor-lightbox-slideshow=\"eee7cc3\" data-elementor-lightbox-title=\"Nah dran  und weit hinaus:  K\u00fcnstler  zwischen K\u00fcste  und Weltb\u00fchne\" data-elementor-lightbox-description=\"Nah dran und weit hinaus: K\u00fcnstler zwischen K\u00fcste und Weltb\u00fchne\" data-e-action-hash=\"#elementor-action%3Aaction%3Dlightbox%26settings%3DeyJpZCI6NzUxNSwidXJsIjoiaHR0cHM6XC9cL2Nvc3RhYmxhbmNhLW1hZ2F6aW4uY29tXC93cC1jb250ZW50XC91cGxvYWRzXC8yMDI1XC8wNVwvVGFyZG9yLUxhLVhhcmEtMS5qcGciLCJzbGlkZXNob3ciOiJlZWU3Y2MzIn0%3D\">\n\t\t\t\t\t<div class=\"e-gallery-image elementor-gallery-item__image\" data-thumbnail=\"https:\/\/costablanca-magazin.com\/wp-content\/uploads\/2025\/05\/Tardor-La-Xara-1-300x225.jpg\" data-width=\"300\" data-height=\"225\" aria-label=\"Cerca y lejos: artistas entre la costa y el escenario mundial 19\" role=\"img\" ><\/div>\n\t\t\t\t\t\t\t\t\t\t\t<div class=\"elementor-gallery-item__overlay\"><\/div>\n\t\t\t\t\t\t\t\t\t\t\t\t\t\t<\/a>\n\t\t\t\t\t\t\t<a class=\"e-gallery-item elementor-gallery-item elementor-animated-content\" href=\"https:\/\/costablanca-magazin.com\/wp-content\/uploads\/2025\/05\/Tardor-Rosello-CBM-8.jpg\" data-elementor-open-lightbox=\"yes\" data-elementor-lightbox-slideshow=\"eee7cc3\" data-elementor-lightbox-title=\"Nah dran  und weit hinaus:  K\u00fcnstler  zwischen K\u00fcste  und Weltb\u00fchne\" data-elementor-lightbox-description=\"Nah dran und weit hinaus: K\u00fcnstler zwischen K\u00fcste und Weltb\u00fchne\" data-e-action-hash=\"#elementor-action%3Aaction%3Dlightbox%26settings%3DeyJpZCI6NzUwOSwidXJsIjoiaHR0cHM6XC9cL2Nvc3RhYmxhbmNhLW1hZ2F6aW4uY29tXC93cC1jb250ZW50XC91cGxvYWRzXC8yMDI1XC8wNVwvVGFyZG9yLVJvc2VsbG8tQ0JNLTguanBnIiwic2xpZGVzaG93IjoiZWVlN2NjMyJ9\">\n\t\t\t\t\t<div class=\"e-gallery-image elementor-gallery-item__image\" data-thumbnail=\"https:\/\/costablanca-magazin.com\/wp-content\/uploads\/2025\/05\/Tardor-Rosello-CBM-8-300x219.jpg\" data-width=\"300\" data-height=\"219\" aria-label=\"Cerca y lejos: artistas entre la costa y el escenario mundial 13\" role=\"img\" ><\/div>\n\t\t\t\t\t\t\t\t\t\t\t<div class=\"elementor-gallery-item__overlay\"><\/div>\n\t\t\t\t\t\t\t\t\t\t\t\t\t\t<\/a>\n\t\t\t\t\t\t\t<a class=\"e-gallery-item elementor-gallery-item elementor-animated-content\" href=\"https:\/\/costablanca-magazin.com\/wp-content\/uploads\/2025\/05\/CBM-Kuenstler-Costablanca-Toni-Mari-10.jpg\" data-elementor-open-lightbox=\"yes\" data-elementor-lightbox-slideshow=\"eee7cc3\" data-elementor-lightbox-title=\"Nah dran  und weit hinaus:  K\u00fcnstler  zwischen K\u00fcste  und Weltb\u00fchne\" data-elementor-lightbox-description=\"Nah dran und weit hinaus: K\u00fcnstler zwischen K\u00fcste und Weltb\u00fchne\" data-e-action-hash=\"#elementor-action%3Aaction%3Dlightbox%26settings%3DeyJpZCI6NzUwNSwidXJsIjoiaHR0cHM6XC9cL2Nvc3RhYmxhbmNhLW1hZ2F6aW4uY29tXC93cC1jb250ZW50XC91cGxvYWRzXC8yMDI1XC8wNVwvQ0JNLUt1ZW5zdGxlci1Db3N0YWJsYW5jYS1Ub25pLU1hcmktMTAuanBnIiwic2xpZGVzaG93IjoiZWVlN2NjMyJ9\">\n\t\t\t\t\t<div class=\"e-gallery-image elementor-gallery-item__image\" data-thumbnail=\"https:\/\/costablanca-magazin.com\/wp-content\/uploads\/2025\/05\/CBM-Kuenstler-Costablanca-Toni-Mari-10-300x225.jpg\" data-width=\"300\" data-height=\"225\" aria-label=\"Cerca y lejos: artistas entre la costa y el escenario mundial 9\" role=\"img\" ><\/div>\n\t\t\t\t\t\t\t\t\t\t\t<div class=\"elementor-gallery-item__overlay\"><\/div>\n\t\t\t\t\t\t\t\t\t\t\t\t\t\t<\/a>\n\t\t\t\t\t\t\t<a class=\"e-gallery-item elementor-gallery-item elementor-animated-content\" href=\"https:\/\/costablanca-magazin.com\/wp-content\/uploads\/2025\/05\/CBM-Kuenstler-Costablanca-Toni-Mari-5.jpg\" data-elementor-open-lightbox=\"yes\" data-elementor-lightbox-slideshow=\"eee7cc3\" data-elementor-lightbox-title=\"Nah dran  und weit hinaus:  K\u00fcnstler  zwischen K\u00fcste  und Weltb\u00fchne\" data-elementor-lightbox-description=\"Nah dran und weit hinaus: K\u00fcnstler zwischen K\u00fcste und Weltb\u00fchne\" data-e-action-hash=\"#elementor-action%3Aaction%3Dlightbox%26settings%3DeyJpZCI6NzUwMCwidXJsIjoiaHR0cHM6XC9cL2Nvc3RhYmxhbmNhLW1hZ2F6aW4uY29tXC93cC1jb250ZW50XC91cGxvYWRzXC8yMDI1XC8wNVwvQ0JNLUt1ZW5zdGxlci1Db3N0YWJsYW5jYS1Ub25pLU1hcmktNS5qcGciLCJzbGlkZXNob3ciOiJlZWU3Y2MzIn0%3D\">\n\t\t\t\t\t<div class=\"e-gallery-image elementor-gallery-item__image\" data-thumbnail=\"https:\/\/costablanca-magazin.com\/wp-content\/uploads\/2025\/05\/CBM-Kuenstler-Costablanca-Toni-Mari-5-300x169.jpg\" data-width=\"300\" data-height=\"169\" aria-label=\"Cerca y lejos: artistas entre la costa y el escenario mundial 4\" role=\"img\" ><\/div>\n\t\t\t\t\t\t\t\t\t\t\t<div class=\"elementor-gallery-item__overlay\"><\/div>\n\t\t\t\t\t\t\t\t\t\t\t\t\t\t<\/a>\n\t\t\t\t\t\t\t<a class=\"e-gallery-item elementor-gallery-item elementor-animated-content\" href=\"https:\/\/costablanca-magazin.com\/wp-content\/uploads\/2025\/05\/CBM-Kuenstler-Costablanca-Toni-Mari-13-1.jpg\" data-elementor-open-lightbox=\"yes\" data-elementor-lightbox-slideshow=\"eee7cc3\" data-elementor-lightbox-title=\"Nah dran  und weit hinaus:  K\u00fcnstler  zwischen K\u00fcste  und Weltb\u00fchne\" data-elementor-lightbox-description=\"Nah dran und weit hinaus: K\u00fcnstler zwischen K\u00fcste und Weltb\u00fchne\" data-e-action-hash=\"#elementor-action%3Aaction%3Dlightbox%26settings%3DeyJpZCI6NzUwOCwidXJsIjoiaHR0cHM6XC9cL2Nvc3RhYmxhbmNhLW1hZ2F6aW4uY29tXC93cC1jb250ZW50XC91cGxvYWRzXC8yMDI1XC8wNVwvQ0JNLUt1ZW5zdGxlci1Db3N0YWJsYW5jYS1Ub25pLU1hcmktMTMtMS5qcGciLCJzbGlkZXNob3ciOiJlZWU3Y2MzIn0%3D\">\n\t\t\t\t\t<div class=\"e-gallery-image elementor-gallery-item__image\" data-thumbnail=\"https:\/\/costablanca-magazin.com\/wp-content\/uploads\/2025\/05\/CBM-Kuenstler-Costablanca-Toni-Mari-13-1-300x169.jpg\" data-width=\"300\" data-height=\"169\" aria-label=\"Cerca y lejos: artistas entre la costa y el escenario mundial 12\" role=\"img\" ><\/div>\n\t\t\t\t\t\t\t\t\t\t\t<div class=\"elementor-gallery-item__overlay\"><\/div>\n\t\t\t\t\t\t\t\t\t\t\t\t\t\t<\/a>\n\t\t\t\t\t\t\t<a class=\"e-gallery-item elementor-gallery-item elementor-animated-content\" href=\"https:\/\/costablanca-magazin.com\/wp-content\/uploads\/2024\/12\/Tardor-Rosello-CBM-7.jpeg\" data-elementor-open-lightbox=\"yes\" data-elementor-lightbox-slideshow=\"eee7cc3\" data-elementor-lightbox-title=\"Tardor Rosell\u00f3:  Vom Graffiti-Talent  zum gefeierten Muralisten\" data-elementor-lightbox-description=\"Tardor Rosell\u00f3: Vom Graffiti-Talent zum gefeierten Muralisten\" data-e-action-hash=\"#elementor-action%3Aaction%3Dlightbox%26settings%3DeyJpZCI6MzU0NywidXJsIjoiaHR0cHM6XC9cL2Nvc3RhYmxhbmNhLW1hZ2F6aW4uY29tXC93cC1jb250ZW50XC91cGxvYWRzXC8yMDI0XC8xMlwvVGFyZG9yLVJvc2VsbG8tQ0JNLTcuanBlZyIsInNsaWRlc2hvdyI6ImVlZTdjYzMifQ%3D%3D\">\n\t\t\t\t\t<div class=\"e-gallery-image elementor-gallery-item__image\" data-thumbnail=\"https:\/\/costablanca-magazin.com\/wp-content\/uploads\/2024\/12\/Tardor-Rosello-CBM-7-300x251.jpeg\" data-width=\"300\" data-height=\"251\" aria-label=\"Tardor Rosell\u00f3: de talentoso grafitero a aclamado muralista 7\" role=\"img\" ><\/div>\n\t\t\t\t\t\t\t\t\t\t\t<div class=\"elementor-gallery-item__overlay\"><\/div>\n\t\t\t\t\t\t\t\t\t\t\t\t\t\t<\/a>\n\t\t\t\t\t\t\t<a class=\"e-gallery-item elementor-gallery-item elementor-animated-content\" href=\"https:\/\/costablanca-magazin.com\/wp-content\/uploads\/2024\/12\/Tardor-Rosello-CBM-6-scaled.jpeg\" data-elementor-open-lightbox=\"yes\" data-elementor-lightbox-slideshow=\"eee7cc3\" data-elementor-lightbox-title=\"Tardor Rosell\u00f3:  Vom Graffiti-Talent  zum gefeierten Muralisten\" data-elementor-lightbox-description=\"Tardor Rosell\u00f3: Vom Graffiti-Talent zum gefeierten Muralisten\" data-e-action-hash=\"#elementor-action%3Aaction%3Dlightbox%26settings%3DeyJpZCI6MzU0NiwidXJsIjoiaHR0cHM6XC9cL2Nvc3RhYmxhbmNhLW1hZ2F6aW4uY29tXC93cC1jb250ZW50XC91cGxvYWRzXC8yMDI0XC8xMlwvVGFyZG9yLVJvc2VsbG8tQ0JNLTYtc2NhbGVkLmpwZWciLCJzbGlkZXNob3ciOiJlZWU3Y2MzIn0%3D\">\n\t\t\t\t\t<div class=\"e-gallery-image elementor-gallery-item__image\" data-thumbnail=\"https:\/\/costablanca-magazin.com\/wp-content\/uploads\/2024\/12\/Tardor-Rosello-CBM-6-225x300.jpeg\" data-width=\"225\" data-height=\"300\" aria-label=\"Tardor Rosell\u00f3: de talentoso grafitero a aclamado muralista 6\" role=\"img\" ><\/div>\n\t\t\t\t\t\t\t\t\t\t\t<div class=\"elementor-gallery-item__overlay\"><\/div>\n\t\t\t\t\t\t\t\t\t\t\t\t\t\t<\/a>\n\t\t\t\t\t\t\t<a class=\"e-gallery-item elementor-gallery-item elementor-animated-content\" href=\"https:\/\/costablanca-magazin.com\/wp-content\/uploads\/2024\/12\/Tardor-Rosello-CBM-9-scaled.jpeg\" data-elementor-open-lightbox=\"yes\" data-elementor-lightbox-slideshow=\"eee7cc3\" data-elementor-lightbox-title=\"Tardor Rosell\u00f3:  Vom Graffiti-Talent  zum gefeierten Muralisten\" data-elementor-lightbox-description=\"Tardor Rosell\u00f3: Vom Graffiti-Talent zum gefeierten Muralisten\" data-e-action-hash=\"#elementor-action%3Aaction%3Dlightbox%26settings%3DeyJpZCI6MzU0OSwidXJsIjoiaHR0cHM6XC9cL2Nvc3RhYmxhbmNhLW1hZ2F6aW4uY29tXC93cC1jb250ZW50XC91cGxvYWRzXC8yMDI0XC8xMlwvVGFyZG9yLVJvc2VsbG8tQ0JNLTktc2NhbGVkLmpwZWciLCJzbGlkZXNob3ciOiJlZWU3Y2MzIn0%3D\">\n\t\t\t\t\t<div class=\"e-gallery-image elementor-gallery-item__image\" data-thumbnail=\"https:\/\/costablanca-magazin.com\/wp-content\/uploads\/2024\/12\/Tardor-Rosello-CBM-9-300x242.jpeg\" data-width=\"300\" data-height=\"242\" aria-label=\"Tardor Rosell\u00f3: de talentoso grafitero a aclamado muralista 9\" role=\"img\" ><\/div>\n\t\t\t\t\t\t\t\t\t\t\t<div class=\"elementor-gallery-item__overlay\"><\/div>\n\t\t\t\t\t\t\t\t\t\t\t\t\t\t<\/a>\n\t\t\t\t\t\t\t<a class=\"e-gallery-item elementor-gallery-item elementor-animated-content\" href=\"https:\/\/costablanca-magazin.com\/wp-content\/uploads\/2024\/12\/Tardor-Rosello-CBM-1-scaled.jpeg\" data-elementor-open-lightbox=\"yes\" data-elementor-lightbox-slideshow=\"eee7cc3\" data-elementor-lightbox-title=\"Tardor Rosell\u00f3:  Vom Graffiti-Talent  zum gefeierten Muralisten\" data-elementor-lightbox-description=\"Tardor Rosell\u00f3: Vom Graffiti-Talent zum gefeierten Muralisten\" data-e-action-hash=\"#elementor-action%3Aaction%3Dlightbox%26settings%3DeyJpZCI6MzU0MSwidXJsIjoiaHR0cHM6XC9cL2Nvc3RhYmxhbmNhLW1hZ2F6aW4uY29tXC93cC1jb250ZW50XC91cGxvYWRzXC8yMDI0XC8xMlwvVGFyZG9yLVJvc2VsbG8tQ0JNLTEtc2NhbGVkLmpwZWciLCJzbGlkZXNob3ciOiJlZWU3Y2MzIn0%3D\">\n\t\t\t\t\t<div class=\"e-gallery-image elementor-gallery-item__image\" data-thumbnail=\"https:\/\/costablanca-magazin.com\/wp-content\/uploads\/2024\/12\/Tardor-Rosello-CBM-1-300x225.jpeg\" data-width=\"300\" data-height=\"225\" aria-label=\"Tardor Rosell\u00f3: de talentoso grafitero a aclamado muralista 1\" role=\"img\" ><\/div>\n\t\t\t\t\t\t\t\t\t\t\t<div class=\"elementor-gallery-item__overlay\"><\/div>\n\t\t\t\t\t\t\t\t\t\t\t\t\t\t<\/a>\n\t\t\t\t\t\t\t<a class=\"e-gallery-item elementor-gallery-item elementor-animated-content\" href=\"https:\/\/costablanca-magazin.com\/wp-content\/uploads\/2025\/05\/CBM-Kuenstler-Costablanca-Toni-Mari-12.jpg\" data-elementor-open-lightbox=\"yes\" data-elementor-lightbox-slideshow=\"eee7cc3\" data-elementor-lightbox-title=\"Nah dran  und weit hinaus:  K\u00fcnstler  zwischen K\u00fcste  und Weltb\u00fchne\" data-elementor-lightbox-description=\"Nah dran und weit hinaus: K\u00fcnstler zwischen K\u00fcste und Weltb\u00fchne\" data-e-action-hash=\"#elementor-action%3Aaction%3Dlightbox%26settings%3DeyJpZCI6NzUwNywidXJsIjoiaHR0cHM6XC9cL2Nvc3RhYmxhbmNhLW1hZ2F6aW4uY29tXC93cC1jb250ZW50XC91cGxvYWRzXC8yMDI1XC8wNVwvQ0JNLUt1ZW5zdGxlci1Db3N0YWJsYW5jYS1Ub25pLU1hcmktMTIuanBnIiwic2xpZGVzaG93IjoiZWVlN2NjMyJ9\">\n\t\t\t\t\t<div class=\"e-gallery-image elementor-gallery-item__image\" data-thumbnail=\"https:\/\/costablanca-magazin.com\/wp-content\/uploads\/2025\/05\/CBM-Kuenstler-Costablanca-Toni-Mari-12-300x169.jpg\" data-width=\"300\" data-height=\"169\" aria-label=\"Cerca y lejos: artistas entre la costa y el escenario mundial 11\" role=\"img\" ><\/div>\n\t\t\t\t\t\t\t\t\t\t\t<div class=\"elementor-gallery-item__overlay\"><\/div>\n\t\t\t\t\t\t\t\t\t\t\t\t\t\t<\/a>\n\t\t\t\t\t<\/div>\n\t\t\t\t\t<\/div>\n\t\t\t\t<\/div>\n\t\t\t\t<div class=\"elementor-element elementor-element-a8d673e elementor-widget elementor-widget-text-editor\" data-id=\"a8d673e\" data-element_type=\"widget\" data-e-type=\"widget\" data-widget_type=\"text-editor.default\">\n\t\t\t\t<div class=\"elementor-widget-container\">\n\t\t\t\t\t\t\t\t\t<p>Est\u00e1 especialmente presente en D\u00e9nia, por ejemplo en la calle La V\u00eda, justo detr\u00e1s del t\u00fanel del Castillo.<br \/>Su estilo: l\u00fadico, audaz, narrativo... y siempre en el centro del espacio p\u00fablico.<\/p><p><strong>Joaqu\u00edn Sorolla - <\/strong><strong>Un rayo de luz en la pintura<\/strong><br \/>A principios del siglo XX, Joaqu\u00edn Sorolla capt\u00f3 como nadie la luz del Mediterr\u00e1neo. Sus escenas -ni\u00f1os en la playa, veleros, pescadores- no s\u00f3lo captan el juego visual del agua y el sol, sino tambi\u00e9n una actitud: ligereza, calidez, movimiento.<br \/>Hoy en d\u00eda, las obras de Sorolla cuelgan en museos de todo el mundo, pero sus or\u00edgenes a\u00fan pueden sentirse en la atm\u00f3sfera que todav\u00eda hoy destilan las ciudades costeras.<\/p><p><strong>Jer\u00f3nimo Jacinto Espinosa - <\/strong><strong>Entre la devoci\u00f3n y la expresi\u00f3n<\/strong><br \/>Menos presente en la esfera p\u00fablica, pero no por ello menos influyente: Jer\u00f3nimo Jacinto Espinosa, pintor del siglo XVII cuyos retablos contribuyeron a dar forma a la imaginer\u00eda religiosa de Levante.<br \/>En iglesias de Orihuela a Valencia, la composici\u00f3n dram\u00e1tica y la profundidad espiritual se combinan para crear un legado art\u00edstico que a\u00fan hoy resuena en espacios silenciosos.<\/p><p>Ya sea en acero, con pincel o sobre yeso, el arte en la Costa Blanca tiene muchas formas. Y permanece exactamente donde tiene mayor impacto: en el centro de la vida, abierto a los encuentros, cerca de la gente.<\/p>\t\t\t\t\t\t\t\t<\/div>\n\t\t\t\t<\/div>\n\t\t\t\t<\/div>\n\t\t\t\t\t<\/div>\n\t\t\t\t<\/div>\n\t\t\t\t<\/div>","protected":false},"excerpt":{"rendered":"<p>Costa Blanca K\u00fcnstler zwischen K\u00fcste und Weltb\u00fchne Von Stra\u00dfenkunst bis Sakralkunst \u2013 wie die Costa Blanca kreative Spuren durch Jahrhunderte zieht. An der Costa Blanca entsteht Kunst nicht in R\u00fcckzugsr\u00e4umen, sondern im Austausch mit ihrer Umgebung. Hier trifft Alltagsn\u00e4he auf Ausdruckskraft, Tradition auf Gegenwart \u2013 und manche Werke ihren Weg auf die Weltb\u00fchne. Zwischen Alicante [&hellip;]<\/p>\n","protected":false},"author":4,"featured_media":7515,"comment_status":"closed","ping_status":"closed","sticky":false,"template":"elementor_header_footer","format":"standard","meta":{"footnotes":""},"categories":[13],"tags":[1799],"class_list":["post-7494","post","type-post","status-publish","format-standard","has-post-thumbnail","hentry","category-infos","tag-kunst-kultur-costa-blanca"],"aioseo_notices":[],"aioseo_head":"\n\t\t<!-- All in One SEO Pro 5.0.1.1 - aioseo.com -->\n\t<meta name=\"description\" content=\"Von Stra\u00dfenkunst bis Sakralkunst \u2013 wie die Costa Blanca kreative Spuren durch Jahrhunderte zieht.\" \/>\n\t<meta name=\"robots\" content=\"max-snippet:-1, max-image-preview:large, max-video-preview:-1\" \/>\n\t<meta name=\"author\" content=\"Costablanca Magazin Redaktion\"\/>\n\t<link rel=\"canonical\" href=\"https:\/\/costablanca-magazin.com\/es\/lokales\/infos\/costa-blanca-kuenstler-zwischen-kueste-und-weltbuehne\/\" \/>\n\t<meta name=\"generator\" content=\"All in One SEO Pro (AIOSEO) 5.0.1.1\" \/>\n\t\t<meta property=\"og:locale\" content=\"es_ES\" \/>\n\t\t<meta property=\"og:site_name\" content=\"Costa Blanca Magazin\" \/>\n\t\t<meta property=\"og:type\" content=\"article\" \/>\n\t\t<meta property=\"og:title\" content=\"Costa Blanca K\u00fcnstler zwischen K\u00fcste und Weltb\u00fchne\" \/>\n\t\t<meta property=\"og:description\" content=\"Von Stra\u00dfenkunst bis Sakralkunst \u2013 wie die Costa Blanca kreative Spuren durch Jahrhunderte zieht.\" \/>\n\t\t<meta property=\"og:url\" content=\"https:\/\/costablanca-magazin.com\/es\/lokales\/infos\/costa-blanca-kuenstler-zwischen-kueste-und-weltbuehne\/\" \/>\n\t\t<meta property=\"og:image\" content=\"https:\/\/costablanca-magazin.com\/wp-content\/uploads\/2025\/05\/Tardor-La-Xara-1.jpg\" \/>\n\t\t<meta property=\"og:image:secure_url\" content=\"https:\/\/costablanca-magazin.com\/wp-content\/uploads\/2025\/05\/Tardor-La-Xara-1.jpg\" \/>\n\t\t<meta property=\"og:image:width\" content=\"1200\" \/>\n\t\t<meta property=\"og:image:height\" content=\"900\" \/>\n\t\t<meta property=\"article:published_time\" content=\"2025-05-27T07:00:00+00:00\" \/>\n\t\t<meta property=\"article:modified_time\" content=\"2026-07-07T08:20:10+00:00\" \/>\n\t\t<meta property=\"article:publisher\" content=\"https:\/\/www.facebook.com\/costablancalifestyle\/\" \/>\n\t\t<meta name=\"twitter:card\" content=\"summary_large_image\" \/>\n\t\t<meta name=\"twitter:title\" content=\"Costa Blanca K\u00fcnstler zwischen K\u00fcste und Weltb\u00fchne\" \/>\n\t\t<meta name=\"twitter:description\" content=\"Von Stra\u00dfenkunst bis Sakralkunst \u2013 wie die Costa Blanca kreative Spuren durch Jahrhunderte zieht.\" \/>\n\t\t<meta name=\"twitter:image\" content=\"https:\/\/costablanca-magazin.com\/wp-content\/uploads\/2025\/05\/Tardor-La-Xara-1.jpg\" \/>\n\t\t<script type=\"application\/ld+json\" class=\"aioseo-schema\">\n\t\t\t{\"@context\":\"https:\\\/\\\/schema.org\",\"@graph\":[{\"@type\":\"BreadcrumbList\",\"@id\":\"https:\\\/\\\/costablanca-magazin.com\\\/es\\\/lokales\\\/infos\\\/costa-blanca-kuenstler-zwischen-kueste-und-weltbuehne\\\/#breadcrumblist\",\"itemListElement\":[{\"@type\":\"ListItem\",\"@id\":\"https:\\\/\\\/costablanca-magazin.com\\\/es#listItem\",\"position\":1,\"name\":\"Home\",\"item\":\"https:\\\/\\\/costablanca-magazin.com\\\/es\",\"nextItem\":{\"@type\":\"ListItem\",\"@id\":\"https:\\\/\\\/costablanca-magazin.com\\\/es\\\/local\\\/#listItem\",\"name\":\"Lokales\"}},{\"@type\":\"ListItem\",\"@id\":\"https:\\\/\\\/costablanca-magazin.com\\\/es\\\/local\\\/#listItem\",\"position\":2,\"name\":\"Lokales\",\"item\":\"https:\\\/\\\/costablanca-magazin.com\\\/es\\\/local\\\/\",\"nextItem\":{\"@type\":\"ListItem\",\"@id\":\"https:\\\/\\\/costablanca-magazin.com\\\/es\\\/informacion\\\/#listItem\",\"name\":\"Infos\"},\"previousItem\":{\"@type\":\"ListItem\",\"@id\":\"https:\\\/\\\/costablanca-magazin.com\\\/es#listItem\",\"name\":\"Home\"}},{\"@type\":\"ListItem\",\"@id\":\"https:\\\/\\\/costablanca-magazin.com\\\/es\\\/informacion\\\/#listItem\",\"position\":3,\"name\":\"Infos\",\"item\":\"https:\\\/\\\/costablanca-magazin.com\\\/es\\\/informacion\\\/\",\"nextItem\":{\"@type\":\"ListItem\",\"@id\":\"https:\\\/\\\/costablanca-magazin.com\\\/es\\\/lokales\\\/infos\\\/costa-blanca-kuenstler-zwischen-kueste-und-weltbuehne\\\/#listItem\",\"name\":\"Costa Blanca K\\u00fcnstler zwischen K\\u00fcste und Weltb\\u00fchne\"},\"previousItem\":{\"@type\":\"ListItem\",\"@id\":\"https:\\\/\\\/costablanca-magazin.com\\\/es\\\/local\\\/#listItem\",\"name\":\"Lokales\"}},{\"@type\":\"ListItem\",\"@id\":\"https:\\\/\\\/costablanca-magazin.com\\\/es\\\/lokales\\\/infos\\\/costa-blanca-kuenstler-zwischen-kueste-und-weltbuehne\\\/#listItem\",\"position\":4,\"name\":\"Costa Blanca K\\u00fcnstler zwischen K\\u00fcste und Weltb\\u00fchne\",\"previousItem\":{\"@type\":\"ListItem\",\"@id\":\"https:\\\/\\\/costablanca-magazin.com\\\/es\\\/informacion\\\/#listItem\",\"name\":\"Infos\"}}]},{\"@type\":\"NewsArticle\",\"@id\":\"https:\\\/\\\/costablanca-magazin.com\\\/es\\\/lokales\\\/infos\\\/costa-blanca-kuenstler-zwischen-kueste-und-weltbuehne\\\/#article\",\"name\":\"Costa Blanca K\\u00fcnstler zwischen K\\u00fcste und Weltb\\u00fchne\",\"headline\":\"Costa Blanca K\\u00fcnstler zwischen K\\u00fcste und Weltb\\u00fchne\",\"author\":{\"@id\":\"https:\\\/\\\/costablanca-magazin.com\\\/es\\\/author\\\/costablanca-magazin-redaktion\\\/#author\"},\"publisher\":{\"@id\":\"https:\\\/\\\/costablanca-magazin.com\\\/es\\\/#organization\"},\"image\":{\"@type\":\"ImageObject\",\"url\":\"https:\\\/\\\/costablanca-magazin.com\\\/wp-content\\\/uploads\\\/2025\\\/05\\\/Tardor-La-Xara-1.jpg\",\"width\":1200,\"height\":900,\"caption\":\"Costa Blanca K\\u00fcnstler zwischen K\\u00fcste und Weltb\\u00fchne\"},\"datePublished\":\"2025-05-27T09:00:00+02:00\",\"dateModified\":\"2026-07-07T10:20:10+02:00\",\"inLanguage\":\"es-ES\",\"mainEntityOfPage\":{\"@id\":\"https:\\\/\\\/costablanca-magazin.com\\\/es\\\/lokales\\\/infos\\\/costa-blanca-kuenstler-zwischen-kueste-und-weltbuehne\\\/#webpage\"},\"isPartOf\":{\"@id\":\"https:\\\/\\\/costablanca-magazin.com\\\/es\\\/lokales\\\/infos\\\/costa-blanca-kuenstler-zwischen-kueste-und-weltbuehne\\\/#webpage\"},\"articleSection\":\"Infos, Kunst &amp; Kultur\"},{\"@type\":\"Person\",\"@id\":\"https:\\\/\\\/costablanca-magazin.com\\\/es\\\/author\\\/costablanca-magazin-redaktion\\\/#author\",\"url\":\"https:\\\/\\\/costablanca-magazin.com\\\/es\\\/author\\\/costablanca-magazin-redaktion\\\/\",\"name\":\"Costablanca Magazin Redaktion\"},{\"@type\":\"WebPage\",\"@id\":\"https:\\\/\\\/costablanca-magazin.com\\\/es\\\/lokales\\\/infos\\\/costa-blanca-kuenstler-zwischen-kueste-und-weltbuehne\\\/#webpage\",\"url\":\"https:\\\/\\\/costablanca-magazin.com\\\/es\\\/lokales\\\/infos\\\/costa-blanca-kuenstler-zwischen-kueste-und-weltbuehne\\\/\",\"name\":\"Costa Blanca K\\u00fcnstler zwischen K\\u00fcste und Weltb\\u00fchne\",\"description\":\"Von Stra\\u00dfenkunst bis Sakralkunst \\u2013 wie die Costa Blanca kreative Spuren durch Jahrhunderte zieht.\",\"inLanguage\":\"es-ES\",\"isPartOf\":{\"@id\":\"https:\\\/\\\/costablanca-magazin.com\\\/es\\\/#website\"},\"breadcrumb\":{\"@id\":\"https:\\\/\\\/costablanca-magazin.com\\\/es\\\/lokales\\\/infos\\\/costa-blanca-kuenstler-zwischen-kueste-und-weltbuehne\\\/#breadcrumblist\"},\"author\":{\"@id\":\"https:\\\/\\\/costablanca-magazin.com\\\/es\\\/author\\\/costablanca-magazin-redaktion\\\/#author\"},\"creator\":{\"@id\":\"https:\\\/\\\/costablanca-magazin.com\\\/es\\\/author\\\/costablanca-magazin-redaktion\\\/#author\"},\"image\":{\"@type\":\"ImageObject\",\"url\":\"https:\\\/\\\/costablanca-magazin.com\\\/wp-content\\\/uploads\\\/2025\\\/05\\\/Tardor-La-Xara-1.jpg\",\"@id\":\"https:\\\/\\\/costablanca-magazin.com\\\/es\\\/lokales\\\/infos\\\/costa-blanca-kuenstler-zwischen-kueste-und-weltbuehne\\\/#mainImage\",\"width\":1200,\"height\":900,\"caption\":\"Costa Blanca K\\u00fcnstler zwischen K\\u00fcste und Weltb\\u00fchne\"},\"primaryImageOfPage\":{\"@id\":\"https:\\\/\\\/costablanca-magazin.com\\\/es\\\/lokales\\\/infos\\\/costa-blanca-kuenstler-zwischen-kueste-und-weltbuehne\\\/#mainImage\"},\"datePublished\":\"2025-05-27T09:00:00+02:00\",\"dateModified\":\"2026-07-07T10:20:10+02:00\",\"mainEntity\":{\"@id\":\"https:\\\/\\\/costablanca-magazin.com\\\/es\\\/lokales\\\/infos\\\/costa-blanca-kuenstler-zwischen-kueste-und-weltbuehne\\\/#article\"}},{\"@type\":\"WebSite\",\"@id\":\"https:\\\/\\\/costablanca-magazin.com\\\/es\\\/#website\",\"url\":\"https:\\\/\\\/costablanca-magazin.com\\\/es\\\/\",\"name\":\"Costa Blanca Magazin\",\"description\":\"Costa Blanca - alles um das Leben und die Freizeit an der K\\u00fcste\",\"inLanguage\":\"es-ES\",\"publisher\":{\"@id\":\"https:\\\/\\\/costablanca-magazin.com\\\/es\\\/#organization\"},\"potentialAction\":{\"@type\":\"SearchAction\",\"target\":\"https:\\\/\\\/costablanca-magazin.com\\\/es\\\/?s={search_term_string}\",\"query-input\":\"required name=search_term_string\"}},{\"@type\":[\"Organization\",\"NewsMediaOrganization\"],\"@id\":\"https:\\\/\\\/costablanca-magazin.com\\\/es\\\/#organization\",\"name\":\"Costa Blanca Magazin\",\"description\":\"Costa Blanca Magazin\",\"url\":\"https:\\\/\\\/costablanca-magazin.com\\\/es\\\/\",\"email\":\"info@costablanca-magazin.com\",\"telephone\":\"+34 663 946 871\",\"logo\":{\"@type\":\"ImageObject\",\"url\":\"https:\\\/\\\/costablanca-magazin.com\\\/wp-content\\\/uploads\\\/2024\\\/05\\\/logo.jpg\",\"@id\":\"https:\\\/\\\/costablanca-magazin.com\\\/es\\\/lokales\\\/infos\\\/costa-blanca-kuenstler-zwischen-kueste-und-weltbuehne\\\/#organizationLogo\",\"width\":1605,\"height\":236,\"caption\":\"Costa Blanca Magazin\"},\"image\":{\"@id\":\"https:\\\/\\\/costablanca-magazin.com\\\/es\\\/lokales\\\/infos\\\/costa-blanca-kuenstler-zwischen-kueste-und-weltbuehne\\\/#organizationLogo\"},\"sameAs\":[\"https:\\\/\\\/www.facebook.com\\\/costablancalifestyle\\\/\",\"https:\\\/\\\/www.instagram.com\\\/costablancamagazin\\\/\"]}]}\n\t\t<\/script>\n\t\t<!-- All in One SEO Pro -->\r\n\t\t<title>Costa Blanca K\u00fcnstler zwischen K\u00fcste und Weltb\u00fchne<\/title>\n\n","aioseo_head_json":{"title":"Artistas de la Costa Blanca entre la costa y el escenario mundial","description":"Desde el arte callejero hasta el arte sacro: c\u00f3mo la Costa Blanca ha dejado su huella creativa a lo largo de los siglos.","canonical_url":"https:\/\/costablanca-magazin.com\/es\/lokales\/infos\/costa-blanca-kuenstler-zwischen-kueste-und-weltbuehne\/","robots":"max-snippet:-1, max-image-preview:large, max-video-preview:-1","keywords":"","webmasterTools":{"miscellaneous":""},"schema":{"@context":"https:\/\/schema.org","@graph":[{"@type":"BreadcrumbList","@id":"https:\/\/costablanca-magazin.com\/es\/lokales\/infos\/costa-blanca-kuenstler-zwischen-kueste-und-weltbuehne\/#breadcrumblist","itemListElement":[{"@type":"ListItem","@id":"https:\/\/costablanca-magazin.com\/es#listItem","position":1,"name":"Home","item":"https:\/\/costablanca-magazin.com\/es","nextItem":{"@type":"ListItem","@id":"https:\/\/costablanca-magazin.com\/es\/local\/#listItem","name":"Lokales"}},{"@type":"ListItem","@id":"https:\/\/costablanca-magazin.com\/es\/local\/#listItem","position":2,"name":"Lokales","item":"https:\/\/costablanca-magazin.com\/es\/local\/","nextItem":{"@type":"ListItem","@id":"https:\/\/costablanca-magazin.com\/es\/informacion\/#listItem","name":"Infos"},"previousItem":{"@type":"ListItem","@id":"https:\/\/costablanca-magazin.com\/es#listItem","name":"Home"}},{"@type":"ListItem","@id":"https:\/\/costablanca-magazin.com\/es\/informacion\/#listItem","position":3,"name":"Infos","item":"https:\/\/costablanca-magazin.com\/es\/informacion\/","nextItem":{"@type":"ListItem","@id":"https:\/\/costablanca-magazin.com\/es\/lokales\/infos\/costa-blanca-kuenstler-zwischen-kueste-und-weltbuehne\/#listItem","name":"Costa Blanca K\u00fcnstler zwischen K\u00fcste und Weltb\u00fchne"},"previousItem":{"@type":"ListItem","@id":"https:\/\/costablanca-magazin.com\/es\/local\/#listItem","name":"Lokales"}},{"@type":"ListItem","@id":"https:\/\/costablanca-magazin.com\/es\/lokales\/infos\/costa-blanca-kuenstler-zwischen-kueste-und-weltbuehne\/#listItem","position":4,"name":"Costa Blanca K\u00fcnstler zwischen K\u00fcste und Weltb\u00fchne","previousItem":{"@type":"ListItem","@id":"https:\/\/costablanca-magazin.com\/es\/informacion\/#listItem","name":"Infos"}}]},{"@type":"NewsArticle","@id":"https:\/\/costablanca-magazin.com\/es\/lokales\/infos\/costa-blanca-kuenstler-zwischen-kueste-und-weltbuehne\/#article","name":"Costa Blanca K\u00fcnstler zwischen K\u00fcste und Weltb\u00fchne","headline":"Costa Blanca K\u00fcnstler zwischen K\u00fcste und Weltb\u00fchne","author":{"@id":"https:\/\/costablanca-magazin.com\/es\/author\/costablanca-magazin-redaktion\/#author"},"publisher":{"@id":"https:\/\/costablanca-magazin.com\/es\/#organization"},"image":{"@type":"ImageObject","url":"https:\/\/costablanca-magazin.com\/wp-content\/uploads\/2025\/05\/Tardor-La-Xara-1.jpg","width":1200,"height":900,"caption":"Costa Blanca K\u00fcnstler zwischen K\u00fcste und Weltb\u00fchne"},"datePublished":"2025-05-27T09:00:00+02:00","dateModified":"2026-07-07T10:20:10+02:00","inLanguage":"es-ES","mainEntityOfPage":{"@id":"https:\/\/costablanca-magazin.com\/es\/lokales\/infos\/costa-blanca-kuenstler-zwischen-kueste-und-weltbuehne\/#webpage"},"isPartOf":{"@id":"https:\/\/costablanca-magazin.com\/es\/lokales\/infos\/costa-blanca-kuenstler-zwischen-kueste-und-weltbuehne\/#webpage"},"articleSection":"Infos, Kunst &amp; Kultur"},{"@type":"Person","@id":"https:\/\/costablanca-magazin.com\/es\/author\/costablanca-magazin-redaktion\/#author","url":"https:\/\/costablanca-magazin.com\/es\/author\/costablanca-magazin-redaktion\/","name":"Costablanca Magazin Redaktion"},{"@type":"WebPage","@id":"https:\/\/costablanca-magazin.com\/es\/lokales\/infos\/costa-blanca-kuenstler-zwischen-kueste-und-weltbuehne\/#webpage","url":"https:\/\/costablanca-magazin.com\/es\/lokales\/infos\/costa-blanca-kuenstler-zwischen-kueste-und-weltbuehne\/","name":"Costa Blanca K\u00fcnstler zwischen K\u00fcste und Weltb\u00fchne","description":"Von Stra\u00dfenkunst bis Sakralkunst \u2013 wie die Costa Blanca kreative Spuren durch Jahrhunderte zieht.","inLanguage":"es-ES","isPartOf":{"@id":"https:\/\/costablanca-magazin.com\/es\/#website"},"breadcrumb":{"@id":"https:\/\/costablanca-magazin.com\/es\/lokales\/infos\/costa-blanca-kuenstler-zwischen-kueste-und-weltbuehne\/#breadcrumblist"},"author":{"@id":"https:\/\/costablanca-magazin.com\/es\/author\/costablanca-magazin-redaktion\/#author"},"creator":{"@id":"https:\/\/costablanca-magazin.com\/es\/author\/costablanca-magazin-redaktion\/#author"},"image":{"@type":"ImageObject","url":"https:\/\/costablanca-magazin.com\/wp-content\/uploads\/2025\/05\/Tardor-La-Xara-1.jpg","@id":"https:\/\/costablanca-magazin.com\/es\/lokales\/infos\/costa-blanca-kuenstler-zwischen-kueste-und-weltbuehne\/#mainImage","width":1200,"height":900,"caption":"Costa Blanca K\u00fcnstler zwischen K\u00fcste und Weltb\u00fchne"},"primaryImageOfPage":{"@id":"https:\/\/costablanca-magazin.com\/es\/lokales\/infos\/costa-blanca-kuenstler-zwischen-kueste-und-weltbuehne\/#mainImage"},"datePublished":"2025-05-27T09:00:00+02:00","dateModified":"2026-07-07T10:20:10+02:00","mainEntity":{"@id":"https:\/\/costablanca-magazin.com\/es\/lokales\/infos\/costa-blanca-kuenstler-zwischen-kueste-und-weltbuehne\/#article"}},{"@type":"WebSite","@id":"https:\/\/costablanca-magazin.com\/es\/#website","url":"https:\/\/costablanca-magazin.com\/es\/","name":"Costa Blanca Magazin","description":"Costa Blanca - alles um das Leben und die Freizeit an der K\u00fcste","inLanguage":"es-ES","publisher":{"@id":"https:\/\/costablanca-magazin.com\/es\/#organization"},"potentialAction":{"@type":"SearchAction","target":"https:\/\/costablanca-magazin.com\/es\/?s={search_term_string}","query-input":"required name=search_term_string"}},{"@type":["Organization","NewsMediaOrganization"],"@id":"https:\/\/costablanca-magazin.com\/es\/#organization","name":"Costa Blanca Magazin","description":"Costa Blanca Magazin","url":"https:\/\/costablanca-magazin.com\/es\/","email":"info@costablanca-magazin.com","telephone":"+34 663 946 871","logo":{"@type":"ImageObject","url":"https:\/\/costablanca-magazin.com\/wp-content\/uploads\/2024\/05\/logo.jpg","@id":"https:\/\/costablanca-magazin.com\/es\/lokales\/infos\/costa-blanca-kuenstler-zwischen-kueste-und-weltbuehne\/#organizationLogo","width":1605,"height":236,"caption":"Costa Blanca Magazin"},"image":{"@id":"https:\/\/costablanca-magazin.com\/es\/lokales\/infos\/costa-blanca-kuenstler-zwischen-kueste-und-weltbuehne\/#organizationLogo"},"sameAs":["https:\/\/www.facebook.com\/costablancalifestyle\/","https:\/\/www.instagram.com\/costablancamagazin\/"]}]},"og:locale":"es_ES","og:site_name":"Costa Blanca Magazin","og:type":"article","og:title":"Costa Blanca K\u00fcnstler zwischen K\u00fcste und Weltb\u00fchne","og:description":"Von Stra\u00dfenkunst bis Sakralkunst \u2013 wie die Costa Blanca kreative Spuren durch Jahrhunderte zieht.","og:url":"https:\/\/costablanca-magazin.com\/es\/lokales\/infos\/costa-blanca-kuenstler-zwischen-kueste-und-weltbuehne\/","og:image":"https:\/\/costablanca-magazin.com\/wp-content\/uploads\/2025\/05\/Tardor-La-Xara-1.jpg","og:image:secure_url":"https:\/\/costablanca-magazin.com\/wp-content\/uploads\/2025\/05\/Tardor-La-Xara-1.jpg","og:image:width":1200,"og:image:height":900,"article:published_time":"2025-05-27T07:00:00+00:00","article:modified_time":"2026-07-07T08:20:10+00:00","article:publisher":"https:\/\/www.facebook.com\/costablancalifestyle\/","twitter:card":"summary_large_image","twitter:title":"Costa Blanca K\u00fcnstler zwischen K\u00fcste und Weltb\u00fchne","twitter:description":"Von Stra\u00dfenkunst bis Sakralkunst \u2013 wie die Costa Blanca kreative Spuren durch Jahrhunderte zieht.","twitter:image":"https:\/\/costablanca-magazin.com\/wp-content\/uploads\/2025\/05\/Tardor-La-Xara-1.jpg"},"aioseo_meta_data":{"post_id":"7494","title":"Artistas de la Costa Blanca entre la costa y el escenario mundial","description":"Desde el arte callejero hasta el arte sacro: c\u00f3mo la Costa Blanca ha dejado su huella creativa a lo largo de los siglos.","keywords":null,"keyphrases":{"focus":[],"additional":[]},"primary_term":null,"canonical_url":null,"og_title":null,"og_description":null,"og_object_type":"default","og_image_type":"default","og_image_url":null,"og_image_width":null,"og_image_height":null,"og_image_custom_url":null,"og_image_custom_fields":null,"og_video":"","og_custom_url":null,"og_article_section":null,"og_article_tags":null,"twitter_use_og":false,"twitter_card":"default","twitter_image_type":"default","twitter_image_url":null,"twitter_image_custom_url":null,"twitter_image_custom_fields":null,"twitter_title":null,"twitter_description":null,"schema":{"blockGraphs":[],"customGraphs":[],"default":{"data":{"Article":[],"Course":[],"Dataset":[],"FAQPage":[],"Movie":[],"Person":[],"Product":[],"ProductReview":[],"Car":[],"Recipe":[],"Service":[],"SoftwareApplication":[],"WebPage":[]},"graphName":"BlogPosting","isEnabled":true},"graphs":[]},"schema_type":"default","schema_type_options":null,"pillar_content":false,"robots_default":true,"robots_noindex":false,"robots_noarchive":false,"robots_nosnippet":false,"robots_nofollow":false,"robots_noimageindex":false,"robots_noodp":false,"robots_notranslate":false,"robots_max_snippet":"-1","robots_max_videopreview":"-1","robots_max_imagepreview":"large","priority":null,"frequency":"default","local_seo":null,"seo_analyzer_scan_date":"2026-07-07 09:38:41","breadcrumb_settings":null,"limit_modified_date":false,"reviewed_by":null,"open_ai":null,"ai":{"faqs":[],"keyPoints":[],"titles":[],"descriptions":[],"socialPosts":{"email":[],"linkedin":[],"twitter":[],"facebook":[],"instagram":[]}},"created":"2025-05-28 13:21:27","updated":"2026-08-10 07:29:57","focus_keyword":null,"additional_keywords":null,"truseo_locale":null},"aioseo_breadcrumb":"<div class=\"aioseo-breadcrumbs\"><span class=\"aioseo-breadcrumb\">\n\t<a href=\"https:\/\/costablanca-magazin.com\/es\" title=\"Home\">Home<\/a>\n<\/span><span class=\"aioseo-breadcrumb-separator\">&raquo;<\/span><span class=\"aioseo-breadcrumb\">\n\t<a href=\"https:\/\/costablanca-magazin.com\/es\/local\/\" title=\"Lokales\">Lokales<\/a>\n<\/span><span class=\"aioseo-breadcrumb-separator\">&raquo;<\/span><span class=\"aioseo-breadcrumb\">\n\t<a href=\"https:\/\/costablanca-magazin.com\/es\/informacion\/\" title=\"Infos\">Infos<\/a>\n<\/span><span class=\"aioseo-breadcrumb-separator\">&raquo;<\/span><span class=\"aioseo-breadcrumb\">\n\tCosta Blanca K\u00fcnstler zwischen K\u00fcste und Weltb\u00fchne\n<\/span><\/div>","aioseo_breadcrumb_json":[{"label":"Home","link":"https:\/\/costablanca-magazin.com\/es"},{"label":"Lokales","link":"https:\/\/costablanca-magazin.com\/es\/local\/"},{"label":"Infos","link":"https:\/\/costablanca-magazin.com\/es\/informacion\/"},{"label":"Costa Blanca K\u00fcnstler zwischen K\u00fcste und Weltb\u00fchne","link":"https:\/\/costablanca-magazin.com\/es\/lokales\/infos\/costa-blanca-kuenstler-zwischen-kueste-und-weltbuehne\/"}],"_links":{"self":[{"href":"https:\/\/costablanca-magazin.com\/es\/wp-json\/wp\/v2\/posts\/7494","targetHints":{"allow":["GET"]}}],"collection":[{"href":"https:\/\/costablanca-magazin.com\/es\/wp-json\/wp\/v2\/posts"}],"about":[{"href":"https:\/\/costablanca-magazin.com\/es\/wp-json\/wp\/v2\/types\/post"}],"author":[{"embeddable":true,"href":"https:\/\/costablanca-magazin.com\/es\/wp-json\/wp\/v2\/users\/4"}],"replies":[{"embeddable":true,"href":"https:\/\/costablanca-magazin.com\/es\/wp-json\/wp\/v2\/comments?post=7494"}],"version-history":[{"count":13,"href":"https:\/\/costablanca-magazin.com\/es\/wp-json\/wp\/v2\/posts\/7494\/revisions"}],"predecessor-version":[{"id":11075,"href":"https:\/\/costablanca-magazin.com\/es\/wp-json\/wp\/v2\/posts\/7494\/revisions\/11075"}],"wp:featuredmedia":[{"embeddable":true,"href":"https:\/\/costablanca-magazin.com\/es\/wp-json\/wp\/v2\/media\/7515"}],"wp:attachment":[{"href":"https:\/\/costablanca-magazin.com\/es\/wp-json\/wp\/v2\/media?parent=7494"}],"wp:term":[{"taxonomy":"category","embeddable":true,"href":"https:\/\/costablanca-magazin.com\/es\/wp-json\/wp\/v2\/categories?post=7494"},{"taxonomy":"post_tag","embeddable":true,"href":"https:\/\/costablanca-magazin.com\/es\/wp-json\/wp\/v2\/tags?post=7494"}],"curies":[{"name":"wp","href":"https:\/\/api.w.org\/{rel}","templated":true}]}}