{"id":7494,"date":"2025-05-27T09:00:00","date_gmt":"2025-05-27T07:00:00","guid":{"rendered":"https:\/\/costablanca-magazin.com\/?p=7494"},"modified":"2026-03-09T10:01:36","modified_gmt":"2026-03-09T09:01:36","slug":"costa-blanca-artistas-entre-la-costa-y-el-escenario-mundial","status":"publish","type":"post","link":"https:\/\/costablanca-magazin.com\/es\/lokales\/infos\/costa-blanca-kuenstler-zwischen-kueste-und-weltbuehne\/","title":{"rendered":"Artistas de la Costa Blanca entre la costa y el escenario mundial"},"content":{"rendered":"<div data-elementor-type=\"wp-post\" data-elementor-id=\"7494\" class=\"elementor elementor-7494\" data-elementor-post-type=\"post\">\n\t\t\t\t<div class=\"elementor-element elementor-element-ee8f0c8 e-flex e-con-boxed e-con e-parent\" data-id=\"ee8f0c8\" data-element_type=\"container\" data-e-type=\"container\">\n\t\t\t\t\t<div class=\"e-con-inner\">\n\t\t\t\t<div class=\"elementor-element elementor-element-6718bd5 elementor-widget elementor-widget-heading\" data-id=\"6718bd5\" data-element_type=\"widget\" data-e-type=\"widget\" data-widget_type=\"heading.default\">\n\t\t\t\t<div class=\"elementor-widget-container\">\n\t\t\t\t\t<h1 class=\"elementor-heading-title elementor-size-default\">Costa Blanca\nArtistas\nentre la costa\ny el escenario mundial<\/h1>\t\t\t\t<\/div>\n\t\t\t\t<\/div>\n\t\t\t\t<div class=\"elementor-element elementor-element-c060aeb elementor-widget elementor-widget-image\" data-id=\"c060aeb\" data-element_type=\"widget\" data-e-type=\"widget\" data-widget_type=\"image.default\">\n\t\t\t\t<div class=\"elementor-widget-container\">\n\t\t\t\t\t\t\t\t\t\t\t\t\t\t\t<img decoding=\"async\" src=\"https:\/\/costablanca-magazin.com\/wp-content\/uploads\/elementor\/thumbs\/Tardor-La-Xara-1-rjc5kn2umg06dh6ttg2yf7b25ei63d36ynvwqd1dw4.jpg\" title=\"De cerca y de lejos: artistas entre la costa y el escenario mundial\" alt=\"Cerca y lejos: artistas entre la costa y el escenario mundial 19\" loading=\"lazy\" \/>\t\t\t\t\t\t\t\t\t\t\t\t\t\t\t<\/div>\n\t\t\t\t<\/div>\n\t\t\t\t\t<\/div>\n\t\t\t\t<\/div>\n\t\t<div class=\"elementor-element elementor-element-44c27e3 e-flex e-con-boxed e-con e-parent\" data-id=\"44c27e3\" data-element_type=\"container\" data-e-type=\"container\">\n\t\t\t\t\t<div class=\"e-con-inner\">\n\t\t\t\t<div class=\"elementor-element elementor-element-eca0160 elementor-widget elementor-widget-heading\" data-id=\"eca0160\" data-element_type=\"widget\" data-e-type=\"widget\" data-widget_type=\"heading.default\">\n\t\t\t\t<div class=\"elementor-widget-container\">\n\t\t\t\t\t<h2 class=\"elementor-heading-title elementor-size-default\">Del arte callejero al arte sacro\nc\u00f3mo la Costa Blanca ha dejado su creatividad\na trav\u00e9s de los siglos.<\/h2>\t\t\t\t<\/div>\n\t\t\t\t<\/div>\n\t\t\t\t\t<\/div>\n\t\t\t\t<\/div>\n\t\t<div class=\"elementor-element elementor-element-b90e371 e-flex e-con-boxed e-con e-parent\" data-id=\"b90e371\" data-element_type=\"container\" data-e-type=\"container\">\n\t\t\t\t\t<div class=\"e-con-inner\">\n\t\t<div class=\"elementor-element elementor-element-2080a59 e-con-full e-flex e-con e-child\" data-id=\"2080a59\" data-element_type=\"container\" data-e-type=\"container\">\n\t\t\t\t<div class=\"elementor-element elementor-element-0029626 elementor-widget elementor-widget-text-editor\" data-id=\"0029626\" data-element_type=\"widget\" data-e-type=\"widget\" data-widget_type=\"text-editor.default\">\n\t\t\t\t<div class=\"elementor-widget-container\">\n\t\t\t\t\t\t\t\t\t<p>En la Costa Blanca, el arte no se crea en retiros, sino en di\u00e1logo con su entorno. Aqu\u00ed, la vida cotidiana se encuentra con la expresividad, la tradici\u00f3n con el presente... y algunas obras llegan a la escena mundial. <br \/>Entre Alicante y D\u00e9nia, los artistas de la regi\u00f3n muestran la vitalidad de la creaci\u00f3n actual. Al mismo tiempo, grandes nombres de la historia del arte nos recuerdan que esta regi\u00f3n costera ha sido durante mucho tiempo fuente de inspiraci\u00f3n de obras que hoy cuelgan en museos internacionales.<br \/>Cuatro artistas, cuatro perspectivas: un recorrido por el pasado y el presente de una regi\u00f3n donde el arte no s\u00f3lo se ve, sino que se vive.<\/p><p><strong>Toni Mar\u00ed Sart - <\/strong><strong>Cuando el acero toma forma<\/strong><br \/>Nacido en J\u00e1vea en 1963, Toni Mar\u00ed Sart caracteriza como nadie los espacios p\u00fablicos con sus esculturas met\u00e1licas de gran formato. <br \/>Sus obras no est\u00e1n detr\u00e1s de un cristal, sino en medio del tr\u00e1fico: en las entradas de Moraira, Teulada y J\u00e1vea, en la rotonda de Pedreguer, en plazas de D\u00e9nia y en los alrededores del barrio de \u201eBous a la Mar\u201c.<br \/>Una ballena monumental de acero frente a su taller de Gata de Gorgos no s\u00f3lo se\u00f1ala su estilo art\u00edstico, sino tambi\u00e9n sus ra\u00edces en la regi\u00f3n.<\/p><p><strong>Tardor Rosell\u00f3 - La pared como lienzo<\/strong><br \/>Tardor Rosell\u00f3 llena de color las paredes desnudas. El artista callejero de la Marina Alta ha conseguido dejar atr\u00e1s los prejuicios del graffiti. Sus murales, ya legales, dan color a lugares como Jes\u00fas Pobre, Benigembla o La Xara.<\/p>\t\t\t\t\t\t\t\t<\/div>\n\t\t\t\t<\/div>\n\t\t\t\t<div class=\"elementor-element elementor-element-a36097a elementor-widget elementor-widget-gallery\" data-id=\"a36097a\" data-element_type=\"widget\" data-e-type=\"widget\" data-settings=\"{&quot;columns&quot;:3,&quot;gap&quot;:{&quot;unit&quot;:&quot;px&quot;,&quot;size&quot;:5,&quot;sizes&quot;:[]},&quot;lazyload&quot;:&quot;yes&quot;,&quot;gallery_layout&quot;:&quot;grid&quot;,&quot;columns_tablet&quot;:2,&quot;columns_mobile&quot;:1,&quot;gap_tablet&quot;:{&quot;unit&quot;:&quot;px&quot;,&quot;size&quot;:10,&quot;sizes&quot;:[]},&quot;gap_mobile&quot;:{&quot;unit&quot;:&quot;px&quot;,&quot;size&quot;:10,&quot;sizes&quot;:[]},&quot;link_to&quot;:&quot;file&quot;,&quot;aspect_ratio&quot;:&quot;3:2&quot;,&quot;overlay_background&quot;:&quot;yes&quot;,&quot;content_hover_animation&quot;:&quot;fade-in&quot;}\" data-widget_type=\"gallery.default\">\n\t\t\t\t<div class=\"elementor-widget-container\">\n\t\t\t\t\t\t\t<div class=\"elementor-gallery__container\">\n\t\t\t\t\t\t\t<a class=\"e-gallery-item elementor-gallery-item elementor-animated-content\" href=\"https:\/\/costablanca-magazin.com\/wp-content\/uploads\/2025\/05\/Toni-Mari-3.jpg\" data-elementor-open-lightbox=\"yes\" data-elementor-lightbox-slideshow=\"a36097a\" data-elementor-lightbox-title=\"Nah dran  und weit hinaus:  K\u00fcnstler  zwischen K\u00fcste  und Weltb\u00fchne\" data-elementor-lightbox-description=\"Nah dran und weit hinaus: K\u00fcnstler zwischen K\u00fcste und Weltb\u00fchne\" data-e-action-hash=\"#elementor-action%3Aaction%3Dlightbox%26settings%3DeyJpZCI6NzUxMiwidXJsIjoiaHR0cHM6XC9cL2Nvc3RhYmxhbmNhLW1hZ2F6aW4uY29tXC93cC1jb250ZW50XC91cGxvYWRzXC8yMDI1XC8wNVwvVG9uaS1NYXJpLTMuanBnIiwic2xpZGVzaG93IjoiYTM2MDk3YSJ9\">\n\t\t\t\t\t<div class=\"e-gallery-image elementor-gallery-item__image\" data-thumbnail=\"https:\/\/costablanca-magazin.com\/wp-content\/uploads\/2025\/05\/Toni-Mari-3-300x169.jpg\" data-width=\"300\" data-height=\"169\" aria-label=\"Cerca y lejos: artistas entre la costa y el escenario mundial 16\" role=\"img\" ><\/div>\n\t\t\t\t\t\t\t\t\t\t\t<div class=\"elementor-gallery-item__overlay\"><\/div>\n\t\t\t\t\t\t\t\t\t\t\t\t\t\t<\/a>\n\t\t\t\t\t\t\t<a class=\"e-gallery-item elementor-gallery-item elementor-animated-content\" href=\"https:\/\/costablanca-magazin.com\/wp-content\/uploads\/2025\/05\/Toni-Mari-2.jpg\" data-elementor-open-lightbox=\"yes\" data-elementor-lightbox-slideshow=\"a36097a\" data-elementor-lightbox-title=\"Nah dran  und weit hinaus:  K\u00fcnstler  zwischen K\u00fcste  und Weltb\u00fchne\" data-elementor-lightbox-description=\"Nah dran und weit hinaus: K\u00fcnstler zwischen K\u00fcste und Weltb\u00fchne\" data-e-action-hash=\"#elementor-action%3Aaction%3Dlightbox%26settings%3DeyJpZCI6NzUxMSwidXJsIjoiaHR0cHM6XC9cL2Nvc3RhYmxhbmNhLW1hZ2F6aW4uY29tXC93cC1jb250ZW50XC91cGxvYWRzXC8yMDI1XC8wNVwvVG9uaS1NYXJpLTIuanBnIiwic2xpZGVzaG93IjoiYTM2MDk3YSJ9\">\n\t\t\t\t\t<div class=\"e-gallery-image elementor-gallery-item__image\" data-thumbnail=\"https:\/\/costablanca-magazin.com\/wp-content\/uploads\/2025\/05\/Toni-Mari-2-300x169.jpg\" data-width=\"300\" data-height=\"169\" aria-label=\"Cerca y lejos: artistas entre la costa y el escenario mundial 15\" role=\"img\" ><\/div>\n\t\t\t\t\t\t\t\t\t\t\t<div class=\"elementor-gallery-item__overlay\"><\/div>\n\t\t\t\t\t\t\t\t\t\t\t\t\t\t<\/a>\n\t\t\t\t\t\t\t<a class=\"e-gallery-item elementor-gallery-item elementor-animated-content\" href=\"https:\/\/costablanca-magazin.com\/wp-content\/uploads\/2025\/05\/CBM-Kuenstler-Costablanca-Toni-Mari-12.jpg\" data-elementor-open-lightbox=\"yes\" data-elementor-lightbox-slideshow=\"a36097a\" data-elementor-lightbox-title=\"Nah dran  und weit hinaus:  K\u00fcnstler  zwischen K\u00fcste  und Weltb\u00fchne\" data-elementor-lightbox-description=\"Nah dran und weit hinaus: K\u00fcnstler zwischen K\u00fcste und Weltb\u00fchne\" data-e-action-hash=\"#elementor-action%3Aaction%3Dlightbox%26settings%3DeyJpZCI6NzUwNywidXJsIjoiaHR0cHM6XC9cL2Nvc3RhYmxhbmNhLW1hZ2F6aW4uY29tXC93cC1jb250ZW50XC91cGxvYWRzXC8yMDI1XC8wNVwvQ0JNLUt1ZW5zdGxlci1Db3N0YWJsYW5jYS1Ub25pLU1hcmktMTIuanBnIiwic2xpZGVzaG93IjoiYTM2MDk3YSJ9\">\n\t\t\t\t\t<div class=\"e-gallery-image elementor-gallery-item__image\" data-thumbnail=\"https:\/\/costablanca-magazin.com\/wp-content\/uploads\/2025\/05\/CBM-Kuenstler-Costablanca-Toni-Mari-12-300x169.jpg\" data-width=\"300\" data-height=\"169\" aria-label=\"Cerca y lejos: artistas entre la costa y el escenario mundial 11\" role=\"img\" ><\/div>\n\t\t\t\t\t\t\t\t\t\t\t<div class=\"elementor-gallery-item__overlay\"><\/div>\n\t\t\t\t\t\t\t\t\t\t\t\t\t\t<\/a>\n\t\t\t\t\t\t\t<a class=\"e-gallery-item elementor-gallery-item elementor-animated-content\" href=\"https:\/\/costablanca-magazin.com\/wp-content\/uploads\/2025\/05\/CBM-Kuenstler-Costablanca-Toni-Mari-6.jpg\" data-elementor-open-lightbox=\"yes\" data-elementor-lightbox-slideshow=\"a36097a\" data-elementor-lightbox-title=\"Nah dran  und weit hinaus:  K\u00fcnstler  zwischen K\u00fcste  und Weltb\u00fchne\" data-elementor-lightbox-description=\"Nah dran und weit hinaus: K\u00fcnstler zwischen K\u00fcste und Weltb\u00fchne\" data-e-action-hash=\"#elementor-action%3Aaction%3Dlightbox%26settings%3DeyJpZCI6NzUwMSwidXJsIjoiaHR0cHM6XC9cL2Nvc3RhYmxhbmNhLW1hZ2F6aW4uY29tXC93cC1jb250ZW50XC91cGxvYWRzXC8yMDI1XC8wNVwvQ0JNLUt1ZW5zdGxlci1Db3N0YWJsYW5jYS1Ub25pLU1hcmktNi5qcGciLCJzbGlkZXNob3ciOiJhMzYwOTdhIn0%3D\">\n\t\t\t\t\t<div class=\"e-gallery-image elementor-gallery-item__image\" data-thumbnail=\"https:\/\/costablanca-magazin.com\/wp-content\/uploads\/2025\/05\/CBM-Kuenstler-Costablanca-Toni-Mari-6-300x169.jpg\" data-width=\"300\" data-height=\"169\" aria-label=\"Cerca y lejos: artistas entre la costa y el escenario mundial 5\" role=\"img\" ><\/div>\n\t\t\t\t\t\t\t\t\t\t\t<div class=\"elementor-gallery-item__overlay\"><\/div>\n\t\t\t\t\t\t\t\t\t\t\t\t\t\t<\/a>\n\t\t\t\t\t\t\t<a class=\"e-gallery-item elementor-gallery-item elementor-animated-content\" href=\"https:\/\/costablanca-magazin.com\/wp-content\/uploads\/2025\/05\/CBM-Kuenstler-Costablanca-Toni-Mari-7.jpg\" data-elementor-open-lightbox=\"yes\" data-elementor-lightbox-slideshow=\"a36097a\" data-elementor-lightbox-title=\"Nah dran  und weit hinaus:  K\u00fcnstler  zwischen K\u00fcste  und Weltb\u00fchne\" data-elementor-lightbox-description=\"Nah dran und weit hinaus: K\u00fcnstler zwischen K\u00fcste und Weltb\u00fchne\" data-e-action-hash=\"#elementor-action%3Aaction%3Dlightbox%26settings%3DeyJpZCI6NzUwMiwidXJsIjoiaHR0cHM6XC9cL2Nvc3RhYmxhbmNhLW1hZ2F6aW4uY29tXC93cC1jb250ZW50XC91cGxvYWRzXC8yMDI1XC8wNVwvQ0JNLUt1ZW5zdGxlci1Db3N0YWJsYW5jYS1Ub25pLU1hcmktNy5qcGciLCJzbGlkZXNob3ciOiJhMzYwOTdhIn0%3D\">\n\t\t\t\t\t<div class=\"e-gallery-image elementor-gallery-item__image\" data-thumbnail=\"https:\/\/costablanca-magazin.com\/wp-content\/uploads\/2025\/05\/CBM-Kuenstler-Costablanca-Toni-Mari-7-300x225.jpg\" data-width=\"300\" data-height=\"225\" aria-label=\"Cerca y lejos: artistas entre la costa y el escenario mundial 6\" role=\"img\" ><\/div>\n\t\t\t\t\t\t\t\t\t\t\t<div class=\"elementor-gallery-item__overlay\"><\/div>\n\t\t\t\t\t\t\t\t\t\t\t\t\t\t<\/a>\n\t\t\t\t\t\t\t<a class=\"e-gallery-item elementor-gallery-item elementor-animated-content\" href=\"https:\/\/costablanca-magazin.com\/wp-content\/uploads\/2025\/05\/CBM-Kuenstler-Costablanca-Toni-Mari-1.jpg\" data-elementor-open-lightbox=\"yes\" data-elementor-lightbox-slideshow=\"a36097a\" data-elementor-lightbox-title=\"Nah dran  und weit hinaus:  K\u00fcnstler  zwischen K\u00fcste  und Weltb\u00fchne\" data-elementor-lightbox-description=\"Nah dran und weit hinaus: K\u00fcnstler zwischen K\u00fcste und Weltb\u00fchne\" data-e-action-hash=\"#elementor-action%3Aaction%3Dlightbox%26settings%3DeyJpZCI6NzQ5NiwidXJsIjoiaHR0cHM6XC9cL2Nvc3RhYmxhbmNhLW1hZ2F6aW4uY29tXC93cC1jb250ZW50XC91cGxvYWRzXC8yMDI1XC8wNVwvQ0JNLUt1ZW5zdGxlci1Db3N0YWJsYW5jYS1Ub25pLU1hcmktMS5qcGciLCJzbGlkZXNob3ciOiJhMzYwOTdhIn0%3D\">\n\t\t\t\t\t<div class=\"e-gallery-image elementor-gallery-item__image\" data-thumbnail=\"https:\/\/costablanca-magazin.com\/wp-content\/uploads\/2025\/05\/CBM-Kuenstler-Costablanca-Toni-Mari-1-300x169.jpg\" data-width=\"300\" data-height=\"169\" aria-label=\"De cerca y de lejos: artistas entre la costa y el escenario mundial\" role=\"img\" ><\/div>\n\t\t\t\t\t\t\t\t\t\t\t<div class=\"elementor-gallery-item__overlay\"><\/div>\n\t\t\t\t\t\t\t\t\t\t\t\t\t\t<\/a>\n\t\t\t\t\t<\/div>\n\t\t\t\t\t<\/div>\n\t\t\t\t<\/div>\n\t\t\t\t<\/div>\n\t\t<div class=\"elementor-element elementor-element-df1e301 e-con-full e-flex e-con e-child\" data-id=\"df1e301\" data-element_type=\"container\" data-e-type=\"container\">\n\t\t\t\t<div class=\"elementor-element elementor-element-eee7cc3 elementor-widget elementor-widget-gallery\" data-id=\"eee7cc3\" data-element_type=\"widget\" data-e-type=\"widget\" data-settings=\"{&quot;gallery_layout&quot;:&quot;justified&quot;,&quot;ideal_row_height&quot;:{&quot;unit&quot;:&quot;px&quot;,&quot;size&quot;:128,&quot;sizes&quot;:[]},&quot;gap&quot;:{&quot;unit&quot;:&quot;px&quot;,&quot;size&quot;:5,&quot;sizes&quot;:[]},&quot;lazyload&quot;:&quot;yes&quot;,&quot;ideal_row_height_tablet&quot;:{&quot;unit&quot;:&quot;px&quot;,&quot;size&quot;:150,&quot;sizes&quot;:[]},&quot;ideal_row_height_mobile&quot;:{&quot;unit&quot;:&quot;px&quot;,&quot;size&quot;:150,&quot;sizes&quot;:[]},&quot;gap_tablet&quot;:{&quot;unit&quot;:&quot;px&quot;,&quot;size&quot;:10,&quot;sizes&quot;:[]},&quot;gap_mobile&quot;:{&quot;unit&quot;:&quot;px&quot;,&quot;size&quot;:10,&quot;sizes&quot;:[]},&quot;link_to&quot;:&quot;file&quot;,&quot;overlay_background&quot;:&quot;yes&quot;,&quot;content_hover_animation&quot;:&quot;fade-in&quot;}\" data-widget_type=\"gallery.default\">\n\t\t\t\t<div class=\"elementor-widget-container\">\n\t\t\t\t\t\t\t<div class=\"elementor-gallery__container\">\n\t\t\t\t\t\t\t<a class=\"e-gallery-item elementor-gallery-item elementor-animated-content\" href=\"https:\/\/costablanca-magazin.com\/wp-content\/uploads\/2025\/05\/Tardor-La-Xara-1.jpg\" data-elementor-open-lightbox=\"yes\" data-elementor-lightbox-slideshow=\"eee7cc3\" data-elementor-lightbox-title=\"Nah dran  und weit hinaus:  K\u00fcnstler  zwischen K\u00fcste  und Weltb\u00fchne\" data-elementor-lightbox-description=\"Nah dran und weit hinaus: K\u00fcnstler zwischen K\u00fcste und Weltb\u00fchne\" data-e-action-hash=\"#elementor-action%3Aaction%3Dlightbox%26settings%3DeyJpZCI6NzUxNSwidXJsIjoiaHR0cHM6XC9cL2Nvc3RhYmxhbmNhLW1hZ2F6aW4uY29tXC93cC1jb250ZW50XC91cGxvYWRzXC8yMDI1XC8wNVwvVGFyZG9yLUxhLVhhcmEtMS5qcGciLCJzbGlkZXNob3ciOiJlZWU3Y2MzIn0%3D\">\n\t\t\t\t\t<div class=\"e-gallery-image elementor-gallery-item__image\" data-thumbnail=\"https:\/\/costablanca-magazin.com\/wp-content\/uploads\/2025\/05\/Tardor-La-Xara-1-300x225.jpg\" data-width=\"300\" data-height=\"225\" aria-label=\"Cerca y lejos: artistas entre la costa y el escenario mundial 19\" role=\"img\" ><\/div>\n\t\t\t\t\t\t\t\t\t\t\t<div class=\"elementor-gallery-item__overlay\"><\/div>\n\t\t\t\t\t\t\t\t\t\t\t\t\t\t<\/a>\n\t\t\t\t\t\t\t<a class=\"e-gallery-item elementor-gallery-item elementor-animated-content\" href=\"https:\/\/costablanca-magazin.com\/wp-content\/uploads\/2025\/05\/Tardor-Rosello-CBM-8.jpg\" data-elementor-open-lightbox=\"yes\" data-elementor-lightbox-slideshow=\"eee7cc3\" data-elementor-lightbox-title=\"Nah dran  und weit hinaus:  K\u00fcnstler  zwischen K\u00fcste  und Weltb\u00fchne\" data-elementor-lightbox-description=\"Nah dran und weit hinaus: K\u00fcnstler zwischen K\u00fcste und Weltb\u00fchne\" data-e-action-hash=\"#elementor-action%3Aaction%3Dlightbox%26settings%3DeyJpZCI6NzUwOSwidXJsIjoiaHR0cHM6XC9cL2Nvc3RhYmxhbmNhLW1hZ2F6aW4uY29tXC93cC1jb250ZW50XC91cGxvYWRzXC8yMDI1XC8wNVwvVGFyZG9yLVJvc2VsbG8tQ0JNLTguanBnIiwic2xpZGVzaG93IjoiZWVlN2NjMyJ9\">\n\t\t\t\t\t<div class=\"e-gallery-image elementor-gallery-item__image\" data-thumbnail=\"https:\/\/costablanca-magazin.com\/wp-content\/uploads\/2025\/05\/Tardor-Rosello-CBM-8-300x219.jpg\" data-width=\"300\" data-height=\"219\" aria-label=\"Cerca y lejos: artistas entre la costa y el escenario mundial 13\" role=\"img\" ><\/div>\n\t\t\t\t\t\t\t\t\t\t\t<div class=\"elementor-gallery-item__overlay\"><\/div>\n\t\t\t\t\t\t\t\t\t\t\t\t\t\t<\/a>\n\t\t\t\t\t\t\t<a class=\"e-gallery-item elementor-gallery-item elementor-animated-content\" href=\"https:\/\/costablanca-magazin.com\/wp-content\/uploads\/2025\/05\/CBM-Kuenstler-Costablanca-Toni-Mari-10.jpg\" data-elementor-open-lightbox=\"yes\" data-elementor-lightbox-slideshow=\"eee7cc3\" data-elementor-lightbox-title=\"Nah dran  und weit hinaus:  K\u00fcnstler  zwischen K\u00fcste  und Weltb\u00fchne\" data-elementor-lightbox-description=\"Nah dran und weit hinaus: K\u00fcnstler zwischen K\u00fcste und Weltb\u00fchne\" data-e-action-hash=\"#elementor-action%3Aaction%3Dlightbox%26settings%3DeyJpZCI6NzUwNSwidXJsIjoiaHR0cHM6XC9cL2Nvc3RhYmxhbmNhLW1hZ2F6aW4uY29tXC93cC1jb250ZW50XC91cGxvYWRzXC8yMDI1XC8wNVwvQ0JNLUt1ZW5zdGxlci1Db3N0YWJsYW5jYS1Ub25pLU1hcmktMTAuanBnIiwic2xpZGVzaG93IjoiZWVlN2NjMyJ9\">\n\t\t\t\t\t<div class=\"e-gallery-image elementor-gallery-item__image\" data-thumbnail=\"https:\/\/costablanca-magazin.com\/wp-content\/uploads\/2025\/05\/CBM-Kuenstler-Costablanca-Toni-Mari-10-300x225.jpg\" data-width=\"300\" data-height=\"225\" aria-label=\"Cerca y lejos: artistas entre la costa y el escenario mundial 9\" role=\"img\" ><\/div>\n\t\t\t\t\t\t\t\t\t\t\t<div class=\"elementor-gallery-item__overlay\"><\/div>\n\t\t\t\t\t\t\t\t\t\t\t\t\t\t<\/a>\n\t\t\t\t\t\t\t<a class=\"e-gallery-item elementor-gallery-item elementor-animated-content\" href=\"https:\/\/costablanca-magazin.com\/wp-content\/uploads\/2025\/05\/CBM-Kuenstler-Costablanca-Toni-Mari-5.jpg\" data-elementor-open-lightbox=\"yes\" data-elementor-lightbox-slideshow=\"eee7cc3\" data-elementor-lightbox-title=\"Nah dran  und weit hinaus:  K\u00fcnstler  zwischen K\u00fcste  und Weltb\u00fchne\" data-elementor-lightbox-description=\"Nah dran und weit hinaus: K\u00fcnstler zwischen K\u00fcste und Weltb\u00fchne\" data-e-action-hash=\"#elementor-action%3Aaction%3Dlightbox%26settings%3DeyJpZCI6NzUwMCwidXJsIjoiaHR0cHM6XC9cL2Nvc3RhYmxhbmNhLW1hZ2F6aW4uY29tXC93cC1jb250ZW50XC91cGxvYWRzXC8yMDI1XC8wNVwvQ0JNLUt1ZW5zdGxlci1Db3N0YWJsYW5jYS1Ub25pLU1hcmktNS5qcGciLCJzbGlkZXNob3ciOiJlZWU3Y2MzIn0%3D\">\n\t\t\t\t\t<div class=\"e-gallery-image elementor-gallery-item__image\" data-thumbnail=\"https:\/\/costablanca-magazin.com\/wp-content\/uploads\/2025\/05\/CBM-Kuenstler-Costablanca-Toni-Mari-5-300x169.jpg\" data-width=\"300\" data-height=\"169\" aria-label=\"Cerca y lejos: artistas entre la costa y el escenario mundial 4\" role=\"img\" ><\/div>\n\t\t\t\t\t\t\t\t\t\t\t<div class=\"elementor-gallery-item__overlay\"><\/div>\n\t\t\t\t\t\t\t\t\t\t\t\t\t\t<\/a>\n\t\t\t\t\t\t\t<a class=\"e-gallery-item elementor-gallery-item elementor-animated-content\" href=\"https:\/\/costablanca-magazin.com\/wp-content\/uploads\/2025\/05\/CBM-Kuenstler-Costablanca-Toni-Mari-13-1.jpg\" data-elementor-open-lightbox=\"yes\" data-elementor-lightbox-slideshow=\"eee7cc3\" data-elementor-lightbox-title=\"Nah dran  und weit hinaus:  K\u00fcnstler  zwischen K\u00fcste  und Weltb\u00fchne\" data-elementor-lightbox-description=\"Nah dran und weit hinaus: K\u00fcnstler zwischen K\u00fcste und Weltb\u00fchne\" data-e-action-hash=\"#elementor-action%3Aaction%3Dlightbox%26settings%3DeyJpZCI6NzUwOCwidXJsIjoiaHR0cHM6XC9cL2Nvc3RhYmxhbmNhLW1hZ2F6aW4uY29tXC93cC1jb250ZW50XC91cGxvYWRzXC8yMDI1XC8wNVwvQ0JNLUt1ZW5zdGxlci1Db3N0YWJsYW5jYS1Ub25pLU1hcmktMTMtMS5qcGciLCJzbGlkZXNob3ciOiJlZWU3Y2MzIn0%3D\">\n\t\t\t\t\t<div class=\"e-gallery-image elementor-gallery-item__image\" data-thumbnail=\"https:\/\/costablanca-magazin.com\/wp-content\/uploads\/2025\/05\/CBM-Kuenstler-Costablanca-Toni-Mari-13-1-300x169.jpg\" data-width=\"300\" data-height=\"169\" aria-label=\"Cerca y lejos: artistas entre la costa y el escenario mundial 12\" role=\"img\" ><\/div>\n\t\t\t\t\t\t\t\t\t\t\t<div class=\"elementor-gallery-item__overlay\"><\/div>\n\t\t\t\t\t\t\t\t\t\t\t\t\t\t<\/a>\n\t\t\t\t\t\t\t<a class=\"e-gallery-item elementor-gallery-item elementor-animated-content\" href=\"https:\/\/costablanca-magazin.com\/wp-content\/uploads\/2024\/12\/Tardor-Rosello-CBM-7.jpeg\" data-elementor-open-lightbox=\"yes\" data-elementor-lightbox-slideshow=\"eee7cc3\" data-elementor-lightbox-title=\"Tardor Rosell\u00f3:  Vom Graffiti-Talent  zum gefeierten Muralisten\" data-elementor-lightbox-description=\"Tardor Rosell\u00f3: Vom Graffiti-Talent zum gefeierten Muralisten\" data-e-action-hash=\"#elementor-action%3Aaction%3Dlightbox%26settings%3DeyJpZCI6MzU0NywidXJsIjoiaHR0cHM6XC9cL2Nvc3RhYmxhbmNhLW1hZ2F6aW4uY29tXC93cC1jb250ZW50XC91cGxvYWRzXC8yMDI0XC8xMlwvVGFyZG9yLVJvc2VsbG8tQ0JNLTcuanBlZyIsInNsaWRlc2hvdyI6ImVlZTdjYzMifQ%3D%3D\">\n\t\t\t\t\t<div class=\"e-gallery-image elementor-gallery-item__image\" data-thumbnail=\"https:\/\/costablanca-magazin.com\/wp-content\/uploads\/2024\/12\/Tardor-Rosello-CBM-7-300x251.jpeg\" data-width=\"300\" data-height=\"251\" aria-label=\"Tardor Rosell\u00f3: de talentoso grafitero a aclamado muralista 7\" role=\"img\" ><\/div>\n\t\t\t\t\t\t\t\t\t\t\t<div class=\"elementor-gallery-item__overlay\"><\/div>\n\t\t\t\t\t\t\t\t\t\t\t\t\t\t<\/a>\n\t\t\t\t\t\t\t<a class=\"e-gallery-item elementor-gallery-item elementor-animated-content\" href=\"https:\/\/costablanca-magazin.com\/wp-content\/uploads\/2024\/12\/Tardor-Rosello-CBM-6-scaled.jpeg\" data-elementor-open-lightbox=\"yes\" data-elementor-lightbox-slideshow=\"eee7cc3\" data-elementor-lightbox-title=\"Tardor Rosell\u00f3:  Vom Graffiti-Talent  zum gefeierten Muralisten\" data-elementor-lightbox-description=\"Tardor Rosell\u00f3: Vom Graffiti-Talent zum gefeierten Muralisten\" data-e-action-hash=\"#elementor-action%3Aaction%3Dlightbox%26settings%3DeyJpZCI6MzU0NiwidXJsIjoiaHR0cHM6XC9cL2Nvc3RhYmxhbmNhLW1hZ2F6aW4uY29tXC93cC1jb250ZW50XC91cGxvYWRzXC8yMDI0XC8xMlwvVGFyZG9yLVJvc2VsbG8tQ0JNLTYtc2NhbGVkLmpwZWciLCJzbGlkZXNob3ciOiJlZWU3Y2MzIn0%3D\">\n\t\t\t\t\t<div class=\"e-gallery-image elementor-gallery-item__image\" data-thumbnail=\"https:\/\/costablanca-magazin.com\/wp-content\/uploads\/2024\/12\/Tardor-Rosello-CBM-6-225x300.jpeg\" data-width=\"225\" data-height=\"300\" aria-label=\"Tardor Rosell\u00f3: de talentoso grafitero a aclamado muralista 6\" role=\"img\" ><\/div>\n\t\t\t\t\t\t\t\t\t\t\t<div class=\"elementor-gallery-item__overlay\"><\/div>\n\t\t\t\t\t\t\t\t\t\t\t\t\t\t<\/a>\n\t\t\t\t\t\t\t<a class=\"e-gallery-item elementor-gallery-item elementor-animated-content\" href=\"https:\/\/costablanca-magazin.com\/wp-content\/uploads\/2024\/12\/Tardor-Rosello-CBM-9-scaled.jpeg\" data-elementor-open-lightbox=\"yes\" data-elementor-lightbox-slideshow=\"eee7cc3\" data-elementor-lightbox-title=\"Tardor Rosell\u00f3:  Vom Graffiti-Talent  zum gefeierten Muralisten\" data-elementor-lightbox-description=\"Tardor Rosell\u00f3: Vom Graffiti-Talent zum gefeierten Muralisten\" data-e-action-hash=\"#elementor-action%3Aaction%3Dlightbox%26settings%3DeyJpZCI6MzU0OSwidXJsIjoiaHR0cHM6XC9cL2Nvc3RhYmxhbmNhLW1hZ2F6aW4uY29tXC93cC1jb250ZW50XC91cGxvYWRzXC8yMDI0XC8xMlwvVGFyZG9yLVJvc2VsbG8tQ0JNLTktc2NhbGVkLmpwZWciLCJzbGlkZXNob3ciOiJlZWU3Y2MzIn0%3D\">\n\t\t\t\t\t<div class=\"e-gallery-image elementor-gallery-item__image\" data-thumbnail=\"https:\/\/costablanca-magazin.com\/wp-content\/uploads\/2024\/12\/Tardor-Rosello-CBM-9-300x242.jpeg\" data-width=\"300\" data-height=\"242\" aria-label=\"Tardor Rosell\u00f3: de talentoso grafitero a aclamado muralista 9\" role=\"img\" ><\/div>\n\t\t\t\t\t\t\t\t\t\t\t<div class=\"elementor-gallery-item__overlay\"><\/div>\n\t\t\t\t\t\t\t\t\t\t\t\t\t\t<\/a>\n\t\t\t\t\t\t\t<a class=\"e-gallery-item elementor-gallery-item elementor-animated-content\" href=\"https:\/\/costablanca-magazin.com\/wp-content\/uploads\/2024\/12\/Tardor-Rosello-CBM-1-scaled.jpeg\" data-elementor-open-lightbox=\"yes\" data-elementor-lightbox-slideshow=\"eee7cc3\" data-elementor-lightbox-title=\"Tardor Rosell\u00f3:  Vom Graffiti-Talent  zum gefeierten Muralisten\" data-elementor-lightbox-description=\"Tardor Rosell\u00f3: Vom Graffiti-Talent zum gefeierten Muralisten\" data-e-action-hash=\"#elementor-action%3Aaction%3Dlightbox%26settings%3DeyJpZCI6MzU0MSwidXJsIjoiaHR0cHM6XC9cL2Nvc3RhYmxhbmNhLW1hZ2F6aW4uY29tXC93cC1jb250ZW50XC91cGxvYWRzXC8yMDI0XC8xMlwvVGFyZG9yLVJvc2VsbG8tQ0JNLTEtc2NhbGVkLmpwZWciLCJzbGlkZXNob3ciOiJlZWU3Y2MzIn0%3D\">\n\t\t\t\t\t<div class=\"e-gallery-image elementor-gallery-item__image\" data-thumbnail=\"https:\/\/costablanca-magazin.com\/wp-content\/uploads\/2024\/12\/Tardor-Rosello-CBM-1-300x225.jpeg\" data-width=\"300\" data-height=\"225\" aria-label=\"Tardor Rosell\u00f3: de talentoso grafitero a aclamado muralista 1\" role=\"img\" ><\/div>\n\t\t\t\t\t\t\t\t\t\t\t<div class=\"elementor-gallery-item__overlay\"><\/div>\n\t\t\t\t\t\t\t\t\t\t\t\t\t\t<\/a>\n\t\t\t\t\t\t\t<a class=\"e-gallery-item elementor-gallery-item elementor-animated-content\" href=\"https:\/\/costablanca-magazin.com\/wp-content\/uploads\/2025\/05\/CBM-Kuenstler-Costablanca-Toni-Mari-12.jpg\" data-elementor-open-lightbox=\"yes\" data-elementor-lightbox-slideshow=\"eee7cc3\" data-elementor-lightbox-title=\"Nah dran  und weit hinaus:  K\u00fcnstler  zwischen K\u00fcste  und Weltb\u00fchne\" data-elementor-lightbox-description=\"Nah dran und weit hinaus: K\u00fcnstler zwischen K\u00fcste und Weltb\u00fchne\" data-e-action-hash=\"#elementor-action%3Aaction%3Dlightbox%26settings%3DeyJpZCI6NzUwNywidXJsIjoiaHR0cHM6XC9cL2Nvc3RhYmxhbmNhLW1hZ2F6aW4uY29tXC93cC1jb250ZW50XC91cGxvYWRzXC8yMDI1XC8wNVwvQ0JNLUt1ZW5zdGxlci1Db3N0YWJsYW5jYS1Ub25pLU1hcmktMTIuanBnIiwic2xpZGVzaG93IjoiZWVlN2NjMyJ9\">\n\t\t\t\t\t<div class=\"e-gallery-image elementor-gallery-item__image\" data-thumbnail=\"https:\/\/costablanca-magazin.com\/wp-content\/uploads\/2025\/05\/CBM-Kuenstler-Costablanca-Toni-Mari-12-300x169.jpg\" data-width=\"300\" data-height=\"169\" aria-label=\"Cerca y lejos: artistas entre la costa y el escenario mundial 11\" role=\"img\" ><\/div>\n\t\t\t\t\t\t\t\t\t\t\t<div class=\"elementor-gallery-item__overlay\"><\/div>\n\t\t\t\t\t\t\t\t\t\t\t\t\t\t<\/a>\n\t\t\t\t\t<\/div>\n\t\t\t\t\t<\/div>\n\t\t\t\t<\/div>\n\t\t\t\t<div class=\"elementor-element elementor-element-a8d673e elementor-widget elementor-widget-text-editor\" data-id=\"a8d673e\" data-element_type=\"widget\" data-e-type=\"widget\" data-widget_type=\"text-editor.default\">\n\t\t\t\t<div class=\"elementor-widget-container\">\n\t\t\t\t\t\t\t\t\t<p>Est\u00e1 especialmente presente en D\u00e9nia, por ejemplo en la calle La V\u00eda, justo detr\u00e1s del t\u00fanel del Castillo.<br \/>Su estilo: l\u00fadico, audaz, narrativo... y siempre en el centro del espacio p\u00fablico.<\/p><p><strong>Joaqu\u00edn Sorolla - <\/strong><strong>Un rayo de luz en la pintura<\/strong><br \/>A principios del siglo XX, Joaqu\u00edn Sorolla capt\u00f3 como nadie la luz del Mediterr\u00e1neo. Sus escenas -ni\u00f1os en la playa, veleros, pescadores- no s\u00f3lo captan el juego visual del agua y el sol, sino tambi\u00e9n una actitud: ligereza, calidez, movimiento.<br \/>Hoy en d\u00eda, las obras de Sorolla cuelgan en museos de todo el mundo, pero sus or\u00edgenes a\u00fan pueden sentirse en la atm\u00f3sfera que todav\u00eda hoy destilan las ciudades costeras.<\/p><p><strong>Jer\u00f3nimo Jacinto Espinosa - <\/strong><strong>Entre la devoci\u00f3n y la expresi\u00f3n<\/strong><br \/>Menos presente en la esfera p\u00fablica, pero no por ello menos influyente: Jer\u00f3nimo Jacinto Espinosa, pintor del siglo XVII cuyos retablos contribuyeron a dar forma a la imaginer\u00eda religiosa de Levante.<br \/>En iglesias de Orihuela a Valencia, la composici\u00f3n dram\u00e1tica y la profundidad espiritual se combinan para crear un legado art\u00edstico que a\u00fan hoy resuena en espacios silenciosos.<\/p><p>Ya sea en acero, con pincel o sobre yeso, el arte en la Costa Blanca tiene muchas formas. Y permanece exactamente donde tiene mayor impacto: en el centro de la vida, abierto a los encuentros, cerca de la gente.<\/p>\t\t\t\t\t\t\t\t<\/div>\n\t\t\t\t<\/div>\n\t\t\t\t<\/div>\n\t\t\t\t\t<\/div>\n\t\t\t\t<\/div>\n\t\t<div class=\"elementor-element elementor-element-9736fb4 e-flex e-con-boxed e-con e-parent\" data-id=\"9736fb4\" data-element_type=\"container\" data-e-type=\"container\">\n\t\t\t\t\t<div class=\"e-con-inner\">\n\t\t\t\t<div class=\"elementor-element elementor-element-dde07bb elementor-widget-divider--separator-type-pattern elementor-widget-divider--no-spacing elementor-widget-divider--view-line elementor-widget elementor-widget-divider\" data-id=\"dde07bb\" data-element_type=\"widget\" data-e-type=\"widget\" data-widget_type=\"divider.default\">\n\t\t\t\t<div class=\"elementor-widget-container\">\n\t\t\t\t\t\t\t<div class=\"elementor-divider\" style=\"--divider-pattern-url: url(&quot;data:image\/svg+xml,%3Csvg xmlns=&#039;http:\/\/www.w3.org\/2000\/svg&#039; preserveAspectRatio=&#039;xMidYMid meet&#039; overflow=&#039;visible&#039; height=&#039;100%&#039; viewBox=&#039;0 0 126 26&#039; fill=&#039;black&#039; stroke=&#039;none&#039;%3E%3Cpath d=&#039;M3,10.2c2.6,0,2.6,2,2.6,3.2S4.4,16.5,3,16.5s-3-1.4-3-3.2S0.4,10.2,3,10.2z M18.8,10.2c1.7,0,3.2,1.4,3.2,3.2s-1.4,3.2-3.2,3.2c-1.7,0-3.2-1.4-3.2-3.2S17,10.2,18.8,10.2z M34.6,10.2c1.5,0,2.6,1.4,2.6,3.2s-0.5,3.2-1.9,3.2c-1.5,0-3.4-1.4-3.4-3.2S33.1,10.2,34.6,10.2z M50.5,10.2c1.7,0,3.2,1.4,3.2,3.2s-1.4,3.2-3.2,3.2c-1.7,0-3.3-0.9-3.3-2.6S48.7,10.2,50.5,10.2z M66.2,10.2c1.5,0,3.4,1.4,3.4,3.2s-1.9,3.2-3.4,3.2c-1.5,0-2.6-0.4-2.6-2.1S64.8,10.2,66.2,10.2z M82.2,10.2c1.7,0.8,2.6,1.4,2.6,3.2s-0.1,3.2-1.6,3.2c-1.5,0-3.7-1.4-3.7-3.2S80.5,9.4,82.2,10.2zM98.6,10.2c1.5,0,2.6,0.4,2.6,2.1s-1.2,4.2-2.6,4.2c-1.5,0-3.7-0.4-3.7-2.1S97.1,10.2,98.6,10.2z M113.4,10.2c1.2,0,2.2,0.9,2.2,3.2s-0.1,3.2-1.3,3.2s-3.1-1.4-3.1-3.2S112.2,10.2,113.4,10.2z&#039;\/%3E%3C\/svg%3E&quot;);\">\n\t\t\t<span class=\"elementor-divider-separator\">\n\t\t\t\t\t\t<\/span>\n\t\t<\/div>\n\t\t\t\t\t\t<\/div>\n\t\t\t\t<\/div>\n\t\t\t\t<div class=\"elementor-element elementor-element-6b38aac elementor-grid-3 elementor-grid-tablet-2 elementor-grid-mobile-1 elementor-posts--thumbnail-top elementor-posts--show-avatar elementor-card-shadow-yes elementor-posts__hover-gradient elementor-widget elementor-widget-posts\" data-id=\"6b38aac\" data-element_type=\"widget\" data-e-type=\"widget\" data-settings=\"{&quot;cards_columns&quot;:&quot;3&quot;,&quot;cards_columns_tablet&quot;:&quot;2&quot;,&quot;cards_columns_mobile&quot;:&quot;1&quot;,&quot;cards_row_gap&quot;:{&quot;unit&quot;:&quot;px&quot;,&quot;size&quot;:35,&quot;sizes&quot;:[]},&quot;cards_row_gap_tablet&quot;:{&quot;unit&quot;:&quot;px&quot;,&quot;size&quot;:&quot;&quot;,&quot;sizes&quot;:[]},&quot;cards_row_gap_mobile&quot;:{&quot;unit&quot;:&quot;px&quot;,&quot;size&quot;:&quot;&quot;,&quot;sizes&quot;:[]}}\" data-widget_type=\"posts.cards\">\n\t\t\t\t<div class=\"elementor-widget-container\">\n\t\t\t\t\t\t\t<div class=\"elementor-posts-container elementor-posts elementor-posts--skin-cards elementor-grid\" role=\"list\">\n\t\t\t\t<article class=\"elementor-post elementor-grid-item post-7168 post type-post status-publish format-standard has-post-thumbnail hentry category-infos tag-altea tag-denia tag-javea tag-kunst-an-der-costa-blanca tag-kuenstler-an-der-costablanca tag-kunstszene-costablanca tag-moraira\" role=\"listitem\">\n\t\t\t<div class=\"elementor-post__card\">\n\t\t\t\t<a class=\"elementor-post__thumbnail__link\" href=\"https:\/\/costablanca-magazin.com\/es\/lokales\/infos\/die-kunstszene-der-costa-blanca-kunst-mit-alltag-verbunden\/\" tabindex=\"-1\" ><div class=\"elementor-post__thumbnail\"><img fetchpriority=\"high\" decoding=\"async\" width=\"1200\" height=\"675\" src=\"https:\/\/costablanca-magazin.com\/wp-content\/uploads\/2025\/05\/CBM-Kuenstler-Costablanca-Toni-Mari-13.jpg\" class=\"attachment-1536x1536 size-1536x1536 wp-image-7170\" alt=\"Entre la luz del estudio y el polvo de la calle: la animada escena art\u00edstica de la Costa Blanca\" srcset=\"https:\/\/costablanca-magazin.com\/wp-content\/uploads\/2025\/05\/CBM-Kuenstler-Costablanca-Toni-Mari-13.jpg 1200w, https:\/\/costablanca-magazin.com\/wp-content\/uploads\/2025\/05\/CBM-Kuenstler-Costablanca-Toni-Mari-13-300x169.jpg 300w, https:\/\/costablanca-magazin.com\/wp-content\/uploads\/2025\/05\/CBM-Kuenstler-Costablanca-Toni-Mari-13-1024x576.jpg 1024w, https:\/\/costablanca-magazin.com\/wp-content\/uploads\/2025\/05\/CBM-Kuenstler-Costablanca-Toni-Mari-13-768x432.jpg 768w\" sizes=\"(max-width: 1200px) 100vw, 1200px\" \/><\/div><\/a>\n\t\t\t\t<div class=\"elementor-post__badge\">Informaci\u00f3n<\/div>\n\t\t\t\t<div class=\"elementor-post__avatar\">\n\t\t\t\t\t<\/div>\n\t\t\t\t<div class=\"elementor-post__text\">\n\t\t\t\t<h3 class=\"elementor-post__title\">\n\t\t\t<a href=\"https:\/\/costablanca-magazin.com\/es\/lokales\/infos\/die-kunstszene-der-costa-blanca-kunst-mit-alltag-verbunden\/\" >\n\t\t\t\tLa escena art\u00edstica de la Costa Blanca: arte combinado con vida cotidiana\t\t\t<\/a>\n\t\t<\/h3>\n\t\t\t\t<\/div>\n\t\t\t\t\t<\/div>\n\t\t<\/article>\n\t\t\t\t<article class=\"elementor-post elementor-grid-item post-7006 post type-post status-publish format-standard has-post-thumbnail hentry category-aktivitaeten-und-ausfluege tag-altea tag-auditorium-costablanca tag-benissa tag-denia tag-festival-benidorm tag-javea tag-konzerte-costablanca tag-kunst-an-der-costa-blanca tag-teulada tag-veranstaltungen-costablanca\" role=\"listitem\">\n\t\t\t<div class=\"elementor-post__card\">\n\t\t\t\t<a class=\"elementor-post__thumbnail__link\" href=\"https:\/\/costablanca-magazin.com\/es\/freizeit\/aktivitaeten-und-ausfluege\/costa-blanca-konzerte-theater-und-open-air-konzerte\/\" tabindex=\"-1\" ><div class=\"elementor-post__thumbnail\"><img decoding=\"async\" width=\"1200\" height=\"671\" src=\"https:\/\/costablanca-magazin.com\/wp-content\/uploads\/2025\/05\/Stierkampf-Benidorm.jpg\" class=\"attachment-1536x1536 size-1536x1536 wp-image-7016\" alt=\"Cultura en todos los escenarios: auditorios y recintos al aire libre 7\" srcset=\"https:\/\/costablanca-magazin.com\/wp-content\/uploads\/2025\/05\/Stierkampf-Benidorm.jpg 1200w, https:\/\/costablanca-magazin.com\/wp-content\/uploads\/2025\/05\/Stierkampf-Benidorm-300x168.jpg 300w, https:\/\/costablanca-magazin.com\/wp-content\/uploads\/2025\/05\/Stierkampf-Benidorm-1024x573.jpg 1024w, https:\/\/costablanca-magazin.com\/wp-content\/uploads\/2025\/05\/Stierkampf-Benidorm-768x429.jpg 768w\" sizes=\"(max-width: 1200px) 100vw, 1200px\" \/><\/div><\/a>\n\t\t\t\t<div class=\"elementor-post__badge\">Actividades y excursiones<\/div>\n\t\t\t\t<div class=\"elementor-post__avatar\">\n\t\t\t\t\t<\/div>\n\t\t\t\t<div class=\"elementor-post__text\">\n\t\t\t\t<h3 class=\"elementor-post__title\">\n\t\t\t<a href=\"https:\/\/costablanca-magazin.com\/es\/freizeit\/aktivitaeten-und-ausfluege\/costa-blanca-konzerte-theater-und-open-air-konzerte\/\" >\n\t\t\t\tCultura en todos los escenarios: auditorios y estadios al aire libre\t\t\t<\/a>\n\t\t<\/h3>\n\t\t\t\t<\/div>\n\t\t\t\t\t<\/div>\n\t\t<\/article>\n\t\t\t\t<article class=\"elementor-post elementor-grid-item post-6786 post type-post status-publish format-standard has-post-thumbnail hentry category-aktivitaeten-und-ausfluege tag-auditorium-altea tag-auditorium-benissa-teulada-theater-costablanca tag-auditorium-denia tag-kunst-an-der-costa-blanca tag-musical-costablanca tag-veranstaltungen\" role=\"listitem\">\n\t\t\t<div class=\"elementor-post__card\">\n\t\t\t\t<a class=\"elementor-post__thumbnail__link\" href=\"https:\/\/costablanca-magazin.com\/es\/freizeit\/aktivitaeten-und-ausfluege\/buehne-frei-fuer-kunst-und-kultur-an-der-costa-blanca\/\" tabindex=\"-1\" ><div class=\"elementor-post__thumbnail\"><img decoding=\"async\" width=\"1200\" height=\"800\" src=\"https:\/\/costablanca-magazin.com\/wp-content\/uploads\/2025\/05\/female-painter-draws-picture-with-paintbrush-on-ca-2025-03-18-06-44-23-utc.jpg\" class=\"attachment-1536x1536 size-1536x1536 wp-image-6807\" alt=\"Despejar el escenario para el arte y la cultura\" srcset=\"https:\/\/costablanca-magazin.com\/wp-content\/uploads\/2025\/05\/female-painter-draws-picture-with-paintbrush-on-ca-2025-03-18-06-44-23-utc.jpg 1200w, https:\/\/costablanca-magazin.com\/wp-content\/uploads\/2025\/05\/female-painter-draws-picture-with-paintbrush-on-ca-2025-03-18-06-44-23-utc-300x200.jpg 300w, https:\/\/costablanca-magazin.com\/wp-content\/uploads\/2025\/05\/female-painter-draws-picture-with-paintbrush-on-ca-2025-03-18-06-44-23-utc-1024x683.jpg 1024w, https:\/\/costablanca-magazin.com\/wp-content\/uploads\/2025\/05\/female-painter-draws-picture-with-paintbrush-on-ca-2025-03-18-06-44-23-utc-768x512.jpg 768w\" sizes=\"(max-width: 1200px) 100vw, 1200px\" \/><\/div><\/a>\n\t\t\t\t<div class=\"elementor-post__badge\">Actividades y excursiones<\/div>\n\t\t\t\t<div class=\"elementor-post__avatar\">\n\t\t\t\t\t<\/div>\n\t\t\t\t<div class=\"elementor-post__text\">\n\t\t\t\t<h3 class=\"elementor-post__title\">\n\t\t\t<a href=\"https:\/\/costablanca-magazin.com\/es\/freizeit\/aktivitaeten-und-ausfluege\/buehne-frei-fuer-kunst-und-kultur-an-der-costa-blanca\/\" >\n\t\t\t\tDespejar el escenario del arte y la cultura en la Costa Blanca\t\t\t<\/a>\n\t\t<\/h3>\n\t\t\t\t<\/div>\n\t\t\t\t\t<\/div>\n\t\t<\/article>\n\t\t\t\t<\/div>\n\t\t\n\t\t\t\t\t\t<\/div>\n\t\t\t\t<\/div>\n\t\t\t\t\t<\/div>\n\t\t\t\t<\/div>\n\t\t\t\t<\/div>","protected":false},"excerpt":{"rendered":"<p>Artistas de la Costa Blanca entre la costa y el escenario mundial Del arte callejero al arte sacro: c\u00f3mo la Costa Blanca ha dejado su huella creativa a lo largo de los siglos<\/p>","protected":false},"author":1,"featured_media":7515,"comment_status":"closed","ping_status":"closed","sticky":false,"template":"elementor_header_footer","format":"standard","meta":{"om_disable_all_campaigns":false,"_monsterinsights_skip_tracking":false,"_monsterinsights_sitenote_active":false,"_monsterinsights_sitenote_note":"","_monsterinsights_sitenote_category":0,"footnotes":""},"categories":[13],"tags":[63,115,362,886,68],"class_list":["post-7494","post","type-post","status-publish","format-standard","has-post-thumbnail","hentry","category-infos","tag-altea","tag-javea","tag-kunst-an-der-costa-blanca","tag-kuenstler-costablanca","tag-moraira"],"aioseo_notices":[],"_links":{"self":[{"href":"https:\/\/costablanca-magazin.com\/es\/wp-json\/wp\/v2\/posts\/7494","targetHints":{"allow":["GET"]}}],"collection":[{"href":"https:\/\/costablanca-magazin.com\/es\/wp-json\/wp\/v2\/posts"}],"about":[{"href":"https:\/\/costablanca-magazin.com\/es\/wp-json\/wp\/v2\/types\/post"}],"author":[{"embeddable":true,"href":"https:\/\/costablanca-magazin.com\/es\/wp-json\/wp\/v2\/users\/1"}],"replies":[{"embeddable":true,"href":"https:\/\/costablanca-magazin.com\/es\/wp-json\/wp\/v2\/comments?post=7494"}],"version-history":[{"count":13,"href":"https:\/\/costablanca-magazin.com\/es\/wp-json\/wp\/v2\/posts\/7494\/revisions"}],"predecessor-version":[{"id":11075,"href":"https:\/\/costablanca-magazin.com\/es\/wp-json\/wp\/v2\/posts\/7494\/revisions\/11075"}],"wp:featuredmedia":[{"embeddable":true,"href":"https:\/\/costablanca-magazin.com\/es\/wp-json\/wp\/v2\/media\/7515"}],"wp:attachment":[{"href":"https:\/\/costablanca-magazin.com\/es\/wp-json\/wp\/v2\/media?parent=7494"}],"wp:term":[{"taxonomy":"category","embeddable":true,"href":"https:\/\/costablanca-magazin.com\/es\/wp-json\/wp\/v2\/categories?post=7494"},{"taxonomy":"post_tag","embeddable":true,"href":"https:\/\/costablanca-magazin.com\/es\/wp-json\/wp\/v2\/tags?post=7494"}],"curies":[{"name":"wp","href":"https:\/\/api.w.org\/{rel}","templated":true}]}}