{"id":6907,"date":"2025-05-20T09:00:00","date_gmt":"2025-05-20T07:00:00","guid":{"rendered":"https:\/\/costablanca-magazin.com\/?p=6907"},"modified":"2026-07-07T10:21:27","modified_gmt":"2026-07-07T08:21:27","slug":"exito-en-el-lanzamiento-de-la-red-empresarial-costa-blanca","status":"publish","type":"post","link":"https:\/\/costablanca-magazin.com\/es\/lokales\/business-service\/gelungener-auftakt-fuer-unternehmer-netzwerk-costa-blanca\/","title":{"rendered":"\u00c9xito de la red empresarial de la Costa Blanca"},"content":{"rendered":"<div data-elementor-type=\"wp-post\" data-elementor-id=\"6907\" class=\"elementor elementor-6907\" data-elementor-post-type=\"post\">\n\t\t\t\t<div class=\"elementor-element elementor-element-eff5a3c e-flex e-con-boxed e-con e-parent\" data-id=\"eff5a3c\" data-element_type=\"container\" data-e-type=\"container\">\n\t\t\t\t\t<div class=\"e-con-inner\">\n\t\t\t\t<div class=\"elementor-element elementor-element-7bd605f elementor-widget elementor-widget-heading\" data-id=\"7bd605f\" data-element_type=\"widget\" data-e-type=\"widget\" data-widget_type=\"heading.default\">\n\t\t\t\t<div class=\"elementor-widget-container\">\n\t\t\t\t\t<h1 class=\"elementor-heading-title elementor-size-default\">\u00c9xito de\nPuesta en marcha de\nemprendedor\nempresarial en la Costa Blanca<\/h1>\t\t\t\t<\/div>\n\t\t\t\t<\/div>\n\t\t\t\t<div class=\"elementor-element elementor-element-8a24f5f elementor-widget elementor-widget-heading\" data-id=\"8a24f5f\" data-element_type=\"widget\" data-e-type=\"widget\" data-widget_type=\"heading.default\">\n\t\t\t\t<div class=\"elementor-widget-container\">\n\t\t\t\t\t<p class=\"elementor-heading-title elementor-size-default\">Lleno total, debates inspiradores\ny nuevos contactos: la primera reuni\u00f3n de la red para aut\u00f3nomos y empresarios\nen la Costa Blanca fue todo un \u00e9xito.<\/p>\t\t\t\t<\/div>\n\t\t\t\t<\/div>\n\t\t\t\t<div class=\"elementor-element elementor-element-a4183a9 elementor-widget elementor-widget-image\" data-id=\"a4183a9\" data-element_type=\"widget\" data-e-type=\"widget\" data-widget_type=\"image.default\">\n\t\t\t\t<div class=\"elementor-widget-container\">\n\t\t\t\t\t\t\t\t\t\t\t\t\t\t\t<img fetchpriority=\"high\" decoding=\"async\" width=\"1200\" height=\"900\" src=\"https:\/\/costablanca-magazin.com\/wp-content\/uploads\/2025\/05\/Netzwerktreffen-Denia-Kerstin-Kleine-Rahn-16.jpg\" class=\"attachment-full size-full wp-image-6937\" alt=\"Reuni\u00f3n de red Denia Kerstin Kleine 15\" srcset=\"https:\/\/costablanca-magazin.com\/wp-content\/uploads\/2025\/05\/Netzwerktreffen-Denia-Kerstin-Kleine-Rahn-16.jpg 1200w, https:\/\/costablanca-magazin.com\/wp-content\/uploads\/2025\/05\/Netzwerktreffen-Denia-Kerstin-Kleine-Rahn-16-300x225.jpg 300w, https:\/\/costablanca-magazin.com\/wp-content\/uploads\/2025\/05\/Netzwerktreffen-Denia-Kerstin-Kleine-Rahn-16-1024x768.jpg 1024w, https:\/\/costablanca-magazin.com\/wp-content\/uploads\/2025\/05\/Netzwerktreffen-Denia-Kerstin-Kleine-Rahn-16-768x576.jpg 768w\" sizes=\"(max-width: 1200px) 100vw, 1200px\" \/>\t\t\t\t\t\t\t\t\t\t\t\t\t\t\t<\/div>\n\t\t\t\t<\/div>\n\t\t\t\t\t<\/div>\n\t\t\t\t<\/div>\n\t\t<div class=\"elementor-element elementor-element-ff998c6 e-flex e-con-boxed e-con e-parent\" data-id=\"ff998c6\" data-element_type=\"container\" data-e-type=\"container\">\n\t\t\t\t\t<div class=\"e-con-inner\">\n\t\t<div class=\"elementor-element elementor-element-28e8f1f e-con-full e-flex e-con e-child\" data-id=\"28e8f1f\" data-element_type=\"container\" data-e-type=\"container\">\n\t\t\t\t<div class=\"elementor-element elementor-element-8972266 elementor-widget elementor-widget-text-editor\" data-id=\"8972266\" data-element_type=\"widget\" data-e-type=\"widget\" data-widget_type=\"text-editor.default\">\n\t\t\t\t<div class=\"elementor-widget-container\">\n\t\t\t\t\t\t\t\t\t<p>Con unos 30 participantes de una amplia gama de sectores, el acto comenz\u00f3 con \u00e9xito en el restaurante Caval del puerto deportivo de D\u00e9nia, donde tuvo lugar un animado intercambio entre tapas, c\u00f3cteles y en un ambiente distendido.<\/p><p>Desde la artesan\u00eda y el coaching hasta el sector inmobiliario, pasando por las TI y el marketing: aqu\u00ed estaban representados sectores muy diversos. Detr\u00e1s de la idea est\u00e1 Kerstin Kleine-Rahn, dise\u00f1adora web y fundadora de business -cb.es. Con su plataforma, re\u00fane a aut\u00f3nomos y empresarios de la regi\u00f3n, de forma sencilla, abierta y distendida.<\/p><p>\u201eCada sector cuenta, cada idea puede crecer, si se trabaja en red\u201c, dice Kerstin Kleine-Rahn. \u201eLa Costa Blanca est\u00e1 llena de gente y proyectos apasionantes. Es hora de conectarlos\u201c.\u201c<\/p><p><strong>Nuevas reuniones de la red <\/strong><strong>en planificaci\u00f3n<\/strong><br \/>Quien desee participar o saber m\u00e1s sobre la red de emprendedores puede ponerse en contacto directamente con Kerstin Kleine-Rahn.<br \/>Un soplo de aire fresco para los negocios, un di\u00e1logo abierto y una red que no deja de crecer. En el esp\u00edritu de la regi\u00f3n: abierta, animada, encantadora. Equipo editorial<\/p>\t\t\t\t\t\t\t\t<\/div>\n\t\t\t\t<\/div>\n\t\t\t\t<\/div>\n\t\t<div class=\"elementor-element elementor-element-6678221 e-con-full e-flex e-con e-child\" data-id=\"6678221\" data-element_type=\"container\" data-e-type=\"container\">\n\t\t\t\t<div class=\"elementor-element elementor-element-c7d29c6 elementor-widget elementor-widget-text-editor\" data-id=\"c7d29c6\" data-element_type=\"widget\" data-e-type=\"widget\" data-widget_type=\"text-editor.default\">\n\t\t\t\t<div class=\"elementor-widget-container\">\n\t\t\t\t\t\t\t\t\t<p><strong>Red empresarial en la Costa Blanca <\/strong><strong>support@anudar.app, <a href=\"https:\/\/www.business-cb.es\" target=\"_blank\" rel=\"noopener\">www.business-cb.es<\/a>, <\/strong><a href=\"https:\/\/www.facebook.com\/groups\/1354695492405435\/\" target=\"_blank\" rel=\"noopener\"><strong>www.facebook.com\/groups\/1354695492405435\/<\/strong><\/a><\/p>\t\t\t\t\t\t\t\t<\/div>\n\t\t\t\t<\/div>\n\t\t\t\t<div class=\"elementor-element elementor-element-a2e109d elementor-widget elementor-widget-gallery\" data-id=\"a2e109d\" data-element_type=\"widget\" data-e-type=\"widget\" data-settings=\"{&quot;gap&quot;:{&quot;unit&quot;:&quot;px&quot;,&quot;size&quot;:4,&quot;sizes&quot;:[]},&quot;aspect_ratio&quot;:&quot;4:3&quot;,&quot;lazyload&quot;:&quot;yes&quot;,&quot;gallery_layout&quot;:&quot;grid&quot;,&quot;columns&quot;:4,&quot;columns_tablet&quot;:2,&quot;columns_mobile&quot;:1,&quot;gap_tablet&quot;:{&quot;unit&quot;:&quot;px&quot;,&quot;size&quot;:10,&quot;sizes&quot;:[]},&quot;gap_mobile&quot;:{&quot;unit&quot;:&quot;px&quot;,&quot;size&quot;:10,&quot;sizes&quot;:[]},&quot;link_to&quot;:&quot;file&quot;,&quot;overlay_background&quot;:&quot;yes&quot;,&quot;content_hover_animation&quot;:&quot;fade-in&quot;}\" data-widget_type=\"gallery.default\">\n\t\t\t\t<div class=\"elementor-widget-container\">\n\t\t\t\t\t\t\t<div class=\"elementor-gallery__container\">\n\t\t\t\t\t\t\t<a class=\"e-gallery-item elementor-gallery-item elementor-animated-content\" href=\"https:\/\/costablanca-magazin.com\/wp-content\/uploads\/2025\/05\/Netzwerktreffen-Denia-Kerstin-Kleine-Rahn-17.jpg\" data-elementor-open-lightbox=\"yes\" data-elementor-lightbox-slideshow=\"a2e109d\" data-elementor-lightbox-title=\"Netzwerktreffen Denia Kerstin Kleine\" data-elementor-lightbox-description=\"Netzwerktreffen Denia Kerstin Kleine \" data-e-action-hash=\"#elementor-action%3Aaction%3Dlightbox%26settings%3DeyJpZCI6NjkzOCwidXJsIjoiaHR0cHM6XC9cL2Nvc3RhYmxhbmNhLW1hZ2F6aW4uY29tXC93cC1jb250ZW50XC91cGxvYWRzXC8yMDI1XC8wNVwvTmV0endlcmt0cmVmZmVuLURlbmlhLUtlcnN0aW4tS2xlaW5lLVJhaG4tMTcuanBnIiwic2xpZGVzaG93IjoiYTJlMTA5ZCJ9\">\n\t\t\t\t\t<div class=\"e-gallery-image elementor-gallery-item__image\" data-thumbnail=\"https:\/\/costablanca-magazin.com\/wp-content\/uploads\/2025\/05\/Netzwerktreffen-Denia-Kerstin-Kleine-Rahn-17.jpg\" data-width=\"1200\" data-height=\"900\" aria-label=\"Reuni\u00f3n de red Denia Kerstin Kleine 16\" role=\"img\" ><\/div>\n\t\t\t\t\t\t\t\t\t\t\t<div class=\"elementor-gallery-item__overlay\"><\/div>\n\t\t\t\t\t\t\t\t\t\t\t\t\t\t<\/a>\n\t\t\t\t\t\t\t<a class=\"e-gallery-item elementor-gallery-item elementor-animated-content\" href=\"https:\/\/costablanca-magazin.com\/wp-content\/uploads\/2025\/05\/Netzwerktreffen-Denia-Kerstin-Kleine-Rahn-7.jpg\" data-elementor-open-lightbox=\"yes\" data-elementor-lightbox-slideshow=\"a2e109d\" data-elementor-lightbox-title=\"Netzwerktreffen Denia Kerstin Kleine\" data-elementor-lightbox-description=\"Netzwerktreffen Denia Kerstin Kleine \" data-e-action-hash=\"#elementor-action%3Aaction%3Dlightbox%26settings%3DeyJpZCI6NjkyOCwidXJsIjoiaHR0cHM6XC9cL2Nvc3RhYmxhbmNhLW1hZ2F6aW4uY29tXC93cC1jb250ZW50XC91cGxvYWRzXC8yMDI1XC8wNVwvTmV0endlcmt0cmVmZmVuLURlbmlhLUtlcnN0aW4tS2xlaW5lLVJhaG4tNy5qcGciLCJzbGlkZXNob3ciOiJhMmUxMDlkIn0%3D\">\n\t\t\t\t\t<div class=\"e-gallery-image elementor-gallery-item__image\" data-thumbnail=\"https:\/\/costablanca-magazin.com\/wp-content\/uploads\/2025\/05\/Netzwerktreffen-Denia-Kerstin-Kleine-Rahn-7.jpg\" data-width=\"1200\" data-height=\"900\" aria-label=\"Reuni\u00f3n de red Denia Kerstin Kleine 6\" role=\"img\" ><\/div>\n\t\t\t\t\t\t\t\t\t\t\t<div class=\"elementor-gallery-item__overlay\"><\/div>\n\t\t\t\t\t\t\t\t\t\t\t\t\t\t<\/a>\n\t\t\t\t\t\t\t<a class=\"e-gallery-item elementor-gallery-item elementor-animated-content\" href=\"https:\/\/costablanca-magazin.com\/wp-content\/uploads\/2025\/05\/Netzwerktreffen-Denia-Kerstin-Kleine-Rahn-8.jpg\" data-elementor-open-lightbox=\"yes\" data-elementor-lightbox-slideshow=\"a2e109d\" data-elementor-lightbox-title=\"Netzwerktreffen Denia Kerstin Kleine\" data-elementor-lightbox-description=\"Netzwerktreffen Denia Kerstin Kleine \" data-e-action-hash=\"#elementor-action%3Aaction%3Dlightbox%26settings%3DeyJpZCI6NjkyOSwidXJsIjoiaHR0cHM6XC9cL2Nvc3RhYmxhbmNhLW1hZ2F6aW4uY29tXC93cC1jb250ZW50XC91cGxvYWRzXC8yMDI1XC8wNVwvTmV0endlcmt0cmVmZmVuLURlbmlhLUtlcnN0aW4tS2xlaW5lLVJhaG4tOC5qcGciLCJzbGlkZXNob3ciOiJhMmUxMDlkIn0%3D\">\n\t\t\t\t\t<div class=\"e-gallery-image elementor-gallery-item__image\" data-thumbnail=\"https:\/\/costablanca-magazin.com\/wp-content\/uploads\/2025\/05\/Netzwerktreffen-Denia-Kerstin-Kleine-Rahn-8.jpg\" data-width=\"1200\" data-height=\"900\" aria-label=\"Reuni\u00f3n de red Denia Kerstin Kleine 7\" role=\"img\" ><\/div>\n\t\t\t\t\t\t\t\t\t\t\t<div class=\"elementor-gallery-item__overlay\"><\/div>\n\t\t\t\t\t\t\t\t\t\t\t\t\t\t<\/a>\n\t\t\t\t\t\t\t<a class=\"e-gallery-item elementor-gallery-item elementor-animated-content\" href=\"https:\/\/costablanca-magazin.com\/wp-content\/uploads\/2025\/05\/Netzwerktreffen-Denia-Kerstin-Kleine-Rahn-15.jpg\" data-elementor-open-lightbox=\"yes\" data-elementor-lightbox-slideshow=\"a2e109d\" data-elementor-lightbox-title=\"Netzwerktreffen Denia Kerstin Kleine\" data-elementor-lightbox-description=\"Netzwerktreffen Denia Kerstin Kleine \" data-e-action-hash=\"#elementor-action%3Aaction%3Dlightbox%26settings%3DeyJpZCI6NjkzNiwidXJsIjoiaHR0cHM6XC9cL2Nvc3RhYmxhbmNhLW1hZ2F6aW4uY29tXC93cC1jb250ZW50XC91cGxvYWRzXC8yMDI1XC8wNVwvTmV0endlcmt0cmVmZmVuLURlbmlhLUtlcnN0aW4tS2xlaW5lLVJhaG4tMTUuanBnIiwic2xpZGVzaG93IjoiYTJlMTA5ZCJ9\">\n\t\t\t\t\t<div class=\"e-gallery-image elementor-gallery-item__image\" data-thumbnail=\"https:\/\/costablanca-magazin.com\/wp-content\/uploads\/2025\/05\/Netzwerktreffen-Denia-Kerstin-Kleine-Rahn-15.jpg\" data-width=\"1200\" data-height=\"900\" aria-label=\"Reuni\u00f3n de red Denia Kerstin Kleine 14\" role=\"img\" ><\/div>\n\t\t\t\t\t\t\t\t\t\t\t<div class=\"elementor-gallery-item__overlay\"><\/div>\n\t\t\t\t\t\t\t\t\t\t\t\t\t\t<\/a>\n\t\t\t\t\t\t\t<a class=\"e-gallery-item elementor-gallery-item elementor-animated-content\" href=\"https:\/\/costablanca-magazin.com\/wp-content\/uploads\/2025\/05\/Netzwerktreffen-Denia-Kerstin-Kleine-Rahn-14.jpg\" data-elementor-open-lightbox=\"yes\" data-elementor-lightbox-slideshow=\"a2e109d\" data-elementor-lightbox-title=\"Netzwerktreffen Denia Kerstin Kleine\" data-elementor-lightbox-description=\"Netzwerktreffen Denia Kerstin Kleine \" data-e-action-hash=\"#elementor-action%3Aaction%3Dlightbox%26settings%3DeyJpZCI6NjkzNSwidXJsIjoiaHR0cHM6XC9cL2Nvc3RhYmxhbmNhLW1hZ2F6aW4uY29tXC93cC1jb250ZW50XC91cGxvYWRzXC8yMDI1XC8wNVwvTmV0endlcmt0cmVmZmVuLURlbmlhLUtlcnN0aW4tS2xlaW5lLVJhaG4tMTQuanBnIiwic2xpZGVzaG93IjoiYTJlMTA5ZCJ9\">\n\t\t\t\t\t<div class=\"e-gallery-image elementor-gallery-item__image\" data-thumbnail=\"https:\/\/costablanca-magazin.com\/wp-content\/uploads\/2025\/05\/Netzwerktreffen-Denia-Kerstin-Kleine-Rahn-14.jpg\" data-width=\"1200\" data-height=\"900\" aria-label=\"Reuni\u00f3n de red Denia Kerstin Kleine 13\" role=\"img\" ><\/div>\n\t\t\t\t\t\t\t\t\t\t\t<div class=\"elementor-gallery-item__overlay\"><\/div>\n\t\t\t\t\t\t\t\t\t\t\t\t\t\t<\/a>\n\t\t\t\t\t\t\t<a class=\"e-gallery-item elementor-gallery-item elementor-animated-content\" href=\"https:\/\/costablanca-magazin.com\/wp-content\/uploads\/2025\/05\/Netzwerktreffen-Denia-Kerstin-Kleine-Rahn-12.jpg\" data-elementor-open-lightbox=\"yes\" data-elementor-lightbox-slideshow=\"a2e109d\" data-elementor-lightbox-title=\"Netzwerktreffen Denia Kerstin Kleine\" data-elementor-lightbox-description=\"Netzwerktreffen Denia Kerstin Kleine \" data-e-action-hash=\"#elementor-action%3Aaction%3Dlightbox%26settings%3DeyJpZCI6NjkzMywidXJsIjoiaHR0cHM6XC9cL2Nvc3RhYmxhbmNhLW1hZ2F6aW4uY29tXC93cC1jb250ZW50XC91cGxvYWRzXC8yMDI1XC8wNVwvTmV0endlcmt0cmVmZmVuLURlbmlhLUtlcnN0aW4tS2xlaW5lLVJhaG4tMTIuanBnIiwic2xpZGVzaG93IjoiYTJlMTA5ZCJ9\">\n\t\t\t\t\t<div class=\"e-gallery-image elementor-gallery-item__image\" data-thumbnail=\"https:\/\/costablanca-magazin.com\/wp-content\/uploads\/2025\/05\/Netzwerktreffen-Denia-Kerstin-Kleine-Rahn-12.jpg\" data-width=\"1200\" data-height=\"900\" aria-label=\"Reuni\u00f3n de red Denia Kerstin Kleine 11\" role=\"img\" ><\/div>\n\t\t\t\t\t\t\t\t\t\t\t<div class=\"elementor-gallery-item__overlay\"><\/div>\n\t\t\t\t\t\t\t\t\t\t\t\t\t\t<\/a>\n\t\t\t\t\t\t\t<a class=\"e-gallery-item elementor-gallery-item elementor-animated-content\" href=\"https:\/\/costablanca-magazin.com\/wp-content\/uploads\/2025\/05\/Netzwerktreffen-Denia-Kerstin-Kleine-Rahn-13.jpg\" data-elementor-open-lightbox=\"yes\" data-elementor-lightbox-slideshow=\"a2e109d\" data-elementor-lightbox-title=\"Netzwerktreffen Denia Kerstin Kleine\" data-elementor-lightbox-description=\"Netzwerktreffen Denia Kerstin Kleine \" data-e-action-hash=\"#elementor-action%3Aaction%3Dlightbox%26settings%3DeyJpZCI6NjkzNCwidXJsIjoiaHR0cHM6XC9cL2Nvc3RhYmxhbmNhLW1hZ2F6aW4uY29tXC93cC1jb250ZW50XC91cGxvYWRzXC8yMDI1XC8wNVwvTmV0endlcmt0cmVmZmVuLURlbmlhLUtlcnN0aW4tS2xlaW5lLVJhaG4tMTMuanBnIiwic2xpZGVzaG93IjoiYTJlMTA5ZCJ9\">\n\t\t\t\t\t<div class=\"e-gallery-image elementor-gallery-item__image\" data-thumbnail=\"https:\/\/costablanca-magazin.com\/wp-content\/uploads\/2025\/05\/Netzwerktreffen-Denia-Kerstin-Kleine-Rahn-13.jpg\" data-width=\"1200\" data-height=\"900\" aria-label=\"Reuni\u00f3n de red Denia Kerstin Kleine 12\" role=\"img\" ><\/div>\n\t\t\t\t\t\t\t\t\t\t\t<div class=\"elementor-gallery-item__overlay\"><\/div>\n\t\t\t\t\t\t\t\t\t\t\t\t\t\t<\/a>\n\t\t\t\t\t\t\t<a class=\"e-gallery-item elementor-gallery-item elementor-animated-content\" href=\"https:\/\/costablanca-magazin.com\/wp-content\/uploads\/2025\/05\/Netzwerktreffen-Denia-Kerstin-Kleine-Rahn-11.jpg\" data-elementor-open-lightbox=\"yes\" data-elementor-lightbox-slideshow=\"a2e109d\" data-elementor-lightbox-title=\"Netzwerktreffen Denia Kerstin Kleine\" data-elementor-lightbox-description=\"Netzwerktreffen Denia Kerstin Kleine \" data-e-action-hash=\"#elementor-action%3Aaction%3Dlightbox%26settings%3DeyJpZCI6NjkzMiwidXJsIjoiaHR0cHM6XC9cL2Nvc3RhYmxhbmNhLW1hZ2F6aW4uY29tXC93cC1jb250ZW50XC91cGxvYWRzXC8yMDI1XC8wNVwvTmV0endlcmt0cmVmZmVuLURlbmlhLUtlcnN0aW4tS2xlaW5lLVJhaG4tMTEuanBnIiwic2xpZGVzaG93IjoiYTJlMTA5ZCJ9\">\n\t\t\t\t\t<div class=\"e-gallery-image elementor-gallery-item__image\" data-thumbnail=\"https:\/\/costablanca-magazin.com\/wp-content\/uploads\/2025\/05\/Netzwerktreffen-Denia-Kerstin-Kleine-Rahn-11.jpg\" data-width=\"1200\" data-height=\"900\" aria-label=\"Reuni\u00f3n de red Denia Kerstin Kleine 10\" role=\"img\" ><\/div>\n\t\t\t\t\t\t\t\t\t\t\t<div class=\"elementor-gallery-item__overlay\"><\/div>\n\t\t\t\t\t\t\t\t\t\t\t\t\t\t<\/a>\n\t\t\t\t\t\t\t<a class=\"e-gallery-item elementor-gallery-item elementor-animated-content\" href=\"https:\/\/costablanca-magazin.com\/wp-content\/uploads\/2025\/05\/Netzwerktreffen-Denia-Kerstin-Kleine-Rahn-9.jpg\" data-elementor-open-lightbox=\"yes\" data-elementor-lightbox-slideshow=\"a2e109d\" data-elementor-lightbox-title=\"Netzwerktreffen Denia Kerstin Kleine\" data-elementor-lightbox-description=\"Netzwerktreffen Denia Kerstin Kleine \" data-e-action-hash=\"#elementor-action%3Aaction%3Dlightbox%26settings%3DeyJpZCI6NjkzMCwidXJsIjoiaHR0cHM6XC9cL2Nvc3RhYmxhbmNhLW1hZ2F6aW4uY29tXC93cC1jb250ZW50XC91cGxvYWRzXC8yMDI1XC8wNVwvTmV0endlcmt0cmVmZmVuLURlbmlhLUtlcnN0aW4tS2xlaW5lLVJhaG4tOS5qcGciLCJzbGlkZXNob3ciOiJhMmUxMDlkIn0%3D\">\n\t\t\t\t\t<div class=\"e-gallery-image elementor-gallery-item__image\" data-thumbnail=\"https:\/\/costablanca-magazin.com\/wp-content\/uploads\/2025\/05\/Netzwerktreffen-Denia-Kerstin-Kleine-Rahn-9.jpg\" data-width=\"1200\" data-height=\"900\" aria-label=\"Reuni\u00f3n de red Denia Kerstin Kleine 8\" role=\"img\" ><\/div>\n\t\t\t\t\t\t\t\t\t\t\t<div class=\"elementor-gallery-item__overlay\"><\/div>\n\t\t\t\t\t\t\t\t\t\t\t\t\t\t<\/a>\n\t\t\t\t\t\t\t<a class=\"e-gallery-item elementor-gallery-item elementor-animated-content\" href=\"https:\/\/costablanca-magazin.com\/wp-content\/uploads\/2025\/05\/Netzwerktreffen-Denia-Kerstin-Kleine-Rahn-2.jpg\" data-elementor-open-lightbox=\"yes\" data-elementor-lightbox-slideshow=\"a2e109d\" data-elementor-lightbox-title=\"Netzwerktreffen Denia Kerstin Kleine\" data-elementor-lightbox-description=\"Netzwerktreffen Denia Kerstin Kleine \" data-e-action-hash=\"#elementor-action%3Aaction%3Dlightbox%26settings%3DeyJpZCI6NjkyMywidXJsIjoiaHR0cHM6XC9cL2Nvc3RhYmxhbmNhLW1hZ2F6aW4uY29tXC93cC1jb250ZW50XC91cGxvYWRzXC8yMDI1XC8wNVwvTmV0endlcmt0cmVmZmVuLURlbmlhLUtlcnN0aW4tS2xlaW5lLVJhaG4tMi5qcGciLCJzbGlkZXNob3ciOiJhMmUxMDlkIn0%3D\">\n\t\t\t\t\t<div class=\"e-gallery-image elementor-gallery-item__image\" data-thumbnail=\"https:\/\/costablanca-magazin.com\/wp-content\/uploads\/2025\/05\/Netzwerktreffen-Denia-Kerstin-Kleine-Rahn-2.jpg\" data-width=\"1200\" data-height=\"900\" aria-label=\"Reuni\u00f3n de red Denia Kerstin Kleine 1\" role=\"img\" ><\/div>\n\t\t\t\t\t\t\t\t\t\t\t<div class=\"elementor-gallery-item__overlay\"><\/div>\n\t\t\t\t\t\t\t\t\t\t\t\t\t\t<\/a>\n\t\t\t\t\t\t\t<a class=\"e-gallery-item elementor-gallery-item elementor-animated-content\" href=\"https:\/\/costablanca-magazin.com\/wp-content\/uploads\/2025\/05\/Netzwerktreffen-Denia-Kerstin-Kleine-Rahn-4.jpg\" data-elementor-open-lightbox=\"yes\" data-elementor-lightbox-slideshow=\"a2e109d\" data-elementor-lightbox-title=\"Netzwerktreffen Denia Kerstin Kleine\" data-elementor-lightbox-description=\"Netzwerktreffen Denia Kerstin Kleine \" data-e-action-hash=\"#elementor-action%3Aaction%3Dlightbox%26settings%3DeyJpZCI6NjkyNSwidXJsIjoiaHR0cHM6XC9cL2Nvc3RhYmxhbmNhLW1hZ2F6aW4uY29tXC93cC1jb250ZW50XC91cGxvYWRzXC8yMDI1XC8wNVwvTmV0endlcmt0cmVmZmVuLURlbmlhLUtlcnN0aW4tS2xlaW5lLVJhaG4tNC5qcGciLCJzbGlkZXNob3ciOiJhMmUxMDlkIn0%3D\">\n\t\t\t\t\t<div class=\"e-gallery-image elementor-gallery-item__image\" data-thumbnail=\"https:\/\/costablanca-magazin.com\/wp-content\/uploads\/2025\/05\/Netzwerktreffen-Denia-Kerstin-Kleine-Rahn-4.jpg\" data-width=\"1200\" data-height=\"900\" aria-label=\"Reuni\u00f3n de red Denia Kerstin Kleine 3\" role=\"img\" ><\/div>\n\t\t\t\t\t\t\t\t\t\t\t<div class=\"elementor-gallery-item__overlay\"><\/div>\n\t\t\t\t\t\t\t\t\t\t\t\t\t\t<\/a>\n\t\t\t\t\t\t\t<a class=\"e-gallery-item elementor-gallery-item elementor-animated-content\" href=\"https:\/\/costablanca-magazin.com\/wp-content\/uploads\/2025\/05\/Netzwerktreffen-Denia-Kerstin-Kleine-Rahn-5.jpg\" data-elementor-open-lightbox=\"yes\" data-elementor-lightbox-slideshow=\"a2e109d\" data-elementor-lightbox-title=\"Netzwerktreffen Denia Kerstin Kleine\" data-elementor-lightbox-description=\"Netzwerktreffen Denia Kerstin Kleine \" data-e-action-hash=\"#elementor-action%3Aaction%3Dlightbox%26settings%3DeyJpZCI6NjkyNiwidXJsIjoiaHR0cHM6XC9cL2Nvc3RhYmxhbmNhLW1hZ2F6aW4uY29tXC93cC1jb250ZW50XC91cGxvYWRzXC8yMDI1XC8wNVwvTmV0endlcmt0cmVmZmVuLURlbmlhLUtlcnN0aW4tS2xlaW5lLVJhaG4tNS5qcGciLCJzbGlkZXNob3ciOiJhMmUxMDlkIn0%3D\">\n\t\t\t\t\t<div class=\"e-gallery-image elementor-gallery-item__image\" data-thumbnail=\"https:\/\/costablanca-magazin.com\/wp-content\/uploads\/2025\/05\/Netzwerktreffen-Denia-Kerstin-Kleine-Rahn-5.jpg\" data-width=\"1200\" data-height=\"900\" aria-label=\"Reuni\u00f3n de red Denia Kerstin Kleine 4\" role=\"img\" ><\/div>\n\t\t\t\t\t\t\t\t\t\t\t<div class=\"elementor-gallery-item__overlay\"><\/div>\n\t\t\t\t\t\t\t\t\t\t\t\t\t\t<\/a>\n\t\t\t\t\t<\/div>\n\t\t\t\t\t<\/div>\n\t\t\t\t<\/div>\n\t\t\t\t<\/div>\n\t\t\t\t\t<\/div>\n\t\t\t\t<\/div>\n\t\t\t\t<\/div>","protected":false},"excerpt":{"rendered":"<p>Gelungener Auftakt f\u00fcr Unternehmer- netzwerk an der Costa Blanca Volles Haus, inspirierende Gespr\u00e4che und neue Kontakte \u2013 das erste Netzwerktreffen f\u00fcr Selbst\u00e4ndige und Unternehmer an der Costa Blanca war ein voller Erfolg. Mit rund 30 Teilnehmende aus verschiedensten Branchen gelang im Restaurant Caval im Yachthafen von D\u00e9nia ein gelungener Auftakt.Bei Tapas, Cocktails und in entspannter [&hellip;]<\/p>\n","protected":false},"author":4,"featured_media":6937,"comment_status":"closed","ping_status":"closed","sticky":false,"template":"elementor_header_footer","format":"standard","meta":{"footnotes":""},"categories":[982],"tags":[1780],"class_list":["post-6907","post","type-post","status-publish","format-standard","has-post-thumbnail","hentry","category-business-service","tag-unternehmen-costa-blanca"],"aioseo_notices":[],"aioseo_head":"\n\t\t<!-- All in One SEO Pro 5.0.1.1 - aioseo.com -->\n\t<meta name=\"description\" content=\"Volles Haus, inspirierende Gespr\u00e4che und neue Kontakte \u2013 das erste Netzwerktreffen f\u00fcr Selbst\u00e4ndige und Unternehmer an der Costa Blanca war ein\u2026\" \/>\n\t<meta name=\"robots\" content=\"max-snippet:-1, max-image-preview:large, max-video-preview:-1\" \/>\n\t<meta name=\"author\" content=\"Costablanca Magazin Redaktion\"\/>\n\t<link rel=\"canonical\" href=\"https:\/\/costablanca-magazin.com\/es\/lokales\/business-service\/gelungener-auftakt-fuer-unternehmer-netzwerk-costa-blanca\/\" \/>\n\t<meta name=\"generator\" content=\"All in One SEO Pro (AIOSEO) 5.0.1.1\" \/>\n\t\t<meta property=\"og:locale\" content=\"es_ES\" \/>\n\t\t<meta property=\"og:site_name\" content=\"Costa Blanca Magazin\" \/>\n\t\t<meta property=\"og:type\" content=\"article\" \/>\n\t\t<meta property=\"og:title\" content=\"Gelungener Auftakt f\u00fcr Unternehmer- Costa Blanca\u2026\" \/>\n\t\t<meta property=\"og:description\" content=\"Volles Haus, inspirierende Gespr\u00e4che und neue Kontakte \u2013 das erste Netzwerktreffen f\u00fcr Selbst\u00e4ndige und Unternehmer an der Costa Blanca war ein\u2026\" \/>\n\t\t<meta property=\"og:url\" content=\"https:\/\/costablanca-magazin.com\/es\/lokales\/business-service\/gelungener-auftakt-fuer-unternehmer-netzwerk-costa-blanca\/\" \/>\n\t\t<meta property=\"og:image\" content=\"https:\/\/costablanca-magazin.com\/wp-content\/uploads\/2025\/05\/Netzwerktreffen-Denia-Kerstin-Kleine-Rahn-16.jpg\" \/>\n\t\t<meta property=\"og:image:secure_url\" content=\"https:\/\/costablanca-magazin.com\/wp-content\/uploads\/2025\/05\/Netzwerktreffen-Denia-Kerstin-Kleine-Rahn-16.jpg\" \/>\n\t\t<meta property=\"og:image:width\" content=\"1200\" \/>\n\t\t<meta property=\"og:image:height\" content=\"900\" \/>\n\t\t<meta property=\"article:published_time\" content=\"2025-05-20T07:00:00+00:00\" \/>\n\t\t<meta property=\"article:modified_time\" content=\"2026-07-07T08:21:27+00:00\" \/>\n\t\t<meta property=\"article:publisher\" content=\"https:\/\/www.facebook.com\/costablancalifestyle\/\" \/>\n\t\t<meta name=\"twitter:card\" content=\"summary_large_image\" \/>\n\t\t<meta name=\"twitter:title\" content=\"Gelungener Auftakt f\u00fcr Unternehmer- Costa Blanca\u2026\" \/>\n\t\t<meta name=\"twitter:description\" content=\"Volles Haus, inspirierende Gespr\u00e4che und neue Kontakte \u2013 das erste Netzwerktreffen f\u00fcr Selbst\u00e4ndige und Unternehmer an der Costa Blanca war ein\u2026\" \/>\n\t\t<meta name=\"twitter:image\" content=\"https:\/\/costablanca-magazin.com\/wp-content\/uploads\/2025\/05\/Netzwerktreffen-Denia-Kerstin-Kleine-Rahn-16.jpg\" \/>\n\t\t<script type=\"application\/ld+json\" class=\"aioseo-schema\">\n\t\t\t{\"@context\":\"https:\\\/\\\/schema.org\",\"@graph\":[{\"@type\":\"BreadcrumbList\",\"@id\":\"https:\\\/\\\/costablanca-magazin.com\\\/es\\\/lokales\\\/business-service\\\/gelungener-auftakt-fuer-unternehmer-netzwerk-costa-blanca\\\/#breadcrumblist\",\"itemListElement\":[{\"@type\":\"ListItem\",\"@id\":\"https:\\\/\\\/costablanca-magazin.com\\\/es#listItem\",\"position\":1,\"name\":\"Home\",\"item\":\"https:\\\/\\\/costablanca-magazin.com\\\/es\",\"nextItem\":{\"@type\":\"ListItem\",\"@id\":\"https:\\\/\\\/costablanca-magazin.com\\\/es\\\/local\\\/#listItem\",\"name\":\"Lokales\"}},{\"@type\":\"ListItem\",\"@id\":\"https:\\\/\\\/costablanca-magazin.com\\\/es\\\/local\\\/#listItem\",\"position\":2,\"name\":\"Lokales\",\"item\":\"https:\\\/\\\/costablanca-magazin.com\\\/es\\\/local\\\/\",\"nextItem\":{\"@type\":\"ListItem\",\"@id\":\"https:\\\/\\\/costablanca-magazin.com\\\/es\\\/servicio-empresarial\\\/#listItem\",\"name\":\"Business &amp; Service\"},\"previousItem\":{\"@type\":\"ListItem\",\"@id\":\"https:\\\/\\\/costablanca-magazin.com\\\/es#listItem\",\"name\":\"Home\"}},{\"@type\":\"ListItem\",\"@id\":\"https:\\\/\\\/costablanca-magazin.com\\\/es\\\/servicio-empresarial\\\/#listItem\",\"position\":3,\"name\":\"Business &amp; Service\",\"item\":\"https:\\\/\\\/costablanca-magazin.com\\\/es\\\/servicio-empresarial\\\/\",\"nextItem\":{\"@type\":\"ListItem\",\"@id\":\"https:\\\/\\\/costablanca-magazin.com\\\/es\\\/lokales\\\/business-service\\\/gelungener-auftakt-fuer-unternehmer-netzwerk-costa-blanca\\\/#listItem\",\"name\":\"Gelungener Auftakt f\\u00fcr Unternehmer- Costa Blanca netzwerk\"},\"previousItem\":{\"@type\":\"ListItem\",\"@id\":\"https:\\\/\\\/costablanca-magazin.com\\\/es\\\/local\\\/#listItem\",\"name\":\"Lokales\"}},{\"@type\":\"ListItem\",\"@id\":\"https:\\\/\\\/costablanca-magazin.com\\\/es\\\/lokales\\\/business-service\\\/gelungener-auftakt-fuer-unternehmer-netzwerk-costa-blanca\\\/#listItem\",\"position\":4,\"name\":\"Gelungener Auftakt f\\u00fcr Unternehmer- Costa Blanca netzwerk\",\"previousItem\":{\"@type\":\"ListItem\",\"@id\":\"https:\\\/\\\/costablanca-magazin.com\\\/es\\\/servicio-empresarial\\\/#listItem\",\"name\":\"Business &amp; Service\"}}]},{\"@type\":\"NewsArticle\",\"@id\":\"https:\\\/\\\/costablanca-magazin.com\\\/es\\\/lokales\\\/business-service\\\/gelungener-auftakt-fuer-unternehmer-netzwerk-costa-blanca\\\/#article\",\"name\":\"Gelungener Auftakt f\\u00fcr Unternehmer- Costa Blanca netzwerk\",\"headline\":\"Gelungener Auftakt f\\u00fcr Unternehmer- Costa Blanca netzwerk\",\"author\":{\"@id\":\"https:\\\/\\\/costablanca-magazin.com\\\/es\\\/author\\\/costablanca-magazin-redaktion\\\/#author\"},\"publisher\":{\"@id\":\"https:\\\/\\\/costablanca-magazin.com\\\/es\\\/#organization\"},\"image\":{\"@type\":\"ImageObject\",\"url\":\"https:\\\/\\\/costablanca-magazin.com\\\/wp-content\\\/uploads\\\/2025\\\/05\\\/Netzwerktreffen-Denia-Kerstin-Kleine-Rahn-16.jpg\",\"width\":1200,\"height\":900,\"caption\":\"Gelungener Auftakt f\\u00fcr Unternehmer- Costa Blanca netzwerk\"},\"datePublished\":\"2025-05-20T09:00:00+02:00\",\"dateModified\":\"2026-07-07T10:21:27+02:00\",\"inLanguage\":\"es-ES\",\"mainEntityOfPage\":{\"@id\":\"https:\\\/\\\/costablanca-magazin.com\\\/es\\\/lokales\\\/business-service\\\/gelungener-auftakt-fuer-unternehmer-netzwerk-costa-blanca\\\/#webpage\"},\"isPartOf\":{\"@id\":\"https:\\\/\\\/costablanca-magazin.com\\\/es\\\/lokales\\\/business-service\\\/gelungener-auftakt-fuer-unternehmer-netzwerk-costa-blanca\\\/#webpage\"},\"articleSection\":\"Business &amp; Service, Unternehmen Costa Blanca\"},{\"@type\":\"Person\",\"@id\":\"https:\\\/\\\/costablanca-magazin.com\\\/es\\\/author\\\/costablanca-magazin-redaktion\\\/#author\",\"url\":\"https:\\\/\\\/costablanca-magazin.com\\\/es\\\/author\\\/costablanca-magazin-redaktion\\\/\",\"name\":\"Costablanca Magazin Redaktion\"},{\"@type\":\"WebPage\",\"@id\":\"https:\\\/\\\/costablanca-magazin.com\\\/es\\\/lokales\\\/business-service\\\/gelungener-auftakt-fuer-unternehmer-netzwerk-costa-blanca\\\/#webpage\",\"url\":\"https:\\\/\\\/costablanca-magazin.com\\\/es\\\/lokales\\\/business-service\\\/gelungener-auftakt-fuer-unternehmer-netzwerk-costa-blanca\\\/\",\"name\":\"Gelungener Auftakt f\\u00fcr Unternehmer- Costa Blanca\\u2026\",\"description\":\"Volles Haus, inspirierende Gespr\\u00e4che und neue Kontakte \\u2013 das erste Netzwerktreffen f\\u00fcr Selbst\\u00e4ndige und Unternehmer an der Costa Blanca war ein\\u2026\",\"inLanguage\":\"es-ES\",\"isPartOf\":{\"@id\":\"https:\\\/\\\/costablanca-magazin.com\\\/es\\\/#website\"},\"breadcrumb\":{\"@id\":\"https:\\\/\\\/costablanca-magazin.com\\\/es\\\/lokales\\\/business-service\\\/gelungener-auftakt-fuer-unternehmer-netzwerk-costa-blanca\\\/#breadcrumblist\"},\"author\":{\"@id\":\"https:\\\/\\\/costablanca-magazin.com\\\/es\\\/author\\\/costablanca-magazin-redaktion\\\/#author\"},\"creator\":{\"@id\":\"https:\\\/\\\/costablanca-magazin.com\\\/es\\\/author\\\/costablanca-magazin-redaktion\\\/#author\"},\"image\":{\"@type\":\"ImageObject\",\"url\":\"https:\\\/\\\/costablanca-magazin.com\\\/wp-content\\\/uploads\\\/2025\\\/05\\\/Netzwerktreffen-Denia-Kerstin-Kleine-Rahn-16.jpg\",\"@id\":\"https:\\\/\\\/costablanca-magazin.com\\\/es\\\/lokales\\\/business-service\\\/gelungener-auftakt-fuer-unternehmer-netzwerk-costa-blanca\\\/#mainImage\",\"width\":1200,\"height\":900,\"caption\":\"Gelungener Auftakt f\\u00fcr Unternehmer- Costa Blanca netzwerk\"},\"primaryImageOfPage\":{\"@id\":\"https:\\\/\\\/costablanca-magazin.com\\\/es\\\/lokales\\\/business-service\\\/gelungener-auftakt-fuer-unternehmer-netzwerk-costa-blanca\\\/#mainImage\"},\"datePublished\":\"2025-05-20T09:00:00+02:00\",\"dateModified\":\"2026-07-07T10:21:27+02:00\",\"mainEntity\":{\"@id\":\"https:\\\/\\\/costablanca-magazin.com\\\/es\\\/lokales\\\/business-service\\\/gelungener-auftakt-fuer-unternehmer-netzwerk-costa-blanca\\\/#article\"}},{\"@type\":\"WebSite\",\"@id\":\"https:\\\/\\\/costablanca-magazin.com\\\/es\\\/#website\",\"url\":\"https:\\\/\\\/costablanca-magazin.com\\\/es\\\/\",\"name\":\"Costa Blanca Magazin\",\"description\":\"Costa Blanca - alles um das Leben und die Freizeit an der K\\u00fcste\",\"inLanguage\":\"es-ES\",\"publisher\":{\"@id\":\"https:\\\/\\\/costablanca-magazin.com\\\/es\\\/#organization\"},\"potentialAction\":{\"@type\":\"SearchAction\",\"target\":\"https:\\\/\\\/costablanca-magazin.com\\\/es\\\/?s={search_term_string}\",\"query-input\":\"required name=search_term_string\"}},{\"@type\":[\"Organization\",\"NewsMediaOrganization\"],\"@id\":\"https:\\\/\\\/costablanca-magazin.com\\\/es\\\/#organization\",\"name\":\"Costa Blanca Magazin\",\"description\":\"Costa Blanca Magazin\",\"url\":\"https:\\\/\\\/costablanca-magazin.com\\\/es\\\/\",\"email\":\"info@costablanca-magazin.com\",\"telephone\":\"+34 663 946 871\",\"logo\":{\"@type\":\"ImageObject\",\"url\":\"https:\\\/\\\/costablanca-magazin.com\\\/wp-content\\\/uploads\\\/2024\\\/05\\\/logo.jpg\",\"@id\":\"https:\\\/\\\/costablanca-magazin.com\\\/es\\\/lokales\\\/business-service\\\/gelungener-auftakt-fuer-unternehmer-netzwerk-costa-blanca\\\/#organizationLogo\",\"width\":1605,\"height\":236,\"caption\":\"Costa Blanca Magazin\"},\"image\":{\"@id\":\"https:\\\/\\\/costablanca-magazin.com\\\/es\\\/lokales\\\/business-service\\\/gelungener-auftakt-fuer-unternehmer-netzwerk-costa-blanca\\\/#organizationLogo\"},\"sameAs\":[\"https:\\\/\\\/www.facebook.com\\\/costablancalifestyle\\\/\",\"https:\\\/\\\/www.instagram.com\\\/costablancamagazin\\\/\"]}]}\n\t\t<\/script>\n\t\t<!-- All in One SEO Pro -->\r\n\t\t<title>Gelungener Auftakt f\u00fcr Unternehmer- Costa Blanca\u2026<\/title>\n\n","aioseo_head_json":{"title":"Comienzo con \u00e9xito para emprendedores - Costa Blanca...","description":"Una sala llena, debates inspiradores y nuevos contactos: la primera reuni\u00f3n de la red para aut\u00f3nomos y empresarios de la Costa Blanca fue un...","canonical_url":"https:\/\/costablanca-magazin.com\/es\/lokales\/business-service\/gelungener-auftakt-fuer-unternehmer-netzwerk-costa-blanca\/","robots":"max-snippet:-1, max-image-preview:large, max-video-preview:-1","keywords":"","webmasterTools":{"miscellaneous":""},"schema":{"@context":"https:\/\/schema.org","@graph":[{"@type":"BreadcrumbList","@id":"https:\/\/costablanca-magazin.com\/es\/lokales\/business-service\/gelungener-auftakt-fuer-unternehmer-netzwerk-costa-blanca\/#breadcrumblist","itemListElement":[{"@type":"ListItem","@id":"https:\/\/costablanca-magazin.com\/es#listItem","position":1,"name":"Home","item":"https:\/\/costablanca-magazin.com\/es","nextItem":{"@type":"ListItem","@id":"https:\/\/costablanca-magazin.com\/es\/local\/#listItem","name":"Lokales"}},{"@type":"ListItem","@id":"https:\/\/costablanca-magazin.com\/es\/local\/#listItem","position":2,"name":"Lokales","item":"https:\/\/costablanca-magazin.com\/es\/local\/","nextItem":{"@type":"ListItem","@id":"https:\/\/costablanca-magazin.com\/es\/servicio-empresarial\/#listItem","name":"Business &amp; Service"},"previousItem":{"@type":"ListItem","@id":"https:\/\/costablanca-magazin.com\/es#listItem","name":"Home"}},{"@type":"ListItem","@id":"https:\/\/costablanca-magazin.com\/es\/servicio-empresarial\/#listItem","position":3,"name":"Business &amp; Service","item":"https:\/\/costablanca-magazin.com\/es\/servicio-empresarial\/","nextItem":{"@type":"ListItem","@id":"https:\/\/costablanca-magazin.com\/es\/lokales\/business-service\/gelungener-auftakt-fuer-unternehmer-netzwerk-costa-blanca\/#listItem","name":"Gelungener Auftakt f\u00fcr Unternehmer- Costa Blanca netzwerk"},"previousItem":{"@type":"ListItem","@id":"https:\/\/costablanca-magazin.com\/es\/local\/#listItem","name":"Lokales"}},{"@type":"ListItem","@id":"https:\/\/costablanca-magazin.com\/es\/lokales\/business-service\/gelungener-auftakt-fuer-unternehmer-netzwerk-costa-blanca\/#listItem","position":4,"name":"Gelungener Auftakt f\u00fcr Unternehmer- Costa Blanca netzwerk","previousItem":{"@type":"ListItem","@id":"https:\/\/costablanca-magazin.com\/es\/servicio-empresarial\/#listItem","name":"Business &amp; Service"}}]},{"@type":"NewsArticle","@id":"https:\/\/costablanca-magazin.com\/es\/lokales\/business-service\/gelungener-auftakt-fuer-unternehmer-netzwerk-costa-blanca\/#article","name":"Gelungener Auftakt f\u00fcr Unternehmer- Costa Blanca netzwerk","headline":"Gelungener Auftakt f\u00fcr Unternehmer- Costa Blanca netzwerk","author":{"@id":"https:\/\/costablanca-magazin.com\/es\/author\/costablanca-magazin-redaktion\/#author"},"publisher":{"@id":"https:\/\/costablanca-magazin.com\/es\/#organization"},"image":{"@type":"ImageObject","url":"https:\/\/costablanca-magazin.com\/wp-content\/uploads\/2025\/05\/Netzwerktreffen-Denia-Kerstin-Kleine-Rahn-16.jpg","width":1200,"height":900,"caption":"Gelungener Auftakt f\u00fcr Unternehmer- Costa Blanca netzwerk"},"datePublished":"2025-05-20T09:00:00+02:00","dateModified":"2026-07-07T10:21:27+02:00","inLanguage":"es-ES","mainEntityOfPage":{"@id":"https:\/\/costablanca-magazin.com\/es\/lokales\/business-service\/gelungener-auftakt-fuer-unternehmer-netzwerk-costa-blanca\/#webpage"},"isPartOf":{"@id":"https:\/\/costablanca-magazin.com\/es\/lokales\/business-service\/gelungener-auftakt-fuer-unternehmer-netzwerk-costa-blanca\/#webpage"},"articleSection":"Business &amp; Service, Unternehmen Costa Blanca"},{"@type":"Person","@id":"https:\/\/costablanca-magazin.com\/es\/author\/costablanca-magazin-redaktion\/#author","url":"https:\/\/costablanca-magazin.com\/es\/author\/costablanca-magazin-redaktion\/","name":"Costablanca Magazin Redaktion"},{"@type":"WebPage","@id":"https:\/\/costablanca-magazin.com\/es\/lokales\/business-service\/gelungener-auftakt-fuer-unternehmer-netzwerk-costa-blanca\/#webpage","url":"https:\/\/costablanca-magazin.com\/es\/lokales\/business-service\/gelungener-auftakt-fuer-unternehmer-netzwerk-costa-blanca\/","name":"Gelungener Auftakt f\u00fcr Unternehmer- Costa Blanca\u2026","description":"Volles Haus, inspirierende Gespr\u00e4che und neue Kontakte \u2013 das erste Netzwerktreffen f\u00fcr Selbst\u00e4ndige und Unternehmer an der Costa Blanca war ein\u2026","inLanguage":"es-ES","isPartOf":{"@id":"https:\/\/costablanca-magazin.com\/es\/#website"},"breadcrumb":{"@id":"https:\/\/costablanca-magazin.com\/es\/lokales\/business-service\/gelungener-auftakt-fuer-unternehmer-netzwerk-costa-blanca\/#breadcrumblist"},"author":{"@id":"https:\/\/costablanca-magazin.com\/es\/author\/costablanca-magazin-redaktion\/#author"},"creator":{"@id":"https:\/\/costablanca-magazin.com\/es\/author\/costablanca-magazin-redaktion\/#author"},"image":{"@type":"ImageObject","url":"https:\/\/costablanca-magazin.com\/wp-content\/uploads\/2025\/05\/Netzwerktreffen-Denia-Kerstin-Kleine-Rahn-16.jpg","@id":"https:\/\/costablanca-magazin.com\/es\/lokales\/business-service\/gelungener-auftakt-fuer-unternehmer-netzwerk-costa-blanca\/#mainImage","width":1200,"height":900,"caption":"Gelungener Auftakt f\u00fcr Unternehmer- Costa Blanca netzwerk"},"primaryImageOfPage":{"@id":"https:\/\/costablanca-magazin.com\/es\/lokales\/business-service\/gelungener-auftakt-fuer-unternehmer-netzwerk-costa-blanca\/#mainImage"},"datePublished":"2025-05-20T09:00:00+02:00","dateModified":"2026-07-07T10:21:27+02:00","mainEntity":{"@id":"https:\/\/costablanca-magazin.com\/es\/lokales\/business-service\/gelungener-auftakt-fuer-unternehmer-netzwerk-costa-blanca\/#article"}},{"@type":"WebSite","@id":"https:\/\/costablanca-magazin.com\/es\/#website","url":"https:\/\/costablanca-magazin.com\/es\/","name":"Costa Blanca Magazin","description":"Costa Blanca - alles um das Leben und die Freizeit an der K\u00fcste","inLanguage":"es-ES","publisher":{"@id":"https:\/\/costablanca-magazin.com\/es\/#organization"},"potentialAction":{"@type":"SearchAction","target":"https:\/\/costablanca-magazin.com\/es\/?s={search_term_string}","query-input":"required name=search_term_string"}},{"@type":["Organization","NewsMediaOrganization"],"@id":"https:\/\/costablanca-magazin.com\/es\/#organization","name":"Costa Blanca Magazin","description":"Costa Blanca Magazin","url":"https:\/\/costablanca-magazin.com\/es\/","email":"info@costablanca-magazin.com","telephone":"+34 663 946 871","logo":{"@type":"ImageObject","url":"https:\/\/costablanca-magazin.com\/wp-content\/uploads\/2024\/05\/logo.jpg","@id":"https:\/\/costablanca-magazin.com\/es\/lokales\/business-service\/gelungener-auftakt-fuer-unternehmer-netzwerk-costa-blanca\/#organizationLogo","width":1605,"height":236,"caption":"Costa Blanca Magazin"},"image":{"@id":"https:\/\/costablanca-magazin.com\/es\/lokales\/business-service\/gelungener-auftakt-fuer-unternehmer-netzwerk-costa-blanca\/#organizationLogo"},"sameAs":["https:\/\/www.facebook.com\/costablancalifestyle\/","https:\/\/www.instagram.com\/costablancamagazin\/"]}]},"og:locale":"es_ES","og:site_name":"Costa Blanca Magazin","og:type":"article","og:title":"Gelungener Auftakt f\u00fcr Unternehmer- Costa Blanca\u2026","og:description":"Volles Haus, inspirierende Gespr\u00e4che und neue Kontakte \u2013 das erste Netzwerktreffen f\u00fcr Selbst\u00e4ndige und Unternehmer an der Costa Blanca war ein\u2026","og:url":"https:\/\/costablanca-magazin.com\/es\/lokales\/business-service\/gelungener-auftakt-fuer-unternehmer-netzwerk-costa-blanca\/","og:image":"https:\/\/costablanca-magazin.com\/wp-content\/uploads\/2025\/05\/Netzwerktreffen-Denia-Kerstin-Kleine-Rahn-16.jpg","og:image:secure_url":"https:\/\/costablanca-magazin.com\/wp-content\/uploads\/2025\/05\/Netzwerktreffen-Denia-Kerstin-Kleine-Rahn-16.jpg","og:image:width":1200,"og:image:height":900,"article:published_time":"2025-05-20T07:00:00+00:00","article:modified_time":"2026-07-07T08:21:27+00:00","article:publisher":"https:\/\/www.facebook.com\/costablancalifestyle\/","twitter:card":"summary_large_image","twitter:title":"Gelungener Auftakt f\u00fcr Unternehmer- Costa Blanca\u2026","twitter:description":"Volles Haus, inspirierende Gespr\u00e4che und neue Kontakte \u2013 das erste Netzwerktreffen f\u00fcr Selbst\u00e4ndige und Unternehmer an der Costa Blanca war ein\u2026","twitter:image":"https:\/\/costablanca-magazin.com\/wp-content\/uploads\/2025\/05\/Netzwerktreffen-Denia-Kerstin-Kleine-Rahn-16.jpg"},"aioseo_meta_data":{"post_id":"6907","title":"Comienzo con \u00e9xito para emprendedores - Costa Blanca...","description":"Una sala llena, debates inspiradores y nuevos contactos: la primera reuni\u00f3n de la red para aut\u00f3nomos y empresarios de la Costa Blanca fue un...","keywords":null,"keyphrases":{"focus":[],"additional":[]},"primary_term":null,"canonical_url":null,"og_title":null,"og_description":null,"og_object_type":"default","og_image_type":"default","og_image_url":null,"og_image_width":null,"og_image_height":null,"og_image_custom_url":null,"og_image_custom_fields":null,"og_video":"","og_custom_url":null,"og_article_section":null,"og_article_tags":null,"twitter_use_og":false,"twitter_card":"default","twitter_image_type":"default","twitter_image_url":null,"twitter_image_custom_url":null,"twitter_image_custom_fields":null,"twitter_title":null,"twitter_description":null,"schema":{"blockGraphs":[],"customGraphs":[],"default":{"data":{"Article":[],"Course":[],"Dataset":[],"FAQPage":[],"Movie":[],"Person":[],"Product":[],"ProductReview":[],"Car":[],"Recipe":[],"Service":[],"SoftwareApplication":[],"WebPage":[]},"graphName":"BlogPosting","isEnabled":true},"graphs":[]},"schema_type":"default","schema_type_options":null,"pillar_content":false,"robots_default":true,"robots_noindex":false,"robots_noarchive":false,"robots_nosnippet":false,"robots_nofollow":false,"robots_noimageindex":false,"robots_noodp":false,"robots_notranslate":false,"robots_max_snippet":"-1","robots_max_videopreview":"-1","robots_max_imagepreview":"large","priority":null,"frequency":"default","local_seo":null,"seo_analyzer_scan_date":"2026-07-07 08:23:41","breadcrumb_settings":null,"limit_modified_date":false,"reviewed_by":null,"open_ai":null,"ai":{"faqs":[],"keyPoints":[],"titles":[],"descriptions":[],"socialPosts":{"email":[],"linkedin":[],"twitter":[],"facebook":[],"instagram":[]}},"created":"2025-05-19 13:11:05","updated":"2026-08-10 07:29:58","focus_keyword":null,"additional_keywords":null,"truseo_locale":null},"aioseo_breadcrumb":"<div class=\"aioseo-breadcrumbs\"><span class=\"aioseo-breadcrumb\">\n\t<a href=\"https:\/\/costablanca-magazin.com\/es\" title=\"Home\">Home<\/a>\n<\/span><span class=\"aioseo-breadcrumb-separator\">&raquo;<\/span><span class=\"aioseo-breadcrumb\">\n\t<a href=\"https:\/\/costablanca-magazin.com\/es\/local\/\" title=\"Lokales\">Lokales<\/a>\n<\/span><span class=\"aioseo-breadcrumb-separator\">&raquo;<\/span><span class=\"aioseo-breadcrumb\">\n\t<a href=\"https:\/\/costablanca-magazin.com\/es\/servicio-empresarial\/\" title=\"Business &amp; Service\">Business &amp; Service<\/a>\n<\/span><span class=\"aioseo-breadcrumb-separator\">&raquo;<\/span><span class=\"aioseo-breadcrumb\">\n\tGelungener Auftakt f\u00fcr Unternehmer- Costa Blanca netzwerk\n<\/span><\/div>","aioseo_breadcrumb_json":[{"label":"Home","link":"https:\/\/costablanca-magazin.com\/es"},{"label":"Lokales","link":"https:\/\/costablanca-magazin.com\/es\/local\/"},{"label":"Business &amp; Service","link":"https:\/\/costablanca-magazin.com\/es\/servicio-empresarial\/"},{"label":"Gelungener Auftakt f\u00fcr Unternehmer- Costa Blanca netzwerk","link":"https:\/\/costablanca-magazin.com\/es\/lokales\/business-service\/gelungener-auftakt-fuer-unternehmer-netzwerk-costa-blanca\/"}],"_links":{"self":[{"href":"https:\/\/costablanca-magazin.com\/es\/wp-json\/wp\/v2\/posts\/6907","targetHints":{"allow":["GET"]}}],"collection":[{"href":"https:\/\/costablanca-magazin.com\/es\/wp-json\/wp\/v2\/posts"}],"about":[{"href":"https:\/\/costablanca-magazin.com\/es\/wp-json\/wp\/v2\/types\/post"}],"author":[{"embeddable":true,"href":"https:\/\/costablanca-magazin.com\/es\/wp-json\/wp\/v2\/users\/4"}],"replies":[{"embeddable":true,"href":"https:\/\/costablanca-magazin.com\/es\/wp-json\/wp\/v2\/comments?post=6907"}],"version-history":[{"count":7,"href":"https:\/\/costablanca-magazin.com\/es\/wp-json\/wp\/v2\/posts\/6907\/revisions"}],"predecessor-version":[{"id":11123,"href":"https:\/\/costablanca-magazin.com\/es\/wp-json\/wp\/v2\/posts\/6907\/revisions\/11123"}],"wp:featuredmedia":[{"embeddable":true,"href":"https:\/\/costablanca-magazin.com\/es\/wp-json\/wp\/v2\/media\/6937"}],"wp:attachment":[{"href":"https:\/\/costablanca-magazin.com\/es\/wp-json\/wp\/v2\/media?parent=6907"}],"wp:term":[{"taxonomy":"category","embeddable":true,"href":"https:\/\/costablanca-magazin.com\/es\/wp-json\/wp\/v2\/categories?post=6907"},{"taxonomy":"post_tag","embeddable":true,"href":"https:\/\/costablanca-magazin.com\/es\/wp-json\/wp\/v2\/tags?post=6907"}],"curies":[{"name":"wp","href":"https:\/\/api.w.org\/{rel}","templated":true}]}}