{"id":6739,"date":"2025-05-15T13:59:12","date_gmt":"2025-05-15T11:59:12","guid":{"rendered":"https:\/\/costablanca-magazin.com\/?p=6739"},"modified":"2025-11-14T22:54:27","modified_gmt":"2025-11-14T21:54:27","slug":"mayo-y-junio-en-la-costa-blanca-vive-los-mejores-eventos","status":"publish","type":"post","link":"https:\/\/costablanca-magazin.com\/es\/freizeit\/veranstaltungen-events\/mai-juni-an-der-costa-blanca-top-events-erleben\/","title":{"rendered":"Mayo y junio en la Costa Blanca: viva los mejores eventos"},"content":{"rendered":"<div data-elementor-type=\"wp-post\" data-elementor-id=\"6739\" class=\"elementor elementor-6739\" data-elementor-post-type=\"post\">\n\t\t\t\t<div class=\"elementor-element elementor-element-7942533 e-flex e-con-boxed e-con e-parent\" data-id=\"7942533\" data-element_type=\"container\" data-e-type=\"container\">\n\t\t\t\t\t<div class=\"e-con-inner\">\n\t\t\t\t<div class=\"elementor-element elementor-element-c140eb7 elementor-widget elementor-widget-heading\" data-id=\"c140eb7\" data-element_type=\"widget\" data-e-type=\"widget\" data-widget_type=\"heading.default\">\n\t\t\t\t<div class=\"elementor-widget-container\">\n\t\t\t\t\t<h1 class=\"elementor-heading-title elementor-size-default\">Mayo y junio en la Costa Blanca: viva los mejores eventos<\/h1>\t\t\t\t<\/div>\n\t\t\t\t<\/div>\n\t\t\t\t<div class=\"elementor-element elementor-element-2b4d922 elementor-widget elementor-widget-image\" data-id=\"2b4d922\" data-element_type=\"widget\" data-e-type=\"widget\" data-widget_type=\"image.default\">\n\t\t\t\t<div class=\"elementor-widget-container\">\n\t\t\t\t\t\t\t\t\t\t\t\t\t\t\t<img decoding=\"async\" src=\"https:\/\/costablanca-magazin.com\/wp-content\/uploads\/elementor\/thumbs\/heart-shaped-hands-at-concert-music-concert-with-2023-11-27-05-35-30-utc-scaled-rjc7us73v8fyqf7azwz11x66soet4775mhijidzcm8.jpg\" title=\"Consejos para eventos Costa Blanca\" alt=\"Consejos para eventos Costa Blanca\" loading=\"lazy\" \/>\t\t\t\t\t\t\t\t\t\t\t\t\t\t\t<\/div>\n\t\t\t\t<\/div>\n\t\t\t\t<div class=\"elementor-element elementor-element-a8a4bb1 elementor-widget elementor-widget-heading\" data-id=\"a8a4bb1\" data-element_type=\"widget\" data-e-type=\"widget\" data-widget_type=\"heading.default\">\n\t\t\t\t<div class=\"elementor-widget-container\">\n\t\t\t\t\t<h2 class=\"elementor-heading-title elementor-size-default\">Desde apasionantes exposiciones a emocionantes conciertos y extraordinarios festivales, este mes de mayo tiene algo para todos los gustos.<\/h2>\t\t\t\t<\/div>\n\t\t\t\t<\/div>\n\t\t\t\t<div class=\"elementor-element elementor-element-24d74d8 elementor-widget elementor-widget-text-editor\" data-id=\"24d74d8\" data-element_type=\"widget\" data-e-type=\"widget\" data-widget_type=\"text-editor.default\">\n\t\t\t\t<div class=\"elementor-widget-container\">\n\t\t\t\t\t\t\t\t\t<p>Es el mes en el que la regi\u00f3n cobra vida con una colorida mezcla de fiestas locales, eventos comunitarios y ofertas culturales. Tanto si lleva tiempo viviendo aqu\u00ed como si acaba de llegar, mayo le ofrece la oportunidad perfecta para descubrir la verdadera alma de la Costa Blanca y participar en los eventos que hacen que la vida aqu\u00ed sea tan especial. D\u00e9jese inspirar por las emocionantes actividades que revelan nuevas facetas de la regi\u00f3n, incluso para los residentes de toda la vida.<\/p>\t\t\t\t\t\t\t\t<\/div>\n\t\t\t\t<\/div>\n\t\t\t\t\t<\/div>\n\t\t\t\t<\/div>\n\t\t<div class=\"elementor-element elementor-element-a97adbb e-flex e-con-boxed e-con e-parent\" data-id=\"a97adbb\" data-element_type=\"container\" data-e-type=\"container\">\n\t\t\t\t\t<div class=\"e-con-inner\">\n\t\t\t\t<div class=\"elementor-element elementor-element-36ef138 elementor-widget-divider--separator-type-pattern elementor-widget-divider--view-line elementor-widget elementor-widget-divider\" data-id=\"36ef138\" data-element_type=\"widget\" data-e-type=\"widget\" data-widget_type=\"divider.default\">\n\t\t\t\t<div class=\"elementor-widget-container\">\n\t\t\t\t\t\t\t<div class=\"elementor-divider\" style=\"--divider-pattern-url: url(&quot;data:image\/svg+xml,%3Csvg xmlns=&#039;http:\/\/www.w3.org\/2000\/svg&#039; preserveAspectRatio=&#039;none&#039; overflow=&#039;visible&#039; height=&#039;100%&#039; viewBox=&#039;0 0 24 24&#039; fill=&#039;none&#039; stroke=&#039;black&#039; stroke-width=&#039;1.5&#039; stroke-linecap=&#039;square&#039; stroke-miterlimit=&#039;10&#039;%3E%3Cpath d=&#039;M0,21c3.3,0,8.3-0.9,15.7-7.1c6.6-5.4,4.4-9.3,2.4-10.3c-3.4-1.8-7.7,1.3-7.3,8.8C11.2,20,17.1,21,24,21&#039;\/%3E%3C\/svg%3E&quot;);\">\n\t\t\t<span class=\"elementor-divider-separator\">\n\t\t\t\t\t\t<\/span>\n\t\t<\/div>\n\t\t\t\t\t\t<\/div>\n\t\t\t\t<\/div>\n\t\t\t\t\t<\/div>\n\t\t\t\t<\/div>\n\t\t<div class=\"elementor-element elementor-element-ad4fec2 e-flex e-con-boxed e-con e-parent\" data-id=\"ad4fec2\" data-element_type=\"container\" data-e-type=\"container\">\n\t\t\t\t\t<div class=\"e-con-inner\">\n\t\t<div class=\"elementor-element elementor-element-6262bae e-con-full e-flex e-con e-child\" data-id=\"6262bae\" data-element_type=\"container\" data-e-type=\"container\">\n\t\t\t\t<div class=\"elementor-element elementor-element-dc6bd6b elementor-widget elementor-widget-heading\" data-id=\"dc6bd6b\" data-element_type=\"widget\" data-e-type=\"widget\" data-widget_type=\"heading.default\">\n\t\t\t\t<div class=\"elementor-widget-container\">\n\t\t\t\t\t<h3 class=\"elementor-heading-title elementor-size-default\">Calpe\n<\/h3>\t\t\t\t<\/div>\n\t\t\t\t<\/div>\n\t\t\t\t<div class=\"elementor-element elementor-element-ebbae41 elementor-widget elementor-widget-text-editor\" data-id=\"ebbae41\" data-element_type=\"widget\" data-e-type=\"widget\" data-widget_type=\"text-editor.default\">\n\t\t\t\t<div class=\"elementor-widget-container\">\n\t\t\t\t\t\t\t\t\t<p>15 de mayo, 20:00 - Teatro \u201eLis\u00edstrata\u201c, Auditorio Casa de Cultura<br \/>15 de mayo, 20:00 - XIII Festival Internacional de M\u00fasica: D\u00fao Pollice, Sal\u00f3 Blau<br \/>- a partir de las 19:00: Recepci\u00f3n en el vest\u00edbulo | Reserva: info@pal-music.com<br \/>22 de mayo, 20:00 - Presentaci\u00f3n del libro \u201eMorent\u201c de Jos\u00e9 Lu\u00eds Luri, Sal\u00f3 Blau<br \/>24 de mayo, 19:30 - Concierto de la Uni\u00f3n Musical Calp-Ifach, Auditorio Casa de Cultura<br \/>29 de mayo, 19:30 - Presentaci\u00f3n del libro \u201eC\u00f3mo cultivar la salud\u201c de Tom\u00e1s Morales, Sal\u00f3 Blau<br \/>29 de mayo - 1 de junio - Splash Kizomba Festival 2025, Hotel Bah\u00eda Calpe - Info &amp; Reservas: <a href=\"https:\/\/www.lasalsadelbaile.com\/splashkizombafestival\" target=\"_blank\" rel=\"noopener\">www.lasalsadelbaile.com\/splashkizombafestival<\/a><br \/>Hasta el 30 de mayo, 20:00 - Festival de Piano 2025, Auditorio Casa de la Cultura<br \/>31 de mayo, 20:00 - Concierto \u201eCantante Abril\u201c, Auditorio Municipal<br \/>02-29 Junio - Exposici\u00f3n \u201eA flor de piel\u201c de Noelia Lillo, Ajuntament Vell - Horario: 10-14h &amp; 16:30-19h<br \/>07 de junio, 20:00 - Espect\u00e1culo de danza \u201eRememorando\u201c de Solera Art\u00edstica, Auditorio Casa de la Cultura<br \/>07, 14, 21, 28 de junio, 18:30 - Visitas guiadas al casco antiguo de Calp - Inscripci\u00f3n: oficinas de turismo, tel. 965 83 69 20 \/ turismo@ajcalp.es<br \/>14 de junio, 21:00 - Teatro \u201ePaco y Mayte en Calpe\u201c, Auditorio Casa de la Cultura<\/p>\t\t\t\t\t\t\t\t<\/div>\n\t\t\t\t<\/div>\n\t\t\t\t<div class=\"elementor-element elementor-element-07e91d1 elementor-widget elementor-widget-heading\" data-id=\"07e91d1\" data-element_type=\"widget\" data-e-type=\"widget\" data-widget_type=\"heading.default\">\n\t\t\t\t<div class=\"elementor-widget-container\">\n\t\t\t\t\t<h3 class=\"elementor-heading-title elementor-size-default\">Altea<\/h3>\t\t\t\t<\/div>\n\t\t\t\t<\/div>\n\t\t\t\t<div class=\"elementor-element elementor-element-0b8e7fb elementor-widget elementor-widget-text-editor\" data-id=\"0b8e7fb\" data-element_type=\"widget\" data-e-type=\"widget\" data-widget_type=\"text-editor.default\">\n\t\t\t\t<div class=\"elementor-widget-container\">\n\t\t\t\t\t\t\t\t\t<p>16-18 de mayo - VIII. Concurso de fotograf\u00eda \u201eVila d'Altea\u201c, Casa de Cultura<br \/>Inicio: 16 de mayo, 20:00 horas | Fin: 18 de mayo, 13:00 horas Dotaci\u00f3n: 1.100 euros | Inscripci\u00f3n: <a href=\"https:\/\/alteacultural.com\/ralli\" target=\"_blank\" rel=\"noopener\">alteacultural.com\/ralli<\/a><br \/>20 de mayo - \u201eEncontes 2025\u201c fiesta del pijama de peluches en las bibliotecas de Altea y Altea la Vella - se pueden traer peluches durante el d\u00eda; aventura nocturna para los peluches.<br \/>Todos los d\u00edas hasta el 25 de mayo - 17\u00ba Mercado de intercambio de libros de cuentos \u201eCuentos que alimentan\u201c, Casa de Cultura<br \/>- 1 kg de alimentos no perecederos = 1 libro de cuentos (en horario de apertura)<br \/>22\u00ba Festival de Cuentos \u201eEncontes\u201c Pla\u00e7a de l'Aigua, Altea<\/p><ul><li>21 de mayo - 18:00: \u201eEl cuento del lobo y los patos\u201c (en valenciano)<br \/>- 21:00: \u201eRealidad distra\u00edda\u201c (espa\u00f1ol)<\/li><li>22 de mayo - 18:00: \u201eAbeceando\u201c con Nieves &amp; Dani<br \/>- 21:00: \u201eValor de rap\u201c<\/li><li>23 de mayo - 11.00 horas: \u201eHistorias <br \/>para personas mayores\u201c.\u201c<br \/>- 18:00: \u201eLa calabaza viajera y otras historias de Asia\u201c<br \/>- 21:00: \u201eLa abominable dama y otras historias de mujeres\u201c<\/li><li>24 de mayo - 18:00: Programa familiar \u201eLos cuernos de Cucarell y otras historias de demonios\u201c<br \/>- 21:00: \u201eLa noche de las patas de ara\u00f1a\u201c<\/li><li>25 de mayo - Clausura del Festival - 18:00: \u201eHistorias de mi pueblo - marat\u00f3n de cuentacuentos\u201c con ciudadanos de Altea<br \/>- 19:00: Acto de clausura \u201ePuentes giratorios\u201c.\u201c<\/li><\/ul>\t\t\t\t\t\t\t\t<\/div>\n\t\t\t\t<\/div>\n\t\t\t\t<div class=\"elementor-element elementor-element-159e337 elementor-widget elementor-widget-heading\" data-id=\"159e337\" data-element_type=\"widget\" data-e-type=\"widget\" data-widget_type=\"heading.default\">\n\t\t\t\t<div class=\"elementor-widget-container\">\n\t\t\t\t\t<h3 class=\"elementor-heading-title elementor-size-default\">La Vilajoiosa<\/h3>\t\t\t\t<\/div>\n\t\t\t\t<\/div>\n\t\t\t\t<div class=\"elementor-element elementor-element-c39f49b elementor-widget elementor-widget-text-editor\" data-id=\"c39f49b\" data-element_type=\"widget\" data-e-type=\"widget\" data-widget_type=\"text-editor.default\">\n\t\t\t\t<div class=\"elementor-widget-container\">\n\t\t\t\t\t\t\t\t\t<p>Hasta el 16 de mayo - Exposici\u00f3n \u201eDestrenzando realidades\u201c, Espai d'Art Contemporani La Barbera<br \/>- Abierto: De lunes a viernes por la ma\u00f1ana y de lunes a jueves por la noche<br \/>Hasta el 25 de mayo - II Concurso de arte callejero La Vila Joiosa<br \/>- Condiciones de participaci\u00f3n: joventud@villajoyosa.es<br \/>Hasta el 30 de mayo - proyecto art\u00edstico \u201eEls col-les dels colors\u201c, Pla\u00e7a de les Moreres<br \/>- Con escolares y la artista \u00c1ngela Gordero | parte de Cultura Pasito a Pasito<br \/>17 de mayo - Concierto de la Big Band del Ateneu Musical, Teatre Auditori<br \/>18 de mayo, 19:00 - Pieza de danza \u201eQuimera\u201c, C\u00eda. A3 Danza, Teatre Auditori<br \/>23 de mayo - 15 de agosto - Exposici\u00f3n \u201eGeometr\u00eda y color\u201c de Vicente Rubio Tarifa, La Barbera<br \/>24 de mayo, 17:30 - Concierto final del XIII Concurso de Tuba, Teatre Auditori<br \/>25 de mayo, 12:00 - Teatro infantil \u201eLos colores de Zoe\u201c, Auditori Barbera dels Aragon\u00e9s<br \/>31 de mayo, 19:30 - Concierto Tr\u00edo Do\u00f1a Manteca (m\u00fasica latinoamericana), Teatre Auditori<br \/>7 de junio, 20:00 - Documental \u201eKIBOKO\u201c, Auditorio del Centro Social<br \/>- Organizador: Asociaci\u00f3n Vila-Diversitat<br \/>14 de junio, 19:30 - Espect\u00e1culo musical \u201eABBA LIVE TV\u201c, Teatre Auditori<br \/>15 de junio, 20:00 - Doble evento:<br \/>- Orquestra de Pols i Pua del Ateneu Musical, Auditori del Centre Social<br \/>- Concierto de intercambio de la Agrupaci\u00f3 Musical Mediterraneo, Teatre Auditori<\/p>\t\t\t\t\t\t\t\t<\/div>\n\t\t\t\t<\/div>\n\t\t\t\t<\/div>\n\t\t<div class=\"elementor-element elementor-element-5e94c1d e-con-full e-flex e-con e-child\" data-id=\"5e94c1d\" data-element_type=\"container\" data-e-type=\"container\">\n\t\t\t\t<div class=\"elementor-element elementor-element-0d5773e elementor-widget elementor-widget-spacer\" data-id=\"0d5773e\" data-element_type=\"widget\" data-e-type=\"widget\" data-widget_type=\"spacer.default\">\n\t\t\t\t<div class=\"elementor-widget-container\">\n\t\t\t\t\t\t\t<div class=\"elementor-spacer\">\n\t\t\t<div class=\"elementor-spacer-inner\"><\/div>\n\t\t<\/div>\n\t\t\t\t\t\t<\/div>\n\t\t\t\t<\/div>\n\t\t\t\t<div class=\"elementor-element elementor-element-b776c06 elementor-widget elementor-widget-image\" data-id=\"b776c06\" data-element_type=\"widget\" data-e-type=\"widget\" data-widget_type=\"image.default\">\n\t\t\t\t<div class=\"elementor-widget-container\">\n\t\t\t\t\t\t\t\t\t\t\t\t\t\t\t<img fetchpriority=\"high\" decoding=\"async\" width=\"724\" height=\"1024\" src=\"https:\/\/costablanca-magazin.com\/wp-content\/uploads\/2025\/05\/Splash-2025-Calpe-724x1024.jpg\" class=\"attachment-large size-large wp-image-6768\" alt=\"Splash 2025 Calpe\" srcset=\"https:\/\/costablanca-magazin.com\/wp-content\/uploads\/2025\/05\/Splash-2025-Calpe-724x1024.jpg 724w, https:\/\/costablanca-magazin.com\/wp-content\/uploads\/2025\/05\/Splash-2025-Calpe-212x300.jpg 212w, https:\/\/costablanca-magazin.com\/wp-content\/uploads\/2025\/05\/Splash-2025-Calpe-768x1087.jpg 768w, https:\/\/costablanca-magazin.com\/wp-content\/uploads\/2025\/05\/Splash-2025-Calpe.jpg 848w\" sizes=\"(max-width: 724px) 100vw, 724px\" \/>\t\t\t\t\t\t\t\t\t\t\t\t\t\t\t<\/div>\n\t\t\t\t<\/div>\n\t\t\t\t<div class=\"elementor-element elementor-element-f9792d1 elementor-widget elementor-widget-image\" data-id=\"f9792d1\" data-element_type=\"widget\" data-e-type=\"widget\" data-widget_type=\"image.default\">\n\t\t\t\t<div class=\"elementor-widget-container\">\n\t\t\t\t\t\t\t\t\t\t\t\t\t\t\t<img decoding=\"async\" width=\"849\" height=\"1200\" src=\"https:\/\/costablanca-magazin.com\/wp-content\/uploads\/2025\/05\/Villajoyosa-Quimera-Kopie.jpg\" class=\"attachment-full size-full wp-image-6771\" alt=\"Villajoyosa Quimera\" srcset=\"https:\/\/costablanca-magazin.com\/wp-content\/uploads\/2025\/05\/Villajoyosa-Quimera-Kopie.jpg 849w, https:\/\/costablanca-magazin.com\/wp-content\/uploads\/2025\/05\/Villajoyosa-Quimera-Kopie-212x300.jpg 212w, https:\/\/costablanca-magazin.com\/wp-content\/uploads\/2025\/05\/Villajoyosa-Quimera-Kopie-724x1024.jpg 724w, https:\/\/costablanca-magazin.com\/wp-content\/uploads\/2025\/05\/Villajoyosa-Quimera-Kopie-768x1086.jpg 768w\" sizes=\"(max-width: 849px) 100vw, 849px\" \/>\t\t\t\t\t\t\t\t\t\t\t\t\t\t\t<\/div>\n\t\t\t\t<\/div>\n\t\t\t\t<div class=\"elementor-element elementor-element-1695604 elementor-widget__width-initial elementor-widget elementor-widget-image\" data-id=\"1695604\" data-element_type=\"widget\" data-e-type=\"widget\" data-widget_type=\"image.default\">\n\t\t\t\t<div class=\"elementor-widget-container\">\n\t\t\t\t\t\t\t\t\t\t\t\t\t\t\t<img decoding=\"async\" width=\"816\" height=\"1200\" src=\"https:\/\/costablanca-magazin.com\/wp-content\/uploads\/2025\/05\/Morent-Calpe.jpg\" class=\"attachment-1536x1536 size-1536x1536 wp-image-6759\" alt=\"Morent Calpe\" srcset=\"https:\/\/costablanca-magazin.com\/wp-content\/uploads\/2025\/05\/Morent-Calpe.jpg 816w, https:\/\/costablanca-magazin.com\/wp-content\/uploads\/2025\/05\/Morent-Calpe-204x300.jpg 204w, https:\/\/costablanca-magazin.com\/wp-content\/uploads\/2025\/05\/Morent-Calpe-696x1024.jpg 696w, https:\/\/costablanca-magazin.com\/wp-content\/uploads\/2025\/05\/Morent-Calpe-768x1129.jpg 768w\" sizes=\"(max-width: 816px) 100vw, 816px\" \/>\t\t\t\t\t\t\t\t\t\t\t\t\t\t\t<\/div>\n\t\t\t\t<\/div>\n\t\t\t\t<\/div>\n\t\t<div class=\"elementor-element elementor-element-0c4dede e-con-full e-flex e-con e-child\" data-id=\"0c4dede\" data-element_type=\"container\" data-e-type=\"container\">\n\t\t\t\t<div class=\"elementor-element elementor-element-e6540a6 elementor-widget elementor-widget-spacer\" data-id=\"e6540a6\" data-element_type=\"widget\" data-e-type=\"widget\" data-widget_type=\"spacer.default\">\n\t\t\t\t<div class=\"elementor-widget-container\">\n\t\t\t\t\t\t\t<div class=\"elementor-spacer\">\n\t\t\t<div class=\"elementor-spacer-inner\"><\/div>\n\t\t<\/div>\n\t\t\t\t\t\t<\/div>\n\t\t\t\t<\/div>\n\t\t\t\t<div class=\"elementor-element elementor-element-ddbf492 elementor-widget__width-initial elementor-widget elementor-widget-image\" data-id=\"ddbf492\" data-element_type=\"widget\" data-e-type=\"widget\" data-widget_type=\"image.default\">\n\t\t\t\t<div class=\"elementor-widget-container\">\n\t\t\t\t\t\t\t\t\t\t\t\t\t\t\t<img loading=\"lazy\" decoding=\"async\" width=\"848\" height=\"1200\" src=\"https:\/\/costablanca-magazin.com\/wp-content\/uploads\/2025\/05\/Concierto-Abril-Calpe.jpg\" class=\"attachment-1536x1536 size-1536x1536 wp-image-6744\" alt=\"Concierto Abril Calpe\" srcset=\"https:\/\/costablanca-magazin.com\/wp-content\/uploads\/2025\/05\/Concierto-Abril-Calpe.jpg 848w, https:\/\/costablanca-magazin.com\/wp-content\/uploads\/2025\/05\/Concierto-Abril-Calpe-212x300.jpg 212w, https:\/\/costablanca-magazin.com\/wp-content\/uploads\/2025\/05\/Concierto-Abril-Calpe-724x1024.jpg 724w, https:\/\/costablanca-magazin.com\/wp-content\/uploads\/2025\/05\/Concierto-Abril-Calpe-768x1087.jpg 768w\" sizes=\"(max-width: 848px) 100vw, 848px\" \/>\t\t\t\t\t\t\t\t\t\t\t\t\t\t\t<\/div>\n\t\t\t\t<\/div>\n\t\t\t\t<div class=\"elementor-element elementor-element-c3c3225 elementor-widget elementor-widget-image\" data-id=\"c3c3225\" data-element_type=\"widget\" data-e-type=\"widget\" data-widget_type=\"image.default\">\n\t\t\t\t<div class=\"elementor-widget-container\">\n\t\t\t\t\t\t\t\t\t\t\t\t\t\t\t<img loading=\"lazy\" decoding=\"async\" width=\"960\" height=\"1200\" src=\"https:\/\/costablanca-magazin.com\/wp-content\/uploads\/2025\/05\/Dncing-ABBA-Teulada-Moraira.jpg\" class=\"attachment-full size-full wp-image-6749\" alt=\"Dncing ABBA Teulada Moraira\" srcset=\"https:\/\/costablanca-magazin.com\/wp-content\/uploads\/2025\/05\/Dncing-ABBA-Teulada-Moraira.jpg 960w, https:\/\/costablanca-magazin.com\/wp-content\/uploads\/2025\/05\/Dncing-ABBA-Teulada-Moraira-240x300.jpg 240w, https:\/\/costablanca-magazin.com\/wp-content\/uploads\/2025\/05\/Dncing-ABBA-Teulada-Moraira-819x1024.jpg 819w, https:\/\/costablanca-magazin.com\/wp-content\/uploads\/2025\/05\/Dncing-ABBA-Teulada-Moraira-768x960.jpg 768w\" sizes=\"(max-width: 960px) 100vw, 960px\" \/>\t\t\t\t\t\t\t\t\t\t\t\t\t\t\t<\/div>\n\t\t\t\t<\/div>\n\t\t\t\t<div class=\"elementor-element elementor-element-287c908 elementor-widget elementor-widget-image\" data-id=\"287c908\" data-element_type=\"widget\" data-e-type=\"widget\" data-widget_type=\"image.default\">\n\t\t\t\t<div class=\"elementor-widget-container\">\n\t\t\t\t\t\t\t\t\t\t\t\t\t\t\t<img loading=\"lazy\" decoding=\"async\" width=\"900\" height=\"1200\" src=\"https:\/\/costablanca-magazin.com\/wp-content\/uploads\/2025\/05\/Klein-schreuder-alfaz-del-Pi-1.jpg\" class=\"attachment-full size-full wp-image-6755\" alt=\"Klein-Schreuder Alfaz del Pi\" srcset=\"https:\/\/costablanca-magazin.com\/wp-content\/uploads\/2025\/05\/Klein-schreuder-alfaz-del-Pi-1.jpg 900w, https:\/\/costablanca-magazin.com\/wp-content\/uploads\/2025\/05\/Klein-schreuder-alfaz-del-Pi-1-225x300.jpg 225w, https:\/\/costablanca-magazin.com\/wp-content\/uploads\/2025\/05\/Klein-schreuder-alfaz-del-Pi-1-768x1024.jpg 768w\" sizes=\"(max-width: 900px) 100vw, 900px\" \/>\t\t\t\t\t\t\t\t\t\t\t\t\t\t\t<\/div>\n\t\t\t\t<\/div>\n\t\t\t\t<div class=\"elementor-element elementor-element-fc91fd1 elementor-widget elementor-widget-image\" data-id=\"fc91fd1\" data-element_type=\"widget\" data-e-type=\"widget\" data-widget_type=\"image.default\">\n\t\t\t\t<div class=\"elementor-widget-container\">\n\t\t\t\t\t\t\t\t\t\t\t\t\t\t\t<img loading=\"lazy\" decoding=\"async\" width=\"900\" height=\"530\" src=\"https:\/\/costablanca-magazin.com\/wp-content\/uploads\/2025\/05\/Klein-schreuder-alfaz-del-Pi-e1747309553189.jpg\" class=\"attachment-full size-full wp-image-6756\" alt=\"Peque\u00f1o triturador Alfaz del Pi 1\" srcset=\"https:\/\/costablanca-magazin.com\/wp-content\/uploads\/2025\/05\/Klein-schreuder-alfaz-del-Pi-e1747309553189.jpg 900w, https:\/\/costablanca-magazin.com\/wp-content\/uploads\/2025\/05\/Klein-schreuder-alfaz-del-Pi-e1747309553189-300x177.jpg 300w, https:\/\/costablanca-magazin.com\/wp-content\/uploads\/2025\/05\/Klein-schreuder-alfaz-del-Pi-e1747309553189-768x452.jpg 768w\" sizes=\"(max-width: 900px) 100vw, 900px\" \/>\t\t\t\t\t\t\t\t\t\t\t\t\t\t\t<\/div>\n\t\t\t\t<\/div>\n\t\t\t\t<\/div>\n\t\t<div class=\"elementor-element elementor-element-288a454 e-con-full e-flex e-con e-child\" data-id=\"288a454\" data-element_type=\"container\" data-e-type=\"container\">\n\t\t\t\t<div class=\"elementor-element elementor-element-ae13a23 elementor-widget elementor-widget-heading\" data-id=\"ae13a23\" data-element_type=\"widget\" data-e-type=\"widget\" data-widget_type=\"heading.default\">\n\t\t\t\t<div class=\"elementor-widget-container\">\n\t\t\t\t\t<h3 class=\"elementor-heading-title elementor-size-default\">Teulada-Moraira\n\n<\/h3>\t\t\t\t<\/div>\n\t\t\t\t<\/div>\n\t\t\t\t<div class=\"elementor-element elementor-element-84f743e elementor-widget elementor-widget-text-editor\" data-id=\"84f743e\" data-element_type=\"widget\" data-e-type=\"widget\" data-widget_type=\"text-editor.default\">\n\t\t\t\t<div class=\"elementor-widget-container\">\n\t\t\t\t\t\t\t\t\t<p>\u00a015-30 de mayo - Exposici\u00f3n de arte \u201eUnidad en la diversidad\u201c, Espai La Senieta<br \/>- Vernissage el 15 de mayo a las 19:00 con concierto de Voces de Gala<br \/>16 de mayo - II Entrega de premios \u201eVida Teulada Moraira\u201c, Auditori Teulada Moraira<br \/>17-18 de mayo - Torneo de f\u00fatbol en el polideportivo Les Sorts, en el marco de Moros y Cristianos 2025<br \/>18 de mayo, 10:00-14:00 - 21\u00aa Jornada de arte del encaje (encaje de bolillos, macram\u00e9, tul), <br \/>Pla\u00e7a del Vi\u00e9 Centenari, Teulada<br \/>24 de mayo, 18:00 - Espect\u00e1culo musical \u201eDancing ABBA\u201c, Auditori Teulada Moraira<br \/>25 de mayo<br \/>- 08:30 h: 2\u00ba Triatl\u00f3n Teulada Moraira, salida en Moraira<br \/>- 20:00: Espect\u00e1culo de humor \u201eGrison, On Loop\u201c, Auditori<br \/>26 y 28 de mayo, cada uno 19:00 - C\u00edrculo de lectura para adultos<br \/>- 26 de mayo: \u201eCaperucita en Manhattan\u201c, Biblioteca P\u00fablica<br \/>- 28 de mayo: \u201eLa ciudad y los perros\u201c, punto de lectura<br \/>30 de mayo, 19:30 - Concierto del conjunto Music City Strings (EE.UU.), Auditori<br \/>04 de junio, 11.00 h - Conferencia \u201eLa era del jazz\u201c de Sandy Burnett, Espai La Senieta<br \/>- Entrada gratuita para miembros de TASMA, invitados a trav\u00e9s de artsocma.org<br \/>06-08 de junio - \u201eMercado Andalus\u00ed\u201c, Plaza de la Sort, Moraira<br \/>- Artesan\u00eda, m\u00fasica y ambiente andaluz<br \/>09-15 de junio - Festival \u201eMoros y Cristianos\u201c, Moraira<br \/>- 13 de junio: conquista \u00e1rabe<br \/>- 14 de junio: reconquista cristiana<br \/>- 15 de junio: Gran Tren de Gala<\/p>\t\t\t\t\t\t\t\t<\/div>\n\t\t\t\t<\/div>\n\t\t\t\t<div class=\"elementor-element elementor-element-812c046 elementor-widget elementor-widget-heading\" data-id=\"812c046\" data-element_type=\"widget\" data-e-type=\"widget\" data-widget_type=\"heading.default\">\n\t\t\t\t<div class=\"elementor-widget-container\">\n\t\t\t\t\t<h3 class=\"elementor-heading-title elementor-size-default\">J\u00e1vea (X\u00e0bia)\n<\/h3>\t\t\t\t<\/div>\n\t\t\t\t<\/div>\n\t\t\t\t<div class=\"elementor-element elementor-element-cab0704 elementor-widget elementor-widget-text-editor\" data-id=\"cab0704\" data-element_type=\"widget\" data-e-type=\"widget\" data-widget_type=\"text-editor.default\">\n\t\t\t\t<div class=\"elementor-widget-container\">\n\t\t\t\t\t\t\t\t\t<p>02-27 de mayo - Exposici\u00f3n \u201eVector Mediterr\u00e1neo\u201c, Galer\u00eda Isabel Bilbao - Inauguraci\u00f3n el 2 de mayo, 18 h<br \/>10 de mayo-15 de junio - \u201eRestos: Cer\u00e1mica y deriva\u201c de Cristina Minguill\u00f3n, Museo Soler Blasco<br \/>- Arte cer\u00e1mico entre objetos encontrados y movimiento costero<br \/>15-16 y 19-22 de mayo - Exposici\u00f3n itinerante \u201eMaria Beneyto: vida ferida de lletra\u201c, <br \/>Biblioteca p\u00fablica en el centro hist\u00f3rico - homenaje a la poetisa valenciana<br \/>16 de mayo<br \/>- 17:30: Taller infantil \u201eDiversidad en las formas de familia\u201c, biblioteca Duanes<br \/>- 18:00: Tarde de juegos de mesa, PlayJove<br \/>- 18:30: Visita hist\u00f3rico-art\u00edstica de X\u00e0bia (Plaza Marina Alta)<br \/>- Inscripci\u00f3n: David Guti\u00e9rrez, Tel. 646 87 50 14<br \/>- 19:00: Presentaci\u00f3n del libro \u201eEl corn de la muntanya gran de Pedreguer\u201c, Biblioteca P\u00fablica<br \/>17-18 de mayo - Feria de Artesan\u00eda, Paseo Mar\u00edtimo Joaqu\u00edn Sorolla<br \/>23 de mayo<br \/>- 17:30: Taller infantil sobre la diversidad familiar, biblioteca p\u00fablica<br \/>- 18:00: Torneo de tenis de mesa, PlayJove<br \/>- 20:00: Concierto de jazz \u201eLe Ducs du Swing &amp; Eva Slongo\u201c, Casa de Cultura - Homenaje a Django Reinhardt &amp; Stephan Grappelli<br \/>24-25 de mayo - Feria de Artesan\u00eda, Paseo Mar\u00edtimo Joaqu\u00edn Sorolla<br \/>- 25 de mayo, 20:00 - Proyecto musical \u201eInnov@cant\u201c con textos de Jordi Pla y m\u00fasica de Mario Roig, Plaza de la Constituci\u00f3<br \/>30 de mayo, 18:30 - Recorrido por el casco antiguo de X\u00e0bia (Plaza Marina Alta)<br \/>30-31 de mayo - Obra de teatro \u201eEncerrados\u201c, Casa de Cultura - Distop\u00eda sobre las emociones censuradas y la resistencia humana<br \/>04 de junio, 19:30 - Conferencia \u201eLa era del jazz\u201c de Sandy Burnett, Casa de la Cultura<br \/>- Entrada gratuita para los miembros de TASMA, invitados con inscripci\u00f3n a trav\u00e9s de <a href=\"https:\/\/www.artsocma.org\" target=\"_blank\" rel=\"noopener\">www.artsocma.org<\/a><\/p>\t\t\t\t\t\t\t\t<\/div>\n\t\t\t\t<\/div>\n\t\t\t\t<div class=\"elementor-element elementor-element-bd2fafe elementor-widget elementor-widget-heading\" data-id=\"bd2fafe\" data-element_type=\"widget\" data-e-type=\"widget\" data-widget_type=\"heading.default\">\n\t\t\t\t<div class=\"elementor-widget-container\">\n\t\t\t\t\t<h3 class=\"elementor-heading-title elementor-size-default\">Alfaz del Pi\n\n<\/h3>\t\t\t\t<\/div>\n\t\t\t\t<\/div>\n\t\t\t\t<div class=\"elementor-element elementor-element-9604fa0 elementor-widget elementor-widget-text-editor\" data-id=\"9604fa0\" data-element_type=\"widget\" data-e-type=\"widget\" data-widget_type=\"text-editor.default\">\n\t\t\t\t<div class=\"elementor-widget-container\">\n\t\t\t\t\t\t\t\t\t<p>El 1 de junio a las 11 h en la Fundaci\u00f3n Klein-Schreuder (Cam\u00ed del Pinar 23, l'Alf\u00e0s del Pi) <br \/>La exposici\u00f3n con obras de Nelly G\u00e9rouard y Mois\u00e8s Gil se inaugur\u00f3 oficialmente el 27 de julio. La exposici\u00f3n puede verse en el jard\u00edn de la Fundaci\u00f3n y permanecer\u00e1 abierta hasta el domingo 27 de julio. Se expondr\u00e1n pinturas y figuras de hierro de Nelly G\u00e9rouard y esculturas de aluminio y poli\u00e9ster de Mois\u00e8s Gil. La inauguraci\u00f3n ir\u00e1 acompa\u00f1ada de m\u00fasica y se servir\u00e1n aperitivos y bebidas. M\u00e1s informaci\u00f3n: info@klein-schreuder.com<\/p>\t\t\t\t\t\t\t\t<\/div>\n\t\t\t\t<\/div>\n\t\t\t\t<\/div>\n\t\t\t\t\t<\/div>\n\t\t\t\t<\/div>\n\t\t<div class=\"elementor-element elementor-element-2e2ab8a e-flex e-con-boxed e-con e-parent\" data-id=\"2e2ab8a\" data-element_type=\"container\" data-e-type=\"container\">\n\t\t\t\t\t<div class=\"e-con-inner\">\n\t\t<div class=\"elementor-element elementor-element-b28e5ca e-con-full e-flex e-con e-child\" data-id=\"b28e5ca\" data-element_type=\"container\" data-e-type=\"container\">\n\t\t\t\t<div class=\"elementor-element elementor-element-b8f679c elementor-widget elementor-widget-heading\" data-id=\"b8f679c\" data-element_type=\"widget\" data-e-type=\"widget\" data-widget_type=\"heading.default\">\n\t\t\t\t<div class=\"elementor-widget-container\">\n\t\t\t\t\t<h3 class=\"elementor-heading-title elementor-size-default\">La Nucia<\/h3>\t\t\t\t<\/div>\n\t\t\t\t<\/div>\n\t\t\t\t<div class=\"elementor-element elementor-element-2c0c51b elementor-widget elementor-widget-text-editor\" data-id=\"2c0c51b\" data-element_type=\"widget\" data-e-type=\"widget\" data-widget_type=\"text-editor.default\">\n\t\t\t\t<div class=\"elementor-widget-container\">\n\t\t\t\t\t\t\t\t\t<p>El 16 de mayo a las 20:00 horas en el Teatre Local El Sindicat de La Nuc\u00eda actuar\u00e1n \u201eThe Bourbon Sisters\u201c. La formaci\u00f3n deleitar\u00e1 con una velada musical llena de soul y rhythm &amp; blues.<br \/>El 17 de mayo se celebrar\u00e1 el \u201eD\u00eda de la Familia\u201c en el aparcamiento del pabell\u00f3n polideportivo Pabell\u00f3n Muixara de La Nuc\u00eda de 10 a 14 horas. Diversos retos deportivos, juegos y actividades invitan a participar.<br \/>Tambi\u00e9n habr\u00e1 un concierto de aniversario a cargo del grupo espa\u00f1ol \u201eElefantes\u201c el 17 de mayo a las 20:00 en L'Auditori La Nucia. <br \/>El 24 de mayo a las 20:00 horas se representar\u00e1 en L'Auditori La Nuc\u00eda la obra \u201eLa Colecci\u00f3n\u201c de Juan Mayorga.<br \/>El 31 de mayo a las 20:00 horas, l'Auditori La Nuc\u00eda se transformar\u00e1 en una gran pista de baile con el evento musical \u201eSaturday Night Disco\u201c. <br \/>Inspirado en el legendario Studio 54, el espect\u00e1culo lleva al escenario los grandes \u00e9xitos de la m\u00fasica disco de Barry White, Donna Summer, los Bee Gees y muchos m\u00e1s.<br \/>El 7 de junio a las 20:00 horas en L'Auditori La Nuc\u00eda tendr\u00e1 lugar un concierto homenaje musical en honor a <br \/>de Camilo Sesto, interpretada por el grupo musical UM La Nucia.<br \/>El 14 de junio a partir de las 12:00 horas tendr\u00e1 lugar la \u201eNit del Vi\u201c en la Pla\u00e7a de les nits de La Nuc\u00eda -. <br \/>una noche de vino, donde los viticultores locales y lo m\u00e1s destacado de la gastronom\u00eda se dan cita para una <br \/>una velada agradable. <br \/>M\u00e1s informaci\u00f3n en <a href=\"https:\/\/www.lanuciagastronomica.com\/lanitdelvi2025.\" target=\"_blank\" rel=\"noopener\">www.lanuciagastronomica.com\/lanitdelvi2025.<\/a><\/p>\t\t\t\t\t\t\t\t<\/div>\n\t\t\t\t<\/div>\n\t\t\t\t<div class=\"elementor-element elementor-element-910af97 elementor-widget elementor-widget-heading\" data-id=\"910af97\" data-element_type=\"widget\" data-e-type=\"widget\" data-widget_type=\"heading.default\">\n\t\t\t\t<div class=\"elementor-widget-container\">\n\t\t\t\t\t<h3 class=\"elementor-heading-title elementor-size-default\">Finestrat<\/h3>\t\t\t\t<\/div>\n\t\t\t\t<\/div>\n\t\t\t\t<div class=\"elementor-element elementor-element-4a5eec4 elementor-widget elementor-widget-text-editor\" data-id=\"4a5eec4\" data-element_type=\"widget\" data-e-type=\"widget\" data-widget_type=\"text-editor.default\">\n\t\t\t\t<div class=\"elementor-widget-container\">\n\t\t\t\t\t\t\t\t\t<p>16 de mayo, 19:30 - Presentaci\u00f3n del libro \u201eDi\u00e0nia. Terra de Castells\u201c de Just I. Sell\u00e9s, <br \/>Museo de Finestrat<br \/>17 de mayo, a partir de las 12:30 h - Celebraci\u00f3n del 745 aniversario de la Carta de Poblaci\u00f3n, Casa de la Cultura<br \/>19-23 de mayo, 9:00-14:00 - Taller \u201eSIMULACTIVA EMPRENDE\u201c para la promoci\u00f3n <br \/>de la Iniciativa Empresarial, Vivero de Empresas - Organizado por el Ayuntamiento de Finestrat <br \/>&amp; C\u00e1mara de Comercio Alicante<br \/>25 de mayo, 18:00 - Representaci\u00f3n de la obra \u201eAladd\u00edn\u201c, conclusi\u00f3n del taller de teatro infantil, <br \/>Casa de la Cultura<br \/>28 de mayo - 15 de junio - Exposici\u00f3n de Arte Infantil (Dibujo y Pintura), Museu de Finestrat<br \/>- Vernissage el 28 de mayo a las 18:00<br \/>31 de mayo, 19:00 - Concierto de intercambio de la Agrupaci\u00f3 Coral Finestrat y la Uni\u00f3 Musical La Nucia, Casa de la Cultura<br \/>Del 3 de julio al 13 de agosto, entre semana, de 9.00 a 14.00 horas - Curso gratuito \u201eCuidador de atenci\u00f3n temprana, comedor y transporte\u201c, Centre Juvenil - Para j\u00f3venes de 16 a 29 a\u00f1os | Proyecto Talento Joven 2025<br \/>- Inscripciones: WhatsApp 606 936 432 | joventut@finestrat.org | Tel. 678 391 982<\/p>\t\t\t\t\t\t\t\t<\/div>\n\t\t\t\t<\/div>\n\t\t\t\t<div class=\"elementor-element elementor-element-781669d elementor-widget elementor-widget-heading\" data-id=\"781669d\" data-element_type=\"widget\" data-e-type=\"widget\" data-widget_type=\"heading.default\">\n\t\t\t\t<div class=\"elementor-widget-container\">\n\t\t\t\t\t<h3 class=\"elementor-heading-title elementor-size-default\">Benissa\n<\/h3>\t\t\t\t<\/div>\n\t\t\t\t<\/div>\n\t\t\t\t<div class=\"elementor-element elementor-element-54847a6 elementor-widget elementor-widget-text-editor\" data-id=\"54847a6\" data-element_type=\"widget\" data-e-type=\"widget\" data-widget_type=\"text-editor.default\">\n\t\t\t\t<div class=\"elementor-widget-container\">\n\t\t\t\t\t\t\t\t\t<p>17 de mayo, 19:00 Concierto de la Sociedad L\u00edrica y Musical de Benissa, Centre d'Art Taller d'Ivars<br \/>17-18 de mayo Proyecci\u00f3n de la pel\u00edcula \u201eUn funeral de locos\u201c, Cine Municipal - Comedia negra familiar s\u00e1b: 19:00 y 22:00, dom: 18:00 y 21:00<br \/>24-25 de mayo \u201eUna pel\u00edcula de Minecraft\u201c, Cine Municipal - aventura familiar basada en el videojuego | 18:00 &amp; 20:15 cada d\u00eda<br \/>25 de mayo, 14:30 - Jazz en directo con Jazz Cats High Society feat. Maria Ramos, Jon Turner &amp; Rudy Maarsman, La Paillotte, Cala Advocat<br \/>15 de junio, 14:30 - Jazz Cats Soulstation en directo, La Paillotte, Cala Advocat<\/p>\t\t\t\t\t\t\t\t<\/div>\n\t\t\t\t<\/div>\n\t\t\t\t<\/div>\n\t\t<div class=\"elementor-element elementor-element-86345c8 e-con-full e-flex e-con e-child\" data-id=\"86345c8\" data-element_type=\"container\" data-e-type=\"container\">\n\t\t\t\t<div class=\"elementor-element elementor-element-0cdf763 elementor-widget elementor-widget-image\" data-id=\"0cdf763\" data-element_type=\"widget\" data-e-type=\"widget\" data-widget_type=\"image.default\">\n\t\t\t\t<div class=\"elementor-widget-container\">\n\t\t\t\t\t\t\t\t\t\t\t\t\t\t\t<img loading=\"lazy\" decoding=\"async\" width=\"724\" height=\"1024\" src=\"https:\/\/costablanca-magazin.com\/wp-content\/uploads\/2025\/05\/LA-nit-del-Vi-La-nucia-724x1024.jpg\" class=\"attachment-large size-large wp-image-6757\" alt=\"LA nit del Vi La nucia\" srcset=\"https:\/\/costablanca-magazin.com\/wp-content\/uploads\/2025\/05\/LA-nit-del-Vi-La-nucia-724x1024.jpg 724w, https:\/\/costablanca-magazin.com\/wp-content\/uploads\/2025\/05\/LA-nit-del-Vi-La-nucia-212x300.jpg 212w, https:\/\/costablanca-magazin.com\/wp-content\/uploads\/2025\/05\/LA-nit-del-Vi-La-nucia-768x1087.jpg 768w, https:\/\/costablanca-magazin.com\/wp-content\/uploads\/2025\/05\/LA-nit-del-Vi-La-nucia.jpg 848w\" sizes=\"(max-width: 724px) 100vw, 724px\" \/>\t\t\t\t\t\t\t\t\t\t\t\t\t\t\t<\/div>\n\t\t\t\t<\/div>\n\t\t\t\t<div class=\"elementor-element elementor-element-4b48141 elementor-widget__width-initial elementor-widget elementor-widget-image\" data-id=\"4b48141\" data-element_type=\"widget\" data-e-type=\"widget\" data-widget_type=\"image.default\">\n\t\t\t\t<div class=\"elementor-widget-container\">\n\t\t\t\t\t\t\t\t\t\t\t\t\t\t\t<img loading=\"lazy\" decoding=\"async\" width=\"1200\" height=\"1200\" src=\"https:\/\/costablanca-magazin.com\/wp-content\/uploads\/2025\/05\/Elefantes-La-nucia.jpg\" class=\"attachment-full size-full wp-image-6750\" alt=\"Elefantes La Nucia\" srcset=\"https:\/\/costablanca-magazin.com\/wp-content\/uploads\/2025\/05\/Elefantes-La-nucia.jpg 1200w, https:\/\/costablanca-magazin.com\/wp-content\/uploads\/2025\/05\/Elefantes-La-nucia-300x300.jpg 300w, https:\/\/costablanca-magazin.com\/wp-content\/uploads\/2025\/05\/Elefantes-La-nucia-1024x1024.jpg 1024w, https:\/\/costablanca-magazin.com\/wp-content\/uploads\/2025\/05\/Elefantes-La-nucia-150x150.jpg 150w, https:\/\/costablanca-magazin.com\/wp-content\/uploads\/2025\/05\/Elefantes-La-nucia-768x768.jpg 768w\" sizes=\"(max-width: 1200px) 100vw, 1200px\" \/>\t\t\t\t\t\t\t\t\t\t\t\t\t\t\t<\/div>\n\t\t\t\t<\/div>\n\t\t\t\t<div class=\"elementor-element elementor-element-21264b6 elementor-widget__width-initial elementor-widget elementor-widget-image\" data-id=\"21264b6\" data-element_type=\"widget\" data-e-type=\"widget\" data-widget_type=\"image.default\">\n\t\t\t\t<div class=\"elementor-widget-container\">\n\t\t\t\t\t\t\t\t\t\t\t\t\t\t\t<img loading=\"lazy\" decoding=\"async\" width=\"960\" height=\"1200\" src=\"https:\/\/costablanca-magazin.com\/wp-content\/uploads\/2025\/05\/Carta-Pobla-Finestrat.jpg\" class=\"attachment-full size-full wp-image-6743\" alt=\"Carta Pobla Finestrat\" srcset=\"https:\/\/costablanca-magazin.com\/wp-content\/uploads\/2025\/05\/Carta-Pobla-Finestrat.jpg 960w, https:\/\/costablanca-magazin.com\/wp-content\/uploads\/2025\/05\/Carta-Pobla-Finestrat-240x300.jpg 240w, https:\/\/costablanca-magazin.com\/wp-content\/uploads\/2025\/05\/Carta-Pobla-Finestrat-819x1024.jpg 819w, https:\/\/costablanca-magazin.com\/wp-content\/uploads\/2025\/05\/Carta-Pobla-Finestrat-768x960.jpg 768w\" sizes=\"(max-width: 960px) 100vw, 960px\" \/>\t\t\t\t\t\t\t\t\t\t\t\t\t\t\t<\/div>\n\t\t\t\t<\/div>\n\t\t\t\t<\/div>\n\t\t\t\t\t<\/div>\n\t\t\t\t<\/div>\n\t\t<div class=\"elementor-element elementor-element-7ae740a e-flex e-con-boxed e-con e-parent\" data-id=\"7ae740a\" data-element_type=\"container\" data-e-type=\"container\">\n\t\t\t\t\t<div class=\"e-con-inner\">\n\t\t<div class=\"elementor-element elementor-element-3625300 e-con-full e-flex e-con e-child\" data-id=\"3625300\" data-element_type=\"container\" data-e-type=\"container\">\n\t\t\t\t<div class=\"elementor-element elementor-element-3534851 elementor-widget elementor-widget-image\" data-id=\"3534851\" data-element_type=\"widget\" data-e-type=\"widget\" data-widget_type=\"image.default\">\n\t\t\t\t<div class=\"elementor-widget-container\">\n\t\t\t\t\t\t\t\t\t\t\t\t\t\t\t<img decoding=\"async\" src=\"https:\/\/costablanca-magazin.com\/wp-content\/uploads\/elementor\/thumbs\/un-funeral-de-locos-Benissa-rjc5pmm0vsu87am6v50xezx3sx5dkhvim38keowoeg.jpg\" title=\"un-funeral-de-locos Benissa\" alt=\"un-funeral-de-locos Benissa\" loading=\"lazy\" \/>\t\t\t\t\t\t\t\t\t\t\t\t\t\t\t<\/div>\n\t\t\t\t<\/div>\n\t\t\t\t<div class=\"elementor-element elementor-element-6c67877 elementor-widget elementor-widget-image\" data-id=\"6c67877\" data-element_type=\"widget\" data-e-type=\"widget\" data-widget_type=\"image.default\">\n\t\t\t\t<div class=\"elementor-widget-container\">\n\t\t\t\t\t\t\t\t\t\t\t\t\t\t\t<img loading=\"lazy\" decoding=\"async\" width=\"1200\" height=\"444\" src=\"https:\/\/costablanca-magazin.com\/wp-content\/uploads\/2025\/05\/Euro-Club-Benidorm.jpg\" class=\"attachment-full size-full wp-image-6751\" alt=\"Euro Club Benidorm\" srcset=\"https:\/\/costablanca-magazin.com\/wp-content\/uploads\/2025\/05\/Euro-Club-Benidorm.jpg 1200w, https:\/\/costablanca-magazin.com\/wp-content\/uploads\/2025\/05\/Euro-Club-Benidorm-300x111.jpg 300w, https:\/\/costablanca-magazin.com\/wp-content\/uploads\/2025\/05\/Euro-Club-Benidorm-1024x379.jpg 1024w, https:\/\/costablanca-magazin.com\/wp-content\/uploads\/2025\/05\/Euro-Club-Benidorm-768x284.jpg 768w\" sizes=\"(max-width: 1200px) 100vw, 1200px\" \/>\t\t\t\t\t\t\t\t\t\t\t\t\t\t\t<\/div>\n\t\t\t\t<\/div>\n\t\t\t\t<div class=\"elementor-element elementor-element-02f574e elementor-widget elementor-widget-image\" data-id=\"02f574e\" data-element_type=\"widget\" data-e-type=\"widget\" data-widget_type=\"image.default\">\n\t\t\t\t<div class=\"elementor-widget-container\">\n\t\t\t\t\t\t\t\t\t\t\t\t\t\t\t<img loading=\"lazy\" decoding=\"async\" width=\"1200\" height=\"800\" src=\"https:\/\/costablanca-magazin.com\/wp-content\/uploads\/2025\/05\/8493_Leonardo-ficha-web-555x370px_CS.jpg\" class=\"attachment-full size-full wp-image-6740\" alt=\"Leonardo ficha por el Valencia\" srcset=\"https:\/\/costablanca-magazin.com\/wp-content\/uploads\/2025\/05\/8493_Leonardo-ficha-web-555x370px_CS.jpg 1200w, https:\/\/costablanca-magazin.com\/wp-content\/uploads\/2025\/05\/8493_Leonardo-ficha-web-555x370px_CS-300x200.jpg 300w, https:\/\/costablanca-magazin.com\/wp-content\/uploads\/2025\/05\/8493_Leonardo-ficha-web-555x370px_CS-1024x683.jpg 1024w, https:\/\/costablanca-magazin.com\/wp-content\/uploads\/2025\/05\/8493_Leonardo-ficha-web-555x370px_CS-768x512.jpg 768w\" sizes=\"(max-width: 1200px) 100vw, 1200px\" \/>\t\t\t\t\t\t\t\t\t\t\t\t\t\t\t<\/div>\n\t\t\t\t<\/div>\n\t\t\t\t<div class=\"elementor-element elementor-element-3c72402 elementor-widget elementor-widget-image\" data-id=\"3c72402\" data-element_type=\"widget\" data-e-type=\"widget\" data-widget_type=\"image.default\">\n\t\t\t\t<div class=\"elementor-widget-container\">\n\t\t\t\t\t\t\t\t\t\t\t\t\t\t\t<img loading=\"lazy\" decoding=\"async\" width=\"1200\" height=\"933\" src=\"https:\/\/costablanca-magazin.com\/wp-content\/uploads\/2025\/05\/Aire-Benidorm.jpg\" class=\"attachment-full size-full wp-image-6741\" alt=\"Aire Benidorm\" srcset=\"https:\/\/costablanca-magazin.com\/wp-content\/uploads\/2025\/05\/Aire-Benidorm.jpg 1200w, https:\/\/costablanca-magazin.com\/wp-content\/uploads\/2025\/05\/Aire-Benidorm-300x233.jpg 300w, https:\/\/costablanca-magazin.com\/wp-content\/uploads\/2025\/05\/Aire-Benidorm-1024x796.jpg 1024w, https:\/\/costablanca-magazin.com\/wp-content\/uploads\/2025\/05\/Aire-Benidorm-768x597.jpg 768w\" sizes=\"(max-width: 1200px) 100vw, 1200px\" \/>\t\t\t\t\t\t\t\t\t\t\t\t\t\t\t<\/div>\n\t\t\t\t<\/div>\n\t\t\t\t<\/div>\n\t\t<div class=\"elementor-element elementor-element-676789b e-con-full e-flex e-con e-child\" data-id=\"676789b\" data-element_type=\"container\" data-e-type=\"container\">\n\t\t\t\t<div class=\"elementor-element elementor-element-b1aed86 elementor-widget elementor-widget-heading\" data-id=\"b1aed86\" data-element_type=\"widget\" data-e-type=\"widget\" data-widget_type=\"heading.default\">\n\t\t\t\t<div class=\"elementor-widget-container\">\n\t\t\t\t\t<h3 class=\"elementor-heading-title elementor-size-default\">Benidorm<\/h3>\t\t\t\t<\/div>\n\t\t\t\t<\/div>\n\t\t\t\t<div class=\"elementor-element elementor-element-f0b5a5f elementor-widget__width-initial elementor-widget elementor-widget-text-editor\" data-id=\"f0b5a5f\" data-element_type=\"widget\" data-e-type=\"widget\" data-widget_type=\"text-editor.default\">\n\t\t\t\t<div class=\"elementor-widget-container\">\n\t\t\t\t\t\t\t\t\t<p>15-18 de mayo - Fiestas de San Isidro<br \/>18 de mayo, 20:00 - Concierto \u201ePeregrinatio. Llibre Vermell\u201c (cantos del siglo XIV) <br \/>con Capella de Ministrers, Iglesia de San Jaime<br \/>22 de mayo, 20:30 - Concierto de la Unidad de M\u00fasica de Infanter\u00eda de Marina, Anfiteatro \u00d3scar Espl\u00e1<br \/>23 de mayo, 20:00 - Teatro: \u201eMadness\u201c de Yllana &amp; Primitals Bros, Auditorio Centro Cultural<br \/>24 de mayo, 20:00 - Obra \u201eMedea\u201c, Taller de Teatro y Producciones Mascarat<br \/>25 de mayo, 12:00 - Concierto \u201eAniversari S.M. La Nova\u201c, Auditorio Centro Cultural<br \/>28-30 de mayo, 20:00 - Ciclo de teatro en el Tossal Teatre:<br \/>- 28 de mayo: \u201eEn la luna\u201c (Alpi Teatre)<br \/>- 29 de mayo: \u201eMelocot\u00f3n en alm\u00edbar\u201c<br \/>- 30 de mayo: \u201eEl laberinto del tiempo\u201c (C\u00eda Teatrix 360)<br \/>30 de mayo, 20:00 - XIII Festival Internacional de \u00d3rgano, concierto con Jan Vermeire, <br \/>Iglesia de San Jaime y Santa Ana<br \/>05 de junio, 19:00 - Conferencia: \u201eM\u00fasica, derechos de autor y cultura\u201c, Ayuntamiento (Sal\u00f3n de actos)<br \/>Mayo y junio - \u201eAIRE\u201c - nuevo espect\u00e1culo esc\u00e9nico en el Benidorm Palace - parte del ciclo \u201eElements\u201c con m\u00e1s de 50 artistas internacionales<br \/>07 de junio, 21:00 - con La Barqueta de Benidorm, Iglesia de San Jaime<\/p>\t\t\t\t\t\t\t\t<\/div>\n\t\t\t\t<\/div>\n\t\t\t\t<div class=\"elementor-element elementor-element-9e9a21e elementor-widget elementor-widget-spacer\" data-id=\"9e9a21e\" data-element_type=\"widget\" data-e-type=\"widget\" data-widget_type=\"spacer.default\">\n\t\t\t\t<div class=\"elementor-widget-container\">\n\t\t\t\t\t\t\t<div class=\"elementor-spacer\">\n\t\t\t<div class=\"elementor-spacer-inner\"><\/div>\n\t\t<\/div>\n\t\t\t\t\t\t<\/div>\n\t\t\t\t<\/div>\n\t\t\t\t<div class=\"elementor-element elementor-element-a46335a elementor-widget elementor-widget-heading\" data-id=\"a46335a\" data-element_type=\"widget\" data-e-type=\"widget\" data-widget_type=\"heading.default\">\n\t\t\t\t<div class=\"elementor-widget-container\">\n\t\t\t\t\t<h3 class=\"elementor-heading-title elementor-size-default\">Ciutat de les Arts i les Ciencies - Valencia \n<\/h3>\t\t\t\t<\/div>\n\t\t\t\t<\/div>\n\t\t\t\t<div class=\"elementor-element elementor-element-fd90a9f elementor-widget elementor-widget-text-editor\" data-id=\"fd90a9f\" data-element_type=\"widget\" data-e-type=\"widget\" data-widget_type=\"text-editor.default\">\n\t\t\t\t<div class=\"elementor-widget-container\">\n\t\t\t\t\t\t\t\t\t<p>La exposici\u00f3n \u201eLeonardo da Vinci: 500 a\u00f1os de un genio\u201c se exhibe en la Ciudad de las Artes y las Ciencias de Valencia hasta el 13 de abril de 2026. Fielmente reconstruida <br \/>M\u00e1quinas, una r\u00e9plica de 360\u00b0 de la Mona Lisa y proyecciones de alta resoluci\u00f3n transportan a los visitantes a la Florencia, la Venecia y el Mil\u00e1n renacentistas, y dan vida de forma impresionante al legado visionario de Da Vinci.<br \/><strong>M\u00e1s informaci\u00f3n en<\/strong> <br \/><a href=\"https:\/\/cac.es\/en\/exposiciones\/leonardo-da-vinci\" target=\"_blank\" rel=\"noopener\">https:\/\/cac.es\/en\/exposiciones\/leonardo-da-vinci<\/a><\/p>\t\t\t\t\t\t\t\t<\/div>\n\t\t\t\t<\/div>\n\t\t\t\t<\/div>\n\t\t\t\t\t<\/div>\n\t\t\t\t<\/div>\n\t\t<div class=\"elementor-element elementor-element-336b9fe e-flex e-con-boxed e-con e-parent\" data-id=\"336b9fe\" data-element_type=\"container\" data-e-type=\"container\">\n\t\t\t\t\t<div class=\"e-con-inner\">\n\t\t\t\t<div class=\"elementor-element elementor-element-2e4dba7 elementor-widget-divider--separator-type-pattern elementor-widget-divider--view-line elementor-widget elementor-widget-divider\" data-id=\"2e4dba7\" data-element_type=\"widget\" data-e-type=\"widget\" data-widget_type=\"divider.default\">\n\t\t\t\t<div class=\"elementor-widget-container\">\n\t\t\t\t\t\t\t<div class=\"elementor-divider\" style=\"--divider-pattern-url: url(&quot;data:image\/svg+xml,%3Csvg xmlns=&#039;http:\/\/www.w3.org\/2000\/svg&#039; preserveAspectRatio=&#039;none&#039; overflow=&#039;visible&#039; height=&#039;100%&#039; viewBox=&#039;0 0 24 24&#039; fill=&#039;none&#039; stroke=&#039;black&#039; stroke-width=&#039;1.5&#039; stroke-linecap=&#039;square&#039; stroke-miterlimit=&#039;10&#039;%3E%3Cpath d=&#039;M0,21c3.3,0,8.3-0.9,15.7-7.1c6.6-5.4,4.4-9.3,2.4-10.3c-3.4-1.8-7.7,1.3-7.3,8.8C11.2,20,17.1,21,24,21&#039;\/%3E%3C\/svg%3E&quot;);\">\n\t\t\t<span class=\"elementor-divider-separator\">\n\t\t\t\t\t\t<\/span>\n\t\t<\/div>\n\t\t\t\t\t\t<\/div>\n\t\t\t\t<\/div>\n\t\t\t\t\t<\/div>\n\t\t\t\t<\/div>\n\t\t<div class=\"elementor-element elementor-element-73076c6 e-flex e-con-boxed e-con e-parent\" data-id=\"73076c6\" data-element_type=\"container\" data-e-type=\"container\">\n\t\t\t\t\t<div class=\"e-con-inner\">\n\t\t\t\t<div class=\"elementor-element elementor-element-3ed785c elementor-grid-3 elementor-grid-tablet-2 elementor-grid-mobile-1 elementor-posts--thumbnail-top elementor-posts--show-avatar elementor-card-shadow-yes elementor-posts__hover-gradient elementor-widget elementor-widget-posts\" data-id=\"3ed785c\" data-element_type=\"widget\" data-e-type=\"widget\" data-settings=\"{&quot;cards_columns&quot;:&quot;3&quot;,&quot;cards_columns_tablet&quot;:&quot;2&quot;,&quot;cards_columns_mobile&quot;:&quot;1&quot;,&quot;cards_row_gap&quot;:{&quot;unit&quot;:&quot;px&quot;,&quot;size&quot;:35,&quot;sizes&quot;:[]},&quot;cards_row_gap_tablet&quot;:{&quot;unit&quot;:&quot;px&quot;,&quot;size&quot;:&quot;&quot;,&quot;sizes&quot;:[]},&quot;cards_row_gap_mobile&quot;:{&quot;unit&quot;:&quot;px&quot;,&quot;size&quot;:&quot;&quot;,&quot;sizes&quot;:[]}}\" data-widget_type=\"posts.cards\">\n\t\t\t\t<div class=\"elementor-widget-container\">\n\t\t\t\t\t\t\t<div class=\"elementor-posts-container elementor-posts elementor-posts--skin-cards elementor-grid\" role=\"list\">\n\t\t\t\t<article class=\"elementor-post elementor-grid-item post-5678 post type-post status-publish format-standard has-post-thumbnail hentry category-veranstaltungen-events tag-costa-blanca-2 tag-veranstaltungen-costa-blanca tag-veranstaltungen-ostern\" role=\"listitem\">\n\t\t\t<div class=\"elementor-post__card\">\n\t\t\t\t<a class=\"elementor-post__thumbnail__link\" href=\"https:\/\/costablanca-magazin.com\/es\/freizeit\/veranstaltungen-events\/costa-blanca-im-fruehlingserwachen-event-highlights\/\" tabindex=\"-1\" ><div class=\"elementor-post__thumbnail\"><img loading=\"lazy\" decoding=\"async\" width=\"1200\" height=\"800\" src=\"https:\/\/costablanca-magazin.com\/wp-content\/uploads\/2025\/04\/retro-microphone-for-outdoor-concert-party-2024-11-01-01-07-48-utc.jpg\" class=\"attachment-2048x2048 size-2048x2048 wp-image-6583\" alt=\"El despertar de la primavera en la Marina Alta: tradiciones religiosas, fiestas y eventos culturales destacados 1\" srcset=\"https:\/\/costablanca-magazin.com\/wp-content\/uploads\/2025\/04\/retro-microphone-for-outdoor-concert-party-2024-11-01-01-07-48-utc.jpg 1200w, https:\/\/costablanca-magazin.com\/wp-content\/uploads\/2025\/04\/retro-microphone-for-outdoor-concert-party-2024-11-01-01-07-48-utc-300x200.jpg 300w, https:\/\/costablanca-magazin.com\/wp-content\/uploads\/2025\/04\/retro-microphone-for-outdoor-concert-party-2024-11-01-01-07-48-utc-1024x683.jpg 1024w, https:\/\/costablanca-magazin.com\/wp-content\/uploads\/2025\/04\/retro-microphone-for-outdoor-concert-party-2024-11-01-01-07-48-utc-768x512.jpg 768w\" sizes=\"(max-width: 1200px) 100vw, 1200px\" \/><\/div><\/a>\n\t\t\t\t<div class=\"elementor-post__badge\">Eventos<\/div>\n\t\t\t\t<div class=\"elementor-post__avatar\">\n\t\t\t\t\t<\/div>\n\t\t\t\t<div class=\"elementor-post__text\">\n\t\t\t\t<h3 class=\"elementor-post__title\">\n\t\t\t<a href=\"https:\/\/costablanca-magazin.com\/es\/freizeit\/veranstaltungen-events\/costa-blanca-im-fruehlingserwachen-event-highlights\/\" >\n\t\t\t\tLa Costa Blanca despierta en primavera - eventos destacados\t\t\t<\/a>\n\t\t<\/h3>\n\t\t\t\t<\/div>\n\t\t\t\t\t<\/div>\n\t\t<\/article>\n\t\t\t\t<article class=\"elementor-post elementor-grid-item post-5073 post type-post status-publish format-standard has-post-thumbnail hentry category-veranstaltungen-events tag-alfaz-del-pi tag-altea tag-benidorm tag-benissa tag-calpe tag-costa-blanca tag-denia tag-fallas tag-javea tag-la-nucia tag-moraira tag-prozessionen-costa-blanca tag-semana-santa tag-teulada tag-veranstaltungen-costa-blanca tag-villajoyosa\" role=\"listitem\">\n\t\t\t<div class=\"elementor-post__card\">\n\t\t\t\t<a class=\"elementor-post__thumbnail__link\" href=\"https:\/\/costablanca-magazin.com\/es\/freizeit\/veranstaltungen-events\/costa-blanca-ein-spannender-maerz-und-april-voller-events\/\" tabindex=\"-1\" ><div class=\"elementor-post__thumbnail\"><img loading=\"lazy\" decoding=\"async\" width=\"2048\" height=\"1368\" src=\"https:\/\/costablanca-magazin.com\/wp-content\/uploads\/2025\/03\/crowd-in-costumes-in-semana-santa-festival-capture-2025-02-04-09-02-01-utc-2048x1368.jpeg\" class=\"attachment-2048x2048 size-2048x2048 wp-image-5084\" alt=\"Oferta cultural en la Costa Blanca: marzo y abril repletos de eventos\" srcset=\"https:\/\/costablanca-magazin.com\/wp-content\/uploads\/2025\/03\/crowd-in-costumes-in-semana-santa-festival-capture-2025-02-04-09-02-01-utc-2048x1368.jpeg 2048w, https:\/\/costablanca-magazin.com\/wp-content\/uploads\/2025\/03\/crowd-in-costumes-in-semana-santa-festival-capture-2025-02-04-09-02-01-utc-300x200.jpeg 300w, https:\/\/costablanca-magazin.com\/wp-content\/uploads\/2025\/03\/crowd-in-costumes-in-semana-santa-festival-capture-2025-02-04-09-02-01-utc-1024x684.jpeg 1024w, https:\/\/costablanca-magazin.com\/wp-content\/uploads\/2025\/03\/crowd-in-costumes-in-semana-santa-festival-capture-2025-02-04-09-02-01-utc-768x513.jpeg 768w, https:\/\/costablanca-magazin.com\/wp-content\/uploads\/2025\/03\/crowd-in-costumes-in-semana-santa-festival-capture-2025-02-04-09-02-01-utc-1536x1026.jpeg 1536w\" sizes=\"(max-width: 2048px) 100vw, 2048px\" \/><\/div><\/a>\n\t\t\t\t<div class=\"elementor-post__badge\">Eventos<\/div>\n\t\t\t\t<div class=\"elementor-post__avatar\">\n\t\t\t\t\t<\/div>\n\t\t\t\t<div class=\"elementor-post__text\">\n\t\t\t\t<h3 class=\"elementor-post__title\">\n\t\t\t<a href=\"https:\/\/costablanca-magazin.com\/es\/freizeit\/veranstaltungen-events\/costa-blanca-ein-spannender-maerz-und-april-voller-events\/\" >\n\t\t\t\tCosta Blanca - Un mes de marzo y abril llenos de eventos\t\t\t<\/a>\n\t\t<\/h3>\n\t\t\t\t<\/div>\n\t\t\t\t\t<\/div>\n\t\t<\/article>\n\t\t\t\t<article class=\"elementor-post elementor-grid-item post-4803 post type-post status-publish format-standard has-post-thumbnail hentry category-veranstaltungen-events tag-bendirom-veranstaltungen tag-careval-costa-blanca tag-denia-fallas tag-fallas-costa-blanca tag-musik-feste-costa-blanca tag-veranstaltungen-costa-blanca\" role=\"listitem\">\n\t\t\t<div class=\"elementor-post__card\">\n\t\t\t\t<a class=\"elementor-post__thumbnail__link\" href=\"https:\/\/costablanca-magazin.com\/es\/freizeit\/veranstaltungen-events\/veranstaltungen-ihr-guide-fuer-februar-und-maerz-an-der-costa-blanca\/\" tabindex=\"-1\" ><div class=\"elementor-post__thumbnail\"><img loading=\"lazy\" decoding=\"async\" width=\"878\" height=\"278\" src=\"https:\/\/costablanca-magazin.com\/wp-content\/uploads\/2025\/02\/Fallas-Valencia.jpeg\" class=\"attachment-2048x2048 size-2048x2048 wp-image-4818\" alt=\"Fallas Valencia\" srcset=\"https:\/\/costablanca-magazin.com\/wp-content\/uploads\/2025\/02\/Fallas-Valencia.jpeg 878w, https:\/\/costablanca-magazin.com\/wp-content\/uploads\/2025\/02\/Fallas-Valencia-300x95.jpeg 300w, https:\/\/costablanca-magazin.com\/wp-content\/uploads\/2025\/02\/Fallas-Valencia-768x243.jpeg 768w\" sizes=\"(max-width: 878px) 100vw, 878px\" \/><\/div><\/a>\n\t\t\t\t<div class=\"elementor-post__badge\">Eventos<\/div>\n\t\t\t\t<div class=\"elementor-post__avatar\">\n\t\t\t\t\t<\/div>\n\t\t\t\t<div class=\"elementor-post__text\">\n\t\t\t\t<h3 class=\"elementor-post__title\">\n\t\t\t<a href=\"https:\/\/costablanca-magazin.com\/es\/freizeit\/veranstaltungen-events\/veranstaltungen-ihr-guide-fuer-februar-und-maerz-an-der-costa-blanca\/\" >\n\t\t\t\tEventos - Su gu\u00eda para febrero y marzo en la Costa Blanca\t\t\t<\/a>\n\t\t<\/h3>\n\t\t\t\t<\/div>\n\t\t\t\t\t<\/div>\n\t\t<\/article>\n\t\t\t\t<\/div>\n\t\t\n\t\t\t\t\t\t<\/div>\n\t\t\t\t<\/div>\n\t\t\t\t\t<\/div>\n\t\t\t\t<\/div>\n\t\t\t\t<\/div>","protected":false},"excerpt":{"rendered":"<p>Mai und Juni an der Costa Blanca \u2013 Top Events erleben Von spannenden Ausstellungen \u00fcber mitrei\u00dfende Konzerte bis zu au\u00dfergew\u00f6hnlichen<\/p>","protected":false},"author":3,"featured_media":1910,"comment_status":"closed","ping_status":"closed","sticky":false,"template":"elementor_header_footer","format":"standard","meta":{"om_disable_all_campaigns":false,"_monsterinsights_skip_tracking":false,"_monsterinsights_sitenote_active":false,"_monsterinsights_sitenote_note":"","_monsterinsights_sitenote_category":0,"footnotes":""},"categories":[23],"tags":[910,133,850,911,912,849],"class_list":["post-6739","post","type-post","status-publish","format-standard","has-post-thumbnail","hentry","category-veranstaltungen-events","tag-events-costablanca","tag-fiesta-costablanca","tag-mai-und-juni-veranstaltungen","tag-moros-y-cristianos","tag-patronatsfest","tag-veranstaltungen-costa-blanca"],"aioseo_notices":[],"_links":{"self":[{"href":"https:\/\/costablanca-magazin.com\/es\/wp-json\/wp\/v2\/posts\/6739","targetHints":{"allow":["GET"]}}],"collection":[{"href":"https:\/\/costablanca-magazin.com\/es\/wp-json\/wp\/v2\/posts"}],"about":[{"href":"https:\/\/costablanca-magazin.com\/es\/wp-json\/wp\/v2\/types\/post"}],"author":[{"embeddable":true,"href":"https:\/\/costablanca-magazin.com\/es\/wp-json\/wp\/v2\/users\/3"}],"replies":[{"embeddable":true,"href":"https:\/\/costablanca-magazin.com\/es\/wp-json\/wp\/v2\/comments?post=6739"}],"version-history":[{"count":13,"href":"https:\/\/costablanca-magazin.com\/es\/wp-json\/wp\/v2\/posts\/6739\/revisions"}],"predecessor-version":[{"id":6948,"href":"https:\/\/costablanca-magazin.com\/es\/wp-json\/wp\/v2\/posts\/6739\/revisions\/6948"}],"wp:featuredmedia":[{"embeddable":true,"href":"https:\/\/costablanca-magazin.com\/es\/wp-json\/wp\/v2\/media\/1910"}],"wp:attachment":[{"href":"https:\/\/costablanca-magazin.com\/es\/wp-json\/wp\/v2\/media?parent=6739"}],"wp:term":[{"taxonomy":"category","embeddable":true,"href":"https:\/\/costablanca-magazin.com\/es\/wp-json\/wp\/v2\/categories?post=6739"},{"taxonomy":"post_tag","embeddable":true,"href":"https:\/\/costablanca-magazin.com\/es\/wp-json\/wp\/v2\/tags?post=6739"}],"curies":[{"name":"wp","href":"https:\/\/api.w.org\/{rel}","templated":true}]}}