{"id":6565,"date":"2025-04-28T09:00:00","date_gmt":"2025-04-28T07:00:00","guid":{"rendered":"https:\/\/costablanca-magazin.com\/?p=6565"},"modified":"2025-07-08T05:25:28","modified_gmt":"2025-07-08T03:25:28","slug":"marina-baixa-se-beneficia-de-las-lluvias-pero-necesita-perspectivas","status":"publish","type":"post","link":"https:\/\/costablanca-magazin.com\/es\/lokales\/news-politik\/marina-baixa-profitiert-vom-regen-braucht-aber-perspektiven\/","title":{"rendered":"La Marina Baixa se beneficia de la lluvia, pero necesita perspectivas"},"content":{"rendered":"<div data-elementor-type=\"wp-post\" data-elementor-id=\"6565\" class=\"elementor elementor-6565\" data-elementor-post-type=\"post\">\n\t\t\t\t<div class=\"elementor-element elementor-element-92e807d e-flex e-con-boxed e-con e-parent\" data-id=\"92e807d\" data-element_type=\"container\" data-e-type=\"container\">\n\t\t\t\t\t<div class=\"e-con-inner\">\n\t\t\t\t<div class=\"elementor-element elementor-element-f201b81 elementor-widget elementor-widget-heading\" data-id=\"f201b81\" data-element_type=\"widget\" data-e-type=\"widget\" data-widget_type=\"heading.default\">\n\t\t\t\t<div class=\"elementor-widget-container\">\n\t\t\t\t\t<h1 class=\"elementor-heading-title elementor-size-default\">Marina Baixa\nse beneficia de la\nlluvia, pero necesita\nperspectivas<\/h1>\t\t\t\t<\/div>\n\t\t\t\t<\/div>\n\t\t\t\t<div class=\"elementor-element elementor-element-67443c9 elementor-widget elementor-widget-image\" data-id=\"67443c9\" data-element_type=\"widget\" data-e-type=\"widget\" data-widget_type=\"image.default\">\n\t\t\t\t<div class=\"elementor-widget-container\">\n\t\t\t\t\t\t\t\t\t\t\t\t\t\t\t<img decoding=\"async\" src=\"https:\/\/costablanca-magazin.com\/wp-content\/uploads\/elementor\/thumbs\/happy-girl-playing-by-the-forest-lake-with-an-umbr-2025-02-09-23-48-03-utc-scaled-rjc5qp5eo0azfb27m3omr8705pvfc34ifdzh31bjbc.jpg\" title=\"La Marina Baixa se beneficia de la lluvia, pero necesita perspectivas\" alt=\"La Marina Baixa se beneficia de la lluvia, pero necesita perspectivas\" loading=\"lazy\" \/>\t\t\t\t\t\t\t\t\t\t\t\t\t\t\t<\/div>\n\t\t\t\t<\/div>\n\t\t\t\t<div class=\"elementor-element elementor-element-7b7d3d0 elementor-widget elementor-widget-heading\" data-id=\"7b7d3d0\" data-element_type=\"widget\" data-e-type=\"widget\" data-widget_type=\"heading.default\">\n\t\t\t\t<div class=\"elementor-widget-container\">\n\t\t\t\t\t<h2 class=\"elementor-heading-title elementor-size-default\">Entre respirar aliviado y esperar. Con un nivel de llenado superior a 50%, la regi\u00f3n est\u00e1 mejor situada\nque en 2024 - sigue habiendo problemas estructurales.<\/h2>\t\t\t\t<\/div>\n\t\t\t\t<\/div>\n\t\t\t\t<div class=\"elementor-element elementor-element-641a469 elementor-widget elementor-widget-text-editor\" data-id=\"641a469\" data-element_type=\"widget\" data-e-type=\"widget\" data-widget_type=\"text-editor.default\">\n\t\t\t\t<div class=\"elementor-widget-container\">\n\t\t\t\t\t\t\t\t\t<p>Las recientes lluvias han aliviado la situaci\u00f3n, pero persisten problemas fundamentales de infraestructura. A pesar del aumento del nivel de los embalses, la regi\u00f3n espera en vano inversiones cruciales.<br \/>Aunque las lluvias de las \u00faltimas semanas han supuesto un alivio, la situaci\u00f3n del agua en la Marina Baixa sigue siendo tensa. Las reservas de almacenamiento se sit\u00faan actualmente en torno al 53%, lo que supone un aumento significativo respecto al a\u00f1o anterior (41%) y ligeramente por encima de la media decenal (48%). No obstante, seg\u00fan la Confederaci\u00f3n Hidrogr\u00e1fica del J\u00facar (CHJ), la comarca sigue oficialmente en situaci\u00f3n de emergencia por sequ\u00eda, al ser el \u00fanico de los nueve sistemas de gesti\u00f3n de la cuenca hidrogr\u00e1fica del J\u00facar.<\/p><p>Las comunidades afectadas llevan a\u00f1os esperando una modernizaci\u00f3n sostenible de las infraestructuras h\u00eddricas. Recientemente se han vuelto a poner de manifiesto los d\u00e9ficits estructurales: aunque llueve m\u00e1s en ciertas zonas, las capacidades de almacenamiento no son suficientes para utilizar estos vol\u00famenes a largo plazo.<br \/><br \/>Alta demanda, baja capacidad<br \/>El agua es un recurso cr\u00edtico, sobre todo en la Marina Baixa, donde m\u00e1s del 93% de la poblaci\u00f3n comarcal se concentra en s\u00f3lo el 41% de la superficie. Los embalses de Amadorio y Guadalest -elementos centrales del suministro- s\u00f3lo almacenan en conjunto 25 hm\u00b3. Incluso periodos secos medios como los de 2023\/2024 llevar\u00e1n el sistema al l\u00edmite.<\/p><p>Tambi\u00e9n se han criticado los requisitos de la CHJ: se exigen vertidos ecol\u00f3gicos m\u00ednimos en r\u00edas como la del Guadalest o la del Amadorio, aunque \u00e9stas s\u00f3lo lleven agua temporalmente. Est\u00e1 pendiente un recurso ante el Tribunal Supremo.<\/p><p><strong>Mucho prometido, poco realizado<\/strong><br \/>En el actual plan nacional de gesti\u00f3n se han previsto inversiones por un total de 57,6 millones de euros para la regi\u00f3n, ninguna de las cuales se ha ejecutado hasta la fecha. Siguen faltando nuevos embalses, mejores cuencas de retenci\u00f3n o una mejor conexi\u00f3n con las plantas desalinizadoras existentes. La \u00faltima gran medida fue la conexi\u00f3n con la desaladora de Mutxamel, que entr\u00f3 en funcionamiento en 2014.<\/p><p><strong>Soluciones temporales con un sistema<\/strong><br \/>La regi\u00f3n ha demostrado durante d\u00e9cadas que la gesti\u00f3n pragm\u00e1tica y local del agua funciona, incluso sin apoyo centralizado. Sin embargo, el crecimiento demogr\u00e1fico, el aumento de la demanda agr\u00edcola y la creciente presi\u00f3n sobre las reservas ecol\u00f3gicas dejan claro que, sin una adici\u00f3n estrat\u00e9gica de infraestructuras adicionales -como la planta desalinizadora prevista en Benidorm a partir de 2028-, el suministro no est\u00e1 asegurado a medio plazo.<\/p><p>A pesar de que actualmente los embalses est\u00e1n mejor llenos, la situaci\u00f3n del agua en la Marina Baixa sigue siendo un tema delicado. Lo que falta no es un alivio a corto plazo, sino una perspectiva a largo plazo.<\/p><p>En <a href=\"https:\/\/www.embalses.net\" target=\"_blank\" rel=\"noopener\">www.embalses.net<\/a> encontrar\u00e1 los niveles de agua actualizados diariamente<\/p>\t\t\t\t\t\t\t\t<\/div>\n\t\t\t\t<\/div>\n\t\t\t\t\t<\/div>\n\t\t\t\t<\/div>\n\t\t<div class=\"elementor-element elementor-element-44451ef e-flex e-con-boxed e-con e-parent\" data-id=\"44451ef\" data-element_type=\"container\" data-e-type=\"container\">\n\t\t\t\t\t<div class=\"e-con-inner\">\n\t\t\t\t<div class=\"elementor-element elementor-element-4a99165 elementor-grid-3 elementor-grid-tablet-2 elementor-grid-mobile-1 elementor-posts--thumbnail-top elementor-posts--show-avatar elementor-card-shadow-yes elementor-posts__hover-gradient elementor-widget elementor-widget-posts\" data-id=\"4a99165\" data-element_type=\"widget\" data-e-type=\"widget\" data-settings=\"{&quot;cards_columns&quot;:&quot;3&quot;,&quot;cards_columns_tablet&quot;:&quot;2&quot;,&quot;cards_columns_mobile&quot;:&quot;1&quot;,&quot;cards_row_gap&quot;:{&quot;unit&quot;:&quot;px&quot;,&quot;size&quot;:35,&quot;sizes&quot;:[]},&quot;cards_row_gap_tablet&quot;:{&quot;unit&quot;:&quot;px&quot;,&quot;size&quot;:&quot;&quot;,&quot;sizes&quot;:[]},&quot;cards_row_gap_mobile&quot;:{&quot;unit&quot;:&quot;px&quot;,&quot;size&quot;:&quot;&quot;,&quot;sizes&quot;:[]}}\" data-widget_type=\"posts.cards\">\n\t\t\t\t<div class=\"elementor-widget-container\">\n\t\t\t\t\t\t\t<div class=\"elementor-posts-container elementor-posts elementor-posts--skin-cards elementor-grid\" role=\"list\">\n\t\t\t\t<article class=\"elementor-post elementor-grid-item post-5317 post type-post status-publish format-standard has-post-thumbnail hentry category-infos tag-fastenzeit tag-suessen tag-versuchungen tag-zwischen\" role=\"listitem\">\n\t\t\t<div class=\"elementor-post__card\">\n\t\t\t\t<a class=\"elementor-post__thumbnail__link\" href=\"https:\/\/costablanca-magazin.com\/es\/lokales\/infos\/costa-blanca-zwischen-fastenzeit-und-suessen-versuchungen\/\" tabindex=\"-1\" ><div class=\"elementor-post__thumbnail\"><img fetchpriority=\"high\" decoding=\"async\" width=\"300\" height=\"200\" src=\"https:\/\/costablanca-magazin.com\/wp-content\/uploads\/2025\/03\/chocolate-easter-bunny-eggs-and-sweets-on-rustic-2024-09-18-18-55-58-utc-300x200.jpg\" class=\"attachment-medium size-medium wp-image-5319\" alt=\"Entre la Cuaresma y las tentaciones dulces\" srcset=\"https:\/\/costablanca-magazin.com\/wp-content\/uploads\/2025\/03\/chocolate-easter-bunny-eggs-and-sweets-on-rustic-2024-09-18-18-55-58-utc-300x200.jpg 300w, https:\/\/costablanca-magazin.com\/wp-content\/uploads\/2025\/03\/chocolate-easter-bunny-eggs-and-sweets-on-rustic-2024-09-18-18-55-58-utc-1024x683.jpg 1024w, https:\/\/costablanca-magazin.com\/wp-content\/uploads\/2025\/03\/chocolate-easter-bunny-eggs-and-sweets-on-rustic-2024-09-18-18-55-58-utc-768x512.jpg 768w, https:\/\/costablanca-magazin.com\/wp-content\/uploads\/2025\/03\/chocolate-easter-bunny-eggs-and-sweets-on-rustic-2024-09-18-18-55-58-utc-1536x1024.jpg 1536w, https:\/\/costablanca-magazin.com\/wp-content\/uploads\/2025\/03\/chocolate-easter-bunny-eggs-and-sweets-on-rustic-2024-09-18-18-55-58-utc-2048x1365.jpg 2048w\" sizes=\"(max-width: 300px) 100vw, 300px\" \/><\/div><\/a>\n\t\t\t\t<div class=\"elementor-post__badge\">Informaci\u00f3n<\/div>\n\t\t\t\t<div class=\"elementor-post__avatar\">\n\t\t\t\t\t<\/div>\n\t\t\t\t<div class=\"elementor-post__text\">\n\t\t\t\t<h3 class=\"elementor-post__title\">\n\t\t\t<a href=\"https:\/\/costablanca-magazin.com\/es\/lokales\/infos\/costa-blanca-zwischen-fastenzeit-und-suessen-versuchungen\/\" >\n\t\t\t\tCosta Blanca - Entre la Cuaresma y las dulces tentaciones\t\t\t<\/a>\n\t\t<\/h3>\n\t\t\t\t<\/div>\n\t\t\t\t\t<\/div>\n\t\t<\/article>\n\t\t\t\t<article class=\"elementor-post elementor-grid-item post-5286 post type-post status-publish format-standard has-post-thumbnail hentry category-infos\" role=\"listitem\">\n\t\t\t<div class=\"elementor-post__card\">\n\t\t\t\t<a class=\"elementor-post__thumbnail__link\" href=\"https:\/\/costablanca-magazin.com\/es\/lokales\/infos\/oster-wortschatz-den-sie-an-der-costa-blanca-brauchen-werden\/\" tabindex=\"-1\" ><div class=\"elementor-post__thumbnail\"><img decoding=\"async\" width=\"300\" height=\"100\" src=\"https:\/\/costablanca-magazin.com\/wp-content\/uploads\/2025\/03\/easter-eggs-nest-with-bunnies-celebrating-spring-h-2025-02-06-18-31-13-utc-e1742402120689-300x100.jpg\" class=\"attachment-medium size-medium wp-image-5288\" alt=\"Vocabulario de Pascua\" srcset=\"https:\/\/costablanca-magazin.com\/wp-content\/uploads\/2025\/03\/easter-eggs-nest-with-bunnies-celebrating-spring-h-2025-02-06-18-31-13-utc-e1742402120689-300x100.jpg 300w, https:\/\/costablanca-magazin.com\/wp-content\/uploads\/2025\/03\/easter-eggs-nest-with-bunnies-celebrating-spring-h-2025-02-06-18-31-13-utc-e1742402120689-1024x341.jpg 1024w, https:\/\/costablanca-magazin.com\/wp-content\/uploads\/2025\/03\/easter-eggs-nest-with-bunnies-celebrating-spring-h-2025-02-06-18-31-13-utc-e1742402120689-768x256.jpg 768w, https:\/\/costablanca-magazin.com\/wp-content\/uploads\/2025\/03\/easter-eggs-nest-with-bunnies-celebrating-spring-h-2025-02-06-18-31-13-utc-e1742402120689-1536x512.jpg 1536w, https:\/\/costablanca-magazin.com\/wp-content\/uploads\/2025\/03\/easter-eggs-nest-with-bunnies-celebrating-spring-h-2025-02-06-18-31-13-utc-e1742402120689-2048x683.jpg 2048w\" sizes=\"(max-width: 300px) 100vw, 300px\" \/><\/div><\/a>\n\t\t\t\t<div class=\"elementor-post__badge\">Informaci\u00f3n<\/div>\n\t\t\t\t<div class=\"elementor-post__avatar\">\n\t\t\t\t\t<\/div>\n\t\t\t\t<div class=\"elementor-post__text\">\n\t\t\t\t<h3 class=\"elementor-post__title\">\n\t\t\t<a href=\"https:\/\/costablanca-magazin.com\/es\/lokales\/infos\/oster-wortschatz-den-sie-an-der-costa-blanca-brauchen-werden\/\" >\n\t\t\t\tVocabulario de Semana Santa que necesitar\u00e1 en la Costa Blanca\t\t\t<\/a>\n\t\t<\/h3>\n\t\t\t\t<\/div>\n\t\t\t\t\t<\/div>\n\t\t<\/article>\n\t\t\t\t<article class=\"elementor-post elementor-grid-item post-4932 post type-post status-publish format-standard has-post-thumbnail hentry category-infos tag-glovo-costa-blanca tag-lebensmittel-lieferdienst-costa-blanca tag-masymas-hauslieferservice tag-pepe-la-sal-online-shop tag-supermarkt-lieferung-marina-alta tag-supermercado-costablanca-online tag-uber-eats-costa-blanca\" role=\"listitem\">\n\t\t\t<div class=\"elementor-post__card\">\n\t\t\t\t<a class=\"elementor-post__thumbnail__link\" href=\"https:\/\/costablanca-magazin.com\/es\/lokales\/infos\/lieferhelden-und-sofa-shopper-die-neue-bequemlichkeit\/\" tabindex=\"-1\" ><div class=\"elementor-post__thumbnail\"><img decoding=\"async\" width=\"300\" height=\"200\" src=\"https:\/\/costablanca-magazin.com\/wp-content\/uploads\/2025\/02\/food-delivery-service-courier-giving-customer-pizz-2023-11-27-05-34-07-utc-300x200.jpg\" class=\"attachment-medium size-medium wp-image-4934\" alt=\"H\u00e9roes de la entrega a domicilio y compradores desde el sof\u00e1: la nueva comodidad\" srcset=\"https:\/\/costablanca-magazin.com\/wp-content\/uploads\/2025\/02\/food-delivery-service-courier-giving-customer-pizz-2023-11-27-05-34-07-utc-300x200.jpg 300w, https:\/\/costablanca-magazin.com\/wp-content\/uploads\/2025\/02\/food-delivery-service-courier-giving-customer-pizz-2023-11-27-05-34-07-utc-1024x683.jpg 1024w, https:\/\/costablanca-magazin.com\/wp-content\/uploads\/2025\/02\/food-delivery-service-courier-giving-customer-pizz-2023-11-27-05-34-07-utc-768x512.jpg 768w, https:\/\/costablanca-magazin.com\/wp-content\/uploads\/2025\/02\/food-delivery-service-courier-giving-customer-pizz-2023-11-27-05-34-07-utc-1536x1024.jpg 1536w, https:\/\/costablanca-magazin.com\/wp-content\/uploads\/2025\/02\/food-delivery-service-courier-giving-customer-pizz-2023-11-27-05-34-07-utc-2048x1365.jpg 2048w\" sizes=\"(max-width: 300px) 100vw, 300px\" \/><\/div><\/a>\n\t\t\t\t<div class=\"elementor-post__badge\">Informaci\u00f3n<\/div>\n\t\t\t\t<div class=\"elementor-post__avatar\">\n\t\t\t\t\t<\/div>\n\t\t\t\t<div class=\"elementor-post__text\">\n\t\t\t\t<h3 class=\"elementor-post__title\">\n\t\t\t<a href=\"https:\/\/costablanca-magazin.com\/es\/lokales\/infos\/lieferhelden-und-sofa-shopper-die-neue-bequemlichkeit\/\" >\n\t\t\t\tH\u00e9roes del reparto y compradores de sof\u00e1: la nueva comodidad\t\t\t<\/a>\n\t\t<\/h3>\n\t\t\t\t<\/div>\n\t\t\t\t\t<\/div>\n\t\t<\/article>\n\t\t\t\t<\/div>\n\t\t\n\t\t\t\t\t\t<\/div>\n\t\t\t\t<\/div>\n\t\t\t\t\t<\/div>\n\t\t\t\t<\/div>\n\t\t\t\t<\/div>","protected":false},"excerpt":{"rendered":"<p>La Marina Baixa se beneficia de la lluvia, pero necesita tomarse un respiro y esperar a ver qu\u00e9 pasa. Con m\u00e1s de 50% de nivel, la comarca est\u00e1 mejor<\/p>","protected":false},"author":1,"featured_media":6575,"comment_status":"closed","ping_status":"closed","sticky":false,"template":"elementor_header_footer","format":"standard","meta":{"footnotes":""},"categories":[12],"tags":[841,842,840],"class_list":["post-6565","post","type-post","status-publish","format-standard","has-post-thumbnail","hentry","category-news-politik","tag-nach-vielen-regen-entspannt-sich-die-grundwassersituation","tag-trinkwasser-costa-blanca","tag-wassersituation-an-der-costa-blanca"],"aioseo_notices":[],"_links":{"self":[{"href":"https:\/\/costablanca-magazin.com\/es\/wp-json\/wp\/v2\/posts\/6565","targetHints":{"allow":["GET"]}}],"collection":[{"href":"https:\/\/costablanca-magazin.com\/es\/wp-json\/wp\/v2\/posts"}],"about":[{"href":"https:\/\/costablanca-magazin.com\/es\/wp-json\/wp\/v2\/types\/post"}],"author":[{"embeddable":true,"href":"https:\/\/costablanca-magazin.com\/es\/wp-json\/wp\/v2\/users\/1"}],"replies":[{"embeddable":true,"href":"https:\/\/costablanca-magazin.com\/es\/wp-json\/wp\/v2\/comments?post=6565"}],"version-history":[{"count":13,"href":"https:\/\/costablanca-magazin.com\/es\/wp-json\/wp\/v2\/posts\/6565\/revisions"}],"predecessor-version":[{"id":6836,"href":"https:\/\/costablanca-magazin.com\/es\/wp-json\/wp\/v2\/posts\/6565\/revisions\/6836"}],"wp:featuredmedia":[{"embeddable":true,"href":"https:\/\/costablanca-magazin.com\/es\/wp-json\/wp\/v2\/media\/6575"}],"wp:attachment":[{"href":"https:\/\/costablanca-magazin.com\/es\/wp-json\/wp\/v2\/media?parent=6565"}],"wp:term":[{"taxonomy":"category","embeddable":true,"href":"https:\/\/costablanca-magazin.com\/es\/wp-json\/wp\/v2\/categories?post=6565"},{"taxonomy":"post_tag","embeddable":true,"href":"https:\/\/costablanca-magazin.com\/es\/wp-json\/wp\/v2\/tags?post=6565"}],"curies":[{"name":"wp","href":"https:\/\/api.w.org\/{rel}","templated":true}]}}