{"id":5708,"date":"2025-04-18T09:00:00","date_gmt":"2025-04-18T07:00:00","guid":{"rendered":"https:\/\/costablanca-magazin.com\/?p=5708"},"modified":"2026-03-09T09:54:10","modified_gmt":"2026-03-09T08:54:10","slug":"faro-de-lalbir-en-la-costa-blanca-senderismo-con-vistas-panoramicas","status":"publish","type":"post","link":"https:\/\/costablanca-magazin.com\/es\/freizeit\/aktivitaeten-und-ausfluege\/faro-de-lalbir-an-der-costa-blanca-wandern-mit-weitblick\/","title":{"rendered":"Faro de l'Albir en la Costa Blanca - senderismo con vistas de gran alcance"},"content":{"rendered":"<div data-elementor-type=\"wp-post\" data-elementor-id=\"5708\" class=\"elementor elementor-5708\" data-elementor-post-type=\"post\">\n\t\t\t\t\t\t<section class=\"elementor-section elementor-top-section elementor-element elementor-element-0ca9219 elementor-section-boxed elementor-section-height-default elementor-section-height-default\" data-id=\"0ca9219\" data-element_type=\"section\" data-e-type=\"section\">\n\t\t\t\t\t\t<div class=\"elementor-container elementor-column-gap-default\">\n\t\t\t\t\t<div class=\"elementor-column elementor-col-100 elementor-top-column elementor-element elementor-element-6e6272c\" data-id=\"6e6272c\" data-element_type=\"column\" data-e-type=\"column\">\n\t\t\t<div class=\"elementor-widget-wrap elementor-element-populated\">\n\t\t\t\t\t\t<div class=\"elementor-element elementor-element-f1a900f elementor-widget elementor-widget-text-editor\" data-id=\"f1a900f\" data-element_type=\"widget\" data-e-type=\"widget\" data-widget_type=\"text-editor.default\">\n\t\t\t\t<div class=\"elementor-widget-container\">\n\t\t\t\t\t\t\t\t\t<p class=\"ai-h1title\"><strong>Faro de l'Albir en la Costa Blanca - senderismo con vistas de gran alcance<\/strong><\/p>\t\t\t\t\t\t\t\t<\/div>\n\t\t\t\t<\/div>\n\t\t\t\t\t<\/div>\n\t\t<\/div>\n\t\t\t\t\t<\/div>\n\t\t<\/section>\n\t\t<div class=\"elementor-element elementor-element-d5f3770 e-flex e-con-boxed e-con e-parent\" data-id=\"d5f3770\" data-element_type=\"container\" data-e-type=\"container\">\n\t\t\t\t\t<div class=\"e-con-inner\">\n\t\t\t\t<div class=\"elementor-element elementor-element-b7b7e71 elementor-widget elementor-widget-heading\" data-id=\"b7b7e71\" data-element_type=\"widget\" data-e-type=\"widget\" data-widget_type=\"heading.default\">\n\t\t\t\t<div class=\"elementor-widget-container\">\n\t\t\t\t\t<h1 class=\"elementor-heading-title elementor-size-default\">El Faro de l'Albir\n - Vista panor\u00e1mica hasta Ibiza<\/h1>\t\t\t\t<\/div>\n\t\t\t\t<\/div>\n\t\t\t\t<div class=\"elementor-element elementor-element-6dbcb47 elementor-widget elementor-widget-image\" data-id=\"6dbcb47\" data-element_type=\"widget\" data-e-type=\"widget\" data-widget_type=\"image.default\">\n\t\t\t\t<div class=\"elementor-widget-container\">\n\t\t\t\t\t\t\t\t\t\t\t\t\t\t\t<img fetchpriority=\"high\" decoding=\"async\" width=\"1781\" height=\"500\" src=\"https:\/\/costablanca-magazin.com\/wp-content\/uploads\/2025\/04\/CV-Ruta_al_Faro_del_Albir-_1781X500.jpg\" class=\"attachment-full size-full wp-image-5736\" alt=\"El Faro de l&#039;Albir 7\" srcset=\"https:\/\/costablanca-magazin.com\/wp-content\/uploads\/2025\/04\/CV-Ruta_al_Faro_del_Albir-_1781X500.jpg 1781w, https:\/\/costablanca-magazin.com\/wp-content\/uploads\/2025\/04\/CV-Ruta_al_Faro_del_Albir-_1781X500-300x84.jpg 300w, https:\/\/costablanca-magazin.com\/wp-content\/uploads\/2025\/04\/CV-Ruta_al_Faro_del_Albir-_1781X500-1024x287.jpg 1024w, https:\/\/costablanca-magazin.com\/wp-content\/uploads\/2025\/04\/CV-Ruta_al_Faro_del_Albir-_1781X500-768x216.jpg 768w, https:\/\/costablanca-magazin.com\/wp-content\/uploads\/2025\/04\/CV-Ruta_al_Faro_del_Albir-_1781X500-1536x431.jpg 1536w\" sizes=\"(max-width: 1781px) 100vw, 1781px\" \/>\t\t\t\t\t\t\t\t\t\t\t\t\t\t\t<\/div>\n\t\t\t\t<\/div>\n\t\t\t\t<div class=\"elementor-element elementor-element-9302c71 elementor-widget elementor-widget-heading\" data-id=\"9302c71\" data-element_type=\"widget\" data-e-type=\"widget\" data-widget_type=\"heading.default\">\n\t\t\t\t<div class=\"elementor-widget-container\">\n\t\t\t\t\t<h2 class=\"elementor-heading-title elementor-size-default\">Una excursi\u00f3n al Parque Natural de Serra Gelada ofrece algo m\u00e1s que aire puro: en el faro del Albir\nEn el faro del Albir se entrecruzan relajados senderos y rutas deportivas, con vistas lejanas que llegan hasta Ibiza.<\/h2>\t\t\t\t<\/div>\n\t\t\t\t<\/div>\n\t\t\t\t\t<\/div>\n\t\t\t\t<\/div>\n\t\t<div class=\"elementor-element elementor-element-ca03d4b e-flex e-con-boxed e-con e-parent\" data-id=\"ca03d4b\" data-element_type=\"container\" data-e-type=\"container\">\n\t\t\t\t\t<div class=\"e-con-inner\">\n\t\t<div class=\"elementor-element elementor-element-32b4e1e e-con-full e-flex e-con e-child\" data-id=\"32b4e1e\" data-element_type=\"container\" data-e-type=\"container\">\n\t\t\t\t<div class=\"elementor-element elementor-element-d5407c3 elementor-widget elementor-widget-text-editor\" data-id=\"d5407c3\" data-element_type=\"widget\" data-e-type=\"widget\" data-widget_type=\"text-editor.default\">\n\t\t\t\t<div class=\"elementor-widget-container\">\n\t\t\t\t\t\t\t\t\t<p>No todas las excursiones tienen que ser espectaculares para causar impresi\u00f3n. A veces basta con un sendero en buen estado, la luz adecuada y un destino que combine historia y vistas, como el Faro de l'Albir. El faro, que vigila la bah\u00eda del Albir desde el siglo XIX, es el centro de una peque\u00f1a pero variada red de senderos en el Parque Natural de la Serra Gelada, entre el Albir y Benidorm. El camino: tan accesible como paisaj\u00edstico.<\/p>\n<!-- ai-h1words -->\n<p>El Faro de l'Albir combina naturaleza, historia, vistas panor\u00e1micas y senderismo de una forma agradablemente desenfadada y es ideal para paseos cortos y excursiones m\u00e1s largas por la Serra Gelada.<\/p>\n<!-- \/ai-h1words -->\n\n\t\t\t\t\t\t\t\t<\/div>\n\t\t\t\t<\/div>\n\t\t\t\t<div class=\"elementor-element elementor-element-4edf50a elementor-widget-divider--separator-type-pattern elementor-widget-divider--view-line elementor-widget elementor-widget-divider\" data-id=\"4edf50a\" data-element_type=\"widget\" data-e-type=\"widget\" data-widget_type=\"divider.default\">\n\t\t\t\t<div class=\"elementor-widget-container\">\n\t\t\t\t\t\t\t<div class=\"elementor-divider\" style=\"--divider-pattern-url: url(&quot;data:image\/svg+xml,%3Csvg xmlns=&#039;http:\/\/www.w3.org\/2000\/svg&#039; preserveAspectRatio=&#039;none&#039; overflow=&#039;visible&#039; height=&#039;100%&#039; viewBox=&#039;0 0 24 24&#039; fill=&#039;none&#039; stroke=&#039;black&#039; stroke-width=&#039;3.5&#039; stroke-linecap=&#039;square&#039; stroke-miterlimit=&#039;10&#039;%3E%3Cpath d=&#039;M0,6c6,0,6,13,12,13S18,6,24,6&#039;\/%3E%3C\/svg%3E&quot;);\">\n\t\t\t<span class=\"elementor-divider-separator\">\n\t\t\t\t\t\t<\/span>\n\t\t<\/div>\n\t\t\t\t\t\t<\/div>\n\t\t\t\t<\/div>\n\t\t\t\t<div class=\"elementor-element elementor-element-5f66351 elementor-widget elementor-widget-gallery\" data-id=\"5f66351\" data-element_type=\"widget\" data-e-type=\"widget\" data-settings=\"{&quot;gap&quot;:{&quot;unit&quot;:&quot;px&quot;,&quot;size&quot;:1,&quot;sizes&quot;:[]},&quot;aspect_ratio&quot;:&quot;9:16&quot;,&quot;lazyload&quot;:&quot;yes&quot;,&quot;gallery_layout&quot;:&quot;grid&quot;,&quot;columns&quot;:4,&quot;columns_tablet&quot;:2,&quot;columns_mobile&quot;:1,&quot;gap_tablet&quot;:{&quot;unit&quot;:&quot;px&quot;,&quot;size&quot;:10,&quot;sizes&quot;:[]},&quot;gap_mobile&quot;:{&quot;unit&quot;:&quot;px&quot;,&quot;size&quot;:10,&quot;sizes&quot;:[]},&quot;link_to&quot;:&quot;file&quot;,&quot;overlay_background&quot;:&quot;yes&quot;,&quot;content_hover_animation&quot;:&quot;fade-in&quot;}\" data-widget_type=\"gallery.default\">\n\t\t\t\t<div class=\"elementor-widget-container\">\n\t\t\t\t\t\t\t<div class=\"elementor-gallery__container\">\n\t\t\t\t\t\t\t<a class=\"e-gallery-item elementor-gallery-item elementor-animated-content\" href=\"https:\/\/costablanca-magazin.com\/wp-content\/uploads\/2025\/04\/costablanca-lifestyle-wanderung-faro-de-albir-51-scaled.jpg\" data-elementor-open-lightbox=\"yes\" data-elementor-lightbox-slideshow=\"5f66351\" data-elementor-lightbox-title=\"Der Faro de l\u2019Albir\" data-elementor-lightbox-description=\"Der Faro de l\u2019Albir \" data-e-action-hash=\"#elementor-action%3Aaction%3Dlightbox%26settings%3DeyJpZCI6NTczNSwidXJsIjoiaHR0cHM6XC9cL2Nvc3RhYmxhbmNhLW1hZ2F6aW4uY29tXC93cC1jb250ZW50XC91cGxvYWRzXC8yMDI1XC8wNFwvY29zdGFibGFuY2EtbGlmZXN0eWxlLXdhbmRlcnVuZy1mYXJvLWRlLWFsYmlyLTUxLXNjYWxlZC5qcGciLCJzbGlkZXNob3ciOiI1ZjY2MzUxIn0%3D\">\n\t\t\t\t\t<div class=\"e-gallery-image elementor-gallery-item__image\" data-thumbnail=\"https:\/\/costablanca-magazin.com\/wp-content\/uploads\/2025\/04\/costablanca-lifestyle-wanderung-faro-de-albir-51-2048x1365.jpg\" data-width=\"2048\" data-height=\"1365\" aria-label=\"El Faro de l&#039;Albir 6\" role=\"img\" ><\/div>\n\t\t\t\t\t\t\t\t\t\t\t<div class=\"elementor-gallery-item__overlay\"><\/div>\n\t\t\t\t\t\t\t\t\t\t\t\t\t\t<\/a>\n\t\t\t\t\t\t\t<a class=\"e-gallery-item elementor-gallery-item elementor-animated-content\" href=\"https:\/\/costablanca-magazin.com\/wp-content\/uploads\/2025\/04\/costablanca-lifestyle-wanderung-faro-de-albir-46-scaled.jpg\" data-elementor-open-lightbox=\"yes\" data-elementor-lightbox-slideshow=\"5f66351\" data-elementor-lightbox-title=\"Der Faro de l\u2019Albir\" data-elementor-lightbox-description=\"Der Faro de l\u2019Albir \" data-e-action-hash=\"#elementor-action%3Aaction%3Dlightbox%26settings%3DeyJpZCI6NTczNCwidXJsIjoiaHR0cHM6XC9cL2Nvc3RhYmxhbmNhLW1hZ2F6aW4uY29tXC93cC1jb250ZW50XC91cGxvYWRzXC8yMDI1XC8wNFwvY29zdGFibGFuY2EtbGlmZXN0eWxlLXdhbmRlcnVuZy1mYXJvLWRlLWFsYmlyLTQ2LXNjYWxlZC5qcGciLCJzbGlkZXNob3ciOiI1ZjY2MzUxIn0%3D\">\n\t\t\t\t\t<div class=\"e-gallery-image elementor-gallery-item__image\" data-thumbnail=\"https:\/\/costablanca-magazin.com\/wp-content\/uploads\/2025\/04\/costablanca-lifestyle-wanderung-faro-de-albir-46-2048x1365.jpg\" data-width=\"2048\" data-height=\"1365\" aria-label=\"El Faro de l&#039;Albir 5\" role=\"img\" ><\/div>\n\t\t\t\t\t\t\t\t\t\t\t<div class=\"elementor-gallery-item__overlay\"><\/div>\n\t\t\t\t\t\t\t\t\t\t\t\t\t\t<\/a>\n\t\t\t\t\t\t\t<a class=\"e-gallery-item elementor-gallery-item elementor-animated-content\" href=\"https:\/\/costablanca-magazin.com\/wp-content\/uploads\/2025\/04\/costablanca-lifestyle-wanderung-faro-de-albir-8-rotated.jpg\" data-elementor-open-lightbox=\"yes\" data-elementor-lightbox-slideshow=\"5f66351\" data-elementor-lightbox-title=\"Der Faro de l\u2019Albir\" data-elementor-lightbox-description=\"Der Faro de l\u2019Albir \" data-e-action-hash=\"#elementor-action%3Aaction%3Dlightbox%26settings%3DeyJpZCI6NTcyOSwidXJsIjoiaHR0cHM6XC9cL2Nvc3RhYmxhbmNhLW1hZ2F6aW4uY29tXC93cC1jb250ZW50XC91cGxvYWRzXC8yMDI1XC8wNFwvY29zdGFibGFuY2EtbGlmZXN0eWxlLXdhbmRlcnVuZy1mYXJvLWRlLWFsYmlyLTgtcm90YXRlZC5qcGciLCJzbGlkZXNob3ciOiI1ZjY2MzUxIn0%3D\">\n\t\t\t\t\t<div class=\"e-gallery-image elementor-gallery-item__image\" data-thumbnail=\"https:\/\/costablanca-magazin.com\/wp-content\/uploads\/2025\/04\/costablanca-lifestyle-wanderung-faro-de-albir-8-1365x2048.jpg\" data-width=\"1365\" data-height=\"2048\" aria-label=\"El Faro de l&#039;Albir\" role=\"img\" ><\/div>\n\t\t\t\t\t\t\t\t\t\t\t<div class=\"elementor-gallery-item__overlay\"><\/div>\n\t\t\t\t\t\t\t\t\t\t\t\t\t\t<\/a>\n\t\t\t\t\t<\/div>\n\t\t\t\t\t<\/div>\n\t\t\t\t<\/div>\n\t\t\t\t<div class=\"elementor-element elementor-element-fea7558 elementor-widget-divider--separator-type-pattern elementor-widget-divider--view-line elementor-widget elementor-widget-divider\" data-id=\"fea7558\" data-element_type=\"widget\" data-e-type=\"widget\" data-widget_type=\"divider.default\">\n\t\t\t\t<div class=\"elementor-widget-container\">\n\t\t\t\t\t\t\t<div class=\"elementor-divider\" style=\"--divider-pattern-url: url(&quot;data:image\/svg+xml,%3Csvg xmlns=&#039;http:\/\/www.w3.org\/2000\/svg&#039; preserveAspectRatio=&#039;none&#039; overflow=&#039;visible&#039; height=&#039;100%&#039; viewBox=&#039;0 0 24 24&#039; fill=&#039;none&#039; stroke=&#039;black&#039; stroke-width=&#039;3.5&#039; stroke-linecap=&#039;square&#039; stroke-miterlimit=&#039;10&#039;%3E%3Cpath d=&#039;M0,6c6,0,6,13,12,13S18,6,24,6&#039;\/%3E%3C\/svg%3E&quot;);\">\n\t\t\t<span class=\"elementor-divider-separator\">\n\t\t\t\t\t\t<\/span>\n\t\t<\/div>\n\t\t\t\t\t\t<\/div>\n\t\t\t\t<\/div>\n\t\t\t\t<div class=\"elementor-element elementor-element-266286a elementor-widget elementor-widget-text-editor\" data-id=\"266286a\" data-element_type=\"widget\" data-e-type=\"widget\" data-widget_type=\"text-editor.default\">\n\t\t\t\t<div class=\"elementor-widget-container\">\n\t\t\t\t\t\t\t\t\t<p><strong>Asfalto, vistas, exposici\u00f3n - <\/strong><strong>La cl\u00e1sica ruta de los faros<\/strong><br \/>El sendero principal hasta el Faro tiene unos cinco kil\u00f3metros (ida y vuelta), est\u00e1 completamente trazado y no tiene barreras. Sigue la antigua ruta de abastecimiento y es apto para todas las edades, ya sea a pie, con cochecito o en bicicleta. A lo largo del camino hay paneles informativos sobre la geolog\u00eda, la vegetaci\u00f3n y la vida marina local. En d\u00edas despejados, las vistas se extienden por la bah\u00eda de Altea hasta el Pe\u00f1\u00f3n de Ifach. Los que llegan a su destino se ven recompensados con algo m\u00e1s que una vista panor\u00e1mica: el edificio del faro alberga ahora una peque\u00f1a exposici\u00f3n sobre la historia del sistema de se\u00f1alizaci\u00f3n mar\u00edtima de la regi\u00f3n.<br \/><br \/><strong>Para experimentados: Ascenso al Alt del Governador<\/strong><br \/>Si la ruta directa le resulta demasiado suave, puede tomar el sendero a medio camino hasta el Alt del Governador, el punto m\u00e1s alto del parque. La empinada subida exige una buena forma f\u00edsica, pero tambi\u00e9n ofrece unas vistas panor\u00e1micas espectaculares.<\/p>\t\t\t\t\t\t\t\t<\/div>\n\t\t\t\t<\/div>\n\t\t\t\t<\/div>\n\t\t<div class=\"elementor-element elementor-element-6e16620 e-con-full e-flex e-con e-child\" data-id=\"6e16620\" data-element_type=\"container\" data-e-type=\"container\">\n\t\t\t\t<div class=\"elementor-element elementor-element-9f02b7b elementor-widget elementor-widget-text-editor\" data-id=\"9f02b7b\" data-element_type=\"widget\" data-e-type=\"widget\" data-widget_type=\"text-editor.default\">\n\t\t\t\t<div class=\"elementor-widget-container\">\n\t\t\t\t\t\t\t\t\t<p>La ruta transcurre por senderos estrechos y sin asfaltar, por lo que es necesario ir bien calzado. Una vez en la cima, le espera una vista panor\u00e1mica que, con buen tiempo, llega hasta la vecina isla de Ibiza. <br \/><br \/><strong>Senda costera salvaje para exploradores<\/strong><br \/>La tercera opci\u00f3n lleva a lo largo de los escarpados acantilados. Menos desarrollada, con un paisaje variado, pero desafiante en algunos puntos. El camino conduce a calas escondidas, por senderos estrechos y entre vegetaci\u00f3n mediterr\u00e1nea. Si elige este tramo, deber\u00e1 ir con pies de plomo y disponer de tiempo suficiente. A cambio, la ruta ofrece una experiencia de naturaleza pura, lejos de los caminos principales.<\/p>\t\t\t\t\t\t\t\t<\/div>\n\t\t\t\t<\/div>\n\t\t\t\t<div class=\"elementor-element elementor-element-37a0e31 elementor-widget-divider--separator-type-pattern elementor-widget-divider--view-line elementor-widget elementor-widget-divider\" data-id=\"37a0e31\" data-element_type=\"widget\" data-e-type=\"widget\" data-widget_type=\"divider.default\">\n\t\t\t\t<div class=\"elementor-widget-container\">\n\t\t\t\t\t\t\t<div class=\"elementor-divider\" style=\"--divider-pattern-url: url(&quot;data:image\/svg+xml,%3Csvg xmlns=&#039;http:\/\/www.w3.org\/2000\/svg&#039; preserveAspectRatio=&#039;none&#039; overflow=&#039;visible&#039; height=&#039;100%&#039; viewBox=&#039;0 0 24 24&#039; fill=&#039;none&#039; stroke=&#039;black&#039; stroke-width=&#039;3.5&#039; stroke-linecap=&#039;square&#039; stroke-miterlimit=&#039;10&#039;%3E%3Cpath d=&#039;M0,6c6,0,6,13,12,13S18,6,24,6&#039;\/%3E%3C\/svg%3E&quot;);\">\n\t\t\t<span class=\"elementor-divider-separator\">\n\t\t\t\t\t\t<\/span>\n\t\t<\/div>\n\t\t\t\t\t\t<\/div>\n\t\t\t\t<\/div>\n\t\t\t\t<div class=\"elementor-element elementor-element-66cc65b elementor-widget elementor-widget-gallery\" data-id=\"66cc65b\" data-element_type=\"widget\" data-e-type=\"widget\" data-settings=\"{&quot;columns&quot;:2,&quot;gap&quot;:{&quot;unit&quot;:&quot;px&quot;,&quot;size&quot;:1,&quot;sizes&quot;:[]},&quot;lazyload&quot;:&quot;yes&quot;,&quot;gallery_layout&quot;:&quot;grid&quot;,&quot;columns_tablet&quot;:2,&quot;columns_mobile&quot;:1,&quot;gap_tablet&quot;:{&quot;unit&quot;:&quot;px&quot;,&quot;size&quot;:10,&quot;sizes&quot;:[]},&quot;gap_mobile&quot;:{&quot;unit&quot;:&quot;px&quot;,&quot;size&quot;:10,&quot;sizes&quot;:[]},&quot;link_to&quot;:&quot;file&quot;,&quot;aspect_ratio&quot;:&quot;3:2&quot;,&quot;overlay_background&quot;:&quot;yes&quot;,&quot;content_hover_animation&quot;:&quot;fade-in&quot;}\" data-widget_type=\"gallery.default\">\n\t\t\t\t<div class=\"elementor-widget-container\">\n\t\t\t\t\t\t\t<div class=\"elementor-gallery__container\">\n\t\t\t\t\t\t\t<a class=\"e-gallery-item elementor-gallery-item elementor-animated-content\" href=\"https:\/\/costablanca-magazin.com\/wp-content\/uploads\/2025\/04\/costablanca-lifestyle-wanderung-faro-de-albir-27-rotated.jpg\" data-elementor-open-lightbox=\"yes\" data-elementor-lightbox-slideshow=\"66cc65b\" data-elementor-lightbox-title=\"Der Faro de l\u2019Albir\" data-elementor-lightbox-description=\"Der Faro de l\u2019Albir \" data-e-action-hash=\"#elementor-action%3Aaction%3Dlightbox%26settings%3DeyJpZCI6NTczMSwidXJsIjoiaHR0cHM6XC9cL2Nvc3RhYmxhbmNhLW1hZ2F6aW4uY29tXC93cC1jb250ZW50XC91cGxvYWRzXC8yMDI1XC8wNFwvY29zdGFibGFuY2EtbGlmZXN0eWxlLXdhbmRlcnVuZy1mYXJvLWRlLWFsYmlyLTI3LXJvdGF0ZWQuanBnIiwic2xpZGVzaG93IjoiNjZjYzY1YiJ9\">\n\t\t\t\t\t<div class=\"e-gallery-image elementor-gallery-item__image\" data-thumbnail=\"https:\/\/costablanca-magazin.com\/wp-content\/uploads\/2025\/04\/costablanca-lifestyle-wanderung-faro-de-albir-27-683x1024.jpg\" data-width=\"683\" data-height=\"1024\" aria-label=\"El Faro de l&#039;Albir 2\" role=\"img\" ><\/div>\n\t\t\t\t\t\t\t\t\t\t\t<div class=\"elementor-gallery-item__overlay\"><\/div>\n\t\t\t\t\t\t\t\t\t\t\t\t\t\t<\/a>\n\t\t\t\t\t\t\t<a class=\"e-gallery-item elementor-gallery-item elementor-animated-content\" href=\"https:\/\/costablanca-magazin.com\/wp-content\/uploads\/2025\/04\/costablanca-lifestyle-wanderung-faro-de-albir-29-rotated.jpg\" data-elementor-open-lightbox=\"yes\" data-elementor-lightbox-slideshow=\"66cc65b\" data-elementor-lightbox-title=\"Der Faro de l\u2019Albir\" data-elementor-lightbox-description=\"Der Faro de l\u2019Albir \" data-e-action-hash=\"#elementor-action%3Aaction%3Dlightbox%26settings%3DeyJpZCI6NTczMiwidXJsIjoiaHR0cHM6XC9cL2Nvc3RhYmxhbmNhLW1hZ2F6aW4uY29tXC93cC1jb250ZW50XC91cGxvYWRzXC8yMDI1XC8wNFwvY29zdGFibGFuY2EtbGlmZXN0eWxlLXdhbmRlcnVuZy1mYXJvLWRlLWFsYmlyLTI5LXJvdGF0ZWQuanBnIiwic2xpZGVzaG93IjoiNjZjYzY1YiJ9\">\n\t\t\t\t\t<div class=\"e-gallery-image elementor-gallery-item__image\" data-thumbnail=\"https:\/\/costablanca-magazin.com\/wp-content\/uploads\/2025\/04\/costablanca-lifestyle-wanderung-faro-de-albir-29-683x1024.jpg\" data-width=\"683\" data-height=\"1024\" aria-label=\"El Faro de l&#039;Albir 3\" role=\"img\" ><\/div>\n\t\t\t\t\t\t\t\t\t\t\t<div class=\"elementor-gallery-item__overlay\"><\/div>\n\t\t\t\t\t\t\t\t\t\t\t\t\t\t<\/a>\n\t\t\t\t\t\t\t<a class=\"e-gallery-item elementor-gallery-item elementor-animated-content\" href=\"https:\/\/costablanca-magazin.com\/wp-content\/uploads\/2025\/04\/costablanca-lifestyle-wanderung-faro-de-albir-40-scaled.jpg\" data-elementor-open-lightbox=\"yes\" data-elementor-lightbox-slideshow=\"66cc65b\" data-elementor-lightbox-title=\"Der Faro de l\u2019Albir\" data-elementor-lightbox-description=\"Der Faro de l\u2019Albir \" data-e-action-hash=\"#elementor-action%3Aaction%3Dlightbox%26settings%3DeyJpZCI6NTczMywidXJsIjoiaHR0cHM6XC9cL2Nvc3RhYmxhbmNhLW1hZ2F6aW4uY29tXC93cC1jb250ZW50XC91cGxvYWRzXC8yMDI1XC8wNFwvY29zdGFibGFuY2EtbGlmZXN0eWxlLXdhbmRlcnVuZy1mYXJvLWRlLWFsYmlyLTQwLXNjYWxlZC5qcGciLCJzbGlkZXNob3ciOiI2NmNjNjViIn0%3D\">\n\t\t\t\t\t<div class=\"e-gallery-image elementor-gallery-item__image\" data-thumbnail=\"https:\/\/costablanca-magazin.com\/wp-content\/uploads\/2025\/04\/costablanca-lifestyle-wanderung-faro-de-albir-40-1024x683.jpg\" data-width=\"800\" data-height=\"534\" aria-label=\"El Faro de l&#039;Albir 4\" role=\"img\" ><\/div>\n\t\t\t\t\t\t\t\t\t\t\t<div class=\"elementor-gallery-item__overlay\"><\/div>\n\t\t\t\t\t\t\t\t\t\t\t\t\t\t<\/a>\n\t\t\t\t\t\t\t<a class=\"e-gallery-item elementor-gallery-item elementor-animated-content\" href=\"https:\/\/costablanca-magazin.com\/wp-content\/uploads\/2025\/04\/costablanca-lifestyle-wanderung-faro-de-albir-17-scaled.jpg\" data-elementor-open-lightbox=\"yes\" data-elementor-lightbox-slideshow=\"66cc65b\" data-elementor-lightbox-title=\"Der Faro de l\u2019Albir\" data-elementor-lightbox-description=\"Der Faro de l\u2019Albir \" data-e-action-hash=\"#elementor-action%3Aaction%3Dlightbox%26settings%3DeyJpZCI6NTczMCwidXJsIjoiaHR0cHM6XC9cL2Nvc3RhYmxhbmNhLW1hZ2F6aW4uY29tXC93cC1jb250ZW50XC91cGxvYWRzXC8yMDI1XC8wNFwvY29zdGFibGFuY2EtbGlmZXN0eWxlLXdhbmRlcnVuZy1mYXJvLWRlLWFsYmlyLTE3LXNjYWxlZC5qcGciLCJzbGlkZXNob3ciOiI2NmNjNjViIn0%3D\">\n\t\t\t\t\t<div class=\"e-gallery-image elementor-gallery-item__image\" data-thumbnail=\"https:\/\/costablanca-magazin.com\/wp-content\/uploads\/2025\/04\/costablanca-lifestyle-wanderung-faro-de-albir-17-1024x683.jpg\" data-width=\"800\" data-height=\"534\" aria-label=\"El Faro de l&#039;Albir 1\" role=\"img\" ><\/div>\n\t\t\t\t\t\t\t\t\t\t\t<div class=\"elementor-gallery-item__overlay\"><\/div>\n\t\t\t\t\t\t\t\t\t\t\t\t\t\t<\/a>\n\t\t\t\t\t<\/div>\n\t\t\t\t\t<\/div>\n\t\t\t\t<\/div>\n\t\t\t\t<div class=\"elementor-element elementor-element-ad72aeb elementor-widget-divider--separator-type-pattern elementor-widget-divider--view-line elementor-widget elementor-widget-divider\" data-id=\"ad72aeb\" data-element_type=\"widget\" data-e-type=\"widget\" data-widget_type=\"divider.default\">\n\t\t\t\t<div class=\"elementor-widget-container\">\n\t\t\t\t\t\t\t<div class=\"elementor-divider\" style=\"--divider-pattern-url: url(&quot;data:image\/svg+xml,%3Csvg xmlns=&#039;http:\/\/www.w3.org\/2000\/svg&#039; preserveAspectRatio=&#039;none&#039; overflow=&#039;visible&#039; height=&#039;100%&#039; viewBox=&#039;0 0 24 24&#039; fill=&#039;none&#039; stroke=&#039;black&#039; stroke-width=&#039;3.5&#039; stroke-linecap=&#039;square&#039; stroke-miterlimit=&#039;10&#039;%3E%3Cpath d=&#039;M0,6c6,0,6,13,12,13S18,6,24,6&#039;\/%3E%3C\/svg%3E&quot;);\">\n\t\t\t<span class=\"elementor-divider-separator\">\n\t\t\t\t\t\t<\/span>\n\t\t<\/div>\n\t\t\t\t\t\t<\/div>\n\t\t\t\t<\/div>\n\t\t\t\t<div class=\"elementor-element elementor-element-224cc9c elementor-widget elementor-widget-text-editor\" data-id=\"224cc9c\" data-element_type=\"widget\" data-e-type=\"widget\" data-widget_type=\"text-editor.default\">\n\t\t\t\t<div class=\"elementor-widget-container\">\n\t\t\t\t\t\t\t\t\t<p><strong>Disfrutar de la naturaleza sin largos desplazamientos<\/strong><br \/>El Faro de l'Albir es un ejemplo de lo que puede ser el ocio local en la Costa Blanca: vers\u00e1til, cerca de la naturaleza y apto para diferentes niveles de forma f\u00edsica. Si sale temprano, podr\u00e1 disfrutar de las horas m\u00e1s frescas y de la luz especial de las ma\u00f1anas, con vistas de gran alcance incluidas.<\/p><p>Ya sea para dar unos pasos o para recorrer ambiciosos metros de altura, el camino hacia el faro es siempre una buena decisi\u00f3n.<\/p>\t\t\t\t\t\t\t\t<\/div>\n\t\t\t\t<\/div>\n\t\t\t\t<\/div>\n\t\t\t\t\t<\/div>\n\t\t\t\t<\/div>\n\t\t\t\t<\/div>","protected":false},"excerpt":{"rendered":"<p>Faro de l\u2019Albir an der Costa Blanca &#8211; Wandern mit Weitblick Der Faro de l\u2019Albir &#8211; Rundumblick bis nach Ibiza Ein Ausflug in den Naturpark Serra Gelada bietet mehr als frische Luft: Am Leuchtturm von Albir kreuzen sich entspannte Spazierwege und sportliche Pfade \u2013 inklusive Fernsicht bis Ibiza. Nicht jeder Ausflug muss spektakul\u00e4r sein, um [&hellip;]<\/p>\n","protected":false},"author":1,"featured_media":5736,"comment_status":"closed","ping_status":"closed","sticky":false,"template":"elementor_header_footer","format":"standard","meta":{"om_disable_all_campaigns":false,"_monsterinsights_skip_tracking":false,"_monsterinsights_sitenote_active":false,"_monsterinsights_sitenote_note":"","_monsterinsights_sitenote_category":0,"footnotes":""},"categories":[22],"tags":[814,420,813,811,815,816,812,306],"class_list":["post-5708","post","type-post","status-publish","format-standard","has-post-thumbnail","hentry","category-aktivitaeten-und-ausfluege","tag-alt-del-governador","tag-ausfluege-costa-blanca","tag-barrierefreie-wanderwege-costa-blanca","tag-faro-de-lalbir","tag-kuestenpfad-albir","tag-naturpark-albir-benidorm","tag-serra-gelada-wanderung","tag-wandern-an-der-costa-blanca"],"aioseo_notices":[],"_links":{"self":[{"href":"https:\/\/costablanca-magazin.com\/es\/wp-json\/wp\/v2\/posts\/5708","targetHints":{"allow":["GET"]}}],"collection":[{"href":"https:\/\/costablanca-magazin.com\/es\/wp-json\/wp\/v2\/posts"}],"about":[{"href":"https:\/\/costablanca-magazin.com\/es\/wp-json\/wp\/v2\/types\/post"}],"author":[{"embeddable":true,"href":"https:\/\/costablanca-magazin.com\/es\/wp-json\/wp\/v2\/users\/1"}],"replies":[{"embeddable":true,"href":"https:\/\/costablanca-magazin.com\/es\/wp-json\/wp\/v2\/comments?post=5708"}],"version-history":[{"count":13,"href":"https:\/\/costablanca-magazin.com\/es\/wp-json\/wp\/v2\/posts\/5708\/revisions"}],"predecessor-version":[{"id":11063,"href":"https:\/\/costablanca-magazin.com\/es\/wp-json\/wp\/v2\/posts\/5708\/revisions\/11063"}],"wp:featuredmedia":[{"embeddable":true,"href":"https:\/\/costablanca-magazin.com\/es\/wp-json\/wp\/v2\/media\/5736"}],"wp:attachment":[{"href":"https:\/\/costablanca-magazin.com\/es\/wp-json\/wp\/v2\/media?parent=5708"}],"wp:term":[{"taxonomy":"category","embeddable":true,"href":"https:\/\/costablanca-magazin.com\/es\/wp-json\/wp\/v2\/categories?post=5708"},{"taxonomy":"post_tag","embeddable":true,"href":"https:\/\/costablanca-magazin.com\/es\/wp-json\/wp\/v2\/tags?post=5708"}],"curies":[{"name":"wp","href":"https:\/\/api.w.org\/{rel}","templated":true}]}}