{"id":5317,"date":"2025-03-29T09:00:00","date_gmt":"2025-03-29T08:00:00","guid":{"rendered":"https:\/\/costablanca-magazin.com\/?p=5317"},"modified":"2025-04-28T14:48:20","modified_gmt":"2025-04-28T12:48:20","slug":"costa-blanca-entre-la-cuaresma-y-las-dulces-tentaciones","status":"publish","type":"post","link":"https:\/\/costablanca-magazin.com\/es\/lokales\/infos\/costa-blanca-zwischen-fastenzeit-und-suessen-versuchungen\/","title":{"rendered":"Costa Blanca - Entre la Cuaresma y las dulces tentaciones"},"content":{"rendered":"<div data-elementor-type=\"wp-post\" data-elementor-id=\"5317\" class=\"elementor elementor-5317\" data-elementor-post-type=\"post\">\n\t\t\t\t<div class=\"elementor-element elementor-element-6389324 e-flex e-con-boxed e-con e-parent\" data-id=\"6389324\" data-element_type=\"container\" data-e-type=\"container\">\n\t\t\t\t\t<div class=\"e-con-inner\">\n\t\t\t\t<div class=\"elementor-element elementor-element-ca86933 elementor-widget elementor-widget-heading\" data-id=\"ca86933\" data-element_type=\"widget\" data-e-type=\"widget\" data-widget_type=\"heading.default\">\n\t\t\t\t<div class=\"elementor-widget-container\">\n\t\t\t\t\t<h1 class=\"elementor-heading-title elementor-size-default\">Costa Blanca: entre la Cuaresma y las dulces tentaciones<\/h1>\t\t\t\t<\/div>\n\t\t\t\t<\/div>\n\t\t\t\t<div class=\"elementor-element elementor-element-899f9fb elementor-widget elementor-widget-image\" data-id=\"899f9fb\" data-element_type=\"widget\" data-e-type=\"widget\" data-widget_type=\"image.default\">\n\t\t\t\t<div class=\"elementor-widget-container\">\n\t\t\t\t\t\t\t\t\t\t\t\t\t\t\t<img decoding=\"async\" src=\"https:\/\/costablanca-magazin.com\/wp-content\/uploads\/elementor\/thumbs\/chocolate-easter-bunny-eggs-and-sweets-on-rustic-2024-09-18-18-55-58-utc-scaled-rjc5z0231bo5zb014ovzs4rl28y5bu35khfvp10cco.jpg\" title=\"Entre la Cuaresma y las tentaciones dulces\" alt=\"Entre la Cuaresma y las tentaciones dulces\" loading=\"lazy\" \/>\t\t\t\t\t\t\t\t\t\t\t\t\t\t\t<\/div>\n\t\t\t\t<\/div>\n\t\t\t\t<div class=\"elementor-element elementor-element-5a99f21 elementor-widget elementor-widget-heading\" data-id=\"5a99f21\" data-element_type=\"widget\" data-e-type=\"widget\" data-widget_type=\"heading.default\">\n\t\t\t\t<div class=\"elementor-widget-container\">\n\t\t\t\t\t<h2 class=\"elementor-heading-title elementor-size-default\">C\u00f3mo se unen la historia, la fe y el placer en las especialidades de Pascua de la regi\u00f3n.<\/h2>\t\t\t\t<\/div>\n\t\t\t\t<\/div>\n\t\t\t\t\t<\/div>\n\t\t\t\t<\/div>\n\t\t<div class=\"elementor-element elementor-element-759cb1d e-flex e-con-boxed e-con e-parent\" data-id=\"759cb1d\" data-element_type=\"container\" data-e-type=\"container\">\n\t\t\t\t\t<div class=\"e-con-inner\">\n\t\t<div class=\"elementor-element elementor-element-5021648 e-con-full e-flex e-con e-child\" data-id=\"5021648\" data-element_type=\"container\" data-e-type=\"container\">\n\t\t\t\t<div class=\"elementor-element elementor-element-4fc242e elementor-widget elementor-widget-text-editor\" data-id=\"4fc242e\" data-element_type=\"widget\" data-e-type=\"widget\" data-widget_type=\"text-editor.default\">\n\t\t\t\t<div class=\"elementor-widget-container\">\n\t\t\t\t\t\t\t\t\t<p>Cuando comienza la Semana Santa en la Costa Blanca, en muchos hogares cobran protagonismo recetas especiales. El pescado sustituye a la carne, los dulces anuncian el final de la Cuaresma y el Lunes de Pascua se celebra con un picnic comunitario. La cocina de Pascua de la regi\u00f3n combina antiguas tradiciones con ingredientes regionales y ofrece una variedad culinaria que va mucho m\u00e1s all\u00e1 de las costumbres religiosas.<\/p><p>Ya sea el sabroso arroz con bacalao, los esponjosos bu\u00f1uelos o la tradicional mona de Pascua, que los padrinos regalan a sus ahijados, cada plato cuenta una historia. Pero, \u00bfqu\u00e9 especialidades hay que probar? \u00bfY d\u00f3nde se encuentran los mejores dulces de Pascua? Un viaje culinario de descubrimiento a lo largo de la Costa Blanca.<\/p><p><strong>De la renuncia al placer: <\/strong><strong>La Cuaresma como origen <\/strong><strong>de muchos platos<\/strong><br \/>Dado que la Cuaresma cristiana prescribe tradicionalmente la abstinencia de carne, en la regi\u00f3n se han desarrollado muchos platos de pescado y verduras, por ejemplo:;<\/p><p><strong>Potaje de Vigilia \u2013 <\/strong><strong>El guiso de Semana Santa<\/strong><br \/>Uno de los platos m\u00e1s emblem\u00e1ticos de la Semana Santa es el potaje de vigilia, un guiso sustancioso a base de garbanzos, espinacas y bacalao salado. Se sirve el Viernes Santo, d\u00eda de mayor abstinencia, y simboliza la sencillez y el recogimiento de esta \u00e9poca.<\/p><p><strong>Arroz con bacalao \u2013 <\/strong><strong>Cuando el arroz y el bacalao<\/strong> <strong>entablar una relaci\u00f3n<\/strong><br \/>Otro plato tradicional de Cuaresma es el arroz con bacalao, un arroz especiado con bacalao, garbanzos y ajos tiernos. El bacalao salado le da al plato una intensidad especial, mientras que los aromas de la regi\u00f3n \u2014piment\u00f3n, azafr\u00e1n y aceite de oliva\u2014 le aportan un toque mediterr\u00e1neo.<\/p>\t\t\t\t\t\t\t\t<\/div>\n\t\t\t\t<\/div>\n\t\t\t\t<\/div>\n\t\t<div class=\"elementor-element elementor-element-c9887b5 e-con-full e-flex e-con e-child\" data-id=\"c9887b5\" data-element_type=\"container\" data-e-type=\"container\">\n\t\t\t\t<div class=\"elementor-element elementor-element-a8f5e63 elementor-widget__width-initial elementor-widget elementor-widget-gallery\" data-id=\"a8f5e63\" data-element_type=\"widget\" data-e-type=\"widget\" data-settings=\"{&quot;columns&quot;:1,&quot;gap&quot;:{&quot;unit&quot;:&quot;px&quot;,&quot;size&quot;:2,&quot;sizes&quot;:[]},&quot;aspect_ratio&quot;:&quot;16:9&quot;,&quot;lazyload&quot;:&quot;yes&quot;,&quot;gallery_layout&quot;:&quot;grid&quot;,&quot;columns_tablet&quot;:2,&quot;columns_mobile&quot;:1,&quot;gap_tablet&quot;:{&quot;unit&quot;:&quot;px&quot;,&quot;size&quot;:10,&quot;sizes&quot;:[]},&quot;gap_mobile&quot;:{&quot;unit&quot;:&quot;px&quot;,&quot;size&quot;:10,&quot;sizes&quot;:[]},&quot;link_to&quot;:&quot;file&quot;,&quot;overlay_background&quot;:&quot;yes&quot;,&quot;content_hover_animation&quot;:&quot;fade-in&quot;}\" data-widget_type=\"gallery.default\">\n\t\t\t\t<div class=\"elementor-widget-container\">\n\t\t\t\t\t\t\t<div class=\"elementor-gallery__container\">\n\t\t\t\t\t\t\t<a class=\"e-gallery-item elementor-gallery-item elementor-animated-content\" href=\"https:\/\/costablanca-magazin.com\/wp-content\/uploads\/2025\/03\/die_inselzeitung_Mallorca-GastroOSTERN-Fisch-shutterstock_516638395-scaled.jpg\" data-elementor-open-lightbox=\"yes\" data-elementor-lightbox-slideshow=\"a8f5e63\" data-elementor-lightbox-title=\"Arroz con Bacalao\" data-elementor-lightbox-description=\"Arroz con Bacalao\" data-e-action-hash=\"#elementor-action%3Aaction%3Dlightbox%26settings%3DeyJpZCI6NTMyMSwidXJsIjoiaHR0cHM6XC9cL2Nvc3RhYmxhbmNhLW1hZ2F6aW4uY29tXC93cC1jb250ZW50XC91cGxvYWRzXC8yMDI1XC8wM1wvZGllX2luc2VsemVpdHVuZ19NYWxsb3JjYS1HYXN0cm9PU1RFUk4tRmlzY2gtc2h1dHRlcnN0b2NrXzUxNjYzODM5NS1zY2FsZWQuanBnIiwic2xpZGVzaG93IjoiYThmNWU2MyJ9\">\n\t\t\t\t\t<div class=\"e-gallery-image elementor-gallery-item__image\" data-thumbnail=\"https:\/\/costablanca-magazin.com\/wp-content\/uploads\/2025\/03\/die_inselzeitung_Mallorca-GastroOSTERN-Fisch-shutterstock_516638395-2048x1363.jpg\" data-width=\"2048\" data-height=\"1363\" aria-label=\"Arroz con bacalao\" role=\"img\" ><\/div>\n\t\t\t\t\t\t\t\t\t\t\t<div class=\"elementor-gallery-item__overlay\"><\/div>\n\t\t\t\t\t\t\t\t\t\t\t\t\t\t<\/a>\n\t\t\t\t\t\t\t<a class=\"e-gallery-item elementor-gallery-item elementor-animated-content\" href=\"https:\/\/costablanca-magazin.com\/wp-content\/uploads\/2025\/03\/die_inselzeitung_Mallorca-GastroOSTERN-Crespells-shutterstock_1902235117-scaled.jpg\" data-elementor-open-lightbox=\"yes\" data-elementor-lightbox-slideshow=\"a8f5e63\" data-elementor-lightbox-title=\"crespells\" data-elementor-lightbox-description=\"crespells\" data-e-action-hash=\"#elementor-action%3Aaction%3Dlightbox%26settings%3DeyJpZCI6NTMyMCwidXJsIjoiaHR0cHM6XC9cL2Nvc3RhYmxhbmNhLW1hZ2F6aW4uY29tXC93cC1jb250ZW50XC91cGxvYWRzXC8yMDI1XC8wM1wvZGllX2luc2VsemVpdHVuZ19NYWxsb3JjYS1HYXN0cm9PU1RFUk4tQ3Jlc3BlbGxzLXNodXR0ZXJzdG9ja18xOTAyMjM1MTE3LXNjYWxlZC5qcGciLCJzbGlkZXNob3ciOiJhOGY1ZTYzIn0%3D\">\n\t\t\t\t\t<div class=\"e-gallery-image elementor-gallery-item__image\" data-thumbnail=\"https:\/\/costablanca-magazin.com\/wp-content\/uploads\/2025\/03\/die_inselzeitung_Mallorca-GastroOSTERN-Crespells-shutterstock_1902235117-2048x1365.jpg\" data-width=\"2048\" data-height=\"1365\" aria-label=\"crespells\" role=\"img\" ><\/div>\n\t\t\t\t\t\t\t\t\t\t\t<div class=\"elementor-gallery-item__overlay\"><\/div>\n\t\t\t\t\t\t\t\t\t\t\t\t\t\t<\/a>\n\t\t\t\t\t\t\t<a class=\"e-gallery-item elementor-gallery-item elementor-animated-content\" href=\"https:\/\/costablanca-magazin.com\/wp-content\/uploads\/2025\/03\/easter-bunny-and-egg-festive-decor-on-a-wooden-ba-2023-11-27-05-31-02-utc-scaled.jpg\" data-elementor-open-lightbox=\"yes\" data-elementor-lightbox-slideshow=\"a8f5e63\" data-elementor-lightbox-title=\"Zwischen Fastenzeit  und s\u00fc\u00dfen Versuchungen\" data-elementor-lightbox-description=\"Zwischen Fastenzeit und s\u00fc\u00dfen Versuchungen\" data-e-action-hash=\"#elementor-action%3Aaction%3Dlightbox%26settings%3DeyJpZCI6NTMyMiwidXJsIjoiaHR0cHM6XC9cL2Nvc3RhYmxhbmNhLW1hZ2F6aW4uY29tXC93cC1jb250ZW50XC91cGxvYWRzXC8yMDI1XC8wM1wvZWFzdGVyLWJ1bm55LWFuZC1lZ2ctZmVzdGl2ZS1kZWNvci1vbi1hLXdvb2Rlbi1iYS0yMDIzLTExLTI3LTA1LTMxLTAyLXV0Yy1zY2FsZWQuanBnIiwic2xpZGVzaG93IjoiYThmNWU2MyJ9\">\n\t\t\t\t\t<div class=\"e-gallery-image elementor-gallery-item__image\" data-thumbnail=\"https:\/\/costablanca-magazin.com\/wp-content\/uploads\/2025\/03\/easter-bunny-and-egg-festive-decor-on-a-wooden-ba-2023-11-27-05-31-02-utc-2048x1365.jpg\" data-width=\"2048\" data-height=\"1365\" aria-label=\"Entre la Cuaresma y las tentaciones dulces 1\" role=\"img\" ><\/div>\n\t\t\t\t\t\t\t\t\t\t\t<div class=\"elementor-gallery-item__overlay\"><\/div>\n\t\t\t\t\t\t\t\t\t\t\t\t\t\t<\/a>\n\t\t\t\t\t<\/div>\n\t\t\t\t\t<\/div>\n\t\t\t\t<\/div>\n\t\t\t\t<\/div>\n\t\t\t\t\t<\/div>\n\t\t\t\t<\/div>\n\t\t<div class=\"elementor-element elementor-element-bcd5313 e-flex e-con-boxed e-con e-parent\" data-id=\"bcd5313\" data-element_type=\"container\" data-e-type=\"container\">\n\t\t\t\t\t<div class=\"e-con-inner\">\n\t\t\t\t<div class=\"elementor-element elementor-element-6db47bc elementor-widget elementor-widget-text-editor\" data-id=\"6db47bc\" data-element_type=\"widget\" data-e-type=\"widget\" data-widget_type=\"text-editor.default\">\n\t\t\t\t<div class=\"elementor-widget-container\">\n\t\t\t\t\t\t\t\t\t<p><strong>Pa Torrat \u2013 <\/strong><strong>La sencilla delicadeza de la Semana Santa<\/strong><br \/>Menos conocido, pero profundamente arraigado en la tradici\u00f3n de Pascua, est\u00e1 el Pa Torrat. Se trata de pan simplemente tostado, frotado con ajo y rociado con aceite de oliva. A menudo se acompa\u00f1a de bacalao o verduras encurtidas, una forma r\u00fastica pero deliciosa de dar un toque culinario a la Cuaresma.<\/p><p><strong>Domingo de Pascua: el regreso del placer<\/strong> <br \/>con dulces tradiciones<br \/>Con la celebraci\u00f3n de la resurrecci\u00f3n, tambi\u00e9n cambia la cocina: tras la Cuaresma, por fin se puede volver a comer de todo. Especialmente en las panader\u00edas se puede apreciar ahora la variedad de delicias de Pascua.<\/p><p><strong>Mona de Pascua \u2013 <\/strong><strong>Los dulces de Pascua con simbolismo<\/strong><br \/>Ninguna Pascua estar\u00eda completa sin la Mona de Pascua. Esta dulce especialidad, elaborada con masa de levadura esponjosa, se decora tradicionalmente con huevos duros y simboliza el final de la Cuaresma. Es costumbre que los padrinos regalen la Mona a sus ahijados, que luego se consume juntos el Lunes de Pascua, normalmente en una gran comida familiar al aire libre o en la playa.<\/p><p>En algunas variantes, la Mona se aromatiza adicionalmente con an\u00eds, ralladura de lim\u00f3n o agua de azahar. Hoy en d\u00eda tambi\u00e9n se puede encontrar con huevos de chocolate o figuras de chocolate elaboradas art\u00edsticamente, especialmente en regiones con una larga tradici\u00f3n chocolatera como Villajoyosa.<\/p><p><strong>To\u00f1a Alicantina \u2013 <\/strong><strong>El dulce pan de la costa<\/strong><br \/>La To\u00f1a Alicantina es otro dulce t\u00edpico de Pascua de la regi\u00f3n. A diferencia de la Mona, es menos dulce, tiene una corteza dorada y crujiente y una miga jugosa y suave. A menudo se espolvorea con az\u00facar glas y se disfruta junto con una taza de chocolate o caf\u00e9 caliente.<\/p>\t\t\t\t\t\t\t\t<\/div>\n\t\t\t\t<\/div>\n\t\t\t\t\t<\/div>\n\t\t\t\t<\/div>\n\t\t<div class=\"elementor-element elementor-element-5342e74 e-flex e-con-boxed e-con e-parent\" data-id=\"5342e74\" data-element_type=\"container\" data-e-type=\"container\">\n\t\t\t\t\t<div class=\"e-con-inner\">\n\t\t<div class=\"elementor-element elementor-element-8497f72 e-con-full e-flex e-con e-child\" data-id=\"8497f72\" data-element_type=\"container\" data-e-type=\"container\">\n\t\t\t\t<div class=\"elementor-element elementor-element-f1692b3 elementor-widget__width-initial elementor-widget elementor-widget-gallery\" data-id=\"f1692b3\" data-element_type=\"widget\" data-e-type=\"widget\" data-settings=\"{&quot;columns&quot;:1,&quot;aspect_ratio&quot;:&quot;9:16&quot;,&quot;lazyload&quot;:&quot;yes&quot;,&quot;gallery_layout&quot;:&quot;grid&quot;,&quot;columns_tablet&quot;:2,&quot;columns_mobile&quot;:1,&quot;gap&quot;:{&quot;unit&quot;:&quot;px&quot;,&quot;size&quot;:10,&quot;sizes&quot;:[]},&quot;gap_tablet&quot;:{&quot;unit&quot;:&quot;px&quot;,&quot;size&quot;:10,&quot;sizes&quot;:[]},&quot;gap_mobile&quot;:{&quot;unit&quot;:&quot;px&quot;,&quot;size&quot;:10,&quot;sizes&quot;:[]},&quot;link_to&quot;:&quot;file&quot;,&quot;overlay_background&quot;:&quot;yes&quot;,&quot;content_hover_animation&quot;:&quot;fade-in&quot;}\" data-widget_type=\"gallery.default\">\n\t\t\t\t<div class=\"elementor-widget-container\">\n\t\t\t\t\t\t\t<div class=\"elementor-gallery__container\">\n\t\t\t\t\t\t\t<a class=\"e-gallery-item elementor-gallery-item elementor-animated-content\" href=\"https:\/\/costablanca-magazin.com\/wp-content\/uploads\/2025\/03\/bunuelos-piled-into-silver-serving-dish-dusted-wit-2024-10-20-15-51-57-utc-scaled.jpeg\" data-elementor-open-lightbox=\"yes\" data-elementor-lightbox-slideshow=\"f1692b3\" data-elementor-lightbox-title=\"Bu\u00f1uelos und Torrijas\" data-e-action-hash=\"#elementor-action%3Aaction%3Dlightbox%26settings%3DeyJpZCI6NTMyMywidXJsIjoiaHR0cHM6XC9cL2Nvc3RhYmxhbmNhLW1hZ2F6aW4uY29tXC93cC1jb250ZW50XC91cGxvYWRzXC8yMDI1XC8wM1wvYnVudWVsb3MtcGlsZWQtaW50by1zaWx2ZXItc2VydmluZy1kaXNoLWR1c3RlZC13aXQtMjAyNC0xMC0yMC0xNS01MS01Ny11dGMtc2NhbGVkLmpwZWciLCJzbGlkZXNob3ciOiJmMTY5MmIzIn0%3D\">\n\t\t\t\t\t<div class=\"e-gallery-image elementor-gallery-item__image\" data-thumbnail=\"https:\/\/costablanca-magazin.com\/wp-content\/uploads\/2025\/03\/bunuelos-piled-into-silver-serving-dish-dusted-wit-2024-10-20-15-51-57-utc-1536x2048.jpeg\" data-width=\"1536\" data-height=\"2048\" aria-label=\"Bu\u00f1uelos y torrijas\" role=\"img\" ><\/div>\n\t\t\t\t\t\t\t\t\t\t\t<div class=\"elementor-gallery-item__overlay\"><\/div>\n\t\t\t\t\t\t\t\t\t\t\t\t\t\t<\/a>\n\t\t\t\t\t<\/div>\n\t\t\t\t\t<\/div>\n\t\t\t\t<\/div>\n\t\t\t\t<\/div>\n\t\t<div class=\"elementor-element elementor-element-59ec93e e-con-full e-flex e-con e-child\" data-id=\"59ec93e\" data-element_type=\"container\" data-e-type=\"container\">\n\t\t\t\t<div class=\"elementor-element elementor-element-b4390fa elementor-widget elementor-widget-text-editor\" data-id=\"b4390fa\" data-element_type=\"widget\" data-e-type=\"widget\" data-widget_type=\"text-editor.default\">\n\t\t\t\t<div class=\"elementor-widget-container\">\n\t\t\t\t\t\t\t\t\t<p><strong>Arnad\u00ed: una reliquia <\/strong><strong>del pasado morisco<\/strong><br \/>Un postre especialmente hist\u00f3rico de la \u00e9poca de Pascua es el arnad\u00ed. Este dulce elaborado con calabaza o boniatos, almendras y az\u00facar tiene su origen en la \u00e9poca \u00e1rabe y se sirve con una forma c\u00f3nica caracter\u00edstica. Su sabor es intenso, casi acaramelado, y recuerda los dulces aromas de la antigua Al-\u00c1ndalus. El arnad\u00ed es uno de los platos tradicionales de Pascua, especialmente en la regi\u00f3n de Valencia.<\/p><p><strong>Bu\u00f1uelos y torrijas \u2013 <\/strong><strong>Tentaciones fritas<\/strong><br \/>Durante la Semana Santa, las calles de muchos lugares huelen a bu\u00f1uelos, peque\u00f1as bolas de masa frita espolvoreadas con az\u00facar. Este manjar se vende a menudo en los mercados callejeros y es un aperitivo muy popular durante las fiestas.<br \/>Tampoco pueden faltar las torrijas, el equivalente espa\u00f1ol de las \u201etostadas francesas\u201c. Se empapan rebanadas gruesas de pan en leche o vino, se rebozan en huevo, se fr\u00eden y se sirven con miel o az\u00facar. Originalmente era una receta para aprovechar el pan duro, pero hoy en d\u00eda es un postre muy popular.<br \/><br \/><strong>Lunes de Pascua: <\/strong><strong>Comidas en com\u00fan <\/strong><strong>al aire libre<\/strong><br \/>El lunes de Pascua, conocido como D\u00eda de la Mona, es un d\u00eda para estar juntos. Si el tiempo acompa\u00f1a, las familias llenan sus cestas con dulces de Pascua y salen al campo. Ya sea en la playa o en populares zonas de picnic en las monta\u00f1as, el picnic comunitario es una bonita tradici\u00f3n que da la bienvenida a la primavera y pone fin a la Semana Santa en un ambiente festivo.<\/p><p><strong>Un viaje culinario <\/strong><strong>a trav\u00e9s de la tradici\u00f3n y la historia<\/strong><br \/>La Semana Santa en la Costa Blanca es tambi\u00e9n un viaje culinario en el tiempo. Los platos que se preparan durante la Semana Santa cuentan muchas historias de fe, ayuno y festividad. <br \/>Quienes pasen la Semana Santa en la Costa Blanca no solo quedar\u00e1n impresionados por las procesiones, sino tambi\u00e9n por los aromas. \u00a1Disfr\u00fatalo!<\/p>\t\t\t\t\t\t\t\t<\/div>\n\t\t\t\t<\/div>\n\t\t\t\t<\/div>\n\t\t\t\t\t<\/div>\n\t\t\t\t<\/div>\n\t\t\t\t<\/div>","protected":false},"excerpt":{"rendered":"<p>Costa Blanca &#8211; Zwischen Fastenzeit und s\u00fc\u00dfen Versuchungen Wie sich Geschichte, Glaube und Genuss in den Osterspezialit\u00e4ten der Region vereinen. Wenn die Karwoche an der Costa Blanca beginnt, r\u00fccken in vielen Haushalten besondere Rezepte in den Mittelpunkt. Fisch ersetzt das Fleisch, s\u00fc\u00dfes Geb\u00e4ck k\u00fcndigt das Ende der Fastenzeit an, und an Ostermontag wird beim gemeinsamen [&hellip;]<\/p>\n","protected":false},"author":1,"featured_media":5319,"comment_status":"closed","ping_status":"closed","sticky":false,"template":"elementor_header_footer","format":"standard","meta":{"footnotes":""},"categories":[13],"tags":[728,729,730,727],"class_list":["post-5317","post","type-post","status-publish","format-standard","has-post-thumbnail","hentry","category-infos","tag-fastenzeit","tag-suessen","tag-versuchungen","tag-zwischen"],"aioseo_notices":[],"_links":{"self":[{"href":"https:\/\/costablanca-magazin.com\/es\/wp-json\/wp\/v2\/posts\/5317","targetHints":{"allow":["GET"]}}],"collection":[{"href":"https:\/\/costablanca-magazin.com\/es\/wp-json\/wp\/v2\/posts"}],"about":[{"href":"https:\/\/costablanca-magazin.com\/es\/wp-json\/wp\/v2\/types\/post"}],"author":[{"embeddable":true,"href":"https:\/\/costablanca-magazin.com\/es\/wp-json\/wp\/v2\/users\/1"}],"replies":[{"embeddable":true,"href":"https:\/\/costablanca-magazin.com\/es\/wp-json\/wp\/v2\/comments?post=5317"}],"version-history":[{"count":10,"href":"https:\/\/costablanca-magazin.com\/es\/wp-json\/wp\/v2\/posts\/5317\/revisions"}],"predecessor-version":[{"id":5916,"href":"https:\/\/costablanca-magazin.com\/es\/wp-json\/wp\/v2\/posts\/5317\/revisions\/5916"}],"wp:featuredmedia":[{"embeddable":true,"href":"https:\/\/costablanca-magazin.com\/es\/wp-json\/wp\/v2\/media\/5319"}],"wp:attachment":[{"href":"https:\/\/costablanca-magazin.com\/es\/wp-json\/wp\/v2\/media?parent=5317"}],"wp:term":[{"taxonomy":"category","embeddable":true,"href":"https:\/\/costablanca-magazin.com\/es\/wp-json\/wp\/v2\/categories?post=5317"},{"taxonomy":"post_tag","embeddable":true,"href":"https:\/\/costablanca-magazin.com\/es\/wp-json\/wp\/v2\/tags?post=5317"}],"curies":[{"name":"wp","href":"https:\/\/api.w.org\/{rel}","templated":true}]}}