{"id":4857,"date":"2025-02-16T09:00:00","date_gmt":"2025-02-16T08:00:00","guid":{"rendered":"https:\/\/costablanca-magazin.com\/?p=4857"},"modified":"2025-07-17T10:26:47","modified_gmt":"2025-07-17T08:26:47","slug":"el-camino-mas-bonito-entre-el-mar-y-la-naturaleza-en-benissa","status":"publish","type":"post","link":"https:\/\/costablanca-magazin.com\/es\/freizeit\/aktivitaeten-und-ausfluege\/der-schoenste-weg-zwischen-meer-und-natur-in-benissa\/","title":{"rendered":"El camino m\u00e1s bello entre el mar y la naturaleza en Benissa"},"content":{"rendered":"<div data-elementor-type=\"wp-post\" data-elementor-id=\"4857\" class=\"elementor elementor-4857\" data-elementor-post-type=\"post\">\n\t\t\t\t<div class=\"elementor-element elementor-element-a751acc e-flex e-con-boxed e-con e-parent\" data-id=\"a751acc\" data-element_type=\"container\" data-e-type=\"container\">\n\t\t\t\t\t<div class=\"e-con-inner\">\n\t\t\t\t<div class=\"elementor-element elementor-element-a885962 elementor-widget elementor-widget-heading\" data-id=\"a885962\" data-element_type=\"widget\" data-e-type=\"widget\" data-widget_type=\"heading.default\">\n\t\t\t\t<div class=\"elementor-widget-container\">\n\t\t\t\t\t<h1 class=\"elementor-heading-title elementor-size-default\">Paseo Ecol\u00f3gico de Benissa:\nEl camino m\u00e1s bello\nentre el mar y la naturaleza<\/h1>\t\t\t\t<\/div>\n\t\t\t\t<\/div>\n\t\t\t\t<div class=\"elementor-element elementor-element-4ca9d7b elementor-widget elementor-widget-image\" data-id=\"4ca9d7b\" data-element_type=\"widget\" data-e-type=\"widget\" data-widget_type=\"image.default\">\n\t\t\t\t<div class=\"elementor-widget-container\">\n\t\t\t\t\t\t\t\t\t\t\t\t\t\t\t<img decoding=\"async\" src=\"https:\/\/costablanca-magazin.com\/wp-content\/uploads\/elementor\/thumbs\/Paseo-ecologica-Benissa-2-scaled-rjc6mx28xkej5tl8azq0yjkt09u9jn1ow49qa0a8ic.jpg\" title=\"Paseo ecol\u00f3gico Benissa\" alt=\"Paseo ecol\u00f3gico Benissa\" loading=\"lazy\" \/>\t\t\t\t\t\t\t\t\t\t\t\t\t\t\t<\/div>\n\t\t\t\t<\/div>\n\t\t\t\t<div class=\"elementor-element elementor-element-0994e62 elementor-widget elementor-widget-heading\" data-id=\"0994e62\" data-element_type=\"widget\" data-e-type=\"widget\" data-widget_type=\"heading.default\">\n\t\t\t\t<div class=\"elementor-widget-container\">\n\t\t\t\t\t<h2 class=\"elementor-heading-title elementor-size-default\">Una senda costera sostenible,\npaisaje mediterr\u00e1neo y desaceleraci\u00f3n\nperfectamente combinados.<\/h2>\t\t\t\t<\/div>\n\t\t\t\t<\/div>\n\t\t\t\t<div class=\"elementor-element elementor-element-c8a805f elementor-widget-divider--separator-type-pattern elementor-widget-divider--view-line elementor-widget elementor-widget-divider\" data-id=\"c8a805f\" data-element_type=\"widget\" data-e-type=\"widget\" data-widget_type=\"divider.default\">\n\t\t\t\t<div class=\"elementor-widget-container\">\n\t\t\t\t\t\t\t<div class=\"elementor-divider\" style=\"--divider-pattern-url: url(&quot;data:image\/svg+xml,%3Csvg xmlns=&#039;http:\/\/www.w3.org\/2000\/svg&#039; preserveAspectRatio=&#039;none&#039; overflow=&#039;visible&#039; height=&#039;100%&#039; viewBox=&#039;0 0 24 24&#039; fill=&#039;none&#039; stroke=&#039;black&#039; stroke-width=&#039;1.8&#039; stroke-linecap=&#039;square&#039; stroke-miterlimit=&#039;10&#039;%3E%3Cpath d=&#039;M0,6c6,0,0.9,11.1,6.9,11.1S18,6,24,6&#039;\/%3E%3C\/svg%3E&quot;);\">\n\t\t\t<span class=\"elementor-divider-separator\">\n\t\t\t\t\t\t<\/span>\n\t\t<\/div>\n\t\t\t\t\t\t<\/div>\n\t\t\t\t<\/div>\n\t\t\t\t\t<\/div>\n\t\t\t\t<\/div>\n\t\t<div class=\"elementor-element elementor-element-5962dc9 e-flex e-con-boxed e-con e-parent\" data-id=\"5962dc9\" data-element_type=\"container\" data-e-type=\"container\">\n\t\t\t\t\t<div class=\"e-con-inner\">\n\t\t<div class=\"elementor-element elementor-element-b67f7bb e-con-full e-flex e-con e-child\" data-id=\"b67f7bb\" data-element_type=\"container\" data-e-type=\"container\">\n\t\t\t\t<div class=\"elementor-element elementor-element-83ffca1 elementor-widget elementor-widget-text-editor\" data-id=\"83ffca1\" data-element_type=\"widget\" data-e-type=\"widget\" data-widget_type=\"text-editor.default\">\n\t\t\t\t<div class=\"elementor-widget-container\">\n\t\t\t\t\t\t\t\t\t<p>Bienvenido al Paseo Ecol\u00f3gico de Benissa, un lugar que impresiona por su belleza virgen y el perfecto equilibrio entre el hombre y la naturaleza. Este sendero costero de la Costa Blanca es mucho m\u00e1s que una ruta de senderismo: es una experiencia, una escapada y una declaraci\u00f3n de amor a la costa mediterr\u00e1nea.<\/p><p>La g\u00e9nesis: del sue\u00f1o a la realidad<br \/>El Paseo fue una vez nada m\u00e1s que una visi\u00f3n: una conexi\u00f3n entre las bah\u00edas m\u00e1s bellas de Benissa que armoniza la naturaleza y las personas. A finales de los a\u00f1os 90, este sue\u00f1o se hizo realidad. Con gran sensibilidad, se cre\u00f3 un paseo que no s\u00f3lo hace justicia al paisaje, sino que tambi\u00e9n se pronuncia a favor de un turismo suave. Sin edificios de hormig\u00f3n, sin vallas que impidan la vista: aqu\u00ed la naturaleza tiene prioridad.<\/p><p><strong>Lo que le espera en el Paseo<\/strong><br \/>El Paseo Ecol\u00f3gico no es una ruta de senderismo de alta velocidad. Es un sendero de placer, una invitaci\u00f3n a bajar el ritmo. El sendero, en buen estado, serpentea a lo largo de la costa durante unos tres kil\u00f3metros, desde el peque\u00f1o puerto deportivo de Les Bassetes hasta Cala de la Fustera. Acantilados escarpados, calas escondidas y el azul infinito del Mediterr\u00e1neo ofrecen impresiones inolvidables.<br \/>Las plataformas de madera invitan a detenerse un momento. Si lo desea, puede simplemente sentarse all\u00ed y dejar vagar su mirada por las rocas, el mar y tal vez un barco pesquero en el horizonte. No es de extra\u00f1ar que el tiempo parezca detenerse aqu\u00ed.<\/p>\t\t\t\t\t\t\t\t<\/div>\n\t\t\t\t<\/div>\n\t\t\t\t<\/div>\n\t\t<div class=\"elementor-element elementor-element-a80ee2f e-con-full e-flex e-con e-child\" data-id=\"a80ee2f\" data-element_type=\"container\" data-e-type=\"container\">\n\t\t\t\t<div class=\"elementor-element elementor-element-52c7d40 elementor-widget elementor-widget-gallery\" data-id=\"52c7d40\" data-element_type=\"widget\" data-e-type=\"widget\" data-settings=\"{&quot;columns&quot;:2,&quot;gap&quot;:{&quot;unit&quot;:&quot;px&quot;,&quot;size&quot;:5,&quot;sizes&quot;:[]},&quot;aspect_ratio&quot;:&quot;16:9&quot;,&quot;lazyload&quot;:&quot;yes&quot;,&quot;gallery_layout&quot;:&quot;grid&quot;,&quot;columns_tablet&quot;:2,&quot;columns_mobile&quot;:1,&quot;gap_tablet&quot;:{&quot;unit&quot;:&quot;px&quot;,&quot;size&quot;:10,&quot;sizes&quot;:[]},&quot;gap_mobile&quot;:{&quot;unit&quot;:&quot;px&quot;,&quot;size&quot;:10,&quot;sizes&quot;:[]},&quot;link_to&quot;:&quot;file&quot;,&quot;overlay_background&quot;:&quot;yes&quot;,&quot;content_hover_animation&quot;:&quot;fade-in&quot;}\" data-widget_type=\"gallery.default\">\n\t\t\t\t<div class=\"elementor-widget-container\">\n\t\t\t\t\t\t\t<div class=\"elementor-gallery__container\">\n\t\t\t\t\t\t\t<a class=\"e-gallery-item elementor-gallery-item elementor-animated-content\" href=\"https:\/\/costablanca-magazin.com\/wp-content\/uploads\/2025\/02\/Paseo-ecologica-Benissa-32-scaled.jpg\" data-elementor-open-lightbox=\"yes\" data-elementor-lightbox-slideshow=\"52c7d40\" data-elementor-lightbox-title=\"Paseo ecologica Benissa\" data-elementor-lightbox-description=\"Paseo ecologica Benissa\" data-e-action-hash=\"#elementor-action%3Aaction%3Dlightbox%26settings%3DeyJpZCI6NDg3OCwidXJsIjoiaHR0cHM6XC9cL2Nvc3RhYmxhbmNhLW1hZ2F6aW4uY29tXC93cC1jb250ZW50XC91cGxvYWRzXC8yMDI1XC8wMlwvUGFzZW8tZWNvbG9naWNhLUJlbmlzc2EtMzItc2NhbGVkLmpwZyIsInNsaWRlc2hvdyI6IjUyYzdkNDAifQ%3D%3D\">\n\t\t\t\t\t<div class=\"e-gallery-image elementor-gallery-item__image\" data-thumbnail=\"https:\/\/costablanca-magazin.com\/wp-content\/uploads\/2025\/02\/Paseo-ecologica-Benissa-32-2048x1536.jpg\" data-width=\"2048\" data-height=\"1536\" aria-label=\"Paseo ecol\u00f3gico Benissa 20\" role=\"img\" ><\/div>\n\t\t\t\t\t\t\t\t\t\t\t<div class=\"elementor-gallery-item__overlay\"><\/div>\n\t\t\t\t\t\t\t\t\t\t\t\t\t\t<\/a>\n\t\t\t\t\t\t\t<a class=\"e-gallery-item elementor-gallery-item elementor-animated-content\" href=\"https:\/\/costablanca-magazin.com\/wp-content\/uploads\/2025\/02\/Paseo-ecologica-Benissa-29-scaled.jpg\" data-elementor-open-lightbox=\"yes\" data-elementor-lightbox-slideshow=\"52c7d40\" data-elementor-lightbox-title=\"Paseo ecologica Benissa\" data-elementor-lightbox-description=\"Paseo ecologica Benissa\" data-e-action-hash=\"#elementor-action%3Aaction%3Dlightbox%26settings%3DeyJpZCI6NDg3NiwidXJsIjoiaHR0cHM6XC9cL2Nvc3RhYmxhbmNhLW1hZ2F6aW4uY29tXC93cC1jb250ZW50XC91cGxvYWRzXC8yMDI1XC8wMlwvUGFzZW8tZWNvbG9naWNhLUJlbmlzc2EtMjktc2NhbGVkLmpwZyIsInNsaWRlc2hvdyI6IjUyYzdkNDAifQ%3D%3D\">\n\t\t\t\t\t<div class=\"e-gallery-image elementor-gallery-item__image\" data-thumbnail=\"https:\/\/costablanca-magazin.com\/wp-content\/uploads\/2025\/02\/Paseo-ecologica-Benissa-29-2048x1536.jpg\" data-width=\"2048\" data-height=\"1536\" aria-label=\"Paseo ecol\u00f3gico Benissa 18\" role=\"img\" ><\/div>\n\t\t\t\t\t\t\t\t\t\t\t<div class=\"elementor-gallery-item__overlay\"><\/div>\n\t\t\t\t\t\t\t\t\t\t\t\t\t\t<\/a>\n\t\t\t\t\t\t\t<a class=\"e-gallery-item elementor-gallery-item elementor-animated-content\" href=\"https:\/\/costablanca-magazin.com\/wp-content\/uploads\/2025\/02\/Paseo-ecologica-Benissa-25-scaled.jpg\" data-elementor-open-lightbox=\"yes\" data-elementor-lightbox-slideshow=\"52c7d40\" data-elementor-lightbox-title=\"Paseo ecologica Benissa\" data-elementor-lightbox-description=\"Paseo ecologica Benissa\" data-e-action-hash=\"#elementor-action%3Aaction%3Dlightbox%26settings%3DeyJpZCI6NDg3NCwidXJsIjoiaHR0cHM6XC9cL2Nvc3RhYmxhbmNhLW1hZ2F6aW4uY29tXC93cC1jb250ZW50XC91cGxvYWRzXC8yMDI1XC8wMlwvUGFzZW8tZWNvbG9naWNhLUJlbmlzc2EtMjUtc2NhbGVkLmpwZyIsInNsaWRlc2hvdyI6IjUyYzdkNDAifQ%3D%3D\">\n\t\t\t\t\t<div class=\"e-gallery-image elementor-gallery-item__image\" data-thumbnail=\"https:\/\/costablanca-magazin.com\/wp-content\/uploads\/2025\/02\/Paseo-ecologica-Benissa-25-1536x2048.jpg\" data-width=\"1536\" data-height=\"2048\" aria-label=\"Paseo ecol\u00f3gico Benissa 16\" role=\"img\" ><\/div>\n\t\t\t\t\t\t\t\t\t\t\t<div class=\"elementor-gallery-item__overlay\"><\/div>\n\t\t\t\t\t\t\t\t\t\t\t\t\t\t<\/a>\n\t\t\t\t\t\t\t<a class=\"e-gallery-item elementor-gallery-item elementor-animated-content\" href=\"https:\/\/costablanca-magazin.com\/wp-content\/uploads\/2025\/02\/Paseo-ecologica-Benissa-24-scaled.jpg\" data-elementor-open-lightbox=\"yes\" data-elementor-lightbox-slideshow=\"52c7d40\" data-elementor-lightbox-title=\"Paseo ecologica Benissa\" data-elementor-lightbox-description=\"Paseo ecologica Benissa\" data-e-action-hash=\"#elementor-action%3Aaction%3Dlightbox%26settings%3DeyJpZCI6NDg3MywidXJsIjoiaHR0cHM6XC9cL2Nvc3RhYmxhbmNhLW1hZ2F6aW4uY29tXC93cC1jb250ZW50XC91cGxvYWRzXC8yMDI1XC8wMlwvUGFzZW8tZWNvbG9naWNhLUJlbmlzc2EtMjQtc2NhbGVkLmpwZyIsInNsaWRlc2hvdyI6IjUyYzdkNDAifQ%3D%3D\">\n\t\t\t\t\t<div class=\"e-gallery-image elementor-gallery-item__image\" data-thumbnail=\"https:\/\/costablanca-magazin.com\/wp-content\/uploads\/2025\/02\/Paseo-ecologica-Benissa-24-2048x1536.jpg\" data-width=\"2048\" data-height=\"1536\" aria-label=\"Paseo ecol\u00f3gico Benissa 15\" role=\"img\" ><\/div>\n\t\t\t\t\t\t\t\t\t\t\t<div class=\"elementor-gallery-item__overlay\"><\/div>\n\t\t\t\t\t\t\t\t\t\t\t\t\t\t<\/a>\n\t\t\t\t\t\t\t<a class=\"e-gallery-item elementor-gallery-item elementor-animated-content\" href=\"https:\/\/costablanca-magazin.com\/wp-content\/uploads\/2025\/02\/Paseo-ecologica-Benissa-22-scaled.jpg\" data-elementor-open-lightbox=\"yes\" data-elementor-lightbox-slideshow=\"52c7d40\" data-elementor-lightbox-title=\"Paseo ecologica Benissa\" data-elementor-lightbox-description=\"Paseo ecologica Benissa\" data-e-action-hash=\"#elementor-action%3Aaction%3Dlightbox%26settings%3DeyJpZCI6NDg3MSwidXJsIjoiaHR0cHM6XC9cL2Nvc3RhYmxhbmNhLW1hZ2F6aW4uY29tXC93cC1jb250ZW50XC91cGxvYWRzXC8yMDI1XC8wMlwvUGFzZW8tZWNvbG9naWNhLUJlbmlzc2EtMjItc2NhbGVkLmpwZyIsInNsaWRlc2hvdyI6IjUyYzdkNDAifQ%3D%3D\">\n\t\t\t\t\t<div class=\"e-gallery-image elementor-gallery-item__image\" data-thumbnail=\"https:\/\/costablanca-magazin.com\/wp-content\/uploads\/2025\/02\/Paseo-ecologica-Benissa-22-1536x2048.jpg\" data-width=\"1536\" data-height=\"2048\" aria-label=\"Paseo ecol\u00f3gico Benissa 13\" role=\"img\" ><\/div>\n\t\t\t\t\t\t\t\t\t\t\t<div class=\"elementor-gallery-item__overlay\"><\/div>\n\t\t\t\t\t\t\t\t\t\t\t\t\t\t<\/a>\n\t\t\t\t\t\t\t<a class=\"e-gallery-item elementor-gallery-item elementor-animated-content\" href=\"https:\/\/costablanca-magazin.com\/wp-content\/uploads\/2025\/02\/Paseo-ecologica-Benissa-21-scaled.jpg\" data-elementor-open-lightbox=\"yes\" data-elementor-lightbox-slideshow=\"52c7d40\" data-elementor-lightbox-title=\"Paseo ecologica Benissa\" data-elementor-lightbox-description=\"Paseo ecologica Benissa\" data-e-action-hash=\"#elementor-action%3Aaction%3Dlightbox%26settings%3DeyJpZCI6NDg3MCwidXJsIjoiaHR0cHM6XC9cL2Nvc3RhYmxhbmNhLW1hZ2F6aW4uY29tXC93cC1jb250ZW50XC91cGxvYWRzXC8yMDI1XC8wMlwvUGFzZW8tZWNvbG9naWNhLUJlbmlzc2EtMjEtc2NhbGVkLmpwZyIsInNsaWRlc2hvdyI6IjUyYzdkNDAifQ%3D%3D\">\n\t\t\t\t\t<div class=\"e-gallery-image elementor-gallery-item__image\" data-thumbnail=\"https:\/\/costablanca-magazin.com\/wp-content\/uploads\/2025\/02\/Paseo-ecologica-Benissa-21-2048x1536.jpg\" data-width=\"2048\" data-height=\"1536\" aria-label=\"Paseo ecol\u00f3gico Benissa 12\" role=\"img\" ><\/div>\n\t\t\t\t\t\t\t\t\t\t\t<div class=\"elementor-gallery-item__overlay\"><\/div>\n\t\t\t\t\t\t\t\t\t\t\t\t\t\t<\/a>\n\t\t\t\t\t\t\t<a class=\"e-gallery-item elementor-gallery-item elementor-animated-content\" href=\"https:\/\/costablanca-magazin.com\/wp-content\/uploads\/2025\/02\/Paseo-ecologica-Benissa-9-scaled.jpg\" data-elementor-open-lightbox=\"yes\" data-elementor-lightbox-slideshow=\"52c7d40\" data-elementor-lightbox-title=\"Paseo ecologica Benissa\" data-elementor-lightbox-description=\"Paseo ecologica Benissa\" data-e-action-hash=\"#elementor-action%3Aaction%3Dlightbox%26settings%3DeyJpZCI6NDg2MiwidXJsIjoiaHR0cHM6XC9cL2Nvc3RhYmxhbmNhLW1hZ2F6aW4uY29tXC93cC1jb250ZW50XC91cGxvYWRzXC8yMDI1XC8wMlwvUGFzZW8tZWNvbG9naWNhLUJlbmlzc2EtOS1zY2FsZWQuanBnIiwic2xpZGVzaG93IjoiNTJjN2Q0MCJ9\">\n\t\t\t\t\t<div class=\"e-gallery-image elementor-gallery-item__image\" data-thumbnail=\"https:\/\/costablanca-magazin.com\/wp-content\/uploads\/2025\/02\/Paseo-ecologica-Benissa-9-2048x1536.jpg\" data-width=\"2048\" data-height=\"1536\" aria-label=\"Paseo ecol\u00f3gico Benissa 4\" role=\"img\" ><\/div>\n\t\t\t\t\t\t\t\t\t\t\t<div class=\"elementor-gallery-item__overlay\"><\/div>\n\t\t\t\t\t\t\t\t\t\t\t\t\t\t<\/a>\n\t\t\t\t\t\t\t<a class=\"e-gallery-item elementor-gallery-item elementor-animated-content\" href=\"https:\/\/costablanca-magazin.com\/wp-content\/uploads\/2025\/02\/Paseo-ecologica-Benissa-12-rotated.jpg\" data-elementor-open-lightbox=\"yes\" data-elementor-lightbox-slideshow=\"52c7d40\" data-elementor-lightbox-title=\"Paseo ecologica Benissa\" data-elementor-lightbox-description=\"Paseo ecologica Benissa\" data-e-action-hash=\"#elementor-action%3Aaction%3Dlightbox%26settings%3DeyJpZCI6NDg2MywidXJsIjoiaHR0cHM6XC9cL2Nvc3RhYmxhbmNhLW1hZ2F6aW4uY29tXC93cC1jb250ZW50XC91cGxvYWRzXC8yMDI1XC8wMlwvUGFzZW8tZWNvbG9naWNhLUJlbmlzc2EtMTItcm90YXRlZC5qcGciLCJzbGlkZXNob3ciOiI1MmM3ZDQwIn0%3D\">\n\t\t\t\t\t<div class=\"e-gallery-image elementor-gallery-item__image\" data-thumbnail=\"https:\/\/costablanca-magazin.com\/wp-content\/uploads\/2025\/02\/Paseo-ecologica-Benissa-12-1536x2048.jpg\" data-width=\"1536\" data-height=\"2048\" aria-label=\"Paseo ecol\u00f3gico Benissa 5\" role=\"img\" ><\/div>\n\t\t\t\t\t\t\t\t\t\t\t<div class=\"elementor-gallery-item__overlay\"><\/div>\n\t\t\t\t\t\t\t\t\t\t\t\t\t\t<\/a>\n\t\t\t\t\t<\/div>\n\t\t\t\t\t<\/div>\n\t\t\t\t<\/div>\n\t\t\t\t<\/div>\n\t\t<div class=\"elementor-element elementor-element-a561dac e-con-full e-flex e-con e-child\" data-id=\"a561dac\" data-element_type=\"container\" data-e-type=\"container\">\n\t\t\t\t<div class=\"elementor-element elementor-element-1e22712 elementor-widget elementor-widget-text-editor\" data-id=\"1e22712\" data-element_type=\"widget\" data-e-type=\"widget\" data-widget_type=\"text-editor.default\">\n\t\t\t\t<div class=\"elementor-widget-container\">\n\t\t\t\t\t\t\t\t\t<p><strong>Una fiesta para los sentidos<\/strong><br \/>El Paseo es una experiencia para todos los sentidos. El aroma de los pinos, el tomillo silvestre y el romero inunda el aire, mientras que el suave sonido de las olas tiene un efecto calmante. Sus ojos quedar\u00e1n cautivados por la espectacular vista de las aguas cristalinas.<\/p><p>Destacan las calas escondidas a lo largo del camino. La Cala de la Fustera impresiona por su arena dorada, sus aguas turquesas y la sombra de sus \u00e1rboles, ideal para un descanso o un refrescante ba\u00f1o.<\/p><p><strong>Un para\u00edso para los exploradores<\/strong><br \/>El Paseo ofrece algo m\u00e1s que senderismo. Los paneles informativos que hay a lo largo del recorrido ofrecen interesantes datos sobre la flora y la fauna, as\u00ed como sobre la historia geol\u00f3gica de la regi\u00f3n. Las rocas por las que pase le hablar\u00e1n de millones de a\u00f1os de historia geol\u00f3gica. Y, con un poco de suerte, podr\u00e1 ver un \u00e1guila pescadora o un lagarto calent\u00e1ndose al sol.<\/p><p><strong>Apto para todos los p\u00fablicos<\/strong><br \/>La belleza del Paseo es que est\u00e1 hecho para todos. Las familias con ni\u00f1os pueden chapotear en las calas, los rom\u00e1nticos disfrutar de la puesta de sol desde un mirador. Los visitantes m\u00e1s deportistas utilizan el paseo para hacer footing o marcha n\u00f3rdica. Y, por supuesto, es ideal para cualquiera que simplemente quiera relajarse.<br \/>Otra ventaja: el sendero tambi\u00e9n es apto para excursionistas menos experimentados. Sin subidas empinadas ni pasos complicados, todo el mundo puede disfrutar aqu\u00ed del ambiente costero mediterr\u00e1neo.<\/p><p><strong>Por qu\u00e9 merece la pena el Paseo<\/strong><br \/>Hay muchos senderos costeros en la Costa Blanca, pero s\u00f3lo unos pocos consiguen este equilibrio: el Paseo Ecol\u00f3gico es tranquilo, pero no solitario. Cercano a la naturaleza sin ser remoto. Y demuestra que el turismo sostenible puede funcionar cuando las personas y la naturaleza coexisten en armon\u00eda.<br \/>La combinaci\u00f3n de unas vistas impresionantes, un toque mediterr\u00e1neo y un concepto respetuoso con el medio ambiente lo convierten en una visita obligada para cualquiera que busque autenticidad. Sin montajes ni espect\u00e1culos innecesarios, solo la belleza virgen de la costa de Benissa.<\/p><p><strong>Pru\u00e9belo<\/strong><br \/>Ya sea por unas horas o por un d\u00eda entero, el Paseo Ecol\u00f3gico de Benissa es el lugar perfecto para experimentar la Costa Blanca en su forma m\u00e1s pura. P\u00f3ngase un calzado c\u00f3modo, lleve agua y quiz\u00e1s un peque\u00f1o picnic, y listo. Una cosa es segura: recordar\u00e1 este paseo durante mucho tiempo.<\/p>\t\t\t\t\t\t\t\t<\/div>\n\t\t\t\t<\/div>\n\t\t\t\t<\/div>\n\t\t\t\t<div class=\"elementor-element elementor-element-1397da5 elementor-widget-divider--separator-type-pattern elementor-widget-divider--view-line elementor-widget elementor-widget-divider\" data-id=\"1397da5\" data-element_type=\"widget\" data-e-type=\"widget\" data-widget_type=\"divider.default\">\n\t\t\t\t<div class=\"elementor-widget-container\">\n\t\t\t\t\t\t\t<div class=\"elementor-divider\" style=\"--divider-pattern-url: url(&quot;data:image\/svg+xml,%3Csvg xmlns=&#039;http:\/\/www.w3.org\/2000\/svg&#039; preserveAspectRatio=&#039;none&#039; overflow=&#039;visible&#039; height=&#039;100%&#039; viewBox=&#039;0 0 24 24&#039; fill=&#039;none&#039; stroke=&#039;black&#039; stroke-width=&#039;1.8&#039; stroke-linecap=&#039;square&#039; stroke-miterlimit=&#039;10&#039;%3E%3Cpath d=&#039;M0,6c6,0,0.9,11.1,6.9,11.1S18,6,24,6&#039;\/%3E%3C\/svg%3E&quot;);\">\n\t\t\t<span class=\"elementor-divider-separator\">\n\t\t\t\t\t\t<\/span>\n\t\t<\/div>\n\t\t\t\t\t\t<\/div>\n\t\t\t\t<\/div>\n\t\t\t\t\t<\/div>\n\t\t\t\t<\/div>\n\t\t<div class=\"elementor-element elementor-element-b1cae42 e-flex e-con-boxed e-con e-parent\" data-id=\"b1cae42\" data-element_type=\"container\" data-e-type=\"container\">\n\t\t\t\t\t<div class=\"e-con-inner\">\n\t\t\t\t<div class=\"elementor-element elementor-element-960d93c elementor-widget elementor-widget-gallery\" data-id=\"960d93c\" data-element_type=\"widget\" data-e-type=\"widget\" data-settings=\"{&quot;gap&quot;:{&quot;unit&quot;:&quot;px&quot;,&quot;size&quot;:5,&quot;sizes&quot;:[]},&quot;aspect_ratio&quot;:&quot;21:9&quot;,&quot;lazyload&quot;:&quot;yes&quot;,&quot;gallery_layout&quot;:&quot;grid&quot;,&quot;columns&quot;:4,&quot;columns_tablet&quot;:2,&quot;columns_mobile&quot;:1,&quot;gap_tablet&quot;:{&quot;unit&quot;:&quot;px&quot;,&quot;size&quot;:10,&quot;sizes&quot;:[]},&quot;gap_mobile&quot;:{&quot;unit&quot;:&quot;px&quot;,&quot;size&quot;:10,&quot;sizes&quot;:[]},&quot;link_to&quot;:&quot;file&quot;,&quot;overlay_background&quot;:&quot;yes&quot;,&quot;content_hover_animation&quot;:&quot;fade-in&quot;}\" data-widget_type=\"gallery.default\">\n\t\t\t\t<div class=\"elementor-widget-container\">\n\t\t\t\t\t\t\t<div class=\"elementor-gallery__container\">\n\t\t\t\t\t\t\t<a class=\"e-gallery-item elementor-gallery-item elementor-animated-content\" href=\"https:\/\/costablanca-magazin.com\/wp-content\/uploads\/2025\/02\/Paseo-ecologica-Benissa-21-scaled.jpg\" data-elementor-open-lightbox=\"yes\" data-elementor-lightbox-slideshow=\"960d93c\" data-elementor-lightbox-title=\"Paseo ecologica Benissa\" data-elementor-lightbox-description=\"Paseo ecologica Benissa\" data-e-action-hash=\"#elementor-action%3Aaction%3Dlightbox%26settings%3DeyJpZCI6NDg3MCwidXJsIjoiaHR0cHM6XC9cL2Nvc3RhYmxhbmNhLW1hZ2F6aW4uY29tXC93cC1jb250ZW50XC91cGxvYWRzXC8yMDI1XC8wMlwvUGFzZW8tZWNvbG9naWNhLUJlbmlzc2EtMjEtc2NhbGVkLmpwZyIsInNsaWRlc2hvdyI6Ijk2MGQ5M2MifQ%3D%3D\">\n\t\t\t\t\t<div class=\"e-gallery-image elementor-gallery-item__image\" data-thumbnail=\"https:\/\/costablanca-magazin.com\/wp-content\/uploads\/2025\/02\/Paseo-ecologica-Benissa-21-2048x1536.jpg\" data-width=\"2048\" data-height=\"1536\" aria-label=\"Paseo ecol\u00f3gico Benissa 12\" role=\"img\" ><\/div>\n\t\t\t\t\t\t\t\t\t\t\t<div class=\"elementor-gallery-item__overlay\"><\/div>\n\t\t\t\t\t\t\t\t\t\t\t\t\t\t<\/a>\n\t\t\t\t\t\t\t<a class=\"e-gallery-item elementor-gallery-item elementor-animated-content\" href=\"https:\/\/costablanca-magazin.com\/wp-content\/uploads\/2025\/02\/Paseo-ecologica-Benissa-9-scaled.jpg\" data-elementor-open-lightbox=\"yes\" data-elementor-lightbox-slideshow=\"960d93c\" data-elementor-lightbox-title=\"Paseo ecologica Benissa\" data-elementor-lightbox-description=\"Paseo ecologica Benissa\" data-e-action-hash=\"#elementor-action%3Aaction%3Dlightbox%26settings%3DeyJpZCI6NDg2MiwidXJsIjoiaHR0cHM6XC9cL2Nvc3RhYmxhbmNhLW1hZ2F6aW4uY29tXC93cC1jb250ZW50XC91cGxvYWRzXC8yMDI1XC8wMlwvUGFzZW8tZWNvbG9naWNhLUJlbmlzc2EtOS1zY2FsZWQuanBnIiwic2xpZGVzaG93IjoiOTYwZDkzYyJ9\">\n\t\t\t\t\t<div class=\"e-gallery-image elementor-gallery-item__image\" data-thumbnail=\"https:\/\/costablanca-magazin.com\/wp-content\/uploads\/2025\/02\/Paseo-ecologica-Benissa-9-2048x1536.jpg\" data-width=\"2048\" data-height=\"1536\" aria-label=\"Paseo ecol\u00f3gico Benissa 4\" role=\"img\" ><\/div>\n\t\t\t\t\t\t\t\t\t\t\t<div class=\"elementor-gallery-item__overlay\"><\/div>\n\t\t\t\t\t\t\t\t\t\t\t\t\t\t<\/a>\n\t\t\t\t\t\t\t<a class=\"e-gallery-item elementor-gallery-item elementor-animated-content\" href=\"https:\/\/costablanca-magazin.com\/wp-content\/uploads\/2025\/02\/Paseo-ecologica-Benissa-12-rotated.jpg\" data-elementor-open-lightbox=\"yes\" data-elementor-lightbox-slideshow=\"960d93c\" data-elementor-lightbox-title=\"Paseo ecologica Benissa\" data-elementor-lightbox-description=\"Paseo ecologica Benissa\" data-e-action-hash=\"#elementor-action%3Aaction%3Dlightbox%26settings%3DeyJpZCI6NDg2MywidXJsIjoiaHR0cHM6XC9cL2Nvc3RhYmxhbmNhLW1hZ2F6aW4uY29tXC93cC1jb250ZW50XC91cGxvYWRzXC8yMDI1XC8wMlwvUGFzZW8tZWNvbG9naWNhLUJlbmlzc2EtMTItcm90YXRlZC5qcGciLCJzbGlkZXNob3ciOiI5NjBkOTNjIn0%3D\">\n\t\t\t\t\t<div class=\"e-gallery-image elementor-gallery-item__image\" data-thumbnail=\"https:\/\/costablanca-magazin.com\/wp-content\/uploads\/2025\/02\/Paseo-ecologica-Benissa-12-1536x2048.jpg\" data-width=\"1536\" data-height=\"2048\" aria-label=\"Paseo ecol\u00f3gico Benissa 5\" role=\"img\" ><\/div>\n\t\t\t\t\t\t\t\t\t\t\t<div class=\"elementor-gallery-item__overlay\"><\/div>\n\t\t\t\t\t\t\t\t\t\t\t\t\t\t<\/a>\n\t\t\t\t\t\t\t<a class=\"e-gallery-item elementor-gallery-item elementor-animated-content\" href=\"https:\/\/costablanca-magazin.com\/wp-content\/uploads\/2025\/02\/Paseo-ecologica-Benissa-14-scaled.jpg\" data-elementor-open-lightbox=\"yes\" data-elementor-lightbox-slideshow=\"960d93c\" data-elementor-lightbox-title=\"Paseo ecologica Benissa\" data-elementor-lightbox-description=\"Paseo ecologica Benissa\" data-e-action-hash=\"#elementor-action%3Aaction%3Dlightbox%26settings%3DeyJpZCI6NDg2NSwidXJsIjoiaHR0cHM6XC9cL2Nvc3RhYmxhbmNhLW1hZ2F6aW4uY29tXC93cC1jb250ZW50XC91cGxvYWRzXC8yMDI1XC8wMlwvUGFzZW8tZWNvbG9naWNhLUJlbmlzc2EtMTQtc2NhbGVkLmpwZyIsInNsaWRlc2hvdyI6Ijk2MGQ5M2MifQ%3D%3D\">\n\t\t\t\t\t<div class=\"e-gallery-image elementor-gallery-item__image\" data-thumbnail=\"https:\/\/costablanca-magazin.com\/wp-content\/uploads\/2025\/02\/Paseo-ecologica-Benissa-14-2048x1536.jpg\" data-width=\"2048\" data-height=\"1536\" aria-label=\"Paseo ecol\u00f3gico Benissa 7\" role=\"img\" ><\/div>\n\t\t\t\t\t\t\t\t\t\t\t<div class=\"elementor-gallery-item__overlay\"><\/div>\n\t\t\t\t\t\t\t\t\t\t\t\t\t\t<\/a>\n\t\t\t\t\t\t\t<a class=\"e-gallery-item elementor-gallery-item elementor-animated-content\" href=\"https:\/\/costablanca-magazin.com\/wp-content\/uploads\/2025\/02\/Paseo-ecologica-Benissa-15-scaled.jpg\" data-elementor-open-lightbox=\"yes\" data-elementor-lightbox-slideshow=\"960d93c\" data-elementor-lightbox-title=\"Paseo ecologica Benissa\" data-elementor-lightbox-description=\"Paseo ecologica Benissa\" data-e-action-hash=\"#elementor-action%3Aaction%3Dlightbox%26settings%3DeyJpZCI6NDg2NiwidXJsIjoiaHR0cHM6XC9cL2Nvc3RhYmxhbmNhLW1hZ2F6aW4uY29tXC93cC1jb250ZW50XC91cGxvYWRzXC8yMDI1XC8wMlwvUGFzZW8tZWNvbG9naWNhLUJlbmlzc2EtMTUtc2NhbGVkLmpwZyIsInNsaWRlc2hvdyI6Ijk2MGQ5M2MifQ%3D%3D\">\n\t\t\t\t\t<div class=\"e-gallery-image elementor-gallery-item__image\" data-thumbnail=\"https:\/\/costablanca-magazin.com\/wp-content\/uploads\/2025\/02\/Paseo-ecologica-Benissa-15-2048x1536.jpg\" data-width=\"2048\" data-height=\"1536\" aria-label=\"Paseo ecol\u00f3gico Benissa 8\" role=\"img\" ><\/div>\n\t\t\t\t\t\t\t\t\t\t\t<div class=\"elementor-gallery-item__overlay\"><\/div>\n\t\t\t\t\t\t\t\t\t\t\t\t\t\t<\/a>\n\t\t\t\t\t\t\t<a class=\"e-gallery-item elementor-gallery-item elementor-animated-content\" href=\"https:\/\/costablanca-magazin.com\/wp-content\/uploads\/2025\/02\/Paseo-ecologica-Benissa-5-scaled.jpg\" data-elementor-open-lightbox=\"yes\" data-elementor-lightbox-slideshow=\"960d93c\" data-elementor-lightbox-title=\"Paseo ecologica Benissa\" data-elementor-lightbox-description=\"Paseo ecologica Benissa\" data-e-action-hash=\"#elementor-action%3Aaction%3Dlightbox%26settings%3DeyJpZCI6NDg1OSwidXJsIjoiaHR0cHM6XC9cL2Nvc3RhYmxhbmNhLW1hZ2F6aW4uY29tXC93cC1jb250ZW50XC91cGxvYWRzXC8yMDI1XC8wMlwvUGFzZW8tZWNvbG9naWNhLUJlbmlzc2EtNS1zY2FsZWQuanBnIiwic2xpZGVzaG93IjoiOTYwZDkzYyJ9\">\n\t\t\t\t\t<div class=\"e-gallery-image elementor-gallery-item__image\" data-thumbnail=\"https:\/\/costablanca-magazin.com\/wp-content\/uploads\/2025\/02\/Paseo-ecologica-Benissa-5-2048x1536.jpg\" data-width=\"2048\" data-height=\"1536\" aria-label=\"Paseo ecol\u00f3gico Benissa 1\" role=\"img\" ><\/div>\n\t\t\t\t\t\t\t\t\t\t\t<div class=\"elementor-gallery-item__overlay\"><\/div>\n\t\t\t\t\t\t\t\t\t\t\t\t\t\t<\/a>\n\t\t\t\t\t\t\t<a class=\"e-gallery-item elementor-gallery-item elementor-animated-content\" href=\"https:\/\/costablanca-magazin.com\/wp-content\/uploads\/2025\/02\/Paseo-ecologica-Benissa-20-scaled.jpg\" data-elementor-open-lightbox=\"yes\" data-elementor-lightbox-slideshow=\"960d93c\" data-elementor-lightbox-title=\"Paseo ecologica Benissa\" data-elementor-lightbox-description=\"Paseo ecologica Benissa\" data-e-action-hash=\"#elementor-action%3Aaction%3Dlightbox%26settings%3DeyJpZCI6NDg2OSwidXJsIjoiaHR0cHM6XC9cL2Nvc3RhYmxhbmNhLW1hZ2F6aW4uY29tXC93cC1jb250ZW50XC91cGxvYWRzXC8yMDI1XC8wMlwvUGFzZW8tZWNvbG9naWNhLUJlbmlzc2EtMjAtc2NhbGVkLmpwZyIsInNsaWRlc2hvdyI6Ijk2MGQ5M2MifQ%3D%3D\">\n\t\t\t\t\t<div class=\"e-gallery-image elementor-gallery-item__image\" data-thumbnail=\"https:\/\/costablanca-magazin.com\/wp-content\/uploads\/2025\/02\/Paseo-ecologica-Benissa-20-2048x1536.jpg\" data-width=\"2048\" data-height=\"1536\" aria-label=\"Paseo ecol\u00f3gico Benissa 11\" role=\"img\" ><\/div>\n\t\t\t\t\t\t\t\t\t\t\t<div class=\"elementor-gallery-item__overlay\"><\/div>\n\t\t\t\t\t\t\t\t\t\t\t\t\t\t<\/a>\n\t\t\t\t\t\t\t<a class=\"e-gallery-item elementor-gallery-item elementor-animated-content\" href=\"https:\/\/costablanca-magazin.com\/wp-content\/uploads\/2025\/02\/Paseo-ecologica-Benissa-31-scaled.jpg\" data-elementor-open-lightbox=\"yes\" data-elementor-lightbox-slideshow=\"960d93c\" data-elementor-lightbox-title=\"Paseo ecologica Benissa\" data-elementor-lightbox-description=\"Paseo ecologica Benissa\" data-e-action-hash=\"#elementor-action%3Aaction%3Dlightbox%26settings%3DeyJpZCI6NDg3NywidXJsIjoiaHR0cHM6XC9cL2Nvc3RhYmxhbmNhLW1hZ2F6aW4uY29tXC93cC1jb250ZW50XC91cGxvYWRzXC8yMDI1XC8wMlwvUGFzZW8tZWNvbG9naWNhLUJlbmlzc2EtMzEtc2NhbGVkLmpwZyIsInNsaWRlc2hvdyI6Ijk2MGQ5M2MifQ%3D%3D\">\n\t\t\t\t\t<div class=\"e-gallery-image elementor-gallery-item__image\" data-thumbnail=\"https:\/\/costablanca-magazin.com\/wp-content\/uploads\/2025\/02\/Paseo-ecologica-Benissa-31-2048x1536.jpg\" data-width=\"2048\" data-height=\"1536\" aria-label=\"Paseo ecol\u00f3gico Benissa 19\" role=\"img\" ><\/div>\n\t\t\t\t\t\t\t\t\t\t\t<div class=\"elementor-gallery-item__overlay\"><\/div>\n\t\t\t\t\t\t\t\t\t\t\t\t\t\t<\/a>\n\t\t\t\t\t\t\t<a class=\"e-gallery-item elementor-gallery-item elementor-animated-content\" href=\"https:\/\/costablanca-magazin.com\/wp-content\/uploads\/2025\/02\/Paseo-ecologica-Benissa-26-scaled.jpg\" data-elementor-open-lightbox=\"yes\" data-elementor-lightbox-slideshow=\"960d93c\" data-elementor-lightbox-title=\"Paseo ecologica Benissa\" data-elementor-lightbox-description=\"Paseo ecologica Benissa\" data-e-action-hash=\"#elementor-action%3Aaction%3Dlightbox%26settings%3DeyJpZCI6NDg3NSwidXJsIjoiaHR0cHM6XC9cL2Nvc3RhYmxhbmNhLW1hZ2F6aW4uY29tXC93cC1jb250ZW50XC91cGxvYWRzXC8yMDI1XC8wMlwvUGFzZW8tZWNvbG9naWNhLUJlbmlzc2EtMjYtc2NhbGVkLmpwZyIsInNsaWRlc2hvdyI6Ijk2MGQ5M2MifQ%3D%3D\">\n\t\t\t\t\t<div class=\"e-gallery-image elementor-gallery-item__image\" data-thumbnail=\"https:\/\/costablanca-magazin.com\/wp-content\/uploads\/2025\/02\/Paseo-ecologica-Benissa-26-2048x1536.jpg\" data-width=\"2048\" data-height=\"1536\" aria-label=\"Paseo ecol\u00f3gico Benissa 17\" role=\"img\" ><\/div>\n\t\t\t\t\t\t\t\t\t\t\t<div class=\"elementor-gallery-item__overlay\"><\/div>\n\t\t\t\t\t\t\t\t\t\t\t\t\t\t<\/a>\n\t\t\t\t\t\t\t<a class=\"e-gallery-item elementor-gallery-item elementor-animated-content\" href=\"https:\/\/costablanca-magazin.com\/wp-content\/uploads\/2025\/02\/Paseo-ecologica-Benissa-23-scaled.jpg\" data-elementor-open-lightbox=\"yes\" data-elementor-lightbox-slideshow=\"960d93c\" data-elementor-lightbox-title=\"Paseo ecologica Benissa\" data-elementor-lightbox-description=\"Paseo ecologica Benissa\" data-e-action-hash=\"#elementor-action%3Aaction%3Dlightbox%26settings%3DeyJpZCI6NDg3MiwidXJsIjoiaHR0cHM6XC9cL2Nvc3RhYmxhbmNhLW1hZ2F6aW4uY29tXC93cC1jb250ZW50XC91cGxvYWRzXC8yMDI1XC8wMlwvUGFzZW8tZWNvbG9naWNhLUJlbmlzc2EtMjMtc2NhbGVkLmpwZyIsInNsaWRlc2hvdyI6Ijk2MGQ5M2MifQ%3D%3D\">\n\t\t\t\t\t<div class=\"e-gallery-image elementor-gallery-item__image\" data-thumbnail=\"https:\/\/costablanca-magazin.com\/wp-content\/uploads\/2025\/02\/Paseo-ecologica-Benissa-23-2048x1536.jpg\" data-width=\"2048\" data-height=\"1536\" aria-label=\"Paseo ecol\u00f3gico Benissa 14\" role=\"img\" ><\/div>\n\t\t\t\t\t\t\t\t\t\t\t<div class=\"elementor-gallery-item__overlay\"><\/div>\n\t\t\t\t\t\t\t\t\t\t\t\t\t\t<\/a>\n\t\t\t\t\t\t\t<a class=\"e-gallery-item elementor-gallery-item elementor-animated-content\" href=\"https:\/\/costablanca-magazin.com\/wp-content\/uploads\/2025\/02\/Paseo-ecologica-Benissa-17-rotated.jpg\" data-elementor-open-lightbox=\"yes\" data-elementor-lightbox-slideshow=\"960d93c\" data-elementor-lightbox-title=\"Paseo ecologica Benissa\" data-elementor-lightbox-description=\"Paseo ecologica Benissa\" data-e-action-hash=\"#elementor-action%3Aaction%3Dlightbox%26settings%3DeyJpZCI6NDg2OCwidXJsIjoiaHR0cHM6XC9cL2Nvc3RhYmxhbmNhLW1hZ2F6aW4uY29tXC93cC1jb250ZW50XC91cGxvYWRzXC8yMDI1XC8wMlwvUGFzZW8tZWNvbG9naWNhLUJlbmlzc2EtMTctcm90YXRlZC5qcGciLCJzbGlkZXNob3ciOiI5NjBkOTNjIn0%3D\">\n\t\t\t\t\t<div class=\"e-gallery-image elementor-gallery-item__image\" data-thumbnail=\"https:\/\/costablanca-magazin.com\/wp-content\/uploads\/2025\/02\/Paseo-ecologica-Benissa-17-1536x2048.jpg\" data-width=\"1536\" data-height=\"2048\" aria-label=\"Paseo ecol\u00f3gico Benissa 10\" role=\"img\" ><\/div>\n\t\t\t\t\t\t\t\t\t\t\t<div class=\"elementor-gallery-item__overlay\"><\/div>\n\t\t\t\t\t\t\t\t\t\t\t\t\t\t<\/a>\n\t\t\t\t\t\t\t<a class=\"e-gallery-item elementor-gallery-item elementor-animated-content\" href=\"https:\/\/costablanca-magazin.com\/wp-content\/uploads\/2025\/02\/Paseo-ecologica-Benissa-16-scaled.jpg\" data-elementor-open-lightbox=\"yes\" data-elementor-lightbox-slideshow=\"960d93c\" data-elementor-lightbox-title=\"Paseo ecologica Benissa\" data-elementor-lightbox-description=\"Paseo ecologica Benissa\" data-e-action-hash=\"#elementor-action%3Aaction%3Dlightbox%26settings%3DeyJpZCI6NDg2NywidXJsIjoiaHR0cHM6XC9cL2Nvc3RhYmxhbmNhLW1hZ2F6aW4uY29tXC93cC1jb250ZW50XC91cGxvYWRzXC8yMDI1XC8wMlwvUGFzZW8tZWNvbG9naWNhLUJlbmlzc2EtMTYtc2NhbGVkLmpwZyIsInNsaWRlc2hvdyI6Ijk2MGQ5M2MifQ%3D%3D\">\n\t\t\t\t\t<div class=\"e-gallery-image elementor-gallery-item__image\" data-thumbnail=\"https:\/\/costablanca-magazin.com\/wp-content\/uploads\/2025\/02\/Paseo-ecologica-Benissa-16-2048x1536.jpg\" data-width=\"2048\" data-height=\"1536\" aria-label=\"Paseo ecol\u00f3gico Benissa 9\" role=\"img\" ><\/div>\n\t\t\t\t\t\t\t\t\t\t\t<div class=\"elementor-gallery-item__overlay\"><\/div>\n\t\t\t\t\t\t\t\t\t\t\t\t\t\t<\/a>\n\t\t\t\t\t\t\t<a class=\"e-gallery-item elementor-gallery-item elementor-animated-content\" href=\"https:\/\/costablanca-magazin.com\/wp-content\/uploads\/2025\/02\/Paseo-ecologica-Benissa-8-scaled.jpg\" data-elementor-open-lightbox=\"yes\" data-elementor-lightbox-slideshow=\"960d93c\" data-elementor-lightbox-title=\"Paseo ecologica Benissa\" data-elementor-lightbox-description=\"Paseo ecologica Benissa\" data-e-action-hash=\"#elementor-action%3Aaction%3Dlightbox%26settings%3DeyJpZCI6NDg2MSwidXJsIjoiaHR0cHM6XC9cL2Nvc3RhYmxhbmNhLW1hZ2F6aW4uY29tXC93cC1jb250ZW50XC91cGxvYWRzXC8yMDI1XC8wMlwvUGFzZW8tZWNvbG9naWNhLUJlbmlzc2EtOC1zY2FsZWQuanBnIiwic2xpZGVzaG93IjoiOTYwZDkzYyJ9\">\n\t\t\t\t\t<div class=\"e-gallery-image elementor-gallery-item__image\" data-thumbnail=\"https:\/\/costablanca-magazin.com\/wp-content\/uploads\/2025\/02\/Paseo-ecologica-Benissa-8-2048x1536.jpg\" data-width=\"2048\" data-height=\"1536\" aria-label=\"Paseo ecol\u00f3gico Benissa 3\" role=\"img\" ><\/div>\n\t\t\t\t\t\t\t\t\t\t\t<div class=\"elementor-gallery-item__overlay\"><\/div>\n\t\t\t\t\t\t\t\t\t\t\t\t\t\t<\/a>\n\t\t\t\t\t\t\t<a class=\"e-gallery-item elementor-gallery-item elementor-animated-content\" href=\"https:\/\/costablanca-magazin.com\/wp-content\/uploads\/2025\/02\/Paseo-ecologica-Benissa-13-scaled.jpg\" data-elementor-open-lightbox=\"yes\" data-elementor-lightbox-slideshow=\"960d93c\" data-elementor-lightbox-title=\"Paseo ecologica Benissa\" data-elementor-lightbox-description=\"Paseo ecologica Benissa\" data-e-action-hash=\"#elementor-action%3Aaction%3Dlightbox%26settings%3DeyJpZCI6NDg2NCwidXJsIjoiaHR0cHM6XC9cL2Nvc3RhYmxhbmNhLW1hZ2F6aW4uY29tXC93cC1jb250ZW50XC91cGxvYWRzXC8yMDI1XC8wMlwvUGFzZW8tZWNvbG9naWNhLUJlbmlzc2EtMTMtc2NhbGVkLmpwZyIsInNsaWRlc2hvdyI6Ijk2MGQ5M2MifQ%3D%3D\">\n\t\t\t\t\t<div class=\"e-gallery-image elementor-gallery-item__image\" data-thumbnail=\"https:\/\/costablanca-magazin.com\/wp-content\/uploads\/2025\/02\/Paseo-ecologica-Benissa-13-2048x1536.jpg\" data-width=\"2048\" data-height=\"1536\" aria-label=\"Paseo ecol\u00f3gico Benissa 6\" role=\"img\" ><\/div>\n\t\t\t\t\t\t\t\t\t\t\t<div class=\"elementor-gallery-item__overlay\"><\/div>\n\t\t\t\t\t\t\t\t\t\t\t\t\t\t<\/a>\n\t\t\t\t\t\t\t<a class=\"e-gallery-item elementor-gallery-item elementor-animated-content\" href=\"https:\/\/costablanca-magazin.com\/wp-content\/uploads\/2025\/02\/Paseo-ecologica-Benissa-7-scaled.jpg\" data-elementor-open-lightbox=\"yes\" data-elementor-lightbox-slideshow=\"960d93c\" data-elementor-lightbox-title=\"Paseo ecologica Benissa\" data-elementor-lightbox-description=\"Paseo ecologica Benissa\" data-e-action-hash=\"#elementor-action%3Aaction%3Dlightbox%26settings%3DeyJpZCI6NDg2MCwidXJsIjoiaHR0cHM6XC9cL2Nvc3RhYmxhbmNhLW1hZ2F6aW4uY29tXC93cC1jb250ZW50XC91cGxvYWRzXC8yMDI1XC8wMlwvUGFzZW8tZWNvbG9naWNhLUJlbmlzc2EtNy1zY2FsZWQuanBnIiwic2xpZGVzaG93IjoiOTYwZDkzYyJ9\">\n\t\t\t\t\t<div class=\"e-gallery-image elementor-gallery-item__image\" data-thumbnail=\"https:\/\/costablanca-magazin.com\/wp-content\/uploads\/2025\/02\/Paseo-ecologica-Benissa-7-2048x1536.jpg\" data-width=\"2048\" data-height=\"1536\" aria-label=\"Paseo ecol\u00f3gico Benissa 2\" role=\"img\" ><\/div>\n\t\t\t\t\t\t\t\t\t\t\t<div class=\"elementor-gallery-item__overlay\"><\/div>\n\t\t\t\t\t\t\t\t\t\t\t\t\t\t<\/a>\n\t\t\t\t\t\t\t<a class=\"e-gallery-item elementor-gallery-item elementor-animated-content\" href=\"https:\/\/costablanca-magazin.com\/wp-content\/uploads\/2025\/02\/Paseo-ecologica-Benissa-2-scaled.jpg\" data-elementor-open-lightbox=\"yes\" data-elementor-lightbox-slideshow=\"960d93c\" data-elementor-lightbox-title=\"Paseo ecologica Benissa\" data-elementor-lightbox-description=\"Paseo ecologica Benissa\" data-e-action-hash=\"#elementor-action%3Aaction%3Dlightbox%26settings%3DeyJpZCI6NDg1OCwidXJsIjoiaHR0cHM6XC9cL2Nvc3RhYmxhbmNhLW1hZ2F6aW4uY29tXC93cC1jb250ZW50XC91cGxvYWRzXC8yMDI1XC8wMlwvUGFzZW8tZWNvbG9naWNhLUJlbmlzc2EtMi1zY2FsZWQuanBnIiwic2xpZGVzaG93IjoiOTYwZDkzYyJ9\">\n\t\t\t\t\t<div class=\"e-gallery-image elementor-gallery-item__image\" data-thumbnail=\"https:\/\/costablanca-magazin.com\/wp-content\/uploads\/2025\/02\/Paseo-ecologica-Benissa-2-2048x1536.jpg\" data-width=\"2048\" data-height=\"1536\" aria-label=\"Paseo ecol\u00f3gico Benissa\" role=\"img\" ><\/div>\n\t\t\t\t\t\t\t\t\t\t\t<div class=\"elementor-gallery-item__overlay\"><\/div>\n\t\t\t\t\t\t\t\t\t\t\t\t\t\t<\/a>\n\t\t\t\t\t<\/div>\n\t\t\t\t\t<\/div>\n\t\t\t\t<\/div>\n\t\t\t\t\t<\/div>\n\t\t\t\t<\/div>\n\t\t\t\t<\/div>","protected":false},"excerpt":{"rendered":"<p>Paseo Ecol\u00f3gico de Benissa: Der sch\u00f6nste Weg zwischen Meer und Natur Ein nachhaltiger K\u00fcstenpfad, der mediterrane Landschaft und Entschleunigung perfekt verbindet. Willkommen auf dem Paseo Ecol\u00f3gico de Benissa \u2013 einem Ort, der mit seiner urspr\u00fcnglichen Sch\u00f6nheit und der perfekten Balance zwischen Mensch und Natur beeindruckt. Dieser K\u00fcstenpfad an der Costa Blanca ist weit mehr als [&hellip;]<\/p>\n","protected":false},"author":1,"featured_media":4858,"comment_status":"closed","ping_status":"closed","sticky":false,"template":"elementor_header_footer","format":"standard","meta":{"footnotes":""},"categories":[22],"tags":[420,504,506,503,507,306,505,508],"class_list":["post-4857","post","type-post","status-publish","format-standard","has-post-thumbnail","hentry","category-aktivitaeten-und-ausfluege","tag-ausfluege-costa-blanca","tag-kuestenpfad-costa-blanca","tag-naturerlebnis-costa-blanca","tag-paseo-ecologico-de-benissa","tag-versteckte-buchten-benissa","tag-wandern-an-der-costa-blanca","tag-wandern-benissa","tag-wanderwege-costa-blanca"],"aioseo_notices":[],"_links":{"self":[{"href":"https:\/\/costablanca-magazin.com\/es\/wp-json\/wp\/v2\/posts\/4857","targetHints":{"allow":["GET"]}}],"collection":[{"href":"https:\/\/costablanca-magazin.com\/es\/wp-json\/wp\/v2\/posts"}],"about":[{"href":"https:\/\/costablanca-magazin.com\/es\/wp-json\/wp\/v2\/types\/post"}],"author":[{"embeddable":true,"href":"https:\/\/costablanca-magazin.com\/es\/wp-json\/wp\/v2\/users\/1"}],"replies":[{"embeddable":true,"href":"https:\/\/costablanca-magazin.com\/es\/wp-json\/wp\/v2\/comments?post=4857"}],"version-history":[{"count":10,"href":"https:\/\/costablanca-magazin.com\/es\/wp-json\/wp\/v2\/posts\/4857\/revisions"}],"predecessor-version":[{"id":5998,"href":"https:\/\/costablanca-magazin.com\/es\/wp-json\/wp\/v2\/posts\/4857\/revisions\/5998"}],"wp:featuredmedia":[{"embeddable":true,"href":"https:\/\/costablanca-magazin.com\/es\/wp-json\/wp\/v2\/media\/4858"}],"wp:attachment":[{"href":"https:\/\/costablanca-magazin.com\/es\/wp-json\/wp\/v2\/media?parent=4857"}],"wp:term":[{"taxonomy":"category","embeddable":true,"href":"https:\/\/costablanca-magazin.com\/es\/wp-json\/wp\/v2\/categories?post=4857"},{"taxonomy":"post_tag","embeddable":true,"href":"https:\/\/costablanca-magazin.com\/es\/wp-json\/wp\/v2\/tags?post=4857"}],"curies":[{"name":"wp","href":"https:\/\/api.w.org\/{rel}","templated":true}]}}