{"id":404,"date":"2024-06-10T11:46:51","date_gmt":"2024-06-10T09:46:51","guid":{"rendered":"https:\/\/costablanca-magazin.com\/?p=404"},"modified":"2025-07-08T05:49:23","modified_gmt":"2025-07-08T03:49:23","slug":"reduccion-de-los-tipos-de-interes-repercusiones-en-las-hipotecas-el-consumo-y-el-ahorro","status":"publish","type":"post","link":"https:\/\/costablanca-magazin.com\/es\/immobilien\/kauf-miete\/zinssenkungen-auswirkungen-auf-hypotheken-konsum-und-ersparnisse\/","title":{"rendered":"Bajada de los tipos de inter\u00e9s: Efectos sobre las hipotecas, el consumo y el ahorro"},"content":{"rendered":"<div data-elementor-type=\"wp-post\" data-elementor-id=\"404\" class=\"elementor elementor-404\" data-elementor-post-type=\"post\">\n\t\t\t\t<div class=\"elementor-element elementor-element-b67b5a6 e-flex e-con-boxed e-con e-parent\" data-id=\"b67b5a6\" data-element_type=\"container\" data-e-type=\"container\">\n\t\t\t\t\t<div class=\"e-con-inner\">\n\t\t\t\t<div class=\"elementor-element elementor-element-8dd5814 elementor-widget elementor-widget-heading\" data-id=\"8dd5814\" data-element_type=\"widget\" data-e-type=\"widget\" data-widget_type=\"heading.default\">\n\t\t\t\t<div class=\"elementor-widget-container\">\n\t\t\t\t\t<h1 class=\"elementor-heading-title elementor-size-default\">Bajada de los tipos de inter\u00e9s: Efectos sobre las hipotecas, el consumo y el ahorro <\/h1>\t\t\t\t<\/div>\n\t\t\t\t<\/div>\n\t\t\t\t\t<\/div>\n\t\t\t\t<\/div>\n\t\t<div class=\"elementor-element elementor-element-1209828 e-flex e-con-boxed e-con e-parent\" data-id=\"1209828\" data-element_type=\"container\" data-e-type=\"container\">\n\t\t\t\t\t<div class=\"e-con-inner\">\n\t\t\t\t<div class=\"elementor-element elementor-element-3348f16 elementor-widget elementor-widget-text-editor\" data-id=\"3348f16\" data-element_type=\"widget\" data-e-type=\"widget\" data-widget_type=\"text-editor.default\">\n\t\t\t\t<div class=\"elementor-widget-container\">\n\t\t\t\t\t\t\t\t\t<figure id=\"attachment_405\" aria-describedby=\"caption-attachment-405\" style=\"width: 300px\" class=\"wp-caption alignleft\"><img fetchpriority=\"high\" decoding=\"async\" class=\"size-medium wp-image-405\" src=\"https:\/\/costablanca-magazin.com\/wp-content\/uploads\/2024\/06\/increase-the-interest-rate-high-income-interest-r-2023-11-27-05-30-22-utc-300x186.jpg\" alt=\"Bajada de los tipos de inter\u00e9s: Efectos sobre las hipotecas, el consumo y el ahorro\" width=\"300\" height=\"186\" srcset=\"https:\/\/costablanca-magazin.com\/wp-content\/uploads\/2024\/06\/increase-the-interest-rate-high-income-interest-r-2023-11-27-05-30-22-utc-300x186.jpg 300w, https:\/\/costablanca-magazin.com\/wp-content\/uploads\/2024\/06\/increase-the-interest-rate-high-income-interest-r-2023-11-27-05-30-22-utc-1024x636.jpg 1024w, https:\/\/costablanca-magazin.com\/wp-content\/uploads\/2024\/06\/increase-the-interest-rate-high-income-interest-r-2023-11-27-05-30-22-utc-768x477.jpg 768w, https:\/\/costablanca-magazin.com\/wp-content\/uploads\/2024\/06\/increase-the-interest-rate-high-income-interest-r-2023-11-27-05-30-22-utc-1536x953.jpg 1536w, https:\/\/costablanca-magazin.com\/wp-content\/uploads\/2024\/06\/increase-the-interest-rate-high-income-interest-r-2023-11-27-05-30-22-utc-2048x1271.jpg 2048w\" sizes=\"(max-width: 300px) 100vw, 300px\" \/><figcaption id=\"caption-attachment-405\" class=\"wp-caption-text\">Bajada de los tipos de inter\u00e9s: Efectos sobre las hipotecas, el consumo y el ahorro<\/figcaption><\/figure><p>El Banco Central Europeo (BCE) ha anunciado un recorte de 25 puntos b\u00e1sicos en los tipos de inter\u00e9s, el primero desde marzo de 2016, poniendo fin a una racha de 10 subidas consecutivas y situando el tipo b\u00e1sico en el 4,25 %. Esto tiene un impacto inmediato en las hipotecas, el consumo y el ahorro.<\/p><h4>Antecedentes de la bajada de los tipos de inter\u00e9s<\/h4><p>La decisi\u00f3n del BCE se produce en medio de una tendencia a la baja de la inflaci\u00f3n en la zona euro. Varias personalidades del BCE, entre ellas el vicepresidente Luis de Guindos y el economista jefe Philip Lane, hab\u00edan anunciado esta medida con antelaci\u00f3n. Seg\u00fan Christine Lagarde, Presidenta del BCE, la actual tasa de inflaci\u00f3n del 2,6 % justifica esta medida.<\/p><p>Las bajadas de los tipos de inter\u00e9s tienen los siguientes efectos:<\/p><h4>Efectos sobre las hipotecas<\/h4><ul><li><strong>Hipotecas a tipo variable:<\/strong> Las hipotecas vinculadas al Euribor a 12 meses se ver\u00e1n ligeramente aliviadas. El Euribor baj\u00f3 a 3,68 % en mayo y se mantiene as\u00ed en su nivel m\u00e1s bajo desde diciembre. Esto supone un ahorro medio mensual de unos 20 euros para los hipotecados.<\/li><\/ul><h4>Efectos sobre la nueva financiaci\u00f3n<\/h4><ul><li><strong>Cr\u00e9ditos:<\/strong> Los tipos de inter\u00e9s de los nuevos pr\u00e9stamos, tanto para consumo como para adquisici\u00f3n de vivienda, bajar\u00e1n ligeramente. Esto podr\u00eda hacer m\u00e1s atractivo el endeudamiento e impulsar el consumo.<\/li><\/ul><h4>Efectos sobre el ahorro<\/h4><ul><li><strong>Productos financieros:<\/strong> Es probable que disminuya la rentabilidad de los productos de ahorro, como dep\u00f3sitos y cuentas. Los inversores deben estar preparados para una menor rentabilidad.<\/li><\/ul><h4>Efectos en el mercado inmobiliario<\/h4><ul><li><strong>Incentivos a la compra:<\/strong> La bajada de los tipos de inter\u00e9s podr\u00eda estimular el mercado inmobiliario, ya que las hipotecas se abaratan y, por tanto, m\u00e1s gente puede comprar una propiedad.<\/li><\/ul><h4>Perspectivas de nuevas bajadas de los tipos de inter\u00e9s<\/h4><p>El BCE tiene previsto mantener por el momento una pol\u00edtica monetaria restrictiva y no espera nuevos recortes importantes de los tipos de inter\u00e9s antes de 2025. Sin embargo, el mercado espera hasta dos recortes m\u00e1s en el segundo semestre de 2024 si contin\u00faa el proceso de desinflaci\u00f3n.<\/p><h4>Conclusi\u00f3n<\/h4><p>La decisi\u00f3n del BCE de bajar los tipos de inter\u00e9s es un paso para adaptarse a la situaci\u00f3n econ\u00f3mica actual. Aunque el impacto inmediato en hipotecas y pr\u00e9stamos es limitado, futuras bajadas de tipos podr\u00edan tener un impacto mayor. El equilibrio entre fomentar el consumo y garantizar una rentabilidad estable a los ahorradores sigue siendo un reto.<\/p><h3>Conclusi\u00f3n<\/h3><p>Los recortes de los tipos de inter\u00e9s del BCE tienen diversos efectos:<\/p><ul><li><strong>Hipotecas variables<\/strong>Ligero alivio para los prestatarios.<\/li><li><strong>Nueva financiaci\u00f3n<\/strong>Condiciones de cr\u00e9dito potencialmente m\u00e1s atractivas.<\/li><li><strong>Ahorro<\/strong>Menor rentabilidad de los productos de ahorro.<\/li><li><strong>Mercado inmobiliario<\/strong>Posible reactivaci\u00f3n mediante hipotecas m\u00e1s favorables.<\/li><li><strong>Perspectivas de futuro<\/strong>Posibles nuevos recortes de los tipos de inter\u00e9s, en funci\u00f3n de la evoluci\u00f3n de la inflaci\u00f3n.<\/li><\/ul><p>\u00a0<\/p><p>Fuente - Idealista<\/p>\t\t\t\t\t\t\t\t<\/div>\n\t\t\t\t<\/div>\n\t\t\t\t\t<\/div>\n\t\t\t\t<\/div>\n\t\t<div class=\"elementor-element elementor-element-3d6dbda e-flex e-con-boxed e-con e-parent\" data-id=\"3d6dbda\" data-element_type=\"container\" data-e-type=\"container\">\n\t\t\t\t\t<div class=\"e-con-inner\">\n\t\t\t\t<div class=\"elementor-element elementor-element-d39807c elementor-widget elementor-widget-heading\" data-id=\"d39807c\" data-element_type=\"widget\" data-e-type=\"widget\" data-widget_type=\"heading.default\">\n\t\t\t\t<div class=\"elementor-widget-container\">\n\t\t\t\t\t<h2 class=\"elementor-heading-title elementor-size-default\">Esto tambi\u00e9n podr\u00eda interesarle<\/h2>\t\t\t\t<\/div>\n\t\t\t\t<\/div>\n\t\t\t\t<div class=\"elementor-element elementor-element-e4d79da elementor-grid-4 elementor-grid-tablet-2 elementor-grid-mobile-1 elementor-posts--thumbnail-top elementor-card-shadow-yes elementor-posts__hover-gradient elementor-widget elementor-widget-posts\" data-id=\"e4d79da\" data-element_type=\"widget\" data-e-type=\"widget\" data-settings=\"{&quot;cards_columns&quot;:&quot;4&quot;,&quot;cards_columns_tablet&quot;:&quot;2&quot;,&quot;cards_columns_mobile&quot;:&quot;1&quot;,&quot;cards_row_gap&quot;:{&quot;unit&quot;:&quot;px&quot;,&quot;size&quot;:35,&quot;sizes&quot;:[]},&quot;cards_row_gap_tablet&quot;:{&quot;unit&quot;:&quot;px&quot;,&quot;size&quot;:&quot;&quot;,&quot;sizes&quot;:[]},&quot;cards_row_gap_mobile&quot;:{&quot;unit&quot;:&quot;px&quot;,&quot;size&quot;:&quot;&quot;,&quot;sizes&quot;:[]}}\" data-widget_type=\"posts.cards\">\n\t\t\t\t<div class=\"elementor-widget-container\">\n\t\t\t\t\t\t\t<div class=\"elementor-posts-container elementor-posts elementor-posts--skin-cards elementor-grid\" role=\"list\">\n\t\t\t\t<article class=\"elementor-post elementor-grid-item post-11423 post type-post status-publish format-standard has-post-thumbnail hentry category-veranstaltungen-events tag-fiestas-costa-blanca-2026 tag-moros-y-cristianos-benidorm tag-moros-y-cristianos-costa-blanca-2026 tag-moros-y-cristianos-denia tag-moros-y-cristianos-termine-2026 tag-moros-y-cristianos-villajoyosa\" role=\"listitem\">\n\t\t\t<div class=\"elementor-post__card\">\n\t\t\t\t<a class=\"elementor-post__thumbnail__link\" href=\"https:\/\/costablanca-magazin.com\/es\/freizeit\/veranstaltungen-events\/moros-y-cristianos-costa-blanca-2026-termine-und-feste\/\" tabindex=\"-1\" ><div class=\"elementor-post__thumbnail\"><img decoding=\"async\" width=\"300\" height=\"135\" src=\"https:\/\/costablanca-magazin.com\/wp-content\/uploads\/2025\/09\/calpe-moros-300x135.jpg\" class=\"attachment-medium size-medium wp-image-8738\" alt=\"Calpe moros y cristianos\" srcset=\"https:\/\/costablanca-magazin.com\/wp-content\/uploads\/2025\/09\/calpe-moros-300x135.jpg 300w, https:\/\/costablanca-magazin.com\/wp-content\/uploads\/2025\/09\/calpe-moros-1024x460.jpg 1024w, https:\/\/costablanca-magazin.com\/wp-content\/uploads\/2025\/09\/calpe-moros-768x345.jpg 768w, https:\/\/costablanca-magazin.com\/wp-content\/uploads\/2025\/09\/calpe-moros.jpg 1200w\" sizes=\"(max-width: 300px) 100vw, 300px\" \/><\/div><\/a>\n\t\t\t\t<div class=\"elementor-post__text\">\n\t\t\t\t<h3 class=\"elementor-post__title\">\n\t\t\t<a href=\"https:\/\/costablanca-magazin.com\/es\/freizeit\/veranstaltungen-events\/moros-y-cristianos-costa-blanca-2026-termine-und-feste\/\" >\n\t\t\t\tMoros y Cristianos Costa Blanca 2026 - Fechas y festividades\t\t\t<\/a>\n\t\t<\/h3>\n\t\t\t\t<\/div>\n\t\t\t\t\t<\/div>\n\t\t<\/article>\n\t\t\t\t<article class=\"elementor-post elementor-grid-item post-11405 post type-post status-publish format-standard has-post-thumbnail hentry category-news-politik tag-airlines-spanien tag-fluege-alicante tag-fluege-valencia tag-iran-konflikt-flugpreise tag-jet-fuel-spanien tag-kerosinpreise-europa\" role=\"listitem\">\n\t\t\t<div class=\"elementor-post__card\">\n\t\t\t\t<a class=\"elementor-post__thumbnail__link\" href=\"https:\/\/costablanca-magazin.com\/es\/lokales\/news-politik\/iran-konflikt-und-flugpreise-was-alicante-und-valencia-wirklich-erwartet\/\" tabindex=\"-1\" ><div class=\"elementor-post__thumbnail\"><img decoding=\"async\" width=\"300\" height=\"227\" src=\"https:\/\/costablanca-magazin.com\/wp-content\/uploads\/2026\/04\/die-inselzeitung-mallorca-255-300x227.jpg\" class=\"attachment-medium size-medium wp-image-11406\" alt=\"Conflicto con Ir\u00e1n y precios de los vuelos: Lo que realmente les espera a Alicante y Valencia\" srcset=\"https:\/\/costablanca-magazin.com\/wp-content\/uploads\/2026\/04\/die-inselzeitung-mallorca-255-300x227.jpg 300w, https:\/\/costablanca-magazin.com\/wp-content\/uploads\/2026\/04\/die-inselzeitung-mallorca-255-1024x776.jpg 1024w, https:\/\/costablanca-magazin.com\/wp-content\/uploads\/2026\/04\/die-inselzeitung-mallorca-255-768x582.jpg 768w, https:\/\/costablanca-magazin.com\/wp-content\/uploads\/2026\/04\/die-inselzeitung-mallorca-255-1536x1164.jpg 1536w, https:\/\/costablanca-magazin.com\/wp-content\/uploads\/2026\/04\/die-inselzeitung-mallorca-255-2048x1552.jpg 2048w, https:\/\/costablanca-magazin.com\/wp-content\/uploads\/2026\/04\/die-inselzeitung-mallorca-255-16x12.jpg 16w\" sizes=\"(max-width: 300px) 100vw, 300px\" \/><\/div><\/a>\n\t\t\t\t<div class=\"elementor-post__text\">\n\t\t\t\t<h3 class=\"elementor-post__title\">\n\t\t\t<a href=\"https:\/\/costablanca-magazin.com\/es\/lokales\/news-politik\/iran-konflikt-und-flugpreise-was-alicante-und-valencia-wirklich-erwartet\/\" >\n\t\t\t\tConflicto con Ir\u00e1n y precios de los vuelos: Lo que realmente les espera a Alicante y Valencia\t\t\t<\/a>\n\t\t<\/h3>\n\t\t\t\t<\/div>\n\t\t\t\t\t<\/div>\n\t\t<\/article>\n\t\t\t\t<article class=\"elementor-post elementor-grid-item post-11389 post type-post status-publish format-standard has-post-thumbnail hentry category-leben-in-spanien tag-antrag-pflege-spanien tag-comunitat-valenciana-pflege tag-dependencia-costa-blanca tag-pflege-costa-blanca tag-pflegegrad-spanien tag-pflegehilfe-alicante\" role=\"listitem\">\n\t\t\t<div class=\"elementor-post__card\">\n\t\t\t\t<a class=\"elementor-post__thumbnail__link\" href=\"https:\/\/costablanca-magazin.com\/es\/residenten\/leben-in-spanien\/pflege-an-der-costa-blanca-leistungen-antrag-und-hilfe\/\" tabindex=\"-1\" ><div class=\"elementor-post__thumbnail\"><img loading=\"lazy\" decoding=\"async\" width=\"300\" height=\"100\" src=\"https:\/\/costablanca-magazin.com\/wp-content\/uploads\/2026\/04\/AdobeStock_210113313-300x100.jpeg\" class=\"attachment-medium size-medium wp-image-11390\" alt=\"Cuando el cuidado se convierte de repente en un problema en la Costa Blanca\" srcset=\"https:\/\/costablanca-magazin.com\/wp-content\/uploads\/2026\/04\/AdobeStock_210113313-300x100.jpeg 300w, https:\/\/costablanca-magazin.com\/wp-content\/uploads\/2026\/04\/AdobeStock_210113313-1024x341.jpeg 1024w, https:\/\/costablanca-magazin.com\/wp-content\/uploads\/2026\/04\/AdobeStock_210113313-768x256.jpeg 768w, https:\/\/costablanca-magazin.com\/wp-content\/uploads\/2026\/04\/AdobeStock_210113313-1536x512.jpeg 1536w, https:\/\/costablanca-magazin.com\/wp-content\/uploads\/2026\/04\/AdobeStock_210113313-2048x682.jpeg 2048w, https:\/\/costablanca-magazin.com\/wp-content\/uploads\/2026\/04\/AdobeStock_210113313-18x6.jpeg 18w\" sizes=\"(max-width: 300px) 100vw, 300px\" \/><\/div><\/a>\n\t\t\t\t<div class=\"elementor-post__text\">\n\t\t\t\t<h3 class=\"elementor-post__title\">\n\t\t\t<a href=\"https:\/\/costablanca-magazin.com\/es\/residenten\/leben-in-spanien\/pflege-an-der-costa-blanca-leistungen-antrag-und-hilfe\/\" >\n\t\t\t\tCuidados en la Costa Blanca - prestaciones, solicitud y asistencia\t\t\t<\/a>\n\t\t<\/h3>\n\t\t\t\t<\/div>\n\t\t\t\t\t<\/div>\n\t\t<\/article>\n\t\t\t\t<article class=\"elementor-post elementor-grid-item post-11377 post type-post status-publish format-standard has-post-thumbnail hentry category-leben-in-spanien tag-geburt-spanien tag-mutterschutz-spanien tag-schwangerschaft-costa-blanca tag-seguridad-social-schwangerschaft\" role=\"listitem\">\n\t\t\t<div class=\"elementor-post__card\">\n\t\t\t\t<a class=\"elementor-post__thumbnail__link\" href=\"https:\/\/costablanca-magazin.com\/es\/residenten\/leben-in-spanien\/schwangerschaft-an-der-costa-blanca-vorsorge-mutterschutz\/\" tabindex=\"-1\" ><div class=\"elementor-post__thumbnail\"><img loading=\"lazy\" decoding=\"async\" width=\"300\" height=\"98\" src=\"https:\/\/costablanca-magazin.com\/wp-content\/uploads\/2026\/04\/smiling-happy-pregnant-woman-wear-casual-dress-ove-2023-11-27-05-23-42-utc-e1776345378550-300x98.jpg\" class=\"attachment-medium size-medium wp-image-11381\" alt=\"Embarazada en la Costa Blanca: embarazo, parto, protecci\u00f3n de la maternidad y prestaciones econ\u00f3micas en Espa\u00f1a\" srcset=\"https:\/\/costablanca-magazin.com\/wp-content\/uploads\/2026\/04\/smiling-happy-pregnant-woman-wear-casual-dress-ove-2023-11-27-05-23-42-utc-e1776345378550-300x98.jpg 300w, https:\/\/costablanca-magazin.com\/wp-content\/uploads\/2026\/04\/smiling-happy-pregnant-woman-wear-casual-dress-ove-2023-11-27-05-23-42-utc-e1776345378550-1024x334.jpg 1024w, https:\/\/costablanca-magazin.com\/wp-content\/uploads\/2026\/04\/smiling-happy-pregnant-woman-wear-casual-dress-ove-2023-11-27-05-23-42-utc-e1776345378550-768x251.jpg 768w, https:\/\/costablanca-magazin.com\/wp-content\/uploads\/2026\/04\/smiling-happy-pregnant-woman-wear-casual-dress-ove-2023-11-27-05-23-42-utc-e1776345378550-1536x502.jpg 1536w, https:\/\/costablanca-magazin.com\/wp-content\/uploads\/2026\/04\/smiling-happy-pregnant-woman-wear-casual-dress-ove-2023-11-27-05-23-42-utc-e1776345378550-2048x669.jpg 2048w, https:\/\/costablanca-magazin.com\/wp-content\/uploads\/2026\/04\/smiling-happy-pregnant-woman-wear-casual-dress-ove-2023-11-27-05-23-42-utc-e1776345378550-18x6.jpg 18w\" sizes=\"(max-width: 300px) 100vw, 300px\" \/><\/div><\/a>\n\t\t\t\t<div class=\"elementor-post__text\">\n\t\t\t\t<h3 class=\"elementor-post__title\">\n\t\t\t<a href=\"https:\/\/costablanca-magazin.com\/es\/residenten\/leben-in-spanien\/schwangerschaft-an-der-costa-blanca-vorsorge-mutterschutz\/\" >\n\t\t\t\tEmbarazo Costa Blanca: Prevenci\u00f3n y protecci\u00f3n de la maternidad\t\t\t<\/a>\n\t\t<\/h3>\n\t\t\t\t<\/div>\n\t\t\t\t\t<\/div>\n\t\t<\/article>\n\t\t\t\t<\/div>\n\t\t\n\t\t\t\t\t\t<\/div>\n\t\t\t\t<\/div>\n\t\t\t\t\t<\/div>\n\t\t\t\t<\/div>\n\t\t\t\t<\/div>","protected":false},"excerpt":{"rendered":"<p>Zinssenkungen: Auswirkungen auf Hypotheken, Konsum und Ersparnisse Die Europ\u00e4ische Zentralbank (EZB) hat eine Senkung der Zinss\u00e4tze um 25 Basispunkte angek\u00fcndigt, die erste seit M\u00e4rz 2016.<\/p>","protected":false},"author":1,"featured_media":405,"comment_status":"closed","ping_status":"closed","sticky":false,"template":"elementor_header_footer","format":"standard","meta":{"footnotes":""},"categories":[983],"tags":[58,59],"class_list":["post-404","post","type-post","status-publish","format-standard","has-post-thumbnail","hentry","category-kauf-miete","tag-euribor","tag-zinssenkung"],"aioseo_notices":[],"_links":{"self":[{"href":"https:\/\/costablanca-magazin.com\/es\/wp-json\/wp\/v2\/posts\/404","targetHints":{"allow":["GET"]}}],"collection":[{"href":"https:\/\/costablanca-magazin.com\/es\/wp-json\/wp\/v2\/posts"}],"about":[{"href":"https:\/\/costablanca-magazin.com\/es\/wp-json\/wp\/v2\/types\/post"}],"author":[{"embeddable":true,"href":"https:\/\/costablanca-magazin.com\/es\/wp-json\/wp\/v2\/users\/1"}],"replies":[{"embeddable":true,"href":"https:\/\/costablanca-magazin.com\/es\/wp-json\/wp\/v2\/comments?post=404"}],"version-history":[{"count":4,"href":"https:\/\/costablanca-magazin.com\/es\/wp-json\/wp\/v2\/posts\/404\/revisions"}],"predecessor-version":[{"id":3057,"href":"https:\/\/costablanca-magazin.com\/es\/wp-json\/wp\/v2\/posts\/404\/revisions\/3057"}],"wp:featuredmedia":[{"embeddable":true,"href":"https:\/\/costablanca-magazin.com\/es\/wp-json\/wp\/v2\/media\/405"}],"wp:attachment":[{"href":"https:\/\/costablanca-magazin.com\/es\/wp-json\/wp\/v2\/media?parent=404"}],"wp:term":[{"taxonomy":"category","embeddable":true,"href":"https:\/\/costablanca-magazin.com\/es\/wp-json\/wp\/v2\/categories?post=404"},{"taxonomy":"post_tag","embeddable":true,"href":"https:\/\/costablanca-magazin.com\/es\/wp-json\/wp\/v2\/tags?post=404"}],"curies":[{"name":"wp","href":"https:\/\/api.w.org\/{rel}","templated":true}]}}