{"id":3696,"date":"2024-12-22T09:00:00","date_gmt":"2024-12-22T08:00:00","guid":{"rendered":"https:\/\/costablanca-magazin.com\/?p=3696"},"modified":"2025-10-11T12:10:07","modified_gmt":"2025-10-11T10:10:07","slug":"donde-la-diversidad-se-une-a-la-tradicion-navidad-en-la-marina-alta-y-la-marina-baja","status":"publish","type":"post","link":"https:\/\/costablanca-magazin.com\/es\/residenten\/leben-in-spanien\/wo-vielfalt-tradition-trifft-weihnachten-in-der-marina-alta-und-marina-baja\/","title":{"rendered":"Donde la diversidad se une a la tradici\u00f3n - Navidad en la Marina Alta y la Marina Baja"},"content":{"rendered":"<div data-elementor-type=\"wp-post\" data-elementor-id=\"3696\" class=\"elementor elementor-3696\" data-elementor-post-type=\"post\">\n\t\t\t\t<div class=\"elementor-element elementor-element-bdfae85 e-flex e-con-boxed e-con e-parent\" data-id=\"bdfae85\" data-element_type=\"container\" data-e-type=\"container\">\n\t\t\t\t\t<div class=\"e-con-inner\">\n\t\t\t\t<div class=\"elementor-element elementor-element-9cda839 elementor-widget elementor-widget-heading\" data-id=\"9cda839\" data-element_type=\"widget\" data-e-type=\"widget\" data-widget_type=\"heading.default\">\n\t\t\t\t<div class=\"elementor-widget-container\">\n\t\t\t\t\t<h1 class=\"elementor-heading-title elementor-size-default\">Donde la diversidad se une a la tradici\u00f3n: Navidad en la Marina Alta y la Marina Baja<\/h1>\t\t\t\t<\/div>\n\t\t\t\t<\/div>\n\t\t\t\t<div class=\"elementor-element elementor-element-2e6235e elementor-widget elementor-widget-image\" data-id=\"2e6235e\" data-element_type=\"widget\" data-e-type=\"widget\" data-widget_type=\"image.default\">\n\t\t\t\t<div class=\"elementor-widget-container\">\n\t\t\t\t\t\t\t\t\t\t\t\t\t\t\t<img decoding=\"async\" src=\"https:\/\/costablanca-magazin.com\/wp-content\/uploads\/elementor\/thumbs\/christmas-party-at-a-bar-focus-on-foreground-deco-2024-10-19-05-06-35-utc-scaled-rjc6y9y1ihxz7wf5td4ibmhb7ymtx15c5lb10w6hsw.jpg\" title=\"Donde la diversidad se une a la tradici\u00f3n: Navidad en la Marina Alta y la Marina Baja\" alt=\"Donde la diversidad se une a la tradici\u00f3n: Navidad en la Marina Alta y la Marina Baja\" loading=\"lazy\" \/>\t\t\t\t\t\t\t\t\t\t\t\t\t\t\t<\/div>\n\t\t\t\t<\/div>\n\t\t\t\t<div class=\"elementor-element elementor-element-3a2a2b8 elementor-widget elementor-widget-heading\" data-id=\"3a2a2b8\" data-element_type=\"widget\" data-e-type=\"widget\" data-widget_type=\"heading.default\">\n\t\t\t\t<div class=\"elementor-widget-container\">\n\t\t\t\t\t<h2 class=\"elementor-heading-title elementor-size-default\">C\u00f3mo las influencias internacionales y las tradiciones festivas espa\u00f1olas crean un ambiente navide\u00f1o \u00fanico en la Costa Blanca.<\/h2>\t\t\t\t<\/div>\n\t\t\t\t<\/div>\n\t\t\t\t\t<\/div>\n\t\t\t\t<\/div>\n\t\t<div class=\"elementor-element elementor-element-6c5706c e-flex e-con-boxed e-con e-parent\" data-id=\"6c5706c\" data-element_type=\"container\" data-e-type=\"container\">\n\t\t\t\t\t<div class=\"e-con-inner\">\n\t\t<div class=\"elementor-element elementor-element-6122dfb e-con-full e-flex e-con e-child\" data-id=\"6122dfb\" data-element_type=\"container\" data-e-type=\"container\">\n\t\t\t\t<div class=\"elementor-element elementor-element-8966b18 elementor-widget elementor-widget-text-editor\" data-id=\"8966b18\" data-element_type=\"widget\" data-e-type=\"widget\" data-widget_type=\"text-editor.default\">\n\t\t\t\t<div class=\"elementor-widget-container\">\n\t\t\t\t\t\t\t\t\t<p>Mientras que en Alemania el aroma del vino caliente y los panes de jengibre impregna los mercados navide\u00f1os nevados, en Inglaterra los villancicos festivos resuenan por las calles y en Noruega las coronas de Luc\u00eda iluminan la oscuridad, la Navidad en la Marina Alta y la Marina Baja de la Costa Blanca se desarrolla con un car\u00e1cter inconfundible. Aqu\u00ed, en una regi\u00f3n tan culturalmente variopinta como una alfombra de patchwork, las tradiciones se fusionan en una celebraci\u00f3n comunitaria \u00fanica.<\/p><p><strong>La diversidad como melod\u00eda navide\u00f1a<\/strong><br \/>La Marina Alta y la Marina Baja albergan una fascinante mezcla de residentes espa\u00f1oles, brit\u00e1nicos, holandeses, alemanes y escandinavos. Sin embargo, a pesar de esta diversidad cultural, o precisamente por ella, la Navidad sigue siendo aqu\u00ed una fiesta basada en las tradiciones. Las costumbres espa\u00f1olas ocupan un lugar destacado: los belenes art\u00edsticos son el centro de la decoraci\u00f3n festiva en todas las ciudades. Ya sea en grandes escenificaciones en los ayuntamientos o en cuidados jardines privados, cuentan historias que unen a generaciones.<\/p><p><br \/>Sin embargo, entre estas escenas tradicionales tambi\u00e9n se mezcla la diversidad cultural de los reci\u00e9n llegados. As\u00ed, los crackers navide\u00f1os brit\u00e1nicos adornan la mesa junto a los polvorones espa\u00f1oles, y los villancicos alemanes encuentran su lugar en los conciertos callejeros espa\u00f1oles. Esta mezcla confiere a la fiesta aqu\u00ed un dinamismo especial, que contrasta con la contemplaci\u00f3n puramente tradicional de Alemania o la opulenta cultura festiva de Inglaterra.<\/p><p><strong>El ritmo de las fiestas<\/strong><br \/>Mientras que en Alemania, Suiza y Austria el Adviento se celebra con coronas y velas festivas, en Espa\u00f1a los preparativos para la Navidad tienen un car\u00e1cter menos ritual. La atenci\u00f3n se centra en la Nochebuena, que a menudo se celebra con grandes comidas familiares, no con peque\u00f1os aperitivos, sino con mesas repletas de marisco, carne y el imprescindible turr\u00f3n.<\/p><p>En Marina Baja, el agradable final de d\u00eda frente a la chimenea, tan apreciado por los noruegos, suele sustituirse por un paseo nocturno por calles iluminadas, ya que incluso en diciembre el clima sigue siendo suave.<\/p>\t\t\t\t\t\t\t\t<\/div>\n\t\t\t\t<\/div>\n\t\t\t\t<\/div>\n\t\t<div class=\"elementor-element elementor-element-ce37a57 e-con-full e-flex e-con e-child\" data-id=\"ce37a57\" data-element_type=\"container\" data-e-type=\"container\">\n\t\t\t\t<div class=\"elementor-element elementor-element-025b564 elementor-widget elementor-widget-text-editor\" data-id=\"025b564\" data-element_type=\"widget\" data-e-type=\"widget\" data-widget_type=\"text-editor.default\">\n\t\t\t\t<div class=\"elementor-widget-container\">\n\t\t\t\t\t\t\t\t\t<p>En los Pa\u00edses Bajos, por su parte, Sinterklaas y sus ayudantes dominan la escena a principios de diciembre. En la Marina Alta, en cambio, el gran momento culminante es el D\u00eda de los Reyes Magos, el 6 de enero. Mientras que en Inglaterra los ni\u00f1os esperan con ilusi\u00f3n a Father Christmas y en Alemania al Christkind, aqu\u00ed son los tres Reyes Magos los que se encargan de cumplir los deseos.<\/p><p><br \/><strong>Una tradici\u00f3n que perdura<\/strong><br \/>A pesar de las influencias internacionales que se reflejan en las calles y en la mesa navide\u00f1a, la fiesta sigue estando profundamente arraigada en la cultura espa\u00f1ola en la Marina Alta y la Marina Baja. Los mercadillos navide\u00f1os son una parte integral de la temporada prenavide\u00f1a. Sin embargo, a diferencia de los mercados deslumbrantes y a menudo comerciales de Alemania o Suiza, aqu\u00ed suelen ser m\u00e1s modestos y se centran en la artesan\u00eda y las tradiciones locales.<\/p><p><em>Otra particularidad:<\/em> Las calles se animan con evocadores belenes y vivaces representaciones navide\u00f1as. En lugares como Benidorm o D\u00e9nia, no se trata solo de un espect\u00e1culo: comunidades enteras colaboran para mantener viva esta tradici\u00f3n. A diferencia de Noruega, donde la temporada oscura suele caracterizarse por la luz de las velas y los momentos de silencio, la regi\u00f3n apuesta por la convivencia, ya sea en fiestas abiertas o en conciertos nocturnos.<\/p><p><strong>Un vistazo a los pr\u00f3ximos temas<\/strong><br \/>La Navidad en la Marina Alta y Baja no es solo una fiesta, sino una experiencia que celebra la diversidad cultural y el patrimonio tradicional de la regi\u00f3n. En los siguientes art\u00edculos profundizamos en ello:<br \/><em>\u2022 Tradiciones y rituales <\/em><br \/><em>\u2022 Los mejores mercados navide\u00f1os <\/em><br \/><em>y rutas de belenes<\/em><br \/><em>\u2022 Especialidades culinarias <\/em><br \/><em>de las fiestas<\/em><br \/><em>\u2022 Los residentes celebran la Navidad<\/em><\/p><p>La Marina Alta y la Marina Baja muestran c\u00f3mo se vive la Navidad en una comunidad multicultural, no como un compromiso, sino como un enriquecimiento. Una fiesta que celebra tanto el esp\u00edritu de la diversidad como la magia de las tradiciones.<\/p>\t\t\t\t\t\t\t\t<\/div>\n\t\t\t\t<\/div>\n\t\t\t\t<\/div>\n\t\t\t\t\t<\/div>\n\t\t\t\t<\/div>\n\t\t\t\t<\/div>","protected":false},"excerpt":{"rendered":"<p>Wo Vielfalt Tradition trifft &#8211; Weihnachten in der Marina Alta und Marina Baja Wie an der Costa Blanca internationale Einfl\u00fcsse und spanische Festbr\u00e4uche ein einzigartiges Weihnachtsgef\u00fchl schaffen W\u00e4hrend in Deutschland der Duft von Gl\u00fchwein und Lebkuchen \u00fcber verschneite Weihnachtsm\u00e4rkte zieht, in England festliche Christmas Carols durch die Stra\u00dfen hallen und in Norwegen Lucia -Kronen die [&hellip;]<\/p>\n","protected":false},"author":1,"featured_media":3697,"comment_status":"closed","ping_status":"closed","sticky":false,"template":"elementor_header_footer","format":"standard","meta":{"footnotes":""},"categories":[15],"tags":[385,386],"class_list":["post-3696","post","type-post","status-publish","format-standard","has-post-thumbnail","hentry","category-leben-in-spanien","tag-weihnachten-an-der-costa-blanca","tag-weihnachts-traditionen-spanien"],"aioseo_notices":[],"_links":{"self":[{"href":"https:\/\/costablanca-magazin.com\/es\/wp-json\/wp\/v2\/posts\/3696","targetHints":{"allow":["GET"]}}],"collection":[{"href":"https:\/\/costablanca-magazin.com\/es\/wp-json\/wp\/v2\/posts"}],"about":[{"href":"https:\/\/costablanca-magazin.com\/es\/wp-json\/wp\/v2\/types\/post"}],"author":[{"embeddable":true,"href":"https:\/\/costablanca-magazin.com\/es\/wp-json\/wp\/v2\/users\/1"}],"replies":[{"embeddable":true,"href":"https:\/\/costablanca-magazin.com\/es\/wp-json\/wp\/v2\/comments?post=3696"}],"version-history":[{"count":10,"href":"https:\/\/costablanca-magazin.com\/es\/wp-json\/wp\/v2\/posts\/3696\/revisions"}],"predecessor-version":[{"id":6096,"href":"https:\/\/costablanca-magazin.com\/es\/wp-json\/wp\/v2\/posts\/3696\/revisions\/6096"}],"wp:featuredmedia":[{"embeddable":true,"href":"https:\/\/costablanca-magazin.com\/es\/wp-json\/wp\/v2\/media\/3697"}],"wp:attachment":[{"href":"https:\/\/costablanca-magazin.com\/es\/wp-json\/wp\/v2\/media?parent=3696"}],"wp:term":[{"taxonomy":"category","embeddable":true,"href":"https:\/\/costablanca-magazin.com\/es\/wp-json\/wp\/v2\/categories?post=3696"},{"taxonomy":"post_tag","embeddable":true,"href":"https:\/\/costablanca-magazin.com\/es\/wp-json\/wp\/v2\/tags?post=3696"}],"curies":[{"name":"wp","href":"https:\/\/api.w.org\/{rel}","templated":true}]}}