{"id":3599,"date":"2024-12-25T09:00:00","date_gmt":"2024-12-25T08:00:00","guid":{"rendered":"https:\/\/costablanca-magazin.com\/?p=3599"},"modified":"2025-07-08T05:35:38","modified_gmt":"2025-07-08T03:35:38","slug":"brillo-de-luces-suenos-de-belen-y-dulces-reyes","status":"publish","type":"post","link":"https:\/\/costablanca-magazin.com\/es\/residenten\/leben-in-spanien\/lichterglanz-krippentraeume-und-suesse-koenige\/","title":{"rendered":"Luces titilantes, sue\u00f1os de cuna y dulces reyes"},"content":{"rendered":"<div data-elementor-type=\"wp-post\" data-elementor-id=\"3599\" class=\"elementor elementor-3599\" data-elementor-post-type=\"post\">\n\t\t\t\t<div class=\"elementor-element elementor-element-3f6410f e-flex e-con-boxed e-con e-parent\" data-id=\"3f6410f\" data-element_type=\"container\" data-e-type=\"container\">\n\t\t\t\t\t<div class=\"e-con-inner\">\n\t\t\t\t<div class=\"elementor-element elementor-element-c6f8ceb elementor-widget elementor-widget-heading\" data-id=\"c6f8ceb\" data-element_type=\"widget\" data-e-type=\"widget\" data-widget_type=\"heading.default\">\n\t\t\t\t<div class=\"elementor-widget-container\">\n\t\t\t\t\t<h1 class=\"elementor-heading-title elementor-size-default\">Luces brillantes, sue\u00f1os de bel\u00e9n y reyes dulces<\/h1>\t\t\t\t<\/div>\n\t\t\t\t<\/div>\n\t\t\t\t<div class=\"elementor-element elementor-element-0e0e067 elementor-widget elementor-widget-image\" data-id=\"0e0e067\" data-element_type=\"widget\" data-e-type=\"widget\" data-widget_type=\"image.default\">\n\t\t\t\t<div class=\"elementor-widget-container\">\n\t\t\t\t\t\t\t\t\t\t\t\t\t\t\t<img decoding=\"async\" src=\"https:\/\/costablanca-magazin.com\/wp-content\/uploads\/elementor\/thumbs\/very-large-christmas-nativity-crib-2023-11-27-04-55-17-utc-scaled-rjc72sk4cu4l0fuyfteyszg1zmdbwo2wfy611rhdwg.jpg\" title=\"Peque\u00f1os mundos, grandes historias: La magia de los belenes en la Costa Blanca\" alt=\"Peque\u00f1os mundos, grandes historias: la magia de los belenes en la Costa Blanca 2\" loading=\"lazy\" \/>\t\t\t\t\t\t\t\t\t\t\t\t\t\t\t<\/div>\n\t\t\t\t<\/div>\n\t\t\t\t<div class=\"elementor-element elementor-element-e4f07df elementor-widget elementor-widget-heading\" data-id=\"e4f07df\" data-element_type=\"widget\" data-e-type=\"widget\" data-widget_type=\"heading.default\">\n\t\t\t\t<div class=\"elementor-widget-container\">\n\t\t\t\t\t<h2 class=\"elementor-heading-title elementor-size-default\">La Marina Alta y la Marina Baixa celebran la Navidad con tradiciones \u00fanicas y un toque de magia.<\/h2>\t\t\t\t<\/div>\n\t\t\t\t<\/div>\n\t\t\t\t\t<\/div>\n\t\t\t\t<\/div>\n\t\t<div class=\"elementor-element elementor-element-3019d14 e-flex e-con-boxed e-con e-parent\" data-id=\"3019d14\" data-element_type=\"container\" data-e-type=\"container\">\n\t\t\t\t\t<div class=\"e-con-inner\">\n\t\t<div class=\"elementor-element elementor-element-4d45732 e-con-full e-flex e-con e-child\" data-id=\"4d45732\" data-element_type=\"container\" data-e-type=\"container\">\n\t\t\t\t<div class=\"elementor-element elementor-element-7bb0c46 elementor-widget elementor-widget-text-editor\" data-id=\"7bb0c46\" data-element_type=\"widget\" data-e-type=\"widget\" data-widget_type=\"text-editor.default\">\n\t\t\t\t<div class=\"elementor-widget-container\">\n\t\t\t\t\t\t\t\t\t<p>La Navidad en las comarcas de la Marina Alta y la Marina Baixa es una fiesta para los sentidos. Entre magn\u00edficos desfiles, belenes art\u00edsticos y el delicioso rosc\u00f3n de Reyes, se celebran tradiciones profundamente arraigadas en la historia y \u00fanicas en esta regi\u00f3n. Aqu\u00ed, la calidez de las costumbres espa\u00f1olas se une a la identidad local de la Costa Blanca.<\/p><p><strong>Arte navide\u00f1o con encanto regional<\/strong><br \/>Los belenes, con su gran atenci\u00f3n al detalle, son el centro de la decoraci\u00f3n navide\u00f1a en Espa\u00f1a. Sin embargo, en la Marina Alta y la Marina Baixa, este ritual adquiere un toque personal: aqu\u00ed, los belenes suelen reflejar los paisajes locales, con colinas, olivos y casas tradicionales. En municipios como X\u00e0bia y Benissa, estas obras de arte se presentan en exposiciones p\u00fablicas, acompa\u00f1adas de mercados navide\u00f1os que refuerzan el ambiente festivo.<\/p><p><strong>La magia de los Reyes Magos<\/strong><br \/>Cuando los Reyes Magos llegan a las ciudades la noche del 5 de enero, los ni\u00f1os contienen la respiraci\u00f3n. Las \u201eCabalgatas de Reyes\u201c, desfiles en los que carrozas magn\u00edficamente decoradas recorren las calles, son el punto \u00e1lgido de la temporada navide\u00f1a. En lugares como D\u00e9nia y Teulada-Moraira, los Reyes Magos lanzan dulces a la multitud, mientras la m\u00fasica y las luces iluminan la noche. Es un espect\u00e1culo que atrae a visitantes de toda la regi\u00f3n y que trae la promesa de regalos para los m\u00e1s peque\u00f1os.<\/p>\t\t\t\t\t\t\t\t<\/div>\n\t\t\t\t<\/div>\n\t\t\t\t<\/div>\n\t\t<div class=\"elementor-element elementor-element-b4e27c2 e-con-full e-flex e-con e-child\" data-id=\"b4e27c2\" data-element_type=\"container\" data-e-type=\"container\">\n\t\t\t\t<div class=\"elementor-element elementor-element-0e47d04 elementor-widget elementor-widget-gallery\" data-id=\"0e47d04\" data-element_type=\"widget\" data-e-type=\"widget\" data-settings=\"{&quot;columns&quot;:1,&quot;gap&quot;:{&quot;unit&quot;:&quot;px&quot;,&quot;size&quot;:1,&quot;sizes&quot;:[]},&quot;lazyload&quot;:&quot;yes&quot;,&quot;gallery_layout&quot;:&quot;grid&quot;,&quot;columns_tablet&quot;:2,&quot;columns_mobile&quot;:1,&quot;gap_tablet&quot;:{&quot;unit&quot;:&quot;px&quot;,&quot;size&quot;:10,&quot;sizes&quot;:[]},&quot;gap_mobile&quot;:{&quot;unit&quot;:&quot;px&quot;,&quot;size&quot;:10,&quot;sizes&quot;:[]},&quot;link_to&quot;:&quot;file&quot;,&quot;aspect_ratio&quot;:&quot;3:2&quot;,&quot;overlay_background&quot;:&quot;yes&quot;,&quot;content_hover_animation&quot;:&quot;fade-in&quot;}\" data-widget_type=\"gallery.default\">\n\t\t\t\t<div class=\"elementor-widget-container\">\n\t\t\t\t\t\t\t<div class=\"elementor-gallery__container\">\n\t\t\t\t\t\t\t<a class=\"e-gallery-item elementor-gallery-item elementor-animated-content\" href=\"https:\/\/costablanca-magazin.com\/wp-content\/uploads\/2024\/12\/religious-figures-of-nativity-scene-at-christmas-2024-10-18-09-43-07-utc-scaled.jpg\" data-elementor-open-lightbox=\"yes\" data-elementor-lightbox-slideshow=\"0e47d04\" data-elementor-lightbox-title=\"Kleine Welten,  gro\u00dfe Geschichten: Die Magie der Krippen  an der Costa Blanca\" data-elementor-lightbox-description=\"Kleine Welten, gro\u00dfe Geschichten: Die Magie der Krippen an der Costa Blanca\" data-e-action-hash=\"#elementor-action%3Aaction%3Dlightbox%26settings%3DeyJpZCI6MzYwNCwidXJsIjoiaHR0cHM6XC9cL2Nvc3RhYmxhbmNhLW1hZ2F6aW4uY29tXC93cC1jb250ZW50XC91cGxvYWRzXC8yMDI0XC8xMlwvcmVsaWdpb3VzLWZpZ3VyZXMtb2YtbmF0aXZpdHktc2NlbmUtYXQtY2hyaXN0bWFzLTIwMjQtMTAtMTgtMDktNDMtMDctdXRjLXNjYWxlZC5qcGciLCJzbGlkZXNob3ciOiIwZTQ3ZDA0In0%3D\">\n\t\t\t\t\t<div class=\"e-gallery-image elementor-gallery-item__image\" data-thumbnail=\"https:\/\/costablanca-magazin.com\/wp-content\/uploads\/2024\/12\/religious-figures-of-nativity-scene-at-christmas-2024-10-18-09-43-07-utc-768x513.jpg\" data-width=\"768\" data-height=\"513\" aria-label=\"Peque\u00f1os mundos, grandes historias: la magia de los belenes en la Costa Blanca 3\" role=\"img\" ><\/div>\n\t\t\t\t\t\t\t\t\t\t\t<div class=\"elementor-gallery-item__overlay\"><\/div>\n\t\t\t\t\t\t\t\t\t\t\t\t\t\t<\/a>\n\t\t\t\t\t\t\t<a class=\"e-gallery-item elementor-gallery-item elementor-animated-content\" href=\"https:\/\/costablanca-magazin.com\/wp-content\/uploads\/2024\/12\/hand-painting-the-surface-of-a-raw-roscon-de-reyes-2023-11-27-05-02-15-utc-scaled.jpg\" data-elementor-open-lightbox=\"yes\" data-elementor-lightbox-slideshow=\"0e47d04\" data-elementor-lightbox-title=\"Lichterglanz,  Krippentr\u00e4ume und s\u00fc\u00dfe K\u00f6nige\" data-elementor-lightbox-description=\"Lichterglanz, Krippentr\u00e4ume und s\u00fc\u00dfe K\u00f6nige\" data-e-action-hash=\"#elementor-action%3Aaction%3Dlightbox%26settings%3DeyJpZCI6MzY5MiwidXJsIjoiaHR0cHM6XC9cL2Nvc3RhYmxhbmNhLW1hZ2F6aW4uY29tXC93cC1jb250ZW50XC91cGxvYWRzXC8yMDI0XC8xMlwvaGFuZC1wYWludGluZy10aGUtc3VyZmFjZS1vZi1hLXJhdy1yb3Njb24tZGUtcmV5ZXMtMjAyMy0xMS0yNy0wNS0wMi0xNS11dGMtc2NhbGVkLmpwZyIsInNsaWRlc2hvdyI6IjBlNDdkMDQifQ%3D%3D\">\n\t\t\t\t\t<div class=\"e-gallery-image elementor-gallery-item__image\" data-thumbnail=\"https:\/\/costablanca-magazin.com\/wp-content\/uploads\/2024\/12\/hand-painting-the-surface-of-a-raw-roscon-de-reyes-2023-11-27-05-02-15-utc-768x512.jpg\" data-width=\"768\" data-height=\"512\" aria-label=\"Brillo de luces, sue\u00f1os de bel\u00e9n y dulces reyes 1\" role=\"img\" ><\/div>\n\t\t\t\t\t\t\t\t\t\t\t<div class=\"elementor-gallery-item__overlay\"><\/div>\n\t\t\t\t\t\t\t\t\t\t\t\t\t\t<\/a>\n\t\t\t\t\t<\/div>\n\t\t\t\t\t<\/div>\n\t\t\t\t<\/div>\n\t\t\t\t<\/div>\n\t\t\t\t\t<\/div>\n\t\t\t\t<\/div>\n\t\t<div class=\"elementor-element elementor-element-63c34d3 e-flex e-con-boxed e-con e-parent\" data-id=\"63c34d3\" data-element_type=\"container\" data-e-type=\"container\">\n\t\t\t\t\t<div class=\"e-con-inner\">\n\t\t<div class=\"elementor-element elementor-element-9e06075 e-con-full e-flex e-con e-child\" data-id=\"9e06075\" data-element_type=\"container\" data-e-type=\"container\">\n\t\t\t\t<div class=\"elementor-element elementor-element-c93a367 elementor-widget elementor-widget-gallery\" data-id=\"c93a367\" data-element_type=\"widget\" data-e-type=\"widget\" data-settings=\"{&quot;columns&quot;:1,&quot;gap&quot;:{&quot;unit&quot;:&quot;px&quot;,&quot;size&quot;:1,&quot;sizes&quot;:[]},&quot;lazyload&quot;:&quot;yes&quot;,&quot;gallery_layout&quot;:&quot;grid&quot;,&quot;columns_tablet&quot;:2,&quot;columns_mobile&quot;:1,&quot;gap_tablet&quot;:{&quot;unit&quot;:&quot;px&quot;,&quot;size&quot;:10,&quot;sizes&quot;:[]},&quot;gap_mobile&quot;:{&quot;unit&quot;:&quot;px&quot;,&quot;size&quot;:10,&quot;sizes&quot;:[]},&quot;link_to&quot;:&quot;file&quot;,&quot;aspect_ratio&quot;:&quot;3:2&quot;,&quot;overlay_background&quot;:&quot;yes&quot;,&quot;content_hover_animation&quot;:&quot;fade-in&quot;}\" data-widget_type=\"gallery.default\">\n\t\t\t\t<div class=\"elementor-widget-container\">\n\t\t\t\t\t\t\t<div class=\"elementor-gallery__container\">\n\t\t\t\t\t\t\t<a class=\"e-gallery-item elementor-gallery-item elementor-animated-content\" href=\"https:\/\/costablanca-magazin.com\/wp-content\/uploads\/2024\/12\/traditional-spanish-epiphany-cake-roscon-de-reyes-2024-10-11-10-09-12-utc-scaled.jpg\" data-elementor-open-lightbox=\"yes\" data-elementor-lightbox-slideshow=\"c93a367\" data-elementor-lightbox-title=\"Lichterglanz,  Krippentr\u00e4ume und s\u00fc\u00dfe K\u00f6nige\" data-elementor-lightbox-description=\"Lichterglanz, Krippentr\u00e4ume und s\u00fc\u00dfe K\u00f6nige\" data-e-action-hash=\"#elementor-action%3Aaction%3Dlightbox%26settings%3DeyJpZCI6MzY5MSwidXJsIjoiaHR0cHM6XC9cL2Nvc3RhYmxhbmNhLW1hZ2F6aW4uY29tXC93cC1jb250ZW50XC91cGxvYWRzXC8yMDI0XC8xMlwvdHJhZGl0aW9uYWwtc3BhbmlzaC1lcGlwaGFueS1jYWtlLXJvc2Nvbi1kZS1yZXllcy0yMDI0LTEwLTExLTEwLTA5LTEyLXV0Yy1zY2FsZWQuanBnIiwic2xpZGVzaG93IjoiYzkzYTM2NyJ9\">\n\t\t\t\t\t<div class=\"e-gallery-image elementor-gallery-item__image\" data-thumbnail=\"https:\/\/costablanca-magazin.com\/wp-content\/uploads\/2024\/12\/traditional-spanish-epiphany-cake-roscon-de-reyes-2024-10-11-10-09-12-utc-768x512.jpg\" data-width=\"768\" data-height=\"512\" aria-label=\"Luces titilantes, sue\u00f1os de cuna y dulces reyes\" role=\"img\" ><\/div>\n\t\t\t\t\t\t\t\t\t\t\t<div class=\"elementor-gallery-item__overlay\"><\/div>\n\t\t\t\t\t\t\t\t\t\t\t\t\t\t<\/a>\n\t\t\t\t\t\t\t<a class=\"e-gallery-item elementor-gallery-item elementor-animated-content\" href=\"https:\/\/costablanca-magazin.com\/wp-content\/uploads\/2024\/12\/religious-figures-of-nativity-scene-at-christmas-2024-10-20-18-26-46-utc-scaled.jpg\" data-elementor-open-lightbox=\"yes\" data-elementor-lightbox-slideshow=\"c93a367\" data-elementor-lightbox-title=\"Kleine Welten,  gro\u00dfe Geschichten: Die Magie der Krippen  an der Costa Blanca\" data-elementor-lightbox-description=\"Kleine Welten, gro\u00dfe Geschichten: Die Magie der Krippen an der Costa Blanca\" data-e-action-hash=\"#elementor-action%3Aaction%3Dlightbox%26settings%3DeyJpZCI6MzYwNSwidXJsIjoiaHR0cHM6XC9cL2Nvc3RhYmxhbmNhLW1hZ2F6aW4uY29tXC93cC1jb250ZW50XC91cGxvYWRzXC8yMDI0XC8xMlwvcmVsaWdpb3VzLWZpZ3VyZXMtb2YtbmF0aXZpdHktc2NlbmUtYXQtY2hyaXN0bWFzLTIwMjQtMTAtMjAtMTgtMjYtNDYtdXRjLXNjYWxlZC5qcGciLCJzbGlkZXNob3ciOiJjOTNhMzY3In0%3D\">\n\t\t\t\t\t<div class=\"e-gallery-image elementor-gallery-item__image\" data-thumbnail=\"https:\/\/costablanca-magazin.com\/wp-content\/uploads\/2024\/12\/religious-figures-of-nativity-scene-at-christmas-2024-10-20-18-26-46-utc-768x513.jpg\" data-width=\"768\" data-height=\"513\" aria-label=\"Peque\u00f1os mundos, grandes historias: la magia de los belenes en la Costa Blanca 4\" role=\"img\" ><\/div>\n\t\t\t\t\t\t\t\t\t\t\t<div class=\"elementor-gallery-item__overlay\"><\/div>\n\t\t\t\t\t\t\t\t\t\t\t\t\t\t<\/a>\n\t\t\t\t\t<\/div>\n\t\t\t\t\t<\/div>\n\t\t\t\t<\/div>\n\t\t\t\t<\/div>\n\t\t<div class=\"elementor-element elementor-element-5e3fb6a e-con-full e-flex e-con e-child\" data-id=\"5e3fb6a\" data-element_type=\"container\" data-e-type=\"container\">\n\t\t\t\t<div class=\"elementor-element elementor-element-ea618fb elementor-widget elementor-widget-text-editor\" data-id=\"ea618fb\" data-element_type=\"widget\" data-e-type=\"widget\" data-widget_type=\"text-editor.default\">\n\t\t\t\t<div class=\"elementor-widget-container\">\n\t\t\t\t\t\t\t\t\t<p><strong>Del rosc\u00f3n a los bailes festivos<\/strong><br \/>La cocina desempe\u00f1a un papel especial en esta \u00e9poca del a\u00f1o. El rosc\u00f3n de Reyes, un pastel con forma de corona, esconde peque\u00f1as sorpresas en su masa. Quien encuentre la corona se convierte en el rey o la reina del d\u00eda. Los platos tradicionales navide\u00f1os, como el turr\u00f3n, el famoso dulce de Alicante, son imprescindibles. Pero tambi\u00e9n hay sutilezas culturales: en Parcent y Alcalal\u00ed, por ejemplo, se bailan danzas regionales que solo se interpretan en Navidad, una tradici\u00f3n que celebra la identidad local.<\/p><p><strong>Navidad con toques especiales<\/strong><br \/>Adem\u00e1s de las fiestas t\u00edpicas, en la Marina Alta y la Marina Baixa tambi\u00e9n hay costumbres \u00fanicas. Algunos pueblos organizan belenes vivientes hist\u00f3ricos, en los que calles enteras se transforman en escenas b\u00edblicas. En otros lugares, como La Vall de Gallinera, el Adviento se celebra con procesiones con antorchas y canciones tradicionales.<br \/>En la Marina Alta y la Marina Baixa, las tradiciones antiguas y nuevas se fusionan en Navidad para dar lugar a una fiesta con muchas facetas. Mientras que las costumbres espa\u00f1olas, como los belenes y las magn\u00edficas cabalgatas de los Reyes Magos, ocupan un lugar fijo, muchos residentes aportan sus propios rituales. As\u00ed, la Navidad se convierte aqu\u00ed en una colorida convivencia, aut\u00e9ntica, cordial y siempre un poco diferente.<\/p>\t\t\t\t\t\t\t\t<\/div>\n\t\t\t\t<\/div>\n\t\t\t\t<\/div>\n\t\t\t\t\t<\/div>\n\t\t\t\t<\/div>\n\t\t\t\t<\/div>","protected":false},"excerpt":{"rendered":"<p>Lichterglanz, Krippentr\u00e4ume und s\u00fc\u00dfe K\u00f6nige Die Marina Alta und Marina Baixa feiern Weihnachten mit einzigartigen Traditionen und einem Hauch Magie Die Weihnachtszeit in den Regionen Marina Alta und Marina Baixa ist ein Fest f\u00fcr die Sinne. Zwischen prachtvollen Umz\u00fcgen, kunstvollen Krippen und k\u00f6stlichem Rosc\u00f3n de Reyes werden Traditionen gefeiert, die sowohl tief in der Geschichte [&hellip;]<\/p>\n","protected":false},"author":1,"featured_media":3603,"comment_status":"closed","ping_status":"closed","sticky":false,"template":"elementor_header_footer","format":"standard","meta":{"footnotes":""},"categories":[15],"tags":[380,356],"class_list":["post-3599","post","type-post","status-publish","format-standard","has-post-thumbnail","hentry","category-leben-in-spanien","tag-traditionen-weihnachten-costa-blanca","tag-weihnachten-costa-blanca"],"aioseo_notices":[],"_links":{"self":[{"href":"https:\/\/costablanca-magazin.com\/es\/wp-json\/wp\/v2\/posts\/3599","targetHints":{"allow":["GET"]}}],"collection":[{"href":"https:\/\/costablanca-magazin.com\/es\/wp-json\/wp\/v2\/posts"}],"about":[{"href":"https:\/\/costablanca-magazin.com\/es\/wp-json\/wp\/v2\/types\/post"}],"author":[{"embeddable":true,"href":"https:\/\/costablanca-magazin.com\/es\/wp-json\/wp\/v2\/users\/1"}],"replies":[{"embeddable":true,"href":"https:\/\/costablanca-magazin.com\/es\/wp-json\/wp\/v2\/comments?post=3599"}],"version-history":[{"count":11,"href":"https:\/\/costablanca-magazin.com\/es\/wp-json\/wp\/v2\/posts\/3599\/revisions"}],"predecessor-version":[{"id":6087,"href":"https:\/\/costablanca-magazin.com\/es\/wp-json\/wp\/v2\/posts\/3599\/revisions\/6087"}],"wp:featuredmedia":[{"embeddable":true,"href":"https:\/\/costablanca-magazin.com\/es\/wp-json\/wp\/v2\/media\/3603"}],"wp:attachment":[{"href":"https:\/\/costablanca-magazin.com\/es\/wp-json\/wp\/v2\/media?parent=3599"}],"wp:term":[{"taxonomy":"category","embeddable":true,"href":"https:\/\/costablanca-magazin.com\/es\/wp-json\/wp\/v2\/categories?post=3599"},{"taxonomy":"post_tag","embeddable":true,"href":"https:\/\/costablanca-magazin.com\/es\/wp-json\/wp\/v2\/tags?post=3599"}],"curies":[{"name":"wp","href":"https:\/\/api.w.org\/{rel}","templated":true}]}}