{"id":3539,"date":"2024-12-16T09:00:00","date_gmt":"2024-12-16T08:00:00","guid":{"rendered":"https:\/\/costablanca-magazin.com\/?p=3539"},"modified":"2025-07-09T08:22:34","modified_gmt":"2025-07-09T06:22:34","slug":"tardor-rosello-de-grafitero-con-talento-a-aclamado-muralista","status":"publish","type":"post","link":"https:\/\/costablanca-magazin.com\/es\/residenten\/stories-und-stimmen\/tardor-rosello-vom-graffiti-talent-zum-gefeierten-muralisten\/","title":{"rendered":"Tardor Rosell\u00f3 - De grafitero a c\u00e9lebre muralista"},"content":{"rendered":"<div data-elementor-type=\"wp-post\" data-elementor-id=\"3539\" class=\"elementor elementor-3539\" data-elementor-post-type=\"post\">\n\t\t\t\t<div class=\"elementor-element elementor-element-6be0cd2 e-flex e-con-boxed e-con e-parent\" data-id=\"6be0cd2\" data-element_type=\"container\" data-e-type=\"container\">\n\t\t\t\t\t<div class=\"e-con-inner\">\n\t\t\t\t<div class=\"elementor-element elementor-element-b32e16b elementor-widget elementor-widget-heading\" data-id=\"b32e16b\" data-element_type=\"widget\" data-e-type=\"widget\" data-widget_type=\"heading.default\">\n\t\t\t\t<div class=\"elementor-widget-container\">\n\t\t\t\t\t<h1 class=\"elementor-heading-title elementor-size-default\">Tardor Rosell\u00f3:\nDe grafitero\na c\u00e9lebre muralista<\/h1>\t\t\t\t<\/div>\n\t\t\t\t<\/div>\n\t\t\t\t<div class=\"elementor-element elementor-element-bd7bc3c elementor-widget elementor-widget-image\" data-id=\"bd7bc3c\" data-element_type=\"widget\" data-e-type=\"widget\" data-widget_type=\"image.default\">\n\t\t\t\t<div class=\"elementor-widget-container\">\n\t\t\t\t\t\t\t\t\t\t\t\t\t\t\t<img decoding=\"async\" src=\"https:\/\/costablanca-magazin.com\/wp-content\/uploads\/elementor\/thumbs\/Tardor-Rosello-CBM-9-scaled-rjc744hw1dy7gjxbnw4xu5cka9t1t8d7mjfsivib34.jpeg\" title=\"Tardor Rosell\u00f3: de grafitero a c\u00e9lebre muralista\" alt=\"Tardor Rosell\u00f3: de talentoso grafitero a aclamado muralista 9\" loading=\"lazy\" \/>\t\t\t\t\t\t\t\t\t\t\t\t\t\t\t<\/div>\n\t\t\t\t<\/div>\n\t\t\t\t<div class=\"elementor-element elementor-element-2aba242 elementor-widget elementor-widget-heading\" data-id=\"2aba242\" data-element_type=\"widget\" data-e-type=\"widget\" data-widget_type=\"heading.default\">\n\t\t\t\t<div class=\"elementor-widget-container\">\n\t\t\t\t\t<h2 class=\"elementor-heading-title elementor-size-default\">Como un artista\nde La Xara\nda forma al arte callejero\nde la Costa Blanca<\/h2>\t\t\t\t<\/div>\n\t\t\t\t<\/div>\n\t\t\t\t\t<\/div>\n\t\t\t\t<\/div>\n\t\t<div class=\"elementor-element elementor-element-e1a1f37 e-flex e-con-boxed e-con e-parent\" data-id=\"e1a1f37\" data-element_type=\"container\" data-e-type=\"container\">\n\t\t\t\t\t<div class=\"e-con-inner\">\n\t\t<div class=\"elementor-element elementor-element-c2d5463 e-con-full e-flex e-con e-child\" data-id=\"c2d5463\" data-element_type=\"container\" data-e-type=\"container\">\n\t\t\t\t<div class=\"elementor-element elementor-element-ad34663 elementor-widget elementor-widget-text-editor\" data-id=\"ad34663\" data-element_type=\"widget\" data-e-type=\"widget\" data-widget_type=\"text-editor.default\">\n\t\t\t\t<div class=\"elementor-widget-container\">\n\t\t\t\t\t\t\t\t\t<p>Tardor Rosell\u00f3, talentoso grafitero y muralista de La Xara, cerca de D\u00e9nia, se ha hecho un nombre con sus impresionantes murales. Sus obras no s\u00f3lo adornan las fachadas de su ciudad natal, sino que tambi\u00e9n pueden admirarse en D\u00e9nia, Jes\u00fas Pobre, l'Alc\u00fadia de Crespins y Benigembla. En Benigembla, en concreto, dej\u00f3 una huella imborrable en el marco del festival BIMAU.<\/p>\t\t\t\t\t\t\t\t<\/div>\n\t\t\t\t<\/div>\n\t\t\t\t<div class=\"elementor-element elementor-element-0791ecd elementor-widget elementor-widget-gallery\" data-id=\"0791ecd\" data-element_type=\"widget\" data-e-type=\"widget\" data-settings=\"{&quot;columns&quot;:2,&quot;gap&quot;:{&quot;unit&quot;:&quot;px&quot;,&quot;size&quot;:1,&quot;sizes&quot;:[]},&quot;lazyload&quot;:&quot;yes&quot;,&quot;gallery_layout&quot;:&quot;grid&quot;,&quot;columns_tablet&quot;:2,&quot;columns_mobile&quot;:1,&quot;gap_tablet&quot;:{&quot;unit&quot;:&quot;px&quot;,&quot;size&quot;:10,&quot;sizes&quot;:[]},&quot;gap_mobile&quot;:{&quot;unit&quot;:&quot;px&quot;,&quot;size&quot;:10,&quot;sizes&quot;:[]},&quot;link_to&quot;:&quot;file&quot;,&quot;aspect_ratio&quot;:&quot;3:2&quot;,&quot;overlay_background&quot;:&quot;yes&quot;,&quot;content_hover_animation&quot;:&quot;fade-in&quot;}\" data-widget_type=\"gallery.default\">\n\t\t\t\t<div class=\"elementor-widget-container\">\n\t\t\t\t\t\t\t<div class=\"elementor-gallery__container\">\n\t\t\t\t\t\t\t<a class=\"e-gallery-item elementor-gallery-item elementor-animated-content\" href=\"https:\/\/costablanca-magazin.com\/wp-content\/uploads\/2024\/12\/Tardor-Rosello-CBM-5-scaled.jpeg\" data-elementor-open-lightbox=\"yes\" data-elementor-lightbox-slideshow=\"0791ecd\" data-elementor-lightbox-title=\"Tardor Rosell\u00f3:  Vom Graffiti-Talent  zum gefeierten Muralisten\" data-elementor-lightbox-description=\"Tardor Rosell\u00f3: Vom Graffiti-Talent zum gefeierten Muralisten\" data-e-action-hash=\"#elementor-action%3Aaction%3Dlightbox%26settings%3DeyJpZCI6MzU0NSwidXJsIjoiaHR0cHM6XC9cL2Nvc3RhYmxhbmNhLW1hZ2F6aW4uY29tXC93cC1jb250ZW50XC91cGxvYWRzXC8yMDI0XC8xMlwvVGFyZG9yLVJvc2VsbG8tQ0JNLTUtc2NhbGVkLmpwZWciLCJzbGlkZXNob3ciOiIwNzkxZWNkIn0%3D\">\n\t\t\t\t\t<div class=\"e-gallery-image elementor-gallery-item__image\" data-thumbnail=\"https:\/\/costablanca-magazin.com\/wp-content\/uploads\/2024\/12\/Tardor-Rosello-CBM-5-225x300.jpeg\" data-width=\"225\" data-height=\"300\" aria-label=\"Tardor Rosell\u00f3: de talentoso grafitero a aclamado muralista 5\" role=\"img\" ><\/div>\n\t\t\t\t\t\t\t\t\t\t\t<div class=\"elementor-gallery-item__overlay\"><\/div>\n\t\t\t\t\t\t\t\t\t\t\t\t\t\t<\/a>\n\t\t\t\t\t\t\t<a class=\"e-gallery-item elementor-gallery-item elementor-animated-content\" href=\"https:\/\/costablanca-magazin.com\/wp-content\/uploads\/2024\/12\/Tardor-Rosello-CBM-4-scaled.jpeg\" data-elementor-open-lightbox=\"yes\" data-elementor-lightbox-slideshow=\"0791ecd\" data-elementor-lightbox-title=\"Tardor Rosell\u00f3:  Vom Graffiti-Talent  zum gefeierten Muralisten\" data-elementor-lightbox-description=\"Tardor Rosell\u00f3: Vom Graffiti-Talent zum gefeierten Muralisten\" data-e-action-hash=\"#elementor-action%3Aaction%3Dlightbox%26settings%3DeyJpZCI6MzU0NCwidXJsIjoiaHR0cHM6XC9cL2Nvc3RhYmxhbmNhLW1hZ2F6aW4uY29tXC93cC1jb250ZW50XC91cGxvYWRzXC8yMDI0XC8xMlwvVGFyZG9yLVJvc2VsbG8tQ0JNLTQtc2NhbGVkLmpwZWciLCJzbGlkZXNob3ciOiIwNzkxZWNkIn0%3D\">\n\t\t\t\t\t<div class=\"e-gallery-image elementor-gallery-item__image\" data-thumbnail=\"https:\/\/costablanca-magazin.com\/wp-content\/uploads\/2024\/12\/Tardor-Rosello-CBM-4-300x225.jpeg\" data-width=\"300\" data-height=\"225\" aria-label=\"Tardor Rosell\u00f3: de talentoso grafitero a aclamado muralista 4\" role=\"img\" ><\/div>\n\t\t\t\t\t\t\t\t\t\t\t<div class=\"elementor-gallery-item__overlay\"><\/div>\n\t\t\t\t\t\t\t\t\t\t\t\t\t\t<\/a>\n\t\t\t\t\t<\/div>\n\t\t\t\t\t<\/div>\n\t\t\t\t<\/div>\n\t\t\t\t<div class=\"elementor-element elementor-element-960909a elementor-widget elementor-widget-text-editor\" data-id=\"960909a\" data-element_type=\"widget\" data-e-type=\"widget\" data-widget_type=\"text-editor.default\">\n\t\t\t\t<div class=\"elementor-widget-container\">\n\t\t\t\t\t\t\t\t\t<p>Tardor ya mostr\u00f3 su pasi\u00f3n por el dibujo a una edad temprana. A los 16 a\u00f1os descubri\u00f3 el mundo del graffiti y empez\u00f3 a plasmar sus bocetos en motivos tridimensionales de gran formato sobre paredes. Su arte ha seguido evolucionando, y muchas de sus obras cuentan historias profundas. Si se observan m\u00e1s de cerca, revelan mensajes sutiles, a menudo de contenido pol\u00edtico o socialmente cr\u00edtico, que se representan con audacia y humor.<\/p>\t\t\t\t\t\t\t\t<\/div>\n\t\t\t\t<\/div>\n\t\t\t\t<div class=\"elementor-element elementor-element-878d9b9 elementor-widget elementor-widget-gallery\" data-id=\"878d9b9\" data-element_type=\"widget\" data-e-type=\"widget\" data-settings=\"{&quot;columns&quot;:2,&quot;gap&quot;:{&quot;unit&quot;:&quot;px&quot;,&quot;size&quot;:1,&quot;sizes&quot;:[]},&quot;lazyload&quot;:&quot;yes&quot;,&quot;gallery_layout&quot;:&quot;grid&quot;,&quot;columns_tablet&quot;:2,&quot;columns_mobile&quot;:1,&quot;gap_tablet&quot;:{&quot;unit&quot;:&quot;px&quot;,&quot;size&quot;:10,&quot;sizes&quot;:[]},&quot;gap_mobile&quot;:{&quot;unit&quot;:&quot;px&quot;,&quot;size&quot;:10,&quot;sizes&quot;:[]},&quot;link_to&quot;:&quot;file&quot;,&quot;aspect_ratio&quot;:&quot;3:2&quot;,&quot;overlay_background&quot;:&quot;yes&quot;,&quot;content_hover_animation&quot;:&quot;fade-in&quot;}\" data-widget_type=\"gallery.default\">\n\t\t\t\t<div class=\"elementor-widget-container\">\n\t\t\t\t\t\t\t<div class=\"elementor-gallery__container\">\n\t\t\t\t\t\t\t<a class=\"e-gallery-item elementor-gallery-item elementor-animated-content\" href=\"https:\/\/costablanca-magazin.com\/wp-content\/uploads\/2024\/12\/Tardor-Rosello-CBM-6-scaled.jpeg\" data-elementor-open-lightbox=\"yes\" data-elementor-lightbox-slideshow=\"878d9b9\" data-elementor-lightbox-title=\"Tardor Rosell\u00f3:  Vom Graffiti-Talent  zum gefeierten Muralisten\" data-elementor-lightbox-description=\"Tardor Rosell\u00f3: Vom Graffiti-Talent zum gefeierten Muralisten\" data-e-action-hash=\"#elementor-action%3Aaction%3Dlightbox%26settings%3DeyJpZCI6MzU0NiwidXJsIjoiaHR0cHM6XC9cL2Nvc3RhYmxhbmNhLW1hZ2F6aW4uY29tXC93cC1jb250ZW50XC91cGxvYWRzXC8yMDI0XC8xMlwvVGFyZG9yLVJvc2VsbG8tQ0JNLTYtc2NhbGVkLmpwZWciLCJzbGlkZXNob3ciOiI4NzhkOWI5In0%3D\">\n\t\t\t\t\t<div class=\"e-gallery-image elementor-gallery-item__image\" data-thumbnail=\"https:\/\/costablanca-magazin.com\/wp-content\/uploads\/2024\/12\/Tardor-Rosello-CBM-6-225x300.jpeg\" data-width=\"225\" data-height=\"300\" aria-label=\"Tardor Rosell\u00f3: de talentoso grafitero a aclamado muralista 6\" role=\"img\" ><\/div>\n\t\t\t\t\t\t\t\t\t\t\t<div class=\"elementor-gallery-item__overlay\"><\/div>\n\t\t\t\t\t\t\t\t\t\t\t\t\t\t<\/a>\n\t\t\t\t\t\t\t<a class=\"e-gallery-item elementor-gallery-item elementor-animated-content\" href=\"https:\/\/costablanca-magazin.com\/wp-content\/uploads\/2024\/12\/Tardor-Rosello-CBM-7.jpeg\" data-elementor-open-lightbox=\"yes\" data-elementor-lightbox-slideshow=\"878d9b9\" data-elementor-lightbox-title=\"Tardor Rosell\u00f3:  Vom Graffiti-Talent  zum gefeierten Muralisten\" data-elementor-lightbox-description=\"Tardor Rosell\u00f3: Vom Graffiti-Talent zum gefeierten Muralisten\" data-e-action-hash=\"#elementor-action%3Aaction%3Dlightbox%26settings%3DeyJpZCI6MzU0NywidXJsIjoiaHR0cHM6XC9cL2Nvc3RhYmxhbmNhLW1hZ2F6aW4uY29tXC93cC1jb250ZW50XC91cGxvYWRzXC8yMDI0XC8xMlwvVGFyZG9yLVJvc2VsbG8tQ0JNLTcuanBlZyIsInNsaWRlc2hvdyI6Ijg3OGQ5YjkifQ%3D%3D\">\n\t\t\t\t\t<div class=\"e-gallery-image elementor-gallery-item__image\" data-thumbnail=\"https:\/\/costablanca-magazin.com\/wp-content\/uploads\/2024\/12\/Tardor-Rosello-CBM-7-300x251.jpeg\" data-width=\"300\" data-height=\"251\" aria-label=\"Tardor Rosell\u00f3: de talentoso grafitero a aclamado muralista 7\" role=\"img\" ><\/div>\n\t\t\t\t\t\t\t\t\t\t\t<div class=\"elementor-gallery-item__overlay\"><\/div>\n\t\t\t\t\t\t\t\t\t\t\t\t\t\t<\/a>\n\t\t\t\t\t<\/div>\n\t\t\t\t\t<\/div>\n\t\t\t\t<\/div>\n\t\t\t\t<\/div>\n\t\t<div class=\"elementor-element elementor-element-a438f7a e-con-full e-flex e-con e-child\" data-id=\"a438f7a\" data-element_type=\"container\" data-e-type=\"container\">\n\t\t\t\t<div class=\"elementor-element elementor-element-5480602 elementor-widget elementor-widget-gallery\" data-id=\"5480602\" data-element_type=\"widget\" data-e-type=\"widget\" data-settings=\"{&quot;columns&quot;:2,&quot;gap&quot;:{&quot;unit&quot;:&quot;px&quot;,&quot;size&quot;:1,&quot;sizes&quot;:[]},&quot;lazyload&quot;:&quot;yes&quot;,&quot;gallery_layout&quot;:&quot;grid&quot;,&quot;columns_tablet&quot;:2,&quot;columns_mobile&quot;:1,&quot;gap_tablet&quot;:{&quot;unit&quot;:&quot;px&quot;,&quot;size&quot;:10,&quot;sizes&quot;:[]},&quot;gap_mobile&quot;:{&quot;unit&quot;:&quot;px&quot;,&quot;size&quot;:10,&quot;sizes&quot;:[]},&quot;link_to&quot;:&quot;file&quot;,&quot;aspect_ratio&quot;:&quot;3:2&quot;,&quot;overlay_background&quot;:&quot;yes&quot;,&quot;content_hover_animation&quot;:&quot;fade-in&quot;}\" data-widget_type=\"gallery.default\">\n\t\t\t\t<div class=\"elementor-widget-container\">\n\t\t\t\t\t\t\t<div class=\"elementor-gallery__container\">\n\t\t\t\t\t\t\t<a class=\"e-gallery-item elementor-gallery-item elementor-animated-content\" href=\"https:\/\/costablanca-magazin.com\/wp-content\/uploads\/2024\/12\/Tardor-Rosello-CBM-3-scaled.jpeg\" data-elementor-open-lightbox=\"yes\" data-elementor-lightbox-slideshow=\"5480602\" data-elementor-lightbox-title=\"Tardor Rosell\u00f3:  Vom Graffiti-Talent  zum gefeierten Muralisten\" data-elementor-lightbox-description=\"Tardor Rosell\u00f3: Vom Graffiti-Talent zum gefeierten Muralisten\" data-e-action-hash=\"#elementor-action%3Aaction%3Dlightbox%26settings%3DeyJpZCI6MzU0MywidXJsIjoiaHR0cHM6XC9cL2Nvc3RhYmxhbmNhLW1hZ2F6aW4uY29tXC93cC1jb250ZW50XC91cGxvYWRzXC8yMDI0XC8xMlwvVGFyZG9yLVJvc2VsbG8tQ0JNLTMtc2NhbGVkLmpwZWciLCJzbGlkZXNob3ciOiI1NDgwNjAyIn0%3D\">\n\t\t\t\t\t<div class=\"e-gallery-image elementor-gallery-item__image\" data-thumbnail=\"https:\/\/costablanca-magazin.com\/wp-content\/uploads\/2024\/12\/Tardor-Rosello-CBM-3-225x300.jpeg\" data-width=\"225\" data-height=\"300\" aria-label=\"Tardor Rosell\u00f3: de talentoso grafitero a aclamado muralista 3\" role=\"img\" ><\/div>\n\t\t\t\t\t\t\t\t\t\t\t<div class=\"elementor-gallery-item__overlay\"><\/div>\n\t\t\t\t\t\t\t\t\t\t\t\t\t\t<\/a>\n\t\t\t\t\t\t\t<a class=\"e-gallery-item elementor-gallery-item elementor-animated-content\" href=\"https:\/\/costablanca-magazin.com\/wp-content\/uploads\/2024\/12\/Tardor-Rosello-CBM-1-scaled.jpeg\" data-elementor-open-lightbox=\"yes\" data-elementor-lightbox-slideshow=\"5480602\" data-elementor-lightbox-title=\"Tardor Rosell\u00f3:  Vom Graffiti-Talent  zum gefeierten Muralisten\" data-elementor-lightbox-description=\"Tardor Rosell\u00f3: Vom Graffiti-Talent zum gefeierten Muralisten\" data-e-action-hash=\"#elementor-action%3Aaction%3Dlightbox%26settings%3DeyJpZCI6MzU0MSwidXJsIjoiaHR0cHM6XC9cL2Nvc3RhYmxhbmNhLW1hZ2F6aW4uY29tXC93cC1jb250ZW50XC91cGxvYWRzXC8yMDI0XC8xMlwvVGFyZG9yLVJvc2VsbG8tQ0JNLTEtc2NhbGVkLmpwZWciLCJzbGlkZXNob3ciOiI1NDgwNjAyIn0%3D\">\n\t\t\t\t\t<div class=\"e-gallery-image elementor-gallery-item__image\" data-thumbnail=\"https:\/\/costablanca-magazin.com\/wp-content\/uploads\/2024\/12\/Tardor-Rosello-CBM-1-300x225.jpeg\" data-width=\"300\" data-height=\"225\" aria-label=\"Tardor Rosell\u00f3: de talentoso grafitero a aclamado muralista 1\" role=\"img\" ><\/div>\n\t\t\t\t\t\t\t\t\t\t\t<div class=\"elementor-gallery-item__overlay\"><\/div>\n\t\t\t\t\t\t\t\t\t\t\t\t\t\t<\/a>\n\t\t\t\t\t<\/div>\n\t\t\t\t\t<\/div>\n\t\t\t\t<\/div>\n\t\t\t\t<div class=\"elementor-element elementor-element-486fd5d elementor-widget elementor-widget-text-editor\" data-id=\"486fd5d\" data-element_type=\"widget\" data-e-type=\"widget\" data-widget_type=\"text-editor.default\">\n\t\t\t\t<div class=\"elementor-widget-container\">\n\t\t\t\t\t\t\t\t\t<p>Un cap\u00edtulo notable en la carrera de Tardor fue su estancia en Dresde. All\u00ed cre\u00f3 un impresionante mural en 3D que pretend\u00eda llamar la atenci\u00f3n sobre el auge de los movimientos de derechas. Aunque all\u00ed encontr\u00f3 hostilidad, considera la experiencia instructiva y destaca los aspectos positivos. \u201eEse es el riesgo de un artista que trabaja en la calle\u201c, reflexiona Tardor.<\/p><p><br \/>En la actualidad, Tardor vive en Madrid, pero sigue estrechamente vinculado a la Costa Blanca. Sus obras son parte integrante del paisaje urbano e invitan al espectador a sumergirse en las historias que cuenta con sus colores. Para conocer a fondo su obra, recomendamos visitar su p\u00e1gina de Facebook \u201eTardor Graffiti\u201c.<\/p>\t\t\t\t\t\t\t\t<\/div>\n\t\t\t\t<\/div>\n\t\t\t\t<div class=\"elementor-element elementor-element-f21889f elementor-widget elementor-widget-gallery\" data-id=\"f21889f\" data-element_type=\"widget\" data-e-type=\"widget\" data-settings=\"{&quot;columns&quot;:2,&quot;gap&quot;:{&quot;unit&quot;:&quot;px&quot;,&quot;size&quot;:1,&quot;sizes&quot;:[]},&quot;lazyload&quot;:&quot;yes&quot;,&quot;gallery_layout&quot;:&quot;grid&quot;,&quot;columns_tablet&quot;:2,&quot;columns_mobile&quot;:1,&quot;gap_tablet&quot;:{&quot;unit&quot;:&quot;px&quot;,&quot;size&quot;:10,&quot;sizes&quot;:[]},&quot;gap_mobile&quot;:{&quot;unit&quot;:&quot;px&quot;,&quot;size&quot;:10,&quot;sizes&quot;:[]},&quot;link_to&quot;:&quot;file&quot;,&quot;aspect_ratio&quot;:&quot;3:2&quot;,&quot;overlay_background&quot;:&quot;yes&quot;,&quot;content_hover_animation&quot;:&quot;fade-in&quot;}\" data-widget_type=\"gallery.default\">\n\t\t\t\t<div class=\"elementor-widget-container\">\n\t\t\t\t\t\t\t<div class=\"elementor-gallery__container\">\n\t\t\t\t\t\t\t<a class=\"e-gallery-item elementor-gallery-item elementor-animated-content\" href=\"https:\/\/costablanca-magazin.com\/wp-content\/uploads\/2024\/12\/Tardor-Rosello-CBM-2-scaled.jpeg\" data-elementor-open-lightbox=\"yes\" data-elementor-lightbox-slideshow=\"f21889f\" data-elementor-lightbox-title=\"Tardor Rosell\u00f3:  Vom Graffiti-Talent  zum gefeierten Muralisten\" data-elementor-lightbox-description=\"Tardor Rosell\u00f3: Vom Graffiti-Talent zum gefeierten Muralisten\" data-e-action-hash=\"#elementor-action%3Aaction%3Dlightbox%26settings%3DeyJpZCI6MzU0MiwidXJsIjoiaHR0cHM6XC9cL2Nvc3RhYmxhbmNhLW1hZ2F6aW4uY29tXC93cC1jb250ZW50XC91cGxvYWRzXC8yMDI0XC8xMlwvVGFyZG9yLVJvc2VsbG8tQ0JNLTItc2NhbGVkLmpwZWciLCJzbGlkZXNob3ciOiJmMjE4ODlmIn0%3D\">\n\t\t\t\t\t<div class=\"e-gallery-image elementor-gallery-item__image\" data-thumbnail=\"https:\/\/costablanca-magazin.com\/wp-content\/uploads\/2024\/12\/Tardor-Rosello-CBM-2-225x300.jpeg\" data-width=\"225\" data-height=\"300\" aria-label=\"Tardor Rosell\u00f3: de talentoso grafitero a aclamado muralista 2\" role=\"img\" ><\/div>\n\t\t\t\t\t\t\t\t\t\t\t<div class=\"elementor-gallery-item__overlay\"><\/div>\n\t\t\t\t\t\t\t\t\t\t\t\t\t\t<\/a>\n\t\t\t\t\t\t\t<a class=\"e-gallery-item elementor-gallery-item elementor-animated-content\" href=\"https:\/\/costablanca-magazin.com\/wp-content\/uploads\/2024\/12\/Mulas-porteadoras-mural-by-TARDOR-ROSELLO-in-Benigembla-Spain.jpg\" data-elementor-open-lightbox=\"yes\" data-elementor-lightbox-slideshow=\"f21889f\" data-elementor-lightbox-title=\"Tardor Rosell\u00f3:  Vom Graffiti-Talent  zum gefeierten Muralisten\" data-elementor-lightbox-description=\"Tardor Rosell\u00f3: Vom Graffiti-Talent zum gefeierten Muralisten\" data-e-action-hash=\"#elementor-action%3Aaction%3Dlightbox%26settings%3DeyJpZCI6MzU0MCwidXJsIjoiaHR0cHM6XC9cL2Nvc3RhYmxhbmNhLW1hZ2F6aW4uY29tXC93cC1jb250ZW50XC91cGxvYWRzXC8yMDI0XC8xMlwvTXVsYXMtcG9ydGVhZG9yYXMtbXVyYWwtYnktVEFSRE9SLVJPU0VMTE8taW4tQmVuaWdlbWJsYS1TcGFpbi5qcGciLCJzbGlkZXNob3ciOiJmMjE4ODlmIn0%3D\">\n\t\t\t\t\t<div class=\"e-gallery-image elementor-gallery-item__image\" data-thumbnail=\"https:\/\/costablanca-magazin.com\/wp-content\/uploads\/2024\/12\/Mulas-porteadoras-mural-by-TARDOR-ROSELLO-in-Benigembla-Spain-240x300.jpg\" data-width=\"240\" data-height=\"300\" aria-label=\"Tardor Rosell\u00f3: de grafitero a c\u00e9lebre muralista\" role=\"img\" ><\/div>\n\t\t\t\t\t\t\t\t\t\t\t<div class=\"elementor-gallery-item__overlay\"><\/div>\n\t\t\t\t\t\t\t\t\t\t\t\t\t\t<\/a>\n\t\t\t\t\t<\/div>\n\t\t\t\t\t<\/div>\n\t\t\t\t<\/div>\n\t\t\t\t<\/div>\n\t\t\t\t\t<\/div>\n\t\t\t\t<\/div>\n\t\t\t\t<\/div>","protected":false},"excerpt":{"rendered":"<p>Tardor Rosell\u00f3: Vom Graffiti-Talent zum gefeierten Muralisten Wie ein K\u00fcnstler aus La Xara die Stra\u00dfenkunst der Costa Blanca pr\u00e4gt Tardor Rosell\u00f3, ein talentierter K\u00fcnstler und Graffiti -Talent und Muralist aus La Xara nahe D\u00e9nia, hat sich mit seinen beeindruckenden Wandgem\u00e4lden einen Namen gemacht. Seine Werke zieren nicht nur die Fassaden seiner Heimatstadt, sondern sind auch [&hellip;]<\/p>\n","protected":false},"author":1,"featured_media":3549,"comment_status":"closed","ping_status":"closed","sticky":false,"template":"elementor_header_footer","format":"standard","meta":{"footnotes":""},"categories":[981],"tags":[361,362,360],"class_list":["post-3539","post","type-post","status-publish","format-standard","has-post-thumbnail","hentry","category-stories-und-stimmen","tag-costa-blanca-kuenstler","tag-kunst-an-der-costa-blanca","tag-tardor-rosello-kunst"],"aioseo_notices":[],"_links":{"self":[{"href":"https:\/\/costablanca-magazin.com\/es\/wp-json\/wp\/v2\/posts\/3539","targetHints":{"allow":["GET"]}}],"collection":[{"href":"https:\/\/costablanca-magazin.com\/es\/wp-json\/wp\/v2\/posts"}],"about":[{"href":"https:\/\/costablanca-magazin.com\/es\/wp-json\/wp\/v2\/types\/post"}],"author":[{"embeddable":true,"href":"https:\/\/costablanca-magazin.com\/es\/wp-json\/wp\/v2\/users\/1"}],"replies":[{"embeddable":true,"href":"https:\/\/costablanca-magazin.com\/es\/wp-json\/wp\/v2\/comments?post=3539"}],"version-history":[{"count":14,"href":"https:\/\/costablanca-magazin.com\/es\/wp-json\/wp\/v2\/posts\/3539\/revisions"}],"predecessor-version":[{"id":6640,"href":"https:\/\/costablanca-magazin.com\/es\/wp-json\/wp\/v2\/posts\/3539\/revisions\/6640"}],"wp:featuredmedia":[{"embeddable":true,"href":"https:\/\/costablanca-magazin.com\/es\/wp-json\/wp\/v2\/media\/3549"}],"wp:attachment":[{"href":"https:\/\/costablanca-magazin.com\/es\/wp-json\/wp\/v2\/media?parent=3539"}],"wp:term":[{"taxonomy":"category","embeddable":true,"href":"https:\/\/costablanca-magazin.com\/es\/wp-json\/wp\/v2\/categories?post=3539"},{"taxonomy":"post_tag","embeddable":true,"href":"https:\/\/costablanca-magazin.com\/es\/wp-json\/wp\/v2\/tags?post=3539"}],"curies":[{"name":"wp","href":"https:\/\/api.w.org\/{rel}","templated":true}]}}