{"id":3448,"date":"2024-11-30T09:00:00","date_gmt":"2024-11-30T08:00:00","guid":{"rendered":"https:\/\/costablanca-magazin.com\/?p=3448"},"modified":"2024-12-20T08:53:12","modified_gmt":"2024-12-20T07:53:12","slug":"adviento-contemplativo-en-la-costa-blanca-consejos-y-tendencias","status":"publish","type":"post","link":"https:\/\/costablanca-magazin.com\/es\/residenten\/leben-in-spanien\/besinnlicher-advent-an-der-costa-blanca-tipps-und-trends\/","title":{"rendered":"Adviento contemplativo en la Costa Blanca - consejos y tendencias"},"content":{"rendered":"<div data-elementor-type=\"wp-post\" data-elementor-id=\"3448\" class=\"elementor elementor-3448\" data-elementor-post-type=\"post\">\n\t\t\t\t<div class=\"elementor-element elementor-element-3aea509 e-flex e-con-boxed e-con e-parent\" data-id=\"3aea509\" data-element_type=\"container\" data-e-type=\"container\">\n\t\t\t\t\t<div class=\"e-con-inner\">\n\t\t\t\t<div class=\"elementor-element elementor-element-7ec3355 elementor-widget elementor-widget-heading\" data-id=\"7ec3355\" data-element_type=\"widget\" data-e-type=\"widget\" data-widget_type=\"heading.default\">\n\t\t\t\t<div class=\"elementor-widget-container\">\n\t\t\t\t\t<h1 class=\"elementor-heading-title elementor-size-default\">Adviento contemplativo en la Costa Blanca: consejos y tendencias para una evocadora temporada prenavide\u00f1a<\/h1>\t\t\t\t<\/div>\n\t\t\t\t<\/div>\n\t\t\t\t\t<\/div>\n\t\t\t\t<\/div>\n\t\t<div class=\"elementor-element elementor-element-e6aaba9 e-flex e-con-boxed e-con e-parent\" data-id=\"e6aaba9\" data-element_type=\"container\" data-e-type=\"container\">\n\t\t\t\t\t<div class=\"e-con-inner\">\n\t\t\t\t<div class=\"elementor-element elementor-element-cb5b02f elementor-widget elementor-widget-image\" data-id=\"cb5b02f\" data-element_type=\"widget\" data-e-type=\"widget\" data-widget_type=\"image.default\">\n\t\t\t\t<div class=\"elementor-widget-container\">\n\t\t\t\t\t\t\t\t\t\t\t\t\t\t\t<img decoding=\"async\" src=\"https:\/\/costablanca-magazin.com\/wp-content\/uploads\/elementor\/thumbs\/still-life-advent-wreath-2024-09-23-12-12-11-utc-scaled-rjc77ne3o0rwzwt02wzkorbshaflodcz3zicb8a5r4.jpg\" title=\"Corona de Adviento con naturaleza muerta\" alt=\"Costa Blanca Mallorca 201\" loading=\"lazy\" \/>\t\t\t\t\t\t\t\t\t\t\t\t\t\t\t<\/div>\n\t\t\t\t<\/div>\n\t\t\t\t<div class=\"elementor-element elementor-element-f22cb56 elementor-widget elementor-widget-heading\" data-id=\"f22cb56\" data-element_type=\"widget\" data-e-type=\"widget\" data-widget_type=\"heading.default\">\n\t\t\t\t<div class=\"elementor-widget-container\">\n\t\t\t\t\t<h2 class=\"elementor-heading-title elementor-size-default\">Sostenibilidad, minimalismo y tradiciones nost\u00e1lgicas: as\u00ed podr\u00e1 dise\u00f1ar el Adviento de este a\u00f1o de forma consciente y con estilo.<\/h2>\t\t\t\t<\/div>\n\t\t\t\t<\/div>\n\t\t\t\t\t<\/div>\n\t\t\t\t<\/div>\n\t\t<div class=\"elementor-element elementor-element-13985ef e-flex e-con-boxed e-con e-parent\" data-id=\"13985ef\" data-element_type=\"container\" data-e-type=\"container\">\n\t\t\t\t\t<div class=\"e-con-inner\">\n\t\t<div class=\"elementor-element elementor-element-46a5498 e-con-full e-flex e-con e-child\" data-id=\"46a5498\" data-element_type=\"container\" data-e-type=\"container\">\n\t\t\t\t<div class=\"elementor-element elementor-element-a2be8b9 elementor-widget elementor-widget-text-editor\" data-id=\"a2be8b9\" data-element_type=\"widget\" data-e-type=\"widget\" data-widget_type=\"text-editor.default\">\n\t\t\t\t<div class=\"elementor-widget-container\">\n\t\t\t\t\t\t\t\t\t<p>El Adviento es una \u00e9poca muy especial del a\u00f1o, un tiempo para detenerse, disfrutar de la ilusi\u00f3n y saborear conscientemente. En la Costa Blanca, el periodo prenavide\u00f1o es ideal para decorar el hogar de forma festiva y crear un ambiente contemplativo. Este a\u00f1o se destacan algunas tendencias interesantes que no solo son bonitas a la vista, sino tambi\u00e9n sostenibles y conscientes.<\/p><p><strong>De vuelta a los or\u00edgenes: la tradici\u00f3n se une a la nostalgia<\/strong><br \/>En un mundo fren\u00e9tico y digital, muchas personas anhelan lo aut\u00e9ntico. El Adviento es el momento perfecto para revivir los rituales tradicionales. La decoraci\u00f3n cl\u00e1sica de Adviento ser\u00e1 especialmente evocadora este a\u00f1o con pi\u00f1as, figuras hechas a mano y velas. Los colores tradicionales rojo, verde y dorado le dan a su hogar un ambiente c\u00e1lido y nost\u00e1lgico. Si prefiere un estilo m\u00e1s moderno, puede combinarlos con delicados tonos pastel o azules invernales.<\/p><p><strong>minimalismo <\/strong><strong>Para una tranquila temporada de Adviento<\/strong><br \/>\u201eMenos es m\u00e1s\u201c es el lema para el Adviento de 2024. Una decoraci\u00f3n discreta en colores naturales como el beige, el marr\u00f3n y el verde oliva crea un ambiente tranquilo y relajado. Soportes para velas sencillos, adornos delicados y coronas de Adviento discretas aportan un toque elegante y dejan espacio para lo esencial: la contemplaci\u00f3n y la comodidad.<\/p><p><strong>La sostenibilidad como tendencia clave<\/strong><br \/>La sostenibilidad es un tema central en la \u00e9poca prenavide\u00f1a. \u00bfPor qu\u00e9 no ponerse creativo? Haga manualidades navide\u00f1as con papel reciclado, telas viejas o materiales naturales. Una idea especialmente encantadora son las tarjetas de madera hechas a mano, que no solo sirven como tarjetas de felicitaci\u00f3n, sino que tambi\u00e9n se pueden utilizar como adornos reutilizables para el \u00e1rbol de Navidad. De esta manera, no solo regala alegr\u00eda, sino tambi\u00e9n un poco de sostenibilidad.<\/p><p><br \/><strong>comodidad <\/strong><strong>celebrar conscientemente<\/strong><br \/>El Adviento deber\u00eda ser un tiempo para detenerse y disfrutar. P\u00f3ngase c\u00f3modo con una taza de vino caliente con especias, galletas caseras y una manta mullida. Pase veladas tranquilas a la luz de las velas y deje que crezca la ilusi\u00f3n por la Navidad. Porque esta \u00e9poca es ideal para tomarse un descanso consciente y disfrutar del momento.<\/p>\t\t\t\t\t\t\t\t<\/div>\n\t\t\t\t<\/div>\n\t\t\t\t<\/div>\n\t\t<div class=\"elementor-element elementor-element-af346e1 e-con-full e-flex e-con e-child\" data-id=\"af346e1\" data-element_type=\"container\" data-e-type=\"container\">\n\t\t<div class=\"elementor-element elementor-element-22568d8 e-con-full e-flex e-con e-child\" data-id=\"22568d8\" data-element_type=\"container\" data-e-type=\"container\">\n\t\t\t\t<div class=\"elementor-element elementor-element-7c47773 elementor-widget elementor-widget-gallery\" data-id=\"7c47773\" data-element_type=\"widget\" data-e-type=\"widget\" data-settings=\"{&quot;columns&quot;:2,&quot;gap&quot;:{&quot;unit&quot;:&quot;px&quot;,&quot;size&quot;:0,&quot;sizes&quot;:[]},&quot;lazyload&quot;:&quot;yes&quot;,&quot;gallery_layout&quot;:&quot;grid&quot;,&quot;columns_tablet&quot;:2,&quot;columns_mobile&quot;:1,&quot;gap_tablet&quot;:{&quot;unit&quot;:&quot;px&quot;,&quot;size&quot;:10,&quot;sizes&quot;:[]},&quot;gap_mobile&quot;:{&quot;unit&quot;:&quot;px&quot;,&quot;size&quot;:10,&quot;sizes&quot;:[]},&quot;link_to&quot;:&quot;file&quot;,&quot;aspect_ratio&quot;:&quot;3:2&quot;,&quot;overlay_background&quot;:&quot;yes&quot;,&quot;content_hover_animation&quot;:&quot;fade-in&quot;}\" data-widget_type=\"gallery.default\">\n\t\t\t\t<div class=\"elementor-widget-container\">\n\t\t\t\t\t\t\t<div class=\"elementor-gallery__container\">\n\t\t\t\t\t\t\t<a class=\"e-gallery-item elementor-gallery-item elementor-animated-content\" href=\"https:\/\/costablanca-magazin.com\/wp-content\/uploads\/2024\/11\/girl-makes-an-advent-christmas-wreath-close-up-of-2023-11-27-05-11-21-utc-scaled.jpg\" data-elementor-open-lightbox=\"yes\" data-elementor-lightbox-slideshow=\"7c47773\" data-elementor-lightbox-title=\"Besinnlicher Advent an der Costa Blanca: Tipps und Trends  f\u00fcr stimmungsvolle Vorweihnachtszeit\" data-elementor-lightbox-description=\"Besinnlicher Advent an der Costa Blanca: Tipps und Trends f\u00fcr stimmungsvolle Vorweihnachtszeit\" data-e-action-hash=\"#elementor-action%3Aaction%3Dlightbox%26settings%3DeyJpZCI6MzQ1MywidXJsIjoiaHR0cHM6XC9cL2Nvc3RhYmxhbmNhLW1hZ2F6aW4uY29tXC93cC1jb250ZW50XC91cGxvYWRzXC8yMDI0XC8xMVwvZ2lybC1tYWtlcy1hbi1hZHZlbnQtY2hyaXN0bWFzLXdyZWF0aC1jbG9zZS11cC1vZi0yMDIzLTExLTI3LTA1LTExLTIxLXV0Yy1zY2FsZWQuanBnIiwic2xpZGVzaG93IjoiN2M0Nzc3MyJ9\">\n\t\t\t\t\t<div class=\"e-gallery-image elementor-gallery-item__image\" data-thumbnail=\"https:\/\/costablanca-magazin.com\/wp-content\/uploads\/2024\/11\/girl-makes-an-advent-christmas-wreath-close-up-of-2023-11-27-05-11-21-utc-300x200.jpg\" data-width=\"300\" data-height=\"200\" aria-label=\"Adviento contemplativo en la Costa Blanca: consejos y tendencias para una evocadora temporada prenavide\u00f1a 3\" role=\"img\" ><\/div>\n\t\t\t\t\t\t\t\t\t\t\t<div class=\"elementor-gallery-item__overlay\"><\/div>\n\t\t\t\t\t\t\t\t\t\t\t\t\t\t<\/a>\n\t\t\t\t\t\t\t<a class=\"e-gallery-item elementor-gallery-item elementor-animated-content\" href=\"https:\/\/costablanca-magazin.com\/wp-content\/uploads\/2024\/11\/christmas-lights-2023-11-27-04-51-41-utc-scaled.jpg\" data-elementor-open-lightbox=\"yes\" data-elementor-lightbox-slideshow=\"7c47773\" data-elementor-lightbox-title=\"Besinnlicher Advent an der Costa Blanca: Tipps und Trends  f\u00fcr stimmungsvolle Vorweihnachtszeit\" data-elementor-lightbox-description=\"Besinnlicher Advent an der Costa Blanca: Tipps und Trends f\u00fcr stimmungsvolle Vorweihnachtszeit\" data-e-action-hash=\"#elementor-action%3Aaction%3Dlightbox%26settings%3DeyJpZCI6MzQ1MiwidXJsIjoiaHR0cHM6XC9cL2Nvc3RhYmxhbmNhLW1hZ2F6aW4uY29tXC93cC1jb250ZW50XC91cGxvYWRzXC8yMDI0XC8xMVwvY2hyaXN0bWFzLWxpZ2h0cy0yMDIzLTExLTI3LTA0LTUxLTQxLXV0Yy1zY2FsZWQuanBnIiwic2xpZGVzaG93IjoiN2M0Nzc3MyJ9\">\n\t\t\t\t\t<div class=\"e-gallery-image elementor-gallery-item__image\" data-thumbnail=\"https:\/\/costablanca-magazin.com\/wp-content\/uploads\/2024\/11\/christmas-lights-2023-11-27-04-51-41-utc-300x200.jpg\" data-width=\"300\" data-height=\"200\" aria-label=\"Adviento contemplativo en la Costa Blanca: consejos y tendencias para una evocadora temporada prenavide\u00f1a 2\" role=\"img\" ><\/div>\n\t\t\t\t\t\t\t\t\t\t\t<div class=\"elementor-gallery-item__overlay\"><\/div>\n\t\t\t\t\t\t\t\t\t\t\t\t\t\t<\/a>\n\t\t\t\t\t\t\t<a class=\"e-gallery-item elementor-gallery-item elementor-animated-content\" href=\"https:\/\/costablanca-magazin.com\/wp-content\/uploads\/2024\/11\/creative-christmas-advent-calendar-as-cute-house-w-2023-11-27-05-23-36-utc-scaled.jpg\" data-elementor-open-lightbox=\"yes\" data-elementor-lightbox-slideshow=\"7c47773\" data-elementor-lightbox-title=\"Besinnlicher Advent an der Costa Blanca: Tipps und Trends  f\u00fcr stimmungsvolle Vorweihnachtszeit\" data-elementor-lightbox-description=\"Besinnlicher Advent an der Costa Blanca: Tipps und Trends f\u00fcr stimmungsvolle Vorweihnachtszeit\" data-e-action-hash=\"#elementor-action%3Aaction%3Dlightbox%26settings%3DeyJpZCI6MzQ1MSwidXJsIjoiaHR0cHM6XC9cL2Nvc3RhYmxhbmNhLW1hZ2F6aW4uY29tXC93cC1jb250ZW50XC91cGxvYWRzXC8yMDI0XC8xMVwvY3JlYXRpdmUtY2hyaXN0bWFzLWFkdmVudC1jYWxlbmRhci1hcy1jdXRlLWhvdXNlLXctMjAyMy0xMS0yNy0wNS0yMy0zNi11dGMtc2NhbGVkLmpwZyIsInNsaWRlc2hvdyI6IjdjNDc3NzMifQ%3D%3D\">\n\t\t\t\t\t<div class=\"e-gallery-image elementor-gallery-item__image\" data-thumbnail=\"https:\/\/costablanca-magazin.com\/wp-content\/uploads\/2024\/11\/creative-christmas-advent-calendar-as-cute-house-w-2023-11-27-05-23-36-utc-300x200.jpg\" data-width=\"300\" data-height=\"200\" aria-label=\"Adviento contemplativo en la Costa Blanca: consejos y tendencias para una evocadora temporada prenavide\u00f1a 1\" role=\"img\" ><\/div>\n\t\t\t\t\t\t\t\t\t\t\t<div class=\"elementor-gallery-item__overlay\"><\/div>\n\t\t\t\t\t\t\t\t\t\t\t\t\t\t<\/a>\n\t\t\t\t\t\t\t<a class=\"e-gallery-item elementor-gallery-item elementor-animated-content\" href=\"https:\/\/costablanca-magazin.com\/wp-content\/uploads\/2024\/11\/handmade-christmas-advent-activity-surprise-festiv-2023-11-27-05-06-00-utc-scaled.jpg\" data-elementor-open-lightbox=\"yes\" data-elementor-lightbox-slideshow=\"7c47773\" data-elementor-lightbox-title=\"Besinnlicher Advent an der Costa Blanca: Tipps und Trends  f\u00fcr stimmungsvolle Vorweihnachtszeit\" data-elementor-lightbox-description=\"Besinnlicher Advent an der Costa Blanca: Tipps und Trends f\u00fcr stimmungsvolle Vorweihnachtszeit\" data-e-action-hash=\"#elementor-action%3Aaction%3Dlightbox%26settings%3DeyJpZCI6MzQ1MCwidXJsIjoiaHR0cHM6XC9cL2Nvc3RhYmxhbmNhLW1hZ2F6aW4uY29tXC93cC1jb250ZW50XC91cGxvYWRzXC8yMDI0XC8xMVwvaGFuZG1hZGUtY2hyaXN0bWFzLWFkdmVudC1hY3Rpdml0eS1zdXJwcmlzZS1mZXN0aXYtMjAyMy0xMS0yNy0wNS0wNi0wMC11dGMtc2NhbGVkLmpwZyIsInNsaWRlc2hvdyI6IjdjNDc3NzMifQ%3D%3D\">\n\t\t\t\t\t<div class=\"e-gallery-image elementor-gallery-item__image\" data-thumbnail=\"https:\/\/costablanca-magazin.com\/wp-content\/uploads\/2024\/11\/handmade-christmas-advent-activity-surprise-festiv-2023-11-27-05-06-00-utc-300x200.jpg\" data-width=\"300\" data-height=\"200\" aria-label=\"Adviento contemplativo en la Costa Blanca: consejos y tendencias para una evocadora temporada prenavide\u00f1a\" role=\"img\" ><\/div>\n\t\t\t\t\t\t\t\t\t\t\t<div class=\"elementor-gallery-item__overlay\"><\/div>\n\t\t\t\t\t\t\t\t\t\t\t\t\t\t<\/a>\n\t\t\t\t\t<\/div>\n\t\t\t\t\t<\/div>\n\t\t\t\t<\/div>\n\t\t\t\t<\/div>\n\t\t<div class=\"elementor-element elementor-element-a2fff99 e-con-full e-flex e-con e-child\" data-id=\"a2fff99\" data-element_type=\"container\" data-e-type=\"container\">\n\t\t\t\t<div class=\"elementor-element elementor-element-2c2e12f elementor-widget elementor-widget-text-editor\" data-id=\"2c2e12f\" data-element_type=\"widget\" data-e-type=\"widget\" data-widget_type=\"text-editor.default\">\n\t\t\t\t<div class=\"elementor-widget-container\">\n\t\t\t\t\t\t\t\t\t<p><strong>Regalos hechos a mano como muestra de aprecio<\/strong><br \/>Los regalos hechos a mano tambi\u00e9n est\u00e1n muy de moda este Adviento. Ya sean galletas caseras, una bufanda tejida con mucho cari\u00f1o o una \u201eNavidad en un tarro\u201c, los regalos hechos a mano demuestran su aprecio y hacen sonre\u00edr a sus seres queridos. Aproveche el Adviento para dar rienda suelta a su creatividad y crear regalos especiales.<\/p><p><strong>Felicitaciones personalizadas de Adviento<\/strong><br \/>Un toque personal aporta alegr\u00eda al Adviento. Env\u00ede tarjetas escritas a mano con mensajes cordiales a sus seres queridos, amigos o socios comerciales. Esto no solo demuestra su gratitud, sino que tambi\u00e9n fortalece las relaciones interpersonales en una \u00e9poca del a\u00f1o a menudo estresante.<\/p><p><strong>Decorar con estilo y conciencia<\/strong><br \/>Este a\u00f1o, la decoraci\u00f3n navide\u00f1a es una mezcla de elementos r\u00fasticos y toques modernos. Adornos de cristal delicados, figuras de madera tallada y detalles brillantes en oro y plata crean un ambiente festivo y elegante. Insp\u00edrate en las tradiciones escandinavas: la luz de las velas, la decoraci\u00f3n vintage y los colores discretos aportan calidez a tu hogar.<\/p><p>Con estos consejos, el Adviento de 2024 se convertir\u00e1 en una \u00e9poca contemplativa y consciente, llena de ilusi\u00f3n e inspiraci\u00f3n. Aproveche las semanas previas a la Navidad para reflexionar sobre lo esencial y disfrutar conscientemente de la magia del Adviento. <\/p>\t\t\t\t\t\t\t\t<\/div>\n\t\t\t\t<\/div>\n\t\t\t\t<\/div>\n\t\t\t\t<\/div>\n\t\t\t\t\t<\/div>\n\t\t\t\t<\/div>\n\t\t\t\t<\/div>","protected":false},"excerpt":{"rendered":"<p>Besinnlicher Advent an der Costa Blanca &#8211; Tipps und Trends f\u00fcr stimmungsvolle Vorweihnachtszeit Nachhaltigkeit, Minimalismus und nostalgische Traditionen \u2013 so gestalten Sie die Adventszeit dieses Jahr bewusst und stilvoll. Der Advent ist eine ganz besondere Zeit im Jahr \u2013 eine Zeit des Innehaltens, der Vorfreude und des bewussten Genie\u00dfens. An der Costa Blanca l\u00e4sst sich [&hellip;]<\/p>\n","protected":false},"author":1,"featured_media":3445,"comment_status":"closed","ping_status":"closed","sticky":false,"template":"elementor_header_footer","format":"standard","meta":{"om_disable_all_campaigns":false,"_monsterinsights_skip_tracking":false,"_monsterinsights_sitenote_active":false,"_monsterinsights_sitenote_note":"","_monsterinsights_sitenote_category":0,"footnotes":""},"categories":[15],"tags":[346,348,347,345],"class_list":["post-3448","post","type-post","status-publish","format-standard","has-post-thumbnail","hentry","category-leben-in-spanien","tag-advent-costa-blanca","tag-advent-deko","tag-dekorations-ideen-advent","tag-tipps-fuer-denn-advent"],"aioseo_notices":[],"_links":{"self":[{"href":"https:\/\/costablanca-magazin.com\/es\/wp-json\/wp\/v2\/posts\/3448","targetHints":{"allow":["GET"]}}],"collection":[{"href":"https:\/\/costablanca-magazin.com\/es\/wp-json\/wp\/v2\/posts"}],"about":[{"href":"https:\/\/costablanca-magazin.com\/es\/wp-json\/wp\/v2\/types\/post"}],"author":[{"embeddable":true,"href":"https:\/\/costablanca-magazin.com\/es\/wp-json\/wp\/v2\/users\/1"}],"replies":[{"embeddable":true,"href":"https:\/\/costablanca-magazin.com\/es\/wp-json\/wp\/v2\/comments?post=3448"}],"version-history":[{"count":13,"href":"https:\/\/costablanca-magazin.com\/es\/wp-json\/wp\/v2\/posts\/3448\/revisions"}],"predecessor-version":[{"id":3860,"href":"https:\/\/costablanca-magazin.com\/es\/wp-json\/wp\/v2\/posts\/3448\/revisions\/3860"}],"wp:featuredmedia":[{"embeddable":true,"href":"https:\/\/costablanca-magazin.com\/es\/wp-json\/wp\/v2\/media\/3445"}],"wp:attachment":[{"href":"https:\/\/costablanca-magazin.com\/es\/wp-json\/wp\/v2\/media?parent=3448"}],"wp:term":[{"taxonomy":"category","embeddable":true,"href":"https:\/\/costablanca-magazin.com\/es\/wp-json\/wp\/v2\/categories?post=3448"},{"taxonomy":"post_tag","embeddable":true,"href":"https:\/\/costablanca-magazin.com\/es\/wp-json\/wp\/v2\/tags?post=3448"}],"curies":[{"name":"wp","href":"https:\/\/api.w.org\/{rel}","templated":true}]}}