{"id":2795,"date":"2024-10-28T09:00:00","date_gmt":"2024-10-28T08:00:00","guid":{"rendered":"https:\/\/costablanca-magazin.com\/?p=2795"},"modified":"2026-03-09T09:56:02","modified_gmt":"2026-03-09T08:56:02","slug":"ajetreo-colorido-y-placeres-mediterraneos-mercados-semanales-de-la-costa-blanca","status":"publish","type":"post","link":"https:\/\/costablanca-magazin.com\/es\/residenten\/leben-in-spanien\/buntes-treiben-und-mediterrane-genuesse-costa-blanca-wochenmaerkte\/","title":{"rendered":"Colorido bullicio y delicias mediterr\u00e1neas - Mercados semanales de la Costa Blanca"},"content":{"rendered":"<div data-elementor-type=\"wp-post\" data-elementor-id=\"2795\" class=\"elementor elementor-2795\" data-elementor-post-type=\"post\">\n\t\t\t\t<div class=\"elementor-element elementor-element-32c9327 e-flex e-con-boxed e-con e-parent\" data-id=\"32c9327\" data-element_type=\"container\" data-e-type=\"container\">\n\t\t\t\t\t<div class=\"e-con-inner\">\n\t\t\t\t<div class=\"elementor-element elementor-element-32c1126 elementor-widget elementor-widget-heading\" data-id=\"32c1126\" data-element_type=\"widget\" data-e-type=\"widget\" data-widget_type=\"heading.default\">\n\t\t\t\t<div class=\"elementor-widget-container\">\n\t\t\t\t\t<h1 class=\"elementor-heading-title elementor-size-default\">Colorido ajetreo y bullicio y\ndelicias mediterr\u00e1neas<\/h1>\t\t\t\t<\/div>\n\t\t\t\t<\/div>\n\t\t\t\t<div class=\"elementor-element elementor-element-2817f40 elementor-widget elementor-widget-image\" data-id=\"2817f40\" data-element_type=\"widget\" data-e-type=\"widget\" data-widget_type=\"image.default\">\n\t\t\t\t<div class=\"elementor-widget-container\">\n\t\t\t\t\t\t\t\t\t\t\t\t\t\t\t<img decoding=\"async\" src=\"https:\/\/costablanca-magazin.com\/wp-content\/uploads\/elementor\/thumbs\/shutterstock_2039700356-scaled-rjc7gfcjuuiuftofos18jlxl2q5w4idsf0de4n90ug.jpg\" title=\"Colorido bullicio y delicias mediterr\u00e1neas: los mercados semanales de la Marina Alta y la Marina Baixa\" alt=\"Ajetreo colorido y delicias mediterr\u00e1neas: los mercados semanales de la Marina Alta y la Marina Baixa 6\" loading=\"lazy\" \/>\t\t\t\t\t\t\t\t\t\t\t\t\t\t\t<\/div>\n\t\t\t\t<\/div>\n\t\t\t\t<div class=\"elementor-element elementor-element-2740fd1 elementor-widget elementor-widget-heading\" data-id=\"2740fd1\" data-element_type=\"widget\" data-e-type=\"widget\" data-widget_type=\"heading.default\">\n\t\t\t\t<div class=\"elementor-widget-container\">\n\t\t\t\t\t<h2 class=\"elementor-heading-title elementor-size-default\">Los mercados semanales\nde la Marina Alta y la Marina Baixa<\/h2>\t\t\t\t<\/div>\n\t\t\t\t<\/div>\n\t\t\t\t\t<\/div>\n\t\t\t\t<\/div>\n\t\t<div class=\"elementor-element elementor-element-c20e3bf e-flex e-con-boxed e-con e-parent\" data-id=\"c20e3bf\" data-element_type=\"container\" data-e-type=\"container\">\n\t\t\t\t\t<div class=\"e-con-inner\">\n\t\t<div class=\"elementor-element elementor-element-5baa0df e-con-full e-flex e-con e-child\" data-id=\"5baa0df\" data-element_type=\"container\" data-e-type=\"container\">\n\t\t\t\t<div class=\"elementor-element elementor-element-fb468b7 elementor-widget elementor-widget-image\" data-id=\"fb468b7\" data-element_type=\"widget\" data-e-type=\"widget\" data-widget_type=\"image.default\">\n\t\t\t\t<div class=\"elementor-widget-container\">\n\t\t\t\t\t\t\t\t\t\t\t\t\t\t\t<img fetchpriority=\"high\" decoding=\"async\" width=\"683\" height=\"1024\" src=\"https:\/\/costablanca-magazin.com\/wp-content\/uploads\/2024\/10\/mother-and-daughter-at-the-market-2023-11-27-05-17-57-utc-683x1024.jpg\" class=\"attachment-large size-large wp-image-2799\" alt=\"Ajetreo colorido y delicias mediterr\u00e1neas: los mercados semanales de la Marina Alta y la Marina Baixa 3\" srcset=\"https:\/\/costablanca-magazin.com\/wp-content\/uploads\/2024\/10\/mother-and-daughter-at-the-market-2023-11-27-05-17-57-utc-683x1024.jpg 683w, https:\/\/costablanca-magazin.com\/wp-content\/uploads\/2024\/10\/mother-and-daughter-at-the-market-2023-11-27-05-17-57-utc-200x300.jpg 200w, https:\/\/costablanca-magazin.com\/wp-content\/uploads\/2024\/10\/mother-and-daughter-at-the-market-2023-11-27-05-17-57-utc-768x1152.jpg 768w, https:\/\/costablanca-magazin.com\/wp-content\/uploads\/2024\/10\/mother-and-daughter-at-the-market-2023-11-27-05-17-57-utc-1024x1536.jpg 1024w, https:\/\/costablanca-magazin.com\/wp-content\/uploads\/2024\/10\/mother-and-daughter-at-the-market-2023-11-27-05-17-57-utc-1366x2048.jpg 1366w, https:\/\/costablanca-magazin.com\/wp-content\/uploads\/2024\/10\/mother-and-daughter-at-the-market-2023-11-27-05-17-57-utc-scaled.jpg 1707w\" sizes=\"(max-width: 683px) 100vw, 683px\" \/>\t\t\t\t\t\t\t\t\t\t\t\t\t\t\t<\/div>\n\t\t\t\t<\/div>\n\t\t\t\t<div class=\"elementor-element elementor-element-be0e26f elementor-widget elementor-widget-image\" data-id=\"be0e26f\" data-element_type=\"widget\" data-e-type=\"widget\" data-widget_type=\"image.default\">\n\t\t\t\t<div class=\"elementor-widget-container\">\n\t\t\t\t\t\t\t\t\t\t\t\t\t\t\t<img decoding=\"async\" width=\"1920\" height=\"1440\" src=\"https:\/\/costablanca-magazin.com\/wp-content\/uploads\/2024\/10\/IMG_1785.jpg\" class=\"attachment-full size-full wp-image-2798\" alt=\"Ajetreo colorido y delicias mediterr\u00e1neas: los mercados semanales de la Marina Alta y la Marina Baixa 2\" srcset=\"https:\/\/costablanca-magazin.com\/wp-content\/uploads\/2024\/10\/IMG_1785.jpg 1920w, https:\/\/costablanca-magazin.com\/wp-content\/uploads\/2024\/10\/IMG_1785-300x225.jpg 300w, https:\/\/costablanca-magazin.com\/wp-content\/uploads\/2024\/10\/IMG_1785-1024x768.jpg 1024w, https:\/\/costablanca-magazin.com\/wp-content\/uploads\/2024\/10\/IMG_1785-768x576.jpg 768w, https:\/\/costablanca-magazin.com\/wp-content\/uploads\/2024\/10\/IMG_1785-1536x1152.jpg 1536w\" sizes=\"(max-width: 1920px) 100vw, 1920px\" \/>\t\t\t\t\t\t\t\t\t\t\t\t\t\t\t<\/div>\n\t\t\t\t<\/div>\n\t\t\t\t<\/div>\n\t\t<div class=\"elementor-element elementor-element-95ee762 e-con-full e-flex e-con e-child\" data-id=\"95ee762\" data-element_type=\"container\" data-e-type=\"container\">\n\t\t\t\t<div class=\"elementor-element elementor-element-23bf2e8 elementor-widget elementor-widget-text-editor\" data-id=\"23bf2e8\" data-element_type=\"widget\" data-e-type=\"widget\" data-widget_type=\"text-editor.default\">\n\t\t\t\t<div class=\"elementor-widget-container\">\n\t\t\t\t\t\t\t\t\t<p>Si le apetece vivir un ajetreo colorista en la Costa Blanca, no deje de visitar los mercadillos semanales. Aqu\u00ed, la vida real de los residentes y lugare\u00f1os se mezcla con las excursiones de los veraneantes. Entre fragantes puestos de frutas y verduras, delicias mediterr\u00e1neas, telas de colores y productos artesanales, lugare\u00f1os y visitantes se re\u00fanen para pasear, curiosear y comprar productos frescos para el d\u00eda a d\u00eda o simplemente disfrutar del animado ambiente.<\/p><p>Los mercados son el lugar perfecto para disfrutar del estilo de vida mediterr\u00e1neo. Desde primera hora de la ma\u00f1ana, las plazas se llenan del murmullo de las voces y el olor a productos reci\u00e9n horneados, frutas y verduras, flores y hierbas arom\u00e1ticas. Los puestos est\u00e1n repletos de tomates maduros, naranjas jugosas, ajos reci\u00e9n cosechados y aceitunas de todas las variedades, con mucha suerte directamente de los campos de la regi\u00f3n. Tambi\u00e9n hay una selecci\u00f3n de productos t\u00edpicos como queso, miel y embutidos de producci\u00f3n local que har\u00e1n latir m\u00e1s r\u00e1pido el coraz\u00f3n de cualquier comprador.<br \/>Pero los mercados ofrecen mucho m\u00e1s que alimentos frescos. La artesan\u00eda tambi\u00e9n tiene aqu\u00ed su lugar. Desde cestas tejidas a mano o art\u00edculos de cuero hasta cer\u00e1mica, aqu\u00ed se puede encontrar un poco de todo, dependiendo del mercado. Los amantes de la moda tambi\u00e9n sacan partido a su dinero: muchos mercados ofrecen una colorida mezcla de ropa y accesorios, a veces a precios de ganga.<br \/>Las personas que pueblan estos mercados hacen que la experiencia sea especial. Los bulliciosos comerciantes ofrecen sus mercanc\u00edas. Es la naturaleza relajada y abierta de los habitantes de la Costa Blanca lo que hace de estos mercados un lugar de encuentro tan popular.<\/p><p>Ya sea para la gran compra semanal, un tentempi\u00e9 r\u00e1pido o simplemente para pasear por los puestos, una visita a los mercados semanales de la Marina Alta y la Marina Baixa es una experiencia que no debe perderse. Estos mercados ofrecen una gran oportunidad para abastecerse de productos frescos mientras disfruta de la vibrante y aut\u00e9ntica vida de la Costa Blanca.<\/p><p><a href=\"https:\/\/costablanca-magazin.com\/es\/local\/informacion\/mercados-en-la-costa-blanca\/\" target=\"_blank\" rel=\"noopener\">Todos los mercados de un vistazo\u00a0<\/a><\/p>\t\t\t\t\t\t\t\t<\/div>\n\t\t\t\t<\/div>\n\t\t\t\t<\/div>\n\t\t<div class=\"elementor-element elementor-element-3d702e9 e-con-full e-flex e-con e-child\" data-id=\"3d702e9\" data-element_type=\"container\" data-e-type=\"container\">\n\t\t\t\t<div class=\"elementor-element elementor-element-50f4b05 elementor-widget elementor-widget-image\" data-id=\"50f4b05\" data-element_type=\"widget\" data-e-type=\"widget\" data-widget_type=\"image.default\">\n\t\t\t\t<div class=\"elementor-widget-container\">\n\t\t\t\t\t\t\t\t\t\t\t\t\t\t\t<img decoding=\"async\" width=\"1920\" height=\"2560\" src=\"https:\/\/costablanca-magazin.com\/wp-content\/uploads\/2024\/10\/Wochenmarkt-Costa-Blanca-8-scaled.jpg\" class=\"attachment-full size-full wp-image-2809\" alt=\"Ajetreo colorido y delicias mediterr\u00e1neas: los mercados semanales de la Marina Alta y la Marina Baixa 13\" srcset=\"https:\/\/costablanca-magazin.com\/wp-content\/uploads\/2024\/10\/Wochenmarkt-Costa-Blanca-8-scaled.jpg 1920w, https:\/\/costablanca-magazin.com\/wp-content\/uploads\/2024\/10\/Wochenmarkt-Costa-Blanca-8-225x300.jpg 225w, https:\/\/costablanca-magazin.com\/wp-content\/uploads\/2024\/10\/Wochenmarkt-Costa-Blanca-8-768x1024.jpg 768w, https:\/\/costablanca-magazin.com\/wp-content\/uploads\/2024\/10\/Wochenmarkt-Costa-Blanca-8-1152x1536.jpg 1152w, https:\/\/costablanca-magazin.com\/wp-content\/uploads\/2024\/10\/Wochenmarkt-Costa-Blanca-8-1536x2048.jpg 1536w\" sizes=\"(max-width: 1920px) 100vw, 1920px\" \/>\t\t\t\t\t\t\t\t\t\t\t\t\t\t\t<\/div>\n\t\t\t\t<\/div>\n\t\t\t\t<div class=\"elementor-element elementor-element-4260ffb elementor-widget elementor-widget-image\" data-id=\"4260ffb\" data-element_type=\"widget\" data-e-type=\"widget\" data-widget_type=\"image.default\">\n\t\t\t\t<div class=\"elementor-widget-container\">\n\t\t\t\t\t\t\t\t\t\t\t\t\t\t\t<img loading=\"lazy\" decoding=\"async\" width=\"800\" height=\"534\" src=\"https:\/\/costablanca-magazin.com\/wp-content\/uploads\/2024\/10\/Pixabay-vegetables-2732558-1024x683.jpg\" class=\"attachment-large size-large wp-image-2801\" alt=\"Ajetreo colorido y delicias mediterr\u00e1neas: los mercados semanales de la Marina Alta y la Marina Baixa 5\" srcset=\"https:\/\/costablanca-magazin.com\/wp-content\/uploads\/2024\/10\/Pixabay-vegetables-2732558-1024x683.jpg 1024w, https:\/\/costablanca-magazin.com\/wp-content\/uploads\/2024\/10\/Pixabay-vegetables-2732558-300x200.jpg 300w, https:\/\/costablanca-magazin.com\/wp-content\/uploads\/2024\/10\/Pixabay-vegetables-2732558-768x512.jpg 768w, https:\/\/costablanca-magazin.com\/wp-content\/uploads\/2024\/10\/Pixabay-vegetables-2732558-1536x1024.jpg 1536w, https:\/\/costablanca-magazin.com\/wp-content\/uploads\/2024\/10\/Pixabay-vegetables-2732558-2048x1365.jpg 2048w\" sizes=\"(max-width: 800px) 100vw, 800px\" \/>\t\t\t\t\t\t\t\t\t\t\t\t\t\t\t<\/div>\n\t\t\t\t<\/div>\n\t\t\t\t<\/div>\n\t\t\t\t\t<\/div>\n\t\t\t\t<\/div>\n\t\t\t\t<\/div>","protected":false},"excerpt":{"rendered":"<p>Buntes Treiben und mediterrane Gen\u00fcsse Die Wochenm\u00e4rkte der Marina Alta und Marina Baixa Wer Lust auf buntes Treiben an der Costa Blanca hat, der sollte unbedingt die Wochenm\u00e4rkte besuchen. Hier mischt sich das echte Leben der Residenten und Einwohner mit den Ausfl\u00fcgen der Urlauber. Zwischen duftenden Obst- und Gem\u00fcsest\u00e4nden, mediterranen Gen\u00fcsse, bunten Stoffen und handgefertigten [&hellip;]<\/p>\n","protected":false},"author":1,"featured_media":2802,"comment_status":"closed","ping_status":"closed","sticky":false,"template":"elementor_header_footer","format":"standard","meta":{"om_disable_all_campaigns":false,"_monsterinsights_skip_tracking":false,"_monsterinsights_sitenote_active":false,"_monsterinsights_sitenote_note":"","_monsterinsights_sitenote_category":0,"footnotes":""},"categories":[22,15],"tags":[61,333,336,335,334,332],"class_list":["post-2795","post","type-post","status-publish","format-standard","has-post-thumbnail","hentry","category-aktivitaeten-und-ausfluege","category-leben-in-spanien","tag-costa-blanca","tag-maerkte-der-costa-blanca","tag-mercadillos-costa-blanca","tag-mercados-costa-blanca","tag-wochenmaerkte","tag-wochenmaerkte-an-der-costa-blanca"],"aioseo_notices":[],"_links":{"self":[{"href":"https:\/\/costablanca-magazin.com\/es\/wp-json\/wp\/v2\/posts\/2795","targetHints":{"allow":["GET"]}}],"collection":[{"href":"https:\/\/costablanca-magazin.com\/es\/wp-json\/wp\/v2\/posts"}],"about":[{"href":"https:\/\/costablanca-magazin.com\/es\/wp-json\/wp\/v2\/types\/post"}],"author":[{"embeddable":true,"href":"https:\/\/costablanca-magazin.com\/es\/wp-json\/wp\/v2\/users\/1"}],"replies":[{"embeddable":true,"href":"https:\/\/costablanca-magazin.com\/es\/wp-json\/wp\/v2\/comments?post=2795"}],"version-history":[{"count":13,"href":"https:\/\/costablanca-magazin.com\/es\/wp-json\/wp\/v2\/posts\/2795\/revisions"}],"predecessor-version":[{"id":11066,"href":"https:\/\/costablanca-magazin.com\/es\/wp-json\/wp\/v2\/posts\/2795\/revisions\/11066"}],"wp:featuredmedia":[{"embeddable":true,"href":"https:\/\/costablanca-magazin.com\/es\/wp-json\/wp\/v2\/media\/2802"}],"wp:attachment":[{"href":"https:\/\/costablanca-magazin.com\/es\/wp-json\/wp\/v2\/media?parent=2795"}],"wp:term":[{"taxonomy":"category","embeddable":true,"href":"https:\/\/costablanca-magazin.com\/es\/wp-json\/wp\/v2\/categories?post=2795"},{"taxonomy":"post_tag","embeddable":true,"href":"https:\/\/costablanca-magazin.com\/es\/wp-json\/wp\/v2\/tags?post=2795"}],"curies":[{"name":"wp","href":"https:\/\/api.w.org\/{rel}","templated":true}]}}