{"id":2729,"date":"2024-10-29T09:00:00","date_gmt":"2024-10-29T08:00:00","guid":{"rendered":"https:\/\/costablanca-magazin.com\/?p=2729"},"modified":"2026-03-18T08:07:39","modified_gmt":"2026-03-18T07:07:39","slug":"cafe-con-leche-costa-cocinas-la-historia-de-exito-de-benidoleig","status":"publish","type":"post","link":"https:\/\/costablanca-magazin.com\/es\/residenten\/stories-und-stimmen\/cafe-con-leche-costa-cocinas-die-erfolgsgeschichte-aus-benidoleig\/","title":{"rendered":"Caf\u00e9 con leche - Costa Cocinas, la historia de \u00e9xito de Benidoleig"},"content":{"rendered":"<div data-elementor-type=\"wp-post\" data-elementor-id=\"2729\" class=\"elementor elementor-2729\" data-elementor-post-type=\"post\">\n\t\t\t\t<div class=\"elementor-element elementor-element-0e9b27d e-flex e-con-boxed e-con e-parent\" data-id=\"0e9b27d\" data-element_type=\"container\" data-e-type=\"container\">\n\t\t\t\t\t<div class=\"e-con-inner\">\n\t\t\t\t<div class=\"elementor-element elementor-element-741eec8 elementor-widget elementor-widget-heading\" data-id=\"741eec8\" data-element_type=\"widget\" data-e-type=\"widget\" data-widget_type=\"heading.default\">\n\t\t\t\t<div class=\"elementor-widget-container\">\n\t\t\t\t\t<h1 class=\"elementor-heading-title elementor-size-default\">Caf\u00e9 con leche con - Costa Cocinas la\n\u00e9xito de Benidoleig<\/h1>\t\t\t\t<\/div>\n\t\t\t\t<\/div>\n\t\t\t\t<div class=\"elementor-element elementor-element-8fc0081 elementor-widget elementor-widget-image\" data-id=\"8fc0081\" data-element_type=\"widget\" data-e-type=\"widget\" data-widget_type=\"image.default\">\n\t\t\t\t<div class=\"elementor-widget-container\">\n\t\t\t\t\t\t\t\t\t\t\t\t\t\t\t<img decoding=\"async\" src=\"https:\/\/costablanca-magazin.com\/wp-content\/uploads\/elementor\/thumbs\/Cafe-con-Leche-3-rjc7jqldkbbe32kpblrlznl7brmg1ad3t2t8hv3e7g.jpg\" title=\"Caf\u00e9 con leche con... Costa Cocinas: una historia de \u00e9xito en Benidoleig\" alt=\"Caf\u00e9 con leche con... Costa Cocinas: una historia de \u00e9xito desde Benidoleig\" loading=\"lazy\" \/>\t\t\t\t\t\t\t\t\t\t\t\t\t\t\t<\/div>\n\t\t\t\t<\/div>\n\t\t\t\t<div class=\"elementor-element elementor-element-d5749e4 elementor-widget elementor-widget-heading\" data-id=\"d5749e4\" data-element_type=\"widget\" data-e-type=\"widget\" data-widget_type=\"heading.default\">\n\t\t\t\t<div class=\"elementor-widget-container\">\n\t\t\t\t\t<h2 class=\"elementor-heading-title elementor-size-default\">C\u00f3mo Hannelore Puhst-Meissner y Hans Meissner construyeron un imperio de la cocina con valent\u00eda y pasi\u00f3n\nen la Costa Blanca<\/h2>\t\t\t\t<\/div>\n\t\t\t\t<\/div>\n\t\t\t\t<div class=\"elementor-element elementor-element-48fdf70 elementor-widget elementor-widget-text-editor\" data-id=\"48fdf70\" data-element_type=\"widget\" data-e-type=\"widget\" data-widget_type=\"text-editor.default\">\n\t\t\t\t<div class=\"elementor-widget-container\">\n\t\t\t\t\t\t\t\t\t<p>n 2002, la pareja fund\u00f3 Costa Cocinas en Benidoleig, un paso que requiri\u00f3 valent\u00eda y visi\u00f3n de futuro. A la edad de 50 a\u00f1os, se lanzaron al autoempleo, lejos de Alemania, su pa\u00eds de origen. Hoy, m\u00e1s de dos d\u00e9cadas despu\u00e9s, Costa Cocinas es sin\u00f3nimo de calidad, fiabilidad y servicio excepcional en la regi\u00f3n. En una entrevista personal, nos cuentan c\u00f3mo empez\u00f3 todo, qu\u00e9 retos tuvieron que superar y por qu\u00e9 la Costa Blanca no s\u00f3lo es un lugar precioso para vivir, sino tambi\u00e9n para trabajar. Nos hicieron part\u00edcipes de una vida entre la alegr\u00eda de vivir mediterr\u00e1nea y la precisi\u00f3n alemana.<\/p><p>\u00bfQu\u00e9 le motiv\u00f3 en aquel momento?, <br \/>especialmente en Benidoleig y <br \/>afianzarse en la Costa Blanca? <br \/>\u00bfFue una decisi\u00f3n espont\u00e1nea <br \/>o planeado desde hace mucho tiempo?<br \/>Compramos nuestra casa en Benidoleig en 1998 y al principio s\u00f3lo ven\u00edamos de vacaciones. Sin embargo, como nos gustaba tanto la zona, empezamos a pensar en trasladarnos a Espa\u00f1a y trabajar aqu\u00ed. El hecho de que fuera precisamente Benidoleig fue m\u00e1s bien una coincidencia, que debemos a un agente inmobiliario amigo nuestro. Y as\u00ed viajamos a Espa\u00f1a en 2000. Hans trabaj\u00f3 inicialmente como vendedor de cocinas en CHG durante dos a\u00f1os, hasta que decidi\u00f3 hacerse aut\u00f3nomo. Adem\u00e1s, hab\u00eda un local comercial disponible en el peque\u00f1o pueblo. Hans ya llevaba varios a\u00f1os trabajando en el sector de las cocinas en Alemania. As\u00ed que estaba claro que abrir\u00edamos aqu\u00ed un estudio de cocinas con muebles de cocina alemanes de Nolte, que nos dio mucho apoyo cuando abrimos en 2002.<br \/>A los 50 a\u00f1os, el paso a la <br \/>Atreverse a trabajar por cuenta propia es valiente - y <br \/>especialmente en un pa\u00eds extranjero. <br \/>\u00bfQu\u00e9 retos ha tenido que superar? <br \/>\u00bfMaestro?<br \/>Todo fue un poco emocionante. \u00bfQui\u00e9n, como Hans, sigue siendo aut\u00f3nomo a los 50 a\u00f1os? Pero uniendo fuerzas, Hanne, Hans y, un poco m\u00e1s tarde, su hija Julia y nuestros empleados, todo sali\u00f3 bien. No es tan f\u00e1cil empezar de cero y construirse poco a poco un nombre y, sobre todo, una clientela satisfecha y entusiasta. Sobre todo, aprender el idioma espa\u00f1ol fue la m\u00e1xima prioridad al principio. No fue nada f\u00e1cil, ya que en el colegio al que iba nuestra hija s\u00f3lo se hablaba valenciano.<\/p><p>Costa Cocinas tiene en la regi\u00f3n <br \/>una excelente reputaci\u00f3n. <br \/>\u00bfQu\u00e9 hace que su servicio y el <br \/>M\u00e9todo de trabajo tan especial en comparaci\u00f3n <br \/>a otros proveedores? <br \/>\u00bfHay alg\u00fan secreto para el \u00e9xito?, <br \/>que le gustar\u00eda compartir?<br \/>- Cooperaci\u00f3n basada en la asociaci\u00f3n - Consideramos a nuestros clientes socios en pie de igualdad y evitamos deliberadamente cl\u00e1usulas y condiciones complejas o letra peque\u00f1a. Nuestros acuerdos se reducen a lo esencial: \u201eNosotros entregamos lo acordado y usted paga lo acordado\u201c. Esta claridad genera confianza y garantiza una cooperaci\u00f3n fluida. <br \/>- Precios transparentes y franqueza: la honestidad es clave para nosotros. Cotizamos nuestro precio m\u00e1s bajo desde el principio y no ofrecemos descuentos para mantener la transparencia. Independientemente de que se decida inmediatamente o no, recibir\u00e1 documentos de planificaci\u00f3n completos y acceso a toda la informaci\u00f3n importante, sin presiones ni obligaciones. <br \/>- Acuerdos claros y comportamiento responsable - Garantizamos acuerdos claros desde el principio y los cumplimos sistem\u00e1ticamente. Esto incluye calendarios detallados para la entrega e instalaci\u00f3n de su cocina. Sin embargo, si cometemos un error, asumimos nuestra responsabilidad y nos esforzamos inmediatamente por encontrar una soluci\u00f3n r\u00e1pida, sin peros.<\/p><p>Vivir y trabajar en un<br \/>hermoso lugar- \u00bfC\u00f3mo conoci\u00f3 la regi\u00f3n y a sus gentes? <br \/>\u00bfQu\u00e9 es lo que m\u00e1s le gusta de vivir aqu\u00ed?<br \/>El mayor deseo de Hans siempre ha sido vivir donde otros van de vacaciones. Para nosotros, la Costa Blanca es un lugar ideal para trabajar, pero tambi\u00e9n para vivir. Tenemos muchos amigos espa\u00f1oles y nos reunimos con ellos regularmente. Vivimos en una urbanizaci\u00f3n con mayor\u00eda de residentes ingleses, y nuestra relaci\u00f3n con ellos tambi\u00e9n es muy buena. Por supuesto, el clima tambi\u00e9n juega un papel importante. Sobre todo porque Hanne cuid\u00f3 aqu\u00ed durante muchos a\u00f1os a su madre, que padece Alzheimer.<\/p><p>\u00bfCu\u00e1les son o fueron los mayores <br \/>Diferencias en la vida empresarial en <br \/>\u00bfEspa\u00f1a comparada con Alemania? <br \/>\u00bfHubo alg\u00fan problema cultural o <br \/>Caracter\u00edsticas especiales que le<br \/>\u00bfTe has dado cuenta?<br \/>Por supuesto, hay algunas diferencias con Alemania, sobre todo en la vida empresarial. Al principio, no fue f\u00e1cil integrar la forma mediterr\u00e1nea de vivir y trabajar con nuestro concepto de una vida empresarial precisa. Pero ahora mantenemos excelentes contactos con nuestras empresas y colegas espa\u00f1oles, lo que tambi\u00e9n se refleja en la satisfacci\u00f3n de nuestros clientes. Espa\u00f1a, el modo de vida y la cultura mediterr\u00e1neos nos gustan y aceptamos mucho. Creemos que si quieres vivir en un pa\u00eds extranjero, tienes que aceptar el modo de vida y la cultura.<\/p><p>Muchos lectores sue\u00f1an con poder <br \/>para montar su propio negocio en la Costa Blanca. <br \/>\u00bfCu\u00e1l ser\u00eda el consejo m\u00e1s importante para <br \/>alguien que tenga una empresa aqu\u00ed <br \/>le gustar\u00eda fundar?<br \/>Si quiere crear una empresa en Espa\u00f1a, debe tener la determinaci\u00f3n de hacerlo y la mano de obra cualificada adecuada. Esto \u00faltimo es muy importante. Pero esto no solo ocurre en Espa\u00f1a.<\/p><p>Adem\u00e1s de Costa Cocinas: \u00bfC\u00f3mo gasta <br \/>\u00bfSu tiempo libre? \u00bfHay alg\u00fan lugar especial <br \/>o actividades que usted particularmente <br \/>\u00bfson cercanas a su coraz\u00f3n?<br \/>En nuestro tiempo libre, vamos al mar o a la monta\u00f1a. Pero si somos sinceros, eso podr\u00eda ampliarse a\u00fan m\u00e1s. Cuando vienen los ni\u00f1os de Barcelona, el parque de atracciones de Benidorm es una buena direcci\u00f3n. Tambi\u00e9n vamos a menudo a un buen restaurante el fin de semana. Reunirnos con amigos, ir de excursi\u00f3n, jugar al tenis y bailar en l\u00ednea son nuestras aficiones.<\/p><p>Lleva muchos a\u00f1os trabajando como <br \/>Una pareja. \u00bfC\u00f3mo se las arreglan para separar su vida profesional de la privada, o ambas se compenetran a la perfecci\u00f3n?<br \/>Cuando se tiene una empresa de \u00e9xito, a veces es dif\u00edcil separar la vida profesional de la privada. Ambas fluyen a la perfecci\u00f3n la una en la otra. Pero eso no es malo. Llevamos m\u00e1s de 20 a\u00f1os viviendo con ello y somos muy felices. Cada uno tiene libertad para dedicarse a sus aficiones.<br \/><br \/><\/p>\t\t\t\t\t\t\t\t<\/div>\n\t\t\t\t<\/div>\n\t\t\t\t\t<\/div>\n\t\t\t\t<\/div>\n\t\t<div class=\"elementor-element elementor-element-6b8ff3f e-flex e-con-boxed e-con e-parent\" data-id=\"6b8ff3f\" data-element_type=\"container\" data-e-type=\"container\">\n\t\t\t\t\t<div class=\"e-con-inner\">\n\t\t<div class=\"elementor-element elementor-element-a1b5a7b e-con-full e-flex e-con e-child\" data-id=\"a1b5a7b\" data-element_type=\"container\" data-e-type=\"container\">\n\t\t\t\t<div class=\"elementor-element elementor-element-47438fd elementor-widget elementor-widget-image\" data-id=\"47438fd\" data-element_type=\"widget\" data-e-type=\"widget\" data-widget_type=\"image.default\">\n\t\t\t\t<div class=\"elementor-widget-container\">\n\t\t\t\t\t\t\t\t\t\t\t\t\t\t\t<img fetchpriority=\"high\" decoding=\"async\" width=\"768\" height=\"1024\" src=\"https:\/\/costablanca-magazin.com\/wp-content\/uploads\/2024\/10\/Cafe-con-Leche-2-768x1024.jpg\" class=\"attachment-large size-large wp-image-2741\" alt=\"Caf\u00e9 con leche con... Costa Cocinas: una historia de \u00e9xito desde Benidoleig 1\" srcset=\"https:\/\/costablanca-magazin.com\/wp-content\/uploads\/2024\/10\/Cafe-con-Leche-2-768x1024.jpg 768w, https:\/\/costablanca-magazin.com\/wp-content\/uploads\/2024\/10\/Cafe-con-Leche-2-225x300.jpg 225w, https:\/\/costablanca-magazin.com\/wp-content\/uploads\/2024\/10\/Cafe-con-Leche-2-1152x1536.jpg 1152w, https:\/\/costablanca-magazin.com\/wp-content\/uploads\/2024\/10\/Cafe-con-Leche-2.jpg 1500w\" sizes=\"(max-width: 768px) 100vw, 768px\" \/>\t\t\t\t\t\t\t\t\t\t\t\t\t\t\t<\/div>\n\t\t\t\t<\/div>\n\t\t\t\t<\/div>\n\t\t<div class=\"elementor-element elementor-element-33b7032 e-con-full e-flex e-con e-child\" data-id=\"33b7032\" data-element_type=\"container\" data-e-type=\"container\">\n\t\t\t\t<div class=\"elementor-element elementor-element-6416b5f elementor-widget elementor-widget-text-editor\" data-id=\"6416b5f\" data-element_type=\"widget\" data-e-type=\"widget\" data-widget_type=\"text-editor.default\">\n\t\t\t\t<div class=\"elementor-widget-container\">\n\t\t\t\t\t\t\t\t\t<p><strong>Tenga su visi\u00f3n profesional <\/strong><strong>y objetivos han cambiado a lo largo de los a\u00f1os? <\/strong><br \/><strong>\u00bfQu\u00e9 le motiva hoy tanto como cuando empez\u00f3 Costa Cocinas? <\/strong><strong>han fundado?<\/strong><br \/>Por supuesto, tambi\u00e9n ha habido momentos en los \u00faltimos 20 a\u00f1os que no fueron ideales. Pensemos en la \u00e9poca de crisis de hace unos a\u00f1os. Pero como dice el refr\u00e1n, donde hay madera, hay astillas. Con una voluntad firme y a veces con restricciones impuestas, tambi\u00e9n sobrevivimos a estos tiempos y salimos fortalecidos. Hoy, nuestra empresa Costa Cocinas goza de buena reputaci\u00f3n en la regi\u00f3n y fuera de ella. Por supuesto, tambi\u00e9n hemos cometido errores. Pero nuestro principio b\u00e1sico de corregirlos lo antes posible nos ha ayudado a ser a\u00fan m\u00e1s conocidos. Nuestras cocinas se pueden encontrar ahora en Madrid, Barcelona, Valencia y Andaluc\u00eda. Es un resultado del que nuestro equipo puede estar orgulloso. La jefa Hanne, nuestro vendedor Daniel Paasch, nuestro montador Uli Th\u00f6ny y ahora Hans al fondo.<\/p><p><strong>\u00bfQu\u00e9 significa para nosotros la Costa Blanca?<\/strong> <br \/>Una regi\u00f3n de ensue\u00f1o para vivir y trabajar.<\/p>\t\t\t\t\t\t\t\t<\/div>\n\t\t\t\t<\/div>\n\t\t\t\t<\/div>\n\t\t\t\t\t<\/div>\n\t\t\t\t<\/div>\n\t\t\t\t<\/div>","protected":false},"excerpt":{"rendered":"<p>Caf\u00e9 con leche mit &#8211; Costa Cocinas die Erfolgsgeschichte aus Benidoleig Wie Hannelore Puhst-Meissner und Hans Meissner mit Mut und Leidenschaft ein K\u00fcchenimperium an der Costa Blanca aufbauten m Jahr 2002 gr\u00fcndeten die beiden Costa Cocinas in Benidoleig \u2013 ein Schritt, der Mut und Weitblick erforderte. Mit 50 Jahren wagten sie den Sprung in die [&hellip;]<\/p>\n","protected":false},"author":1,"featured_media":2734,"comment_status":"closed","ping_status":"closed","sticky":false,"template":"elementor_header_footer","format":"standard","meta":{"footnotes":""},"categories":[981],"tags":[309,765,305,148,310,311,61,338],"class_list":["post-2729","post","type-post","status-publish","format-standard","has-post-thumbnail","hentry","category-stories-und-stimmen","tag-benidoleig","tag-cafe-con-leche","tag-cbm","tag-costa-blanca-magazin","tag-costa-cocina-costa-blanca","tag-costa-cocinas","tag-costa-blanca","tag-kuechenimperium-an-der-costa-blanca"],"aioseo_notices":[],"_links":{"self":[{"href":"https:\/\/costablanca-magazin.com\/es\/wp-json\/wp\/v2\/posts\/2729","targetHints":{"allow":["GET"]}}],"collection":[{"href":"https:\/\/costablanca-magazin.com\/es\/wp-json\/wp\/v2\/posts"}],"about":[{"href":"https:\/\/costablanca-magazin.com\/es\/wp-json\/wp\/v2\/types\/post"}],"author":[{"embeddable":true,"href":"https:\/\/costablanca-magazin.com\/es\/wp-json\/wp\/v2\/users\/1"}],"replies":[{"embeddable":true,"href":"https:\/\/costablanca-magazin.com\/es\/wp-json\/wp\/v2\/comments?post=2729"}],"version-history":[{"count":10,"href":"https:\/\/costablanca-magazin.com\/es\/wp-json\/wp\/v2\/posts\/2729\/revisions"}],"predecessor-version":[{"id":11222,"href":"https:\/\/costablanca-magazin.com\/es\/wp-json\/wp\/v2\/posts\/2729\/revisions\/11222"}],"wp:featuredmedia":[{"embeddable":true,"href":"https:\/\/costablanca-magazin.com\/es\/wp-json\/wp\/v2\/media\/2734"}],"wp:attachment":[{"href":"https:\/\/costablanca-magazin.com\/es\/wp-json\/wp\/v2\/media?parent=2729"}],"wp:term":[{"taxonomy":"category","embeddable":true,"href":"https:\/\/costablanca-magazin.com\/es\/wp-json\/wp\/v2\/categories?post=2729"},{"taxonomy":"post_tag","embeddable":true,"href":"https:\/\/costablanca-magazin.com\/es\/wp-json\/wp\/v2\/tags?post=2729"}],"curies":[{"name":"wp","href":"https:\/\/api.w.org\/{rel}","templated":true}]}}