{"id":270,"date":"2024-06-05T19:26:05","date_gmt":"2024-06-05T17:26:05","guid":{"rendered":"https:\/\/costablanca-magazin.com\/?p=270"},"modified":"2025-05-15T10:33:28","modified_gmt":"2025-05-15T08:33:28","slug":"residencia-en-la-costa-blanca","status":"publish","type":"post","link":"https:\/\/costablanca-magazin.com\/es\/residenten\/leben-in-spanien\/residencia-an-der-costa-blanca\/","title":{"rendered":"Residencia en la Costa Blanca"},"content":{"rendered":"<div data-elementor-type=\"wp-post\" data-elementor-id=\"270\" class=\"elementor elementor-270\" data-elementor-post-type=\"post\">\n\t\t\t\t<div class=\"elementor-element elementor-element-b8d6898 e-flex e-con-boxed e-con e-parent\" data-id=\"b8d6898\" data-element_type=\"container\" data-e-type=\"container\">\n\t\t\t\t\t<div class=\"e-con-inner\">\n\t\t\t\t<div class=\"elementor-element elementor-element-e48284e elementor-widget elementor-widget-heading\" data-id=\"e48284e\" data-element_type=\"widget\" data-e-type=\"widget\" data-widget_type=\"heading.default\">\n\t\t\t\t<div class=\"elementor-widget-container\">\n\t\t\t\t\t<h1 class=\"elementor-heading-title elementor-size-default\">Residencia en la Costa Blanca<\/h1>\t\t\t\t<\/div>\n\t\t\t\t<\/div>\n\t\t\t\t\t<\/div>\n\t\t\t\t<\/div>\n\t\t<div class=\"elementor-element elementor-element-19d414a e-flex e-con-boxed e-con e-parent\" data-id=\"19d414a\" data-element_type=\"container\" data-e-type=\"container\">\n\t\t\t\t\t<div class=\"e-con-inner\">\n\t\t\t\t<div class=\"elementor-element elementor-element-4e42553 elementor-widget elementor-widget-text-editor\" data-id=\"4e42553\" data-element_type=\"widget\" data-e-type=\"widget\" data-widget_type=\"text-editor.default\">\n\t\t\t\t<div class=\"elementor-widget-container\">\n\t\t\t\t\t\t\t\t\t<h2 class=\"elementor-heading-title elementor-size-default\"><span style=\"color: #333333;\">Residencia en la Costa Blanca: solicitud, proceso y aspectos importantes<\/span><\/h2>\t\t\t\t\t\t\t\t<\/div>\n\t\t\t\t<\/div>\n\t\t\t\t\t<\/div>\n\t\t\t\t<\/div>\n\t\t<div class=\"elementor-element elementor-element-28b8ecd e-flex e-con-boxed e-con e-parent\" data-id=\"28b8ecd\" data-element_type=\"container\" data-e-type=\"container\">\n\t\t\t\t\t<div class=\"e-con-inner\">\n\t\t<div class=\"elementor-element elementor-element-8383789 e-con-full e-flex e-con e-child\" data-id=\"8383789\" data-element_type=\"container\" data-e-type=\"container\">\n\t\t\t\t<div class=\"elementor-element elementor-element-d74c759 elementor-widget elementor-widget-image\" data-id=\"d74c759\" data-element_type=\"widget\" data-e-type=\"widget\" data-widget_type=\"image.default\">\n\t\t\t\t<div class=\"elementor-widget-container\">\n\t\t\t\t\t\t\t\t\t\t\t\t\t\t\t<img fetchpriority=\"high\" decoding=\"async\" width=\"768\" height=\"432\" src=\"https:\/\/costablanca-magazin.com\/wp-content\/uploads\/2024\/06\/residencia.jpg\" class=\"attachment-large size-large wp-image-271\" alt=\"residencia costa blanca\" srcset=\"https:\/\/costablanca-magazin.com\/wp-content\/uploads\/2024\/06\/residencia.jpg 768w, https:\/\/costablanca-magazin.com\/wp-content\/uploads\/2024\/06\/residencia-300x169.jpg 300w\" sizes=\"(max-width: 768px) 100vw, 768px\" \/>\t\t\t\t\t\t\t\t\t\t\t\t\t\t\t<\/div>\n\t\t\t\t<\/div>\n\t\t\t\t<\/div>\n\t\t<div class=\"elementor-element elementor-element-04d7714 e-con-full e-flex e-con e-child\" data-id=\"04d7714\" data-element_type=\"container\" data-e-type=\"container\">\n\t\t\t\t<div class=\"elementor-element elementor-element-7afdde0 elementor-widget elementor-widget-text-editor\" data-id=\"7afdde0\" data-element_type=\"widget\" data-e-type=\"widget\" data-widget_type=\"text-editor.default\">\n\t\t\t\t<div class=\"elementor-widget-container\">\n\t\t\t\t\t\t\t\t\t<p>La soleada Costa Blanca espa\u00f1ola atrae cada a\u00f1o a numerosos expatriados que deciden establecerse all\u00ed de forma permanente. Si usted es uno de ellos, debe tener claros los requisitos para obtener la residencia, el proceso de registro y algunos aspectos que debe tener en cuenta.<\/p>\n<!-- ai-h1words -->\n<p>Si es usted un reci\u00e9n llegado a la Costa Blanca y tiene previsto quedarse durante un periodo de tiempo m\u00e1s largo, deber\u00eda recopilar los documentos necesarios, concertar citas con la oficina de inmigraci\u00f3n e informarse sobre los plazos para que el estatus de residencia requerido se organice sin problemas y pueda vivir en la Costa Blanca con seguridad jur\u00eddica.<\/p>\n<!-- \/ai-h1words -->\n\n<p><strong>\u00bfCu\u00e1ndo es necesario registrarse como residente?<\/strong><\/p><p>Por regla general, los ciudadanos de la UE que permanezcan en Espa\u00f1a m\u00e1s de tres meses est\u00e1n obligados a registrarse como residentes en la comisar\u00eda nacional de polic\u00eda de su lugar de residencia y solicitar una \u201eTarjeta de Identidad de Extranjero\u201c (TIE).<\/p>\t\t\t\t\t\t\t\t<\/div>\n\t\t\t\t<\/div>\n\t\t\t\t<\/div>\n\t\t\t\t\t<\/div>\n\t\t\t\t<\/div>\n\t\t<div class=\"elementor-element elementor-element-843a7d3 e-flex e-con-boxed e-con e-parent\" data-id=\"843a7d3\" data-element_type=\"container\" data-e-type=\"container\">\n\t\t\t\t\t<div class=\"e-con-inner\">\n\t\t\t\t<div class=\"elementor-element elementor-element-79c6336 elementor-widget elementor-widget-text-editor\" data-id=\"79c6336\" data-element_type=\"widget\" data-e-type=\"widget\" data-widget_type=\"text-editor.default\">\n\t\t\t\t<div class=\"elementor-widget-container\">\n\t\t\t\t\t\t\t\t\t<p><strong>Procedimiento de registro<\/strong><\/p><p>El registro como residente consta de dos partes. En primer lugar, debe presentar una solicitud en la Oficina de Extranjeros o en la comisar\u00eda de polic\u00eda. Debe demostrar que ha vivido en Espa\u00f1a durante m\u00e1s de tres meses en los \u00faltimos seis meses, que dispone de ingresos o recursos econ\u00f3micos suficientes para mantenerse a s\u00ed mismo y a su familia, y que tiene un seguro m\u00e9dico privado o p\u00fablico.<\/p><p>Una vez aceptada su solicitud, recibir\u00e1 un certificado que deber\u00e1 llevar a la comisar\u00eda nacional de polic\u00eda para que le tomen sus datos biom\u00e9tricos (huellas dactilares) y solicitar la TIE. A continuaci\u00f3n, deber\u00e1 esperar aproximadamente un mes hasta que su tarjeta est\u00e9 lista para poder recogerla.<\/p><p><strong>\u00bfQu\u00e9 hay que tener en cuenta al empadronarse en Espa\u00f1a?<\/strong><\/p><p>Hay algunos puntos importantes que debe tener en cuenta al registrarse en Espa\u00f1a. En primer lugar, su residencia cambiar\u00e1 su situaci\u00f3n fiscal. Como residente en Espa\u00f1a, est\u00e1 obligado a pagar impuestos en Espa\u00f1a sobre sus ingresos mundiales. Por lo tanto, debe registrarse en la Agencia Tributaria espa\u00f1ola y solicitar un n\u00famero de identificaci\u00f3n fiscal (NIE).<\/p><p>En segundo lugar, si tienes un veh\u00edculo, debes cambiar la matr\u00edcula por una espa\u00f1ola y asegurarte de que cumple con la normativa espa\u00f1ola. Adem\u00e1s, si vas a vivir en Espa\u00f1a m\u00e1s de dos a\u00f1os, debes cambiar tu permiso de conducir por uno espa\u00f1ol.<\/p><p>Por \u00faltimo, es importante que se informe sobre sus derechos y obligaciones como residente en Espa\u00f1a. Esto incluye conocer las leyes y normativas relativas al trabajo, la asistencia sanitaria, las prestaciones sociales y otros aspectos de la vida en Espa\u00f1a.<\/p><p>Registrarse como residente en Espa\u00f1a es un paso importante si planea establecerse de forma permanente. Requiere algunos tr\u00e1mites y hay puntos importantes que debe tener en cuenta, pero al final le permitir\u00e1 participar plenamente en la vida de este hermoso pa\u00eds.<\/p><p><strong>Adaptaci\u00f3n al sistema sanitario espa\u00f1ol<\/strong><\/p><p>Uno de los mayores ajustes para los nuevos residentes en Espa\u00f1a es el sistema sanitario. Como residente, tiene derecho a la misma asistencia sanitaria que los ciudadanos espa\u00f1oles, siempre que cotice al sistema de la Seguridad Social espa\u00f1ol. Debe conservar su Tarjeta Sanitaria Europea (TSE) durante el periodo de transici\u00f3n, pero tenga en cuenta que no es una soluci\u00f3n permanente para la cobertura sanitaria en Espa\u00f1a.<\/p><p><strong>Aprender espa\u00f1ol<\/strong><\/p><p>Otro aspecto importante que debes tener en cuenta es la importancia de aprender espa\u00f1ol. Aunque en muchos lugares de la Costa Blanca se habla ingl\u00e9s, es importante esforzarse por aprender espa\u00f1ol para integrarse mejor en la comunidad y tener acceso a todos los servicios.<\/p><p><strong>Integraci\u00f3n en la comunidad local<\/strong><\/p><p>La integraci\u00f3n en la comunidad local es otro aspecto importante que deben tener en cuenta los nuevos residentes. Esto se puede lograr participando en eventos locales, conociendo a los vecinos y participando en asociaciones y organizaciones locales. Una buena integraci\u00f3n puede ayudar a desarrollar un sentido de pertenencia y a sentirse m\u00e1s c\u00f3modo en su nuevo hogar.<\/p><p><strong>Un agente inmobiliario puede ser de gran ayuda.<\/strong><\/p><p>Si va a comprar una propiedad en Espa\u00f1a, puede resultarle \u00fatil consultar a un agente inmobiliario. \u00c9l o ella puede ayudarle a encontrar la propiedad perfecta, conoce el mercado local y le guiar\u00e1 a lo largo del proceso de compra.<\/p><p>La decisi\u00f3n de convertirse en residente en Espa\u00f1a es un gran paso. Requiere planificaci\u00f3n, preparaci\u00f3n y prestar atenci\u00f3n a muchos detalles. Sin embargo, la decisi\u00f3n de convertirse en residente en Espa\u00f1a puede ofrecerle muchas ventajas, como el acceso a la asistencia sanitaria, la posibilidad de vivir en un clima agradable y la oportunidad de experimentar una nueva cultura y forma de vida. Con la preparaci\u00f3n y el asesoramiento adecuados, la decisi\u00f3n de convertirse en residente en Espa\u00f1a puede ser una de las mejores decisiones de su vida.<\/p>\t\t\t\t\t\t\t\t<\/div>\n\t\t\t\t<\/div>\n\t\t\t\t\t<\/div>\n\t\t\t\t<\/div>\n\t\t<div class=\"elementor-element elementor-element-40f613a e-flex e-con-boxed e-con e-parent\" data-id=\"40f613a\" data-element_type=\"container\" data-e-type=\"container\">\n\t\t\t\t\t<div class=\"e-con-inner\">\n\t\t\t\t<div class=\"elementor-element elementor-element-1088413 elementor-widget elementor-widget-heading\" data-id=\"1088413\" data-element_type=\"widget\" data-e-type=\"widget\" data-widget_type=\"heading.default\">\n\t\t\t\t<div class=\"elementor-widget-container\">\n\t\t\t\t\t<h3 class=\"elementor-heading-title elementor-size-default\">Esto tambi\u00e9n podr\u00eda interesarle<\/h3>\t\t\t\t<\/div>\n\t\t\t\t<\/div>\n\t\t\t\t<div class=\"elementor-element elementor-element-213b218 elementor-grid-4 elementor-grid-tablet-2 elementor-grid-mobile-1 elementor-posts--thumbnail-top elementor-card-shadow-yes elementor-posts__hover-gradient elementor-widget elementor-widget-posts\" data-id=\"213b218\" data-element_type=\"widget\" data-e-type=\"widget\" data-settings=\"{&quot;cards_columns&quot;:&quot;4&quot;,&quot;cards_columns_tablet&quot;:&quot;2&quot;,&quot;cards_columns_mobile&quot;:&quot;1&quot;,&quot;cards_row_gap&quot;:{&quot;unit&quot;:&quot;px&quot;,&quot;size&quot;:35,&quot;sizes&quot;:[]},&quot;cards_row_gap_tablet&quot;:{&quot;unit&quot;:&quot;px&quot;,&quot;size&quot;:&quot;&quot;,&quot;sizes&quot;:[]},&quot;cards_row_gap_mobile&quot;:{&quot;unit&quot;:&quot;px&quot;,&quot;size&quot;:&quot;&quot;,&quot;sizes&quot;:[]}}\" data-widget_type=\"posts.cards\">\n\t\t\t\t<div class=\"elementor-widget-container\">\n\t\t\t\t\t\t\t<div class=\"elementor-posts-container elementor-posts elementor-posts--skin-cards elementor-grid\" role=\"list\">\n\t\t\t\t<article class=\"elementor-post elementor-grid-item post-11484 post type-post status-publish format-standard has-post-thumbnail hentry category-veranstaltungen-events tag-costa-blanca-2 tag-events-costa-blanca tag-fiestas-costa-blanca tag-konzerte-costa-blanca tag-kultur-costa-blanca tag-veranstaltungen-costa-blanca-mai tag-veranstaltungskalender-costa-blanca\" role=\"listitem\">\n\t\t\t<div class=\"elementor-post__card\">\n\t\t\t\t<a class=\"elementor-post__thumbnail__link\" href=\"https:\/\/costablanca-magazin.com\/es\/freizeit\/veranstaltungen-events\/veranstaltungen-un-events-an-der-costa-blanca-mai-2026\/\" tabindex=\"-1\" ><div class=\"elementor-post__thumbnail\"><img decoding=\"async\" width=\"300\" height=\"169\" src=\"https:\/\/costablanca-magazin.com\/wp-content\/uploads\/2026\/05\/AdobeStock_296419932-300x169.jpeg\" class=\"attachment-medium size-medium wp-image-11485\" alt=\"Eventos Costa Blanca - Mayo 2026\" srcset=\"https:\/\/costablanca-magazin.com\/wp-content\/uploads\/2026\/05\/AdobeStock_296419932-300x169.jpeg 300w, https:\/\/costablanca-magazin.com\/wp-content\/uploads\/2026\/05\/AdobeStock_296419932-1024x576.jpeg 1024w, https:\/\/costablanca-magazin.com\/wp-content\/uploads\/2026\/05\/AdobeStock_296419932-768x432.jpeg 768w, https:\/\/costablanca-magazin.com\/wp-content\/uploads\/2026\/05\/AdobeStock_296419932-1536x864.jpeg 1536w, https:\/\/costablanca-magazin.com\/wp-content\/uploads\/2026\/05\/AdobeStock_296419932-2048x1152.jpeg 2048w, https:\/\/costablanca-magazin.com\/wp-content\/uploads\/2026\/05\/AdobeStock_296419932-18x10.jpeg 18w\" sizes=\"(max-width: 300px) 100vw, 300px\" \/><\/div><\/a>\n\t\t\t\t<div class=\"elementor-post__text\">\n\t\t\t\t<h3 class=\"elementor-post__title\">\n\t\t\t<a href=\"https:\/\/costablanca-magazin.com\/es\/freizeit\/veranstaltungen-events\/veranstaltungen-un-events-an-der-costa-blanca-mai-2026\/\" >\n\t\t\t\tEventos en la Costa Blanca - Mayo 2026\t\t\t<\/a>\n\t\t<\/h3>\n\t\t\t\t<\/div>\n\t\t\t\t\t<\/div>\n\t\t<\/article>\n\t\t\t\t<article class=\"elementor-post elementor-grid-item post-11423 post type-post status-publish format-standard has-post-thumbnail hentry category-veranstaltungen-events tag-fiestas-costa-blanca-2026 tag-moros-y-cristianos-benidorm tag-moros-y-cristianos-costa-blanca-2026 tag-moros-y-cristianos-denia tag-moros-y-cristianos-termine-2026 tag-moros-y-cristianos-villajoyosa\" role=\"listitem\">\n\t\t\t<div class=\"elementor-post__card\">\n\t\t\t\t<a class=\"elementor-post__thumbnail__link\" href=\"https:\/\/costablanca-magazin.com\/es\/freizeit\/veranstaltungen-events\/moros-y-cristianos-costa-blanca-2026-termine-und-feste\/\" tabindex=\"-1\" ><div class=\"elementor-post__thumbnail\"><img decoding=\"async\" width=\"300\" height=\"135\" src=\"https:\/\/costablanca-magazin.com\/wp-content\/uploads\/2025\/09\/calpe-moros-300x135.jpg\" class=\"attachment-medium size-medium wp-image-8738\" alt=\"Calpe moros y cristianos\" srcset=\"https:\/\/costablanca-magazin.com\/wp-content\/uploads\/2025\/09\/calpe-moros-300x135.jpg 300w, https:\/\/costablanca-magazin.com\/wp-content\/uploads\/2025\/09\/calpe-moros-1024x460.jpg 1024w, https:\/\/costablanca-magazin.com\/wp-content\/uploads\/2025\/09\/calpe-moros-768x345.jpg 768w, https:\/\/costablanca-magazin.com\/wp-content\/uploads\/2025\/09\/calpe-moros.jpg 1200w\" sizes=\"(max-width: 300px) 100vw, 300px\" \/><\/div><\/a>\n\t\t\t\t<div class=\"elementor-post__text\">\n\t\t\t\t<h3 class=\"elementor-post__title\">\n\t\t\t<a href=\"https:\/\/costablanca-magazin.com\/es\/freizeit\/veranstaltungen-events\/moros-y-cristianos-costa-blanca-2026-termine-und-feste\/\" >\n\t\t\t\tMoros y Cristianos Costa Blanca 2026 - Fechas y festividades\t\t\t<\/a>\n\t\t<\/h3>\n\t\t\t\t<\/div>\n\t\t\t\t\t<\/div>\n\t\t<\/article>\n\t\t\t\t<article class=\"elementor-post elementor-grid-item post-11405 post type-post status-publish format-standard has-post-thumbnail hentry category-news-politik tag-airlines-spanien tag-fluege-alicante tag-fluege-valencia tag-iran-konflikt-flugpreise tag-jet-fuel-spanien tag-kerosinpreise-europa\" role=\"listitem\">\n\t\t\t<div class=\"elementor-post__card\">\n\t\t\t\t<a class=\"elementor-post__thumbnail__link\" href=\"https:\/\/costablanca-magazin.com\/es\/lokales\/news-politik\/iran-konflikt-und-flugpreise-was-alicante-und-valencia-wirklich-erwartet\/\" tabindex=\"-1\" ><div class=\"elementor-post__thumbnail\"><img loading=\"lazy\" decoding=\"async\" width=\"300\" height=\"227\" src=\"https:\/\/costablanca-magazin.com\/wp-content\/uploads\/2026\/04\/die-inselzeitung-mallorca-255-300x227.jpg\" class=\"attachment-medium size-medium wp-image-11406\" alt=\"Conflicto con Ir\u00e1n y precios de los vuelos: Lo que realmente les espera a Alicante y Valencia\" srcset=\"https:\/\/costablanca-magazin.com\/wp-content\/uploads\/2026\/04\/die-inselzeitung-mallorca-255-300x227.jpg 300w, https:\/\/costablanca-magazin.com\/wp-content\/uploads\/2026\/04\/die-inselzeitung-mallorca-255-1024x776.jpg 1024w, https:\/\/costablanca-magazin.com\/wp-content\/uploads\/2026\/04\/die-inselzeitung-mallorca-255-768x582.jpg 768w, https:\/\/costablanca-magazin.com\/wp-content\/uploads\/2026\/04\/die-inselzeitung-mallorca-255-1536x1164.jpg 1536w, https:\/\/costablanca-magazin.com\/wp-content\/uploads\/2026\/04\/die-inselzeitung-mallorca-255-2048x1552.jpg 2048w, https:\/\/costablanca-magazin.com\/wp-content\/uploads\/2026\/04\/die-inselzeitung-mallorca-255-16x12.jpg 16w\" sizes=\"(max-width: 300px) 100vw, 300px\" \/><\/div><\/a>\n\t\t\t\t<div class=\"elementor-post__text\">\n\t\t\t\t<h3 class=\"elementor-post__title\">\n\t\t\t<a href=\"https:\/\/costablanca-magazin.com\/es\/lokales\/news-politik\/iran-konflikt-und-flugpreise-was-alicante-und-valencia-wirklich-erwartet\/\" >\n\t\t\t\tConflicto con Ir\u00e1n y precios de los vuelos: Lo que realmente les espera a Alicante y Valencia\t\t\t<\/a>\n\t\t<\/h3>\n\t\t\t\t<\/div>\n\t\t\t\t\t<\/div>\n\t\t<\/article>\n\t\t\t\t<article class=\"elementor-post elementor-grid-item post-11389 post type-post status-publish format-standard has-post-thumbnail hentry category-leben-in-spanien tag-antrag-pflege-spanien tag-comunitat-valenciana-pflege tag-dependencia-costa-blanca tag-pflege-costa-blanca tag-pflegegrad-spanien tag-pflegehilfe-alicante\" role=\"listitem\">\n\t\t\t<div class=\"elementor-post__card\">\n\t\t\t\t<a class=\"elementor-post__thumbnail__link\" href=\"https:\/\/costablanca-magazin.com\/es\/residenten\/leben-in-spanien\/pflege-an-der-costa-blanca-leistungen-antrag-und-hilfe\/\" tabindex=\"-1\" ><div class=\"elementor-post__thumbnail\"><img loading=\"lazy\" decoding=\"async\" width=\"300\" height=\"100\" src=\"https:\/\/costablanca-magazin.com\/wp-content\/uploads\/2026\/04\/AdobeStock_210113313-300x100.jpeg\" class=\"attachment-medium size-medium wp-image-11390\" alt=\"Cuando el cuidado se convierte de repente en un problema en la Costa Blanca\" srcset=\"https:\/\/costablanca-magazin.com\/wp-content\/uploads\/2026\/04\/AdobeStock_210113313-300x100.jpeg 300w, https:\/\/costablanca-magazin.com\/wp-content\/uploads\/2026\/04\/AdobeStock_210113313-1024x341.jpeg 1024w, https:\/\/costablanca-magazin.com\/wp-content\/uploads\/2026\/04\/AdobeStock_210113313-768x256.jpeg 768w, https:\/\/costablanca-magazin.com\/wp-content\/uploads\/2026\/04\/AdobeStock_210113313-1536x512.jpeg 1536w, https:\/\/costablanca-magazin.com\/wp-content\/uploads\/2026\/04\/AdobeStock_210113313-2048x682.jpeg 2048w, https:\/\/costablanca-magazin.com\/wp-content\/uploads\/2026\/04\/AdobeStock_210113313-18x6.jpeg 18w\" sizes=\"(max-width: 300px) 100vw, 300px\" \/><\/div><\/a>\n\t\t\t\t<div class=\"elementor-post__text\">\n\t\t\t\t<h3 class=\"elementor-post__title\">\n\t\t\t<a href=\"https:\/\/costablanca-magazin.com\/es\/residenten\/leben-in-spanien\/pflege-an-der-costa-blanca-leistungen-antrag-und-hilfe\/\" >\n\t\t\t\tCuidados en la Costa Blanca - prestaciones, solicitud y asistencia\t\t\t<\/a>\n\t\t<\/h3>\n\t\t\t\t<\/div>\n\t\t\t\t\t<\/div>\n\t\t<\/article>\n\t\t\t\t<\/div>\n\t\t\n\t\t\t\t\t\t<\/div>\n\t\t\t\t<\/div>\n\t\t\t\t\t<\/div>\n\t\t\t\t<\/div>\n\t\t\t\t<\/div>","protected":false},"excerpt":{"rendered":"<p>Residenzstatus an der Costa Blanca: Anmeldung, Prozess und wichtige Aspekte Spaniens sonnenverw\u00f6hnte Costa Blanca zieht jedes Jahr zahlreiche Expats an, die sich entschlie\u00dfen, sich dauerhaft<\/p>","protected":false},"author":1,"featured_media":271,"comment_status":"closed","ping_status":"closed","sticky":false,"template":"elementor_header_footer","format":"standard","meta":{"om_disable_all_campaigns":false,"_monsterinsights_skip_tracking":false,"_monsterinsights_sitenote_active":false,"_monsterinsights_sitenote_note":"","_monsterinsights_sitenote_category":0,"footnotes":""},"categories":[15],"tags":[48,85,47],"class_list":["post-270","post","type-post","status-publish","format-standard","has-post-thumbnail","hentry","category-leben-in-spanien","tag-residencia-beantragen","tag-residencia-costablanca","tag-residencia-spanien"],"aioseo_notices":[],"_links":{"self":[{"href":"https:\/\/costablanca-magazin.com\/es\/wp-json\/wp\/v2\/posts\/270","targetHints":{"allow":["GET"]}}],"collection":[{"href":"https:\/\/costablanca-magazin.com\/es\/wp-json\/wp\/v2\/posts"}],"about":[{"href":"https:\/\/costablanca-magazin.com\/es\/wp-json\/wp\/v2\/types\/post"}],"author":[{"embeddable":true,"href":"https:\/\/costablanca-magazin.com\/es\/wp-json\/wp\/v2\/users\/1"}],"replies":[{"embeddable":true,"href":"https:\/\/costablanca-magazin.com\/es\/wp-json\/wp\/v2\/comments?post=270"}],"version-history":[{"count":13,"href":"https:\/\/costablanca-magazin.com\/es\/wp-json\/wp\/v2\/posts\/270\/revisions"}],"predecessor-version":[{"id":6666,"href":"https:\/\/costablanca-magazin.com\/es\/wp-json\/wp\/v2\/posts\/270\/revisions\/6666"}],"wp:featuredmedia":[{"embeddable":true,"href":"https:\/\/costablanca-magazin.com\/es\/wp-json\/wp\/v2\/media\/271"}],"wp:attachment":[{"href":"https:\/\/costablanca-magazin.com\/es\/wp-json\/wp\/v2\/media?parent=270"}],"wp:term":[{"taxonomy":"category","embeddable":true,"href":"https:\/\/costablanca-magazin.com\/es\/wp-json\/wp\/v2\/categories?post=270"},{"taxonomy":"post_tag","embeddable":true,"href":"https:\/\/costablanca-magazin.com\/es\/wp-json\/wp\/v2\/tags?post=270"}],"curies":[{"name":"wp","href":"https:\/\/api.w.org\/{rel}","templated":true}]}}