{"id":2512,"date":"2024-10-02T09:04:02","date_gmt":"2024-10-02T07:04:02","guid":{"rendered":"https:\/\/costablanca-magazin.com\/?p=2512"},"modified":"2026-07-07T10:47:50","modified_gmt":"2026-07-07T08:47:50","slug":"moros-y-cristianos-un-espectaculo-vivo-en-benidorm-del-3-al-6-de-octubre-de-2024","status":"publish","type":"post","link":"https:\/\/costablanca-magazin.com\/es\/freizeit\/veranstaltungen-events\/moros-y-cristianos-ein-lebendiges-spektakel-in-benidorm-vom-3-bis-6-oktober-2024\/","title":{"rendered":"Moros y Cristianos: Un animado espect\u00e1culo en Benidorm del 3 al 6 de octubre de 2024"},"content":{"rendered":"<div data-elementor-type=\"wp-post\" data-elementor-id=\"2512\" class=\"elementor elementor-2512\" data-elementor-post-type=\"post\">\n\t\t\t\t<div class=\"elementor-element elementor-element-f9dd4a7 e-flex e-con-boxed e-con e-parent\" data-id=\"f9dd4a7\" data-element_type=\"container\" data-e-type=\"container\">\n\t\t\t\t\t<div class=\"e-con-inner\">\n\t\t\t\t<div class=\"elementor-element elementor-element-ac78c37 elementor-widget elementor-widget-heading\" data-id=\"ac78c37\" data-element_type=\"widget\" data-e-type=\"widget\" data-widget_type=\"heading.default\">\n\t\t\t\t<div class=\"elementor-widget-container\">\n\t\t\t\t\t<h1 class=\"elementor-heading-title elementor-size-default\">Moros y Cristianos: Un animado espect\u00e1culo en Benidorm del 3 al 6 de octubre de 2024<\/h1>\t\t\t\t<\/div>\n\t\t\t\t<\/div>\n\t\t\t\t<div class=\"elementor-element elementor-element-f9a4bb8 elementor-widget elementor-widget-heading\" data-id=\"f9a4bb8\" data-element_type=\"widget\" data-e-type=\"widget\" data-widget_type=\"heading.default\">\n\t\t\t\t<div class=\"elementor-widget-container\">\n\t\t\t\t\t<h2 class=\"elementor-heading-title elementor-size-default\">Historia, tradici\u00f3n y espect\u00e1culo se unen en una de las fiestas m\u00e1s caracter\u00edsticas de la Costa Blanca.<\/h2>\t\t\t\t<\/div>\n\t\t\t\t<\/div>\n\t\t\t\t\t<\/div>\n\t\t\t\t<\/div>\n\t\t<div class=\"elementor-element elementor-element-0108cd5 e-flex e-con-boxed e-con e-parent\" data-id=\"0108cd5\" data-element_type=\"container\" data-e-type=\"container\">\n\t\t\t\t\t<div class=\"e-con-inner\">\n\t\t<div class=\"elementor-element elementor-element-9302037 e-con-full e-flex e-con e-child\" data-id=\"9302037\" data-element_type=\"container\" data-e-type=\"container\">\n\t\t\t\t<div class=\"elementor-element elementor-element-6ddafbe elementor-widget elementor-widget-image\" data-id=\"6ddafbe\" data-element_type=\"widget\" data-e-type=\"widget\" data-widget_type=\"image.default\">\n\t\t\t\t<div class=\"elementor-widget-container\">\n\t\t\t\t\t\t\t\t\t\t\t\t\t\t\t<img fetchpriority=\"high\" decoding=\"async\" width=\"209\" height=\"300\" src=\"https:\/\/costablanca-magazin.com\/wp-content\/uploads\/2024\/10\/moros-y-cristianos-benidorm-209x300.png\" class=\"attachment-medium size-medium wp-image-2513\" alt=\"moros y cristianos benidorm\" srcset=\"https:\/\/costablanca-magazin.com\/wp-content\/uploads\/2024\/10\/moros-y-cristianos-benidorm-209x300.png 209w, https:\/\/costablanca-magazin.com\/wp-content\/uploads\/2024\/10\/moros-y-cristianos-benidorm.png 514w\" sizes=\"(max-width: 209px) 100vw, 209px\" \/>\t\t\t\t\t\t\t\t\t\t\t\t\t\t\t<\/div>\n\t\t\t\t<\/div>\n\t\t\t\t<div class=\"elementor-element elementor-element-a029479 elementor-widget elementor-widget-text-editor\" data-id=\"a029479\" data-element_type=\"widget\" data-e-type=\"widget\" data-widget_type=\"text-editor.default\">\n\t\t\t\t<div class=\"elementor-widget-container\">\n\t\t\t\t\t\t\t\t\t<p>Del 3 al 6 de octubre de 2024, las calles de Benidorm se transformar\u00e1n en una colorida y vibrante zona festiva cuando las celebraciones en honor de los \u201eMoros y Cristianos\u201c alcancen su punto \u00e1lgido. Esta fiesta, profundamente arraigada en la tradici\u00f3n de la regi\u00f3n, conmemora las hist\u00f3ricas batallas entre moros y cristianos en la Pen\u00ednsula Ib\u00e9rica. Con espl\u00e9ndidos trajes, impresionantes desfiles, m\u00fasica trepidante e impresionantes espect\u00e1culos pirot\u00e9cnicos, la fiesta cautiva a propios y extra\u00f1os.<\/p><p>La fiesta comienza con un impresionante desfile en el que las filaes (grupos festivos) recorren las calles con sus majestuosos trajes. Los ej\u00e9rcitos de la media luna y las huestes de la cruz marchan hacia el centro de la ciudad acompa\u00f1ados por el sonido de los tambores y el zapateado de los cascos de los caballos. Los halconeros cabalgan orgullosos, mientras que el abanderado presenta la bandera de la Asociaci\u00f3n de Moros y Cristianos en su carroza. La m\u00fasica, elemento indispensable de la procesi\u00f3n, acent\u00faa el dramatismo y da vida a la historia de forma fascinante.<\/p>\t\t\t\t\t\t\t\t<\/div>\n\t\t\t\t<\/div>\n\t\t\t\t<\/div>\n\t\t<div class=\"elementor-element elementor-element-bf1de78 e-con-full e-flex e-con e-child\" data-id=\"bf1de78\" data-element_type=\"container\" data-e-type=\"container\">\n\t\t\t\t<div class=\"elementor-element elementor-element-f3a6ec9 elementor-widget elementor-widget-text-editor\" data-id=\"f3a6ec9\" data-element_type=\"widget\" data-e-type=\"widget\" data-widget_type=\"text-editor.default\">\n\t\t\t\t<div class=\"elementor-widget-container\">\n\t\t\t\t\t\t\t\t\t<p>Un momento culminante de las fiestas es la ofrenda floral en honor del patr\u00f3n Sant Jaume Apostol. Este gesto culmina con una misa solemne en la iglesia de San Jaime y Santa Ana, acompa\u00f1ada de una vistosa procesi\u00f3n durante la cual se reparte confeti y regalos a los espectadores.<\/p><p>Las fiestas terminan con un espect\u00e1culo impresionante: las tropas cristianas \u201ereconquistan\u201c simb\u00f3licamente la fortaleza de Benidorm, marcando la paz definitiva con la poblaci\u00f3n. El broche de oro lo pone un castillo de fuegos artificiales que ilumina el cielo nocturno: la \u201eMasclet\u00e1\u201c, un espect\u00e1culo t\u00edpicamente levantino que pone la piel de gallina con su pirotecnia.<\/p><p>Moros y Cristianos de Benidorm es mucho m\u00e1s que un festival: es un viaje a trav\u00e9s de la historia, un museo vivo al aire libre que celebra las ra\u00edces culturales de la regi\u00f3n y atrae a miles de personas cada a\u00f1o.<\/p>\t\t\t\t\t\t\t\t<\/div>\n\t\t\t\t<\/div>\n\t\t\t\t<div class=\"elementor-element elementor-element-06ca955 elementor-widget elementor-widget-google_maps\" data-id=\"06ca955\" data-element_type=\"widget\" data-e-type=\"widget\" data-widget_type=\"google_maps.default\">\n\t\t\t\t<div class=\"elementor-widget-container\">\n\t\t\t\t\t\t\t<div class=\"elementor-custom-embed\">\n\t\t\t<iframe loading=\"lazy\"\n\t\t\t\t\tsrc=\"https:\/\/maps.google.com\/maps?q=benidorm&#038;t=m&#038;z=13&#038;output=embed&#038;iwloc=near\"\n\t\t\t\t\ttitle=\"benidorm\"\n\t\t\t\t\taria-label=\"benidorm\"\n\t\t\t><\/iframe>\n\t\t<\/div>\n\t\t\t\t\t\t<\/div>\n\t\t\t\t<\/div>\n\t\t\t\t<\/div>\n\t\t\t\t\t<\/div>\n\t\t\t\t<\/div>\n\t\t\t\t<\/div>","protected":false},"excerpt":{"rendered":"<p>Moros y Cristianos: Ein lebendiges Spektakel in Benidorm vom 3. bis 6. Oktober 2024 Geschichte, Tradition und Spektakel vereinen sich in einem der markantesten Feste der Costa Blanca. Vom 3. bis 6. Oktober 2024 verwandeln sich die Stra\u00dfen Benidorms in ein farbenfrohes und pulsierendes Festgel\u00e4nde, wenn die Feierlichkeiten zu Ehren der \u201eMoros y Cristianos\u201c ihren [&hellip;]<\/p>\n","protected":false},"author":4,"featured_media":2513,"comment_status":"closed","ping_status":"closed","sticky":false,"template":"elementor_header_footer","format":"standard","meta":{"footnotes":""},"categories":[23],"tags":[1765,1769],"class_list":["post-2512","post","type-post","status-publish","format-standard","has-post-thumbnail","hentry","category-veranstaltungen-events","tag-fiestas-costa-blanca","tag-moros-y-cristianos-costa-blanca"],"aioseo_notices":[],"aioseo_head":"\n\t\t<!-- All in One SEO Pro 5.0.1.1 - aioseo.com -->\n\t<meta name=\"description\" content=\"Vom 3. bis 6. Oktober 2024 verwandeln sich die Stra\u00dfen Benidorms in ein farbenfrohes und pulsierendes Festgel\u00e4nde, wenn die Feierlichkeiten\" \/>\n\t<meta name=\"robots\" content=\"max-snippet:-1, max-image-preview:large, max-video-preview:-1\" \/>\n\t<meta name=\"author\" content=\"Costablanca Magazin Redaktion\"\/>\n\t<link rel=\"canonical\" href=\"https:\/\/costablanca-magazin.com\/es\/freizeit\/veranstaltungen-events\/moros-y-cristianos-ein-lebendiges-spektakel-in-benidorm-vom-3-bis-6-oktober-2024\/\" \/>\n\t<meta name=\"generator\" content=\"All in One SEO Pro (AIOSEO) 5.0.1.1\" \/>\n\t\t<meta property=\"og:locale\" content=\"es_ES\" \/>\n\t\t<meta property=\"og:site_name\" content=\"Costa Blanca Magazin\" \/>\n\t\t<meta property=\"og:type\" content=\"article\" \/>\n\t\t<meta property=\"og:title\" content=\"Moros y Cristianos: Ein lebendiges Spektakel in\u2026\" \/>\n\t\t<meta property=\"og:description\" content=\"Vom 3. bis 6. Oktober 2024 verwandeln sich die Stra\u00dfen Benidorms in ein farbenfrohes und pulsierendes Festgel\u00e4nde, wenn die Feierlichkeiten\" \/>\n\t\t<meta property=\"og:url\" content=\"https:\/\/costablanca-magazin.com\/es\/freizeit\/veranstaltungen-events\/moros-y-cristianos-ein-lebendiges-spektakel-in-benidorm-vom-3-bis-6-oktober-2024\/\" \/>\n\t\t<meta property=\"og:image\" content=\"https:\/\/costablanca-magazin.com\/wp-content\/uploads\/2024\/10\/moros-y-cristianos-benidorm.png\" \/>\n\t\t<meta property=\"og:image:secure_url\" content=\"https:\/\/costablanca-magazin.com\/wp-content\/uploads\/2024\/10\/moros-y-cristianos-benidorm.png\" \/>\n\t\t<meta property=\"og:image:width\" content=\"514\" \/>\n\t\t<meta property=\"og:image:height\" content=\"739\" \/>\n\t\t<meta property=\"article:published_time\" content=\"2024-10-02T07:04:02+00:00\" \/>\n\t\t<meta property=\"article:modified_time\" content=\"2026-07-07T08:47:50+00:00\" \/>\n\t\t<meta property=\"article:publisher\" content=\"https:\/\/www.facebook.com\/costablancalifestyle\/\" \/>\n\t\t<meta name=\"twitter:card\" content=\"summary_large_image\" \/>\n\t\t<meta name=\"twitter:title\" content=\"Moros y Cristianos: Ein lebendiges Spektakel in\u2026\" \/>\n\t\t<meta name=\"twitter:description\" content=\"Vom 3. bis 6. Oktober 2024 verwandeln sich die Stra\u00dfen Benidorms in ein farbenfrohes und pulsierendes Festgel\u00e4nde, wenn die Feierlichkeiten\" \/>\n\t\t<meta name=\"twitter:image\" content=\"https:\/\/costablanca-magazin.com\/wp-content\/uploads\/2024\/10\/moros-y-cristianos-benidorm.png\" \/>\n\t\t<script type=\"application\/ld+json\" class=\"aioseo-schema\">\n\t\t\t{\"@context\":\"https:\\\/\\\/schema.org\",\"@graph\":[{\"@type\":\"BreadcrumbList\",\"@id\":\"https:\\\/\\\/costablanca-magazin.com\\\/es\\\/freizeit\\\/veranstaltungen-events\\\/moros-y-cristianos-ein-lebendiges-spektakel-in-benidorm-vom-3-bis-6-oktober-2024\\\/#breadcrumblist\",\"itemListElement\":[{\"@type\":\"ListItem\",\"@id\":\"https:\\\/\\\/costablanca-magazin.com\\\/es#listItem\",\"position\":1,\"name\":\"Home\",\"item\":\"https:\\\/\\\/costablanca-magazin.com\\\/es\",\"nextItem\":{\"@type\":\"ListItem\",\"@id\":\"https:\\\/\\\/costablanca-magazin.com\\\/es\\\/tiempo-libre\\\/#listItem\",\"name\":\"Freizeit\"}},{\"@type\":\"ListItem\",\"@id\":\"https:\\\/\\\/costablanca-magazin.com\\\/es\\\/tiempo-libre\\\/#listItem\",\"position\":2,\"name\":\"Freizeit\",\"item\":\"https:\\\/\\\/costablanca-magazin.com\\\/es\\\/tiempo-libre\\\/\",\"nextItem\":{\"@type\":\"ListItem\",\"@id\":\"https:\\\/\\\/costablanca-magazin.com\\\/es\\\/eventos-eventos\\\/#listItem\",\"name\":\"Veranstaltungen &amp; Events\"},\"previousItem\":{\"@type\":\"ListItem\",\"@id\":\"https:\\\/\\\/costablanca-magazin.com\\\/es#listItem\",\"name\":\"Home\"}},{\"@type\":\"ListItem\",\"@id\":\"https:\\\/\\\/costablanca-magazin.com\\\/es\\\/eventos-eventos\\\/#listItem\",\"position\":3,\"name\":\"Veranstaltungen &amp; Events\",\"item\":\"https:\\\/\\\/costablanca-magazin.com\\\/es\\\/eventos-eventos\\\/\",\"nextItem\":{\"@type\":\"ListItem\",\"@id\":\"https:\\\/\\\/costablanca-magazin.com\\\/es\\\/freizeit\\\/veranstaltungen-events\\\/moros-y-cristianos-ein-lebendiges-spektakel-in-benidorm-vom-3-bis-6-oktober-2024\\\/#listItem\",\"name\":\"Moros y Cristianos: Ein lebendiges Spektakel in Benidorm vom 3. bis 6. Oktober 2024\"},\"previousItem\":{\"@type\":\"ListItem\",\"@id\":\"https:\\\/\\\/costablanca-magazin.com\\\/es\\\/tiempo-libre\\\/#listItem\",\"name\":\"Freizeit\"}},{\"@type\":\"ListItem\",\"@id\":\"https:\\\/\\\/costablanca-magazin.com\\\/es\\\/freizeit\\\/veranstaltungen-events\\\/moros-y-cristianos-ein-lebendiges-spektakel-in-benidorm-vom-3-bis-6-oktober-2024\\\/#listItem\",\"position\":4,\"name\":\"Moros y Cristianos: Ein lebendiges Spektakel in Benidorm vom 3. bis 6. Oktober 2024\",\"previousItem\":{\"@type\":\"ListItem\",\"@id\":\"https:\\\/\\\/costablanca-magazin.com\\\/es\\\/eventos-eventos\\\/#listItem\",\"name\":\"Veranstaltungen &amp; Events\"}}]},{\"@type\":\"NewsArticle\",\"@id\":\"https:\\\/\\\/costablanca-magazin.com\\\/es\\\/freizeit\\\/veranstaltungen-events\\\/moros-y-cristianos-ein-lebendiges-spektakel-in-benidorm-vom-3-bis-6-oktober-2024\\\/#article\",\"name\":\"Moros y Cristianos: Ein lebendiges Spektakel in Benidorm vom 3. bis 6. Oktober 2024\",\"headline\":\"Moros y Cristianos: Ein lebendiges Spektakel in Benidorm vom 3. bis 6. Oktober 2024\",\"author\":{\"@id\":\"https:\\\/\\\/costablanca-magazin.com\\\/es\\\/author\\\/costablanca-magazin-redaktion\\\/#author\"},\"publisher\":{\"@id\":\"https:\\\/\\\/costablanca-magazin.com\\\/es\\\/#organization\"},\"image\":{\"@type\":\"ImageObject\",\"url\":\"https:\\\/\\\/costablanca-magazin.com\\\/wp-content\\\/uploads\\\/2024\\\/10\\\/moros-y-cristianos-benidorm.png\",\"width\":514,\"height\":739,\"caption\":\"Moros y Cristianos: Ein lebendiges Spektakel in Benidorm vom 3. bis 6. Oktober 2024\"},\"datePublished\":\"2024-10-02T09:04:02+02:00\",\"dateModified\":\"2026-07-07T10:47:50+02:00\",\"inLanguage\":\"es-ES\",\"mainEntityOfPage\":{\"@id\":\"https:\\\/\\\/costablanca-magazin.com\\\/es\\\/freizeit\\\/veranstaltungen-events\\\/moros-y-cristianos-ein-lebendiges-spektakel-in-benidorm-vom-3-bis-6-oktober-2024\\\/#webpage\"},\"isPartOf\":{\"@id\":\"https:\\\/\\\/costablanca-magazin.com\\\/es\\\/freizeit\\\/veranstaltungen-events\\\/moros-y-cristianos-ein-lebendiges-spektakel-in-benidorm-vom-3-bis-6-oktober-2024\\\/#webpage\"},\"articleSection\":\"Veranstaltungen &amp; Events, Fiestas Costa Blanca, Moros y Cristianos\"},{\"@type\":\"Person\",\"@id\":\"https:\\\/\\\/costablanca-magazin.com\\\/es\\\/author\\\/costablanca-magazin-redaktion\\\/#author\",\"url\":\"https:\\\/\\\/costablanca-magazin.com\\\/es\\\/author\\\/costablanca-magazin-redaktion\\\/\",\"name\":\"Costablanca Magazin Redaktion\"},{\"@type\":\"WebPage\",\"@id\":\"https:\\\/\\\/costablanca-magazin.com\\\/es\\\/freizeit\\\/veranstaltungen-events\\\/moros-y-cristianos-ein-lebendiges-spektakel-in-benidorm-vom-3-bis-6-oktober-2024\\\/#webpage\",\"url\":\"https:\\\/\\\/costablanca-magazin.com\\\/es\\\/freizeit\\\/veranstaltungen-events\\\/moros-y-cristianos-ein-lebendiges-spektakel-in-benidorm-vom-3-bis-6-oktober-2024\\\/\",\"name\":\"Moros y Cristianos: Ein lebendiges Spektakel in\\u2026\",\"description\":\"Vom 3. bis 6. Oktober 2024 verwandeln sich die Stra\\u00dfen Benidorms in ein farbenfrohes und pulsierendes Festgel\\u00e4nde, wenn die Feierlichkeiten\",\"inLanguage\":\"es-ES\",\"isPartOf\":{\"@id\":\"https:\\\/\\\/costablanca-magazin.com\\\/es\\\/#website\"},\"breadcrumb\":{\"@id\":\"https:\\\/\\\/costablanca-magazin.com\\\/es\\\/freizeit\\\/veranstaltungen-events\\\/moros-y-cristianos-ein-lebendiges-spektakel-in-benidorm-vom-3-bis-6-oktober-2024\\\/#breadcrumblist\"},\"author\":{\"@id\":\"https:\\\/\\\/costablanca-magazin.com\\\/es\\\/author\\\/costablanca-magazin-redaktion\\\/#author\"},\"creator\":{\"@id\":\"https:\\\/\\\/costablanca-magazin.com\\\/es\\\/author\\\/costablanca-magazin-redaktion\\\/#author\"},\"image\":{\"@type\":\"ImageObject\",\"url\":\"https:\\\/\\\/costablanca-magazin.com\\\/wp-content\\\/uploads\\\/2024\\\/10\\\/moros-y-cristianos-benidorm.png\",\"@id\":\"https:\\\/\\\/costablanca-magazin.com\\\/es\\\/freizeit\\\/veranstaltungen-events\\\/moros-y-cristianos-ein-lebendiges-spektakel-in-benidorm-vom-3-bis-6-oktober-2024\\\/#mainImage\",\"width\":514,\"height\":739,\"caption\":\"Moros y Cristianos: Ein lebendiges Spektakel in Benidorm vom 3. bis 6. Oktober 2024\"},\"primaryImageOfPage\":{\"@id\":\"https:\\\/\\\/costablanca-magazin.com\\\/es\\\/freizeit\\\/veranstaltungen-events\\\/moros-y-cristianos-ein-lebendiges-spektakel-in-benidorm-vom-3-bis-6-oktober-2024\\\/#mainImage\"},\"datePublished\":\"2024-10-02T09:04:02+02:00\",\"dateModified\":\"2026-07-07T10:47:50+02:00\",\"mainEntity\":{\"@id\":\"https:\\\/\\\/costablanca-magazin.com\\\/es\\\/freizeit\\\/veranstaltungen-events\\\/moros-y-cristianos-ein-lebendiges-spektakel-in-benidorm-vom-3-bis-6-oktober-2024\\\/#article\"}},{\"@type\":\"WebSite\",\"@id\":\"https:\\\/\\\/costablanca-magazin.com\\\/es\\\/#website\",\"url\":\"https:\\\/\\\/costablanca-magazin.com\\\/es\\\/\",\"name\":\"Costa Blanca Magazin\",\"description\":\"Costa Blanca - alles um das Leben und die Freizeit an der K\\u00fcste\",\"inLanguage\":\"es-ES\",\"publisher\":{\"@id\":\"https:\\\/\\\/costablanca-magazin.com\\\/es\\\/#organization\"},\"potentialAction\":{\"@type\":\"SearchAction\",\"target\":\"https:\\\/\\\/costablanca-magazin.com\\\/es\\\/?s={search_term_string}\",\"query-input\":\"required name=search_term_string\"}},{\"@type\":[\"Organization\",\"NewsMediaOrganization\"],\"@id\":\"https:\\\/\\\/costablanca-magazin.com\\\/es\\\/#organization\",\"name\":\"Costa Blanca Magazin\",\"description\":\"Costa Blanca Magazin\",\"url\":\"https:\\\/\\\/costablanca-magazin.com\\\/es\\\/\",\"email\":\"info@costablanca-magazin.com\",\"telephone\":\"+34 663 946 871\",\"logo\":{\"@type\":\"ImageObject\",\"url\":\"https:\\\/\\\/costablanca-magazin.com\\\/wp-content\\\/uploads\\\/2024\\\/05\\\/logo.jpg\",\"@id\":\"https:\\\/\\\/costablanca-magazin.com\\\/es\\\/freizeit\\\/veranstaltungen-events\\\/moros-y-cristianos-ein-lebendiges-spektakel-in-benidorm-vom-3-bis-6-oktober-2024\\\/#organizationLogo\",\"width\":1605,\"height\":236,\"caption\":\"Costa Blanca Magazin\"},\"image\":{\"@id\":\"https:\\\/\\\/costablanca-magazin.com\\\/es\\\/freizeit\\\/veranstaltungen-events\\\/moros-y-cristianos-ein-lebendiges-spektakel-in-benidorm-vom-3-bis-6-oktober-2024\\\/#organizationLogo\"},\"sameAs\":[\"https:\\\/\\\/www.facebook.com\\\/costablancalifestyle\\\/\",\"https:\\\/\\\/www.instagram.com\\\/costablancamagazin\\\/\"]}]}\n\t\t<\/script>\n\t\t<!-- All in One SEO Pro -->\r\n\t\t<title>Moros y Cristianos: Ein lebendiges Spektakel in\u2026<\/title>\n\n","aioseo_head_json":{"title":"Moros y Cristianos: Un animado espect\u00e1culo en...","description":"Del 3 al 6 de octubre de 2024, las calles de Benidorm se transformar\u00e1n en un colorido y vibrante recinto festivo con la celebraci\u00f3n de las fiestas.","canonical_url":"https:\/\/costablanca-magazin.com\/es\/freizeit\/veranstaltungen-events\/moros-y-cristianos-ein-lebendiges-spektakel-in-benidorm-vom-3-bis-6-oktober-2024\/","robots":"max-snippet:-1, max-image-preview:large, max-video-preview:-1","keywords":"","webmasterTools":{"miscellaneous":""},"schema":{"@context":"https:\/\/schema.org","@graph":[{"@type":"BreadcrumbList","@id":"https:\/\/costablanca-magazin.com\/es\/freizeit\/veranstaltungen-events\/moros-y-cristianos-ein-lebendiges-spektakel-in-benidorm-vom-3-bis-6-oktober-2024\/#breadcrumblist","itemListElement":[{"@type":"ListItem","@id":"https:\/\/costablanca-magazin.com\/es#listItem","position":1,"name":"Home","item":"https:\/\/costablanca-magazin.com\/es","nextItem":{"@type":"ListItem","@id":"https:\/\/costablanca-magazin.com\/es\/tiempo-libre\/#listItem","name":"Freizeit"}},{"@type":"ListItem","@id":"https:\/\/costablanca-magazin.com\/es\/tiempo-libre\/#listItem","position":2,"name":"Freizeit","item":"https:\/\/costablanca-magazin.com\/es\/tiempo-libre\/","nextItem":{"@type":"ListItem","@id":"https:\/\/costablanca-magazin.com\/es\/eventos-eventos\/#listItem","name":"Veranstaltungen &amp; Events"},"previousItem":{"@type":"ListItem","@id":"https:\/\/costablanca-magazin.com\/es#listItem","name":"Home"}},{"@type":"ListItem","@id":"https:\/\/costablanca-magazin.com\/es\/eventos-eventos\/#listItem","position":3,"name":"Veranstaltungen &amp; Events","item":"https:\/\/costablanca-magazin.com\/es\/eventos-eventos\/","nextItem":{"@type":"ListItem","@id":"https:\/\/costablanca-magazin.com\/es\/freizeit\/veranstaltungen-events\/moros-y-cristianos-ein-lebendiges-spektakel-in-benidorm-vom-3-bis-6-oktober-2024\/#listItem","name":"Moros y Cristianos: Ein lebendiges Spektakel in Benidorm vom 3. bis 6. Oktober 2024"},"previousItem":{"@type":"ListItem","@id":"https:\/\/costablanca-magazin.com\/es\/tiempo-libre\/#listItem","name":"Freizeit"}},{"@type":"ListItem","@id":"https:\/\/costablanca-magazin.com\/es\/freizeit\/veranstaltungen-events\/moros-y-cristianos-ein-lebendiges-spektakel-in-benidorm-vom-3-bis-6-oktober-2024\/#listItem","position":4,"name":"Moros y Cristianos: Ein lebendiges Spektakel in Benidorm vom 3. bis 6. Oktober 2024","previousItem":{"@type":"ListItem","@id":"https:\/\/costablanca-magazin.com\/es\/eventos-eventos\/#listItem","name":"Veranstaltungen &amp; Events"}}]},{"@type":"NewsArticle","@id":"https:\/\/costablanca-magazin.com\/es\/freizeit\/veranstaltungen-events\/moros-y-cristianos-ein-lebendiges-spektakel-in-benidorm-vom-3-bis-6-oktober-2024\/#article","name":"Moros y Cristianos: Ein lebendiges Spektakel in Benidorm vom 3. bis 6. Oktober 2024","headline":"Moros y Cristianos: Ein lebendiges Spektakel in Benidorm vom 3. bis 6. Oktober 2024","author":{"@id":"https:\/\/costablanca-magazin.com\/es\/author\/costablanca-magazin-redaktion\/#author"},"publisher":{"@id":"https:\/\/costablanca-magazin.com\/es\/#organization"},"image":{"@type":"ImageObject","url":"https:\/\/costablanca-magazin.com\/wp-content\/uploads\/2024\/10\/moros-y-cristianos-benidorm.png","width":514,"height":739,"caption":"Moros y Cristianos: Ein lebendiges Spektakel in Benidorm vom 3. bis 6. Oktober 2024"},"datePublished":"2024-10-02T09:04:02+02:00","dateModified":"2026-07-07T10:47:50+02:00","inLanguage":"es-ES","mainEntityOfPage":{"@id":"https:\/\/costablanca-magazin.com\/es\/freizeit\/veranstaltungen-events\/moros-y-cristianos-ein-lebendiges-spektakel-in-benidorm-vom-3-bis-6-oktober-2024\/#webpage"},"isPartOf":{"@id":"https:\/\/costablanca-magazin.com\/es\/freizeit\/veranstaltungen-events\/moros-y-cristianos-ein-lebendiges-spektakel-in-benidorm-vom-3-bis-6-oktober-2024\/#webpage"},"articleSection":"Veranstaltungen &amp; Events, Fiestas Costa Blanca, Moros y Cristianos"},{"@type":"Person","@id":"https:\/\/costablanca-magazin.com\/es\/author\/costablanca-magazin-redaktion\/#author","url":"https:\/\/costablanca-magazin.com\/es\/author\/costablanca-magazin-redaktion\/","name":"Costablanca Magazin Redaktion"},{"@type":"WebPage","@id":"https:\/\/costablanca-magazin.com\/es\/freizeit\/veranstaltungen-events\/moros-y-cristianos-ein-lebendiges-spektakel-in-benidorm-vom-3-bis-6-oktober-2024\/#webpage","url":"https:\/\/costablanca-magazin.com\/es\/freizeit\/veranstaltungen-events\/moros-y-cristianos-ein-lebendiges-spektakel-in-benidorm-vom-3-bis-6-oktober-2024\/","name":"Moros y Cristianos: Ein lebendiges Spektakel in\u2026","description":"Vom 3. bis 6. Oktober 2024 verwandeln sich die Stra\u00dfen Benidorms in ein farbenfrohes und pulsierendes Festgel\u00e4nde, wenn die Feierlichkeiten","inLanguage":"es-ES","isPartOf":{"@id":"https:\/\/costablanca-magazin.com\/es\/#website"},"breadcrumb":{"@id":"https:\/\/costablanca-magazin.com\/es\/freizeit\/veranstaltungen-events\/moros-y-cristianos-ein-lebendiges-spektakel-in-benidorm-vom-3-bis-6-oktober-2024\/#breadcrumblist"},"author":{"@id":"https:\/\/costablanca-magazin.com\/es\/author\/costablanca-magazin-redaktion\/#author"},"creator":{"@id":"https:\/\/costablanca-magazin.com\/es\/author\/costablanca-magazin-redaktion\/#author"},"image":{"@type":"ImageObject","url":"https:\/\/costablanca-magazin.com\/wp-content\/uploads\/2024\/10\/moros-y-cristianos-benidorm.png","@id":"https:\/\/costablanca-magazin.com\/es\/freizeit\/veranstaltungen-events\/moros-y-cristianos-ein-lebendiges-spektakel-in-benidorm-vom-3-bis-6-oktober-2024\/#mainImage","width":514,"height":739,"caption":"Moros y Cristianos: Ein lebendiges Spektakel in Benidorm vom 3. bis 6. Oktober 2024"},"primaryImageOfPage":{"@id":"https:\/\/costablanca-magazin.com\/es\/freizeit\/veranstaltungen-events\/moros-y-cristianos-ein-lebendiges-spektakel-in-benidorm-vom-3-bis-6-oktober-2024\/#mainImage"},"datePublished":"2024-10-02T09:04:02+02:00","dateModified":"2026-07-07T10:47:50+02:00","mainEntity":{"@id":"https:\/\/costablanca-magazin.com\/es\/freizeit\/veranstaltungen-events\/moros-y-cristianos-ein-lebendiges-spektakel-in-benidorm-vom-3-bis-6-oktober-2024\/#article"}},{"@type":"WebSite","@id":"https:\/\/costablanca-magazin.com\/es\/#website","url":"https:\/\/costablanca-magazin.com\/es\/","name":"Costa Blanca Magazin","description":"Costa Blanca - alles um das Leben und die Freizeit an der K\u00fcste","inLanguage":"es-ES","publisher":{"@id":"https:\/\/costablanca-magazin.com\/es\/#organization"},"potentialAction":{"@type":"SearchAction","target":"https:\/\/costablanca-magazin.com\/es\/?s={search_term_string}","query-input":"required name=search_term_string"}},{"@type":["Organization","NewsMediaOrganization"],"@id":"https:\/\/costablanca-magazin.com\/es\/#organization","name":"Costa Blanca Magazin","description":"Costa Blanca Magazin","url":"https:\/\/costablanca-magazin.com\/es\/","email":"info@costablanca-magazin.com","telephone":"+34 663 946 871","logo":{"@type":"ImageObject","url":"https:\/\/costablanca-magazin.com\/wp-content\/uploads\/2024\/05\/logo.jpg","@id":"https:\/\/costablanca-magazin.com\/es\/freizeit\/veranstaltungen-events\/moros-y-cristianos-ein-lebendiges-spektakel-in-benidorm-vom-3-bis-6-oktober-2024\/#organizationLogo","width":1605,"height":236,"caption":"Costa Blanca Magazin"},"image":{"@id":"https:\/\/costablanca-magazin.com\/es\/freizeit\/veranstaltungen-events\/moros-y-cristianos-ein-lebendiges-spektakel-in-benidorm-vom-3-bis-6-oktober-2024\/#organizationLogo"},"sameAs":["https:\/\/www.facebook.com\/costablancalifestyle\/","https:\/\/www.instagram.com\/costablancamagazin\/"]}]},"og:locale":"es_ES","og:site_name":"Costa Blanca Magazin","og:type":"article","og:title":"Moros y Cristianos: Ein lebendiges Spektakel in\u2026","og:description":"Vom 3. bis 6. Oktober 2024 verwandeln sich die Stra\u00dfen Benidorms in ein farbenfrohes und pulsierendes Festgel\u00e4nde, wenn die Feierlichkeiten","og:url":"https:\/\/costablanca-magazin.com\/es\/freizeit\/veranstaltungen-events\/moros-y-cristianos-ein-lebendiges-spektakel-in-benidorm-vom-3-bis-6-oktober-2024\/","og:image":"https:\/\/costablanca-magazin.com\/wp-content\/uploads\/2024\/10\/moros-y-cristianos-benidorm.png","og:image:secure_url":"https:\/\/costablanca-magazin.com\/wp-content\/uploads\/2024\/10\/moros-y-cristianos-benidorm.png","og:image:width":514,"og:image:height":739,"article:published_time":"2024-10-02T07:04:02+00:00","article:modified_time":"2026-07-07T08:47:50+00:00","article:publisher":"https:\/\/www.facebook.com\/costablancalifestyle\/","twitter:card":"summary_large_image","twitter:title":"Moros y Cristianos: Ein lebendiges Spektakel in\u2026","twitter:description":"Vom 3. bis 6. Oktober 2024 verwandeln sich die Stra\u00dfen Benidorms in ein farbenfrohes und pulsierendes Festgel\u00e4nde, wenn die Feierlichkeiten","twitter:image":"https:\/\/costablanca-magazin.com\/wp-content\/uploads\/2024\/10\/moros-y-cristianos-benidorm.png"},"aioseo_meta_data":{"post_id":"2512","title":"Moros y Cristianos: Un animado espect\u00e1culo en...","description":"Del 3 al 6 de octubre de 2024, las calles de Benidorm se transformar\u00e1n en un colorido y vibrante recinto festivo con la celebraci\u00f3n de las fiestas.","keywords":null,"keyphrases":{"focus":[],"additional":[]},"primary_term":null,"canonical_url":null,"og_title":null,"og_description":null,"og_object_type":"default","og_image_type":"default","og_image_url":null,"og_image_width":null,"og_image_height":null,"og_image_custom_url":null,"og_image_custom_fields":null,"og_video":"","og_custom_url":null,"og_article_section":null,"og_article_tags":null,"twitter_use_og":false,"twitter_card":"default","twitter_image_type":"default","twitter_image_url":null,"twitter_image_custom_url":null,"twitter_image_custom_fields":null,"twitter_title":null,"twitter_description":null,"schema":{"blockGraphs":[],"customGraphs":[],"default":{"data":{"Article":[],"Course":[],"Dataset":[],"FAQPage":[],"Movie":[],"Person":[],"Product":[],"ProductReview":[],"Car":[],"Recipe":[],"Service":[],"SoftwareApplication":[],"WebPage":[]},"graphName":"BlogPosting","isEnabled":true},"graphs":[]},"schema_type":"default","schema_type_options":null,"pillar_content":false,"robots_default":true,"robots_noindex":false,"robots_noarchive":false,"robots_nosnippet":false,"robots_nofollow":false,"robots_noimageindex":false,"robots_noodp":false,"robots_notranslate":false,"robots_max_snippet":"-1","robots_max_videopreview":"-1","robots_max_imagepreview":"large","priority":null,"frequency":"default","local_seo":null,"seo_analyzer_scan_date":"2026-07-07 09:20:07","breadcrumb_settings":null,"limit_modified_date":false,"reviewed_by":null,"open_ai":null,"ai":null,"created":"2024-10-02 07:04:03","updated":"2026-08-10 07:30:29","focus_keyword":null,"additional_keywords":null,"truseo_locale":null},"aioseo_breadcrumb":"<div class=\"aioseo-breadcrumbs\"><span class=\"aioseo-breadcrumb\">\n\t<a href=\"https:\/\/costablanca-magazin.com\/es\" title=\"Home\">Home<\/a>\n<\/span><span class=\"aioseo-breadcrumb-separator\">&raquo;<\/span><span class=\"aioseo-breadcrumb\">\n\t<a href=\"https:\/\/costablanca-magazin.com\/es\/tiempo-libre\/\" title=\"Freizeit\">Freizeit<\/a>\n<\/span><span class=\"aioseo-breadcrumb-separator\">&raquo;<\/span><span class=\"aioseo-breadcrumb\">\n\t<a href=\"https:\/\/costablanca-magazin.com\/es\/eventos-eventos\/\" title=\"Veranstaltungen &amp; Events\">Veranstaltungen &amp; Events<\/a>\n<\/span><span class=\"aioseo-breadcrumb-separator\">&raquo;<\/span><span class=\"aioseo-breadcrumb\">\n\tMoros y Cristianos: Ein lebendiges Spektakel in Benidorm vom 3. bis 6. Oktober 2024\n<\/span><\/div>","aioseo_breadcrumb_json":[{"label":"Home","link":"https:\/\/costablanca-magazin.com\/es"},{"label":"Freizeit","link":"https:\/\/costablanca-magazin.com\/es\/tiempo-libre\/"},{"label":"Veranstaltungen &amp; Events","link":"https:\/\/costablanca-magazin.com\/es\/eventos-eventos\/"},{"label":"Moros y Cristianos: Ein lebendiges Spektakel in Benidorm vom 3. bis 6. Oktober 2024","link":"https:\/\/costablanca-magazin.com\/es\/freizeit\/veranstaltungen-events\/moros-y-cristianos-ein-lebendiges-spektakel-in-benidorm-vom-3-bis-6-oktober-2024\/"}],"_links":{"self":[{"href":"https:\/\/costablanca-magazin.com\/es\/wp-json\/wp\/v2\/posts\/2512","targetHints":{"allow":["GET"]}}],"collection":[{"href":"https:\/\/costablanca-magazin.com\/es\/wp-json\/wp\/v2\/posts"}],"about":[{"href":"https:\/\/costablanca-magazin.com\/es\/wp-json\/wp\/v2\/types\/post"}],"author":[{"embeddable":true,"href":"https:\/\/costablanca-magazin.com\/es\/wp-json\/wp\/v2\/users\/4"}],"replies":[{"embeddable":true,"href":"https:\/\/costablanca-magazin.com\/es\/wp-json\/wp\/v2\/comments?post=2512"}],"version-history":[{"count":4,"href":"https:\/\/costablanca-magazin.com\/es\/wp-json\/wp\/v2\/posts\/2512\/revisions"}],"predecessor-version":[{"id":2517,"href":"https:\/\/costablanca-magazin.com\/es\/wp-json\/wp\/v2\/posts\/2512\/revisions\/2517"}],"wp:featuredmedia":[{"embeddable":true,"href":"https:\/\/costablanca-magazin.com\/es\/wp-json\/wp\/v2\/media\/2513"}],"wp:attachment":[{"href":"https:\/\/costablanca-magazin.com\/es\/wp-json\/wp\/v2\/media?parent=2512"}],"wp:term":[{"taxonomy":"category","embeddable":true,"href":"https:\/\/costablanca-magazin.com\/es\/wp-json\/wp\/v2\/categories?post=2512"},{"taxonomy":"post_tag","embeddable":true,"href":"https:\/\/costablanca-magazin.com\/es\/wp-json\/wp\/v2\/tags?post=2512"}],"curies":[{"name":"wp","href":"https:\/\/api.w.org\/{rel}","templated":true}]}}