{"id":2311,"date":"2024-09-20T09:00:00","date_gmt":"2024-09-20T07:00:00","guid":{"rendered":"https:\/\/costablanca-magazin.com\/?p=2311"},"modified":"2026-03-18T08:17:46","modified_gmt":"2026-03-18T07:17:46","slug":"un-viaje-enologico-por-la-marina-alta-y-la-marina-baja","status":"publish","type":"post","link":"https:\/\/costablanca-magazin.com\/es\/freizeit\/aktivitaeten-und-ausfluege\/eine-weinselige-reise-durch-die-marina-alta-und-marina-baja\/","title":{"rendered":"Un viaje enol\u00f3gico por la Marina Alta y la Marina Baja"},"content":{"rendered":"<div data-elementor-type=\"wp-post\" data-elementor-id=\"2311\" class=\"elementor elementor-2311\" data-elementor-post-type=\"post\">\n\t\t\t\t<div class=\"elementor-element elementor-element-84eed74 e-flex e-con-boxed e-con e-parent\" data-id=\"84eed74\" data-element_type=\"container\" data-e-type=\"container\">\n\t\t\t\t\t<div class=\"e-con-inner\">\n\t\t\t\t<div class=\"elementor-element elementor-element-897a4a5 elementor-widget elementor-widget-heading\" data-id=\"897a4a5\" data-element_type=\"widget\" data-e-type=\"widget\" data-widget_type=\"heading.default\">\n\t\t\t\t<div class=\"elementor-widget-container\">\n\t\t\t\t\t<h1 class=\"elementor-heading-title elementor-size-default\">Un viaje por el vino\npor la Marina Alta\ny Marina Baja <\/h1>\t\t\t\t<\/div>\n\t\t\t\t<\/div>\n\t\t\t\t\t<\/div>\n\t\t\t\t<\/div>\n\t\t<div class=\"elementor-element elementor-element-c37d2b9 e-flex e-con-boxed e-con e-parent\" data-id=\"c37d2b9\" data-element_type=\"container\" data-e-type=\"container\">\n\t\t\t\t\t<div class=\"e-con-inner\">\n\t\t\t\t<div class=\"elementor-element elementor-element-36fcbf2 elementor-widget elementor-widget-image\" data-id=\"36fcbf2\" data-element_type=\"widget\" data-e-type=\"widget\" data-widget_type=\"image.default\">\n\t\t\t\t<div class=\"elementor-widget-container\">\n\t\t\t\t\t\t\t\t\t\t\t\t\t\t\t<img decoding=\"async\" src=\"https:\/\/costablanca-magazin.com\/wp-content\/uploads\/elementor\/thumbs\/Weinanbau-7-scaled-rjc7qy0tyl7ax7owc6idwp98lqsnzcv14oqpb233lo.jpg\" title=\"Un viaje enol\u00f3gico a trav\u00e9s de la tradici\u00f3n y la modernidad.\" alt=\"Un viaje vin\u00edcola a trav\u00e9s de la tradici\u00f3n y la modernidad.\" loading=\"lazy\" \/>\t\t\t\t\t\t\t\t\t\t\t\t\t\t\t<\/div>\n\t\t\t\t<\/div>\n\t\t\t\t<div class=\"elementor-element elementor-element-d618e84 elementor-widget-divider--view-line_icon elementor-view-default elementor-widget-divider--element-align-center elementor-widget elementor-widget-divider\" data-id=\"d618e84\" data-element_type=\"widget\" data-e-type=\"widget\" data-widget_type=\"divider.default\">\n\t\t\t\t<div class=\"elementor-widget-container\">\n\t\t\t\t\t\t\t<div class=\"elementor-divider\">\n\t\t\t<span class=\"elementor-divider-separator\">\n\t\t\t\t\t\t\t<div class=\"elementor-icon elementor-divider__element\">\n\t\t\t\t\t<svg aria-hidden=\"true\" class=\"e-font-icon-svg e-fas-wine-bottle\" viewbox=\"0 0 512 512\" xmlns=\"http:\/\/www.w3.org\/2000\/svg\"><path d=\"M507.31 72.57L439.43 4.69c-6.25-6.25-16.38-6.25-22.63 0l-22.63 22.63c-6.25 6.25-6.25 16.38 0 22.63l-76.67 76.67c-46.58-19.7-102.4-10.73-140.37 27.23L18.75 312.23c-24.99 24.99-24.99 65.52 0 90.51l90.51 90.51c24.99 24.99 65.52 24.99 90.51 0l158.39-158.39c37.96-37.96 46.93-93.79 27.23-140.37l76.67-76.67c6.25 6.25 16.38 6.25 22.63 0l22.63-22.63c6.24-6.24 6.24-16.37-.01-22.62zM179.22 423.29l-90.51-90.51 122.04-122.04 90.51 90.51-122.04 122.04z\"><\/path><\/svg><\/div>\n\t\t\t\t\t\t<\/span>\n\t\t<\/div>\n\t\t\t\t\t\t<\/div>\n\t\t\t\t<\/div>\n\t\t\t\t\t<\/div>\n\t\t\t\t<\/div>\n\t\t<div class=\"elementor-element elementor-element-b4099ca e-grid e-con-boxed e-con e-parent\" data-id=\"b4099ca\" data-element_type=\"container\" data-e-type=\"container\">\n\t\t\t\t\t<div class=\"e-con-inner\">\n\t\t\t\t<div class=\"elementor-element elementor-element-4edf701 elementor-widget elementor-widget-text-editor\" data-id=\"4edf701\" data-element_type=\"widget\" data-e-type=\"widget\" data-widget_type=\"text-editor.default\">\n\t\t\t\t<div class=\"elementor-widget-container\">\n\t\t\t\t\t\t\t\t\t<p>Aunque la Costa Blanca es conocida por sus pintorescas playas y su agradable clima mediterr\u00e1neo, tambi\u00e9n se ha convertido en un centro de viticultura de arraigada tradici\u00f3n. En las comarcas de la Marina Alta y la Marina Baja, la viticultura no es s\u00f3lo un importante factor econ\u00f3mico, sino tambi\u00e9n parte integrante de la identidad cultural.<\/p>\t\t\t\t\t\t\t\t<\/div>\n\t\t\t\t<\/div>\n\t\t\t\t<div class=\"elementor-element elementor-element-36a5d3c elementor-widget elementor-widget-text-editor\" data-id=\"36a5d3c\" data-element_type=\"widget\" data-e-type=\"widget\" data-widget_type=\"text-editor.default\">\n\t\t\t\t<div class=\"elementor-widget-container\">\n\t\t\t\t\t\t\t\t\t<p>Desde las primeras cepas plantadas por fenicios y romanos hasta los modernos vinos de esta comarca, premiados internacionalmente, la historia de la viticultura en la Marina Alta y la Marina Baja es una historia de tradici\u00f3n y cambio, de retos e innovaci\u00f3n. <br \/>Le llevaremos en un viaje enol\u00f3gico por nuestra regi\u00f3n.<\/p>\t\t\t\t\t\t\t\t<\/div>\n\t\t\t\t<\/div>\n\t\t\t\t\t<\/div>\n\t\t\t\t<\/div>\n\t\t<div class=\"elementor-element elementor-element-b3f575f e-flex e-con-boxed e-con e-parent\" data-id=\"b3f575f\" data-element_type=\"container\" data-e-type=\"container\">\n\t\t\t\t\t<div class=\"e-con-inner\">\n\t\t\t\t<div class=\"elementor-element elementor-element-1ae8b89 elementor-widget elementor-widget-heading\" data-id=\"1ae8b89\" data-element_type=\"widget\" data-e-type=\"widget\" data-widget_type=\"heading.default\">\n\t\t\t\t<div class=\"elementor-widget-container\">\n\t\t\t\t\t<h2 class=\"elementor-heading-title elementor-size-default\">Leer tambi\u00e9n <\/h2>\t\t\t\t<\/div>\n\t\t\t\t<\/div>\n\t\t\t\t<div class=\"elementor-element elementor-element-acef37d elementor-grid-3 elementor-grid-tablet-2 elementor-grid-mobile-1 elementor-posts--thumbnail-top elementor-posts--show-avatar elementor-card-shadow-yes elementor-posts__hover-gradient elementor-widget elementor-widget-posts\" data-id=\"acef37d\" data-element_type=\"widget\" data-e-type=\"widget\" data-settings=\"{&quot;cards_columns&quot;:&quot;3&quot;,&quot;cards_columns_tablet&quot;:&quot;2&quot;,&quot;cards_columns_mobile&quot;:&quot;1&quot;,&quot;cards_row_gap&quot;:{&quot;unit&quot;:&quot;px&quot;,&quot;size&quot;:35,&quot;sizes&quot;:[]},&quot;cards_row_gap_tablet&quot;:{&quot;unit&quot;:&quot;px&quot;,&quot;size&quot;:&quot;&quot;,&quot;sizes&quot;:[]},&quot;cards_row_gap_mobile&quot;:{&quot;unit&quot;:&quot;px&quot;,&quot;size&quot;:&quot;&quot;,&quot;sizes&quot;:[]}}\" data-widget_type=\"posts.cards\">\n\t\t\t\t<div class=\"elementor-widget-container\">\n\t\t\t\t\t\t\t<div class=\"elementor-posts-container elementor-posts elementor-posts--skin-cards elementor-grid\" role=\"list\">\n\t\t\t\t<article class=\"elementor-post elementor-grid-item post-2349 post type-post status-publish format-standard has-post-thumbnail hentry category-aktivitaeten-und-ausfluege tag-ausfluege-costa-blanca tag-costa-blanca tag-marina-alta tag-marina-baja tag-wein-an-der-costa-blanca tag-wein-an-der-marina-alta tag-wein-an-der-marina-baja tag-weinbau\" role=\"listitem\">\n\t\t\t<div class=\"elementor-post__card\">\n\t\t\t\t<a class=\"elementor-post__thumbnail__link\" href=\"https:\/\/costablanca-magazin.com\/es\/freizeit\/aktivitaeten-und-ausfluege\/entdecken-sie-die-weinvielfalt-die-ruta-del-vino-alicante\/\" tabindex=\"-1\" ><div class=\"elementor-post__thumbnail\"><img fetchpriority=\"high\" decoding=\"async\" width=\"300\" height=\"200\" src=\"https:\/\/costablanca-magazin.com\/wp-content\/uploads\/2024\/09\/landscape-view-of-beautiful-vintage-vineyard-durin-2023-11-27-04-49-36-utc-300x200.jpg\" class=\"attachment-medium size-medium wp-image-2350\" alt=\"Ruta del Vino en Alicante\" srcset=\"https:\/\/costablanca-magazin.com\/wp-content\/uploads\/2024\/09\/landscape-view-of-beautiful-vintage-vineyard-durin-2023-11-27-04-49-36-utc-300x200.jpg 300w, https:\/\/costablanca-magazin.com\/wp-content\/uploads\/2024\/09\/landscape-view-of-beautiful-vintage-vineyard-durin-2023-11-27-04-49-36-utc-1024x683.jpg 1024w, https:\/\/costablanca-magazin.com\/wp-content\/uploads\/2024\/09\/landscape-view-of-beautiful-vintage-vineyard-durin-2023-11-27-04-49-36-utc-768x512.jpg 768w, https:\/\/costablanca-magazin.com\/wp-content\/uploads\/2024\/09\/landscape-view-of-beautiful-vintage-vineyard-durin-2023-11-27-04-49-36-utc-1536x1024.jpg 1536w, https:\/\/costablanca-magazin.com\/wp-content\/uploads\/2024\/09\/landscape-view-of-beautiful-vintage-vineyard-durin-2023-11-27-04-49-36-utc-2048x1365.jpg 2048w\" sizes=\"(max-width: 300px) 100vw, 300px\" \/><\/div><\/a>\n\t\t\t\t<div class=\"elementor-post__badge\">Actividades y excursiones<\/div>\n\t\t\t\t<div class=\"elementor-post__avatar\">\n\t\t\t\t\t<\/div>\n\t\t\t\t<div class=\"elementor-post__text\">\n\t\t\t\t<h3 class=\"elementor-post__title\">\n\t\t\t<a href=\"https:\/\/costablanca-magazin.com\/es\/freizeit\/aktivitaeten-und-ausfluege\/entdecken-sie-die-weinvielfalt-die-ruta-del-vino-alicante\/\" >\n\t\t\t\tDescubre la diversidad del vino - La ruta del vino Alicante\t\t\t<\/a>\n\t\t<\/h3>\n\t\t\t\t<div class=\"elementor-post__excerpt\">\n\t\t\t<p>Descubre la diversidad del vino - la ruta del vino por Alicante La Ruta del Vino de Alicante lleva a los amantes del vino por<\/p>\n\t\t<\/div>\n\t\t\n\t\t<a class=\"elementor-post__read-more\" href=\"https:\/\/costablanca-magazin.com\/es\/freizeit\/aktivitaeten-und-ausfluege\/entdecken-sie-die-weinvielfalt-die-ruta-del-vino-alicante\/\" aria-label=\"M\u00e1s informaci\u00f3n sobre Entdecken Sie die Weinvielfalt &#8211; Die ruta del vino  Alicante\" tabindex=\"-1\" >\n\t\t\tLeer m\u00e1s \u00bb\t\t<\/a>\n\n\t\t\t\t<\/div>\n\t\t\t\t<div class=\"elementor-post__meta-data\">\n\t\t\t\t\t<span class=\"elementor-post-date\">\n\t\t\t25\/09\/2024\t\t<\/span>\n\t\t\t\t<\/div>\n\t\t\t\t\t<\/div>\n\t\t<\/article>\n\t\t\t\t<article class=\"elementor-post elementor-grid-item post-2342 post type-post status-publish format-standard has-post-thumbnail hentry category-aktivitaeten-und-ausfluege tag-ausfluege-costa-blanca tag-costa-blanca tag-marina-alta tag-marina-baja tag-wein-an-der-costa-blanca tag-wein-an-der-marina-alta tag-wein-an-der-marina-baja tag-wein-events tag-wein-events-an-der-costa-blanca tag-weinbau tag-weinmuseen tag-weinmuseen-costa-blanca\" role=\"listitem\">\n\t\t\t<div class=\"elementor-post__card\">\n\t\t\t\t<a class=\"elementor-post__thumbnail__link\" href=\"https:\/\/costablanca-magazin.com\/es\/freizeit\/aktivitaeten-und-ausfluege\/weinmuseen-und-kulturelle-staetten-wein-auch-als-event\/\" tabindex=\"-1\" ><div class=\"elementor-post__thumbnail\"><img decoding=\"async\" width=\"300\" height=\"200\" src=\"https:\/\/costablanca-magazin.com\/wp-content\/uploads\/2024\/09\/rutherglen-wine-barrels-2023-11-27-05-02-20-utc-300x200.jpg\" class=\"attachment-medium size-medium wp-image-2343\" alt=\"Museos del vino y el vino como acontecimiento\" srcset=\"https:\/\/costablanca-magazin.com\/wp-content\/uploads\/2024\/09\/rutherglen-wine-barrels-2023-11-27-05-02-20-utc-300x200.jpg 300w, https:\/\/costablanca-magazin.com\/wp-content\/uploads\/2024\/09\/rutherglen-wine-barrels-2023-11-27-05-02-20-utc-1024x683.jpg 1024w, https:\/\/costablanca-magazin.com\/wp-content\/uploads\/2024\/09\/rutherglen-wine-barrels-2023-11-27-05-02-20-utc-768x512.jpg 768w, https:\/\/costablanca-magazin.com\/wp-content\/uploads\/2024\/09\/rutherglen-wine-barrels-2023-11-27-05-02-20-utc-1536x1024.jpg 1536w, https:\/\/costablanca-magazin.com\/wp-content\/uploads\/2024\/09\/rutherglen-wine-barrels-2023-11-27-05-02-20-utc-2048x1365.jpg 2048w\" sizes=\"(max-width: 300px) 100vw, 300px\" \/><\/div><\/a>\n\t\t\t\t<div class=\"elementor-post__badge\">Actividades y excursiones<\/div>\n\t\t\t\t<div class=\"elementor-post__avatar\">\n\t\t\t\t\t<\/div>\n\t\t\t\t<div class=\"elementor-post__text\">\n\t\t\t\t<h3 class=\"elementor-post__title\">\n\t\t\t<a href=\"https:\/\/costablanca-magazin.com\/es\/freizeit\/aktivitaeten-und-ausfluege\/weinmuseen-und-kulturelle-staetten-wein-auch-als-event\/\" >\n\t\t\t\tMuseos del vino y sitios culturales - el vino tambi\u00e9n como acontecimiento\t\t\t<\/a>\n\t\t<\/h3>\n\t\t\t\t<div class=\"elementor-post__excerpt\">\n\t\t\t<p>Museos y sitios culturales del vino - el vino como acontecimiento La regi\u00f3n de Alicante ofrece varios museos y sitios culturales que profundizan en el mundo del vino.<\/p>\n\t\t<\/div>\n\t\t\n\t\t<a class=\"elementor-post__read-more\" href=\"https:\/\/costablanca-magazin.com\/es\/freizeit\/aktivitaeten-und-ausfluege\/weinmuseen-und-kulturelle-staetten-wein-auch-als-event\/\" aria-label=\"M\u00e1s informaci\u00f3n sobre Weinmuseen und kulturelle St\u00e4tten &#8211; Wein auch als Event\" tabindex=\"-1\" >\n\t\t\tLeer m\u00e1s \u00bb\t\t<\/a>\n\n\t\t\t\t<\/div>\n\t\t\t\t<div class=\"elementor-post__meta-data\">\n\t\t\t\t\t<span class=\"elementor-post-date\">\n\t\t\t24\/09\/2024\t\t<\/span>\n\t\t\t\t<\/div>\n\t\t\t\t\t<\/div>\n\t\t<\/article>\n\t\t\t\t<article class=\"elementor-post elementor-grid-item post-2335 post type-post status-publish format-standard has-post-thumbnail hentry category-spezialitaeten-rezepte tag-costa-blanca tag-marina-alta tag-marina-baja tag-moscatel tag-moscatel-costa-blanca tag-wein-an-der-costa-blanca tag-wein-an-der-marina-alta tag-wein-an-der-marina-baja tag-weinbau\" role=\"listitem\">\n\t\t\t<div class=\"elementor-post__card\">\n\t\t\t\t<a class=\"elementor-post__thumbnail__link\" href=\"https:\/\/costablanca-magazin.com\/es\/kulinarisches\/spezialitaeten-rezepte\/moscatel-aus-der-marina-alta-und-marina-baja-ein-besonderer-wein\/\" tabindex=\"-1\" ><div class=\"elementor-post__thumbnail\"><img decoding=\"async\" width=\"225\" height=\"300\" src=\"https:\/\/costablanca-magazin.com\/wp-content\/uploads\/2024\/09\/Bodegas-Teulada-8-225x300.jpg\" class=\"attachment-medium size-medium wp-image-2338\" alt=\"Uva moscatel\" srcset=\"https:\/\/costablanca-magazin.com\/wp-content\/uploads\/2024\/09\/Bodegas-Teulada-8-225x300.jpg 225w, https:\/\/costablanca-magazin.com\/wp-content\/uploads\/2024\/09\/Bodegas-Teulada-8-768x1024.jpg 768w, https:\/\/costablanca-magazin.com\/wp-content\/uploads\/2024\/09\/Bodegas-Teulada-8-1152x1536.jpg 1152w, https:\/\/costablanca-magazin.com\/wp-content\/uploads\/2024\/09\/Bodegas-Teulada-8-1536x2048.jpg 1536w, https:\/\/costablanca-magazin.com\/wp-content\/uploads\/2024\/09\/Bodegas-Teulada-8-scaled.jpg 1920w\" sizes=\"(max-width: 225px) 100vw, 225px\" \/><\/div><\/a>\n\t\t\t\t<div class=\"elementor-post__badge\">Especialidades y recetas<\/div>\n\t\t\t\t<div class=\"elementor-post__avatar\">\n\t\t\t\t\t<\/div>\n\t\t\t\t<div class=\"elementor-post__text\">\n\t\t\t\t<h3 class=\"elementor-post__title\">\n\t\t\t<a href=\"https:\/\/costablanca-magazin.com\/es\/kulinarisches\/spezialitaeten-rezepte\/moscatel-aus-der-marina-alta-und-marina-baja-ein-besonderer-wein\/\" >\n\t\t\t\tMoscatel de la Marina Alta y Marina Baja - Un vino especial\t\t\t<\/a>\n\t\t<\/h3>\n\t\t\t\t<div class=\"elementor-post__excerpt\">\n\t\t\t<p>Moscatel de la Marina Alta y Marina Baja: un vino con car\u00e1cter especial Moscatel de la Marina Alta<\/p>\n\t\t<\/div>\n\t\t\n\t\t<a class=\"elementor-post__read-more\" href=\"https:\/\/costablanca-magazin.com\/es\/kulinarisches\/spezialitaeten-rezepte\/moscatel-aus-der-marina-alta-und-marina-baja-ein-besonderer-wein\/\" aria-label=\"M\u00e1s informaci\u00f3n sobre Moscatel aus der Marina Alta und Marina Baja &#8211; Ein besonderer Wein\" tabindex=\"-1\" >\n\t\t\tLeer m\u00e1s \u00bb\t\t<\/a>\n\n\t\t\t\t<\/div>\n\t\t\t\t<div class=\"elementor-post__meta-data\">\n\t\t\t\t\t<span class=\"elementor-post-date\">\n\t\t\t23\/09\/2024\t\t<\/span>\n\t\t\t\t<\/div>\n\t\t\t\t\t<\/div>\n\t\t<\/article>\n\t\t\t\t<article class=\"elementor-post elementor-grid-item post-2323 post type-post status-publish format-standard has-post-thumbnail hentry category-infos tag-costa-blanca tag-geschichte-des-weines-an-der-costa-blanca tag-marina-alta tag-marina-baja tag-wein-an-der-costa-blanca tag-wein-an-der-marina-alta tag-wein-an-der-marina-baja tag-weinbau\" role=\"listitem\">\n\t\t\t<div class=\"elementor-post__card\">\n\t\t\t\t<a class=\"elementor-post__thumbnail__link\" href=\"https:\/\/costablanca-magazin.com\/es\/lokales\/infos\/die-geschichte-des-weinbaus-an-der-costa-blanca\/\" tabindex=\"-1\" ><div class=\"elementor-post__thumbnail\"><img loading=\"lazy\" decoding=\"async\" width=\"300\" height=\"225\" src=\"https:\/\/costablanca-magazin.com\/wp-content\/uploads\/2024\/09\/Weinanbau-12-300x225.jpg\" class=\"attachment-medium size-medium wp-image-2324\" alt=\"La rica historia de la viticultura\" srcset=\"https:\/\/costablanca-magazin.com\/wp-content\/uploads\/2024\/09\/Weinanbau-12-300x225.jpg 300w, https:\/\/costablanca-magazin.com\/wp-content\/uploads\/2024\/09\/Weinanbau-12-1024x768.jpg 1024w, https:\/\/costablanca-magazin.com\/wp-content\/uploads\/2024\/09\/Weinanbau-12-768x576.jpg 768w, https:\/\/costablanca-magazin.com\/wp-content\/uploads\/2024\/09\/Weinanbau-12-1536x1152.jpg 1536w, https:\/\/costablanca-magazin.com\/wp-content\/uploads\/2024\/09\/Weinanbau-12-2048x1536.jpg 2048w\" sizes=\"(max-width: 300px) 100vw, 300px\" \/><\/div><\/a>\n\t\t\t\t<div class=\"elementor-post__badge\">Informaci\u00f3n<\/div>\n\t\t\t\t<div class=\"elementor-post__avatar\">\n\t\t\t\t\t<\/div>\n\t\t\t\t<div class=\"elementor-post__text\">\n\t\t\t\t<h3 class=\"elementor-post__title\">\n\t\t\t<a href=\"https:\/\/costablanca-magazin.com\/es\/lokales\/infos\/die-geschichte-des-weinbaus-an-der-costa-blanca\/\" >\n\t\t\t\tLa historia de la viticultura en la Costa Blanca\t\t\t<\/a>\n\t\t<\/h3>\n\t\t\t\t<div class=\"elementor-post__excerpt\">\n\t\t\t<p>La historia de la viticultura en la Costa Blanca Excelente clima para la viticultura temprana en la Marina Alta y la Marina<\/p>\n\t\t<\/div>\n\t\t\n\t\t<a class=\"elementor-post__read-more\" href=\"https:\/\/costablanca-magazin.com\/es\/lokales\/infos\/die-geschichte-des-weinbaus-an-der-costa-blanca\/\" aria-label=\"M\u00e1s informaci\u00f3n sobre Die Geschichte des Weinbaus an der Costa Blanca\" tabindex=\"-1\" >\n\t\t\tLeer m\u00e1s \u00bb\t\t<\/a>\n\n\t\t\t\t<\/div>\n\t\t\t\t<div class=\"elementor-post__meta-data\">\n\t\t\t\t\t<span class=\"elementor-post-date\">\n\t\t\t22\/09\/2024\t\t<\/span>\n\t\t\t\t<\/div>\n\t\t\t\t\t<\/div>\n\t\t<\/article>\n\t\t\t\t<article class=\"elementor-post elementor-grid-item post-2311 post type-post status-publish format-standard has-post-thumbnail hentry category-aktivitaeten-und-ausfluege tag-ausfluege-costa-blanca tag-costa-blanca tag-marina-alta tag-marina-baja tag-wein-an-der-costa-blanca tag-wein-an-der-marina-alta tag-wein-an-der-marina-baja tag-weinbau\" role=\"listitem\">\n\t\t\t<div class=\"elementor-post__card\">\n\t\t\t\t<a class=\"elementor-post__thumbnail__link\" href=\"https:\/\/costablanca-magazin.com\/es\/freizeit\/aktivitaeten-und-ausfluege\/eine-weinselige-reise-durch-die-marina-alta-und-marina-baja\/\" tabindex=\"-1\" ><div class=\"elementor-post__thumbnail\"><img loading=\"lazy\" decoding=\"async\" width=\"300\" height=\"225\" src=\"https:\/\/costablanca-magazin.com\/wp-content\/uploads\/2024\/09\/Weinanbau-7-300x225.jpg\" class=\"attachment-medium size-medium wp-image-2312\" alt=\"Un viaje vin\u00edcola a trav\u00e9s de la tradici\u00f3n y la modernidad.\" srcset=\"https:\/\/costablanca-magazin.com\/wp-content\/uploads\/2024\/09\/Weinanbau-7-300x225.jpg 300w, https:\/\/costablanca-magazin.com\/wp-content\/uploads\/2024\/09\/Weinanbau-7-1024x768.jpg 1024w, https:\/\/costablanca-magazin.com\/wp-content\/uploads\/2024\/09\/Weinanbau-7-768x576.jpg 768w, https:\/\/costablanca-magazin.com\/wp-content\/uploads\/2024\/09\/Weinanbau-7-1536x1152.jpg 1536w, https:\/\/costablanca-magazin.com\/wp-content\/uploads\/2024\/09\/Weinanbau-7-2048x1536.jpg 2048w\" sizes=\"(max-width: 300px) 100vw, 300px\" \/><\/div><\/a>\n\t\t\t\t<div class=\"elementor-post__badge\">Actividades y excursiones<\/div>\n\t\t\t\t<div class=\"elementor-post__avatar\">\n\t\t\t\t\t<\/div>\n\t\t\t\t<div class=\"elementor-post__text\">\n\t\t\t\t<h3 class=\"elementor-post__title\">\n\t\t\t<a href=\"https:\/\/costablanca-magazin.com\/es\/freizeit\/aktivitaeten-und-ausfluege\/eine-weinselige-reise-durch-die-marina-alta-und-marina-baja\/\" >\n\t\t\t\tUn viaje enol\u00f3gico por la Marina Alta y la Marina Baja\t\t\t<\/a>\n\t\t<\/h3>\n\t\t\t\t<div class=\"elementor-post__excerpt\">\n\t\t\t<p>Un viaje por la Marina Alta y la Marina Baja Aunque la Costa Blanca, conocida por sus pintorescas playas y<\/p>\n\t\t<\/div>\n\t\t\n\t\t<a class=\"elementor-post__read-more\" href=\"https:\/\/costablanca-magazin.com\/es\/freizeit\/aktivitaeten-und-ausfluege\/eine-weinselige-reise-durch-die-marina-alta-und-marina-baja\/\" aria-label=\"M\u00e1s informaci\u00f3n sobre Eine Weinselige-Reise durch die Marina Alta und Marina Baja\" tabindex=\"-1\" >\n\t\t\tLeer m\u00e1s \u00bb\t\t<\/a>\n\n\t\t\t\t<\/div>\n\t\t\t\t<div class=\"elementor-post__meta-data\">\n\t\t\t\t\t<span class=\"elementor-post-date\">\n\t\t\t20\/09\/2024\t\t<\/span>\n\t\t\t\t<\/div>\n\t\t\t\t\t<\/div>\n\t\t<\/article>\n\t\t\t\t<\/div>\n\t\t\n\t\t\t\t\t\t<\/div>\n\t\t\t\t<\/div>\n\t\t\t\t\t<\/div>\n\t\t\t\t<\/div>\n\t\t\t\t<\/div>","protected":false},"excerpt":{"rendered":"<p>Eine Weinselige-Reise durch die Marina Alta und Marina Baja Auch wenn die Costa Blanca, bekannt f\u00fcr ihre malerischen Str\u00e4nde und das an\u00adgenehme mediterrane Klima, so ist sie doch auch mittlerweile ein Zentrum des Weinbaus mit einer tief verwurzelten Tradition. In den Regionen Marina Alta und Marina Baja ist der Weinbau nicht nur ein wichtiger wirtschaftlicher [&hellip;]<\/p>\n","protected":false},"author":1,"featured_media":2312,"comment_status":"closed","ping_status":"closed","sticky":false,"template":"elementor_header_footer","format":"standard","meta":{"footnotes":""},"categories":[22],"tags":[420,61,149,221,220,223,222,219],"class_list":["post-2311","post","type-post","status-publish","format-standard","has-post-thumbnail","hentry","category-aktivitaeten-und-ausfluege","tag-ausfluege-costa-blanca","tag-costa-blanca","tag-marina-alta","tag-marina-baja","tag-wein-an-der-costa-blanca","tag-wein-an-der-marina-alta","tag-wein-an-der-marina-baja","tag-weinbau"],"aioseo_notices":[],"_links":{"self":[{"href":"https:\/\/costablanca-magazin.com\/es\/wp-json\/wp\/v2\/posts\/2311","targetHints":{"allow":["GET"]}}],"collection":[{"href":"https:\/\/costablanca-magazin.com\/es\/wp-json\/wp\/v2\/posts"}],"about":[{"href":"https:\/\/costablanca-magazin.com\/es\/wp-json\/wp\/v2\/types\/post"}],"author":[{"embeddable":true,"href":"https:\/\/costablanca-magazin.com\/es\/wp-json\/wp\/v2\/users\/1"}],"replies":[{"embeddable":true,"href":"https:\/\/costablanca-magazin.com\/es\/wp-json\/wp\/v2\/comments?post=2311"}],"version-history":[{"count":7,"href":"https:\/\/costablanca-magazin.com\/es\/wp-json\/wp\/v2\/posts\/2311\/revisions"}],"predecessor-version":[{"id":11243,"href":"https:\/\/costablanca-magazin.com\/es\/wp-json\/wp\/v2\/posts\/2311\/revisions\/11243"}],"wp:featuredmedia":[{"embeddable":true,"href":"https:\/\/costablanca-magazin.com\/es\/wp-json\/wp\/v2\/media\/2312"}],"wp:attachment":[{"href":"https:\/\/costablanca-magazin.com\/es\/wp-json\/wp\/v2\/media?parent=2311"}],"wp:term":[{"taxonomy":"category","embeddable":true,"href":"https:\/\/costablanca-magazin.com\/es\/wp-json\/wp\/v2\/categories?post=2311"},{"taxonomy":"post_tag","embeddable":true,"href":"https:\/\/costablanca-magazin.com\/es\/wp-json\/wp\/v2\/tags?post=2311"}],"curies":[{"name":"wp","href":"https:\/\/api.w.org\/{rel}","templated":true}]}}