{"id":2005,"date":"2024-09-12T16:23:03","date_gmt":"2024-09-12T14:23:03","guid":{"rendered":"https:\/\/costablanca-magazin.com\/?p=2005"},"modified":"2025-07-08T05:44:33","modified_gmt":"2025-07-08T03:44:33","slug":"cafe-con-leche-con-marina-uhde","status":"publish","type":"post","link":"https:\/\/costablanca-magazin.com\/es\/residenten\/stories-und-stimmen\/cafe-con-leche-mit-marina-uhde\/","title":{"rendered":"Caf\u00e9 con leche con Marina Uhde"},"content":{"rendered":"<div data-elementor-type=\"wp-post\" data-elementor-id=\"2005\" class=\"elementor elementor-2005\" data-elementor-post-type=\"post\">\n\t\t\t\t<div class=\"elementor-element elementor-element-dc0052a e-flex e-con-boxed e-con e-parent\" data-id=\"dc0052a\" data-element_type=\"container\" data-e-type=\"container\">\n\t\t\t\t\t<div class=\"e-con-inner\">\n\t\t\t\t<div class=\"elementor-element elementor-element-1ba1767 elementor-widget elementor-widget-heading\" data-id=\"1ba1767\" data-element_type=\"widget\" data-e-type=\"widget\" data-widget_type=\"heading.default\">\n\t\t\t\t<div class=\"elementor-widget-container\">\n\t\t\t\t\t<h1 class=\"elementor-heading-title elementor-size-default\">Caf\u00e9 con leche\ncon... Marina\nen Villajoyosa\n(La Vila Joiosa)\"<\/h1>\t\t\t\t<\/div>\n\t\t\t\t<\/div>\n\t\t\t\t<div class=\"elementor-element elementor-element-bd0e20e elementor-widget elementor-widget-heading\" data-id=\"bd0e20e\" data-element_type=\"widget\" data-e-type=\"widget\" data-widget_type=\"heading.default\">\n\t\t\t\t<div class=\"elementor-widget-container\">\n\t\t\t\t\t<h2 class=\"elementor-heading-title elementor-size-default\">Los expatriados en la Costa Blanca hablan\nsobre sus vidas y por qu\u00e9 la Costa Blanca\nes el lugar adecuado para vivir.\nHellmuth Kr\u00fcger en conversaci\u00f3n con Marina Uhde,\nuna inmigrante que vive en Villajoyosa\nen Villajoyosa desde hace 25 a\u00f1os.<\/h2>\t\t\t\t<\/div>\n\t\t\t\t<\/div>\n\t\t\t\t\t<\/div>\n\t\t\t\t<\/div>\n\t\t<div class=\"elementor-element elementor-element-2644669 e-flex e-con-boxed e-con e-parent\" data-id=\"2644669\" data-element_type=\"container\" data-e-type=\"container\">\n\t\t\t\t\t<div class=\"e-con-inner\">\n\t\t<div class=\"elementor-element elementor-element-e4ba623 e-con-full e-flex e-con e-child\" data-id=\"e4ba623\" data-element_type=\"container\" data-e-type=\"container\">\n\t\t\t\t<div class=\"elementor-element elementor-element-915b711 elementor-widget elementor-widget-text-editor\" data-id=\"915b711\" data-element_type=\"widget\" data-e-type=\"widget\" data-widget_type=\"text-editor.default\">\n\t\t\t\t<div class=\"elementor-widget-container\">\n\t\t\t\t\t\t\t\t\t<figure id=\"attachment_2004\" aria-describedby=\"caption-attachment-2004\" style=\"width: 225px\" class=\"wp-caption alignleft\"><img fetchpriority=\"high\" decoding=\"async\" class=\"size-medium wp-image-2004\" src=\"https:\/\/costablanca-magazin.com\/wp-content\/uploads\/2024\/09\/Marina-Uhde-3-225x300.jpg\" alt=\"Marina Uhde\" width=\"225\" height=\"300\" srcset=\"https:\/\/costablanca-magazin.com\/wp-content\/uploads\/2024\/09\/Marina-Uhde-3-225x300.jpg 225w, https:\/\/costablanca-magazin.com\/wp-content\/uploads\/2024\/09\/Marina-Uhde-3-768x1024.jpg 768w, https:\/\/costablanca-magazin.com\/wp-content\/uploads\/2024\/09\/Marina-Uhde-3-1152x1536.jpg 1152w, https:\/\/costablanca-magazin.com\/wp-content\/uploads\/2024\/09\/Marina-Uhde-3.jpg 1536w\" sizes=\"(max-width: 225px) 100vw, 225px\" \/><figcaption id=\"caption-attachment-2004\" class=\"wp-caption-text\">Marina Uhde<\/figcaption><\/figure><p>En la secci\u00f3n \u201eCaf\u00e9 con leche con...\u201c CBM conoce a interesantes expatriados que comparten su historia en la Costa Blanca. En esta ocasi\u00f3n, Hellmuth Kr\u00fcger habla con Marina Uhde, una inmigrante que lleva 25 a\u00f1os viviendo en la pintoresca Villajoyosa, y que en un principio s\u00f3lo pensaba tomarse un breve descanso. En la entrevista, habla de sus comienzos, de los retos y exploramos la cuesti\u00f3n de si alguna vez volver\u00eda a Alemania.<\/p><p><strong>Hola Marina, gracias por la oportunidad de conocerte aqu\u00ed en Villajoyosa. Un lugar que has llamado hogar desde hace 25 a\u00f1os. <\/strong><br \/><strong>Ese no era el plan original, \u00bfverdad?<\/strong><br \/>No, en absoluto. En realidad s\u00f3lo quer\u00eda venir a Espa\u00f1a tres meses para distanciarme un poco de mi ex marido. Mi t\u00eda viv\u00eda aqu\u00ed, as\u00ed que pens\u00e9 en quedarme con ella un tiempo. Los tres meses se convirtieron en 25 a\u00f1os.<\/p><p><strong>\u00bfAs\u00ed que no se trataba ni de unas vacaciones ni de una emigraci\u00f3n planificada?<\/strong><br \/>Exactamente. Nunca tuve intenci\u00f3n de emigrar. Fue m\u00e1s bien una especie de tiempo muerto que simplemente dur\u00f3 m\u00e1s de lo esperado. Y de repente este era mi hogar.<\/p><p><strong>Viniste aqu\u00ed con tu hija de seis a\u00f1os y la criaste t\u00fa sola. Desde luego, no fue f\u00e1cil.<\/strong><br \/>No siempre fue f\u00e1cil, sobre todo al principio. No hab\u00eda mucho apoyo y tambi\u00e9n era dif\u00edcil econ\u00f3micamente, pero mi hija se adapt\u00f3 muy r\u00e1pido y hablaba espa\u00f1ol con fluidez a los tres meses. Eso facilit\u00f3 muchas cosas.<\/p>\t\t\t\t\t\t\t\t<\/div>\n\t\t\t\t<\/div>\n\t\t\t\t<\/div>\n\t\t<div class=\"elementor-element elementor-element-6bb4728 e-con-full e-flex e-con e-child\" data-id=\"6bb4728\" data-element_type=\"container\" data-e-type=\"container\">\n\t\t\t\t<div class=\"elementor-element elementor-element-f806b8c elementor-widget elementor-widget-text-editor\" data-id=\"f806b8c\" data-element_type=\"widget\" data-e-type=\"widget\" data-widget_type=\"text-editor.default\">\n\t\t\t\t<div class=\"elementor-widget-container\">\n\t\t\t\t\t\t\t\t\t<p><strong>Pronto encontraste un trabajo fijo, que sigues haciendo hoy en d\u00eda, \u00bfverdad?<\/strong><br \/>S\u00ed, encontr\u00e9 un trabajo que en realidad llevo haciendo desde hace 23 a\u00f1os. Tuve mucha suerte, porque sin este trabajo fijo habr\u00eda sido mucho m\u00e1s dif\u00edcil afianzarme aqu\u00ed.<\/p><p><strong>\u00bfQu\u00e9 opina del desarrollo de Villajoyosa en los \u00faltimos 25 a\u00f1os? \u00bfHa cambiado mucho la ciudad y qu\u00e9 hace que para usted siga mereciendo la pena vivir en ella?<\/strong><br \/>S\u00ed, por desgracia. Sol\u00eda ser un lugar privilegiado, tranquilo e id\u00edlico. Hoy en d\u00eda, el turismo de masas tambi\u00e9n se ha hecho un hueco aqu\u00ed. La playa sigue siendo hermosa, pero en los meses estivales de julio y agosto est\u00e1 muy concurrida y es ruidosa. No obstante, a\u00fan quedan rincones, sobre todo en los barrios antiguos, donde contin\u00faa la vida tradicional.<br \/>Me gustan los Vileros, las muchas peque\u00f1as boutiques, los restaurantes, algunos de los cuales son excelentes, las famosas casas de colores y sin olvidar a mi casero favorito Pablo.<\/p><p><strong>\u00bfSigue teniendo una estrecha relaci\u00f3n con Alemania?<\/strong><br \/>Por supuesto. Mi familia vive en Alemania y todav\u00eda tengo muchos amigos all\u00ed. Nos visitamos con regularidad y tambi\u00e9n podr\u00eda imaginarme volver alg\u00fan d\u00eda si las cosas no funcionan aqu\u00ed. Alemania sigue siendo un pa\u00eds precioso para m\u00ed.<\/p><p><strong>\u00bfDir\u00eda que alguna vez se ha arrepentido de la decisi\u00f3n de quedarse aqu\u00ed?<\/strong><br \/>No, nunca me he planteado seriamente volver. Mi hija creci\u00f3 aqu\u00ed y se siente m\u00e1s espa\u00f1ola que alemana. Siempre he tenido un fuerte v\u00ednculo con Espa\u00f1a a trav\u00e9s de ella.<\/p><p>Muchas gracias por esta interesante entrevista, Marina. Tu historia demuestra que tambi\u00e9n se pueden echar ra\u00edces en otro pa\u00eds sin planearlo y <br \/>puede llevar una vida plena.<br \/>De nada, Hellmuth. Me ha gustado compartir mi historia.<\/p><p>Hellmuth Kr\u00fcger<\/p>\t\t\t\t\t\t\t\t<\/div>\n\t\t\t\t<\/div>\n\t\t\t\t<\/div>\n\t\t\t\t\t<\/div>\n\t\t\t\t<\/div>\n\t\t<div class=\"elementor-element elementor-element-2f76e46 e-flex e-con-boxed e-con e-parent\" data-id=\"2f76e46\" data-element_type=\"container\" data-e-type=\"container\">\n\t\t\t\t\t<div class=\"e-con-inner\">\n\t\t\t\t<div class=\"elementor-element elementor-element-da3f141 elementor-widget elementor-widget-heading\" data-id=\"da3f141\" data-element_type=\"widget\" data-e-type=\"widget\" data-widget_type=\"heading.default\">\n\t\t\t\t<div class=\"elementor-widget-container\">\n\t\t\t\t\t<h3 class=\"elementor-heading-title elementor-size-default\">Esto tambi\u00e9n podr\u00eda interesarle<\/h3>\t\t\t\t<\/div>\n\t\t\t\t<\/div>\n\t\t\t\t<div class=\"elementor-element elementor-element-bfefeeb elementor-grid-4 elementor-grid-tablet-2 elementor-grid-mobile-1 elementor-posts--thumbnail-top elementor-card-shadow-yes elementor-posts__hover-gradient elementor-widget elementor-widget-posts\" data-id=\"bfefeeb\" data-element_type=\"widget\" data-e-type=\"widget\" data-settings=\"{&quot;cards_columns&quot;:&quot;4&quot;,&quot;cards_columns_tablet&quot;:&quot;2&quot;,&quot;cards_columns_mobile&quot;:&quot;1&quot;,&quot;cards_row_gap&quot;:{&quot;unit&quot;:&quot;px&quot;,&quot;size&quot;:35,&quot;sizes&quot;:[]},&quot;cards_row_gap_tablet&quot;:{&quot;unit&quot;:&quot;px&quot;,&quot;size&quot;:&quot;&quot;,&quot;sizes&quot;:[]},&quot;cards_row_gap_mobile&quot;:{&quot;unit&quot;:&quot;px&quot;,&quot;size&quot;:&quot;&quot;,&quot;sizes&quot;:[]}}\" data-widget_type=\"posts.cards\">\n\t\t\t\t<div class=\"elementor-widget-container\">\n\t\t\t\t\t\t\t<div class=\"elementor-posts-container elementor-posts elementor-posts--skin-cards elementor-grid\" role=\"list\">\n\t\t\t\t<article class=\"elementor-post elementor-grid-item post-11423 post type-post status-publish format-standard has-post-thumbnail hentry category-veranstaltungen-events tag-fiestas-costa-blanca-2026 tag-moros-y-cristianos-benidorm tag-moros-y-cristianos-costa-blanca-2026 tag-moros-y-cristianos-denia tag-moros-y-cristianos-termine-2026 tag-moros-y-cristianos-villajoyosa\" role=\"listitem\">\n\t\t\t<div class=\"elementor-post__card\">\n\t\t\t\t<a class=\"elementor-post__thumbnail__link\" href=\"https:\/\/costablanca-magazin.com\/es\/freizeit\/veranstaltungen-events\/moros-y-cristianos-costa-blanca-2026-termine-und-feste\/\" tabindex=\"-1\" ><div class=\"elementor-post__thumbnail\"><img decoding=\"async\" width=\"300\" height=\"135\" src=\"https:\/\/costablanca-magazin.com\/wp-content\/uploads\/2025\/09\/calpe-moros-300x135.jpg\" class=\"attachment-medium size-medium wp-image-8738\" alt=\"Calpe moros y cristianos\" srcset=\"https:\/\/costablanca-magazin.com\/wp-content\/uploads\/2025\/09\/calpe-moros-300x135.jpg 300w, https:\/\/costablanca-magazin.com\/wp-content\/uploads\/2025\/09\/calpe-moros-1024x460.jpg 1024w, https:\/\/costablanca-magazin.com\/wp-content\/uploads\/2025\/09\/calpe-moros-768x345.jpg 768w, https:\/\/costablanca-magazin.com\/wp-content\/uploads\/2025\/09\/calpe-moros.jpg 1200w\" sizes=\"(max-width: 300px) 100vw, 300px\" \/><\/div><\/a>\n\t\t\t\t<div class=\"elementor-post__text\">\n\t\t\t\t<h3 class=\"elementor-post__title\">\n\t\t\t<a href=\"https:\/\/costablanca-magazin.com\/es\/freizeit\/veranstaltungen-events\/moros-y-cristianos-costa-blanca-2026-termine-und-feste\/\" >\n\t\t\t\tMoros y Cristianos Costa Blanca 2026 - Fechas y festividades\t\t\t<\/a>\n\t\t<\/h3>\n\t\t\t\t<\/div>\n\t\t\t\t\t<\/div>\n\t\t<\/article>\n\t\t\t\t<article class=\"elementor-post elementor-grid-item post-11405 post type-post status-publish format-standard has-post-thumbnail hentry category-news-politik tag-airlines-spanien tag-fluege-alicante tag-fluege-valencia tag-iran-konflikt-flugpreise tag-jet-fuel-spanien tag-kerosinpreise-europa\" role=\"listitem\">\n\t\t\t<div class=\"elementor-post__card\">\n\t\t\t\t<a class=\"elementor-post__thumbnail__link\" href=\"https:\/\/costablanca-magazin.com\/es\/lokales\/news-politik\/iran-konflikt-und-flugpreise-was-alicante-und-valencia-wirklich-erwartet\/\" tabindex=\"-1\" ><div class=\"elementor-post__thumbnail\"><img decoding=\"async\" width=\"300\" height=\"227\" src=\"https:\/\/costablanca-magazin.com\/wp-content\/uploads\/2026\/04\/die-inselzeitung-mallorca-255-300x227.jpg\" class=\"attachment-medium size-medium wp-image-11406\" alt=\"Conflicto con Ir\u00e1n y precios de los vuelos: Lo que realmente les espera a Alicante y Valencia\" srcset=\"https:\/\/costablanca-magazin.com\/wp-content\/uploads\/2026\/04\/die-inselzeitung-mallorca-255-300x227.jpg 300w, https:\/\/costablanca-magazin.com\/wp-content\/uploads\/2026\/04\/die-inselzeitung-mallorca-255-1024x776.jpg 1024w, https:\/\/costablanca-magazin.com\/wp-content\/uploads\/2026\/04\/die-inselzeitung-mallorca-255-768x582.jpg 768w, https:\/\/costablanca-magazin.com\/wp-content\/uploads\/2026\/04\/die-inselzeitung-mallorca-255-1536x1164.jpg 1536w, https:\/\/costablanca-magazin.com\/wp-content\/uploads\/2026\/04\/die-inselzeitung-mallorca-255-2048x1552.jpg 2048w, https:\/\/costablanca-magazin.com\/wp-content\/uploads\/2026\/04\/die-inselzeitung-mallorca-255-16x12.jpg 16w\" sizes=\"(max-width: 300px) 100vw, 300px\" \/><\/div><\/a>\n\t\t\t\t<div class=\"elementor-post__text\">\n\t\t\t\t<h3 class=\"elementor-post__title\">\n\t\t\t<a href=\"https:\/\/costablanca-magazin.com\/es\/lokales\/news-politik\/iran-konflikt-und-flugpreise-was-alicante-und-valencia-wirklich-erwartet\/\" >\n\t\t\t\tConflicto con Ir\u00e1n y precios de los vuelos: Lo que realmente les espera a Alicante y Valencia\t\t\t<\/a>\n\t\t<\/h3>\n\t\t\t\t<\/div>\n\t\t\t\t\t<\/div>\n\t\t<\/article>\n\t\t\t\t<article class=\"elementor-post elementor-grid-item post-11389 post type-post status-publish format-standard has-post-thumbnail hentry category-leben-in-spanien tag-antrag-pflege-spanien tag-comunitat-valenciana-pflege tag-dependencia-costa-blanca tag-pflege-costa-blanca tag-pflegegrad-spanien tag-pflegehilfe-alicante\" role=\"listitem\">\n\t\t\t<div class=\"elementor-post__card\">\n\t\t\t\t<a class=\"elementor-post__thumbnail__link\" href=\"https:\/\/costablanca-magazin.com\/es\/residenten\/leben-in-spanien\/pflege-an-der-costa-blanca-leistungen-antrag-und-hilfe\/\" tabindex=\"-1\" ><div class=\"elementor-post__thumbnail\"><img loading=\"lazy\" decoding=\"async\" width=\"300\" height=\"100\" src=\"https:\/\/costablanca-magazin.com\/wp-content\/uploads\/2026\/04\/AdobeStock_210113313-300x100.jpeg\" class=\"attachment-medium size-medium wp-image-11390\" alt=\"Cuando el cuidado se convierte de repente en un problema en la Costa Blanca\" srcset=\"https:\/\/costablanca-magazin.com\/wp-content\/uploads\/2026\/04\/AdobeStock_210113313-300x100.jpeg 300w, https:\/\/costablanca-magazin.com\/wp-content\/uploads\/2026\/04\/AdobeStock_210113313-1024x341.jpeg 1024w, https:\/\/costablanca-magazin.com\/wp-content\/uploads\/2026\/04\/AdobeStock_210113313-768x256.jpeg 768w, https:\/\/costablanca-magazin.com\/wp-content\/uploads\/2026\/04\/AdobeStock_210113313-1536x512.jpeg 1536w, https:\/\/costablanca-magazin.com\/wp-content\/uploads\/2026\/04\/AdobeStock_210113313-2048x682.jpeg 2048w, https:\/\/costablanca-magazin.com\/wp-content\/uploads\/2026\/04\/AdobeStock_210113313-18x6.jpeg 18w\" sizes=\"(max-width: 300px) 100vw, 300px\" \/><\/div><\/a>\n\t\t\t\t<div class=\"elementor-post__text\">\n\t\t\t\t<h3 class=\"elementor-post__title\">\n\t\t\t<a href=\"https:\/\/costablanca-magazin.com\/es\/residenten\/leben-in-spanien\/pflege-an-der-costa-blanca-leistungen-antrag-und-hilfe\/\" >\n\t\t\t\tCuidados en la Costa Blanca - prestaciones, solicitud y asistencia\t\t\t<\/a>\n\t\t<\/h3>\n\t\t\t\t<\/div>\n\t\t\t\t\t<\/div>\n\t\t<\/article>\n\t\t\t\t<article class=\"elementor-post elementor-grid-item post-11377 post type-post status-publish format-standard has-post-thumbnail hentry category-leben-in-spanien tag-geburt-spanien tag-mutterschutz-spanien tag-schwangerschaft-costa-blanca tag-seguridad-social-schwangerschaft\" role=\"listitem\">\n\t\t\t<div class=\"elementor-post__card\">\n\t\t\t\t<a class=\"elementor-post__thumbnail__link\" href=\"https:\/\/costablanca-magazin.com\/es\/residenten\/leben-in-spanien\/schwangerschaft-an-der-costa-blanca-vorsorge-mutterschutz\/\" tabindex=\"-1\" ><div class=\"elementor-post__thumbnail\"><img loading=\"lazy\" decoding=\"async\" width=\"300\" height=\"98\" src=\"https:\/\/costablanca-magazin.com\/wp-content\/uploads\/2026\/04\/smiling-happy-pregnant-woman-wear-casual-dress-ove-2023-11-27-05-23-42-utc-e1776345378550-300x98.jpg\" class=\"attachment-medium size-medium wp-image-11381\" alt=\"Embarazada en la Costa Blanca: embarazo, parto, protecci\u00f3n de la maternidad y prestaciones econ\u00f3micas en Espa\u00f1a\" srcset=\"https:\/\/costablanca-magazin.com\/wp-content\/uploads\/2026\/04\/smiling-happy-pregnant-woman-wear-casual-dress-ove-2023-11-27-05-23-42-utc-e1776345378550-300x98.jpg 300w, https:\/\/costablanca-magazin.com\/wp-content\/uploads\/2026\/04\/smiling-happy-pregnant-woman-wear-casual-dress-ove-2023-11-27-05-23-42-utc-e1776345378550-1024x334.jpg 1024w, https:\/\/costablanca-magazin.com\/wp-content\/uploads\/2026\/04\/smiling-happy-pregnant-woman-wear-casual-dress-ove-2023-11-27-05-23-42-utc-e1776345378550-768x251.jpg 768w, https:\/\/costablanca-magazin.com\/wp-content\/uploads\/2026\/04\/smiling-happy-pregnant-woman-wear-casual-dress-ove-2023-11-27-05-23-42-utc-e1776345378550-1536x502.jpg 1536w, https:\/\/costablanca-magazin.com\/wp-content\/uploads\/2026\/04\/smiling-happy-pregnant-woman-wear-casual-dress-ove-2023-11-27-05-23-42-utc-e1776345378550-2048x669.jpg 2048w, https:\/\/costablanca-magazin.com\/wp-content\/uploads\/2026\/04\/smiling-happy-pregnant-woman-wear-casual-dress-ove-2023-11-27-05-23-42-utc-e1776345378550-18x6.jpg 18w\" sizes=\"(max-width: 300px) 100vw, 300px\" \/><\/div><\/a>\n\t\t\t\t<div class=\"elementor-post__text\">\n\t\t\t\t<h3 class=\"elementor-post__title\">\n\t\t\t<a href=\"https:\/\/costablanca-magazin.com\/es\/residenten\/leben-in-spanien\/schwangerschaft-an-der-costa-blanca-vorsorge-mutterschutz\/\" >\n\t\t\t\tEmbarazo Costa Blanca: Prevenci\u00f3n y protecci\u00f3n de la maternidad\t\t\t<\/a>\n\t\t<\/h3>\n\t\t\t\t<\/div>\n\t\t\t\t\t<\/div>\n\t\t<\/article>\n\t\t\t\t<\/div>\n\t\t\n\t\t\t\t\t\t<\/div>\n\t\t\t\t<\/div>\n\t\t\t\t\t<\/div>\n\t\t\t\t<\/div>\n\t\t\t\t<\/div>","protected":false},"excerpt":{"rendered":"<p>Caf\u00e9 con leche mit&#8230; Marina in Villajoyosa (La Vila Joiosa)&#8220; Expats an der Costa Blanca erz\u00e4hlen von ihrem Leben und warum die Costa Blanca f\u00fcr<\/p>","protected":false},"author":1,"featured_media":2027,"comment_status":"closed","ping_status":"closed","sticky":false,"template":"elementor_header_footer","format":"standard","meta":{"footnotes":""},"categories":[981],"tags":[765,782],"class_list":["post-2005","post","type-post","status-publish","format-standard","has-post-thumbnail","hentry","category-stories-und-stimmen","tag-cafe-con-leche","tag-marina-uhde"],"aioseo_notices":[],"_links":{"self":[{"href":"https:\/\/costablanca-magazin.com\/es\/wp-json\/wp\/v2\/posts\/2005","targetHints":{"allow":["GET"]}}],"collection":[{"href":"https:\/\/costablanca-magazin.com\/es\/wp-json\/wp\/v2\/posts"}],"about":[{"href":"https:\/\/costablanca-magazin.com\/es\/wp-json\/wp\/v2\/types\/post"}],"author":[{"embeddable":true,"href":"https:\/\/costablanca-magazin.com\/es\/wp-json\/wp\/v2\/users\/1"}],"replies":[{"embeddable":true,"href":"https:\/\/costablanca-magazin.com\/es\/wp-json\/wp\/v2\/comments?post=2005"}],"version-history":[{"count":10,"href":"https:\/\/costablanca-magazin.com\/es\/wp-json\/wp\/v2\/posts\/2005\/revisions"}],"predecessor-version":[{"id":6165,"href":"https:\/\/costablanca-magazin.com\/es\/wp-json\/wp\/v2\/posts\/2005\/revisions\/6165"}],"wp:featuredmedia":[{"embeddable":true,"href":"https:\/\/costablanca-magazin.com\/es\/wp-json\/wp\/v2\/media\/2027"}],"wp:attachment":[{"href":"https:\/\/costablanca-magazin.com\/es\/wp-json\/wp\/v2\/media?parent=2005"}],"wp:term":[{"taxonomy":"category","embeddable":true,"href":"https:\/\/costablanca-magazin.com\/es\/wp-json\/wp\/v2\/categories?post=2005"},{"taxonomy":"post_tag","embeddable":true,"href":"https:\/\/costablanca-magazin.com\/es\/wp-json\/wp\/v2\/tags?post=2005"}],"curies":[{"name":"wp","href":"https:\/\/api.w.org\/{rel}","templated":true}]}}