{"id":1918,"date":"2024-09-12T11:19:03","date_gmt":"2024-09-12T09:19:03","guid":{"rendered":"https:\/\/costablanca-magazin.com\/?p=1918"},"modified":"2025-07-08T05:44:44","modified_gmt":"2025-07-08T03:44:44","slug":"gestion-de-residuos-como-separarlos-correctamente","status":"publish","type":"post","link":"https:\/\/costablanca-magazin.com\/es\/residenten\/leben-in-spanien\/muellentsorgung-so-trennen-sie-richtig\/","title":{"rendered":"Eliminaci\u00f3n de residuos: c\u00f3mo separarlos correctamente"},"content":{"rendered":"<div data-elementor-type=\"wp-post\" data-elementor-id=\"1918\" class=\"elementor elementor-1918\" data-elementor-post-type=\"post\">\n\t\t\t\t<div class=\"elementor-element elementor-element-bfa578f e-flex e-con-boxed e-con e-parent\" data-id=\"bfa578f\" data-element_type=\"container\" data-e-type=\"container\">\n\t\t\t\t\t<div class=\"e-con-inner\">\n\t\t\t\t<div class=\"elementor-element elementor-element-34739eb elementor-widget elementor-widget-heading\" data-id=\"34739eb\" data-element_type=\"widget\" data-e-type=\"widget\" data-widget_type=\"heading.default\">\n\t\t\t\t<div class=\"elementor-widget-container\">\n\t\t\t\t\t<h1 class=\"elementor-heading-title elementor-size-default\">Eliminaci\u00f3n de residuos: c\u00f3mo separarlos correctamente<\/h1>\t\t\t\t<\/div>\n\t\t\t\t<\/div>\n\t\t\t\t<div class=\"elementor-element elementor-element-1b22905 elementor-widget elementor-widget-heading\" data-id=\"1b22905\" data-element_type=\"widget\" data-e-type=\"widget\" data-widget_type=\"heading.default\">\n\t\t\t\t<div class=\"elementor-widget-container\">\n\t\t\t\t\t<h2 class=\"elementor-heading-title elementor-size-default\">La mayor\u00eda sabe c\u00f3mo funciona la separaci\u00f3n de residuos, pero si a\u00fan as\u00ed hay dudas, aqu\u00ed hay algunos consejos \u00fatiles para una eliminaci\u00f3n limpia y respetuosa.<\/h2>\t\t\t\t<\/div>\n\t\t\t\t<\/div>\n\t\t\t\t\t<\/div>\n\t\t\t\t<\/div>\n\t\t<div class=\"elementor-element elementor-element-4b1f28f e-flex e-con-boxed e-con e-parent\" data-id=\"4b1f28f\" data-element_type=\"container\" data-e-type=\"container\">\n\t\t\t\t\t<div class=\"e-con-inner\">\n\t\t<div class=\"elementor-element elementor-element-df67ab8 e-con-full e-flex e-con e-child\" data-id=\"df67ab8\" data-element_type=\"container\" data-e-type=\"container\">\n\t\t\t\t<div class=\"elementor-element elementor-element-8bf62a9 elementor-widget elementor-widget-text-editor\" data-id=\"8bf62a9\" data-element_type=\"widget\" data-e-type=\"widget\" data-widget_type=\"text-editor.default\">\n\t\t\t\t<div class=\"elementor-widget-container\">\n\t\t\t\t\t\t\t\t\t<p>Lo primero que llama la atenci\u00f3n son los contenedores de basura descuidados, abarrotados y llenos de residuos. Sin embargo, un entorno limpio no solo es una muestra de respeto hacia la naturaleza, sino tambi\u00e9n hacia nuestros semejantes. Por eso, en las comarcas de la Marina Alta y la Marina Baja se presta especial atenci\u00f3n a la correcta eliminaci\u00f3n de residuos, y con raz\u00f3n. Quien no elimine sus residuos de forma adecuada, no solo corre el riesgo de tener remordimientos, sino tambi\u00e9n de recibir multas considerables. As\u00ed, el municipio de Alfaz del Pi ha aumentado recientemente las multas por tirar basura de forma incorrecta o ilegal hasta 3001 euros. Con ello se pretende garantizar que tanto los residentes como los visitantes asuman su responsabilidad y preserven la belleza de esta regi\u00f3n costera. En este art\u00edculo le ofrecemos consejos sobre c\u00f3mo separar correctamente la basura y qu\u00e9 debe tener en cuenta a la hora de desechar residuos de jard\u00edn, muebles viejos y otros casos especiales.<\/p><p><strong>La separaci\u00f3n correcta de los residuos<\/strong><br \/>En los municipios locales, los residuos se clasifican en diferentes categor\u00edas, como en casi toda Europa. <br \/>\u2022 Residuos restantes (contenedores grises o verdes):<br \/>Aqu\u00ed se deposita todo lo que no se puede reciclar, como art\u00edculos de higiene, pa\u00f1ales y envases sucios.<br \/>\u2022 Residuos org\u00e1nicos (contenedores marrones):<br \/>Los residuos org\u00e1nicos, como restos de comida, c\u00e1scaras de frutas y verduras, posos de caf\u00e9 y restos de t\u00e9, deben depositarse en estos contenedores. Evite a\u00f1adir bolsas de pl\u00e1stico u otros materiales no org\u00e1nicos.<br \/>\u2022 Papel y cart\u00f3n (contenedores azules):<br \/>El papel, el cart\u00f3n y los envases de cart\u00f3n deben depositarse en los contenedores azules. Aseg\u00farese de que estos materiales est\u00e9n limpios y secos.<br \/>\u2022 Pl\u00e1stico y metal (contenedores amarillos):<br \/>En los contenedores amarillos se depositan botellas de pl\u00e1stico, latas, envases Tetra Pak y otros envases de pl\u00e1stico o metal. Estos deben enjuagarse antes de desecharlos.<br \/>\u2022 Vidrio (contenedores verdes con abertura peque\u00f1a):<br \/>Las botellas y envases de vidrio deben depositarse en los contenedores previstos para ello. Retire las tapas o tapones antes de desecharlos.<\/p><p>Adem\u00e1s de los residuos dom\u00e9sticos, hay residuos especiales que no se pueden tirar en los contenedores de basura habituales. Entre ellos se incluyen los residuos de jard\u00edn, los muebles viejos y los aparatos el\u00e9ctricos.<\/p>\t\t\t\t\t\t\t\t<\/div>\n\t\t\t\t<\/div>\n\t\t\t\t<div class=\"elementor-element elementor-element-bd21bc7 elementor-widget elementor-widget-heading\" data-id=\"bd21bc7\" data-element_type=\"widget\" data-e-type=\"widget\" data-widget_type=\"heading.default\">\n\t\t\t\t<div class=\"elementor-widget-container\">\n\t\t\t\t\t<h3 class=\"elementor-heading-title elementor-size-default\">Punto Limpio importante \/ ECOPARQUE<\/h3>\t\t\t\t<\/div>\n\t\t\t\t<\/div>\n\t\t\t\t<\/div>\n\t\t<div class=\"elementor-element elementor-element-1c273af e-con-full e-flex e-con e-child\" data-id=\"1c273af\" data-element_type=\"container\" data-e-type=\"container\">\n\t\t\t\t<div class=\"elementor-element elementor-element-aa59460 elementor-widget elementor-widget-text-editor\" data-id=\"aa59460\" data-element_type=\"widget\" data-e-type=\"widget\" data-widget_type=\"text-editor.default\">\n\t\t\t\t<div class=\"elementor-widget-container\">\n\t\t\t\t\t\t\t\t\t<p><strong>residuos de jard\u00edn<\/strong><br \/>Los residuos de jard\u00edn, como restos de poda, hojas, ramas y hierba, no deben depositarse en los contenedores de basura normales. Muchos municipios ofrecen servicios especiales de recogida de residuos de jard\u00edn. Estos residuos tambi\u00e9n pueden llevarse directamente a un Punto Limpio \/ ECOPARQUE. En algunos municipios incluso hay contenedores especiales para residuos verdes que se instalan en determinados momentos.<\/p><p><strong>Muebles viejos y residuos voluminosos<\/strong><br \/>Los residuos voluminosos, como muebles viejos, colchones u objetos dom\u00e9sticos de gran tama\u00f1o, no deben depositarse en los contenedores de basura normales. En su lugar, puede utilizar el servicio de recogida de su municipio o llevar los objetos directamente a un Punto Limpio \/ ECOPARQUE. Es recomendable ponerse en contacto con el municipio antes de realizar la recogida para coordinar el servicio.<br \/><strong>residuos electr\u00f3nicos<\/strong><br \/>Los residuos electr\u00f3nicos, como televisores, frigor\u00edficos u ordenadores viejos, tambi\u00e9n deben desecharse por separado. Muchos municipios ofrecen servicios de recogida de residuos electr\u00f3nicos. Como alternativa, estos art\u00edculos pueden llevarse a un Punto Limpio \/ ECOPARQUE.<\/p><p><strong>Informaci\u00f3n importante para los hogares<\/strong><br \/>Limpieza de los residuos: los envases y recipientes deben limpiarse a fondo antes de su eliminaci\u00f3n para evitar la contaminaci\u00f3n y facilitar los procesos de reciclaje.<br \/>No mezclar residuos: es fundamental no mezclar los diferentes tipos de residuos. Una separaci\u00f3n incorrecta puede afectar considerablemente a la capacidad de reciclaje.<br \/>Recogida de basura en d\u00edas festivos: tenga en cuenta que la recogida de basura puede verse limitada en d\u00edas festivos. Inf\u00f3rmese en su municipio sobre los horarios exactos de recogida.<br \/>Puede que la separaci\u00f3n de residuos no sea el tema m\u00e1s apasionante, pero una peque\u00f1a contribuci\u00f3n por parte de cada uno de nosotros no solo embellece el entorno, sino que tambi\u00e9n lo hace m\u00e1s habitable. Y seamos sinceros: \u00bfqui\u00e9n quiere arriesgarse a recibir una cuantiosa multa por tirar una botella sin cuidado? Mejor ir sobre seguro y disfrutar del sol relajadamente, \u00a1sin tener que preocuparse por los residuos! <\/p><p>\u00a0<\/p>\t\t\t\t\t\t\t\t<\/div>\n\t\t\t\t<\/div>\n\t\t\t\t<\/div>\n\t\t\t\t\t<\/div>\n\t\t\t\t<\/div>\n\t\t<div class=\"elementor-element elementor-element-4f89a8e e-flex e-con-boxed e-con e-parent\" data-id=\"4f89a8e\" data-element_type=\"container\" data-e-type=\"container\">\n\t\t\t\t\t<div class=\"e-con-inner\">\n\t\t<div class=\"elementor-element elementor-element-06c4592 e-con-full e-flex e-con e-child\" data-id=\"06c4592\" data-element_type=\"container\" data-e-type=\"container\">\n\t\t\t\t<div class=\"elementor-element elementor-element-6b25030 elementor-widget elementor-widget-text-editor\" data-id=\"6b25030\" data-element_type=\"widget\" data-e-type=\"widget\" data-widget_type=\"text-editor.default\">\n\t\t\t\t<div class=\"elementor-widget-container\">\n\t\t\t\t\t\t\t\t\t<p><strong>Marina Alta:<\/strong><\/p><pre><br \/>Punto Limpio \/ ECOPARQUE <strong>D\u00e9nia<\/strong><br \/>Partida Madrigueres Sud, s\/n, 03700 D\u00e9nia<br \/>De lunes a viernes, de 8:00 a 18:00 h; s\u00e1bados, de 9:00 a 13:00 h.<br \/><br \/>Punto Limpio \/ ECOPARQUE <strong>X\u00e0bia (J\u00e1vea)<\/strong><br \/>Carrer Garcilaso de la Vega, 4, 03730 X\u00e0bia<br \/>De lunes a viernes, de 9:00 a 13:00 h; s\u00e1bados, de 9:00 a 14:00 h.<br \/><br \/>Punto Limpio \/ ECOPARQUE<strong> Calp (Calpe)<\/strong><br \/>Calle Eslovenia, 10, 03710 Calp<br \/>De lunes a viernes, de 8:00 a 18:00 h; s\u00e1bados, de 9:00 a 14:00 h.<br \/><br \/>Punto Limpio \/ ECOPARQUE <strong>Benissa<\/strong><br \/>Avenida Pa\u00eds Valenci\u00e0, 237, 03720 Benissa<br \/>De lunes a viernes, de 9:00 a 13:00 h; s\u00e1bados, de 9:00 a 14:00 h.<br \/><br \/>Punto Limpio \/ ECOPARQUE <strong>Teulada-Moraira<\/strong><br \/>Partida Canor, 03724 Teulada<br \/>De lunes a viernes, de 9:00 a 13:00 h; s\u00e1bados, de 9:00 a 14:00 h.<\/pre>\t\t\t\t\t\t\t\t<\/div>\n\t\t\t\t<\/div>\n\t\t\t\t<\/div>\n\t\t<div class=\"elementor-element elementor-element-4e18bea e-con-full e-flex e-con e-child\" data-id=\"4e18bea\" data-element_type=\"container\" data-e-type=\"container\">\n\t\t\t\t<div class=\"elementor-element elementor-element-cfd9cc5 elementor-widget elementor-widget-text-editor\" data-id=\"cfd9cc5\" data-element_type=\"widget\" data-e-type=\"widget\" data-widget_type=\"text-editor.default\">\n\t\t\t\t<div class=\"elementor-widget-container\">\n\t\t\t\t\t\t\t\t\t<p><strong>Marina Baja:<\/strong><\/p><pre><br \/>Punto Limpio \/ ECOPARQUE <strong>Benidorm<\/strong><br \/>Calle de Polop, s\/n, 03502 Benidorm<br \/>De lunes a viernes, de 8:00 a 18:00 h; s\u00e1bados, de 9:00 a 13:00 h.<br \/><br \/><br \/>Punto Limpio \/ ECOPARQUE <strong>Altea<\/strong><br \/>Partida Les Quintanes, s\/n, 03590 Altea<br \/>De lunes a viernes, de 9:00 a 14:00 h; s\u00e1bados, de 9:00 a 13:00 h.<br \/><br \/><br \/>Punto Limpio \/ ECOPARQUE <strong>La Nuc\u00eda<\/strong><br \/>Carrer Serra Gelada, 35, 03530 La Nuc\u00eda<br \/>De lunes a viernes, de 8:00 a 18:00 h; s\u00e1bados, de 9:00 a 14:00 h.<br \/><br \/><br \/>Punto Limpio \/ ECOPARQUE <strong>Villajoyosa<\/strong><br \/>Calle Gregal, s\/n, 03570 Villajoyosa<br \/>De lunes a viernes, de 9:00 a 14:00 h; s\u00e1bados, de 9:00 a 13:00 h.<br \/><br \/><br \/>Punto Limpio \/ ECOPARQUE<strong> Finestrat<\/strong><br \/>Pol\u00edgono Industrial, 03509 Finestrat, Alicante<br \/>De lunes a viernes, de 8:00 a 18:00 h; s\u00e1bados, de 9:00 a 14:00 h.<br \/><br \/><br \/>Punto Limpio \/ ECOPARQUE <strong>Alfaz del Pi\/Albir<\/strong><br \/>Carretera CV-763, Km 2, 03580 Alfaz del Pi<br \/>De lunes a viernes, de 8:00 a 18:00 h; s\u00e1bados, de 9:00 a 14:00 h.<\/pre>\t\t\t\t\t\t\t\t<\/div>\n\t\t\t\t<\/div>\n\t\t\t\t<\/div>\n\t\t\t\t\t<\/div>\n\t\t\t\t<\/div>\n\t\t<div class=\"elementor-element elementor-element-200e12d e-flex e-con-boxed e-con e-parent\" data-id=\"200e12d\" data-element_type=\"container\" data-e-type=\"container\">\n\t\t\t\t\t<div class=\"e-con-inner\">\n\t\t\t\t<div class=\"elementor-element elementor-element-3ff1c1a elementor-widget elementor-widget-text-editor\" data-id=\"3ff1c1a\" data-element_type=\"widget\" data-e-type=\"widget\" data-widget_type=\"text-editor.default\">\n\t\t\t\t<div class=\"elementor-widget-container\">\n\t\t\t\t\t\t\t\t\t<p><strong>Servicio de recogida y opciones de contacto<\/strong><br \/>Muchos municipios de la Marina Alta y la Marina Baja ofrecen servicios especiales de recogida de residuos voluminosos, residuos de jard\u00edn y residuos electr\u00f3nicos. Este servicio suele ser gratuito, pero es necesario solicitarlo con antelaci\u00f3n.<\/p><p><strong>D\u00e9nia<\/strong>: +34 965 78 00 00 Recogida de residuos voluminosos y residuos electr\u00f3nicos bajo petici\u00f3n.<br \/><strong>X\u00e0bia (J\u00e1vea)<\/strong>: +34 965 79 05 00 Recogida peri\u00f3dica de residuos vegetales y residuos voluminosos previa solicitud.<br \/><strong>Benidorm<\/strong>: +34 966 81 00 00 Recogida de enseres dom\u00e9sticos voluminosos y residuos de jard\u00edn previa cita.<br \/><strong>Alfaz del Pi\/Albir<\/strong>: +34 965 88 31 34 Recogida de residuos de jard\u00edn y residuos voluminosos bajo petici\u00f3n; adem\u00e1s, hay fechas especiales para la recogida de aparatos el\u00e9ctricos.<\/p>\t\t\t\t\t\t\t\t<\/div>\n\t\t\t\t<\/div>\n\t\t\t\t\t<\/div>\n\t\t\t\t<\/div>\n\t\t<div class=\"elementor-element elementor-element-328b623 e-flex e-con-boxed e-con e-parent\" data-id=\"328b623\" data-element_type=\"container\" data-e-type=\"container\">\n\t\t\t\t\t<div class=\"e-con-inner\">\n\t\t<div class=\"elementor-element elementor-element-a819655 e-con-full e-flex e-con e-child\" data-id=\"a819655\" data-element_type=\"container\" data-e-type=\"container\">\n\t\t\t\t<div class=\"elementor-element elementor-element-b71d25e elementor-widget elementor-widget-spacer\" data-id=\"b71d25e\" data-element_type=\"widget\" data-e-type=\"widget\" data-widget_type=\"spacer.default\">\n\t\t\t\t<div class=\"elementor-widget-container\">\n\t\t\t\t\t\t\t<div class=\"elementor-spacer\">\n\t\t\t<div class=\"elementor-spacer-inner\"><\/div>\n\t\t<\/div>\n\t\t\t\t\t\t<\/div>\n\t\t\t\t<\/div>\n\t\t\t\t<div class=\"elementor-element elementor-element-08ecadf elementor-widget elementor-widget-text-editor\" data-id=\"08ecadf\" data-element_type=\"widget\" data-e-type=\"widget\" data-widget_type=\"text-editor.default\">\n\t\t\t\t<div class=\"elementor-widget-container\">\n\t\t\t\t\t\t\t\t\t<p><em><strong>Separar la basura es una muestra de respeto <\/strong><\/em><br \/><em><strong>frente a nuestro entorno <\/strong><\/em><br \/><em><strong>y la comunidad.<\/strong><\/em><\/p><p><em><strong>Quien simplemente tira sus residuos <\/strong><\/em><br \/><em><strong>descarga junto a los contenedores, <\/strong><\/em><br \/><em><strong>no solo perjudica a la naturaleza, <\/strong><\/em><br \/><em><strong>pero tambi\u00e9n supone una carga <\/strong><\/em><br \/><em><strong>sus semejantes. <\/strong><\/em><br \/><em><strong>Juntos nos preocupamos <\/strong><\/em><br \/><em><strong>con responsabilidad <\/strong><\/em><br \/><em><strong>\u00a1Actuemos por un medio ambiente limpio y habitable!<\/strong><\/em><\/p>\t\t\t\t\t\t\t\t<\/div>\n\t\t\t\t<\/div>\n\t\t\t\t<\/div>\n\t\t<div class=\"elementor-element elementor-element-cd9da5a e-con-full e-flex e-con e-child\" data-id=\"cd9da5a\" data-element_type=\"container\" data-e-type=\"container\">\n\t\t\t\t<div class=\"elementor-element elementor-element-b26e032 elementor-widget elementor-widget-image\" data-id=\"b26e032\" data-element_type=\"widget\" data-e-type=\"widget\" data-widget_type=\"image.default\">\n\t\t\t\t<div class=\"elementor-widget-container\">\n\t\t\t\t\t\t\t\t\t\t\t\t\t\t\t<img fetchpriority=\"high\" decoding=\"async\" width=\"800\" height=\"600\" src=\"https:\/\/costablanca-magazin.com\/wp-content\/uploads\/2024\/09\/20240908_105022-1024x768.jpg\" class=\"attachment-large size-large wp-image-1921\" alt=\"Costa Blanca Mallorca 176\" srcset=\"https:\/\/costablanca-magazin.com\/wp-content\/uploads\/2024\/09\/20240908_105022-1024x768.jpg 1024w, https:\/\/costablanca-magazin.com\/wp-content\/uploads\/2024\/09\/20240908_105022-300x225.jpg 300w, https:\/\/costablanca-magazin.com\/wp-content\/uploads\/2024\/09\/20240908_105022-768x576.jpg 768w, https:\/\/costablanca-magazin.com\/wp-content\/uploads\/2024\/09\/20240908_105022-1536x1152.jpg 1536w, https:\/\/costablanca-magazin.com\/wp-content\/uploads\/2024\/09\/20240908_105022-2048x1536.jpg 2048w\" sizes=\"(max-width: 800px) 100vw, 800px\" \/>\t\t\t\t\t\t\t\t\t\t\t\t\t\t\t<\/div>\n\t\t\t\t<\/div>\n\t\t\t\t<\/div>\n\t\t\t\t\t<\/div>\n\t\t\t\t<\/div>\n\t\t<div class=\"elementor-element elementor-element-86ba80c e-flex e-con-boxed e-con e-parent\" data-id=\"86ba80c\" data-element_type=\"container\" data-e-type=\"container\">\n\t\t\t\t\t<div class=\"e-con-inner\">\n\t\t\t\t<div class=\"elementor-element elementor-element-2e2a8f5 elementor-widget elementor-widget-heading\" data-id=\"2e2a8f5\" data-element_type=\"widget\" data-e-type=\"widget\" data-widget_type=\"heading.default\">\n\t\t\t\t<div class=\"elementor-widget-container\">\n\t\t\t\t\t<h4 class=\"elementor-heading-title elementor-size-default\">Esto tambi\u00e9n podr\u00eda interesarle<\/h4>\t\t\t\t<\/div>\n\t\t\t\t<\/div>\n\t\t\t\t<div class=\"elementor-element elementor-element-0aa25be elementor-grid-4 elementor-grid-tablet-2 elementor-grid-mobile-1 elementor-posts--thumbnail-top elementor-card-shadow-yes elementor-posts__hover-gradient elementor-widget elementor-widget-posts\" data-id=\"0aa25be\" data-element_type=\"widget\" data-e-type=\"widget\" data-settings=\"{&quot;cards_columns&quot;:&quot;4&quot;,&quot;cards_columns_tablet&quot;:&quot;2&quot;,&quot;cards_columns_mobile&quot;:&quot;1&quot;,&quot;cards_row_gap&quot;:{&quot;unit&quot;:&quot;px&quot;,&quot;size&quot;:35,&quot;sizes&quot;:[]},&quot;cards_row_gap_tablet&quot;:{&quot;unit&quot;:&quot;px&quot;,&quot;size&quot;:&quot;&quot;,&quot;sizes&quot;:[]},&quot;cards_row_gap_mobile&quot;:{&quot;unit&quot;:&quot;px&quot;,&quot;size&quot;:&quot;&quot;,&quot;sizes&quot;:[]}}\" data-widget_type=\"posts.cards\">\n\t\t\t\t<div class=\"elementor-widget-container\">\n\t\t\t\t\t\t\t<div class=\"elementor-posts-container elementor-posts elementor-posts--skin-cards elementor-grid\" role=\"list\">\n\t\t\t\t<article class=\"elementor-post elementor-grid-item post-11484 post type-post status-publish format-standard has-post-thumbnail hentry category-veranstaltungen-events tag-costa-blanca-2 tag-events-costa-blanca tag-fiestas-costa-blanca tag-konzerte-costa-blanca tag-kultur-costa-blanca tag-veranstaltungen-costa-blanca-mai tag-veranstaltungskalender-costa-blanca\" role=\"listitem\">\n\t\t\t<div class=\"elementor-post__card\">\n\t\t\t\t<a class=\"elementor-post__thumbnail__link\" href=\"https:\/\/costablanca-magazin.com\/es\/freizeit\/veranstaltungen-events\/veranstaltungen-un-events-an-der-costa-blanca-mai-2026\/\" tabindex=\"-1\" ><div class=\"elementor-post__thumbnail\"><img decoding=\"async\" width=\"300\" height=\"169\" src=\"https:\/\/costablanca-magazin.com\/wp-content\/uploads\/2026\/05\/AdobeStock_296419932-300x169.jpeg\" class=\"attachment-medium size-medium wp-image-11485\" alt=\"Eventos Costa Blanca - Mayo 2026\" srcset=\"https:\/\/costablanca-magazin.com\/wp-content\/uploads\/2026\/05\/AdobeStock_296419932-300x169.jpeg 300w, https:\/\/costablanca-magazin.com\/wp-content\/uploads\/2026\/05\/AdobeStock_296419932-1024x576.jpeg 1024w, https:\/\/costablanca-magazin.com\/wp-content\/uploads\/2026\/05\/AdobeStock_296419932-768x432.jpeg 768w, https:\/\/costablanca-magazin.com\/wp-content\/uploads\/2026\/05\/AdobeStock_296419932-1536x864.jpeg 1536w, https:\/\/costablanca-magazin.com\/wp-content\/uploads\/2026\/05\/AdobeStock_296419932-2048x1152.jpeg 2048w, https:\/\/costablanca-magazin.com\/wp-content\/uploads\/2026\/05\/AdobeStock_296419932-18x10.jpeg 18w\" sizes=\"(max-width: 300px) 100vw, 300px\" \/><\/div><\/a>\n\t\t\t\t<div class=\"elementor-post__text\">\n\t\t\t\t<h3 class=\"elementor-post__title\">\n\t\t\t<a href=\"https:\/\/costablanca-magazin.com\/es\/freizeit\/veranstaltungen-events\/veranstaltungen-un-events-an-der-costa-blanca-mai-2026\/\" >\n\t\t\t\tEventos en la Costa Blanca - Mayo 2026\t\t\t<\/a>\n\t\t<\/h3>\n\t\t\t\t<\/div>\n\t\t\t\t\t<\/div>\n\t\t<\/article>\n\t\t\t\t<article class=\"elementor-post elementor-grid-item post-11423 post type-post status-publish format-standard has-post-thumbnail hentry category-veranstaltungen-events tag-fiestas-costa-blanca-2026 tag-moros-y-cristianos-benidorm tag-moros-y-cristianos-costa-blanca-2026 tag-moros-y-cristianos-denia tag-moros-y-cristianos-termine-2026 tag-moros-y-cristianos-villajoyosa\" role=\"listitem\">\n\t\t\t<div class=\"elementor-post__card\">\n\t\t\t\t<a class=\"elementor-post__thumbnail__link\" href=\"https:\/\/costablanca-magazin.com\/es\/freizeit\/veranstaltungen-events\/moros-y-cristianos-costa-blanca-2026-termine-und-feste\/\" tabindex=\"-1\" ><div class=\"elementor-post__thumbnail\"><img decoding=\"async\" width=\"300\" height=\"135\" src=\"https:\/\/costablanca-magazin.com\/wp-content\/uploads\/2025\/09\/calpe-moros-300x135.jpg\" class=\"attachment-medium size-medium wp-image-8738\" alt=\"Calpe moros y cristianos\" srcset=\"https:\/\/costablanca-magazin.com\/wp-content\/uploads\/2025\/09\/calpe-moros-300x135.jpg 300w, https:\/\/costablanca-magazin.com\/wp-content\/uploads\/2025\/09\/calpe-moros-1024x460.jpg 1024w, https:\/\/costablanca-magazin.com\/wp-content\/uploads\/2025\/09\/calpe-moros-768x345.jpg 768w, https:\/\/costablanca-magazin.com\/wp-content\/uploads\/2025\/09\/calpe-moros.jpg 1200w\" sizes=\"(max-width: 300px) 100vw, 300px\" \/><\/div><\/a>\n\t\t\t\t<div class=\"elementor-post__text\">\n\t\t\t\t<h3 class=\"elementor-post__title\">\n\t\t\t<a href=\"https:\/\/costablanca-magazin.com\/es\/freizeit\/veranstaltungen-events\/moros-y-cristianos-costa-blanca-2026-termine-und-feste\/\" >\n\t\t\t\tMoros y Cristianos Costa Blanca 2026 - Fechas y festividades\t\t\t<\/a>\n\t\t<\/h3>\n\t\t\t\t<\/div>\n\t\t\t\t\t<\/div>\n\t\t<\/article>\n\t\t\t\t<article class=\"elementor-post elementor-grid-item post-11405 post type-post status-publish format-standard has-post-thumbnail hentry category-news-politik tag-airlines-spanien tag-fluege-alicante tag-fluege-valencia tag-iran-konflikt-flugpreise tag-jet-fuel-spanien tag-kerosinpreise-europa\" role=\"listitem\">\n\t\t\t<div class=\"elementor-post__card\">\n\t\t\t\t<a class=\"elementor-post__thumbnail__link\" href=\"https:\/\/costablanca-magazin.com\/es\/lokales\/news-politik\/iran-konflikt-und-flugpreise-was-alicante-und-valencia-wirklich-erwartet\/\" tabindex=\"-1\" ><div class=\"elementor-post__thumbnail\"><img loading=\"lazy\" decoding=\"async\" width=\"300\" height=\"227\" src=\"https:\/\/costablanca-magazin.com\/wp-content\/uploads\/2026\/04\/die-inselzeitung-mallorca-255-300x227.jpg\" class=\"attachment-medium size-medium wp-image-11406\" alt=\"Conflicto con Ir\u00e1n y precios de los vuelos: Lo que realmente les espera a Alicante y Valencia\" srcset=\"https:\/\/costablanca-magazin.com\/wp-content\/uploads\/2026\/04\/die-inselzeitung-mallorca-255-300x227.jpg 300w, https:\/\/costablanca-magazin.com\/wp-content\/uploads\/2026\/04\/die-inselzeitung-mallorca-255-1024x776.jpg 1024w, https:\/\/costablanca-magazin.com\/wp-content\/uploads\/2026\/04\/die-inselzeitung-mallorca-255-768x582.jpg 768w, https:\/\/costablanca-magazin.com\/wp-content\/uploads\/2026\/04\/die-inselzeitung-mallorca-255-1536x1164.jpg 1536w, https:\/\/costablanca-magazin.com\/wp-content\/uploads\/2026\/04\/die-inselzeitung-mallorca-255-2048x1552.jpg 2048w, https:\/\/costablanca-magazin.com\/wp-content\/uploads\/2026\/04\/die-inselzeitung-mallorca-255-16x12.jpg 16w\" sizes=\"(max-width: 300px) 100vw, 300px\" \/><\/div><\/a>\n\t\t\t\t<div class=\"elementor-post__text\">\n\t\t\t\t<h3 class=\"elementor-post__title\">\n\t\t\t<a href=\"https:\/\/costablanca-magazin.com\/es\/lokales\/news-politik\/iran-konflikt-und-flugpreise-was-alicante-und-valencia-wirklich-erwartet\/\" >\n\t\t\t\tConflicto con Ir\u00e1n y precios de los vuelos: Lo que realmente les espera a Alicante y Valencia\t\t\t<\/a>\n\t\t<\/h3>\n\t\t\t\t<\/div>\n\t\t\t\t\t<\/div>\n\t\t<\/article>\n\t\t\t\t<article class=\"elementor-post elementor-grid-item post-11389 post type-post status-publish format-standard has-post-thumbnail hentry category-leben-in-spanien tag-antrag-pflege-spanien tag-comunitat-valenciana-pflege tag-dependencia-costa-blanca tag-pflege-costa-blanca tag-pflegegrad-spanien tag-pflegehilfe-alicante\" role=\"listitem\">\n\t\t\t<div class=\"elementor-post__card\">\n\t\t\t\t<a class=\"elementor-post__thumbnail__link\" href=\"https:\/\/costablanca-magazin.com\/es\/residenten\/leben-in-spanien\/pflege-an-der-costa-blanca-leistungen-antrag-und-hilfe\/\" tabindex=\"-1\" ><div class=\"elementor-post__thumbnail\"><img loading=\"lazy\" decoding=\"async\" width=\"300\" height=\"100\" src=\"https:\/\/costablanca-magazin.com\/wp-content\/uploads\/2026\/04\/AdobeStock_210113313-300x100.jpeg\" class=\"attachment-medium size-medium wp-image-11390\" alt=\"Cuando el cuidado se convierte de repente en un problema en la Costa Blanca\" srcset=\"https:\/\/costablanca-magazin.com\/wp-content\/uploads\/2026\/04\/AdobeStock_210113313-300x100.jpeg 300w, https:\/\/costablanca-magazin.com\/wp-content\/uploads\/2026\/04\/AdobeStock_210113313-1024x341.jpeg 1024w, https:\/\/costablanca-magazin.com\/wp-content\/uploads\/2026\/04\/AdobeStock_210113313-768x256.jpeg 768w, https:\/\/costablanca-magazin.com\/wp-content\/uploads\/2026\/04\/AdobeStock_210113313-1536x512.jpeg 1536w, https:\/\/costablanca-magazin.com\/wp-content\/uploads\/2026\/04\/AdobeStock_210113313-2048x682.jpeg 2048w, https:\/\/costablanca-magazin.com\/wp-content\/uploads\/2026\/04\/AdobeStock_210113313-18x6.jpeg 18w\" sizes=\"(max-width: 300px) 100vw, 300px\" \/><\/div><\/a>\n\t\t\t\t<div class=\"elementor-post__text\">\n\t\t\t\t<h3 class=\"elementor-post__title\">\n\t\t\t<a href=\"https:\/\/costablanca-magazin.com\/es\/residenten\/leben-in-spanien\/pflege-an-der-costa-blanca-leistungen-antrag-und-hilfe\/\" >\n\t\t\t\tCuidados en la Costa Blanca - prestaciones, solicitud y asistencia\t\t\t<\/a>\n\t\t<\/h3>\n\t\t\t\t<\/div>\n\t\t\t\t\t<\/div>\n\t\t<\/article>\n\t\t\t\t<\/div>\n\t\t\n\t\t\t\t\t\t<\/div>\n\t\t\t\t<\/div>\n\t\t\t\t\t<\/div>\n\t\t\t\t<\/div>\n\t\t\t\t<\/div>","protected":false},"excerpt":{"rendered":"<p>M\u00fcllentsorgung: So trennen Sie richtig Die meisten wissen, wie M\u00fclltrennung funktioniert \u2013 aber falls es doch einmal Unsicherheiten gibt, hier ein paar hilfreiche Tipps f\u00fcr<\/p>","protected":false},"author":1,"featured_media":1919,"comment_status":"closed","ping_status":"closed","sticky":false,"template":"elementor_header_footer","format":"standard","meta":{"om_disable_all_campaigns":false,"_monsterinsights_skip_tracking":false,"_monsterinsights_sitenote_active":false,"_monsterinsights_sitenote_note":"","_monsterinsights_sitenote_category":0,"footnotes":""},"categories":[15],"tags":[186,185,184],"class_list":["post-1918","post","type-post","status-publish","format-standard","has-post-thumbnail","hentry","category-leben-in-spanien","tag-adressen-muellentsorgung-costa-blanca","tag-muellentsorgen-costa-blaca","tag-muelltrennung"],"aioseo_notices":[],"_links":{"self":[{"href":"https:\/\/costablanca-magazin.com\/es\/wp-json\/wp\/v2\/posts\/1918","targetHints":{"allow":["GET"]}}],"collection":[{"href":"https:\/\/costablanca-magazin.com\/es\/wp-json\/wp\/v2\/posts"}],"about":[{"href":"https:\/\/costablanca-magazin.com\/es\/wp-json\/wp\/v2\/types\/post"}],"author":[{"embeddable":true,"href":"https:\/\/costablanca-magazin.com\/es\/wp-json\/wp\/v2\/users\/1"}],"replies":[{"embeddable":true,"href":"https:\/\/costablanca-magazin.com\/es\/wp-json\/wp\/v2\/comments?post=1918"}],"version-history":[{"count":16,"href":"https:\/\/costablanca-magazin.com\/es\/wp-json\/wp\/v2\/posts\/1918\/revisions"}],"predecessor-version":[{"id":6168,"href":"https:\/\/costablanca-magazin.com\/es\/wp-json\/wp\/v2\/posts\/1918\/revisions\/6168"}],"wp:featuredmedia":[{"embeddable":true,"href":"https:\/\/costablanca-magazin.com\/es\/wp-json\/wp\/v2\/media\/1919"}],"wp:attachment":[{"href":"https:\/\/costablanca-magazin.com\/es\/wp-json\/wp\/v2\/media?parent=1918"}],"wp:term":[{"taxonomy":"category","embeddable":true,"href":"https:\/\/costablanca-magazin.com\/es\/wp-json\/wp\/v2\/categories?post=1918"},{"taxonomy":"post_tag","embeddable":true,"href":"https:\/\/costablanca-magazin.com\/es\/wp-json\/wp\/v2\/tags?post=1918"}],"curies":[{"name":"wp","href":"https:\/\/api.w.org\/{rel}","templated":true}]}}