{"id":1452,"date":"2024-06-21T13:05:50","date_gmt":"2024-06-21T11:05:50","guid":{"rendered":"https:\/\/costablanca-magazin.com\/?p=1452"},"modified":"2025-04-28T08:39:06","modified_gmt":"2025-04-28T06:39:06","slug":"las-clinicas-de-verano-de-la-oficina-de-salud-publica-de-denia-comienzan-a-finales-de-junio","status":"publish","type":"post","link":"https:\/\/costablanca-magazin.com\/es\/lokales\/infos\/sommerkliniken-des-gesundheitsamtes-denia-starten-ende-juni\/","title":{"rendered":"Las consultas de verano de las autoridades sanitarias de D\u00e9nia comienzan a finales de junio"},"content":{"rendered":"<div data-elementor-type=\"wp-post\" data-elementor-id=\"1452\" class=\"elementor elementor-1452\" data-elementor-post-type=\"post\">\n\t\t\t\t<div class=\"elementor-element elementor-element-722633c e-flex e-con-boxed e-con e-parent\" data-id=\"722633c\" data-element_type=\"container\" data-e-type=\"container\">\n\t\t\t\t\t<div class=\"e-con-inner\">\n\t\t\t\t<div class=\"elementor-element elementor-element-57583f7 elementor-widget elementor-widget-heading\" data-id=\"57583f7\" data-element_type=\"widget\" data-e-type=\"widget\" data-widget_type=\"heading.default\">\n\t\t\t\t<div class=\"elementor-widget-container\">\n\t\t\t\t\t<h1 class=\"elementor-heading-title elementor-size-default\"> Las cl\u00ednicas de verano de las autoridades sanitarias de D\u00e9nia comienzan a finales de<\/h1>\t\t\t\t<\/div>\n\t\t\t\t<\/div>\n\t\t\t\t\t<\/div>\n\t\t\t\t<\/div>\n\t\t<div class=\"elementor-element elementor-element-80e8998 e-flex e-con-boxed e-con e-parent\" data-id=\"80e8998\" data-element_type=\"container\" data-e-type=\"container\">\n\t\t\t\t\t<div class=\"e-con-inner\">\n\t\t<div class=\"elementor-element elementor-element-73aa242 e-con-full e-flex e-con e-child\" data-id=\"73aa242\" data-element_type=\"container\" data-e-type=\"container\">\n\t\t\t\t<div class=\"elementor-element elementor-element-2673d09 elementor-widget elementor-widget-text-editor\" data-id=\"2673d09\" data-element_type=\"widget\" data-e-type=\"widget\" data-widget_type=\"text-editor.default\">\n\t\t\t\t<div class=\"elementor-widget-container\">\n\t\t\t\t\t\t\t\t\t<p>El Departamento de Salud de D\u00e9nia reforzar\u00e1 los servicios sanitarios en las principales zonas tur\u00edsticas de la Marina Alta a partir del martes 25 de junio con la apertura de consultorios asistenciales de temporada. Estas cl\u00ednicas est\u00e1n situadas en la playa del Arenal en X\u00e0bia\/Javea y La Fossa en Calpe. La cl\u00ednica de Les Marines en D\u00e9nia iniciar\u00e1 sus servicios a principios de julio.<\/p><p>El pasado verano 2023 se realizaron m\u00e1s de 11.500 consultas en los consultorios de verano. La cl\u00ednica de Calpe fue la m\u00e1s activa con m\u00e1s de 3.800 consultas, seguida de X\u00e0bia\/Javea con casi 3.500 y D\u00e9nia con 2.800. El mes de agosto fue el de mayor actividad con 5.000 consultas, seg\u00fan ha informado el departamento de D\u00e9nia en un comunicado.<\/p><h2>Garantizar la prestaci\u00f3n de asistencia sanitaria<\/h2><p>Con la apertura de los consultorios de verano se pretende garantizar una asistencia sanitaria accesible a la poblaci\u00f3n durante los meses de mayor afluencia tur\u00edstica y la correspondiente presi\u00f3n sobre el sistema sanitario. Estos dispensarios acercan la asistencia m\u00e9dica a los residentes y visitantes de las zonas costeras durante los meses de verano, evitando largos desplazamientos a los centros de salud habituales. Esto tambi\u00e9n agiliza la atenci\u00f3n en caso de urgencias o incidentes menores.<\/p>\t\t\t\t\t\t\t\t<\/div>\n\t\t\t\t<\/div>\n\t\t\t\t<\/div>\n\t\t<div class=\"elementor-element elementor-element-2f04198 e-con-full e-flex e-con e-child\" data-id=\"2f04198\" data-element_type=\"container\" data-e-type=\"container\">\n\t\t\t\t<div class=\"elementor-element elementor-element-4a7f1b4 elementor-widget elementor-widget-text-editor\" data-id=\"4a7f1b4\" data-element_type=\"widget\" data-e-type=\"widget\" data-widget_type=\"text-editor.default\">\n\t\t\t\t<div class=\"elementor-widget-container\">\n\t\t\t\t\t\t\t\t\t<h3>Ubicaci\u00f3n de los dispensarios de verano<\/h3><p>Como en a\u00f1os anteriores, el centro de asesoramiento est\u00e1 situado en<\/p><ul><li><strong>D\u00e9nia<\/strong> en el kil\u00f3metro 4 de la Carretera de Les Marines.<\/li><li><strong>X\u00e0bia\/Javea\u00a0<\/strong> la cl\u00ednica est\u00e1 situada en la Avenida de Par\u00eds, 18, en la playa del Arenal.<\/li><li>La cl\u00ednica estacional de <strong>Calpe<\/strong> es tambi\u00e9n un establecimiento permanente y est\u00e1 situado en la Avenida Juan Carlos I, n\u00ba 3, en la Playa de la Fossa.<\/li><\/ul><p>\u00a0<\/p><p>Adem\u00e1s, la cl\u00ednica de <strong>Moraira<\/strong>, que ofrece atenci\u00f3n m\u00e9dica durante todo el a\u00f1o, ampliar\u00e1 su horario de apertura entre el 1 de julio y el 31 de agosto hasta las 18.00 horas.<\/p><p>Con la apertura de los consultorios de verano, la autoridad sanitaria de D\u00e9nia garantiza a residentes y turistas un acceso r\u00e1pido y f\u00e1cil a la atenci\u00f3n m\u00e9dica durante los ajetreados meses estivales. Esta medida contribuye significativamente a aliviar la presi\u00f3n sobre los centros de salud habituales y mejora la asistencia m\u00e9dica en las comarcas costeras de la Marina Alta.<\/p>\t\t\t\t\t\t\t\t<\/div>\n\t\t\t\t<\/div>\n\t\t\t\t<\/div>\n\t\t\t\t\t<\/div>\n\t\t\t\t<\/div>\n\t\t<div class=\"elementor-element elementor-element-07865b6 e-flex e-con-boxed e-con e-parent\" data-id=\"07865b6\" data-element_type=\"container\" data-e-type=\"container\">\n\t\t\t\t\t<div class=\"e-con-inner\">\n\t\t\t\t<div class=\"elementor-element elementor-element-594c63f elementor-widget elementor-widget-heading\" data-id=\"594c63f\" data-element_type=\"widget\" data-e-type=\"widget\" data-widget_type=\"heading.default\">\n\t\t\t\t<div class=\"elementor-widget-container\">\n\t\t\t\t\t<h2 class=\"elementor-heading-title elementor-size-default\">Direcciones importantes en caso de emergencia m\u00e9dica en Marina Alta y Marina Baja <\/h2>\t\t\t\t<\/div>\n\t\t\t\t<\/div>\n\t\t\t\t\t<\/div>\n\t\t\t\t<\/div>\n\t\t<div class=\"elementor-element elementor-element-a1cd73a e-flex e-con-boxed e-con e-parent\" data-id=\"a1cd73a\" data-element_type=\"container\" data-e-type=\"container\">\n\t\t\t\t\t<div class=\"e-con-inner\">\n\t\t<div class=\"elementor-element elementor-element-efe6569 e-con-full e-flex e-con e-child\" data-id=\"efe6569\" data-element_type=\"container\" data-e-type=\"container\">\n\t\t\t\t<div class=\"elementor-element elementor-element-e6a6c2e elementor-widget elementor-widget-text-editor\" data-id=\"e6a6c2e\" data-element_type=\"widget\" data-e-type=\"widget\" data-widget_type=\"text-editor.default\">\n\t\t\t\t<div class=\"elementor-widget-container\">\n\t\t\t\t\t\t\t\t\t<h4>Hospitales<\/h4><ol><li><p><strong>Hospital de D\u00e9nia (Marina Salud)<\/strong><\/p><ul><li>Direcci\u00f3n: Partida Beniadl\u00e0, s\/n, 03700 D\u00e9nia, Alicante<\/li><li>Tel\u00e9fono: +34 966 429 000<\/li><\/ul><\/li><li><p><strong>Hospital Cl\u00ednica Benidorm<\/strong><\/p><ul><li>Direcci\u00f3n: Avenida Alfonso Puchades, 8, 03501 Benidorm, Alicante<\/li><li>Tel\u00e9fono: +34 965 853 850<\/li><\/ul><\/li><li><p><strong>IMED Levante<\/strong><\/p><ul><li>Direcci\u00f3n: Calle Dr Ram\u00f3n y Cajal, 7, 03503 Benidorm, Alicante<\/li><li>Tel\u00e9fono: +34 966 87 87 87<\/li><\/ul><\/li><li><p><strong>Hospital Cl\u00ednica Benidorm - IMED Teulada<\/strong><\/p><ul><li>Direcci\u00f3n: Calle M\u00f3stoles, 1, 03725 Teulada, Alicante<\/li><li>Tel\u00e9fono: +34 966 49 76 00<\/li><\/ul><\/li><li><p><strong>Hospital Marina Baixa<\/strong><\/p><ul><li>Direcci\u00f3n: Carrer Dr Fleming, s\/n, 03570 La Vila Joiosa, Alicante<\/li><li>Tel\u00e9fono: +34 966 859 750<\/li><\/ul><\/li><\/ol>\t\t\t\t\t\t\t\t<\/div>\n\t\t\t\t<\/div>\n\t\t\t\t<\/div>\n\t\t<div class=\"elementor-element elementor-element-9b36f28 e-con-full e-flex e-con e-child\" data-id=\"9b36f28\" data-element_type=\"container\" data-e-type=\"container\">\n\t\t\t\t<div class=\"elementor-element elementor-element-65a420b elementor-widget elementor-widget-text-editor\" data-id=\"65a420b\" data-element_type=\"widget\" data-e-type=\"widget\" data-widget_type=\"text-editor.default\">\n\t\t\t\t<div class=\"elementor-widget-container\">\n\t\t\t\t\t\t\t\t\t<h4>Centros m\u00e9dicos<\/h4><ol><li><p><strong>Centro de Salud D\u00e9nia<\/strong><\/p><ul><li>Direcci\u00f3n: Avenida de Miguel Hern\u00e1ndez, 12, 03700 D\u00e9nia, Alicante<\/li><li>Tel\u00e9fono: +34 966 428 950<\/li><\/ul><\/li><li><p><strong>Centro de Salud J\u00e1vea<\/strong><\/p><ul><li>Direcci\u00f3n: Calle Rafael Echag\u00fce, 9, 03730 J\u00e1vea, Alicante<\/li><li>Tel\u00e9fono: +34 966 46 00 77<\/li><\/ul><\/li><li><p><strong>Centro de Salud Teulada<\/strong><\/p><ul><li>Direcci\u00f3n: Calle Alicante, 18, 03725 Teulada, Alicante<\/li><li>Tel\u00e9fono<strong>:<\/strong> +34 966 49 72 70<\/li><\/ul><\/li><li><p><strong>Centro de Salud Calp<\/strong><\/p><ul><li>Direcci\u00f3n: Calle Gibraltar, 1, 03710 Calp, Alicante<\/li><li>Tel\u00e9fono: +34 965 837 299<\/li><\/ul><\/li><li><p><strong>Centro de Salud Benidorm<\/strong><\/p><ul><li>Direcci\u00f3n: Avenida Beniard\u00e1, 35, 03502 Benidorm, Alicante<\/li><li>Tel\u00e9fono: +34 965 85 37 33<\/li><\/ul><\/li><li><p><strong>Centro de Salud Villajoyosa<\/strong><\/p><ul><li>Direcci\u00f3n: Avenida del Pa\u00eds Valenci\u00e0, 3, 03570 La Vila Joiosa, Alicante<\/li><li>Tel\u00e9fono: +34 966 85 74 11<\/li><\/ul><\/li><li><p><strong>Centro de Salud Altea<\/strong><\/p><ul><li>Direcci\u00f3n: Carrer de la Mar, 34, 03590 Altea, Alicante<\/li><li>Tel\u00e9fono: +34 966 81 19 11<\/li><\/ul><\/li><li><p><strong>Centro de Salud Moraira<\/strong><\/p><ul><li>Direcci\u00f3n: Calle de Calatayud, 1, 03724 Moraira, Alicante<\/li><li>Tel\u00e9fono: +34 966 49 19 92<\/li><\/ul><\/li><li><p><strong>Centro de Salud Alfaz del Pi<\/strong><\/p><ul><li>Direcci\u00f3n: Plaza Jaume I, s\/n, 03580 L'Alf\u00e0s del Pi, Alicante<\/li><li>Tel\u00e9fono: +34 966 81 15 02<\/li><\/ul><\/li><li><p><strong>Centro de Salud Benissa<\/strong><\/p><\/li><\/ol><ul><li>Direcci\u00f3n: Avenida de l'Alc\u00fadia, 3, 03720 Benissa, Alicante<\/li><li>Tel\u00e9fono: +34 965 73 22 70<\/li><\/ul>\t\t\t\t\t\t\t\t<\/div>\n\t\t\t\t<\/div>\n\t\t\t\t<\/div>\n\t\t\t\t\t<\/div>\n\t\t\t\t<\/div>\n\t\t<div class=\"elementor-element elementor-element-757fc07 e-flex e-con-boxed e-con e-parent\" data-id=\"757fc07\" data-element_type=\"container\" data-e-type=\"container\">\n\t\t\t\t\t<div class=\"e-con-inner\">\n\t\t\t\t<div class=\"elementor-element elementor-element-1a98045 elementor-widget elementor-widget-heading\" data-id=\"1a98045\" data-element_type=\"widget\" data-e-type=\"widget\" data-widget_type=\"heading.default\">\n\t\t\t\t<div class=\"elementor-widget-container\">\n\t\t\t\t\t<h3 class=\"elementor-heading-title elementor-size-default\">Esto tambi\u00e9n podr\u00eda interesarle<\/h3>\t\t\t\t<\/div>\n\t\t\t\t<\/div>\n\t\t\t\t<div class=\"elementor-element elementor-element-e064fd8 elementor-grid-4 elementor-grid-tablet-2 elementor-grid-mobile-1 elementor-posts--thumbnail-top elementor-card-shadow-yes elementor-posts__hover-gradient elementor-widget elementor-widget-posts\" data-id=\"e064fd8\" data-element_type=\"widget\" data-e-type=\"widget\" data-settings=\"{&quot;cards_columns&quot;:&quot;4&quot;,&quot;cards_columns_tablet&quot;:&quot;2&quot;,&quot;cards_columns_mobile&quot;:&quot;1&quot;,&quot;cards_row_gap&quot;:{&quot;unit&quot;:&quot;px&quot;,&quot;size&quot;:35,&quot;sizes&quot;:[]},&quot;cards_row_gap_tablet&quot;:{&quot;unit&quot;:&quot;px&quot;,&quot;size&quot;:&quot;&quot;,&quot;sizes&quot;:[]},&quot;cards_row_gap_mobile&quot;:{&quot;unit&quot;:&quot;px&quot;,&quot;size&quot;:&quot;&quot;,&quot;sizes&quot;:[]}}\" data-widget_type=\"posts.cards\">\n\t\t\t\t<div class=\"elementor-widget-container\">\n\t\t\t\t\t\t\t<div class=\"elementor-posts-container elementor-posts elementor-posts--skin-cards elementor-grid\" role=\"list\">\n\t\t\t\t<article class=\"elementor-post elementor-grid-item post-11423 post type-post status-publish format-standard has-post-thumbnail hentry category-veranstaltungen-events tag-fiestas-costa-blanca-2026 tag-moros-y-cristianos-benidorm tag-moros-y-cristianos-costa-blanca-2026 tag-moros-y-cristianos-denia tag-moros-y-cristianos-termine-2026 tag-moros-y-cristianos-villajoyosa\" role=\"listitem\">\n\t\t\t<div class=\"elementor-post__card\">\n\t\t\t\t<a class=\"elementor-post__thumbnail__link\" href=\"https:\/\/costablanca-magazin.com\/es\/freizeit\/veranstaltungen-events\/moros-y-cristianos-costa-blanca-2026-termine-und-feste\/\" tabindex=\"-1\" ><div class=\"elementor-post__thumbnail\"><img decoding=\"async\" width=\"300\" height=\"135\" src=\"https:\/\/costablanca-magazin.com\/wp-content\/uploads\/2025\/09\/calpe-moros-300x135.jpg\" class=\"attachment-medium size-medium wp-image-8738\" alt=\"Calpe moros y cristianos\" srcset=\"https:\/\/costablanca-magazin.com\/wp-content\/uploads\/2025\/09\/calpe-moros-300x135.jpg 300w, https:\/\/costablanca-magazin.com\/wp-content\/uploads\/2025\/09\/calpe-moros-1024x460.jpg 1024w, https:\/\/costablanca-magazin.com\/wp-content\/uploads\/2025\/09\/calpe-moros-768x345.jpg 768w, https:\/\/costablanca-magazin.com\/wp-content\/uploads\/2025\/09\/calpe-moros.jpg 1200w\" sizes=\"(max-width: 300px) 100vw, 300px\" \/><\/div><\/a>\n\t\t\t\t<div class=\"elementor-post__text\">\n\t\t\t\t<h3 class=\"elementor-post__title\">\n\t\t\t<a href=\"https:\/\/costablanca-magazin.com\/es\/freizeit\/veranstaltungen-events\/moros-y-cristianos-costa-blanca-2026-termine-und-feste\/\" >\n\t\t\t\tMoros y Cristianos Costa Blanca 2026 - Fechas y festividades\t\t\t<\/a>\n\t\t<\/h3>\n\t\t\t\t<\/div>\n\t\t\t\t\t<\/div>\n\t\t<\/article>\n\t\t\t\t<article class=\"elementor-post elementor-grid-item post-11405 post type-post status-publish format-standard has-post-thumbnail hentry category-news-politik tag-airlines-spanien tag-fluege-alicante tag-fluege-valencia tag-iran-konflikt-flugpreise tag-jet-fuel-spanien tag-kerosinpreise-europa\" role=\"listitem\">\n\t\t\t<div class=\"elementor-post__card\">\n\t\t\t\t<a class=\"elementor-post__thumbnail__link\" href=\"https:\/\/costablanca-magazin.com\/es\/lokales\/news-politik\/iran-konflikt-und-flugpreise-was-alicante-und-valencia-wirklich-erwartet\/\" tabindex=\"-1\" ><div class=\"elementor-post__thumbnail\"><img fetchpriority=\"high\" decoding=\"async\" width=\"300\" height=\"227\" src=\"https:\/\/costablanca-magazin.com\/wp-content\/uploads\/2026\/04\/die-inselzeitung-mallorca-255-300x227.jpg\" class=\"attachment-medium size-medium wp-image-11406\" alt=\"Conflicto con Ir\u00e1n y precios de los vuelos: Lo que realmente les espera a Alicante y Valencia\" srcset=\"https:\/\/costablanca-magazin.com\/wp-content\/uploads\/2026\/04\/die-inselzeitung-mallorca-255-300x227.jpg 300w, https:\/\/costablanca-magazin.com\/wp-content\/uploads\/2026\/04\/die-inselzeitung-mallorca-255-1024x776.jpg 1024w, https:\/\/costablanca-magazin.com\/wp-content\/uploads\/2026\/04\/die-inselzeitung-mallorca-255-768x582.jpg 768w, https:\/\/costablanca-magazin.com\/wp-content\/uploads\/2026\/04\/die-inselzeitung-mallorca-255-1536x1164.jpg 1536w, https:\/\/costablanca-magazin.com\/wp-content\/uploads\/2026\/04\/die-inselzeitung-mallorca-255-2048x1552.jpg 2048w, https:\/\/costablanca-magazin.com\/wp-content\/uploads\/2026\/04\/die-inselzeitung-mallorca-255-16x12.jpg 16w\" sizes=\"(max-width: 300px) 100vw, 300px\" \/><\/div><\/a>\n\t\t\t\t<div class=\"elementor-post__text\">\n\t\t\t\t<h3 class=\"elementor-post__title\">\n\t\t\t<a href=\"https:\/\/costablanca-magazin.com\/es\/lokales\/news-politik\/iran-konflikt-und-flugpreise-was-alicante-und-valencia-wirklich-erwartet\/\" >\n\t\t\t\tConflicto con Ir\u00e1n y precios de los vuelos: Lo que realmente les espera a Alicante y Valencia\t\t\t<\/a>\n\t\t<\/h3>\n\t\t\t\t<\/div>\n\t\t\t\t\t<\/div>\n\t\t<\/article>\n\t\t\t\t<article class=\"elementor-post elementor-grid-item post-11389 post type-post status-publish format-standard has-post-thumbnail hentry category-leben-in-spanien tag-antrag-pflege-spanien tag-comunitat-valenciana-pflege tag-dependencia-costa-blanca tag-pflege-costa-blanca tag-pflegegrad-spanien tag-pflegehilfe-alicante\" role=\"listitem\">\n\t\t\t<div class=\"elementor-post__card\">\n\t\t\t\t<a class=\"elementor-post__thumbnail__link\" href=\"https:\/\/costablanca-magazin.com\/es\/residenten\/leben-in-spanien\/pflege-an-der-costa-blanca-leistungen-antrag-und-hilfe\/\" tabindex=\"-1\" ><div class=\"elementor-post__thumbnail\"><img decoding=\"async\" width=\"300\" height=\"100\" src=\"https:\/\/costablanca-magazin.com\/wp-content\/uploads\/2026\/04\/AdobeStock_210113313-300x100.jpeg\" class=\"attachment-medium size-medium wp-image-11390\" alt=\"Cuando el cuidado se convierte de repente en un problema en la Costa Blanca\" srcset=\"https:\/\/costablanca-magazin.com\/wp-content\/uploads\/2026\/04\/AdobeStock_210113313-300x100.jpeg 300w, https:\/\/costablanca-magazin.com\/wp-content\/uploads\/2026\/04\/AdobeStock_210113313-1024x341.jpeg 1024w, https:\/\/costablanca-magazin.com\/wp-content\/uploads\/2026\/04\/AdobeStock_210113313-768x256.jpeg 768w, https:\/\/costablanca-magazin.com\/wp-content\/uploads\/2026\/04\/AdobeStock_210113313-1536x512.jpeg 1536w, https:\/\/costablanca-magazin.com\/wp-content\/uploads\/2026\/04\/AdobeStock_210113313-2048x682.jpeg 2048w, https:\/\/costablanca-magazin.com\/wp-content\/uploads\/2026\/04\/AdobeStock_210113313-18x6.jpeg 18w\" sizes=\"(max-width: 300px) 100vw, 300px\" \/><\/div><\/a>\n\t\t\t\t<div class=\"elementor-post__text\">\n\t\t\t\t<h3 class=\"elementor-post__title\">\n\t\t\t<a href=\"https:\/\/costablanca-magazin.com\/es\/residenten\/leben-in-spanien\/pflege-an-der-costa-blanca-leistungen-antrag-und-hilfe\/\" >\n\t\t\t\tCuidados en la Costa Blanca - prestaciones, solicitud y asistencia\t\t\t<\/a>\n\t\t<\/h3>\n\t\t\t\t<\/div>\n\t\t\t\t\t<\/div>\n\t\t<\/article>\n\t\t\t\t<article class=\"elementor-post elementor-grid-item post-11377 post type-post status-publish format-standard has-post-thumbnail hentry category-leben-in-spanien tag-geburt-spanien tag-mutterschutz-spanien tag-schwangerschaft-costa-blanca tag-seguridad-social-schwangerschaft\" role=\"listitem\">\n\t\t\t<div class=\"elementor-post__card\">\n\t\t\t\t<a class=\"elementor-post__thumbnail__link\" href=\"https:\/\/costablanca-magazin.com\/es\/residenten\/leben-in-spanien\/schwangerschaft-an-der-costa-blanca-vorsorge-mutterschutz\/\" tabindex=\"-1\" ><div class=\"elementor-post__thumbnail\"><img loading=\"lazy\" decoding=\"async\" width=\"300\" height=\"98\" src=\"https:\/\/costablanca-magazin.com\/wp-content\/uploads\/2026\/04\/smiling-happy-pregnant-woman-wear-casual-dress-ove-2023-11-27-05-23-42-utc-e1776345378550-300x98.jpg\" class=\"attachment-medium size-medium wp-image-11381\" alt=\"Embarazada en la Costa Blanca: embarazo, parto, protecci\u00f3n de la maternidad y prestaciones econ\u00f3micas en Espa\u00f1a\" srcset=\"https:\/\/costablanca-magazin.com\/wp-content\/uploads\/2026\/04\/smiling-happy-pregnant-woman-wear-casual-dress-ove-2023-11-27-05-23-42-utc-e1776345378550-300x98.jpg 300w, https:\/\/costablanca-magazin.com\/wp-content\/uploads\/2026\/04\/smiling-happy-pregnant-woman-wear-casual-dress-ove-2023-11-27-05-23-42-utc-e1776345378550-1024x334.jpg 1024w, https:\/\/costablanca-magazin.com\/wp-content\/uploads\/2026\/04\/smiling-happy-pregnant-woman-wear-casual-dress-ove-2023-11-27-05-23-42-utc-e1776345378550-768x251.jpg 768w, https:\/\/costablanca-magazin.com\/wp-content\/uploads\/2026\/04\/smiling-happy-pregnant-woman-wear-casual-dress-ove-2023-11-27-05-23-42-utc-e1776345378550-1536x502.jpg 1536w, https:\/\/costablanca-magazin.com\/wp-content\/uploads\/2026\/04\/smiling-happy-pregnant-woman-wear-casual-dress-ove-2023-11-27-05-23-42-utc-e1776345378550-2048x669.jpg 2048w, https:\/\/costablanca-magazin.com\/wp-content\/uploads\/2026\/04\/smiling-happy-pregnant-woman-wear-casual-dress-ove-2023-11-27-05-23-42-utc-e1776345378550-18x6.jpg 18w\" sizes=\"(max-width: 300px) 100vw, 300px\" \/><\/div><\/a>\n\t\t\t\t<div class=\"elementor-post__text\">\n\t\t\t\t<h3 class=\"elementor-post__title\">\n\t\t\t<a href=\"https:\/\/costablanca-magazin.com\/es\/residenten\/leben-in-spanien\/schwangerschaft-an-der-costa-blanca-vorsorge-mutterschutz\/\" >\n\t\t\t\tEmbarazo Costa Blanca: Prevenci\u00f3n y protecci\u00f3n de la maternidad\t\t\t<\/a>\n\t\t<\/h3>\n\t\t\t\t<\/div>\n\t\t\t\t\t<\/div>\n\t\t<\/article>\n\t\t\t\t<\/div>\n\t\t\n\t\t\t\t\t\t<\/div>\n\t\t\t\t<\/div>\n\t\t\t\t\t<\/div>\n\t\t\t\t<\/div>\n\t\t\t\t<\/div>","protected":false},"excerpt":{"rendered":"<p>Sommerkliniken des Gesundheitsamtes D\u00e9nia starten Ende Das Gesundheitsamt von D\u00e9nia wird ab Dienstag, dem 25. Juni, die Gesundheitsversorgung in den wichtigsten touristischen Gebieten der Marina<\/p>","protected":false},"author":1,"featured_media":1453,"comment_status":"closed","ping_status":"closed","sticky":false,"template":"elementor_header_footer","format":"standard","meta":{"footnotes":""},"categories":[13],"tags":[114,66,115,118,116,117,68],"class_list":["post-1452","post","type-post","status-publish","format-standard","has-post-thumbnail","hentry","category-infos","tag-aerztliche-versorgung-denia","tag-calpe","tag-javea","tag-krankenzentrum-calpe","tag-krankenzentrum-denia","tag-krankenzentrum-javea","tag-moraira"],"aioseo_notices":[],"_links":{"self":[{"href":"https:\/\/costablanca-magazin.com\/es\/wp-json\/wp\/v2\/posts\/1452","targetHints":{"allow":["GET"]}}],"collection":[{"href":"https:\/\/costablanca-magazin.com\/es\/wp-json\/wp\/v2\/posts"}],"about":[{"href":"https:\/\/costablanca-magazin.com\/es\/wp-json\/wp\/v2\/types\/post"}],"author":[{"embeddable":true,"href":"https:\/\/costablanca-magazin.com\/es\/wp-json\/wp\/v2\/users\/1"}],"replies":[{"embeddable":true,"href":"https:\/\/costablanca-magazin.com\/es\/wp-json\/wp\/v2\/comments?post=1452"}],"version-history":[{"count":10,"href":"https:\/\/costablanca-magazin.com\/es\/wp-json\/wp\/v2\/posts\/1452\/revisions"}],"predecessor-version":[{"id":6210,"href":"https:\/\/costablanca-magazin.com\/es\/wp-json\/wp\/v2\/posts\/1452\/revisions\/6210"}],"wp:featuredmedia":[{"embeddable":true,"href":"https:\/\/costablanca-magazin.com\/es\/wp-json\/wp\/v2\/media\/1453"}],"wp:attachment":[{"href":"https:\/\/costablanca-magazin.com\/es\/wp-json\/wp\/v2\/media?parent=1452"}],"wp:term":[{"taxonomy":"category","embeddable":true,"href":"https:\/\/costablanca-magazin.com\/es\/wp-json\/wp\/v2\/categories?post=1452"},{"taxonomy":"post_tag","embeddable":true,"href":"https:\/\/costablanca-magazin.com\/es\/wp-json\/wp\/v2\/tags?post=1452"}],"curies":[{"name":"wp","href":"https:\/\/api.w.org\/{rel}","templated":true}]}}