{"id":11880,"date":"2026-07-17T11:40:00","date_gmt":"2026-07-17T09:40:00","guid":{"rendered":"https:\/\/costablanca-magazin.com\/?p=11880"},"modified":"2026-07-17T11:39:17","modified_gmt":"2026-07-17T09:39:17","slug":"espana-en-la-final-del-mundial-donde-celebra-la-costa-blanca-a-la-furia-roja-en-pantalla-gigante","status":"publish","type":"post","link":"https:\/\/costablanca-magazin.com\/es\/lokales\/infos\/spanien-im-wm-finale-wo-die-costa-blanca-la-furia-roja-auf-grossleinwand-feiert\/","title":{"rendered":"Espa\u00f1a en la final del Mundial: d\u00f3nde celebra la Costa Blanca a \u00abLa Furia Roja\u00bb en pantalla gigante"},"content":{"rendered":"<div data-elementor-type=\"wp-post\" data-elementor-id=\"11880\" class=\"elementor elementor-11880\" data-elementor-post-type=\"post\">\n\t\t\t\t<div class=\"elementor-element elementor-element-a47b8f8 e-flex e-con-boxed e-con e-parent\" data-id=\"a47b8f8\" data-element_type=\"container\" data-e-type=\"container\">\n\t\t\t\t\t<div class=\"e-con-inner\">\n\t\t\t\t<div class=\"elementor-element elementor-element-70abf8f elementor-widget elementor-widget-heading\" data-id=\"70abf8f\" data-element_type=\"widget\" data-e-type=\"widget\" data-widget_type=\"heading.default\">\n\t\t\t\t<div class=\"elementor-widget-container\">\n\t\t\t\t\t<h1 class=\"elementor-heading-title elementor-size-default\">Espa\u00f1a en la final del Mundial: d\u00f3nde celebra la Costa Blanca a \u00abLa Furia Roja\u00bb en pantalla gigante\n\n<\/h1>\t\t\t\t<\/div>\n\t\t\t\t<\/div>\n\t\t\t\t<div class=\"elementor-element elementor-element-65ad8eb elementor-widget elementor-widget-image\" data-id=\"65ad8eb\" data-element_type=\"widget\" data-e-type=\"widget\" data-widget_type=\"image.default\">\n\t\t\t\t<div class=\"elementor-widget-container\">\n\t\t\t\t\t\t\t\t\t\t\t\t\t\t\t<img fetchpriority=\"high\" decoding=\"async\" width=\"800\" height=\"534\" src=\"https:\/\/costablanca-magazin.com\/wp-content\/uploads\/2026\/07\/spanien-im-wm-endspiel-2026-und-publicviewing-mallorca-1024x683.jpg\" class=\"attachment-large size-large wp-image-11881\" alt=\"Espa\u00f1a en la final del Mundial de 2026 y retransmisiones p\u00fablicas en la Costa Blanca\" srcset=\"https:\/\/costablanca-magazin.com\/wp-content\/uploads\/2026\/07\/spanien-im-wm-endspiel-2026-und-publicviewing-mallorca-1024x683.jpg 1024w, https:\/\/costablanca-magazin.com\/wp-content\/uploads\/2026\/07\/spanien-im-wm-endspiel-2026-und-publicviewing-mallorca-300x200.jpg 300w, https:\/\/costablanca-magazin.com\/wp-content\/uploads\/2026\/07\/spanien-im-wm-endspiel-2026-und-publicviewing-mallorca-768x512.jpg 768w, https:\/\/costablanca-magazin.com\/wp-content\/uploads\/2026\/07\/spanien-im-wm-endspiel-2026-und-publicviewing-mallorca-18x12.jpg 18w, https:\/\/costablanca-magazin.com\/wp-content\/uploads\/2026\/07\/spanien-im-wm-endspiel-2026-und-publicviewing-mallorca.jpg 1200w\" sizes=\"(max-width: 800px) 100vw, 800px\" \/>\t\t\t\t\t\t\t\t\t\t\t\t\t\t\t<\/div>\n\t\t\t\t<\/div>\n\t\t\t\t<div class=\"elementor-element elementor-element-a463e16 elementor-widget elementor-widget-heading\" data-id=\"a463e16\" data-element_type=\"widget\" data-e-type=\"widget\" data-widget_type=\"heading.default\">\n\t\t\t\t<div class=\"elementor-widget-container\">\n\t\t\t\t\t<h2 class=\"elementor-heading-title elementor-size-default\">Espa\u00f1a se clasifica para la final del Mundial tras imponerse por 2-0 a Francia. D\u00f3nde se han organizado proyecciones p\u00fablicas en la Costa Blanca: desde Alicante hasta Benidorm, pasando por D\u00e9nia, Calpe y Torrevieja.\n\n<\/h2>\t\t\t\t<\/div>\n\t\t\t\t<\/div>\n\t\t\t\t\t<\/div>\n\t\t\t\t<\/div>\n\t\t<div class=\"elementor-element elementor-element-90b153f e-flex e-con-boxed e-con e-parent\" data-id=\"90b153f\" data-element_type=\"container\" data-e-type=\"container\">\n\t\t\t\t\t<div class=\"e-con-inner\">\n\t\t<div class=\"elementor-element elementor-element-a545c45 e-con-full e-flex e-con e-child\" data-id=\"a545c45\" data-element_type=\"container\" data-e-type=\"container\">\n\t\t\t\t<div class=\"elementor-element elementor-element-95a63c3 elementor-widget elementor-widget-text-editor\" data-id=\"95a63c3\" data-element_type=\"widget\" data-e-type=\"widget\" data-widget_type=\"text-editor.default\">\n\t\t\t\t<div class=\"elementor-widget-container\">\n\t\t\t\t\t\t\t\t\t<p data-olk-copy-source=\"MessageBody\">Espa\u00f1a lo ha conseguido: tras el 2-0 contra Francia, \u201eLa Furia Roja\u201c se clasifica para la final del Mundial de f\u00fatbol. Y, por supuesto, en la Costa Blanca tampoco se va a estar quieto delante del televisor. Ciudades, municipios y organizadores se preparan para el evento futbol\u00edstico del a\u00f1o, con pantallas gigantes, zonas para aficionados y una lista que seguramente seguir\u00e1 creciendo hasta el domingo.<\/p><h2><b data-olk-copy-source=\"MessageBody\">Espa\u00f1a vuelve a la final del Mundial tras 16 a\u00f1os<\/b><\/h2><p>Espa\u00f1a venci\u00f3 a la favorita Francia por 2-0 en semifinales y se clasifica as\u00ed para una final del Mundial por primera vez desde que se proclam\u00f3 campeona en 2010. Los goles los marcaron Mikel Oyarzabal y Pedro Porro. Pero, sobre todo, la Selecci\u00f3n convenci\u00f3 por su control, su serenidad y una defensa que apenas dej\u00f3 respirar a Francia.<\/p><p>Ahora toda Espa\u00f1a espera con expectaci\u00f3n la final del\u00a0<b>Domingo, 19 de julio<\/b>. El rival se decidir\u00e1 en la segunda semifinal, que enfrentar\u00e1 a Inglaterra y Argentina.<\/p><p>En el caso de la Costa Blanca, esto significa que el domingo por la noche habr\u00e1 mucho jaleo en muchos sitios. Much\u00edsimo jaleo. Y mucho ambiente. Quien no quiera animar a la Furia Roja solo en el sof\u00e1, aqu\u00ed encontrar\u00e1 los primeros lugares donde se organizar\u00e1n proyecciones p\u00fablicas. La lista se ir\u00e1 completando a medida que otros municipios confirmen oficialmente sus planes.<\/p><h2><b>Proyecciones p\u00fablicas en la Costa Blanca: estos son los lugares m\u00e1s conocidos<\/b><\/h2><p>Inicialmente se organizaron muchas retransmisiones para la semifinal. Tras el pase a la final, varias ciudades se est\u00e1n sumando a la iniciativa o confirman las pantallas ya previstas. Por eso, es importante consultar de nuevo los canales oficiales justo antes de salir.<\/p><h3><b><span lang=\"es\">Alicante: Centro de Tecnificaci\u00f3n<\/span><\/b><\/h3><p><span lang=\"es\">Alicante apuesta por el Centro de Tecnificaci\u00f3n.\u00a0<\/span>El ayuntamiento ya hab\u00eda destinado las instalaciones a los partidos de la selecci\u00f3n espa\u00f1ola, incluidas las posibles rondas eliminatorias hasta la final. Est\u00e1 previsto instalar dos pantallas gigantes junto al terreno de juego, adem\u00e1s de los marcadores de v\u00eddeo del pabell\u00f3n.<\/p><p>La entrada es gratuita. Seg\u00fan la informaci\u00f3n disponible hasta el momento, las puertas se abrir\u00e1n una hora antes del inicio del partido. No est\u00e1 permitido traer bebidas alcoh\u00f3licas.<\/p><p><b>Estado:<\/b>\u00a0previsto para el recorrido de Espa\u00f1a en el Mundial hasta la final<br \/><b>Lugar:<\/b>\u00a0Centro de Tecnificaci\u00f3n, Alicante<br \/><b>Entrada:<\/b>\u00a0gratis<br \/><b>Nota:<\/b>\u00a0Acceso hasta completar el aforo, no se permiten bebidas alcoh\u00f3licas.<\/p><h3><b>Alicante: El Muelle en directo<\/b><\/h3><p>Tambi\u00e9n \u00abEl Muelle Live\u00bb, en el puerto de Alicante, ya se hab\u00eda posicionado como punto de encuentro para los aficionados al f\u00fatbol con motivo de las semifinales. En lugar de una velada musical, hubo pantalla gigante, actuaci\u00f3n previa, oferta gastron\u00f3mica y mucho rojo y amarillo.<\/p><p>Para la final, habr\u00eda que consultar directamente con el organizador para saber si el formato se repetir\u00e1 el domingo.<\/p><p><b>Estado:<\/b>\u00a0Semifinal confirmada, la final a\u00fan est\u00e1 por confirmar<br \/><b>Lugar:<\/b>\u00a0El Muelle Live, Puerto de Alicante<br \/><b>Entrada:<\/b>\u00a0Gratis, seg\u00fan el formato actual, hasta alcanzar el l\u00edmite de capacidad<br \/><b>Nota:<\/b>\u00a0En los eventos que se celebren en el puerto, el acceso puede restringirse con poca antelaci\u00f3n.<\/p><h3><b>Benidorm: Auditorio Julio Iglesias<\/b><\/h3><p>Cuando Benidorm ve el f\u00fatbol, no suele hacerlo en voz baja. Para la semifinal, se hab\u00eda anunciado que el Auditorio Julio Iglesias ser\u00eda el gran punto de encuentro. Las puertas se abrieron a partir de las 18:00 h, la entrada era gratuita y, adem\u00e1s, hab\u00eda comida, bebida y m\u00fasica antes del pitido inicial.<\/p><p>Es l\u00f3gico pensar que Benidorm quiera volver a organizar la final a lo grande. No obstante, a\u00fan habr\u00eda que confirmar los detalles oficiales de la final.<\/p><p><b>Estado:<\/b>\u00a0Semifinales confirmadas; a\u00fan hay que comprobar oficialmente la final<br \/><b>Lugar:<\/b>\u00a0Auditorio Julio Iglesias, Benidorm<br \/><b>Entrada:<\/b>\u00a0gratis en la semifinal<br \/><b>Nota:<\/b>\u00a0Llegar temprano. Benidorm, julio y una final en Espa\u00f1a no son una buena combinaci\u00f3n para eso de \u201esalimos cinco minutos antes\u201c.<\/p>\t\t\t\t\t\t\t\t<\/div>\n\t\t\t\t<\/div>\n\t\t\t\t<\/div>\n\t\t<div class=\"elementor-element elementor-element-089d8a1 e-con-full e-flex e-con e-child\" data-id=\"089d8a1\" data-element_type=\"container\" data-e-type=\"container\">\n\t\t\t\t<div class=\"elementor-element elementor-element-1bd35f6 elementor-widget elementor-widget-text-editor\" data-id=\"1bd35f6\" data-element_type=\"widget\" data-e-type=\"widget\" data-widget_type=\"text-editor.default\">\n\t\t\t\t<div class=\"elementor-widget-container\">\n\t\t\t\t\t\t\t\t\t<h3><b>D\u00e9nia: Campo Diego Mena<\/b><\/h3><p>D\u00e9nia ya va un paso por delante. El ayuntamiento hab\u00eda instalado una pantalla gigante en el Campo Diego Mena para la semifinal y hab\u00eda anunciado que, si Espa\u00f1a llegaba a la final, el partido se retransmitir\u00eda all\u00ed de nuevo el domingo 19 de julio. Y eso es precisamente lo que ha ocurrido.<\/p><p>Para la semifinal, las puertas se abrieron a las 20:00 horas. No se permit\u00eda el consumo de alcohol y no estaba previsto que el bar estuviera abierto. El Ayuntamiento recomendaba acudir en transporte p\u00fablico, entre otras opciones, con las l\u00edneas L1 y L5 hasta la Plaza de Cholet.<\/p><p><b>Estado:<\/b>\u00a0Se ha anunciado la final<br \/><b>Lugar:<\/b>\u00a0Campo Diego Mena, D\u00e9nia<br \/><b>Fecha:<\/b>\u00a0Domingo, 19 de julio<br \/><b>Nota:<\/b>\u00a0No hay alcohol, el bar no funciona como hasta ahora: ll\u00e9vate agua.<\/p><h3><b>Calp: Pantalla gigante para la final<\/b><\/h3><p>En Calpe, la final del Mundial coincide con un fin de semana en el que ya hay mucha actividad: las \u00abFestes de la Mare de D\u00e9u del Carme\u00bb combinan m\u00fasica, actividades en el puerto y el ambiente veraniego de las noches. Para el domingo se ha anunciado una retransmisi\u00f3n en pantalla gigante de la final del Mundial a las 21:00 horas.<\/p><p>Para la semifinal, la gente ya hab\u00eda seguido con emoci\u00f3n el partido en la pantalla gigante de la Playa de la Fossa. Para la noche de la final, la ubicaci\u00f3n exacta deber\u00eda verificarse de nuevo, poco antes de la publicaci\u00f3n, a trav\u00e9s del Ayuntamiento o del programa actual de la fiesta.<\/p><p><b>Estado:<\/b>\u00a0Se ha anunciado la retransmisi\u00f3n de la final<br \/><b>Lugar:<\/b>\u00a0Calp, consultar la superficie exacta en el programa de las fiestas<br \/><b>Fecha:<\/b>\u00a0Domingo, 19 de julio, a las 21:00 horas<br \/><b>Nota:<\/b>\u00a0Debido al programa de las fiestas y al f\u00fatbol, es probable que haya m\u00e1s gente que en una noche de domingo normal.<\/p><h3><b>Torrevieja: Teatro Municipal<\/b><\/h3><p>Torrevieja ya hab\u00eda retransmitido anteriormente partidos de la selecci\u00f3n espa\u00f1ola en el Teatro Municipal a trav\u00e9s de una pantalla gigante. El recinto tiene una clara ventaja: asientos fijos, un entorno protegido y menos improvisaci\u00f3n que en una plaza al aire libre.<\/p><p>Antes de salir hacia all\u00ed, conviene consultar en la p\u00e1gina web de la ciudad, en Turismo Torrevieja o en Cultura Torrevieja si el Teatro Municipal tambi\u00e9n abrir\u00e1 sus puertas para la final.<\/p><p><b>Estado:<\/b>\u00a0Se han confirmado los partidos anteriores; a\u00fan se est\u00e1 comprobando la final<br \/><b>Lugar:<\/b>\u00a0Teatro Municipal, Torrevieja<br \/><b>Nota:<\/b>\u00a0En caso de que se abra, lo previsible es que la entrada sea gratuita hasta alcanzar el aforo m\u00e1ximo.<\/p><h3><b>Otras localidades de la provincia de Alicante<\/b><\/h3><p>Para la semifinal tambi\u00e9n se ha anunciado la instalaci\u00f3n de pantallas gigantes en otras localidades de la provincia, entre ellas La Vila Joiosa, Finestrat, Callosa d\u2019en Sarri\u00e0, Elche, Villena, Orihuela y otros municipios. Muchos decidir\u00e1n a \u00faltima hora si vuelven a instalarlas para la final.<\/p><p>En cuanto se confirmen oficialmente nuevos lugares, se completar\u00e1 esta lista.<\/p><h4><b>Antes de salir: comprueba r\u00e1pidamente<\/b><\/h4><p>Ver los partidos en p\u00fablico parece sencillo: ir, animar y listo. Pero en una final del Mundial, rara vez es tan relajado. El acceso gratuito, los recintos llenos y las temperaturas veraniegas exigen un poco de planificaci\u00f3n.<\/p><p>Por eso, antes de salir, comprueba r\u00e1pidamente lo siguiente:<\/p><ul type=\"disc\"><li>Consultar los canales oficiales del ayuntamiento o del organizador<\/li><li>salir con antelaci\u00f3n<\/li><li>Si es posible, utiliza el transporte p\u00fablico<\/li><li>No se permite llevar botellas de cristal, art\u00edculos pirot\u00e9cnicos ni neveras port\u00e1tiles grandes<\/li><li>Llevar agua<\/li><li>En el caso de las familias: acordar previamente el punto de encuentro y el camino de vuelta<\/li><\/ul><h3><b>La Costa Blanca se prepara<\/b><\/h3><p>Alicante, Benidorm, D\u00e9nia, Calp, Torrevieja\u2026 La Costa Blanca seguramente sabr\u00e1 ya el domingo por la noche a qui\u00e9n anima. Y si de repente aparece una pantalla en alg\u00fan sitio, la a\u00f1adiremos a la lista.<\/p><p>Porque en una final del Mundial se aplica lo siguiente: quien encuentre un buen sitio, que se quede con \u00e9l. Quien no lo encuentre, har\u00e1 nuevos amigos a m\u00e1s tardar cuando se marque el primer gol.<\/p>\t\t\t\t\t\t\t\t<\/div>\n\t\t\t\t<\/div>\n\t\t\t\t<\/div>\n\t\t\t\t\t<\/div>\n\t\t\t\t<\/div>\n\t\t<div class=\"elementor-element elementor-element-ab5e6e4 e-flex e-con-boxed e-con e-parent\" data-id=\"ab5e6e4\" data-element_type=\"container\" data-e-type=\"container\">\n\t\t\t\t\t<div class=\"e-con-inner\">\n\t\t\t\t<div class=\"elementor-element elementor-element-bd483ca elementor-widget elementor-widget-heading\" data-id=\"bd483ca\" data-element_type=\"widget\" data-e-type=\"widget\" data-widget_type=\"heading.default\">\n\t\t\t\t<div class=\"elementor-widget-container\">\n\t\t\t\t\t<h2 class=\"elementor-heading-title elementor-size-default\">Actualizaci\u00f3n: Nuevos lugares para ver los partidos en pantalla gigante en la Costa Blanca<\/h2>\t\t\t\t<\/div>\n\t\t\t\t<\/div>\n\t\t\t\t<div class=\"elementor-element elementor-element-e5af6c7 elementor-widget elementor-widget-text-editor\" data-id=\"e5af6c7\" data-element_type=\"widget\" data-e-type=\"widget\" data-widget_type=\"text-editor.default\">\n\t\t\t\t<div class=\"elementor-widget-container\">\n\t\t\t\t\t\t\t\t\t<p class=\"isSelectedEnd\">Entretanto, se han confirmado m\u00e1s lugares para ver la final del Mundial en pantalla gigante. Las nuevas incorporaciones son las <strong>Plaza de Toros de Alicante, en el marco del Sabrofest<\/strong>, la <strong>Plaza de l\u2019Ordana en Sant Joan d\u2019Alacant<\/strong>, el <strong>Recinto Vatasa, en la playa de Varadero, en Santa Pola<\/strong>, dos pantallas gigantes en <strong>Guardamar del Segura<\/strong> as\u00ed como la <strong>Plaza de la Iglesia en Pilar de la Horadada<\/strong>.<\/p><p class=\"isSelectedEnd\">Tambi\u00e9n en <strong>Torrevieja<\/strong> Ya se conoce el lugar concreto donde se disputar\u00e1 la final: en lugar del Teatro Municipal, que se hab\u00eda mencionado inicialmente, el partido se jugar\u00e1 en el <strong>Paseo Vista Alegre<\/strong> se muestra. En <strong>Calp<\/strong> Adem\u00e1s de la Playa de la Fossa, se a\u00f1ade otro lugar de retransmisi\u00f3n en el puerto pesquero.<\/p><p>As\u00ed, la lista sigue creciendo, y el domingo no faltar\u00e1n oportunidades a lo largo de la Costa Blanca para animar juntos a \u201eLa Furia Roja\u201c.<\/p>\t\t\t\t\t\t\t\t<\/div>\n\t\t\t\t<\/div>\n\t\t\t\t\t<\/div>\n\t\t\t\t<\/div>\n\t\t\t\t<\/div>","protected":false},"excerpt":{"rendered":"<p>Spanien im WM-Finale: Wo die Costa Blanca La Furia Roja auf Gro\u00dfleinwand feiert Spanien steht nach dem 2:0 gegen Frankreich im WM-Finale. Wo an der Costa Blanca Public Viewing geplant ist \u2013 von Alicante \u00fcber Benidorm bis D\u00e9nia, Calp und Torrevieja. Spanien hat es geschafft: Nach dem 2:0 gegen Frankreich steht \u201eLa Furia Roja\u201c im [&hellip;]<\/p>\n","protected":false},"author":1,"featured_media":11881,"comment_status":"closed","ping_status":"closed","sticky":false,"template":"elementor_header_footer","format":"standard","meta":{"footnotes":""},"categories":[13,12],"tags":[1792],"class_list":["post-11880","post","type-post","status-publish","format-standard","has-post-thumbnail","hentry","category-infos","category-news-politik","tag-sport-costa-blanca"],"aioseo_notices":[],"aioseo_head":"\n\t\t<!-- All in One SEO Pro 5.0.1.1 - aioseo.com -->\n\t<meta name=\"description\" content=\"Spanien steht nach dem 2:0 gegen Frankreich im WM-Finale. Wo an der Costa Blanca Public Viewing geplant ist \u2013 von Alicante \u00fcber Benidorm bis D\u00e9nia, Calp und Torrevieja.\" \/>\n\t<meta name=\"robots\" content=\"max-snippet:-1, max-image-preview:large, max-video-preview:-1\" \/>\n\t<meta name=\"author\" content=\"admin\"\/>\n\t<link rel=\"canonical\" href=\"https:\/\/costablanca-magazin.com\/es\/lokales\/infos\/spanien-im-wm-finale-wo-die-costa-blanca-la-furia-roja-auf-grossleinwand-feiert\/\" \/>\n\t<meta name=\"generator\" content=\"All in One SEO Pro (AIOSEO) 5.0.1.1\" \/>\n\t\t<meta property=\"og:locale\" content=\"es_ES\" \/>\n\t\t<meta property=\"og:site_name\" content=\"Costa Blanca Magazin\" \/>\n\t\t<meta property=\"og:type\" content=\"article\" \/>\n\t\t<meta property=\"og:title\" content=\"Spanien im WM-Finale: Wo die Costa Blanca La Furia Roja auf Gro\u00dfleinwand feiert\" \/>\n\t\t<meta property=\"og:description\" content=\"Spanien steht nach dem 2:0 gegen Frankreich im WM-Finale. Wo an der Costa Blanca Public Viewing geplant ist \u2013 von Alicante \u00fcber Benidorm bis D\u00e9nia, Calp und Torrevieja.\" \/>\n\t\t<meta property=\"og:url\" content=\"https:\/\/costablanca-magazin.com\/es\/lokales\/infos\/spanien-im-wm-finale-wo-die-costa-blanca-la-furia-roja-auf-grossleinwand-feiert\/\" \/>\n\t\t<meta property=\"og:image\" content=\"https:\/\/costablanca-magazin.com\/wp-content\/uploads\/2026\/07\/spanien-im-wm-endspiel-2026-und-publicviewing-mallorca.jpg\" \/>\n\t\t<meta property=\"og:image:secure_url\" content=\"https:\/\/costablanca-magazin.com\/wp-content\/uploads\/2026\/07\/spanien-im-wm-endspiel-2026-und-publicviewing-mallorca.jpg\" \/>\n\t\t<meta property=\"og:image:width\" content=\"1200\" \/>\n\t\t<meta property=\"og:image:height\" content=\"800\" \/>\n\t\t<meta property=\"article:published_time\" content=\"2026-07-17T09:40:00+00:00\" \/>\n\t\t<meta property=\"article:modified_time\" content=\"2026-07-17T09:39:17+00:00\" \/>\n\t\t<meta property=\"article:publisher\" content=\"https:\/\/www.facebook.com\/costablancalifestyle\/\" \/>\n\t\t<meta name=\"twitter:card\" content=\"summary_large_image\" \/>\n\t\t<meta name=\"twitter:title\" content=\"Spanien im WM-Finale: Wo die Costa Blanca La Furia Roja auf Gro\u00dfleinwand feiert\" \/>\n\t\t<meta name=\"twitter:description\" content=\"Spanien steht nach dem 2:0 gegen Frankreich im WM-Finale. Wo an der Costa Blanca Public Viewing geplant ist \u2013 von Alicante \u00fcber Benidorm bis D\u00e9nia, Calp und Torrevieja.\" \/>\n\t\t<meta name=\"twitter:image\" content=\"https:\/\/costablanca-magazin.com\/wp-content\/uploads\/2026\/07\/spanien-im-wm-endspiel-2026-und-publicviewing-mallorca.jpg\" \/>\n\t\t<script type=\"application\/ld+json\" class=\"aioseo-schema\">\n\t\t\t{\"@context\":\"https:\\\/\\\/schema.org\",\"@graph\":[{\"@type\":\"BreadcrumbList\",\"@id\":\"https:\\\/\\\/costablanca-magazin.com\\\/es\\\/lokales\\\/infos\\\/spanien-im-wm-finale-wo-die-costa-blanca-la-furia-roja-auf-grossleinwand-feiert\\\/#breadcrumblist\",\"itemListElement\":[{\"@type\":\"ListItem\",\"@id\":\"https:\\\/\\\/costablanca-magazin.com\\\/es#listItem\",\"position\":1,\"name\":\"Home\",\"item\":\"https:\\\/\\\/costablanca-magazin.com\\\/es\",\"nextItem\":{\"@type\":\"ListItem\",\"@id\":\"https:\\\/\\\/costablanca-magazin.com\\\/es\\\/local\\\/#listItem\",\"name\":\"Lokales\"}},{\"@type\":\"ListItem\",\"@id\":\"https:\\\/\\\/costablanca-magazin.com\\\/es\\\/local\\\/#listItem\",\"position\":2,\"name\":\"Lokales\",\"item\":\"https:\\\/\\\/costablanca-magazin.com\\\/es\\\/local\\\/\",\"nextItem\":{\"@type\":\"ListItem\",\"@id\":\"https:\\\/\\\/costablanca-magazin.com\\\/es\\\/informacion\\\/#listItem\",\"name\":\"Infos\"},\"previousItem\":{\"@type\":\"ListItem\",\"@id\":\"https:\\\/\\\/costablanca-magazin.com\\\/es#listItem\",\"name\":\"Home\"}},{\"@type\":\"ListItem\",\"@id\":\"https:\\\/\\\/costablanca-magazin.com\\\/es\\\/informacion\\\/#listItem\",\"position\":3,\"name\":\"Infos\",\"item\":\"https:\\\/\\\/costablanca-magazin.com\\\/es\\\/informacion\\\/\",\"nextItem\":{\"@type\":\"ListItem\",\"@id\":\"https:\\\/\\\/costablanca-magazin.com\\\/es\\\/lokales\\\/infos\\\/spanien-im-wm-finale-wo-die-costa-blanca-la-furia-roja-auf-grossleinwand-feiert\\\/#listItem\",\"name\":\"Spanien im WM-Finale: Wo die Costa Blanca La Furia Roja auf Gro\\u00dfleinwand feiert\"},\"previousItem\":{\"@type\":\"ListItem\",\"@id\":\"https:\\\/\\\/costablanca-magazin.com\\\/es\\\/local\\\/#listItem\",\"name\":\"Lokales\"}},{\"@type\":\"ListItem\",\"@id\":\"https:\\\/\\\/costablanca-magazin.com\\\/es\\\/lokales\\\/infos\\\/spanien-im-wm-finale-wo-die-costa-blanca-la-furia-roja-auf-grossleinwand-feiert\\\/#listItem\",\"position\":4,\"name\":\"Spanien im WM-Finale: Wo die Costa Blanca La Furia Roja auf Gro\\u00dfleinwand feiert\",\"previousItem\":{\"@type\":\"ListItem\",\"@id\":\"https:\\\/\\\/costablanca-magazin.com\\\/es\\\/informacion\\\/#listItem\",\"name\":\"Infos\"}}]},{\"@type\":\"NewsArticle\",\"@id\":\"https:\\\/\\\/costablanca-magazin.com\\\/es\\\/lokales\\\/infos\\\/spanien-im-wm-finale-wo-die-costa-blanca-la-furia-roja-auf-grossleinwand-feiert\\\/#article\",\"name\":\"Spanien im WM-Finale: Wo die Costa Blanca La Furia Roja auf Gro\\u00dfleinwand feiert\",\"headline\":\"Spanien im WM-Finale: Wo die Costa Blanca La Furia Roja auf Gro\\u00dfleinwand feiert\",\"author\":{\"@id\":\"https:\\\/\\\/costablanca-magazin.com\\\/es\\\/author\\\/admin\\\/#author\"},\"publisher\":{\"@id\":\"https:\\\/\\\/costablanca-magazin.com\\\/es\\\/#organization\"},\"image\":{\"@type\":\"ImageObject\",\"url\":\"https:\\\/\\\/costablanca-magazin.com\\\/wp-content\\\/uploads\\\/2026\\\/07\\\/spanien-im-wm-endspiel-2026-und-publicviewing-mallorca.jpg\",\"width\":1200,\"height\":800,\"caption\":\"Spanien im WM-Finale: Wo die Costa Blanca La Furia Roja auf Gro\\u00dfleinwand feiert\"},\"datePublished\":\"2026-07-17T11:40:00+02:00\",\"dateModified\":\"2026-07-17T11:39:17+02:00\",\"inLanguage\":\"es-ES\",\"mainEntityOfPage\":{\"@id\":\"https:\\\/\\\/costablanca-magazin.com\\\/es\\\/lokales\\\/infos\\\/spanien-im-wm-finale-wo-die-costa-blanca-la-furia-roja-auf-grossleinwand-feiert\\\/#webpage\"},\"isPartOf\":{\"@id\":\"https:\\\/\\\/costablanca-magazin.com\\\/es\\\/lokales\\\/infos\\\/spanien-im-wm-finale-wo-die-costa-blanca-la-furia-roja-auf-grossleinwand-feiert\\\/#webpage\"},\"articleSection\":\"Infos, News &amp; Politik, Sport\"},{\"@type\":\"Person\",\"@id\":\"https:\\\/\\\/costablanca-magazin.com\\\/es\\\/author\\\/admin\\\/#author\",\"url\":\"https:\\\/\\\/costablanca-magazin.com\\\/es\\\/author\\\/admin\\\/\",\"name\":\"admin\"},{\"@type\":\"WebPage\",\"@id\":\"https:\\\/\\\/costablanca-magazin.com\\\/es\\\/lokales\\\/infos\\\/spanien-im-wm-finale-wo-die-costa-blanca-la-furia-roja-auf-grossleinwand-feiert\\\/#webpage\",\"url\":\"https:\\\/\\\/costablanca-magazin.com\\\/es\\\/lokales\\\/infos\\\/spanien-im-wm-finale-wo-die-costa-blanca-la-furia-roja-auf-grossleinwand-feiert\\\/\",\"name\":\"Spanien im WM-Finale: Wo die Costa Blanca La Furia Roja auf Gro\\u00dfleinwand feiert\",\"description\":\"Spanien steht nach dem 2:0 gegen Frankreich im WM-Finale. Wo an der Costa Blanca Public Viewing geplant ist \\u2013 von Alicante \\u00fcber Benidorm bis D\\u00e9nia, Calp und Torrevieja.\",\"inLanguage\":\"es-ES\",\"isPartOf\":{\"@id\":\"https:\\\/\\\/costablanca-magazin.com\\\/es\\\/#website\"},\"breadcrumb\":{\"@id\":\"https:\\\/\\\/costablanca-magazin.com\\\/es\\\/lokales\\\/infos\\\/spanien-im-wm-finale-wo-die-costa-blanca-la-furia-roja-auf-grossleinwand-feiert\\\/#breadcrumblist\"},\"author\":{\"@id\":\"https:\\\/\\\/costablanca-magazin.com\\\/es\\\/author\\\/admin\\\/#author\"},\"creator\":{\"@id\":\"https:\\\/\\\/costablanca-magazin.com\\\/es\\\/author\\\/admin\\\/#author\"},\"image\":{\"@type\":\"ImageObject\",\"url\":\"https:\\\/\\\/costablanca-magazin.com\\\/wp-content\\\/uploads\\\/2026\\\/07\\\/spanien-im-wm-endspiel-2026-und-publicviewing-mallorca.jpg\",\"@id\":\"https:\\\/\\\/costablanca-magazin.com\\\/es\\\/lokales\\\/infos\\\/spanien-im-wm-finale-wo-die-costa-blanca-la-furia-roja-auf-grossleinwand-feiert\\\/#mainImage\",\"width\":1200,\"height\":800,\"caption\":\"Spanien im WM-Finale: Wo die Costa Blanca La Furia Roja auf Gro\\u00dfleinwand feiert\"},\"primaryImageOfPage\":{\"@id\":\"https:\\\/\\\/costablanca-magazin.com\\\/es\\\/lokales\\\/infos\\\/spanien-im-wm-finale-wo-die-costa-blanca-la-furia-roja-auf-grossleinwand-feiert\\\/#mainImage\"},\"datePublished\":\"2026-07-17T11:40:00+02:00\",\"dateModified\":\"2026-07-17T11:39:17+02:00\",\"mainEntity\":{\"@id\":\"https:\\\/\\\/costablanca-magazin.com\\\/es\\\/lokales\\\/infos\\\/spanien-im-wm-finale-wo-die-costa-blanca-la-furia-roja-auf-grossleinwand-feiert\\\/#article\"}},{\"@type\":\"WebSite\",\"@id\":\"https:\\\/\\\/costablanca-magazin.com\\\/es\\\/#website\",\"url\":\"https:\\\/\\\/costablanca-magazin.com\\\/es\\\/\",\"name\":\"Costa Blanca Magazin\",\"description\":\"Costa Blanca - alles um das Leben und die Freizeit an der K\\u00fcste\",\"inLanguage\":\"es-ES\",\"publisher\":{\"@id\":\"https:\\\/\\\/costablanca-magazin.com\\\/es\\\/#organization\"},\"potentialAction\":{\"@type\":\"SearchAction\",\"target\":\"https:\\\/\\\/costablanca-magazin.com\\\/es\\\/?s={search_term_string}\",\"query-input\":\"required name=search_term_string\"}},{\"@type\":[\"Organization\",\"NewsMediaOrganization\"],\"@id\":\"https:\\\/\\\/costablanca-magazin.com\\\/es\\\/#organization\",\"name\":\"Costa Blanca Magazin\",\"description\":\"Costa Blanca Magazin\",\"url\":\"https:\\\/\\\/costablanca-magazin.com\\\/es\\\/\",\"email\":\"info@costablanca-magazin.com\",\"telephone\":\"+34 663 946 871\",\"logo\":{\"@type\":\"ImageObject\",\"url\":\"https:\\\/\\\/costablanca-magazin.com\\\/wp-content\\\/uploads\\\/2024\\\/05\\\/logo.jpg\",\"@id\":\"https:\\\/\\\/costablanca-magazin.com\\\/es\\\/lokales\\\/infos\\\/spanien-im-wm-finale-wo-die-costa-blanca-la-furia-roja-auf-grossleinwand-feiert\\\/#organizationLogo\",\"width\":1605,\"height\":236,\"caption\":\"Costa Blanca Magazin\"},\"image\":{\"@id\":\"https:\\\/\\\/costablanca-magazin.com\\\/es\\\/lokales\\\/infos\\\/spanien-im-wm-finale-wo-die-costa-blanca-la-furia-roja-auf-grossleinwand-feiert\\\/#organizationLogo\"},\"sameAs\":[\"https:\\\/\\\/www.facebook.com\\\/costablancalifestyle\\\/\",\"https:\\\/\\\/www.instagram.com\\\/costablancamagazin\\\/\"]}]}\n\t\t<\/script>\n\t\t<!-- All in One SEO Pro -->\r\n\t\t<title>Spanien im WM-Finale: Wo die Costa Blanca La Furia Roja auf Gro\u00dfleinwand feiert<\/title>\n\n","aioseo_head_json":{"title":"Espa\u00f1a en la final del Mundial: d\u00f3nde celebra la Costa Blanca a \u00abLa Furia Roja\u00bb en pantalla gigante","description":"Espa\u00f1a se clasifica para la final del Mundial tras imponerse por 2-0 a Francia. D\u00f3nde se han organizado proyecciones p\u00fablicas en la Costa Blanca: desde Alicante hasta Benidorm, pasando por D\u00e9nia, Calpe y Torrevieja.","canonical_url":"https:\/\/costablanca-magazin.com\/es\/lokales\/infos\/spanien-im-wm-finale-wo-die-costa-blanca-la-furia-roja-auf-grossleinwand-feiert\/","robots":"max-snippet:-1, max-image-preview:large, max-video-preview:-1","keywords":"","webmasterTools":{"miscellaneous":""},"schema":{"@context":"https:\/\/schema.org","@graph":[{"@type":"BreadcrumbList","@id":"https:\/\/costablanca-magazin.com\/es\/lokales\/infos\/spanien-im-wm-finale-wo-die-costa-blanca-la-furia-roja-auf-grossleinwand-feiert\/#breadcrumblist","itemListElement":[{"@type":"ListItem","@id":"https:\/\/costablanca-magazin.com\/es#listItem","position":1,"name":"Home","item":"https:\/\/costablanca-magazin.com\/es","nextItem":{"@type":"ListItem","@id":"https:\/\/costablanca-magazin.com\/es\/local\/#listItem","name":"Lokales"}},{"@type":"ListItem","@id":"https:\/\/costablanca-magazin.com\/es\/local\/#listItem","position":2,"name":"Lokales","item":"https:\/\/costablanca-magazin.com\/es\/local\/","nextItem":{"@type":"ListItem","@id":"https:\/\/costablanca-magazin.com\/es\/informacion\/#listItem","name":"Infos"},"previousItem":{"@type":"ListItem","@id":"https:\/\/costablanca-magazin.com\/es#listItem","name":"Home"}},{"@type":"ListItem","@id":"https:\/\/costablanca-magazin.com\/es\/informacion\/#listItem","position":3,"name":"Infos","item":"https:\/\/costablanca-magazin.com\/es\/informacion\/","nextItem":{"@type":"ListItem","@id":"https:\/\/costablanca-magazin.com\/es\/lokales\/infos\/spanien-im-wm-finale-wo-die-costa-blanca-la-furia-roja-auf-grossleinwand-feiert\/#listItem","name":"Spanien im WM-Finale: Wo die Costa Blanca La Furia Roja auf Gro\u00dfleinwand feiert"},"previousItem":{"@type":"ListItem","@id":"https:\/\/costablanca-magazin.com\/es\/local\/#listItem","name":"Lokales"}},{"@type":"ListItem","@id":"https:\/\/costablanca-magazin.com\/es\/lokales\/infos\/spanien-im-wm-finale-wo-die-costa-blanca-la-furia-roja-auf-grossleinwand-feiert\/#listItem","position":4,"name":"Spanien im WM-Finale: Wo die Costa Blanca La Furia Roja auf Gro\u00dfleinwand feiert","previousItem":{"@type":"ListItem","@id":"https:\/\/costablanca-magazin.com\/es\/informacion\/#listItem","name":"Infos"}}]},{"@type":"NewsArticle","@id":"https:\/\/costablanca-magazin.com\/es\/lokales\/infos\/spanien-im-wm-finale-wo-die-costa-blanca-la-furia-roja-auf-grossleinwand-feiert\/#article","name":"Spanien im WM-Finale: Wo die Costa Blanca La Furia Roja auf Gro\u00dfleinwand feiert","headline":"Spanien im WM-Finale: Wo die Costa Blanca La Furia Roja auf Gro\u00dfleinwand feiert","author":{"@id":"https:\/\/costablanca-magazin.com\/es\/author\/admin\/#author"},"publisher":{"@id":"https:\/\/costablanca-magazin.com\/es\/#organization"},"image":{"@type":"ImageObject","url":"https:\/\/costablanca-magazin.com\/wp-content\/uploads\/2026\/07\/spanien-im-wm-endspiel-2026-und-publicviewing-mallorca.jpg","width":1200,"height":800,"caption":"Spanien im WM-Finale: Wo die Costa Blanca La Furia Roja auf Gro\u00dfleinwand feiert"},"datePublished":"2026-07-17T11:40:00+02:00","dateModified":"2026-07-17T11:39:17+02:00","inLanguage":"es-ES","mainEntityOfPage":{"@id":"https:\/\/costablanca-magazin.com\/es\/lokales\/infos\/spanien-im-wm-finale-wo-die-costa-blanca-la-furia-roja-auf-grossleinwand-feiert\/#webpage"},"isPartOf":{"@id":"https:\/\/costablanca-magazin.com\/es\/lokales\/infos\/spanien-im-wm-finale-wo-die-costa-blanca-la-furia-roja-auf-grossleinwand-feiert\/#webpage"},"articleSection":"Infos, News &amp; Politik, Sport"},{"@type":"Person","@id":"https:\/\/costablanca-magazin.com\/es\/author\/admin\/#author","url":"https:\/\/costablanca-magazin.com\/es\/author\/admin\/","name":"admin"},{"@type":"WebPage","@id":"https:\/\/costablanca-magazin.com\/es\/lokales\/infos\/spanien-im-wm-finale-wo-die-costa-blanca-la-furia-roja-auf-grossleinwand-feiert\/#webpage","url":"https:\/\/costablanca-magazin.com\/es\/lokales\/infos\/spanien-im-wm-finale-wo-die-costa-blanca-la-furia-roja-auf-grossleinwand-feiert\/","name":"Spanien im WM-Finale: Wo die Costa Blanca La Furia Roja auf Gro\u00dfleinwand feiert","description":"Spanien steht nach dem 2:0 gegen Frankreich im WM-Finale. Wo an der Costa Blanca Public Viewing geplant ist \u2013 von Alicante \u00fcber Benidorm bis D\u00e9nia, Calp und Torrevieja.","inLanguage":"es-ES","isPartOf":{"@id":"https:\/\/costablanca-magazin.com\/es\/#website"},"breadcrumb":{"@id":"https:\/\/costablanca-magazin.com\/es\/lokales\/infos\/spanien-im-wm-finale-wo-die-costa-blanca-la-furia-roja-auf-grossleinwand-feiert\/#breadcrumblist"},"author":{"@id":"https:\/\/costablanca-magazin.com\/es\/author\/admin\/#author"},"creator":{"@id":"https:\/\/costablanca-magazin.com\/es\/author\/admin\/#author"},"image":{"@type":"ImageObject","url":"https:\/\/costablanca-magazin.com\/wp-content\/uploads\/2026\/07\/spanien-im-wm-endspiel-2026-und-publicviewing-mallorca.jpg","@id":"https:\/\/costablanca-magazin.com\/es\/lokales\/infos\/spanien-im-wm-finale-wo-die-costa-blanca-la-furia-roja-auf-grossleinwand-feiert\/#mainImage","width":1200,"height":800,"caption":"Spanien im WM-Finale: Wo die Costa Blanca La Furia Roja auf Gro\u00dfleinwand feiert"},"primaryImageOfPage":{"@id":"https:\/\/costablanca-magazin.com\/es\/lokales\/infos\/spanien-im-wm-finale-wo-die-costa-blanca-la-furia-roja-auf-grossleinwand-feiert\/#mainImage"},"datePublished":"2026-07-17T11:40:00+02:00","dateModified":"2026-07-17T11:39:17+02:00","mainEntity":{"@id":"https:\/\/costablanca-magazin.com\/es\/lokales\/infos\/spanien-im-wm-finale-wo-die-costa-blanca-la-furia-roja-auf-grossleinwand-feiert\/#article"}},{"@type":"WebSite","@id":"https:\/\/costablanca-magazin.com\/es\/#website","url":"https:\/\/costablanca-magazin.com\/es\/","name":"Costa Blanca Magazin","description":"Costa Blanca - alles um das Leben und die Freizeit an der K\u00fcste","inLanguage":"es-ES","publisher":{"@id":"https:\/\/costablanca-magazin.com\/es\/#organization"},"potentialAction":{"@type":"SearchAction","target":"https:\/\/costablanca-magazin.com\/es\/?s={search_term_string}","query-input":"required name=search_term_string"}},{"@type":["Organization","NewsMediaOrganization"],"@id":"https:\/\/costablanca-magazin.com\/es\/#organization","name":"Costa Blanca Magazin","description":"Costa Blanca Magazin","url":"https:\/\/costablanca-magazin.com\/es\/","email":"info@costablanca-magazin.com","telephone":"+34 663 946 871","logo":{"@type":"ImageObject","url":"https:\/\/costablanca-magazin.com\/wp-content\/uploads\/2024\/05\/logo.jpg","@id":"https:\/\/costablanca-magazin.com\/es\/lokales\/infos\/spanien-im-wm-finale-wo-die-costa-blanca-la-furia-roja-auf-grossleinwand-feiert\/#organizationLogo","width":1605,"height":236,"caption":"Costa Blanca Magazin"},"image":{"@id":"https:\/\/costablanca-magazin.com\/es\/lokales\/infos\/spanien-im-wm-finale-wo-die-costa-blanca-la-furia-roja-auf-grossleinwand-feiert\/#organizationLogo"},"sameAs":["https:\/\/www.facebook.com\/costablancalifestyle\/","https:\/\/www.instagram.com\/costablancamagazin\/"]}]},"og:locale":"es_ES","og:site_name":"Costa Blanca Magazin","og:type":"article","og:title":"Spanien im WM-Finale: Wo die Costa Blanca La Furia Roja auf Gro\u00dfleinwand feiert","og:description":"Spanien steht nach dem 2:0 gegen Frankreich im WM-Finale. Wo an der Costa Blanca Public Viewing geplant ist \u2013 von Alicante \u00fcber Benidorm bis D\u00e9nia, Calp und Torrevieja.","og:url":"https:\/\/costablanca-magazin.com\/es\/lokales\/infos\/spanien-im-wm-finale-wo-die-costa-blanca-la-furia-roja-auf-grossleinwand-feiert\/","og:image":"https:\/\/costablanca-magazin.com\/wp-content\/uploads\/2026\/07\/spanien-im-wm-endspiel-2026-und-publicviewing-mallorca.jpg","og:image:secure_url":"https:\/\/costablanca-magazin.com\/wp-content\/uploads\/2026\/07\/spanien-im-wm-endspiel-2026-und-publicviewing-mallorca.jpg","og:image:width":1200,"og:image:height":800,"article:published_time":"2026-07-17T09:40:00+00:00","article:modified_time":"2026-07-17T09:39:17+00:00","article:publisher":"https:\/\/www.facebook.com\/costablancalifestyle\/","twitter:card":"summary_large_image","twitter:title":"Spanien im WM-Finale: Wo die Costa Blanca La Furia Roja auf Gro\u00dfleinwand feiert","twitter:description":"Spanien steht nach dem 2:0 gegen Frankreich im WM-Finale. Wo an der Costa Blanca Public Viewing geplant ist \u2013 von Alicante \u00fcber Benidorm bis D\u00e9nia, Calp und Torrevieja.","twitter:image":"https:\/\/costablanca-magazin.com\/wp-content\/uploads\/2026\/07\/spanien-im-wm-endspiel-2026-und-publicviewing-mallorca.jpg"},"aioseo_meta_data":{"post_id":"11880","title":"Espa\u00f1a en la final del Mundial: d\u00f3nde celebra la Costa Blanca a \u00abLa Furia Roja\u00bb en pantalla gigante","description":"Espa\u00f1a se clasifica para la final del Mundial tras imponerse por 2-0 a Francia. D\u00f3nde se han organizado proyecciones p\u00fablicas en la Costa Blanca: desde Alicante hasta Benidorm, pasando por D\u00e9nia, Calpe y Torrevieja.","keywords":null,"keyphrases":{"focus":[],"additional":[]},"primary_term":{"category":13},"canonical_url":null,"og_title":null,"og_description":null,"og_object_type":"default","og_image_type":"default","og_image_url":null,"og_image_width":null,"og_image_height":null,"og_image_custom_url":null,"og_image_custom_fields":null,"og_video":"","og_custom_url":null,"og_article_section":null,"og_article_tags":null,"twitter_use_og":false,"twitter_card":"default","twitter_image_type":"default","twitter_image_url":null,"twitter_image_custom_url":null,"twitter_image_custom_fields":null,"twitter_title":null,"twitter_description":null,"schema":{"blockGraphs":[],"customGraphs":[],"default":{"data":{"Article":[],"Course":[],"Dataset":[],"FAQPage":[],"Movie":[],"Person":[],"Product":[],"ProductReview":[],"Car":[],"Recipe":[],"Service":[],"SoftwareApplication":[],"WebPage":[]},"graphName":"Article","isEnabled":true},"graphs":[]},"schema_type":"default","schema_type_options":null,"pillar_content":false,"robots_default":true,"robots_noindex":false,"robots_noarchive":false,"robots_nosnippet":false,"robots_nofollow":false,"robots_noimageindex":false,"robots_noodp":false,"robots_notranslate":false,"robots_max_snippet":"-1","robots_max_videopreview":"-1","robots_max_imagepreview":"large","priority":null,"frequency":"default","local_seo":null,"seo_analyzer_scan_date":"2026-07-17 09:45:05","breadcrumb_settings":null,"limit_modified_date":false,"reviewed_by":"0","open_ai":null,"ai":{"faqs":[],"keyPoints":[],"schemas":[],"titles":[],"descriptions":[],"socialPosts":{"email":{"subject":"","preview":"","content":""},"linkedin":[],"twitter":[],"facebook":[],"instagram":[]}},"created":"2026-07-15 07:46:53","updated":"2026-08-10 07:29:19","focus_keyword":null,"additional_keywords":null,"truseo_locale":null},"aioseo_breadcrumb":"<div class=\"aioseo-breadcrumbs\"><span class=\"aioseo-breadcrumb\">\n\t<a href=\"https:\/\/costablanca-magazin.com\/es\" title=\"Home\">Home<\/a>\n<\/span><span class=\"aioseo-breadcrumb-separator\">&raquo;<\/span><span class=\"aioseo-breadcrumb\">\n\t<a href=\"https:\/\/costablanca-magazin.com\/es\/local\/\" title=\"Lokales\">Lokales<\/a>\n<\/span><span class=\"aioseo-breadcrumb-separator\">&raquo;<\/span><span class=\"aioseo-breadcrumb\">\n\t<a href=\"https:\/\/costablanca-magazin.com\/es\/informacion\/\" title=\"Infos\">Infos<\/a>\n<\/span><span class=\"aioseo-breadcrumb-separator\">&raquo;<\/span><span class=\"aioseo-breadcrumb\">\n\tSpanien im WM-Finale: Wo die Costa Blanca La Furia Roja auf Gro\u00dfleinwand feiert\n<\/span><\/div>","aioseo_breadcrumb_json":[{"label":"Home","link":"https:\/\/costablanca-magazin.com\/es"},{"label":"Lokales","link":"https:\/\/costablanca-magazin.com\/es\/local\/"},{"label":"Infos","link":"https:\/\/costablanca-magazin.com\/es\/informacion\/"},{"label":"Spanien im WM-Finale: Wo die Costa Blanca La Furia Roja auf Gro\u00dfleinwand feiert","link":"https:\/\/costablanca-magazin.com\/es\/lokales\/infos\/spanien-im-wm-finale-wo-die-costa-blanca-la-furia-roja-auf-grossleinwand-feiert\/"}],"_links":{"self":[{"href":"https:\/\/costablanca-magazin.com\/es\/wp-json\/wp\/v2\/posts\/11880","targetHints":{"allow":["GET"]}}],"collection":[{"href":"https:\/\/costablanca-magazin.com\/es\/wp-json\/wp\/v2\/posts"}],"about":[{"href":"https:\/\/costablanca-magazin.com\/es\/wp-json\/wp\/v2\/types\/post"}],"author":[{"embeddable":true,"href":"https:\/\/costablanca-magazin.com\/es\/wp-json\/wp\/v2\/users\/1"}],"replies":[{"embeddable":true,"href":"https:\/\/costablanca-magazin.com\/es\/wp-json\/wp\/v2\/comments?post=11880"}],"version-history":[{"count":10,"href":"https:\/\/costablanca-magazin.com\/es\/wp-json\/wp\/v2\/posts\/11880\/revisions"}],"predecessor-version":[{"id":11964,"href":"https:\/\/costablanca-magazin.com\/es\/wp-json\/wp\/v2\/posts\/11880\/revisions\/11964"}],"wp:featuredmedia":[{"embeddable":true,"href":"https:\/\/costablanca-magazin.com\/es\/wp-json\/wp\/v2\/media\/11881"}],"wp:attachment":[{"href":"https:\/\/costablanca-magazin.com\/es\/wp-json\/wp\/v2\/media?parent=11880"}],"wp:term":[{"taxonomy":"category","embeddable":true,"href":"https:\/\/costablanca-magazin.com\/es\/wp-json\/wp\/v2\/categories?post=11880"},{"taxonomy":"post_tag","embeddable":true,"href":"https:\/\/costablanca-magazin.com\/es\/wp-json\/wp\/v2\/tags?post=11880"}],"curies":[{"name":"wp","href":"https:\/\/api.w.org\/{rel}","templated":true}]}}