{"id":11871,"date":"2026-07-14T11:28:59","date_gmt":"2026-07-14T09:28:59","guid":{"rendered":"https:\/\/costablanca-magazin.com\/?p=11871"},"modified":"2026-07-14T11:32:28","modified_gmt":"2026-07-14T09:32:28","slug":"aviso-de-la-aemet-para-la-costa-blanca-olas-de-calor-de-hasta-42-grados-en-el-interior","status":"publish","type":"post","link":"https:\/\/costablanca-magazin.com\/es\/lokales\/infos\/aemet-warnung-costa-blanca-hitze-bis-42-grad-im-inland\/","title":{"rendered":"Aviso de la AEMET para la Costa Blanca: olas de calor de hasta 42 grados en el interior"},"content":{"rendered":"<div data-elementor-type=\"wp-post\" data-elementor-id=\"11871\" class=\"elementor elementor-11871\" data-elementor-post-type=\"post\">\n\t\t\t\t<div class=\"elementor-element elementor-element-32ce498 e-flex e-con-boxed e-con e-parent\" data-id=\"32ce498\" data-element_type=\"container\" data-e-type=\"container\">\n\t\t\t\t\t<div class=\"e-con-inner\">\n\t\t\t\t<div class=\"elementor-element elementor-element-8f20973 elementor-widget elementor-widget-heading\" data-id=\"8f20973\" data-element_type=\"widget\" data-e-type=\"widget\" data-widget_type=\"heading.default\">\n\t\t\t\t<div class=\"elementor-widget-container\">\n\t\t\t\t\t<h1 class=\"elementor-heading-title elementor-size-default\">Aviso de la AEMET para la Costa Blanca: olas de calor de hasta 42 grados en el interior<\/h1>\t\t\t\t<\/div>\n\t\t\t\t<\/div>\n\t\t\t\t<div class=\"elementor-element elementor-element-9b1be94 elementor-widget elementor-widget-image\" data-id=\"9b1be94\" data-element_type=\"widget\" data-e-type=\"widget\" data-widget_type=\"image.default\">\n\t\t\t\t<div class=\"elementor-widget-container\">\n\t\t\t\t\t\t\t\t\t\t\t\t\t\t\t<img fetchpriority=\"high\" decoding=\"async\" width=\"800\" height=\"534\" src=\"https:\/\/costablanca-magazin.com\/wp-content\/uploads\/2026\/07\/Sommerhitze-Mallorca-AEMET-1024x683.jpg\" class=\"attachment-large size-large wp-image-11872\" alt=\"Aviso de la AEMET para la Costa Blanca: olas de calor de hasta 42 grados en el interior\" srcset=\"https:\/\/costablanca-magazin.com\/wp-content\/uploads\/2026\/07\/Sommerhitze-Mallorca-AEMET-1024x683.jpg 1024w, https:\/\/costablanca-magazin.com\/wp-content\/uploads\/2026\/07\/Sommerhitze-Mallorca-AEMET-300x200.jpg 300w, https:\/\/costablanca-magazin.com\/wp-content\/uploads\/2026\/07\/Sommerhitze-Mallorca-AEMET-768x512.jpg 768w, https:\/\/costablanca-magazin.com\/wp-content\/uploads\/2026\/07\/Sommerhitze-Mallorca-AEMET-1536x1024.jpg 1536w, https:\/\/costablanca-magazin.com\/wp-content\/uploads\/2026\/07\/Sommerhitze-Mallorca-AEMET-2048x1366.jpg 2048w, https:\/\/costablanca-magazin.com\/wp-content\/uploads\/2026\/07\/Sommerhitze-Mallorca-AEMET-18x12.jpg 18w\" sizes=\"(max-width: 800px) 100vw, 800px\" \/>\t\t\t\t\t\t\t\t\t\t\t\t\t\t\t<\/div>\n\t\t\t\t<\/div>\n\t\t\t\t<div class=\"elementor-element elementor-element-23a6956 elementor-widget elementor-widget-heading\" data-id=\"23a6956\" data-element_type=\"widget\" data-e-type=\"widget\" data-widget_type=\"heading.default\">\n\t\t\t\t<div class=\"elementor-widget-container\">\n\t\t\t\t\t<h2 class=\"elementor-heading-title elementor-size-default\">La Costa Blanca se adentra en una ola de calor. En la costa, las temperaturas se mantendr\u00e1n algo m\u00e1s bajas en muchos lugares, mientras que en el interior de la provincia de Alicante el calor ser\u00e1 mucho m\u00e1s agobiante. La AEMET prev\u00e9 m\u00e1ximas locales de 40 grados o m\u00e1s.<\/h2>\t\t\t\t<\/div>\n\t\t\t\t<\/div>\n\t\t\t\t\t<\/div>\n\t\t\t\t<\/div>\n\t\t<div class=\"elementor-element elementor-element-404759e e-flex e-con-boxed e-con e-parent\" data-id=\"404759e\" data-element_type=\"container\" data-e-type=\"container\">\n\t\t\t\t\t<div class=\"e-con-inner\">\n\t\t<div class=\"elementor-element elementor-element-7053524 e-con-full e-flex e-con e-child\" data-id=\"7053524\" data-element_type=\"container\" data-e-type=\"container\">\n\t\t\t\t<div class=\"elementor-element elementor-element-1a79385 elementor-widget elementor-widget-text-editor\" data-id=\"1a79385\" data-element_type=\"widget\" data-e-type=\"widget\" data-widget_type=\"text-editor.default\">\n\t\t\t\t<div class=\"elementor-widget-container\">\n\t\t\t\t\t\t\t\t\t<h2><b data-olk-copy-source=\"MessageBody\">La AEMET advierte de altas temperaturas en Alicante y sus alrededores<\/b><\/h2><p>La Agencia Estatal de Meteorolog\u00eda (AEMET) prev\u00e9 para la provincia de Alicante mucho sol, aire seco y un aumento de las temperaturas en los pr\u00f3ximos d\u00edas. La diferencia entre las localidades costeras y el interior es especialmente notable: Seg\u00fan la AEMET, en la ciudad de Alicante las temperaturas m\u00e1ximas oscilar\u00e1n entre los 32 y los 35 grados, mientras que en Benidorm y Torrevieja ser\u00e1n ligeramente inferiores o superiores a ese rango. En D\u00e9nia, por el contrario, se prev\u00e9n hasta 37 grados; en X\u00e0bia, hasta 36 grados; y en Calpe, hasta 35 grados.<\/p><p>Las previsiones son mucho m\u00e1s severas en el interior y en el sur de la provincia. Para Elche, la AEMET indica en su previsi\u00f3n actual a 7 d\u00edas m\u00e1ximas de hasta 39 grados; para Orihuela, de hasta 41 grados; y para Villena, de hasta 42 grados. As\u00ed pues, la situaci\u00f3n de alerta no solo afecta a los municipios cl\u00e1sicos del interior, sino tambi\u00e9n a zonas que forman parte del d\u00eda a d\u00eda de muchos habitantes de la Costa Blanca: desplazamientos al trabajo, compras, citas m\u00e9dicas, obras, agricultura, servicios de reparto y desplazamientos entre la costa y el interior.<\/p><h2><b>El mi\u00e9rcoles se seguir\u00e1 con especial atenci\u00f3n<\/b><\/h2><p>Para el martes, 14 de julio, la AEMET ha emitido una alerta amarilla en el interior de Alicante debido a temperaturas de hasta 38 grados. Para el mi\u00e9rcoles, 15 de julio, se prev\u00e9n 40 grados en el interior de Alicante; en la zona costera sur de la provincia de Alicante, la AEMET prev\u00e9 temperaturas de hasta 37 grados. El periodo de alerta se extiende durante las horas m\u00e1s calurosas del d\u00eda, es decir, desde primeras horas de la tarde hasta bien entrada la noche.<\/p><p>La situaci\u00f3n meteorol\u00f3gica no se limita a Alicante. La AEMET prev\u00e9 para la Comunidad Valenciana una semana muy desfavorable, con episodios de calor prolongados, polvo del S\u00e1hara en el aire y posibles tormentas secas en el interior. Precisamente esta combinaci\u00f3n puede agravar la situaci\u00f3n: hace calor, el aire se siente m\u00e1s denso y, con las tormentas secas, aumenta adem\u00e1s el riesgo de incendios.<\/p><h2><b>Por qu\u00e9 se tiende a subestimar r\u00e1pidamente este calor<\/b><\/h2><p>Un d\u00eda caluroso de julio no es nada nuevo en la Costa Blanca. La situaci\u00f3n se vuelve cr\u00edtica cuando las altas temperaturas diurnas se combinan con noches c\u00e1lidas. Entonces, las viviendas se refrescan peor, la circulaci\u00f3n sangu\u00ednea no se estabiliza del todo y los peque\u00f1os errores del d\u00eda a d\u00eda cobran mayor importancia.<\/p><p>Las personas mayores, los ni\u00f1os peque\u00f1os, las mujeres embarazadas, los enfermos cr\u00f3nicos, las personas con problemas cardiovasculares y quienes trabajan al aire libre son los que corren mayor riesgo. Incluso quienes salen \u201esolo un momento\u201c al mediod\u00eda para ir de compras, trabajar en el jard\u00edn o pasear al perro por el asfalto caldeado, a menudo no se dan cuenta del esfuerzo que supone hasta que es demasiado tarde.<\/p><p>La Conselleria de Sanidad de la Generalitat Valenciana advierte, en el programa \u201eAltas Temperaturas \u2013 Ola de Calor 2026\u201c, de los riesgos para la salud que entra\u00f1an las altas temperaturas. Entre ellos se encuentran la deshidrataci\u00f3n, el estr\u00e9s t\u00e9rmico y, en casos graves, el golpe de calor. El Ministerio de Sanidad espa\u00f1ol tambi\u00e9n destaca que las personas mayores y los ni\u00f1os son especialmente sensibles a las altas temperaturas.<\/p><h2><b>Lo que ahora resulta \u00fatil en el d\u00eda a d\u00eda<\/b><\/h2><p>Las citas, las compras, el deporte y las tareas de jardiner\u00eda deben realizarse, en la medida de lo posible, a primera hora de la ma\u00f1ana o por la tarde. Con estas condiciones meteorol\u00f3gicas, las horas comprendidas entre las 12 y las 17 son el momento menos adecuado para cualquier actividad que requiera esfuerzo f\u00edsico.<\/p>\t\t\t\t\t\t\t\t<\/div>\n\t\t\t\t<\/div>\n\t\t\t\t<\/div>\n\t\t<div class=\"elementor-element elementor-element-6057c10 e-con-full e-flex e-con e-child\" data-id=\"6057c10\" data-element_type=\"container\" data-e-type=\"container\">\n\t\t\t\t<div class=\"elementor-element elementor-element-2760f44 elementor-widget elementor-widget-text-editor\" data-id=\"2760f44\" data-element_type=\"widget\" data-e-type=\"widget\" data-widget_type=\"text-editor.default\">\n\t\t\t\t<div class=\"elementor-widget-container\">\n\t\t\t\t\t\t\t\t\t<p>Quien trabaje al aire libre no debe considerar los descansos, la sombra y el agua como un lujo, sino como una medida de protecci\u00f3n.<\/p><p>No hay que esperar a que aparezcan dolores de cabeza, mareos o cansancio para empezar a beber. El agua es una opci\u00f3n mejor que el alcohol, las bebidas muy dulces o varios caf\u00e9s fuertes seguidos. Cuando hace calor, el cuerpo reacciona m\u00e1s r\u00e1pido de lo habitual.<\/p><p>Las viviendas deben permanecer cerradas y a oscuras durante el d\u00eda, en la medida de lo posible. Se ventilan a primera hora de la ma\u00f1ana y a \u00faltima hora de la tarde. Los toldos, las persianas enrollables y las cortinas suelen ser m\u00e1s eficaces que un ventilador, que solo distribuye el aire caliente.<\/p><p>A la hora de comer, las raciones m\u00e1s peque\u00f1as suelen sentar mejor.\u00a0<\/p><p data-olk-copy-source=\"MessageBody\">Las ensaladas, la fruta, las verduras, el gazpacho, las sopas fr\u00edas o los platos sencillos suponen menos esfuerzo para el sistema circulatorio que las comidas pesadas.<\/p><h2><b>No os olvid\u00e9is de los ni\u00f1os, las personas mayores y las mascotas<\/b><\/h2><p>En las personas mayores, la sensaci\u00f3n de sed suele ser m\u00e1s d\u00e9bil. Por eso, es mejor que los familiares y vecinos se aseguren de preguntar m\u00e1s de lo necesario: \u00bfHay suficiente agua en casa? \u00bfLa vivienda se mantiene lo suficientemente fresca? \u00bfLa persona parece inusualmente cansada, confusa o d\u00e9bil?<\/p><p>Los ni\u00f1os sufren un golpe de calor m\u00e1s r\u00e1pidamente que los adultos. No deben jugar mucho tiempo al sol durante las horas de m\u00e1s calor. Los cochecitos no deben cubrirse por completo con mantas, ya que el calor puede acumularse debajo.<\/p><p>Los perros y los gatos tambi\u00e9n necesitan ahora m\u00e1s atenci\u00f3n. Los paseos deben realizarse a primera hora de la ma\u00f1ana o a \u00faltima hora de la tarde. El asfalto puede calentarse mucho y lesionarles las patas. Los ni\u00f1os y los animales nunca deben quedarse solos en un coche aparcado, ni siquiera durante unos minutos.<\/p><h2><b>Tomarse en serio las se\u00f1ales de alerta<\/b><\/h2><p>Los dolores de cabeza, los mareos, las n\u00e1useas, los calambres musculares, una debilidad inusual, el pulso acelerado o el estado de confusi\u00f3n pueden ser los primeros signos de alerta. Las personas afectadas deben alejarse inmediatamente del sol, sentarse o tumbarse, aflojarse la ropa y recibir un enfriamiento suave.<\/p><p>Solo se debe dar agua a la persona si est\u00e1 despierta y responde. En caso de alteraciones de la conciencia, gran confusi\u00f3n, problemas respiratorios, piel muy caliente, v\u00f3mitos persistentes o sospecha de golpe de calor, hay que marcar inmediatamente el 112.<\/p><h2><b>Qu\u00e9 significa la alerta amarilla<\/b><\/h2><p>En la AEMET, el nivel amarillo no supone una situaci\u00f3n de emergencia. Sin embargo, es una advertencia clara: las condiciones meteorol\u00f3gicas pueden suponer un riesgo para las personas sensibles y, si no se act\u00faa correctamente, tambi\u00e9n para el resto.<\/p><p>Para la Costa Blanca, esto significa ahora: no subestimar los \u00edndices costeros, prestar especial atenci\u00f3n al interior, evitar el calor del mediod\u00eda, beber suficiente l\u00edquido y proteger activamente a las personas vulnerables. Los pr\u00f3ximos d\u00edas no son motivo de p\u00e1nico, pero tampoco es momento para la negligencia.<\/p>\t\t\t\t\t\t\t\t<\/div>\n\t\t\t\t<\/div>\n\t\t\t\t<div class=\"elementor-element elementor-element-f5f87eb elementor-widget elementor-widget-spacer\" data-id=\"f5f87eb\" data-element_type=\"widget\" data-e-type=\"widget\" data-widget_type=\"spacer.default\">\n\t\t\t\t<div class=\"elementor-widget-container\">\n\t\t\t\t\t\t\t<div class=\"elementor-spacer\">\n\t\t\t<div class=\"elementor-spacer-inner\"><\/div>\n\t\t<\/div>\n\t\t\t\t\t\t<\/div>\n\t\t\t\t<\/div>\n\t\t\t\t<div class=\"elementor-element elementor-element-5b8bb51 elementor-widget elementor-widget-text-editor\" data-id=\"5b8bb51\" data-element_type=\"widget\" data-e-type=\"widget\" data-widget_type=\"text-editor.default\">\n\t\t\t\t<div class=\"elementor-widget-container\">\n\t\t\t\t\t\t\t\t\t<p><span lang=\"es\" data-olk-copy-source=\"MessageBody\">Fuente: AEMET, Ministerio de Sanidad<\/span><\/p>\t\t\t\t\t\t\t\t<\/div>\n\t\t\t\t<\/div>\n\t\t\t\t<\/div>\n\t\t\t\t\t<\/div>\n\t\t\t\t<\/div>\n\t\t\t\t<\/div>","protected":false},"excerpt":{"rendered":"<p>AEMET-Warnung Costa Blanca: Hitze bis 42 Grad im Inland Die Costa Blanca startet in eine sehr hei\u00dfe Wetterphase. Direkt an der K\u00fcste bleiben die Werte vielerorts etwas niedriger, im Hinterland der Provinz Alicante wird es deutlich belastender. AEMET rechnet lokal mit Spitzen um 40 Grad und mehr. AEMET meldet hohe Temperaturen in Alicante und Umgebung [&hellip;]<\/p>\n","protected":false},"author":1,"featured_media":11872,"comment_status":"closed","ping_status":"closed","sticky":false,"template":"elementor_header_footer","format":"standard","meta":{"footnotes":""},"categories":[13,12],"tags":[1774],"class_list":["post-11871","post","type-post","status-publish","format-standard","has-post-thumbnail","hentry","category-infos","category-news-politik","tag-news-costa-blanca"],"aioseo_notices":[],"aioseo_head":"\n\t\t<!-- All in One SEO Pro 5.0.1.1 - aioseo.com -->\n\t<meta name=\"description\" content=\"AEMET warnt in der Provinz Alicante vor sehr hohen Temperaturen. An der Costa Blanca wird es hei\u00df, im Hinterland teils extrem. Was jetzt wichtig ist.\" \/>\n\t<meta name=\"robots\" content=\"max-snippet:-1, max-image-preview:large, max-video-preview:-1\" \/>\n\t<meta name=\"author\" content=\"admin\"\/>\n\t<link rel=\"canonical\" href=\"https:\/\/costablanca-magazin.com\/es\/lokales\/infos\/aemet-warnung-costa-blanca-hitze-bis-42-grad-im-inland\/\" \/>\n\t<meta name=\"generator\" content=\"All in One SEO Pro (AIOSEO) 5.0.1.1\" \/>\n\t\t<meta property=\"og:locale\" content=\"es_ES\" \/>\n\t\t<meta property=\"og:site_name\" content=\"Costa Blanca Magazin\" \/>\n\t\t<meta property=\"og:type\" content=\"article\" \/>\n\t\t<meta property=\"og:title\" content=\"AEMET-Warnung Costa Blanca: Hitze bis 42 Grad im Inland\" \/>\n\t\t<meta property=\"og:description\" content=\"AEMET warnt in der Provinz Alicante vor sehr hohen Temperaturen. An der Costa Blanca wird es hei\u00df, im Hinterland teils extrem. Was jetzt wichtig ist.\" \/>\n\t\t<meta property=\"og:url\" content=\"https:\/\/costablanca-magazin.com\/es\/lokales\/infos\/aemet-warnung-costa-blanca-hitze-bis-42-grad-im-inland\/\" \/>\n\t\t<meta property=\"og:image\" content=\"https:\/\/costablanca-magazin.com\/wp-content\/uploads\/2026\/07\/Sommerhitze-Mallorca-AEMET.jpg\" \/>\n\t\t<meta property=\"og:image:secure_url\" content=\"https:\/\/costablanca-magazin.com\/wp-content\/uploads\/2026\/07\/Sommerhitze-Mallorca-AEMET.jpg\" \/>\n\t\t<meta property=\"og:image:width\" content=\"2560\" \/>\n\t\t<meta property=\"og:image:height\" content=\"1707\" \/>\n\t\t<meta property=\"article:published_time\" content=\"2026-07-14T09:28:59+00:00\" \/>\n\t\t<meta property=\"article:modified_time\" content=\"2026-07-14T09:32:28+00:00\" \/>\n\t\t<meta property=\"article:publisher\" content=\"https:\/\/www.facebook.com\/costablancalifestyle\/\" \/>\n\t\t<meta name=\"twitter:card\" content=\"summary_large_image\" \/>\n\t\t<meta name=\"twitter:title\" content=\"AEMET-Warnung Costa Blanca: Hitze bis 42 Grad im Inland\" \/>\n\t\t<meta name=\"twitter:description\" content=\"AEMET warnt in der Provinz Alicante vor sehr hohen Temperaturen. An der Costa Blanca wird es hei\u00df, im Hinterland teils extrem. Was jetzt wichtig ist.\" \/>\n\t\t<meta name=\"twitter:image\" content=\"https:\/\/costablanca-magazin.com\/wp-content\/uploads\/2026\/07\/Sommerhitze-Mallorca-AEMET.jpg\" \/>\n\t\t<script type=\"application\/ld+json\" class=\"aioseo-schema\">\n\t\t\t{\"@context\":\"https:\\\/\\\/schema.org\",\"@graph\":[{\"@type\":\"BreadcrumbList\",\"@id\":\"https:\\\/\\\/costablanca-magazin.com\\\/es\\\/lokales\\\/infos\\\/aemet-warnung-costa-blanca-hitze-bis-42-grad-im-inland\\\/#breadcrumblist\",\"itemListElement\":[{\"@type\":\"ListItem\",\"@id\":\"https:\\\/\\\/costablanca-magazin.com\\\/es#listItem\",\"position\":1,\"name\":\"Home\",\"item\":\"https:\\\/\\\/costablanca-magazin.com\\\/es\",\"nextItem\":{\"@type\":\"ListItem\",\"@id\":\"https:\\\/\\\/costablanca-magazin.com\\\/es\\\/local\\\/#listItem\",\"name\":\"Lokales\"}},{\"@type\":\"ListItem\",\"@id\":\"https:\\\/\\\/costablanca-magazin.com\\\/es\\\/local\\\/#listItem\",\"position\":2,\"name\":\"Lokales\",\"item\":\"https:\\\/\\\/costablanca-magazin.com\\\/es\\\/local\\\/\",\"nextItem\":{\"@type\":\"ListItem\",\"@id\":\"https:\\\/\\\/costablanca-magazin.com\\\/es\\\/informacion\\\/#listItem\",\"name\":\"Infos\"},\"previousItem\":{\"@type\":\"ListItem\",\"@id\":\"https:\\\/\\\/costablanca-magazin.com\\\/es#listItem\",\"name\":\"Home\"}},{\"@type\":\"ListItem\",\"@id\":\"https:\\\/\\\/costablanca-magazin.com\\\/es\\\/informacion\\\/#listItem\",\"position\":3,\"name\":\"Infos\",\"item\":\"https:\\\/\\\/costablanca-magazin.com\\\/es\\\/informacion\\\/\",\"nextItem\":{\"@type\":\"ListItem\",\"@id\":\"https:\\\/\\\/costablanca-magazin.com\\\/es\\\/lokales\\\/infos\\\/aemet-warnung-costa-blanca-hitze-bis-42-grad-im-inland\\\/#listItem\",\"name\":\"AEMET-Warnung Costa Blanca: Hitze bis 42 Grad im Inland\"},\"previousItem\":{\"@type\":\"ListItem\",\"@id\":\"https:\\\/\\\/costablanca-magazin.com\\\/es\\\/local\\\/#listItem\",\"name\":\"Lokales\"}},{\"@type\":\"ListItem\",\"@id\":\"https:\\\/\\\/costablanca-magazin.com\\\/es\\\/lokales\\\/infos\\\/aemet-warnung-costa-blanca-hitze-bis-42-grad-im-inland\\\/#listItem\",\"position\":4,\"name\":\"AEMET-Warnung Costa Blanca: Hitze bis 42 Grad im Inland\",\"previousItem\":{\"@type\":\"ListItem\",\"@id\":\"https:\\\/\\\/costablanca-magazin.com\\\/es\\\/informacion\\\/#listItem\",\"name\":\"Infos\"}}]},{\"@type\":\"NewsArticle\",\"@id\":\"https:\\\/\\\/costablanca-magazin.com\\\/es\\\/lokales\\\/infos\\\/aemet-warnung-costa-blanca-hitze-bis-42-grad-im-inland\\\/#article\",\"name\":\"AEMET-Warnung Costa Blanca: Hitze bis 42 Grad im Inland\",\"headline\":\"AEMET-Warnung Costa Blanca: Hitze bis 42 Grad im Inland\",\"author\":{\"@id\":\"https:\\\/\\\/costablanca-magazin.com\\\/es\\\/author\\\/admin\\\/#author\"},\"publisher\":{\"@id\":\"https:\\\/\\\/costablanca-magazin.com\\\/es\\\/#organization\"},\"image\":{\"@type\":\"ImageObject\",\"url\":\"https:\\\/\\\/costablanca-magazin.com\\\/wp-content\\\/uploads\\\/2026\\\/07\\\/Sommerhitze-Mallorca-AEMET.jpg\",\"width\":2560,\"height\":1707,\"caption\":\"AEMET-Warnung Costa Blanca: Hitze bis 42 Grad im Inland\"},\"datePublished\":\"2026-07-14T11:28:59+02:00\",\"dateModified\":\"2026-07-14T11:32:28+02:00\",\"inLanguage\":\"es-ES\",\"mainEntityOfPage\":{\"@id\":\"https:\\\/\\\/costablanca-magazin.com\\\/es\\\/lokales\\\/infos\\\/aemet-warnung-costa-blanca-hitze-bis-42-grad-im-inland\\\/#webpage\"},\"isPartOf\":{\"@id\":\"https:\\\/\\\/costablanca-magazin.com\\\/es\\\/lokales\\\/infos\\\/aemet-warnung-costa-blanca-hitze-bis-42-grad-im-inland\\\/#webpage\"},\"articleSection\":\"Infos, News &amp; Politik, News Costa Blanca\"},{\"@type\":\"Person\",\"@id\":\"https:\\\/\\\/costablanca-magazin.com\\\/es\\\/author\\\/admin\\\/#author\",\"url\":\"https:\\\/\\\/costablanca-magazin.com\\\/es\\\/author\\\/admin\\\/\",\"name\":\"admin\"},{\"@type\":\"WebPage\",\"@id\":\"https:\\\/\\\/costablanca-magazin.com\\\/es\\\/lokales\\\/infos\\\/aemet-warnung-costa-blanca-hitze-bis-42-grad-im-inland\\\/#webpage\",\"url\":\"https:\\\/\\\/costablanca-magazin.com\\\/es\\\/lokales\\\/infos\\\/aemet-warnung-costa-blanca-hitze-bis-42-grad-im-inland\\\/\",\"name\":\"AEMET-Warnung Costa Blanca: Hitze bis 42 Grad im Inland\",\"description\":\"AEMET warnt in der Provinz Alicante vor sehr hohen Temperaturen. An der Costa Blanca wird es hei\\u00df, im Hinterland teils extrem. Was jetzt wichtig ist.\",\"inLanguage\":\"es-ES\",\"isPartOf\":{\"@id\":\"https:\\\/\\\/costablanca-magazin.com\\\/es\\\/#website\"},\"breadcrumb\":{\"@id\":\"https:\\\/\\\/costablanca-magazin.com\\\/es\\\/lokales\\\/infos\\\/aemet-warnung-costa-blanca-hitze-bis-42-grad-im-inland\\\/#breadcrumblist\"},\"author\":{\"@id\":\"https:\\\/\\\/costablanca-magazin.com\\\/es\\\/author\\\/admin\\\/#author\"},\"creator\":{\"@id\":\"https:\\\/\\\/costablanca-magazin.com\\\/es\\\/author\\\/admin\\\/#author\"},\"image\":{\"@type\":\"ImageObject\",\"url\":\"https:\\\/\\\/costablanca-magazin.com\\\/wp-content\\\/uploads\\\/2026\\\/07\\\/Sommerhitze-Mallorca-AEMET.jpg\",\"@id\":\"https:\\\/\\\/costablanca-magazin.com\\\/es\\\/lokales\\\/infos\\\/aemet-warnung-costa-blanca-hitze-bis-42-grad-im-inland\\\/#mainImage\",\"width\":2560,\"height\":1707,\"caption\":\"AEMET-Warnung Costa Blanca: Hitze bis 42 Grad im Inland\"},\"primaryImageOfPage\":{\"@id\":\"https:\\\/\\\/costablanca-magazin.com\\\/es\\\/lokales\\\/infos\\\/aemet-warnung-costa-blanca-hitze-bis-42-grad-im-inland\\\/#mainImage\"},\"datePublished\":\"2026-07-14T11:28:59+02:00\",\"dateModified\":\"2026-07-14T11:32:28+02:00\",\"mainEntity\":{\"@id\":\"https:\\\/\\\/costablanca-magazin.com\\\/es\\\/lokales\\\/infos\\\/aemet-warnung-costa-blanca-hitze-bis-42-grad-im-inland\\\/#article\"}},{\"@type\":\"WebSite\",\"@id\":\"https:\\\/\\\/costablanca-magazin.com\\\/es\\\/#website\",\"url\":\"https:\\\/\\\/costablanca-magazin.com\\\/es\\\/\",\"name\":\"Costa Blanca Magazin\",\"description\":\"Costa Blanca - alles um das Leben und die Freizeit an der K\\u00fcste\",\"inLanguage\":\"es-ES\",\"publisher\":{\"@id\":\"https:\\\/\\\/costablanca-magazin.com\\\/es\\\/#organization\"},\"potentialAction\":{\"@type\":\"SearchAction\",\"target\":\"https:\\\/\\\/costablanca-magazin.com\\\/es\\\/?s={search_term_string}\",\"query-input\":\"required name=search_term_string\"}},{\"@type\":[\"Organization\",\"NewsMediaOrganization\"],\"@id\":\"https:\\\/\\\/costablanca-magazin.com\\\/es\\\/#organization\",\"name\":\"Costa Blanca Magazin\",\"description\":\"Costa Blanca Magazin\",\"url\":\"https:\\\/\\\/costablanca-magazin.com\\\/es\\\/\",\"email\":\"info@costablanca-magazin.com\",\"telephone\":\"+34 663 946 871\",\"logo\":{\"@type\":\"ImageObject\",\"url\":\"https:\\\/\\\/costablanca-magazin.com\\\/wp-content\\\/uploads\\\/2024\\\/05\\\/logo.jpg\",\"@id\":\"https:\\\/\\\/costablanca-magazin.com\\\/es\\\/lokales\\\/infos\\\/aemet-warnung-costa-blanca-hitze-bis-42-grad-im-inland\\\/#organizationLogo\",\"width\":1605,\"height\":236,\"caption\":\"Costa Blanca Magazin\"},\"image\":{\"@id\":\"https:\\\/\\\/costablanca-magazin.com\\\/es\\\/lokales\\\/infos\\\/aemet-warnung-costa-blanca-hitze-bis-42-grad-im-inland\\\/#organizationLogo\"},\"sameAs\":[\"https:\\\/\\\/www.facebook.com\\\/costablancalifestyle\\\/\",\"https:\\\/\\\/www.instagram.com\\\/costablancamagazin\\\/\"]}]}\n\t\t<\/script>\n\t\t<!-- All in One SEO Pro -->\r\n\t\t<title>AEMET-Warnung Costa Blanca: Hitze bis 42 Grad im Inland<\/title>\n\n","aioseo_head_json":{"title":"Aviso de la AEMET para la Costa Blanca: olas de calor de hasta 42 grados en el interior","description":"La AEMET advierte de temperaturas muy elevadas en la provincia de Alicante. En la Costa Blanca har\u00e1 calor, y en el interior, en algunos casos, el calor ser\u00e1 extremo. Esto es lo que hay que tener en cuenta ahora.","canonical_url":"https:\/\/costablanca-magazin.com\/es\/lokales\/infos\/aemet-warnung-costa-blanca-hitze-bis-42-grad-im-inland\/","robots":"max-snippet:-1, max-image-preview:large, max-video-preview:-1","keywords":"","webmasterTools":{"miscellaneous":""},"schema":{"@context":"https:\/\/schema.org","@graph":[{"@type":"BreadcrumbList","@id":"https:\/\/costablanca-magazin.com\/es\/lokales\/infos\/aemet-warnung-costa-blanca-hitze-bis-42-grad-im-inland\/#breadcrumblist","itemListElement":[{"@type":"ListItem","@id":"https:\/\/costablanca-magazin.com\/es#listItem","position":1,"name":"Home","item":"https:\/\/costablanca-magazin.com\/es","nextItem":{"@type":"ListItem","@id":"https:\/\/costablanca-magazin.com\/es\/local\/#listItem","name":"Lokales"}},{"@type":"ListItem","@id":"https:\/\/costablanca-magazin.com\/es\/local\/#listItem","position":2,"name":"Lokales","item":"https:\/\/costablanca-magazin.com\/es\/local\/","nextItem":{"@type":"ListItem","@id":"https:\/\/costablanca-magazin.com\/es\/informacion\/#listItem","name":"Infos"},"previousItem":{"@type":"ListItem","@id":"https:\/\/costablanca-magazin.com\/es#listItem","name":"Home"}},{"@type":"ListItem","@id":"https:\/\/costablanca-magazin.com\/es\/informacion\/#listItem","position":3,"name":"Infos","item":"https:\/\/costablanca-magazin.com\/es\/informacion\/","nextItem":{"@type":"ListItem","@id":"https:\/\/costablanca-magazin.com\/es\/lokales\/infos\/aemet-warnung-costa-blanca-hitze-bis-42-grad-im-inland\/#listItem","name":"AEMET-Warnung Costa Blanca: Hitze bis 42 Grad im Inland"},"previousItem":{"@type":"ListItem","@id":"https:\/\/costablanca-magazin.com\/es\/local\/#listItem","name":"Lokales"}},{"@type":"ListItem","@id":"https:\/\/costablanca-magazin.com\/es\/lokales\/infos\/aemet-warnung-costa-blanca-hitze-bis-42-grad-im-inland\/#listItem","position":4,"name":"AEMET-Warnung Costa Blanca: Hitze bis 42 Grad im Inland","previousItem":{"@type":"ListItem","@id":"https:\/\/costablanca-magazin.com\/es\/informacion\/#listItem","name":"Infos"}}]},{"@type":"NewsArticle","@id":"https:\/\/costablanca-magazin.com\/es\/lokales\/infos\/aemet-warnung-costa-blanca-hitze-bis-42-grad-im-inland\/#article","name":"AEMET-Warnung Costa Blanca: Hitze bis 42 Grad im Inland","headline":"AEMET-Warnung Costa Blanca: Hitze bis 42 Grad im Inland","author":{"@id":"https:\/\/costablanca-magazin.com\/es\/author\/admin\/#author"},"publisher":{"@id":"https:\/\/costablanca-magazin.com\/es\/#organization"},"image":{"@type":"ImageObject","url":"https:\/\/costablanca-magazin.com\/wp-content\/uploads\/2026\/07\/Sommerhitze-Mallorca-AEMET.jpg","width":2560,"height":1707,"caption":"AEMET-Warnung Costa Blanca: Hitze bis 42 Grad im Inland"},"datePublished":"2026-07-14T11:28:59+02:00","dateModified":"2026-07-14T11:32:28+02:00","inLanguage":"es-ES","mainEntityOfPage":{"@id":"https:\/\/costablanca-magazin.com\/es\/lokales\/infos\/aemet-warnung-costa-blanca-hitze-bis-42-grad-im-inland\/#webpage"},"isPartOf":{"@id":"https:\/\/costablanca-magazin.com\/es\/lokales\/infos\/aemet-warnung-costa-blanca-hitze-bis-42-grad-im-inland\/#webpage"},"articleSection":"Infos, News &amp; Politik, News Costa Blanca"},{"@type":"Person","@id":"https:\/\/costablanca-magazin.com\/es\/author\/admin\/#author","url":"https:\/\/costablanca-magazin.com\/es\/author\/admin\/","name":"admin"},{"@type":"WebPage","@id":"https:\/\/costablanca-magazin.com\/es\/lokales\/infos\/aemet-warnung-costa-blanca-hitze-bis-42-grad-im-inland\/#webpage","url":"https:\/\/costablanca-magazin.com\/es\/lokales\/infos\/aemet-warnung-costa-blanca-hitze-bis-42-grad-im-inland\/","name":"AEMET-Warnung Costa Blanca: Hitze bis 42 Grad im Inland","description":"AEMET warnt in der Provinz Alicante vor sehr hohen Temperaturen. An der Costa Blanca wird es hei\u00df, im Hinterland teils extrem. Was jetzt wichtig ist.","inLanguage":"es-ES","isPartOf":{"@id":"https:\/\/costablanca-magazin.com\/es\/#website"},"breadcrumb":{"@id":"https:\/\/costablanca-magazin.com\/es\/lokales\/infos\/aemet-warnung-costa-blanca-hitze-bis-42-grad-im-inland\/#breadcrumblist"},"author":{"@id":"https:\/\/costablanca-magazin.com\/es\/author\/admin\/#author"},"creator":{"@id":"https:\/\/costablanca-magazin.com\/es\/author\/admin\/#author"},"image":{"@type":"ImageObject","url":"https:\/\/costablanca-magazin.com\/wp-content\/uploads\/2026\/07\/Sommerhitze-Mallorca-AEMET.jpg","@id":"https:\/\/costablanca-magazin.com\/es\/lokales\/infos\/aemet-warnung-costa-blanca-hitze-bis-42-grad-im-inland\/#mainImage","width":2560,"height":1707,"caption":"AEMET-Warnung Costa Blanca: Hitze bis 42 Grad im Inland"},"primaryImageOfPage":{"@id":"https:\/\/costablanca-magazin.com\/es\/lokales\/infos\/aemet-warnung-costa-blanca-hitze-bis-42-grad-im-inland\/#mainImage"},"datePublished":"2026-07-14T11:28:59+02:00","dateModified":"2026-07-14T11:32:28+02:00","mainEntity":{"@id":"https:\/\/costablanca-magazin.com\/es\/lokales\/infos\/aemet-warnung-costa-blanca-hitze-bis-42-grad-im-inland\/#article"}},{"@type":"WebSite","@id":"https:\/\/costablanca-magazin.com\/es\/#website","url":"https:\/\/costablanca-magazin.com\/es\/","name":"Costa Blanca Magazin","description":"Costa Blanca - alles um das Leben und die Freizeit an der K\u00fcste","inLanguage":"es-ES","publisher":{"@id":"https:\/\/costablanca-magazin.com\/es\/#organization"},"potentialAction":{"@type":"SearchAction","target":"https:\/\/costablanca-magazin.com\/es\/?s={search_term_string}","query-input":"required name=search_term_string"}},{"@type":["Organization","NewsMediaOrganization"],"@id":"https:\/\/costablanca-magazin.com\/es\/#organization","name":"Costa Blanca Magazin","description":"Costa Blanca Magazin","url":"https:\/\/costablanca-magazin.com\/es\/","email":"info@costablanca-magazin.com","telephone":"+34 663 946 871","logo":{"@type":"ImageObject","url":"https:\/\/costablanca-magazin.com\/wp-content\/uploads\/2024\/05\/logo.jpg","@id":"https:\/\/costablanca-magazin.com\/es\/lokales\/infos\/aemet-warnung-costa-blanca-hitze-bis-42-grad-im-inland\/#organizationLogo","width":1605,"height":236,"caption":"Costa Blanca Magazin"},"image":{"@id":"https:\/\/costablanca-magazin.com\/es\/lokales\/infos\/aemet-warnung-costa-blanca-hitze-bis-42-grad-im-inland\/#organizationLogo"},"sameAs":["https:\/\/www.facebook.com\/costablancalifestyle\/","https:\/\/www.instagram.com\/costablancamagazin\/"]}]},"og:locale":"es_ES","og:site_name":"Costa Blanca Magazin","og:type":"article","og:title":"AEMET-Warnung Costa Blanca: Hitze bis 42 Grad im Inland","og:description":"AEMET warnt in der Provinz Alicante vor sehr hohen Temperaturen. An der Costa Blanca wird es hei\u00df, im Hinterland teils extrem. Was jetzt wichtig ist.","og:url":"https:\/\/costablanca-magazin.com\/es\/lokales\/infos\/aemet-warnung-costa-blanca-hitze-bis-42-grad-im-inland\/","og:image":"https:\/\/costablanca-magazin.com\/wp-content\/uploads\/2026\/07\/Sommerhitze-Mallorca-AEMET.jpg","og:image:secure_url":"https:\/\/costablanca-magazin.com\/wp-content\/uploads\/2026\/07\/Sommerhitze-Mallorca-AEMET.jpg","og:image:width":2560,"og:image:height":1707,"article:published_time":"2026-07-14T09:28:59+00:00","article:modified_time":"2026-07-14T09:32:28+00:00","article:publisher":"https:\/\/www.facebook.com\/costablancalifestyle\/","twitter:card":"summary_large_image","twitter:title":"AEMET-Warnung Costa Blanca: Hitze bis 42 Grad im Inland","twitter:description":"AEMET warnt in der Provinz Alicante vor sehr hohen Temperaturen. An der Costa Blanca wird es hei\u00df, im Hinterland teils extrem. Was jetzt wichtig ist.","twitter:image":"https:\/\/costablanca-magazin.com\/wp-content\/uploads\/2026\/07\/Sommerhitze-Mallorca-AEMET.jpg"},"aioseo_meta_data":{"post_id":"11871","title":"Aviso de la AEMET para la Costa Blanca: olas de calor de hasta 42 grados en el interior","description":"La AEMET advierte de temperaturas muy elevadas en la provincia de Alicante. En la Costa Blanca har\u00e1 calor, y en el interior, en algunos casos, el calor ser\u00e1 extremo. Esto es lo que hay que tener en cuenta ahora.","keywords":null,"keyphrases":{"focus":[],"additional":[]},"primary_term":{"category":13},"canonical_url":null,"og_title":null,"og_description":null,"og_object_type":"default","og_image_type":"default","og_image_url":null,"og_image_width":null,"og_image_height":null,"og_image_custom_url":null,"og_image_custom_fields":null,"og_video":"","og_custom_url":null,"og_article_section":null,"og_article_tags":null,"twitter_use_og":false,"twitter_card":"default","twitter_image_type":"default","twitter_image_url":null,"twitter_image_custom_url":null,"twitter_image_custom_fields":null,"twitter_title":null,"twitter_description":null,"schema":{"blockGraphs":[],"customGraphs":[],"default":{"data":{"Article":[],"Course":[],"Dataset":[],"FAQPage":[],"Movie":[],"Person":[],"Product":[],"ProductReview":[],"Car":[],"Recipe":[],"Service":[],"SoftwareApplication":[],"WebPage":[]},"graphName":"Article","isEnabled":true},"graphs":[]},"schema_type":"default","schema_type_options":null,"pillar_content":false,"robots_default":true,"robots_noindex":false,"robots_noarchive":false,"robots_nosnippet":false,"robots_nofollow":false,"robots_noimageindex":false,"robots_noodp":false,"robots_notranslate":false,"robots_max_snippet":"-1","robots_max_videopreview":"-1","robots_max_imagepreview":"large","priority":null,"frequency":"default","local_seo":null,"seo_analyzer_scan_date":"2026-07-14 09:32:30","breadcrumb_settings":null,"limit_modified_date":false,"reviewed_by":"0","open_ai":null,"ai":{"faqs":[],"keyPoints":[],"schemas":[],"titles":[],"descriptions":[],"socialPosts":{"email":{"subject":"","preview":"","content":""},"linkedin":[],"twitter":[],"facebook":[],"instagram":[]}},"created":"2026-07-14 09:27:01","updated":"2026-08-10 07:29:20","focus_keyword":null,"additional_keywords":null,"truseo_locale":null},"aioseo_breadcrumb":"<div class=\"aioseo-breadcrumbs\"><span class=\"aioseo-breadcrumb\">\n\t<a href=\"https:\/\/costablanca-magazin.com\/es\" title=\"Home\">Home<\/a>\n<\/span><span class=\"aioseo-breadcrumb-separator\">&raquo;<\/span><span class=\"aioseo-breadcrumb\">\n\t<a href=\"https:\/\/costablanca-magazin.com\/es\/local\/\" title=\"Lokales\">Lokales<\/a>\n<\/span><span class=\"aioseo-breadcrumb-separator\">&raquo;<\/span><span class=\"aioseo-breadcrumb\">\n\t<a href=\"https:\/\/costablanca-magazin.com\/es\/informacion\/\" title=\"Infos\">Infos<\/a>\n<\/span><span class=\"aioseo-breadcrumb-separator\">&raquo;<\/span><span class=\"aioseo-breadcrumb\">\n\tAEMET-Warnung Costa Blanca: Hitze bis 42 Grad im Inland\n<\/span><\/div>","aioseo_breadcrumb_json":[{"label":"Home","link":"https:\/\/costablanca-magazin.com\/es"},{"label":"Lokales","link":"https:\/\/costablanca-magazin.com\/es\/local\/"},{"label":"Infos","link":"https:\/\/costablanca-magazin.com\/es\/informacion\/"},{"label":"AEMET-Warnung Costa Blanca: Hitze bis 42 Grad im Inland","link":"https:\/\/costablanca-magazin.com\/es\/lokales\/infos\/aemet-warnung-costa-blanca-hitze-bis-42-grad-im-inland\/"}],"_links":{"self":[{"href":"https:\/\/costablanca-magazin.com\/es\/wp-json\/wp\/v2\/posts\/11871","targetHints":{"allow":["GET"]}}],"collection":[{"href":"https:\/\/costablanca-magazin.com\/es\/wp-json\/wp\/v2\/posts"}],"about":[{"href":"https:\/\/costablanca-magazin.com\/es\/wp-json\/wp\/v2\/types\/post"}],"author":[{"embeddable":true,"href":"https:\/\/costablanca-magazin.com\/es\/wp-json\/wp\/v2\/users\/1"}],"replies":[{"embeddable":true,"href":"https:\/\/costablanca-magazin.com\/es\/wp-json\/wp\/v2\/comments?post=11871"}],"version-history":[{"count":7,"href":"https:\/\/costablanca-magazin.com\/es\/wp-json\/wp\/v2\/posts\/11871\/revisions"}],"predecessor-version":[{"id":11879,"href":"https:\/\/costablanca-magazin.com\/es\/wp-json\/wp\/v2\/posts\/11871\/revisions\/11879"}],"wp:featuredmedia":[{"embeddable":true,"href":"https:\/\/costablanca-magazin.com\/es\/wp-json\/wp\/v2\/media\/11872"}],"wp:attachment":[{"href":"https:\/\/costablanca-magazin.com\/es\/wp-json\/wp\/v2\/media?parent=11871"}],"wp:term":[{"taxonomy":"category","embeddable":true,"href":"https:\/\/costablanca-magazin.com\/es\/wp-json\/wp\/v2\/categories?post=11871"},{"taxonomy":"post_tag","embeddable":true,"href":"https:\/\/costablanca-magazin.com\/es\/wp-json\/wp\/v2\/tags?post=11871"}],"curies":[{"name":"wp","href":"https:\/\/api.w.org\/{rel}","templated":true}]}}