{"id":11484,"date":"2026-05-01T18:00:00","date_gmt":"2026-05-01T16:00:00","guid":{"rendered":"https:\/\/costablanca-magazin.com\/?p=11484"},"modified":"2026-05-01T16:41:21","modified_gmt":"2026-05-01T14:41:21","slug":"eventos-y-acontecimientos-en-la-costa-blanca-mayo-2026","status":"publish","type":"post","link":"https:\/\/costablanca-magazin.com\/es\/freizeit\/veranstaltungen-events\/veranstaltungen-un-events-an-der-costa-blanca-mai-2026\/","title":{"rendered":"Eventos en la Costa Blanca - Mayo 2026"},"content":{"rendered":"<div data-elementor-type=\"wp-post\" data-elementor-id=\"11484\" class=\"elementor elementor-11484\" data-elementor-post-type=\"post\">\n\t\t\t\t<div class=\"elementor-element elementor-element-acae5bb e-flex e-con-boxed e-con e-parent\" data-id=\"acae5bb\" data-element_type=\"container\" data-e-type=\"container\">\n\t\t\t\t\t<div class=\"e-con-inner\">\n\t\t\t\t<div class=\"elementor-element elementor-element-e385beb elementor-widget elementor-widget-heading\" data-id=\"e385beb\" data-element_type=\"widget\" data-e-type=\"widget\" data-widget_type=\"heading.default\">\n\t\t\t\t<div class=\"elementor-widget-container\">\n\t\t\t\t\t<h1 class=\"elementor-heading-title elementor-size-default\">Eventos y acontecimientos Costa Blanca - Mayo 2026  <\/h1>\t\t\t\t<\/div>\n\t\t\t\t<\/div>\n\t\t\t\t<div class=\"elementor-element elementor-element-1e4422b elementor-widget elementor-widget-image\" data-id=\"1e4422b\" data-element_type=\"widget\" data-e-type=\"widget\" data-widget_type=\"image.default\">\n\t\t\t\t<div class=\"elementor-widget-container\">\n\t\t\t\t\t\t\t\t\t\t\t\t\t\t\t<img decoding=\"async\" src=\"https:\/\/costablanca-magazin.com\/wp-content\/uploads\/elementor\/thumbs\/AdobeStock_296419932-rmthu9squ8c3fibdg5sp50lnb7xizw4kcloptmooto.jpeg\" title=\"Eventos Costa Blanca - Mayo 2026\" alt=\"Eventos Costa Blanca - Mayo 2026\" loading=\"lazy\" \/>\t\t\t\t\t\t\t\t\t\t\t\t\t\t\t<\/div>\n\t\t\t\t<\/div>\n\t\t\t\t<div class=\"elementor-element elementor-element-17cba99 elementor-widget elementor-widget-heading\" data-id=\"17cba99\" data-element_type=\"widget\" data-e-type=\"widget\" data-widget_type=\"heading.default\">\n\t\t\t\t<div class=\"elementor-widget-container\">\n\t\t\t\t\t<h2 class=\"elementor-heading-title elementor-size-default\">Eventos en mayo en la Costa Blanca: Cultura, conciertos, teatro, eventos, fiestas y citas locales desde D\u00e9nia a Torrevieja de un vistazo.<\/h2>\t\t\t\t<\/div>\n\t\t\t\t<\/div>\n\t\t\t\t\t<\/div>\n\t\t\t\t<\/div>\n\t\t<div class=\"elementor-element elementor-element-cc0ba35 e-flex e-con-boxed e-con e-parent\" data-id=\"cc0ba35\" data-element_type=\"container\" data-e-type=\"container\">\n\t\t\t\t\t<div class=\"e-con-inner\">\n\t\t\t\t<div class=\"elementor-element elementor-element-d1aff0c elementor-widget elementor-widget-text-editor\" data-id=\"d1aff0c\" data-element_type=\"widget\" data-e-type=\"widget\" data-widget_type=\"text-editor.default\">\n\t\t\t\t<div class=\"elementor-widget-container\">\n\t\t\t\t\t\t\t\t\t<p>Mayo trae movimiento al calendario de la Costa Blanca. En Torrevieja, el <strong data-start=\"525\" data-end=\"542\">Feria de Mayo<\/strong> Cultura festiva andaluza con casetas, sevillanas, flamenco y largas veladas en la ciudad. Calp marca la pauta con el <strong data-start=\"653\" data-end=\"665\">Firacalp<\/strong> La ciudad de D\u00e9nia apuesta por la gastronom\u00eda, el comercio y las empresas locales, mientras que La Nuc\u00eda re\u00fane deporte, talleres y formatos gastron\u00f3micos. En D\u00e9nia, la cultura sale del centro de la ciudad con arte callejero, danza y exposiciones. Tambi\u00e9n hay teatro en Altea y Benidorm, conciertos en Torrevieja, Alicante y Villajoyosa, as\u00ed como eventos m\u00e1s peque\u00f1os y a menudo m\u00e1s cercanos a la vida cotidiana que el cartel de grandes acontecimientos. El calendario de eventos de mayo muestra la Costa Blanca entre escenario local, barrio, m\u00fasica, mercado y fiesta, de D\u00e9nia a Torrevieja.<\/p>\t\t\t\t\t\t\t\t<\/div>\n\t\t\t\t<\/div>\n\t\t\t\t\t<\/div>\n\t\t\t\t<\/div>\n\t\t<div class=\"elementor-element elementor-element-e37328f e-flex e-con-boxed e-con e-parent\" data-id=\"e37328f\" data-element_type=\"container\" data-e-type=\"container\">\n\t\t\t\t\t<div class=\"e-con-inner\">\n\t\t\t\t<div class=\"elementor-element elementor-element-1e127f1 elementor-widget-divider--separator-type-pattern elementor-widget-divider--view-line elementor-widget elementor-widget-divider\" data-id=\"1e127f1\" data-element_type=\"widget\" data-e-type=\"widget\" data-widget_type=\"divider.default\">\n\t\t\t\t<div class=\"elementor-widget-container\">\n\t\t\t\t\t\t\t<div class=\"elementor-divider\" style=\"--divider-pattern-url: url(&quot;data:image\/svg+xml,%3Csvg xmlns=&#039;http:\/\/www.w3.org\/2000\/svg&#039; preserveAspectRatio=&#039;none&#039; overflow=&#039;visible&#039; height=&#039;100%&#039; viewBox=&#039;0 0 24 24&#039; fill=&#039;none&#039; stroke=&#039;black&#039; stroke-width=&#039;1.5&#039; stroke-linecap=&#039;square&#039; stroke-miterlimit=&#039;10&#039;%3E%3Cpath d=&#039;M0,6c6,0,0.9,11.1,6.9,11.1S18,6,24,6&#039;\/%3E%3C\/svg%3E&quot;);\">\n\t\t\t<span class=\"elementor-divider-separator\">\n\t\t\t\t\t\t<\/span>\n\t\t<\/div>\n\t\t\t\t\t\t<\/div>\n\t\t\t\t<\/div>\n\t\t\t\t\t<\/div>\n\t\t\t\t<\/div>\n\t\t<div class=\"elementor-element elementor-element-c17f1b4 e-flex e-con-boxed e-con e-parent\" data-id=\"c17f1b4\" data-element_type=\"container\" data-e-type=\"container\">\n\t\t\t\t\t<div class=\"e-con-inner\">\n\t\t<div class=\"elementor-element elementor-element-937fff6 e-con-full e-flex e-con e-child\" data-id=\"937fff6\" data-element_type=\"container\" data-e-type=\"container\">\n\t\t\t\t<div class=\"elementor-element elementor-element-fcd3619 elementor-widget elementor-widget-heading\" data-id=\"fcd3619\" data-element_type=\"widget\" data-e-type=\"widget\" data-widget_type=\"heading.default\">\n\t\t\t\t<div class=\"elementor-widget-container\">\n\t\t\t\t\t<h3 class=\"elementor-heading-title elementor-size-default\">Calpe\n<\/h3>\t\t\t\t<\/div>\n\t\t\t\t<\/div>\n\t\t\t\t<div class=\"elementor-element elementor-element-5a579c6 elementor-widget elementor-widget-text-editor\" data-id=\"5a579c6\" data-element_type=\"widget\" data-e-type=\"widget\" data-widget_type=\"text-editor.default\">\n\t\t\t\t<div class=\"elementor-widget-container\">\n\t\t\t\t\t\t\t\t\t<p>03 de mayo, de 10.00 a 14.00 - La Calle del Arte. Calle Sant\u00edsimo Cristo, Poble Antic de Calp. Arte en la calle en lugar de detr\u00e1s de las puertas de los museos: la calle Sant\u00edsimo Cristo se convierte en una milla del arte abierta en el casco antiguo. El evento tiene lugar siempre el primer domingo de cada mes. Organizado por la Concejal\u00eda de Cultura Calp.<\/p><p>07 mayo 2026, 20:00 - Conferencia: Guardia Civil y patrimonio hist\u00f3rico. Sal\u00f3 d'Actes, Seu Universit\u00e0ria de Calp - Casa Nova. Ra\u00fal Berenguer Gonz\u00e1lez habla sobre la labor de la Guardia Civil en la protecci\u00f3n del patrimonio hist\u00f3rico. Suena \u00e1rido, pero es una mirada bastante apasionante entre los bastidores de la protecci\u00f3n de monumentos y patrimonio cultural. Organizado por la Universitat d'Alacant, el Ajuntament de Calp y la UCO.<\/p><p>08 de mayo, de 20.00 a 22.00 - Festival de Piano de Calp: Jean-Paul Gasparian. Auditorio, Casa de la Cultura. El pianista parisino Jean-Paul Gasparian abre el mes de mayo musical en Calp. Aclamado internacionalmente, multipremiado, el viernes por la noche con entrada gratuita en el Auditorio. Asientos disponibles siempre que la sala acompa\u00f1e. Organizado por la Concejal\u00eda de Cultura.<\/p><p>09 de mayo, 9.30 h - Sendero Azul de Calalga a Bassetes 2026. Punto de partida seg\u00fan inscripci\u00f3n \/ ruta Calalga-Bassetes. Paseo costero guiado en espa\u00f1ol, 3,2 kil\u00f3metros, unas dos horas. Gratuito, pero previa inscripci\u00f3n. Una buena oportunidad para conocer este tramo de costa no s\u00f3lo de paso. Organizado por el Ajuntament de Calp.<\/p><p>09 de mayo, 11.30 h - Conferencia: Aspectos clave en el impacto visual, Sal\u00f3 Blau, Casa de Cultura. Jos\u00e9 Benito Ruiz habla sobre el impacto visual, un tema para todos aquellos que no s\u00f3lo quieren mirar im\u00e1genes, sino que quieren entenderlas. Entrada libre hasta completar el aforo. Organiza Ajuntament de Calp, Concejal\u00eda de Cultura, Foto Club Ifach y otros colaboradores.<\/p><p>15 de mayo, 20.00 - Festival de Piano de Calp: Congyu Wang. Auditorio, Casa de la Cultura. Segunda velada del Festival de Piano de Calp. Congyu Wang toca en el auditorio de la Casa de la Cultura. Entrada libre hasta completar aforo, recomendada a partir de 8 a\u00f1os. Organiza Ajuntament de Calp y Concejal\u00eda de Cultura.<\/p><p>21 de mayo, 20:00 - XV Festival Internacional de M\u00fasica de Invierno-Primavera: Camerata Virtuosi. Auditorio, Casa de la Cultura. \u201eUna noche de solistas\u201c con Joaqu\u00edn Pall Palomares, Joaqu\u00edn Palomares y David Apell\u00e1niz. Velada cl\u00e1sica con dos violines y violonchelo. Entrada: 15 euros en taquilla, reserva a trav\u00e9s de info@pal-music.com<\/p><p>Organizado por el Ajuntament de Calp y la Concejal\u00eda de Cultura.<\/p><p>Del 21 de mayo al domingo 24 de mayo - Firacalp 2026 - Plaza Mayor. La XVI edici\u00f3n de la feria gastron\u00f3mica y comercial trae a la Plaza Mayor empresas locales, gastronom\u00eda, encuentros y negocios. Calp no muestra aqu\u00ed su lado lustroso, sino lo que cuenta en el d\u00eda a d\u00eda: Gastronom\u00eda, comercio, barrio. Organizado por Ajuntament de Calp, OBRI'T A CALP y Empresarios de Calpe.<\/p><p>29 de mayo, 20.00 - Festival de Piano de Calp: Istv\u00e1n I. Sz\u00e9kely. Auditorio, Casa de la Cultura. Otro concierto de piano en el Auditorio a finales de mes. Istv\u00e1n I. Sz\u00e9kely toca dentro del Festival de Piano de Calp. Entrada libre hasta completar aforo, a partir de 8 a\u00f1os. Organizan Ajuntament de Calp y Concejal\u00eda de Cultura.<\/p><p>30 de mayo, 21.00 - Teatro: Bienvenidos a bordo. Auditorio, Casa de la Cultura. El grupo \u201eL@s Divin@s\u201c representar\u00e1 \u201eBienvenidos a bordo\u201c bajo la direcci\u00f3n de Maite L\u00f3pez. Una noche de teatro con entrada libre, hasta completar aforo. Organiza Ajuntament de Calp y Centre C\u00edvic de la Tercera Edat.<\/p>\t\t\t\t\t\t\t\t<\/div>\n\t\t\t\t<\/div>\n\t\t\t\t<div class=\"elementor-element elementor-element-2749e87 elementor-widget elementor-widget-heading\" data-id=\"2749e87\" data-element_type=\"widget\" data-e-type=\"widget\" data-widget_type=\"heading.default\">\n\t\t\t\t<div class=\"elementor-widget-container\">\n\t\t\t\t\t<h3 class=\"elementor-heading-title elementor-size-default\">Altea<\/h3>\t\t\t\t<\/div>\n\t\t\t\t<\/div>\n\t\t\t\t<div class=\"elementor-element elementor-element-103fe67 elementor-widget elementor-widget-text-editor\" data-id=\"103fe67\" data-element_type=\"widget\" data-e-type=\"widget\" data-widget_type=\"text-editor.default\">\n\t\t\t\t<div class=\"elementor-widget-container\">\n\t\t\t\t\t\t\t\t\t<p>02 de mayo, 18.00 - Vivo Vivaldi. Palau Altea. Vivaldi, pero no en modo libro de texto: \u201eVivo Vivaldi\u201c combina m\u00fasica, movimiento y trabajo esc\u00e9nico contempor\u00e1neo para crear un viaje a trav\u00e9s de las cuatro estaciones. La obra ha sido desarrollada por 10&amp;10-Narv\u00e1ez, Runde, Sanz con la Cia. Teatro Espa\u00f1ol y 10&amp;10 Crega. Apta para ni\u00f1os, j\u00f3venes y adultos.\u00a0<\/p><p>03 Mayo, 19.00 - \u00a1Por fin me voy! Palau Altea. Carles Sans, conocido por su larga trayectoria en Tricicle, llega a Altea con una nueva velada en solitario. Vida cotidiana, idiosincrasia, pensamientos de despedida y mucho timing: el actor convierte peque\u00f1as observaciones en gran comedia. Codirigido por Jos\u00e9 Corbacho. La actuaci\u00f3n ser\u00e1 en espa\u00f1ol.\u00a0<\/p><p>09 mayo, 10.00 a 14.00 - Taller de narraci\u00f3n oral: Te cuento. Casa de Cultura Altea. \u00bfCualquiera puede contar historias? Pues no. Este taller con Marisela Romero trata sobre c\u00f3mo una idea se convierte en un momento narrado. La sesi\u00f3n del 9 de mayo marca el final de este taller de cuatro partes. El curso se impartir\u00e1 en espa\u00f1ol. Participaci\u00f3n s\u00f3lo para el taller completo de cuatro fechas. Inscripci\u00f3n a trav\u00e9s de <a href=\"https:\/\/www.alteacultural.com\/inscripcio\" target=\"_blank\" rel=\"noopener\">www.alteacultural.com\/inscripcio<\/a><\/p><p>09 de mayo, 20.00 - Teatro: El Futuro. Palau Altea. Con \u201eEl Futuro\u201c, la Cia. Gaudint Teatre lleva al escenario un viaje teatral a trav\u00e9s de Europa, por fuera en la carretera, por dentro nada menos. Entre drama, comedia, amistad y preguntas sin respuesta, hay mucho que pensar. Duraci\u00f3n: 105 minutos aproximadamente. La representaci\u00f3n ser\u00e1 en espa\u00f1ol.\u00a0<\/p><p>17 de mayo, 19.00 - Teatro: La Ternura. Palau Altea. Shakespeare te manda saludos, Alfredo Sanzol reescribe el cl\u00e1sico: \u201eLa Ternura\u201c es una comedia sobre el amor, la protecci\u00f3n, la confusi\u00f3n y la falacia de poder controlar los sentimientos. La obra ha sido galardonada con el Premio Max a la mejor obra de teatro de 2019. Una reina, dos princesas, una isla supuestamente desierta... y, por supuesto, nada sale seg\u00fan lo previsto. Duraci\u00f3n: 120 minutos. La representaci\u00f3n es en espa\u00f1ol. Entrada: de 20 a 24 euros.<\/p><p>31 de mayo, 18.30 - Teatre: M'entens o t'ho explique? Palau Altea. La Cia. Pla i Rev\u00e9s pone en escena teatro valenciano a finales de mes. \u201eM'entens o t'ho explique?\u201c parece un mensaje claro incluso en el t\u00edtulo - y probablemente despu\u00e9s de unos cuantos malentendidos por el camino. Entrada: 12 euros. Entradas a trav\u00e9s de los miembros de la Comissi\u00f3 del Crist o de <a href=\"https:\/\/bit.ly\/entrades31maig\" target=\"_blank\" rel=\"noopener\">bit.ly\/entrades31maig.<\/a><\/p>\t\t\t\t\t\t\t\t<\/div>\n\t\t\t\t<\/div>\n\t\t\t\t<\/div>\n\t\t<div class=\"elementor-element elementor-element-f24f320 e-con-full e-flex e-con e-child\" data-id=\"f24f320\" data-element_type=\"container\" data-e-type=\"container\">\n\t\t\t\t<div class=\"elementor-element elementor-element-e8d5383 elementor-widget__width-initial elementor-widget elementor-widget-gallery\" data-id=\"e8d5383\" data-element_type=\"widget\" data-e-type=\"widget\" data-settings=\"{&quot;gallery_layout&quot;:&quot;masonry&quot;,&quot;columns&quot;:1,&quot;gap&quot;:{&quot;unit&quot;:&quot;px&quot;,&quot;size&quot;:5,&quot;sizes&quot;:[]},&quot;lazyload&quot;:&quot;yes&quot;,&quot;columns_tablet&quot;:2,&quot;columns_mobile&quot;:1,&quot;gap_tablet&quot;:{&quot;unit&quot;:&quot;px&quot;,&quot;size&quot;:10,&quot;sizes&quot;:[]},&quot;gap_mobile&quot;:{&quot;unit&quot;:&quot;px&quot;,&quot;size&quot;:10,&quot;sizes&quot;:[]},&quot;link_to&quot;:&quot;file&quot;,&quot;overlay_background&quot;:&quot;yes&quot;,&quot;content_hover_animation&quot;:&quot;fade-in&quot;}\" data-widget_type=\"gallery.default\">\n\t\t\t\t<div class=\"elementor-widget-container\">\n\t\t\t\t\t\t\t<div class=\"elementor-gallery__container\">\n\t\t\t\t\t\t\t<a class=\"e-gallery-item elementor-gallery-item elementor-animated-content\" href=\"https:\/\/costablanca-magazin.com\/wp-content\/uploads\/2026\/05\/pa_vivovivaldi.webp\" data-elementor-open-lightbox=\"yes\" data-elementor-lightbox-slideshow=\"e8d5383\" data-elementor-lightbox-title=\"pa_vivovivaldi\" data-elementor-lightbox-description=\"Veranstaltungen Costa Blanca \u2013 Mai 2026  \" data-e-action-hash=\"#elementor-action%3Aaction%3Dlightbox%26settings%3DeyJpZCI6MTE1MTQsInVybCI6Imh0dHBzOlwvXC9jb3N0YWJsYW5jYS1tYWdhemluLmNvbVwvd3AtY29udGVudFwvdXBsb2Fkc1wvMjAyNlwvMDVcL3BhX3Zpdm92aXZhbGRpLndlYnAiLCJzbGlkZXNob3ciOiJlOGQ1MzgzIn0%3D\">\n\t\t\t\t\t<div class=\"e-gallery-image elementor-gallery-item__image\" data-thumbnail=\"https:\/\/costablanca-magazin.com\/wp-content\/uploads\/2026\/05\/pa_vivovivaldi.webp\" data-width=\"1100\" data-height=\"733\" aria-label=\"Eventos Costa Blanca - Mayo 2026\" role=\"img\" ><\/div>\n\t\t\t\t\t\t\t\t\t\t\t<div class=\"elementor-gallery-item__overlay\"><\/div>\n\t\t\t\t\t\t\t\t\t\t\t\t\t\t<\/a>\n\t\t\t\t\t\t\t<a class=\"e-gallery-item elementor-gallery-item elementor-animated-content\" href=\"https:\/\/costablanca-magazin.com\/wp-content\/uploads\/2026\/05\/200526_cartel_individual_zee_zee.jpg\" data-elementor-open-lightbox=\"yes\" data-elementor-lightbox-slideshow=\"e8d5383\" data-elementor-lightbox-title=\"200526_cartel_individual_zee_zee\" data-elementor-lightbox-description=\"Veranstaltungen Costa Blanca \u2013 Mai 2026  \" data-e-action-hash=\"#elementor-action%3Aaction%3Dlightbox%26settings%3DeyJpZCI6MTE0OTMsInVybCI6Imh0dHBzOlwvXC9jb3N0YWJsYW5jYS1tYWdhemluLmNvbVwvd3AtY29udGVudFwvdXBsb2Fkc1wvMjAyNlwvMDVcLzIwMDUyNl9jYXJ0ZWxfaW5kaXZpZHVhbF96ZWVfemVlLmpwZyIsInNsaWRlc2hvdyI6ImU4ZDUzODMifQ%3D%3D\">\n\t\t\t\t\t<div class=\"e-gallery-image elementor-gallery-item__image\" data-thumbnail=\"https:\/\/costablanca-magazin.com\/wp-content\/uploads\/2026\/05\/200526_cartel_individual_zee_zee.jpg\" data-width=\"1414\" data-height=\"2000\" aria-label=\"Eventos Costa Blanca - Mayo 2026\" role=\"img\" ><\/div>\n\t\t\t\t\t\t\t\t\t\t\t<div class=\"elementor-gallery-item__overlay\"><\/div>\n\t\t\t\t\t\t\t\t\t\t\t\t\t\t<\/a>\n\t\t\t\t\t\t\t<a class=\"e-gallery-item elementor-gallery-item elementor-animated-content\" href=\"https:\/\/costablanca-magazin.com\/wp-content\/uploads\/2026\/05\/210526_camerata_virtuosi_en_calpe_21_de_mayo_de_2026_1.jpg\" data-elementor-open-lightbox=\"yes\" data-elementor-lightbox-slideshow=\"e8d5383\" data-elementor-lightbox-title=\"210526_camerata_virtuosi_en_calpe_21_de_mayo_de_2026_1\" data-elementor-lightbox-description=\"Veranstaltungen Costa Blanca \u2013 Mai 2026  \" data-e-action-hash=\"#elementor-action%3Aaction%3Dlightbox%26settings%3DeyJpZCI6MTE0OTQsInVybCI6Imh0dHBzOlwvXC9jb3N0YWJsYW5jYS1tYWdhemluLmNvbVwvd3AtY29udGVudFwvdXBsb2Fkc1wvMjAyNlwvMDVcLzIxMDUyNl9jYW1lcmF0YV92aXJ0dW9zaV9lbl9jYWxwZV8yMV9kZV9tYXlvX2RlXzIwMjZfMS5qcGciLCJzbGlkZXNob3ciOiJlOGQ1MzgzIn0%3D\">\n\t\t\t\t\t<div class=\"e-gallery-image elementor-gallery-item__image\" data-thumbnail=\"https:\/\/costablanca-magazin.com\/wp-content\/uploads\/2026\/05\/210526_camerata_virtuosi_en_calpe_21_de_mayo_de_2026_1.jpg\" data-width=\"1024\" data-height=\"1536\" aria-label=\"Eventos Costa Blanca - Mayo 2026\" role=\"img\" ><\/div>\n\t\t\t\t\t\t\t\t\t\t\t<div class=\"elementor-gallery-item__overlay\"><\/div>\n\t\t\t\t\t\t\t\t\t\t\t\t\t\t<\/a>\n\t\t\t\t\t\t\t<a class=\"e-gallery-item elementor-gallery-item elementor-animated-content\" href=\"https:\/\/costablanca-magazin.com\/wp-content\/uploads\/2026\/05\/21_05_firacalp_maig.jpg\" data-elementor-open-lightbox=\"yes\" data-elementor-lightbox-slideshow=\"e8d5383\" data-elementor-lightbox-title=\"21_05_firacalp_maig\" data-elementor-lightbox-description=\"Veranstaltungen Costa Blanca \u2013 Mai 2026  \" data-e-action-hash=\"#elementor-action%3Aaction%3Dlightbox%26settings%3DeyJpZCI6MTE0OTUsInVybCI6Imh0dHBzOlwvXC9jb3N0YWJsYW5jYS1tYWdhemluLmNvbVwvd3AtY29udGVudFwvdXBsb2Fkc1wvMjAyNlwvMDVcLzIxXzA1X2ZpcmFjYWxwX21haWcuanBnIiwic2xpZGVzaG93IjoiZThkNTM4MyJ9\">\n\t\t\t\t\t<div class=\"e-gallery-image elementor-gallery-item__image\" data-thumbnail=\"https:\/\/costablanca-magazin.com\/wp-content\/uploads\/2026\/05\/21_05_firacalp_maig.jpg\" data-width=\"1080\" data-height=\"1350\" aria-label=\"Eventos Costa Blanca - Mayo 2026\" role=\"img\" ><\/div>\n\t\t\t\t\t\t\t\t\t\t\t<div class=\"elementor-gallery-item__overlay\"><\/div>\n\t\t\t\t\t\t\t\t\t\t\t\t\t\t<\/a>\n\t\t\t\t\t\t\t<a class=\"e-gallery-item elementor-gallery-item elementor-animated-content\" href=\"https:\/\/costablanca-magazin.com\/wp-content\/uploads\/2026\/05\/2026-04-11-Taller-narracion-oral-TE-CUENTO-Marisela-768x1085-1.webp\" data-elementor-open-lightbox=\"yes\" data-elementor-lightbox-slideshow=\"e8d5383\" data-elementor-lightbox-title=\"2026-04-11-Taller-narracion-oral-TE-CUENTO-Marisela-768x1085\" data-elementor-lightbox-description=\"Veranstaltungen Costa Blanca \u2013 Mai 2026  \" data-e-action-hash=\"#elementor-action%3Aaction%3Dlightbox%26settings%3DeyJpZCI6MTE0OTYsInVybCI6Imh0dHBzOlwvXC9jb3N0YWJsYW5jYS1tYWdhemluLmNvbVwvd3AtY29udGVudFwvdXBsb2Fkc1wvMjAyNlwvMDVcLzIwMjYtMDQtMTEtVGFsbGVyLW5hcnJhY2lvbi1vcmFsLVRFLUNVRU5UTy1NYXJpc2VsYS03Njh4MTA4NS0xLndlYnAiLCJzbGlkZXNob3ciOiJlOGQ1MzgzIn0%3D\">\n\t\t\t\t\t<div class=\"e-gallery-image elementor-gallery-item__image\" data-thumbnail=\"https:\/\/costablanca-magazin.com\/wp-content\/uploads\/2026\/05\/2026-04-11-Taller-narracion-oral-TE-CUENTO-Marisela-768x1085-1.webp\" data-width=\"768\" data-height=\"1085\" aria-label=\"Eventos Costa Blanca - Mayo 2026\" role=\"img\" ><\/div>\n\t\t\t\t\t\t\t\t\t\t\t<div class=\"elementor-gallery-item__overlay\"><\/div>\n\t\t\t\t\t\t\t\t\t\t\t\t\t\t<\/a>\n\t\t\t\t\t<\/div>\n\t\t\t\t\t<\/div>\n\t\t\t\t<\/div>\n\t\t\t\t<\/div>\n\t\t<div class=\"elementor-element elementor-element-afd3436 e-con-full e-flex e-con e-child\" data-id=\"afd3436\" data-element_type=\"container\" data-e-type=\"container\">\n\t\t\t\t<div class=\"elementor-element elementor-element-3845770 elementor-widget__width-initial elementor-widget elementor-widget-gallery\" data-id=\"3845770\" data-element_type=\"widget\" data-e-type=\"widget\" data-settings=\"{&quot;columns&quot;:1,&quot;gallery_layout&quot;:&quot;masonry&quot;,&quot;gap&quot;:{&quot;unit&quot;:&quot;px&quot;,&quot;size&quot;:5,&quot;sizes&quot;:[]},&quot;lazyload&quot;:&quot;yes&quot;,&quot;columns_tablet&quot;:2,&quot;columns_mobile&quot;:1,&quot;gap_tablet&quot;:{&quot;unit&quot;:&quot;px&quot;,&quot;size&quot;:10,&quot;sizes&quot;:[]},&quot;gap_mobile&quot;:{&quot;unit&quot;:&quot;px&quot;,&quot;size&quot;:10,&quot;sizes&quot;:[]},&quot;link_to&quot;:&quot;file&quot;,&quot;overlay_background&quot;:&quot;yes&quot;,&quot;content_hover_animation&quot;:&quot;fade-in&quot;}\" data-widget_type=\"gallery.default\">\n\t\t\t\t<div class=\"elementor-widget-container\">\n\t\t\t\t\t\t\t<div class=\"elementor-gallery__container\">\n\t\t\t\t\t\t\t<a class=\"e-gallery-item elementor-gallery-item elementor-animated-content\" href=\"https:\/\/costablanca-magazin.com\/wp-content\/uploads\/2026\/05\/villajozosa-2.jpg\" data-elementor-open-lightbox=\"yes\" data-elementor-lightbox-slideshow=\"3845770\" data-elementor-lightbox-title=\"villajoyosa 2\" data-elementor-lightbox-description=\"Veranstaltungen Costa Blanca \u2013 Mai 2026  \" data-e-action-hash=\"#elementor-action%3Aaction%3Dlightbox%26settings%3DeyJpZCI6MTE1MjIsInVybCI6Imh0dHBzOlwvXC9jb3N0YWJsYW5jYS1tYWdhemluLmNvbVwvd3AtY29udGVudFwvdXBsb2Fkc1wvMjAyNlwvMDVcL3ZpbGxham96b3NhLTIuanBnIiwic2xpZGVzaG93IjoiMzg0NTc3MCJ9\">\n\t\t\t\t\t<div class=\"e-gallery-image elementor-gallery-item__image\" data-thumbnail=\"https:\/\/costablanca-magazin.com\/wp-content\/uploads\/2026\/05\/villajozosa-2.jpg\" data-width=\"700\" data-height=\"420\" aria-label=\"Eventos Costa Blanca - Mayo 2026\" role=\"img\" ><\/div>\n\t\t\t\t\t\t\t\t\t\t\t<div class=\"elementor-gallery-item__overlay\"><\/div>\n\t\t\t\t\t\t\t\t\t\t\t\t\t\t<\/a>\n\t\t\t\t\t\t\t<a class=\"e-gallery-item elementor-gallery-item elementor-animated-content\" href=\"https:\/\/costablanca-magazin.com\/wp-content\/uploads\/2026\/05\/vila-4.jpg\" data-elementor-open-lightbox=\"yes\" data-elementor-lightbox-slideshow=\"3845770\" data-elementor-lightbox-title=\"vila 4\" data-elementor-lightbox-description=\"Veranstaltungen Costa Blanca \u2013 Mai 2026  \" data-e-action-hash=\"#elementor-action%3Aaction%3Dlightbox%26settings%3DeyJpZCI6MTE1MjEsInVybCI6Imh0dHBzOlwvXC9jb3N0YWJsYW5jYS1tYWdhemluLmNvbVwvd3AtY29udGVudFwvdXBsb2Fkc1wvMjAyNlwvMDVcL3ZpbGEtNC5qcGciLCJzbGlkZXNob3ciOiIzODQ1NzcwIn0%3D\">\n\t\t\t\t\t<div class=\"e-gallery-image elementor-gallery-item__image\" data-thumbnail=\"https:\/\/costablanca-magazin.com\/wp-content\/uploads\/2026\/05\/vila-4.jpg\" data-width=\"1792\" data-height=\"2560\" aria-label=\"Eventos Costa Blanca - Mayo 2026\" role=\"img\" ><\/div>\n\t\t\t\t\t\t\t\t\t\t\t<div class=\"elementor-gallery-item__overlay\"><\/div>\n\t\t\t\t\t\t\t\t\t\t\t\t\t\t<\/a>\n\t\t\t\t\t\t\t<a class=\"e-gallery-item elementor-gallery-item elementor-animated-content\" href=\"https:\/\/costablanca-magazin.com\/wp-content\/uploads\/2026\/05\/vila-3.jpg\" data-elementor-open-lightbox=\"yes\" data-elementor-lightbox-slideshow=\"3845770\" data-elementor-lightbox-title=\"vila 3\" data-elementor-lightbox-description=\"Veranstaltungen Costa Blanca \u2013 Mai 2026  \" data-e-action-hash=\"#elementor-action%3Aaction%3Dlightbox%26settings%3DeyJpZCI6MTE1MjAsInVybCI6Imh0dHBzOlwvXC9jb3N0YWJsYW5jYS1tYWdhemluLmNvbVwvd3AtY29udGVudFwvdXBsb2Fkc1wvMjAyNlwvMDVcL3ZpbGEtMy5qcGciLCJzbGlkZXNob3ciOiIzODQ1NzcwIn0%3D\">\n\t\t\t\t\t<div class=\"e-gallery-image elementor-gallery-item__image\" data-thumbnail=\"https:\/\/costablanca-magazin.com\/wp-content\/uploads\/2026\/05\/vila-3.jpg\" data-width=\"2560\" data-height=\"1440\" aria-label=\"Eventos Costa Blanca - Mayo 2026\" role=\"img\" ><\/div>\n\t\t\t\t\t\t\t\t\t\t\t<div class=\"elementor-gallery-item__overlay\"><\/div>\n\t\t\t\t\t\t\t\t\t\t\t\t\t\t<\/a>\n\t\t\t\t\t\t\t<a class=\"e-gallery-item elementor-gallery-item elementor-animated-content\" href=\"https:\/\/costablanca-magazin.com\/wp-content\/uploads\/2026\/05\/pa_vivovivaldi_banner.webp\" data-elementor-open-lightbox=\"yes\" data-elementor-lightbox-slideshow=\"3845770\" data-elementor-lightbox-title=\"pa_vivovivaldi_banner\" data-elementor-lightbox-description=\"Veranstaltungen Costa Blanca \u2013 Mai 2026  \" data-e-action-hash=\"#elementor-action%3Aaction%3Dlightbox%26settings%3DeyJpZCI6MTE1MTUsInVybCI6Imh0dHBzOlwvXC9jb3N0YWJsYW5jYS1tYWdhemluLmNvbVwvd3AtY29udGVudFwvdXBsb2Fkc1wvMjAyNlwvMDVcL3BhX3Zpdm92aXZhbGRpX2Jhbm5lci53ZWJwIiwic2xpZGVzaG93IjoiMzg0NTc3MCJ9\">\n\t\t\t\t\t<div class=\"e-gallery-image elementor-gallery-item__image\" data-thumbnail=\"https:\/\/costablanca-magazin.com\/wp-content\/uploads\/2026\/05\/pa_vivovivaldi_banner.webp\" data-width=\"1096\" data-height=\"403\" aria-label=\"Eventos Costa Blanca - Mayo 2026\" role=\"img\" ><\/div>\n\t\t\t\t\t\t\t\t\t\t\t<div class=\"elementor-gallery-item__overlay\"><\/div>\n\t\t\t\t\t\t\t\t\t\t\t\t\t\t<\/a>\n\t\t\t\t\t\t\t<a class=\"e-gallery-item elementor-gallery-item elementor-animated-content\" href=\"https:\/\/costablanca-magazin.com\/wp-content\/uploads\/2026\/05\/WhatsApp_Image_2026-03-06_at_11-11-37.jpeg\" data-elementor-open-lightbox=\"yes\" data-elementor-lightbox-slideshow=\"3845770\" data-elementor-lightbox-title=\"WhatsApp_Image_2026-03-06_at_11-11-37\" data-elementor-lightbox-description=\"Veranstaltungen Costa Blanca \u2013 Mai 2026  \" data-e-action-hash=\"#elementor-action%3Aaction%3Dlightbox%26settings%3DeyJpZCI6MTE1MjMsInVybCI6Imh0dHBzOlwvXC9jb3N0YWJsYW5jYS1tYWdhemluLmNvbVwvd3AtY29udGVudFwvdXBsb2Fkc1wvMjAyNlwvMDVcL1doYXRzQXBwX0ltYWdlXzIwMjYtMDMtMDZfYXRfMTEtMTEtMzcuanBlZyIsInNsaWRlc2hvdyI6IjM4NDU3NzAifQ%3D%3D\">\n\t\t\t\t\t<div class=\"e-gallery-image elementor-gallery-item__image\" data-thumbnail=\"https:\/\/costablanca-magazin.com\/wp-content\/uploads\/2026\/05\/WhatsApp_Image_2026-03-06_at_11-11-37.jpeg\" data-width=\"1131\" data-height=\"1600\" aria-label=\"Eventos Costa Blanca - Mayo 2026\" role=\"img\" ><\/div>\n\t\t\t\t\t\t\t\t\t\t\t<div class=\"elementor-gallery-item__overlay\"><\/div>\n\t\t\t\t\t\t\t\t\t\t\t\t\t\t<\/a>\n\t\t\t\t\t<\/div>\n\t\t\t\t\t<\/div>\n\t\t\t\t<\/div>\n\t\t\t\t<\/div>\n\t\t<div class=\"elementor-element elementor-element-b6e5bc2 e-con-full e-flex e-con e-child\" data-id=\"b6e5bc2\" data-element_type=\"container\" data-e-type=\"container\">\n\t\t\t\t<div class=\"elementor-element elementor-element-fdc8bae elementor-widget elementor-widget-heading\" data-id=\"fdc8bae\" data-element_type=\"widget\" data-e-type=\"widget\" data-widget_type=\"heading.default\">\n\t\t\t\t<div class=\"elementor-widget-container\">\n\t\t\t\t\t<h3 class=\"elementor-heading-title elementor-size-default\">La Vilajoiosa<\/h3>\t\t\t\t<\/div>\n\t\t\t\t<\/div>\n\t\t\t\t<div class=\"elementor-element elementor-element-b648d7f elementor-widget elementor-widget-text-editor\" data-id=\"b648d7f\" data-element_type=\"widget\" data-e-type=\"widget\" data-widget_type=\"text-editor.default\">\n\t\t\t\t<div class=\"elementor-widget-container\">\n\t\t\t\t\t\t\t\t\t<p>Hasta el 04 de mayo, 18.00 - Exposici\u00f3n: Campo Abierto, Ernst Kraft Espai d'Art Contemporani La Barbera, C. Huit de Maig, s\/n. La abstracci\u00f3n se encuentra con la figura, la luz con la sombra: Ernst Kraft muestra obras que no son estridentes, pero que tienen un efecto duradero. La exposici\u00f3n est\u00e1 abierta desde el 6 de marzo y permanecer\u00e1 abierta hasta el 4 de mayo.<\/p><p>05 de mayo, 18.00 - Cine: El jovencito Frankenstein. Auditorio Centro Social. El cl\u00e1sico de Mel Brooks de 1974 lleva a Frankenstein a la pantalla sin patetismo, pero con velocidad y humor absurdo. Presentado por Sebasti\u00e1n Ant\u00f3n. Apta para todos los p\u00fablicos. Duraci\u00f3n: 105 minutos.\u00a0<\/p><p>S\u00e1bado, 9 de mayo de 2026, 17.00 h - Concierto XIV Concurs de Tuba. La tuba en un contexto competitivo: la Agrupaci\u00f3 Musical Mediterraneo pone el foco en un instrumento que, de otro modo, suele trabajar en un segundo plano. El concierto comienza a las 17.00 h. Organiza la Agrupaci\u00f3 Musical Mediterraneo.<\/p><p>16 de mayo, 19.00 - Danza: La Finitud, C\u00eda. Sara Calero. Teatre Auditori, Concepci\u00f3n Aragon\u00e9s, 2\u00ba Flamenco, danza y m\u00fasica como reflexi\u00f3n sobre la fugacidad: Sara Calero pone en escena una intensa pieza para p\u00fablico adulto con tres m\u00fasicos. Duraci\u00f3n: 75 minutos.\u00a0<\/p><p>23 de mayo, 18:00 - Teatro de t\u00edteres: Jagill\u00e9, el porquet verdblau. Auditorio Centro Social. Un jabal\u00ed gris se sue\u00f1a a s\u00ed mismo con otros colores, formas e identidades, y al final tiene que descubrir qui\u00e9n es en realidad. Teatro de t\u00edteres en valenciano para familias con ni\u00f1os a partir de cinco a\u00f1os. Duraci\u00f3n: 50 minutos. Plazas limitadas, invitaciones disponibles un mes antes de la representaci\u00f3n.<\/p><p>30 de mayo, 19.00 - M\u00fasica: Bront\u00eb, Guiem Soldevila. Jard\u00edn Do\u00f1a Concha La Barbera. El m\u00fasico menorqu\u00edn Guiem Soldevila combina el folk, el pop, la literatura y la poes\u00eda esc\u00e9nica con los mundos textuales de las hermanas Bront\u00eb. Con voz, piano, guitarra, violonchelo, flauta, danza y narraci\u00f3n. Una velada para un p\u00fablico adulto que trabaja en silencio en lugar de apoyarse en grandes efectos.<\/p><p>31 de mayo, 12.00 h - Concierto OCA Ateneu Musical. Auditorio Centro Social. M\u00fasica en fin de mes: la Societat Ateneu Musical te invita a un concierto en el Auditorio Centro Social. Comienza a las 12.00 h. Organiza la Societat Ateneu Musical.<\/p>\t\t\t\t\t\t\t\t<\/div>\n\t\t\t\t<\/div>\n\t\t\t\t<div class=\"elementor-element elementor-element-f3718b4 elementor-widget elementor-widget-heading\" data-id=\"f3718b4\" data-element_type=\"widget\" data-e-type=\"widget\" data-widget_type=\"heading.default\">\n\t\t\t\t<div class=\"elementor-widget-container\">\n\t\t\t\t\t<h3 class=\"elementor-heading-title elementor-size-default\">Benissa<\/h3>\t\t\t\t<\/div>\n\t\t\t\t<\/div>\n\t\t\t\t<div class=\"elementor-element elementor-element-39593e2 elementor-widget__width-initial elementor-widget elementor-widget-text-editor\" data-id=\"39593e2\" data-element_type=\"widget\" data-e-type=\"widget\" data-widget_type=\"text-editor.default\">\n\t\t\t\t<div class=\"elementor-widget-container\">\n\t\t\t\t\t\t\t\t\t<p>03 May, 10.00 am - Mercado del coleccionismo e intercambio filat\u00e9lico . Bajos del antiguo Casal Jove, Calle Francisco Sendra, 2\u00ba Sellos, monedas, objetos antiguos y peque\u00f1os hallazgos con historia: el mercado del coleccionismo e intercambio filat\u00e9lico de Benissa no es para los que tienen prisa, sino para los que les gusta curiosear. Entrada gratuita. Organiza la Agrupaci\u00f3n Filat\u00e9lica y Numism\u00e1tica Benissa.<\/p><p>Hasta el 18 de mayo, de martes a s\u00e1bado, de 18.00 a 20.30 h. - Exposici\u00f3n Certamen pintura Salvador Soria. Centro de Arte Taller Ivars, Pla\u00e7a Germans Ivars. El Taller Ivars expone obras del concurso de pintura Salvador Soria. Un evento art\u00edstico tranquilo para las primeras horas de la tarde, con tiempo suficiente para mirar, comparar y debatir. Entrada gratuita. Cerrado los d\u00edas festivos y durante la semana del festival, del 27 de abril al 3 de mayo.<\/p><p>09 de mayo, 19:00 y 22:00 y 10 de mayo, 18:00 y 21:00 - Cine: Kraken. El Libro Negro de las Horas. Sal\u00f3 Cultural, Calle Pare Andreu Ivars, 21, 3\u00aa planta. Thriller espa\u00f1ol con Alejo Sauras, Maggie Civantos y Natalia Rodr\u00edguez. Intriga, polic\u00edas, familia... no es el tipo de pel\u00edcula que se puede ver mientras se ordenan los mensajes de WhatsApp. No recomendada para menores de 12 a\u00f1os. Organizado por el Ayuntamiento de Benissa.<\/p><p>16 de mayo, 19:00 y 22:00 y 17 de mayo, 18:00 y 21:00 - Cine: Michael, Sal\u00f3 Cultural, Calle Pare Andreu Ivars, 21, 3\u00aa planta. Drama musical biogr\u00e1fico sobre Michael Jackson, dirigido por Antoine Fuqua, con Jaafar Jackson, Nia Long, Laura Harrier, Miles Teller y Colman Domingo. Dos proyecciones: para disfrutar de la historia del pop con una sala de cine en lugar de un sof\u00e1 en streaming. No recomendada para menores de 12 a\u00f1os. Organiza el Ayuntamiento de<\/p>\t\t\t\t\t\t\t\t<\/div>\n\t\t\t\t<\/div>\n\t\t\t\t<\/div>\n\t\t\t\t\t<\/div>\n\t\t\t\t<\/div>\n\t\t<div class=\"elementor-element elementor-element-4af194c e-flex e-con-boxed e-con e-parent\" data-id=\"4af194c\" data-element_type=\"container\" data-e-type=\"container\">\n\t\t\t\t\t<div class=\"e-con-inner\">\n\t\t<div class=\"elementor-element elementor-element-5363c05 e-con-full e-flex e-con e-child\" data-id=\"5363c05\" data-element_type=\"container\" data-e-type=\"container\">\n\t\t\t\t<div class=\"elementor-element elementor-element-0d11699 elementor-widget elementor-widget-heading\" data-id=\"0d11699\" data-element_type=\"widget\" data-e-type=\"widget\" data-widget_type=\"heading.default\">\n\t\t\t\t<div class=\"elementor-widget-container\">\n\t\t\t\t\t<h3 class=\"elementor-heading-title elementor-size-default\">Teulada\/Moraira\n<\/h3>\t\t\t\t<\/div>\n\t\t\t\t<\/div>\n\t\t\t\t<div class=\"elementor-element elementor-element-b155506 elementor-widget elementor-widget-text-editor\" data-id=\"b155506\" data-element_type=\"widget\" data-e-type=\"widget\" data-widget_type=\"text-editor.default\">\n\t\t\t\t<div class=\"elementor-widget-container\">\n\t\t\t\t\t\t\t\t\t<p>10 de mayo, 18.00 - Santi Marcilla: \u201e\u00a1Despierta! Est\u00e1s so\u00f1ando. Ellos tambi\u00e9n\u201c <br \/>Auditorio Teulada Moraira. No es la cl\u00e1sica velada de caja m\u00e1gica: Santi Marcilla trabaja con la ilusi\u00f3n, el mentalismo y la percepci\u00f3n, es decir, con el momento en el que el p\u00fablico se pregunta brevemente si su propia cabeza le sigue el juego o se le ha ido en secreto. Una experiencia en vivo entre la magia, la ilusi\u00f3n sensorial y el asombro.<\/p><p>16 de mayo, 20:00 - The 80\u2019s Symphony por Neon Collective <br \/>Auditorio Teulada Moraira. The Cure, U2 y Depeche Mode se dan cita con la potencia orquestal: Neon Collective sube al escenario a m\u00e1s de 40 m\u00fasicos y convierte los grandes himnos de los 80 en un formato de tributo sinf\u00f3nico. Para todos los que conocen \u201eEnjoy the Silence\u201c y les gustar\u00eda escucharla con muchas m\u00e1s cuerdas.<\/p>\t\t\t\t\t\t\t\t<\/div>\n\t\t\t\t<\/div>\n\t\t\t\t<div class=\"elementor-element elementor-element-876ad6b elementor-widget elementor-widget-heading\" data-id=\"876ad6b\" data-element_type=\"widget\" data-e-type=\"widget\" data-widget_type=\"heading.default\">\n\t\t\t\t<div class=\"elementor-widget-container\">\n\t\t\t\t\t<h3 class=\"elementor-heading-title elementor-size-default\">La Nucia\n\n<\/h3>\t\t\t\t<\/div>\n\t\t\t\t<\/div>\n\t\t\t\t<div class=\"elementor-element elementor-element-ec8afb3 elementor-widget elementor-widget-text-editor\" data-id=\"ec8afb3\" data-element_type=\"widget\" data-e-type=\"widget\" data-widget_type=\"text-editor.default\">\n\t\t\t\t<div class=\"elementor-widget-container\">\n\t\t\t\t\t\t\t\t\t<p>\u00a0Del 02 de mayo al 3 de mayo - Campeonato de Espa\u00f1a Raids Aventura. La Nuc\u00eda Ciudad del Deporte, estadio y zonas exteriores. El Campeonato de Espa\u00f1a de Raids Aventura trae a La Nuc\u00eda la orientaci\u00f3n, la resistencia y el trabajo en equipo. Dos d\u00edas de programa deportivo en las instalaciones de la Ciudad del Deporte y alrededores. Abierto al p\u00fablico.<\/p><p>06 de marzo , 18.00 - Exposici\u00f3n: Campo Abierto, Ernst Kraft. El 6 de marzo se inaugur\u00f3 la exposici\u00f3n \u201eCampo Abierto\u201c de Ernst Kraft. Una fecha art\u00edstica tranquila en el calendario de La Nuc\u00eda, con bastante menos pulso que los eventos deportivos, pero no por ello menos llamativa.<\/p><p>Del 05 de mayo al 23 de junio - Talleres Xarxa Salut. La Nuc\u00eda, espacio de salud y crianza. Nueve sesiones gratuitas para mam\u00e1s y pap\u00e1s sobre crianza, vida familiar cotidiana y convivencia con los hijos. Los talleres est\u00e1n dirigidos por especialistas del Centro de Salud y del Centro de Especialidades La Nuc\u00eda. Pr\u00e1cticos, cercanos a la vida cotidiana y seguros, sin filtro pedag\u00f3gico.<\/p><p>07 de mayo, 10.00 h - Jornada Redes Sociales con IA. Lab_Nucia. Un taller para empresas que saben que necesitan estar m\u00e1s presentes en Internet, pero nunca saben qu\u00e9 publicar. Tema: C\u00f3mo la inteligencia artificial puede ayudar con las ideas, los textos, los planes editoriales y la estructura de las redes sociales. Organizado en colaboraci\u00f3n con la OAP por FEMPA.<\/p><p>Del 09 de mayo al 10 de mayo - Torxa Esculta. Ciutat Esportiva Camilo Cano, La Nuc\u00eda. M\u00e1s de 200 j\u00f3venes scouts de la Comunitat Valenciana competir\u00e1n entre s\u00ed en diversas pruebas deportivas durante dos intensos d\u00edas. La Nuc\u00eda hace lo que La Nuc\u00eda suele hacer: aprovechar al m\u00e1ximo sus instalaciones deportivas.<\/p><p>09 Mayo, hasta , 12 Mayo - II GastroWeekend. CEM Captivador. Programa gastron\u00f3mico de cuatro d\u00edas tras el \u00e9xito de la primera edici\u00f3n. Se pondr\u00e1n a la venta plazas para experiencias culinarias y un abono general especial con s\u00f3lo 50 plazas. Entradas a trav\u00e9s de www.elxato.com y <a href=\"https:\/\/www.lanuciagastronomica.com\" target=\"_blank\" rel=\"noopener\">www.lanuciagastronomica.com<\/a>.<\/p><p>09 de mayo - D\u00eda Gastro. CEM Captivador. Un encuentro gastron\u00f3mico con un men\u00fa de cocineros de la provincia. No se trata de un aperitivo r\u00e1pido, sino de un programa para todo aquel que quiera conocer de qu\u00e9 es capaz la cocina regional cuando los profesionales trabajan en torno a una mesa. Entradas a trav\u00e9s de <a href=\"http:\/\/www.elxato.com\" target=\"_blank\" rel=\"noopener\">www.elxato.com<\/a> y <a href=\"https:\/\/www.lanuciagastronomica.com\" target=\"_blank\" rel=\"noopener\">www.lanuciagastronomica.com.<\/a><\/p><p>10 de mayo - Gastro Market. CEM Captivador. Mercado gastron\u00f3mico con m\u00e1s de 20 productos y m\u00fasica en directo. La entrada es gratuita. Una buena oportunidad para degustar productos locales sin tener que reservar un men\u00fa completo.<\/p><p>10 de mayo , 19.00 - Concierto de la Uni\u00f3 Musical de La Nuc\u00eda con Rub\u00e9n Sime\u00f3 <br \/>l'Auditori La Nuc\u00eda. La Uni\u00f3 Musical de La Nuc\u00eda act\u00faa junto al trompetista de experiencia internacional Rub\u00e9n Sime\u00f3. Una velada de conciertos para todos aquellos que no confunden la m\u00fasica de banda de m\u00fasica con los t\u00f3picos de feria de pueblo. Entradas en la taquilla de l'Auditori y online a trav\u00e9s de <a href=\"https:\/\/culturalanucia.com\" target=\"_blank\" rel=\"noopener\">culturalanucia.com.<\/a><\/p><p>16 de mayo - VI D\u00eda de la Familia. Pabell\u00f3n La Muixara. El D\u00eda de la Familia se celebra en el Pabell\u00f3n La Muixara y est\u00e1 abierto al p\u00fablico. Un evento con un mensaje claro: menos programa, m\u00e1s tarde juntos.<\/p><p>16 de mayo, 20.00 - Zarzuela: La Revoltosa. L'Auditori La Nuc\u00eda. Teatro musical espa\u00f1ol en l'Auditori: \u201eLa Revoltosa\u201c lleva al escenario la zarzuela, alegre, cl\u00e1sica y con el temperamento suficiente para no pasar la velada sentado. Entradas en <a href=\"https:\/\/culturalanucia.com\" target=\"_blank\" rel=\"noopener\">culturalanucia.com<\/a><\/p><p>17 de mayo - Concentraci\u00f3n de camiones cl\u00e1sicos y coches de \u00e9poca. Aparcamiento en el Estadio Ol\u00edmpico. Concentraci\u00f3n de camiones y coches cl\u00e1sicos en el estadio. Abierto al p\u00fablico. Una cita para todos aquellos que se fijan m\u00e1s en los cromados, el ruido de los motores y las carrocer\u00edas antiguas que en los folletos de los coches nuevos.<\/p><p>28 de mayo, 10.00 horas - Formaci\u00f3n Campa\u00f1as Publicitarias RRSS. Lab_Nucia. Taller dirigido a empresas que quieran anunciarse en redes sociales con un presupuesto reducido. El taller se centrar\u00e1 en los objetivos de la campa\u00f1a, la configuraci\u00f3n de los anuncios, ejemplos con presupuestos manejables y c\u00f3mo reconocer si una campa\u00f1a est\u00e1 funcionando. Organizado por OAP FEMPA en colaboraci\u00f3n con Lab_Nucia.<\/p><p>29 Mayo , 19.00 - Conferencia de Psicolog\u00eda: Decir que no es tambi\u00e9n salud mental. Centre Juvenil La Nuc\u00eda. La psic\u00f3loga Manuela Escribano habla de por qu\u00e9 decir no tambi\u00e9n forma parte de la salud mental. Tambi\u00e9n anunciada: Sorpresas, catering y m\u00fasica en directo. Un tema que probablemente afecta a m\u00e1s gente de la que admitir\u00eda.<\/p>\t\t\t\t\t\t\t\t<\/div>\n\t\t\t\t<\/div>\n\t\t\t\t<\/div>\n\t\t<div class=\"elementor-element elementor-element-e53adfe e-con-full e-flex e-con e-child\" data-id=\"e53adfe\" data-element_type=\"container\" data-e-type=\"container\">\n\t\t\t\t<div class=\"elementor-element elementor-element-5ba2065 elementor-widget__width-initial elementor-widget elementor-widget-gallery\" data-id=\"5ba2065\" data-element_type=\"widget\" data-e-type=\"widget\" data-settings=\"{&quot;columns&quot;:1,&quot;gallery_layout&quot;:&quot;masonry&quot;,&quot;gap&quot;:{&quot;unit&quot;:&quot;px&quot;,&quot;size&quot;:5,&quot;sizes&quot;:[]},&quot;lazyload&quot;:&quot;yes&quot;,&quot;columns_tablet&quot;:2,&quot;columns_mobile&quot;:1,&quot;gap_tablet&quot;:{&quot;unit&quot;:&quot;px&quot;,&quot;size&quot;:10,&quot;sizes&quot;:[]},&quot;gap_mobile&quot;:{&quot;unit&quot;:&quot;px&quot;,&quot;size&quot;:10,&quot;sizes&quot;:[]},&quot;link_to&quot;:&quot;file&quot;,&quot;overlay_background&quot;:&quot;yes&quot;,&quot;content_hover_animation&quot;:&quot;fade-in&quot;}\" data-widget_type=\"gallery.default\">\n\t\t\t\t<div class=\"elementor-widget-container\">\n\t\t\t\t\t\t\t<div class=\"elementor-gallery__container\">\n\t\t\t\t\t\t\t<a class=\"e-gallery-item elementor-gallery-item elementor-animated-content\" href=\"https:\/\/costablanca-magazin.com\/wp-content\/uploads\/2026\/05\/PHOTO-2026-04-16-21-17-19.jpg\" data-elementor-open-lightbox=\"yes\" data-elementor-lightbox-slideshow=\"5ba2065\" data-elementor-lightbox-title=\"PHOTO-2026-04-16-21-17-19\" data-elementor-lightbox-description=\"Veranstaltungen Costa Blanca \u2013 Mai 2026  \" data-e-action-hash=\"#elementor-action%3Aaction%3Dlightbox%26settings%3DeyJpZCI6MTE1MTYsInVybCI6Imh0dHBzOlwvXC9jb3N0YWJsYW5jYS1tYWdhemluLmNvbVwvd3AtY29udGVudFwvdXBsb2Fkc1wvMjAyNlwvMDVcL1BIT1RPLTIwMjYtMDQtMTYtMjEtMTctMTkuanBnIiwic2xpZGVzaG93IjoiNWJhMjA2NSJ9\">\n\t\t\t\t\t<div class=\"e-gallery-image elementor-gallery-item__image\" data-thumbnail=\"https:\/\/costablanca-magazin.com\/wp-content\/uploads\/2026\/05\/PHOTO-2026-04-16-21-17-19.jpg\" data-width=\"1080\" data-height=\"1350\" aria-label=\"Eventos Costa Blanca - Mayo 2026\" role=\"img\" ><\/div>\n\t\t\t\t\t\t\t\t\t\t\t<div class=\"elementor-gallery-item__overlay\"><\/div>\n\t\t\t\t\t\t\t\t\t\t\t\t\t\t<\/a>\n\t\t\t\t\t\t\t<a class=\"e-gallery-item elementor-gallery-item elementor-animated-content\" href=\"https:\/\/costablanca-magazin.com\/wp-content\/uploads\/2026\/05\/banner-inmaduros-2-2048x1152-1.webp\" data-elementor-open-lightbox=\"yes\" data-elementor-lightbox-slideshow=\"5ba2065\" data-elementor-lightbox-title=\"banner-inmaduros-2-2048x1152\" data-elementor-lightbox-description=\"Veranstaltungen Costa Blanca \u2013 Mai 2026  \" data-e-action-hash=\"#elementor-action%3Aaction%3Dlightbox%26settings%3DeyJpZCI6MTE1MDAsInVybCI6Imh0dHBzOlwvXC9jb3N0YWJsYW5jYS1tYWdhemluLmNvbVwvd3AtY29udGVudFwvdXBsb2Fkc1wvMjAyNlwvMDVcL2Jhbm5lci1pbm1hZHVyb3MtMi0yMDQ4eDExNTItMS53ZWJwIiwic2xpZGVzaG93IjoiNWJhMjA2NSJ9\">\n\t\t\t\t\t<div class=\"e-gallery-image elementor-gallery-item__image\" data-thumbnail=\"https:\/\/costablanca-magazin.com\/wp-content\/uploads\/2026\/05\/banner-inmaduros-2-2048x1152-1.webp\" data-width=\"1600\" data-height=\"900\" aria-label=\"Eventos Costa Blanca - Mayo 2026\" role=\"img\" ><\/div>\n\t\t\t\t\t\t\t\t\t\t\t<div class=\"elementor-gallery-item__overlay\"><\/div>\n\t\t\t\t\t\t\t\t\t\t\t\t\t\t<\/a>\n\t\t\t\t\t\t\t<a class=\"e-gallery-item elementor-gallery-item elementor-animated-content\" href=\"https:\/\/costablanca-magazin.com\/wp-content\/uploads\/2026\/05\/ARTESESCENICAS.jpg\" data-elementor-open-lightbox=\"yes\" data-elementor-lightbox-slideshow=\"5ba2065\" data-elementor-lightbox-title=\"ARTESESCENICAS\" data-elementor-lightbox-description=\"Veranstaltungen Costa Blanca \u2013 Mai 2026  \" data-e-action-hash=\"#elementor-action%3Aaction%3Dlightbox%26settings%3DeyJpZCI6MTE0OTksInVybCI6Imh0dHBzOlwvXC9jb3N0YWJsYW5jYS1tYWdhemluLmNvbVwvd3AtY29udGVudFwvdXBsb2Fkc1wvMjAyNlwvMDVcL0FSVEVTRVNDRU5JQ0FTLmpwZyIsInNsaWRlc2hvdyI6IjViYTIwNjUifQ%3D%3D\">\n\t\t\t\t\t<div class=\"e-gallery-image elementor-gallery-item__image\" data-thumbnail=\"https:\/\/costablanca-magazin.com\/wp-content\/uploads\/2026\/05\/ARTESESCENICAS.jpg\" data-width=\"1467\" data-height=\"1054\" aria-label=\"Eventos Costa Blanca - Mayo 2026\" role=\"img\" ><\/div>\n\t\t\t\t\t\t\t\t\t\t\t<div class=\"elementor-gallery-item__overlay\"><\/div>\n\t\t\t\t\t\t\t\t\t\t\t\t\t\t<\/a>\n\t\t\t\t\t\t\t<a class=\"e-gallery-item elementor-gallery-item elementor-animated-content\" href=\"https:\/\/costablanca-magazin.com\/wp-content\/uploads\/2026\/05\/taller-dIvars.jpg\" data-elementor-open-lightbox=\"yes\" data-elementor-lightbox-slideshow=\"5ba2065\" data-elementor-lightbox-title=\"taller-dIvars\" data-elementor-lightbox-description=\"Veranstaltungen Costa Blanca \u2013 Mai 2026  \" data-e-action-hash=\"#elementor-action%3Aaction%3Dlightbox%26settings%3DeyJpZCI6MTE1MTksInVybCI6Imh0dHBzOlwvXC9jb3N0YWJsYW5jYS1tYWdhemluLmNvbVwvd3AtY29udGVudFwvdXBsb2Fkc1wvMjAyNlwvMDVcL3RhbGxlci1kSXZhcnMuanBnIiwic2xpZGVzaG93IjoiNWJhMjA2NSJ9\">\n\t\t\t\t\t<div class=\"e-gallery-image elementor-gallery-item__image\" data-thumbnail=\"https:\/\/costablanca-magazin.com\/wp-content\/uploads\/2026\/05\/taller-dIvars.jpg\" data-width=\"600\" data-height=\"450\" aria-label=\"Eventos Costa Blanca - Mayo 2026\" role=\"img\" ><\/div>\n\t\t\t\t\t\t\t\t\t\t\t<div class=\"elementor-gallery-item__overlay\"><\/div>\n\t\t\t\t\t\t\t\t\t\t\t\t\t\t<\/a>\n\t\t\t\t\t\t\t<a class=\"e-gallery-item elementor-gallery-item elementor-animated-content\" href=\"https:\/\/costablanca-magazin.com\/wp-content\/uploads\/2026\/05\/Altea-1.jpg\" data-elementor-open-lightbox=\"yes\" data-elementor-lightbox-slideshow=\"5ba2065\" data-elementor-lightbox-title=\"Altea 1\" data-elementor-lightbox-description=\"Veranstaltungen Costa Blanca \u2013 Mai 2026  \" data-e-action-hash=\"#elementor-action%3Aaction%3Dlightbox%26settings%3DeyJpZCI6MTE0OTgsInVybCI6Imh0dHBzOlwvXC9jb3N0YWJsYW5jYS1tYWdhemluLmNvbVwvd3AtY29udGVudFwvdXBsb2Fkc1wvMjAyNlwvMDVcL0FsdGVhLTEuanBnIiwic2xpZGVzaG93IjoiNWJhMjA2NSJ9\">\n\t\t\t\t\t<div class=\"e-gallery-image elementor-gallery-item__image\" data-thumbnail=\"https:\/\/costablanca-magazin.com\/wp-content\/uploads\/2026\/05\/Altea-1.jpg\" data-width=\"1920\" data-height=\"1080\" aria-label=\"Eventos Costa Blanca - Mayo 2026\" role=\"img\" ><\/div>\n\t\t\t\t\t\t\t\t\t\t\t<div class=\"elementor-gallery-item__overlay\"><\/div>\n\t\t\t\t\t\t\t\t\t\t\t\t\t\t<\/a>\n\t\t\t\t\t\t\t<a class=\"e-gallery-item elementor-gallery-item elementor-animated-content\" href=\"https:\/\/costablanca-magazin.com\/wp-content\/uploads\/2026\/05\/080526_cartel_individual_gasparian.jpg\" data-elementor-open-lightbox=\"yes\" data-elementor-lightbox-slideshow=\"5ba2065\" data-elementor-lightbox-title=\"080526_cartel_individual_gasparian\" data-elementor-lightbox-description=\"Veranstaltungen Costa Blanca \u2013 Mai 2026  \" data-e-action-hash=\"#elementor-action%3Aaction%3Dlightbox%26settings%3DeyJpZCI6MTE0OTEsInVybCI6Imh0dHBzOlwvXC9jb3N0YWJsYW5jYS1tYWdhemluLmNvbVwvd3AtY29udGVudFwvdXBsb2Fkc1wvMjAyNlwvMDVcLzA4MDUyNl9jYXJ0ZWxfaW5kaXZpZHVhbF9nYXNwYXJpYW4uanBnIiwic2xpZGVzaG93IjoiNWJhMjA2NSJ9\">\n\t\t\t\t\t<div class=\"e-gallery-image elementor-gallery-item__image\" data-thumbnail=\"https:\/\/costablanca-magazin.com\/wp-content\/uploads\/2026\/05\/080526_cartel_individual_gasparian.jpg\" data-width=\"1414\" data-height=\"2000\" aria-label=\"Eventos Costa Blanca - Mayo 2026\" role=\"img\" ><\/div>\n\t\t\t\t\t\t\t\t\t\t\t<div class=\"elementor-gallery-item__overlay\"><\/div>\n\t\t\t\t\t\t\t\t\t\t\t\t\t\t<\/a>\n\t\t\t\t\t<\/div>\n\t\t\t\t\t<\/div>\n\t\t\t\t<\/div>\n\t\t\t\t<\/div>\n\t\t<div class=\"elementor-element elementor-element-45c7091 e-con-full e-flex e-con e-child\" data-id=\"45c7091\" data-element_type=\"container\" data-e-type=\"container\">\n\t\t\t\t<div class=\"elementor-element elementor-element-a4f5f13 elementor-widget__width-initial elementor-widget elementor-widget-gallery\" data-id=\"a4f5f13\" data-element_type=\"widget\" data-e-type=\"widget\" data-settings=\"{&quot;columns&quot;:1,&quot;gallery_layout&quot;:&quot;masonry&quot;,&quot;gap&quot;:{&quot;unit&quot;:&quot;px&quot;,&quot;size&quot;:5,&quot;sizes&quot;:[]},&quot;lazyload&quot;:&quot;yes&quot;,&quot;columns_tablet&quot;:2,&quot;columns_mobile&quot;:1,&quot;gap_tablet&quot;:{&quot;unit&quot;:&quot;px&quot;,&quot;size&quot;:10,&quot;sizes&quot;:[]},&quot;gap_mobile&quot;:{&quot;unit&quot;:&quot;px&quot;,&quot;size&quot;:10,&quot;sizes&quot;:[]},&quot;link_to&quot;:&quot;file&quot;,&quot;overlay_background&quot;:&quot;yes&quot;,&quot;content_hover_animation&quot;:&quot;fade-in&quot;}\" data-widget_type=\"gallery.default\">\n\t\t\t\t<div class=\"elementor-widget-container\">\n\t\t\t\t\t\t\t<div class=\"elementor-gallery__container\">\n\t\t\t\t\t\t\t<a class=\"e-gallery-item elementor-gallery-item elementor-animated-content\" href=\"https:\/\/costablanca-magazin.com\/wp-content\/uploads\/2026\/05\/cartel_teatro_bienvenidos_a_bordo_page-0001_0.jpg\" data-elementor-open-lightbox=\"yes\" data-elementor-lightbox-slideshow=\"a4f5f13\" data-elementor-lightbox-title=\"cartel_teatro_bienvenidos_a_bordo_page-0001_0\" data-elementor-lightbox-description=\"Veranstaltungen Costa Blanca \u2013 Mai 2026  \" data-e-action-hash=\"#elementor-action%3Aaction%3Dlightbox%26settings%3DeyJpZCI6MTE1MDQsInVybCI6Imh0dHBzOlwvXC9jb3N0YWJsYW5jYS1tYWdhemluLmNvbVwvd3AtY29udGVudFwvdXBsb2Fkc1wvMjAyNlwvMDVcL2NhcnRlbF90ZWF0cm9fYmllbnZlbmlkb3NfYV9ib3Jkb19wYWdlLTAwMDFfMC5qcGciLCJzbGlkZXNob3ciOiJhNGY1ZjEzIn0%3D\">\n\t\t\t\t\t<div class=\"e-gallery-image elementor-gallery-item__image\" data-thumbnail=\"https:\/\/costablanca-magazin.com\/wp-content\/uploads\/2026\/05\/cartel_teatro_bienvenidos_a_bordo_page-0001_0-1086x1536.jpg\" data-width=\"1086\" data-height=\"1536\" aria-label=\"Eventos Costa Blanca - Mayo 2026\" role=\"img\" ><\/div>\n\t\t\t\t\t\t\t\t\t\t\t<div class=\"elementor-gallery-item__overlay\"><\/div>\n\t\t\t\t\t\t\t\t\t\t\t\t\t\t<\/a>\n\t\t\t\t\t\t\t<a class=\"e-gallery-item elementor-gallery-item elementor-animated-content\" href=\"https:\/\/costablanca-magazin.com\/wp-content\/uploads\/2026\/05\/CARTELES-PRESENTACIONES-IMPRIMIR_page-0001-1.jpg\" data-elementor-open-lightbox=\"yes\" data-elementor-lightbox-slideshow=\"a4f5f13\" data-elementor-lightbox-title=\"CARTELES PRESENTACIONES IMPRIMIR_page-0001 1\" data-elementor-lightbox-description=\"Veranstaltungen Costa Blanca \u2013 Mai 2026  \" data-e-action-hash=\"#elementor-action%3Aaction%3Dlightbox%26settings%3DeyJpZCI6MTE1MDUsInVybCI6Imh0dHBzOlwvXC9jb3N0YWJsYW5jYS1tYWdhemluLmNvbVwvd3AtY29udGVudFwvdXBsb2Fkc1wvMjAyNlwvMDVcL0NBUlRFTEVTLVBSRVNFTlRBQ0lPTkVTLUlNUFJJTUlSX3BhZ2UtMDAwMS0xLmpwZyIsInNsaWRlc2hvdyI6ImE0ZjVmMTMifQ%3D%3D\">\n\t\t\t\t\t<div class=\"e-gallery-image elementor-gallery-item__image\" data-thumbnail=\"https:\/\/costablanca-magazin.com\/wp-content\/uploads\/2026\/05\/CARTELES-PRESENTACIONES-IMPRIMIR_page-0001-1.jpg\" data-width=\"764\" data-height=\"1080\" aria-label=\"Eventos Costa Blanca - Mayo 2026\" role=\"img\" ><\/div>\n\t\t\t\t\t\t\t\t\t\t\t<div class=\"elementor-gallery-item__overlay\"><\/div>\n\t\t\t\t\t\t\t\t\t\t\t\t\t\t<\/a>\n\t\t\t\t\t\t\t<a class=\"e-gallery-item elementor-gallery-item elementor-animated-content\" href=\"https:\/\/costablanca-magazin.com\/wp-content\/uploads\/2026\/05\/Adobe-Express-file-1_0.jpg\" data-elementor-open-lightbox=\"yes\" data-elementor-lightbox-slideshow=\"a4f5f13\" data-elementor-lightbox-title=\"Adobe Express - file 1_0\" data-elementor-lightbox-description=\"Veranstaltungen Costa Blanca \u2013 Mai 2026  \" data-e-action-hash=\"#elementor-action%3Aaction%3Dlightbox%26settings%3DeyJpZCI6MTE0OTcsInVybCI6Imh0dHBzOlwvXC9jb3N0YWJsYW5jYS1tYWdhemluLmNvbVwvd3AtY29udGVudFwvdXBsb2Fkc1wvMjAyNlwvMDVcL0Fkb2JlLUV4cHJlc3MtZmlsZS0xXzAuanBnIiwic2xpZGVzaG93IjoiYTRmNWYxMyJ9\">\n\t\t\t\t\t<div class=\"e-gallery-image elementor-gallery-item__image\" data-thumbnail=\"https:\/\/costablanca-magazin.com\/wp-content\/uploads\/2026\/05\/Adobe-Express-file-1_0.jpg\" data-width=\"759\" data-height=\"1080\" aria-label=\"Eventos Costa Blanca - Mayo 2026\" role=\"img\" ><\/div>\n\t\t\t\t\t\t\t\t\t\t\t<div class=\"elementor-gallery-item__overlay\"><\/div>\n\t\t\t\t\t\t\t\t\t\t\t\t\t\t<\/a>\n\t\t\t\t\t\t\t<a class=\"e-gallery-item elementor-gallery-item elementor-animated-content\" href=\"https:\/\/costablanca-magazin.com\/wp-content\/uploads\/2026\/05\/DAVIDDOMINGUEZ.jpg\" data-elementor-open-lightbox=\"yes\" data-elementor-lightbox-slideshow=\"a4f5f13\" data-elementor-lightbox-title=\"DAVIDDOMINGUEZ\" data-elementor-lightbox-description=\"Veranstaltungen Costa Blanca \u2013 Mai 2026  \" data-e-action-hash=\"#elementor-action%3Aaction%3Dlightbox%26settings%3DeyJpZCI6MTE1MDYsInVybCI6Imh0dHBzOlwvXC9jb3N0YWJsYW5jYS1tYWdhemluLmNvbVwvd3AtY29udGVudFwvdXBsb2Fkc1wvMjAyNlwvMDVcL0RBVklERE9NSU5HVUVaLmpwZyIsInNsaWRlc2hvdyI6ImE0ZjVmMTMifQ%3D%3D\">\n\t\t\t\t\t<div class=\"e-gallery-image elementor-gallery-item__image\" data-thumbnail=\"https:\/\/costablanca-magazin.com\/wp-content\/uploads\/2026\/05\/DAVIDDOMINGUEZ.jpg\" data-width=\"1467\" data-height=\"1054\" aria-label=\"Eventos Costa Blanca - Mayo 2026\" role=\"img\" ><\/div>\n\t\t\t\t\t\t\t\t\t\t\t<div class=\"elementor-gallery-item__overlay\"><\/div>\n\t\t\t\t\t\t\t\t\t\t\t\t\t\t<\/a>\n\t\t\t\t\t\t\t<a class=\"e-gallery-item elementor-gallery-item elementor-animated-content\" href=\"https:\/\/costablanca-magazin.com\/wp-content\/uploads\/2026\/05\/5-Expo-trobades.jpg\" data-elementor-open-lightbox=\"yes\" data-elementor-lightbox-slideshow=\"a4f5f13\" data-elementor-lightbox-title=\"5-Expo trobades\" data-elementor-lightbox-description=\"Veranstaltungen Costa Blanca \u2013 Mai 2026  \" data-e-action-hash=\"#elementor-action%3Aaction%3Dlightbox%26settings%3DeyJpZCI6MTE0ODgsInVybCI6Imh0dHBzOlwvXC9jb3N0YWJsYW5jYS1tYWdhemluLmNvbVwvd3AtY29udGVudFwvdXBsb2Fkc1wvMjAyNlwvMDVcLzUtRXhwby10cm9iYWRlcy5qcGciLCJzbGlkZXNob3ciOiJhNGY1ZjEzIn0%3D\">\n\t\t\t\t\t<div class=\"e-gallery-image elementor-gallery-item__image\" data-thumbnail=\"https:\/\/costablanca-magazin.com\/wp-content\/uploads\/2026\/05\/5-Expo-trobades.jpg\" data-width=\"1080\" data-height=\"1350\" aria-label=\"Cartel de la Exposici\u00f3 Trobades 2026 con una colorida escena de dibujos animados de personas trabajando en una pancarta; se muestran las fechas y el lugar del evento: Del 9 al 16 de mayo, Casa de la cultura de D\u00e9nia.\" role=\"img\" ><\/div>\n\t\t\t\t\t\t\t\t\t\t\t<div class=\"elementor-gallery-item__overlay\"><\/div>\n\t\t\t\t\t\t\t\t\t\t\t\t\t\t<\/a>\n\t\t\t\t\t\t\t<a class=\"e-gallery-item elementor-gallery-item elementor-animated-content\" href=\"https:\/\/costablanca-magazin.com\/wp-content\/uploads\/2026\/05\/7-DAMA.jpg\" data-elementor-open-lightbox=\"yes\" data-elementor-lightbox-slideshow=\"a4f5f13\" data-elementor-lightbox-title=\"7- DAMA\" data-elementor-lightbox-description=\"Veranstaltungen Costa Blanca \u2013 Mai 2026  \" data-e-action-hash=\"#elementor-action%3Aaction%3Dlightbox%26settings%3DeyJpZCI6MTE0OTAsInVybCI6Imh0dHBzOlwvXC9jb3N0YWJsYW5jYS1tYWdhemluLmNvbVwvd3AtY29udGVudFwvdXBsb2Fkc1wvMjAyNlwvMDVcLzctREFNQS5qcGciLCJzbGlkZXNob3ciOiJhNGY1ZjEzIn0%3D\">\n\t\t\t\t\t<div class=\"e-gallery-image elementor-gallery-item__image\" data-thumbnail=\"https:\/\/costablanca-magazin.com\/wp-content\/uploads\/2026\/05\/7-DAMA.jpg\" data-width=\"1080\" data-height=\"1350\" aria-label=\"Eventos Costa Blanca - Mayo 2026\" role=\"img\" ><\/div>\n\t\t\t\t\t\t\t\t\t\t\t<div class=\"elementor-gallery-item__overlay\"><\/div>\n\t\t\t\t\t\t\t\t\t\t\t\t\t\t<\/a>\n\t\t\t\t\t<\/div>\n\t\t\t\t\t<\/div>\n\t\t\t\t<\/div>\n\t\t\t\t<\/div>\n\t\t<div class=\"elementor-element elementor-element-5819762 e-con-full e-flex e-con e-child\" data-id=\"5819762\" data-element_type=\"container\" data-e-type=\"container\">\n\t\t\t\t<div class=\"elementor-element elementor-element-6026773 elementor-widget elementor-widget-heading\" data-id=\"6026773\" data-element_type=\"widget\" data-e-type=\"widget\" data-widget_type=\"heading.default\">\n\t\t\t\t<div class=\"elementor-widget-container\">\n\t\t\t\t\t<h3 class=\"elementor-heading-title elementor-size-default\">Denia\n<\/h3>\t\t\t\t<\/div>\n\t\t\t\t<\/div>\n\t\t\t\t<div class=\"elementor-element elementor-element-b75019b elementor-widget__width-initial elementor-widget elementor-widget-text-editor\" data-id=\"b75019b\" data-element_type=\"widget\" data-e-type=\"widget\" data-widget_type=\"text-editor.default\">\n\t\t\t\t<div class=\"elementor-widget-container\">\n\t\t\t\t\t\t\t\t\t<p>02 de mayo, 20.00 - En Femen\u00ed: Femmes. Teatre Auditori. Danza espa\u00f1ola y flamenco, coreograf\u00eda de Pilar And\u00fajar. La pieza recorre la evoluci\u00f3n desde Antonia Merc\u00e9 \u201eLa Argentina\u201c hasta el fla contempor\u00e1neo Duraci\u00f3n: unos 70 minutos, idioma: espa\u00f1ol. Entrada: 5 euros a trav\u00e9s de <a href=\"http:\/\/www.notikumi.com\">www.notikumi.com<\/a> o en la taquilla una hora antes del comienzo.<\/p><p>03 de mayo, hora seg\u00fan inscripci\u00f3n - Excursi\u00f3n familiar: Aventura a la Torre del Gerro. Punto de encuentro: Centre de observaci\u00f3 de cetacis de les Rotes<br \/>Ruta familiar guiada a pie por la reserva marina del Cap de Sant Antoni. Dos horas, cinco euros, recomendada a partir de ocho a\u00f1os. Inscripciones hasta el jueves, a las 14.00 horas, por correo electr\u00f3nico a <a href=\"mailto:viuiconviu@ayto-denia.es\">viuiconviu@ayto-denia.es<\/a>. Para todos aquellos que quieran ver Les Rotes con una explicaci\u00f3n en lugar de un simple selfie.<\/p><p>Del 07 al 23 de mayo, de 11.00 a 14.00 y de 17.00 a 21.00 - Exposici\u00f3n: Batxillerat Art\u00edstic IES Historiador Chab\u00e0s. Casa de Cultura, Sala Gran. Arte joven de D\u00e9nia: Los alumnos del Bachillerato Art\u00edstico del IES Historiador Chab\u00e0s muestran sus trabajos. Abierto los s\u00e1bados de 10.00 a 13.30 h.<\/p><p>Del 09 al 16 de mayo, de 11.00 a 14.00 y de 17.00 a 21.00 - Exposici\u00f3n: Trobades Escolars. Casa de Cultura, Vest\u00edbul. Un proyecto escolar con encuentros y mucho talento local: La exposici\u00f3n de arte se inaugurar\u00e1 el 9 de mayo a las 11.00 h. Abierta los s\u00e1bados de 10.00 a 13.30.<\/p><p>09 de mayo, 20.00 - Concierto de primavera: Grup Polif\u00f2nic Cadenza<br \/>Teatre Auditori. Canta el Grup Polif\u00f2nic Cadenza bajo la direcci\u00f3n de Silvia Pe\u00f1a. Tambi\u00e9n act\u00faan: Abhisek Ghosh a la guitarra y Vicent Sendra al piano. Entrada libre hasta completar aforo.\u00a0<\/p><p>Hasta el 10 de mayo, de 10.00 a 14.00 y de 16.00 a 19.00 h - Exposici\u00f3n: A\u00fan susurra tu jard\u00edn. Centre d'Art l'Estaci\u00f3. Susana Garc\u00eda Ungo expone \u201eA\u00fan susurra tu jard\u00edn\u201c en el Centre d'Art l'Estaci\u00f3. Abierto los domingos de 9.00 a 15.00 horas, cerrado el 1 de mayo.\u00a0\u00a0<\/p><p>15 de mayo, 20.00 - En Femen\u00ed: Tango en tiempo de mujer<br \/>Teatre Auditori. Tango con la mirada puesta en el papel de la mujer, musical, danc\u00edstica y narrativamente. Dirigido por Mariano Otero, con Juan Esteban Cuacci al piano, Virginia Gonz\u00e1lez Leonhart al viol\u00edn, la cantante Anal\u00eda Bueti y las bailarinas Rebeca N\u00fa\u00f1ez y B\u00e1rbara Palmer. Entrada a trav\u00e9s de <a href=\"http:\/\/www.notikumi.com\">www.notikumi.com<\/a> o en la taquilla una hora antes del comienzo.\u00a0<\/p><p>16 de mayo de 2026, de 12.00 a 20.00 - DAMA: IV Festival D\u00e9nia d'Arts de Carrer\/Moviment\/Acci\u00f3. Marqu\u00e9s de Campo y Pla\u00e7a del Consell\u00a0<br \/>Arte callejero, movimiento, danza y acci\u00f3n en el centro de D\u00e9nia. DAMA saca la cultura de la sala a la calle, donde no hace falta susurrar de antemano. Direcci\u00f3n art\u00edstica: Fr\u00e1giles Danza. Organizado y apoyado por el Ajuntament de D\u00e9nia, Cultura.\u00a0<\/p><p>16 de mayo, hasta el 7 de junio 10.00 a 14.00 y 17.00 a 20.00 - Exposici\u00f3n: Nueva Arqueolog\u00eda. Centre d'Art l'Estaci\u00f3. Anton Gudzykevych expone \u201eNueva Arqueolog\u00eda\u201c. Inauguraci\u00f3n el 16 de mayo a las 18.30 h. Abierto domingos y festivos de 9.00 a 15.00 h.<\/p><p>17 de mayo, 12.00 h - Concierto: Agrupaci\u00f3 Art\u00edstica Musical de D\u00e9nia<br \/>Teatre Auditori. Concierto enmarcado en la XXXI Campanya M\u00fasica as Pobles 2026. Entrada gratuita con invitaci\u00f3n, reserva a trav\u00e9s de <a href=\"http:\/\/www.notikumi.com\">www.notikumi.com<\/a>. Entradas restantes en taquilla una hora antes del comienzo. M\u00fasica de metal con sabor local y sin rodeos a trav\u00e9s de grandes palabras.\u00a0<\/p><p>22 de mayo, 19.00 - Presentaci\u00f3n del libro: Ac\u00fastica de hu\u00e9rfanos. Casa de Cultura.<br \/>Eugenia S\u00e1nchez presenta su libro \u201eAc\u00fastica de hu\u00e9rfanos\u201c. Presenta Francisco Cejudo, acompa\u00f1a musicalmente Esteban Ferre. Organiza Poetes per la cultura. Entrada libre hasta completar aforo.\u00a0<\/p><p>23 de mayo, 20:00 - Concierto de primavera: Orfe\u00f3 de D\u00e9nia. Teatre Auditori. El Orfe\u00f3 de D\u00e9nia ofrece su concierto de primavera en el Teatre Auditori. Entrada libre, hasta completar aforo. Una cita cl\u00e1sica en el calendario - y normalmente m\u00e1s concurrida de lo que se puede prever por \u201eentrada libre\u201c.<\/p><p>Del 28 de mayo al 6 de junio, de 11.00 a 14.00 y de 17.00 a 21.00 - Exposici\u00f3n: Reinterpretaci\u00f3 de l'obra de Toni Ortol\u00e0. Casa de Cultura de Vest\u00edbul. La EPA D\u00e9nia expone trabajos sobre la reinterpretaci\u00f3n de la obra de Toni Ortol\u00e0. Inauguraci\u00f3n el 28 de mayo a las 19.00 h. Abierto los s\u00e1bados de 10.00 a 13.30.<\/p><p>Del 28 de mayo al 13 de junio, de 11.00 a 14.00 y de 17.00 a 21.00 - Exposici\u00f3n: Errancias. Casa de Cultura, Sala Gran. Ram\u00f3n Puig de la Bellacasa Alberola presenta \u201eErrancias\u201c en la Sala Gran. Inauguraci\u00f3n el 28 de mayo a las 19.00 horas. Abierto los s\u00e1bados de 10.00 a 13.30 h.<\/p><p>30 de mayo, 20.00 - En Femen\u00ed: Menospausia. Teatre Auditori. Teatro de Cia Bestreta con Arantxa Gonz\u00e1lez y Amparo Oltra. Dos se\u00f1oras, una boda, mucha organizaci\u00f3n y probablemente m\u00e1s nervios que arroz en la plaza de la iglesia. Representado en castellano\/valenciano. Entrada a trav\u00e9s de <a href=\"http:\/\/www.notikumi.com\">www.notikumi.com<\/a> o en la taquilla una hora antes del comienzo.<\/p><p>31 de mayo, hora seg\u00fan inscripci\u00f3n - Salida familiar: Descobrint les Rotes en kayak. Punto de encuentro: C\/ F\u00e9nix, final de la Marineta. Ruta familiar en kayak por la costa rocosa de Les Rotes. Cuatro horas, cinco euros, recomendado a partir de ocho a\u00f1os. Equipamiento en el punto de partida, con explicaciones de historias y leyendas a lo largo del recorrido. Inscripciones antes del jueves, a las 14.00 horas, por correo electr\u00f3nico a viuiconviu@ayto-denia.es.<\/p><p>31 de mayo, 19.00 - Concierto\/Danza: Jove Ballet de la Marina. Teatre Auditori. Danza cl\u00e1sica y contempor\u00e1nea con el Jove Ballet de la Marina. Entrada a trav\u00e9s de <a href=\"http:\/\/www.notikumi.com\">www.notikumi.com<\/a> o en taquilla una hora antes del comienzo. Un final mensual con movimiento en lugar de un acorde final.<\/p>\t\t\t\t\t\t\t\t<\/div>\n\t\t\t\t<\/div>\n\t\t\t\t<div class=\"elementor-element elementor-element-ba435a6 elementor-widget elementor-widget-heading\" data-id=\"ba435a6\" data-element_type=\"widget\" data-e-type=\"widget\" data-widget_type=\"heading.default\">\n\t\t\t\t<div class=\"elementor-widget-container\">\n\t\t\t\t\t<h3 class=\"elementor-heading-title elementor-size-default\">Benidorm<\/h3>\t\t\t\t<\/div>\n\t\t\t\t<\/div>\n\t\t\t\t<div class=\"elementor-element elementor-element-9ee539a elementor-widget__width-initial elementor-widget elementor-widget-text-editor\" data-id=\"9ee539a\" data-element_type=\"widget\" data-e-type=\"widget\" data-widget_type=\"text-editor.default\">\n\t\t\t\t<div class=\"elementor-widget-container\">\n\t\t\t\t\t\t\t\t\t<p>05 de mayo, 12.00 - Exposici\u00f3n: Vamos a la Playa. Espai d'Art, Ayuntamiento de Benidorm. Victoria Udalova muestra pinturas sobre el mar, la playa y la luz del verano. No se trata de un programa de tumbonas, sino de una visi\u00f3n art\u00edstica de lo que Benidorm tiene a la vuelta de la esquina. La exposici\u00f3n estar\u00e1 abierta del 5 al 15 de mayo.<\/p><p>05 de mayo, 19.00 - Presentaci\u00f3n del libro: C\u00edrculo Cerrado. C.M. El Torrej\u00f3, Plaza Canalejas, Benidorm. Julio Pavanetti presenta su nuevo libro \u201eC\u00edrculo Cerrado\u201c. La velada ser\u00e1 presentada por el poeta Francisco Cejudo, con acompa\u00f1amiento musical de Carlos Eduardo Mu\u00f1oz Clavijo. La literatura se une a la canci\u00f3n de autor: Benidorm puede hacer algo m\u00e1s que grandes escenarios y ruidosos paseos mar\u00edtimos.<\/p><p>Del 10 al 16 de mayo, a partir de las 12.00 horas - Mundiavocat: Mundial de F\u00fatbol para Abogados. Ciudad Deportiva Guillermo Amor y Campos Antonio L\u00f3pez Guerrero. Abogados con camiseta en lugar de traje: el Mundial de F\u00fatbol para Abogados se celebrar\u00e1 en Benidorm. <br \/>La ceremonia de apertura tendr\u00e1 lugar el 10 de mayo a las 10.30 horas en el Auditorio \u00d3scar Espl\u00e1 del Parque de l'Aig\u00fcera. A las 12.00 horas comenzar\u00e1 la competici\u00f3n en los campos de f\u00fatbol de la ciudad.<\/p><p>14 de mayo, 19.00 - Presentaci\u00f3n del libro: Polvo de \u00c1nima y otros poemas. Biblioteca Central de Benidorm. Pablo Jankovich Ramos presenta su poemario \u201ePolvo de \u00c1nima y otros poemas\u201c. Una velada para todos aquellos que ven en la poes\u00eda no una lectura obligatoria, sino una peque\u00f1a pausa en el ritmo semanal habitual.<\/p><p>17 de mayo, 20.00 - Teatro: Paloma San Basilio - Dulcinea. Centro Cultural de Benidorm. Paloma San Basilio llega a Benidorm con \u201eDulcinea\u201c. La obra da voz propia a un conocido personaje literario, con m\u00fasica, teatro y una escen\u00f3grafa que sabe c\u00f3mo retener al p\u00fablico. Direcci\u00f3n musical: Julio Awad, direcci\u00f3n esc\u00e9nica: Juan Carlos Rubio. Las entradas est\u00e1n disponibles en Vivaticket o en la Concejal\u00eda de Cultura.<\/p><p>Del 18 al 29 de mayo, 11.00 h. - Exposici\u00f3n: CHO-KOLLAGES. Espai d'Art, Ayuntamiento de Benidorm. Juana Mart\u00ednez V\u00e1zquez muestra con \u201eCHO-KOLLAGES\u201c un trabajo entre el collage, la materia y el color. La exposici\u00f3n se celebra del 18 al 29 de mayo. La inauguraci\u00f3n es el 19 de mayo a las 11.00 horas. Los materiales cotidianos hacen aqu\u00ed su segunda aparici\u00f3n, esta vez no en el armario, sino en la pared.<\/p>\t\t\t\t\t\t\t\t<\/div>\n\t\t\t\t<\/div>\n\t\t\t\t<\/div>\n\t\t\t\t\t<\/div>\n\t\t\t\t<\/div>\n\t\t<div class=\"elementor-element elementor-element-b4b88fd e-flex e-con-boxed e-con e-parent\" data-id=\"b4b88fd\" data-element_type=\"container\" data-e-type=\"container\">\n\t\t\t\t\t<div class=\"e-con-inner\">\n\t\t<div class=\"elementor-element elementor-element-714d34b e-con-full e-flex e-con e-child\" data-id=\"714d34b\" data-element_type=\"container\" data-e-type=\"container\">\n\t\t\t\t<div class=\"elementor-element elementor-element-04b6c50 elementor-widget elementor-widget-heading\" data-id=\"04b6c50\" data-element_type=\"widget\" data-e-type=\"widget\" data-widget_type=\"heading.default\">\n\t\t\t\t<div class=\"elementor-widget-container\">\n\t\t\t\t\t<h3 class=\"elementor-heading-title elementor-size-default\">Alicante<\/h3>\t\t\t\t<\/div>\n\t\t\t\t<\/div>\n\t\t\t\t<div class=\"elementor-element elementor-element-dac700d elementor-widget__width-initial elementor-widget elementor-widget-text-editor\" data-id=\"dac700d\" data-element_type=\"widget\" data-e-type=\"widget\" data-widget_type=\"text-editor.default\">\n\t\t\t\t<div class=\"elementor-widget-container\">\n\t\t\t\t\t\t\t\t\t<p>Hasta el 3 de mayo - JazzDay Alicante. Alicante, varios escenarios \/ Clausura en el Teatro Principal. Casi una veintena de actividades en torno al D\u00eda Internacional del Jazz. El jazz no es s\u00f3lo m\u00fasica de fondo, sino la comidilla de la ciudad.<\/p><p>03 de mayo, 12.00 h - Concierto de la Banda Sinf\u00f3nica Municipal de Alicante <br \/>ADDA - Auditorio de la Diputaci\u00f3n de Alicante. La Banda Sinf\u00f3nica Municipal toca con los solistas David Mart\u00edn Mar\u00edn a la tuba y Pablo Mart\u00ednez del Cerro al bombardino. M\u00fasica cl\u00e1sica a la hora de comer, sin aspavientos pero con buen sonido.<\/p><p>06 de mayo, 18.30 - Audici\u00f3n de alumnos del Conservatorio \u00d3scar Espl\u00e1 <br \/>Caja Negra, Centro Cultural Las Cigarreras. Los alumnos del Conservatorio \u00d3scar Espl\u00e1 demuestran sus habilidades con los instrumentos de metal y percusi\u00f3n. Entrada libre hasta completar aforo.<\/p><p>06 al 10 de mayo - Feria del Libro de Alicante. Espacio S\u00e9neca, Alicante, Una treintena de stands y m\u00e1s de 200 actividades: firmas de libros, encuentros, lecturas y programas para diferentes edades. Para todos aquellos que no s\u00f3lo quieren comprar libros, sino tambi\u00e9n hablar de ellos.<\/p><p>07 al 10 de mayo - A contraluz. Muestra de cine in\u00e9dito. Alicante \/ Centro Cultural Las Cigarreras. El ciclo est\u00e1 dedicado al cine menos conocido. El programa comienza el 7 de mayo a las 20:00 con un coloquio sobre cine y meditaci\u00f3n con David Victori; a partir del 8 de mayo se proyectar\u00e1n m\u00e1s proyecciones en la Caja Negra.<\/p><p>Del 08 al 09 de mayo, 18.30 h - Cultura en Barrios: Obras maestras del cine universal. Alicante, programa por distritos \/ ubicaci\u00f3n seg\u00fan programa. Cl\u00e1sicos del cine internacional con perspectiva social, incluyendo comedia y drama. Las pel\u00edculas no s\u00f3lo se proyectan, sino que tambi\u00e9n se comentan.<\/p><p>08 a 09 de mayo, 18.30 h - Cultura en Barrios: Trenzando cuentos <br \/>Alicante, programa comarcal \/ ubicaci\u00f3n seg\u00fan programa. Miguel \u00c1ngel Montilla cuenta historias con memoria po\u00e9tica y facilidad para lo oral. El buen cuentacuentos no necesita un gran escenario, sino oyentes atentos.<\/p><p>Hasta el 10 de mayo - Exposici\u00f3n \u201eUna mirada, una emoci\u00f3n\u201c Sala de Exposiciones de La Lonja del Pescado, Alicante. La exposici\u00f3n muestra obras del XIV Certamen Nacional y del XI Certamen Internacional de Pintura \u201eMiradas\u201c de la Fundaci\u00f3n Jorge Ali\u00f3 para la Prevenci\u00f3n de la Ceguera. Arte con un trasfondo claro: ver, percibir y el valor de la mirada.<\/p><p>15 de mayo, 21.00 - Doble concierto: This House y Disciplina Limitar <br \/>Caja Negra, Centro Cultural Las Cigarreras. Esta Casa con G.W. Sok, Ignacio C\u00f3rdoba, S\u00f8ren H\u00f8i y Kristian Tangvik presentan su \u00e1lbum \u201eSoft Rains Will Come\u201c. Tambi\u00e9n actuar\u00e1 Disciplina Limitar. Entrada: 8\/10 euros, a la venta en taquilla.<\/p><p>Hasta el 23 de mayo, de 10.00 a 21.30 horas - Exposici\u00f3n \u201eLa firmeza de un instante\u201c. Caja Blanca, Centro Cultural Las Cigarreras. Jes\u00fas Madri\u00f1\u00e1n muestra obras fotogr\u00e1ficas centrales. Un formato para todos aquellos que no ven los retratos, la luz y el presente como cosas separadas.<\/p><p>Hasta el 24 de mayo - Exposici\u00f3n \u201eTestimonio documental de \u00d3scar Espl\u00e1 y Emilio Varela\u201c. Archivo Municipal de Alicante. En el marco del A\u00f1o Varela-Espl\u00e1, el Archivo Municipal muestra documentos relacionados con \u00d3scar Espl\u00e1 y Emilio Varela. Historia cultural alicantina, callada, pero ciertamente productiva.<\/p><p>Del 24 de abril al 31 de mayo - Exposici\u00f3n \u201eLa balada de Hugo Pratt\u201c <br \/>Espacio S\u00e9neca, Alicante. El Espacio S\u00e9neca dedica una exposici\u00f3n al ilustrador italiano Hugo Pratt. Para todos aquellos que nunca han visto el c\u00f3mic como una materia menor.<\/p><p>Del 30 de abril al 26 de junio, 20:00 - Poetry Slam Alicante. Centro Cultural Las Cigarreras. En el VII Torneo Poetry Slam Alicante, el lenguaje se convierte en materia esc\u00e9nica. Pocos minutos, impacto directo, y al final el p\u00fablico opina.<\/p><p>Del 10 de abril al 22 de agosto - Exposici\u00f3n \u201eLa romer\u00eda de los cornudos\u201c <br \/>Alicante, sede de la exposici\u00f3n seg\u00fan el programa. El punto de partida es el ballet hom\u00f3nimo de Garc\u00eda Lorca y Rivas Cherif de 1933, que da pie a una exploraci\u00f3n idiosincr\u00e1sica de la Romer\u00eda del Roc\u00edo y Do\u00f1ana -a trav\u00e9s del v\u00eddeo, la danza, la m\u00fasica y el vestuario-. No es una calcoman\u00eda folcl\u00f3rica, sino arte con fricci\u00f3n<\/p>\t\t\t\t\t\t\t\t<\/div>\n\t\t\t\t<\/div>\n\t\t\t\t<div class=\"elementor-element elementor-element-5725728 elementor-widget elementor-widget-heading\" data-id=\"5725728\" data-element_type=\"widget\" data-e-type=\"widget\" data-widget_type=\"heading.default\">\n\t\t\t\t<div class=\"elementor-widget-container\">\n\t\t\t\t\t<h3 class=\"elementor-heading-title elementor-size-default\">Torrevieja<\/h3>\t\t\t\t<\/div>\n\t\t\t\t<\/div>\n\t\t\t\t<div class=\"elementor-element elementor-element-9aad2bb elementor-widget__width-initial elementor-widget elementor-widget-text-editor\" data-id=\"9aad2bb\" data-element_type=\"widget\" data-e-type=\"widget\" data-widget_type=\"text-editor.default\">\n\t\t\t\t<div class=\"elementor-widget-container\">\n\t\t\t\t\t\t\t\t\t<p>03 de mayo, 19.00 - PANGEA: Abraham Cupeiro &amp; Orquesta Arnova Ensemble <br \/>Auditorio Internacional de Torrevieja. Instrumentos hist\u00f3ricos, gran orquesta, mucho sonido: Abraham Cupeiro y el Arnova Ensemble ponen sobre el escenario un concierto que no suena a programa al uso.<\/p><p>05 de mayo, 19.30 h - Vespro della Beata Vergine de Claudio Monteverdi <br \/>Auditorio Internacional de Torrevieja. La Capella de Ministrers bajo la direcci\u00f3n de Carles Magraner est\u00e1 dedicada a Monteverdi. M\u00fasica antigua, grandes voces, ambiente concentrado: no es una velada para escuchar de pasada.<\/p><p>Del 07 al 10 de mayo, a partir de las 12.00 horas - Feria de Mayo Torrevieja, Parque Antonio Soria, Torrevieja. Durante cuatro d\u00edas, la plaza se convierte en un lugar de encuentro con los ritmos andaluces: casetas, sevillanas, flamenco, caballos,... La Feria es una fiesta que r\u00e1pidamente pone en movimiento a la multitud. La fiesta hunde sus ra\u00edces en la tradici\u00f3n de las ferias andaluzas, pero en Torrevieja es mucho m\u00e1s abierta y accesible que su gran modelo sevillano. Las casetas son lugares de encuentro, no sociedades cerradas. La fiesta se anima especialmente a primera hora de la tarde. Entonces las calles se llenan, la m\u00fasica sube de volumen, las luces se encienden y la feria adquiere un segundo car\u00e1cter: menos tarde familiar, m\u00e1s noche festiva espa\u00f1ola. Si quiere vivir la feria al completo, venga el viernes o el s\u00e1bado despu\u00e9s de las 21:00.<\/p><p>Atenci\u00f3n Puede resultar dif\u00edcil aparcar en las inmediaciones del recinto por las tardes. Llegue pronto, aparque un poco m\u00e1s lejos o coja un taxi. Tambi\u00e9n es \u00fatil llevar dinero en efectivo, ya que no se acepta el pago con tarjeta en todas partes.<\/p><p>09 de mayo, 19.00 - Gala D\u00eda de Europa. Auditorio Internacional de Torrevieja. D\u00eda de Europa en el Auditorio: En Torrevieja, donde viven muchos residentes europeos, no se trata s\u00f3lo de un acto protocolario, sino de una velada con p\u00fablico internacional.<\/p><p>10 de mayo, 12.00 horas - Casanovas Orquesta: Un Conciertazo para Todos <br \/>Teatro Municipal de Torrevieja. Concierto a la hora de comer, pensado expresamente para todos los p\u00fablicos. La Orquesta Casanovas se centra en el \u00edmpetu en lugar de las r\u00edgidas obligaciones dominicales.<\/p><p>14 de mayo, 20.00 - Sabor &amp; Cultura. Teatro Municipal de Torrevieja. La gastronom\u00eda se une a la cultura. Una velada que no es s\u00f3lo el escenario, sino c\u00f3mo Torrevieja a\u00fana disfrute y programa.<\/p><p>16 de mayo, 20.00 - Los Salerosos: El Gran Guateque - M\u00fasica para Bailar <br \/>Teatro Municipal de Torrevieja. El t\u00edtulo marca la pauta: M\u00fasica para bailar, recuerdos de grandes veladas de baile y un guateque que no est\u00e1 hecho para estarse quieto.<\/p><p>17 de mayo, 12.00 horas - UMT &amp; Johan de Meij. Teatro Municipal de Torrevieja. <br \/>La Uni\u00f3n Musical Torrevejense se re\u00fane con Johan de Meij. Conjunto local, nombre internacional: un concierto con m\u00e1s peso que la m\u00fasica de los domingos.<\/p><p>23 de mayo, 19.00 - BSO: Brahms. Auditorio Internacional de Torrevieja. La Orquesta Sinf\u00f3nica de Torrevieja se dedica a Brahms. Gran sonido, marco claro, un programa sin efectos innecesarios.<\/p><p>23 de mayo, 20.00 - Teatro: Mitad y Mitad. Teatro Municipal de Torrevieja <br \/>Teatro en lugar de sinfon\u00edas: \u201eMitad y Mitad\u201c est\u00e1 en el programa de esa noche en el Teatro Municipal. Torrevieja no facilita la elecci\u00f3n.<\/p><p>24 de mayo, 20.00 - Teatro: Mejor no decirlo. Teatro Municipal de Torrevieja. <br \/>A veces la mitad del chiste est\u00e1 en el t\u00edtulo. \u201eMejor no decirlo\u201c suena a teatro en el que no hay que decirlo todo.<\/p><p>29 de mayo, 20.30 h - David Dom\u00ednguez: El raro de los 90. Auditorio Internacional de Torrevieja. Un mon\u00f3logo para todos aquellos que no s\u00f3lo vivieron los 90, sino que sobrevivieron a ellos. David Dom\u00ednguez echa la vista atr\u00e1s: estrafalario, directo y muy reconocible.<\/p><p>30 de mayo, 9.30 h - Concurso Nacional de Artes Esc\u00e9nicas <br \/>Teatro Municipal de Torrevieja. Comienzo temprano, mucho escenario: el certamen nacional muestra danza, expresi\u00f3n y j\u00f3venes talentos. Una cita para todos los que quieran ver qu\u00e9 se cuece en el sector de los j\u00f3venes talentos.<\/p><p>31 de mayo, 18.00 - El Mago Invisible: Nada es lo que parece. Lugar no especificado. Magia a fin de mes. \u201eNada es lo que parece\u201c promete ilusi\u00f3n, sorpresa y probablemente alguna que otra mirada esc\u00e9ptica del p\u00fablico.<\/p>\t\t\t\t\t\t\t\t<\/div>\n\t\t\t\t<\/div>\n\t\t\t\t<\/div>\n\t\t<div class=\"elementor-element elementor-element-1497975 e-con-full e-flex e-con e-child\" data-id=\"1497975\" data-element_type=\"container\" data-e-type=\"container\">\n\t\t\t\t<div class=\"elementor-element elementor-element-c9f8b51 elementor-widget__width-initial elementor-widget elementor-widget-gallery\" data-id=\"c9f8b51\" data-element_type=\"widget\" data-e-type=\"widget\" data-settings=\"{&quot;columns&quot;:1,&quot;gallery_layout&quot;:&quot;masonry&quot;,&quot;gap&quot;:{&quot;unit&quot;:&quot;px&quot;,&quot;size&quot;:5,&quot;sizes&quot;:[]},&quot;lazyload&quot;:&quot;yes&quot;,&quot;columns_tablet&quot;:2,&quot;columns_mobile&quot;:1,&quot;gap_tablet&quot;:{&quot;unit&quot;:&quot;px&quot;,&quot;size&quot;:10,&quot;sizes&quot;:[]},&quot;gap_mobile&quot;:{&quot;unit&quot;:&quot;px&quot;,&quot;size&quot;:10,&quot;sizes&quot;:[]},&quot;link_to&quot;:&quot;file&quot;,&quot;overlay_background&quot;:&quot;yes&quot;,&quot;content_hover_animation&quot;:&quot;fade-in&quot;}\" data-widget_type=\"gallery.default\">\n\t\t\t\t<div class=\"elementor-widget-container\">\n\t\t\t\t\t\t\t<div class=\"elementor-gallery__container\">\n\t\t\t\t\t\t\t<a class=\"e-gallery-item elementor-gallery-item elementor-animated-content\" href=\"https:\/\/costablanca-magazin.com\/wp-content\/uploads\/2026\/05\/Kraken.jpg\" data-elementor-open-lightbox=\"yes\" data-elementor-lightbox-slideshow=\"c9f8b51\" data-elementor-lightbox-title=\"Kraken\" data-elementor-lightbox-description=\"Veranstaltungen Costa Blanca \u2013 Mai 2026  \" data-e-action-hash=\"#elementor-action%3Aaction%3Dlightbox%26settings%3DeyJpZCI6MTE1MTIsInVybCI6Imh0dHBzOlwvXC9jb3N0YWJsYW5jYS1tYWdhemluLmNvbVwvd3AtY29udGVudFwvdXBsb2Fkc1wvMjAyNlwvMDVcL0tyYWtlbi5qcGciLCJzbGlkZXNob3ciOiJjOWY4YjUxIn0%3D\">\n\t\t\t\t\t<div class=\"e-gallery-image elementor-gallery-item__image\" data-thumbnail=\"https:\/\/costablanca-magazin.com\/wp-content\/uploads\/2026\/05\/Kraken.jpg\" data-width=\"735\" data-height=\"1056\" aria-label=\"Eventos Costa Blanca - Mayo 2026\" role=\"img\" ><\/div>\n\t\t\t\t\t\t\t\t\t\t\t<div class=\"elementor-gallery-item__overlay\"><\/div>\n\t\t\t\t\t\t\t\t\t\t\t\t\t\t<\/a>\n\t\t\t\t\t\t\t<a class=\"e-gallery-item elementor-gallery-item elementor-animated-content\" href=\"https:\/\/costablanca-magazin.com\/wp-content\/uploads\/2026\/05\/5instagram-story.jpg\" data-elementor-open-lightbox=\"yes\" data-elementor-lightbox-slideshow=\"c9f8b51\" data-elementor-lightbox-title=\"5instagram-story\" data-elementor-lightbox-description=\"Veranstaltungen Costa Blanca \u2013 Mai 2026  \" data-e-action-hash=\"#elementor-action%3Aaction%3Dlightbox%26settings%3DeyJpZCI6MTE0ODksInVybCI6Imh0dHBzOlwvXC9jb3N0YWJsYW5jYS1tYWdhemluLmNvbVwvd3AtY29udGVudFwvdXBsb2Fkc1wvMjAyNlwvMDVcLzVpbnN0YWdyYW0tc3RvcnkuanBnIiwic2xpZGVzaG93IjoiYzlmOGI1MSJ9\">\n\t\t\t\t\t<div class=\"e-gallery-image elementor-gallery-item__image\" data-thumbnail=\"https:\/\/costablanca-magazin.com\/wp-content\/uploads\/2026\/05\/5instagram-story-1152x2048.jpg\" data-width=\"1152\" data-height=\"2048\" aria-label=\"Cartel promocional de la exposici\u00f3n &#039;LAS CIGARRERAS&#039; de Jes\u00fas Madri\u00f1\u00e1n (21\/02-23\/05). Incluye un primer plano de dos j\u00f3venes a la izquierda y un texto descriptivo con logotipos a la derecha.\" role=\"img\" ><\/div>\n\t\t\t\t\t\t\t\t\t\t\t<div class=\"elementor-gallery-item__overlay\"><\/div>\n\t\t\t\t\t\t\t\t\t\t\t\t\t\t<\/a>\n\t\t\t\t\t\t\t<a class=\"e-gallery-item elementor-gallery-item elementor-animated-content\" href=\"https:\/\/costablanca-magazin.com\/wp-content\/uploads\/2026\/05\/El-diablo-viste-de-.jpg\" data-elementor-open-lightbox=\"yes\" data-elementor-lightbox-slideshow=\"c9f8b51\" data-elementor-lightbox-title=\"El-diablo-viste-de-\" data-elementor-lightbox-description=\"#image_title\" data-e-action-hash=\"#elementor-action%3Aaction%3Dlightbox%26settings%3DeyJpZCI6MTE1MDcsInVybCI6Imh0dHBzOlwvXC9jb3N0YWJsYW5jYS1tYWdhemluLmNvbVwvd3AtY29udGVudFwvdXBsb2Fkc1wvMjAyNlwvMDVcL0VsLWRpYWJsby12aXN0ZS1kZS0uanBnIiwic2xpZGVzaG93IjoiYzlmOGI1MSJ9\">\n\t\t\t\t\t<div class=\"e-gallery-image elementor-gallery-item__image\" data-thumbnail=\"https:\/\/costablanca-magazin.com\/wp-content\/uploads\/2026\/05\/El-diablo-viste-de-.jpg\" data-width=\"736\" data-height=\"920\" aria-label=\"\" role=\"img\" ><\/div>\n\t\t\t\t\t\t\t\t\t\t\t<div class=\"elementor-gallery-item__overlay\"><\/div>\n\t\t\t\t\t\t\t\t\t\t\t\t\t\t<\/a>\n\t\t\t\t\t\t\t<a class=\"e-gallery-item elementor-gallery-item elementor-animated-content\" href=\"https:\/\/costablanca-magazin.com\/wp-content\/uploads\/2026\/05\/3-Expo-Aun-susurra-tu-jardin-Fins-al-10.jpg\" data-elementor-open-lightbox=\"yes\" data-elementor-lightbox-slideshow=\"c9f8b51\" data-elementor-lightbox-title=\"3- Expo Aun susurra tu jard\u00edn Fins al 10\" data-elementor-lightbox-description=\"Veranstaltungen Costa Blanca \u2013 Mai 2026  \" data-e-action-hash=\"#elementor-action%3Aaction%3Dlightbox%26settings%3DeyJpZCI6MTE0ODcsInVybCI6Imh0dHBzOlwvXC9jb3N0YWJsYW5jYS1tYWdhemluLmNvbVwvd3AtY29udGVudFwvdXBsb2Fkc1wvMjAyNlwvMDVcLzMtRXhwby1BdW4tc3VzdXJyYS10dS1qYXJkaW4tRmlucy1hbC0xMC5qcGciLCJzbGlkZXNob3ciOiJjOWY4YjUxIn0%3D\">\n\t\t\t\t\t<div class=\"e-gallery-image elementor-gallery-item__image\" data-thumbnail=\"https:\/\/costablanca-magazin.com\/wp-content\/uploads\/2026\/05\/3-Expo-Aun-susurra-tu-jardin-Fins-al-10.jpg\" data-width=\"1080\" data-height=\"1350\" aria-label=\"Cartel de exposici\u00f3n: &#039;A\u00daN SUSURRA TU JARD\u00cdN&#039; de Susana Garc\u00eda Ungo, con un collage de im\u00e1genes florales abstractas en tonos rosa, azul y pastel.\" role=\"img\" ><\/div>\n\t\t\t\t\t\t\t\t\t\t\t<div class=\"elementor-gallery-item__overlay\"><\/div>\n\t\t\t\t\t\t\t\t\t\t\t\t\t\t<\/a>\n\t\t\t\t\t\t\t<a class=\"e-gallery-item elementor-gallery-item elementor-animated-content\" href=\"https:\/\/costablanca-magazin.com\/wp-content\/uploads\/2026\/05\/romeria.png\" data-elementor-open-lightbox=\"yes\" data-elementor-lightbox-slideshow=\"c9f8b51\" data-elementor-lightbox-title=\"Veranstaltungen Costa Blanca \u2013 Mai 2026\" data-elementor-lightbox-description=\"Veranstaltungen Costa Blanca \u2013 Mai 2026  \" data-e-action-hash=\"#elementor-action%3Aaction%3Dlightbox%26settings%3DeyJpZCI6MTE1MTcsInVybCI6Imh0dHBzOlwvXC9jb3N0YWJsYW5jYS1tYWdhemluLmNvbVwvd3AtY29udGVudFwvdXBsb2Fkc1wvMjAyNlwvMDVcL3JvbWVyaWEucG5nIiwic2xpZGVzaG93IjoiYzlmOGI1MSJ9\">\n\t\t\t\t\t<div class=\"e-gallery-image elementor-gallery-item__image\" data-thumbnail=\"https:\/\/costablanca-magazin.com\/wp-content\/uploads\/2026\/05\/romeria.png\" data-width=\"300\" data-height=\"200\" aria-label=\"Eventos Costa Blanca - Mayo 2026\" role=\"img\" ><\/div>\n\t\t\t\t\t\t\t\t\t\t\t<div class=\"elementor-gallery-item__overlay\"><\/div>\n\t\t\t\t\t\t\t\t\t\t\t\t\t\t<\/a>\n\t\t\t\t\t\t\t<a class=\"e-gallery-item elementor-gallery-item elementor-animated-content\" href=\"https:\/\/costablanca-magazin.com\/wp-content\/uploads\/2026\/05\/fla-cartel-2026.jpg\" data-elementor-open-lightbox=\"yes\" data-elementor-lightbox-slideshow=\"c9f8b51\" data-elementor-lightbox-title=\"fla-cartel-2026\" data-elementor-lightbox-description=\"Veranstaltungen Costa Blanca \u2013 Mai 2026  \" data-e-action-hash=\"#elementor-action%3Aaction%3Dlightbox%26settings%3DeyJpZCI6MTE1MDgsInVybCI6Imh0dHBzOlwvXC9jb3N0YWJsYW5jYS1tYWdhemluLmNvbVwvd3AtY29udGVudFwvdXBsb2Fkc1wvMjAyNlwvMDVcL2ZsYS1jYXJ0ZWwtMjAyNi5qcGciLCJzbGlkZXNob3ciOiJjOWY4YjUxIn0%3D\">\n\t\t\t\t\t<div class=\"e-gallery-image elementor-gallery-item__image\" data-thumbnail=\"https:\/\/costablanca-magazin.com\/wp-content\/uploads\/2026\/05\/fla-cartel-2026-1317x2048.jpg\" data-width=\"1317\" data-height=\"2048\" aria-label=\"Eventos Costa Blanca - Mayo 2026\" role=\"img\" ><\/div>\n\t\t\t\t\t\t\t\t\t\t\t<div class=\"elementor-gallery-item__overlay\"><\/div>\n\t\t\t\t\t\t\t\t\t\t\t\t\t\t<\/a>\n\t\t\t\t\t\t\t<a class=\"e-gallery-item elementor-gallery-item elementor-animated-content\" href=\"https:\/\/costablanca-magazin.com\/wp-content\/uploads\/2026\/05\/imagen-la-Ternura-768x512-1.webp\" data-elementor-open-lightbox=\"yes\" data-elementor-lightbox-slideshow=\"c9f8b51\" data-elementor-lightbox-title=\"imagen-la-TVeranstaltungen Costa Blanca \u2013 Mai 2026  ernura-768x512\" data-elementor-lightbox-description=\"Veranstaltungen Costa Blanca \u2013 Mai 2026  \" data-e-action-hash=\"#elementor-action%3Aaction%3Dlightbox%26settings%3DeyJpZCI6MTE1MTEsInVybCI6Imh0dHBzOlwvXC9jb3N0YWJsYW5jYS1tYWdhemluLmNvbVwvd3AtY29udGVudFwvdXBsb2Fkc1wvMjAyNlwvMDVcL2ltYWdlbi1sYS1UZXJudXJhLTc2OHg1MTItMS53ZWJwIiwic2xpZGVzaG93IjoiYzlmOGI1MSJ9\">\n\t\t\t\t\t<div class=\"e-gallery-image elementor-gallery-item__image\" data-thumbnail=\"https:\/\/costablanca-magazin.com\/wp-content\/uploads\/2026\/05\/imagen-la-Ternura-768x512-1.webp\" data-width=\"768\" data-height=\"512\" aria-label=\"Eventos Costa Blanca - Mayo 2026\" role=\"img\" ><\/div>\n\t\t\t\t\t\t\t\t\t\t\t<div class=\"elementor-gallery-item__overlay\"><\/div>\n\t\t\t\t\t\t\t\t\t\t\t\t\t\t<\/a>\n\t\t\t\t\t<\/div>\n\t\t\t\t\t<\/div>\n\t\t\t\t<\/div>\n\t\t\t\t<\/div>\n\t\t\t\t\t<\/div>\n\t\t\t\t<\/div>\n\t\t<div class=\"elementor-element elementor-element-902656d e-flex e-con-boxed e-con e-parent\" data-id=\"902656d\" data-element_type=\"container\" data-e-type=\"container\">\n\t\t\t\t\t<div class=\"e-con-inner\">\n\t\t\t\t<div class=\"elementor-element elementor-element-62ef34c elementor-share-buttons--view-icon elementor-share-buttons--skin-gradient elementor-share-buttons--shape-square elementor-grid-0 elementor-share-buttons--color-official elementor-widget elementor-widget-share-buttons\" data-id=\"62ef34c\" data-element_type=\"widget\" data-e-type=\"widget\" data-widget_type=\"share-buttons.default\">\n\t\t\t\t<div class=\"elementor-widget-container\">\n\t\t\t\t\t\t\t<div class=\"elementor-grid\" role=\"list\">\n\t\t\t\t\t\t\t\t<div class=\"elementor-grid-item\" role=\"listitem\">\n\t\t\t\t\t\t<div class=\"elementor-share-btn elementor-share-btn_facebook\" role=\"button\" tabindex=\"0\" aria-label=\"Compartir en facebook\">\n\t\t\t\t\t\t\t\t\t\t\t\t\t\t\t<span class=\"elementor-share-btn__icon\">\n\t\t\t\t\t\t\t\t<svg aria-hidden=\"true\" class=\"e-font-icon-svg e-fab-facebook\" viewbox=\"0 0 512 512\" xmlns=\"http:\/\/www.w3.org\/2000\/svg\"><path d=\"M504 256C504 119 393 8 256 8S8 119 8 256c0 123.78 90.69 226.38 209.25 245V327.69h-63V256h63v-54.64c0-62.15 37-96.48 93.67-96.48 27.14 0 55.52 4.84 55.52 4.84v61h-31.28c-30.8 0-40.41 19.12-40.41 38.73V256h68.78l-11 71.69h-57.78V501C413.31 482.38 504 379.78 504 256z\"><\/path><\/svg>\t\t\t\t\t\t\t<\/span>\n\t\t\t\t\t\t\t\t\t\t\t\t\t\t\t\t\t\t\t\t<\/div>\n\t\t\t\t\t<\/div>\n\t\t\t\t\t\t\t\t\t<div class=\"elementor-grid-item\" role=\"listitem\">\n\t\t\t\t\t\t<div class=\"elementor-share-btn elementor-share-btn_pinterest\" role=\"button\" tabindex=\"0\" aria-label=\"Compartir en pinterest\">\n\t\t\t\t\t\t\t\t\t\t\t\t\t\t\t<span class=\"elementor-share-btn__icon\">\n\t\t\t\t\t\t\t\t<svg aria-hidden=\"true\" class=\"e-font-icon-svg e-fab-pinterest\" viewbox=\"0 0 496 512\" xmlns=\"http:\/\/www.w3.org\/2000\/svg\"><path d=\"M496 256c0 137-111 248-248 248-25.6 0-50.2-3.9-73.4-11.1 10.1-16.5 25.2-43.5 30.8-65 3-11.6 15.4-59 15.4-59 8.1 15.4 31.7 28.5 56.8 28.5 74.8 0 128.7-68.8 128.7-154.3 0-81.9-66.9-143.2-152.9-143.2-107 0-163.9 71.8-163.9 150.1 0 36.4 19.4 81.7 50.3 96.1 4.7 2.2 7.2 1.2 8.3-3.3.8-3.4 5-20.3 6.9-28.1.6-2.5.3-4.7-1.7-7.1-10.1-12.5-18.3-35.3-18.3-56.6 0-54.7 41.4-107.6 112-107.6 60.9 0 103.6 41.5 103.6 100.9 0 67.1-33.9 113.6-78 113.6-24.3 0-42.6-20.1-36.7-44.8 7-29.5 20.5-61.3 20.5-82.6 0-19-10.2-34.9-31.4-34.9-24.9 0-44.9 25.7-44.9 60.2 0 22 7.4 36.8 7.4 36.8s-24.5 103.8-29 123.2c-5 21.4-3 51.6-.9 71.2C65.4 450.9 0 361.1 0 256 0 119 111 8 248 8s248 111 248 248z\"><\/path><\/svg>\t\t\t\t\t\t\t<\/span>\n\t\t\t\t\t\t\t\t\t\t\t\t\t\t\t\t\t\t\t\t<\/div>\n\t\t\t\t\t<\/div>\n\t\t\t\t\t\t\t\t\t<div class=\"elementor-grid-item\" role=\"listitem\">\n\t\t\t\t\t\t<div class=\"elementor-share-btn elementor-share-btn_x-twitter\" role=\"button\" tabindex=\"0\" aria-label=\"Compartir en x-twitter\">\n\t\t\t\t\t\t\t\t\t\t\t\t\t\t\t<span class=\"elementor-share-btn__icon\">\n\t\t\t\t\t\t\t\t<svg aria-hidden=\"true\" class=\"e-font-icon-svg e-fab-x-twitter\" viewbox=\"0 0 512 512\" xmlns=\"http:\/\/www.w3.org\/2000\/svg\"><path d=\"M389.2 48h70.6L305.6 224.2 487 464H345L233.7 318.6 106.5 464H35.8L200.7 275.5 26.8 48H172.4L272.9 180.9 389.2 48zM364.4 421.8h39.1L151.1 88h-42L364.4 421.8z\"><\/path><\/svg>\t\t\t\t\t\t\t<\/span>\n\t\t\t\t\t\t\t\t\t\t\t\t\t\t\t\t\t\t\t\t<\/div>\n\t\t\t\t\t<\/div>\n\t\t\t\t\t\t\t\t\t<div class=\"elementor-grid-item\" role=\"listitem\">\n\t\t\t\t\t\t<div class=\"elementor-share-btn elementor-share-btn_whatsapp\" role=\"button\" tabindex=\"0\" aria-label=\"Compartir en whatsapp\">\n\t\t\t\t\t\t\t\t\t\t\t\t\t\t\t<span class=\"elementor-share-btn__icon\">\n\t\t\t\t\t\t\t\t<svg aria-hidden=\"true\" class=\"e-font-icon-svg e-fab-whatsapp\" viewbox=\"0 0 448 512\" xmlns=\"http:\/\/www.w3.org\/2000\/svg\"><path d=\"M380.9 97.1C339 55.1 283.2 32 223.9 32c-122.4 0-222 99.6-222 222 0 39.1 10.2 77.3 29.6 111L0 480l117.7-30.9c32.4 17.7 68.9 27 106.1 27h.1c122.3 0 224.1-99.6 224.1-222 0-59.3-25.2-115-67.1-157zm-157 341.6c-33.2 0-65.7-8.9-94-25.7l-6.7-4-69.8 18.3L72 359.2l-4.4-7c-18.5-29.4-28.2-63.3-28.2-98.2 0-101.7 82.8-184.5 184.6-184.5 49.3 0 95.6 19.2 130.4 54.1 34.8 34.9 56.2 81.2 56.1 130.5 0 101.8-84.9 184.6-186.6 184.6zm101.2-138.2c-5.5-2.8-32.8-16.2-37.9-18-5.1-1.9-8.8-2.8-12.5 2.8-3.7 5.6-14.3 18-17.6 21.8-3.2 3.7-6.5 4.2-12 1.4-32.6-16.3-54-29.1-75.5-66-5.7-9.8 5.7-9.1 16.3-30.3 1.8-3.7.9-6.9-.5-9.7-1.4-2.8-12.5-30.1-17.1-41.2-4.5-10.8-9.1-9.3-12.5-9.5-3.2-.2-6.9-.2-10.6-.2-3.7 0-9.7 1.4-14.8 6.9-5.1 5.6-19.4 19-19.4 46.3 0 27.3 19.9 53.7 22.6 57.4 2.8 3.7 39.1 59.7 94.8 83.8 35.2 15.2 49 16.5 66.6 13.9 10.7-1.6 32.8-13.4 37.4-26.4 4.6-13 4.6-24.1 3.2-26.4-1.3-2.5-5-3.9-10.5-6.6z\"><\/path><\/svg>\t\t\t\t\t\t\t<\/span>\n\t\t\t\t\t\t\t\t\t\t\t\t\t\t\t\t\t\t\t\t<\/div>\n\t\t\t\t\t<\/div>\n\t\t\t\t\t\t\t\t\t<div class=\"elementor-grid-item\" role=\"listitem\">\n\t\t\t\t\t\t<div class=\"elementor-share-btn elementor-share-btn_email\" role=\"button\" tabindex=\"0\" aria-label=\"Compartir en email\">\n\t\t\t\t\t\t\t\t\t\t\t\t\t\t\t<span class=\"elementor-share-btn__icon\">\n\t\t\t\t\t\t\t\t<svg aria-hidden=\"true\" class=\"e-font-icon-svg e-fas-envelope\" viewbox=\"0 0 512 512\" xmlns=\"http:\/\/www.w3.org\/2000\/svg\"><path d=\"M502.3 190.8c3.9-3.1 9.7-.2 9.7 4.7V400c0 26.5-21.5 48-48 48H48c-26.5 0-48-21.5-48-48V195.6c0-5 5.7-7.8 9.7-4.7 22.4 17.4 52.1 39.5 154.1 113.6 21.1 15.4 56.7 47.8 92.2 47.6 35.7.3 72-32.8 92.3-47.6 102-74.1 131.6-96.3 154-113.7zM256 320c23.2.4 56.6-29.2 73.4-41.4 132.7-96.3 142.8-104.7 173.4-128.7 5.8-4.5 9.2-11.5 9.2-18.9v-19c0-26.5-21.5-48-48-48H48C21.5 64 0 85.5 0 112v19c0 7.4 3.4 14.3 9.2 18.9 30.6 23.9 40.7 32.4 173.4 128.7 16.8 12.2 50.2 41.8 73.4 41.4z\"><\/path><\/svg>\t\t\t\t\t\t\t<\/span>\n\t\t\t\t\t\t\t\t\t\t\t\t\t\t\t\t\t\t\t\t<\/div>\n\t\t\t\t\t<\/div>\n\t\t\t\t\t\t\t\t\t<div class=\"elementor-grid-item\" role=\"listitem\">\n\t\t\t\t\t\t<div class=\"elementor-share-btn elementor-share-btn_print\" role=\"button\" tabindex=\"0\" aria-label=\"Compartir en print\">\n\t\t\t\t\t\t\t\t\t\t\t\t\t\t\t<span class=\"elementor-share-btn__icon\">\n\t\t\t\t\t\t\t\t<svg aria-hidden=\"true\" class=\"e-font-icon-svg e-fas-print\" viewbox=\"0 0 512 512\" xmlns=\"http:\/\/www.w3.org\/2000\/svg\"><path d=\"M448 192V77.25c0-8.49-3.37-16.62-9.37-22.63L393.37 9.37c-6-6-14.14-9.37-22.63-9.37H96C78.33 0 64 14.33 64 32v160c-35.35 0-64 28.65-64 64v112c0 8.84 7.16 16 16 16h48v96c0 17.67 14.33 32 32 32h320c17.67 0 32-14.33 32-32v-96h48c8.84 0 16-7.16 16-16V256c0-35.35-28.65-64-64-64zm-64 256H128v-96h256v96zm0-224H128V64h192v48c0 8.84 7.16 16 16 16h48v96zm48 72c-13.25 0-24-10.75-24-24 0-13.26 10.75-24 24-24s24 10.74 24 24c0 13.25-10.75 24-24 24z\"><\/path><\/svg>\t\t\t\t\t\t\t<\/span>\n\t\t\t\t\t\t\t\t\t\t\t\t\t\t\t\t\t\t\t\t<\/div>\n\t\t\t\t\t<\/div>\n\t\t\t\t\t\t<\/div>\n\t\t\t\t\t\t<\/div>\n\t\t\t\t<\/div>\n\t\t\t\t\t<\/div>\n\t\t\t\t<\/div>\n\t\t<div class=\"elementor-element elementor-element-920a5d7 e-flex e-con-boxed e-con e-parent\" data-id=\"920a5d7\" data-element_type=\"container\" data-e-type=\"container\">\n\t\t\t\t\t<div class=\"e-con-inner\">\n\t\t\t\t<div class=\"elementor-element elementor-element-487fa2c elementor-widget-divider--separator-type-pattern elementor-widget-divider--view-line elementor-widget elementor-widget-divider\" data-id=\"487fa2c\" data-element_type=\"widget\" data-e-type=\"widget\" data-widget_type=\"divider.default\">\n\t\t\t\t<div class=\"elementor-widget-container\">\n\t\t\t\t\t\t\t<div class=\"elementor-divider\" style=\"--divider-pattern-url: url(&quot;data:image\/svg+xml,%3Csvg xmlns=&#039;http:\/\/www.w3.org\/2000\/svg&#039; preserveAspectRatio=&#039;none&#039; overflow=&#039;visible&#039; height=&#039;100%&#039; viewBox=&#039;0 0 24 24&#039; fill=&#039;none&#039; stroke=&#039;black&#039; stroke-width=&#039;1.5&#039; stroke-linecap=&#039;square&#039; stroke-miterlimit=&#039;10&#039;%3E%3Cpath d=&#039;M0,6c6,0,0.9,11.1,6.9,11.1S18,6,24,6&#039;\/%3E%3C\/svg%3E&quot;);\">\n\t\t\t<span class=\"elementor-divider-separator\">\n\t\t\t\t\t\t<\/span>\n\t\t<\/div>\n\t\t\t\t\t\t<\/div>\n\t\t\t\t<\/div>\n\t\t\t\t<div class=\"elementor-element elementor-element-6a9b094 elementor-widget elementor-widget-heading\" data-id=\"6a9b094\" data-element_type=\"widget\" data-e-type=\"widget\" data-widget_type=\"heading.default\">\n\t\t\t\t<div class=\"elementor-widget-container\">\n\t\t\t\t\t<h4 class=\"elementor-heading-title elementor-size-default\">H\u00e1blenos de su evento c.rehagel@die-inselzeitung.com -\nCharlotta Rehagel<\/h4>\t\t\t\t<\/div>\n\t\t\t\t<\/div>\n\t\t\t\t<div class=\"elementor-element elementor-element-c168ecc elementor-widget-divider--separator-type-pattern elementor-widget-divider--view-line elementor-widget elementor-widget-divider\" data-id=\"c168ecc\" data-element_type=\"widget\" data-e-type=\"widget\" data-widget_type=\"divider.default\">\n\t\t\t\t<div class=\"elementor-widget-container\">\n\t\t\t\t\t\t\t<div class=\"elementor-divider\" style=\"--divider-pattern-url: url(&quot;data:image\/svg+xml,%3Csvg xmlns=&#039;http:\/\/www.w3.org\/2000\/svg&#039; preserveAspectRatio=&#039;none&#039; overflow=&#039;visible&#039; height=&#039;100%&#039; viewBox=&#039;0 0 24 24&#039; fill=&#039;none&#039; stroke=&#039;black&#039; stroke-width=&#039;1.5&#039; stroke-linecap=&#039;square&#039; stroke-miterlimit=&#039;10&#039;%3E%3Cpath d=&#039;M0,6c6,0,0.9,11.1,6.9,11.1S18,6,24,6&#039;\/%3E%3C\/svg%3E&quot;);\">\n\t\t\t<span class=\"elementor-divider-separator\">\n\t\t\t\t\t\t<\/span>\n\t\t<\/div>\n\t\t\t\t\t\t<\/div>\n\t\t\t\t<\/div>\n\t\t\t\t<div class=\"elementor-element elementor-element-38736c6 elementor-grid-3 elementor-grid-tablet-2 elementor-grid-mobile-1 elementor-posts--thumbnail-top elementor-posts--show-avatar elementor-card-shadow-yes elementor-posts__hover-gradient elementor-widget elementor-widget-posts\" data-id=\"38736c6\" data-element_type=\"widget\" data-e-type=\"widget\" data-settings=\"{&quot;cards_columns&quot;:&quot;3&quot;,&quot;cards_columns_tablet&quot;:&quot;2&quot;,&quot;cards_columns_mobile&quot;:&quot;1&quot;,&quot;cards_row_gap&quot;:{&quot;unit&quot;:&quot;px&quot;,&quot;size&quot;:35,&quot;sizes&quot;:[]},&quot;cards_row_gap_tablet&quot;:{&quot;unit&quot;:&quot;px&quot;,&quot;size&quot;:&quot;&quot;,&quot;sizes&quot;:[]},&quot;cards_row_gap_mobile&quot;:{&quot;unit&quot;:&quot;px&quot;,&quot;size&quot;:&quot;&quot;,&quot;sizes&quot;:[]}}\" data-widget_type=\"posts.cards\">\n\t\t\t\t<div class=\"elementor-widget-container\">\n\t\t\t\t\t\t\t<div class=\"elementor-posts-container elementor-posts elementor-posts--skin-cards elementor-grid\" role=\"list\">\n\t\t\t\t<article class=\"elementor-post elementor-grid-item post-11484 post type-post status-publish format-standard has-post-thumbnail hentry category-veranstaltungen-events tag-costa-blanca-2 tag-events-costa-blanca tag-fiestas-costa-blanca tag-konzerte-costa-blanca tag-kultur-costa-blanca tag-veranstaltungen-costa-blanca-mai tag-veranstaltungskalender-costa-blanca\" role=\"listitem\">\n\t\t\t<div class=\"elementor-post__card\">\n\t\t\t\t<a class=\"elementor-post__thumbnail__link\" href=\"https:\/\/costablanca-magazin.com\/es\/freizeit\/veranstaltungen-events\/veranstaltungen-un-events-an-der-costa-blanca-mai-2026\/\" tabindex=\"-1\" ><div class=\"elementor-post__thumbnail\"><img fetchpriority=\"high\" decoding=\"async\" width=\"2048\" height=\"1152\" src=\"https:\/\/costablanca-magazin.com\/wp-content\/uploads\/2026\/05\/AdobeStock_296419932-2048x1152.jpeg\" class=\"attachment-2048x2048 size-2048x2048 wp-image-11485\" alt=\"Eventos Costa Blanca - Mayo 2026\" srcset=\"https:\/\/costablanca-magazin.com\/wp-content\/uploads\/2026\/05\/AdobeStock_296419932-2048x1152.jpeg 2048w, https:\/\/costablanca-magazin.com\/wp-content\/uploads\/2026\/05\/AdobeStock_296419932-300x169.jpeg 300w, https:\/\/costablanca-magazin.com\/wp-content\/uploads\/2026\/05\/AdobeStock_296419932-1024x576.jpeg 1024w, https:\/\/costablanca-magazin.com\/wp-content\/uploads\/2026\/05\/AdobeStock_296419932-768x432.jpeg 768w, https:\/\/costablanca-magazin.com\/wp-content\/uploads\/2026\/05\/AdobeStock_296419932-1536x864.jpeg 1536w, https:\/\/costablanca-magazin.com\/wp-content\/uploads\/2026\/05\/AdobeStock_296419932-18x10.jpeg 18w\" sizes=\"(max-width: 2048px) 100vw, 2048px\" \/><\/div><\/a>\n\t\t\t\t<div class=\"elementor-post__badge\">Eventos<\/div>\n\t\t\t\t<div class=\"elementor-post__avatar\">\n\t\t\t\t\t<\/div>\n\t\t\t\t<div class=\"elementor-post__text\">\n\t\t\t\t<h3 class=\"elementor-post__title\">\n\t\t\t<a href=\"https:\/\/costablanca-magazin.com\/es\/freizeit\/veranstaltungen-events\/veranstaltungen-un-events-an-der-costa-blanca-mai-2026\/\" >\n\t\t\t\tEventos en la Costa Blanca - Mayo 2026\t\t\t<\/a>\n\t\t<\/h3>\n\t\t\t\t<\/div>\n\t\t\t\t\t<\/div>\n\t\t<\/article>\n\t\t\t\t<article class=\"elementor-post elementor-grid-item post-11423 post type-post status-publish format-standard has-post-thumbnail hentry category-veranstaltungen-events tag-fiestas-costa-blanca-2026 tag-moros-y-cristianos-benidorm tag-moros-y-cristianos-costa-blanca-2026 tag-moros-y-cristianos-denia tag-moros-y-cristianos-termine-2026 tag-moros-y-cristianos-villajoyosa\" role=\"listitem\">\n\t\t\t<div class=\"elementor-post__card\">\n\t\t\t\t<a class=\"elementor-post__thumbnail__link\" href=\"https:\/\/costablanca-magazin.com\/es\/freizeit\/veranstaltungen-events\/moros-y-cristianos-costa-blanca-2026-termine-und-feste\/\" tabindex=\"-1\" ><div class=\"elementor-post__thumbnail\"><img decoding=\"async\" width=\"1200\" height=\"539\" src=\"https:\/\/costablanca-magazin.com\/wp-content\/uploads\/2025\/09\/calpe-moros.jpg\" class=\"attachment-2048x2048 size-2048x2048 wp-image-8738\" alt=\"Calpe moros y cristianos\" srcset=\"https:\/\/costablanca-magazin.com\/wp-content\/uploads\/2025\/09\/calpe-moros.jpg 1200w, https:\/\/costablanca-magazin.com\/wp-content\/uploads\/2025\/09\/calpe-moros-300x135.jpg 300w, https:\/\/costablanca-magazin.com\/wp-content\/uploads\/2025\/09\/calpe-moros-1024x460.jpg 1024w, https:\/\/costablanca-magazin.com\/wp-content\/uploads\/2025\/09\/calpe-moros-768x345.jpg 768w\" sizes=\"(max-width: 1200px) 100vw, 1200px\" \/><\/div><\/a>\n\t\t\t\t<div class=\"elementor-post__badge\">Eventos<\/div>\n\t\t\t\t<div class=\"elementor-post__avatar\">\n\t\t\t\t\t<\/div>\n\t\t\t\t<div class=\"elementor-post__text\">\n\t\t\t\t<h3 class=\"elementor-post__title\">\n\t\t\t<a href=\"https:\/\/costablanca-magazin.com\/es\/freizeit\/veranstaltungen-events\/moros-y-cristianos-costa-blanca-2026-termine-und-feste\/\" >\n\t\t\t\tMoros y Cristianos Costa Blanca 2026 - Fechas y festividades\t\t\t<\/a>\n\t\t<\/h3>\n\t\t\t\t<\/div>\n\t\t\t\t\t<\/div>\n\t\t<\/article>\n\t\t\t\t<article class=\"elementor-post elementor-grid-item post-11337 post type-post status-publish format-standard has-post-thumbnail hentry category-veranstaltungen-events tag-altea-veranstaltungen tag-april-costa-blanca tag-denia-veranstaltungen tag-events-costa-blanca-2026 tag-ostern-costa-blanca tag-semana-santa-costa-blanca tag-veranstaltungen-costa-blanca\" role=\"listitem\">\n\t\t\t<div class=\"elementor-post__card\">\n\t\t\t\t<a class=\"elementor-post__thumbnail__link\" href=\"https:\/\/costablanca-magazin.com\/es\/freizeit\/veranstaltungen-events\/april-an-der-costa-blanca-events-und-ostern-2026\/\" tabindex=\"-1\" ><div class=\"elementor-post__thumbnail\"><img decoding=\"async\" width=\"2048\" height=\"1368\" src=\"https:\/\/costablanca-magazin.com\/wp-content\/uploads\/2026\/04\/crowd-in-costumes-in-semana-santa-festival-capture-2026-03-18-07-56-36-utc-2048x1368.jpeg\" class=\"attachment-2048x2048 size-2048x2048 wp-image-11338\" alt=\"Abril en la Costa Blanca: eventos, Semana Santa y eventos 2026\" srcset=\"https:\/\/costablanca-magazin.com\/wp-content\/uploads\/2026\/04\/crowd-in-costumes-in-semana-santa-festival-capture-2026-03-18-07-56-36-utc-2048x1368.jpeg 2048w, https:\/\/costablanca-magazin.com\/wp-content\/uploads\/2026\/04\/crowd-in-costumes-in-semana-santa-festival-capture-2026-03-18-07-56-36-utc-300x200.jpeg 300w, https:\/\/costablanca-magazin.com\/wp-content\/uploads\/2026\/04\/crowd-in-costumes-in-semana-santa-festival-capture-2026-03-18-07-56-36-utc-1024x684.jpeg 1024w, https:\/\/costablanca-magazin.com\/wp-content\/uploads\/2026\/04\/crowd-in-costumes-in-semana-santa-festival-capture-2026-03-18-07-56-36-utc-768x513.jpeg 768w, https:\/\/costablanca-magazin.com\/wp-content\/uploads\/2026\/04\/crowd-in-costumes-in-semana-santa-festival-capture-2026-03-18-07-56-36-utc-1536x1026.jpeg 1536w, https:\/\/costablanca-magazin.com\/wp-content\/uploads\/2026\/04\/crowd-in-costumes-in-semana-santa-festival-capture-2026-03-18-07-56-36-utc-18x12.jpeg 18w\" sizes=\"(max-width: 2048px) 100vw, 2048px\" \/><\/div><\/a>\n\t\t\t\t<div class=\"elementor-post__badge\">Eventos<\/div>\n\t\t\t\t<div class=\"elementor-post__avatar\">\n\t\t\t\t\t<\/div>\n\t\t\t\t<div class=\"elementor-post__text\">\n\t\t\t\t<h3 class=\"elementor-post__title\">\n\t\t\t<a href=\"https:\/\/costablanca-magazin.com\/es\/freizeit\/veranstaltungen-events\/april-an-der-costa-blanca-events-und-ostern-2026\/\" >\n\t\t\t\tAbril en la Costa Blanca - Eventos y Semana Santa 2026\t\t\t<\/a>\n\t\t<\/h3>\n\t\t\t\t<\/div>\n\t\t\t\t\t<\/div>\n\t\t<\/article>\n\t\t\t\t<\/div>\n\t\t\n\t\t\t\t\t\t<\/div>\n\t\t\t\t<\/div>\n\t\t\t\t\t<\/div>\n\t\t\t\t<\/div>\n\t\t\t\t<\/div>","protected":false},"excerpt":{"rendered":"<p>Veranstaltungen und Events Costa Blanca \u2013 Mai 2026 Veranstaltungen im Mai an der Costa Blanca: Kultur, Konzerte, Theater, Events, Fiestas<\/p>","protected":false},"author":3,"featured_media":11485,"comment_status":"closed","ping_status":"closed","sticky":false,"template":"elementor_header_footer","format":"standard","meta":{"om_disable_all_campaigns":false,"_monsterinsights_skip_tracking":false,"_monsterinsights_sitenote_active":false,"_monsterinsights_sitenote_note":"","_monsterinsights_sitenote_category":0,"footnotes":""},"categories":[23],"tags":[613,923,1733,1072,1734,1735,1736],"class_list":["post-11484","post","type-post","status-publish","format-standard","has-post-thumbnail","hentry","category-veranstaltungen-events","tag-costa-blanca-2","tag-events-costa-blanca","tag-fiestas-costa-blanca","tag-konzerte-costa-blanca","tag-kultur-costa-blanca","tag-veranstaltungen-costa-blanca-mai","tag-veranstaltungskalender-costa-blanca"],"aioseo_notices":[],"_links":{"self":[{"href":"https:\/\/costablanca-magazin.com\/es\/wp-json\/wp\/v2\/posts\/11484","targetHints":{"allow":["GET"]}}],"collection":[{"href":"https:\/\/costablanca-magazin.com\/es\/wp-json\/wp\/v2\/posts"}],"about":[{"href":"https:\/\/costablanca-magazin.com\/es\/wp-json\/wp\/v2\/types\/post"}],"author":[{"embeddable":true,"href":"https:\/\/costablanca-magazin.com\/es\/wp-json\/wp\/v2\/users\/3"}],"replies":[{"embeddable":true,"href":"https:\/\/costablanca-magazin.com\/es\/wp-json\/wp\/v2\/comments?post=11484"}],"version-history":[{"count":4,"href":"https:\/\/costablanca-magazin.com\/es\/wp-json\/wp\/v2\/posts\/11484\/revisions"}],"predecessor-version":[{"id":11526,"href":"https:\/\/costablanca-magazin.com\/es\/wp-json\/wp\/v2\/posts\/11484\/revisions\/11526"}],"wp:featuredmedia":[{"embeddable":true,"href":"https:\/\/costablanca-magazin.com\/es\/wp-json\/wp\/v2\/media\/11485"}],"wp:attachment":[{"href":"https:\/\/costablanca-magazin.com\/es\/wp-json\/wp\/v2\/media?parent=11484"}],"wp:term":[{"taxonomy":"category","embeddable":true,"href":"https:\/\/costablanca-magazin.com\/es\/wp-json\/wp\/v2\/categories?post=11484"},{"taxonomy":"post_tag","embeddable":true,"href":"https:\/\/costablanca-magazin.com\/es\/wp-json\/wp\/v2\/tags?post=11484"}],"curies":[{"name":"wp","href":"https:\/\/api.w.org\/{rel}","templated":true}]}}