{"id":11423,"date":"2026-04-27T09:00:00","date_gmt":"2026-04-27T07:00:00","guid":{"rendered":"https:\/\/costablanca-magazin.com\/?p=11423"},"modified":"2026-04-27T15:45:55","modified_gmt":"2026-04-27T13:45:55","slug":"moros-y-cristianos-costa-blanca-2026-fechas-y-festivales","status":"publish","type":"post","link":"https:\/\/costablanca-magazin.com\/es\/freizeit\/veranstaltungen-events\/moros-y-cristianos-costa-blanca-2026-termine-und-feste\/","title":{"rendered":"Moros y Cristianos Costa Blanca 2026 - Fechas y festividades"},"content":{"rendered":"<div data-elementor-type=\"wp-post\" data-elementor-id=\"11423\" class=\"elementor elementor-11423\" data-elementor-post-type=\"post\">\n\t\t\t\t<div class=\"elementor-element elementor-element-fe43bb6 e-flex e-con-boxed e-con e-parent\" data-id=\"fe43bb6\" data-element_type=\"container\" data-e-type=\"container\">\n\t\t\t\t\t<div class=\"e-con-inner\">\n\t\t\t\t<div class=\"elementor-element elementor-element-f0dd263 elementor-widget elementor-widget-heading\" data-id=\"f0dd263\" data-element_type=\"widget\" data-e-type=\"widget\" data-widget_type=\"heading.default\">\n\t\t\t\t<div class=\"elementor-widget-container\">\n\t\t\t\t\t<h2 class=\"elementor-heading-title elementor-size-default\">Moros y Cristianos Costa Blanca 2026 - Fechas y festividades<\/h2>\t\t\t\t<\/div>\n\t\t\t\t<\/div>\n\t\t\t\t<div class=\"elementor-element elementor-element-9c3e2b5 elementor-widget elementor-widget-image\" data-id=\"9c3e2b5\" data-element_type=\"widget\" data-e-type=\"widget\" data-widget_type=\"image.default\">\n\t\t\t\t<div class=\"elementor-widget-container\">\n\t\t\t\t\t\t\t\t\t\t\t\t\t\t\t<img decoding=\"async\" src=\"https:\/\/costablanca-magazin.com\/wp-content\/uploads\/elementor\/thumbs\/Moros-y-Cristianos-Benissa-rjc5j8bkde24hxw9prgn5ga5or059tii675usglo6k.jpg\" title=\"Moros y Cristianos Benissa\" alt=\"Moros y Cristianos Benissa 1\" loading=\"lazy\" \/>\t\t\t\t\t\t\t\t\t\t\t\t\t\t\t<\/div>\n\t\t\t\t<\/div>\n\t\t\t\t<div class=\"elementor-element elementor-element-5f46ce2 elementor-widget elementor-widget-heading\" data-id=\"5f46ce2\" data-element_type=\"widget\" data-e-type=\"widget\" data-widget_type=\"heading.default\">\n\t\t\t\t<div class=\"elementor-widget-container\">\n\t\t\t\t\t<h2 class=\"elementor-heading-title elementor-size-default\">Por qu\u00e9 estas fiestas son algo m\u00e1s que coloridos desfiles<\/h2>\t\t\t\t<\/div>\n\t\t\t\t<\/div>\n\t\t\t\t\t<\/div>\n\t\t\t\t<\/div>\n\t\t<div class=\"elementor-element elementor-element-2cfb824 e-flex e-con-boxed e-con e-parent\" data-id=\"2cfb824\" data-element_type=\"container\" data-e-type=\"container\">\n\t\t\t\t\t<div class=\"e-con-inner\">\n\t\t<div class=\"elementor-element elementor-element-1eb6761 e-con-full e-flex e-con e-child\" data-id=\"1eb6761\" data-element_type=\"container\" data-e-type=\"container\">\n\t\t\t\t<div class=\"elementor-element elementor-element-722820c elementor-widget elementor-widget-text-editor\" data-id=\"722820c\" data-element_type=\"widget\" data-e-type=\"widget\" data-widget_type=\"text-editor.default\">\n\t\t\t\t<div class=\"elementor-widget-container\">\n\t\t\t\t\t\t\t\t\t<p>Primero los tambores. Luego los metales. Luego la calle se llena de telas pesadas, cascos brillantes, coronas de plumas, estandartes, caballos y grupos que no \u201epasean\u201c sin m\u00e1s, sino que llevan meses preparando su actuaci\u00f3n. Moros y Cristianos es una de esas fiestas de la Costa Blanca en las que una ciudad o un pueblo abandona su ritmo normal por unos d\u00edas.<\/p><p>En Moraira, Benissa, X\u00e0bia, Villajoyosa, D\u00e9nia, Guardamar, Orihuela, Almorad\u00ed, Altea, Benidorm y Calp, las fiestas sacan cada a\u00f1o a miles de personas a la calle. No en todas partes al mismo tiempo, no en todas partes del mismo tama\u00f1o, pero siempre con m\u00fasica, historia, orgullo local y un esfuerzo organizativo que va mucho m\u00e1s all\u00e1 de un festival de verano normal.<\/p><p>Para los residentes y los veraneantes de larga duraci\u00f3n, merece la pena echar un vistazo anticipado al calendario. Algunas fechas figuran entre los acontecimientos m\u00e1s concurridos del a\u00f1o. Durante los grandes desfiles, las carreteras se cierran, las plazas de aparcamiento escasean y los mejores sitios se ocupan r\u00e1pidamente.<\/p><h2><strong>De qu\u00e9 trata Moros y Cristianos<\/strong><\/h2><p>Las fiestas recuerdan los enfrentamientos medievales entre gobernantes musulmanes y cristianos en la Pen\u00ednsula Ib\u00e9rica. Este material hist\u00f3rico ha dado lugar a la cultura festiva propia de la Costa Blanca: ruidosa, organizada con precisi\u00f3n, a veces espectacular y, en muchos lugares, profundamente conectada con la identidad local.<\/p><p>Los papeles principales los desempe\u00f1an las filaes o comparsas, los grupos festivos de Moros y Cristianos. Tienen sus propios colores, trajes, piezas musicales, formaciones de marcha y papeles fijos en el proceso. Muchas familias participan desde hace generaciones. Los ni\u00f1os crecen en ella, los j\u00f3venes asumen sus primeros papeles, los adultos aparecen como capitanes, abanderados o embajadores.<\/p><p>El gran momento suelen ser las entradas, la entrada ceremonial de los grupos. Tambi\u00e9n hay embajadas, en las que se escenifican la conquista, la negociaci\u00f3n y la reconquista. Algunos pueblos tienen sus propios momentos estelares: En Villajoyosa es el famoso Desembarco en la playa, en Moraira la Conquista Mora y Reconquista Cristiana, en X\u00e0bia los desfiles en el barrio portuario de Duanes de la Mar.<\/p><h2><strong>Las fechas m\u00e1s importantes de Moros-y-Cristianos 2026<\/strong><\/h2><h3><strong>Moraira - comienzo temprano con desfile de gala<\/strong><\/h3><ol start=\"5\"><li>hasta el 14 de junio de 2026<\/li><\/ol><p>Moraira abre la temporada de Moros-y-Cristianos para muchos en la Marina Alta. Los platos fuertes del programa son la Conquista Mora el 12 de junio, la Reconquista Cristiana el 13 de junio y el Desfile de Gala el 14 de junio.<\/p><p>La ciudad es manejable, las distancias son cortas y el tel\u00f3n de fondo junto al mar da al festival un marco \u00fanico. Para los lectores de Teulada, Benissa, Benitatxell, J\u00e1vea y Calp, Moraira es uno de los mejores puntos de partida.<\/p><h3><strong>Benissa - Moros y Cristianos en el centro hist\u00f3rico de la ciudad<\/strong><\/h3><ol start=\"28\"><li>de junio hasta el 2 de julio de 2026<\/li><\/ol><p>Benissa celebra Ap\u00f3stol en honor de San Pedro. La fecha se sit\u00faa tradicionalmente en torno al 29 de junio. En 2026 se celebrar\u00e1 del 28 de junio al 2 de julio.<\/p><p>El festival tiene un ambiente diferente al de las grandes ciudades costeras. Las calles del centro son m\u00e1s estrechas, la m\u00fasica est\u00e1 m\u00e1s cerca y los desfiles no discurren por un paseo mar\u00edtimo cualquiera, sino por el centro de la ciudad. Esto es precisamente lo que hace que Benissa sea tan interesante para la Marina Alta.<\/p><h3><strong>X\u00e0bia \/ J\u00e1vea - Moros y Cristianos en el barrio del puerto<\/strong><\/h3><p>Julio de 2026, grandes desfiles los d\u00edas 18 y 19 de julio<\/p><p>En X\u00e0bia, la fiesta pertenece a Duanes de la Mar. El puerto, el mar, las callejuelas y el ambiente nocturno dan a los desfiles un tono especial. Los grandes desfiles est\u00e1n programados para los d\u00edas 18 y 19 de julio.<\/p><p>X\u00e0bia no es un espect\u00e1culo secundario. Los Moros y Cristianos son un fijo del verano, sobre todo en la Costa Blanca Norte.<\/p>\t\t\t\t\t\t\t\t<\/div>\n\t\t\t\t<\/div>\n\t\t\t\t<\/div>\n\t\t<div class=\"elementor-element elementor-element-8decb01 e-con-full e-flex e-con e-child\" data-id=\"8decb01\" data-element_type=\"container\" data-e-type=\"container\">\n\t\t\t\t<div class=\"elementor-element elementor-element-a488339 elementor-widget elementor-widget-gallery\" data-id=\"a488339\" data-element_type=\"widget\" data-e-type=\"widget\" data-settings=\"{&quot;gallery_layout&quot;:&quot;masonry&quot;,&quot;columns&quot;:1,&quot;lazyload&quot;:&quot;yes&quot;,&quot;columns_tablet&quot;:2,&quot;columns_mobile&quot;:1,&quot;gap&quot;:{&quot;unit&quot;:&quot;px&quot;,&quot;size&quot;:10,&quot;sizes&quot;:[]},&quot;gap_tablet&quot;:{&quot;unit&quot;:&quot;px&quot;,&quot;size&quot;:10,&quot;sizes&quot;:[]},&quot;gap_mobile&quot;:{&quot;unit&quot;:&quot;px&quot;,&quot;size&quot;:10,&quot;sizes&quot;:[]},&quot;link_to&quot;:&quot;file&quot;,&quot;overlay_background&quot;:&quot;yes&quot;,&quot;content_hover_animation&quot;:&quot;fade-in&quot;}\" data-widget_type=\"gallery.default\">\n\t\t\t\t<div class=\"elementor-widget-container\">\n\t\t\t\t\t\t\t<div class=\"elementor-gallery__container\">\n\t\t\t\t\t\t\t<a class=\"e-gallery-item elementor-gallery-item elementor-animated-content\" href=\"https:\/\/costablanca-magazin.com\/wp-content\/uploads\/2026\/04\/Moros-i-Cristianos-Benidorm-Fiesta-1.jpg\" data-elementor-open-lightbox=\"yes\" data-elementor-lightbox-slideshow=\"a488339\" data-elementor-lightbox-title=\"Moros i Cristianos Benidorm Fiesta (1)\" data-elementor-lightbox-description=\"Moros i Cristianos Benidorm Fiesta (1)\" data-e-action-hash=\"#elementor-action%3Aaction%3Dlightbox%26settings%3DeyJpZCI6MTE0MjUsInVybCI6Imh0dHBzOlwvXC9jb3N0YWJsYW5jYS1tYWdhemluLmNvbVwvd3AtY29udGVudFwvdXBsb2Fkc1wvMjAyNlwvMDRcL01vcm9zLWktQ3Jpc3RpYW5vcy1CZW5pZG9ybS1GaWVzdGEtMS5qcGciLCJzbGlkZXNob3ciOiJhNDg4MzM5In0%3D\">\n\t\t\t\t\t<div class=\"e-gallery-image elementor-gallery-item__image\" data-thumbnail=\"https:\/\/costablanca-magazin.com\/wp-content\/uploads\/2026\/04\/Moros-i-Cristianos-Benidorm-Fiesta-1.jpg\" data-width=\"2560\" data-height=\"2047\" aria-label=\"Moros i Cristianos Benidorm Fiesta (1)\" role=\"img\" ><\/div>\n\t\t\t\t\t\t\t\t\t\t\t<div class=\"elementor-gallery-item__overlay\"><\/div>\n\t\t\t\t\t\t\t\t\t\t\t\t\t\t<\/a>\n\t\t\t\t\t\t\t<a class=\"e-gallery-item elementor-gallery-item elementor-animated-content\" href=\"https:\/\/costablanca-magazin.com\/wp-content\/uploads\/2026\/04\/Moros-i-Cristianos-Benidorm-Fiesta-4.jpg\" data-elementor-open-lightbox=\"yes\" data-elementor-lightbox-slideshow=\"a488339\" data-elementor-lightbox-title=\"Moros i Cristianos Benidorm Fiesta (4)\" data-elementor-lightbox-description=\"Moros i Cristianos Benidorm Fiesta (4)\" data-e-action-hash=\"#elementor-action%3Aaction%3Dlightbox%26settings%3DeyJpZCI6MTE0MjksInVybCI6Imh0dHBzOlwvXC9jb3N0YWJsYW5jYS1tYWdhemluLmNvbVwvd3AtY29udGVudFwvdXBsb2Fkc1wvMjAyNlwvMDRcL01vcm9zLWktQ3Jpc3RpYW5vcy1CZW5pZG9ybS1GaWVzdGEtNC5qcGciLCJzbGlkZXNob3ciOiJhNDg4MzM5In0%3D\">\n\t\t\t\t\t<div class=\"e-gallery-image elementor-gallery-item__image\" data-thumbnail=\"https:\/\/costablanca-magazin.com\/wp-content\/uploads\/2026\/04\/Moros-i-Cristianos-Benidorm-Fiesta-4.jpg\" data-width=\"2259\" data-height=\"2560\" aria-label=\"Moros i Cristianos Benidorm Fiesta (4)\" role=\"img\" ><\/div>\n\t\t\t\t\t\t\t\t\t\t\t<div class=\"elementor-gallery-item__overlay\"><\/div>\n\t\t\t\t\t\t\t\t\t\t\t\t\t\t<\/a>\n\t\t\t\t\t\t\t<a class=\"e-gallery-item elementor-gallery-item elementor-animated-content\" href=\"https:\/\/costablanca-magazin.com\/wp-content\/uploads\/2026\/04\/Moros-i-Cristianos-Benidorm-Fiesta-5.jpg\" data-elementor-open-lightbox=\"yes\" data-elementor-lightbox-slideshow=\"a488339\" data-elementor-lightbox-title=\"Moros i Cristianos Benidorm Fiesta (5)\" data-elementor-lightbox-description=\"Moros i Cristianos Benidorm Fiesta (5)\" data-e-action-hash=\"#elementor-action%3Aaction%3Dlightbox%26settings%3DeyJpZCI6MTE0MzAsInVybCI6Imh0dHBzOlwvXC9jb3N0YWJsYW5jYS1tYWdhemluLmNvbVwvd3AtY29udGVudFwvdXBsb2Fkc1wvMjAyNlwvMDRcL01vcm9zLWktQ3Jpc3RpYW5vcy1CZW5pZG9ybS1GaWVzdGEtNS5qcGciLCJzbGlkZXNob3ciOiJhNDg4MzM5In0%3D\">\n\t\t\t\t\t<div class=\"e-gallery-image elementor-gallery-item__image\" data-thumbnail=\"https:\/\/costablanca-magazin.com\/wp-content\/uploads\/2026\/04\/Moros-i-Cristianos-Benidorm-Fiesta-5.jpg\" data-width=\"2560\" data-height=\"1875\" aria-label=\"Moros i Cristianos Benidorm Fiesta (5)\" role=\"img\" ><\/div>\n\t\t\t\t\t\t\t\t\t\t\t<div class=\"elementor-gallery-item__overlay\"><\/div>\n\t\t\t\t\t\t\t\t\t\t\t\t\t\t<\/a>\n\t\t\t\t\t\t\t<a class=\"e-gallery-item elementor-gallery-item elementor-animated-content\" href=\"https:\/\/costablanca-magazin.com\/wp-content\/uploads\/2024\/07\/Denia-Morros-y-cristianos-4-rotated.jpg\" data-elementor-open-lightbox=\"yes\" data-elementor-lightbox-slideshow=\"a488339\" data-elementor-lightbox-title=\"Denia-Morros-y-cristianos (4)\" data-elementor-lightbox-description=\"Fiesta Moros y cristianos Denia \" data-e-action-hash=\"#elementor-action%3Aaction%3Dlightbox%26settings%3DeyJpZCI6MTU1MCwidXJsIjoiaHR0cHM6XC9cL2Nvc3RhYmxhbmNhLW1hZ2F6aW4uY29tXC93cC1jb250ZW50XC91cGxvYWRzXC8yMDI0XC8wN1wvRGVuaWEtTW9ycm9zLXktY3Jpc3RpYW5vcy00LXJvdGF0ZWQuanBnIiwic2xpZGVzaG93IjoiYTQ4ODMzOSJ9\">\n\t\t\t\t\t<div class=\"e-gallery-image elementor-gallery-item__image\" data-thumbnail=\"https:\/\/costablanca-magazin.com\/wp-content\/uploads\/2024\/07\/Denia-Morros-y-cristianos-4-rotated.jpg\" data-width=\"1920\" data-height=\"2560\" aria-label=\"Fiesta de Moros y Cristianos de Denia 1\" role=\"img\" ><\/div>\n\t\t\t\t\t\t\t\t\t\t\t<div class=\"elementor-gallery-item__overlay\"><\/div>\n\t\t\t\t\t\t\t\t\t\t\t\t\t\t<\/a>\n\t\t\t\t\t<\/div>\n\t\t\t\t\t<\/div>\n\t\t\t\t<\/div>\n\t\t\t\t<\/div>\n\t\t<div class=\"elementor-element elementor-element-5ad7dcb e-con-full e-flex e-con e-child\" data-id=\"5ad7dcb\" data-element_type=\"container\" data-e-type=\"container\">\n\t\t\t\t<div class=\"elementor-element elementor-element-30f3ed5 elementor-widget elementor-widget-gallery\" data-id=\"30f3ed5\" data-element_type=\"widget\" data-e-type=\"widget\" data-settings=\"{&quot;gallery_layout&quot;:&quot;masonry&quot;,&quot;columns&quot;:1,&quot;lazyload&quot;:&quot;yes&quot;,&quot;columns_tablet&quot;:2,&quot;columns_mobile&quot;:1,&quot;gap&quot;:{&quot;unit&quot;:&quot;px&quot;,&quot;size&quot;:10,&quot;sizes&quot;:[]},&quot;gap_tablet&quot;:{&quot;unit&quot;:&quot;px&quot;,&quot;size&quot;:10,&quot;sizes&quot;:[]},&quot;gap_mobile&quot;:{&quot;unit&quot;:&quot;px&quot;,&quot;size&quot;:10,&quot;sizes&quot;:[]},&quot;link_to&quot;:&quot;file&quot;,&quot;overlay_background&quot;:&quot;yes&quot;,&quot;content_hover_animation&quot;:&quot;fade-in&quot;}\" data-widget_type=\"gallery.default\">\n\t\t\t\t<div class=\"elementor-widget-container\">\n\t\t\t\t\t\t\t<div class=\"elementor-gallery__container\">\n\t\t\t\t\t\t\t<a class=\"e-gallery-item elementor-gallery-item elementor-animated-content\" href=\"https:\/\/costablanca-magazin.com\/wp-content\/uploads\/2025\/06\/moros-benissa-3.jpg\" data-elementor-open-lightbox=\"yes\" data-elementor-lightbox-slideshow=\"30f3ed5\" data-elementor-lightbox-title=\"Moros y Cristianos Benissa\" data-elementor-lightbox-description=\"Moros y Cristianos Benissa\" data-e-action-hash=\"#elementor-action%3Aaction%3Dlightbox%26settings%3DeyJpZCI6NzYxNywidXJsIjoiaHR0cHM6XC9cL2Nvc3RhYmxhbmNhLW1hZ2F6aW4uY29tXC93cC1jb250ZW50XC91cGxvYWRzXC8yMDI1XC8wNlwvbW9yb3MtYmVuaXNzYS0zLmpwZyIsInNsaWRlc2hvdyI6IjMwZjNlZDUifQ%3D%3D\">\n\t\t\t\t\t<div class=\"e-gallery-image elementor-gallery-item__image\" data-thumbnail=\"https:\/\/costablanca-magazin.com\/wp-content\/uploads\/2025\/06\/moros-benissa-3.jpg\" data-width=\"1200\" data-height=\"500\" aria-label=\"Moros y Cristianos Benissa\" role=\"img\" ><\/div>\n\t\t\t\t\t\t\t\t\t\t\t<div class=\"elementor-gallery-item__overlay\"><\/div>\n\t\t\t\t\t\t\t\t\t\t\t\t\t\t<\/a>\n\t\t\t\t\t\t\t<a class=\"e-gallery-item elementor-gallery-item elementor-animated-content\" href=\"https:\/\/costablanca-magazin.com\/wp-content\/uploads\/2025\/04\/Moros-i-christianos-Alcoy-1.jpg\" data-elementor-open-lightbox=\"yes\" data-elementor-lightbox-slideshow=\"30f3ed5\" data-elementor-lightbox-title=\"Moros i christianos Alcoy\" data-elementor-lightbox-description=\"Moros i christianos Alcoy\" data-e-action-hash=\"#elementor-action%3Aaction%3Dlightbox%26settings%3DeyJpZCI6NjU5NCwidXJsIjoiaHR0cHM6XC9cL2Nvc3RhYmxhbmNhLW1hZ2F6aW4uY29tXC93cC1jb250ZW50XC91cGxvYWRzXC8yMDI1XC8wNFwvTW9yb3MtaS1jaHJpc3RpYW5vcy1BbGNveS0xLmpwZyIsInNsaWRlc2hvdyI6IjMwZjNlZDUifQ%3D%3D\">\n\t\t\t\t\t<div class=\"e-gallery-image elementor-gallery-item__image\" data-thumbnail=\"https:\/\/costablanca-magazin.com\/wp-content\/uploads\/2025\/04\/Moros-i-christianos-Alcoy-1.jpg\" data-width=\"859\" data-height=\"1200\" aria-label=\"Moros y cristianos Alcoy\" role=\"img\" ><\/div>\n\t\t\t\t\t\t\t\t\t\t\t<div class=\"elementor-gallery-item__overlay\"><\/div>\n\t\t\t\t\t\t\t\t\t\t\t\t\t\t<\/a>\n\t\t\t\t\t\t\t<a class=\"e-gallery-item elementor-gallery-item elementor-animated-content\" href=\"https:\/\/costablanca-magazin.com\/wp-content\/uploads\/2024\/07\/shutterstock_1558707188-moros-y-cristianos-scaled.jpg\" data-elementor-open-lightbox=\"yes\" data-elementor-lightbox-slideshow=\"30f3ed5\" data-elementor-lightbox-title=\"Fiesta Moros y cristianos Denia 2024\" data-elementor-lightbox-description=\"Fiesta Moros y cristianos Denia 2024\" data-e-action-hash=\"#elementor-action%3Aaction%3Dlightbox%26settings%3DeyJpZCI6MTU0NywidXJsIjoiaHR0cHM6XC9cL2Nvc3RhYmxhbmNhLW1hZ2F6aW4uY29tXC93cC1jb250ZW50XC91cGxvYWRzXC8yMDI0XC8wN1wvc2h1dHRlcnN0b2NrXzE1NTg3MDcxODgtbW9yb3MteS1jcmlzdGlhbm9zLXNjYWxlZC5qcGciLCJzbGlkZXNob3ciOiIzMGYzZWQ1In0%3D\">\n\t\t\t\t\t<div class=\"e-gallery-image elementor-gallery-item__image\" data-thumbnail=\"https:\/\/costablanca-magazin.com\/wp-content\/uploads\/2024\/07\/shutterstock_1558707188-moros-y-cristianos-scaled.jpg\" data-width=\"1707\" data-height=\"2560\" aria-label=\"Fiesta de Moros y Cristianos de Denia 2024\" role=\"img\" ><\/div>\n\t\t\t\t\t\t\t\t\t\t\t<div class=\"elementor-gallery-item__overlay\"><\/div>\n\t\t\t\t\t\t\t\t\t\t\t\t\t\t<\/a>\n\t\t\t\t\t\t\t<a class=\"e-gallery-item elementor-gallery-item elementor-animated-content\" href=\"https:\/\/costablanca-magazin.com\/wp-content\/uploads\/2025\/09\/calpe-moros.jpg\" data-elementor-open-lightbox=\"yes\" data-elementor-lightbox-slideshow=\"30f3ed5\" data-elementor-lightbox-title=\"calpe moros y cristianos\" data-elementor-lightbox-description=\"calpe moros y cristianos\" data-e-action-hash=\"#elementor-action%3Aaction%3Dlightbox%26settings%3DeyJpZCI6ODczOCwidXJsIjoiaHR0cHM6XC9cL2Nvc3RhYmxhbmNhLW1hZ2F6aW4uY29tXC93cC1jb250ZW50XC91cGxvYWRzXC8yMDI1XC8wOVwvY2FscGUtbW9yb3MuanBnIiwic2xpZGVzaG93IjoiMzBmM2VkNSJ9\">\n\t\t\t\t\t<div class=\"e-gallery-image elementor-gallery-item__image\" data-thumbnail=\"https:\/\/costablanca-magazin.com\/wp-content\/uploads\/2025\/09\/calpe-moros.jpg\" data-width=\"1200\" data-height=\"539\" aria-label=\"Calpe moros y cristianos\" role=\"img\" ><\/div>\n\t\t\t\t\t\t\t\t\t\t\t<div class=\"elementor-gallery-item__overlay\"><\/div>\n\t\t\t\t\t\t\t\t\t\t\t\t\t\t<\/a>\n\t\t\t\t\t<\/div>\n\t\t\t\t\t<\/div>\n\t\t\t\t<\/div>\n\t\t\t\t<\/div>\n\t\t<div class=\"elementor-element elementor-element-e1f95d3 e-con-full e-flex e-con e-child\" data-id=\"e1f95d3\" data-element_type=\"container\" data-e-type=\"container\">\n\t\t\t\t<div class=\"elementor-element elementor-element-109d10e elementor-widget elementor-widget-text-editor\" data-id=\"109d10e\" data-element_type=\"widget\" data-e-type=\"widget\" data-widget_type=\"text-editor.default\">\n\t\t\t\t<div class=\"elementor-widget-container\">\n\t\t\t\t\t\t\t\t\t<h3><strong>Guardamar, Orihuela y Almorad\u00ed - las citas fuertes del sur<\/strong><\/h3><p>Tambi\u00e9n merece la pena echar un vistazo al calendario festivo del sur de la Costa Blanca. Guardamar del Segura celebra del 17 al 27 de julio las Fiestas Patronales en honor a San Jaime. Almorad\u00ed combina Feria y Moros y Cristianos del 24 de julio al 2 de agosto. Orihuela se centra en una referencia hist\u00f3rica especialmente fuerte con sus Fiestas de la Reconquista.<\/p><p>Para los lectores de Torrevieja, Orihuela Costa, La Zenia, Guardamar y la Vega Baja, estas fechas suelen ser m\u00e1s cercanas y pr\u00e1cticas que los grandes festivales del norte.<\/p><h3><strong>Villajoyosa - el cl\u00e1sico con Desembarco<\/strong><\/h3><ol start=\"24\"><li>de julio hasta el 2 de agosto de 2026<\/li><\/ol><p>Villajoyosa es el gran nombre entre las fiestas de Moros y Cristianos de la Costa Blanca. Las fiestas en honor a Santa Marta se celebran cada a\u00f1o del 24 de julio al 2 de agosto de 2026, y el acto m\u00e1s famoso es el Desembarco.<\/p><p>No se trata s\u00f3lo de un desfile. Villajoyosa combina el mar, la historia de la ciudad, la m\u00fasica, los grupos festivos y una producci\u00f3n que se conoce mucho m\u00e1s all\u00e1 de la regi\u00f3n. La Vila Joiosa es el claro hito estival del calendario de eventos.<\/p><h3><strong>D\u00e9nia - Sant Roc y Moros y Cristianos<\/strong><\/h3><p>13-16 de agosto de 2026<\/p><p>D\u00e9nia celebra tradicionalmente sus Moros y Cristianos en agosto, en honor de Sant Roc. Los programas detallados suelen publicarse m\u00e1s adelante, pero hay que se\u00f1alar ya el periodo comprendido entre el 13 y el 16 de agosto.<\/p><p>Los desfiles transcurren por zonas c\u00e9ntricas de la ciudad. Esto convierte a D\u00e9nia en una de las citas m\u00e1s importantes del mes de agosto en la Costa Blanca Norte.<\/p><h2><strong>Anote ya las fechas de oto\u00f1o<\/strong><\/h2><h3><strong>Murcia, regi\u00f3n perif\u00e9rica con un intenso calendario de festivales<\/strong><\/h3><ol start=\"9\"><li>hasta el 16 de septiembre de 2026<\/li><\/ol><p>Murcia est\u00e1 situada fuera de la Costa Blanca, pero es f\u00e1cilmente accesible para los lectores desde Torrevieja, La Zenia y Orihuela Costa. El Moros y Cristianos de Murcia se celebrar\u00e1 del 9 al 16 de septiembre de 2026 y es una fuerte cita adicional para el sur.<\/p><h3><strong>Altea - Moros y Cristianos y Festes Majors<\/strong><\/h3><p>Del 26 al 30 de septiembre de 2026<\/p><p>Altea es una de las citas oto\u00f1ales m\u00e1s importantes de la Marina Baixa. Los Moros y Cristianos forman parte de las fiestas grandes de la localidad y se celebran del 26 al 30 de septiembre de 2026.<\/p><p>Tras las fiestas de verano, Altea vuelve a traer al calendario un apretado programa de desfiles, m\u00fasica y eventos nocturnos.<\/p><h3><strong>Benidorm - Moros y Cristianos en octubre<\/strong><\/h3><ol><li>hasta el 4 de octubre de 2026<\/li><\/ol><p>Benidorm celebra sus Moros y Cristianos 2026 del 1 al 4 de octubre. Se trata de una cita importante para la Marina Baixa: c\u00e9ntrica, de f\u00e1cil acceso y con la visibilidad que Benidorm aporta casi autom\u00e1ticamente a los eventos.<\/p><h3><strong>Calp \/ Calpe - Aniversario de la Fiesta<\/strong><\/h3><p>Del 16 al 22 de octubre de 2026<\/p><p>Calp es especialmente interesante en 2026 porque los Moros y Cristianos celebran all\u00ed su 50 aniversario. Las celebraciones tienen lugar tradicionalmente en octubre. Los d\u00edas principales exactos deben consultarse de nuevo a trav\u00e9s del Ayuntamiento o de la p\u00e1gina web de las fiestas antes de que se publique el calendario de actos.<\/p><p>Este a\u00f1o, el aniversario hace que Calp sea m\u00e1s editorial que de costumbre. Para los lectores de Calp, Benissa, Moraira y Altea, la fecha pertenece en el diario.<\/p>\t\t\t\t\t\t\t\t<\/div>\n\t\t\t\t<\/div>\n\t\t\t\t<\/div>\n\t\t\t\t\t<\/div>\n\t\t\t\t<\/div>\n\t\t<div class=\"elementor-element elementor-element-eaec696 e-flex e-con-boxed e-con e-parent\" data-id=\"eaec696\" data-element_type=\"container\" data-e-type=\"container\">\n\t\t\t\t\t<div class=\"e-con-inner\">\n\t\t<div class=\"elementor-element elementor-element-28e53db e-con-full e-flex e-con e-child\" data-id=\"28e53db\" data-element_type=\"container\" data-e-type=\"container\">\n\t\t\t\t<div class=\"elementor-element elementor-element-8cf6bbe elementor-widget elementor-widget-text-editor\" data-id=\"8cf6bbe\" data-element_type=\"widget\" data-e-type=\"widget\" data-widget_type=\"text-editor.default\">\n\t\t\t\t<div class=\"elementor-widget-container\">\n\t\t\t\t\t\t\t\t\t<h2><strong>Fechas de 2026 para tomar nota<\/strong><\/h2><table><thead><tr><td><p>Ubicaci\u00f3n<\/p><\/td><td><p>Fecha 2026<\/p><\/td><td><p>Sugerencia<\/p><\/td><\/tr><\/thead><tbody><tr><td><p>Moraira<\/p><\/td><td><p>5-14 de junio<\/p><\/td><td><p>Conquista Mora, Reconquista Cristiana, Desfile de Gala<\/p><\/td><\/tr><tr><td><p>Benissa<\/p><\/td><td><p>28 de junio-2 de julio<\/p><\/td><td><p>Moros y Cristianos en honor a San Pedro<\/p><\/td><\/tr><tr><td><p>X\u00e0bia \/ J\u00e1vea<\/p><\/td><td><p>11-19 de julio, grandes desfiles 18\/19 de julio<\/p><\/td><td><p>Barrio portuario de Duanes de la Mar<\/p><\/td><\/tr><tr><td><p>Guardamar del Segura<\/p><\/td><td><p>17-27 de julio<\/p><\/td><td><p>Fiestas Patronales y Moros y Cristianos<\/p><\/td><\/tr><tr><td><p>Villajoyosa \/ La Vila Joiosa<\/p><\/td><td><p>Del 24 al 31 de julio<\/p><\/td><td><p>Desembarco, una de las citas m\u00e1s conocidas<\/p><\/td><\/tr><tr><td><p>Almorad\u00ed<\/p><\/td><td><p>24 de julio-2 de agosto<\/p><\/td><td><p>Feria y Moros y Cristianos<\/p><\/td><\/tr><tr><td><p>Orihuela<\/p><\/td><td><p>Julio<\/p><\/td><td><p>Fiestas de la Reconquista<\/p><\/td><\/tr><tr><td><p>D\u00e9nia<\/p><\/td><td><p>13-16 de agosto<\/p><\/td><td><p>En honor de Sant Roc<\/p><\/td><\/tr><tr><td><p>Murcia<\/p><\/td><td><p>Del 9 al 16 de septiembre<\/p><\/td><td><p>Zona perif\u00e9rica, especialmente interesante para el sur<\/p><\/td><\/tr><tr><td><p>Altea<\/p><\/td><td><p>26-30 de septiembre<\/p><\/td><td><p>Cita oto\u00f1al en la Marina Baixa<\/p><\/td><\/tr><tr><td><p>Benidorm<\/p><\/td><td><p>Del 1 al 4 de octubre<\/p><\/td><td><p>Moros y Cristianos en el centro<\/p><\/td><\/tr><tr><td><p>Calp \/ Calpe<\/p><\/td><td><p>Del 16 al 22 de octubre<\/p><\/td><td><p>50 a\u00f1os de Moros y Cristianos<\/p><\/td><\/tr><\/tbody><\/table><h2><strong>Pensamiento pr\u00e1ctico: no espere hasta el \u00faltimo minuto<\/strong><\/h2><p>En Moros y Cristianos, un centro urbano normal se convierte r\u00e1pidamente en una zona de fiesta. Las carreteras se cierran, los aparcamientos desaparecen y los restaurantes situados a lo largo de las rutas de los desfiles est\u00e1n llenos desde muy temprano. Si quiere ver uno de los grandes desfiles, es mejor que prevea un poco m\u00e1s de tiempo.<\/p><p>Para las familias: los tambores, las bocinas y la pirotecnia pueden llegar a ser bastante ruidosos. En las calles m\u00e1s anchas se ven mejor las formaciones, en las callejuelas estrechas se est\u00e1 m\u00e1s cerca de la m\u00fasica y los grupos festivos. Ambas cosas tienen su encanto, s\u00f3lo que circular espont\u00e1neamente en coche en esas noches rara vez funciona.<\/p><h2><strong>Por qu\u00e9 se pegan estos festivales<\/strong><\/h2><p>Moros y Cristianos no son eficaces porque est\u00e9n bien escenificados. Funcionan porque los propios pueblos est\u00e1n detr\u00e1s de ellos. Grupos festivos, pe\u00f1as musicales, familias, sastres, voluntarios, ayuntamientos y barrios enteros trabajan durante meses para que lleguen estos d\u00edas.<\/p><p>Puedes ver el esfuerzo. Se oye. Y enseguida te das cuenta de que nadie se limita a desfilar por las calles para hacerse unas fotos. Estas fiestas pertenecen a la Costa Blanca como casi ning\u00fan otro acontecimiento de verano y oto\u00f1o: ruidosas, precisas, a veces exuberantes, pero nunca arbitrarias.<\/p>\t\t\t\t\t\t\t\t<\/div>\n\t\t\t\t<\/div>\n\t\t\t\t<\/div>\n\t\t<div class=\"elementor-element elementor-element-f3b986e e-con-full e-flex e-con e-child\" data-id=\"f3b986e\" data-element_type=\"container\" data-e-type=\"container\">\n\t\t\t\t<div class=\"elementor-element elementor-element-2bc6342 elementor-widget elementor-widget-gallery\" data-id=\"2bc6342\" data-element_type=\"widget\" data-e-type=\"widget\" data-settings=\"{&quot;gallery_layout&quot;:&quot;masonry&quot;,&quot;columns&quot;:1,&quot;lazyload&quot;:&quot;yes&quot;,&quot;columns_tablet&quot;:2,&quot;columns_mobile&quot;:1,&quot;gap&quot;:{&quot;unit&quot;:&quot;px&quot;,&quot;size&quot;:10,&quot;sizes&quot;:[]},&quot;gap_tablet&quot;:{&quot;unit&quot;:&quot;px&quot;,&quot;size&quot;:10,&quot;sizes&quot;:[]},&quot;gap_mobile&quot;:{&quot;unit&quot;:&quot;px&quot;,&quot;size&quot;:10,&quot;sizes&quot;:[]},&quot;link_to&quot;:&quot;file&quot;,&quot;overlay_background&quot;:&quot;yes&quot;,&quot;content_hover_animation&quot;:&quot;fade-in&quot;}\" data-widget_type=\"gallery.default\">\n\t\t\t\t<div class=\"elementor-widget-container\">\n\t\t\t\t\t\t\t<div class=\"elementor-gallery__container\">\n\t\t\t\t\t\t\t<a class=\"e-gallery-item elementor-gallery-item elementor-animated-content\" href=\"https:\/\/costablanca-magazin.com\/wp-content\/uploads\/2024\/07\/Denia-Morros-y-cristianos-6-scaled.jpg\" data-elementor-open-lightbox=\"yes\" data-elementor-lightbox-slideshow=\"2bc6342\" data-elementor-lightbox-title=\"Denia-Morros-y-cristianos (6)\" data-elementor-lightbox-description=\"Fiesta Moros y cristianos Denia \" data-e-action-hash=\"#elementor-action%3Aaction%3Dlightbox%26settings%3DeyJpZCI6MTU1MSwidXJsIjoiaHR0cHM6XC9cL2Nvc3RhYmxhbmNhLW1hZ2F6aW4uY29tXC93cC1jb250ZW50XC91cGxvYWRzXC8yMDI0XC8wN1wvRGVuaWEtTW9ycm9zLXktY3Jpc3RpYW5vcy02LXNjYWxlZC5qcGciLCJzbGlkZXNob3ciOiIyYmM2MzQyIn0%3D\">\n\t\t\t\t\t<div class=\"e-gallery-image elementor-gallery-item__image\" data-thumbnail=\"https:\/\/costablanca-magazin.com\/wp-content\/uploads\/2024\/07\/Denia-Morros-y-cristianos-6-scaled.jpg\" data-width=\"2049\" data-height=\"2560\" aria-label=\"Fiesta de Moros y Cristianos de Denia 2\" role=\"img\" ><\/div>\n\t\t\t\t\t\t\t\t\t\t\t<div class=\"elementor-gallery-item__overlay\"><\/div>\n\t\t\t\t\t\t\t\t\t\t\t\t\t\t<\/a>\n\t\t\t\t\t\t\t<a class=\"e-gallery-item elementor-gallery-item elementor-animated-content\" href=\"https:\/\/costablanca-magazin.com\/wp-content\/uploads\/2024\/07\/Denia-Morros-y-cristianos-8-scaled.jpg\" data-elementor-open-lightbox=\"yes\" data-elementor-lightbox-slideshow=\"2bc6342\" data-elementor-lightbox-title=\"Denia-Morros-y-cristianos (8)\" data-elementor-lightbox-description=\"Fiesta Moros y cristianos Denia \" data-e-action-hash=\"#elementor-action%3Aaction%3Dlightbox%26settings%3DeyJpZCI6MTU1MiwidXJsIjoiaHR0cHM6XC9cL2Nvc3RhYmxhbmNhLW1hZ2F6aW4uY29tXC93cC1jb250ZW50XC91cGxvYWRzXC8yMDI0XC8wN1wvRGVuaWEtTW9ycm9zLXktY3Jpc3RpYW5vcy04LXNjYWxlZC5qcGciLCJzbGlkZXNob3ciOiIyYmM2MzQyIn0%3D\">\n\t\t\t\t\t<div class=\"e-gallery-image elementor-gallery-item__image\" data-thumbnail=\"https:\/\/costablanca-magazin.com\/wp-content\/uploads\/2024\/07\/Denia-Morros-y-cristianos-8-scaled.jpg\" data-width=\"2174\" data-height=\"2560\" aria-label=\"Fiesta de Moros y Cristianos de Denia 3\" role=\"img\" ><\/div>\n\t\t\t\t\t\t\t\t\t\t\t<div class=\"elementor-gallery-item__overlay\"><\/div>\n\t\t\t\t\t\t\t\t\t\t\t\t\t\t<\/a>\n\t\t\t\t\t\t\t<a class=\"e-gallery-item elementor-gallery-item elementor-animated-content\" href=\"https:\/\/costablanca-magazin.com\/wp-content\/uploads\/2026\/04\/cusco-peru-may-12-school-children-in-uniform-2026-03-26-11-38-04-utc.jpg\" data-elementor-open-lightbox=\"yes\" data-elementor-lightbox-slideshow=\"2bc6342\" data-elementor-lightbox-title=\"Moros y Cristianos\" data-elementor-lightbox-description=\"Moros y Cristianos\" data-e-action-hash=\"#elementor-action%3Aaction%3Dlightbox%26settings%3DeyJpZCI6MTE0MzMsInVybCI6Imh0dHBzOlwvXC9jb3N0YWJsYW5jYS1tYWdhemluLmNvbVwvd3AtY29udGVudFwvdXBsb2Fkc1wvMjAyNlwvMDRcL2N1c2NvLXBlcnUtbWF5LTEyLXNjaG9vbC1jaGlsZHJlbi1pbi11bmlmb3JtLTIwMjYtMDMtMjYtMTEtMzgtMDQtdXRjLmpwZyIsInNsaWRlc2hvdyI6IjJiYzYzNDIifQ%3D%3D\">\n\t\t\t\t\t<div class=\"e-gallery-image elementor-gallery-item__image\" data-thumbnail=\"https:\/\/costablanca-magazin.com\/wp-content\/uploads\/2026\/04\/cusco-peru-may-12-school-children-in-uniform-2026-03-26-11-38-04-utc.jpg\" data-width=\"2560\" data-height=\"1707\" aria-label=\"Moros y Cristianos\" role=\"img\" ><\/div>\n\t\t\t\t\t\t\t\t\t\t\t<div class=\"elementor-gallery-item__overlay\"><\/div>\n\t\t\t\t\t\t\t\t\t\t\t\t\t\t<\/a>\n\t\t\t\t\t\t\t<a class=\"e-gallery-item elementor-gallery-item elementor-animated-content\" href=\"https:\/\/costablanca-magazin.com\/wp-content\/uploads\/2026\/04\/medieval-knights-templar-at-war-history-and-repre-2026-03-25-22-49-56-utc.jpg\" data-elementor-open-lightbox=\"yes\" data-elementor-lightbox-slideshow=\"2bc6342\" data-elementor-lightbox-title=\"medieval-knights-templar-at-war-history-and-repre-2026-03-25-22-49-56-utc\" data-elementor-lightbox-description=\"Moros y Cristianos\" data-e-action-hash=\"#elementor-action%3Aaction%3Dlightbox%26settings%3DeyJpZCI6MTE0MzQsInVybCI6Imh0dHBzOlwvXC9jb3N0YWJsYW5jYS1tYWdhemluLmNvbVwvd3AtY29udGVudFwvdXBsb2Fkc1wvMjAyNlwvMDRcL21lZGlldmFsLWtuaWdodHMtdGVtcGxhci1hdC13YXItaGlzdG9yeS1hbmQtcmVwcmUtMjAyNi0wMy0yNS0yMi00OS01Ni11dGMuanBnIiwic2xpZGVzaG93IjoiMmJjNjM0MiJ9\">\n\t\t\t\t\t<div class=\"e-gallery-image elementor-gallery-item__image\" data-thumbnail=\"https:\/\/costablanca-magazin.com\/wp-content\/uploads\/2026\/04\/medieval-knights-templar-at-war-history-and-repre-2026-03-25-22-49-56-utc.jpg\" data-width=\"2060\" data-height=\"2221\" aria-label=\"Moros y Cristianos\" role=\"img\" ><\/div>\n\t\t\t\t\t\t\t\t\t\t\t<div class=\"elementor-gallery-item__overlay\"><\/div>\n\t\t\t\t\t\t\t\t\t\t\t\t\t\t<\/a>\n\t\t\t\t\t<\/div>\n\t\t\t\t\t<\/div>\n\t\t\t\t<\/div>\n\t\t\t\t<\/div>\n\t\t\t\t\t<\/div>\n\t\t\t\t<\/div>\n\t\t<div class=\"elementor-element elementor-element-1b4c618 e-flex e-con-boxed e-con e-parent\" data-id=\"1b4c618\" data-element_type=\"container\" data-e-type=\"container\">\n\t\t\t\t\t<div class=\"e-con-inner\">\n\t\t\t\t<div class=\"elementor-element elementor-element-fc1c004 elementor-widget-divider--view-line elementor-widget elementor-widget-divider\" data-id=\"fc1c004\" data-element_type=\"widget\" data-e-type=\"widget\" data-widget_type=\"divider.default\">\n\t\t\t\t<div class=\"elementor-widget-container\">\n\t\t\t\t\t\t\t<div class=\"elementor-divider\">\n\t\t\t<span class=\"elementor-divider-separator\">\n\t\t\t\t\t\t<\/span>\n\t\t<\/div>\n\t\t\t\t\t\t<\/div>\n\t\t\t\t<\/div>\n\t\t\t\t\t<\/div>\n\t\t\t\t<\/div>\n\t\t<div class=\"elementor-element elementor-element-81b4420 e-flex e-con-boxed e-con e-parent\" data-id=\"81b4420\" data-element_type=\"container\" data-e-type=\"container\">\n\t\t\t\t\t<div class=\"e-con-inner\">\n\t\t\t\t<div class=\"elementor-element elementor-element-bff3923 elementor-grid-3 elementor-grid-tablet-2 elementor-grid-mobile-1 elementor-posts--thumbnail-top elementor-posts--show-avatar elementor-card-shadow-yes elementor-posts__hover-gradient elementor-widget elementor-widget-posts\" data-id=\"bff3923\" data-element_type=\"widget\" data-e-type=\"widget\" data-settings=\"{&quot;cards_columns&quot;:&quot;3&quot;,&quot;cards_columns_tablet&quot;:&quot;2&quot;,&quot;cards_columns_mobile&quot;:&quot;1&quot;,&quot;cards_row_gap&quot;:{&quot;unit&quot;:&quot;px&quot;,&quot;size&quot;:35,&quot;sizes&quot;:[]},&quot;cards_row_gap_tablet&quot;:{&quot;unit&quot;:&quot;px&quot;,&quot;size&quot;:&quot;&quot;,&quot;sizes&quot;:[]},&quot;cards_row_gap_mobile&quot;:{&quot;unit&quot;:&quot;px&quot;,&quot;size&quot;:&quot;&quot;,&quot;sizes&quot;:[]}}\" data-widget_type=\"posts.cards\">\n\t\t\t\t<div class=\"elementor-widget-container\">\n\t\t\t\t\t\t\t<div class=\"elementor-posts-container elementor-posts elementor-posts--skin-cards elementor-grid\" role=\"list\">\n\t\t\t\t<article class=\"elementor-post elementor-grid-item post-11128 post type-post status-publish format-standard has-post-thumbnail hentry category-aktivitaeten-und-ausfluege tag-domingo-de-ramos-elche tag-easter-costa-blanca-events tag-ostern-costa-blanca tag-osterprozession-alicante tag-procesiones-semana-santa-alicante tag-semana-santa-alicante tag-semana-santa-costa-blanca tag-semana-santa-denia tag-semana-santa-elche-2 tag-semana-santa-orihuela\" role=\"listitem\">\n\t\t\t<div class=\"elementor-post__card\">\n\t\t\t\t<a class=\"elementor-post__thumbnail__link\" href=\"https:\/\/costablanca-magazin.com\/es\/freizeit\/aktivitaeten-und-ausfluege\/ostern-an-der-costa-blanca-semana-santa-und-prozessionen\/\" tabindex=\"-1\" ><div class=\"elementor-post__thumbnail\"><img fetchpriority=\"high\" decoding=\"async\" width=\"683\" height=\"1024\" src=\"https:\/\/costablanca-magazin.com\/wp-content\/uploads\/2025\/03\/people-wearing-uniforms-and-bearing-the-statue-of-2025-02-09-13-18-51-utc-683x1024.jpg\" class=\"attachment-large size-large wp-image-5306\" alt=\"Semana Santa e historia: las iglesias y lugares religiosos m\u00e1s importantes de la Costa Blanca 2\" srcset=\"https:\/\/costablanca-magazin.com\/wp-content\/uploads\/2025\/03\/people-wearing-uniforms-and-bearing-the-statue-of-2025-02-09-13-18-51-utc-683x1024.jpg 683w, https:\/\/costablanca-magazin.com\/wp-content\/uploads\/2025\/03\/people-wearing-uniforms-and-bearing-the-statue-of-2025-02-09-13-18-51-utc-200x300.jpg 200w, https:\/\/costablanca-magazin.com\/wp-content\/uploads\/2025\/03\/people-wearing-uniforms-and-bearing-the-statue-of-2025-02-09-13-18-51-utc-768x1152.jpg 768w, https:\/\/costablanca-magazin.com\/wp-content\/uploads\/2025\/03\/people-wearing-uniforms-and-bearing-the-statue-of-2025-02-09-13-18-51-utc-1024x1536.jpg 1024w, https:\/\/costablanca-magazin.com\/wp-content\/uploads\/2025\/03\/people-wearing-uniforms-and-bearing-the-statue-of-2025-02-09-13-18-51-utc-1365x2048.jpg 1365w, https:\/\/costablanca-magazin.com\/wp-content\/uploads\/2025\/03\/people-wearing-uniforms-and-bearing-the-statue-of-2025-02-09-13-18-51-utc-scaled.jpg 1707w\" sizes=\"(max-width: 683px) 100vw, 683px\" \/><\/div><\/a>\n\t\t\t\t<div class=\"elementor-post__badge\">Actividades y excursiones<\/div>\n\t\t\t\t<div class=\"elementor-post__avatar\">\n\t\t\t\t\t<\/div>\n\t\t\t\t<div class=\"elementor-post__text\">\n\t\t\t\t<span class=\"elementor-post__title\">\n\t\t\t<a href=\"https:\/\/costablanca-magazin.com\/es\/freizeit\/aktivitaeten-und-ausfluege\/ostern-an-der-costa-blanca-semana-santa-und-prozessionen\/\" >\n\t\t\t\tSemana Santa en la Costa Blanca - Semana Santa y procesiones\t\t\t<\/a>\n\t\t<\/span>\n\t\t\t\t<div class=\"elementor-post__excerpt\">\n\t\t\t<p>Semana Santa en la Costa Blanca - Semana Santa y procesiones Semana Santa en la Costa Blanca: procesiones, cofrad\u00edas y tradiciones de la Costa Blanca<\/p>\n\t\t<\/div>\n\t\t\n\t\t<a class=\"elementor-post__read-more\" href=\"https:\/\/costablanca-magazin.com\/es\/freizeit\/aktivitaeten-und-ausfluege\/ostern-an-der-costa-blanca-semana-santa-und-prozessionen\/\" aria-label=\"M\u00e1s informaci\u00f3n sobre Ostern an der Costa Blanca &#8211; Semana Santa und Prozessionen\" tabindex=\"-1\" >\n\t\t\tLeer m\u00e1s \u00bb\t\t<\/a>\n\n\t\t\t\t<\/div>\n\t\t\t\t\t<\/div>\n\t\t<\/article>\n\t\t\t\t<article class=\"elementor-post elementor-grid-item post-11085 post type-post status-publish format-standard has-post-thumbnail hentry category-aktivitaeten-und-ausfluege tag-chocolates-valor-museum tag-schokolade-villajoyosa tag-schokoladenfabriken-costa-blanca tag-schokoladenroute-villajoyosa tag-traditionelle-suesswaren-villajoyosa tag-turron-villajoyosa\" role=\"listitem\">\n\t\t\t<div class=\"elementor-post__card\">\n\t\t\t\t<a class=\"elementor-post__thumbnail__link\" href=\"https:\/\/costablanca-magazin.com\/es\/freizeit\/aktivitaeten-und-ausfluege\/schokoladen-route-villajoyosa-suesse-tradition-entdecken\/\" tabindex=\"-1\" ><div class=\"elementor-post__thumbnail\"><img decoding=\"async\" width=\"684\" height=\"1024\" src=\"https:\/\/costablanca-magazin.com\/wp-content\/uploads\/2025\/09\/cocoa-drink-2025-01-10-22-33-37-utc-684x1024.jpg\" class=\"attachment-large size-large wp-image-8964\" alt=\"Villajoyosa - La capital secreta del dulce\" \/><\/div><\/a>\n\t\t\t\t<div class=\"elementor-post__badge\">Actividades y excursiones<\/div>\n\t\t\t\t<div class=\"elementor-post__avatar\">\n\t\t\t\t\t<\/div>\n\t\t\t\t<div class=\"elementor-post__text\">\n\t\t\t\t<span class=\"elementor-post__title\">\n\t\t\t<a href=\"https:\/\/costablanca-magazin.com\/es\/freizeit\/aktivitaeten-und-ausfluege\/schokoladen-route-villajoyosa-suesse-tradition-entdecken\/\" >\n\t\t\t\tRuta del chocolate de Villajoyosa - descubre la dulce tradici\u00f3n\t\t\t<\/a>\n\t\t<\/span>\n\t\t\t\t<div class=\"elementor-post__excerpt\">\n\t\t\t<p>Ruta del Chocolate Villajoyosa - Descubre la dulce tradici\u00f3n Villajoyosa est\u00e1 considerada la ciudad del chocolate de Espa\u00f1a. La ruta de la industria del chocolate y el turr\u00f3n lleva a comercios tradicionales<\/p>\n\t\t<\/div>\n\t\t\n\t\t<a class=\"elementor-post__read-more\" href=\"https:\/\/costablanca-magazin.com\/es\/freizeit\/aktivitaeten-und-ausfluege\/schokoladen-route-villajoyosa-suesse-tradition-entdecken\/\" aria-label=\"M\u00e1s informaci\u00f3n sobre Schokoladen-Route Villajoyosa &#8211; S\u00fc\u00dfe Tradition entdecken\" tabindex=\"-1\" >\n\t\t\tLeer m\u00e1s \u00bb\t\t<\/a>\n\n\t\t\t\t<\/div>\n\t\t\t\t\t<\/div>\n\t\t<\/article>\n\t\t\t\t<article class=\"elementor-post elementor-grid-item post-11086 post type-post status-publish format-standard has-post-thumbnail hentry category-aktivitaeten-und-ausfluege tag-ausflug-burg-xativa tag-borgia-familie-xativa tag-burg-xativa tag-burg-xativa-geschichte tag-castell-de-xativa tag-sehenswuerdigkeit-xativa-valencia\" role=\"listitem\">\n\t\t\t<div class=\"elementor-post__card\">\n\t\t\t\t<a class=\"elementor-post__thumbnail__link\" href=\"https:\/\/costablanca-magazin.com\/es\/freizeit\/aktivitaeten-und-ausfluege\/burg-von-xativa-geschichte-der-borgia-festung-entdecken\/\" tabindex=\"-1\" ><div class=\"elementor-post__thumbnail\"><img decoding=\"async\" width=\"512\" height=\"180\" src=\"https:\/\/costablanca-magazin.com\/wp-content\/uploads\/2025\/08\/castell-1-1024x580-2-e1755517144513.jpg\" class=\"attachment-large size-large wp-image-8493\" alt=\"El castillo de X\u00e0tiva: historia, poder y la larga sombra de los Borgia 6\" srcset=\"https:\/\/costablanca-magazin.com\/wp-content\/uploads\/2025\/08\/castell-1-1024x580-2-e1755517144513.jpg 512w, https:\/\/costablanca-magazin.com\/wp-content\/uploads\/2025\/08\/castell-1-1024x580-2-e1755517144513-300x105.jpg 300w\" sizes=\"(max-width: 512px) 100vw, 512px\" \/><\/div><\/a>\n\t\t\t\t<div class=\"elementor-post__badge\">Actividades y excursiones<\/div>\n\t\t\t\t<div class=\"elementor-post__avatar\">\n\t\t\t\t\t<\/div>\n\t\t\t\t<div class=\"elementor-post__text\">\n\t\t\t\t<span class=\"elementor-post__title\">\n\t\t\t<a href=\"https:\/\/costablanca-magazin.com\/es\/freizeit\/aktivitaeten-und-ausfluege\/burg-von-xativa-geschichte-der-borgia-festung-entdecken\/\" >\n\t\t\t\tCastillo de X\u00e0tiva: descubre la historia de la fortaleza de los Borja\t\t\t<\/a>\n\t\t<\/span>\n\t\t\t\t<div class=\"elementor-post__excerpt\">\n\t\t\t<p>Castillo de X\u00e0tiva: descubre la historia de la fortaleza de los Borgia El Castillo de X\u00e0tiva es una de las fortalezas m\u00e1s impresionantes de la Comunidad Valenciana. Su historia<\/p>\n\t\t<\/div>\n\t\t\n\t\t<a class=\"elementor-post__read-more\" href=\"https:\/\/costablanca-magazin.com\/es\/freizeit\/aktivitaeten-und-ausfluege\/burg-von-xativa-geschichte-der-borgia-festung-entdecken\/\" aria-label=\"M\u00e1s informaci\u00f3n sobre Burg von X\u00e0tiva: Geschichte der Borgia-Festung entdecken\" tabindex=\"-1\" >\n\t\t\tLeer m\u00e1s \u00bb\t\t<\/a>\n\n\t\t\t\t<\/div>\n\t\t\t\t\t<\/div>\n\t\t<\/article>\n\t\t\t\t<\/div>\n\t\t\n\t\t\t\t\t\t<\/div>\n\t\t\t\t<\/div>\n\t\t\t\t\t<\/div>\n\t\t\t\t<\/div>\n\t\t\t\t<\/div>","protected":false},"excerpt":{"rendered":"<p>Moros y Cristianos Costa Blanca 2026 &#8211; Termine und Feste Warum diese Fiestas mehr sind als bunte Umz\u00fcge Erst kommen die Trommeln. Dann die Bl\u00e4ser. Dann f\u00fcllt sich die Stra\u00dfe mit schweren Stoffen, gl\u00e4nzenden Helmen, Federkronen, Standarten, Pferden und Gruppen, die nicht einfach \u201emitlaufen\u201c, sondern ihren Auftritt seit Monaten vorbereiten. Moros y Cristianos geh\u00f6ren an [&hellip;]<\/p>\n","protected":false},"author":1,"featured_media":8738,"comment_status":"closed","ping_status":"closed","sticky":false,"template":"elementor_header_footer","format":"standard","meta":{"footnotes":""},"categories":[23],"tags":[1729,235,1726,1727,1725,1728],"class_list":["post-11423","post","type-post","status-publish","format-standard","has-post-thumbnail","hentry","category-veranstaltungen-events","tag-fiestas-costa-blanca-2026","tag-moros-y-cristianos-benidorm","tag-moros-y-cristianos-costa-blanca-2026","tag-moros-y-cristianos-denia","tag-moros-y-cristianos-termine-2026","tag-moros-y-cristianos-villajoyosa"],"aioseo_notices":[],"_links":{"self":[{"href":"https:\/\/costablanca-magazin.com\/es\/wp-json\/wp\/v2\/posts\/11423","targetHints":{"allow":["GET"]}}],"collection":[{"href":"https:\/\/costablanca-magazin.com\/es\/wp-json\/wp\/v2\/posts"}],"about":[{"href":"https:\/\/costablanca-magazin.com\/es\/wp-json\/wp\/v2\/types\/post"}],"author":[{"embeddable":true,"href":"https:\/\/costablanca-magazin.com\/es\/wp-json\/wp\/v2\/users\/1"}],"replies":[{"embeddable":true,"href":"https:\/\/costablanca-magazin.com\/es\/wp-json\/wp\/v2\/comments?post=11423"}],"version-history":[{"count":7,"href":"https:\/\/costablanca-magazin.com\/es\/wp-json\/wp\/v2\/posts\/11423\/revisions"}],"predecessor-version":[{"id":11441,"href":"https:\/\/costablanca-magazin.com\/es\/wp-json\/wp\/v2\/posts\/11423\/revisions\/11441"}],"wp:featuredmedia":[{"embeddable":true,"href":"https:\/\/costablanca-magazin.com\/es\/wp-json\/wp\/v2\/media\/8738"}],"wp:attachment":[{"href":"https:\/\/costablanca-magazin.com\/es\/wp-json\/wp\/v2\/media?parent=11423"}],"wp:term":[{"taxonomy":"category","embeddable":true,"href":"https:\/\/costablanca-magazin.com\/es\/wp-json\/wp\/v2\/categories?post=11423"},{"taxonomy":"post_tag","embeddable":true,"href":"https:\/\/costablanca-magazin.com\/es\/wp-json\/wp\/v2\/tags?post=11423"}],"curies":[{"name":"wp","href":"https:\/\/api.w.org\/{rel}","templated":true}]}}