{"id":11405,"date":"2026-04-23T15:33:16","date_gmt":"2026-04-23T13:33:16","guid":{"rendered":"https:\/\/costablanca-magazin.com\/?p=11405"},"modified":"2026-04-24T16:14:18","modified_gmt":"2026-04-24T14:14:18","slug":"el-conflicto-de-iran-y-las-tarifas-aereas-lo-que-realmente-esperan-alicante-y-valencia","status":"publish","type":"post","link":"https:\/\/costablanca-magazin.com\/es\/lokales\/news-politik\/iran-konflikt-und-flugpreise-was-alicante-und-valencia-wirklich-erwartet\/","title":{"rendered":"Conflicto con Ir\u00e1n y precios de los vuelos: Lo que realmente les espera a Alicante y Valencia"},"content":{"rendered":"<div data-elementor-type=\"wp-post\" data-elementor-id=\"11405\" class=\"elementor elementor-11405\" data-elementor-post-type=\"post\">\n\t\t\t\t<div class=\"elementor-element elementor-element-af3fc2a e-flex e-con-boxed e-con e-parent\" data-id=\"af3fc2a\" data-element_type=\"container\" data-e-type=\"container\">\n\t\t\t\t\t<div class=\"e-con-inner\">\n\t\t\t\t<div class=\"elementor-element elementor-element-f8865e2 elementor-widget elementor-widget-heading\" data-id=\"f8865e2\" data-element_type=\"widget\" data-e-type=\"widget\" data-widget_type=\"heading.default\">\n\t\t\t\t<div class=\"elementor-widget-container\">\n\t\t\t\t\t<h2 class=\"elementor-heading-title elementor-size-default\">Conflicto con Ir\u00e1n y precios de los vuelos: Lo que realmente les espera a Alicante y Valencia<\/h2>\t\t\t\t<\/div>\n\t\t\t\t<\/div>\n\t\t\t\t<div class=\"elementor-element elementor-element-f8b2c28 elementor-widget elementor-widget-image\" data-id=\"f8b2c28\" data-element_type=\"widget\" data-e-type=\"widget\" data-widget_type=\"image.default\">\n\t\t\t\t<div class=\"elementor-widget-container\">\n\t\t\t\t\t\t\t\t\t\t\t\t\t\t\t<img decoding=\"async\" src=\"https:\/\/costablanca-magazin.com\/wp-content\/uploads\/elementor\/thumbs\/die-inselzeitung-mallorca-255-rmfkvt4ossj4t7pydqmj4220qrycfajars88bh39uc.jpg\" title=\"Conflicto con Ir\u00e1n y precios de los vuelos: Lo que realmente les espera a Alicante y Valencia\" alt=\"Conflicto con Ir\u00e1n y precios de los vuelos: Lo que realmente les espera a Alicante y Valencia\" loading=\"lazy\" \/>\t\t\t\t\t\t\t\t\t\t\t\t\t\t\t<\/div>\n\t\t\t\t<\/div>\n\t\t\t\t<div class=\"elementor-element elementor-element-380243d elementor-widget elementor-widget-heading\" data-id=\"380243d\" data-element_type=\"widget\" data-e-type=\"widget\" data-widget_type=\"heading.default\">\n\t\t\t\t<div class=\"elementor-widget-container\">\n\t\t\t\t\t<h2 class=\"elementor-heading-title elementor-size-default\">Guerra, parafina, billetes: qu\u00e9 significa realmente el conflicto de Ir\u00e1n para los vuelos a Alicante y Valencia\n\nCostes m\u00e1s altos, mucho nerviosismo, pero no hay motivo para el teatro de la crisis<\/h2>\t\t\t\t<\/div>\n\t\t\t\t<\/div>\n\t\t\t\t\t<\/div>\n\t\t\t\t<\/div>\n\t\t<div class=\"elementor-element elementor-element-aa9b576 e-flex e-con-boxed e-con e-parent\" data-id=\"aa9b576\" data-element_type=\"container\" data-e-type=\"container\">\n\t\t\t\t\t<div class=\"e-con-inner\">\n\t\t<div class=\"elementor-element elementor-element-8f2c1c3 e-con-full e-flex e-con e-child\" data-id=\"8f2c1c3\" data-element_type=\"container\" data-e-type=\"container\">\n\t\t\t\t<div class=\"elementor-element elementor-element-88cbc43 elementor-widget elementor-widget-text-editor\" data-id=\"88cbc43\" data-element_type=\"widget\" data-e-type=\"widget\" data-widget_type=\"text-editor.default\">\n\t\t\t\t<div class=\"elementor-widget-container\">\n\t\t\t\t\t\t\t\t\t<p class=\"x_MsoNormal\" data-olk-copy-source=\"MessageBody\">Cualquiera que lea los titulares sobre el tr\u00e1fico a\u00e9reo en estos momentos podr\u00eda pensar que la pr\u00f3xima gran cancelaci\u00f3n de vuelos ya est\u00e1 en el horizonte en Europa. Suena dram\u00e1tico y da para buenos titulares, pero no es una descripci\u00f3n exacta de la situaci\u00f3n. Lo cierto es que la guerra con Ir\u00e1n ha sometido al mercado europeo del combustible de aviaci\u00f3n a una presi\u00f3n considerable. Reuters ya inform\u00f3 en marzo de que el combustible para aviones hab\u00eda pasado de unos 85 o 90 d\u00f3lares por barril a entre 150 y 200 d\u00f3lares en poco tiempo. EUROCONTROL confirm\u00f3 a finales de marzo que los precios medios del carburante para aviones en Europa eran, por tanto, aproximadamente el doble que a principios de a\u00f1o.<\/p><p class=\"x_MsoNormal\">Esto significa que la presi\u00f3n de los costes es real. Sin embargo, el mercado de materias primas no se convierte autom\u00e1ticamente en una cat\u00e1strofe de suministro en todos los aeropuertos de la noche a la ma\u00f1ana. Aqu\u00ed es precisamente donde suele empezar el ruido habitual de las crisis: un grave problema de mercado se convierte r\u00e1pidamente en una pel\u00edcula de final de pel\u00edcula con tarjeta de embarque. Por tanto, para una categorizaci\u00f3n sobria, merece la pena echar un vistazo a los mecanismos reales.<\/p><h3 class=\"x_MsoNormal\"><b>Por qu\u00e9 el conflicto afecta al tr\u00e1fico a\u00e9reo en Europa<\/b><\/h3><p class=\"x_MsoNormal\">El punto cr\u00edtico reside en la cadena de suministro. El estrecho de Ormuz es fundamental para las exportaciones energ\u00e9ticas del Golfo. Si aumenta la presi\u00f3n all\u00ed, ello afectar\u00e1 al mercado europeo de combustible de aviaci\u00f3n. Por eso la UE estudia ahora responsabilizar en mayor medida a los Estados miembros del mantenimiento y control de las reservas de combustible de aviaci\u00f3n de forma m\u00e1s selectiva y su redistribuci\u00f3n regional en caso de escasez. Tambi\u00e9n est\u00e1 previsto un seguimiento m\u00e1s estrecho del mercado y la creaci\u00f3n de un observatorio del combustible. Esto demuestra la seriedad con que Bruselas se toma la situaci\u00f3n. Sin embargo, tambi\u00e9n muestra que la reacci\u00f3n hasta ahora ha sido principalmente preventiva, no la expresi\u00f3n de un colapso que ya se ha producido.<\/p><p class=\"x_MsoNormal\">EUROCONTROL inform\u00f3 de un precio medio del combustible de aviaci\u00f3n de 4,73 d\u00f3lares por gal\u00f3n para el 27 de marzo y de 4,85 d\u00f3lares por gal\u00f3n para el 10 de abril. As\u00ed pues, los precios siguen siendo altos y vol\u00e1tiles, pero se mueven en un mercado que se vigila continuamente y no vuela a ciegas.<\/p><h3 class=\"x_MsoNormal\"><b>Espa\u00f1a se ve afectada, pero est\u00e1 mejor protegida que muchos otros pa\u00edses<\/b><\/h3><p class=\"x_MsoNormal\">La situaci\u00f3n en Espa\u00f1a ha sido hasta ahora m\u00e1s estable que en otras partes de Europa. Seg\u00fan ALA, entre el 80% y el 85% del combustible de aviaci\u00f3n que se consume en Espa\u00f1a es de producci\u00f3n nacional. El Pa\u00eds tambi\u00e9n informa de que Aena ha reforzado significativamente su seguimiento de la situaci\u00f3n y est\u00e1 trabajando m\u00e1s estrechamente con Cores, Exolum, las compa\u00f1\u00edas a\u00e9reas y las asociaciones del sector. Al mismo tiempo, el mensaje clave desde Espa\u00f1a sigue siendo notablemente sobrio: las operaciones se desarrollan con normalidad y no hay actualmente ning\u00fan indicio de un problema agudo de suministro en los aeropuertos espa\u00f1oles.<\/p><p class=\"x_MsoNormal\">Este es el punto crucial para Alicante y Valencia. Ambos aeropuertos dependen del sistema espa\u00f1ol, no de una situaci\u00f3n especial aislada. As\u00ed que cualquiera que sugiera que el conflicto de Ir\u00e1n est\u00e1 teniendo un impacto directo en los vuelos a la Costa Blanca como escasez de suministro est\u00e1 contando actualmente una historia m\u00e1s dram\u00e1tica que realista. El problema radica ante todo en los costes y la incertidumbre del mercado, no en los dep\u00f3sitos vac\u00edos de la costa mediterr\u00e1nea.<\/p><p class=\"x_MsoNormal\">\u00a0<\/p>\t\t\t\t\t\t\t\t<\/div>\n\t\t\t\t<\/div>\n\t\t\t\t<\/div>\n\t\t<div class=\"elementor-element elementor-element-b134d8d e-con-full e-flex e-con e-child\" data-id=\"b134d8d\" data-element_type=\"container\" data-e-type=\"container\">\n\t\t\t\t<div class=\"elementor-element elementor-element-8e4a3ee elementor-widget elementor-widget-text-editor\" data-id=\"8e4a3ee\" data-element_type=\"widget\" data-e-type=\"widget\" data-widget_type=\"text-editor.default\">\n\t\t\t\t<div class=\"elementor-widget-container\">\n\t\t\t\t\t\t\t\t\t<h3 class=\"x_MsoNormal\"><b>Lo que los viajeros a Alicante y Valencia podr\u00edan notar ahora<\/b><\/h3><p class=\"x_MsoNormal\">Por supuesto, el conflicto no carece de consecuencias. Las aerol\u00edneas llevan tiempo notando los efectos del encarecimiento del combustible. Reuters ya inform\u00f3 en marzo de que varias aerol\u00edneas estaban reaccionando a la presi\u00f3n de los precios. SAS y Air New Zealand subieron las tarifas, mientras que otros proveedores introdujeron recargos o ajustaron su planificaci\u00f3n. El 22 de abril, United declar\u00f3 abiertamente que los precios de los billetes podr\u00edan subir entre un 15% y un 20% para compensar el encarecimiento del combustible; al mismo tiempo, la compa\u00f1\u00eda ya hab\u00eda aplicado varias subidas de precios.<\/p><p class=\"x_MsoNormal\">Para los pasajeros de las rutas a Alicante o Valencia, esto significa sobre todo que aumenta la probabilidad de que los billetes sean m\u00e1s caros en determinados puntos. Especialmente susceptibles son las horas de mayor demanda, las reservas con poca antelaci\u00f3n y las conexiones con menos competencia. En cambio, es menos probable que se produzca un aumento generalizado e inmediato de los precios en todas las rutas europeas con destino a Espa\u00f1a. El mercado est\u00e1 demasiado diferenciado para ello y la situaci\u00f3n de la oferta en Espa\u00f1a ha sido hasta ahora demasiado estable.<\/p><h3 class=\"x_MsoNormal\"><b>Por qu\u00e9 debe leer las alertas con precauci\u00f3n<\/b><\/h3><p class=\"x_MsoNormal\">En lo que respecta a las tarifas a\u00e9reas en particular, todo se resume actualmente en una simple f\u00f3rmula: Guerra igual a escasez de parafina igual a choque de billetes. Es una f\u00f3rmula pegadiza, pero a menudo s\u00f3lo resiste parcialmente un examen m\u00e1s detenido. S\u00ed, el precio del combustible de aviaci\u00f3n ha subido masivamente. S\u00ed, las compa\u00f1\u00edas a\u00e9reas ya est\u00e1n reaccionando. S\u00ed, la UE se prepara para posibles embotellamientos. No, esto todav\u00eda no ha provocado autom\u00e1ticamente una crisis inmediata de abastecimiento en Espa\u00f1a ni una subida generalizada de precios en todas las conexiones con Alicante y Valencia.<\/p><p class=\"x_MsoNormal\">En otras palabras, el asunto ya es suficientemente grave como para tener que redactar el pr\u00f3ximo informe catastrofista. El mercado est\u00e1 bajo presi\u00f3n. Pero de momento nada m\u00e1s.<\/p><h3 class=\"x_MsoNormal\"><b>Lo que sigue siendo crucial para Alicante y Valencia ahora<\/b><\/h3><p class=\"x_MsoNormal\">Que los vuelos a la Costa Blanca y la Comunidad Valenciana se encarezcan notablemente depender\u00e1 de tres factores principales: la duraci\u00f3n del conflicto, la evoluci\u00f3n de los precios del combustible de aviaci\u00f3n y la parte de los costes adicionales que las compa\u00f1\u00edas a\u00e9reas repercutan realmente en los clientes. Mientras Espa\u00f1a mantenga su oferta comparativamente estable y contin\u00fae la competencia en las rutas europeas, en la actualidad hay m\u00e1s a favor de recargos selectivos que de una sacudida general de precios.<\/p><p class=\"x_MsoNormal\">El conflicto de Ir\u00e1n ha llevado al tr\u00e1fico a\u00e9reo europeo a una fase delicada en lo que se refiere al combustible. Los precios de la parafina han subido mucho, las compa\u00f1\u00edas a\u00e9reas ya est\u00e1n reaccionando y la UE estudia mecanismos de seguridad adicionales. Para Espa\u00f1a, sin embargo, el lema en estos momentos es: vigilancia s\u00ed, crisis de suministro no. Por tanto, quien busque vuelos a Alicante o Valencia deber\u00eda esperar un mercado nervioso y no el gran colapso que algunos titulares ya intentan evocar.<\/p>\t\t\t\t\t\t\t\t<\/div>\n\t\t\t\t<\/div>\n\t\t\t\t<\/div>\n\t\t\t\t\t<\/div>\n\t\t\t\t<\/div>\n\t\t<div class=\"elementor-element elementor-element-9b09cb7 e-flex e-con-boxed e-con e-parent\" data-id=\"9b09cb7\" data-element_type=\"container\" data-e-type=\"container\">\n\t\t\t\t\t<div class=\"e-con-inner\">\n\t\t\t\t<div class=\"elementor-element elementor-element-ae1200b elementor-widget-divider--separator-type-pattern elementor-widget-divider--no-spacing elementor-widget-divider--view-line elementor-widget elementor-widget-divider\" data-id=\"ae1200b\" data-element_type=\"widget\" data-e-type=\"widget\" data-widget_type=\"divider.default\">\n\t\t\t\t<div class=\"elementor-widget-container\">\n\t\t\t\t\t\t\t<div class=\"elementor-divider\" style=\"--divider-pattern-url: url(&quot;data:image\/svg+xml,%3Csvg xmlns=&#039;http:\/\/www.w3.org\/2000\/svg&#039; preserveAspectRatio=&#039;xMidYMid meet&#039; overflow=&#039;visible&#039; height=&#039;100%&#039; viewBox=&#039;0 0 126 26&#039; fill=&#039;black&#039; stroke=&#039;none&#039;%3E%3Cpath d=&#039;M3,10.2c2.6,0,2.6,2,2.6,3.2S4.4,16.5,3,16.5s-3-1.4-3-3.2S0.4,10.2,3,10.2z M18.8,10.2c1.7,0,3.2,1.4,3.2,3.2s-1.4,3.2-3.2,3.2c-1.7,0-3.2-1.4-3.2-3.2S17,10.2,18.8,10.2z M34.6,10.2c1.5,0,2.6,1.4,2.6,3.2s-0.5,3.2-1.9,3.2c-1.5,0-3.4-1.4-3.4-3.2S33.1,10.2,34.6,10.2z M50.5,10.2c1.7,0,3.2,1.4,3.2,3.2s-1.4,3.2-3.2,3.2c-1.7,0-3.3-0.9-3.3-2.6S48.7,10.2,50.5,10.2z M66.2,10.2c1.5,0,3.4,1.4,3.4,3.2s-1.9,3.2-3.4,3.2c-1.5,0-2.6-0.4-2.6-2.1S64.8,10.2,66.2,10.2z M82.2,10.2c1.7,0.8,2.6,1.4,2.6,3.2s-0.1,3.2-1.6,3.2c-1.5,0-3.7-1.4-3.7-3.2S80.5,9.4,82.2,10.2zM98.6,10.2c1.5,0,2.6,0.4,2.6,2.1s-1.2,4.2-2.6,4.2c-1.5,0-3.7-0.4-3.7-2.1S97.1,10.2,98.6,10.2z M113.4,10.2c1.2,0,2.2,0.9,2.2,3.2s-0.1,3.2-1.3,3.2s-3.1-1.4-3.1-3.2S112.2,10.2,113.4,10.2z&#039;\/%3E%3C\/svg%3E&quot;);\">\n\t\t\t<span class=\"elementor-divider-separator\">\n\t\t\t\t\t\t<\/span>\n\t\t<\/div>\n\t\t\t\t\t\t<\/div>\n\t\t\t\t<\/div>\n\t\t\t\t<div class=\"elementor-element elementor-element-d3e7005 elementor-grid-3 elementor-grid-tablet-2 elementor-grid-mobile-1 elementor-posts--thumbnail-top elementor-posts--show-avatar elementor-card-shadow-yes elementor-posts__hover-gradient elementor-widget elementor-widget-posts\" data-id=\"d3e7005\" data-element_type=\"widget\" data-e-type=\"widget\" data-settings=\"{&quot;cards_columns&quot;:&quot;3&quot;,&quot;cards_columns_tablet&quot;:&quot;2&quot;,&quot;cards_columns_mobile&quot;:&quot;1&quot;,&quot;cards_row_gap&quot;:{&quot;unit&quot;:&quot;px&quot;,&quot;size&quot;:35,&quot;sizes&quot;:[]},&quot;cards_row_gap_tablet&quot;:{&quot;unit&quot;:&quot;px&quot;,&quot;size&quot;:&quot;&quot;,&quot;sizes&quot;:[]},&quot;cards_row_gap_mobile&quot;:{&quot;unit&quot;:&quot;px&quot;,&quot;size&quot;:&quot;&quot;,&quot;sizes&quot;:[]}}\" data-widget_type=\"posts.cards\">\n\t\t\t\t<div class=\"elementor-widget-container\">\n\t\t\t\t\t\t\t<div class=\"elementor-posts-container elementor-posts elementor-posts--skin-cards elementor-grid\" role=\"list\">\n\t\t\t\t<article class=\"elementor-post elementor-grid-item post-11324 post type-post status-publish format-standard has-post-thumbnail hentry category-news-politik tag-mietanstieg-spanien-2026 tag-mieterhoehung-spanien-2-prozent tag-mietpreise-spanien-2026 tag-mietvertrag-spanien-verlaengern\" role=\"listitem\">\n\t\t\t<div class=\"elementor-post__card\">\n\t\t\t\t<a class=\"elementor-post__thumbnail__link\" href=\"https:\/\/costablanca-magazin.com\/es\/lokales\/news-politik\/neues-boe-dekret-mietanstieg-spanien-bis-2027-auf-2-begrenzt\/\" tabindex=\"-1\" ><div class=\"elementor-post__thumbnail\"><img fetchpriority=\"high\" decoding=\"async\" width=\"890\" height=\"421\" src=\"https:\/\/costablanca-magazin.com\/wp-content\/uploads\/2026\/02\/bauen-und-wohnen-mallorca-inselmagazin-haus-e1771429547307.jpg\" class=\"attachment-2048x2048 size-2048x2048 wp-image-10778\" alt=\"NRUA 2026 en la Costa Blanca: requisitos de registro, normas fiscales y riesgos para los propietarios vacacionales\" srcset=\"https:\/\/costablanca-magazin.com\/wp-content\/uploads\/2026\/02\/bauen-und-wohnen-mallorca-inselmagazin-haus-e1771429547307.jpg 890w, https:\/\/costablanca-magazin.com\/wp-content\/uploads\/2026\/02\/bauen-und-wohnen-mallorca-inselmagazin-haus-e1771429547307-300x142.jpg 300w, https:\/\/costablanca-magazin.com\/wp-content\/uploads\/2026\/02\/bauen-und-wohnen-mallorca-inselmagazin-haus-e1771429547307-768x363.jpg 768w, https:\/\/costablanca-magazin.com\/wp-content\/uploads\/2026\/02\/bauen-und-wohnen-mallorca-inselmagazin-haus-e1771429547307-18x9.jpg 18w\" sizes=\"(max-width: 890px) 100vw, 890px\" \/><\/div><\/a>\n\t\t\t\t<div class=\"elementor-post__badge\">Noticias y pol\u00edtica<\/div>\n\t\t\t\t<div class=\"elementor-post__avatar\">\n\t\t\t\t\t<\/div>\n\t\t\t\t<div class=\"elementor-post__text\">\n\t\t\t\t<span class=\"elementor-post__title\">\n\t\t\t<a href=\"https:\/\/costablanca-magazin.com\/es\/lokales\/news-politik\/neues-boe-dekret-mietanstieg-spanien-bis-2027-auf-2-begrenzt\/\" >\n\t\t\t\tNuevo decreto del BOE: La subida del alquiler en Espa\u00f1a se limita a 2 % para 2027\t\t\t<\/a>\n\t\t<\/span>\n\t\t\t\t<div class=\"elementor-post__excerpt\">\n\t\t\t<p>Nuevo decreto del BOE: las subidas de alquiler en Espa\u00f1a se limitan a 2 % hasta 2027 Nuevo decreto del BOE: las subidas de alquiler en Espa\u00f1a se limitan a 2 %<\/p>\n\t\t<\/div>\n\t\t\n\t\t<a class=\"elementor-post__read-more\" href=\"https:\/\/costablanca-magazin.com\/es\/lokales\/news-politik\/neues-boe-dekret-mietanstieg-spanien-bis-2027-auf-2-begrenzt\/\" aria-label=\"M\u00e1s informaci\u00f3n sobre Neues BOE-Dekret: Mietanstieg Spanien bis 2027 auf 2 % begrenzt\" tabindex=\"-1\" >\n\t\t\tLeer m\u00e1s \u00bb\t\t<\/a>\n\n\t\t\t\t<\/div>\n\t\t\t\t\t<\/div>\n\t\t<\/article>\n\t\t\t\t<article class=\"elementor-post elementor-grid-item post-11315 post type-post status-publish format-standard has-post-thumbnail hentry category-news-politik tag-dieselpreis-spanien tag-energiekosten-costa-blanca tag-energiekrise-spanien-2026 tag-preise-spanien-aktuell tag-stromkosten-spanien-senkung\" role=\"listitem\">\n\t\t\t<div class=\"elementor-post__card\">\n\t\t\t\t<a class=\"elementor-post__thumbnail__link\" href=\"https:\/\/costablanca-magazin.com\/es\/lokales\/news-politik\/mehrwertsteuer-auf-energie-in-spanien-soll-sinken\/\" tabindex=\"-1\" ><div class=\"elementor-post__thumbnail\"><img decoding=\"async\" width=\"1000\" height=\"562\" src=\"https:\/\/costablanca-magazin.com\/wp-content\/uploads\/2026\/03\/Tankstelle.jpg\" class=\"attachment-2048x2048 size-2048x2048 wp-image-11317\" alt=\"Reducci\u00f3n del impuesto sobre el valor a\u00f1adido de la energ\u00eda en Espa\u00f1a\" srcset=\"https:\/\/costablanca-magazin.com\/wp-content\/uploads\/2026\/03\/Tankstelle.jpg 1000w, https:\/\/costablanca-magazin.com\/wp-content\/uploads\/2026\/03\/Tankstelle-300x169.jpg 300w, https:\/\/costablanca-magazin.com\/wp-content\/uploads\/2026\/03\/Tankstelle-768x432.jpg 768w, https:\/\/costablanca-magazin.com\/wp-content\/uploads\/2026\/03\/Tankstelle-18x10.jpg 18w\" sizes=\"(max-width: 1000px) 100vw, 1000px\" \/><\/div><\/a>\n\t\t\t\t<div class=\"elementor-post__badge\">Noticias y pol\u00edtica<\/div>\n\t\t\t\t<div class=\"elementor-post__avatar\">\n\t\t\t\t\t<\/div>\n\t\t\t\t<div class=\"elementor-post__text\">\n\t\t\t\t<span class=\"elementor-post__title\">\n\t\t\t<a href=\"https:\/\/costablanca-magazin.com\/es\/lokales\/news-politik\/mehrwertsteuer-auf-energie-in-spanien-soll-sinken\/\" >\n\t\t\t\tReducci\u00f3n del impuesto sobre el valor a\u00f1adido de la energ\u00eda en Espa\u00f1a\t\t\t<\/a>\n\t\t<\/span>\n\t\t\t\t<div class=\"elementor-post__excerpt\">\n\t\t\t<p>El IVA de la energ\u00eda bajar\u00e1 en Espa\u00f1a El IVA de la electricidad, el gas y los carburantes se reducir\u00e1 al 10 %<\/p>\n\t\t<\/div>\n\t\t\n\t\t<a class=\"elementor-post__read-more\" href=\"https:\/\/costablanca-magazin.com\/es\/lokales\/news-politik\/mehrwertsteuer-auf-energie-in-spanien-soll-sinken\/\" aria-label=\"M\u00e1s informaci\u00f3n sobre Mehrwertsteuer auf Energie in Spanien soll sinken\" tabindex=\"-1\" >\n\t\t\tLeer m\u00e1s \u00bb\t\t<\/a>\n\n\t\t\t\t<\/div>\n\t\t\t\t\t<\/div>\n\t\t<\/article>\n\t\t\t\t<article class=\"elementor-post elementor-grid-item post-10880 post type-post status-publish format-standard has-post-thumbnail hentry category-news-politik tag-handelskonflikt-usa-spanien tag-lng-spanien-usa tag-olivenoel-export-usa tag-spanien-export-usa tag-trump-spanien-handelsstopp tag-usa-spanien-handel\" role=\"listitem\">\n\t\t\t<div class=\"elementor-post__card\">\n\t\t\t\t<a class=\"elementor-post__thumbnail__link\" href=\"https:\/\/costablanca-magazin.com\/es\/lokales\/news-politik\/usa-spanien-trump-droht-mit-handelsstopp\/\" tabindex=\"-1\" ><div class=\"elementor-post__thumbnail\"><img decoding=\"async\" width=\"1200\" height=\"392\" src=\"https:\/\/costablanca-magazin.com\/wp-content\/uploads\/2026\/03\/shutterstock_2612600915-e1772633400837.jpg\" class=\"attachment-2048x2048 size-2048x2048 wp-image-10878\" alt=\"Comercio - La amenaza de Trump contra Espa\u00f1a @shutterstock_2612600915\" srcset=\"https:\/\/costablanca-magazin.com\/wp-content\/uploads\/2026\/03\/shutterstock_2612600915-e1772633400837.jpg 1200w, https:\/\/costablanca-magazin.com\/wp-content\/uploads\/2026\/03\/shutterstock_2612600915-e1772633400837-300x98.jpg 300w, https:\/\/costablanca-magazin.com\/wp-content\/uploads\/2026\/03\/shutterstock_2612600915-e1772633400837-1024x335.jpg 1024w, https:\/\/costablanca-magazin.com\/wp-content\/uploads\/2026\/03\/shutterstock_2612600915-e1772633400837-768x251.jpg 768w, https:\/\/costablanca-magazin.com\/wp-content\/uploads\/2026\/03\/shutterstock_2612600915-e1772633400837-18x6.jpg 18w\" sizes=\"(max-width: 1200px) 100vw, 1200px\" \/><\/div><\/a>\n\t\t\t\t<div class=\"elementor-post__badge\">Noticias y pol\u00edtica<\/div>\n\t\t\t\t<div class=\"elementor-post__avatar\">\n\t\t\t\t\t<\/div>\n\t\t\t\t<div class=\"elementor-post__text\">\n\t\t\t\t<span class=\"elementor-post__title\">\n\t\t\t<a href=\"https:\/\/costablanca-magazin.com\/es\/lokales\/news-politik\/usa-spanien-trump-droht-mit-handelsstopp\/\" >\n\t\t\t\tEEUU-Espa\u00f1a - Trump amenaza con prohibir el comercio\t\t\t<\/a>\n\t\t<\/span>\n\t\t\t\t<div class=\"elementor-post__excerpt\">\n\t\t\t<p>EEUU-Espa\u00f1a - Trump amenaza con un veto comercial Trump amenaza a Espa\u00f1a con un veto comercial. Cifras sobre exportaciones, GNL, aceite de oliva y posibles consecuencias<\/p>\n\t\t<\/div>\n\t\t\n\t\t<a class=\"elementor-post__read-more\" href=\"https:\/\/costablanca-magazin.com\/es\/lokales\/news-politik\/usa-spanien-trump-droht-mit-handelsstopp\/\" aria-label=\"M\u00e1s informaci\u00f3n sobre USA\u2013Spanien &#8211; Trump droht mit Handelsstopp\" tabindex=\"-1\" >\n\t\t\tLeer m\u00e1s \u00bb\t\t<\/a>\n\n\t\t\t\t<\/div>\n\t\t\t\t\t<\/div>\n\t\t<\/article>\n\t\t\t\t<\/div>\n\t\t\n\t\t\t\t\t\t<\/div>\n\t\t\t\t<\/div>\n\t\t\t\t\t<\/div>\n\t\t\t\t<\/div>\n\t\t\t\t<\/div>","protected":false},"excerpt":{"rendered":"<p>Iran-Konflikt und Flugpreise: Was Alicante und Valencia wirklich erwartet Krieg, Kerosin, Tickets: Was der Iran-Konflikt f\u00fcr Fl\u00fcge nach Alicante und Valencia wirklich bedeutet H\u00f6here Kosten, viel Nervosit\u00e4t \u2013 aber kein Grund f\u00fcr Krisentheater Wer derzeit \u00dcberschriften zum Luftverkehr liest, k\u00f6nnte meinen, in Europa stehe der n\u00e4chste gro\u00dfe Flugstopp schon bereit. Das klingt dramatisch, tr\u00e4gt sich [&hellip;]<\/p>\n","protected":false},"author":1,"featured_media":11406,"comment_status":"closed","ping_status":"closed","sticky":false,"template":"elementor_header_footer","format":"standard","meta":{"footnotes":""},"categories":[12],"tags":[1724,1719,1720,1723,1721,1722],"class_list":["post-11405","post","type-post","status-publish","format-standard","has-post-thumbnail","hentry","category-news-politik","tag-airlines-spanien","tag-fluege-alicante","tag-fluege-valencia","tag-iran-konflikt-flugpreise","tag-jet-fuel-spanien","tag-kerosinpreise-europa"],"aioseo_notices":[],"_links":{"self":[{"href":"https:\/\/costablanca-magazin.com\/es\/wp-json\/wp\/v2\/posts\/11405","targetHints":{"allow":["GET"]}}],"collection":[{"href":"https:\/\/costablanca-magazin.com\/es\/wp-json\/wp\/v2\/posts"}],"about":[{"href":"https:\/\/costablanca-magazin.com\/es\/wp-json\/wp\/v2\/types\/post"}],"author":[{"embeddable":true,"href":"https:\/\/costablanca-magazin.com\/es\/wp-json\/wp\/v2\/users\/1"}],"replies":[{"embeddable":true,"href":"https:\/\/costablanca-magazin.com\/es\/wp-json\/wp\/v2\/comments?post=11405"}],"version-history":[{"count":7,"href":"https:\/\/costablanca-magazin.com\/es\/wp-json\/wp\/v2\/posts\/11405\/revisions"}],"predecessor-version":[{"id":11422,"href":"https:\/\/costablanca-magazin.com\/es\/wp-json\/wp\/v2\/posts\/11405\/revisions\/11422"}],"wp:featuredmedia":[{"embeddable":true,"href":"https:\/\/costablanca-magazin.com\/es\/wp-json\/wp\/v2\/media\/11406"}],"wp:attachment":[{"href":"https:\/\/costablanca-magazin.com\/es\/wp-json\/wp\/v2\/media?parent=11405"}],"wp:term":[{"taxonomy":"category","embeddable":true,"href":"https:\/\/costablanca-magazin.com\/es\/wp-json\/wp\/v2\/categories?post=11405"},{"taxonomy":"post_tag","embeddable":true,"href":"https:\/\/costablanca-magazin.com\/es\/wp-json\/wp\/v2\/tags?post=11405"}],"curies":[{"name":"wp","href":"https:\/\/api.w.org\/{rel}","templated":true}]}}