{"id":10852,"date":"2026-03-07T09:00:00","date_gmt":"2026-03-07T08:00:00","guid":{"rendered":"https:\/\/costablanca-magazin.com\/?p=10852"},"modified":"2026-04-30T07:28:14","modified_gmt":"2026-04-30T05:28:14","slug":"matriculacion-de-vehiculos-en-la-costa-blanca-2026","status":"publish","type":"post","link":"https:\/\/costablanca-magazin.com\/es\/residenten\/mobilitaet-verkehr\/fahrzeugummeldung-an-der-costa-blanca-2026\/","title":{"rendered":"Matriculaci\u00f3n de veh\u00edculos en la Costa Blanca 2026"},"content":{"rendered":"<div data-elementor-type=\"wp-post\" data-elementor-id=\"10852\" class=\"elementor elementor-10852\" data-elementor-post-type=\"post\">\n\t\t\t\t<div class=\"elementor-element elementor-element-c3222ec e-flex e-con-boxed e-con e-parent\" data-id=\"c3222ec\" data-element_type=\"container\" data-e-type=\"container\">\n\t\t\t\t\t<div class=\"e-con-inner\">\n\t\t\t\t<div class=\"elementor-element elementor-element-47271da elementor-widget elementor-widget-heading\" data-id=\"47271da\" data-element_type=\"widget\" data-e-type=\"widget\" data-widget_type=\"heading.default\">\n\t\t\t\t<div class=\"elementor-widget-container\">\n\t\t\t\t\t<h1 class=\"elementor-heading-title elementor-size-default\"> Matriculaci\u00f3n de veh\u00edculos en la Costa Blanca - tr\u00e1mites, costes y fechas DGT<\/h1>\t\t\t\t<\/div>\n\t\t\t\t<\/div>\n\t\t\t\t<div class=\"elementor-element elementor-element-0fe12ee elementor-widget elementor-widget-image\" data-id=\"0fe12ee\" data-element_type=\"widget\" data-e-type=\"widget\" data-widget_type=\"image.default\">\n\t\t\t\t<div class=\"elementor-widget-container\">\n\t\t\t\t\t\t\t\t\t\t\t\t\t\t\t<img fetchpriority=\"high\" decoding=\"async\" width=\"1200\" height=\"274\" src=\"https:\/\/costablanca-magazin.com\/wp-content\/uploads\/2026\/03\/IMG_8470-e1772545236723.jpg\" class=\"attachment-full size-full wp-image-10860\" alt=\"Rematriculaci\u00f3n de veh\u00edculos en la Costa Blanca\" srcset=\"https:\/\/costablanca-magazin.com\/wp-content\/uploads\/2026\/03\/IMG_8470-e1772545236723.jpg 1200w, https:\/\/costablanca-magazin.com\/wp-content\/uploads\/2026\/03\/IMG_8470-e1772545236723-300x69.jpg 300w, https:\/\/costablanca-magazin.com\/wp-content\/uploads\/2026\/03\/IMG_8470-e1772545236723-1024x234.jpg 1024w, https:\/\/costablanca-magazin.com\/wp-content\/uploads\/2026\/03\/IMG_8470-e1772545236723-768x175.jpg 768w, https:\/\/costablanca-magazin.com\/wp-content\/uploads\/2026\/03\/IMG_8470-e1772545236723-18x4.jpg 18w\" sizes=\"(max-width: 1200px) 100vw, 1200px\" \/>\t\t\t\t\t\t\t\t\t\t\t\t\t\t\t<\/div>\n\t\t\t\t<\/div>\n\t\t\t\t\t<\/div>\n\t\t\t\t<\/div>\n\t\t<div class=\"elementor-element elementor-element-3e9f4a2 e-flex e-con-boxed e-con e-parent\" data-id=\"3e9f4a2\" data-element_type=\"container\" data-e-type=\"container\">\n\t\t\t\t\t<div class=\"e-con-inner\">\n\t\t\t\t<div class=\"elementor-element elementor-element-e0f7998 elementor-widget elementor-widget-heading\" data-id=\"e0f7998\" data-element_type=\"widget\" data-e-type=\"widget\" data-widget_type=\"heading.default\">\n\t\t\t\t<div class=\"elementor-widget-container\">\n\t\t\t\t\t<h2 class=\"elementor-heading-title elementor-size-default\">Matricule su veh\u00edculo en la Costa Blanca: ITV, impuesto de matriculaci\u00f3n, DGT Alicante y costes de un vistazo. Gu\u00eda para residentes en la provincia de Alicante.<\/h2>\t\t\t\t<\/div>\n\t\t\t\t<\/div>\n\t\t\t\t\t<\/div>\n\t\t\t\t<\/div>\n\t\t<div class=\"elementor-element elementor-element-9f469d4 e-flex e-con-boxed e-con e-parent\" data-id=\"9f469d4\" data-element_type=\"container\" data-e-type=\"container\">\n\t\t\t\t\t<div class=\"e-con-inner\">\n\t\t<div class=\"elementor-element elementor-element-c8ad0e2 e-con-full e-flex e-con e-child\" data-id=\"c8ad0e2\" data-element_type=\"container\" data-e-type=\"container\">\n\t\t\t\t<div class=\"elementor-element elementor-element-825ab37 elementor-widget elementor-widget-text-editor\" data-id=\"825ab37\" data-element_type=\"widget\" data-e-type=\"widget\" data-widget_type=\"text-editor.default\">\n\t\t\t\t<div class=\"elementor-widget-container\">\n\t\t\t\t\t\t\t\t\t<p>Cualquiera que traslade su lugar de residencia a la Costa Blanca -ya sea a D\u00e9nia, J\u00e1vea, Calpe, Benidorm o La Zenia- debe tambi\u00e9n reempadronar su propio veh\u00edculo: un coche matriculado en Alemania no puede circular permanentemente en Espa\u00f1a con matr\u00edcula extranjera. El plazo para la rematriculaci\u00f3n comienza a m\u00e1s tardar despu\u00e9s del registro oficial como residente.<\/p><p>Las autoridades espa\u00f1olas realizan controles rigurosos. Quien no matricule correctamente su veh\u00edculo se arriesga a multas, inmovilizaci\u00f3n o problemas con la compa\u00f1\u00eda de seguros en caso de da\u00f1os.<\/p><p><strong>Por qu\u00e9 es obligatorio el permiso espa\u00f1ol<br \/><\/strong>Desde el momento en que un veh\u00edculo se utiliza de forma permanente en Espa\u00f1a, se considera estacionado en Espa\u00f1a a efectos fiscales y de la legislaci\u00f3n de tr\u00e1fico. Esto se aplica no s\u00f3lo al n\u00famero de matr\u00edcula, sino tambi\u00e9n:<\/p><ul><li>P\u00f3lizas de seguros<\/li><li>Intervalos de inspecci\u00f3n t\u00e9cnica<\/li><li>Impuestos municipales sobre veh\u00edculos de motor<\/li><\/ul><p>Una licencia espa\u00f1ola garantiza la seguridad jur\u00eddica y evita discusiones innecesarias durante los controles de tr\u00e1fico.<\/p><p><strong>El proceso paso a paso<\/strong><\/p><ol><li><strong>Inspecci\u00f3n t\u00e9cnica en ITV<br \/><\/strong>ITV<br \/>Nada funciona sin haber pasado la inspecci\u00f3n t\u00e9cnica. La ITV comprueba si el veh\u00edculo cumple la normativa espa\u00f1ola. Se requiere la documentaci\u00f3n original del veh\u00edculo y, si est\u00e1 disponible, el Certificado de Conformidad Europeo (CoC). Una vez superada la inspecci\u00f3n, se expide la ficha t\u00e9cnica espa\u00f1ola.<\/li><\/ol><ol start=\"2\"><li><strong>Impuesto de Matriculaci\u00f3n<br \/><\/strong>Agencia Tributaria<br \/>El importe del impuesto de matriculaci\u00f3n depende de las emisiones de CO\u2082 y del valor del veh\u00edculo. El pago se realiza en la Agencia Tributaria espa\u00f1ola. El justificante de pago es un requisito previo para la tramitaci\u00f3n posterior.<\/li><\/ol><ol start=\"3\"><li><strong>Impuesto municipal sobre veh\u00edculos<br \/><\/strong>Impuesto sobre Veh\u00edculos de Tracci\u00f3n Mec\u00e1nica<br \/>Este impuesto anual se paga al municipio correspondiente, por ejemplo en D\u00e9nia, Benidorm u Orihuela. El importe var\u00eda en funci\u00f3n de la potencia del motor y del municipio.<\/li><\/ol>\t\t\t\t\t\t\t\t<\/div>\n\t\t\t\t<\/div>\n\t\t\t\t<\/div>\n\t\t<div class=\"elementor-element elementor-element-07f595a e-con-full e-flex e-con e-child\" data-id=\"07f595a\" data-element_type=\"container\" data-e-type=\"container\">\n\t\t\t\t<div class=\"elementor-element elementor-element-82691c3 elementor-widget elementor-widget-text-editor\" data-id=\"82691c3\" data-element_type=\"widget\" data-e-type=\"widget\" data-widget_type=\"text-editor.default\">\n\t\t\t\t<div class=\"elementor-widget-container\">\n\t\t\t\t\t\t\t\t\t<ol start=\"4\"><li><strong>Cita con la autoridad de transporte - DGT Fechas\u00a0<br \/><\/strong>Direcci\u00f3n General de Tr\u00e1fico<br \/>Lleve todos los documentos a la autoridad responsable del transporte (DGT) en la provincia de Alicante.<br \/>Entre otras cosas, necesitar\u00e1<\/li><\/ol><ul><li>Permiso de circulaci\u00f3n y permiso de circulaci\u00f3n (originales)<\/li><li>N\u00famero NIE<\/li><li>Empadronamiento<\/li><li>Documento de identidad o pasaporte<\/li><li>Documentos fiscales<\/li><li>Verificaci\u00f3n ITV<\/li><\/ul><p>Las placas de matr\u00edcula espa\u00f1olas se expiden tras una tramitaci\u00f3n satisfactoria.<\/p><p><strong>\u00bfQu\u00e9 costes cabe esperar?<br \/><\/strong>En funci\u00f3n del tipo de veh\u00edculo y del valor de las emisiones, los costes totales suelen oscilar entre 1.000 y 1.000 euros. <strong>600 y 1.200 euros<\/strong>.<br \/>Art\u00edculos t\u00edpicos:<\/p><ul><li>ITV: aprox. 50-120<\/li><li>Impuesto de matriculaci\u00f3n: en funci\u00f3n del valor del CO\u2082.<\/li><li>Impuesto municipal: seg\u00fan el municipio<\/li><li>Tasas de la DGT: unos 100 euros<\/li><li>Matr\u00edculas: unos 20-40<\/li><\/ul><p><strong><br \/>Gestor\u00eda: delegar en lugar de organizarse uno mismo<br \/><\/strong>SAB - Agencia de Servicios Baierle<br \/>Si no quiere abrirse camino usted mismo entre formularios fiscales, citas y el idioma espa\u00f1ol de las autoridades, contrate una gestor\u00eda. Ellos se encargar\u00e1n de todo el proceso, por una tarifa que oscila entre 150 y 300 euros. Esto ahorra tiempo y evita errores formales, sobre todo a los nuevos residentes.<br \/>La rematriculaci\u00f3n de un veh\u00edculo no es una aventura burocr\u00e1tica, pero requiere estructura y documentaci\u00f3n completa. Cualquiera que conozca el procedimiento o recurra a ayuda profesional podr\u00e1 completar el proceso en un tiempo razonable.<br \/>Y s\u00f3lo con matr\u00edcula espa\u00f1ola ha llegado formalmente donde muchos llevan mucho tiempo: en el d\u00eda a d\u00eda entre la Marina Alta y la Marina Baixa.<\/p>\t\t\t\t\t\t\t\t<\/div>\n\t\t\t\t<\/div>\n\t\t\t\t<\/div>\n\t\t\t\t\t<\/div>\n\t\t\t\t<\/div>\n\t\t<div class=\"elementor-element elementor-element-0d1c892 e-flex e-con-boxed e-con e-parent\" data-id=\"0d1c892\" data-element_type=\"container\" data-e-type=\"container\">\n\t\t\t\t\t<div class=\"e-con-inner\">\n\t\t\t\t<div class=\"elementor-element elementor-element-dcc9dc7 elementor-share-buttons--view-icon elementor-share-buttons--shape-rounded elementor-share-buttons--skin-gradient elementor-grid-0 elementor-share-buttons--color-official elementor-widget elementor-widget-share-buttons\" data-id=\"dcc9dc7\" data-element_type=\"widget\" data-e-type=\"widget\" data-widget_type=\"share-buttons.default\">\n\t\t\t\t<div class=\"elementor-widget-container\">\n\t\t\t\t\t\t\t<div class=\"elementor-grid\" role=\"list\">\n\t\t\t\t\t\t\t\t<div class=\"elementor-grid-item\" role=\"listitem\">\n\t\t\t\t\t\t<div class=\"elementor-share-btn elementor-share-btn_facebook\" role=\"button\" tabindex=\"0\" aria-label=\"Compartir en facebook\">\n\t\t\t\t\t\t\t\t\t\t\t\t\t\t\t<span class=\"elementor-share-btn__icon\">\n\t\t\t\t\t\t\t\t<svg aria-hidden=\"true\" class=\"e-font-icon-svg e-fab-facebook\" viewbox=\"0 0 512 512\" xmlns=\"http:\/\/www.w3.org\/2000\/svg\"><path d=\"M504 256C504 119 393 8 256 8S8 119 8 256c0 123.78 90.69 226.38 209.25 245V327.69h-63V256h63v-54.64c0-62.15 37-96.48 93.67-96.48 27.14 0 55.52 4.84 55.52 4.84v61h-31.28c-30.8 0-40.41 19.12-40.41 38.73V256h68.78l-11 71.69h-57.78V501C413.31 482.38 504 379.78 504 256z\"><\/path><\/svg>\t\t\t\t\t\t\t<\/span>\n\t\t\t\t\t\t\t\t\t\t\t\t\t\t\t\t\t\t\t\t<\/div>\n\t\t\t\t\t<\/div>\n\t\t\t\t\t\t\t\t\t<div class=\"elementor-grid-item\" role=\"listitem\">\n\t\t\t\t\t\t<div class=\"elementor-share-btn elementor-share-btn_pinterest\" role=\"button\" tabindex=\"0\" aria-label=\"Compartir en pinterest\">\n\t\t\t\t\t\t\t\t\t\t\t\t\t\t\t<span class=\"elementor-share-btn__icon\">\n\t\t\t\t\t\t\t\t<svg aria-hidden=\"true\" class=\"e-font-icon-svg e-fab-pinterest\" viewbox=\"0 0 496 512\" xmlns=\"http:\/\/www.w3.org\/2000\/svg\"><path d=\"M496 256c0 137-111 248-248 248-25.6 0-50.2-3.9-73.4-11.1 10.1-16.5 25.2-43.5 30.8-65 3-11.6 15.4-59 15.4-59 8.1 15.4 31.7 28.5 56.8 28.5 74.8 0 128.7-68.8 128.7-154.3 0-81.9-66.9-143.2-152.9-143.2-107 0-163.9 71.8-163.9 150.1 0 36.4 19.4 81.7 50.3 96.1 4.7 2.2 7.2 1.2 8.3-3.3.8-3.4 5-20.3 6.9-28.1.6-2.5.3-4.7-1.7-7.1-10.1-12.5-18.3-35.3-18.3-56.6 0-54.7 41.4-107.6 112-107.6 60.9 0 103.6 41.5 103.6 100.9 0 67.1-33.9 113.6-78 113.6-24.3 0-42.6-20.1-36.7-44.8 7-29.5 20.5-61.3 20.5-82.6 0-19-10.2-34.9-31.4-34.9-24.9 0-44.9 25.7-44.9 60.2 0 22 7.4 36.8 7.4 36.8s-24.5 103.8-29 123.2c-5 21.4-3 51.6-.9 71.2C65.4 450.9 0 361.1 0 256 0 119 111 8 248 8s248 111 248 248z\"><\/path><\/svg>\t\t\t\t\t\t\t<\/span>\n\t\t\t\t\t\t\t\t\t\t\t\t\t\t\t\t\t\t\t\t<\/div>\n\t\t\t\t\t<\/div>\n\t\t\t\t\t\t\t\t\t<div class=\"elementor-grid-item\" role=\"listitem\">\n\t\t\t\t\t\t<div class=\"elementor-share-btn elementor-share-btn_x-twitter\" role=\"button\" tabindex=\"0\" aria-label=\"Compartir en x-twitter\">\n\t\t\t\t\t\t\t\t\t\t\t\t\t\t\t<span class=\"elementor-share-btn__icon\">\n\t\t\t\t\t\t\t\t<svg aria-hidden=\"true\" class=\"e-font-icon-svg e-fab-x-twitter\" viewbox=\"0 0 512 512\" xmlns=\"http:\/\/www.w3.org\/2000\/svg\"><path d=\"M389.2 48h70.6L305.6 224.2 487 464H345L233.7 318.6 106.5 464H35.8L200.7 275.5 26.8 48H172.4L272.9 180.9 389.2 48zM364.4 421.8h39.1L151.1 88h-42L364.4 421.8z\"><\/path><\/svg>\t\t\t\t\t\t\t<\/span>\n\t\t\t\t\t\t\t\t\t\t\t\t\t\t\t\t\t\t\t\t<\/div>\n\t\t\t\t\t<\/div>\n\t\t\t\t\t\t\t\t\t<div class=\"elementor-grid-item\" role=\"listitem\">\n\t\t\t\t\t\t<div class=\"elementor-share-btn elementor-share-btn_whatsapp\" role=\"button\" tabindex=\"0\" aria-label=\"Compartir en whatsapp\">\n\t\t\t\t\t\t\t\t\t\t\t\t\t\t\t<span class=\"elementor-share-btn__icon\">\n\t\t\t\t\t\t\t\t<svg aria-hidden=\"true\" class=\"e-font-icon-svg e-fab-whatsapp\" viewbox=\"0 0 448 512\" xmlns=\"http:\/\/www.w3.org\/2000\/svg\"><path d=\"M380.9 97.1C339 55.1 283.2 32 223.9 32c-122.4 0-222 99.6-222 222 0 39.1 10.2 77.3 29.6 111L0 480l117.7-30.9c32.4 17.7 68.9 27 106.1 27h.1c122.3 0 224.1-99.6 224.1-222 0-59.3-25.2-115-67.1-157zm-157 341.6c-33.2 0-65.7-8.9-94-25.7l-6.7-4-69.8 18.3L72 359.2l-4.4-7c-18.5-29.4-28.2-63.3-28.2-98.2 0-101.7 82.8-184.5 184.6-184.5 49.3 0 95.6 19.2 130.4 54.1 34.8 34.9 56.2 81.2 56.1 130.5 0 101.8-84.9 184.6-186.6 184.6zm101.2-138.2c-5.5-2.8-32.8-16.2-37.9-18-5.1-1.9-8.8-2.8-12.5 2.8-3.7 5.6-14.3 18-17.6 21.8-3.2 3.7-6.5 4.2-12 1.4-32.6-16.3-54-29.1-75.5-66-5.7-9.8 5.7-9.1 16.3-30.3 1.8-3.7.9-6.9-.5-9.7-1.4-2.8-12.5-30.1-17.1-41.2-4.5-10.8-9.1-9.3-12.5-9.5-3.2-.2-6.9-.2-10.6-.2-3.7 0-9.7 1.4-14.8 6.9-5.1 5.6-19.4 19-19.4 46.3 0 27.3 19.9 53.7 22.6 57.4 2.8 3.7 39.1 59.7 94.8 83.8 35.2 15.2 49 16.5 66.6 13.9 10.7-1.6 32.8-13.4 37.4-26.4 4.6-13 4.6-24.1 3.2-26.4-1.3-2.5-5-3.9-10.5-6.6z\"><\/path><\/svg>\t\t\t\t\t\t\t<\/span>\n\t\t\t\t\t\t\t\t\t\t\t\t\t\t\t\t\t\t\t\t<\/div>\n\t\t\t\t\t<\/div>\n\t\t\t\t\t\t\t\t\t<div class=\"elementor-grid-item\" role=\"listitem\">\n\t\t\t\t\t\t<div class=\"elementor-share-btn elementor-share-btn_email\" role=\"button\" tabindex=\"0\" aria-label=\"Compartir en email\">\n\t\t\t\t\t\t\t\t\t\t\t\t\t\t\t<span class=\"elementor-share-btn__icon\">\n\t\t\t\t\t\t\t\t<svg aria-hidden=\"true\" class=\"e-font-icon-svg e-fas-envelope\" viewbox=\"0 0 512 512\" xmlns=\"http:\/\/www.w3.org\/2000\/svg\"><path d=\"M502.3 190.8c3.9-3.1 9.7-.2 9.7 4.7V400c0 26.5-21.5 48-48 48H48c-26.5 0-48-21.5-48-48V195.6c0-5 5.7-7.8 9.7-4.7 22.4 17.4 52.1 39.5 154.1 113.6 21.1 15.4 56.7 47.8 92.2 47.6 35.7.3 72-32.8 92.3-47.6 102-74.1 131.6-96.3 154-113.7zM256 320c23.2.4 56.6-29.2 73.4-41.4 132.7-96.3 142.8-104.7 173.4-128.7 5.8-4.5 9.2-11.5 9.2-18.9v-19c0-26.5-21.5-48-48-48H48C21.5 64 0 85.5 0 112v19c0 7.4 3.4 14.3 9.2 18.9 30.6 23.9 40.7 32.4 173.4 128.7 16.8 12.2 50.2 41.8 73.4 41.4z\"><\/path><\/svg>\t\t\t\t\t\t\t<\/span>\n\t\t\t\t\t\t\t\t\t\t\t\t\t\t\t\t\t\t\t\t<\/div>\n\t\t\t\t\t<\/div>\n\t\t\t\t\t\t\t\t\t<div class=\"elementor-grid-item\" role=\"listitem\">\n\t\t\t\t\t\t<div class=\"elementor-share-btn elementor-share-btn_print\" role=\"button\" tabindex=\"0\" aria-label=\"Compartir en print\">\n\t\t\t\t\t\t\t\t\t\t\t\t\t\t\t<span class=\"elementor-share-btn__icon\">\n\t\t\t\t\t\t\t\t<svg aria-hidden=\"true\" class=\"e-font-icon-svg e-fas-print\" viewbox=\"0 0 512 512\" xmlns=\"http:\/\/www.w3.org\/2000\/svg\"><path d=\"M448 192V77.25c0-8.49-3.37-16.62-9.37-22.63L393.37 9.37c-6-6-14.14-9.37-22.63-9.37H96C78.33 0 64 14.33 64 32v160c-35.35 0-64 28.65-64 64v112c0 8.84 7.16 16 16 16h48v96c0 17.67 14.33 32 32 32h320c17.67 0 32-14.33 32-32v-96h48c8.84 0 16-7.16 16-16V256c0-35.35-28.65-64-64-64zm-64 256H128v-96h256v96zm0-224H128V64h192v48c0 8.84 7.16 16 16 16h48v96zm48 72c-13.25 0-24-10.75-24-24 0-13.26 10.75-24 24-24s24 10.74 24 24c0 13.25-10.75 24-24 24z\"><\/path><\/svg>\t\t\t\t\t\t\t<\/span>\n\t\t\t\t\t\t\t\t\t\t\t\t\t\t\t\t\t\t\t\t<\/div>\n\t\t\t\t\t<\/div>\n\t\t\t\t\t\t<\/div>\n\t\t\t\t\t\t<\/div>\n\t\t\t\t<\/div>\n\t\t\t\t<div class=\"elementor-element elementor-element-7de7b0a elementor-widget-divider--separator-type-pattern elementor-widget-divider--no-spacing elementor-widget-divider--view-line elementor-widget elementor-widget-divider\" data-id=\"7de7b0a\" data-element_type=\"widget\" data-e-type=\"widget\" data-widget_type=\"divider.default\">\n\t\t\t\t<div class=\"elementor-widget-container\">\n\t\t\t\t\t\t\t<div class=\"elementor-divider\" style=\"--divider-pattern-url: url(&quot;data:image\/svg+xml,%3Csvg xmlns=&#039;http:\/\/www.w3.org\/2000\/svg&#039; preserveAspectRatio=&#039;xMidYMid meet&#039; overflow=&#039;visible&#039; height=&#039;100%&#039; viewBox=&#039;0 0 126 26&#039; fill=&#039;black&#039; stroke=&#039;none&#039;%3E%3Cpath d=&#039;M3,10.2c2.6,0,2.6,2,2.6,3.2S4.4,16.5,3,16.5s-3-1.4-3-3.2S0.4,10.2,3,10.2z M18.8,10.2c1.7,0,3.2,1.4,3.2,3.2s-1.4,3.2-3.2,3.2c-1.7,0-3.2-1.4-3.2-3.2S17,10.2,18.8,10.2z M34.6,10.2c1.5,0,2.6,1.4,2.6,3.2s-0.5,3.2-1.9,3.2c-1.5,0-3.4-1.4-3.4-3.2S33.1,10.2,34.6,10.2z M50.5,10.2c1.7,0,3.2,1.4,3.2,3.2s-1.4,3.2-3.2,3.2c-1.7,0-3.3-0.9-3.3-2.6S48.7,10.2,50.5,10.2z M66.2,10.2c1.5,0,3.4,1.4,3.4,3.2s-1.9,3.2-3.4,3.2c-1.5,0-2.6-0.4-2.6-2.1S64.8,10.2,66.2,10.2z M82.2,10.2c1.7,0.8,2.6,1.4,2.6,3.2s-0.1,3.2-1.6,3.2c-1.5,0-3.7-1.4-3.7-3.2S80.5,9.4,82.2,10.2zM98.6,10.2c1.5,0,2.6,0.4,2.6,2.1s-1.2,4.2-2.6,4.2c-1.5,0-3.7-0.4-3.7-2.1S97.1,10.2,98.6,10.2z M113.4,10.2c1.2,0,2.2,0.9,2.2,3.2s-0.1,3.2-1.3,3.2s-3.1-1.4-3.1-3.2S112.2,10.2,113.4,10.2z&#039;\/%3E%3C\/svg%3E&quot;);\">\n\t\t\t<span class=\"elementor-divider-separator\">\n\t\t\t\t\t\t<\/span>\n\t\t<\/div>\n\t\t\t\t\t\t<\/div>\n\t\t\t\t<\/div>\n\t\t\t\t<div class=\"elementor-element elementor-element-e7c04a0 elementor-grid-3 elementor-grid-tablet-2 elementor-grid-mobile-1 elementor-posts--thumbnail-top elementor-posts--show-avatar elementor-card-shadow-yes elementor-posts__hover-gradient elementor-widget elementor-widget-posts\" data-id=\"e7c04a0\" data-element_type=\"widget\" data-e-type=\"widget\" data-settings=\"{&quot;cards_columns&quot;:&quot;3&quot;,&quot;cards_columns_tablet&quot;:&quot;2&quot;,&quot;cards_columns_mobile&quot;:&quot;1&quot;,&quot;cards_row_gap&quot;:{&quot;unit&quot;:&quot;px&quot;,&quot;size&quot;:35,&quot;sizes&quot;:[]},&quot;cards_row_gap_tablet&quot;:{&quot;unit&quot;:&quot;px&quot;,&quot;size&quot;:&quot;&quot;,&quot;sizes&quot;:[]},&quot;cards_row_gap_mobile&quot;:{&quot;unit&quot;:&quot;px&quot;,&quot;size&quot;:&quot;&quot;,&quot;sizes&quot;:[]}}\" data-widget_type=\"posts.cards\">\n\t\t\t\t<div class=\"elementor-widget-container\">\n\t\t\t\t\t\t\t<div class=\"elementor-posts-container elementor-posts elementor-posts--skin-cards elementor-grid\" role=\"list\">\n\t\t\t\t<article class=\"elementor-post elementor-grid-item post-10539 post type-post status-publish format-standard has-post-thumbnail hentry category-mobilitaet-verkehr tag-bussgeld-e-scooter tag-costa-blanca-e-scooter tag-e-scooter-registrierung tag-e-scooter-spanien tag-e-scooter-versicherung-spanien tag-gesetz-5-2025 tag-vmp-register-dgt\" role=\"listitem\">\n\t\t\t<div class=\"elementor-post__card\">\n\t\t\t\t<a class=\"elementor-post__thumbnail__link\" href=\"https:\/\/costablanca-magazin.com\/es\/residenten\/mobilitaet-verkehr\/e-scooter-neues-register-und-versicherungspflicht-ab-2026-in-spanien\/\" tabindex=\"-1\" ><div class=\"elementor-post__thumbnail\"><img decoding=\"async\" width=\"800\" height=\"534\" src=\"https:\/\/costablanca-magazin.com\/wp-content\/uploads\/2026\/02\/patinete-mallorca-y-costa-blanca-1024x683.jpg\" class=\"attachment-large size-large wp-image-10540\" alt=\"E-scooters: nuevo registro y seguro obligatorio a partir de 2026 en Espa\u00f1a\" srcset=\"https:\/\/costablanca-magazin.com\/wp-content\/uploads\/2026\/02\/patinete-mallorca-y-costa-blanca-1024x683.jpg 1024w, https:\/\/costablanca-magazin.com\/wp-content\/uploads\/2026\/02\/patinete-mallorca-y-costa-blanca-300x200.jpg 300w, https:\/\/costablanca-magazin.com\/wp-content\/uploads\/2026\/02\/patinete-mallorca-y-costa-blanca-768x512.jpg 768w, https:\/\/costablanca-magazin.com\/wp-content\/uploads\/2026\/02\/patinete-mallorca-y-costa-blanca-1536x1025.jpg 1536w, https:\/\/costablanca-magazin.com\/wp-content\/uploads\/2026\/02\/patinete-mallorca-y-costa-blanca-18x12.jpg 18w\" sizes=\"(max-width: 800px) 100vw, 800px\" \/><\/div><\/a>\n\t\t\t\t<div class=\"elementor-post__badge\">Movilidad y transporte<\/div>\n\t\t\t\t<div class=\"elementor-post__avatar\">\n\t\t\t\t\t<\/div>\n\t\t\t\t<div class=\"elementor-post__text\">\n\t\t\t\t<h3 class=\"elementor-post__title\">\n\t\t\t<a href=\"https:\/\/costablanca-magazin.com\/es\/residenten\/mobilitaet-verkehr\/e-scooter-neues-register-und-versicherungspflicht-ab-2026-in-spanien\/\" >\n\t\t\t\tE-scooters: Nuevo registro y seguro obligatorio a partir de 2026 en Espa\u00f1a\t\t\t<\/a>\n\t\t<\/h3>\n\t\t\t\t<div class=\"elementor-post__excerpt\">\n\t\t\t<p>E-scooters en Mallorca: registro y seguro ahora obligatorios Los e-scooters en Mallorca deben estar registrados en el registro de la DGT. S\u00f3lo entonces<\/p>\n\t\t<\/div>\n\t\t\n\t\t<a class=\"elementor-post__read-more\" href=\"https:\/\/costablanca-magazin.com\/es\/residenten\/mobilitaet-verkehr\/e-scooter-neues-register-und-versicherungspflicht-ab-2026-in-spanien\/\" aria-label=\"M\u00e1s informaci\u00f3n sobre E-Scooter: Neues Register und Versicherungspflicht ab 2026 in Spanien\" tabindex=\"-1\" >\n\t\t\tLeer m\u00e1s \u00bb\t\t<\/a>\n\n\t\t\t\t<\/div>\n\t\t\t\t\t<\/div>\n\t\t<\/article>\n\t\t\t\t<article class=\"elementor-post elementor-grid-item post-8785 post type-post status-publish format-standard has-post-thumbnail hentry category-mobilitaet-verkehr tag-abschleppdienst-spanien tag-autopanne-costa-blanca tag-autopanne-spanien tag-panne-mietwagen-spanien tag-regeln-autopanne tag-sicherheit-autobahn-spanien tag-v16-led-leuchte tag-versicherungsservice-spanien\" role=\"listitem\">\n\t\t\t<div class=\"elementor-post__card\">\n\t\t\t\t<a class=\"elementor-post__thumbnail__link\" href=\"https:\/\/costablanca-magazin.com\/es\/residenten\/mobilitaet-verkehr\/costa-blanca-autopanne-regeln-risiken-hilfe\/\" tabindex=\"-1\" ><div class=\"elementor-post__thumbnail\"><img decoding=\"async\" width=\"800\" height=\"534\" src=\"https:\/\/costablanca-magazin.com\/wp-content\/uploads\/2025\/09\/woman-with-broken-car-and-triangle-2024-10-14-14-58-13-utc-1024x684.jpg\" class=\"attachment-large size-large wp-image-8807\" alt=\"Aver\u00eda del coche en la Costa Blanca: normas, riesgos y reacciones adecuadas\" srcset=\"https:\/\/costablanca-magazin.com\/wp-content\/uploads\/2025\/09\/woman-with-broken-car-and-triangle-2024-10-14-14-58-13-utc-1024x684.jpg 1024w, https:\/\/costablanca-magazin.com\/wp-content\/uploads\/2025\/09\/woman-with-broken-car-and-triangle-2024-10-14-14-58-13-utc-300x200.jpg 300w, https:\/\/costablanca-magazin.com\/wp-content\/uploads\/2025\/09\/woman-with-broken-car-and-triangle-2024-10-14-14-58-13-utc-768x513.jpg 768w, https:\/\/costablanca-magazin.com\/wp-content\/uploads\/2025\/09\/woman-with-broken-car-and-triangle-2024-10-14-14-58-13-utc.jpg 1200w\" sizes=\"(max-width: 800px) 100vw, 800px\" \/><\/div><\/a>\n\t\t\t\t<div class=\"elementor-post__badge\">Movilidad y transporte<\/div>\n\t\t\t\t<div class=\"elementor-post__avatar\">\n\t\t\t\t\t<\/div>\n\t\t\t\t<div class=\"elementor-post__text\">\n\t\t\t\t<h3 class=\"elementor-post__title\">\n\t\t\t<a href=\"https:\/\/costablanca-magazin.com\/es\/residenten\/mobilitaet-verkehr\/costa-blanca-autopanne-regeln-risiken-hilfe\/\" >\n\t\t\t\tCosta Blanca aver\u00eda del coche - normas, riesgos y ayuda\t\t\t<\/a>\n\t\t<\/h3>\n\t\t\t\t<div class=\"elementor-post__excerpt\">\n\t\t\t<p>Aver\u00eda de coche en la Costa Blanca - normas, riesgos y ayuda \u00bfAver\u00eda de coche en Espa\u00f1a? C\u00f3mo reaccionar correctamente: de las luces de aviso al servicio de gr\u00faa -<\/p>\n\t\t<\/div>\n\t\t\n\t\t<a class=\"elementor-post__read-more\" href=\"https:\/\/costablanca-magazin.com\/es\/residenten\/mobilitaet-verkehr\/costa-blanca-autopanne-regeln-risiken-hilfe\/\" aria-label=\"M\u00e1s informaci\u00f3n sobre Costa Blanca Autopanne &#8211; Regeln, Risiken &amp; Hilfe\" tabindex=\"-1\" >\n\t\t\tLeer m\u00e1s \u00bb\t\t<\/a>\n\n\t\t\t\t<\/div>\n\t\t\t\t\t<\/div>\n\t\t<\/article>\n\t\t\t\t<article class=\"elementor-post elementor-grid-item post-8461 post type-post status-publish format-standard has-post-thumbnail hentry category-mobilitaet-verkehr tag-dgt-fuehrerschein-umtausch tag-fuehrerschein-fristen-spanien tag-fuehrerschein-in-spanien tag-fuehrerschein-umtauschen-spanien tag-punktesystem-spanien tag-spanischer-fuehrerschein\" role=\"listitem\">\n\t\t\t<div class=\"elementor-post__card\">\n\t\t\t\t<a class=\"elementor-post__thumbnail__link\" href=\"https:\/\/costablanca-magazin.com\/es\/residenten\/mobilitaet-verkehr\/fuehrerschein-in-spanien-wer-umtauschen-muss-und-wie\/\" tabindex=\"-1\" ><div class=\"elementor-post__thumbnail\"><img loading=\"lazy\" decoding=\"async\" width=\"800\" height=\"534\" src=\"https:\/\/costablanca-magazin.com\/wp-content\/uploads\/2025\/08\/young-man-showing-driving-license-while-sitting-in-2025-01-25-02-07-19-utc-1024x683.jpg\" class=\"attachment-large size-large wp-image-8462\" alt=\"Permiso de conducir en Espa\u00f1a: qui\u00e9n debe canjearlo y c\u00f3mo funciona\" srcset=\"https:\/\/costablanca-magazin.com\/wp-content\/uploads\/2025\/08\/young-man-showing-driving-license-while-sitting-in-2025-01-25-02-07-19-utc-1024x683.jpg 1024w, https:\/\/costablanca-magazin.com\/wp-content\/uploads\/2025\/08\/young-man-showing-driving-license-while-sitting-in-2025-01-25-02-07-19-utc-300x200.jpg 300w, https:\/\/costablanca-magazin.com\/wp-content\/uploads\/2025\/08\/young-man-showing-driving-license-while-sitting-in-2025-01-25-02-07-19-utc-768x512.jpg 768w, https:\/\/costablanca-magazin.com\/wp-content\/uploads\/2025\/08\/young-man-showing-driving-license-while-sitting-in-2025-01-25-02-07-19-utc-1536x1024.jpg 1536w, https:\/\/costablanca-magazin.com\/wp-content\/uploads\/2025\/08\/young-man-showing-driving-license-while-sitting-in-2025-01-25-02-07-19-utc-2048x1365.jpg 2048w\" sizes=\"(max-width: 800px) 100vw, 800px\" \/><\/div><\/a>\n\t\t\t\t<div class=\"elementor-post__badge\">Movilidad y transporte<\/div>\n\t\t\t\t<div class=\"elementor-post__avatar\">\n\t\t\t\t\t<\/div>\n\t\t\t\t<div class=\"elementor-post__text\">\n\t\t\t\t<h3 class=\"elementor-post__title\">\n\t\t\t<a href=\"https:\/\/costablanca-magazin.com\/es\/residenten\/mobilitaet-verkehr\/fuehrerschein-in-spanien-wer-umtauschen-muss-und-wie\/\" >\n\t\t\t\tPermiso de conducir en Espa\u00f1a - Qui\u00e9n tiene que canjearlo y c\u00f3mo\t\t\t<\/a>\n\t\t<\/h3>\n\t\t\t\t<div class=\"elementor-post__excerpt\">\n\t\t\t<p>Permiso de conducir en Espa\u00f1a - Qui\u00e9n tiene que canjearlo y c\u00f3mo funciona Los residentes internacionales en Espa\u00f1a deben canjear su permiso de conducir en determinadas condiciones.<\/p>\n\t\t<\/div>\n\t\t\n\t\t<a class=\"elementor-post__read-more\" href=\"https:\/\/costablanca-magazin.com\/es\/residenten\/mobilitaet-verkehr\/fuehrerschein-in-spanien-wer-umtauschen-muss-und-wie\/\" aria-label=\"M\u00e1s informaci\u00f3n sobre F\u00fchrerschein in Spanien &#8211; Wer umtauschen muss und wie\" tabindex=\"-1\" >\n\t\t\tLeer m\u00e1s \u00bb\t\t<\/a>\n\n\t\t\t\t<\/div>\n\t\t\t\t\t<\/div>\n\t\t<\/article>\n\t\t\t\t<\/div>\n\t\t\n\t\t\t\t\t\t<\/div>\n\t\t\t\t<\/div>\n\t\t\t\t\t<\/div>\n\t\t\t\t<\/div>\n\t\t\t\t<\/div>","protected":false},"excerpt":{"rendered":"<p>Fahrzeugummeldung an der Costa Blanca \u2013 Ablauf, Kosten &amp; DGT-Termine Fahrzeug an der Costa Blanca ummelden: ITV, Zulassungssteuer, DGT Alicante und Kosten im \u00dcberblick. Leitfaden f\u00fcr Residenten in der Provinz Alicante. Wer seinen Wohnsitz an die Costa Blanca verlegt \u2013 ob nach D\u00e9nia, J\u00e1vea, Calpe, Benidorm oder La Zenia \u2013 muss auch das eigene Fahrzeug [&hellip;]<\/p>\n","protected":false},"author":3,"featured_media":10860,"comment_status":"closed","ping_status":"closed","sticky":false,"template":"elementor_header_footer","format":"standard","meta":{"om_disable_all_campaigns":false,"_monsterinsights_skip_tracking":false,"_monsterinsights_sitenote_active":false,"_monsterinsights_sitenote_note":"","_monsterinsights_sitenote_category":0,"footnotes":""},"categories":[19],"tags":[1657,1658,826,1656,1660,1659],"class_list":["post-10852","post","type-post","status-publish","format-standard","has-post-thumbnail","hentry","category-mobilitaet-verkehr","tag-auto-in-spanien-anmelden","tag-dgt-alicante","tag-fahrzeugummeldung-costa-blanca","tag-itv-spanien","tag-kfz-steuer-alicante","tag-zulassungssteuer-spanien"],"aioseo_notices":[],"_links":{"self":[{"href":"https:\/\/costablanca-magazin.com\/es\/wp-json\/wp\/v2\/posts\/10852","targetHints":{"allow":["GET"]}}],"collection":[{"href":"https:\/\/costablanca-magazin.com\/es\/wp-json\/wp\/v2\/posts"}],"about":[{"href":"https:\/\/costablanca-magazin.com\/es\/wp-json\/wp\/v2\/types\/post"}],"author":[{"embeddable":true,"href":"https:\/\/costablanca-magazin.com\/es\/wp-json\/wp\/v2\/users\/3"}],"replies":[{"embeddable":true,"href":"https:\/\/costablanca-magazin.com\/es\/wp-json\/wp\/v2\/comments?post=10852"}],"version-history":[{"count":22,"href":"https:\/\/costablanca-magazin.com\/es\/wp-json\/wp\/v2\/posts\/10852\/revisions"}],"predecessor-version":[{"id":11475,"href":"https:\/\/costablanca-magazin.com\/es\/wp-json\/wp\/v2\/posts\/10852\/revisions\/11475"}],"wp:featuredmedia":[{"embeddable":true,"href":"https:\/\/costablanca-magazin.com\/es\/wp-json\/wp\/v2\/media\/10860"}],"wp:attachment":[{"href":"https:\/\/costablanca-magazin.com\/es\/wp-json\/wp\/v2\/media?parent=10852"}],"wp:term":[{"taxonomy":"category","embeddable":true,"href":"https:\/\/costablanca-magazin.com\/es\/wp-json\/wp\/v2\/categories?post=10852"},{"taxonomy":"post_tag","embeddable":true,"href":"https:\/\/costablanca-magazin.com\/es\/wp-json\/wp\/v2\/tags?post=10852"}],"curies":[{"name":"wp","href":"https:\/\/api.w.org\/{rel}","templated":true}]}}