{"id":10837,"date":"2026-03-06T09:00:00","date_gmt":"2026-03-06T08:00:00","guid":{"rendered":"https:\/\/costablanca-magazin.com\/?p=10837"},"modified":"2026-04-30T07:29:10","modified_gmt":"2026-04-30T05:29:10","slug":"reclamar-correctamente-los-derechos-de-los-consumidores-en-la-costa-blanca","status":"publish","type":"post","link":"https:\/\/costablanca-magazin.com\/es\/residenten\/leben-in-spanien\/verbraucherrechte-an-der-costa-blanca-richtig-reklamieren\/","title":{"rendered":"Derechos del consumidor en la Costa Blanca - C\u00f3mo reclamar correctamente"},"content":{"rendered":"<div data-elementor-type=\"wp-post\" data-elementor-id=\"10837\" class=\"elementor elementor-10837\" data-elementor-post-type=\"post\">\n\t\t\t\t<div class=\"elementor-element elementor-element-f763cfe e-flex e-con-boxed e-con e-parent\" data-id=\"f763cfe\" data-element_type=\"container\" data-e-type=\"container\">\n\t\t\t\t\t<div class=\"e-con-inner\">\n\t\t\t\t<div class=\"elementor-element elementor-element-419c542 elementor-widget elementor-widget-heading\" data-id=\"419c542\" data-element_type=\"widget\" data-e-type=\"widget\" data-widget_type=\"heading.default\">\n\t\t\t\t<div class=\"elementor-widget-container\">\n\t\t\t\t\t<h1 class=\"elementor-heading-title elementor-size-default\">Derechos del consumidor en la Costa Blanca - C\u00f3mo reclamar correctamente<\/h1>\t\t\t\t<\/div>\n\t\t\t\t<\/div>\n\t\t\t\t<div class=\"elementor-element elementor-element-43e9bb3 elementor-widget elementor-widget-image\" data-id=\"43e9bb3\" data-element_type=\"widget\" data-e-type=\"widget\" data-widget_type=\"image.default\">\n\t\t\t\t<div class=\"elementor-widget-container\">\n\t\t\t\t\t\t\t\t\t\t\t\t\t\t\t<img decoding=\"async\" src=\"https:\/\/costablanca-magazin.com\/wp-content\/uploads\/elementor\/thumbs\/stressed-woman-experiencing-small-business-e-comme-2025-10-29-20-34-55-utc-e1772544143175-rjysnhoocq5kid296jzgy4xha5bx39648acnzo3o9g.jpg\" title=\"Derechos del consumidor en la Costa Blanca: reclamar correctamente\" alt=\"Derechos del consumidor en la Costa Blanca: reclamar correctamente\" loading=\"lazy\" \/>\t\t\t\t\t\t\t\t\t\t\t\t\t\t\t<\/div>\n\t\t\t\t<\/div>\n\t\t\t\t\t<\/div>\n\t\t\t\t<\/div>\n\t\t<div class=\"elementor-element elementor-element-5672d0a e-flex e-con-boxed e-con e-parent\" data-id=\"5672d0a\" data-element_type=\"container\" data-e-type=\"container\">\n\t\t\t\t\t<div class=\"e-con-inner\">\n\t\t\t\t<div class=\"elementor-element elementor-element-1395ff6 elementor-widget elementor-widget-heading\" data-id=\"1395ff6\" data-element_type=\"widget\" data-e-type=\"widget\" data-widget_type=\"heading.default\">\n\t\t\t\t<div class=\"elementor-widget-container\">\n\t\t\t\t\t<h2 class=\"elementor-heading-title elementor-size-default\">\u00bfQu\u00e9 hacer en caso de litigio con comerciantes o comerciantes en l\u00ednea? Derechos, Hoja de Reclamaciones y procedimientos en la Costa Blanca.<\/h2>\t\t\t\t<\/div>\n\t\t\t\t<\/div>\n\t\t\t\t\t<\/div>\n\t\t\t\t<\/div>\n\t\t<div class=\"elementor-element elementor-element-61d5011 e-flex e-con-boxed e-con e-parent\" data-id=\"61d5011\" data-element_type=\"container\" data-e-type=\"container\">\n\t\t\t\t\t<div class=\"e-con-inner\">\n\t\t<div class=\"elementor-element elementor-element-a0f73f7 e-con-full e-flex e-con e-child\" data-id=\"a0f73f7\" data-element_type=\"container\" data-e-type=\"container\">\n\t\t\t\t<div class=\"elementor-element elementor-element-b1f9a5b elementor-widget elementor-widget-text-editor\" data-id=\"b1f9a5b\" data-element_type=\"widget\" data-e-type=\"widget\" data-widget_type=\"text-editor.default\">\n\t\t\t\t<div class=\"elementor-widget-container\">\n\t\t\t\t\t\t\t\t\t<p>Se retrasa la renovaci\u00f3n, la factura final es bastante m\u00e1s alta de lo previsto <em>presupuesto<\/em> o un paquete por Internet nunca aparece: los conflictos por los derechos de los consumidores tambi\u00e9n forman parte de la vida cotidiana entre D\u00e9nia, Benidorm, Torrevieja y La Zenia. No todos los casos son fraude. A menudo se debe a una falta de acuerdos, a la presi\u00f3n del tiempo o a deficiencias organizativas. La clave est\u00e1 en actuar de forma estructurada y verificable.<\/p><p><strong>Documentaci\u00f3n: su salvaguardia m\u00e1s importante<br \/><\/strong>No hay acci\u00f3n sin recibos. Ahorra:<\/p><ul><li>estimaciones de costes por escrito (<em>presupuesto<\/em>)<\/li><li>Facturas (<em>VAT invoice<\/em>)<\/li><li>Justificante de pago<\/li><li>Historiales de correo electr\u00f3nico y chat<\/li><li>Fotos del estado de funcionamiento o defectos<\/li><\/ul><p>No se permiten desviaciones significativas del precio sin una base escrita. Se podr\u00e1 solicitar un desglose detallado. Los importes controvertidos pueden retenerse hasta que se aclaren.<br \/>Una empresa reputada tiene un <strong>N\u00famero de identificaci\u00f3n fiscal CIF<\/strong> y emite una factura adecuada en la que figura el IVA.<\/p><p><strong>Hoja de Reclamaciones: instrumento obligatorio en la regi\u00f3n<br \/><\/strong>En todo el <strong>Comunitat Valenciana<\/strong> - es decir, desde la Marina Alta hasta la Vega Baja - es el <em>Hoja de Reclamaciones<\/em> prescrito por la ley.<br \/>Toda empresa que venda bienes o servicios a los consumidores debe:<\/p><ul><li>disponen de formularios oficiales de reclamaci\u00f3n,<\/li><li>se\u00f1alarlo visiblemente,<\/li><li>entregarlos inmediatamente cuando se les solicite.<\/li><\/ul>\t\t\t\t\t\t\t\t<\/div>\n\t\t\t\t<\/div>\n\t\t\t\t<\/div>\n\t\t<div class=\"elementor-element elementor-element-b564163 e-con-full e-flex e-con e-child\" data-id=\"b564163\" data-element_type=\"container\" data-e-type=\"container\">\n\t\t\t\t<div class=\"elementor-element elementor-element-837a7d7 elementor-widget elementor-widget-text-editor\" data-id=\"837a7d7\" data-element_type=\"widget\" data-e-type=\"widget\" data-widget_type=\"text-editor.default\">\n\t\t\t\t<div class=\"elementor-widget-container\">\n\t\t\t\t\t\t\t\t\t<p>A continuaci\u00f3n, la denuncia se remite al <strong>OMIC (Oficina Municipal de Informaci\u00f3n al Consumidor)<\/strong> o directamente a la autoridad regional de protecci\u00f3n de los consumidores.<br \/>Si se niega a entregar los documentos, se trata de una infracci\u00f3n administrativa que puede ser sancionada.<\/p><p><strong>Compra en l\u00ednea: fijar un plazo, pago seguro<br \/><\/strong>Si una entrega no se materializa, hay que ponerse en contacto con el minorista por escrito y fijar un plazo claro para la entrega o el reembolso (normalmente siete d\u00edas).<br \/>Si no hay respuesta, se puede iniciar un procedimiento de devoluci\u00f3n de cargo a trav\u00e9s de los proveedores de tarjetas de cr\u00e9dito o de servicios de pago. En caso de sospecha de fraude, la Guardia Civil -en particular el departamento de ciberdelincuencia- aceptar\u00e1 denuncias.<\/p><p><strong>Visualizar como \u00faltimo paso<br \/><\/strong>Si fracasa un acuerdo extrajudicial, puede ser \u00fatil una denuncia ante la Polic\u00eda Local o la Guardia Civil, sobre todo para garantizar legalmente las reclamaciones de mayor cuant\u00eda.<\/p><p><strong>Prevenci\u00f3n en la vida cotidiana<\/strong><\/p><ul><li>No pague la totalidad por adelantado.<\/li><li>Compruebe las referencias, la direcci\u00f3n y el n\u00famero de identificaci\u00f3n fiscal.<\/li><li>Pague \u00fanicamente a trav\u00e9s de sitios web seguros (https).<\/li><li>Acuerda pagos a plazos.<\/li><li>Reclame los defectos por escrito en una fase temprana.<\/li><\/ul><p>Conclusi\u00f3n para la Costa Blanca: Si documenta correctamente, establece plazos y conoce la Hoja de Reclamaciones, se encuentra en terreno jur\u00eddicamente estable entre D\u00e9nia y La Zenia, ya sea para obras, servicios o transacciones en l\u00ednea.<\/p>\t\t\t\t\t\t\t\t<\/div>\n\t\t\t\t<\/div>\n\t\t\t\t<\/div>\n\t\t\t\t\t<\/div>\n\t\t\t\t<\/div>\n\t\t<div class=\"elementor-element elementor-element-3e934ea e-flex e-con-boxed e-con e-parent\" data-id=\"3e934ea\" data-element_type=\"container\" data-e-type=\"container\">\n\t\t\t\t\t<div class=\"e-con-inner\">\n\t\t\t\t<div class=\"elementor-element elementor-element-6a2b38e elementor-share-buttons--view-icon elementor-share-buttons--shape-rounded elementor-share-buttons--skin-gradient elementor-grid-0 elementor-share-buttons--color-official elementor-widget elementor-widget-share-buttons\" data-id=\"6a2b38e\" data-element_type=\"widget\" data-e-type=\"widget\" data-widget_type=\"share-buttons.default\">\n\t\t\t\t<div class=\"elementor-widget-container\">\n\t\t\t\t\t\t\t<div class=\"elementor-grid\" role=\"list\">\n\t\t\t\t\t\t\t\t<div class=\"elementor-grid-item\" role=\"listitem\">\n\t\t\t\t\t\t<div class=\"elementor-share-btn elementor-share-btn_facebook\" role=\"button\" tabindex=\"0\" aria-label=\"Compartir en facebook\">\n\t\t\t\t\t\t\t\t\t\t\t\t\t\t\t<span class=\"elementor-share-btn__icon\">\n\t\t\t\t\t\t\t\t<svg aria-hidden=\"true\" class=\"e-font-icon-svg e-fab-facebook\" viewbox=\"0 0 512 512\" xmlns=\"http:\/\/www.w3.org\/2000\/svg\"><path d=\"M504 256C504 119 393 8 256 8S8 119 8 256c0 123.78 90.69 226.38 209.25 245V327.69h-63V256h63v-54.64c0-62.15 37-96.48 93.67-96.48 27.14 0 55.52 4.84 55.52 4.84v61h-31.28c-30.8 0-40.41 19.12-40.41 38.73V256h68.78l-11 71.69h-57.78V501C413.31 482.38 504 379.78 504 256z\"><\/path><\/svg>\t\t\t\t\t\t\t<\/span>\n\t\t\t\t\t\t\t\t\t\t\t\t\t\t\t\t\t\t\t\t<\/div>\n\t\t\t\t\t<\/div>\n\t\t\t\t\t\t\t\t\t<div class=\"elementor-grid-item\" role=\"listitem\">\n\t\t\t\t\t\t<div class=\"elementor-share-btn elementor-share-btn_pinterest\" role=\"button\" tabindex=\"0\" aria-label=\"Compartir en pinterest\">\n\t\t\t\t\t\t\t\t\t\t\t\t\t\t\t<span class=\"elementor-share-btn__icon\">\n\t\t\t\t\t\t\t\t<svg aria-hidden=\"true\" class=\"e-font-icon-svg e-fab-pinterest\" viewbox=\"0 0 496 512\" xmlns=\"http:\/\/www.w3.org\/2000\/svg\"><path d=\"M496 256c0 137-111 248-248 248-25.6 0-50.2-3.9-73.4-11.1 10.1-16.5 25.2-43.5 30.8-65 3-11.6 15.4-59 15.4-59 8.1 15.4 31.7 28.5 56.8 28.5 74.8 0 128.7-68.8 128.7-154.3 0-81.9-66.9-143.2-152.9-143.2-107 0-163.9 71.8-163.9 150.1 0 36.4 19.4 81.7 50.3 96.1 4.7 2.2 7.2 1.2 8.3-3.3.8-3.4 5-20.3 6.9-28.1.6-2.5.3-4.7-1.7-7.1-10.1-12.5-18.3-35.3-18.3-56.6 0-54.7 41.4-107.6 112-107.6 60.9 0 103.6 41.5 103.6 100.9 0 67.1-33.9 113.6-78 113.6-24.3 0-42.6-20.1-36.7-44.8 7-29.5 20.5-61.3 20.5-82.6 0-19-10.2-34.9-31.4-34.9-24.9 0-44.9 25.7-44.9 60.2 0 22 7.4 36.8 7.4 36.8s-24.5 103.8-29 123.2c-5 21.4-3 51.6-.9 71.2C65.4 450.9 0 361.1 0 256 0 119 111 8 248 8s248 111 248 248z\"><\/path><\/svg>\t\t\t\t\t\t\t<\/span>\n\t\t\t\t\t\t\t\t\t\t\t\t\t\t\t\t\t\t\t\t<\/div>\n\t\t\t\t\t<\/div>\n\t\t\t\t\t\t\t\t\t<div class=\"elementor-grid-item\" role=\"listitem\">\n\t\t\t\t\t\t<div class=\"elementor-share-btn elementor-share-btn_x-twitter\" role=\"button\" tabindex=\"0\" aria-label=\"Compartir en x-twitter\">\n\t\t\t\t\t\t\t\t\t\t\t\t\t\t\t<span class=\"elementor-share-btn__icon\">\n\t\t\t\t\t\t\t\t<svg aria-hidden=\"true\" class=\"e-font-icon-svg e-fab-x-twitter\" viewbox=\"0 0 512 512\" xmlns=\"http:\/\/www.w3.org\/2000\/svg\"><path d=\"M389.2 48h70.6L305.6 224.2 487 464H345L233.7 318.6 106.5 464H35.8L200.7 275.5 26.8 48H172.4L272.9 180.9 389.2 48zM364.4 421.8h39.1L151.1 88h-42L364.4 421.8z\"><\/path><\/svg>\t\t\t\t\t\t\t<\/span>\n\t\t\t\t\t\t\t\t\t\t\t\t\t\t\t\t\t\t\t\t<\/div>\n\t\t\t\t\t<\/div>\n\t\t\t\t\t\t\t\t\t<div class=\"elementor-grid-item\" role=\"listitem\">\n\t\t\t\t\t\t<div class=\"elementor-share-btn elementor-share-btn_whatsapp\" role=\"button\" tabindex=\"0\" aria-label=\"Compartir en whatsapp\">\n\t\t\t\t\t\t\t\t\t\t\t\t\t\t\t<span class=\"elementor-share-btn__icon\">\n\t\t\t\t\t\t\t\t<svg aria-hidden=\"true\" class=\"e-font-icon-svg e-fab-whatsapp\" viewbox=\"0 0 448 512\" xmlns=\"http:\/\/www.w3.org\/2000\/svg\"><path d=\"M380.9 97.1C339 55.1 283.2 32 223.9 32c-122.4 0-222 99.6-222 222 0 39.1 10.2 77.3 29.6 111L0 480l117.7-30.9c32.4 17.7 68.9 27 106.1 27h.1c122.3 0 224.1-99.6 224.1-222 0-59.3-25.2-115-67.1-157zm-157 341.6c-33.2 0-65.7-8.9-94-25.7l-6.7-4-69.8 18.3L72 359.2l-4.4-7c-18.5-29.4-28.2-63.3-28.2-98.2 0-101.7 82.8-184.5 184.6-184.5 49.3 0 95.6 19.2 130.4 54.1 34.8 34.9 56.2 81.2 56.1 130.5 0 101.8-84.9 184.6-186.6 184.6zm101.2-138.2c-5.5-2.8-32.8-16.2-37.9-18-5.1-1.9-8.8-2.8-12.5 2.8-3.7 5.6-14.3 18-17.6 21.8-3.2 3.7-6.5 4.2-12 1.4-32.6-16.3-54-29.1-75.5-66-5.7-9.8 5.7-9.1 16.3-30.3 1.8-3.7.9-6.9-.5-9.7-1.4-2.8-12.5-30.1-17.1-41.2-4.5-10.8-9.1-9.3-12.5-9.5-3.2-.2-6.9-.2-10.6-.2-3.7 0-9.7 1.4-14.8 6.9-5.1 5.6-19.4 19-19.4 46.3 0 27.3 19.9 53.7 22.6 57.4 2.8 3.7 39.1 59.7 94.8 83.8 35.2 15.2 49 16.5 66.6 13.9 10.7-1.6 32.8-13.4 37.4-26.4 4.6-13 4.6-24.1 3.2-26.4-1.3-2.5-5-3.9-10.5-6.6z\"><\/path><\/svg>\t\t\t\t\t\t\t<\/span>\n\t\t\t\t\t\t\t\t\t\t\t\t\t\t\t\t\t\t\t\t<\/div>\n\t\t\t\t\t<\/div>\n\t\t\t\t\t\t\t\t\t<div class=\"elementor-grid-item\" role=\"listitem\">\n\t\t\t\t\t\t<div class=\"elementor-share-btn elementor-share-btn_email\" role=\"button\" tabindex=\"0\" aria-label=\"Compartir en email\">\n\t\t\t\t\t\t\t\t\t\t\t\t\t\t\t<span class=\"elementor-share-btn__icon\">\n\t\t\t\t\t\t\t\t<svg aria-hidden=\"true\" class=\"e-font-icon-svg e-fas-envelope\" viewbox=\"0 0 512 512\" xmlns=\"http:\/\/www.w3.org\/2000\/svg\"><path d=\"M502.3 190.8c3.9-3.1 9.7-.2 9.7 4.7V400c0 26.5-21.5 48-48 48H48c-26.5 0-48-21.5-48-48V195.6c0-5 5.7-7.8 9.7-4.7 22.4 17.4 52.1 39.5 154.1 113.6 21.1 15.4 56.7 47.8 92.2 47.6 35.7.3 72-32.8 92.3-47.6 102-74.1 131.6-96.3 154-113.7zM256 320c23.2.4 56.6-29.2 73.4-41.4 132.7-96.3 142.8-104.7 173.4-128.7 5.8-4.5 9.2-11.5 9.2-18.9v-19c0-26.5-21.5-48-48-48H48C21.5 64 0 85.5 0 112v19c0 7.4 3.4 14.3 9.2 18.9 30.6 23.9 40.7 32.4 173.4 128.7 16.8 12.2 50.2 41.8 73.4 41.4z\"><\/path><\/svg>\t\t\t\t\t\t\t<\/span>\n\t\t\t\t\t\t\t\t\t\t\t\t\t\t\t\t\t\t\t\t<\/div>\n\t\t\t\t\t<\/div>\n\t\t\t\t\t\t\t\t\t<div class=\"elementor-grid-item\" role=\"listitem\">\n\t\t\t\t\t\t<div class=\"elementor-share-btn elementor-share-btn_print\" role=\"button\" tabindex=\"0\" aria-label=\"Compartir en print\">\n\t\t\t\t\t\t\t\t\t\t\t\t\t\t\t<span class=\"elementor-share-btn__icon\">\n\t\t\t\t\t\t\t\t<svg aria-hidden=\"true\" class=\"e-font-icon-svg e-fas-print\" viewbox=\"0 0 512 512\" xmlns=\"http:\/\/www.w3.org\/2000\/svg\"><path d=\"M448 192V77.25c0-8.49-3.37-16.62-9.37-22.63L393.37 9.37c-6-6-14.14-9.37-22.63-9.37H96C78.33 0 64 14.33 64 32v160c-35.35 0-64 28.65-64 64v112c0 8.84 7.16 16 16 16h48v96c0 17.67 14.33 32 32 32h320c17.67 0 32-14.33 32-32v-96h48c8.84 0 16-7.16 16-16V256c0-35.35-28.65-64-64-64zm-64 256H128v-96h256v96zm0-224H128V64h192v48c0 8.84 7.16 16 16 16h48v96zm48 72c-13.25 0-24-10.75-24-24 0-13.26 10.75-24 24-24s24 10.74 24 24c0 13.25-10.75 24-24 24z\"><\/path><\/svg>\t\t\t\t\t\t\t<\/span>\n\t\t\t\t\t\t\t\t\t\t\t\t\t\t\t\t\t\t\t\t<\/div>\n\t\t\t\t\t<\/div>\n\t\t\t\t\t\t<\/div>\n\t\t\t\t\t\t<\/div>\n\t\t\t\t<\/div>\n\t\t\t\t<div class=\"elementor-element elementor-element-727f34d elementor-widget-divider--separator-type-pattern elementor-widget-divider--view-line elementor-widget elementor-widget-divider\" data-id=\"727f34d\" data-element_type=\"widget\" data-e-type=\"widget\" data-widget_type=\"divider.default\">\n\t\t\t\t<div class=\"elementor-widget-container\">\n\t\t\t\t\t\t\t<div class=\"elementor-divider\" style=\"--divider-pattern-url: url(&quot;data:image\/svg+xml,%3Csvg xmlns=&#039;http:\/\/www.w3.org\/2000\/svg&#039; preserveAspectRatio=&#039;none&#039; overflow=&#039;visible&#039; height=&#039;100%&#039; viewBox=&#039;0 0 24 24&#039; fill=&#039;none&#039; stroke=&#039;black&#039; stroke-width=&#039;1&#039; stroke-linecap=&#039;square&#039; stroke-miterlimit=&#039;10&#039;%3E%3Cpath d=&#039;M0,21c3.3,0,8.3-0.9,15.7-7.1c6.6-5.4,4.4-9.3,2.4-10.3c-3.4-1.8-7.7,1.3-7.3,8.8C11.2,20,17.1,21,24,21&#039;\/%3E%3C\/svg%3E&quot;);\">\n\t\t\t<span class=\"elementor-divider-separator\">\n\t\t\t\t\t\t<\/span>\n\t\t<\/div>\n\t\t\t\t\t\t<\/div>\n\t\t\t\t<\/div>\n\t\t\t\t<div class=\"elementor-element elementor-element-fbe522a elementor-grid-3 elementor-grid-tablet-2 elementor-grid-mobile-1 elementor-posts--thumbnail-top elementor-posts--show-avatar elementor-card-shadow-yes elementor-posts__hover-gradient elementor-widget elementor-widget-posts\" data-id=\"fbe522a\" data-element_type=\"widget\" data-e-type=\"widget\" data-settings=\"{&quot;cards_columns&quot;:&quot;3&quot;,&quot;cards_columns_tablet&quot;:&quot;2&quot;,&quot;cards_columns_mobile&quot;:&quot;1&quot;,&quot;cards_row_gap&quot;:{&quot;unit&quot;:&quot;px&quot;,&quot;size&quot;:35,&quot;sizes&quot;:[]},&quot;cards_row_gap_tablet&quot;:{&quot;unit&quot;:&quot;px&quot;,&quot;size&quot;:&quot;&quot;,&quot;sizes&quot;:[]},&quot;cards_row_gap_mobile&quot;:{&quot;unit&quot;:&quot;px&quot;,&quot;size&quot;:&quot;&quot;,&quot;sizes&quot;:[]}}\" data-widget_type=\"posts.cards\">\n\t\t\t\t<div class=\"elementor-widget-container\">\n\t\t\t\t\t\t\t<div class=\"elementor-posts-container elementor-posts elementor-posts--skin-cards elementor-grid\" role=\"list\">\n\t\t\t\t<article class=\"elementor-post elementor-grid-item post-10835 post type-post status-publish format-standard has-post-thumbnail hentry category-leben-in-spanien tag-denuncia-spanien tag-einbruch-costa-blanca tag-fahrzeugeinbruch-costa-blanca tag-guardia-civil-anzeige tag-policia-nacional-notruf tag-versicherung-einbruch-spanien\" role=\"listitem\">\n\t\t\t<div class=\"elementor-post__card\">\n\t\t\t\t<a class=\"elementor-post__thumbnail__link\" href=\"https:\/\/costablanca-magazin.com\/es\/residenten\/leben-in-spanien\/einbruch-costa-blanca-polizei-anzeige-und-versicherung\/\" tabindex=\"-1\" ><div class=\"elementor-post__thumbnail\"><img fetchpriority=\"high\" decoding=\"async\" width=\"2048\" height=\"1028\" src=\"https:\/\/costablanca-magazin.com\/wp-content\/uploads\/2026\/03\/bandit-in-balaclava-holding-a-crowbar-to-break-a-g-2024-12-07-19-25-35-utc-2048x1028.jpg\" class=\"attachment-2048x2048 size-2048x2048 wp-image-10839\" alt=\"Robo Costa Blanca: denuncia, llama a la polic\u00eda, avisa al seguro\" srcset=\"https:\/\/costablanca-magazin.com\/wp-content\/uploads\/2026\/03\/bandit-in-balaclava-holding-a-crowbar-to-break-a-g-2024-12-07-19-25-35-utc-2048x1028.jpg 2048w, https:\/\/costablanca-magazin.com\/wp-content\/uploads\/2026\/03\/bandit-in-balaclava-holding-a-crowbar-to-break-a-g-2024-12-07-19-25-35-utc-300x151.jpg 300w, https:\/\/costablanca-magazin.com\/wp-content\/uploads\/2026\/03\/bandit-in-balaclava-holding-a-crowbar-to-break-a-g-2024-12-07-19-25-35-utc-1024x514.jpg 1024w, https:\/\/costablanca-magazin.com\/wp-content\/uploads\/2026\/03\/bandit-in-balaclava-holding-a-crowbar-to-break-a-g-2024-12-07-19-25-35-utc-768x385.jpg 768w, https:\/\/costablanca-magazin.com\/wp-content\/uploads\/2026\/03\/bandit-in-balaclava-holding-a-crowbar-to-break-a-g-2024-12-07-19-25-35-utc-1536x771.jpg 1536w, https:\/\/costablanca-magazin.com\/wp-content\/uploads\/2026\/03\/bandit-in-balaclava-holding-a-crowbar-to-break-a-g-2024-12-07-19-25-35-utc-18x9.jpg 18w\" sizes=\"(max-width: 2048px) 100vw, 2048px\" \/><\/div><\/a>\n\t\t\t\t<div class=\"elementor-post__badge\">Vivir en Espa\u00f1a<\/div>\n\t\t\t\t<div class=\"elementor-post__avatar\">\n\t\t\t\t\t<\/div>\n\t\t\t\t<div class=\"elementor-post__text\">\n\t\t\t\t<h3 class=\"elementor-post__title\">\n\t\t\t<a href=\"https:\/\/costablanca-magazin.com\/es\/residenten\/leben-in-spanien\/einbruch-costa-blanca-polizei-anzeige-und-versicherung\/\" >\n\t\t\t\tRobo Costa Blanca - Polic\u00eda, denuncia y seguro\t\t\t<\/a>\n\t\t<\/h3>\n\t\t\t\t<\/div>\n\t\t\t\t\t<\/div>\n\t\t<\/article>\n\t\t\t\t<article class=\"elementor-post elementor-grid-item post-9925 post type-post status-publish format-standard has-post-thumbnail hentry category-leben-in-spanien tag-comunidad-de-propietarios tag-costa-blanca-immobilien tag-haftung-wasserschaden tag-tropfende-decke tag-versicherung-wasserschaden-spanien tag-wasserschaden-nachbar-spanien\" role=\"listitem\">\n\t\t\t<div class=\"elementor-post__card\">\n\t\t\t\t<a class=\"elementor-post__thumbnail__link\" href=\"https:\/\/costablanca-magazin.com\/es\/residenten\/leben-in-spanien\/wasserschaeden-durch-nachbarn-richtig-regeln\/\" tabindex=\"-1\" ><div class=\"elementor-post__thumbnail\"><img decoding=\"async\" width=\"2048\" height=\"1367\" src=\"https:\/\/costablanca-magazin.com\/wp-content\/uploads\/2025\/11\/girl-in-jeans-sitting-in-living-room-with-umbrella-2024-11-18-10-53-58-utc-2048x1367.jpg\" class=\"attachment-2048x2048 size-2048x2048 wp-image-9965\" alt=\"C\u00f3mo resolver correctamente los da\u00f1os causados por el agua por parte de los vecinos\" srcset=\"https:\/\/costablanca-magazin.com\/wp-content\/uploads\/2025\/11\/girl-in-jeans-sitting-in-living-room-with-umbrella-2024-11-18-10-53-58-utc-2048x1367.jpg 2048w, https:\/\/costablanca-magazin.com\/wp-content\/uploads\/2025\/11\/girl-in-jeans-sitting-in-living-room-with-umbrella-2024-11-18-10-53-58-utc-300x200.jpg 300w, https:\/\/costablanca-magazin.com\/wp-content\/uploads\/2025\/11\/girl-in-jeans-sitting-in-living-room-with-umbrella-2024-11-18-10-53-58-utc-1024x683.jpg 1024w, https:\/\/costablanca-magazin.com\/wp-content\/uploads\/2025\/11\/girl-in-jeans-sitting-in-living-room-with-umbrella-2024-11-18-10-53-58-utc-768x513.jpg 768w, https:\/\/costablanca-magazin.com\/wp-content\/uploads\/2025\/11\/girl-in-jeans-sitting-in-living-room-with-umbrella-2024-11-18-10-53-58-utc-1536x1025.jpg 1536w, https:\/\/costablanca-magazin.com\/wp-content\/uploads\/2025\/11\/girl-in-jeans-sitting-in-living-room-with-umbrella-2024-11-18-10-53-58-utc-18x12.jpg 18w\" sizes=\"(max-width: 2048px) 100vw, 2048px\" \/><\/div><\/a>\n\t\t\t\t<div class=\"elementor-post__badge\">Vivir en Espa\u00f1a<\/div>\n\t\t\t\t<div class=\"elementor-post__avatar\">\n\t\t\t\t\t<\/div>\n\t\t\t\t<div class=\"elementor-post__text\">\n\t\t\t\t<h3 class=\"elementor-post__title\">\n\t\t\t<a href=\"https:\/\/costablanca-magazin.com\/es\/residenten\/leben-in-spanien\/wasserschaeden-durch-nachbarn-richtig-regeln\/\" >\n\t\t\t\tC\u00f3mo resolver correctamente los da\u00f1os causados por el agua por parte de los vecinos\t\t\t<\/a>\n\t\t<\/h3>\n\t\t\t\t<\/div>\n\t\t\t\t\t<\/div>\n\t\t<\/article>\n\t\t\t\t<article class=\"elementor-post elementor-grid-item post-9513 post type-post status-publish format-standard has-post-thumbnail hentry category-leben-in-spanien tag-digitale-rechnungen-spanien tag-etias-2026 tag-immobilien-comunitat-valenciana tag-residenten-spanien-2026 tag-spanien-regeln-2026 tag-steuern-spanien-2026 tag-v16-warnleuchte-spanien\" role=\"listitem\">\n\t\t\t<div class=\"elementor-post__card\">\n\t\t\t\t<a class=\"elementor-post__thumbnail__link\" href=\"https:\/\/costablanca-magazin.com\/es\/residenten\/leben-in-spanien\/spanien-2026-wichtige-gesetzesaenderungen-fuer-residenten\/\" tabindex=\"-1\" ><div class=\"elementor-post__thumbnail\"><img decoding=\"async\" width=\"1200\" height=\"800\" src=\"https:\/\/costablanca-magazin.com\/wp-content\/uploads\/2025\/11\/young-and-senior-woman-holding-each-other-hands-an-2025-01-09-01-55-16-utc.jpg\" class=\"attachment-2048x2048 size-2048x2048 wp-image-9514\" alt=\"2026: nuevas normas, nuevas obligaciones: qu\u00e9 cambia para los residentes en Espa\u00f1a\" srcset=\"https:\/\/costablanca-magazin.com\/wp-content\/uploads\/2025\/11\/young-and-senior-woman-holding-each-other-hands-an-2025-01-09-01-55-16-utc.jpg 1200w, https:\/\/costablanca-magazin.com\/wp-content\/uploads\/2025\/11\/young-and-senior-woman-holding-each-other-hands-an-2025-01-09-01-55-16-utc-300x200.jpg 300w, https:\/\/costablanca-magazin.com\/wp-content\/uploads\/2025\/11\/young-and-senior-woman-holding-each-other-hands-an-2025-01-09-01-55-16-utc-1024x683.jpg 1024w, https:\/\/costablanca-magazin.com\/wp-content\/uploads\/2025\/11\/young-and-senior-woman-holding-each-other-hands-an-2025-01-09-01-55-16-utc-768x512.jpg 768w, https:\/\/costablanca-magazin.com\/wp-content\/uploads\/2025\/11\/young-and-senior-woman-holding-each-other-hands-an-2025-01-09-01-55-16-utc-18x12.jpg 18w\" sizes=\"(max-width: 1200px) 100vw, 1200px\" \/><\/div><\/a>\n\t\t\t\t<div class=\"elementor-post__badge\">Vivir en Espa\u00f1a<\/div>\n\t\t\t\t<div class=\"elementor-post__avatar\">\n\t\t\t\t\t<\/div>\n\t\t\t\t<div class=\"elementor-post__text\">\n\t\t\t\t<h3 class=\"elementor-post__title\">\n\t\t\t<a href=\"https:\/\/costablanca-magazin.com\/es\/residenten\/leben-in-spanien\/spanien-2026-wichtige-gesetzesaenderungen-fuer-residenten\/\" >\n\t\t\t\tEspa\u00f1a 2026 - Cambios jur\u00eddicos importantes para los residentes\t\t\t<\/a>\n\t\t<\/h3>\n\t\t\t\t<\/div>\n\t\t\t\t\t<\/div>\n\t\t<\/article>\n\t\t\t\t<article class=\"elementor-post elementor-grid-item post-9490 post type-post status-publish format-standard has-post-thumbnail hentry category-leben-in-spanien tag-agroboca tag-lokale-produzenten-marina-alta tag-mercat-del-riurau tag-nachhaltige-maerkte-spanien tag-nachhaltiger-konsum-denia tag-regional-einkaufen-costa-blanca tag-zero-waste-altea\" role=\"listitem\">\n\t\t\t<div class=\"elementor-post__card\">\n\t\t\t\t<a class=\"elementor-post__thumbnail__link\" href=\"https:\/\/costablanca-magazin.com\/es\/residenten\/leben-in-spanien\/nachhaltige-maerkte-manufakturen-an-der-costa-blanca\/\" tabindex=\"-1\" ><div class=\"elementor-post__thumbnail\"><img loading=\"lazy\" decoding=\"async\" width=\"1200\" height=\"800\" src=\"https:\/\/costablanca-magazin.com\/wp-content\/uploads\/2025\/11\/baskets-full-of-freshly-plucked-various-vegetables-2025-03-15-00-28-25-utc.jpg\" class=\"attachment-2048x2048 size-2048x2048 wp-image-9491\" alt=\"De Jes\u00fas Pobre a Altea: mercados regionales, tiendas sin envasar y cooperativas online cambian el comportamiento de compra entre la Marina Alta y la Baixa.\" srcset=\"https:\/\/costablanca-magazin.com\/wp-content\/uploads\/2025\/11\/baskets-full-of-freshly-plucked-various-vegetables-2025-03-15-00-28-25-utc.jpg 1200w, https:\/\/costablanca-magazin.com\/wp-content\/uploads\/2025\/11\/baskets-full-of-freshly-plucked-various-vegetables-2025-03-15-00-28-25-utc-300x200.jpg 300w, https:\/\/costablanca-magazin.com\/wp-content\/uploads\/2025\/11\/baskets-full-of-freshly-plucked-various-vegetables-2025-03-15-00-28-25-utc-1024x683.jpg 1024w, https:\/\/costablanca-magazin.com\/wp-content\/uploads\/2025\/11\/baskets-full-of-freshly-plucked-various-vegetables-2025-03-15-00-28-25-utc-768x512.jpg 768w, https:\/\/costablanca-magazin.com\/wp-content\/uploads\/2025\/11\/baskets-full-of-freshly-plucked-various-vegetables-2025-03-15-00-28-25-utc-18x12.jpg 18w\" sizes=\"(max-width: 1200px) 100vw, 1200px\" \/><\/div><\/a>\n\t\t\t\t<div class=\"elementor-post__badge\">Vivir en Espa\u00f1a<\/div>\n\t\t\t\t<div class=\"elementor-post__avatar\">\n\t\t\t\t\t<\/div>\n\t\t\t\t<div class=\"elementor-post__text\">\n\t\t\t\t<h3 class=\"elementor-post__title\">\n\t\t\t<a href=\"https:\/\/costablanca-magazin.com\/es\/residenten\/leben-in-spanien\/nachhaltige-maerkte-manufakturen-an-der-costa-blanca\/\" >\n\t\t\t\tMercados y f\u00e1bricas sostenibles en la Costa Blanca\t\t\t<\/a>\n\t\t<\/h3>\n\t\t\t\t<\/div>\n\t\t\t\t\t<\/div>\n\t\t<\/article>\n\t\t\t\t<article class=\"elementor-post elementor-grid-item post-9208 post type-post status-publish format-standard has-post-thumbnail hentry category-leben-in-spanien tag-doppelbesteuerungsabkommen-spanien tag-exit-tax-eu tag-exit-tax-spanien tag-unternehmer-umzug-spanien tag-wegzugsbesteuerung-2026 tag-wegzugsbesteuerung-spanien\" role=\"listitem\">\n\t\t\t<div class=\"elementor-post__card\">\n\t\t\t\t<a class=\"elementor-post__thumbnail__link\" href=\"https:\/\/costablanca-magazin.com\/es\/residenten\/leben-in-spanien\/wegzugsbesteuerung-spanien-2026-exit-tax-fuer-unternehmer\/\" tabindex=\"-1\" ><div class=\"elementor-post__thumbnail\"><img loading=\"lazy\" decoding=\"async\" width=\"1200\" height=\"800\" src=\"https:\/\/costablanca-magazin.com\/wp-content\/uploads\/2025\/10\/national-flag-of-spain-with-palm-tree-leaves-2024-12-16-05-32-23-utc.jpg\" class=\"attachment-2048x2048 size-2048x2048 wp-image-9210\" alt=\"Exit tax Spain 2026 - Impuesto de salida para emprendedores\" srcset=\"https:\/\/costablanca-magazin.com\/wp-content\/uploads\/2025\/10\/national-flag-of-spain-with-palm-tree-leaves-2024-12-16-05-32-23-utc.jpg 1200w, https:\/\/costablanca-magazin.com\/wp-content\/uploads\/2025\/10\/national-flag-of-spain-with-palm-tree-leaves-2024-12-16-05-32-23-utc-300x200.jpg 300w, https:\/\/costablanca-magazin.com\/wp-content\/uploads\/2025\/10\/national-flag-of-spain-with-palm-tree-leaves-2024-12-16-05-32-23-utc-1024x683.jpg 1024w, https:\/\/costablanca-magazin.com\/wp-content\/uploads\/2025\/10\/national-flag-of-spain-with-palm-tree-leaves-2024-12-16-05-32-23-utc-768x512.jpg 768w\" sizes=\"(max-width: 1200px) 100vw, 1200px\" \/><\/div><\/a>\n\t\t\t\t<div class=\"elementor-post__badge\">Vivir en Espa\u00f1a<\/div>\n\t\t\t\t<div class=\"elementor-post__avatar\">\n\t\t\t\t\t<\/div>\n\t\t\t\t<div class=\"elementor-post__text\">\n\t\t\t\t<h3 class=\"elementor-post__title\">\n\t\t\t<a href=\"https:\/\/costablanca-magazin.com\/es\/residenten\/leben-in-spanien\/wegzugsbesteuerung-spanien-2026-exit-tax-fuer-unternehmer\/\" >\n\t\t\t\tExit tax Spain 2026 - Impuesto de salida para emprendedores\t\t\t<\/a>\n\t\t<\/h3>\n\t\t\t\t<\/div>\n\t\t\t\t\t<\/div>\n\t\t<\/article>\n\t\t\t\t<article class=\"elementor-post elementor-grid-item post-9183 post type-post status-publish format-standard has-post-thumbnail hentry category-leben-in-spanien tag-deutsche-rentenversicherung-alicante tag-lebensbescheinigung-altea tag-lebensbescheinigung-costa-blanca tag-lebensbescheinigung-denia tag-lebensbescheinigung-residenten-spanien tag-rentenzahlung-ausland-nachweis tag-rentner-ausland-spanien\" role=\"listitem\">\n\t\t\t<div class=\"elementor-post__card\">\n\t\t\t\t<a class=\"elementor-post__thumbnail__link\" href=\"https:\/\/costablanca-magazin.com\/es\/residenten\/leben-in-spanien\/lebensbescheinigung-costa-blanca-so-gehts-fuer-rentner\/\" tabindex=\"-1\" ><div class=\"elementor-post__thumbnail\"><img loading=\"lazy\" decoding=\"async\" width=\"1200\" height=\"835\" src=\"https:\/\/costablanca-magazin.com\/wp-content\/uploads\/2025\/10\/three-students-are-sitting-in-front-of-computer-an-2025-10-10-12-18-29-utc.jpg\" class=\"attachment-2048x2048 size-2048x2048 wp-image-9188\" alt=\"Certificado de vida en la Costa Blanca\" srcset=\"https:\/\/costablanca-magazin.com\/wp-content\/uploads\/2025\/10\/three-students-are-sitting-in-front-of-computer-an-2025-10-10-12-18-29-utc.jpg 1200w, https:\/\/costablanca-magazin.com\/wp-content\/uploads\/2025\/10\/three-students-are-sitting-in-front-of-computer-an-2025-10-10-12-18-29-utc-300x209.jpg 300w, https:\/\/costablanca-magazin.com\/wp-content\/uploads\/2025\/10\/three-students-are-sitting-in-front-of-computer-an-2025-10-10-12-18-29-utc-1024x713.jpg 1024w, https:\/\/costablanca-magazin.com\/wp-content\/uploads\/2025\/10\/three-students-are-sitting-in-front-of-computer-an-2025-10-10-12-18-29-utc-768x534.jpg 768w\" sizes=\"(max-width: 1200px) 100vw, 1200px\" \/><\/div><\/a>\n\t\t\t\t<div class=\"elementor-post__badge\">Vivir en Espa\u00f1a<\/div>\n\t\t\t\t<div class=\"elementor-post__avatar\">\n\t\t\t\t\t<\/div>\n\t\t\t\t<div class=\"elementor-post__text\">\n\t\t\t\t<h3 class=\"elementor-post__title\">\n\t\t\t<a href=\"https:\/\/costablanca-magazin.com\/es\/residenten\/leben-in-spanien\/lebensbescheinigung-costa-blanca-so-gehts-fuer-rentner\/\" >\n\t\t\t\tCertificado de vida Costa Blanca - c\u00f3mo funciona para los pensionistas\t\t\t<\/a>\n\t\t<\/h3>\n\t\t\t\t<\/div>\n\t\t\t\t\t<\/div>\n\t\t<\/article>\n\t\t\t\t<\/div>\n\t\t\n\t\t\t\t\t\t<\/div>\n\t\t\t\t<\/div>\n\t\t\t\t\t<\/div>\n\t\t\t\t<\/div>\n\t\t\t\t<\/div>","protected":false},"excerpt":{"rendered":"<p>Derechos del consumidor en la Costa Blanca - Reclamar correctamente \u00bfQu\u00e9 hacer si tiene un conflicto con comerciantes o vendedores online? Derechos, Hoja de Reclamaciones<\/p>","protected":false},"author":3,"featured_media":10850,"comment_status":"closed","ping_status":"closed","sticky":false,"template":"elementor_header_footer","format":"standard","meta":{"om_disable_all_campaigns":false,"_monsterinsights_skip_tracking":false,"_monsterinsights_sitenote_active":false,"_monsterinsights_sitenote_note":"","_monsterinsights_sitenote_category":0,"footnotes":""},"categories":[15],"tags":[1650,1651,1654,1655,1652,1653,1649],"class_list":["post-10837","post","type-post","status-publish","format-standard","has-post-thumbnail","hentry","category-leben-in-spanien","tag-hoja-de-reclamaciones-valencia","tag-omic-valencia-beschwerde","tag-online-bestellung-spanien","tag-online-betrug-anzeige","tag-online-kauf-spanien-reklamation","tag-probleme-mit-handwerk-spanien","tag-verbraucherrechte-costa-blanca"],"aioseo_notices":[],"_links":{"self":[{"href":"https:\/\/costablanca-magazin.com\/es\/wp-json\/wp\/v2\/posts\/10837","targetHints":{"allow":["GET"]}}],"collection":[{"href":"https:\/\/costablanca-magazin.com\/es\/wp-json\/wp\/v2\/posts"}],"about":[{"href":"https:\/\/costablanca-magazin.com\/es\/wp-json\/wp\/v2\/types\/post"}],"author":[{"embeddable":true,"href":"https:\/\/costablanca-magazin.com\/es\/wp-json\/wp\/v2\/users\/3"}],"replies":[{"embeddable":true,"href":"https:\/\/costablanca-magazin.com\/es\/wp-json\/wp\/v2\/comments?post=10837"}],"version-history":[{"count":28,"href":"https:\/\/costablanca-magazin.com\/es\/wp-json\/wp\/v2\/posts\/10837\/revisions"}],"predecessor-version":[{"id":11478,"href":"https:\/\/costablanca-magazin.com\/es\/wp-json\/wp\/v2\/posts\/10837\/revisions\/11478"}],"wp:featuredmedia":[{"embeddable":true,"href":"https:\/\/costablanca-magazin.com\/es\/wp-json\/wp\/v2\/media\/10850"}],"wp:attachment":[{"href":"https:\/\/costablanca-magazin.com\/es\/wp-json\/wp\/v2\/media?parent=10837"}],"wp:term":[{"taxonomy":"category","embeddable":true,"href":"https:\/\/costablanca-magazin.com\/es\/wp-json\/wp\/v2\/categories?post=10837"},{"taxonomy":"post_tag","embeddable":true,"href":"https:\/\/costablanca-magazin.com\/es\/wp-json\/wp\/v2\/tags?post=10837"}],"curies":[{"name":"wp","href":"https:\/\/api.w.org\/{rel}","templated":true}]}}